{"id":140654,"date":"2021-04-19T15:40:02","date_gmt":"2021-04-19T18:40:02","guid":{"rendered":"https:\/\/www.suno.com.br\/noticias\/?p=140654"},"modified":"2021-04-19T15:41:11","modified_gmt":"2021-04-19T18:41:11","slug":"braskem-brkm5-alta-444-anuncio-venda-fatia","status":"publish","type":"post","link":"https:\/\/www.suno.com.br\/noticias\/braskem-brkm5-alta-444-anuncio-venda-fatia\/","title":{"rendered":"Braskem (BRKM5): a\u00e7\u00e3o tem alta de 4,44% ap\u00f3s an\u00fancio sobre venda de fatia"},"content":{"rendered":"<p>O papel da <a href=\"https:\/\/www.suno.com.br\/acoes\/brkm5\"><strong>Braskem<\/strong> (BRKM5)<\/a> subia cerca de 4,44% por volta das 15h21 desta segunda-feira (19) ap\u00f3s o an\u00fancio de que o Mubadala, fundo soberano dos Emirados \u00c1rabes Unidos, est\u00e1 conversando com a Novonor, antiga Odebrecht, em rela\u00e7\u00e3o \u00e0 aquisi\u00e7\u00e3o de sua fatia de 50,1% na petroqu\u00edmica.<\/p>\t<div class=\"wrapper-featured-image\">\n\t\t<figure class=\"spotlightImg\">\n\n\t\t\t<picture>\n\t\t\t\t<source media=\"(max-width: 768px)\" srcset=\"https:\/\/files.sunoresearch.com.br\/n\/uploads\/2021\/04\/f74bc067-whatsapp-image-2021-04-15-at-19.53.56-400x200.webp\">\n\t\t\t\t<img loading=\"lazy\" decoding=\"async\" class=\"newsContent__article__imgCapa lazyloadDisabled \" src=\"https:\/\/files.sunoresearch.com.br\/n\/uploads\/2021\/04\/f74bc067-whatsapp-image-2021-04-15-at-19.53.56-800x450.webp\" width=\"800\" height=\"450\" alt=\"Braskem (BRKM5): a\u00e7\u00e3o tem alta de 4,44% ap\u00f3s an\u00fancio sobre venda de fatia\" fetchpriority=high \/>\n\t\t\t<\/picture>\n\n\t\t\t<figcaption class=\"wp-caption-text wp-caption-text--show\">Braskem. Foto: Reprodu\u00e7\u00e3o Instagram<\/figcaption>\n\t\t<\/figure>\n\t<\/div>\n\n\n\t<p>\n\t\t<a href=\"https:\/\/lp.suno.com.br\/planilha-controle-gastos\/\" target=\"_blank\" data-element=\"shortcode-suno-banner\" title=\"Banner SUNO, clique e saiba mais\">\n\t\t\t<picture>\n\t\t\t\t<source media=\"(max-width: 500px)\" srcset=\"https:\/\/files.sunoresearch.com.br\/n\/uploads\/2023\/03\/400x300-Planilha-controle-de-gastos.png\">\n\t\t\t\t<img class=\"newsContent__article__imgCapa newsContent__article__imgCapa--banner\"\n\t\t\t\t\tsrc=\"https:\/\/files.sunoresearch.com.br\/n\/uploads\/2023\/03\/1420x240-Planilha-controle-de-gastos.png\"\n\t\t\t\t\tdata-promo-id=\"101751\"\t\t\t\t\t\t\t\t\t\twidth='1420' height='240'\t\t\t\t\talt=\"https:\/\/files.sunoresearch.com.br\/n\/uploads\/2023\/03\/1420x240-Planilha-controle-de-gastos.png\"\n\t\t\t\t>\n\t\t\t<\/picture>\n\t\t<\/a>\n\t<\/p>\n\n\n<p>A venda da fatia na Braskem \u00e9 parte do plano de\u00a0<a href=\"https:\/\/www.suno.com.br\/artigos\/recuperacao-judicial\/\"><strong>recupera\u00e7\u00e3o judicial<\/strong><\/a> da empreiteira, que tem at\u00e9 julho de 2023 para concretizar a opera\u00e7\u00e3o.<\/p>\n<p>A companhia mandatou o Morgan Stanley a reiniciar o processo de venda em agosto. <a href=\"https:\/\/www.suno.com.br\/noticias\/braskem-odebretch-processo-venda\/\">Clique aqui e veja mais sobre o assunto.<\/a><\/p>\n<p>De acordo com o jornal Estad\u00e3o, para Mubadala, que tamb\u00e9m negocia com a <a href=\"https:\/\/www.suno.com.br\/acoes\/petr4\/\">Petrobras (PETR4)<\/a> a compra da Refinaria Landulpho Alves (RLAM), a aquisi\u00e7\u00e3o da Braskem ocorreria em um momento positivo.<\/p>\n<p><a href=\"https:\/\/lp.suno.com.br\/suno-one\/\">Suno One: acesse gratuitamente eBooks, Minicursos, Artigos e V\u00eddeo Aulas sobre investimentos com um \u00fanico cadastro. Clique para saber mais!<\/a><\/p>\n<p>\u201cA Petrobras \u00e9 detentora do restante da Braskem e a impress\u00e3o de quem est\u00e1 pr\u00f3ximo da quest\u00e3o \u00e9 de que n\u00e3o deve se opor ao desinvestimento.\u201d<\/p>\n<p>Al\u00e9m disso, o jornal informou que a holandesa LyondellBasell tamb\u00e9m deve retomar as negocia\u00e7\u00f5es pela participa\u00e7\u00e3o da Novonor na petroqu\u00edmica, ap\u00f3s ter desistido em 2019 em &#8220;por conta dos problemas com o acidente em Macei\u00f3.\u201d<\/p>\n<h2>Braskem investe R$ 430 milh\u00f5es na manuten\u00e7\u00e3o de suas unidades do Grande ABC<\/h2>\n<p>A petroqu\u00edmica paralisou no dia 5 de abril uma parte de sua opera\u00e7\u00e3o no Polo Petroqu\u00edmico do Grande ABC (SP). O objetivo \u00e9 fazer a manuten\u00e7\u00e3o da planta de Qu\u00edmicos e Polietilenos (Q3 CK, Q3 IN e PE7).<\/p>\n<p>A Braskem informou que a medida estava sendo planejada h\u00e1 cerca de dois anos e que investir\u00e1 mais de R$ 430 milh\u00f5es em cerca de 40 projetos de melhorias e manuten\u00e7\u00e3o do complexo.<\/p>\n\t<div data-element=\"shortcode-read-more\" class=\"knowMore\">\n\t\t\t\t<span class=\"knowMore__title\">Leia tamb\u00e9m<\/span>\n\t\t\t\t<a class=\"knowMore__link\" href=\"https:\/\/www.suno.com.br\/noticias\/braskem-brkm5-apolice-300-mi-maceio\/\">\n\t\t\tBraskem (BRKM5) negocia  com seguradoras ap\u00f3lice de US$ 300 milh\u00f5es para problema de Alagoas\t\t<\/a>\n\t<\/div>\n\n\n<p>A petroqu\u00edmica diz que nesse per\u00edodo modernizar\u00e1 o sistema el\u00e9trico que atende \u00e0 central petroqu\u00edmica Q 3 CK. O projeto prev\u00ea a troca de turbinas \u00e0 base de vapor por motores el\u00e9tricos de alto rendimento, suportados por uma nova unidade de cogera\u00e7\u00e3o de energia alimentada por g\u00e1s residual do processo de produ\u00e7\u00e3o petroqu\u00edmica.<\/p>\n\t<p>\n\t\t<a href=\"https:\/\/lp.suno.com.br\/planilha-da-vida-financeira\/\" target=\"_blank\" data-element=\"shortcode-suno-banner\" title=\"Banner SUNO, clique e saiba mais\">\n\t\t\t<picture>\n\t\t\t\t<source media=\"(max-width: 500px)\" srcset=\"https:\/\/files.sunoresearch.com.br\/n\/uploads\/2023\/04\/400x300-Planilha-vida-financeira-true.png\">\n\t\t\t\t<img class=\"newsContent__article__imgCapa newsContent__article__imgCapa--banner\"\n\t\t\t\t\tsrc=\"https:\/\/files.sunoresearch.com.br\/n\/uploads\/2023\/04\/1420x240-Planilha-vida-financeira-true.png\"\n\t\t\t\t\tdata-promo-id=\"106682\"\t\t\t\t\t\t\t\t\t\twidth='1420' height='240'\t\t\t\t\talt=\"https:\/\/files.sunoresearch.com.br\/n\/uploads\/2023\/04\/1420x240-Planilha-vida-financeira-true.png\"\n\t\t\t\t>\n\t\t\t<\/picture>\n\t\t<\/a>\n\t<\/p>\n\n\n<p>Segundo a empresa, essa mudan\u00e7a estrutural permitir\u00e1 que o processo produtivo da f\u00e1brica se torne energeticamente mais eficiente, com redu\u00e7\u00e3o no consumo de energia estimada ao equivalente gasto por uma cidade com um milh\u00e3o de habitantes.<\/p>\n<p>A <strong>Braskem<\/strong> afirma que para n\u00e3o causar impactos no fornecimento de produtos, planejou o aumento de seu estoque.<\/p>\n\t<p>\n\t\t<a href=\"https:\/\/lp.suno.com.br\/planilha-de-controle-de-investimentos\/\" target=\"_blank\" data-element=\"shortcode-suno-banner\" title=\"Banner SUNO, clique e saiba mais\">\n\t\t\t<picture>\n\t\t\t\t<source media=\"(max-width: 500px)\" srcset=\"https:\/\/files.sunoresearch.com.br\/n\/uploads\/2023\/03\/400x300-Controle-de-Investimentos.png\">\n\t\t\t\t<img class=\"newsContent__article__imgCapa newsContent__article__imgCapa--banner\"\n\t\t\t\t\tsrc=\"https:\/\/files.sunoresearch.com.br\/n\/uploads\/2023\/03\/1420x240-Controle-de-Investimentos.png\"\n\t\t\t\t\tdata-promo-id=\"75934\"\t\t\t\t\t\t\t\t\t\twidth='1420' height='240'\t\t\t\t\talt=\"https:\/\/files.sunoresearch.com.br\/n\/uploads\/2023\/03\/1420x240-Controle-de-Investimentos.png\"\n\t\t\t\t>\n\t\t\t<\/picture>\n\t\t<\/a>\n\t<\/p>\n\n\n<p>&nbsp;<\/p>\n","protected":false},"excerpt":{"rendered":"<p>O papel da Braskem (BRKM5) subia cerca de 4,44% por volta das 15h21 desta segunda-feira (19) ap\u00f3s o an\u00fancio de que o Mubadala, fundo soberano dos Emirados \u00c1rabes Unidos, est\u00e1 conversando com a Novonor, antiga Odebrecht, em rela\u00e7\u00e3o \u00e0 aquisi\u00e7\u00e3o de sua fatia de 50,1% na petroqu\u00edmica. Braskem. Foto: Reprodu\u00e7\u00e3o Instagram A venda da fatia [&hellip;]<\/p>\n","protected":false},"author":56,"featured_media":139981,"comment_status":"closed","ping_status":"closed","sticky":false,"template":"","format":"standard","meta":[],"categories":[64],"tags":[395],"suno_strategy":[],"class_list":["post-140654","post","type-post","status-publish","format-standard","has-post-thumbnail","hentry","category-negocios","tag-braskem-brkm3-brkm5-brkm6"],"yoast_head":"<!-- This site is optimized with the Yoast SEO plugin v24.4 - https:\/\/yoast.com\/wordpress\/plugins\/seo\/ -->\n<title>Braskem (BRKM5): a\u00e7\u00e3o tem alta de 4,44% ap\u00f3s an\u00fancio sobre venda de fatia<\/title>\n<meta name=\"description\" content=\"A a\u00e7\u00e3o da Braskem (BRKM5) subia cerca de 4,44% por volta das 15h21 desta segunda-feira (19), aos R$ 52,20. Clique aqui para saber mais.\" \/>\n<meta name=\"robots\" content=\"index, follow, max-snippet:-1, max-image-preview:large, max-video-preview:-1\" \/>\n<link rel=\"canonical\" href=\"https:\/\/www.suno.com.br\/noticias\/braskem-brkm5-alta-444-anuncio-venda-fatia\/\" \/>\n<meta property=\"og:locale\" content=\"pt_BR\" \/>\n<meta property=\"og:type\" content=\"article\" \/>\n<meta property=\"og:title\" content=\"Braskem (BRKM5): a\u00e7\u00e3o tem alta de 4,44% ap\u00f3s an\u00fancio sobre venda de fatia\" \/>\n<meta property=\"og:description\" content=\"A a\u00e7\u00e3o da Braskem (BRKM5) subia cerca de 4,44% por volta das 15h21 desta segunda-feira (19), aos R$ 52,20. Clique aqui para saber mais.\" \/>\n<meta property=\"og:url\" content=\"https:\/\/www.suno.com.br\/noticias\/braskem-brkm5-alta-444-anuncio-venda-fatia\/\" \/>\n<meta property=\"og:site_name\" content=\"Suno Not\u00edcias\" \/>\n<meta property=\"article:publisher\" content=\"https:\/\/facebook.com\/sunoresearch\" \/>\n<meta property=\"og:image\" content=\"https:\/\/files.sunoresearch.com.br\/n\/uploads\/2021\/04\/f74bc067-whatsapp-image-2021-04-15-at-19.53.56.jpg\" \/>\n\t<meta property=\"og:image:width\" content=\"1200\" \/>\n\t<meta property=\"og:image:height\" content=\"977\" \/>\n\t<meta property=\"og:image:type\" content=\"image\/jpeg\" \/>\n<meta name=\"author\" content=\"Rafaela La Regina\" \/>\n<meta name=\"twitter:card\" content=\"summary_large_image\" \/>\n<meta name=\"twitter:creator\" content=\"@sunoresearch\" \/>\n<meta name=\"twitter:site\" content=\"@sunoresearch\" \/>\n<meta name=\"twitter:label1\" content=\"Escrito por\" \/>\n\t<meta name=\"twitter:data1\" content=\"Rafaela La Regina\" \/>\n\t<meta name=\"twitter:label2\" content=\"Est. tempo de leitura\" \/>\n\t<meta name=\"twitter:data2\" content=\"2 minutos\" \/>\n<script type=\"application\/ld+json\" class=\"yoast-schema-graph\">{\"@context\":\"https:\/\/schema.org\",\"@graph\":[{\"@type\":\"NewsArticle\",\"@id\":\"https:\/\/www.suno.com.br\/noticias\/braskem-brkm5-alta-444-anuncio-venda-fatia\/#article\",\"isPartOf\":{\"@id\":\"https:\/\/www.suno.com.br\/noticias\/braskem-brkm5-alta-444-anuncio-venda-fatia\/\"},\"author\":{\"name\":\"Rafaela La Regina\",\"@id\":\"https:\/\/www.suno.com.br\/noticias\/#\/schema\/person\/e672ca8cea627fe715fa29bca7da95e0\"},\"headline\":\"Braskem (BRKM5): a\u00e7\u00e3o tem alta de 4,44% ap\u00f3s an\u00fancio sobre venda de fatia\",\"datePublished\":\"2021-04-19T18:40:02+00:00\",\"dateModified\":\"2021-04-19T18:41:11+00:00\",\"mainEntityOfPage\":{\"@id\":\"https:\/\/www.suno.com.br\/noticias\/braskem-brkm5-alta-444-anuncio-venda-fatia\/\"},\"wordCount\":457,\"publisher\":{\"@id\":\"https:\/\/www.suno.com.br\/noticias\/#organization\"},\"image\":{\"@id\":\"https:\/\/www.suno.com.br\/noticias\/braskem-brkm5-alta-444-anuncio-venda-fatia\/#primaryimage\"},\"thumbnailUrl\":\"https:\/\/files.sunoresearch.com.br\/n\/uploads\/2021\/04\/f74bc067-whatsapp-image-2021-04-15-at-19.53.56-jpg.webp\",\"keywords\":[\"Braskem (BRKM3\/BRKM5\/BRKM6)\"],\"articleSection\":[\"Neg\u00f3cios\"],\"inLanguage\":\"pt-BR\"},{\"@type\":\"WebPage\",\"@id\":\"https:\/\/www.suno.com.br\/noticias\/braskem-brkm5-alta-444-anuncio-venda-fatia\/\",\"url\":\"https:\/\/www.suno.com.br\/noticias\/braskem-brkm5-alta-444-anuncio-venda-fatia\/\",\"name\":\"Braskem (BRKM5): a\u00e7\u00e3o tem alta de 4,44% ap\u00f3s an\u00fancio sobre venda de fatia\",\"isPartOf\":{\"@id\":\"https:\/\/www.suno.com.br\/noticias\/#website\"},\"primaryImageOfPage\":{\"@id\":\"https:\/\/www.suno.com.br\/noticias\/braskem-brkm5-alta-444-anuncio-venda-fatia\/#primaryimage\"},\"image\":{\"@id\":\"https:\/\/www.suno.com.br\/noticias\/braskem-brkm5-alta-444-anuncio-venda-fatia\/#primaryimage\"},\"thumbnailUrl\":\"https:\/\/files.sunoresearch.com.br\/n\/uploads\/2021\/04\/f74bc067-whatsapp-image-2021-04-15-at-19.53.56-jpg.webp\",\"datePublished\":\"2021-04-19T18:40:02+00:00\",\"dateModified\":\"2021-04-19T18:41:11+00:00\",\"description\":\"A a\u00e7\u00e3o da Braskem (BRKM5) subia cerca de 4,44% por volta das 15h21 desta segunda-feira (19), aos R$ 52,20. Clique aqui para saber mais.\",\"breadcrumb\":{\"@id\":\"https:\/\/www.suno.com.br\/noticias\/braskem-brkm5-alta-444-anuncio-venda-fatia\/#breadcrumb\"},\"inLanguage\":\"pt-BR\",\"potentialAction\":[{\"@type\":\"ReadAction\",\"target\":[\"https:\/\/www.suno.com.br\/noticias\/braskem-brkm5-alta-444-anuncio-venda-fatia\/\"]}]},{\"@type\":\"ImageObject\",\"inLanguage\":\"pt-BR\",\"@id\":\"https:\/\/www.suno.com.br\/noticias\/braskem-brkm5-alta-444-anuncio-venda-fatia\/#primaryimage\",\"url\":\"https:\/\/files.sunoresearch.com.br\/n\/uploads\/2021\/04\/f74bc067-whatsapp-image-2021-04-15-at-19.53.56-jpg.webp\",\"contentUrl\":\"https:\/\/files.sunoresearch.com.br\/n\/uploads\/2021\/04\/f74bc067-whatsapp-image-2021-04-15-at-19.53.56-jpg.webp\",\"width\":1200,\"height\":977,\"caption\":\"Braskem. Foto: Reprodu\u00e7\u00e3o Instagram\"},{\"@type\":\"BreadcrumbList\",\"@id\":\"https:\/\/www.suno.com.br\/noticias\/braskem-brkm5-alta-444-anuncio-venda-fatia\/#breadcrumb\",\"itemListElement\":[{\"@type\":\"ListItem\",\"position\":1,\"name\":\"Not\u00edcias\",\"item\":\"https:\/\/www.suno.com.br\/noticias\/\"},{\"@type\":\"ListItem\",\"position\":2,\"name\":\"Neg\u00f3cios\",\"item\":\"https:\/\/www.suno.com.br\/noticias\/negocios\/\"},{\"@type\":\"ListItem\",\"position\":3,\"name\":\"Braskem (BRKM5): a\u00e7\u00e3o tem alta de 4,44% ap\u00f3s an\u00fancio sobre venda de fatia\"}]},{\"@type\":\"WebSite\",\"@id\":\"https:\/\/www.suno.com.br\/noticias\/#website\",\"url\":\"https:\/\/www.suno.com.br\/noticias\/\",\"name\":\"Suno Not\u00edcias\",\"description\":\"Seu portal de informa\u00e7\u00e3o sobre o mundo dos investimentos\",\"publisher\":{\"@id\":\"https:\/\/www.suno.com.br\/noticias\/#organization\"},\"potentialAction\":[{\"@type\":\"SearchAction\",\"target\":{\"@type\":\"EntryPoint\",\"urlTemplate\":\"https:\/\/www.suno.com.br\/noticias\/?s={search_term_string}\"},\"query-input\":{\"@type\":\"PropertyValueSpecification\",\"valueRequired\":true,\"valueName\":\"search_term_string\"}}],\"inLanguage\":\"pt-BR\"},{\"@type\":\"Organization\",\"@id\":\"https:\/\/www.suno.com.br\/noticias\/#organization\",\"name\":\"Suno Not\u00edcias\",\"url\":\"https:\/\/www.suno.com.br\/noticias\/\",\"logo\":{\"@type\":\"ImageObject\",\"inLanguage\":\"pt-BR\",\"@id\":\"https:\/\/www.suno.com.br\/noticias\/#\/schema\/logo\/image\/\",\"url\":\"https:\/\/files.sunoresearch.com.br\/n\/uploads\/2021\/09\/suno-logo.png\",\"contentUrl\":\"https:\/\/files.sunoresearch.com.br\/n\/uploads\/2021\/09\/suno-logo.png\",\"width\":180,\"height\":180,\"caption\":\"Suno Not\u00edcias\"},\"image\":{\"@id\":\"https:\/\/www.suno.com.br\/noticias\/#\/schema\/logo\/image\/\"},\"sameAs\":[\"https:\/\/facebook.com\/sunoresearch\",\"https:\/\/x.com\/sunoresearch\",\"https:\/\/www.instagram.com\/suno\",\"https:\/\/www.linkedin.com\/company\/suno-research\/\",\"https:\/\/www.youtube.com\/c\/sunoresearch\"]},{\"@type\":\"Person\",\"@id\":\"https:\/\/www.suno.com.br\/noticias\/#\/schema\/person\/e672ca8cea627fe715fa29bca7da95e0\",\"name\":\"Rafaela La Regina\",\"image\":{\"@type\":\"ImageObject\",\"inLanguage\":\"pt-BR\",\"@id\":\"https:\/\/www.suno.com.br\/noticias\/#\/schema\/person\/image\/\",\"url\":\"https:\/\/secure.gravatar.com\/avatar\/d2c75a52d243deb93d0465fdcb21bd37?s=96&r=g\",\"contentUrl\":\"https:\/\/secure.gravatar.com\/avatar\/d2c75a52d243deb93d0465fdcb21bd37?s=96&r=g\",\"caption\":\"Rafaela La Regina\"},\"description\":\"Estagi\u00e1ria no Suno Not\u00edcias. Escreve sobre economia, pol\u00edtica e neg\u00f3cios. Estuda Rela\u00e7\u00f5es Internacionais no IBMEC-SP.\",\"url\":\"https:\/\/www.suno.com.br\/noticias\/author\/rafaela-la-regina\/\"}]}<\/script>\n<!-- \/ Yoast SEO plugin. -->","yoast_head_json":{"title":"Braskem (BRKM5): a\u00e7\u00e3o tem alta de 4,44% ap\u00f3s an\u00fancio sobre venda de fatia","description":"A a\u00e7\u00e3o da Braskem (BRKM5) subia cerca de 4,44% por volta das 15h21 desta segunda-feira (19), aos R$ 52,20. Clique aqui para saber mais.","robots":{"index":"index","follow":"follow","max-snippet":"max-snippet:-1","max-image-preview":"max-image-preview:large","max-video-preview":"max-video-preview:-1"},"canonical":"https:\/\/www.suno.com.br\/noticias\/braskem-brkm5-alta-444-anuncio-venda-fatia\/","og_locale":"pt_BR","og_type":"article","og_title":"Braskem (BRKM5): a\u00e7\u00e3o tem alta de 4,44% ap\u00f3s an\u00fancio sobre venda de fatia","og_description":"A a\u00e7\u00e3o da Braskem (BRKM5) subia cerca de 4,44% por volta das 15h21 desta segunda-feira (19), aos R$ 52,20. Clique aqui para saber mais.","og_url":"https:\/\/www.suno.com.br\/noticias\/braskem-brkm5-alta-444-anuncio-venda-fatia\/","og_site_name":"Suno Not\u00edcias","article_publisher":"https:\/\/facebook.com\/sunoresearch","og_image":[{"width":1200,"height":977,"url":"https:\/\/files.sunoresearch.com.br\/n\/uploads\/2021\/04\/f74bc067-whatsapp-image-2021-04-15-at-19.53.56.jpg","type":"image\/jpeg"}],"author":"Rafaela La Regina","twitter_card":"summary_large_image","twitter_creator":"@sunoresearch","twitter_site":"@sunoresearch","twitter_misc":{"Escrito por":"Rafaela La Regina","Est. tempo de leitura":"2 minutos"},"schema":{"@context":"https:\/\/schema.org","@graph":[{"@type":"NewsArticle","@id":"https:\/\/www.suno.com.br\/noticias\/braskem-brkm5-alta-444-anuncio-venda-fatia\/#article","isPartOf":{"@id":"https:\/\/www.suno.com.br\/noticias\/braskem-brkm5-alta-444-anuncio-venda-fatia\/"},"author":{"name":"Rafaela La Regina","@id":"https:\/\/www.suno.com.br\/noticias\/#\/schema\/person\/e672ca8cea627fe715fa29bca7da95e0"},"headline":"Braskem (BRKM5): a\u00e7\u00e3o tem alta de 4,44% ap\u00f3s an\u00fancio sobre venda de fatia","datePublished":"2021-04-19T18:40:02+00:00","dateModified":"2021-04-19T18:41:11+00:00","mainEntityOfPage":{"@id":"https:\/\/www.suno.com.br\/noticias\/braskem-brkm5-alta-444-anuncio-venda-fatia\/"},"wordCount":457,"publisher":{"@id":"https:\/\/www.suno.com.br\/noticias\/#organization"},"image":{"@id":"https:\/\/www.suno.com.br\/noticias\/braskem-brkm5-alta-444-anuncio-venda-fatia\/#primaryimage"},"thumbnailUrl":"https:\/\/files.sunoresearch.com.br\/n\/uploads\/2021\/04\/f74bc067-whatsapp-image-2021-04-15-at-19.53.56-jpg.webp","keywords":["Braskem (BRKM3\/BRKM5\/BRKM6)"],"articleSection":["Neg\u00f3cios"],"inLanguage":"pt-BR"},{"@type":"WebPage","@id":"https:\/\/www.suno.com.br\/noticias\/braskem-brkm5-alta-444-anuncio-venda-fatia\/","url":"https:\/\/www.suno.com.br\/noticias\/braskem-brkm5-alta-444-anuncio-venda-fatia\/","name":"Braskem (BRKM5): a\u00e7\u00e3o tem alta de 4,44% ap\u00f3s an\u00fancio sobre venda de fatia","isPartOf":{"@id":"https:\/\/www.suno.com.br\/noticias\/#website"},"primaryImageOfPage":{"@id":"https:\/\/www.suno.com.br\/noticias\/braskem-brkm5-alta-444-anuncio-venda-fatia\/#primaryimage"},"image":{"@id":"https:\/\/www.suno.com.br\/noticias\/braskem-brkm5-alta-444-anuncio-venda-fatia\/#primaryimage"},"thumbnailUrl":"https:\/\/files.sunoresearch.com.br\/n\/uploads\/2021\/04\/f74bc067-whatsapp-image-2021-04-15-at-19.53.56-jpg.webp","datePublished":"2021-04-19T18:40:02+00:00","dateModified":"2021-04-19T18:41:11+00:00","description":"A a\u00e7\u00e3o da Braskem (BRKM5) subia cerca de 4,44% por volta das 15h21 desta segunda-feira (19), aos R$ 52,20. Clique aqui para saber mais.","breadcrumb":{"@id":"https:\/\/www.suno.com.br\/noticias\/braskem-brkm5-alta-444-anuncio-venda-fatia\/#breadcrumb"},"inLanguage":"pt-BR","potentialAction":[{"@type":"ReadAction","target":["https:\/\/www.suno.com.br\/noticias\/braskem-brkm5-alta-444-anuncio-venda-fatia\/"]}]},{"@type":"ImageObject","inLanguage":"pt-BR","@id":"https:\/\/www.suno.com.br\/noticias\/braskem-brkm5-alta-444-anuncio-venda-fatia\/#primaryimage","url":"https:\/\/files.sunoresearch.com.br\/n\/uploads\/2021\/04\/f74bc067-whatsapp-image-2021-04-15-at-19.53.56-jpg.webp","contentUrl":"https:\/\/files.sunoresearch.com.br\/n\/uploads\/2021\/04\/f74bc067-whatsapp-image-2021-04-15-at-19.53.56-jpg.webp","width":1200,"height":977,"caption":"Braskem. Foto: Reprodu\u00e7\u00e3o Instagram"},{"@type":"BreadcrumbList","@id":"https:\/\/www.suno.com.br\/noticias\/braskem-brkm5-alta-444-anuncio-venda-fatia\/#breadcrumb","itemListElement":[{"@type":"ListItem","position":1,"name":"Not\u00edcias","item":"https:\/\/www.suno.com.br\/noticias\/"},{"@type":"ListItem","position":2,"name":"Neg\u00f3cios","item":"https:\/\/www.suno.com.br\/noticias\/negocios\/"},{"@type":"ListItem","position":3,"name":"Braskem (BRKM5): a\u00e7\u00e3o tem alta de 4,44% ap\u00f3s an\u00fancio sobre venda de fatia"}]},{"@type":"WebSite","@id":"https:\/\/www.suno.com.br\/noticias\/#website","url":"https:\/\/www.suno.com.br\/noticias\/","name":"Suno Not\u00edcias","description":"Seu portal de informa\u00e7\u00e3o sobre o mundo dos investimentos","publisher":{"@id":"https:\/\/www.suno.com.br\/noticias\/#organization"},"potentialAction":[{"@type":"SearchAction","target":{"@type":"EntryPoint","urlTemplate":"https:\/\/www.suno.com.br\/noticias\/?s={search_term_string}"},"query-input":{"@type":"PropertyValueSpecification","valueRequired":true,"valueName":"search_term_string"}}],"inLanguage":"pt-BR"},{"@type":"Organization","@id":"https:\/\/www.suno.com.br\/noticias\/#organization","name":"Suno Not\u00edcias","url":"https:\/\/www.suno.com.br\/noticias\/","logo":{"@type":"ImageObject","inLanguage":"pt-BR","@id":"https:\/\/www.suno.com.br\/noticias\/#\/schema\/logo\/image\/","url":"https:\/\/files.sunoresearch.com.br\/n\/uploads\/2021\/09\/suno-logo.png","contentUrl":"https:\/\/files.sunoresearch.com.br\/n\/uploads\/2021\/09\/suno-logo.png","width":180,"height":180,"caption":"Suno Not\u00edcias"},"image":{"@id":"https:\/\/www.suno.com.br\/noticias\/#\/schema\/logo\/image\/"},"sameAs":["https:\/\/facebook.com\/sunoresearch","https:\/\/x.com\/sunoresearch","https:\/\/www.instagram.com\/suno","https:\/\/www.linkedin.com\/company\/suno-research\/","https:\/\/www.youtube.com\/c\/sunoresearch"]},{"@type":"Person","@id":"https:\/\/www.suno.com.br\/noticias\/#\/schema\/person\/e672ca8cea627fe715fa29bca7da95e0","name":"Rafaela La Regina","image":{"@type":"ImageObject","inLanguage":"pt-BR","@id":"https:\/\/www.suno.com.br\/noticias\/#\/schema\/person\/image\/","url":"https:\/\/secure.gravatar.com\/avatar\/d2c75a52d243deb93d0465fdcb21bd37?s=96&r=g","contentUrl":"https:\/\/secure.gravatar.com\/avatar\/d2c75a52d243deb93d0465fdcb21bd37?s=96&r=g","caption":"Rafaela La Regina"},"description":"Estagi\u00e1ria no Suno Not\u00edcias. Escreve sobre economia, pol\u00edtica e neg\u00f3cios. Estuda Rela\u00e7\u00f5es Internacionais no IBMEC-SP.","url":"https:\/\/www.suno.com.br\/noticias\/author\/rafaela-la-regina\/"}]}},"default_loop_html":"<div class=\"cardsPage__listCard__boxs\"><div class=\"cardsPage__listCard__boxs__img\"><a href=\"https:\/\/www.suno.com.br\/noticias\/braskem-brkm5-alta-444-anuncio-venda-fatia\/\"><img class=\"mask\" src=\"https:\/\/www.suno.com.br\/noticias\/wp-content\/themes\/suno\/resources\/images\/spotlight\/spotlight1img\/bg-mask.png\" alt=\"Image Mask\"\/><img src=\"https:\/\/files.sunoresearch.com.br\/n\/uploads\/2021\/04\/f74bc067-whatsapp-image-2021-04-15-at-19.53.56-400x200.webp\" alt=\"Braskem (BRKM5): a\u00e7\u00e3o tem alta de 4,44% ap\u00f3s an\u00fancio sobre venda de fatia\"\/><\/a><span class=\"spotlightCategory\"><a href=\"https:\/\/www.suno.com.br\/noticias\/negocios\/\">Neg\u00f3cios<\/a><\/span><\/div><div class=\"cardsPage__listCard__boxs__content\"><a href=\"https:\/\/www.suno.com.br\/noticias\/braskem-brkm5-alta-444-anuncio-venda-fatia\/\"><h2 class=\"content__title\">Braskem (BRKM5): a\u00e7\u00e3o tem alta de 4,44% ap\u00f3s an\u00fancio sobre venda de fatia<\/h2><\/a><div class=\"newsContent__article__meta\"><div class=\"newsContent__article__meta__authorBox\"><a href=\"https:\/\/www.suno.com.br\/noticias\/author\/rafaela-la-regina\/\" class=\"authorBox__avatar noMobi\"><img src=\"https:\/\/secure.gravatar.com\/avatar\/d2c75a52d243deb93d0465fdcb21bd37?s=96&#038;r=g\" alt=\"Rafaela La Regina\"><\/a><div class=\"authorBox__name\"><span>por\n\t\t\t<a href=\"https:\/\/www.suno.com.br\/noticias\/author\/rafaela-la-regina\/\"><span itemprop=\"author\">Rafaela La Regina<\/span><\/a><\/span><time datetime=\"2021-04-19T15:40:02-03:00\" itemprop=\"datePublished\">19\/04\/2021 15:40<\/time><\/div><\/div><\/div><\/div><\/div>","single_layout":"posts","amp_enabled":true,"_links":{"self":[{"href":"https:\/\/www.suno.com.br\/noticias\/wp-json\/wp\/v2\/posts\/140654"}],"collection":[{"href":"https:\/\/www.suno.com.br\/noticias\/wp-json\/wp\/v2\/posts"}],"about":[{"href":"https:\/\/www.suno.com.br\/noticias\/wp-json\/wp\/v2\/types\/post"}],"author":[{"embeddable":true,"href":"https:\/\/www.suno.com.br\/noticias\/wp-json\/wp\/v2\/users\/56"}],"replies":[{"embeddable":true,"href":"https:\/\/www.suno.com.br\/noticias\/wp-json\/wp\/v2\/comments?post=140654"}],"version-history":[{"count":3,"href":"https:\/\/www.suno.com.br\/noticias\/wp-json\/wp\/v2\/posts\/140654\/revisions"}],"predecessor-version":[{"id":140671,"href":"https:\/\/www.suno.com.br\/noticias\/wp-json\/wp\/v2\/posts\/140654\/revisions\/140671"}],"wp:featuredmedia":[{"embeddable":true,"href":"https:\/\/www.suno.com.br\/noticias\/wp-json\/wp\/v2\/media\/139981"}],"wp:attachment":[{"href":"https:\/\/www.suno.com.br\/noticias\/wp-json\/wp\/v2\/media?parent=140654"}],"wp:term":[{"taxonomy":"category","embeddable":true,"href":"https:\/\/www.suno.com.br\/noticias\/wp-json\/wp\/v2\/categories?post=140654"},{"taxonomy":"post_tag","embeddable":true,"href":"https:\/\/www.suno.com.br\/noticias\/wp-json\/wp\/v2\/tags?post=140654"},{"taxonomy":"suno_strategy","embeddable":true,"href":"https:\/\/www.suno.com.br\/noticias\/wp-json\/wp\/v2\/suno_strategy?post=140654"}],"curies":[{"name":"wp","href":"https:\/\/api.w.org\/{rel}","templated":true}]}}