{"id":140631,"date":"2021-04-19T15:00:34","date_gmt":"2021-04-19T18:00:34","guid":{"rendered":"https:\/\/www.suno.com.br\/noticias\/?p=140631"},"modified":"2021-04-19T15:00:48","modified_gmt":"2021-04-19T18:00:48","slug":"congresso-governo-negociam-emenda-orcamento-2021","status":"publish","type":"post","link":"https:\/\/www.suno.com.br\/noticias\/congresso-governo-negociam-emenda-orcamento-2021\/","title":{"rendered":"Or\u00e7amento 2021: Congresso negocia para tirar gastos com covid da meta"},"content":{"rendered":"<p>A equipe econ\u00f4mica e o Congresso negociam uma mudan\u00e7a na <a href=\"https:\/\/www.suno.com.br\/artigos\/lei-orcamentaria-anual\/\">Lei de Diretrizes Or\u00e7ament\u00e1rias (LDO) de 2021<\/a>, ou <strong>Or\u00e7amento 2021<\/strong>, que, na pr\u00e1tica, vai tirar gastos extraordin\u00e1rios de combate \u00e0 covid-19 da contabilidade da meta fiscal deste ano, que permite d\u00e9ficit de at\u00e9 R$ 247,1 bilh\u00f5es.<\/p>\t<div class=\"wrapper-featured-image\">\n\t\t<figure class=\"spotlightImg\">\n\n\t\t\t<picture>\n\t\t\t\t<source media=\"(max-width: 768px)\" srcset=\"https:\/\/files.sunoresearch.com.br\/n\/uploads\/2021\/04\/7d674b6e-orcamento-400x200.jpg\">\n\t\t\t\t<img loading=\"lazy\" decoding=\"async\" class=\"newsContent__article__imgCapa lazyloadDisabled \" src=\"https:\/\/files.sunoresearch.com.br\/n\/uploads\/2021\/04\/7d674b6e-orcamento-800x450.jpg\" width=\"800\" height=\"450\" alt=\"Or\u00e7amento 2021: Congresso negocia para tirar gastos com covid da meta\" fetchpriority=high \/>\n\t\t\t<\/picture>\n\n\t\t\t<figcaption class=\"wp-caption-text wp-caption-text--show\">Foto: Marcello Casal \/ Ag\u00eancia Brasil<\/figcaption>\n\t\t<\/figure>\n\t<\/div>\n\n\n<p><span style=\"font-weight: 400;\">\t<p>\n\t\t<a href=\"https:\/\/lp.suno.com.br\/planilha-controle-gastos\/\" target=\"_blank\" data-element=\"shortcode-suno-banner\" title=\"Banner SUNO, clique e saiba mais\">\n\t\t\t<picture>\n\t\t\t\t<source media=\"(max-width: 500px)\" srcset=\"https:\/\/files.sunoresearch.com.br\/n\/uploads\/2023\/03\/400x300-Planilha-controle-de-gastos.png\">\n\t\t\t\t<img class=\"newsContent__article__imgCapa newsContent__article__imgCapa--banner\"\n\t\t\t\t\tsrc=\"https:\/\/files.sunoresearch.com.br\/n\/uploads\/2023\/03\/1420x240-Planilha-controle-de-gastos.png\"\n\t\t\t\t\tdata-promo-id=\"101751\"\t\t\t\t\t\t\t\t\t\twidth='1420' height='240'\t\t\t\t\talt=\"https:\/\/files.sunoresearch.com.br\/n\/uploads\/2023\/03\/1420x240-Planilha-controle-de-gastos.png\"\n\t\t\t\t>\n\t\t\t<\/picture>\n\t\t<\/a>\n\t<\/p>\n\n<\/span><\/p>\n<p>A altera\u00e7\u00e3o no Or\u00e7amento 2021 deve<strong> ocorrer em projeto de lei j\u00e1 em tramita\u00e7\u00e3o<\/strong> e que tinha como objetivo destravar o programa que permite redu\u00e7\u00e3o de jornada e sal\u00e1rio ou suspens\u00e3o de contrato de trabalhadores, o BEm, e o programa de cr\u00e9dito a micro e pequenas empresas, Pronampe.<\/p>\n<p>Segundo apura\u00e7\u00e3o, as conversas v\u00e3o no sentido de <strong>aprovar uma emenda proposta<\/strong> pelo senador Rog\u00e9rio Carvalho (PT-SE) que inclui tr\u00eas exce\u00e7\u00f5es \u00e0 meta fiscal: gastos com sa\u00fade voltados ao combate \u00e0 covid-19, despesas com o BEm e o Pronampe.<\/p>\n<p><a href=\"https:\/\/lp.suno.com.br\/suno-one\/?ppp=noticias\/hospital-care-pedido-ipo-cvm\/\"><b>Suno One: acesse gratuitamente eBooks, Minicursos, Artigos e V\u00eddeo Aulas sobre investimentos com um \u00fanico cadastro. Clique para saber mais!<\/b><\/a><\/p>\n<p>A concess\u00e3o vale para cr\u00e9ditos extraordin\u00e1rios, que tamb\u00e9m ficam fora do teto de gastos, a regra que limita o avan\u00e7o das despesas \u00e0 infla\u00e7\u00e3o.<\/p>\n<p>O texto da emenda ao Or\u00e7amento 2021 \u00e9 semelhante \u00e0 minuta da Proposta de Emenda \u00e0 Constitui\u00e7\u00e3o (PEC) que pretendia destravar os programas emergenciais, mas acabou perdendo for\u00e7a ap\u00f3s ser rotulada de &#8220;fura-teto&#8221; por incluir tamb\u00e9m permiss\u00e3o para R$ 18 bilh\u00f5es em obras patrocinadas por aliados pol\u00edticos.<\/p>\n<h2>Emenda em Or\u00e7amento 2021 difere de PEC anterior<\/h2>\n<p>Apesar da semelhan\u00e7a, a nova emenda ao Or\u00e7amento 2021 difere da PEC ao n\u00e3o estipular limites de valor para os gastos com o BEm e o Pronampe. Na PEC, a equipe econ\u00f4mica queria fixar um teto de R$ 10 bilh\u00f5es extras para o programa de manuten\u00e7\u00e3o de empregos e de R$ 7 bilh\u00f5es para o programa de cr\u00e9dito.<\/p>\n<p>Segundo coment\u00e1rios, aprovar a emenda sem limites de valor para o BEm e para o Pronampe pode ser um risco, mas o governo precisa ser &#8220;cr\u00edvel&#8221; uma vez que a situa\u00e7\u00e3o atual da pandemia &#8220;exige suporte&#8221;. N\u00e3o ter limite de valor a esses programas seria &#8220;ruim, mas n\u00e3o terr\u00edvel&#8221;, de acordo com fonte.<\/p>\n<p><span style=\"font-weight: 400;\">\t<p>\n\t\t<a href=\"https:\/\/lp.suno.com.br\/planilha-da-vida-financeira\/\" target=\"_blank\" data-element=\"shortcode-suno-banner\" title=\"Banner SUNO, clique e saiba mais\">\n\t\t\t<picture>\n\t\t\t\t<source media=\"(max-width: 500px)\" srcset=\"https:\/\/files.sunoresearch.com.br\/n\/uploads\/2023\/04\/400x300-Planilha-vida-financeira-true.png\">\n\t\t\t\t<img class=\"newsContent__article__imgCapa newsContent__article__imgCapa--banner\"\n\t\t\t\t\tsrc=\"https:\/\/files.sunoresearch.com.br\/n\/uploads\/2023\/04\/1420x240-Planilha-vida-financeira-true.png\"\n\t\t\t\t\tdata-promo-id=\"106682\"\t\t\t\t\t\t\t\t\t\twidth='1420' height='240'\t\t\t\t\talt=\"https:\/\/files.sunoresearch.com.br\/n\/uploads\/2023\/04\/1420x240-Planilha-vida-financeira-true.png\"\n\t\t\t\t>\n\t\t\t<\/picture>\n\t\t<\/a>\n\t<\/p>\n\n<\/span><\/p>\n<p>Embora esses gastos possam ser feitos por cr\u00e9dito extraordin\u00e1rio, fora do teto de gastos, eles s\u00e3o normalmente contabilizados na meta fiscal, que resulta da diferen\u00e7a entre receitas e despesas. Sem essa exce\u00e7\u00e3o, o governo correria o risco de descumprir a meta. O aux\u00edlio emergencial, com custo fixado em at\u00e9 R$ 44 bilh\u00f5es, tamb\u00e9m ficou fora da contabilidade da meta quando aprovado.<\/p>\n<p>O l\u00edder do governo na C\u00e2mara, Ricardo Barros (PP-PR), disse que a emenda vai ajudar na equa\u00e7\u00e3o de resolu\u00e7\u00e3o do impasse na san\u00e7\u00e3o do Or\u00e7amento de 2021. &#8220;Isso vai resolver a disputa sobre a san\u00e7\u00e3o do <strong>Or\u00e7amento 2021<\/strong>. Estamos fazendo um acordo geral. Essa emenda deve resolver para ter um veto parcial (na LOA)&#8221;, disse.<\/p>\n<p><em>(Com Estad\u00e3o Conte\u00fado)<\/em><\/p>\n<p><span style=\"font-weight: 400;\">\t<p>\n\t\t<a href=\"https:\/\/lp.suno.com.br\/planilha-de-controle-de-investimentos\/\" target=\"_blank\" data-element=\"shortcode-suno-banner\" title=\"Banner SUNO, clique e saiba mais\">\n\t\t\t<picture>\n\t\t\t\t<source media=\"(max-width: 500px)\" srcset=\"https:\/\/files.sunoresearch.com.br\/n\/uploads\/2023\/03\/400x300-Controle-de-Investimentos.png\">\n\t\t\t\t<img class=\"newsContent__article__imgCapa newsContent__article__imgCapa--banner\"\n\t\t\t\t\tsrc=\"https:\/\/files.sunoresearch.com.br\/n\/uploads\/2023\/03\/1420x240-Controle-de-Investimentos.png\"\n\t\t\t\t\tdata-promo-id=\"75934\"\t\t\t\t\t\t\t\t\t\twidth='1420' height='240'\t\t\t\t\talt=\"https:\/\/files.sunoresearch.com.br\/n\/uploads\/2023\/03\/1420x240-Controle-de-Investimentos.png\"\n\t\t\t\t>\n\t\t\t<\/picture>\n\t\t<\/a>\n\t<\/p>\n\n <\/span><\/p>\n","protected":false},"excerpt":{"rendered":"<p>A equipe econ\u00f4mica e o Congresso negociam uma mudan\u00e7a na Lei de Diretrizes Or\u00e7ament\u00e1rias (LDO) de 2021, ou Or\u00e7amento 2021, que, na pr\u00e1tica, vai tirar gastos extraordin\u00e1rios de combate \u00e0 covid-19 da contabilidade da meta fiscal deste ano, que permite d\u00e9ficit de at\u00e9 R$ 247,1 bilh\u00f5es. Foto: Marcello Casal \/ Ag\u00eancia Brasil A altera\u00e7\u00e3o no [&hellip;]<\/p>\n","protected":false},"author":59,"featured_media":140648,"comment_status":"closed","ping_status":"closed","sticky":false,"template":"","format":"standard","meta":[],"categories":[61],"tags":[901,909],"suno_strategy":[],"class_list":["post-140631","post","type-post","status-publish","format-standard","has-post-thumbnail","hentry","category-politica","tag-congresso-nacional","tag-ministerio-da-economia"],"yoast_head":"<!-- This site is optimized with the Yoast SEO plugin v24.4 - https:\/\/yoast.com\/wordpress\/plugins\/seo\/ -->\n<title>Or\u00e7amento 2021: Congresso negocia para tirar gastos com covid da meta<\/title>\n<meta name=\"description\" content=\"Congresso e Governo Federal continuam negociando os termos para a aprova\u00e7\u00e3o do Or\u00e7amento 2021. Clique aqui para saber mais.\" \/>\n<meta name=\"robots\" content=\"index, follow, max-snippet:-1, max-image-preview:large, max-video-preview:-1\" \/>\n<link rel=\"canonical\" href=\"https:\/\/www.suno.com.br\/noticias\/congresso-governo-negociam-emenda-orcamento-2021\/\" \/>\n<meta property=\"og:locale\" content=\"pt_BR\" \/>\n<meta property=\"og:type\" content=\"article\" \/>\n<meta property=\"og:title\" content=\"Or\u00e7amento 2021: Congresso negocia para tirar gastos com covid da meta\" \/>\n<meta property=\"og:description\" content=\"Congresso e Governo Federal continuam negociando os termos para a aprova\u00e7\u00e3o do Or\u00e7amento 2021. Clique aqui para saber mais.\" \/>\n<meta property=\"og:url\" content=\"https:\/\/www.suno.com.br\/noticias\/congresso-governo-negociam-emenda-orcamento-2021\/\" \/>\n<meta property=\"og:site_name\" content=\"Suno Not\u00edcias\" \/>\n<meta property=\"article:publisher\" content=\"https:\/\/facebook.com\/sunoresearch\" \/>\n<meta property=\"og:image\" content=\"https:\/\/files.sunoresearch.com.br\/n\/uploads\/2021\/04\/7d674b6e-orcamento-scaled.jpg\" \/>\n\t<meta property=\"og:image:width\" content=\"2560\" \/>\n\t<meta property=\"og:image:height\" content=\"1704\" \/>\n\t<meta property=\"og:image:type\" content=\"image\/jpeg\" \/>\n<meta name=\"author\" content=\"Vitor Azevedo\" \/>\n<meta name=\"twitter:card\" content=\"summary_large_image\" \/>\n<meta name=\"twitter:creator\" content=\"@sunoresearch\" \/>\n<meta name=\"twitter:site\" content=\"@sunoresearch\" \/>\n<meta name=\"twitter:label1\" content=\"Escrito por\" \/>\n\t<meta name=\"twitter:data1\" content=\"Vitor Azevedo\" \/>\n\t<meta name=\"twitter:label2\" content=\"Est. tempo de leitura\" \/>\n\t<meta name=\"twitter:data2\" content=\"3 minutos\" \/>\n<script type=\"application\/ld+json\" class=\"yoast-schema-graph\">{\"@context\":\"https:\/\/schema.org\",\"@graph\":[{\"@type\":\"NewsArticle\",\"@id\":\"https:\/\/www.suno.com.br\/noticias\/congresso-governo-negociam-emenda-orcamento-2021\/#article\",\"isPartOf\":{\"@id\":\"https:\/\/www.suno.com.br\/noticias\/congresso-governo-negociam-emenda-orcamento-2021\/\"},\"author\":{\"name\":\"Vitor Azevedo\",\"@id\":\"https:\/\/www.suno.com.br\/noticias\/#\/schema\/person\/658d5fbc74d81f265f5df3562d0038ab\"},\"headline\":\"Or\u00e7amento 2021: Congresso negocia para tirar gastos com covid da meta\",\"datePublished\":\"2021-04-19T18:00:34+00:00\",\"dateModified\":\"2021-04-19T18:00:48+00:00\",\"mainEntityOfPage\":{\"@id\":\"https:\/\/www.suno.com.br\/noticias\/congresso-governo-negociam-emenda-orcamento-2021\/\"},\"wordCount\":532,\"publisher\":{\"@id\":\"https:\/\/www.suno.com.br\/noticias\/#organization\"},\"image\":{\"@id\":\"https:\/\/www.suno.com.br\/noticias\/congresso-governo-negociam-emenda-orcamento-2021\/#primaryimage\"},\"thumbnailUrl\":\"https:\/\/files.sunoresearch.com.br\/n\/uploads\/2021\/04\/7d674b6e-orcamento-scaled.jpg\",\"keywords\":[\"Congresso Nacional\",\"Minist\u00e9rio da Economia\"],\"articleSection\":[\"Pol\u00edtica\"],\"inLanguage\":\"pt-BR\"},{\"@type\":\"WebPage\",\"@id\":\"https:\/\/www.suno.com.br\/noticias\/congresso-governo-negociam-emenda-orcamento-2021\/\",\"url\":\"https:\/\/www.suno.com.br\/noticias\/congresso-governo-negociam-emenda-orcamento-2021\/\",\"name\":\"Or\u00e7amento 2021: Congresso negocia para tirar gastos com covid da meta\",\"isPartOf\":{\"@id\":\"https:\/\/www.suno.com.br\/noticias\/#website\"},\"primaryImageOfPage\":{\"@id\":\"https:\/\/www.suno.com.br\/noticias\/congresso-governo-negociam-emenda-orcamento-2021\/#primaryimage\"},\"image\":{\"@id\":\"https:\/\/www.suno.com.br\/noticias\/congresso-governo-negociam-emenda-orcamento-2021\/#primaryimage\"},\"thumbnailUrl\":\"https:\/\/files.sunoresearch.com.br\/n\/uploads\/2021\/04\/7d674b6e-orcamento-scaled.jpg\",\"datePublished\":\"2021-04-19T18:00:34+00:00\",\"dateModified\":\"2021-04-19T18:00:48+00:00\",\"description\":\"Congresso e Governo Federal continuam negociando os termos para a aprova\u00e7\u00e3o do Or\u00e7amento 2021. Clique aqui para saber mais.\",\"breadcrumb\":{\"@id\":\"https:\/\/www.suno.com.br\/noticias\/congresso-governo-negociam-emenda-orcamento-2021\/#breadcrumb\"},\"inLanguage\":\"pt-BR\",\"potentialAction\":[{\"@type\":\"ReadAction\",\"target\":[\"https:\/\/www.suno.com.br\/noticias\/congresso-governo-negociam-emenda-orcamento-2021\/\"]}]},{\"@type\":\"ImageObject\",\"inLanguage\":\"pt-BR\",\"@id\":\"https:\/\/www.suno.com.br\/noticias\/congresso-governo-negociam-emenda-orcamento-2021\/#primaryimage\",\"url\":\"https:\/\/files.sunoresearch.com.br\/n\/uploads\/2021\/04\/7d674b6e-orcamento-scaled.jpg\",\"contentUrl\":\"https:\/\/files.sunoresearch.com.br\/n\/uploads\/2021\/04\/7d674b6e-orcamento-scaled.jpg\",\"width\":2560,\"height\":1704,\"caption\":\"Foto: Marcello Casal \/ Ag\u00eancia Brasil\"},{\"@type\":\"BreadcrumbList\",\"@id\":\"https:\/\/www.suno.com.br\/noticias\/congresso-governo-negociam-emenda-orcamento-2021\/#breadcrumb\",\"itemListElement\":[{\"@type\":\"ListItem\",\"position\":1,\"name\":\"Not\u00edcias\",\"item\":\"https:\/\/www.suno.com.br\/noticias\/\"},{\"@type\":\"ListItem\",\"position\":2,\"name\":\"Pol\u00edtica\",\"item\":\"https:\/\/www.suno.com.br\/noticias\/politica\/\"},{\"@type\":\"ListItem\",\"position\":3,\"name\":\"Or\u00e7amento 2021: Congresso negocia para tirar gastos com covid da meta\"}]},{\"@type\":\"WebSite\",\"@id\":\"https:\/\/www.suno.com.br\/noticias\/#website\",\"url\":\"https:\/\/www.suno.com.br\/noticias\/\",\"name\":\"Suno Not\u00edcias\",\"description\":\"Seu portal de informa\u00e7\u00e3o sobre o mundo dos investimentos\",\"publisher\":{\"@id\":\"https:\/\/www.suno.com.br\/noticias\/#organization\"},\"potentialAction\":[{\"@type\":\"SearchAction\",\"target\":{\"@type\":\"EntryPoint\",\"urlTemplate\":\"https:\/\/www.suno.com.br\/noticias\/?s={search_term_string}\"},\"query-input\":{\"@type\":\"PropertyValueSpecification\",\"valueRequired\":true,\"valueName\":\"search_term_string\"}}],\"inLanguage\":\"pt-BR\"},{\"@type\":\"Organization\",\"@id\":\"https:\/\/www.suno.com.br\/noticias\/#organization\",\"name\":\"Suno Not\u00edcias\",\"url\":\"https:\/\/www.suno.com.br\/noticias\/\",\"logo\":{\"@type\":\"ImageObject\",\"inLanguage\":\"pt-BR\",\"@id\":\"https:\/\/www.suno.com.br\/noticias\/#\/schema\/logo\/image\/\",\"url\":\"https:\/\/files.sunoresearch.com.br\/n\/uploads\/2021\/09\/suno-logo.png\",\"contentUrl\":\"https:\/\/files.sunoresearch.com.br\/n\/uploads\/2021\/09\/suno-logo.png\",\"width\":180,\"height\":180,\"caption\":\"Suno Not\u00edcias\"},\"image\":{\"@id\":\"https:\/\/www.suno.com.br\/noticias\/#\/schema\/logo\/image\/\"},\"sameAs\":[\"https:\/\/facebook.com\/sunoresearch\",\"https:\/\/x.com\/sunoresearch\",\"https:\/\/www.instagram.com\/suno\",\"https:\/\/www.linkedin.com\/company\/suno-research\/\",\"https:\/\/www.youtube.com\/c\/sunoresearch\"]},{\"@type\":\"Person\",\"@id\":\"https:\/\/www.suno.com.br\/noticias\/#\/schema\/person\/658d5fbc74d81f265f5df3562d0038ab\",\"name\":\"Vitor Azevedo\",\"image\":{\"@type\":\"ImageObject\",\"inLanguage\":\"pt-BR\",\"@id\":\"https:\/\/www.suno.com.br\/noticias\/#\/schema\/person\/image\/\",\"url\":\"https:\/\/secure.gravatar.com\/avatar\/62b86195291b446fe380824eb28b99a5?s=96&r=g\",\"contentUrl\":\"https:\/\/secure.gravatar.com\/avatar\/62b86195291b446fe380824eb28b99a5?s=96&r=g\",\"caption\":\"Vitor Azevedo\"},\"description\":\"Formado em jornalismo pela Unesp, escreve sobre economia e neg\u00f3cios para a Suno Not\u00edcias.\",\"url\":\"https:\/\/www.suno.com.br\/noticias\/author\/vitor-azevedo\/\"}]}<\/script>\n<!-- \/ Yoast SEO plugin. -->","yoast_head_json":{"title":"Or\u00e7amento 2021: Congresso negocia para tirar gastos com covid da meta","description":"Congresso e Governo Federal continuam negociando os termos para a aprova\u00e7\u00e3o do Or\u00e7amento 2021. Clique aqui para saber mais.","robots":{"index":"index","follow":"follow","max-snippet":"max-snippet:-1","max-image-preview":"max-image-preview:large","max-video-preview":"max-video-preview:-1"},"canonical":"https:\/\/www.suno.com.br\/noticias\/congresso-governo-negociam-emenda-orcamento-2021\/","og_locale":"pt_BR","og_type":"article","og_title":"Or\u00e7amento 2021: Congresso negocia para tirar gastos com covid da meta","og_description":"Congresso e Governo Federal continuam negociando os termos para a aprova\u00e7\u00e3o do Or\u00e7amento 2021. Clique aqui para saber mais.","og_url":"https:\/\/www.suno.com.br\/noticias\/congresso-governo-negociam-emenda-orcamento-2021\/","og_site_name":"Suno Not\u00edcias","article_publisher":"https:\/\/facebook.com\/sunoresearch","og_image":[{"width":2560,"height":1704,"url":"https:\/\/files.sunoresearch.com.br\/n\/uploads\/2021\/04\/7d674b6e-orcamento-scaled.jpg","type":"image\/jpeg"}],"author":"Vitor Azevedo","twitter_card":"summary_large_image","twitter_creator":"@sunoresearch","twitter_site":"@sunoresearch","twitter_misc":{"Escrito por":"Vitor Azevedo","Est. tempo de leitura":"3 minutos"},"schema":{"@context":"https:\/\/schema.org","@graph":[{"@type":"NewsArticle","@id":"https:\/\/www.suno.com.br\/noticias\/congresso-governo-negociam-emenda-orcamento-2021\/#article","isPartOf":{"@id":"https:\/\/www.suno.com.br\/noticias\/congresso-governo-negociam-emenda-orcamento-2021\/"},"author":{"name":"Vitor Azevedo","@id":"https:\/\/www.suno.com.br\/noticias\/#\/schema\/person\/658d5fbc74d81f265f5df3562d0038ab"},"headline":"Or\u00e7amento 2021: Congresso negocia para tirar gastos com covid da meta","datePublished":"2021-04-19T18:00:34+00:00","dateModified":"2021-04-19T18:00:48+00:00","mainEntityOfPage":{"@id":"https:\/\/www.suno.com.br\/noticias\/congresso-governo-negociam-emenda-orcamento-2021\/"},"wordCount":532,"publisher":{"@id":"https:\/\/www.suno.com.br\/noticias\/#organization"},"image":{"@id":"https:\/\/www.suno.com.br\/noticias\/congresso-governo-negociam-emenda-orcamento-2021\/#primaryimage"},"thumbnailUrl":"https:\/\/files.sunoresearch.com.br\/n\/uploads\/2021\/04\/7d674b6e-orcamento-scaled.jpg","keywords":["Congresso Nacional","Minist\u00e9rio da Economia"],"articleSection":["Pol\u00edtica"],"inLanguage":"pt-BR"},{"@type":"WebPage","@id":"https:\/\/www.suno.com.br\/noticias\/congresso-governo-negociam-emenda-orcamento-2021\/","url":"https:\/\/www.suno.com.br\/noticias\/congresso-governo-negociam-emenda-orcamento-2021\/","name":"Or\u00e7amento 2021: Congresso negocia para tirar gastos com covid da meta","isPartOf":{"@id":"https:\/\/www.suno.com.br\/noticias\/#website"},"primaryImageOfPage":{"@id":"https:\/\/www.suno.com.br\/noticias\/congresso-governo-negociam-emenda-orcamento-2021\/#primaryimage"},"image":{"@id":"https:\/\/www.suno.com.br\/noticias\/congresso-governo-negociam-emenda-orcamento-2021\/#primaryimage"},"thumbnailUrl":"https:\/\/files.sunoresearch.com.br\/n\/uploads\/2021\/04\/7d674b6e-orcamento-scaled.jpg","datePublished":"2021-04-19T18:00:34+00:00","dateModified":"2021-04-19T18:00:48+00:00","description":"Congresso e Governo Federal continuam negociando os termos para a aprova\u00e7\u00e3o do Or\u00e7amento 2021. Clique aqui para saber mais.","breadcrumb":{"@id":"https:\/\/www.suno.com.br\/noticias\/congresso-governo-negociam-emenda-orcamento-2021\/#breadcrumb"},"inLanguage":"pt-BR","potentialAction":[{"@type":"ReadAction","target":["https:\/\/www.suno.com.br\/noticias\/congresso-governo-negociam-emenda-orcamento-2021\/"]}]},{"@type":"ImageObject","inLanguage":"pt-BR","@id":"https:\/\/www.suno.com.br\/noticias\/congresso-governo-negociam-emenda-orcamento-2021\/#primaryimage","url":"https:\/\/files.sunoresearch.com.br\/n\/uploads\/2021\/04\/7d674b6e-orcamento-scaled.jpg","contentUrl":"https:\/\/files.sunoresearch.com.br\/n\/uploads\/2021\/04\/7d674b6e-orcamento-scaled.jpg","width":2560,"height":1704,"caption":"Foto: Marcello Casal \/ Ag\u00eancia Brasil"},{"@type":"BreadcrumbList","@id":"https:\/\/www.suno.com.br\/noticias\/congresso-governo-negociam-emenda-orcamento-2021\/#breadcrumb","itemListElement":[{"@type":"ListItem","position":1,"name":"Not\u00edcias","item":"https:\/\/www.suno.com.br\/noticias\/"},{"@type":"ListItem","position":2,"name":"Pol\u00edtica","item":"https:\/\/www.suno.com.br\/noticias\/politica\/"},{"@type":"ListItem","position":3,"name":"Or\u00e7amento 2021: Congresso negocia para tirar gastos com covid da meta"}]},{"@type":"WebSite","@id":"https:\/\/www.suno.com.br\/noticias\/#website","url":"https:\/\/www.suno.com.br\/noticias\/","name":"Suno Not\u00edcias","description":"Seu portal de informa\u00e7\u00e3o sobre o mundo dos investimentos","publisher":{"@id":"https:\/\/www.suno.com.br\/noticias\/#organization"},"potentialAction":[{"@type":"SearchAction","target":{"@type":"EntryPoint","urlTemplate":"https:\/\/www.suno.com.br\/noticias\/?s={search_term_string}"},"query-input":{"@type":"PropertyValueSpecification","valueRequired":true,"valueName":"search_term_string"}}],"inLanguage":"pt-BR"},{"@type":"Organization","@id":"https:\/\/www.suno.com.br\/noticias\/#organization","name":"Suno Not\u00edcias","url":"https:\/\/www.suno.com.br\/noticias\/","logo":{"@type":"ImageObject","inLanguage":"pt-BR","@id":"https:\/\/www.suno.com.br\/noticias\/#\/schema\/logo\/image\/","url":"https:\/\/files.sunoresearch.com.br\/n\/uploads\/2021\/09\/suno-logo.png","contentUrl":"https:\/\/files.sunoresearch.com.br\/n\/uploads\/2021\/09\/suno-logo.png","width":180,"height":180,"caption":"Suno Not\u00edcias"},"image":{"@id":"https:\/\/www.suno.com.br\/noticias\/#\/schema\/logo\/image\/"},"sameAs":["https:\/\/facebook.com\/sunoresearch","https:\/\/x.com\/sunoresearch","https:\/\/www.instagram.com\/suno","https:\/\/www.linkedin.com\/company\/suno-research\/","https:\/\/www.youtube.com\/c\/sunoresearch"]},{"@type":"Person","@id":"https:\/\/www.suno.com.br\/noticias\/#\/schema\/person\/658d5fbc74d81f265f5df3562d0038ab","name":"Vitor Azevedo","image":{"@type":"ImageObject","inLanguage":"pt-BR","@id":"https:\/\/www.suno.com.br\/noticias\/#\/schema\/person\/image\/","url":"https:\/\/secure.gravatar.com\/avatar\/62b86195291b446fe380824eb28b99a5?s=96&r=g","contentUrl":"https:\/\/secure.gravatar.com\/avatar\/62b86195291b446fe380824eb28b99a5?s=96&r=g","caption":"Vitor Azevedo"},"description":"Formado em jornalismo pela Unesp, escreve sobre economia e neg\u00f3cios para a Suno Not\u00edcias.","url":"https:\/\/www.suno.com.br\/noticias\/author\/vitor-azevedo\/"}]}},"default_loop_html":"<div class=\"cardsPage__listCard__boxs\"><div class=\"cardsPage__listCard__boxs__img\"><a href=\"https:\/\/www.suno.com.br\/noticias\/congresso-governo-negociam-emenda-orcamento-2021\/\"><img class=\"mask\" src=\"https:\/\/www.suno.com.br\/noticias\/wp-content\/themes\/suno\/resources\/images\/spotlight\/spotlight1img\/bg-mask.png\" alt=\"Image Mask\"\/><img src=\"https:\/\/files.sunoresearch.com.br\/n\/uploads\/2021\/04\/7d674b6e-orcamento-400x200.jpg\" alt=\"Or\u00e7amento 2021: Congresso negocia para tirar gastos com covid da meta\"\/><\/a><span class=\"spotlightCategory\"><a href=\"https:\/\/www.suno.com.br\/noticias\/politica\/\">Pol\u00edtica<\/a><\/span><\/div><div class=\"cardsPage__listCard__boxs__content\"><a href=\"https:\/\/www.suno.com.br\/noticias\/congresso-governo-negociam-emenda-orcamento-2021\/\"><h2 class=\"content__title\">Or\u00e7amento 2021: Congresso negocia para tirar gastos com covid da meta<\/h2><\/a><div class=\"newsContent__article__meta\"><div class=\"newsContent__article__meta__authorBox\"><a href=\"https:\/\/www.suno.com.br\/noticias\/author\/vitor-azevedo\/\" class=\"authorBox__avatar noMobi\"><img src=\"https:\/\/secure.gravatar.com\/avatar\/62b86195291b446fe380824eb28b99a5?s=96&#038;r=g\" alt=\"Vitor Azevedo\"><\/a><div class=\"authorBox__name\"><span>por\n\t\t\t<a href=\"https:\/\/www.suno.com.br\/noticias\/author\/vitor-azevedo\/\"><span itemprop=\"author\">Vitor Azevedo<\/span><\/a><\/span><time datetime=\"2021-04-19T15:00:34-03:00\" itemprop=\"datePublished\">19\/04\/2021 15:00<\/time><\/div><\/div><\/div><\/div><\/div>","single_layout":"posts","amp_enabled":true,"_links":{"self":[{"href":"https:\/\/www.suno.com.br\/noticias\/wp-json\/wp\/v2\/posts\/140631"}],"collection":[{"href":"https:\/\/www.suno.com.br\/noticias\/wp-json\/wp\/v2\/posts"}],"about":[{"href":"https:\/\/www.suno.com.br\/noticias\/wp-json\/wp\/v2\/types\/post"}],"author":[{"embeddable":true,"href":"https:\/\/www.suno.com.br\/noticias\/wp-json\/wp\/v2\/users\/59"}],"replies":[{"embeddable":true,"href":"https:\/\/www.suno.com.br\/noticias\/wp-json\/wp\/v2\/comments?post=140631"}],"version-history":[{"count":3,"href":"https:\/\/www.suno.com.br\/noticias\/wp-json\/wp\/v2\/posts\/140631\/revisions"}],"predecessor-version":[{"id":140639,"href":"https:\/\/www.suno.com.br\/noticias\/wp-json\/wp\/v2\/posts\/140631\/revisions\/140639"}],"wp:featuredmedia":[{"embeddable":true,"href":"https:\/\/www.suno.com.br\/noticias\/wp-json\/wp\/v2\/media\/140648"}],"wp:attachment":[{"href":"https:\/\/www.suno.com.br\/noticias\/wp-json\/wp\/v2\/media?parent=140631"}],"wp:term":[{"taxonomy":"category","embeddable":true,"href":"https:\/\/www.suno.com.br\/noticias\/wp-json\/wp\/v2\/categories?post=140631"},{"taxonomy":"post_tag","embeddable":true,"href":"https:\/\/www.suno.com.br\/noticias\/wp-json\/wp\/v2\/tags?post=140631"},{"taxonomy":"suno_strategy","embeddable":true,"href":"https:\/\/www.suno.com.br\/noticias\/wp-json\/wp\/v2\/suno_strategy?post=140631"}],"curies":[{"name":"wp","href":"https:\/\/api.w.org\/{rel}","templated":true}]}}