{"id":140586,"date":"2021-04-19T13:24:50","date_gmt":"2021-04-19T16:24:50","guid":{"rendered":"https:\/\/www.suno.com.br\/noticias\/?p=140586"},"modified":"2021-04-19T13:24:50","modified_gmt":"2021-04-19T16:24:50","slug":"ccr-ccra3-patria-simpar-simh3-disputa-cptm","status":"publish","type":"post","link":"https:\/\/www.suno.com.br\/noticias\/ccr-ccra3-patria-simpar-simh3-disputa-cptm\/","title":{"rendered":"CCR (CCRO3) e Simpar (SIMH3) devem disputar por ativos da CPTM"},"content":{"rendered":"<p>Ap\u00f3s o Governo Federal realizar h\u00e1 duas semanas leil\u00f5es de v\u00e1rios ativos de infraestrutura, que envolveram aeroportos, ferrovias e portos, nesta ter\u00e7a-feira (20) \u00e9 vez do governo de S\u00e3o Paulo realizar disputas do tipo por concess\u00f5es no setor de transporte. Em destaque, est\u00e1 a presen\u00e7a da licita\u00e7\u00e3o das linhas 8 &#8211; Diamante e 9 &#8211; Esmeralda da Companhia Paulista de Trens Metropolitanos, a <strong>CPTM<\/strong>.<\/p>\t<div class=\"wrapper-featured-image\">\n\t\t<figure class=\"spotlightImg\">\n\n\t\t\t<picture>\n\t\t\t\t<source media=\"(max-width: 768px)\" srcset=\"https:\/\/files.sunoresearch.com.br\/n\/uploads\/2021\/04\/3271dbec-train-3714601_1920-400x200.webp\">\n\t\t\t\t<img loading=\"lazy\" decoding=\"async\" class=\"newsContent__article__imgCapa lazyloadDisabled \" src=\"https:\/\/files.sunoresearch.com.br\/n\/uploads\/2021\/04\/3271dbec-train-3714601_1920-800x450.webp\" width=\"800\" height=\"450\" alt=\"CCR (CCRO3) e Simpar (SIMH3) devem disputar por ativos da CPTM\" fetchpriority=high \/>\n\t\t\t<\/picture>\n\n\t\t\t<figcaption class=\"wp-caption-text wp-caption-text--show\">Foto: Pixabay<\/figcaption>\n\t\t<\/figure>\n\t<\/div>\n\n\n<p><span style=\"font-weight: 400;\">\t<p>\n\t\t<a href=\"https:\/\/lp.suno.com.br\/planilha-controle-gastos\/\" target=\"_blank\" data-element=\"shortcode-suno-banner\" title=\"Banner SUNO, clique e saiba mais\">\n\t\t\t<picture>\n\t\t\t\t<source media=\"(max-width: 500px)\" srcset=\"https:\/\/files.sunoresearch.com.br\/n\/uploads\/2023\/03\/400x300-Planilha-controle-de-gastos.png\">\n\t\t\t\t<img class=\"newsContent__article__imgCapa newsContent__article__imgCapa--banner\"\n\t\t\t\t\tsrc=\"https:\/\/files.sunoresearch.com.br\/n\/uploads\/2023\/03\/1420x240-Planilha-controle-de-gastos.png\"\n\t\t\t\t\tdata-promo-id=\"101751\"\t\t\t\t\t\t\t\t\t\twidth='1420' height='240'\t\t\t\t\talt=\"https:\/\/files.sunoresearch.com.br\/n\/uploads\/2023\/03\/1420x240-Planilha-controle-de-gastos.png\"\n\t\t\t\t>\n\t\t\t<\/picture>\n\t\t<\/a>\n\t<\/p>\n\n<\/span><\/p>\n<p>Segundo o jornal Valor Econ\u00f4mico, <strong>ao menos cinco grupos t\u00eam interesse<\/strong> em participar dos leil\u00f5es envolvendo os ativos da CPTM: <a href=\"https:\/\/www.suno.com.br\/acoes\/ccro3\/\">CCR (CCRO3)<\/a>, o fundo P\u00e1tria, a <a href=\"https:\/\/www.suno.com.br\/acoes\/simh3\/\">Simpar (SIMH3)<\/a>, o grupo Comporte e a Acciona, cons\u00f3rcio formado pela Itapemirim e pela Odebrecht.<\/p>\n<p>O leil\u00e3o dos ativos da CPTM estava marcado, inicialmente, para o m\u00eas de mar\u00e7o, mas foi adiado por conta de uma liminar do Tribunal de Contas do Estado (TCE-SP). O problema, por\u00e9m, foi superado sem ter de ser levado \u00e0 Justi\u00e7a.<\/p>\n<p><a href=\"https:\/\/lp.suno.com.br\/suno-one\/?ppp=noticias\/hospital-care-pedido-ipo-cvm\/\"><b>Suno One: acesse gratuitamente eBooks, Minicursos, Artigos e V\u00eddeo Aulas sobre investimentos com um \u00fanico cadastro. Clique para saber mais!<\/b><\/a><\/p>\n<p>O governo de S\u00e3o Paulo, por\u00e9m, monitora ainda outras quest\u00f5es sobre o assunto: o projeto j\u00e1 foi alvo de outras tentativas de impugna\u00e7\u00e3o para al\u00e9m da que foi superada.<\/p>\n<p>O <a href=\"https:\/\/www.suno.com.br\/artigos\/ceo\/\">diretor-executivo (CEO)<\/a> da CCR j\u00e1 deixou claro que o grupo tem interesse no projeto e que possui capital para ir \u00e0 disputa. A companhia j\u00e1 opera as linhas 4 &#8211; Amarela, 5 &#8211; Lil\u00e1s e 17 &#8211; Ouro dos trens metropolitanos de S\u00e3o Paulo, sendo a principal operadora privada da cidade.<\/p>\n<p>A Simpar tamb\u00e9m \u00e9 vista como forte candidata. O grupo j\u00e1 disputou por ativos da CPTM em leil\u00f5es, mas perdeu a linha 5 e a 17 para a CCR.<\/p>\n<h2>Leil\u00e3o da CPTM \u00e9 visto como complexo<\/h2>\n<p>Segundo coment\u00e1rios, \u00e9 esperado que haja concorr\u00eancia, com a disputa dada quase como certa, mas n\u00e3o h\u00e1 expectativa por ofertas muito elevadas &#8211; as cl\u00e1usulas do contrato combinadas com o momento em que o leil\u00e3o acontece acabam por enfraquecer o interesse das empresas.<\/p>\n<p><span style=\"font-weight: 400;\">\t<p>\n\t\t<a href=\"https:\/\/lp.suno.com.br\/planilha-da-vida-financeira\/\" target=\"_blank\" data-element=\"shortcode-suno-banner\" title=\"Banner SUNO, clique e saiba mais\">\n\t\t\t<picture>\n\t\t\t\t<source media=\"(max-width: 500px)\" srcset=\"https:\/\/files.sunoresearch.com.br\/n\/uploads\/2023\/04\/400x300-Planilha-vida-financeira-true.png\">\n\t\t\t\t<img class=\"newsContent__article__imgCapa newsContent__article__imgCapa--banner\"\n\t\t\t\t\tsrc=\"https:\/\/files.sunoresearch.com.br\/n\/uploads\/2023\/04\/1420x240-Planilha-vida-financeira-true.png\"\n\t\t\t\t\tdata-promo-id=\"106682\"\t\t\t\t\t\t\t\t\t\twidth='1420' height='240'\t\t\t\t\talt=\"https:\/\/files.sunoresearch.com.br\/n\/uploads\/2023\/04\/1420x240-Planilha-vida-financeira-true.png\"\n\t\t\t\t>\n\t\t\t<\/picture>\n\t\t<\/a>\n\t<\/p>\n\n<\/span><\/p>\n<p>A concess\u00e3o ter\u00e1 30 anos de dura\u00e7\u00e3o e prev\u00ea investimentos de R$ 3,2 bilh\u00f5es. O projeto dos ativos \u00e9 considerado por muitos como complexo, com o edital dando margem para incertezas.<\/p>\n<p>Os empres\u00e1rios interessados, por exemplo se perguntam, como ser\u00e1 a isen\u00e7\u00e3o fiscal sobre a importa\u00e7\u00e3o de trens, uma vez que o material rodante responde pela maior parte dos investimentos exigidos na licita\u00e7\u00e3o, que ainda n\u00e3o est\u00e1 certa.<\/p>\n<p>Al\u00e9m disso, a pandemia afetou fortemente os n\u00fameros de passageiros que trafegam diariamente pela <strong>CTPM<\/strong>, o que tamb\u00e9m \u00e9 visto como negativo aos leil\u00f5es. Para compensar, o governo incluiu no trato mecanismo de mitiga\u00e7\u00e3o de riscos causados pela pandemia.<\/p>\n<p><span style=\"font-weight: 400;\">\t<p>\n\t\t<a href=\"https:\/\/lp.suno.com.br\/planilha-de-controle-de-investimentos\/\" target=\"_blank\" data-element=\"shortcode-suno-banner\" title=\"Banner SUNO, clique e saiba mais\">\n\t\t\t<picture>\n\t\t\t\t<source media=\"(max-width: 500px)\" srcset=\"https:\/\/files.sunoresearch.com.br\/n\/uploads\/2023\/03\/400x300-Controle-de-Investimentos.png\">\n\t\t\t\t<img class=\"newsContent__article__imgCapa newsContent__article__imgCapa--banner\"\n\t\t\t\t\tsrc=\"https:\/\/files.sunoresearch.com.br\/n\/uploads\/2023\/03\/1420x240-Controle-de-Investimentos.png\"\n\t\t\t\t\tdata-promo-id=\"75934\"\t\t\t\t\t\t\t\t\t\twidth='1420' height='240'\t\t\t\t\talt=\"https:\/\/files.sunoresearch.com.br\/n\/uploads\/2023\/03\/1420x240-Controle-de-Investimentos.png\"\n\t\t\t\t>\n\t\t\t<\/picture>\n\t\t<\/a>\n\t<\/p>\n\n<\/span><\/p>\n","protected":false},"excerpt":{"rendered":"<p>Ap\u00f3s o Governo Federal realizar h\u00e1 duas semanas leil\u00f5es de v\u00e1rios ativos de infraestrutura, que envolveram aeroportos, ferrovias e portos, nesta ter\u00e7a-feira (20) \u00e9 vez do governo de S\u00e3o Paulo realizar disputas do tipo por concess\u00f5es no setor de transporte. Em destaque, est\u00e1 a presen\u00e7a da licita\u00e7\u00e3o das linhas 8 &#8211; Diamante e 9 &#8211; [&hellip;]<\/p>\n","protected":false},"author":59,"featured_media":140611,"comment_status":"closed","ping_status":"closed","sticky":false,"template":"","format":"standard","meta":[],"categories":[64],"tags":[407,76282],"suno_strategy":[],"class_list":["post-140586","post","type-post","status-publish","format-standard","has-post-thumbnail","hentry","category-negocios","tag-ccr-ccro3","tag-simpar-simh3"],"yoast_head":"<!-- This site is optimized with the Yoast SEO plugin v24.4 - https:\/\/yoast.com\/wordpress\/plugins\/seo\/ -->\n<title>CCR (CCRO3) e Simpar (SIMH3) devem disputar por ativos da CPTM<\/title>\n<meta name=\"description\" content=\"O leil\u00e3o da CPTM que acontece nesta ter\u00e7a-feira deve atrair alguns grandes nomes do mercado de transporte. Clique aqui para saber mais.\" \/>\n<meta name=\"robots\" content=\"index, follow, max-snippet:-1, max-image-preview:large, max-video-preview:-1\" \/>\n<link rel=\"canonical\" href=\"https:\/\/www.suno.com.br\/noticias\/ccr-ccra3-patria-simpar-simh3-disputa-cptm\/\" \/>\n<meta property=\"og:locale\" content=\"pt_BR\" \/>\n<meta property=\"og:type\" content=\"article\" \/>\n<meta property=\"og:title\" content=\"CCR (CCRO3) e Simpar (SIMH3) devem disputar por ativos da CPTM\" \/>\n<meta property=\"og:description\" content=\"O leil\u00e3o da CPTM que acontece nesta ter\u00e7a-feira deve atrair alguns grandes nomes do mercado de transporte. Clique aqui para saber mais.\" \/>\n<meta property=\"og:url\" content=\"https:\/\/www.suno.com.br\/noticias\/ccr-ccra3-patria-simpar-simh3-disputa-cptm\/\" \/>\n<meta property=\"og:site_name\" content=\"Suno Not\u00edcias\" \/>\n<meta property=\"article:publisher\" content=\"https:\/\/facebook.com\/sunoresearch\" \/>\n<meta property=\"og:image\" content=\"https:\/\/files.sunoresearch.com.br\/n\/uploads\/2021\/04\/3271dbec-train-3714601_1920.jpg\" \/>\n\t<meta property=\"og:image:width\" content=\"1920\" \/>\n\t<meta property=\"og:image:height\" content=\"1222\" \/>\n\t<meta property=\"og:image:type\" content=\"image\/jpeg\" \/>\n<meta name=\"author\" content=\"Vitor Azevedo\" \/>\n<meta name=\"twitter:card\" content=\"summary_large_image\" \/>\n<meta name=\"twitter:creator\" content=\"@sunoresearch\" \/>\n<meta name=\"twitter:site\" content=\"@sunoresearch\" \/>\n<meta name=\"twitter:label1\" content=\"Escrito por\" \/>\n\t<meta name=\"twitter:data1\" content=\"Vitor Azevedo\" \/>\n\t<meta name=\"twitter:label2\" content=\"Est. tempo de leitura\" \/>\n\t<meta name=\"twitter:data2\" content=\"2 minutos\" \/>\n<script type=\"application\/ld+json\" class=\"yoast-schema-graph\">{\"@context\":\"https:\/\/schema.org\",\"@graph\":[{\"@type\":\"NewsArticle\",\"@id\":\"https:\/\/www.suno.com.br\/noticias\/ccr-ccra3-patria-simpar-simh3-disputa-cptm\/#article\",\"isPartOf\":{\"@id\":\"https:\/\/www.suno.com.br\/noticias\/ccr-ccra3-patria-simpar-simh3-disputa-cptm\/\"},\"author\":{\"name\":\"Vitor Azevedo\",\"@id\":\"https:\/\/www.suno.com.br\/noticias\/#\/schema\/person\/658d5fbc74d81f265f5df3562d0038ab\"},\"headline\":\"CCR (CCRO3) e Simpar (SIMH3) devem disputar por ativos da CPTM\",\"datePublished\":\"2021-04-19T16:24:50+00:00\",\"mainEntityOfPage\":{\"@id\":\"https:\/\/www.suno.com.br\/noticias\/ccr-ccra3-patria-simpar-simh3-disputa-cptm\/\"},\"wordCount\":482,\"publisher\":{\"@id\":\"https:\/\/www.suno.com.br\/noticias\/#organization\"},\"image\":{\"@id\":\"https:\/\/www.suno.com.br\/noticias\/ccr-ccra3-patria-simpar-simh3-disputa-cptm\/#primaryimage\"},\"thumbnailUrl\":\"https:\/\/files.sunoresearch.com.br\/n\/uploads\/2021\/04\/3271dbec-train-3714601_1920-jpg.webp\",\"keywords\":[\"CCR (CCRO3)\",\"Simpar (SIMH3)\"],\"articleSection\":[\"Neg\u00f3cios\"],\"inLanguage\":\"pt-BR\"},{\"@type\":\"WebPage\",\"@id\":\"https:\/\/www.suno.com.br\/noticias\/ccr-ccra3-patria-simpar-simh3-disputa-cptm\/\",\"url\":\"https:\/\/www.suno.com.br\/noticias\/ccr-ccra3-patria-simpar-simh3-disputa-cptm\/\",\"name\":\"CCR (CCRO3) e Simpar (SIMH3) devem disputar por ativos da CPTM\",\"isPartOf\":{\"@id\":\"https:\/\/www.suno.com.br\/noticias\/#website\"},\"primaryImageOfPage\":{\"@id\":\"https:\/\/www.suno.com.br\/noticias\/ccr-ccra3-patria-simpar-simh3-disputa-cptm\/#primaryimage\"},\"image\":{\"@id\":\"https:\/\/www.suno.com.br\/noticias\/ccr-ccra3-patria-simpar-simh3-disputa-cptm\/#primaryimage\"},\"thumbnailUrl\":\"https:\/\/files.sunoresearch.com.br\/n\/uploads\/2021\/04\/3271dbec-train-3714601_1920-jpg.webp\",\"datePublished\":\"2021-04-19T16:24:50+00:00\",\"description\":\"O leil\u00e3o da CPTM que acontece nesta ter\u00e7a-feira deve atrair alguns grandes nomes do mercado de transporte. Clique aqui para saber mais.\",\"breadcrumb\":{\"@id\":\"https:\/\/www.suno.com.br\/noticias\/ccr-ccra3-patria-simpar-simh3-disputa-cptm\/#breadcrumb\"},\"inLanguage\":\"pt-BR\",\"potentialAction\":[{\"@type\":\"ReadAction\",\"target\":[\"https:\/\/www.suno.com.br\/noticias\/ccr-ccra3-patria-simpar-simh3-disputa-cptm\/\"]}]},{\"@type\":\"ImageObject\",\"inLanguage\":\"pt-BR\",\"@id\":\"https:\/\/www.suno.com.br\/noticias\/ccr-ccra3-patria-simpar-simh3-disputa-cptm\/#primaryimage\",\"url\":\"https:\/\/files.sunoresearch.com.br\/n\/uploads\/2021\/04\/3271dbec-train-3714601_1920-jpg.webp\",\"contentUrl\":\"https:\/\/files.sunoresearch.com.br\/n\/uploads\/2021\/04\/3271dbec-train-3714601_1920-jpg.webp\",\"width\":1920,\"height\":1222,\"caption\":\"Foto: Pixabay\"},{\"@type\":\"BreadcrumbList\",\"@id\":\"https:\/\/www.suno.com.br\/noticias\/ccr-ccra3-patria-simpar-simh3-disputa-cptm\/#breadcrumb\",\"itemListElement\":[{\"@type\":\"ListItem\",\"position\":1,\"name\":\"Not\u00edcias\",\"item\":\"https:\/\/www.suno.com.br\/noticias\/\"},{\"@type\":\"ListItem\",\"position\":2,\"name\":\"Neg\u00f3cios\",\"item\":\"https:\/\/www.suno.com.br\/noticias\/negocios\/\"},{\"@type\":\"ListItem\",\"position\":3,\"name\":\"CCR (CCRO3) e Simpar (SIMH3) devem disputar por ativos da CPTM\"}]},{\"@type\":\"WebSite\",\"@id\":\"https:\/\/www.suno.com.br\/noticias\/#website\",\"url\":\"https:\/\/www.suno.com.br\/noticias\/\",\"name\":\"Suno Not\u00edcias\",\"description\":\"Seu portal de informa\u00e7\u00e3o sobre o mundo dos investimentos\",\"publisher\":{\"@id\":\"https:\/\/www.suno.com.br\/noticias\/#organization\"},\"potentialAction\":[{\"@type\":\"SearchAction\",\"target\":{\"@type\":\"EntryPoint\",\"urlTemplate\":\"https:\/\/www.suno.com.br\/noticias\/?s={search_term_string}\"},\"query-input\":{\"@type\":\"PropertyValueSpecification\",\"valueRequired\":true,\"valueName\":\"search_term_string\"}}],\"inLanguage\":\"pt-BR\"},{\"@type\":\"Organization\",\"@id\":\"https:\/\/www.suno.com.br\/noticias\/#organization\",\"name\":\"Suno Not\u00edcias\",\"url\":\"https:\/\/www.suno.com.br\/noticias\/\",\"logo\":{\"@type\":\"ImageObject\",\"inLanguage\":\"pt-BR\",\"@id\":\"https:\/\/www.suno.com.br\/noticias\/#\/schema\/logo\/image\/\",\"url\":\"https:\/\/files.sunoresearch.com.br\/n\/uploads\/2021\/09\/suno-logo.png\",\"contentUrl\":\"https:\/\/files.sunoresearch.com.br\/n\/uploads\/2021\/09\/suno-logo.png\",\"width\":180,\"height\":180,\"caption\":\"Suno Not\u00edcias\"},\"image\":{\"@id\":\"https:\/\/www.suno.com.br\/noticias\/#\/schema\/logo\/image\/\"},\"sameAs\":[\"https:\/\/facebook.com\/sunoresearch\",\"https:\/\/x.com\/sunoresearch\",\"https:\/\/www.instagram.com\/suno\",\"https:\/\/www.linkedin.com\/company\/suno-research\/\",\"https:\/\/www.youtube.com\/c\/sunoresearch\"]},{\"@type\":\"Person\",\"@id\":\"https:\/\/www.suno.com.br\/noticias\/#\/schema\/person\/658d5fbc74d81f265f5df3562d0038ab\",\"name\":\"Vitor Azevedo\",\"image\":{\"@type\":\"ImageObject\",\"inLanguage\":\"pt-BR\",\"@id\":\"https:\/\/www.suno.com.br\/noticias\/#\/schema\/person\/image\/\",\"url\":\"https:\/\/secure.gravatar.com\/avatar\/62b86195291b446fe380824eb28b99a5?s=96&r=g\",\"contentUrl\":\"https:\/\/secure.gravatar.com\/avatar\/62b86195291b446fe380824eb28b99a5?s=96&r=g\",\"caption\":\"Vitor Azevedo\"},\"description\":\"Formado em jornalismo pela Unesp, escreve sobre economia e neg\u00f3cios para a Suno Not\u00edcias.\",\"url\":\"https:\/\/www.suno.com.br\/noticias\/author\/vitor-azevedo\/\"}]}<\/script>\n<!-- \/ Yoast SEO plugin. -->","yoast_head_json":{"title":"CCR (CCRO3) e Simpar (SIMH3) devem disputar por ativos da CPTM","description":"O leil\u00e3o da CPTM que acontece nesta ter\u00e7a-feira deve atrair alguns grandes nomes do mercado de transporte. Clique aqui para saber mais.","robots":{"index":"index","follow":"follow","max-snippet":"max-snippet:-1","max-image-preview":"max-image-preview:large","max-video-preview":"max-video-preview:-1"},"canonical":"https:\/\/www.suno.com.br\/noticias\/ccr-ccra3-patria-simpar-simh3-disputa-cptm\/","og_locale":"pt_BR","og_type":"article","og_title":"CCR (CCRO3) e Simpar (SIMH3) devem disputar por ativos da CPTM","og_description":"O leil\u00e3o da CPTM que acontece nesta ter\u00e7a-feira deve atrair alguns grandes nomes do mercado de transporte. Clique aqui para saber mais.","og_url":"https:\/\/www.suno.com.br\/noticias\/ccr-ccra3-patria-simpar-simh3-disputa-cptm\/","og_site_name":"Suno Not\u00edcias","article_publisher":"https:\/\/facebook.com\/sunoresearch","og_image":[{"width":1920,"height":1222,"url":"https:\/\/files.sunoresearch.com.br\/n\/uploads\/2021\/04\/3271dbec-train-3714601_1920.jpg","type":"image\/jpeg"}],"author":"Vitor Azevedo","twitter_card":"summary_large_image","twitter_creator":"@sunoresearch","twitter_site":"@sunoresearch","twitter_misc":{"Escrito por":"Vitor Azevedo","Est. tempo de leitura":"2 minutos"},"schema":{"@context":"https:\/\/schema.org","@graph":[{"@type":"NewsArticle","@id":"https:\/\/www.suno.com.br\/noticias\/ccr-ccra3-patria-simpar-simh3-disputa-cptm\/#article","isPartOf":{"@id":"https:\/\/www.suno.com.br\/noticias\/ccr-ccra3-patria-simpar-simh3-disputa-cptm\/"},"author":{"name":"Vitor Azevedo","@id":"https:\/\/www.suno.com.br\/noticias\/#\/schema\/person\/658d5fbc74d81f265f5df3562d0038ab"},"headline":"CCR (CCRO3) e Simpar (SIMH3) devem disputar por ativos da CPTM","datePublished":"2021-04-19T16:24:50+00:00","mainEntityOfPage":{"@id":"https:\/\/www.suno.com.br\/noticias\/ccr-ccra3-patria-simpar-simh3-disputa-cptm\/"},"wordCount":482,"publisher":{"@id":"https:\/\/www.suno.com.br\/noticias\/#organization"},"image":{"@id":"https:\/\/www.suno.com.br\/noticias\/ccr-ccra3-patria-simpar-simh3-disputa-cptm\/#primaryimage"},"thumbnailUrl":"https:\/\/files.sunoresearch.com.br\/n\/uploads\/2021\/04\/3271dbec-train-3714601_1920-jpg.webp","keywords":["CCR (CCRO3)","Simpar (SIMH3)"],"articleSection":["Neg\u00f3cios"],"inLanguage":"pt-BR"},{"@type":"WebPage","@id":"https:\/\/www.suno.com.br\/noticias\/ccr-ccra3-patria-simpar-simh3-disputa-cptm\/","url":"https:\/\/www.suno.com.br\/noticias\/ccr-ccra3-patria-simpar-simh3-disputa-cptm\/","name":"CCR (CCRO3) e Simpar (SIMH3) devem disputar por ativos da CPTM","isPartOf":{"@id":"https:\/\/www.suno.com.br\/noticias\/#website"},"primaryImageOfPage":{"@id":"https:\/\/www.suno.com.br\/noticias\/ccr-ccra3-patria-simpar-simh3-disputa-cptm\/#primaryimage"},"image":{"@id":"https:\/\/www.suno.com.br\/noticias\/ccr-ccra3-patria-simpar-simh3-disputa-cptm\/#primaryimage"},"thumbnailUrl":"https:\/\/files.sunoresearch.com.br\/n\/uploads\/2021\/04\/3271dbec-train-3714601_1920-jpg.webp","datePublished":"2021-04-19T16:24:50+00:00","description":"O leil\u00e3o da CPTM que acontece nesta ter\u00e7a-feira deve atrair alguns grandes nomes do mercado de transporte. Clique aqui para saber mais.","breadcrumb":{"@id":"https:\/\/www.suno.com.br\/noticias\/ccr-ccra3-patria-simpar-simh3-disputa-cptm\/#breadcrumb"},"inLanguage":"pt-BR","potentialAction":[{"@type":"ReadAction","target":["https:\/\/www.suno.com.br\/noticias\/ccr-ccra3-patria-simpar-simh3-disputa-cptm\/"]}]},{"@type":"ImageObject","inLanguage":"pt-BR","@id":"https:\/\/www.suno.com.br\/noticias\/ccr-ccra3-patria-simpar-simh3-disputa-cptm\/#primaryimage","url":"https:\/\/files.sunoresearch.com.br\/n\/uploads\/2021\/04\/3271dbec-train-3714601_1920-jpg.webp","contentUrl":"https:\/\/files.sunoresearch.com.br\/n\/uploads\/2021\/04\/3271dbec-train-3714601_1920-jpg.webp","width":1920,"height":1222,"caption":"Foto: Pixabay"},{"@type":"BreadcrumbList","@id":"https:\/\/www.suno.com.br\/noticias\/ccr-ccra3-patria-simpar-simh3-disputa-cptm\/#breadcrumb","itemListElement":[{"@type":"ListItem","position":1,"name":"Not\u00edcias","item":"https:\/\/www.suno.com.br\/noticias\/"},{"@type":"ListItem","position":2,"name":"Neg\u00f3cios","item":"https:\/\/www.suno.com.br\/noticias\/negocios\/"},{"@type":"ListItem","position":3,"name":"CCR (CCRO3) e Simpar (SIMH3) devem disputar por ativos da CPTM"}]},{"@type":"WebSite","@id":"https:\/\/www.suno.com.br\/noticias\/#website","url":"https:\/\/www.suno.com.br\/noticias\/","name":"Suno Not\u00edcias","description":"Seu portal de informa\u00e7\u00e3o sobre o mundo dos investimentos","publisher":{"@id":"https:\/\/www.suno.com.br\/noticias\/#organization"},"potentialAction":[{"@type":"SearchAction","target":{"@type":"EntryPoint","urlTemplate":"https:\/\/www.suno.com.br\/noticias\/?s={search_term_string}"},"query-input":{"@type":"PropertyValueSpecification","valueRequired":true,"valueName":"search_term_string"}}],"inLanguage":"pt-BR"},{"@type":"Organization","@id":"https:\/\/www.suno.com.br\/noticias\/#organization","name":"Suno Not\u00edcias","url":"https:\/\/www.suno.com.br\/noticias\/","logo":{"@type":"ImageObject","inLanguage":"pt-BR","@id":"https:\/\/www.suno.com.br\/noticias\/#\/schema\/logo\/image\/","url":"https:\/\/files.sunoresearch.com.br\/n\/uploads\/2021\/09\/suno-logo.png","contentUrl":"https:\/\/files.sunoresearch.com.br\/n\/uploads\/2021\/09\/suno-logo.png","width":180,"height":180,"caption":"Suno Not\u00edcias"},"image":{"@id":"https:\/\/www.suno.com.br\/noticias\/#\/schema\/logo\/image\/"},"sameAs":["https:\/\/facebook.com\/sunoresearch","https:\/\/x.com\/sunoresearch","https:\/\/www.instagram.com\/suno","https:\/\/www.linkedin.com\/company\/suno-research\/","https:\/\/www.youtube.com\/c\/sunoresearch"]},{"@type":"Person","@id":"https:\/\/www.suno.com.br\/noticias\/#\/schema\/person\/658d5fbc74d81f265f5df3562d0038ab","name":"Vitor Azevedo","image":{"@type":"ImageObject","inLanguage":"pt-BR","@id":"https:\/\/www.suno.com.br\/noticias\/#\/schema\/person\/image\/","url":"https:\/\/secure.gravatar.com\/avatar\/62b86195291b446fe380824eb28b99a5?s=96&r=g","contentUrl":"https:\/\/secure.gravatar.com\/avatar\/62b86195291b446fe380824eb28b99a5?s=96&r=g","caption":"Vitor Azevedo"},"description":"Formado em jornalismo pela Unesp, escreve sobre economia e neg\u00f3cios para a Suno Not\u00edcias.","url":"https:\/\/www.suno.com.br\/noticias\/author\/vitor-azevedo\/"}]}},"default_loop_html":"<div class=\"cardsPage__listCard__boxs\"><div class=\"cardsPage__listCard__boxs__img\"><a href=\"https:\/\/www.suno.com.br\/noticias\/ccr-ccra3-patria-simpar-simh3-disputa-cptm\/\"><img class=\"mask\" src=\"https:\/\/www.suno.com.br\/noticias\/wp-content\/themes\/suno\/resources\/images\/spotlight\/spotlight1img\/bg-mask.png\" alt=\"Image Mask\"\/><img src=\"https:\/\/files.sunoresearch.com.br\/n\/uploads\/2021\/04\/3271dbec-train-3714601_1920-400x200.webp\" alt=\"CCR (CCRO3) e Simpar (SIMH3) devem disputar por ativos da CPTM\"\/><\/a><span class=\"spotlightCategory\"><a href=\"https:\/\/www.suno.com.br\/noticias\/negocios\/\">Neg\u00f3cios<\/a><\/span><\/div><div class=\"cardsPage__listCard__boxs__content\"><a href=\"https:\/\/www.suno.com.br\/noticias\/ccr-ccra3-patria-simpar-simh3-disputa-cptm\/\"><h2 class=\"content__title\">CCR (CCRO3) e Simpar (SIMH3) devem disputar por ativos da CPTM<\/h2><\/a><div class=\"newsContent__article__meta\"><div class=\"newsContent__article__meta__authorBox\"><a href=\"https:\/\/www.suno.com.br\/noticias\/author\/vitor-azevedo\/\" class=\"authorBox__avatar noMobi\"><img src=\"https:\/\/secure.gravatar.com\/avatar\/62b86195291b446fe380824eb28b99a5?s=96&#038;r=g\" alt=\"Vitor Azevedo\"><\/a><div class=\"authorBox__name\"><span>por\n\t\t\t<a href=\"https:\/\/www.suno.com.br\/noticias\/author\/vitor-azevedo\/\"><span itemprop=\"author\">Vitor Azevedo<\/span><\/a><\/span><time datetime=\"2021-04-19T13:24:50-03:00\" itemprop=\"datePublished\">19\/04\/2021 13:24<\/time><\/div><\/div><\/div><\/div><\/div>","single_layout":"posts","amp_enabled":true,"_links":{"self":[{"href":"https:\/\/www.suno.com.br\/noticias\/wp-json\/wp\/v2\/posts\/140586"}],"collection":[{"href":"https:\/\/www.suno.com.br\/noticias\/wp-json\/wp\/v2\/posts"}],"about":[{"href":"https:\/\/www.suno.com.br\/noticias\/wp-json\/wp\/v2\/types\/post"}],"author":[{"embeddable":true,"href":"https:\/\/www.suno.com.br\/noticias\/wp-json\/wp\/v2\/users\/59"}],"replies":[{"embeddable":true,"href":"https:\/\/www.suno.com.br\/noticias\/wp-json\/wp\/v2\/comments?post=140586"}],"version-history":[{"count":3,"href":"https:\/\/www.suno.com.br\/noticias\/wp-json\/wp\/v2\/posts\/140586\/revisions"}],"predecessor-version":[{"id":141090,"href":"https:\/\/www.suno.com.br\/noticias\/wp-json\/wp\/v2\/posts\/140586\/revisions\/141090"}],"wp:featuredmedia":[{"embeddable":true,"href":"https:\/\/www.suno.com.br\/noticias\/wp-json\/wp\/v2\/media\/140611"}],"wp:attachment":[{"href":"https:\/\/www.suno.com.br\/noticias\/wp-json\/wp\/v2\/media?parent=140586"}],"wp:term":[{"taxonomy":"category","embeddable":true,"href":"https:\/\/www.suno.com.br\/noticias\/wp-json\/wp\/v2\/categories?post=140586"},{"taxonomy":"post_tag","embeddable":true,"href":"https:\/\/www.suno.com.br\/noticias\/wp-json\/wp\/v2\/tags?post=140586"},{"taxonomy":"suno_strategy","embeddable":true,"href":"https:\/\/www.suno.com.br\/noticias\/wp-json\/wp\/v2\/suno_strategy?post=140586"}],"curies":[{"name":"wp","href":"https:\/\/api.w.org\/{rel}","templated":true}]}}