{"id":140573,"date":"2021-04-19T11:55:55","date_gmt":"2021-04-19T14:55:55","guid":{"rendered":"https:\/\/www.suno.com.br\/noticias\/?p=140573"},"modified":"2021-04-19T18:27:33","modified_gmt":"2021-04-19T21:27:33","slug":"lojas-renner-lren3-dividendos-30-milhoes","status":"publish","type":"post","link":"https:\/\/www.suno.com.br\/noticias\/lojas-renner-lren3-dividendos-30-milhoes\/","title":{"rendered":"Lojas Renner (LREN3) ir\u00e1 pagar R$ 30 milh\u00f5es em dividendos"},"content":{"rendered":"<p>A <a href=\"https:\/\/www.suno.com.br\/acoes\/lren3\/\"><strong>Lojas Renner<\/strong> (LREN3) <\/a>anunciou que o conselho de administra\u00e7\u00e3o aprovou o pagamento de R$ 30,8 milh\u00f5es em <a href=\"https:\/\/www.suno.com.br\/dividendos\/\">dividendos<\/a>, correspondentes a R$ 0,03894 por a\u00e7\u00e3o ordin\u00e1ria.<\/p>\t<div class=\"wrapper-featured-image\">\n\t\t<figure class=\"spotlightImg\">\n\n\t\t\t<picture>\n\t\t\t\t<source media=\"(max-width: 768px)\" srcset=\"https:\/\/files.sunoresearch.com.br\/n\/uploads\/2021\/03\/daa149f3-lojas-renner-2-400x200.webp\">\n\t\t\t\t<img loading=\"lazy\" decoding=\"async\" class=\"newsContent__article__imgCapa lazyloadDisabled \" src=\"https:\/\/files.sunoresearch.com.br\/n\/uploads\/2021\/03\/daa149f3-lojas-renner-2-800x450.webp\" width=\"800\" height=\"450\" alt=\"Lojas Renner (LREN3) ir\u00e1 pagar R$ 30 milh\u00f5es em dividendos\" fetchpriority=high \/>\n\t\t\t<\/picture>\n\n\t\t\t<figcaption class=\"wp-caption-text wp-caption-text--show\">Lojas Renner (LREN3). Foto: Divulga\u00e7\u00e3o <\/figcaption>\n\t\t<\/figure>\n\t<\/div>\n\n\n\t<p>\n\t\t<a href=\"https:\/\/lp.suno.com.br\/planilha-controle-gastos\/\" target=\"_blank\" data-element=\"shortcode-suno-banner\" title=\"Banner SUNO, clique e saiba mais\">\n\t\t\t<picture>\n\t\t\t\t<source media=\"(max-width: 500px)\" srcset=\"https:\/\/files.sunoresearch.com.br\/n\/uploads\/2023\/03\/400x300-Planilha-controle-de-gastos.png\">\n\t\t\t\t<img class=\"newsContent__article__imgCapa newsContent__article__imgCapa--banner\"\n\t\t\t\t\tsrc=\"https:\/\/files.sunoresearch.com.br\/n\/uploads\/2023\/03\/1420x240-Planilha-controle-de-gastos.png\"\n\t\t\t\t\tdata-promo-id=\"101751\"\t\t\t\t\t\t\t\t\t\twidth='1420' height='240'\t\t\t\t\talt=\"https:\/\/files.sunoresearch.com.br\/n\/uploads\/2023\/03\/1420x240-Planilha-controle-de-gastos.png\"\n\t\t\t\t>\n\t\t\t<\/picture>\n\t\t<\/a>\n\t<\/p>\n\n\n<p>Segundo o fato relevante da Lojas Renner, ter\u00e3o direito aos dividendos aqueles com posi\u00e7\u00e3o acion\u00e1ria registrada em 23 de abril. A partir de 26 de abril, os pap\u00e9is da companhia ser\u00e3o negociadas &#8216;ex-dividendos&#8217;.<\/p>\n<p><iframe loading=\"lazy\" title=\"\ud83d\udd34CEO da Magalu (MGLU3) compra parte de jornal, Lojas Renner (LREN3) distribui dividendos\" width=\"1080\" height=\"608\" src=\"https:\/\/www.youtube.com\/embed\/MFlj899RChU?feature=oembed&#038;enablejsapi=1&#038;origin=https:\/\/www.suno.com.br\" frameborder=\"0\" allow=\"accelerometer; autoplay; clipboard-write; encrypted-media; gyroscope; picture-in-picture\" allowfullscreen><\/iframe><\/p>\n<p><a href=\"https:\/\/lp.suno.com.br\/suno-one\/\">Suno One: acesse gratuitamente eBooks, Minicursos, Artigos e V\u00eddeo Aulas sobre investimentos com um \u00fanico cadastro. Clique para saber mais!<\/a><\/p>\n<p>No documento, a empresa explica que ir\u00e1 distribuir um total de R$ 271,7 milh\u00f5es aos acionistas, correspondentes a 27,8% do lucro l\u00edquido ajustado de 2020. Deste valor, R$ 240,8 milh\u00f5es j\u00e1 foram liberados como <a href=\"https:\/\/www.suno.com.br\/artigos\/entenda-o-jcp\/\">juros sobre capital pr\u00f3prio (JCP)<\/a> e o restante do montante est\u00e1 sendo distribu\u00eddo como dividendos.<\/p>\n<p>Ap\u00f3s o documento com an\u00fancio do pagamentos de dividendos e da oferta de a\u00e7\u00f5es de at\u00e9 R$ 6,45 bilh\u00f5es, as a\u00e7\u00f5es da Renner, por volta das 11h50, tinham queda de 1,56%, negociados a R$ 46,20.<\/p>\n<h2>Lojas Renner confirma oferta de a\u00e7\u00f5es de at\u00e9 R$ 6,45 bi e prev\u00ea investimentos<\/h2>\n<p>A <strong>Lojas Renner<\/strong> confirmou que far\u00e1 uma oferta de a\u00e7\u00f5es que pode atingir R$ 6,45 bilh\u00f5es. Segundo o fato relevante, a opera\u00e7\u00e3o contar\u00e1 com a emiss\u00e3o de 102 milh\u00f5es de novas a\u00e7\u00f5es, podendo ser\u00e1 acrescida em 35% caso haja demanda. A estimativa tem como base a cota\u00e7\u00e3o atual, de R$ 46,90.<\/p>\n<p>Na \u00faltima sexta-feira (16), <a href=\"https:\/\/www.suno.com.br\/noticias\/ibovespa-varejo-quarentena-lojas-renner-lren3-acoes-16042021\/\">as a\u00e7\u00f5es da Lojas Renner dispararam<\/a> com o rumor no mercado de que uma oferta de a\u00e7\u00f5es estaria sendo preparada para que a companhia pudesse comprar algum concorrente no setor, como a <a href=\"https:\/\/www.suno.com.br\/acoes\/ceab3\/\"><strong>C&amp;A<\/strong> (CEAB3)<\/a> ou <a href=\"https:\/\/www.suno.com.br\/acoes\/amar3\/\"><strong>Marisa<\/strong> (AMAR3)<\/a>. A empresa confirmou que estudava a emiss\u00e3o, mas n\u00e3o citou inten\u00e7\u00f5es de aquisi\u00e7\u00e3o.<\/p>\n\t<div data-element=\"shortcode-read-more\" class=\"knowMore\">\n\t\t\t\t<span class=\"knowMore__title\">Saiba Mais<\/span>\n\t\t\t\t<a class=\"knowMore__link\" href=\"https:\/\/www.suno.com.br\/noticias\/lojas-renner-lren3-oferta-de-acoes-6-bilhoes\/\">\n\t\t\tLojas Renner (LREN3) confirma oferta de a\u00e7\u00f5es de at\u00e9 R$ 6,45 bi e prev\u00ea investimentos\t\t<\/a>\n\t<\/div>\n\n\n<p>A opera\u00e7\u00e3o ocorrer\u00e1 no \u00e2mbito da Instru\u00e7\u00e3o 476 da\u00a0<a href=\"https:\/\/www.suno.com.br\/artigos\/cvm\/\">Comiss\u00e3o de Valores Mobili\u00e1rios (<strong>CVM<\/strong>)<\/a>, sendo uma\u00a0<strong>oferta restrita<\/strong>. O per\u00edodo de subscri\u00e7\u00e3o da oferta priorit\u00e1ria ocorrer\u00e1 entre hoje e a pr\u00f3xima segunda-feira (26).<\/p>\n<p>A fixa\u00e7\u00e3o do pre\u00e7o por a\u00e7\u00e3o ap\u00f3s o procedimento de <em>bookbuilding<\/em>, por sua vez, ser\u00e1 no dia 29 de abril, com o in\u00edcio de negocia\u00e7\u00e3o das a\u00e7\u00f5es na B3 no dia 3 de maio. Os recursos captados com a oferta ser\u00e3o destinados da seguinte maneira:<\/p>\n<ul>\n<li>Desenvolvimento do ecossistema de moda e <em>lifestyle<\/em> atrav\u00e9s de iniciativas org\u00e2nicas e inorg\u00e2nicas;<\/li>\n<li>Continuidade de digitaliza\u00e7\u00e3o dos processos da empresa;<\/li>\n<li>Constru\u00e7\u00e3o de um novo centro de distribui\u00e7\u00e3o;<\/li>\n<li>Expans\u00e3o de lojas f\u00edsicas;<\/li>\n<li>Amplia\u00e7\u00e3o dos servi\u00e7os financeiros ofertados;<\/li>\n<li>Flexibilidade em realizar novos investimentos.<\/li>\n<\/ul>\n<p>O bancos coordenadores da oferta da<strong> Lojas Renner<\/strong> ser\u00e3o Ita\u00fa BBA, <a href=\"https:\/\/www.suno.com.br\/acoes\/bpac11\/\">BTG Pactual (BPAC11)<\/a>, JP Morgan, Morgan Stanley e <a href=\"https:\/\/www.suno.com.br\/acoes\/sanb11\/\">Santander (SANB11)<\/a>. As a\u00e7\u00f5es ser\u00e3o colocadas em regime de garantia firme de liquida\u00e7\u00e3o.<\/p>\n\t<p>\n\t\t<a href=\"https:\/\/lp.suno.com.br\/planilha-de-controle-de-investimentos\/\" target=\"_blank\" data-element=\"shortcode-suno-banner\" title=\"Banner SUNO, clique e saiba mais\">\n\t\t\t<picture>\n\t\t\t\t<source media=\"(max-width: 500px)\" srcset=\"https:\/\/files.sunoresearch.com.br\/n\/uploads\/2023\/03\/400x300-Controle-de-Investimentos.png\">\n\t\t\t\t<img class=\"newsContent__article__imgCapa newsContent__article__imgCapa--banner\"\n\t\t\t\t\tsrc=\"https:\/\/files.sunoresearch.com.br\/n\/uploads\/2023\/03\/1420x240-Controle-de-Investimentos.png\"\n\t\t\t\t\tdata-promo-id=\"75934\"\t\t\t\t\t\t\t\t\t\twidth='1420' height='240'\t\t\t\t\talt=\"https:\/\/files.sunoresearch.com.br\/n\/uploads\/2023\/03\/1420x240-Controle-de-Investimentos.png\"\n\t\t\t\t>\n\t\t\t<\/picture>\n\t\t<\/a>\n\t<\/p>\n\n\n","protected":false},"excerpt":{"rendered":"<p>A Lojas Renner (LREN3) anunciou que o conselho de administra\u00e7\u00e3o aprovou o pagamento de R$ 30,8 milh\u00f5es em dividendos, correspondentes a R$ 0,03894 por a\u00e7\u00e3o ordin\u00e1ria. Lojas Renner (LREN3). Foto: Divulga\u00e7\u00e3o Segundo o fato relevante da Lojas Renner, ter\u00e3o direito aos dividendos aqueles com posi\u00e7\u00e3o acion\u00e1ria registrada em 23 de abril. A partir de 26 [&hellip;]<\/p>\n","protected":false},"author":15,"featured_media":130382,"comment_status":"closed","ping_status":"closed","sticky":false,"template":"","format":"standard","meta":[],"categories":[64],"tags":[542],"suno_strategy":[],"class_list":["post-140573","post","type-post","status-publish","format-standard","has-post-thumbnail","hentry","category-negocios","tag-lojas-renner-lren3"],"yoast_head":"<!-- This site is optimized with the Yoast SEO plugin v24.4 - https:\/\/yoast.com\/wordpress\/plugins\/seo\/ -->\n<title>Lojas Renner (LREN3) ir\u00e1 pagar R$ 30 milh\u00f5es em dividendos<\/title>\n<meta name=\"description\" content=\"A Lojas Renner (LREN3) anunciou que o conselho de administra\u00e7\u00e3o aprovou o pagamento de R$ 30,8 milh\u00f5es em dividendos. Clique aqui\" \/>\n<meta name=\"robots\" content=\"index, follow, max-snippet:-1, max-image-preview:large, max-video-preview:-1\" \/>\n<link rel=\"canonical\" href=\"https:\/\/www.suno.com.br\/noticias\/lojas-renner-lren3-dividendos-30-milhoes\/\" \/>\n<meta property=\"og:locale\" content=\"pt_BR\" \/>\n<meta property=\"og:type\" content=\"article\" \/>\n<meta property=\"og:title\" content=\"Lojas Renner (LREN3) ir\u00e1 pagar R$ 30 milh\u00f5es em dividendos\" \/>\n<meta property=\"og:description\" content=\"A Lojas Renner (LREN3) anunciou que o conselho de administra\u00e7\u00e3o aprovou o pagamento de R$ 30,8 milh\u00f5es em dividendos. Clique aqui\" \/>\n<meta property=\"og:url\" content=\"https:\/\/www.suno.com.br\/noticias\/lojas-renner-lren3-dividendos-30-milhoes\/\" \/>\n<meta property=\"og:site_name\" content=\"Suno Not\u00edcias\" \/>\n<meta property=\"article:publisher\" content=\"https:\/\/facebook.com\/sunoresearch\" \/>\n<meta property=\"og:image\" content=\"https:\/\/files.sunoresearch.com.br\/n\/uploads\/2021\/03\/daa149f3-lojas-renner-2.jpg\" \/>\n\t<meta property=\"og:image:width\" content=\"1200\" \/>\n\t<meta property=\"og:image:height\" content=\"800\" \/>\n\t<meta property=\"og:image:type\" content=\"image\/jpeg\" \/>\n<meta name=\"author\" content=\"Poliana Santos\" \/>\n<meta name=\"twitter:card\" content=\"summary_large_image\" \/>\n<meta name=\"twitter:creator\" content=\"@sunoresearch\" \/>\n<meta name=\"twitter:site\" content=\"@sunoresearch\" \/>\n<meta name=\"twitter:label1\" content=\"Escrito por\" \/>\n\t<meta name=\"twitter:data1\" content=\"Poliana Santos\" \/>\n\t<meta name=\"twitter:label2\" content=\"Est. tempo de leitura\" \/>\n\t<meta name=\"twitter:data2\" content=\"2 minutos\" \/>\n<script type=\"application\/ld+json\" class=\"yoast-schema-graph\">{\"@context\":\"https:\/\/schema.org\",\"@graph\":[{\"@type\":\"NewsArticle\",\"@id\":\"https:\/\/www.suno.com.br\/noticias\/lojas-renner-lren3-dividendos-30-milhoes\/#article\",\"isPartOf\":{\"@id\":\"https:\/\/www.suno.com.br\/noticias\/lojas-renner-lren3-dividendos-30-milhoes\/\"},\"author\":{\"name\":\"Poliana Santos\",\"@id\":\"https:\/\/www.suno.com.br\/noticias\/#\/schema\/person\/02ec1f752758247878a2bf4abee1aeda\"},\"headline\":\"Lojas Renner (LREN3) ir\u00e1 pagar R$ 30 milh\u00f5es em dividendos\",\"datePublished\":\"2021-04-19T14:55:55+00:00\",\"dateModified\":\"2021-04-19T21:27:33+00:00\",\"mainEntityOfPage\":{\"@id\":\"https:\/\/www.suno.com.br\/noticias\/lojas-renner-lren3-dividendos-30-milhoes\/\"},\"wordCount\":509,\"publisher\":{\"@id\":\"https:\/\/www.suno.com.br\/noticias\/#organization\"},\"image\":{\"@id\":\"https:\/\/www.suno.com.br\/noticias\/lojas-renner-lren3-dividendos-30-milhoes\/#primaryimage\"},\"thumbnailUrl\":\"https:\/\/files.sunoresearch.com.br\/n\/uploads\/2021\/03\/daa149f3-lojas-renner-2-jpg.webp\",\"keywords\":[\"Lojas Renner (LREN3)\"],\"articleSection\":[\"Neg\u00f3cios\"],\"inLanguage\":\"pt-BR\"},{\"@type\":\"WebPage\",\"@id\":\"https:\/\/www.suno.com.br\/noticias\/lojas-renner-lren3-dividendos-30-milhoes\/\",\"url\":\"https:\/\/www.suno.com.br\/noticias\/lojas-renner-lren3-dividendos-30-milhoes\/\",\"name\":\"Lojas Renner (LREN3) ir\u00e1 pagar R$ 30 milh\u00f5es em dividendos\",\"isPartOf\":{\"@id\":\"https:\/\/www.suno.com.br\/noticias\/#website\"},\"primaryImageOfPage\":{\"@id\":\"https:\/\/www.suno.com.br\/noticias\/lojas-renner-lren3-dividendos-30-milhoes\/#primaryimage\"},\"image\":{\"@id\":\"https:\/\/www.suno.com.br\/noticias\/lojas-renner-lren3-dividendos-30-milhoes\/#primaryimage\"},\"thumbnailUrl\":\"https:\/\/files.sunoresearch.com.br\/n\/uploads\/2021\/03\/daa149f3-lojas-renner-2-jpg.webp\",\"datePublished\":\"2021-04-19T14:55:55+00:00\",\"dateModified\":\"2021-04-19T21:27:33+00:00\",\"description\":\"A Lojas Renner (LREN3) anunciou que o conselho de administra\u00e7\u00e3o aprovou o pagamento de R$ 30,8 milh\u00f5es em dividendos. Clique aqui\",\"breadcrumb\":{\"@id\":\"https:\/\/www.suno.com.br\/noticias\/lojas-renner-lren3-dividendos-30-milhoes\/#breadcrumb\"},\"inLanguage\":\"pt-BR\",\"potentialAction\":[{\"@type\":\"ReadAction\",\"target\":[\"https:\/\/www.suno.com.br\/noticias\/lojas-renner-lren3-dividendos-30-milhoes\/\"]}]},{\"@type\":\"ImageObject\",\"inLanguage\":\"pt-BR\",\"@id\":\"https:\/\/www.suno.com.br\/noticias\/lojas-renner-lren3-dividendos-30-milhoes\/#primaryimage\",\"url\":\"https:\/\/files.sunoresearch.com.br\/n\/uploads\/2021\/03\/daa149f3-lojas-renner-2-jpg.webp\",\"contentUrl\":\"https:\/\/files.sunoresearch.com.br\/n\/uploads\/2021\/03\/daa149f3-lojas-renner-2-jpg.webp\",\"width\":1200,\"height\":800,\"caption\":\"Lojas Renner (LREN3). Foto: Divulga\u00e7\u00e3o\"},{\"@type\":\"BreadcrumbList\",\"@id\":\"https:\/\/www.suno.com.br\/noticias\/lojas-renner-lren3-dividendos-30-milhoes\/#breadcrumb\",\"itemListElement\":[{\"@type\":\"ListItem\",\"position\":1,\"name\":\"Not\u00edcias\",\"item\":\"https:\/\/www.suno.com.br\/noticias\/\"},{\"@type\":\"ListItem\",\"position\":2,\"name\":\"Neg\u00f3cios\",\"item\":\"https:\/\/www.suno.com.br\/noticias\/negocios\/\"},{\"@type\":\"ListItem\",\"position\":3,\"name\":\"Lojas Renner (LREN3) ir\u00e1 pagar R$ 30 milh\u00f5es em dividendos\"}]},{\"@type\":\"WebSite\",\"@id\":\"https:\/\/www.suno.com.br\/noticias\/#website\",\"url\":\"https:\/\/www.suno.com.br\/noticias\/\",\"name\":\"Suno Not\u00edcias\",\"description\":\"Seu portal de informa\u00e7\u00e3o sobre o mundo dos investimentos\",\"publisher\":{\"@id\":\"https:\/\/www.suno.com.br\/noticias\/#organization\"},\"potentialAction\":[{\"@type\":\"SearchAction\",\"target\":{\"@type\":\"EntryPoint\",\"urlTemplate\":\"https:\/\/www.suno.com.br\/noticias\/?s={search_term_string}\"},\"query-input\":{\"@type\":\"PropertyValueSpecification\",\"valueRequired\":true,\"valueName\":\"search_term_string\"}}],\"inLanguage\":\"pt-BR\"},{\"@type\":\"Organization\",\"@id\":\"https:\/\/www.suno.com.br\/noticias\/#organization\",\"name\":\"Suno Not\u00edcias\",\"url\":\"https:\/\/www.suno.com.br\/noticias\/\",\"logo\":{\"@type\":\"ImageObject\",\"inLanguage\":\"pt-BR\",\"@id\":\"https:\/\/www.suno.com.br\/noticias\/#\/schema\/logo\/image\/\",\"url\":\"https:\/\/files.sunoresearch.com.br\/n\/uploads\/2021\/09\/suno-logo.png\",\"contentUrl\":\"https:\/\/files.sunoresearch.com.br\/n\/uploads\/2021\/09\/suno-logo.png\",\"width\":180,\"height\":180,\"caption\":\"Suno Not\u00edcias\"},\"image\":{\"@id\":\"https:\/\/www.suno.com.br\/noticias\/#\/schema\/logo\/image\/\"},\"sameAs\":[\"https:\/\/facebook.com\/sunoresearch\",\"https:\/\/x.com\/sunoresearch\",\"https:\/\/www.instagram.com\/suno\",\"https:\/\/www.linkedin.com\/company\/suno-research\/\",\"https:\/\/www.youtube.com\/c\/sunoresearch\"]},{\"@type\":\"Person\",\"@id\":\"https:\/\/www.suno.com.br\/noticias\/#\/schema\/person\/02ec1f752758247878a2bf4abee1aeda\",\"name\":\"Poliana Santos\",\"image\":{\"@type\":\"ImageObject\",\"inLanguage\":\"pt-BR\",\"@id\":\"https:\/\/www.suno.com.br\/noticias\/#\/schema\/person\/image\/\",\"url\":\"https:\/\/secure.gravatar.com\/avatar\/0645bd32f23d87b2130f2b2dff1d3f8d?s=96&r=g\",\"contentUrl\":\"https:\/\/secure.gravatar.com\/avatar\/0645bd32f23d87b2130f2b2dff1d3f8d?s=96&r=g\",\"caption\":\"Poliana Santos\"},\"description\":\"Rep\u00f3rter no Suno Not\u00edcias, com cobertura em mercado financeiro, economia, finan\u00e7as pessoais, renda fixa e varejo. Jornalista formada pela Faculdade C\u00e1sper L\u00edbero e possui passagem na R\u00e1dio Gazeta AM com a produ\u00e7\u00e3o de conte\u00fado sobre economia, pol\u00edtica, sa\u00fade, moda e m\u00fasica. Possui certificado de conclus\u00e3o do curso de An\u00e1lise de Balan\u00e7os pela Funda\u00e7\u00e3o Bradesco, Agenda Brasil pela FAAP, Educa\u00e7\u00e3o Pol\u00edtica por Alexandre Garcia e do Tesouro Direto e Mercado de A\u00e7\u00f5es pela B3.\",\"url\":\"https:\/\/www.suno.com.br\/noticias\/author\/poliana-santos\/\"}]}<\/script>\n<!-- \/ Yoast SEO plugin. -->","yoast_head_json":{"title":"Lojas Renner (LREN3) ir\u00e1 pagar R$ 30 milh\u00f5es em dividendos","description":"A Lojas Renner (LREN3) anunciou que o conselho de administra\u00e7\u00e3o aprovou o pagamento de R$ 30,8 milh\u00f5es em dividendos. Clique aqui","robots":{"index":"index","follow":"follow","max-snippet":"max-snippet:-1","max-image-preview":"max-image-preview:large","max-video-preview":"max-video-preview:-1"},"canonical":"https:\/\/www.suno.com.br\/noticias\/lojas-renner-lren3-dividendos-30-milhoes\/","og_locale":"pt_BR","og_type":"article","og_title":"Lojas Renner (LREN3) ir\u00e1 pagar R$ 30 milh\u00f5es em dividendos","og_description":"A Lojas Renner (LREN3) anunciou que o conselho de administra\u00e7\u00e3o aprovou o pagamento de R$ 30,8 milh\u00f5es em dividendos. Clique aqui","og_url":"https:\/\/www.suno.com.br\/noticias\/lojas-renner-lren3-dividendos-30-milhoes\/","og_site_name":"Suno Not\u00edcias","article_publisher":"https:\/\/facebook.com\/sunoresearch","og_image":[{"width":1200,"height":800,"url":"https:\/\/files.sunoresearch.com.br\/n\/uploads\/2021\/03\/daa149f3-lojas-renner-2.jpg","type":"image\/jpeg"}],"author":"Poliana Santos","twitter_card":"summary_large_image","twitter_creator":"@sunoresearch","twitter_site":"@sunoresearch","twitter_misc":{"Escrito por":"Poliana Santos","Est. tempo de leitura":"2 minutos"},"schema":{"@context":"https:\/\/schema.org","@graph":[{"@type":"NewsArticle","@id":"https:\/\/www.suno.com.br\/noticias\/lojas-renner-lren3-dividendos-30-milhoes\/#article","isPartOf":{"@id":"https:\/\/www.suno.com.br\/noticias\/lojas-renner-lren3-dividendos-30-milhoes\/"},"author":{"name":"Poliana Santos","@id":"https:\/\/www.suno.com.br\/noticias\/#\/schema\/person\/02ec1f752758247878a2bf4abee1aeda"},"headline":"Lojas Renner (LREN3) ir\u00e1 pagar R$ 30 milh\u00f5es em dividendos","datePublished":"2021-04-19T14:55:55+00:00","dateModified":"2021-04-19T21:27:33+00:00","mainEntityOfPage":{"@id":"https:\/\/www.suno.com.br\/noticias\/lojas-renner-lren3-dividendos-30-milhoes\/"},"wordCount":509,"publisher":{"@id":"https:\/\/www.suno.com.br\/noticias\/#organization"},"image":{"@id":"https:\/\/www.suno.com.br\/noticias\/lojas-renner-lren3-dividendos-30-milhoes\/#primaryimage"},"thumbnailUrl":"https:\/\/files.sunoresearch.com.br\/n\/uploads\/2021\/03\/daa149f3-lojas-renner-2-jpg.webp","keywords":["Lojas Renner (LREN3)"],"articleSection":["Neg\u00f3cios"],"inLanguage":"pt-BR"},{"@type":"WebPage","@id":"https:\/\/www.suno.com.br\/noticias\/lojas-renner-lren3-dividendos-30-milhoes\/","url":"https:\/\/www.suno.com.br\/noticias\/lojas-renner-lren3-dividendos-30-milhoes\/","name":"Lojas Renner (LREN3) ir\u00e1 pagar R$ 30 milh\u00f5es em dividendos","isPartOf":{"@id":"https:\/\/www.suno.com.br\/noticias\/#website"},"primaryImageOfPage":{"@id":"https:\/\/www.suno.com.br\/noticias\/lojas-renner-lren3-dividendos-30-milhoes\/#primaryimage"},"image":{"@id":"https:\/\/www.suno.com.br\/noticias\/lojas-renner-lren3-dividendos-30-milhoes\/#primaryimage"},"thumbnailUrl":"https:\/\/files.sunoresearch.com.br\/n\/uploads\/2021\/03\/daa149f3-lojas-renner-2-jpg.webp","datePublished":"2021-04-19T14:55:55+00:00","dateModified":"2021-04-19T21:27:33+00:00","description":"A Lojas Renner (LREN3) anunciou que o conselho de administra\u00e7\u00e3o aprovou o pagamento de R$ 30,8 milh\u00f5es em dividendos. Clique aqui","breadcrumb":{"@id":"https:\/\/www.suno.com.br\/noticias\/lojas-renner-lren3-dividendos-30-milhoes\/#breadcrumb"},"inLanguage":"pt-BR","potentialAction":[{"@type":"ReadAction","target":["https:\/\/www.suno.com.br\/noticias\/lojas-renner-lren3-dividendos-30-milhoes\/"]}]},{"@type":"ImageObject","inLanguage":"pt-BR","@id":"https:\/\/www.suno.com.br\/noticias\/lojas-renner-lren3-dividendos-30-milhoes\/#primaryimage","url":"https:\/\/files.sunoresearch.com.br\/n\/uploads\/2021\/03\/daa149f3-lojas-renner-2-jpg.webp","contentUrl":"https:\/\/files.sunoresearch.com.br\/n\/uploads\/2021\/03\/daa149f3-lojas-renner-2-jpg.webp","width":1200,"height":800,"caption":"Lojas Renner (LREN3). Foto: Divulga\u00e7\u00e3o"},{"@type":"BreadcrumbList","@id":"https:\/\/www.suno.com.br\/noticias\/lojas-renner-lren3-dividendos-30-milhoes\/#breadcrumb","itemListElement":[{"@type":"ListItem","position":1,"name":"Not\u00edcias","item":"https:\/\/www.suno.com.br\/noticias\/"},{"@type":"ListItem","position":2,"name":"Neg\u00f3cios","item":"https:\/\/www.suno.com.br\/noticias\/negocios\/"},{"@type":"ListItem","position":3,"name":"Lojas Renner (LREN3) ir\u00e1 pagar R$ 30 milh\u00f5es em dividendos"}]},{"@type":"WebSite","@id":"https:\/\/www.suno.com.br\/noticias\/#website","url":"https:\/\/www.suno.com.br\/noticias\/","name":"Suno Not\u00edcias","description":"Seu portal de informa\u00e7\u00e3o sobre o mundo dos investimentos","publisher":{"@id":"https:\/\/www.suno.com.br\/noticias\/#organization"},"potentialAction":[{"@type":"SearchAction","target":{"@type":"EntryPoint","urlTemplate":"https:\/\/www.suno.com.br\/noticias\/?s={search_term_string}"},"query-input":{"@type":"PropertyValueSpecification","valueRequired":true,"valueName":"search_term_string"}}],"inLanguage":"pt-BR"},{"@type":"Organization","@id":"https:\/\/www.suno.com.br\/noticias\/#organization","name":"Suno Not\u00edcias","url":"https:\/\/www.suno.com.br\/noticias\/","logo":{"@type":"ImageObject","inLanguage":"pt-BR","@id":"https:\/\/www.suno.com.br\/noticias\/#\/schema\/logo\/image\/","url":"https:\/\/files.sunoresearch.com.br\/n\/uploads\/2021\/09\/suno-logo.png","contentUrl":"https:\/\/files.sunoresearch.com.br\/n\/uploads\/2021\/09\/suno-logo.png","width":180,"height":180,"caption":"Suno Not\u00edcias"},"image":{"@id":"https:\/\/www.suno.com.br\/noticias\/#\/schema\/logo\/image\/"},"sameAs":["https:\/\/facebook.com\/sunoresearch","https:\/\/x.com\/sunoresearch","https:\/\/www.instagram.com\/suno","https:\/\/www.linkedin.com\/company\/suno-research\/","https:\/\/www.youtube.com\/c\/sunoresearch"]},{"@type":"Person","@id":"https:\/\/www.suno.com.br\/noticias\/#\/schema\/person\/02ec1f752758247878a2bf4abee1aeda","name":"Poliana Santos","image":{"@type":"ImageObject","inLanguage":"pt-BR","@id":"https:\/\/www.suno.com.br\/noticias\/#\/schema\/person\/image\/","url":"https:\/\/secure.gravatar.com\/avatar\/0645bd32f23d87b2130f2b2dff1d3f8d?s=96&r=g","contentUrl":"https:\/\/secure.gravatar.com\/avatar\/0645bd32f23d87b2130f2b2dff1d3f8d?s=96&r=g","caption":"Poliana Santos"},"description":"Rep\u00f3rter no Suno Not\u00edcias, com cobertura em mercado financeiro, economia, finan\u00e7as pessoais, renda fixa e varejo. Jornalista formada pela Faculdade C\u00e1sper L\u00edbero e possui passagem na R\u00e1dio Gazeta AM com a produ\u00e7\u00e3o de conte\u00fado sobre economia, pol\u00edtica, sa\u00fade, moda e m\u00fasica. Possui certificado de conclus\u00e3o do curso de An\u00e1lise de Balan\u00e7os pela Funda\u00e7\u00e3o Bradesco, Agenda Brasil pela FAAP, Educa\u00e7\u00e3o Pol\u00edtica por Alexandre Garcia e do Tesouro Direto e Mercado de A\u00e7\u00f5es pela B3.","url":"https:\/\/www.suno.com.br\/noticias\/author\/poliana-santos\/"}]}},"default_loop_html":"<div class=\"cardsPage__listCard__boxs\"><div class=\"cardsPage__listCard__boxs__img\"><a href=\"https:\/\/www.suno.com.br\/noticias\/lojas-renner-lren3-dividendos-30-milhoes\/\"><img class=\"mask\" src=\"https:\/\/www.suno.com.br\/noticias\/wp-content\/themes\/suno\/resources\/images\/spotlight\/spotlight1img\/bg-mask.png\" alt=\"Image Mask\"\/><img src=\"https:\/\/files.sunoresearch.com.br\/n\/uploads\/2021\/03\/daa149f3-lojas-renner-2-400x200.webp\" alt=\"Lojas Renner (LREN3) ir\u00e1 pagar R$ 30 milh\u00f5es em dividendos\"\/><\/a><span class=\"spotlightCategory\"><a href=\"https:\/\/www.suno.com.br\/noticias\/negocios\/\">Neg\u00f3cios<\/a><\/span><\/div><div class=\"cardsPage__listCard__boxs__content\"><a href=\"https:\/\/www.suno.com.br\/noticias\/lojas-renner-lren3-dividendos-30-milhoes\/\"><h2 class=\"content__title\">Lojas Renner (LREN3) ir\u00e1 pagar R$ 30 milh\u00f5es em dividendos<\/h2><\/a><div class=\"newsContent__article__meta\"><div class=\"newsContent__article__meta__authorBox\"><a href=\"https:\/\/www.suno.com.br\/noticias\/author\/poliana-santos\/\" class=\"authorBox__avatar noMobi\"><img src=\"https:\/\/files.sunoresearch.com.br\/n\/uploads\/2020\/08\/7ef34026-whatsapp-image-2020-08-03-at-12.37.57-150x150.webp\" alt=\"Poliana Santos\"><\/a><div class=\"authorBox__name\"><span>por\n\t\t\t<a href=\"https:\/\/www.suno.com.br\/noticias\/author\/poliana-santos\/\"><span itemprop=\"author\">Poliana Santos<\/span><\/a><\/span><time datetime=\"2021-04-19T11:55:55-03:00\" itemprop=\"datePublished\">19\/04\/2021 11:55<\/time><\/div><\/div><\/div><\/div><\/div>","single_layout":"posts","amp_enabled":true,"_links":{"self":[{"href":"https:\/\/www.suno.com.br\/noticias\/wp-json\/wp\/v2\/posts\/140573"}],"collection":[{"href":"https:\/\/www.suno.com.br\/noticias\/wp-json\/wp\/v2\/posts"}],"about":[{"href":"https:\/\/www.suno.com.br\/noticias\/wp-json\/wp\/v2\/types\/post"}],"author":[{"embeddable":true,"href":"https:\/\/www.suno.com.br\/noticias\/wp-json\/wp\/v2\/users\/15"}],"replies":[{"embeddable":true,"href":"https:\/\/www.suno.com.br\/noticias\/wp-json\/wp\/v2\/comments?post=140573"}],"version-history":[{"count":3,"href":"https:\/\/www.suno.com.br\/noticias\/wp-json\/wp\/v2\/posts\/140573\/revisions"}],"predecessor-version":[{"id":140731,"href":"https:\/\/www.suno.com.br\/noticias\/wp-json\/wp\/v2\/posts\/140573\/revisions\/140731"}],"wp:featuredmedia":[{"embeddable":true,"href":"https:\/\/www.suno.com.br\/noticias\/wp-json\/wp\/v2\/media\/130382"}],"wp:attachment":[{"href":"https:\/\/www.suno.com.br\/noticias\/wp-json\/wp\/v2\/media?parent=140573"}],"wp:term":[{"taxonomy":"category","embeddable":true,"href":"https:\/\/www.suno.com.br\/noticias\/wp-json\/wp\/v2\/categories?post=140573"},{"taxonomy":"post_tag","embeddable":true,"href":"https:\/\/www.suno.com.br\/noticias\/wp-json\/wp\/v2\/tags?post=140573"},{"taxonomy":"suno_strategy","embeddable":true,"href":"https:\/\/www.suno.com.br\/noticias\/wp-json\/wp\/v2\/suno_strategy?post=140573"}],"curies":[{"name":"wp","href":"https:\/\/api.w.org\/{rel}","templated":true}]}}