{"id":140520,"date":"2021-04-19T10:33:42","date_gmt":"2021-04-19T13:33:42","guid":{"rendered":"https:\/\/www.suno.com.br\/noticias\/?p=140520"},"modified":"2021-04-19T10:33:42","modified_gmt":"2021-04-19T13:33:42","slug":"carro-autonomo-tesla-acidente-duas-vitimas","status":"publish","type":"post","link":"https:\/\/www.suno.com.br\/noticias\/carro-autonomo-tesla-acidente-duas-vitimas\/","title":{"rendered":"Carro aut\u00f4nomo da Tesla (TSLA34) se envolve em acidente e duas pessoas morrem"},"content":{"rendered":"<p>Um carro el\u00e9trico e aut\u00f4nomo da <strong>Tesla <\/strong>(TSLA34) se envolveu em um acidente no estado americano do Texas no \u00faltimo s\u00e1bado (17), em uma trag\u00e9dia que resultou na morte de duas pessoas. Segundo as autoridades locais, em entrevista \u00e0 Bloomberg, o ve\u00edculo pegou fogo ap\u00f3s colidir com uma \u00e1rvore.<\/p>\t<div class=\"wrapper-featured-image\">\n\t\t<figure class=\"spotlightImg\">\n\n\t\t\t<picture>\n\t\t\t\t<source media=\"(max-width: 768px)\" srcset=\"https:\/\/files.sunoresearch.com.br\/n\/uploads\/2021\/04\/e365b293-teslamodel-400x200.webp\">\n\t\t\t\t<img loading=\"lazy\" decoding=\"async\" class=\"newsContent__article__imgCapa lazyloadDisabled \" src=\"https:\/\/files.sunoresearch.com.br\/n\/uploads\/2021\/04\/e365b293-teslamodel-800x450.webp\" width=\"800\" height=\"450\" alt=\"Carro aut\u00f4nomo da Tesla (TSLA34) se envolve em acidente e duas pessoas morrem\" fetchpriority=high \/>\n\t\t\t<\/picture>\n\n\t\t\t<figcaption class=\"wp-caption-text wp-caption-text--show\">Foto: Reprodu\u00e7\u00e3o Linkedin<\/figcaption>\n\t\t<\/figure>\n\t<\/div>\n\n\n<p><span style=\"font-weight: 400;\">\t<p>\n\t\t<a href=\"https:\/\/lp.suno.com.br\/planilha-controle-gastos\/\" target=\"_blank\" data-element=\"shortcode-suno-banner\" title=\"Banner SUNO, clique e saiba mais\">\n\t\t\t<picture>\n\t\t\t\t<source media=\"(max-width: 500px)\" srcset=\"https:\/\/files.sunoresearch.com.br\/n\/uploads\/2023\/03\/400x300-Planilha-controle-de-gastos.png\">\n\t\t\t\t<img class=\"newsContent__article__imgCapa newsContent__article__imgCapa--banner\"\n\t\t\t\t\tsrc=\"https:\/\/files.sunoresearch.com.br\/n\/uploads\/2023\/03\/1420x240-Planilha-controle-de-gastos.png\"\n\t\t\t\t\tdata-promo-id=\"101751\"\t\t\t\t\t\t\t\t\t\twidth='1420' height='240'\t\t\t\t\talt=\"https:\/\/files.sunoresearch.com.br\/n\/uploads\/2023\/03\/1420x240-Planilha-controle-de-gastos.png\"\n\t\t\t\t>\n\t\t\t<\/picture>\n\t\t<\/a>\n\t<\/p>\n\n<\/span><\/p>\n<p>O modelo envolvido foi um Tesla Model S 2019, onde <strong>estavam as duas v\u00edtimas fatais<\/strong>, uma no banco do passageiro e outra no banco traseiro.<\/p>\n<p>O acidente aconteceu em uma curva: o carro, em alta velocidade, n\u00e3o conseguiu finaliz\u00e1-la e acabou por atravessar a pista. Segundo os policiais, a posi\u00e7\u00e3o das v\u00edtimas indica que <strong>ningu\u00e9m estava dirigindo o ve\u00edculo<\/strong> no momento do impacto.<\/p>\n<p><a href=\"https:\/\/lp.suno.com.br\/suno-one\/?ppp=noticias\/hospital-care-pedido-ipo-cvm\/\"><b>Suno One: acesse gratuitamente eBooks, Minicursos, Artigos e V\u00eddeo Aulas sobre investimentos com um \u00fanico cadastro. Clique para saber mais!<\/b><\/a><\/p>\n<p>As investiga\u00e7\u00f5es continuam e as autoridades locais est\u00e3o em contato com representantes federais. Ainda n\u00e3o \u00e9 poss\u00edvel afirmar que se o <em>autopilot<\/em>, programa de dire\u00e7\u00e3o aut\u00f4noma da Tesla, estava ativado, apesar de tudo indicar para que sim.<\/p>\n<p>Oficiais federais t\u00eam criticado a empresa de <a href=\"https:\/\/www.suno.com.br\/tudo-sobre\/elon-musk\/\">Elon Musk<\/a> pelo risco de inc\u00eandio relacionado \u00e0s baterias dos seus carros &#8211; no acidente em quest\u00e3o o fogo durou mais de quatro horas e foram utilizados mais de 100 mil litros de \u00e1gua para apag\u00e1-lo &#8211; e por n\u00e3o atuar diretamente na conscientiza\u00e7\u00e3o dos seus clientes sobre o uso do <em>autopilot.<\/em><\/p>\n<p>A Tesla n\u00e3o se manifestou imediatamente sobre o acidente, mas no s\u00e1bado, Elon Musk, em seu Twitter, divulgou um estudo afirmando que os ve\u00edculos da Tesla se envolvem muito menos acidentes do que os carros normais.<\/p>\n<blockquote class=\"twitter-tweet\">\n<p dir=\"ltr\" lang=\"en\">Tesla with Autopilot engaged now approaching 10 times lower chance of accident than average vehicle <a href=\"https:\/\/t.co\/6lGy52wVhC\">https:\/\/t.co\/6lGy52wVhC<\/a><\/p>\n<p>\u2014 Elon Musk (@elonmusk) <a href=\"https:\/\/twitter.com\/elonmusk\/status\/1383548841438236674?ref_src=twsrc%5Etfw\">April 17, 2021<\/a><\/p><\/blockquote>\n<p><script async src=\"https:\/\/platform.twitter.com\/widgets.js\" charset=\"utf-8\"><\/script><\/p>\n<p><span style=\"font-weight: 400;\">\t<p>\n\t\t<a href=\"https:\/\/lp.suno.com.br\/planilha-da-vida-financeira\/\" target=\"_blank\" data-element=\"shortcode-suno-banner\" title=\"Banner SUNO, clique e saiba mais\">\n\t\t\t<picture>\n\t\t\t\t<source media=\"(max-width: 500px)\" srcset=\"https:\/\/files.sunoresearch.com.br\/n\/uploads\/2023\/04\/400x300-Planilha-vida-financeira-true.png\">\n\t\t\t\t<img class=\"newsContent__article__imgCapa newsContent__article__imgCapa--banner\"\n\t\t\t\t\tsrc=\"https:\/\/files.sunoresearch.com.br\/n\/uploads\/2023\/04\/1420x240-Planilha-vida-financeira-true.png\"\n\t\t\t\t\tdata-promo-id=\"106682\"\t\t\t\t\t\t\t\t\t\twidth='1420' height='240'\t\t\t\t\talt=\"https:\/\/files.sunoresearch.com.br\/n\/uploads\/2023\/04\/1420x240-Planilha-vida-financeira-true.png\"\n\t\t\t\t>\n\t\t\t<\/picture>\n\t\t<\/a>\n\t<\/p>\n\n<\/span><\/p>\n<h2>Al\u00e9m da Tesla, outros carros aut\u00f4nomos j\u00e1 se envolveram em acidentes<\/h2>\n<p>Al\u00e9m da <strong>Tesla<\/strong>, outras empresas que trabalham no setor de carros aut\u00f4nomos j\u00e1 se viram nessa situa\u00e7\u00e3o. Em 2018, um carro sem motorista da Uber atropelou um pedestre de 49 anos, que se tornou a primeira v\u00edtima fatal de um carro sem motorista. Ap\u00f3s o acidente a Uber interrompeu seus testes com carros nas ruas. A Google tamb\u00e9m passou por situa\u00e7\u00e3o semelhante algumas vezes<\/p>\n<p>As a\u00e7\u00f5es ca\u00edam cerca de 3% no pr\u00e9-mercado americano nesta segunda-feira (19).<\/p>\n<p><span style=\"font-weight: 400;\">\t<p>\n\t\t<a href=\"https:\/\/lp.suno.com.br\/planilha-de-controle-de-investimentos\/\" target=\"_blank\" data-element=\"shortcode-suno-banner\" title=\"Banner SUNO, clique e saiba mais\">\n\t\t\t<picture>\n\t\t\t\t<source media=\"(max-width: 500px)\" srcset=\"https:\/\/files.sunoresearch.com.br\/n\/uploads\/2023\/03\/400x300-Controle-de-Investimentos.png\">\n\t\t\t\t<img class=\"newsContent__article__imgCapa newsContent__article__imgCapa--banner\"\n\t\t\t\t\tsrc=\"https:\/\/files.sunoresearch.com.br\/n\/uploads\/2023\/03\/1420x240-Controle-de-Investimentos.png\"\n\t\t\t\t\tdata-promo-id=\"75934\"\t\t\t\t\t\t\t\t\t\twidth='1420' height='240'\t\t\t\t\talt=\"https:\/\/files.sunoresearch.com.br\/n\/uploads\/2023\/03\/1420x240-Controle-de-Investimentos.png\"\n\t\t\t\t>\n\t\t\t<\/picture>\n\t\t<\/a>\n\t<\/p>\n\n<\/span><\/p>\n","protected":false},"excerpt":{"rendered":"<p>Um carro el\u00e9trico e aut\u00f4nomo da Tesla (TSLA34) se envolveu em um acidente no estado americano do Texas no \u00faltimo s\u00e1bado (17), em uma trag\u00e9dia que resultou na morte de duas pessoas. Segundo as autoridades locais, em entrevista \u00e0 Bloomberg, o ve\u00edculo pegou fogo ap\u00f3s colidir com uma \u00e1rvore. Foto: Reprodu\u00e7\u00e3o Linkedin O modelo envolvido [&hellip;]<\/p>\n","protected":false},"author":59,"featured_media":140539,"comment_status":"closed","ping_status":"closed","sticky":false,"template":"","format":"standard","meta":[],"categories":[64],"tags":[58204,726,727],"suno_strategy":[],"class_list":["post-140520","post","type-post","status-publish","format-standard","has-post-thumbnail","hentry","category-negocios","tag-carros-autonomos","tag-elon-musk","tag-tesla-tsla34"],"yoast_head":"<!-- This site is optimized with the Yoast SEO plugin v24.4 - https:\/\/yoast.com\/wordpress\/plugins\/seo\/ -->\n<title>Carro aut\u00f4nomo da Tesla (TSLA34) se envolve em acidente com 2 mortes<\/title>\n<meta name=\"description\" content=\"Um carro aut\u00f4nomo da Tesla participou de um acidente fatal no \u00faltimo s\u00e1bado, com duas v\u00edtimas. Clique aqui para saber mais.\" \/>\n<meta name=\"robots\" content=\"index, follow, max-snippet:-1, max-image-preview:large, max-video-preview:-1\" \/>\n<link rel=\"canonical\" href=\"https:\/\/www.suno.com.br\/noticias\/carro-autonomo-tesla-acidente-duas-vitimas\/\" \/>\n<meta property=\"og:locale\" content=\"pt_BR\" \/>\n<meta property=\"og:type\" content=\"article\" \/>\n<meta property=\"og:title\" content=\"Carro aut\u00f4nomo da Tesla (TSLA34) se envolve em acidente com 2 mortes\" \/>\n<meta property=\"og:description\" content=\"Um carro aut\u00f4nomo da Tesla participou de um acidente fatal no \u00faltimo s\u00e1bado, com duas v\u00edtimas. Clique aqui para saber mais.\" \/>\n<meta property=\"og:url\" content=\"https:\/\/www.suno.com.br\/noticias\/carro-autonomo-tesla-acidente-duas-vitimas\/\" \/>\n<meta property=\"og:site_name\" content=\"Suno Not\u00edcias\" \/>\n<meta property=\"article:publisher\" content=\"https:\/\/facebook.com\/sunoresearch\" \/>\n<meta property=\"og:image\" content=\"https:\/\/files.sunoresearch.com.br\/n\/uploads\/2021\/04\/e365b293-teslamodel.jpg\" \/>\n\t<meta property=\"og:image:width\" content=\"990\" \/>\n\t<meta property=\"og:image:height\" content=\"585\" \/>\n\t<meta property=\"og:image:type\" content=\"image\/jpeg\" \/>\n<meta name=\"author\" content=\"Vitor Azevedo\" \/>\n<meta name=\"twitter:card\" content=\"summary_large_image\" \/>\n<meta name=\"twitter:creator\" content=\"@sunoresearch\" \/>\n<meta name=\"twitter:site\" content=\"@sunoresearch\" \/>\n<meta name=\"twitter:label1\" content=\"Escrito por\" \/>\n\t<meta name=\"twitter:data1\" content=\"Vitor Azevedo\" \/>\n\t<meta name=\"twitter:label2\" content=\"Est. tempo de leitura\" \/>\n\t<meta name=\"twitter:data2\" content=\"2 minutos\" \/>\n<script type=\"application\/ld+json\" class=\"yoast-schema-graph\">{\"@context\":\"https:\/\/schema.org\",\"@graph\":[{\"@type\":\"NewsArticle\",\"@id\":\"https:\/\/www.suno.com.br\/noticias\/carro-autonomo-tesla-acidente-duas-vitimas\/#article\",\"isPartOf\":{\"@id\":\"https:\/\/www.suno.com.br\/noticias\/carro-autonomo-tesla-acidente-duas-vitimas\/\"},\"author\":{\"name\":\"Vitor Azevedo\",\"@id\":\"https:\/\/www.suno.com.br\/noticias\/#\/schema\/person\/658d5fbc74d81f265f5df3562d0038ab\"},\"headline\":\"Carro aut\u00f4nomo da Tesla (TSLA34) se envolve em acidente e duas pessoas morrem\",\"datePublished\":\"2021-04-19T13:33:42+00:00\",\"mainEntityOfPage\":{\"@id\":\"https:\/\/www.suno.com.br\/noticias\/carro-autonomo-tesla-acidente-duas-vitimas\/\"},\"wordCount\":429,\"publisher\":{\"@id\":\"https:\/\/www.suno.com.br\/noticias\/#organization\"},\"image\":{\"@id\":\"https:\/\/www.suno.com.br\/noticias\/carro-autonomo-tesla-acidente-duas-vitimas\/#primaryimage\"},\"thumbnailUrl\":\"https:\/\/files.sunoresearch.com.br\/n\/uploads\/2021\/04\/e365b293-teslamodel-jpg.webp\",\"keywords\":[\"carros aut\u00f4nomos\",\"Elon Musk\",\"Tesla (TSLA34)\"],\"articleSection\":[\"Neg\u00f3cios\"],\"inLanguage\":\"pt-BR\"},{\"@type\":\"WebPage\",\"@id\":\"https:\/\/www.suno.com.br\/noticias\/carro-autonomo-tesla-acidente-duas-vitimas\/\",\"url\":\"https:\/\/www.suno.com.br\/noticias\/carro-autonomo-tesla-acidente-duas-vitimas\/\",\"name\":\"Carro aut\u00f4nomo da Tesla (TSLA34) se envolve em acidente com 2 mortes\",\"isPartOf\":{\"@id\":\"https:\/\/www.suno.com.br\/noticias\/#website\"},\"primaryImageOfPage\":{\"@id\":\"https:\/\/www.suno.com.br\/noticias\/carro-autonomo-tesla-acidente-duas-vitimas\/#primaryimage\"},\"image\":{\"@id\":\"https:\/\/www.suno.com.br\/noticias\/carro-autonomo-tesla-acidente-duas-vitimas\/#primaryimage\"},\"thumbnailUrl\":\"https:\/\/files.sunoresearch.com.br\/n\/uploads\/2021\/04\/e365b293-teslamodel-jpg.webp\",\"datePublished\":\"2021-04-19T13:33:42+00:00\",\"description\":\"Um carro aut\u00f4nomo da Tesla participou de um acidente fatal no \u00faltimo s\u00e1bado, com duas v\u00edtimas. Clique aqui para saber mais.\",\"breadcrumb\":{\"@id\":\"https:\/\/www.suno.com.br\/noticias\/carro-autonomo-tesla-acidente-duas-vitimas\/#breadcrumb\"},\"inLanguage\":\"pt-BR\",\"potentialAction\":[{\"@type\":\"ReadAction\",\"target\":[\"https:\/\/www.suno.com.br\/noticias\/carro-autonomo-tesla-acidente-duas-vitimas\/\"]}]},{\"@type\":\"ImageObject\",\"inLanguage\":\"pt-BR\",\"@id\":\"https:\/\/www.suno.com.br\/noticias\/carro-autonomo-tesla-acidente-duas-vitimas\/#primaryimage\",\"url\":\"https:\/\/files.sunoresearch.com.br\/n\/uploads\/2021\/04\/e365b293-teslamodel-jpg.webp\",\"contentUrl\":\"https:\/\/files.sunoresearch.com.br\/n\/uploads\/2021\/04\/e365b293-teslamodel-jpg.webp\",\"width\":990,\"height\":585,\"caption\":\"Foto: Reprodu\u00e7\u00e3o Linkedin\"},{\"@type\":\"BreadcrumbList\",\"@id\":\"https:\/\/www.suno.com.br\/noticias\/carro-autonomo-tesla-acidente-duas-vitimas\/#breadcrumb\",\"itemListElement\":[{\"@type\":\"ListItem\",\"position\":1,\"name\":\"Not\u00edcias\",\"item\":\"https:\/\/www.suno.com.br\/noticias\/\"},{\"@type\":\"ListItem\",\"position\":2,\"name\":\"Neg\u00f3cios\",\"item\":\"https:\/\/www.suno.com.br\/noticias\/negocios\/\"},{\"@type\":\"ListItem\",\"position\":3,\"name\":\"Carro aut\u00f4nomo da Tesla (TSLA34) se envolve em acidente e duas pessoas morrem\"}]},{\"@type\":\"WebSite\",\"@id\":\"https:\/\/www.suno.com.br\/noticias\/#website\",\"url\":\"https:\/\/www.suno.com.br\/noticias\/\",\"name\":\"Suno Not\u00edcias\",\"description\":\"Seu portal de informa\u00e7\u00e3o sobre o mundo dos investimentos\",\"publisher\":{\"@id\":\"https:\/\/www.suno.com.br\/noticias\/#organization\"},\"potentialAction\":[{\"@type\":\"SearchAction\",\"target\":{\"@type\":\"EntryPoint\",\"urlTemplate\":\"https:\/\/www.suno.com.br\/noticias\/?s={search_term_string}\"},\"query-input\":{\"@type\":\"PropertyValueSpecification\",\"valueRequired\":true,\"valueName\":\"search_term_string\"}}],\"inLanguage\":\"pt-BR\"},{\"@type\":\"Organization\",\"@id\":\"https:\/\/www.suno.com.br\/noticias\/#organization\",\"name\":\"Suno Not\u00edcias\",\"url\":\"https:\/\/www.suno.com.br\/noticias\/\",\"logo\":{\"@type\":\"ImageObject\",\"inLanguage\":\"pt-BR\",\"@id\":\"https:\/\/www.suno.com.br\/noticias\/#\/schema\/logo\/image\/\",\"url\":\"https:\/\/files.sunoresearch.com.br\/n\/uploads\/2021\/09\/suno-logo.png\",\"contentUrl\":\"https:\/\/files.sunoresearch.com.br\/n\/uploads\/2021\/09\/suno-logo.png\",\"width\":180,\"height\":180,\"caption\":\"Suno Not\u00edcias\"},\"image\":{\"@id\":\"https:\/\/www.suno.com.br\/noticias\/#\/schema\/logo\/image\/\"},\"sameAs\":[\"https:\/\/facebook.com\/sunoresearch\",\"https:\/\/x.com\/sunoresearch\",\"https:\/\/www.instagram.com\/suno\",\"https:\/\/www.linkedin.com\/company\/suno-research\/\",\"https:\/\/www.youtube.com\/c\/sunoresearch\"]},{\"@type\":\"Person\",\"@id\":\"https:\/\/www.suno.com.br\/noticias\/#\/schema\/person\/658d5fbc74d81f265f5df3562d0038ab\",\"name\":\"Vitor Azevedo\",\"image\":{\"@type\":\"ImageObject\",\"inLanguage\":\"pt-BR\",\"@id\":\"https:\/\/www.suno.com.br\/noticias\/#\/schema\/person\/image\/\",\"url\":\"https:\/\/secure.gravatar.com\/avatar\/62b86195291b446fe380824eb28b99a5?s=96&r=g\",\"contentUrl\":\"https:\/\/secure.gravatar.com\/avatar\/62b86195291b446fe380824eb28b99a5?s=96&r=g\",\"caption\":\"Vitor Azevedo\"},\"description\":\"Formado em jornalismo pela Unesp, escreve sobre economia e neg\u00f3cios para a Suno Not\u00edcias.\",\"url\":\"https:\/\/www.suno.com.br\/noticias\/author\/vitor-azevedo\/\"}]}<\/script>\n<!-- \/ Yoast SEO plugin. -->","yoast_head_json":{"title":"Carro aut\u00f4nomo da Tesla (TSLA34) se envolve em acidente com 2 mortes","description":"Um carro aut\u00f4nomo da Tesla participou de um acidente fatal no \u00faltimo s\u00e1bado, com duas v\u00edtimas. Clique aqui para saber mais.","robots":{"index":"index","follow":"follow","max-snippet":"max-snippet:-1","max-image-preview":"max-image-preview:large","max-video-preview":"max-video-preview:-1"},"canonical":"https:\/\/www.suno.com.br\/noticias\/carro-autonomo-tesla-acidente-duas-vitimas\/","og_locale":"pt_BR","og_type":"article","og_title":"Carro aut\u00f4nomo da Tesla (TSLA34) se envolve em acidente com 2 mortes","og_description":"Um carro aut\u00f4nomo da Tesla participou de um acidente fatal no \u00faltimo s\u00e1bado, com duas v\u00edtimas. Clique aqui para saber mais.","og_url":"https:\/\/www.suno.com.br\/noticias\/carro-autonomo-tesla-acidente-duas-vitimas\/","og_site_name":"Suno Not\u00edcias","article_publisher":"https:\/\/facebook.com\/sunoresearch","og_image":[{"width":990,"height":585,"url":"https:\/\/files.sunoresearch.com.br\/n\/uploads\/2021\/04\/e365b293-teslamodel.jpg","type":"image\/jpeg"}],"author":"Vitor Azevedo","twitter_card":"summary_large_image","twitter_creator":"@sunoresearch","twitter_site":"@sunoresearch","twitter_misc":{"Escrito por":"Vitor Azevedo","Est. tempo de leitura":"2 minutos"},"schema":{"@context":"https:\/\/schema.org","@graph":[{"@type":"NewsArticle","@id":"https:\/\/www.suno.com.br\/noticias\/carro-autonomo-tesla-acidente-duas-vitimas\/#article","isPartOf":{"@id":"https:\/\/www.suno.com.br\/noticias\/carro-autonomo-tesla-acidente-duas-vitimas\/"},"author":{"name":"Vitor Azevedo","@id":"https:\/\/www.suno.com.br\/noticias\/#\/schema\/person\/658d5fbc74d81f265f5df3562d0038ab"},"headline":"Carro aut\u00f4nomo da Tesla (TSLA34) se envolve em acidente e duas pessoas morrem","datePublished":"2021-04-19T13:33:42+00:00","mainEntityOfPage":{"@id":"https:\/\/www.suno.com.br\/noticias\/carro-autonomo-tesla-acidente-duas-vitimas\/"},"wordCount":429,"publisher":{"@id":"https:\/\/www.suno.com.br\/noticias\/#organization"},"image":{"@id":"https:\/\/www.suno.com.br\/noticias\/carro-autonomo-tesla-acidente-duas-vitimas\/#primaryimage"},"thumbnailUrl":"https:\/\/files.sunoresearch.com.br\/n\/uploads\/2021\/04\/e365b293-teslamodel-jpg.webp","keywords":["carros aut\u00f4nomos","Elon Musk","Tesla (TSLA34)"],"articleSection":["Neg\u00f3cios"],"inLanguage":"pt-BR"},{"@type":"WebPage","@id":"https:\/\/www.suno.com.br\/noticias\/carro-autonomo-tesla-acidente-duas-vitimas\/","url":"https:\/\/www.suno.com.br\/noticias\/carro-autonomo-tesla-acidente-duas-vitimas\/","name":"Carro aut\u00f4nomo da Tesla (TSLA34) se envolve em acidente com 2 mortes","isPartOf":{"@id":"https:\/\/www.suno.com.br\/noticias\/#website"},"primaryImageOfPage":{"@id":"https:\/\/www.suno.com.br\/noticias\/carro-autonomo-tesla-acidente-duas-vitimas\/#primaryimage"},"image":{"@id":"https:\/\/www.suno.com.br\/noticias\/carro-autonomo-tesla-acidente-duas-vitimas\/#primaryimage"},"thumbnailUrl":"https:\/\/files.sunoresearch.com.br\/n\/uploads\/2021\/04\/e365b293-teslamodel-jpg.webp","datePublished":"2021-04-19T13:33:42+00:00","description":"Um carro aut\u00f4nomo da Tesla participou de um acidente fatal no \u00faltimo s\u00e1bado, com duas v\u00edtimas. Clique aqui para saber mais.","breadcrumb":{"@id":"https:\/\/www.suno.com.br\/noticias\/carro-autonomo-tesla-acidente-duas-vitimas\/#breadcrumb"},"inLanguage":"pt-BR","potentialAction":[{"@type":"ReadAction","target":["https:\/\/www.suno.com.br\/noticias\/carro-autonomo-tesla-acidente-duas-vitimas\/"]}]},{"@type":"ImageObject","inLanguage":"pt-BR","@id":"https:\/\/www.suno.com.br\/noticias\/carro-autonomo-tesla-acidente-duas-vitimas\/#primaryimage","url":"https:\/\/files.sunoresearch.com.br\/n\/uploads\/2021\/04\/e365b293-teslamodel-jpg.webp","contentUrl":"https:\/\/files.sunoresearch.com.br\/n\/uploads\/2021\/04\/e365b293-teslamodel-jpg.webp","width":990,"height":585,"caption":"Foto: Reprodu\u00e7\u00e3o Linkedin"},{"@type":"BreadcrumbList","@id":"https:\/\/www.suno.com.br\/noticias\/carro-autonomo-tesla-acidente-duas-vitimas\/#breadcrumb","itemListElement":[{"@type":"ListItem","position":1,"name":"Not\u00edcias","item":"https:\/\/www.suno.com.br\/noticias\/"},{"@type":"ListItem","position":2,"name":"Neg\u00f3cios","item":"https:\/\/www.suno.com.br\/noticias\/negocios\/"},{"@type":"ListItem","position":3,"name":"Carro aut\u00f4nomo da Tesla (TSLA34) se envolve em acidente e duas pessoas morrem"}]},{"@type":"WebSite","@id":"https:\/\/www.suno.com.br\/noticias\/#website","url":"https:\/\/www.suno.com.br\/noticias\/","name":"Suno Not\u00edcias","description":"Seu portal de informa\u00e7\u00e3o sobre o mundo dos investimentos","publisher":{"@id":"https:\/\/www.suno.com.br\/noticias\/#organization"},"potentialAction":[{"@type":"SearchAction","target":{"@type":"EntryPoint","urlTemplate":"https:\/\/www.suno.com.br\/noticias\/?s={search_term_string}"},"query-input":{"@type":"PropertyValueSpecification","valueRequired":true,"valueName":"search_term_string"}}],"inLanguage":"pt-BR"},{"@type":"Organization","@id":"https:\/\/www.suno.com.br\/noticias\/#organization","name":"Suno Not\u00edcias","url":"https:\/\/www.suno.com.br\/noticias\/","logo":{"@type":"ImageObject","inLanguage":"pt-BR","@id":"https:\/\/www.suno.com.br\/noticias\/#\/schema\/logo\/image\/","url":"https:\/\/files.sunoresearch.com.br\/n\/uploads\/2021\/09\/suno-logo.png","contentUrl":"https:\/\/files.sunoresearch.com.br\/n\/uploads\/2021\/09\/suno-logo.png","width":180,"height":180,"caption":"Suno Not\u00edcias"},"image":{"@id":"https:\/\/www.suno.com.br\/noticias\/#\/schema\/logo\/image\/"},"sameAs":["https:\/\/facebook.com\/sunoresearch","https:\/\/x.com\/sunoresearch","https:\/\/www.instagram.com\/suno","https:\/\/www.linkedin.com\/company\/suno-research\/","https:\/\/www.youtube.com\/c\/sunoresearch"]},{"@type":"Person","@id":"https:\/\/www.suno.com.br\/noticias\/#\/schema\/person\/658d5fbc74d81f265f5df3562d0038ab","name":"Vitor Azevedo","image":{"@type":"ImageObject","inLanguage":"pt-BR","@id":"https:\/\/www.suno.com.br\/noticias\/#\/schema\/person\/image\/","url":"https:\/\/secure.gravatar.com\/avatar\/62b86195291b446fe380824eb28b99a5?s=96&r=g","contentUrl":"https:\/\/secure.gravatar.com\/avatar\/62b86195291b446fe380824eb28b99a5?s=96&r=g","caption":"Vitor Azevedo"},"description":"Formado em jornalismo pela Unesp, escreve sobre economia e neg\u00f3cios para a Suno Not\u00edcias.","url":"https:\/\/www.suno.com.br\/noticias\/author\/vitor-azevedo\/"}]}},"default_loop_html":"<div class=\"cardsPage__listCard__boxs\"><div class=\"cardsPage__listCard__boxs__img\"><a href=\"https:\/\/www.suno.com.br\/noticias\/carro-autonomo-tesla-acidente-duas-vitimas\/\"><img class=\"mask\" src=\"https:\/\/www.suno.com.br\/noticias\/wp-content\/themes\/suno\/resources\/images\/spotlight\/spotlight1img\/bg-mask.png\" alt=\"Image Mask\"\/><img src=\"https:\/\/files.sunoresearch.com.br\/n\/uploads\/2021\/04\/e365b293-teslamodel-400x200.webp\" alt=\"Carro aut\u00f4nomo da Tesla (TSLA34) se envolve em acidente e duas pessoas morrem\"\/><\/a><span class=\"spotlightCategory\"><a href=\"https:\/\/www.suno.com.br\/noticias\/negocios\/\">Neg\u00f3cios<\/a><\/span><\/div><div class=\"cardsPage__listCard__boxs__content\"><a href=\"https:\/\/www.suno.com.br\/noticias\/carro-autonomo-tesla-acidente-duas-vitimas\/\"><h2 class=\"content__title\">Carro aut\u00f4nomo da Tesla (TSLA34) se envolve em acidente e duas pessoas morrem<\/h2><\/a><div class=\"newsContent__article__meta\"><div class=\"newsContent__article__meta__authorBox\"><a href=\"https:\/\/www.suno.com.br\/noticias\/author\/vitor-azevedo\/\" class=\"authorBox__avatar noMobi\"><img src=\"https:\/\/secure.gravatar.com\/avatar\/62b86195291b446fe380824eb28b99a5?s=96&#038;r=g\" alt=\"Vitor Azevedo\"><\/a><div class=\"authorBox__name\"><span>por\n\t\t\t<a href=\"https:\/\/www.suno.com.br\/noticias\/author\/vitor-azevedo\/\"><span itemprop=\"author\">Vitor Azevedo<\/span><\/a><\/span><time datetime=\"2021-04-19T10:33:42-03:00\" itemprop=\"datePublished\">19\/04\/2021 10:33<\/time><\/div><\/div><\/div><\/div><\/div>","single_layout":"posts","amp_enabled":true,"_links":{"self":[{"href":"https:\/\/www.suno.com.br\/noticias\/wp-json\/wp\/v2\/posts\/140520"}],"collection":[{"href":"https:\/\/www.suno.com.br\/noticias\/wp-json\/wp\/v2\/posts"}],"about":[{"href":"https:\/\/www.suno.com.br\/noticias\/wp-json\/wp\/v2\/types\/post"}],"author":[{"embeddable":true,"href":"https:\/\/www.suno.com.br\/noticias\/wp-json\/wp\/v2\/users\/59"}],"replies":[{"embeddable":true,"href":"https:\/\/www.suno.com.br\/noticias\/wp-json\/wp\/v2\/comments?post=140520"}],"version-history":[{"count":4,"href":"https:\/\/www.suno.com.br\/noticias\/wp-json\/wp\/v2\/posts\/140520\/revisions"}],"predecessor-version":[{"id":140717,"href":"https:\/\/www.suno.com.br\/noticias\/wp-json\/wp\/v2\/posts\/140520\/revisions\/140717"}],"wp:featuredmedia":[{"embeddable":true,"href":"https:\/\/www.suno.com.br\/noticias\/wp-json\/wp\/v2\/media\/140539"}],"wp:attachment":[{"href":"https:\/\/www.suno.com.br\/noticias\/wp-json\/wp\/v2\/media?parent=140520"}],"wp:term":[{"taxonomy":"category","embeddable":true,"href":"https:\/\/www.suno.com.br\/noticias\/wp-json\/wp\/v2\/categories?post=140520"},{"taxonomy":"post_tag","embeddable":true,"href":"https:\/\/www.suno.com.br\/noticias\/wp-json\/wp\/v2\/tags?post=140520"},{"taxonomy":"suno_strategy","embeddable":true,"href":"https:\/\/www.suno.com.br\/noticias\/wp-json\/wp\/v2\/suno_strategy?post=140520"}],"curies":[{"name":"wp","href":"https:\/\/api.w.org\/{rel}","templated":true}]}}