{"id":140374,"date":"2021-04-17T11:44:11","date_gmt":"2021-04-17T14:44:11","guid":{"rendered":"https:\/\/www.suno.com.br\/noticias\/?p=140374"},"modified":"2021-04-21T12:24:16","modified_gmt":"2021-04-21T15:24:16","slug":"coronavac-via-varejo-vvar3-irb-irbr3-noticias-mais-lidas","status":"publish","type":"post","link":"https:\/\/www.suno.com.br\/noticias\/coronavac-via-varejo-vvar3-irb-irbr3-noticias-mais-lidas\/","title":{"rendered":"Efic\u00e1cia da CoronaVac; Via Varejo (VVAR3) e IRB (IRBR3): Veja as 5 not\u00edcias mais lidas da semana"},"content":{"rendered":"<p>A reconhecimento da China de que as vacinas chinesas contra o coronav\u00edrus (Covid-19) t\u00eam baixa efic\u00e1cia liderou as<strong> not\u00edcias mais lidas<\/strong> dessa semana. O governo chin\u00eas considera misturar imunizantes para melhorar o seu desempenho, de acordo com o jornal The Washington Post.<\/p>\t<div class=\"wrapper-featured-image\">\n\t\t<figure class=\"spotlightImg\">\n\n\t\t\t<picture>\n\t\t\t\t<source media=\"(max-width: 768px)\" srcset=\"https:\/\/files.sunoresearch.com.br\/n\/uploads\/2021\/04\/acefd41b-vacinacao_drive_thru_universidade_estadual_do_rio_de_janeiro_uerj_tnrgo_abr_2502214600_0-400x200.webp\">\n\t\t\t\t<img loading=\"lazy\" decoding=\"async\" class=\"newsContent__article__imgCapa lazyloadDisabled \" src=\"https:\/\/files.sunoresearch.com.br\/n\/uploads\/2021\/04\/acefd41b-vacinacao_drive_thru_universidade_estadual_do_rio_de_janeiro_uerj_tnrgo_abr_2502214600_0-800x450.webp\" width=\"800\" height=\"450\" alt=\"Efic\u00e1cia da CoronaVac; Via Varejo (VVAR3) e IRB (IRBR3): Veja as 5 not\u00edcias mais lidas da semana\" fetchpriority=high \/>\n\t\t\t<\/picture>\n\n\t\t\t<figcaption class=\"wp-caption-text wp-caption-text--show\">Vacina. Foto: T\u00e2nia R\u00eago - Ag\u00eancia Brasil<\/figcaption>\n\t\t<\/figure>\n\t<\/div>\n\n\n\t<p>\n\t\t<a href=\"https:\/\/lp.suno.com.br\/planilha-controle-gastos\/\" target=\"_blank\" data-element=\"shortcode-suno-banner\" title=\"Banner SUNO, clique e saiba mais\">\n\t\t\t<picture>\n\t\t\t\t<source media=\"(max-width: 500px)\" srcset=\"https:\/\/files.sunoresearch.com.br\/n\/uploads\/2023\/03\/400x300-Planilha-controle-de-gastos.png\">\n\t\t\t\t<img class=\"newsContent__article__imgCapa newsContent__article__imgCapa--banner\"\n\t\t\t\t\tsrc=\"https:\/\/files.sunoresearch.com.br\/n\/uploads\/2023\/03\/1420x240-Planilha-controle-de-gastos.png\"\n\t\t\t\t\tdata-promo-id=\"101751\"\t\t\t\t\t\t\t\t\t\twidth='1420' height='240'\t\t\t\t\talt=\"https:\/\/files.sunoresearch.com.br\/n\/uploads\/2023\/03\/1420x240-Planilha-controle-de-gastos.png\"\n\t\t\t\t>\n\t\t\t<\/picture>\n\t\t<\/a>\n\t<\/p>\n\n\n<p>Em segundo lugar entre as not\u00edcias mas lidas est\u00e1 a mat\u00e9ria sobre a\u00a0 <a href=\"https:\/\/www.suno.com.br\/acoes\/vvar3\/\"><strong>Via Varejo<\/strong> (VVAR3)<\/a>, que teve seu pre\u00e7o-alvo cortado pelo BB Investimentos, frente aos resultados da companhia no quarto trimestre de 2020 e \u00e0s novas medidas de restri\u00e7\u00e3o por conta da segunda onda de covid-19.<\/p>\n<p>Os leitores tamb\u00e9m ficaram de olho nas not\u00edcias sobre a Minerva (BEEF3), Marfrig (MRFG3), IRB Brasil (IRBR3) e sobre o<strong> fundo imobili\u00e1rio MXRF11.<\/strong><\/p>\n<p><a href=\"https:\/\/lp.suno.com.br\/suno-one\/\">Suno One: acesse gratuitamente eBooks, Minicursos, Artigos e V\u00eddeo Aulas sobre investimentos com um \u00fanico cadastro. Clique para saber mais!<\/a><\/p>\n<p>Veja abaixo um resumo e o link para as cinco not\u00edcias mais lidas na semana:<\/p>\n<h2>1- Efic\u00e1cia da Coronavac <strong>lidera not\u00edcias mais lidas<\/strong><\/h2>\n<p>No topo das not\u00edcias mais lidas do <strong>SUNO Not\u00edcias<\/strong> nesta semana est\u00e1 a mat\u00e9ria sobre a efic\u00e1cia da <strong>Coronavac.<\/strong><\/p>\n<p>A autoridade m\u00e1xima de controle da Covid-19 na China admitiu, em uma coletiva de imprensa, que as vacinas chinesas contra Covid-19 t\u00eam baixa efic\u00e1cia e que o governo chin\u00eas est\u00e1 considerando misturar vacinas para melhorar sua efetividade, segundo o jornal The Washington Post. A <a href=\"https:\/\/www.suno.com.br\/noticias\/vacina-coronavac-eficacia-5038-coronavirus\/\" target=\"_blank\" rel=\"noopener noreferrer\">Coronavac, produzida com insumo chin\u00eas<\/a>, \u00e9 a vacina mais aplicada no Brasil contra o coronav\u00edrus at\u00e9 o momento.<\/p>\n<p>As vacinas feitas por duas empresas estatais chinesas &#8211; <strong>Sinovac<\/strong> e Sinopharm &#8211; foram exportadas para 22 pa\u00edses, incluindo o<strong> Brasil<\/strong>. Outros pa\u00edses que receberam as vacinas chinesas s\u00e3o M\u00e9xico, Turquia, Indon\u00e9sia e Hungria.<\/p>\n\t<div data-element=\"shortcode-read-more\" class=\"knowMore\">\n\t\t\t\t<span class=\"knowMore__title\">Saiba mais<\/span>\n\t\t\t\t<a class=\"knowMore__link\" href=\"https:\/\/www.suno.com.br\/noticias\/china-admite-que-coronavac-tem-baixa-eficacia\/\">\n\t\t\tChina admite que Coronavac tem baixa efic\u00e1cia e poder\u00e1 misturar vacinas\t\t<\/a>\n\t<\/div>\n\n\n<p>&#8220;As vacinas chinesas n\u00e3o t\u00eam taxas de prote\u00e7\u00e3o muito altas&#8221;, afirmou Gao Fu, diretor do Centro Chin\u00eas para Controle e Preven\u00e7\u00e3o de Doen\u00e7as (CDC), em uma confer\u00eancia realizada na cidade de Chengdu. O governo chin\u00eas distribuiu centenas de milhares de doses no exterior, ao mesmo tempo em que questionava a efic\u00e1cia da<strong> vacina da Pfizer<\/strong> e BioNTech. &#8220;Agora est\u00e1 sendo formalmente avaliado se devemos usar diferentes vacinas de diferentes linhas t\u00e9cnicas para o processo de imuniza\u00e7\u00e3o&#8221;, afirmou o representante da <strong>China<\/strong>.<\/p>\n<h2>2- BB-BI corta pre\u00e7o-alvo para Via Varejo<\/h2>\n<p>A segunda entre as not\u00edcias mais lidas foi sobre a <a href=\"https:\/\/www.suno.com.br\/acoes\/vvar3\/\"><strong>Via Varejo<\/strong> (VVAR3)<\/a>. Na quarta-feira (14) o BB Investimentos cortou o pre\u00e7o-alvo para a companhia, devido aos seus resultados apresentados no \u00faltimo trimestre do ano passado e \u00e0s novas medidas de restri\u00e7\u00f5es adotadas para conter a segunda onda da pandemia de coronav\u00edrus.<\/p>\n<p>O banco cortou o rating da <strong>Via Varejo<\/strong> para 2021 de R$ 24,80 para R$ 18,50, com manuten\u00e7\u00e3o da recomenda\u00e7\u00e3o de Compra.<\/p>\n\t<div data-element=\"shortcode-read-more\" class=\"knowMore\">\n\t\t\t\t<span class=\"knowMore__title\">Saiba mais<\/span>\n\t\t\t\t<a class=\"knowMore__link\" href=\"https:\/\/www.suno.com.br\/noticias\/bb-bi-corta-preco-alvo-via-varejo-vvar3\/\">\n\t\t\tAp\u00f3s Magalu, BB-BI corta pre\u00e7o-alvo para Via Varejo (VVAR3) por medidas contra covid\t\t<\/a>\n\t<\/div>\n\n\n<p>&#8220;Apesar da pandemia do covid-19 ter dificultado a execu\u00e7\u00e3o do plano de expans\u00e3o, a companhia foi capaz de aproveitar a oportunidade para evoluir nos demais pilares estrat\u00e9gicos&#8221;, avaliou o BB-BI.<\/p>\n<h2>3 &#8211; Minerva e Marfrig est\u00e3o entre not\u00edcias mais lidas<\/h2>\n<p>Em terceiro lugar entre as not\u00edcias mais lidas, est\u00e1 a mat\u00e9ria sobre o aumento nos pre\u00e7os da arroba bovina e a queda na renda dos brasileiros. Nesse cen\u00e1rio o mercado vem sofrendo com uma onda de suspens\u00f5es tempor\u00e1rias de produ\u00e7\u00e3o e com isso, as duas gigantes do setor, <a href=\"https:\/\/www.suno.com.br\/acoes\/beef3\/\"><strong>Minerva<\/strong> <strong>Foods<\/strong> (BEEF3)<\/a> e a <a href=\"https:\/\/www.suno.com.br\/acoes\/mrfg3\/\"><strong>Marfrig <\/strong><strong>Global Foods (MRFG3)<\/strong><\/a> tiveram que parar suas opera\u00e7\u00f5es.<\/p>\n\t<div data-element=\"shortcode-read-more\" class=\"knowMore\">\n\t\t\t\t<span class=\"knowMore__title\">Saiba mais<\/span>\n\t\t\t\t<a class=\"knowMore__link\" href=\"https:\/\/www.suno.com.br\/noticias\/minerva-beef3-marfrig-mrfg3-frigorificos-suspendem-abates\/\">\n\t\t\tMinerva (BEEF3) e Marfrig (MRFG3): Frigor\u00edficos suspendem abates e processamento de carne\t\t<\/a>\n\t<\/div>\n\n\n<p>A Minerva est\u00e1 com opera\u00e7\u00f5es paradas e seus funcion\u00e1rios em f\u00e9rias coletivas na unidade de Mirassol D&#8217;Oeste, em Mato Grosso, sem previs\u00e3o de retorno, disse uma fonte \u00e0 Reuters.<\/p>\n\t<p>\n\t\t<a href=\"https:\/\/lp.suno.com.br\/planilha-da-vida-financeira\/\" target=\"_blank\" data-element=\"shortcode-suno-banner\" title=\"Banner SUNO, clique e saiba mais\">\n\t\t\t<picture>\n\t\t\t\t<source media=\"(max-width: 500px)\" srcset=\"https:\/\/files.sunoresearch.com.br\/n\/uploads\/2023\/04\/400x300-Planilha-vida-financeira-true.png\">\n\t\t\t\t<img class=\"newsContent__article__imgCapa newsContent__article__imgCapa--banner\"\n\t\t\t\t\tsrc=\"https:\/\/files.sunoresearch.com.br\/n\/uploads\/2023\/04\/1420x240-Planilha-vida-financeira-true.png\"\n\t\t\t\t\tdata-promo-id=\"106682\"\t\t\t\t\t\t\t\t\t\twidth='1420' height='240'\t\t\t\t\talt=\"https:\/\/files.sunoresearch.com.br\/n\/uploads\/2023\/04\/1420x240-Planilha-vida-financeira-true.png\"\n\t\t\t\t>\n\t\t\t<\/picture>\n\t\t<\/a>\n\t<\/p>\n\n\n<p>Al\u00e9m disso, de acordo com a ag\u00eancia, a Marfrig concedeu f\u00e9rias coletivas aos seus colaboradores por 30 dias na unidade de Alegrete, Rio Grande do Sul. Todavia, as atividades foram retomadas no primeiro dia do m\u00eas de abril.<\/p>\n<h2>4- IRB fica no radar dos investidores<\/h2>\n<p>\t<p>\n\t\t<a href=\"\" target=\"_blank\" data-element=\"shortcode-suno-banner\" title=\"Banner SUNO, clique e saiba mais\">\n\t\t\t<picture>\n\t\t\t\t<source media=\"(max-width: 500px)\" srcset=\"\">\n\t\t\t\t<img class=\"newsContent__article__imgCapa newsContent__article__imgCapa--banner\"\n\t\t\t\t\tsrc=\"\"\n\t\t\t\t\tdata-promo-id=\"91650\"\t\t\t\t\t\t\t\t\t\t\t\t\t\t\talt=\"\"\n\t\t\t\t>\n\t\t\t<\/picture>\n\t\t<\/a>\n\t<\/p>\n\n<br \/>\nNa \u00faltima segunda-feira (12), a Superintend\u00eancia de Prote\u00e7\u00e3o e Orienta\u00e7\u00e3o aos Investidores (SOI) da <a href=\"https:\/\/www.suno.com.br\/artigos\/cvm\/\">Comiss\u00e3o de Valores Mobili\u00e1rios (CVM)<\/a> encerrou o processo administrativo que avaliava o caso da suposta manipula\u00e7\u00e3o de pre\u00e7os das a\u00e7\u00f5es do <a href=\"https:\/\/www.suno.com.br\/acoes\/irbr3\/\"><strong>IRB Brasil<\/strong> (IRBR3)<\/a> pelo banco UBS. Agora, a \u00e1rea t\u00e9cnica da autarquia dar\u00e1 seguimento ao caso.<\/p>\n<p>Segundo um documento divulgado na sexta-feira (9), os t\u00e9cnicos da <strong>CVM<\/strong> dar\u00e3o procedimento &#8220;\u00e0s investiga\u00e7\u00f5es em processo administrativo pr\u00f3prio e tomar\u00e3o as provid\u00eancias apropriadas, independentemente de provoca\u00e7\u00e3o da parte, no estrito exerc\u00edcio do poder de pol\u00edcia, no \u00e2mbito administrativo&#8221;. Os acionistas do IRB Brasil protocolaram a reclama\u00e7\u00e3o em outubro de 2020.<\/p>\n\t<div data-element=\"shortcode-read-more\" class=\"knowMore\">\n\t\t\t\t<span class=\"knowMore__title\">Saiba mais<\/span>\n\t\t\t\t<a class=\"knowMore__link\" href=\"https:\/\/www.suno.com.br\/noticias\/irb-brasil-irbr3-area-tecnica-cvm-processo-adminsitrativo\/\">\n\t\t\tIRB Brasil (IRBR3): t\u00e9cnicos da CVM acatam processo em caso do UBS\t\t<\/a>\n\t<\/div>\n\n\n<p>No dia 5 daquele m\u00eas, os investidores do ressegurador reclamaram ao SAC da autarquia que o banco <strong>UBS<\/strong> teria divulgado a retomada da cobertura da empresa, com pre\u00e7o-alvo de R$ 4,60. No dia seguinte, os pap\u00e9is ca\u00edram mais de 15%.<\/p>\n<h2>5- Cotistas ficam de olho na aloca\u00e7\u00e3o do FII MXRF11<\/h2>\n<p>Com a s\u00e9tima emiss\u00e3o de cotas do fundo imobili\u00e1rio\u00a0 <strong>MXRF11, <\/strong>ou Maxi Renda, em andamento h\u00e1 mais de um m\u00eas, os acionistas t\u00eam agora de come\u00e7ar a prestar aten\u00e7\u00e3o em como ser\u00e1 a aloca\u00e7\u00e3o dos recursos levantados.<\/p>\n<p>&#8220;A partir do fim da subscri\u00e7\u00e3o do MXRF11, <strong>o <a href=\"https:\/\/www.suno.com.br\/fundos-imobiliarios\/\">fundo imobili\u00e1rio<\/a> deve come\u00e7ar a alocar<\/strong>. O investidor precisa ficar atento \u00e0 velocidade da aloca\u00e7\u00e3o e compar\u00e1-la com outros casos. Se as outras foram mais r\u00e1pidas, ponto de aten\u00e7\u00e3o, porque quanto mais r\u00e1pido, melhor&#8221;, afirmou Jacinto Santos, analista da FundExplorer, em transmiss\u00e3o conjunta com Tiago Reis, do Grupo Suno, feita nesta quarta-feira (14).<\/p>\n\t<div data-element=\"shortcode-read-more\" class=\"knowMore\">\n\t\t\t\t<span class=\"knowMore__title\">Saiba mais<\/span>\n\t\t\t\t<a class=\"knowMore__link\" href=\"https:\/\/www.suno.com.br\/noticias\/fundo-imobiliario-fii-mxrf11-apos-emissao-acompanhar-alocacao\/\">\n\t\t\tMXRF11: Ap\u00f3s emiss\u00e3o, investidores do FII monitoram agilidade na aloca\u00e7\u00e3o\t\t<\/a>\n\t<\/div>\n\n\n<p>&#8220;Mas nem sempre isso \u00e9 poss\u00edvel e, se n\u00e3o for poss\u00edvel, o investidor tem de cobrar da gest\u00e3o os motivos&#8221;, completa. Para o analista, quando a aloca\u00e7\u00e3o demora a ser feita, quem investiu nas cotas tem de se perguntar: &#8220;o que os gestores est\u00e3o vendo que eu n\u00e3o estou?&#8221;.<\/p>\n<p>A preocupa\u00e7\u00e3o dos investidores com a agilidade na aloca\u00e7\u00e3o dos recursos do MXRF11, fez com que a mat\u00e9ria ficasse entre as 5 <strong>not\u00edcias mais lidas<\/strong> da semana, junto com a efic\u00e1cia da Coronavac e o IRB.<\/p>\n\t<p>\n\t\t<a href=\"https:\/\/lp.suno.com.br\/planilha-de-controle-de-investimentos\/\" target=\"_blank\" data-element=\"shortcode-suno-banner\" title=\"Banner SUNO, clique e saiba mais\">\n\t\t\t<picture>\n\t\t\t\t<source media=\"(max-width: 500px)\" srcset=\"https:\/\/files.sunoresearch.com.br\/n\/uploads\/2023\/03\/400x300-Controle-de-Investimentos.png\">\n\t\t\t\t<img class=\"newsContent__article__imgCapa newsContent__article__imgCapa--banner\"\n\t\t\t\t\tsrc=\"https:\/\/files.sunoresearch.com.br\/n\/uploads\/2023\/03\/1420x240-Controle-de-Investimentos.png\"\n\t\t\t\t\tdata-promo-id=\"75934\"\t\t\t\t\t\t\t\t\t\twidth='1420' height='240'\t\t\t\t\talt=\"https:\/\/files.sunoresearch.com.br\/n\/uploads\/2023\/03\/1420x240-Controle-de-Investimentos.png\"\n\t\t\t\t>\n\t\t\t<\/picture>\n\t\t<\/a>\n\t<\/p>\n\n\n","protected":false},"excerpt":{"rendered":"<p>A reconhecimento da China de que as vacinas chinesas contra o coronav\u00edrus (Covid-19) t\u00eam baixa efic\u00e1cia liderou as not\u00edcias mais lidas dessa semana. O governo chin\u00eas considera misturar imunizantes para melhorar o seu desempenho, de acordo com o jornal The Washington Post. Vacina. Foto: T\u00e2nia R\u00eago &#8211; Ag\u00eancia Brasil Em segundo lugar entre as not\u00edcias [&hellip;]<\/p>\n","protected":false},"author":39,"featured_media":137479,"comment_status":"closed","ping_status":"closed","sticky":false,"template":"","format":"standard","meta":[],"categories":[64],"tags":[106034,104567,2487,1813,552,563,104577,106935],"suno_strategy":[],"class_list":["post-140374","post","type-post","status-publish","format-standard","has-post-thumbnail","hentry","category-negocios","tag-bb-bi","tag-coronavac","tag-coronavirus","tag-irb-brasil-irbr3","tag-marfrig-mrfg3","tag-minerva-beef11-beef3","tag-mxrf11","tag-via-viia3"],"yoast_head":"<!-- This site is optimized with the Yoast SEO plugin v24.4 - https:\/\/yoast.com\/wordpress\/plugins\/seo\/ -->\n<title>CoronaVac; Via Varejo e IRB : Veja as 5 not\u00edcias mais lidas da semana<\/title>\n<meta name=\"description\" content=\"Efic\u00e1cia da CoronaVac; Via Varejo (VVAR3) e IRB (IRBR3) ficaram entre as 5 not\u00edcias mais lidas da semana. Clique aqui e veja a lista completa\" \/>\n<meta name=\"robots\" content=\"index, follow, max-snippet:-1, max-image-preview:large, max-video-preview:-1\" \/>\n<link rel=\"canonical\" href=\"https:\/\/www.suno.com.br\/noticias\/coronavac-via-varejo-vvar3-irb-irbr3-noticias-mais-lidas\/\" \/>\n<meta property=\"og:locale\" content=\"pt_BR\" \/>\n<meta property=\"og:type\" content=\"article\" \/>\n<meta property=\"og:title\" content=\"CoronaVac; Via Varejo e IRB : Veja as 5 not\u00edcias mais lidas da semana\" \/>\n<meta property=\"og:description\" content=\"Efic\u00e1cia da CoronaVac; Via Varejo (VVAR3) e IRB (IRBR3) ficaram entre as 5 not\u00edcias mais lidas da semana. Clique aqui e veja a lista completa\" \/>\n<meta property=\"og:url\" content=\"https:\/\/www.suno.com.br\/noticias\/coronavac-via-varejo-vvar3-irb-irbr3-noticias-mais-lidas\/\" \/>\n<meta property=\"og:site_name\" content=\"Suno Not\u00edcias\" \/>\n<meta property=\"article:publisher\" content=\"https:\/\/facebook.com\/sunoresearch\" \/>\n<meta property=\"og:image\" content=\"https:\/\/files.sunoresearch.com.br\/n\/uploads\/2021\/04\/acefd41b-vacinacao_drive_thru_universidade_estadual_do_rio_de_janeiro_uerj_tnrgo_abr_2502214600_0.jpg\" \/>\n\t<meta property=\"og:image:width\" content=\"1024\" \/>\n\t<meta property=\"og:image:height\" content=\"768\" \/>\n\t<meta property=\"og:image:type\" content=\"image\/jpeg\" \/>\n<meta name=\"author\" content=\"Laura Moutinho\" \/>\n<meta name=\"twitter:card\" content=\"summary_large_image\" \/>\n<meta name=\"twitter:creator\" content=\"@sunoresearch\" \/>\n<meta name=\"twitter:site\" content=\"@sunoresearch\" \/>\n<meta name=\"twitter:label1\" content=\"Escrito por\" \/>\n\t<meta name=\"twitter:data1\" content=\"Laura Moutinho\" \/>\n\t<meta name=\"twitter:label2\" content=\"Est. tempo de leitura\" \/>\n\t<meta name=\"twitter:data2\" content=\"5 minutos\" \/>\n<script type=\"application\/ld+json\" class=\"yoast-schema-graph\">{\"@context\":\"https:\/\/schema.org\",\"@graph\":[{\"@type\":\"NewsArticle\",\"@id\":\"https:\/\/www.suno.com.br\/noticias\/coronavac-via-varejo-vvar3-irb-irbr3-noticias-mais-lidas\/#article\",\"isPartOf\":{\"@id\":\"https:\/\/www.suno.com.br\/noticias\/coronavac-via-varejo-vvar3-irb-irbr3-noticias-mais-lidas\/\"},\"author\":{\"name\":\"Laura Moutinho\",\"@id\":\"https:\/\/www.suno.com.br\/noticias\/#\/schema\/person\/3df0d2808748b74496efe5dbeaef2c72\"},\"headline\":\"Efic\u00e1cia da CoronaVac; Via Varejo (VVAR3) e IRB (IRBR3): Veja as 5 not\u00edcias mais lidas da semana\",\"datePublished\":\"2021-04-17T14:44:11+00:00\",\"dateModified\":\"2021-04-21T15:24:16+00:00\",\"mainEntityOfPage\":{\"@id\":\"https:\/\/www.suno.com.br\/noticias\/coronavac-via-varejo-vvar3-irb-irbr3-noticias-mais-lidas\/\"},\"wordCount\":1113,\"publisher\":{\"@id\":\"https:\/\/www.suno.com.br\/noticias\/#organization\"},\"image\":{\"@id\":\"https:\/\/www.suno.com.br\/noticias\/coronavac-via-varejo-vvar3-irb-irbr3-noticias-mais-lidas\/#primaryimage\"},\"thumbnailUrl\":\"https:\/\/files.sunoresearch.com.br\/n\/uploads\/2021\/04\/acefd41b-vacinacao_drive_thru_universidade_estadual_do_rio_de_janeiro_uerj_tnrgo_abr_2502214600_0-jpg.webp\",\"keywords\":[\"BB-BI\",\"coronavac\",\"coronav\u00edrus\",\"IRB Brasil (IRBR3)\",\"Marfrig (MRFG3)\",\"Minerva (BEEF11\/BEEF3)\",\"MXRF11\",\"Via (VIIA3)\"],\"articleSection\":[\"Neg\u00f3cios\"],\"inLanguage\":\"pt-BR\"},{\"@type\":\"WebPage\",\"@id\":\"https:\/\/www.suno.com.br\/noticias\/coronavac-via-varejo-vvar3-irb-irbr3-noticias-mais-lidas\/\",\"url\":\"https:\/\/www.suno.com.br\/noticias\/coronavac-via-varejo-vvar3-irb-irbr3-noticias-mais-lidas\/\",\"name\":\"CoronaVac; Via Varejo e IRB : Veja as 5 not\u00edcias mais lidas da semana\",\"isPartOf\":{\"@id\":\"https:\/\/www.suno.com.br\/noticias\/#website\"},\"primaryImageOfPage\":{\"@id\":\"https:\/\/www.suno.com.br\/noticias\/coronavac-via-varejo-vvar3-irb-irbr3-noticias-mais-lidas\/#primaryimage\"},\"image\":{\"@id\":\"https:\/\/www.suno.com.br\/noticias\/coronavac-via-varejo-vvar3-irb-irbr3-noticias-mais-lidas\/#primaryimage\"},\"thumbnailUrl\":\"https:\/\/files.sunoresearch.com.br\/n\/uploads\/2021\/04\/acefd41b-vacinacao_drive_thru_universidade_estadual_do_rio_de_janeiro_uerj_tnrgo_abr_2502214600_0-jpg.webp\",\"datePublished\":\"2021-04-17T14:44:11+00:00\",\"dateModified\":\"2021-04-21T15:24:16+00:00\",\"description\":\"Efic\u00e1cia da CoronaVac; Via Varejo (VVAR3) e IRB (IRBR3) ficaram entre as 5 not\u00edcias mais lidas da semana. Clique aqui e veja a lista completa\",\"breadcrumb\":{\"@id\":\"https:\/\/www.suno.com.br\/noticias\/coronavac-via-varejo-vvar3-irb-irbr3-noticias-mais-lidas\/#breadcrumb\"},\"inLanguage\":\"pt-BR\",\"potentialAction\":[{\"@type\":\"ReadAction\",\"target\":[\"https:\/\/www.suno.com.br\/noticias\/coronavac-via-varejo-vvar3-irb-irbr3-noticias-mais-lidas\/\"]}]},{\"@type\":\"ImageObject\",\"inLanguage\":\"pt-BR\",\"@id\":\"https:\/\/www.suno.com.br\/noticias\/coronavac-via-varejo-vvar3-irb-irbr3-noticias-mais-lidas\/#primaryimage\",\"url\":\"https:\/\/files.sunoresearch.com.br\/n\/uploads\/2021\/04\/acefd41b-vacinacao_drive_thru_universidade_estadual_do_rio_de_janeiro_uerj_tnrgo_abr_2502214600_0-jpg.webp\",\"contentUrl\":\"https:\/\/files.sunoresearch.com.br\/n\/uploads\/2021\/04\/acefd41b-vacinacao_drive_thru_universidade_estadual_do_rio_de_janeiro_uerj_tnrgo_abr_2502214600_0-jpg.webp\",\"width\":1024,\"height\":768,\"caption\":\"Vacina. Foto: T\u00e2nia R\u00eago - Ag\u00eancia Brasil\"},{\"@type\":\"BreadcrumbList\",\"@id\":\"https:\/\/www.suno.com.br\/noticias\/coronavac-via-varejo-vvar3-irb-irbr3-noticias-mais-lidas\/#breadcrumb\",\"itemListElement\":[{\"@type\":\"ListItem\",\"position\":1,\"name\":\"Not\u00edcias\",\"item\":\"https:\/\/www.suno.com.br\/noticias\/\"},{\"@type\":\"ListItem\",\"position\":2,\"name\":\"Neg\u00f3cios\",\"item\":\"https:\/\/www.suno.com.br\/noticias\/negocios\/\"},{\"@type\":\"ListItem\",\"position\":3,\"name\":\"Efic\u00e1cia da CoronaVac; Via Varejo (VVAR3) e IRB (IRBR3): Veja as 5 not\u00edcias mais lidas da semana\"}]},{\"@type\":\"WebSite\",\"@id\":\"https:\/\/www.suno.com.br\/noticias\/#website\",\"url\":\"https:\/\/www.suno.com.br\/noticias\/\",\"name\":\"Suno Not\u00edcias\",\"description\":\"Seu portal de informa\u00e7\u00e3o sobre o mundo dos investimentos\",\"publisher\":{\"@id\":\"https:\/\/www.suno.com.br\/noticias\/#organization\"},\"potentialAction\":[{\"@type\":\"SearchAction\",\"target\":{\"@type\":\"EntryPoint\",\"urlTemplate\":\"https:\/\/www.suno.com.br\/noticias\/?s={search_term_string}\"},\"query-input\":{\"@type\":\"PropertyValueSpecification\",\"valueRequired\":true,\"valueName\":\"search_term_string\"}}],\"inLanguage\":\"pt-BR\"},{\"@type\":\"Organization\",\"@id\":\"https:\/\/www.suno.com.br\/noticias\/#organization\",\"name\":\"Suno Not\u00edcias\",\"url\":\"https:\/\/www.suno.com.br\/noticias\/\",\"logo\":{\"@type\":\"ImageObject\",\"inLanguage\":\"pt-BR\",\"@id\":\"https:\/\/www.suno.com.br\/noticias\/#\/schema\/logo\/image\/\",\"url\":\"https:\/\/files.sunoresearch.com.br\/n\/uploads\/2021\/09\/suno-logo.png\",\"contentUrl\":\"https:\/\/files.sunoresearch.com.br\/n\/uploads\/2021\/09\/suno-logo.png\",\"width\":180,\"height\":180,\"caption\":\"Suno Not\u00edcias\"},\"image\":{\"@id\":\"https:\/\/www.suno.com.br\/noticias\/#\/schema\/logo\/image\/\"},\"sameAs\":[\"https:\/\/facebook.com\/sunoresearch\",\"https:\/\/x.com\/sunoresearch\",\"https:\/\/www.instagram.com\/suno\",\"https:\/\/www.linkedin.com\/company\/suno-research\/\",\"https:\/\/www.youtube.com\/c\/sunoresearch\"]},{\"@type\":\"Person\",\"@id\":\"https:\/\/www.suno.com.br\/noticias\/#\/schema\/person\/3df0d2808748b74496efe5dbeaef2c72\",\"name\":\"Laura Moutinho\",\"image\":{\"@type\":\"ImageObject\",\"inLanguage\":\"pt-BR\",\"@id\":\"https:\/\/www.suno.com.br\/noticias\/#\/schema\/person\/image\/\",\"url\":\"https:\/\/secure.gravatar.com\/avatar\/7571c7c8ca3a6fca5e41384ece5557ff?s=96&r=g\",\"contentUrl\":\"https:\/\/secure.gravatar.com\/avatar\/7571c7c8ca3a6fca5e41384ece5557ff?s=96&r=g\",\"caption\":\"Laura Moutinho\"},\"description\":\"Estagi\u00e1ria na Suno Not\u00edcias, escreve not\u00edcias que afetam o mercado financeiro. Estuda administra\u00e7\u00e3o na Universidade Presbiteriana Mackenzie.\",\"url\":\"https:\/\/www.suno.com.br\/noticias\/author\/laura-moutinho\/\"}]}<\/script>\n<!-- \/ Yoast SEO plugin. -->","yoast_head_json":{"title":"CoronaVac; Via Varejo e IRB : Veja as 5 not\u00edcias mais lidas da semana","description":"Efic\u00e1cia da CoronaVac; Via Varejo (VVAR3) e IRB (IRBR3) ficaram entre as 5 not\u00edcias mais lidas da semana. Clique aqui e veja a lista completa","robots":{"index":"index","follow":"follow","max-snippet":"max-snippet:-1","max-image-preview":"max-image-preview:large","max-video-preview":"max-video-preview:-1"},"canonical":"https:\/\/www.suno.com.br\/noticias\/coronavac-via-varejo-vvar3-irb-irbr3-noticias-mais-lidas\/","og_locale":"pt_BR","og_type":"article","og_title":"CoronaVac; Via Varejo e IRB : Veja as 5 not\u00edcias mais lidas da semana","og_description":"Efic\u00e1cia da CoronaVac; Via Varejo (VVAR3) e IRB (IRBR3) ficaram entre as 5 not\u00edcias mais lidas da semana. Clique aqui e veja a lista completa","og_url":"https:\/\/www.suno.com.br\/noticias\/coronavac-via-varejo-vvar3-irb-irbr3-noticias-mais-lidas\/","og_site_name":"Suno Not\u00edcias","article_publisher":"https:\/\/facebook.com\/sunoresearch","og_image":[{"width":1024,"height":768,"url":"https:\/\/files.sunoresearch.com.br\/n\/uploads\/2021\/04\/acefd41b-vacinacao_drive_thru_universidade_estadual_do_rio_de_janeiro_uerj_tnrgo_abr_2502214600_0.jpg","type":"image\/jpeg"}],"author":"Laura Moutinho","twitter_card":"summary_large_image","twitter_creator":"@sunoresearch","twitter_site":"@sunoresearch","twitter_misc":{"Escrito por":"Laura Moutinho","Est. tempo de leitura":"5 minutos"},"schema":{"@context":"https:\/\/schema.org","@graph":[{"@type":"NewsArticle","@id":"https:\/\/www.suno.com.br\/noticias\/coronavac-via-varejo-vvar3-irb-irbr3-noticias-mais-lidas\/#article","isPartOf":{"@id":"https:\/\/www.suno.com.br\/noticias\/coronavac-via-varejo-vvar3-irb-irbr3-noticias-mais-lidas\/"},"author":{"name":"Laura Moutinho","@id":"https:\/\/www.suno.com.br\/noticias\/#\/schema\/person\/3df0d2808748b74496efe5dbeaef2c72"},"headline":"Efic\u00e1cia da CoronaVac; Via Varejo (VVAR3) e IRB (IRBR3): Veja as 5 not\u00edcias mais lidas da semana","datePublished":"2021-04-17T14:44:11+00:00","dateModified":"2021-04-21T15:24:16+00:00","mainEntityOfPage":{"@id":"https:\/\/www.suno.com.br\/noticias\/coronavac-via-varejo-vvar3-irb-irbr3-noticias-mais-lidas\/"},"wordCount":1113,"publisher":{"@id":"https:\/\/www.suno.com.br\/noticias\/#organization"},"image":{"@id":"https:\/\/www.suno.com.br\/noticias\/coronavac-via-varejo-vvar3-irb-irbr3-noticias-mais-lidas\/#primaryimage"},"thumbnailUrl":"https:\/\/files.sunoresearch.com.br\/n\/uploads\/2021\/04\/acefd41b-vacinacao_drive_thru_universidade_estadual_do_rio_de_janeiro_uerj_tnrgo_abr_2502214600_0-jpg.webp","keywords":["BB-BI","coronavac","coronav\u00edrus","IRB Brasil (IRBR3)","Marfrig (MRFG3)","Minerva (BEEF11\/BEEF3)","MXRF11","Via (VIIA3)"],"articleSection":["Neg\u00f3cios"],"inLanguage":"pt-BR"},{"@type":"WebPage","@id":"https:\/\/www.suno.com.br\/noticias\/coronavac-via-varejo-vvar3-irb-irbr3-noticias-mais-lidas\/","url":"https:\/\/www.suno.com.br\/noticias\/coronavac-via-varejo-vvar3-irb-irbr3-noticias-mais-lidas\/","name":"CoronaVac; Via Varejo e IRB : Veja as 5 not\u00edcias mais lidas da semana","isPartOf":{"@id":"https:\/\/www.suno.com.br\/noticias\/#website"},"primaryImageOfPage":{"@id":"https:\/\/www.suno.com.br\/noticias\/coronavac-via-varejo-vvar3-irb-irbr3-noticias-mais-lidas\/#primaryimage"},"image":{"@id":"https:\/\/www.suno.com.br\/noticias\/coronavac-via-varejo-vvar3-irb-irbr3-noticias-mais-lidas\/#primaryimage"},"thumbnailUrl":"https:\/\/files.sunoresearch.com.br\/n\/uploads\/2021\/04\/acefd41b-vacinacao_drive_thru_universidade_estadual_do_rio_de_janeiro_uerj_tnrgo_abr_2502214600_0-jpg.webp","datePublished":"2021-04-17T14:44:11+00:00","dateModified":"2021-04-21T15:24:16+00:00","description":"Efic\u00e1cia da CoronaVac; Via Varejo (VVAR3) e IRB (IRBR3) ficaram entre as 5 not\u00edcias mais lidas da semana. Clique aqui e veja a lista completa","breadcrumb":{"@id":"https:\/\/www.suno.com.br\/noticias\/coronavac-via-varejo-vvar3-irb-irbr3-noticias-mais-lidas\/#breadcrumb"},"inLanguage":"pt-BR","potentialAction":[{"@type":"ReadAction","target":["https:\/\/www.suno.com.br\/noticias\/coronavac-via-varejo-vvar3-irb-irbr3-noticias-mais-lidas\/"]}]},{"@type":"ImageObject","inLanguage":"pt-BR","@id":"https:\/\/www.suno.com.br\/noticias\/coronavac-via-varejo-vvar3-irb-irbr3-noticias-mais-lidas\/#primaryimage","url":"https:\/\/files.sunoresearch.com.br\/n\/uploads\/2021\/04\/acefd41b-vacinacao_drive_thru_universidade_estadual_do_rio_de_janeiro_uerj_tnrgo_abr_2502214600_0-jpg.webp","contentUrl":"https:\/\/files.sunoresearch.com.br\/n\/uploads\/2021\/04\/acefd41b-vacinacao_drive_thru_universidade_estadual_do_rio_de_janeiro_uerj_tnrgo_abr_2502214600_0-jpg.webp","width":1024,"height":768,"caption":"Vacina. Foto: T\u00e2nia R\u00eago - Ag\u00eancia Brasil"},{"@type":"BreadcrumbList","@id":"https:\/\/www.suno.com.br\/noticias\/coronavac-via-varejo-vvar3-irb-irbr3-noticias-mais-lidas\/#breadcrumb","itemListElement":[{"@type":"ListItem","position":1,"name":"Not\u00edcias","item":"https:\/\/www.suno.com.br\/noticias\/"},{"@type":"ListItem","position":2,"name":"Neg\u00f3cios","item":"https:\/\/www.suno.com.br\/noticias\/negocios\/"},{"@type":"ListItem","position":3,"name":"Efic\u00e1cia da CoronaVac; Via Varejo (VVAR3) e IRB (IRBR3): Veja as 5 not\u00edcias mais lidas da semana"}]},{"@type":"WebSite","@id":"https:\/\/www.suno.com.br\/noticias\/#website","url":"https:\/\/www.suno.com.br\/noticias\/","name":"Suno Not\u00edcias","description":"Seu portal de informa\u00e7\u00e3o sobre o mundo dos investimentos","publisher":{"@id":"https:\/\/www.suno.com.br\/noticias\/#organization"},"potentialAction":[{"@type":"SearchAction","target":{"@type":"EntryPoint","urlTemplate":"https:\/\/www.suno.com.br\/noticias\/?s={search_term_string}"},"query-input":{"@type":"PropertyValueSpecification","valueRequired":true,"valueName":"search_term_string"}}],"inLanguage":"pt-BR"},{"@type":"Organization","@id":"https:\/\/www.suno.com.br\/noticias\/#organization","name":"Suno Not\u00edcias","url":"https:\/\/www.suno.com.br\/noticias\/","logo":{"@type":"ImageObject","inLanguage":"pt-BR","@id":"https:\/\/www.suno.com.br\/noticias\/#\/schema\/logo\/image\/","url":"https:\/\/files.sunoresearch.com.br\/n\/uploads\/2021\/09\/suno-logo.png","contentUrl":"https:\/\/files.sunoresearch.com.br\/n\/uploads\/2021\/09\/suno-logo.png","width":180,"height":180,"caption":"Suno Not\u00edcias"},"image":{"@id":"https:\/\/www.suno.com.br\/noticias\/#\/schema\/logo\/image\/"},"sameAs":["https:\/\/facebook.com\/sunoresearch","https:\/\/x.com\/sunoresearch","https:\/\/www.instagram.com\/suno","https:\/\/www.linkedin.com\/company\/suno-research\/","https:\/\/www.youtube.com\/c\/sunoresearch"]},{"@type":"Person","@id":"https:\/\/www.suno.com.br\/noticias\/#\/schema\/person\/3df0d2808748b74496efe5dbeaef2c72","name":"Laura Moutinho","image":{"@type":"ImageObject","inLanguage":"pt-BR","@id":"https:\/\/www.suno.com.br\/noticias\/#\/schema\/person\/image\/","url":"https:\/\/secure.gravatar.com\/avatar\/7571c7c8ca3a6fca5e41384ece5557ff?s=96&r=g","contentUrl":"https:\/\/secure.gravatar.com\/avatar\/7571c7c8ca3a6fca5e41384ece5557ff?s=96&r=g","caption":"Laura Moutinho"},"description":"Estagi\u00e1ria na Suno Not\u00edcias, escreve not\u00edcias que afetam o mercado financeiro. Estuda administra\u00e7\u00e3o na Universidade Presbiteriana Mackenzie.","url":"https:\/\/www.suno.com.br\/noticias\/author\/laura-moutinho\/"}]}},"default_loop_html":"<div class=\"cardsPage__listCard__boxs\"><div class=\"cardsPage__listCard__boxs__img\"><a href=\"https:\/\/www.suno.com.br\/noticias\/coronavac-via-varejo-vvar3-irb-irbr3-noticias-mais-lidas\/\"><img class=\"mask\" src=\"https:\/\/www.suno.com.br\/noticias\/wp-content\/themes\/suno\/resources\/images\/spotlight\/spotlight1img\/bg-mask.png\" alt=\"Image Mask\"\/><img src=\"https:\/\/files.sunoresearch.com.br\/n\/uploads\/2021\/04\/acefd41b-vacinacao_drive_thru_universidade_estadual_do_rio_de_janeiro_uerj_tnrgo_abr_2502214600_0-400x200.webp\" alt=\"Efic\u00e1cia da CoronaVac; Via Varejo (VVAR3) e IRB (IRBR3): Veja as 5 not\u00edcias mais lidas da semana\"\/><\/a><span class=\"spotlightCategory\"><a href=\"https:\/\/www.suno.com.br\/noticias\/negocios\/\">Neg\u00f3cios<\/a><\/span><\/div><div class=\"cardsPage__listCard__boxs__content\"><a href=\"https:\/\/www.suno.com.br\/noticias\/coronavac-via-varejo-vvar3-irb-irbr3-noticias-mais-lidas\/\"><h2 class=\"content__title\">Efic\u00e1cia da CoronaVac; Via Varejo (VVAR3) e IRB (IRBR3): Veja as 5 not\u00edcias mais lidas da semana<\/h2><\/a><div class=\"newsContent__article__meta\"><div class=\"newsContent__article__meta__authorBox\"><a href=\"https:\/\/www.suno.com.br\/noticias\/author\/laura-moutinho\/\" class=\"authorBox__avatar noMobi\"><img src=\"https:\/\/files.sunoresearch.com.br\/n\/uploads\/2020\/08\/531ff69d-whatsapp-image-2020-08-03-at-14.54.38-150x150.webp\" alt=\"Laura Moutinho\"><\/a><div class=\"authorBox__name\"><span>por\n\t\t\t<a href=\"https:\/\/www.suno.com.br\/noticias\/author\/laura-moutinho\/\"><span itemprop=\"author\">Laura Moutinho<\/span><\/a><\/span><time datetime=\"2021-04-17T11:44:11-03:00\" itemprop=\"datePublished\">17\/04\/2021 11:44<\/time><\/div><\/div><\/div><\/div><\/div>","single_layout":"posts","amp_enabled":true,"_links":{"self":[{"href":"https:\/\/www.suno.com.br\/noticias\/wp-json\/wp\/v2\/posts\/140374"}],"collection":[{"href":"https:\/\/www.suno.com.br\/noticias\/wp-json\/wp\/v2\/posts"}],"about":[{"href":"https:\/\/www.suno.com.br\/noticias\/wp-json\/wp\/v2\/types\/post"}],"author":[{"embeddable":true,"href":"https:\/\/www.suno.com.br\/noticias\/wp-json\/wp\/v2\/users\/39"}],"replies":[{"embeddable":true,"href":"https:\/\/www.suno.com.br\/noticias\/wp-json\/wp\/v2\/comments?post=140374"}],"version-history":[{"count":3,"href":"https:\/\/www.suno.com.br\/noticias\/wp-json\/wp\/v2\/posts\/140374\/revisions"}],"predecessor-version":[{"id":141171,"href":"https:\/\/www.suno.com.br\/noticias\/wp-json\/wp\/v2\/posts\/140374\/revisions\/141171"}],"wp:featuredmedia":[{"embeddable":true,"href":"https:\/\/www.suno.com.br\/noticias\/wp-json\/wp\/v2\/media\/137479"}],"wp:attachment":[{"href":"https:\/\/www.suno.com.br\/noticias\/wp-json\/wp\/v2\/media?parent=140374"}],"wp:term":[{"taxonomy":"category","embeddable":true,"href":"https:\/\/www.suno.com.br\/noticias\/wp-json\/wp\/v2\/categories?post=140374"},{"taxonomy":"post_tag","embeddable":true,"href":"https:\/\/www.suno.com.br\/noticias\/wp-json\/wp\/v2\/tags?post=140374"},{"taxonomy":"suno_strategy","embeddable":true,"href":"https:\/\/www.suno.com.br\/noticias\/wp-json\/wp\/v2\/suno_strategy?post=140374"}],"curies":[{"name":"wp","href":"https:\/\/api.w.org\/{rel}","templated":true}]}}