{"id":14029,"date":"2019-02-04T11:41:56","date_gmt":"2019-02-04T13:41:56","guid":{"rendered":"https:\/\/www.suno.com.br\/noticias\/?p=14029"},"modified":"2019-02-04T13:17:14","modified_gmt":"2019-02-04T15:17:14","slug":"sergio-moro-lei-anticrime-governadores","status":"publish","type":"post","link":"https:\/\/www.suno.com.br\/noticias\/sergio-moro-lei-anticrime-governadores\/","title":{"rendered":"Sergio Moro apresenta projeto de lei anticrime aos governadores"},"content":{"rendered":"<p>O<strong> ministro da Justi\u00e7a e Seguran\u00e7a P\u00fablica<\/strong>, Sergio Moro, teve reuni\u00e3o nesta segunda-feira (4) com os governadores e secret\u00e1rios de seguran\u00e7a.<\/p>\t<div class=\"wrapper-featured-image\">\n\t\t<figure class=\"spotlightImg\">\n\n\t\t\t<picture>\n\t\t\t\t<source media=\"(max-width: 768px)\" srcset=\"https:\/\/files.sunoresearch.com.br\/n\/uploads\/2019\/02\/edfa88ac-s\u00e9rgio-moro-400x200.webp\">\n\t\t\t\t<img loading=\"lazy\" decoding=\"async\" class=\"newsContent__article__imgCapa lazyloadDisabled newsContent__article__imgCapa--noCaption\" src=\"https:\/\/files.sunoresearch.com.br\/n\/uploads\/2019\/02\/edfa88ac-s\u00e9rgio-moro-800x450.webp\" width=\"800\" height=\"450\" alt=\"Sergio Moro apresenta projeto de lei anticrime aos governadores\" fetchpriority=high \/>\n\t\t\t<\/picture>\n\n\t\t\t<figcaption class=\"wp-caption-text wp-caption-text--hide\">S\u00e9rgio Moro se re\u00fane com governadores para apresentar projeto de lei anticrime. (divulga\u00e7\u00e3o)<\/figcaption>\n\t\t<\/figure>\n\t<\/div>\n\n\n<p><strong>Sergio Moro<\/strong> apresentou o conte\u00fado do <strong>projeto de lei anticrime<\/strong>, que o governo enviar\u00e1 ao Congresso Nacional.<\/p>\n<p>Os governadores dos 12 estados que participaram do encontro s\u00e3o, segundo o &#8220;G1&#8221;:<\/p>\n<ul>\n<li>Ant\u00f4nio Denarium (RR)<\/li>\n<li>Camilo Santana (CE)<\/li>\n<li>Coronel Marcos Rocha (RO)<\/li>\n<li>Eduardo Leite (RS)<\/li>\n<li>H\u00e9lder Barbalho (PA)<\/li>\n<li>Ibanies Rocha (DF)<\/li>\n<li>Jo\u00e3o Doria (SP)<\/li>\n<li>Mauro Carlesse (TO)<\/li>\n<li>Ratinho J\u00fanior (PR)<\/li>\n<li>Renato Casagrande (ES)<\/li>\n<li>Ronaldo Caiado (GO)<\/li>\n<li>Rui Costa (BA)<\/li>\n<\/ul>\n<p>Na aus\u00eancia do governador do Rio de Janeiro, Wilson Witzel, o vice-governador Cl\u00e1udio Castro representou o Estado.<\/p>\n<p><a href=\"https:\/\/www.suno.com.br\/noticias\/goveradores-estados-reforma-previdencia\/\">Saiba mais &#8211;\u00a0Para apoiar reforma da Previd\u00eancia, governadores querem demandas atendidas\u00a0<\/a><\/p>\n<h2>Corrup\u00e7\u00e3o, crime organizado e crime violento<\/h2>\n<p>Em v\u00eddeo divulgado em rede social do governo, <strong>Moro<\/strong> disse que o texto do projeto ter\u00e1 &#8220;medidas bastante objetivas&#8221; e &#8220;f\u00e1ceis de serem explicadas&#8221;.<\/p>\n<p>\u201cS\u00e3o medidas contra a <strong>corrup\u00e7\u00e3o<\/strong>,<strong> crime organizado<\/strong> e <strong>crime violento<\/strong>. Na nossa concep\u00e7\u00e3o, esses tr\u00eas problemas caminham juntos&#8221;, declarou o ministro em v\u00eddeo divulgado na v\u00e9spera (2).<\/p>\n<p>A proposta ser\u00e1 encaminhada para an\u00e1lise de deputados e senadores &#8220;nos pr\u00f3ximos dias&#8221;, de acordo com o <strong>Minist\u00e9rio da Justi\u00e7a e Seguran\u00e7a P\u00fablica<\/strong>.<\/p>\n<p><strong>S\u00e9rgio Moro<\/strong> j\u00e1 dialogou com os presidentes da C\u00e2mara e do Senado,\u00a0<strong>Rodrigo Maia<\/strong> (DEM-RJ) e\u00a0<strong>Davi Alcolumbre<\/strong> (DEM-AP), respectivamente.<\/p>\n<p>O ministro e sua equipe trabalham no projeto desde o fim do ano passado.\u00a0 Quando o per\u00edodo de transi\u00e7\u00e3o de governo foi iniciado. H\u00e1 tr\u00eas propostas de <strong>Moro<\/strong> que fazem parte da lista de metas priorit\u00e1rias para os primeiros 100 dias do <strong>governo Bolsonaro<\/strong>:<\/p>\n<ol>\n<li>Decreto da posse de armas;<\/li>\n<li>Projeto da lei anticrime;<\/li>\n<li>Fortalecimento da Opera\u00e7\u00e3o Lava Jato.<\/li>\n<\/ol>\n<p>Ainda no v\u00eddeo divulgado ontem, Moro explica que\u00a0o <strong>crime organizado<\/strong> \u201calimenta\u201d a <strong>corrup\u00e7\u00e3o<\/strong> e o <strong>crime violento<\/strong>. Ao passo que a\u00a0corrup\u00e7\u00e3o, na opini\u00e3o do ministro, \u201cesvazia\u201d os recursos p\u00fablicos necess\u00e1rios para se implementar a\u00e7\u00f5es de <strong>seguran\u00e7a<\/strong> \u201cefetivas\u201d.<\/p>\n<p>A \u201cideia principal\u201d do projeto \u00e9 \u201cmelhorar a qualidade de vida\u201d dos brasileiros, que desejam \u201cviver em um pa\u00eds mais seguro\u201d. Conforme <strong>Sergio Moro<\/strong>, apesar de n\u00e3o ter condi\u00e7\u00f5es de resolver todos os problemas, o governo pode &#8220;liderar&#8221; o processo de mudan\u00e7a.<\/p>\n","protected":false},"excerpt":{"rendered":"<p>O ministro da Justi\u00e7a e Seguran\u00e7a P\u00fablica, Sergio Moro, teve reuni\u00e3o nesta segunda-feira (4) com os governadores e secret\u00e1rios de seguran\u00e7a. S\u00e9rgio Moro se re\u00fane com governadores para apresentar projeto de lei anticrime. (divulga\u00e7\u00e3o) Sergio Moro apresentou o conte\u00fado do projeto de lei anticrime, que o governo enviar\u00e1 ao Congresso Nacional. Os governadores dos 12 [&hellip;]<\/p>\n","protected":false},"author":12,"featured_media":14030,"comment_status":"closed","ping_status":"closed","sticky":false,"template":"","format":"standard","meta":[],"categories":[61],"tags":[1018],"suno_strategy":[],"class_list":["post-14029","post","type-post","status-publish","format-standard","has-post-thumbnail","hentry","category-politica","tag-sergio-moro"],"yoast_head":"<!-- This site is optimized with the Yoast SEO plugin v24.4 - https:\/\/yoast.com\/wordpress\/plugins\/seo\/ -->\n<title>Sergio Moro apresenta projeto de lei anticrime aos governadores<\/title>\n<meta name=\"description\" content=\"O ministro da Justi\u00e7a e Seguran\u00e7a P\u00fablica, Sergio Moro, apresenta projeto de lei anticrime aos governadores. Clique para saber mais.\" \/>\n<meta name=\"robots\" content=\"index, follow, max-snippet:-1, max-image-preview:large, max-video-preview:-1\" \/>\n<link rel=\"canonical\" href=\"https:\/\/www.suno.com.br\/noticias\/sergio-moro-lei-anticrime-governadores\/\" \/>\n<meta property=\"og:locale\" content=\"pt_BR\" \/>\n<meta property=\"og:type\" content=\"article\" \/>\n<meta property=\"og:title\" content=\"Sergio Moro apresenta projeto de lei anticrime aos governadores\" \/>\n<meta property=\"og:description\" content=\"O ministro da Justi\u00e7a e Seguran\u00e7a P\u00fablica, Sergio Moro, apresenta projeto de lei anticrime aos governadores. Clique para saber mais.\" \/>\n<meta property=\"og:url\" content=\"https:\/\/www.suno.com.br\/noticias\/sergio-moro-lei-anticrime-governadores\/\" \/>\n<meta property=\"og:site_name\" content=\"Suno Not\u00edcias\" \/>\n<meta property=\"article:publisher\" content=\"https:\/\/facebook.com\/sunoresearch\" \/>\n<meta property=\"og:image\" content=\"https:\/\/files.sunoresearch.com.br\/n\/uploads\/2019\/02\/edfa88ac-s\u00e9rgio-moro.jpg\" \/>\n\t<meta property=\"og:image:width\" content=\"1024\" \/>\n\t<meta property=\"og:image:height\" content=\"683\" \/>\n\t<meta property=\"og:image:type\" content=\"image\/jpeg\" \/>\n<meta name=\"author\" content=\"Amanda Gushiken\" \/>\n<meta name=\"twitter:card\" content=\"summary_large_image\" \/>\n<meta name=\"twitter:creator\" content=\"@sunoresearch\" \/>\n<meta name=\"twitter:site\" content=\"@sunoresearch\" \/>\n<meta name=\"twitter:label1\" content=\"Escrito por\" \/>\n\t<meta name=\"twitter:data1\" content=\"Amanda Gushiken\" \/>\n\t<meta name=\"twitter:label2\" content=\"Est. tempo de leitura\" \/>\n\t<meta name=\"twitter:data2\" content=\"2 minutos\" \/>\n<script type=\"application\/ld+json\" class=\"yoast-schema-graph\">{\"@context\":\"https:\/\/schema.org\",\"@graph\":[{\"@type\":\"NewsArticle\",\"@id\":\"https:\/\/www.suno.com.br\/noticias\/sergio-moro-lei-anticrime-governadores\/#article\",\"isPartOf\":{\"@id\":\"https:\/\/www.suno.com.br\/noticias\/sergio-moro-lei-anticrime-governadores\/\"},\"author\":{\"name\":\"Amanda Gushiken\",\"@id\":\"https:\/\/www.suno.com.br\/noticias\/#\/schema\/person\/a5b06fa4e879d8e8e119c6ed3cd630d1\"},\"headline\":\"Sergio Moro apresenta projeto de lei anticrime aos governadores\",\"datePublished\":\"2019-02-04T13:41:56+00:00\",\"dateModified\":\"2019-02-04T15:17:14+00:00\",\"mainEntityOfPage\":{\"@id\":\"https:\/\/www.suno.com.br\/noticias\/sergio-moro-lei-anticrime-governadores\/\"},\"wordCount\":409,\"publisher\":{\"@id\":\"https:\/\/www.suno.com.br\/noticias\/#organization\"},\"image\":{\"@id\":\"https:\/\/www.suno.com.br\/noticias\/sergio-moro-lei-anticrime-governadores\/#primaryimage\"},\"thumbnailUrl\":\"https:\/\/files.sunoresearch.com.br\/n\/uploads\/2019\/02\/edfa88ac-s\u00e9rgio-moro-jpg.webp\",\"keywords\":[\"Sergio Moro\"],\"articleSection\":[\"Pol\u00edtica\"],\"inLanguage\":\"pt-BR\"},{\"@type\":\"WebPage\",\"@id\":\"https:\/\/www.suno.com.br\/noticias\/sergio-moro-lei-anticrime-governadores\/\",\"url\":\"https:\/\/www.suno.com.br\/noticias\/sergio-moro-lei-anticrime-governadores\/\",\"name\":\"Sergio Moro apresenta projeto de lei anticrime aos governadores\",\"isPartOf\":{\"@id\":\"https:\/\/www.suno.com.br\/noticias\/#website\"},\"primaryImageOfPage\":{\"@id\":\"https:\/\/www.suno.com.br\/noticias\/sergio-moro-lei-anticrime-governadores\/#primaryimage\"},\"image\":{\"@id\":\"https:\/\/www.suno.com.br\/noticias\/sergio-moro-lei-anticrime-governadores\/#primaryimage\"},\"thumbnailUrl\":\"https:\/\/files.sunoresearch.com.br\/n\/uploads\/2019\/02\/edfa88ac-s\u00e9rgio-moro-jpg.webp\",\"datePublished\":\"2019-02-04T13:41:56+00:00\",\"dateModified\":\"2019-02-04T15:17:14+00:00\",\"description\":\"O ministro da Justi\u00e7a e Seguran\u00e7a P\u00fablica, Sergio Moro, apresenta projeto de lei anticrime aos governadores. Clique para saber mais.\",\"breadcrumb\":{\"@id\":\"https:\/\/www.suno.com.br\/noticias\/sergio-moro-lei-anticrime-governadores\/#breadcrumb\"},\"inLanguage\":\"pt-BR\",\"potentialAction\":[{\"@type\":\"ReadAction\",\"target\":[\"https:\/\/www.suno.com.br\/noticias\/sergio-moro-lei-anticrime-governadores\/\"]}]},{\"@type\":\"ImageObject\",\"inLanguage\":\"pt-BR\",\"@id\":\"https:\/\/www.suno.com.br\/noticias\/sergio-moro-lei-anticrime-governadores\/#primaryimage\",\"url\":\"https:\/\/files.sunoresearch.com.br\/n\/uploads\/2019\/02\/edfa88ac-s\u00e9rgio-moro-jpg.webp\",\"contentUrl\":\"https:\/\/files.sunoresearch.com.br\/n\/uploads\/2019\/02\/edfa88ac-s\u00e9rgio-moro-jpg.webp\",\"width\":1024,\"height\":683,\"caption\":\"S\u00e9rgio Moro se re\u00fane com governadores para apresentar projeto de lei anticrime. (divulga\u00e7\u00e3o)\"},{\"@type\":\"BreadcrumbList\",\"@id\":\"https:\/\/www.suno.com.br\/noticias\/sergio-moro-lei-anticrime-governadores\/#breadcrumb\",\"itemListElement\":[{\"@type\":\"ListItem\",\"position\":1,\"name\":\"Not\u00edcias\",\"item\":\"https:\/\/www.suno.com.br\/noticias\/\"},{\"@type\":\"ListItem\",\"position\":2,\"name\":\"Pol\u00edtica\",\"item\":\"https:\/\/www.suno.com.br\/noticias\/politica\/\"},{\"@type\":\"ListItem\",\"position\":3,\"name\":\"Sergio Moro apresenta projeto de lei anticrime aos governadores\"}]},{\"@type\":\"WebSite\",\"@id\":\"https:\/\/www.suno.com.br\/noticias\/#website\",\"url\":\"https:\/\/www.suno.com.br\/noticias\/\",\"name\":\"Suno Not\u00edcias\",\"description\":\"Seu portal de informa\u00e7\u00e3o sobre o mundo dos investimentos\",\"publisher\":{\"@id\":\"https:\/\/www.suno.com.br\/noticias\/#organization\"},\"potentialAction\":[{\"@type\":\"SearchAction\",\"target\":{\"@type\":\"EntryPoint\",\"urlTemplate\":\"https:\/\/www.suno.com.br\/noticias\/?s={search_term_string}\"},\"query-input\":{\"@type\":\"PropertyValueSpecification\",\"valueRequired\":true,\"valueName\":\"search_term_string\"}}],\"inLanguage\":\"pt-BR\"},{\"@type\":\"Organization\",\"@id\":\"https:\/\/www.suno.com.br\/noticias\/#organization\",\"name\":\"Suno Not\u00edcias\",\"url\":\"https:\/\/www.suno.com.br\/noticias\/\",\"logo\":{\"@type\":\"ImageObject\",\"inLanguage\":\"pt-BR\",\"@id\":\"https:\/\/www.suno.com.br\/noticias\/#\/schema\/logo\/image\/\",\"url\":\"https:\/\/files.sunoresearch.com.br\/n\/uploads\/2021\/09\/suno-logo.png\",\"contentUrl\":\"https:\/\/files.sunoresearch.com.br\/n\/uploads\/2021\/09\/suno-logo.png\",\"width\":180,\"height\":180,\"caption\":\"Suno Not\u00edcias\"},\"image\":{\"@id\":\"https:\/\/www.suno.com.br\/noticias\/#\/schema\/logo\/image\/\"},\"sameAs\":[\"https:\/\/facebook.com\/sunoresearch\",\"https:\/\/x.com\/sunoresearch\",\"https:\/\/www.instagram.com\/suno\",\"https:\/\/www.linkedin.com\/company\/suno-research\/\",\"https:\/\/www.youtube.com\/c\/sunoresearch\"]},{\"@type\":\"Person\",\"@id\":\"https:\/\/www.suno.com.br\/noticias\/#\/schema\/person\/a5b06fa4e879d8e8e119c6ed3cd630d1\",\"name\":\"Amanda Gushiken\",\"image\":{\"@type\":\"ImageObject\",\"inLanguage\":\"pt-BR\",\"@id\":\"https:\/\/www.suno.com.br\/noticias\/#\/schema\/person\/image\/\",\"url\":\"https:\/\/secure.gravatar.com\/avatar\/ecd84705e6b65e3685ae80d725501fbe?s=96&r=g\",\"contentUrl\":\"https:\/\/secure.gravatar.com\/avatar\/ecd84705e6b65e3685ae80d725501fbe?s=96&r=g\",\"caption\":\"Amanda Gushiken\"},\"description\":\"Amanda Sayuri Gushiken escreve sobre finan\u00e7as e neg\u00f3cios para o portal Suno Not\u00edcias. Antes, trabalhou selecionando not\u00edcias da imprensa para clientes do mercado financeiro. Tamb\u00e9m desenvolveu pesquisa acad\u00eamica pela Universidade Anhembi Morumbi na \u00e1rea de Teorias da Comunica\u00e7\u00e3o e \u00e9 fot\u00f3grafa nas horas vagas.\",\"url\":\"https:\/\/www.suno.com.br\/noticias\/author\/amanda\/\"}]}<\/script>\n<!-- \/ Yoast SEO plugin. -->","yoast_head_json":{"title":"Sergio Moro apresenta projeto de lei anticrime aos governadores","description":"O ministro da Justi\u00e7a e Seguran\u00e7a P\u00fablica, Sergio Moro, apresenta projeto de lei anticrime aos governadores. Clique para saber mais.","robots":{"index":"index","follow":"follow","max-snippet":"max-snippet:-1","max-image-preview":"max-image-preview:large","max-video-preview":"max-video-preview:-1"},"canonical":"https:\/\/www.suno.com.br\/noticias\/sergio-moro-lei-anticrime-governadores\/","og_locale":"pt_BR","og_type":"article","og_title":"Sergio Moro apresenta projeto de lei anticrime aos governadores","og_description":"O ministro da Justi\u00e7a e Seguran\u00e7a P\u00fablica, Sergio Moro, apresenta projeto de lei anticrime aos governadores. Clique para saber mais.","og_url":"https:\/\/www.suno.com.br\/noticias\/sergio-moro-lei-anticrime-governadores\/","og_site_name":"Suno Not\u00edcias","article_publisher":"https:\/\/facebook.com\/sunoresearch","og_image":[{"width":1024,"height":683,"url":"https:\/\/files.sunoresearch.com.br\/n\/uploads\/2019\/02\/edfa88ac-s\u00e9rgio-moro.jpg","type":"image\/jpeg"}],"author":"Amanda Gushiken","twitter_card":"summary_large_image","twitter_creator":"@sunoresearch","twitter_site":"@sunoresearch","twitter_misc":{"Escrito por":"Amanda Gushiken","Est. tempo de leitura":"2 minutos"},"schema":{"@context":"https:\/\/schema.org","@graph":[{"@type":"NewsArticle","@id":"https:\/\/www.suno.com.br\/noticias\/sergio-moro-lei-anticrime-governadores\/#article","isPartOf":{"@id":"https:\/\/www.suno.com.br\/noticias\/sergio-moro-lei-anticrime-governadores\/"},"author":{"name":"Amanda Gushiken","@id":"https:\/\/www.suno.com.br\/noticias\/#\/schema\/person\/a5b06fa4e879d8e8e119c6ed3cd630d1"},"headline":"Sergio Moro apresenta projeto de lei anticrime aos governadores","datePublished":"2019-02-04T13:41:56+00:00","dateModified":"2019-02-04T15:17:14+00:00","mainEntityOfPage":{"@id":"https:\/\/www.suno.com.br\/noticias\/sergio-moro-lei-anticrime-governadores\/"},"wordCount":409,"publisher":{"@id":"https:\/\/www.suno.com.br\/noticias\/#organization"},"image":{"@id":"https:\/\/www.suno.com.br\/noticias\/sergio-moro-lei-anticrime-governadores\/#primaryimage"},"thumbnailUrl":"https:\/\/files.sunoresearch.com.br\/n\/uploads\/2019\/02\/edfa88ac-s\u00e9rgio-moro-jpg.webp","keywords":["Sergio Moro"],"articleSection":["Pol\u00edtica"],"inLanguage":"pt-BR"},{"@type":"WebPage","@id":"https:\/\/www.suno.com.br\/noticias\/sergio-moro-lei-anticrime-governadores\/","url":"https:\/\/www.suno.com.br\/noticias\/sergio-moro-lei-anticrime-governadores\/","name":"Sergio Moro apresenta projeto de lei anticrime aos governadores","isPartOf":{"@id":"https:\/\/www.suno.com.br\/noticias\/#website"},"primaryImageOfPage":{"@id":"https:\/\/www.suno.com.br\/noticias\/sergio-moro-lei-anticrime-governadores\/#primaryimage"},"image":{"@id":"https:\/\/www.suno.com.br\/noticias\/sergio-moro-lei-anticrime-governadores\/#primaryimage"},"thumbnailUrl":"https:\/\/files.sunoresearch.com.br\/n\/uploads\/2019\/02\/edfa88ac-s\u00e9rgio-moro-jpg.webp","datePublished":"2019-02-04T13:41:56+00:00","dateModified":"2019-02-04T15:17:14+00:00","description":"O ministro da Justi\u00e7a e Seguran\u00e7a P\u00fablica, Sergio Moro, apresenta projeto de lei anticrime aos governadores. Clique para saber mais.","breadcrumb":{"@id":"https:\/\/www.suno.com.br\/noticias\/sergio-moro-lei-anticrime-governadores\/#breadcrumb"},"inLanguage":"pt-BR","potentialAction":[{"@type":"ReadAction","target":["https:\/\/www.suno.com.br\/noticias\/sergio-moro-lei-anticrime-governadores\/"]}]},{"@type":"ImageObject","inLanguage":"pt-BR","@id":"https:\/\/www.suno.com.br\/noticias\/sergio-moro-lei-anticrime-governadores\/#primaryimage","url":"https:\/\/files.sunoresearch.com.br\/n\/uploads\/2019\/02\/edfa88ac-s\u00e9rgio-moro-jpg.webp","contentUrl":"https:\/\/files.sunoresearch.com.br\/n\/uploads\/2019\/02\/edfa88ac-s\u00e9rgio-moro-jpg.webp","width":1024,"height":683,"caption":"S\u00e9rgio Moro se re\u00fane com governadores para apresentar projeto de lei anticrime. (divulga\u00e7\u00e3o)"},{"@type":"BreadcrumbList","@id":"https:\/\/www.suno.com.br\/noticias\/sergio-moro-lei-anticrime-governadores\/#breadcrumb","itemListElement":[{"@type":"ListItem","position":1,"name":"Not\u00edcias","item":"https:\/\/www.suno.com.br\/noticias\/"},{"@type":"ListItem","position":2,"name":"Pol\u00edtica","item":"https:\/\/www.suno.com.br\/noticias\/politica\/"},{"@type":"ListItem","position":3,"name":"Sergio Moro apresenta projeto de lei anticrime aos governadores"}]},{"@type":"WebSite","@id":"https:\/\/www.suno.com.br\/noticias\/#website","url":"https:\/\/www.suno.com.br\/noticias\/","name":"Suno Not\u00edcias","description":"Seu portal de informa\u00e7\u00e3o sobre o mundo dos investimentos","publisher":{"@id":"https:\/\/www.suno.com.br\/noticias\/#organization"},"potentialAction":[{"@type":"SearchAction","target":{"@type":"EntryPoint","urlTemplate":"https:\/\/www.suno.com.br\/noticias\/?s={search_term_string}"},"query-input":{"@type":"PropertyValueSpecification","valueRequired":true,"valueName":"search_term_string"}}],"inLanguage":"pt-BR"},{"@type":"Organization","@id":"https:\/\/www.suno.com.br\/noticias\/#organization","name":"Suno Not\u00edcias","url":"https:\/\/www.suno.com.br\/noticias\/","logo":{"@type":"ImageObject","inLanguage":"pt-BR","@id":"https:\/\/www.suno.com.br\/noticias\/#\/schema\/logo\/image\/","url":"https:\/\/files.sunoresearch.com.br\/n\/uploads\/2021\/09\/suno-logo.png","contentUrl":"https:\/\/files.sunoresearch.com.br\/n\/uploads\/2021\/09\/suno-logo.png","width":180,"height":180,"caption":"Suno Not\u00edcias"},"image":{"@id":"https:\/\/www.suno.com.br\/noticias\/#\/schema\/logo\/image\/"},"sameAs":["https:\/\/facebook.com\/sunoresearch","https:\/\/x.com\/sunoresearch","https:\/\/www.instagram.com\/suno","https:\/\/www.linkedin.com\/company\/suno-research\/","https:\/\/www.youtube.com\/c\/sunoresearch"]},{"@type":"Person","@id":"https:\/\/www.suno.com.br\/noticias\/#\/schema\/person\/a5b06fa4e879d8e8e119c6ed3cd630d1","name":"Amanda Gushiken","image":{"@type":"ImageObject","inLanguage":"pt-BR","@id":"https:\/\/www.suno.com.br\/noticias\/#\/schema\/person\/image\/","url":"https:\/\/secure.gravatar.com\/avatar\/ecd84705e6b65e3685ae80d725501fbe?s=96&r=g","contentUrl":"https:\/\/secure.gravatar.com\/avatar\/ecd84705e6b65e3685ae80d725501fbe?s=96&r=g","caption":"Amanda Gushiken"},"description":"Amanda Sayuri Gushiken escreve sobre finan\u00e7as e neg\u00f3cios para o portal Suno Not\u00edcias. Antes, trabalhou selecionando not\u00edcias da imprensa para clientes do mercado financeiro. Tamb\u00e9m desenvolveu pesquisa acad\u00eamica pela Universidade Anhembi Morumbi na \u00e1rea de Teorias da Comunica\u00e7\u00e3o e \u00e9 fot\u00f3grafa nas horas vagas.","url":"https:\/\/www.suno.com.br\/noticias\/author\/amanda\/"}]}},"default_loop_html":"<div class=\"cardsPage__listCard__boxs\"><div class=\"cardsPage__listCard__boxs__img\"><a href=\"https:\/\/www.suno.com.br\/noticias\/sergio-moro-lei-anticrime-governadores\/\"><img class=\"mask\" src=\"https:\/\/www.suno.com.br\/noticias\/wp-content\/themes\/suno\/resources\/images\/spotlight\/spotlight1img\/bg-mask.png\" alt=\"Image Mask\"\/><img src=\"https:\/\/files.sunoresearch.com.br\/n\/uploads\/2019\/02\/edfa88ac-s\u00e9rgio-moro-400x200.webp\" alt=\"Sergio Moro apresenta projeto de lei anticrime aos governadores\"\/><\/a><span class=\"spotlightCategory\"><a href=\"https:\/\/www.suno.com.br\/noticias\/politica\/\">Pol\u00edtica<\/a><\/span><\/div><div class=\"cardsPage__listCard__boxs__content\"><a href=\"https:\/\/www.suno.com.br\/noticias\/sergio-moro-lei-anticrime-governadores\/\"><h2 class=\"content__title\">Sergio Moro apresenta projeto de lei anticrime aos governadores<\/h2><\/a><div class=\"newsContent__article__meta\"><div class=\"newsContent__article__meta__authorBox\"><a href=\"https:\/\/www.suno.com.br\/noticias\/author\/amanda\/\" class=\"authorBox__avatar noMobi\"><img src=\"https:\/\/files.sunoresearch.com.br\/n\/uploads\/2018\/11\/c6ad30be-amanda-150x150.webp\" alt=\"Amanda Gushiken\"><\/a><div class=\"authorBox__name\"><span>por\n\t\t\t<a href=\"https:\/\/www.suno.com.br\/noticias\/author\/amanda\/\"><span itemprop=\"author\">Amanda Gushiken<\/span><\/a><\/span><time datetime=\"2019-02-04T11:41:56-02:00\" itemprop=\"datePublished\">04\/02\/2019 11:41<\/time><\/div><\/div><\/div><\/div><\/div>","single_layout":"posts","amp_enabled":true,"_links":{"self":[{"href":"https:\/\/www.suno.com.br\/noticias\/wp-json\/wp\/v2\/posts\/14029"}],"collection":[{"href":"https:\/\/www.suno.com.br\/noticias\/wp-json\/wp\/v2\/posts"}],"about":[{"href":"https:\/\/www.suno.com.br\/noticias\/wp-json\/wp\/v2\/types\/post"}],"author":[{"embeddable":true,"href":"https:\/\/www.suno.com.br\/noticias\/wp-json\/wp\/v2\/users\/12"}],"replies":[{"embeddable":true,"href":"https:\/\/www.suno.com.br\/noticias\/wp-json\/wp\/v2\/comments?post=14029"}],"version-history":[{"count":0,"href":"https:\/\/www.suno.com.br\/noticias\/wp-json\/wp\/v2\/posts\/14029\/revisions"}],"wp:featuredmedia":[{"embeddable":true,"href":"https:\/\/www.suno.com.br\/noticias\/wp-json\/wp\/v2\/media\/14030"}],"wp:attachment":[{"href":"https:\/\/www.suno.com.br\/noticias\/wp-json\/wp\/v2\/media?parent=14029"}],"wp:term":[{"taxonomy":"category","embeddable":true,"href":"https:\/\/www.suno.com.br\/noticias\/wp-json\/wp\/v2\/categories?post=14029"},{"taxonomy":"post_tag","embeddable":true,"href":"https:\/\/www.suno.com.br\/noticias\/wp-json\/wp\/v2\/tags?post=14029"},{"taxonomy":"suno_strategy","embeddable":true,"href":"https:\/\/www.suno.com.br\/noticias\/wp-json\/wp\/v2\/suno_strategy?post=14029"}],"curies":[{"name":"wp","href":"https:\/\/api.w.org\/{rel}","templated":true}]}}