{"id":140145,"date":"2021-04-16T13:58:18","date_gmt":"2021-04-16T16:58:18","guid":{"rendered":"https:\/\/www.suno.com.br\/noticias\/?p=140145"},"modified":"2021-04-16T15:58:10","modified_gmt":"2021-04-16T18:58:10","slug":"ibovespa-varejo-quarentena-lojas-renner-lren3-acoes-16042021","status":"publish","type":"post","link":"https:\/\/www.suno.com.br\/noticias\/ibovespa-varejo-quarentena-lojas-renner-lren3-acoes-16042021\/","title":{"rendered":"Ibovespa avan\u00e7a com agito no varejo; Lojas Renner (LREN3) e C&#038;A (CEAB3) disparam"},"content":{"rendered":"<p>O <strong>Ibovespa<\/strong> opera em leve alta na tarde desta sexta-feira (16), com o mercado de olho no movimento das empresas de varejo. O governo de S\u00e3o Paulo anunciou que a partir de amanh\u00e3 a <a href=\"https:\/\/www.suno.com.br\/noticias\/governo-de-sao-paulo-vai-iniciar-fase-de-transicao-e-abertura-do-comercio\/\">regi\u00e3o entrar\u00e1 em uma fase de transi\u00e7\u00e3o<\/a>, com a flexibiliza\u00e7\u00e3o gradual das medidas restritivas.<\/p>\t<div class=\"wrapper-featured-image\">\n\t\t<figure class=\"spotlightImg\">\n\n\t\t\t<picture>\n\t\t\t\t<source media=\"(max-width: 768px)\" srcset=\"https:\/\/files.sunoresearch.com.br\/n\/uploads\/2021\/03\/911ff435-shares-5279686_1280-400x200.webp\">\n\t\t\t\t<img loading=\"lazy\" decoding=\"async\" class=\"newsContent__article__imgCapa lazyloadDisabled \" src=\"https:\/\/files.sunoresearch.com.br\/n\/uploads\/2021\/03\/911ff435-shares-5279686_1280-800x450.webp\" width=\"800\" height=\"450\" alt=\"Ibovespa avan\u00e7a com agito no varejo; Lojas Renner (LREN3) e C&#038;A (CEAB3) disparam\" fetchpriority=high \/>\n\t\t\t<\/picture>\n\n\t\t\t<figcaption class=\"wp-caption-text wp-caption-text--show\">Ibovespa. Foto: Pixabay.<\/figcaption>\n\t\t<\/figure>\n\t<\/div>\n\n\n\t<p>\n\t\t<a href=\"https:\/\/lp.suno.com.br\/planilha-controle-gastos\/\" target=\"_blank\" data-element=\"shortcode-suno-banner\" title=\"Banner SUNO, clique e saiba mais\">\n\t\t\t<picture>\n\t\t\t\t<source media=\"(max-width: 500px)\" srcset=\"https:\/\/files.sunoresearch.com.br\/n\/uploads\/2023\/03\/400x300-Planilha-controle-de-gastos.png\">\n\t\t\t\t<img class=\"newsContent__article__imgCapa newsContent__article__imgCapa--banner\"\n\t\t\t\t\tsrc=\"https:\/\/files.sunoresearch.com.br\/n\/uploads\/2023\/03\/1420x240-Planilha-controle-de-gastos.png\"\n\t\t\t\t\tdata-promo-id=\"101751\"\t\t\t\t\t\t\t\t\t\twidth='1420' height='240'\t\t\t\t\talt=\"https:\/\/files.sunoresearch.com.br\/n\/uploads\/2023\/03\/1420x240-Planilha-controle-de-gastos.png\"\n\t\t\t\t>\n\t\t\t<\/picture>\n\t\t<\/a>\n\t<\/p>\n\n\n<p>Por volta das 13h55, o <a href=\"https:\/\/www.suno.com.br\/artigos\/ibovespa\/\">Ibovespa avan\u00e7ava 0,08%<\/a>, para 120.798 pontos. O movimento de <a href=\"https:\/\/www.suno.com.br\/acoes\/lren3\/\"><strong>Lojas Renner<\/strong> (LREN3)<\/a> tomou aten\u00e7\u00e3o do mercado neste preg\u00e3o. Est\u00e1veis nos \u00faltimos dias, os pap\u00e9is da empresa dispararam nesta manh\u00e3 com o rumor de que a Renner far\u00e1 uma oferta de a\u00e7\u00f5es para a compra de algum <em>player<\/em> do setor. As a\u00e7\u00f5es operam com uma alta de 8%.<\/p>\n<p>O frenesi dos investidores diz respeito a uma suposta oferta de compra da <a href=\"https:\/\/www.suno.com.br\/acoes\/ceab3\/\"><strong>C&amp;A<\/strong> (CEAB3)<\/a> ou <a href=\"https:\/\/www.suno.com.br\/acoes\/amar3\/\"><strong>Marisa<\/strong> (AMAR3)<\/a>, na esteira da oferta da Arezzo pela Hering nesta semana. As a\u00e7\u00f5es das empresas sobem 11,8% e 14,1%, respectivamente.<\/p>\n<p><a href=\"https:\/\/lp.suno.com.br\/suno-one\/\">Suno One: acesse gratuitamente eBooks, Minicursos, Artigos e V\u00eddeo Aulas sobre investimentos com um \u00fanico cadastro. Clique para saber mais!<\/a><\/p>\n<p>No entanto, a Renner n\u00e3o tem um alvo espec\u00edfico, segundo o <em>Brazil Journal<\/em>. O site noticiou que a companhia, de fato, far\u00e1 um oferta para captar recursos, na ordem de R$ 4,5 bilh\u00f5es. A empresa tem o objetivo de financiar seu plano de crescimento org\u00e2nico e, eventualmente, aproveitar alguma oportunidade de aquisi\u00e7\u00e3o.<\/p>\n<p>&#8220;Temos uma vis\u00e3o positiva para o setor de varejo com a volta ao normal puxando significativamente as vendas de mesmas lojas (SSS, na sigla em ingl\u00eas) das companhias. Al\u00e9m disso, essa consolida\u00e7\u00e3o do setor atrav\u00e9s de fus\u00f5es e aquisi\u00e7\u00f5es deve fortalecer cada vez mais as companhias no longo prazo&#8221;, diz a <strong>Ativa Investimentos<\/strong> em coment\u00e1rio.<\/p>\n\n\t<div data-element=\"shortcode-read-more\" class=\"readToo\">\n\t\t\t\t<span class=\"readToo__title\">Saiba mais<\/span>\n\t\t\t\t<ul class=\"readToo__list\">\n\t\t\t<li><a href=\"https:\/\/www.suno.com.br\/noticias\/gerdau-ggbr4-lanca-subsidiaria-com-foco-na-producao-de-grafeno\/\">Gerdau (GGBR4) lan\u00e7a subsidi\u00e1ria com foco na produ\u00e7\u00e3o de grafeno<\/a><\/li><li><a href=\"https:\/\/www.suno.com.br\/noticias\/investimento-no-exterior-dolar-alta\/\">Investimento no exterior: ainda vale a pena com o d\u00f3lar em alta?<\/a><\/li>\t\t<\/ul>\n\t<\/div>\n\n\n<p>Outro destaque do dia, mas que puxa o \u00edndice para baixo, s\u00e3o as quedas dos frigor\u00edficos. Corrigindo o forte desempenho do setor no ano at\u00e9 aqui, Minerva, BRF e JBS est\u00e3o entre as maiores quedas do dia, seguidas pela baixa da <a href=\"https:\/\/www.suno.com.br\/acoes\/prio3\/\"><strong>PetroRio<\/strong> (PRIO3)<\/a>, mesmo com a recupera\u00e7\u00e3o dos pre\u00e7os do petr\u00f3leo.<\/p>\n<p>As a\u00e7\u00f5es de shopping tamb\u00e9m reagem positivamente aos an\u00fancios do governo do estado, mesmo que de forma t\u00edmida. Os pap\u00e9is de <a href=\"https:\/\/www.suno.com.br\/acoes\/igta3\/\"><strong>Iguatemi<\/strong> (IGTA3)<\/a>, <a href=\"https:\/\/www.suno.com.br\/acoes\/mult3\/\"><strong>Multiplam<\/strong> (MULT3)<\/a> e <a href=\"https:\/\/www.suno.com.br\/acoes\/brml3\/\"><strong>brMalls<\/strong> (BRML3)<\/a> sobem entre 0,5% e 1%. A taxa de ocupa\u00e7\u00e3o de leitos no estado est\u00e1, hoje, em 85,3%, propiciando a reabertura de restaurantes, cultos religiosos e academias, em hor\u00e1rios reduzidos.<\/p>\n\t<p>\n\t\t<a href=\"https:\/\/lp.suno.com.br\/planilha-da-vida-financeira\/\" target=\"_blank\" data-element=\"shortcode-suno-banner\" title=\"Banner SUNO, clique e saiba mais\">\n\t\t\t<picture>\n\t\t\t\t<source media=\"(max-width: 500px)\" srcset=\"https:\/\/files.sunoresearch.com.br\/n\/uploads\/2023\/04\/400x300-Planilha-vida-financeira-true.png\">\n\t\t\t\t<img class=\"newsContent__article__imgCapa newsContent__article__imgCapa--banner\"\n\t\t\t\t\tsrc=\"https:\/\/files.sunoresearch.com.br\/n\/uploads\/2023\/04\/1420x240-Planilha-vida-financeira-true.png\"\n\t\t\t\t\tdata-promo-id=\"106682\"\t\t\t\t\t\t\t\t\t\twidth='1420' height='240'\t\t\t\t\talt=\"https:\/\/files.sunoresearch.com.br\/n\/uploads\/2023\/04\/1420x240-Planilha-vida-financeira-true.png\"\n\t\t\t\t>\n\t\t\t<\/picture>\n\t\t<\/a>\n\t<\/p>\n\n\n<h2>O que sobe e o que cai no Ibovespa<\/h2>\n<ul>\n<li><a href=\"https:\/\/www.suno.com.br\/acoes\/lren3\/\"><strong>Lojas Renner<\/strong> (LREN3)<\/a>: +7,66%<\/li>\n<li><a href=\"https:\/\/www.suno.com.br\/acoes\/hgtx3\/\"><strong>Hering<\/strong> (HGTX3)<\/a>: +4,93%<\/li>\n<li><a href=\"https:\/\/www.suno.com.br\/acoes\/elet6\/\"><strong>Eletrobras<\/strong> PN (ELET6)<\/a>: +3,36%<\/li>\n<li><a href=\"https:\/\/www.suno.com.br\/acoes\/brkm5\/\"><strong>Braskem<\/strong> (BRKM5)<\/a>: +2,31%<\/li>\n<li><a href=\"https:\/\/www.suno.com.br\/acoes\/jbss3\/\"><strong>JBS<\/strong> (JBSS3)<\/a>: -1,91%<\/li>\n<li><a href=\"https:\/\/www.suno.com.br\/acoes\/brfs3\/\"><strong>BRF<\/strong> (BRFS3)<\/a>: -1,69%<\/li>\n<li><a href=\"https:\/\/www.suno.com.br\/acoes\/ntco3\/\"><strong>Natura<\/strong> (NTCO3)<\/a>: -2,04%<\/li>\n<li><a href=\"https:\/\/www.suno.com.br\/acoes\/beef3\/\"><strong>Minerva<\/strong> (BEEF3)<\/a>: -4,64%<\/li>\n<\/ul>\n<p>Mesmo com o <a href=\"https:\/\/www.suno.com.br\/noticias\/ex-presidente-braskem-brkm5-admite-esquema-suborno-us-250-mi\/\">ex-presidente da empresa assumindo um esquema de suborno<\/a> e a queda de hoje, o BTG Pactual revisou sua an\u00e1lise sobre Braskem e passou a recomendar compra, com <strong>pre\u00e7o-alvo<\/strong> de R$ 63. O banco de investimento diz que, quando passou a analisar a empresa, o cen\u00e1rio ainda era nebuloso por conta da pandemia e o caso relacionado \u00e0s provis\u00f5es de Macei\u00f3.<\/p>\n<p>Todavia, &#8220;v\u00e1rios fatores impulsionaram os spreads petroqu\u00edmicos nos \u00faltimos 6 meses&#8221;, sendo dif\u00edcil apontar apenas um fator. A institui\u00e7\u00e3o tamb\u00e9m pontua que a poss\u00edvel venda da participa\u00e7\u00e3o da Novonor na empresa \u00e9 possitiva. Al\u00e9m disso, mesmo com a reprecifica\u00e7\u00e3o dos \u00faltimos dias, os m\u00faltiplos s\u00e3o convidativos.<\/p>\n<h2>\u00daltima cota\u00e7\u00e3o<\/h2>\n<p>Da mesma forma que o <strong>Ibovespa hoje<\/strong>, o \u00edndice acion\u00e1rio encerrou as negocia\u00e7\u00f5es na \u00faltima quinta com uma alta de 0,34%, a 120.700,67 pontos.<\/p>\n\t<p>\n\t\t<a href=\"https:\/\/lp.suno.com.br\/planilha-de-controle-de-investimentos\/\" target=\"_blank\" data-element=\"shortcode-suno-banner\" title=\"Banner SUNO, clique e saiba mais\">\n\t\t\t<picture>\n\t\t\t\t<source media=\"(max-width: 500px)\" srcset=\"https:\/\/files.sunoresearch.com.br\/n\/uploads\/2023\/03\/400x300-Controle-de-Investimentos.png\">\n\t\t\t\t<img class=\"newsContent__article__imgCapa newsContent__article__imgCapa--banner\"\n\t\t\t\t\tsrc=\"https:\/\/files.sunoresearch.com.br\/n\/uploads\/2023\/03\/1420x240-Controle-de-Investimentos.png\"\n\t\t\t\t\tdata-promo-id=\"75934\"\t\t\t\t\t\t\t\t\t\twidth='1420' height='240'\t\t\t\t\talt=\"https:\/\/files.sunoresearch.com.br\/n\/uploads\/2023\/03\/1420x240-Controle-de-Investimentos.png\"\n\t\t\t\t>\n\t\t\t<\/picture>\n\t\t<\/a>\n\t<\/p>\n\n\n","protected":false},"excerpt":{"rendered":"<p>O Ibovespa opera em leve alta na tarde desta sexta-feira (16), com o mercado de olho no movimento das empresas de varejo. O governo de S\u00e3o Paulo anunciou que a partir de amanh\u00e3 a regi\u00e3o entrar\u00e1 em uma fase de transi\u00e7\u00e3o, com a flexibiliza\u00e7\u00e3o gradual das medidas restritivas. Investimento no exterior. Foto: Arek Socha, por [&hellip;]<\/p>\n","protected":false},"author":24,"featured_media":136104,"comment_status":"closed","ping_status":"closed","sticky":false,"template":"","format":"standard","meta":[],"categories":[60],"tags":[105816,721,542,803],"suno_strategy":[],"class_list":["post-140145","post","type-post","status-publish","format-standard","has-post-thumbnail","hentry","category-mercado","tag-especialistas","tag-ibovespa","tag-lojas-renner-lren3","tag-varejo"],"yoast_head":"<!-- This site is optimized with the Yoast SEO plugin v24.4 - https:\/\/yoast.com\/wordpress\/plugins\/seo\/ -->\n<title>Ibovespa avan\u00e7a com agito no varejo; Lojas Renner (LREN3) sobe 8%<\/title>\n<meta name=\"description\" content=\"O Ibovespa opera em leve alta na tarde desta sexta-feira (16), com o mercado de olho no movimento das empresas de varejo. Saiba mais.\" \/>\n<meta name=\"robots\" content=\"index, follow, max-snippet:-1, max-image-preview:large, max-video-preview:-1\" \/>\n<link rel=\"canonical\" href=\"https:\/\/www.suno.com.br\/noticias\/ibovespa-varejo-quarentena-lojas-renner-lren3-acoes-16042021\/\" \/>\n<meta property=\"og:locale\" content=\"pt_BR\" \/>\n<meta property=\"og:type\" content=\"article\" \/>\n<meta property=\"og:title\" content=\"Ibovespa avan\u00e7a com agito no varejo; Lojas Renner (LREN3) sobe 8%\" \/>\n<meta property=\"og:description\" content=\"O Ibovespa opera em leve alta na tarde desta sexta-feira (16), com o mercado de olho no movimento das empresas de varejo. Saiba mais.\" \/>\n<meta property=\"og:url\" content=\"https:\/\/www.suno.com.br\/noticias\/ibovespa-varejo-quarentena-lojas-renner-lren3-acoes-16042021\/\" \/>\n<meta property=\"og:site_name\" content=\"Suno Not\u00edcias\" \/>\n<meta property=\"article:publisher\" content=\"https:\/\/facebook.com\/sunoresearch\" \/>\n<meta property=\"og:image\" content=\"https:\/\/files.sunoresearch.com.br\/n\/uploads\/2021\/03\/911ff435-shares-5279686_1280.jpg\" \/>\n\t<meta property=\"og:image:width\" content=\"1280\" \/>\n\t<meta property=\"og:image:height\" content=\"853\" \/>\n\t<meta property=\"og:image:type\" content=\"image\/jpeg\" \/>\n<meta name=\"author\" content=\"Jader Lazarini\" \/>\n<meta name=\"twitter:card\" content=\"summary_large_image\" \/>\n<meta name=\"twitter:creator\" content=\"@sunoresearch\" \/>\n<meta name=\"twitter:site\" content=\"@sunoresearch\" \/>\n<meta name=\"twitter:label1\" content=\"Escrito por\" \/>\n\t<meta name=\"twitter:data1\" content=\"Jader Lazarini\" \/>\n\t<meta name=\"twitter:label2\" content=\"Est. tempo de leitura\" \/>\n\t<meta name=\"twitter:data2\" content=\"3 minutos\" \/>\n<script type=\"application\/ld+json\" class=\"yoast-schema-graph\">{\"@context\":\"https:\/\/schema.org\",\"@graph\":[{\"@type\":\"NewsArticle\",\"@id\":\"https:\/\/www.suno.com.br\/noticias\/ibovespa-varejo-quarentena-lojas-renner-lren3-acoes-16042021\/#article\",\"isPartOf\":{\"@id\":\"https:\/\/www.suno.com.br\/noticias\/ibovespa-varejo-quarentena-lojas-renner-lren3-acoes-16042021\/\"},\"author\":{\"name\":\"Jader Lazarini\",\"@id\":\"https:\/\/www.suno.com.br\/noticias\/#\/schema\/person\/918d79de1f0281f01599b93f9ea6e23f\"},\"headline\":\"Ibovespa avan\u00e7a com agito no varejo; Lojas Renner (LREN3) e C&#038;A (CEAB3) disparam\",\"datePublished\":\"2021-04-16T16:58:18+00:00\",\"dateModified\":\"2021-04-16T18:58:10+00:00\",\"mainEntityOfPage\":{\"@id\":\"https:\/\/www.suno.com.br\/noticias\/ibovespa-varejo-quarentena-lojas-renner-lren3-acoes-16042021\/\"},\"wordCount\":623,\"publisher\":{\"@id\":\"https:\/\/www.suno.com.br\/noticias\/#organization\"},\"image\":{\"@id\":\"https:\/\/www.suno.com.br\/noticias\/ibovespa-varejo-quarentena-lojas-renner-lren3-acoes-16042021\/#primaryimage\"},\"thumbnailUrl\":\"https:\/\/files.sunoresearch.com.br\/n\/uploads\/2021\/03\/911ff435-shares-5279686_1280-jpg.webp\",\"keywords\":[\"Especialistas\",\"Ibovespa\",\"Lojas Renner (LREN3)\",\"varejo\"],\"articleSection\":[\"Mercado\"],\"inLanguage\":\"pt-BR\"},{\"@type\":\"WebPage\",\"@id\":\"https:\/\/www.suno.com.br\/noticias\/ibovespa-varejo-quarentena-lojas-renner-lren3-acoes-16042021\/\",\"url\":\"https:\/\/www.suno.com.br\/noticias\/ibovespa-varejo-quarentena-lojas-renner-lren3-acoes-16042021\/\",\"name\":\"Ibovespa avan\u00e7a com agito no varejo; Lojas Renner (LREN3) sobe 8%\",\"isPartOf\":{\"@id\":\"https:\/\/www.suno.com.br\/noticias\/#website\"},\"primaryImageOfPage\":{\"@id\":\"https:\/\/www.suno.com.br\/noticias\/ibovespa-varejo-quarentena-lojas-renner-lren3-acoes-16042021\/#primaryimage\"},\"image\":{\"@id\":\"https:\/\/www.suno.com.br\/noticias\/ibovespa-varejo-quarentena-lojas-renner-lren3-acoes-16042021\/#primaryimage\"},\"thumbnailUrl\":\"https:\/\/files.sunoresearch.com.br\/n\/uploads\/2021\/03\/911ff435-shares-5279686_1280-jpg.webp\",\"datePublished\":\"2021-04-16T16:58:18+00:00\",\"dateModified\":\"2021-04-16T18:58:10+00:00\",\"description\":\"O Ibovespa opera em leve alta na tarde desta sexta-feira (16), com o mercado de olho no movimento das empresas de varejo. Saiba mais.\",\"breadcrumb\":{\"@id\":\"https:\/\/www.suno.com.br\/noticias\/ibovespa-varejo-quarentena-lojas-renner-lren3-acoes-16042021\/#breadcrumb\"},\"inLanguage\":\"pt-BR\",\"potentialAction\":[{\"@type\":\"ReadAction\",\"target\":[\"https:\/\/www.suno.com.br\/noticias\/ibovespa-varejo-quarentena-lojas-renner-lren3-acoes-16042021\/\"]}]},{\"@type\":\"ImageObject\",\"inLanguage\":\"pt-BR\",\"@id\":\"https:\/\/www.suno.com.br\/noticias\/ibovespa-varejo-quarentena-lojas-renner-lren3-acoes-16042021\/#primaryimage\",\"url\":\"https:\/\/files.sunoresearch.com.br\/n\/uploads\/2021\/03\/911ff435-shares-5279686_1280-jpg.webp\",\"contentUrl\":\"https:\/\/files.sunoresearch.com.br\/n\/uploads\/2021\/03\/911ff435-shares-5279686_1280-jpg.webp\",\"width\":1280,\"height\":853,\"caption\":\"Ibovespa. Foto: Pixabay.\"},{\"@type\":\"BreadcrumbList\",\"@id\":\"https:\/\/www.suno.com.br\/noticias\/ibovespa-varejo-quarentena-lojas-renner-lren3-acoes-16042021\/#breadcrumb\",\"itemListElement\":[{\"@type\":\"ListItem\",\"position\":1,\"name\":\"Not\u00edcias\",\"item\":\"https:\/\/www.suno.com.br\/noticias\/\"},{\"@type\":\"ListItem\",\"position\":2,\"name\":\"Mercado\",\"item\":\"https:\/\/www.suno.com.br\/noticias\/mercado\/\"},{\"@type\":\"ListItem\",\"position\":3,\"name\":\"Ibovespa avan\u00e7a com agito no varejo; Lojas Renner (LREN3) e C&#038;A (CEAB3) disparam\"}]},{\"@type\":\"WebSite\",\"@id\":\"https:\/\/www.suno.com.br\/noticias\/#website\",\"url\":\"https:\/\/www.suno.com.br\/noticias\/\",\"name\":\"Suno Not\u00edcias\",\"description\":\"Seu portal de informa\u00e7\u00e3o sobre o mundo dos investimentos\",\"publisher\":{\"@id\":\"https:\/\/www.suno.com.br\/noticias\/#organization\"},\"potentialAction\":[{\"@type\":\"SearchAction\",\"target\":{\"@type\":\"EntryPoint\",\"urlTemplate\":\"https:\/\/www.suno.com.br\/noticias\/?s={search_term_string}\"},\"query-input\":{\"@type\":\"PropertyValueSpecification\",\"valueRequired\":true,\"valueName\":\"search_term_string\"}}],\"inLanguage\":\"pt-BR\"},{\"@type\":\"Organization\",\"@id\":\"https:\/\/www.suno.com.br\/noticias\/#organization\",\"name\":\"Suno Not\u00edcias\",\"url\":\"https:\/\/www.suno.com.br\/noticias\/\",\"logo\":{\"@type\":\"ImageObject\",\"inLanguage\":\"pt-BR\",\"@id\":\"https:\/\/www.suno.com.br\/noticias\/#\/schema\/logo\/image\/\",\"url\":\"https:\/\/files.sunoresearch.com.br\/n\/uploads\/2021\/09\/suno-logo.png\",\"contentUrl\":\"https:\/\/files.sunoresearch.com.br\/n\/uploads\/2021\/09\/suno-logo.png\",\"width\":180,\"height\":180,\"caption\":\"Suno Not\u00edcias\"},\"image\":{\"@id\":\"https:\/\/www.suno.com.br\/noticias\/#\/schema\/logo\/image\/\"},\"sameAs\":[\"https:\/\/facebook.com\/sunoresearch\",\"https:\/\/x.com\/sunoresearch\",\"https:\/\/www.instagram.com\/suno\",\"https:\/\/www.linkedin.com\/company\/suno-research\/\",\"https:\/\/www.youtube.com\/c\/sunoresearch\"]},{\"@type\":\"Person\",\"@id\":\"https:\/\/www.suno.com.br\/noticias\/#\/schema\/person\/918d79de1f0281f01599b93f9ea6e23f\",\"name\":\"Jader Lazarini\",\"image\":{\"@type\":\"ImageObject\",\"inLanguage\":\"pt-BR\",\"@id\":\"https:\/\/www.suno.com.br\/noticias\/#\/schema\/person\/image\/\",\"url\":\"https:\/\/secure.gravatar.com\/avatar\/3c1ad8caa51589841baeb923fcddea97?s=96&r=g\",\"contentUrl\":\"https:\/\/secure.gravatar.com\/avatar\/3c1ad8caa51589841baeb923fcddea97?s=96&r=g\",\"caption\":\"Jader Lazarini\"},\"description\":\"Jader Lazarini escreve sobre investimentos, finan\u00e7as, economia e neg\u00f3cios. \u00c9 bacharel em Rela\u00e7\u00f5es Internacionais e analista CNPI (2619).\",\"url\":\"https:\/\/www.suno.com.br\/noticias\/author\/jader-lazarini\/\"}]}<\/script>\n<!-- \/ Yoast SEO plugin. -->","yoast_head_json":{"title":"Ibovespa avan\u00e7a com agito no varejo; Lojas Renner (LREN3) sobe 8%","description":"O Ibovespa opera em leve alta na tarde desta sexta-feira (16), com o mercado de olho no movimento das empresas de varejo. Saiba mais.","robots":{"index":"index","follow":"follow","max-snippet":"max-snippet:-1","max-image-preview":"max-image-preview:large","max-video-preview":"max-video-preview:-1"},"canonical":"https:\/\/www.suno.com.br\/noticias\/ibovespa-varejo-quarentena-lojas-renner-lren3-acoes-16042021\/","og_locale":"pt_BR","og_type":"article","og_title":"Ibovespa avan\u00e7a com agito no varejo; Lojas Renner (LREN3) sobe 8%","og_description":"O Ibovespa opera em leve alta na tarde desta sexta-feira (16), com o mercado de olho no movimento das empresas de varejo. Saiba mais.","og_url":"https:\/\/www.suno.com.br\/noticias\/ibovespa-varejo-quarentena-lojas-renner-lren3-acoes-16042021\/","og_site_name":"Suno Not\u00edcias","article_publisher":"https:\/\/facebook.com\/sunoresearch","og_image":[{"width":1280,"height":853,"url":"https:\/\/files.sunoresearch.com.br\/n\/uploads\/2021\/03\/911ff435-shares-5279686_1280.jpg","type":"image\/jpeg"}],"author":"Jader Lazarini","twitter_card":"summary_large_image","twitter_creator":"@sunoresearch","twitter_site":"@sunoresearch","twitter_misc":{"Escrito por":"Jader Lazarini","Est. tempo de leitura":"3 minutos"},"schema":{"@context":"https:\/\/schema.org","@graph":[{"@type":"NewsArticle","@id":"https:\/\/www.suno.com.br\/noticias\/ibovespa-varejo-quarentena-lojas-renner-lren3-acoes-16042021\/#article","isPartOf":{"@id":"https:\/\/www.suno.com.br\/noticias\/ibovespa-varejo-quarentena-lojas-renner-lren3-acoes-16042021\/"},"author":{"name":"Jader Lazarini","@id":"https:\/\/www.suno.com.br\/noticias\/#\/schema\/person\/918d79de1f0281f01599b93f9ea6e23f"},"headline":"Ibovespa avan\u00e7a com agito no varejo; Lojas Renner (LREN3) e C&#038;A (CEAB3) disparam","datePublished":"2021-04-16T16:58:18+00:00","dateModified":"2021-04-16T18:58:10+00:00","mainEntityOfPage":{"@id":"https:\/\/www.suno.com.br\/noticias\/ibovespa-varejo-quarentena-lojas-renner-lren3-acoes-16042021\/"},"wordCount":623,"publisher":{"@id":"https:\/\/www.suno.com.br\/noticias\/#organization"},"image":{"@id":"https:\/\/www.suno.com.br\/noticias\/ibovespa-varejo-quarentena-lojas-renner-lren3-acoes-16042021\/#primaryimage"},"thumbnailUrl":"https:\/\/files.sunoresearch.com.br\/n\/uploads\/2021\/03\/911ff435-shares-5279686_1280-jpg.webp","keywords":["Especialistas","Ibovespa","Lojas Renner (LREN3)","varejo"],"articleSection":["Mercado"],"inLanguage":"pt-BR"},{"@type":"WebPage","@id":"https:\/\/www.suno.com.br\/noticias\/ibovespa-varejo-quarentena-lojas-renner-lren3-acoes-16042021\/","url":"https:\/\/www.suno.com.br\/noticias\/ibovespa-varejo-quarentena-lojas-renner-lren3-acoes-16042021\/","name":"Ibovespa avan\u00e7a com agito no varejo; Lojas Renner (LREN3) sobe 8%","isPartOf":{"@id":"https:\/\/www.suno.com.br\/noticias\/#website"},"primaryImageOfPage":{"@id":"https:\/\/www.suno.com.br\/noticias\/ibovespa-varejo-quarentena-lojas-renner-lren3-acoes-16042021\/#primaryimage"},"image":{"@id":"https:\/\/www.suno.com.br\/noticias\/ibovespa-varejo-quarentena-lojas-renner-lren3-acoes-16042021\/#primaryimage"},"thumbnailUrl":"https:\/\/files.sunoresearch.com.br\/n\/uploads\/2021\/03\/911ff435-shares-5279686_1280-jpg.webp","datePublished":"2021-04-16T16:58:18+00:00","dateModified":"2021-04-16T18:58:10+00:00","description":"O Ibovespa opera em leve alta na tarde desta sexta-feira (16), com o mercado de olho no movimento das empresas de varejo. Saiba mais.","breadcrumb":{"@id":"https:\/\/www.suno.com.br\/noticias\/ibovespa-varejo-quarentena-lojas-renner-lren3-acoes-16042021\/#breadcrumb"},"inLanguage":"pt-BR","potentialAction":[{"@type":"ReadAction","target":["https:\/\/www.suno.com.br\/noticias\/ibovespa-varejo-quarentena-lojas-renner-lren3-acoes-16042021\/"]}]},{"@type":"ImageObject","inLanguage":"pt-BR","@id":"https:\/\/www.suno.com.br\/noticias\/ibovespa-varejo-quarentena-lojas-renner-lren3-acoes-16042021\/#primaryimage","url":"https:\/\/files.sunoresearch.com.br\/n\/uploads\/2021\/03\/911ff435-shares-5279686_1280-jpg.webp","contentUrl":"https:\/\/files.sunoresearch.com.br\/n\/uploads\/2021\/03\/911ff435-shares-5279686_1280-jpg.webp","width":1280,"height":853,"caption":"Ibovespa. Foto: Pixabay."},{"@type":"BreadcrumbList","@id":"https:\/\/www.suno.com.br\/noticias\/ibovespa-varejo-quarentena-lojas-renner-lren3-acoes-16042021\/#breadcrumb","itemListElement":[{"@type":"ListItem","position":1,"name":"Not\u00edcias","item":"https:\/\/www.suno.com.br\/noticias\/"},{"@type":"ListItem","position":2,"name":"Mercado","item":"https:\/\/www.suno.com.br\/noticias\/mercado\/"},{"@type":"ListItem","position":3,"name":"Ibovespa avan\u00e7a com agito no varejo; Lojas Renner (LREN3) e C&#038;A (CEAB3) disparam"}]},{"@type":"WebSite","@id":"https:\/\/www.suno.com.br\/noticias\/#website","url":"https:\/\/www.suno.com.br\/noticias\/","name":"Suno Not\u00edcias","description":"Seu portal de informa\u00e7\u00e3o sobre o mundo dos investimentos","publisher":{"@id":"https:\/\/www.suno.com.br\/noticias\/#organization"},"potentialAction":[{"@type":"SearchAction","target":{"@type":"EntryPoint","urlTemplate":"https:\/\/www.suno.com.br\/noticias\/?s={search_term_string}"},"query-input":{"@type":"PropertyValueSpecification","valueRequired":true,"valueName":"search_term_string"}}],"inLanguage":"pt-BR"},{"@type":"Organization","@id":"https:\/\/www.suno.com.br\/noticias\/#organization","name":"Suno Not\u00edcias","url":"https:\/\/www.suno.com.br\/noticias\/","logo":{"@type":"ImageObject","inLanguage":"pt-BR","@id":"https:\/\/www.suno.com.br\/noticias\/#\/schema\/logo\/image\/","url":"https:\/\/files.sunoresearch.com.br\/n\/uploads\/2021\/09\/suno-logo.png","contentUrl":"https:\/\/files.sunoresearch.com.br\/n\/uploads\/2021\/09\/suno-logo.png","width":180,"height":180,"caption":"Suno Not\u00edcias"},"image":{"@id":"https:\/\/www.suno.com.br\/noticias\/#\/schema\/logo\/image\/"},"sameAs":["https:\/\/facebook.com\/sunoresearch","https:\/\/x.com\/sunoresearch","https:\/\/www.instagram.com\/suno","https:\/\/www.linkedin.com\/company\/suno-research\/","https:\/\/www.youtube.com\/c\/sunoresearch"]},{"@type":"Person","@id":"https:\/\/www.suno.com.br\/noticias\/#\/schema\/person\/918d79de1f0281f01599b93f9ea6e23f","name":"Jader Lazarini","image":{"@type":"ImageObject","inLanguage":"pt-BR","@id":"https:\/\/www.suno.com.br\/noticias\/#\/schema\/person\/image\/","url":"https:\/\/secure.gravatar.com\/avatar\/3c1ad8caa51589841baeb923fcddea97?s=96&r=g","contentUrl":"https:\/\/secure.gravatar.com\/avatar\/3c1ad8caa51589841baeb923fcddea97?s=96&r=g","caption":"Jader Lazarini"},"description":"Jader Lazarini escreve sobre investimentos, finan\u00e7as, economia e neg\u00f3cios. \u00c9 bacharel em Rela\u00e7\u00f5es Internacionais e analista CNPI (2619).","url":"https:\/\/www.suno.com.br\/noticias\/author\/jader-lazarini\/"}]}},"default_loop_html":"<div class=\"cardsPage__listCard__boxs\"><div class=\"cardsPage__listCard__boxs__img\"><a href=\"https:\/\/www.suno.com.br\/noticias\/investimento-no-exterior-dolar-alta\/\"><img class=\"mask\" src=\"https:\/\/www.suno.com.br\/noticias\/wp-content\/themes\/suno\/resources\/images\/spotlight\/spotlight1img\/bg-mask.png\" alt=\"Image Mask\"\/><img src=\"https:\/\/files.sunoresearch.com.br\/n\/uploads\/2021\/04\/5b66b73e-puzzle-2500328_1280-400x200.webp\" alt=\"Investimento no exterior: ainda vale a pena com o d\u00f3lar em alta?\"\/><\/a><span class=\"spotlightCategory\"><a href=\"https:\/\/www.suno.com.br\/noticias\/mercado\/\">Mercado<\/a><\/span><\/div><div class=\"cardsPage__listCard__boxs__content\"><a href=\"https:\/\/www.suno.com.br\/noticias\/investimento-no-exterior-dolar-alta\/\"><h2 class=\"content__title\">Investimento no exterior: ainda vale a pena com o d\u00f3lar em alta?<\/h2><\/a><div class=\"newsContent__article__meta\"><div class=\"newsContent__article__meta__authorBox\"><a href=\"https:\/\/www.suno.com.br\/noticias\/author\/jader-lazarini\/\" class=\"authorBox__avatar noMobi\"><img src=\"https:\/\/files.sunoresearch.com.br\/n\/uploads\/2021\/01\/178e6598-foto-perfil-2-150x150.jpg\" alt=\"Jader Lazarini\"><\/a><div class=\"authorBox__name\"><span>por\n\t\t\t<a href=\"https:\/\/www.suno.com.br\/noticias\/author\/jader-lazarini\/\"><span itemprop=\"author\">Jader Lazarini<\/span><\/a><\/span><time datetime=\"2021-04-15T08:34:56-03:00\" itemprop=\"datePublished\">15\/04\/2021 08:34<\/time><\/div><\/div><\/div><\/div><\/div>","single_layout":"posts","amp_enabled":true,"_links":{"self":[{"href":"https:\/\/www.suno.com.br\/noticias\/wp-json\/wp\/v2\/posts\/140145"}],"collection":[{"href":"https:\/\/www.suno.com.br\/noticias\/wp-json\/wp\/v2\/posts"}],"about":[{"href":"https:\/\/www.suno.com.br\/noticias\/wp-json\/wp\/v2\/types\/post"}],"author":[{"embeddable":true,"href":"https:\/\/www.suno.com.br\/noticias\/wp-json\/wp\/v2\/users\/24"}],"replies":[{"embeddable":true,"href":"https:\/\/www.suno.com.br\/noticias\/wp-json\/wp\/v2\/comments?post=140145"}],"version-history":[{"count":3,"href":"https:\/\/www.suno.com.br\/noticias\/wp-json\/wp\/v2\/posts\/140145\/revisions"}],"predecessor-version":[{"id":140251,"href":"https:\/\/www.suno.com.br\/noticias\/wp-json\/wp\/v2\/posts\/140145\/revisions\/140251"}],"wp:featuredmedia":[{"embeddable":true,"href":"https:\/\/www.suno.com.br\/noticias\/wp-json\/wp\/v2\/media\/136104"}],"wp:attachment":[{"href":"https:\/\/www.suno.com.br\/noticias\/wp-json\/wp\/v2\/media?parent=140145"}],"wp:term":[{"taxonomy":"category","embeddable":true,"href":"https:\/\/www.suno.com.br\/noticias\/wp-json\/wp\/v2\/categories?post=140145"},{"taxonomy":"post_tag","embeddable":true,"href":"https:\/\/www.suno.com.br\/noticias\/wp-json\/wp\/v2\/tags?post=140145"},{"taxonomy":"suno_strategy","embeddable":true,"href":"https:\/\/www.suno.com.br\/noticias\/wp-json\/wp\/v2\/suno_strategy?post=140145"}],"curies":[{"name":"wp","href":"https:\/\/api.w.org\/{rel}","templated":true}]}}