{"id":139980,"date":"2021-04-15T21:11:08","date_gmt":"2021-04-16T00:11:08","guid":{"rendered":"https:\/\/www.suno.com.br\/noticias\/?p=139980"},"modified":"2021-04-15T21:11:08","modified_gmt":"2021-04-16T00:11:08","slug":"banco-do-brasil-bbas3-retira-indicacao-cagni","status":"publish","type":"post","link":"https:\/\/www.suno.com.br\/noticias\/banco-do-brasil-bbas3-retira-indicacao-cagni\/","title":{"rendered":"Banco do Brasil (BBAS3) retira da pauta indica\u00e7\u00e3o de I\u00eada Cagni para o conselho"},"content":{"rendered":"<p>O <a href=\"https:\/\/www.suno.com.br\/acoes\/bbas3\/\"><strong>Banco do Brasil<\/strong> (BBAS3)<\/a> &#8211;<a href=\"https:\/\/lp.suno.com.br\/lm\/relatorio\/suno-drops-bbas3\/\"> baixe o relat\u00f3rio<\/a> &#8211; comunicou nesta quinta-feira (15) que seu Comit\u00ea de Pessoas, Remunera\u00e7\u00e3o e Elegibilidade (Corem) retirou da pauta da reuni\u00e3o, que aconteceu em 8 de abril, a an\u00e1lise da indica\u00e7\u00e3o de I\u00eada Aparecida de Moura Cagni para uma cadeira no conselho de administra\u00e7\u00e3o do <a href=\"https:\/\/www.suno.com.br\/artigos\/estatal-so-se-for-de-graca\/\">banco estatal<\/a>.<\/p>\t<div class=\"wrapper-featured-image\">\n\t\t<figure class=\"spotlightImg\">\n\n\t\t\t<picture>\n\t\t\t\t<source media=\"(max-width: 768px)\" srcset=\"https:\/\/files.sunoresearch.com.br\/n\/uploads\/2021\/04\/e2d95be3-banco-do-brasil-400x200.webp\">\n\t\t\t\t<img loading=\"lazy\" decoding=\"async\" class=\"newsContent__article__imgCapa lazyloadDisabled \" src=\"https:\/\/files.sunoresearch.com.br\/n\/uploads\/2021\/04\/e2d95be3-banco-do-brasil-800x450.webp\" width=\"800\" height=\"450\" alt=\"Banco do Brasil (BBAS3) retira da pauta indica\u00e7\u00e3o de I\u00eada Cagni para o conselho\" fetchpriority=high \/>\n\t\t\t<\/picture>\n\n\t\t\t<figcaption class=\"wp-caption-text wp-caption-text--show\">Banco do Brasil. Foto: Reprodu\u00e7\u00e3o Facebook<\/figcaption>\n\t\t<\/figure>\n\t<\/div>\n\n\n\t<p>\n\t\t<a href=\"https:\/\/lp.suno.com.br\/planilha-controle-gastos\/\" target=\"_blank\" data-element=\"shortcode-suno-banner\" title=\"Banner SUNO, clique e saiba mais\">\n\t\t\t<picture>\n\t\t\t\t<source media=\"(max-width: 500px)\" srcset=\"https:\/\/files.sunoresearch.com.br\/n\/uploads\/2023\/03\/400x300-Planilha-controle-de-gastos.png\">\n\t\t\t\t<img class=\"newsContent__article__imgCapa newsContent__article__imgCapa--banner\"\n\t\t\t\t\tsrc=\"https:\/\/files.sunoresearch.com.br\/n\/uploads\/2023\/03\/1420x240-Planilha-controle-de-gastos.png\"\n\t\t\t\t\tdata-promo-id=\"101751\"\t\t\t\t\t\t\t\t\t\twidth='1420' height='240'\t\t\t\t\talt=\"https:\/\/files.sunoresearch.com.br\/n\/uploads\/2023\/03\/1420x240-Planilha-controle-de-gastos.png\"\n\t\t\t\t>\n\t\t\t<\/picture>\n\t\t<\/a>\n\t<\/p>\n\n\n<p>Segundo a ata da reuni\u00e3o, foi identificada inconsist\u00eancia para enquadramento nos crit\u00e9rios para ser conselheira independente. O comit\u00ea verificou que <strong>Cagni<\/strong> possui v\u00ednculo com a <strong>Uni\u00e3o,<\/strong> que \u00e9 controladora do Banco do Brasil.<\/p>\n<p>O comit\u00ea recomenda que seja realizada a revis\u00e3o das informa\u00e7\u00f5es prestadas na ficha de cadastro, a fim de esclarecer se a indicada se enquadra ou n\u00e3o nos crit\u00e9rios de conselheira independente, para que o processo de elegibilidade seja novamente analisado.<\/p>\n<p>Na mesma reuni\u00e3o, foram aprovados os nomes de <strong>Fernando Flor\u00eancio<\/strong> Campos e <strong>Rachel<\/strong> <strong>de Oliveira Maia<\/strong> para o conselho de administra\u00e7\u00e3o, indicados por minorit\u00e1rios, al\u00e9m de Carlos Alberto Rechelo Neto e Tiago Brasil Rocha para o conselho fiscal, como titular e suplente, respectivamente.<\/p>\n<h4>Veja tamb\u00e9m<\/h4>\n<h2>Banco do Brasil\u00a0 confirma sa\u00edda de dois vice-presidentes<\/h2>\n<p>Na noite da \u00faltima ter\u00e7a-feira (13) o Banco estatal confirmou a ren\u00fancia de dois vice-presidentes.\u00a0Carlos Andr\u00e9 renunciou ao cargo de vice-presidente Gest\u00e3o Financeira e de Rela\u00e7\u00f5es com Investidores, por motivo de aposentadoria, enquanto Mauro Ribeiro Neto renunciou ao cargo de vice-presidente Corporativo, alegando motivos pessoais.<\/p>\n<p>A sa\u00edda dos executivos do Banco do Brasil ser\u00e1 efetivada a partir de 26 de abril, no caso de Andr\u00e9, e a partir de 30 de abril, para Ribeiro Neto.<\/p>\n\n\t<div data-element=\"shortcode-read-more\" class=\"readToo\">\n\t\t\t\t<span class=\"readToo__title\">Saiba mais<\/span>\n\t\t\t\t<ul class=\"readToo__list\">\n\t\t\t<li><a href=\"https:\/\/www.suno.com.br\/noticias\/banco-do-brasil-bbas3-principais-oportunidades-setor\/\">Banco do Brasil (BBAS3): apesar dos ventos contr\u00e1rios, uma das principais oportunidades do setor<\/a><\/li><li><a href=\"https:\/\/www.suno.com.br\/noticias\/executivos-banco-do-brasil-bbas3-demissao-coletiva\/\">Executivos do Banco do Brasil (BBAS3) preparam demiss\u00e3o coletiva, diz coluna<\/a><\/li>\t\t<\/ul>\n\t<\/div>\n\n\n<p>Em <a href=\"https:\/\/www.suno.com.br\/artigos\/fato-relevante\/\">fato relevante,<\/a> a institui\u00e7\u00e3o informa ainda a indica\u00e7\u00e3o de <strong>Jos\u00e9 Ricardo Fagonde Forni<\/strong>, atualmente Diretor de Suprimentos, Infraestrutura e Patrim\u00f4nio, e \u00canio Mathias Ferreira, atualmente Diretor de Governo, para os cargos de Vice-Presidente Gest\u00e3o Financeira e de<a href=\"https:\/\/www.suno.com.br\/artigos\/relacoes-com-investidores\/\"> Rela\u00e7\u00f5es com Investidores<\/a> e de Vice-Presidente Corporativo.<\/p>\n\t<p>\n\t\t<a href=\"https:\/\/lp.suno.com.br\/planilha-da-vida-financeira\/\" target=\"_blank\" data-element=\"shortcode-suno-banner\" title=\"Banner SUNO, clique e saiba mais\">\n\t\t\t<picture>\n\t\t\t\t<source media=\"(max-width: 500px)\" srcset=\"https:\/\/files.sunoresearch.com.br\/n\/uploads\/2023\/04\/400x300-Planilha-vida-financeira-true.png\">\n\t\t\t\t<img class=\"newsContent__article__imgCapa newsContent__article__imgCapa--banner\"\n\t\t\t\t\tsrc=\"https:\/\/files.sunoresearch.com.br\/n\/uploads\/2023\/04\/1420x240-Planilha-vida-financeira-true.png\"\n\t\t\t\t\tdata-promo-id=\"106682\"\t\t\t\t\t\t\t\t\t\twidth='1420' height='240'\t\t\t\t\talt=\"https:\/\/files.sunoresearch.com.br\/n\/uploads\/2023\/04\/1420x240-Planilha-vida-financeira-true.png\"\n\t\t\t\t>\n\t\t\t<\/picture>\n\t\t<\/a>\n\t<\/p>\n\n\n<p>As indica\u00e7\u00f5es, acrescenta o banco, iniciam o processo de aprova\u00e7\u00e3o nas inst\u00e2ncias competentes de governan\u00e7a do <b>Banco do Brasil <\/b>com vistas \u00e0 elei\u00e7\u00e3o pelo Conselho de Administra\u00e7\u00e3o.<\/p>\n<p><em>Com informa\u00e7\u00f5es do Estad\u00e3o Conte\u00fado<\/em><\/p>\n\t<p>\n\t\t<a href=\"https:\/\/lp.suno.com.br\/planilha-de-controle-de-investimentos\/\" target=\"_blank\" data-element=\"shortcode-suno-banner\" title=\"Banner SUNO, clique e saiba mais\">\n\t\t\t<picture>\n\t\t\t\t<source media=\"(max-width: 500px)\" srcset=\"https:\/\/files.sunoresearch.com.br\/n\/uploads\/2023\/03\/400x300-Controle-de-Investimentos.png\">\n\t\t\t\t<img class=\"newsContent__article__imgCapa newsContent__article__imgCapa--banner\"\n\t\t\t\t\tsrc=\"https:\/\/files.sunoresearch.com.br\/n\/uploads\/2023\/03\/1420x240-Controle-de-Investimentos.png\"\n\t\t\t\t\tdata-promo-id=\"75934\"\t\t\t\t\t\t\t\t\t\twidth='1420' height='240'\t\t\t\t\talt=\"https:\/\/files.sunoresearch.com.br\/n\/uploads\/2023\/03\/1420x240-Controle-de-Investimentos.png\"\n\t\t\t\t>\n\t\t\t<\/picture>\n\t\t<\/a>\n\t<\/p>\n\n\n","protected":false},"excerpt":{"rendered":"<p>O Banco do Brasil (BBAS3) &#8211; baixe o relat\u00f3rio &#8211; comunicou nesta quinta-feira (15) que seu Comit\u00ea de Pessoas, Remunera\u00e7\u00e3o e Elegibilidade (Corem) retirou da pauta da reuni\u00e3o, que aconteceu em 8 de abril, a an\u00e1lise da indica\u00e7\u00e3o de I\u00eada Aparecida de Moura Cagni para uma cadeira no conselho de administra\u00e7\u00e3o do banco estatal. Fachada [&hellip;]<\/p>\n","protected":false},"author":39,"featured_media":139989,"comment_status":"closed","ping_status":"closed","sticky":false,"template":"","format":"standard","meta":[],"categories":[64],"tags":[732],"suno_strategy":[],"class_list":["post-139980","post","type-post","status-publish","format-standard","has-post-thumbnail","hentry","category-negocios","tag-banco-do-brasil-bbas3"],"yoast_head":"<!-- This site is optimized with the Yoast SEO plugin v24.4 - https:\/\/yoast.com\/wordpress\/plugins\/seo\/ -->\n<title>Banco do Brasil retira da pauta indica\u00e7\u00e3o de I\u00eada Cagni para o conselho<\/title>\n<meta name=\"description\" content=\"O Corem do Banco do Brasil (BBAS3) retirou da pauta de reuni\u00e3o a indica\u00e7\u00e3o de I\u00eada Cagni para o Conselho do banco. Clique aqui e saiba mais!\" \/>\n<meta name=\"robots\" content=\"index, follow, max-snippet:-1, max-image-preview:large, max-video-preview:-1\" \/>\n<link rel=\"canonical\" href=\"https:\/\/www.suno.com.br\/noticias\/banco-do-brasil-bbas3-retira-indicacao-cagni\/\" \/>\n<meta property=\"og:locale\" content=\"pt_BR\" \/>\n<meta property=\"og:type\" content=\"article\" \/>\n<meta property=\"og:title\" content=\"Banco do Brasil retira da pauta indica\u00e7\u00e3o de I\u00eada Cagni para o conselho\" \/>\n<meta property=\"og:description\" content=\"O Corem do Banco do Brasil (BBAS3) retirou da pauta de reuni\u00e3o a indica\u00e7\u00e3o de I\u00eada Cagni para o Conselho do banco. Clique aqui e saiba mais!\" \/>\n<meta property=\"og:url\" content=\"https:\/\/www.suno.com.br\/noticias\/banco-do-brasil-bbas3-retira-indicacao-cagni\/\" \/>\n<meta property=\"og:site_name\" content=\"Suno Not\u00edcias\" \/>\n<meta property=\"article:publisher\" content=\"https:\/\/facebook.com\/sunoresearch\" \/>\n<meta property=\"og:image\" content=\"https:\/\/files.sunoresearch.com.br\/n\/uploads\/2021\/04\/e2d95be3-banco-do-brasil.jpg\" \/>\n\t<meta property=\"og:image:width\" content=\"1079\" \/>\n\t<meta property=\"og:image:height\" content=\"1079\" \/>\n\t<meta property=\"og:image:type\" content=\"image\/jpeg\" \/>\n<meta name=\"author\" content=\"Laura Moutinho\" \/>\n<meta name=\"twitter:card\" content=\"summary_large_image\" \/>\n<meta name=\"twitter:creator\" content=\"@sunoresearch\" \/>\n<meta name=\"twitter:site\" content=\"@sunoresearch\" \/>\n<meta name=\"twitter:label1\" content=\"Escrito por\" \/>\n\t<meta name=\"twitter:data1\" content=\"Laura Moutinho\" \/>\n\t<meta name=\"twitter:label2\" content=\"Est. tempo de leitura\" \/>\n\t<meta name=\"twitter:data2\" content=\"2 minutos\" \/>\n<script type=\"application\/ld+json\" class=\"yoast-schema-graph\">{\"@context\":\"https:\/\/schema.org\",\"@graph\":[{\"@type\":\"NewsArticle\",\"@id\":\"https:\/\/www.suno.com.br\/noticias\/banco-do-brasil-bbas3-retira-indicacao-cagni\/#article\",\"isPartOf\":{\"@id\":\"https:\/\/www.suno.com.br\/noticias\/banco-do-brasil-bbas3-retira-indicacao-cagni\/\"},\"author\":{\"name\":\"Laura Moutinho\",\"@id\":\"https:\/\/www.suno.com.br\/noticias\/#\/schema\/person\/3df0d2808748b74496efe5dbeaef2c72\"},\"headline\":\"Banco do Brasil (BBAS3) retira da pauta indica\u00e7\u00e3o de I\u00eada Cagni para o conselho\",\"datePublished\":\"2021-04-16T00:11:08+00:00\",\"mainEntityOfPage\":{\"@id\":\"https:\/\/www.suno.com.br\/noticias\/banco-do-brasil-bbas3-retira-indicacao-cagni\/\"},\"wordCount\":400,\"publisher\":{\"@id\":\"https:\/\/www.suno.com.br\/noticias\/#organization\"},\"image\":{\"@id\":\"https:\/\/www.suno.com.br\/noticias\/banco-do-brasil-bbas3-retira-indicacao-cagni\/#primaryimage\"},\"thumbnailUrl\":\"https:\/\/files.sunoresearch.com.br\/n\/uploads\/2021\/04\/e2d95be3-banco-do-brasil-jpg.webp\",\"keywords\":[\"Banco do Brasil (BBAS3)\"],\"articleSection\":[\"Neg\u00f3cios\"],\"inLanguage\":\"pt-BR\"},{\"@type\":\"WebPage\",\"@id\":\"https:\/\/www.suno.com.br\/noticias\/banco-do-brasil-bbas3-retira-indicacao-cagni\/\",\"url\":\"https:\/\/www.suno.com.br\/noticias\/banco-do-brasil-bbas3-retira-indicacao-cagni\/\",\"name\":\"Banco do Brasil retira da pauta indica\u00e7\u00e3o de I\u00eada Cagni para o conselho\",\"isPartOf\":{\"@id\":\"https:\/\/www.suno.com.br\/noticias\/#website\"},\"primaryImageOfPage\":{\"@id\":\"https:\/\/www.suno.com.br\/noticias\/banco-do-brasil-bbas3-retira-indicacao-cagni\/#primaryimage\"},\"image\":{\"@id\":\"https:\/\/www.suno.com.br\/noticias\/banco-do-brasil-bbas3-retira-indicacao-cagni\/#primaryimage\"},\"thumbnailUrl\":\"https:\/\/files.sunoresearch.com.br\/n\/uploads\/2021\/04\/e2d95be3-banco-do-brasil-jpg.webp\",\"datePublished\":\"2021-04-16T00:11:08+00:00\",\"description\":\"O Corem do Banco do Brasil (BBAS3) retirou da pauta de reuni\u00e3o a indica\u00e7\u00e3o de I\u00eada Cagni para o Conselho do banco. Clique aqui e saiba mais!\",\"breadcrumb\":{\"@id\":\"https:\/\/www.suno.com.br\/noticias\/banco-do-brasil-bbas3-retira-indicacao-cagni\/#breadcrumb\"},\"inLanguage\":\"pt-BR\",\"potentialAction\":[{\"@type\":\"ReadAction\",\"target\":[\"https:\/\/www.suno.com.br\/noticias\/banco-do-brasil-bbas3-retira-indicacao-cagni\/\"]}]},{\"@type\":\"ImageObject\",\"inLanguage\":\"pt-BR\",\"@id\":\"https:\/\/www.suno.com.br\/noticias\/banco-do-brasil-bbas3-retira-indicacao-cagni\/#primaryimage\",\"url\":\"https:\/\/files.sunoresearch.com.br\/n\/uploads\/2021\/04\/e2d95be3-banco-do-brasil-jpg.webp\",\"contentUrl\":\"https:\/\/files.sunoresearch.com.br\/n\/uploads\/2021\/04\/e2d95be3-banco-do-brasil-jpg.webp\",\"width\":1079,\"height\":1079,\"caption\":\"Banco do Brasil. Foto: Reprodu\u00e7\u00e3o Facebook\"},{\"@type\":\"BreadcrumbList\",\"@id\":\"https:\/\/www.suno.com.br\/noticias\/banco-do-brasil-bbas3-retira-indicacao-cagni\/#breadcrumb\",\"itemListElement\":[{\"@type\":\"ListItem\",\"position\":1,\"name\":\"Not\u00edcias\",\"item\":\"https:\/\/www.suno.com.br\/noticias\/\"},{\"@type\":\"ListItem\",\"position\":2,\"name\":\"Neg\u00f3cios\",\"item\":\"https:\/\/www.suno.com.br\/noticias\/negocios\/\"},{\"@type\":\"ListItem\",\"position\":3,\"name\":\"Banco do Brasil (BBAS3) retira da pauta indica\u00e7\u00e3o de I\u00eada Cagni para o conselho\"}]},{\"@type\":\"WebSite\",\"@id\":\"https:\/\/www.suno.com.br\/noticias\/#website\",\"url\":\"https:\/\/www.suno.com.br\/noticias\/\",\"name\":\"Suno Not\u00edcias\",\"description\":\"Seu portal de informa\u00e7\u00e3o sobre o mundo dos investimentos\",\"publisher\":{\"@id\":\"https:\/\/www.suno.com.br\/noticias\/#organization\"},\"potentialAction\":[{\"@type\":\"SearchAction\",\"target\":{\"@type\":\"EntryPoint\",\"urlTemplate\":\"https:\/\/www.suno.com.br\/noticias\/?s={search_term_string}\"},\"query-input\":{\"@type\":\"PropertyValueSpecification\",\"valueRequired\":true,\"valueName\":\"search_term_string\"}}],\"inLanguage\":\"pt-BR\"},{\"@type\":\"Organization\",\"@id\":\"https:\/\/www.suno.com.br\/noticias\/#organization\",\"name\":\"Suno Not\u00edcias\",\"url\":\"https:\/\/www.suno.com.br\/noticias\/\",\"logo\":{\"@type\":\"ImageObject\",\"inLanguage\":\"pt-BR\",\"@id\":\"https:\/\/www.suno.com.br\/noticias\/#\/schema\/logo\/image\/\",\"url\":\"https:\/\/files.sunoresearch.com.br\/n\/uploads\/2021\/09\/suno-logo.png\",\"contentUrl\":\"https:\/\/files.sunoresearch.com.br\/n\/uploads\/2021\/09\/suno-logo.png\",\"width\":180,\"height\":180,\"caption\":\"Suno Not\u00edcias\"},\"image\":{\"@id\":\"https:\/\/www.suno.com.br\/noticias\/#\/schema\/logo\/image\/\"},\"sameAs\":[\"https:\/\/facebook.com\/sunoresearch\",\"https:\/\/x.com\/sunoresearch\",\"https:\/\/www.instagram.com\/suno\",\"https:\/\/www.linkedin.com\/company\/suno-research\/\",\"https:\/\/www.youtube.com\/c\/sunoresearch\"]},{\"@type\":\"Person\",\"@id\":\"https:\/\/www.suno.com.br\/noticias\/#\/schema\/person\/3df0d2808748b74496efe5dbeaef2c72\",\"name\":\"Laura Moutinho\",\"image\":{\"@type\":\"ImageObject\",\"inLanguage\":\"pt-BR\",\"@id\":\"https:\/\/www.suno.com.br\/noticias\/#\/schema\/person\/image\/\",\"url\":\"https:\/\/secure.gravatar.com\/avatar\/7571c7c8ca3a6fca5e41384ece5557ff?s=96&r=g\",\"contentUrl\":\"https:\/\/secure.gravatar.com\/avatar\/7571c7c8ca3a6fca5e41384ece5557ff?s=96&r=g\",\"caption\":\"Laura Moutinho\"},\"description\":\"Estagi\u00e1ria na Suno Not\u00edcias, escreve not\u00edcias que afetam o mercado financeiro. Estuda administra\u00e7\u00e3o na Universidade Presbiteriana Mackenzie.\",\"url\":\"https:\/\/www.suno.com.br\/noticias\/author\/laura-moutinho\/\"}]}<\/script>\n<!-- \/ Yoast SEO plugin. -->","yoast_head_json":{"title":"Banco do Brasil retira da pauta indica\u00e7\u00e3o de I\u00eada Cagni para o conselho","description":"O Corem do Banco do Brasil (BBAS3) retirou da pauta de reuni\u00e3o a indica\u00e7\u00e3o de I\u00eada Cagni para o Conselho do banco. Clique aqui e saiba mais!","robots":{"index":"index","follow":"follow","max-snippet":"max-snippet:-1","max-image-preview":"max-image-preview:large","max-video-preview":"max-video-preview:-1"},"canonical":"https:\/\/www.suno.com.br\/noticias\/banco-do-brasil-bbas3-retira-indicacao-cagni\/","og_locale":"pt_BR","og_type":"article","og_title":"Banco do Brasil retira da pauta indica\u00e7\u00e3o de I\u00eada Cagni para o conselho","og_description":"O Corem do Banco do Brasil (BBAS3) retirou da pauta de reuni\u00e3o a indica\u00e7\u00e3o de I\u00eada Cagni para o Conselho do banco. Clique aqui e saiba mais!","og_url":"https:\/\/www.suno.com.br\/noticias\/banco-do-brasil-bbas3-retira-indicacao-cagni\/","og_site_name":"Suno Not\u00edcias","article_publisher":"https:\/\/facebook.com\/sunoresearch","og_image":[{"width":1079,"height":1079,"url":"https:\/\/files.sunoresearch.com.br\/n\/uploads\/2021\/04\/e2d95be3-banco-do-brasil.jpg","type":"image\/jpeg"}],"author":"Laura Moutinho","twitter_card":"summary_large_image","twitter_creator":"@sunoresearch","twitter_site":"@sunoresearch","twitter_misc":{"Escrito por":"Laura Moutinho","Est. tempo de leitura":"2 minutos"},"schema":{"@context":"https:\/\/schema.org","@graph":[{"@type":"NewsArticle","@id":"https:\/\/www.suno.com.br\/noticias\/banco-do-brasil-bbas3-retira-indicacao-cagni\/#article","isPartOf":{"@id":"https:\/\/www.suno.com.br\/noticias\/banco-do-brasil-bbas3-retira-indicacao-cagni\/"},"author":{"name":"Laura Moutinho","@id":"https:\/\/www.suno.com.br\/noticias\/#\/schema\/person\/3df0d2808748b74496efe5dbeaef2c72"},"headline":"Banco do Brasil (BBAS3) retira da pauta indica\u00e7\u00e3o de I\u00eada Cagni para o conselho","datePublished":"2021-04-16T00:11:08+00:00","mainEntityOfPage":{"@id":"https:\/\/www.suno.com.br\/noticias\/banco-do-brasil-bbas3-retira-indicacao-cagni\/"},"wordCount":400,"publisher":{"@id":"https:\/\/www.suno.com.br\/noticias\/#organization"},"image":{"@id":"https:\/\/www.suno.com.br\/noticias\/banco-do-brasil-bbas3-retira-indicacao-cagni\/#primaryimage"},"thumbnailUrl":"https:\/\/files.sunoresearch.com.br\/n\/uploads\/2021\/04\/e2d95be3-banco-do-brasil-jpg.webp","keywords":["Banco do Brasil (BBAS3)"],"articleSection":["Neg\u00f3cios"],"inLanguage":"pt-BR"},{"@type":"WebPage","@id":"https:\/\/www.suno.com.br\/noticias\/banco-do-brasil-bbas3-retira-indicacao-cagni\/","url":"https:\/\/www.suno.com.br\/noticias\/banco-do-brasil-bbas3-retira-indicacao-cagni\/","name":"Banco do Brasil retira da pauta indica\u00e7\u00e3o de I\u00eada Cagni para o conselho","isPartOf":{"@id":"https:\/\/www.suno.com.br\/noticias\/#website"},"primaryImageOfPage":{"@id":"https:\/\/www.suno.com.br\/noticias\/banco-do-brasil-bbas3-retira-indicacao-cagni\/#primaryimage"},"image":{"@id":"https:\/\/www.suno.com.br\/noticias\/banco-do-brasil-bbas3-retira-indicacao-cagni\/#primaryimage"},"thumbnailUrl":"https:\/\/files.sunoresearch.com.br\/n\/uploads\/2021\/04\/e2d95be3-banco-do-brasil-jpg.webp","datePublished":"2021-04-16T00:11:08+00:00","description":"O Corem do Banco do Brasil (BBAS3) retirou da pauta de reuni\u00e3o a indica\u00e7\u00e3o de I\u00eada Cagni para o Conselho do banco. Clique aqui e saiba mais!","breadcrumb":{"@id":"https:\/\/www.suno.com.br\/noticias\/banco-do-brasil-bbas3-retira-indicacao-cagni\/#breadcrumb"},"inLanguage":"pt-BR","potentialAction":[{"@type":"ReadAction","target":["https:\/\/www.suno.com.br\/noticias\/banco-do-brasil-bbas3-retira-indicacao-cagni\/"]}]},{"@type":"ImageObject","inLanguage":"pt-BR","@id":"https:\/\/www.suno.com.br\/noticias\/banco-do-brasil-bbas3-retira-indicacao-cagni\/#primaryimage","url":"https:\/\/files.sunoresearch.com.br\/n\/uploads\/2021\/04\/e2d95be3-banco-do-brasil-jpg.webp","contentUrl":"https:\/\/files.sunoresearch.com.br\/n\/uploads\/2021\/04\/e2d95be3-banco-do-brasil-jpg.webp","width":1079,"height":1079,"caption":"Banco do Brasil. Foto: Reprodu\u00e7\u00e3o Facebook"},{"@type":"BreadcrumbList","@id":"https:\/\/www.suno.com.br\/noticias\/banco-do-brasil-bbas3-retira-indicacao-cagni\/#breadcrumb","itemListElement":[{"@type":"ListItem","position":1,"name":"Not\u00edcias","item":"https:\/\/www.suno.com.br\/noticias\/"},{"@type":"ListItem","position":2,"name":"Neg\u00f3cios","item":"https:\/\/www.suno.com.br\/noticias\/negocios\/"},{"@type":"ListItem","position":3,"name":"Banco do Brasil (BBAS3) retira da pauta indica\u00e7\u00e3o de I\u00eada Cagni para o conselho"}]},{"@type":"WebSite","@id":"https:\/\/www.suno.com.br\/noticias\/#website","url":"https:\/\/www.suno.com.br\/noticias\/","name":"Suno Not\u00edcias","description":"Seu portal de informa\u00e7\u00e3o sobre o mundo dos investimentos","publisher":{"@id":"https:\/\/www.suno.com.br\/noticias\/#organization"},"potentialAction":[{"@type":"SearchAction","target":{"@type":"EntryPoint","urlTemplate":"https:\/\/www.suno.com.br\/noticias\/?s={search_term_string}"},"query-input":{"@type":"PropertyValueSpecification","valueRequired":true,"valueName":"search_term_string"}}],"inLanguage":"pt-BR"},{"@type":"Organization","@id":"https:\/\/www.suno.com.br\/noticias\/#organization","name":"Suno Not\u00edcias","url":"https:\/\/www.suno.com.br\/noticias\/","logo":{"@type":"ImageObject","inLanguage":"pt-BR","@id":"https:\/\/www.suno.com.br\/noticias\/#\/schema\/logo\/image\/","url":"https:\/\/files.sunoresearch.com.br\/n\/uploads\/2021\/09\/suno-logo.png","contentUrl":"https:\/\/files.sunoresearch.com.br\/n\/uploads\/2021\/09\/suno-logo.png","width":180,"height":180,"caption":"Suno Not\u00edcias"},"image":{"@id":"https:\/\/www.suno.com.br\/noticias\/#\/schema\/logo\/image\/"},"sameAs":["https:\/\/facebook.com\/sunoresearch","https:\/\/x.com\/sunoresearch","https:\/\/www.instagram.com\/suno","https:\/\/www.linkedin.com\/company\/suno-research\/","https:\/\/www.youtube.com\/c\/sunoresearch"]},{"@type":"Person","@id":"https:\/\/www.suno.com.br\/noticias\/#\/schema\/person\/3df0d2808748b74496efe5dbeaef2c72","name":"Laura Moutinho","image":{"@type":"ImageObject","inLanguage":"pt-BR","@id":"https:\/\/www.suno.com.br\/noticias\/#\/schema\/person\/image\/","url":"https:\/\/secure.gravatar.com\/avatar\/7571c7c8ca3a6fca5e41384ece5557ff?s=96&r=g","contentUrl":"https:\/\/secure.gravatar.com\/avatar\/7571c7c8ca3a6fca5e41384ece5557ff?s=96&r=g","caption":"Laura Moutinho"},"description":"Estagi\u00e1ria na Suno Not\u00edcias, escreve not\u00edcias que afetam o mercado financeiro. Estuda administra\u00e7\u00e3o na Universidade Presbiteriana Mackenzie.","url":"https:\/\/www.suno.com.br\/noticias\/author\/laura-moutinho\/"}]}},"default_loop_html":"<div class=\"cardsPage__listCard__boxs\"><div class=\"cardsPage__listCard__boxs__img\"><a href=\"https:\/\/www.suno.com.br\/noticias\/executivos-banco-do-brasil-bbas3-demissao-coletiva\/\"><img class=\"mask\" src=\"https:\/\/www.suno.com.br\/noticias\/wp-content\/themes\/suno\/resources\/images\/spotlight\/spotlight1img\/bg-mask.png\" alt=\"Image Mask\"\/><img src=\"https:\/\/files.sunoresearch.com.br\/n\/uploads\/2019\/04\/Banco-do-Brasil-2-400x200.webp\" alt=\"Executivos do Banco do Brasil (BBAS3) preparam demiss\u00e3o coletiva, diz coluna\"\/><\/a><span class=\"spotlightCategory\"><a href=\"https:\/\/www.suno.com.br\/noticias\/negocios\/\">Neg\u00f3cios<\/a><\/span><\/div><div class=\"cardsPage__listCard__boxs__content\"><a href=\"https:\/\/www.suno.com.br\/noticias\/executivos-banco-do-brasil-bbas3-demissao-coletiva\/\"><h2 class=\"content__title\">Executivos do Banco do Brasil (BBAS3) preparam demiss\u00e3o coletiva, diz coluna<\/h2><\/a><div class=\"newsContent__article__meta\"><div class=\"newsContent__article__meta__authorBox\"><a href=\"https:\/\/www.suno.com.br\/noticias\/author\/jader-lazarini\/\" class=\"authorBox__avatar noMobi\"><img src=\"https:\/\/files.sunoresearch.com.br\/n\/uploads\/2021\/01\/178e6598-foto-perfil-2-150x150.jpg\" alt=\"Jader Lazarini\"><\/a><div class=\"authorBox__name\"><span>por\n\t\t\t<a href=\"https:\/\/www.suno.com.br\/noticias\/author\/jader-lazarini\/\"><span itemprop=\"author\">Jader Lazarini<\/span><\/a><\/span><time datetime=\"2021-03-31T08:12:55-03:00\" itemprop=\"datePublished\">31\/03\/2021 08:12<\/time><\/div><\/div><\/div><\/div><\/div>","single_layout":"posts","amp_enabled":true,"_links":{"self":[{"href":"https:\/\/www.suno.com.br\/noticias\/wp-json\/wp\/v2\/posts\/139980"}],"collection":[{"href":"https:\/\/www.suno.com.br\/noticias\/wp-json\/wp\/v2\/posts"}],"about":[{"href":"https:\/\/www.suno.com.br\/noticias\/wp-json\/wp\/v2\/types\/post"}],"author":[{"embeddable":true,"href":"https:\/\/www.suno.com.br\/noticias\/wp-json\/wp\/v2\/users\/39"}],"replies":[{"embeddable":true,"href":"https:\/\/www.suno.com.br\/noticias\/wp-json\/wp\/v2\/comments?post=139980"}],"version-history":[{"count":2,"href":"https:\/\/www.suno.com.br\/noticias\/wp-json\/wp\/v2\/posts\/139980\/revisions"}],"predecessor-version":[{"id":139991,"href":"https:\/\/www.suno.com.br\/noticias\/wp-json\/wp\/v2\/posts\/139980\/revisions\/139991"}],"wp:featuredmedia":[{"embeddable":true,"href":"https:\/\/www.suno.com.br\/noticias\/wp-json\/wp\/v2\/media\/139989"}],"wp:attachment":[{"href":"https:\/\/www.suno.com.br\/noticias\/wp-json\/wp\/v2\/media?parent=139980"}],"wp:term":[{"taxonomy":"category","embeddable":true,"href":"https:\/\/www.suno.com.br\/noticias\/wp-json\/wp\/v2\/categories?post=139980"},{"taxonomy":"post_tag","embeddable":true,"href":"https:\/\/www.suno.com.br\/noticias\/wp-json\/wp\/v2\/tags?post=139980"},{"taxonomy":"suno_strategy","embeddable":true,"href":"https:\/\/www.suno.com.br\/noticias\/wp-json\/wp\/v2\/suno_strategy?post=139980"}],"curies":[{"name":"wp","href":"https:\/\/api.w.org\/{rel}","templated":true}]}}