{"id":139961,"date":"2021-04-15T20:00:30","date_gmt":"2021-04-15T23:00:30","guid":{"rendered":"https:\/\/www.suno.com.br\/noticias\/?p=139961"},"modified":"2021-04-15T20:00:30","modified_gmt":"2021-04-15T23:00:30","slug":"ex-presidente-braskem-brkm5-admite-esquema-suborno-us-250-mi","status":"publish","type":"post","link":"https:\/\/www.suno.com.br\/noticias\/ex-presidente-braskem-brkm5-admite-esquema-suborno-us-250-mi\/","title":{"rendered":"Ex-presidente da Braskem (BRKM5) admite esquema de suborno de US$ 250 mi"},"content":{"rendered":"<p>O ex-presidente da <a href=\"https:\/\/www.suno.com.br\/acoes\/brkm5\"><strong>Braskem<\/strong> (BRKM5) <\/a>e da Eldorado Brasil, Jos\u00e9 Carlos Grubisich, confessou ter participado de fraudes em balan\u00e7os da empresa e de ter permitido um esquema de suborno de cerca de US$ 250 milh\u00f5es.<\/p>\t<div class=\"wrapper-featured-image\">\n\t\t<figure class=\"spotlightImg\">\n\n\t\t\t<picture>\n\t\t\t\t<source media=\"(max-width: 768px)\" srcset=\"https:\/\/files.sunoresearch.com.br\/n\/uploads\/2021\/04\/521361f8-20799353_1610101175690888_7857981650435119203_n-1-400x200.webp\">\n\t\t\t\t<img loading=\"lazy\" decoding=\"async\" class=\"newsContent__article__imgCapa lazyloadDisabled \" src=\"https:\/\/files.sunoresearch.com.br\/n\/uploads\/2021\/04\/521361f8-20799353_1610101175690888_7857981650435119203_n-1-800x450.webp\" width=\"800\" height=\"450\" alt=\"Ex-presidente da Braskem (BRKM5) admite esquema de suborno de US$ 250 mi\" fetchpriority=high \/>\n\t\t\t<\/picture>\n\n\t\t\t<figcaption class=\"wp-caption-text wp-caption-text--show\">Braskem (BRKM5) . Foto: Reprodu\u00e7\u00e3o Facebook<\/figcaption>\n\t\t<\/figure>\n\t<\/div>\n\n\n\t<p>\n\t\t<a href=\"https:\/\/lp.suno.com.br\/planilha-controle-gastos\/\" target=\"_blank\" data-element=\"shortcode-suno-banner\" title=\"Banner SUNO, clique e saiba mais\">\n\t\t\t<picture>\n\t\t\t\t<source media=\"(max-width: 500px)\" srcset=\"https:\/\/files.sunoresearch.com.br\/n\/uploads\/2023\/03\/400x300-Planilha-controle-de-gastos.png\">\n\t\t\t\t<img class=\"newsContent__article__imgCapa newsContent__article__imgCapa--banner\"\n\t\t\t\t\tsrc=\"https:\/\/files.sunoresearch.com.br\/n\/uploads\/2023\/03\/1420x240-Planilha-controle-de-gastos.png\"\n\t\t\t\t\tdata-promo-id=\"101751\"\t\t\t\t\t\t\t\t\t\twidth='1420' height='240'\t\t\t\t\talt=\"https:\/\/files.sunoresearch.com.br\/n\/uploads\/2023\/03\/1420x240-Planilha-controle-de-gastos.png\"\n\t\t\t\t>\n\t\t\t<\/picture>\n\t\t<\/a>\n\t<\/p>\n\n\n<p>De acordo com o comunicado divulgado pelo Departamento de Justi\u00e7a americano (DoJ), nesta quinta-feira (15), o ex-presidente da Braskem participou de audi\u00eancia nos Estados Unidos, onde assumiu ter feito parte do esquema de pagamento de propinas na petroqu\u00edmica, que foi revelado pela Opera\u00e7\u00e3o Lava-Jato.<\/p>\n<p>Diante disso, Grubisich pode ser sentenciado a at\u00e9 dez anos de pris\u00e3o, conforme informou o Doj, citando tamb\u00e9m que o executivo aceitou um acordo que prev\u00ea\u00a0um confisco de US$ 2,2 milh\u00f5es de seus bens.<\/p>\n<p><a href=\"https:\/\/lp.suno.com.br\/suno-one\/\">Suno One: acesse gratuitamente eBooks, Minicursos, Artigos e V\u00eddeo Aulas sobre investimentos com um \u00fanico cadastro. Clique para saber mais!<\/a><\/p>\n<p>No entanto, a senten\u00e7a ser\u00e1 divulgada apenas no dia 5 de agosto deste ano.<\/p>\n<h4>A confiss\u00e3o<\/h4>\n<p>O brasileiro, na confiss\u00e3o de culpa apresentada em audi\u00eancia no tribunal federal do Brooklyn, em Nova York, informou sobre sua participa\u00e7\u00e3o em esquema que desviou US$ 250 milh\u00f5es da companhia e foram utilizados para subornar funcion\u00e1rios p\u00fablicos e partidos brasileiros, com a finalidade de garantir os interesses da Braskem.<\/p>\n<p>Al\u00e9m disso, Grubisich ainda assumiu ter prestado informa\u00e7\u00f5es falsas nos registros financeiros da companhia.<\/p>\n<p>De acordo com um comunicado do procurador em exerc\u00edcio do distrito leste de Nova York, Mark J. Lesko,\u00a0o executivo \u201cabusou de sua posi\u00e7\u00e3o como presidente da Braskem para facilitar e ocultar o pagamento de milh\u00f5es de d\u00f3lares em subornos para que a Braskem pudesse aumentar seus lucros, com benef\u00edcios pessoais tamb\u00e9m a executivos da companhia, incluindo Grubisich\u201d.<\/p>\n<p><a href=\"https:\/\/www.suno.com.br\/noticias\/braskem-brkm5-odebrecht-conversas-possiveis-compradores\/\">Veja Tamb\u00e9m: Braskem (BRKM5): Odebrecht inicia conversas com poss\u00edveis compradores, diz jornal<\/a><\/p>\n<h2>\u00daltima cota\u00e7\u00e3o<\/h2>\n<p>A a\u00e7\u00e3o da <strong>Braskem (BRKM5)<\/strong> fechou o preg\u00e3o desta quinta-feira (15) em uma alta de 3,54%, cotada aos R$ 48,52, antes do an\u00fancio.<\/p>\n\t<p>\n\t\t<a href=\"https:\/\/lp.suno.com.br\/planilha-de-controle-de-investimentos\/\" target=\"_blank\" data-element=\"shortcode-suno-banner\" title=\"Banner SUNO, clique e saiba mais\">\n\t\t\t<picture>\n\t\t\t\t<source media=\"(max-width: 500px)\" srcset=\"https:\/\/files.sunoresearch.com.br\/n\/uploads\/2023\/03\/400x300-Controle-de-Investimentos.png\">\n\t\t\t\t<img class=\"newsContent__article__imgCapa newsContent__article__imgCapa--banner\"\n\t\t\t\t\tsrc=\"https:\/\/files.sunoresearch.com.br\/n\/uploads\/2023\/03\/1420x240-Controle-de-Investimentos.png\"\n\t\t\t\t\tdata-promo-id=\"75934\"\t\t\t\t\t\t\t\t\t\twidth='1420' height='240'\t\t\t\t\talt=\"https:\/\/files.sunoresearch.com.br\/n\/uploads\/2023\/03\/1420x240-Controle-de-Investimentos.png\"\n\t\t\t\t>\n\t\t\t<\/picture>\n\t\t<\/a>\n\t<\/p>\n\n\n","protected":false},"excerpt":{"rendered":"<p>O ex-presidente da Braskem (BRKM5) e da Eldorado Brasil, Jos\u00e9 Carlos Grubisich, confessou ter participado de fraudes em balan\u00e7os da empresa e de ter permitido um esquema de suborno de cerca de US$ 250 milh\u00f5es. Braskem (BRKM5) . Foto: Reprodu\u00e7\u00e3o Facebook De acordo com o comunicado divulgado pelo Departamento de Justi\u00e7a americano (DoJ), nesta quinta-feira [&hellip;]<\/p>\n","protected":false},"author":56,"featured_media":139974,"comment_status":"closed","ping_status":"closed","sticky":false,"template":"","format":"standard","meta":[],"categories":[64],"tags":[395],"suno_strategy":[],"class_list":["post-139961","post","type-post","status-publish","format-standard","has-post-thumbnail","hentry","category-negocios","tag-braskem-brkm3-brkm5-brkm6"],"yoast_head":"<!-- This site is optimized with the Yoast SEO plugin v24.4 - https:\/\/yoast.com\/wordpress\/plugins\/seo\/ -->\n<title>Ex-presidente da Braskem (BRKM5) admite esquema de suborno<\/title>\n<meta name=\"description\" content=\"O ex-presidente da Braskem, Jos\u00e9 Carlos Grubisich, pode ser sentenciado a at\u00e9 10 anos de pris\u00e3o. Clique aqui para saber mais.\" \/>\n<meta name=\"robots\" content=\"index, follow, max-snippet:-1, max-image-preview:large, max-video-preview:-1\" \/>\n<link rel=\"canonical\" href=\"https:\/\/www.suno.com.br\/noticias\/ex-presidente-braskem-brkm5-admite-esquema-suborno-us-250-mi\/\" \/>\n<meta property=\"og:locale\" content=\"pt_BR\" \/>\n<meta property=\"og:type\" content=\"article\" \/>\n<meta property=\"og:title\" content=\"Ex-presidente da Braskem (BRKM5) admite esquema de suborno\" \/>\n<meta property=\"og:description\" content=\"O ex-presidente da Braskem, Jos\u00e9 Carlos Grubisich, pode ser sentenciado a at\u00e9 10 anos de pris\u00e3o. Clique aqui para saber mais.\" \/>\n<meta property=\"og:url\" content=\"https:\/\/www.suno.com.br\/noticias\/ex-presidente-braskem-brkm5-admite-esquema-suborno-us-250-mi\/\" \/>\n<meta property=\"og:site_name\" content=\"Suno Not\u00edcias\" \/>\n<meta property=\"article:publisher\" content=\"https:\/\/facebook.com\/sunoresearch\" \/>\n<meta property=\"og:image\" content=\"https:\/\/files.sunoresearch.com.br\/n\/uploads\/2021\/04\/521361f8-20799353_1610101175690888_7857981650435119203_n-1.jpg\" \/>\n\t<meta property=\"og:image:width\" content=\"1200\" \/>\n\t<meta property=\"og:image:height\" content=\"1200\" \/>\n\t<meta property=\"og:image:type\" content=\"image\/jpeg\" \/>\n<meta name=\"author\" content=\"Rafaela La Regina\" \/>\n<meta name=\"twitter:card\" content=\"summary_large_image\" \/>\n<meta name=\"twitter:creator\" content=\"@sunoresearch\" \/>\n<meta name=\"twitter:site\" content=\"@sunoresearch\" \/>\n<meta name=\"twitter:label1\" content=\"Escrito por\" \/>\n\t<meta name=\"twitter:data1\" content=\"Rafaela La Regina\" \/>\n\t<meta name=\"twitter:label2\" content=\"Est. tempo de leitura\" \/>\n\t<meta name=\"twitter:data2\" content=\"2 minutos\" \/>\n<script type=\"application\/ld+json\" class=\"yoast-schema-graph\">{\"@context\":\"https:\/\/schema.org\",\"@graph\":[{\"@type\":\"NewsArticle\",\"@id\":\"https:\/\/www.suno.com.br\/noticias\/ex-presidente-braskem-brkm5-admite-esquema-suborno-us-250-mi\/#article\",\"isPartOf\":{\"@id\":\"https:\/\/www.suno.com.br\/noticias\/ex-presidente-braskem-brkm5-admite-esquema-suborno-us-250-mi\/\"},\"author\":{\"name\":\"Rafaela La Regina\",\"@id\":\"https:\/\/www.suno.com.br\/noticias\/#\/schema\/person\/e672ca8cea627fe715fa29bca7da95e0\"},\"headline\":\"Ex-presidente da Braskem (BRKM5) admite esquema de suborno de US$ 250 mi\",\"datePublished\":\"2021-04-15T23:00:30+00:00\",\"mainEntityOfPage\":{\"@id\":\"https:\/\/www.suno.com.br\/noticias\/ex-presidente-braskem-brkm5-admite-esquema-suborno-us-250-mi\/\"},\"wordCount\":349,\"publisher\":{\"@id\":\"https:\/\/www.suno.com.br\/noticias\/#organization\"},\"image\":{\"@id\":\"https:\/\/www.suno.com.br\/noticias\/ex-presidente-braskem-brkm5-admite-esquema-suborno-us-250-mi\/#primaryimage\"},\"thumbnailUrl\":\"https:\/\/files.sunoresearch.com.br\/n\/uploads\/2021\/04\/521361f8-20799353_1610101175690888_7857981650435119203_n-1-jpg.webp\",\"keywords\":[\"Braskem (BRKM3\/BRKM5\/BRKM6)\"],\"articleSection\":[\"Neg\u00f3cios\"],\"inLanguage\":\"pt-BR\"},{\"@type\":\"WebPage\",\"@id\":\"https:\/\/www.suno.com.br\/noticias\/ex-presidente-braskem-brkm5-admite-esquema-suborno-us-250-mi\/\",\"url\":\"https:\/\/www.suno.com.br\/noticias\/ex-presidente-braskem-brkm5-admite-esquema-suborno-us-250-mi\/\",\"name\":\"Ex-presidente da Braskem (BRKM5) admite esquema de suborno\",\"isPartOf\":{\"@id\":\"https:\/\/www.suno.com.br\/noticias\/#website\"},\"primaryImageOfPage\":{\"@id\":\"https:\/\/www.suno.com.br\/noticias\/ex-presidente-braskem-brkm5-admite-esquema-suborno-us-250-mi\/#primaryimage\"},\"image\":{\"@id\":\"https:\/\/www.suno.com.br\/noticias\/ex-presidente-braskem-brkm5-admite-esquema-suborno-us-250-mi\/#primaryimage\"},\"thumbnailUrl\":\"https:\/\/files.sunoresearch.com.br\/n\/uploads\/2021\/04\/521361f8-20799353_1610101175690888_7857981650435119203_n-1-jpg.webp\",\"datePublished\":\"2021-04-15T23:00:30+00:00\",\"description\":\"O ex-presidente da Braskem, Jos\u00e9 Carlos Grubisich, pode ser sentenciado a at\u00e9 10 anos de pris\u00e3o. Clique aqui para saber mais.\",\"breadcrumb\":{\"@id\":\"https:\/\/www.suno.com.br\/noticias\/ex-presidente-braskem-brkm5-admite-esquema-suborno-us-250-mi\/#breadcrumb\"},\"inLanguage\":\"pt-BR\",\"potentialAction\":[{\"@type\":\"ReadAction\",\"target\":[\"https:\/\/www.suno.com.br\/noticias\/ex-presidente-braskem-brkm5-admite-esquema-suborno-us-250-mi\/\"]}]},{\"@type\":\"ImageObject\",\"inLanguage\":\"pt-BR\",\"@id\":\"https:\/\/www.suno.com.br\/noticias\/ex-presidente-braskem-brkm5-admite-esquema-suborno-us-250-mi\/#primaryimage\",\"url\":\"https:\/\/files.sunoresearch.com.br\/n\/uploads\/2021\/04\/521361f8-20799353_1610101175690888_7857981650435119203_n-1-jpg.webp\",\"contentUrl\":\"https:\/\/files.sunoresearch.com.br\/n\/uploads\/2021\/04\/521361f8-20799353_1610101175690888_7857981650435119203_n-1-jpg.webp\",\"width\":1200,\"height\":1200,\"caption\":\"Braskem (BRKM5) . Foto: Reprodu\u00e7\u00e3o Facebook\"},{\"@type\":\"BreadcrumbList\",\"@id\":\"https:\/\/www.suno.com.br\/noticias\/ex-presidente-braskem-brkm5-admite-esquema-suborno-us-250-mi\/#breadcrumb\",\"itemListElement\":[{\"@type\":\"ListItem\",\"position\":1,\"name\":\"Not\u00edcias\",\"item\":\"https:\/\/www.suno.com.br\/noticias\/\"},{\"@type\":\"ListItem\",\"position\":2,\"name\":\"Neg\u00f3cios\",\"item\":\"https:\/\/www.suno.com.br\/noticias\/negocios\/\"},{\"@type\":\"ListItem\",\"position\":3,\"name\":\"Ex-presidente da Braskem (BRKM5) admite esquema de suborno de US$ 250 mi\"}]},{\"@type\":\"WebSite\",\"@id\":\"https:\/\/www.suno.com.br\/noticias\/#website\",\"url\":\"https:\/\/www.suno.com.br\/noticias\/\",\"name\":\"Suno Not\u00edcias\",\"description\":\"Seu portal de informa\u00e7\u00e3o sobre o mundo dos investimentos\",\"publisher\":{\"@id\":\"https:\/\/www.suno.com.br\/noticias\/#organization\"},\"potentialAction\":[{\"@type\":\"SearchAction\",\"target\":{\"@type\":\"EntryPoint\",\"urlTemplate\":\"https:\/\/www.suno.com.br\/noticias\/?s={search_term_string}\"},\"query-input\":{\"@type\":\"PropertyValueSpecification\",\"valueRequired\":true,\"valueName\":\"search_term_string\"}}],\"inLanguage\":\"pt-BR\"},{\"@type\":\"Organization\",\"@id\":\"https:\/\/www.suno.com.br\/noticias\/#organization\",\"name\":\"Suno Not\u00edcias\",\"url\":\"https:\/\/www.suno.com.br\/noticias\/\",\"logo\":{\"@type\":\"ImageObject\",\"inLanguage\":\"pt-BR\",\"@id\":\"https:\/\/www.suno.com.br\/noticias\/#\/schema\/logo\/image\/\",\"url\":\"https:\/\/files.sunoresearch.com.br\/n\/uploads\/2021\/09\/suno-logo.png\",\"contentUrl\":\"https:\/\/files.sunoresearch.com.br\/n\/uploads\/2021\/09\/suno-logo.png\",\"width\":180,\"height\":180,\"caption\":\"Suno Not\u00edcias\"},\"image\":{\"@id\":\"https:\/\/www.suno.com.br\/noticias\/#\/schema\/logo\/image\/\"},\"sameAs\":[\"https:\/\/facebook.com\/sunoresearch\",\"https:\/\/x.com\/sunoresearch\",\"https:\/\/www.instagram.com\/suno\",\"https:\/\/www.linkedin.com\/company\/suno-research\/\",\"https:\/\/www.youtube.com\/c\/sunoresearch\"]},{\"@type\":\"Person\",\"@id\":\"https:\/\/www.suno.com.br\/noticias\/#\/schema\/person\/e672ca8cea627fe715fa29bca7da95e0\",\"name\":\"Rafaela La Regina\",\"image\":{\"@type\":\"ImageObject\",\"inLanguage\":\"pt-BR\",\"@id\":\"https:\/\/www.suno.com.br\/noticias\/#\/schema\/person\/image\/\",\"url\":\"https:\/\/secure.gravatar.com\/avatar\/d2c75a52d243deb93d0465fdcb21bd37?s=96&r=g\",\"contentUrl\":\"https:\/\/secure.gravatar.com\/avatar\/d2c75a52d243deb93d0465fdcb21bd37?s=96&r=g\",\"caption\":\"Rafaela La Regina\"},\"description\":\"Estagi\u00e1ria no Suno Not\u00edcias. Escreve sobre economia, pol\u00edtica e neg\u00f3cios. Estuda Rela\u00e7\u00f5es Internacionais no IBMEC-SP.\",\"url\":\"https:\/\/www.suno.com.br\/noticias\/author\/rafaela-la-regina\/\"}]}<\/script>\n<!-- \/ Yoast SEO plugin. -->","yoast_head_json":{"title":"Ex-presidente da Braskem (BRKM5) admite esquema de suborno","description":"O ex-presidente da Braskem, Jos\u00e9 Carlos Grubisich, pode ser sentenciado a at\u00e9 10 anos de pris\u00e3o. Clique aqui para saber mais.","robots":{"index":"index","follow":"follow","max-snippet":"max-snippet:-1","max-image-preview":"max-image-preview:large","max-video-preview":"max-video-preview:-1"},"canonical":"https:\/\/www.suno.com.br\/noticias\/ex-presidente-braskem-brkm5-admite-esquema-suborno-us-250-mi\/","og_locale":"pt_BR","og_type":"article","og_title":"Ex-presidente da Braskem (BRKM5) admite esquema de suborno","og_description":"O ex-presidente da Braskem, Jos\u00e9 Carlos Grubisich, pode ser sentenciado a at\u00e9 10 anos de pris\u00e3o. Clique aqui para saber mais.","og_url":"https:\/\/www.suno.com.br\/noticias\/ex-presidente-braskem-brkm5-admite-esquema-suborno-us-250-mi\/","og_site_name":"Suno Not\u00edcias","article_publisher":"https:\/\/facebook.com\/sunoresearch","og_image":[{"width":1200,"height":1200,"url":"https:\/\/files.sunoresearch.com.br\/n\/uploads\/2021\/04\/521361f8-20799353_1610101175690888_7857981650435119203_n-1.jpg","type":"image\/jpeg"}],"author":"Rafaela La Regina","twitter_card":"summary_large_image","twitter_creator":"@sunoresearch","twitter_site":"@sunoresearch","twitter_misc":{"Escrito por":"Rafaela La Regina","Est. tempo de leitura":"2 minutos"},"schema":{"@context":"https:\/\/schema.org","@graph":[{"@type":"NewsArticle","@id":"https:\/\/www.suno.com.br\/noticias\/ex-presidente-braskem-brkm5-admite-esquema-suborno-us-250-mi\/#article","isPartOf":{"@id":"https:\/\/www.suno.com.br\/noticias\/ex-presidente-braskem-brkm5-admite-esquema-suborno-us-250-mi\/"},"author":{"name":"Rafaela La Regina","@id":"https:\/\/www.suno.com.br\/noticias\/#\/schema\/person\/e672ca8cea627fe715fa29bca7da95e0"},"headline":"Ex-presidente da Braskem (BRKM5) admite esquema de suborno de US$ 250 mi","datePublished":"2021-04-15T23:00:30+00:00","mainEntityOfPage":{"@id":"https:\/\/www.suno.com.br\/noticias\/ex-presidente-braskem-brkm5-admite-esquema-suborno-us-250-mi\/"},"wordCount":349,"publisher":{"@id":"https:\/\/www.suno.com.br\/noticias\/#organization"},"image":{"@id":"https:\/\/www.suno.com.br\/noticias\/ex-presidente-braskem-brkm5-admite-esquema-suborno-us-250-mi\/#primaryimage"},"thumbnailUrl":"https:\/\/files.sunoresearch.com.br\/n\/uploads\/2021\/04\/521361f8-20799353_1610101175690888_7857981650435119203_n-1-jpg.webp","keywords":["Braskem (BRKM3\/BRKM5\/BRKM6)"],"articleSection":["Neg\u00f3cios"],"inLanguage":"pt-BR"},{"@type":"WebPage","@id":"https:\/\/www.suno.com.br\/noticias\/ex-presidente-braskem-brkm5-admite-esquema-suborno-us-250-mi\/","url":"https:\/\/www.suno.com.br\/noticias\/ex-presidente-braskem-brkm5-admite-esquema-suborno-us-250-mi\/","name":"Ex-presidente da Braskem (BRKM5) admite esquema de suborno","isPartOf":{"@id":"https:\/\/www.suno.com.br\/noticias\/#website"},"primaryImageOfPage":{"@id":"https:\/\/www.suno.com.br\/noticias\/ex-presidente-braskem-brkm5-admite-esquema-suborno-us-250-mi\/#primaryimage"},"image":{"@id":"https:\/\/www.suno.com.br\/noticias\/ex-presidente-braskem-brkm5-admite-esquema-suborno-us-250-mi\/#primaryimage"},"thumbnailUrl":"https:\/\/files.sunoresearch.com.br\/n\/uploads\/2021\/04\/521361f8-20799353_1610101175690888_7857981650435119203_n-1-jpg.webp","datePublished":"2021-04-15T23:00:30+00:00","description":"O ex-presidente da Braskem, Jos\u00e9 Carlos Grubisich, pode ser sentenciado a at\u00e9 10 anos de pris\u00e3o. Clique aqui para saber mais.","breadcrumb":{"@id":"https:\/\/www.suno.com.br\/noticias\/ex-presidente-braskem-brkm5-admite-esquema-suborno-us-250-mi\/#breadcrumb"},"inLanguage":"pt-BR","potentialAction":[{"@type":"ReadAction","target":["https:\/\/www.suno.com.br\/noticias\/ex-presidente-braskem-brkm5-admite-esquema-suborno-us-250-mi\/"]}]},{"@type":"ImageObject","inLanguage":"pt-BR","@id":"https:\/\/www.suno.com.br\/noticias\/ex-presidente-braskem-brkm5-admite-esquema-suborno-us-250-mi\/#primaryimage","url":"https:\/\/files.sunoresearch.com.br\/n\/uploads\/2021\/04\/521361f8-20799353_1610101175690888_7857981650435119203_n-1-jpg.webp","contentUrl":"https:\/\/files.sunoresearch.com.br\/n\/uploads\/2021\/04\/521361f8-20799353_1610101175690888_7857981650435119203_n-1-jpg.webp","width":1200,"height":1200,"caption":"Braskem (BRKM5) . Foto: Reprodu\u00e7\u00e3o Facebook"},{"@type":"BreadcrumbList","@id":"https:\/\/www.suno.com.br\/noticias\/ex-presidente-braskem-brkm5-admite-esquema-suborno-us-250-mi\/#breadcrumb","itemListElement":[{"@type":"ListItem","position":1,"name":"Not\u00edcias","item":"https:\/\/www.suno.com.br\/noticias\/"},{"@type":"ListItem","position":2,"name":"Neg\u00f3cios","item":"https:\/\/www.suno.com.br\/noticias\/negocios\/"},{"@type":"ListItem","position":3,"name":"Ex-presidente da Braskem (BRKM5) admite esquema de suborno de US$ 250 mi"}]},{"@type":"WebSite","@id":"https:\/\/www.suno.com.br\/noticias\/#website","url":"https:\/\/www.suno.com.br\/noticias\/","name":"Suno Not\u00edcias","description":"Seu portal de informa\u00e7\u00e3o sobre o mundo dos investimentos","publisher":{"@id":"https:\/\/www.suno.com.br\/noticias\/#organization"},"potentialAction":[{"@type":"SearchAction","target":{"@type":"EntryPoint","urlTemplate":"https:\/\/www.suno.com.br\/noticias\/?s={search_term_string}"},"query-input":{"@type":"PropertyValueSpecification","valueRequired":true,"valueName":"search_term_string"}}],"inLanguage":"pt-BR"},{"@type":"Organization","@id":"https:\/\/www.suno.com.br\/noticias\/#organization","name":"Suno Not\u00edcias","url":"https:\/\/www.suno.com.br\/noticias\/","logo":{"@type":"ImageObject","inLanguage":"pt-BR","@id":"https:\/\/www.suno.com.br\/noticias\/#\/schema\/logo\/image\/","url":"https:\/\/files.sunoresearch.com.br\/n\/uploads\/2021\/09\/suno-logo.png","contentUrl":"https:\/\/files.sunoresearch.com.br\/n\/uploads\/2021\/09\/suno-logo.png","width":180,"height":180,"caption":"Suno Not\u00edcias"},"image":{"@id":"https:\/\/www.suno.com.br\/noticias\/#\/schema\/logo\/image\/"},"sameAs":["https:\/\/facebook.com\/sunoresearch","https:\/\/x.com\/sunoresearch","https:\/\/www.instagram.com\/suno","https:\/\/www.linkedin.com\/company\/suno-research\/","https:\/\/www.youtube.com\/c\/sunoresearch"]},{"@type":"Person","@id":"https:\/\/www.suno.com.br\/noticias\/#\/schema\/person\/e672ca8cea627fe715fa29bca7da95e0","name":"Rafaela La Regina","image":{"@type":"ImageObject","inLanguage":"pt-BR","@id":"https:\/\/www.suno.com.br\/noticias\/#\/schema\/person\/image\/","url":"https:\/\/secure.gravatar.com\/avatar\/d2c75a52d243deb93d0465fdcb21bd37?s=96&r=g","contentUrl":"https:\/\/secure.gravatar.com\/avatar\/d2c75a52d243deb93d0465fdcb21bd37?s=96&r=g","caption":"Rafaela La Regina"},"description":"Estagi\u00e1ria no Suno Not\u00edcias. Escreve sobre economia, pol\u00edtica e neg\u00f3cios. Estuda Rela\u00e7\u00f5es Internacionais no IBMEC-SP.","url":"https:\/\/www.suno.com.br\/noticias\/author\/rafaela-la-regina\/"}]}},"default_loop_html":"<div class=\"cardsPage__listCard__boxs\"><div class=\"cardsPage__listCard__boxs__img\"><a href=\"https:\/\/www.suno.com.br\/noticias\/ex-presidente-braskem-brkm5-admite-esquema-suborno-us-250-mi\/\"><img class=\"mask\" src=\"https:\/\/www.suno.com.br\/noticias\/wp-content\/themes\/suno\/resources\/images\/spotlight\/spotlight1img\/bg-mask.png\" alt=\"Image Mask\"\/><img src=\"https:\/\/files.sunoresearch.com.br\/n\/uploads\/2021\/04\/521361f8-20799353_1610101175690888_7857981650435119203_n-1-400x200.webp\" alt=\"Ex-presidente da Braskem (BRKM5) admite esquema de suborno de US$ 250 mi\"\/><\/a><span class=\"spotlightCategory\"><a href=\"https:\/\/www.suno.com.br\/noticias\/negocios\/\">Neg\u00f3cios<\/a><\/span><\/div><div class=\"cardsPage__listCard__boxs__content\"><a href=\"https:\/\/www.suno.com.br\/noticias\/ex-presidente-braskem-brkm5-admite-esquema-suborno-us-250-mi\/\"><h2 class=\"content__title\">Ex-presidente da Braskem (BRKM5) admite esquema de suborno de US$ 250 mi<\/h2><\/a><div class=\"newsContent__article__meta\"><div class=\"newsContent__article__meta__authorBox\"><a href=\"https:\/\/www.suno.com.br\/noticias\/author\/rafaela-la-regina\/\" class=\"authorBox__avatar noMobi\"><img src=\"https:\/\/secure.gravatar.com\/avatar\/d2c75a52d243deb93d0465fdcb21bd37?s=96&#038;r=g\" alt=\"Rafaela La Regina\"><\/a><div class=\"authorBox__name\"><span>por\n\t\t\t<a href=\"https:\/\/www.suno.com.br\/noticias\/author\/rafaela-la-regina\/\"><span itemprop=\"author\">Rafaela La Regina<\/span><\/a><\/span><time datetime=\"2021-04-15T20:00:30-03:00\" itemprop=\"datePublished\">15\/04\/2021 20:00<\/time><\/div><\/div><\/div><\/div><\/div>","single_layout":"posts","amp_enabled":true,"_links":{"self":[{"href":"https:\/\/www.suno.com.br\/noticias\/wp-json\/wp\/v2\/posts\/139961"}],"collection":[{"href":"https:\/\/www.suno.com.br\/noticias\/wp-json\/wp\/v2\/posts"}],"about":[{"href":"https:\/\/www.suno.com.br\/noticias\/wp-json\/wp\/v2\/types\/post"}],"author":[{"embeddable":true,"href":"https:\/\/www.suno.com.br\/noticias\/wp-json\/wp\/v2\/users\/56"}],"replies":[{"embeddable":true,"href":"https:\/\/www.suno.com.br\/noticias\/wp-json\/wp\/v2\/comments?post=139961"}],"version-history":[{"count":1,"href":"https:\/\/www.suno.com.br\/noticias\/wp-json\/wp\/v2\/posts\/139961\/revisions"}],"predecessor-version":[{"id":139976,"href":"https:\/\/www.suno.com.br\/noticias\/wp-json\/wp\/v2\/posts\/139961\/revisions\/139976"}],"wp:featuredmedia":[{"embeddable":true,"href":"https:\/\/www.suno.com.br\/noticias\/wp-json\/wp\/v2\/media\/139974"}],"wp:attachment":[{"href":"https:\/\/www.suno.com.br\/noticias\/wp-json\/wp\/v2\/media?parent=139961"}],"wp:term":[{"taxonomy":"category","embeddable":true,"href":"https:\/\/www.suno.com.br\/noticias\/wp-json\/wp\/v2\/categories?post=139961"},{"taxonomy":"post_tag","embeddable":true,"href":"https:\/\/www.suno.com.br\/noticias\/wp-json\/wp\/v2\/tags?post=139961"},{"taxonomy":"suno_strategy","embeddable":true,"href":"https:\/\/www.suno.com.br\/noticias\/wp-json\/wp\/v2\/suno_strategy?post=139961"}],"curies":[{"name":"wp","href":"https:\/\/api.w.org\/{rel}","templated":true}]}}