{"id":13991,"date":"2019-02-03T17:28:04","date_gmt":"2019-02-03T19:28:04","guid":{"rendered":"https:\/\/www.suno.com.br\/noticias\/?p=13991"},"modified":"2021-02-18T17:54:05","modified_gmt":"2021-02-18T20:54:05","slug":"a-seguir-eleicoes-do-senado-e-resultados-trimestrais","status":"publish","type":"post","link":"https:\/\/www.suno.com.br\/noticias\/a-seguir-eleicoes-do-senado-e-resultados-trimestrais\/","title":{"rendered":"A seguir: Elei\u00e7\u00f5es do Senado e Resultados Trimestrais"},"content":{"rendered":"<h2>O que deve movimentar a semana no Brasil<\/h2>\n<p>No Brasil os grandes destaques ficam divididos entre as elei\u00e7\u00f5es para presidente da C\u00e2mara e do Senado e o resultado de algumas empresas listadas.<\/p>\t<div class=\"wrapper-featured-image\">\n\t\t<figure class=\"spotlightImg\">\n\n\t\t\t<picture>\n\t\t\t\t<source media=\"(max-width: 768px)\" srcset=\"https:\/\/files.sunoresearch.com.br\/n\/uploads\/2019\/02\/2a46eae1-presid\u00eancia-do-senado-400x200.webp\">\n\t\t\t\t<img loading=\"lazy\" decoding=\"async\" class=\"newsContent__article__imgCapa lazyloadDisabled newsContent__article__imgCapa--noCaption\" src=\"https:\/\/files.sunoresearch.com.br\/n\/uploads\/2019\/02\/2a46eae1-presid\u00eancia-do-senado-800x450.webp\" width=\"800\" height=\"450\" alt=\"A seguir: Elei\u00e7\u00f5es do Senado e Resultados Trimestrais\" fetchpriority=high \/>\n\t\t\t<\/picture>\n\n\t\t\t<figcaption class=\"wp-caption-text wp-caption-text--hide\">Toffoli determinou que a vota\u00e7\u00e3o da Presid\u00eancia do Senado fosse secreta<\/figcaption>\n\t\t<\/figure>\n\t<\/div>\n\n<h2>O que deve movimentar a semana no Brasil<\/h2>\n\n<p><strong><span style=\"font-size: 1.21429rem;\">Elei\u00e7\u00e3o na C\u00e2mara e no Senado<\/span><\/strong><\/p>\n<p><span style=\"font-size: 1.21429rem;\">Na c\u00e2mara, Rodrigo Maia foi reeleito, enquanto que ap\u00f3s uma s\u00e9rie de eventos inesperados, incluindo a desist\u00eancia da candidatura do favorito Renan Calheiros, Davi Alcolumbre foi eleito para a presid\u00eancia do Senado.<\/span><\/p>\n<p><a href=\"https:\/\/www.suno.com.br\/noticias\/davi-alcolumbre-novo-presidente-senado\/\">Veja mais: Com 42 votos, Davi Alcolumbre \u00e9 o novo presidente do Senado Federal\u00a0<\/a><\/p>\n<p>A vit\u00f3ria de Maia j\u00e1 estava no radar, mas a elei\u00e7\u00e3o de Alcolumbre foi um evento n\u00e3o esperado, que fortalece a influ\u00eancia de \u00d4nix Lorenzoni (Ministro Chefe da Casa Civil), e que enfraquece Paulo Guedes dentro da base do governo.<\/p>\n<p>De modo geral, podemos esperar um movimento por parte do governo para que a agenda da reforma da previd\u00eancia seja levada adiante o quanto antes, visto que n\u00e3o s\u00f3 se trata de uma promessa de campanha, como por ser um assunto delicado, exige muito capital pol\u00edtico que tende a se deteriorar a medida que o mandato avan\u00e7a e conflitos internos surgem.<\/p>\n<p><a href=\"https:\/\/www.suno.com.br\/noticias\/goveradores-estados-reforma-previdencia\/\">Veja mais:\u00a0Para apoiar reforma da Previd\u00eancia, governadores querem demandas atendidas\u00a0<\/a><\/p>\n<hr \/>\n<p><strong>Temporada de resultados com Ita\u00fa e Porto Seguro<\/strong><\/p>\n<p>Saindo do cen\u00e1rio pol\u00edtico e voltando aos resultados de mercado, grandes empresas devem liberar resultados nessa semana.<\/p>\n<p>Entre os principais destaques encontram-se o Banco Ita\u00fa (ITUB3\/ITUB4), o Banco ABC (ABCB4), a Porto Seguro (PSSA3), Klabin (KLBN3\/KLBN4\/KLBN11) e Lojas Renner (LREN3).<\/p>\n<p>Como sempre, devemos seguir acompanhando os principais destaques por meio dos nossos relat\u00f3rios semanais e do Radar do Mercado.<\/p>\n<hr \/>\n<h2>O que deve movimentar o mundo essa semana<\/h2>\n<hr \/>\n<p><strong>Discurso de Trump &#8211; State Of The Union<\/strong><\/p>\n<p>Nos EUA, Donald Trump deve realizar o seu discurso anual: o \u201cState of The Union\u201d, na ter\u00e7a-feira \u00e0s 09:00 (ET).<\/p>\n<p>Nele, Trump deve abordar os seus recentes conflitos com o Partido Democrata sobre a constru\u00e7\u00e3o do muro na fronteira com o M\u00e9xico.<\/p>\n<p>Ainda estamos distantes de uma clarifica\u00e7\u00e3o a respeito da habilidade de ambos os partidos chegarem a um acordo, por isso o discurso pode ser um importante indicador de tend\u00eancias conciliadoras ou escalada dos conflitos.<\/p>\n<p>Ainda nos EUA dois outros eventos s\u00e3o destaque.<\/p>\n<hr \/>\n<p><strong>Discurso do FED<\/strong><\/p>\n<p>O primeiro deles \u00e9 a fala de diversos representantes do FED, a come\u00e7ar por Jerome Powell, que deve falar na quarta-feira.<\/p>\n<p>Al\u00e9m disso, o presidente do FED de Cleveland e Richard Clarida, vice-presidente do FED, devem dar insights valiosos sobre o futuro da pol\u00edtica de juros americana.<\/p>\n<p>Na semana passada o FED manteve a taxa de juros americana est\u00e1vel e se comprometeu a ser paciente a respeito de novas altas.<\/p>\n<hr \/>\n<p><strong>Temporada de Resultados nos EUA<\/strong><\/p>\n<p>Al\u00e9m disso, continuamos atentos a temporada de resultados, com v\u00e1rias gigantes liberando seus dados referentes ao 4T18 nessa semana.<\/p>\n<p>Entre os principais destaques est\u00e3o Google e Disney.<\/p>\n<p>Al\u00e9m disso outras empresas como a GM, Twitter e Match Group tamb\u00e9m devem liberar seus resultados.<\/p>\n<p>Alguns desses devem ser comentados para os assinantes do plano Suno Internacional.<\/p>\n<hr \/>\n<p><strong>Conflitos na Venezuela<\/strong><\/p>\n<p>Voltando para a Am\u00e9rica Latina, na semana passada o general da aeron\u00e1utica da Venezuela Francisco Y\u00e1nez declarou seu apoio a Juan Guaid\u00f3, que se auto proclamou presidente interino da Venezuela no \u00faltimo dia 23 de janeiro.<\/p>\n<p><a href=\"https:\/\/www.suno.com.br\/noticias\/guaido-china-russia\/\">Vejam Mais:\u00a0Guaid\u00f3 diz que troca de governo na Venezuela favorecer\u00e1 China e R\u00fassia\u00a0\u00a0<\/a><\/p>\n<p>Os conflitos no pa\u00eds vizinho j\u00e1 causaram influ\u00eancia e movimentos migrat\u00f3rios para o Brasil nos \u00faltimos meses.<\/p>\n<p>E o desenrolar da situa\u00e7\u00e3o com a possibilidade de um conflito civil \u00e9 um \u00e9 um evento relevante de ser acompanhado.<\/p>\n","protected":false},"excerpt":{"rendered":"<p>O que deve movimentar a semana no Brasil No Brasil os grandes destaques ficam divididos entre as elei\u00e7\u00f5es para presidente da C\u00e2mara e do Senado e o resultado de algumas empresas listadas. Toffoli determinou que a vota\u00e7\u00e3o da Presid\u00eancia do Senado fosse secreta O que deve movimentar a semana no Brasil Elei\u00e7\u00e3o na C\u00e2mara e [&hellip;]<\/p>\n","protected":false},"author":2,"featured_media":13923,"comment_status":"closed","ping_status":"closed","sticky":false,"template":"","format":"standard","meta":[],"categories":[60],"tags":[286,309,724,793],"suno_strategy":[],"class_list":["post-13991","post","type-post","status-publish","format-standard","has-post-thumbnail","hentry","category-mercado","tag-acoes","tag-bolsa-de-valores","tag-donald-trump","tag-estados-unidos-eua"],"yoast_head":"<!-- This site is optimized with the Yoast SEO plugin v24.4 - https:\/\/yoast.com\/wordpress\/plugins\/seo\/ -->\n<title>A seguir: Elei\u00e7\u00f5es do Senado e Resultados Trimestrais<\/title>\n<meta name=\"robots\" content=\"index, follow, max-snippet:-1, max-image-preview:large, max-video-preview:-1\" \/>\n<link rel=\"canonical\" href=\"https:\/\/www.suno.com.br\/noticias\/a-seguir-eleicoes-do-senado-e-resultados-trimestrais\/\" \/>\n<meta property=\"og:locale\" content=\"pt_BR\" \/>\n<meta property=\"og:type\" content=\"article\" \/>\n<meta property=\"og:title\" content=\"A seguir: Elei\u00e7\u00f5es do Senado e Resultados Trimestrais\" \/>\n<meta property=\"og:description\" content=\"O que deve movimentar a semana no Brasil No Brasil os grandes destaques ficam divididos entre as elei\u00e7\u00f5es para presidente da C\u00e2mara e do Senado e o resultado de algumas empresas listadas. Toffoli determinou que a vota\u00e7\u00e3o da Presid\u00eancia do Senado fosse secreta O que deve movimentar a semana no Brasil Elei\u00e7\u00e3o na C\u00e2mara e [&hellip;]\" \/>\n<meta property=\"og:url\" content=\"https:\/\/www.suno.com.br\/noticias\/a-seguir-eleicoes-do-senado-e-resultados-trimestrais\/\" \/>\n<meta property=\"og:site_name\" content=\"Suno Not\u00edcias\" \/>\n<meta property=\"article:publisher\" content=\"https:\/\/facebook.com\/sunoresearch\" \/>\n<meta property=\"article:author\" content=\"https:\/\/www.facebook.com\/joaovitor2763\" \/>\n<meta property=\"og:image\" content=\"https:\/\/files.sunoresearch.com.br\/n\/uploads\/2019\/02\/2a46eae1-presid\u00eancia-do-senado.jpg\" \/>\n\t<meta property=\"og:image:width\" content=\"860\" \/>\n\t<meta property=\"og:image:height\" content=\"570\" \/>\n\t<meta property=\"og:image:type\" content=\"image\/jpeg\" \/>\n<meta name=\"author\" content=\"Jo\u00e3o Vitor Chaves Silva\" \/>\n<meta name=\"twitter:card\" content=\"summary_large_image\" \/>\n<meta name=\"twitter:creator\" content=\"@https:\/\/twitter.com\/joaovitor2763\" \/>\n<meta name=\"twitter:site\" content=\"@sunoresearch\" \/>\n<meta name=\"twitter:label1\" content=\"Escrito por\" \/>\n\t<meta name=\"twitter:data1\" content=\"Jo\u00e3o Vitor Chaves Silva\" \/>\n\t<meta name=\"twitter:label2\" content=\"Est. tempo de leitura\" \/>\n\t<meta name=\"twitter:data2\" content=\"3 minutos\" \/>\n<script type=\"application\/ld+json\" class=\"yoast-schema-graph\">{\"@context\":\"https:\/\/schema.org\",\"@graph\":[{\"@type\":\"NewsArticle\",\"@id\":\"https:\/\/www.suno.com.br\/noticias\/a-seguir-eleicoes-do-senado-e-resultados-trimestrais\/#article\",\"isPartOf\":{\"@id\":\"https:\/\/www.suno.com.br\/noticias\/a-seguir-eleicoes-do-senado-e-resultados-trimestrais\/\"},\"author\":{\"name\":\"Jo\u00e3o Vitor Chaves Silva\",\"@id\":\"https:\/\/www.suno.com.br\/noticias\/#\/schema\/person\/962c5e214a16b408badbd2e3e889decc\"},\"headline\":\"A seguir: Elei\u00e7\u00f5es do Senado e Resultados Trimestrais\",\"datePublished\":\"2019-02-03T19:28:04+00:00\",\"dateModified\":\"2021-02-18T20:54:05+00:00\",\"mainEntityOfPage\":{\"@id\":\"https:\/\/www.suno.com.br\/noticias\/a-seguir-eleicoes-do-senado-e-resultados-trimestrais\/\"},\"wordCount\":636,\"publisher\":{\"@id\":\"https:\/\/www.suno.com.br\/noticias\/#organization\"},\"image\":{\"@id\":\"https:\/\/www.suno.com.br\/noticias\/a-seguir-eleicoes-do-senado-e-resultados-trimestrais\/#primaryimage\"},\"thumbnailUrl\":\"https:\/\/files.sunoresearch.com.br\/n\/uploads\/2019\/02\/2a46eae1-presid\u00eancia-do-senado-jpg.webp\",\"keywords\":[\"A\u00e7\u00f5es\",\"Bolsa de Valores\",\"Donald Trump\",\"Estados Unidos (EUA)\"],\"articleSection\":[\"Mercado\"],\"inLanguage\":\"pt-BR\"},{\"@type\":\"WebPage\",\"@id\":\"https:\/\/www.suno.com.br\/noticias\/a-seguir-eleicoes-do-senado-e-resultados-trimestrais\/\",\"url\":\"https:\/\/www.suno.com.br\/noticias\/a-seguir-eleicoes-do-senado-e-resultados-trimestrais\/\",\"name\":\"A seguir: Elei\u00e7\u00f5es do Senado e Resultados Trimestrais\",\"isPartOf\":{\"@id\":\"https:\/\/www.suno.com.br\/noticias\/#website\"},\"primaryImageOfPage\":{\"@id\":\"https:\/\/www.suno.com.br\/noticias\/a-seguir-eleicoes-do-senado-e-resultados-trimestrais\/#primaryimage\"},\"image\":{\"@id\":\"https:\/\/www.suno.com.br\/noticias\/a-seguir-eleicoes-do-senado-e-resultados-trimestrais\/#primaryimage\"},\"thumbnailUrl\":\"https:\/\/files.sunoresearch.com.br\/n\/uploads\/2019\/02\/2a46eae1-presid\u00eancia-do-senado-jpg.webp\",\"datePublished\":\"2019-02-03T19:28:04+00:00\",\"dateModified\":\"2021-02-18T20:54:05+00:00\",\"breadcrumb\":{\"@id\":\"https:\/\/www.suno.com.br\/noticias\/a-seguir-eleicoes-do-senado-e-resultados-trimestrais\/#breadcrumb\"},\"inLanguage\":\"pt-BR\",\"potentialAction\":[{\"@type\":\"ReadAction\",\"target\":[\"https:\/\/www.suno.com.br\/noticias\/a-seguir-eleicoes-do-senado-e-resultados-trimestrais\/\"]}]},{\"@type\":\"ImageObject\",\"inLanguage\":\"pt-BR\",\"@id\":\"https:\/\/www.suno.com.br\/noticias\/a-seguir-eleicoes-do-senado-e-resultados-trimestrais\/#primaryimage\",\"url\":\"https:\/\/files.sunoresearch.com.br\/n\/uploads\/2019\/02\/2a46eae1-presid\u00eancia-do-senado-jpg.webp\",\"contentUrl\":\"https:\/\/files.sunoresearch.com.br\/n\/uploads\/2019\/02\/2a46eae1-presid\u00eancia-do-senado-jpg.webp\",\"width\":860,\"height\":570,\"caption\":\"Toffoli determinou que a vota\u00e7\u00e3o da Presid\u00eancia do Senado fosse secreta\"},{\"@type\":\"BreadcrumbList\",\"@id\":\"https:\/\/www.suno.com.br\/noticias\/a-seguir-eleicoes-do-senado-e-resultados-trimestrais\/#breadcrumb\",\"itemListElement\":[{\"@type\":\"ListItem\",\"position\":1,\"name\":\"Not\u00edcias\",\"item\":\"https:\/\/www.suno.com.br\/noticias\/\"},{\"@type\":\"ListItem\",\"position\":2,\"name\":\"Mercado\",\"item\":\"https:\/\/www.suno.com.br\/noticias\/mercado\/\"},{\"@type\":\"ListItem\",\"position\":3,\"name\":\"A seguir: Elei\u00e7\u00f5es do Senado e Resultados Trimestrais\"}]},{\"@type\":\"WebSite\",\"@id\":\"https:\/\/www.suno.com.br\/noticias\/#website\",\"url\":\"https:\/\/www.suno.com.br\/noticias\/\",\"name\":\"Suno Not\u00edcias\",\"description\":\"Seu portal de informa\u00e7\u00e3o sobre o mundo dos investimentos\",\"publisher\":{\"@id\":\"https:\/\/www.suno.com.br\/noticias\/#organization\"},\"potentialAction\":[{\"@type\":\"SearchAction\",\"target\":{\"@type\":\"EntryPoint\",\"urlTemplate\":\"https:\/\/www.suno.com.br\/noticias\/?s={search_term_string}\"},\"query-input\":{\"@type\":\"PropertyValueSpecification\",\"valueRequired\":true,\"valueName\":\"search_term_string\"}}],\"inLanguage\":\"pt-BR\"},{\"@type\":\"Organization\",\"@id\":\"https:\/\/www.suno.com.br\/noticias\/#organization\",\"name\":\"Suno Not\u00edcias\",\"url\":\"https:\/\/www.suno.com.br\/noticias\/\",\"logo\":{\"@type\":\"ImageObject\",\"inLanguage\":\"pt-BR\",\"@id\":\"https:\/\/www.suno.com.br\/noticias\/#\/schema\/logo\/image\/\",\"url\":\"https:\/\/files.sunoresearch.com.br\/n\/uploads\/2021\/09\/suno-logo.png\",\"contentUrl\":\"https:\/\/files.sunoresearch.com.br\/n\/uploads\/2021\/09\/suno-logo.png\",\"width\":180,\"height\":180,\"caption\":\"Suno Not\u00edcias\"},\"image\":{\"@id\":\"https:\/\/www.suno.com.br\/noticias\/#\/schema\/logo\/image\/\"},\"sameAs\":[\"https:\/\/facebook.com\/sunoresearch\",\"https:\/\/x.com\/sunoresearch\",\"https:\/\/www.instagram.com\/suno\",\"https:\/\/www.linkedin.com\/company\/suno-research\/\",\"https:\/\/www.youtube.com\/c\/sunoresearch\"]},{\"@type\":\"Person\",\"@id\":\"https:\/\/www.suno.com.br\/noticias\/#\/schema\/person\/962c5e214a16b408badbd2e3e889decc\",\"name\":\"Jo\u00e3o Vitor Chaves Silva\",\"image\":{\"@type\":\"ImageObject\",\"inLanguage\":\"pt-BR\",\"@id\":\"https:\/\/www.suno.com.br\/noticias\/#\/schema\/person\/image\/\",\"url\":\"https:\/\/secure.gravatar.com\/avatar\/e2e62d3d83007a9c98150149e35d1c78?s=96&r=g\",\"contentUrl\":\"https:\/\/secure.gravatar.com\/avatar\/e2e62d3d83007a9c98150149e35d1c78?s=96&r=g\",\"caption\":\"Jo\u00e3o Vitor Chaves Silva\"},\"description\":\"Fundador do Empreenda Junto, 2\u00ba\u00a0Maior comunidade online de empreendedores do Brasil, 1\u00ba\u00a0Brasileiro e Pessoa mais jovem a receber o t\u00edtulo de Teacher Of New Ventures And Leadership pelo MIT GEB, COO da Suno Research.\",\"sameAs\":[\"https:\/\/www.suno.com.br\",\"https:\/\/www.facebook.com\/joaovitor2763\",\"https:\/\/x.com\/https:\/\/twitter.com\/joaovitor2763\"],\"url\":\"https:\/\/www.suno.com.br\/noticias\/author\/joao-vitor\/\"}]}<\/script>\n<!-- \/ Yoast SEO plugin. -->","yoast_head_json":{"title":"A seguir: Elei\u00e7\u00f5es do Senado e Resultados Trimestrais","robots":{"index":"index","follow":"follow","max-snippet":"max-snippet:-1","max-image-preview":"max-image-preview:large","max-video-preview":"max-video-preview:-1"},"canonical":"https:\/\/www.suno.com.br\/noticias\/a-seguir-eleicoes-do-senado-e-resultados-trimestrais\/","og_locale":"pt_BR","og_type":"article","og_title":"A seguir: Elei\u00e7\u00f5es do Senado e Resultados Trimestrais","og_description":"O que deve movimentar a semana no Brasil No Brasil os grandes destaques ficam divididos entre as elei\u00e7\u00f5es para presidente da C\u00e2mara e do Senado e o resultado de algumas empresas listadas. Toffoli determinou que a vota\u00e7\u00e3o da Presid\u00eancia do Senado fosse secreta O que deve movimentar a semana no Brasil Elei\u00e7\u00e3o na C\u00e2mara e [&hellip;]","og_url":"https:\/\/www.suno.com.br\/noticias\/a-seguir-eleicoes-do-senado-e-resultados-trimestrais\/","og_site_name":"Suno Not\u00edcias","article_publisher":"https:\/\/facebook.com\/sunoresearch","article_author":"https:\/\/www.facebook.com\/joaovitor2763","og_image":[{"width":860,"height":570,"url":"https:\/\/files.sunoresearch.com.br\/n\/uploads\/2019\/02\/2a46eae1-presid\u00eancia-do-senado.jpg","type":"image\/jpeg"}],"author":"Jo\u00e3o Vitor Chaves Silva","twitter_card":"summary_large_image","twitter_creator":"@https:\/\/twitter.com\/joaovitor2763","twitter_site":"@sunoresearch","twitter_misc":{"Escrito por":"Jo\u00e3o Vitor Chaves Silva","Est. tempo de leitura":"3 minutos"},"schema":{"@context":"https:\/\/schema.org","@graph":[{"@type":"NewsArticle","@id":"https:\/\/www.suno.com.br\/noticias\/a-seguir-eleicoes-do-senado-e-resultados-trimestrais\/#article","isPartOf":{"@id":"https:\/\/www.suno.com.br\/noticias\/a-seguir-eleicoes-do-senado-e-resultados-trimestrais\/"},"author":{"name":"Jo\u00e3o Vitor Chaves Silva","@id":"https:\/\/www.suno.com.br\/noticias\/#\/schema\/person\/962c5e214a16b408badbd2e3e889decc"},"headline":"A seguir: Elei\u00e7\u00f5es do Senado e Resultados Trimestrais","datePublished":"2019-02-03T19:28:04+00:00","dateModified":"2021-02-18T20:54:05+00:00","mainEntityOfPage":{"@id":"https:\/\/www.suno.com.br\/noticias\/a-seguir-eleicoes-do-senado-e-resultados-trimestrais\/"},"wordCount":636,"publisher":{"@id":"https:\/\/www.suno.com.br\/noticias\/#organization"},"image":{"@id":"https:\/\/www.suno.com.br\/noticias\/a-seguir-eleicoes-do-senado-e-resultados-trimestrais\/#primaryimage"},"thumbnailUrl":"https:\/\/files.sunoresearch.com.br\/n\/uploads\/2019\/02\/2a46eae1-presid\u00eancia-do-senado-jpg.webp","keywords":["A\u00e7\u00f5es","Bolsa de Valores","Donald Trump","Estados Unidos (EUA)"],"articleSection":["Mercado"],"inLanguage":"pt-BR"},{"@type":"WebPage","@id":"https:\/\/www.suno.com.br\/noticias\/a-seguir-eleicoes-do-senado-e-resultados-trimestrais\/","url":"https:\/\/www.suno.com.br\/noticias\/a-seguir-eleicoes-do-senado-e-resultados-trimestrais\/","name":"A seguir: Elei\u00e7\u00f5es do Senado e Resultados Trimestrais","isPartOf":{"@id":"https:\/\/www.suno.com.br\/noticias\/#website"},"primaryImageOfPage":{"@id":"https:\/\/www.suno.com.br\/noticias\/a-seguir-eleicoes-do-senado-e-resultados-trimestrais\/#primaryimage"},"image":{"@id":"https:\/\/www.suno.com.br\/noticias\/a-seguir-eleicoes-do-senado-e-resultados-trimestrais\/#primaryimage"},"thumbnailUrl":"https:\/\/files.sunoresearch.com.br\/n\/uploads\/2019\/02\/2a46eae1-presid\u00eancia-do-senado-jpg.webp","datePublished":"2019-02-03T19:28:04+00:00","dateModified":"2021-02-18T20:54:05+00:00","breadcrumb":{"@id":"https:\/\/www.suno.com.br\/noticias\/a-seguir-eleicoes-do-senado-e-resultados-trimestrais\/#breadcrumb"},"inLanguage":"pt-BR","potentialAction":[{"@type":"ReadAction","target":["https:\/\/www.suno.com.br\/noticias\/a-seguir-eleicoes-do-senado-e-resultados-trimestrais\/"]}]},{"@type":"ImageObject","inLanguage":"pt-BR","@id":"https:\/\/www.suno.com.br\/noticias\/a-seguir-eleicoes-do-senado-e-resultados-trimestrais\/#primaryimage","url":"https:\/\/files.sunoresearch.com.br\/n\/uploads\/2019\/02\/2a46eae1-presid\u00eancia-do-senado-jpg.webp","contentUrl":"https:\/\/files.sunoresearch.com.br\/n\/uploads\/2019\/02\/2a46eae1-presid\u00eancia-do-senado-jpg.webp","width":860,"height":570,"caption":"Toffoli determinou que a vota\u00e7\u00e3o da Presid\u00eancia do Senado fosse secreta"},{"@type":"BreadcrumbList","@id":"https:\/\/www.suno.com.br\/noticias\/a-seguir-eleicoes-do-senado-e-resultados-trimestrais\/#breadcrumb","itemListElement":[{"@type":"ListItem","position":1,"name":"Not\u00edcias","item":"https:\/\/www.suno.com.br\/noticias\/"},{"@type":"ListItem","position":2,"name":"Mercado","item":"https:\/\/www.suno.com.br\/noticias\/mercado\/"},{"@type":"ListItem","position":3,"name":"A seguir: Elei\u00e7\u00f5es do Senado e Resultados Trimestrais"}]},{"@type":"WebSite","@id":"https:\/\/www.suno.com.br\/noticias\/#website","url":"https:\/\/www.suno.com.br\/noticias\/","name":"Suno Not\u00edcias","description":"Seu portal de informa\u00e7\u00e3o sobre o mundo dos investimentos","publisher":{"@id":"https:\/\/www.suno.com.br\/noticias\/#organization"},"potentialAction":[{"@type":"SearchAction","target":{"@type":"EntryPoint","urlTemplate":"https:\/\/www.suno.com.br\/noticias\/?s={search_term_string}"},"query-input":{"@type":"PropertyValueSpecification","valueRequired":true,"valueName":"search_term_string"}}],"inLanguage":"pt-BR"},{"@type":"Organization","@id":"https:\/\/www.suno.com.br\/noticias\/#organization","name":"Suno Not\u00edcias","url":"https:\/\/www.suno.com.br\/noticias\/","logo":{"@type":"ImageObject","inLanguage":"pt-BR","@id":"https:\/\/www.suno.com.br\/noticias\/#\/schema\/logo\/image\/","url":"https:\/\/files.sunoresearch.com.br\/n\/uploads\/2021\/09\/suno-logo.png","contentUrl":"https:\/\/files.sunoresearch.com.br\/n\/uploads\/2021\/09\/suno-logo.png","width":180,"height":180,"caption":"Suno Not\u00edcias"},"image":{"@id":"https:\/\/www.suno.com.br\/noticias\/#\/schema\/logo\/image\/"},"sameAs":["https:\/\/facebook.com\/sunoresearch","https:\/\/x.com\/sunoresearch","https:\/\/www.instagram.com\/suno","https:\/\/www.linkedin.com\/company\/suno-research\/","https:\/\/www.youtube.com\/c\/sunoresearch"]},{"@type":"Person","@id":"https:\/\/www.suno.com.br\/noticias\/#\/schema\/person\/962c5e214a16b408badbd2e3e889decc","name":"Jo\u00e3o Vitor Chaves Silva","image":{"@type":"ImageObject","inLanguage":"pt-BR","@id":"https:\/\/www.suno.com.br\/noticias\/#\/schema\/person\/image\/","url":"https:\/\/secure.gravatar.com\/avatar\/e2e62d3d83007a9c98150149e35d1c78?s=96&r=g","contentUrl":"https:\/\/secure.gravatar.com\/avatar\/e2e62d3d83007a9c98150149e35d1c78?s=96&r=g","caption":"Jo\u00e3o Vitor Chaves Silva"},"description":"Fundador do Empreenda Junto, 2\u00ba\u00a0Maior comunidade online de empreendedores do Brasil, 1\u00ba\u00a0Brasileiro e Pessoa mais jovem a receber o t\u00edtulo de Teacher Of New Ventures And Leadership pelo MIT GEB, COO da Suno Research.","sameAs":["https:\/\/www.suno.com.br","https:\/\/www.facebook.com\/joaovitor2763","https:\/\/x.com\/https:\/\/twitter.com\/joaovitor2763"],"url":"https:\/\/www.suno.com.br\/noticias\/author\/joao-vitor\/"}]}},"default_loop_html":"<div class=\"cardsPage__listCard__boxs\"><div class=\"cardsPage__listCard__boxs__img\"><a href=\"https:\/\/www.suno.com.br\/noticias\/a-seguir-eleicoes-do-senado-e-resultados-trimestrais\/\"><img class=\"mask\" src=\"https:\/\/www.suno.com.br\/noticias\/wp-content\/themes\/suno\/resources\/images\/spotlight\/spotlight1img\/bg-mask.png\" alt=\"Image Mask\"\/><img src=\"https:\/\/files.sunoresearch.com.br\/n\/uploads\/2019\/02\/2a46eae1-presid\u00eancia-do-senado-400x200.webp\" alt=\"A seguir: Elei\u00e7\u00f5es do Senado e Resultados Trimestrais\"\/><\/a><span class=\"spotlightCategory\"><a href=\"https:\/\/www.suno.com.br\/noticias\/mercado\/\">Mercado<\/a><\/span><\/div><div class=\"cardsPage__listCard__boxs__content\"><a href=\"https:\/\/www.suno.com.br\/noticias\/a-seguir-eleicoes-do-senado-e-resultados-trimestrais\/\"><h2 class=\"content__title\">A seguir: Elei\u00e7\u00f5es do Senado e Resultados Trimestrais<\/h2><\/a><div class=\"newsContent__article__meta\"><div class=\"newsContent__article__meta__authorBox\"><a href=\"https:\/\/www.suno.com.br\/noticias\/author\/joao-vitor\/\" class=\"authorBox__avatar noMobi\"><img src=\"https:\/\/secure.gravatar.com\/avatar\/e2e62d3d83007a9c98150149e35d1c78?s=96&#038;r=g\" alt=\"Jo\u00e3o Vitor Chaves Silva\"><\/a><div class=\"authorBox__name\"><span>por\n\t\t\t<a href=\"https:\/\/www.suno.com.br\/noticias\/author\/joao-vitor\/\"><span itemprop=\"author\">Jo\u00e3o Vitor Chaves Silva<\/span><\/a><\/span><time datetime=\"2019-02-03T17:28:04-02:00\" itemprop=\"datePublished\">03\/02\/2019 17:28<\/time><\/div><\/div><\/div><\/div><\/div>","single_layout":"posts","amp_enabled":true,"_links":{"self":[{"href":"https:\/\/www.suno.com.br\/noticias\/wp-json\/wp\/v2\/posts\/13991"}],"collection":[{"href":"https:\/\/www.suno.com.br\/noticias\/wp-json\/wp\/v2\/posts"}],"about":[{"href":"https:\/\/www.suno.com.br\/noticias\/wp-json\/wp\/v2\/types\/post"}],"author":[{"embeddable":true,"href":"https:\/\/www.suno.com.br\/noticias\/wp-json\/wp\/v2\/users\/2"}],"replies":[{"embeddable":true,"href":"https:\/\/www.suno.com.br\/noticias\/wp-json\/wp\/v2\/comments?post=13991"}],"version-history":[{"count":0,"href":"https:\/\/www.suno.com.br\/noticias\/wp-json\/wp\/v2\/posts\/13991\/revisions"}],"wp:featuredmedia":[{"embeddable":true,"href":"https:\/\/www.suno.com.br\/noticias\/wp-json\/wp\/v2\/media\/13923"}],"wp:attachment":[{"href":"https:\/\/www.suno.com.br\/noticias\/wp-json\/wp\/v2\/media?parent=13991"}],"wp:term":[{"taxonomy":"category","embeddable":true,"href":"https:\/\/www.suno.com.br\/noticias\/wp-json\/wp\/v2\/categories?post=13991"},{"taxonomy":"post_tag","embeddable":true,"href":"https:\/\/www.suno.com.br\/noticias\/wp-json\/wp\/v2\/tags?post=13991"},{"taxonomy":"suno_strategy","embeddable":true,"href":"https:\/\/www.suno.com.br\/noticias\/wp-json\/wp\/v2\/suno_strategy?post=13991"}],"curies":[{"name":"wp","href":"https:\/\/api.w.org\/{rel}","templated":true}]}}