{"id":139858,"date":"2021-04-15T16:03:34","date_gmt":"2021-04-15T19:03:34","guid":{"rendered":"https:\/\/www.suno.com.br\/noticias\/?p=139858"},"modified":"2021-04-15T16:03:34","modified_gmt":"2021-04-15T19:03:34","slug":"imunizados-vacina-pfizer-pfiz34-3-dose","status":"publish","type":"post","link":"https:\/\/www.suno.com.br\/noticias\/imunizados-vacina-pfizer-pfiz34-3-dose\/","title":{"rendered":"Imunizados com a vacina da Pfizer (PFIZ34) devem precisar de 3\u00aa dose, diz empresa"},"content":{"rendered":"<p>Os imunizados com a vacina contra o coronav\u00edrus (covid-19) da <strong>Pfizer (PFIZ34)\u00a0<\/strong>&#8220;provavelmente&#8221; v\u00e3o precisar de uma dose de refor\u00e7o dentro de um ano ap\u00f3s serem vacinados, conforme informou o <a href=\"https:\/\/www.suno.com.br\/artigos\/ceo\/\">CEO da empresa, Albert Bourla,<\/a> nesta quinta-feira (15).<\/p>\t<div class=\"wrapper-featured-image\">\n\t\t<figure class=\"spotlightImg\">\n\n\t\t\t<picture>\n\t\t\t\t<source media=\"(max-width: 768px)\" srcset=\"https:\/\/files.sunoresearch.com.br\/n\/uploads\/2021\/03\/3ea7e1e8-pfizer-400x200.webp\">\n\t\t\t\t<img loading=\"lazy\" decoding=\"async\" class=\"newsContent__article__imgCapa lazyloadDisabled \" src=\"https:\/\/files.sunoresearch.com.br\/n\/uploads\/2021\/03\/3ea7e1e8-pfizer-800x450.webp\" width=\"800\" height=\"450\" alt=\"Imunizados com a vacina da Pfizer (PFIZ34) devem precisar de 3\u00aa dose, diz empresa\" fetchpriority=high \/>\n\t\t\t<\/picture>\n\n\t\t\t<figcaption class=\"wp-caption-text wp-caption-text--show\">Pfizer. Foto: Reprodu\u00e7\u00e3o Facebook<\/figcaption>\n\t\t<\/figure>\n\t<\/div>\n\n\n\t<p>\n\t\t<a href=\"https:\/\/lp.suno.com.br\/planilha-controle-gastos\/\" target=\"_blank\" data-element=\"shortcode-suno-banner\" title=\"Banner SUNO, clique e saiba mais\">\n\t\t\t<picture>\n\t\t\t\t<source media=\"(max-width: 500px)\" srcset=\"https:\/\/files.sunoresearch.com.br\/n\/uploads\/2023\/03\/400x300-Planilha-controle-de-gastos.png\">\n\t\t\t\t<img class=\"newsContent__article__imgCapa newsContent__article__imgCapa--banner\"\n\t\t\t\t\tsrc=\"https:\/\/files.sunoresearch.com.br\/n\/uploads\/2023\/03\/1420x240-Planilha-controle-de-gastos.png\"\n\t\t\t\t\tdata-promo-id=\"101751\"\t\t\t\t\t\t\t\t\t\twidth='1420' height='240'\t\t\t\t\talt=\"https:\/\/files.sunoresearch.com.br\/n\/uploads\/2023\/03\/1420x240-Planilha-controle-de-gastos.png\"\n\t\t\t\t>\n\t\t\t<\/picture>\n\t\t<\/a>\n\t<\/p>\n\n\n<p>O executivo da Pfizer acrescentou ainda que talvez as pessoas precisem ser vacinadas contra o novo v\u00edrus anualmente.<\/p>\n<p>\u201c\u00c9 extremamente importante suprimir o grupo de pessoas que podem ser suscet\u00edveis ao v\u00edrus\u201d, declarou Bourla nesta quinta-feira \u00e0 rede CNBC.<\/p>\n<p><a href=\"https:\/\/lp.suno.com.br\/suno-one\/\">Suno One: acesse gratuitamente eBooks, Minicursos, Artigos e V\u00eddeo Aulas sobre investimentos com um \u00fanico cadastro. Clique para saber mais!<\/a><\/p>\n<p>No in\u00edcio de abril deste ano, a farmac\u00eautica havia informado que sua vacina \u00e9 altamente eficaz seis meses ap\u00f3s a segunda dose.<\/p>\n<p><a href=\"https:\/\/www.suno.com.br\/noticias\/executivos-pfizer-moderna-novavax-stock-options\/\">Veja Tamb\u00e9m: Executivos da Pfizer, Moderna e Novavax j\u00e1 exerceram stock options por US$ 500 mi<\/a><\/p>\n<h2>Pfizer diz que entregar\u00e1 10% mais doses de vacina do que o previsto nos EUA<\/h2>\n\t<p>\n\t\t<a href=\"https:\/\/lp.suno.com.br\/planilha-da-vida-financeira\/\" target=\"_blank\" data-element=\"shortcode-suno-banner\" title=\"Banner SUNO, clique e saiba mais\">\n\t\t\t<picture>\n\t\t\t\t<source media=\"(max-width: 500px)\" srcset=\"https:\/\/files.sunoresearch.com.br\/n\/uploads\/2023\/04\/400x300-Planilha-vida-financeira-true.png\">\n\t\t\t\t<img class=\"newsContent__article__imgCapa newsContent__article__imgCapa--banner\"\n\t\t\t\t\tsrc=\"https:\/\/files.sunoresearch.com.br\/n\/uploads\/2023\/04\/1420x240-Planilha-vida-financeira-true.png\"\n\t\t\t\t\tdata-promo-id=\"106682\"\t\t\t\t\t\t\t\t\t\twidth='1420' height='240'\t\t\t\t\talt=\"https:\/\/files.sunoresearch.com.br\/n\/uploads\/2023\/04\/1420x240-Planilha-vida-financeira-true.png\"\n\t\t\t\t>\n\t\t\t<\/picture>\n\t\t<\/a>\n\t<\/p>\n\n\n<p>O CEO da Pfizer, Albert Bourla, informou na \u00faltima ter\u00e7a-feira (13) que a farmac\u00eautica norte-americana aumentou a produ\u00e7\u00e3o de sua vacina contra a covid-19 e, com isso, poder\u00e1 entregar aos Estados Unidos 10% mais doses do que o previsto at\u00e9 o final de maio deste ano.<\/p>\n<p>De acordo com o executivo, a empresa fornecer\u00e1 220 milh\u00f5es de imunizantes ao governo do presidente dos EUA, Joe Biden, at\u00e9 o final de maio.<\/p>\n<p><a href=\"https:\/\/www.suno.com.br\/noticias\/vacinas-pfizer-governo-comprara\/\">Veja Tamb\u00e9m: Governo comprar\u00e1 vacina dos laborat\u00f3rios Pfizer e Janssen, diz jornal<\/a><\/p>\n<p>Em julho, segundo Bourla, a companhia completar\u00e1 a entrega das 300 milh\u00f5es de doses da vacina acordadas com a Casa Branca.<\/p>\n<p>&#8220;Na luta contra a covid-19, estamos juntos&#8221;, escreveu o CEO em sua conta oficial no Twitter.<\/p>\n<h2>\u00daltima cota\u00e7\u00e3o Pfizer<\/h2>\n<p>O BDR da Pfizer (PFIZ34), por volta das 15h39 desta quinta-feira (15), registrava uma alta de 1,11%, cotado a R$ 53,03, ao passo que em Nova York, a empresa (<a href=\"https:\/\/www.suno.com.br\/artigos\/nyse\/\">NYSE<\/a>: PFE) subia aos US$ 37,87, em uma alta de 1,37%.<\/p>\n\t<p>\n\t\t<a href=\"https:\/\/lp.suno.com.br\/planilha-de-controle-de-investimentos\/\" target=\"_blank\" data-element=\"shortcode-suno-banner\" title=\"Banner SUNO, clique e saiba mais\">\n\t\t\t<picture>\n\t\t\t\t<source media=\"(max-width: 500px)\" srcset=\"https:\/\/files.sunoresearch.com.br\/n\/uploads\/2023\/03\/400x300-Controle-de-Investimentos.png\">\n\t\t\t\t<img class=\"newsContent__article__imgCapa newsContent__article__imgCapa--banner\"\n\t\t\t\t\tsrc=\"https:\/\/files.sunoresearch.com.br\/n\/uploads\/2023\/03\/1420x240-Controle-de-Investimentos.png\"\n\t\t\t\t\tdata-promo-id=\"75934\"\t\t\t\t\t\t\t\t\t\twidth='1420' height='240'\t\t\t\t\talt=\"https:\/\/files.sunoresearch.com.br\/n\/uploads\/2023\/03\/1420x240-Controle-de-Investimentos.png\"\n\t\t\t\t>\n\t\t\t<\/picture>\n\t\t<\/a>\n\t<\/p>\n\n\n<p>&nbsp;<\/p>\n","protected":false},"excerpt":{"rendered":"<p>Os imunizados com a vacina contra o coronav\u00edrus (covid-19) da Pfizer (PFIZ34)\u00a0&#8220;provavelmente&#8221; v\u00e3o precisar de uma dose de refor\u00e7o dentro de um ano ap\u00f3s serem vacinados, conforme informou o CEO da empresa, Albert Bourla, nesta quinta-feira (15). Pfizer. Foto: Reprodu\u00e7\u00e3o Facebook O executivo da Pfizer acrescentou ainda que talvez as pessoas precisem ser vacinadas contra [&hellip;]<\/p>\n","protected":false},"author":56,"featured_media":137088,"comment_status":"closed","ping_status":"closed","sticky":false,"template":"","format":"standard","meta":[],"categories":[64],"tags":[884],"suno_strategy":[],"class_list":["post-139858","post","type-post","status-publish","format-standard","has-post-thumbnail","hentry","category-negocios","tag-pfizer-pfiz34"],"yoast_head":"<!-- This site is optimized with the Yoast SEO plugin v24.4 - https:\/\/yoast.com\/wordpress\/plugins\/seo\/ -->\n<title>Imunizados com a vacina da Pfizer (PFIZ34) devem precisar de 3\u00aa dose<\/title>\n<meta name=\"description\" content=\"Os imunizados com a vacina da Pfizer\u00a0&quot;provavelmente&quot; v\u00e3o precisar de uma dose de refor\u00e7o em 1 ano ap\u00f3s serem vacinados. Clique aqui para saber mais.\" \/>\n<meta name=\"robots\" content=\"index, follow, max-snippet:-1, max-image-preview:large, max-video-preview:-1\" \/>\n<link rel=\"canonical\" href=\"https:\/\/www.suno.com.br\/noticias\/imunizados-vacina-pfizer-pfiz34-3-dose\/\" \/>\n<meta property=\"og:locale\" content=\"pt_BR\" \/>\n<meta property=\"og:type\" content=\"article\" \/>\n<meta property=\"og:title\" content=\"Imunizados com a vacina da Pfizer (PFIZ34) devem precisar de 3\u00aa dose\" \/>\n<meta property=\"og:description\" content=\"Os imunizados com a vacina da Pfizer\u00a0&quot;provavelmente&quot; v\u00e3o precisar de uma dose de refor\u00e7o em 1 ano ap\u00f3s serem vacinados. Clique aqui para saber mais.\" \/>\n<meta property=\"og:url\" content=\"https:\/\/www.suno.com.br\/noticias\/imunizados-vacina-pfizer-pfiz34-3-dose\/\" \/>\n<meta property=\"og:site_name\" content=\"Suno Not\u00edcias\" \/>\n<meta property=\"article:publisher\" content=\"https:\/\/facebook.com\/sunoresearch\" \/>\n<meta property=\"og:image\" content=\"https:\/\/files.sunoresearch.com.br\/n\/uploads\/2021\/03\/3ea7e1e8-pfizer.jpg\" \/>\n\t<meta property=\"og:image:width\" content=\"1000\" \/>\n\t<meta property=\"og:image:height\" content=\"1000\" \/>\n\t<meta property=\"og:image:type\" content=\"image\/jpeg\" \/>\n<meta name=\"author\" content=\"Rafaela La Regina\" \/>\n<meta name=\"twitter:card\" content=\"summary_large_image\" \/>\n<meta name=\"twitter:creator\" content=\"@sunoresearch\" \/>\n<meta name=\"twitter:site\" content=\"@sunoresearch\" \/>\n<meta name=\"twitter:label1\" content=\"Escrito por\" \/>\n\t<meta name=\"twitter:data1\" content=\"Rafaela La Regina\" \/>\n\t<meta name=\"twitter:label2\" content=\"Est. tempo de leitura\" \/>\n\t<meta name=\"twitter:data2\" content=\"2 minutos\" \/>\n<script type=\"application\/ld+json\" class=\"yoast-schema-graph\">{\"@context\":\"https:\/\/schema.org\",\"@graph\":[{\"@type\":\"NewsArticle\",\"@id\":\"https:\/\/www.suno.com.br\/noticias\/imunizados-vacina-pfizer-pfiz34-3-dose\/#article\",\"isPartOf\":{\"@id\":\"https:\/\/www.suno.com.br\/noticias\/imunizados-vacina-pfizer-pfiz34-3-dose\/\"},\"author\":{\"name\":\"Rafaela La Regina\",\"@id\":\"https:\/\/www.suno.com.br\/noticias\/#\/schema\/person\/e672ca8cea627fe715fa29bca7da95e0\"},\"headline\":\"Imunizados com a vacina da Pfizer (PFIZ34) devem precisar de 3\u00aa dose, diz empresa\",\"datePublished\":\"2021-04-15T19:03:34+00:00\",\"mainEntityOfPage\":{\"@id\":\"https:\/\/www.suno.com.br\/noticias\/imunizados-vacina-pfizer-pfiz34-3-dose\/\"},\"wordCount\":341,\"publisher\":{\"@id\":\"https:\/\/www.suno.com.br\/noticias\/#organization\"},\"image\":{\"@id\":\"https:\/\/www.suno.com.br\/noticias\/imunizados-vacina-pfizer-pfiz34-3-dose\/#primaryimage\"},\"thumbnailUrl\":\"https:\/\/files.sunoresearch.com.br\/n\/uploads\/2021\/03\/3ea7e1e8-pfizer-jpg.webp\",\"keywords\":[\"Pfizer (PFIZ34)\"],\"articleSection\":[\"Neg\u00f3cios\"],\"inLanguage\":\"pt-BR\"},{\"@type\":\"WebPage\",\"@id\":\"https:\/\/www.suno.com.br\/noticias\/imunizados-vacina-pfizer-pfiz34-3-dose\/\",\"url\":\"https:\/\/www.suno.com.br\/noticias\/imunizados-vacina-pfizer-pfiz34-3-dose\/\",\"name\":\"Imunizados com a vacina da Pfizer (PFIZ34) devem precisar de 3\u00aa dose\",\"isPartOf\":{\"@id\":\"https:\/\/www.suno.com.br\/noticias\/#website\"},\"primaryImageOfPage\":{\"@id\":\"https:\/\/www.suno.com.br\/noticias\/imunizados-vacina-pfizer-pfiz34-3-dose\/#primaryimage\"},\"image\":{\"@id\":\"https:\/\/www.suno.com.br\/noticias\/imunizados-vacina-pfizer-pfiz34-3-dose\/#primaryimage\"},\"thumbnailUrl\":\"https:\/\/files.sunoresearch.com.br\/n\/uploads\/2021\/03\/3ea7e1e8-pfizer-jpg.webp\",\"datePublished\":\"2021-04-15T19:03:34+00:00\",\"description\":\"Os imunizados com a vacina da Pfizer\u00a0\\\"provavelmente\\\" v\u00e3o precisar de uma dose de refor\u00e7o em 1 ano ap\u00f3s serem vacinados. Clique aqui para saber mais.\",\"breadcrumb\":{\"@id\":\"https:\/\/www.suno.com.br\/noticias\/imunizados-vacina-pfizer-pfiz34-3-dose\/#breadcrumb\"},\"inLanguage\":\"pt-BR\",\"potentialAction\":[{\"@type\":\"ReadAction\",\"target\":[\"https:\/\/www.suno.com.br\/noticias\/imunizados-vacina-pfizer-pfiz34-3-dose\/\"]}]},{\"@type\":\"ImageObject\",\"inLanguage\":\"pt-BR\",\"@id\":\"https:\/\/www.suno.com.br\/noticias\/imunizados-vacina-pfizer-pfiz34-3-dose\/#primaryimage\",\"url\":\"https:\/\/files.sunoresearch.com.br\/n\/uploads\/2021\/03\/3ea7e1e8-pfizer-jpg.webp\",\"contentUrl\":\"https:\/\/files.sunoresearch.com.br\/n\/uploads\/2021\/03\/3ea7e1e8-pfizer-jpg.webp\",\"width\":1000,\"height\":1000,\"caption\":\"Pfizer. Foto: Reprodu\u00e7\u00e3o Facebook\"},{\"@type\":\"BreadcrumbList\",\"@id\":\"https:\/\/www.suno.com.br\/noticias\/imunizados-vacina-pfizer-pfiz34-3-dose\/#breadcrumb\",\"itemListElement\":[{\"@type\":\"ListItem\",\"position\":1,\"name\":\"Not\u00edcias\",\"item\":\"https:\/\/www.suno.com.br\/noticias\/\"},{\"@type\":\"ListItem\",\"position\":2,\"name\":\"Neg\u00f3cios\",\"item\":\"https:\/\/www.suno.com.br\/noticias\/negocios\/\"},{\"@type\":\"ListItem\",\"position\":3,\"name\":\"Imunizados com a vacina da Pfizer (PFIZ34) devem precisar de 3\u00aa dose, diz empresa\"}]},{\"@type\":\"WebSite\",\"@id\":\"https:\/\/www.suno.com.br\/noticias\/#website\",\"url\":\"https:\/\/www.suno.com.br\/noticias\/\",\"name\":\"Suno Not\u00edcias\",\"description\":\"Seu portal de informa\u00e7\u00e3o sobre o mundo dos investimentos\",\"publisher\":{\"@id\":\"https:\/\/www.suno.com.br\/noticias\/#organization\"},\"potentialAction\":[{\"@type\":\"SearchAction\",\"target\":{\"@type\":\"EntryPoint\",\"urlTemplate\":\"https:\/\/www.suno.com.br\/noticias\/?s={search_term_string}\"},\"query-input\":{\"@type\":\"PropertyValueSpecification\",\"valueRequired\":true,\"valueName\":\"search_term_string\"}}],\"inLanguage\":\"pt-BR\"},{\"@type\":\"Organization\",\"@id\":\"https:\/\/www.suno.com.br\/noticias\/#organization\",\"name\":\"Suno Not\u00edcias\",\"url\":\"https:\/\/www.suno.com.br\/noticias\/\",\"logo\":{\"@type\":\"ImageObject\",\"inLanguage\":\"pt-BR\",\"@id\":\"https:\/\/www.suno.com.br\/noticias\/#\/schema\/logo\/image\/\",\"url\":\"https:\/\/files.sunoresearch.com.br\/n\/uploads\/2021\/09\/suno-logo.png\",\"contentUrl\":\"https:\/\/files.sunoresearch.com.br\/n\/uploads\/2021\/09\/suno-logo.png\",\"width\":180,\"height\":180,\"caption\":\"Suno Not\u00edcias\"},\"image\":{\"@id\":\"https:\/\/www.suno.com.br\/noticias\/#\/schema\/logo\/image\/\"},\"sameAs\":[\"https:\/\/facebook.com\/sunoresearch\",\"https:\/\/x.com\/sunoresearch\",\"https:\/\/www.instagram.com\/suno\",\"https:\/\/www.linkedin.com\/company\/suno-research\/\",\"https:\/\/www.youtube.com\/c\/sunoresearch\"]},{\"@type\":\"Person\",\"@id\":\"https:\/\/www.suno.com.br\/noticias\/#\/schema\/person\/e672ca8cea627fe715fa29bca7da95e0\",\"name\":\"Rafaela La Regina\",\"image\":{\"@type\":\"ImageObject\",\"inLanguage\":\"pt-BR\",\"@id\":\"https:\/\/www.suno.com.br\/noticias\/#\/schema\/person\/image\/\",\"url\":\"https:\/\/secure.gravatar.com\/avatar\/d2c75a52d243deb93d0465fdcb21bd37?s=96&r=g\",\"contentUrl\":\"https:\/\/secure.gravatar.com\/avatar\/d2c75a52d243deb93d0465fdcb21bd37?s=96&r=g\",\"caption\":\"Rafaela La Regina\"},\"description\":\"Estagi\u00e1ria no Suno Not\u00edcias. Escreve sobre economia, pol\u00edtica e neg\u00f3cios. Estuda Rela\u00e7\u00f5es Internacionais no IBMEC-SP.\",\"url\":\"https:\/\/www.suno.com.br\/noticias\/author\/rafaela-la-regina\/\"}]}<\/script>\n<!-- \/ Yoast SEO plugin. -->","yoast_head_json":{"title":"Imunizados com a vacina da Pfizer (PFIZ34) devem precisar de 3\u00aa dose","description":"Os imunizados com a vacina da Pfizer\u00a0\"provavelmente\" v\u00e3o precisar de uma dose de refor\u00e7o em 1 ano ap\u00f3s serem vacinados. Clique aqui para saber mais.","robots":{"index":"index","follow":"follow","max-snippet":"max-snippet:-1","max-image-preview":"max-image-preview:large","max-video-preview":"max-video-preview:-1"},"canonical":"https:\/\/www.suno.com.br\/noticias\/imunizados-vacina-pfizer-pfiz34-3-dose\/","og_locale":"pt_BR","og_type":"article","og_title":"Imunizados com a vacina da Pfizer (PFIZ34) devem precisar de 3\u00aa dose","og_description":"Os imunizados com a vacina da Pfizer\u00a0\"provavelmente\" v\u00e3o precisar de uma dose de refor\u00e7o em 1 ano ap\u00f3s serem vacinados. Clique aqui para saber mais.","og_url":"https:\/\/www.suno.com.br\/noticias\/imunizados-vacina-pfizer-pfiz34-3-dose\/","og_site_name":"Suno Not\u00edcias","article_publisher":"https:\/\/facebook.com\/sunoresearch","og_image":[{"width":1000,"height":1000,"url":"https:\/\/files.sunoresearch.com.br\/n\/uploads\/2021\/03\/3ea7e1e8-pfizer.jpg","type":"image\/jpeg"}],"author":"Rafaela La Regina","twitter_card":"summary_large_image","twitter_creator":"@sunoresearch","twitter_site":"@sunoresearch","twitter_misc":{"Escrito por":"Rafaela La Regina","Est. tempo de leitura":"2 minutos"},"schema":{"@context":"https:\/\/schema.org","@graph":[{"@type":"NewsArticle","@id":"https:\/\/www.suno.com.br\/noticias\/imunizados-vacina-pfizer-pfiz34-3-dose\/#article","isPartOf":{"@id":"https:\/\/www.suno.com.br\/noticias\/imunizados-vacina-pfizer-pfiz34-3-dose\/"},"author":{"name":"Rafaela La Regina","@id":"https:\/\/www.suno.com.br\/noticias\/#\/schema\/person\/e672ca8cea627fe715fa29bca7da95e0"},"headline":"Imunizados com a vacina da Pfizer (PFIZ34) devem precisar de 3\u00aa dose, diz empresa","datePublished":"2021-04-15T19:03:34+00:00","mainEntityOfPage":{"@id":"https:\/\/www.suno.com.br\/noticias\/imunizados-vacina-pfizer-pfiz34-3-dose\/"},"wordCount":341,"publisher":{"@id":"https:\/\/www.suno.com.br\/noticias\/#organization"},"image":{"@id":"https:\/\/www.suno.com.br\/noticias\/imunizados-vacina-pfizer-pfiz34-3-dose\/#primaryimage"},"thumbnailUrl":"https:\/\/files.sunoresearch.com.br\/n\/uploads\/2021\/03\/3ea7e1e8-pfizer-jpg.webp","keywords":["Pfizer (PFIZ34)"],"articleSection":["Neg\u00f3cios"],"inLanguage":"pt-BR"},{"@type":"WebPage","@id":"https:\/\/www.suno.com.br\/noticias\/imunizados-vacina-pfizer-pfiz34-3-dose\/","url":"https:\/\/www.suno.com.br\/noticias\/imunizados-vacina-pfizer-pfiz34-3-dose\/","name":"Imunizados com a vacina da Pfizer (PFIZ34) devem precisar de 3\u00aa dose","isPartOf":{"@id":"https:\/\/www.suno.com.br\/noticias\/#website"},"primaryImageOfPage":{"@id":"https:\/\/www.suno.com.br\/noticias\/imunizados-vacina-pfizer-pfiz34-3-dose\/#primaryimage"},"image":{"@id":"https:\/\/www.suno.com.br\/noticias\/imunizados-vacina-pfizer-pfiz34-3-dose\/#primaryimage"},"thumbnailUrl":"https:\/\/files.sunoresearch.com.br\/n\/uploads\/2021\/03\/3ea7e1e8-pfizer-jpg.webp","datePublished":"2021-04-15T19:03:34+00:00","description":"Os imunizados com a vacina da Pfizer\u00a0\"provavelmente\" v\u00e3o precisar de uma dose de refor\u00e7o em 1 ano ap\u00f3s serem vacinados. Clique aqui para saber mais.","breadcrumb":{"@id":"https:\/\/www.suno.com.br\/noticias\/imunizados-vacina-pfizer-pfiz34-3-dose\/#breadcrumb"},"inLanguage":"pt-BR","potentialAction":[{"@type":"ReadAction","target":["https:\/\/www.suno.com.br\/noticias\/imunizados-vacina-pfizer-pfiz34-3-dose\/"]}]},{"@type":"ImageObject","inLanguage":"pt-BR","@id":"https:\/\/www.suno.com.br\/noticias\/imunizados-vacina-pfizer-pfiz34-3-dose\/#primaryimage","url":"https:\/\/files.sunoresearch.com.br\/n\/uploads\/2021\/03\/3ea7e1e8-pfizer-jpg.webp","contentUrl":"https:\/\/files.sunoresearch.com.br\/n\/uploads\/2021\/03\/3ea7e1e8-pfizer-jpg.webp","width":1000,"height":1000,"caption":"Pfizer. Foto: Reprodu\u00e7\u00e3o Facebook"},{"@type":"BreadcrumbList","@id":"https:\/\/www.suno.com.br\/noticias\/imunizados-vacina-pfizer-pfiz34-3-dose\/#breadcrumb","itemListElement":[{"@type":"ListItem","position":1,"name":"Not\u00edcias","item":"https:\/\/www.suno.com.br\/noticias\/"},{"@type":"ListItem","position":2,"name":"Neg\u00f3cios","item":"https:\/\/www.suno.com.br\/noticias\/negocios\/"},{"@type":"ListItem","position":3,"name":"Imunizados com a vacina da Pfizer (PFIZ34) devem precisar de 3\u00aa dose, diz empresa"}]},{"@type":"WebSite","@id":"https:\/\/www.suno.com.br\/noticias\/#website","url":"https:\/\/www.suno.com.br\/noticias\/","name":"Suno Not\u00edcias","description":"Seu portal de informa\u00e7\u00e3o sobre o mundo dos investimentos","publisher":{"@id":"https:\/\/www.suno.com.br\/noticias\/#organization"},"potentialAction":[{"@type":"SearchAction","target":{"@type":"EntryPoint","urlTemplate":"https:\/\/www.suno.com.br\/noticias\/?s={search_term_string}"},"query-input":{"@type":"PropertyValueSpecification","valueRequired":true,"valueName":"search_term_string"}}],"inLanguage":"pt-BR"},{"@type":"Organization","@id":"https:\/\/www.suno.com.br\/noticias\/#organization","name":"Suno Not\u00edcias","url":"https:\/\/www.suno.com.br\/noticias\/","logo":{"@type":"ImageObject","inLanguage":"pt-BR","@id":"https:\/\/www.suno.com.br\/noticias\/#\/schema\/logo\/image\/","url":"https:\/\/files.sunoresearch.com.br\/n\/uploads\/2021\/09\/suno-logo.png","contentUrl":"https:\/\/files.sunoresearch.com.br\/n\/uploads\/2021\/09\/suno-logo.png","width":180,"height":180,"caption":"Suno Not\u00edcias"},"image":{"@id":"https:\/\/www.suno.com.br\/noticias\/#\/schema\/logo\/image\/"},"sameAs":["https:\/\/facebook.com\/sunoresearch","https:\/\/x.com\/sunoresearch","https:\/\/www.instagram.com\/suno","https:\/\/www.linkedin.com\/company\/suno-research\/","https:\/\/www.youtube.com\/c\/sunoresearch"]},{"@type":"Person","@id":"https:\/\/www.suno.com.br\/noticias\/#\/schema\/person\/e672ca8cea627fe715fa29bca7da95e0","name":"Rafaela La Regina","image":{"@type":"ImageObject","inLanguage":"pt-BR","@id":"https:\/\/www.suno.com.br\/noticias\/#\/schema\/person\/image\/","url":"https:\/\/secure.gravatar.com\/avatar\/d2c75a52d243deb93d0465fdcb21bd37?s=96&r=g","contentUrl":"https:\/\/secure.gravatar.com\/avatar\/d2c75a52d243deb93d0465fdcb21bd37?s=96&r=g","caption":"Rafaela La Regina"},"description":"Estagi\u00e1ria no Suno Not\u00edcias. Escreve sobre economia, pol\u00edtica e neg\u00f3cios. Estuda Rela\u00e7\u00f5es Internacionais no IBMEC-SP.","url":"https:\/\/www.suno.com.br\/noticias\/author\/rafaela-la-regina\/"}]}},"default_loop_html":"<div class=\"cardsPage__listCard__boxs\"><div class=\"cardsPage__listCard__boxs__img\"><a href=\"https:\/\/www.suno.com.br\/noticias\/imunizados-vacina-pfizer-pfiz34-3-dose\/\"><img class=\"mask\" src=\"https:\/\/www.suno.com.br\/noticias\/wp-content\/themes\/suno\/resources\/images\/spotlight\/spotlight1img\/bg-mask.png\" alt=\"Image Mask\"\/><img src=\"https:\/\/files.sunoresearch.com.br\/n\/uploads\/2021\/03\/3ea7e1e8-pfizer-400x200.webp\" alt=\"Imunizados com a vacina da Pfizer (PFIZ34) devem precisar de 3\u00aa dose, diz empresa\"\/><\/a><span class=\"spotlightCategory\"><a href=\"https:\/\/www.suno.com.br\/noticias\/negocios\/\">Neg\u00f3cios<\/a><\/span><\/div><div class=\"cardsPage__listCard__boxs__content\"><a href=\"https:\/\/www.suno.com.br\/noticias\/imunizados-vacina-pfizer-pfiz34-3-dose\/\"><h2 class=\"content__title\">Imunizados com a vacina da Pfizer (PFIZ34) devem precisar de 3\u00aa dose, diz empresa<\/h2><\/a><div class=\"newsContent__article__meta\"><div class=\"newsContent__article__meta__authorBox\"><a href=\"https:\/\/www.suno.com.br\/noticias\/author\/rafaela-la-regina\/\" class=\"authorBox__avatar noMobi\"><img src=\"https:\/\/secure.gravatar.com\/avatar\/d2c75a52d243deb93d0465fdcb21bd37?s=96&#038;r=g\" alt=\"Rafaela La Regina\"><\/a><div class=\"authorBox__name\"><span>por\n\t\t\t<a href=\"https:\/\/www.suno.com.br\/noticias\/author\/rafaela-la-regina\/\"><span itemprop=\"author\">Rafaela La Regina<\/span><\/a><\/span><time datetime=\"2021-04-15T16:03:34-03:00\" itemprop=\"datePublished\">15\/04\/2021 16:03<\/time><\/div><\/div><\/div><\/div><\/div>","single_layout":"posts","amp_enabled":true,"_links":{"self":[{"href":"https:\/\/www.suno.com.br\/noticias\/wp-json\/wp\/v2\/posts\/139858"}],"collection":[{"href":"https:\/\/www.suno.com.br\/noticias\/wp-json\/wp\/v2\/posts"}],"about":[{"href":"https:\/\/www.suno.com.br\/noticias\/wp-json\/wp\/v2\/types\/post"}],"author":[{"embeddable":true,"href":"https:\/\/www.suno.com.br\/noticias\/wp-json\/wp\/v2\/users\/56"}],"replies":[{"embeddable":true,"href":"https:\/\/www.suno.com.br\/noticias\/wp-json\/wp\/v2\/comments?post=139858"}],"version-history":[{"count":1,"href":"https:\/\/www.suno.com.br\/noticias\/wp-json\/wp\/v2\/posts\/139858\/revisions"}],"predecessor-version":[{"id":139872,"href":"https:\/\/www.suno.com.br\/noticias\/wp-json\/wp\/v2\/posts\/139858\/revisions\/139872"}],"wp:featuredmedia":[{"embeddable":true,"href":"https:\/\/www.suno.com.br\/noticias\/wp-json\/wp\/v2\/media\/137088"}],"wp:attachment":[{"href":"https:\/\/www.suno.com.br\/noticias\/wp-json\/wp\/v2\/media?parent=139858"}],"wp:term":[{"taxonomy":"category","embeddable":true,"href":"https:\/\/www.suno.com.br\/noticias\/wp-json\/wp\/v2\/categories?post=139858"},{"taxonomy":"post_tag","embeddable":true,"href":"https:\/\/www.suno.com.br\/noticias\/wp-json\/wp\/v2\/tags?post=139858"},{"taxonomy":"suno_strategy","embeddable":true,"href":"https:\/\/www.suno.com.br\/noticias\/wp-json\/wp\/v2\/suno_strategy?post=139858"}],"curies":[{"name":"wp","href":"https:\/\/api.w.org\/{rel}","templated":true}]}}