{"id":13981,"date":"2019-02-03T15:49:14","date_gmt":"2019-02-03T17:49:14","guid":{"rendered":"https:\/\/www.suno.com.br\/noticias\/?p=13981"},"modified":"2019-02-04T09:12:08","modified_gmt":"2019-02-04T11:12:08","slug":"balanca-comercial-projecoes-governo","status":"publish","type":"post","link":"https:\/\/www.suno.com.br\/noticias\/balanca-comercial-projecoes-governo\/","title":{"rendered":"Balan\u00e7a comercial n\u00e3o ter\u00e1 mais proje\u00e7\u00f5es do governo federal"},"content":{"rendered":"<p>O <strong>governo federal<\/strong> decidiu n\u00e3o projetar mais a <a href=\"https:\/\/www.suno.com.br\/artigos\/balanca-comercial\/\">balan\u00e7a comercial<\/a>. Em todo in\u00edcio de ano, era costumeiro que o antigo Minist\u00e9rio do Desenvolvimento publicasse a estimativa anual.<\/p>\t<div class=\"wrapper-featured-image\">\n\t\t<figure class=\"spotlightImg\">\n\n\t\t\t<picture>\n\t\t\t\t<source media=\"(max-width: 768px)\" srcset=\"https:\/\/files.sunoresearch.com.br\/n\/uploads\/2019\/01\/0e7d29bb-balan\u00e7a-comercial-400x200.webp\">\n\t\t\t\t<img loading=\"lazy\" decoding=\"async\" class=\"newsContent__article__imgCapa lazyloadDisabled newsContent__article__imgCapa--noCaption\" src=\"https:\/\/files.sunoresearch.com.br\/n\/uploads\/2019\/01\/0e7d29bb-balan\u00e7a-comercial-800x450.webp\" width=\"800\" height=\"450\" alt=\"Balan\u00e7a comercial n\u00e3o ter\u00e1 mais proje\u00e7\u00f5es do governo federal\" fetchpriority=high \/>\n\t\t\t<\/picture>\n\n\t\t\t<figcaption class=\"wp-caption-text wp-caption-text--hide\">PIB de 2020 crescer\u00e1 2,20%, mas existe risco de baixa, diz Ita\u00fa <\/figcaption>\n\t\t<\/figure>\n\t<\/div>\n\n\n<p>Al\u00e9m disso, a nova equipe econ\u00f4mica n\u00e3o mira o <a href=\"https:\/\/www.suno.com.br\/artigos\/superavit-comercial\/\">super\u00e1vit<\/a> a qualquer custo. A quest\u00e3o \u00e9 aumentar as <strong>exporta\u00e7\u00f5es<\/strong>, e tamb\u00e9m as <strong>importa\u00e7\u00f5es<\/strong>.\u00a0A orienta\u00e7\u00e3o \u00e9 de <strong>abertura econ\u00f4mica<\/strong>, a fim de inserir o Brasil em melhor posi\u00e7\u00e3o no <strong>mercado internacional<\/strong>.<\/p>\n<p>Na pr\u00e1tica, o Brasil deve consumir mais produtos produzidos fora do Pa\u00eds. T\u00e9cnicos entrevistados pelo jornal &#8220;O Globo&#8221; n\u00e3o garantem <strong>super\u00e1vit<\/strong> (saldo positivo) no fim do ano daqui para frente.<\/p>\n<p><a href=\"https:\/\/www.suno.com.br\/noticias\/exportacoes-agronegocio-batem-recorde-ultrapassam\/\">Saiba mais -Exporta\u00e7\u00f5es do agroneg\u00f3cio batem recorde e ultrapassam US$ 100 bi<\/a><\/p>\n<p>&#8220;O aumento de <strong>inser\u00e7\u00e3o<\/strong> passa por mais com\u00e9rcio, exportar mais e importar mais. Independentemente de saldo e de sinal (positivo ou negativo), o que se espera \u00e9 uma maior participa\u00e7\u00e3o do<strong> com\u00e9rcio exterior brasileiro<\/strong> no <strong>PIB<\/strong> (<a href=\"https:\/\/www.suno.com.br\/artigos\/pib-produto-interno-bruto\/\">Produto Interno Bruto<\/a>)&#8221;, explicou o diretor do departamento de Intelig\u00eancia e Estat\u00edsticas de Com\u00e9rcio Exterior, Herlon Brand\u00e3o, ao anunciar o resultado da balan\u00e7a em janeiro.<\/p>\n<p>Brand\u00e3o argumentou que o<strong> governo federal<\/strong> n\u00e3o quer mais fazer proje\u00e7\u00f5es para focar nas <strong>quest\u00f5es estruturais<\/strong>, e n\u00e3o na conjuntura. Assim, para o <strong>Minist\u00e9rio da Economia<\/strong>, o principal \u00e9 o com\u00e9rcio geral, e n\u00e3o o resultado da<strong> balan\u00e7a comercial<\/strong>.<\/p>\n<p>&#8220;\u00c9 um <strong>novo governo<\/strong> e uma nova orienta\u00e7\u00e3o&#8221;, resumiu Brand\u00e3o.<\/p>\n<p><a href=\"https:\/\/www.suno.com.br\/noticias\/balanca-comercial-superavit-janeiro\/\">Saiba mais &#8211; Balan\u00e7a comercial registra super\u00e1vit de US$ 2,19 bilh\u00f5es em janeiro<\/a><\/p>\n<h2>Super\u00e1vit de janeiro<\/h2>\n<p>Em janeiro, as exporta\u00e7\u00f5es brasileiras ascenderam, de acordo com os dados divulgados pelo <strong>Minist\u00e9rio da Economia<\/strong>. As importa\u00e7\u00f5es tamb\u00e9m cresceram, todavia, com ritmo maior. Portanto, o saldo da <strong>balan\u00e7a comercial<\/strong> caiu. A baixa foi de 22% ante janeiro de 2018.<\/p>\n<p>Com total de US$ 18, 6 bilh\u00f5es nas <strong>exporta\u00e7\u00f5es<\/strong> do m\u00eas passado, o destaque foi a entrega de plataformas de petr\u00f3leo. As exporta\u00e7\u00f5es subiram 9% na compara\u00e7\u00e3o anual.<\/p>\n<p>Mas, o valor ainda est\u00e1 abaixo do que o crescimento das <strong>importa\u00e7\u00f5es<\/strong>, que chegou a 15% ante janeiro de 2018. No primeiro m\u00eas deste ano, o Brasil comprou US$ 16,4 bilh\u00f5es de seus parceiros comerciais.<\/p>\n<p>Por categoria, a alta das <strong>exporta\u00e7\u00f5es<\/strong> de janeiro de 2019 foi impulsionada por:<\/p>\n<ul>\n<li>manufaturados: alta de 15,2%<\/li>\n<li>semimanufaturados: alta de 11,1%<\/li>\n<li>produtos b\u00e1sicos: alta de 10,1%;<\/li>\n<\/ul>\n<p>Enquanto isso, nas <strong>importa\u00e7\u00f5es<\/strong>, cresceram as aquisi\u00e7\u00f5es de:<\/p>\n<ul>\n<li>bens de capital: alta de 15,6%<\/li>\n<li>bens intermedi\u00e1rios: alta de 3,6%<\/li>\n<\/ul>\n<p>No acumulado do ano de 2018, a <strong>balan\u00e7a comercial<\/strong> obteve um super\u00e1vit de US$ 58,3 bilh\u00f5es.<\/p>\n","protected":false},"excerpt":{"rendered":"<p>O governo federal decidiu n\u00e3o projetar mais a balan\u00e7a comercial. Em todo in\u00edcio de ano, era costumeiro que o antigo Minist\u00e9rio do Desenvolvimento publicasse a estimativa anual. PIB de 2020 crescer\u00e1 2,20%, mas existe risco de baixa, diz Ita\u00fa Al\u00e9m disso, a nova equipe econ\u00f4mica n\u00e3o mira o super\u00e1vit a qualquer custo. A quest\u00e3o \u00e9 [&hellip;]<\/p>\n","protected":false},"author":12,"featured_media":10133,"comment_status":"closed","ping_status":"closed","sticky":false,"template":"","format":"standard","meta":[],"categories":[62],"tags":[914,707,706,909],"suno_strategy":[],"class_list":["post-13981","post","type-post","status-publish","format-standard","has-post-thumbnail","hentry","category-economia","tag-balanca-comercial","tag-exportacoes","tag-importacoes","tag-ministerio-da-economia"],"yoast_head":"<!-- This site is optimized with the Yoast SEO plugin v24.4 - https:\/\/yoast.com\/wordpress\/plugins\/seo\/ -->\n<title>Balan\u00e7a comercial n\u00e3o ter\u00e1 mais proje\u00e7\u00f5es do governo federal<\/title>\n<meta name=\"description\" content=\"O novo minist\u00e9rio da Economia n\u00e3o far\u00e1 mais proje\u00e7\u00f5es anuais para a balan\u00e7a comercial. Clique para saber mais.\" \/>\n<meta name=\"robots\" content=\"index, follow, max-snippet:-1, max-image-preview:large, max-video-preview:-1\" \/>\n<link rel=\"canonical\" href=\"https:\/\/www.suno.com.br\/noticias\/balanca-comercial-projecoes-governo\/\" \/>\n<meta property=\"og:locale\" content=\"pt_BR\" \/>\n<meta property=\"og:type\" content=\"article\" \/>\n<meta property=\"og:title\" content=\"Balan\u00e7a comercial n\u00e3o ter\u00e1 mais proje\u00e7\u00f5es do governo federal\" \/>\n<meta property=\"og:description\" content=\"O novo minist\u00e9rio da Economia n\u00e3o far\u00e1 mais proje\u00e7\u00f5es anuais para a balan\u00e7a comercial. Clique para saber mais.\" \/>\n<meta property=\"og:url\" content=\"https:\/\/www.suno.com.br\/noticias\/balanca-comercial-projecoes-governo\/\" \/>\n<meta property=\"og:site_name\" content=\"Suno Not\u00edcias\" \/>\n<meta property=\"article:publisher\" content=\"https:\/\/facebook.com\/sunoresearch\" \/>\n<meta property=\"og:image\" content=\"https:\/\/files.sunoresearch.com.br\/n\/uploads\/2019\/01\/0e7d29bb-balan\u00e7a-comercial.jpg\" \/>\n\t<meta property=\"og:image:width\" content=\"1920\" \/>\n\t<meta property=\"og:image:height\" content=\"960\" \/>\n\t<meta property=\"og:image:type\" content=\"image\/jpeg\" \/>\n<meta name=\"author\" content=\"Amanda Gushiken\" \/>\n<meta name=\"twitter:card\" content=\"summary_large_image\" \/>\n<meta name=\"twitter:creator\" content=\"@sunoresearch\" \/>\n<meta name=\"twitter:site\" content=\"@sunoresearch\" \/>\n<meta name=\"twitter:label1\" content=\"Escrito por\" \/>\n\t<meta name=\"twitter:data1\" content=\"Amanda Gushiken\" \/>\n\t<meta name=\"twitter:label2\" content=\"Est. tempo de leitura\" \/>\n\t<meta name=\"twitter:data2\" content=\"2 minutos\" \/>\n<script type=\"application\/ld+json\" class=\"yoast-schema-graph\">{\"@context\":\"https:\/\/schema.org\",\"@graph\":[{\"@type\":\"NewsArticle\",\"@id\":\"https:\/\/www.suno.com.br\/noticias\/balanca-comercial-projecoes-governo\/#article\",\"isPartOf\":{\"@id\":\"https:\/\/www.suno.com.br\/noticias\/balanca-comercial-projecoes-governo\/\"},\"author\":{\"name\":\"Amanda Gushiken\",\"@id\":\"https:\/\/www.suno.com.br\/noticias\/#\/schema\/person\/a5b06fa4e879d8e8e119c6ed3cd630d1\"},\"headline\":\"Balan\u00e7a comercial n\u00e3o ter\u00e1 mais proje\u00e7\u00f5es do governo federal\",\"datePublished\":\"2019-02-03T17:49:14+00:00\",\"dateModified\":\"2019-02-04T11:12:08+00:00\",\"mainEntityOfPage\":{\"@id\":\"https:\/\/www.suno.com.br\/noticias\/balanca-comercial-projecoes-governo\/\"},\"wordCount\":457,\"publisher\":{\"@id\":\"https:\/\/www.suno.com.br\/noticias\/#organization\"},\"image\":{\"@id\":\"https:\/\/www.suno.com.br\/noticias\/balanca-comercial-projecoes-governo\/#primaryimage\"},\"thumbnailUrl\":\"https:\/\/files.sunoresearch.com.br\/n\/uploads\/2019\/01\/0e7d29bb-balan\u00e7a-comercial-jpg.webp\",\"keywords\":[\"balan\u00e7a comercial\",\"exporta\u00e7\u00f5es\",\"importa\u00e7\u00f5es\",\"Minist\u00e9rio da Economia\"],\"articleSection\":[\"Economia\"],\"inLanguage\":\"pt-BR\"},{\"@type\":\"WebPage\",\"@id\":\"https:\/\/www.suno.com.br\/noticias\/balanca-comercial-projecoes-governo\/\",\"url\":\"https:\/\/www.suno.com.br\/noticias\/balanca-comercial-projecoes-governo\/\",\"name\":\"Balan\u00e7a comercial n\u00e3o ter\u00e1 mais proje\u00e7\u00f5es do governo federal\",\"isPartOf\":{\"@id\":\"https:\/\/www.suno.com.br\/noticias\/#website\"},\"primaryImageOfPage\":{\"@id\":\"https:\/\/www.suno.com.br\/noticias\/balanca-comercial-projecoes-governo\/#primaryimage\"},\"image\":{\"@id\":\"https:\/\/www.suno.com.br\/noticias\/balanca-comercial-projecoes-governo\/#primaryimage\"},\"thumbnailUrl\":\"https:\/\/files.sunoresearch.com.br\/n\/uploads\/2019\/01\/0e7d29bb-balan\u00e7a-comercial-jpg.webp\",\"datePublished\":\"2019-02-03T17:49:14+00:00\",\"dateModified\":\"2019-02-04T11:12:08+00:00\",\"description\":\"O novo minist\u00e9rio da Economia n\u00e3o far\u00e1 mais proje\u00e7\u00f5es anuais para a balan\u00e7a comercial. Clique para saber mais.\",\"breadcrumb\":{\"@id\":\"https:\/\/www.suno.com.br\/noticias\/balanca-comercial-projecoes-governo\/#breadcrumb\"},\"inLanguage\":\"pt-BR\",\"potentialAction\":[{\"@type\":\"ReadAction\",\"target\":[\"https:\/\/www.suno.com.br\/noticias\/balanca-comercial-projecoes-governo\/\"]}]},{\"@type\":\"ImageObject\",\"inLanguage\":\"pt-BR\",\"@id\":\"https:\/\/www.suno.com.br\/noticias\/balanca-comercial-projecoes-governo\/#primaryimage\",\"url\":\"https:\/\/files.sunoresearch.com.br\/n\/uploads\/2019\/01\/0e7d29bb-balan\u00e7a-comercial-jpg.webp\",\"contentUrl\":\"https:\/\/files.sunoresearch.com.br\/n\/uploads\/2019\/01\/0e7d29bb-balan\u00e7a-comercial-jpg.webp\",\"width\":1920,\"height\":960,\"caption\":\"PIB de 2020 crescer\u00e1 2,20%, mas existe risco de baixa, diz Ita\u00fa\"},{\"@type\":\"BreadcrumbList\",\"@id\":\"https:\/\/www.suno.com.br\/noticias\/balanca-comercial-projecoes-governo\/#breadcrumb\",\"itemListElement\":[{\"@type\":\"ListItem\",\"position\":1,\"name\":\"Not\u00edcias\",\"item\":\"https:\/\/www.suno.com.br\/noticias\/\"},{\"@type\":\"ListItem\",\"position\":2,\"name\":\"Economia\",\"item\":\"https:\/\/www.suno.com.br\/noticias\/economia\/\"},{\"@type\":\"ListItem\",\"position\":3,\"name\":\"Balan\u00e7a comercial n\u00e3o ter\u00e1 mais proje\u00e7\u00f5es do governo federal\"}]},{\"@type\":\"WebSite\",\"@id\":\"https:\/\/www.suno.com.br\/noticias\/#website\",\"url\":\"https:\/\/www.suno.com.br\/noticias\/\",\"name\":\"Suno Not\u00edcias\",\"description\":\"Seu portal de informa\u00e7\u00e3o sobre o mundo dos investimentos\",\"publisher\":{\"@id\":\"https:\/\/www.suno.com.br\/noticias\/#organization\"},\"potentialAction\":[{\"@type\":\"SearchAction\",\"target\":{\"@type\":\"EntryPoint\",\"urlTemplate\":\"https:\/\/www.suno.com.br\/noticias\/?s={search_term_string}\"},\"query-input\":{\"@type\":\"PropertyValueSpecification\",\"valueRequired\":true,\"valueName\":\"search_term_string\"}}],\"inLanguage\":\"pt-BR\"},{\"@type\":\"Organization\",\"@id\":\"https:\/\/www.suno.com.br\/noticias\/#organization\",\"name\":\"Suno Not\u00edcias\",\"url\":\"https:\/\/www.suno.com.br\/noticias\/\",\"logo\":{\"@type\":\"ImageObject\",\"inLanguage\":\"pt-BR\",\"@id\":\"https:\/\/www.suno.com.br\/noticias\/#\/schema\/logo\/image\/\",\"url\":\"https:\/\/files.sunoresearch.com.br\/n\/uploads\/2021\/09\/suno-logo.png\",\"contentUrl\":\"https:\/\/files.sunoresearch.com.br\/n\/uploads\/2021\/09\/suno-logo.png\",\"width\":180,\"height\":180,\"caption\":\"Suno Not\u00edcias\"},\"image\":{\"@id\":\"https:\/\/www.suno.com.br\/noticias\/#\/schema\/logo\/image\/\"},\"sameAs\":[\"https:\/\/facebook.com\/sunoresearch\",\"https:\/\/x.com\/sunoresearch\",\"https:\/\/www.instagram.com\/suno\",\"https:\/\/www.linkedin.com\/company\/suno-research\/\",\"https:\/\/www.youtube.com\/c\/sunoresearch\"]},{\"@type\":\"Person\",\"@id\":\"https:\/\/www.suno.com.br\/noticias\/#\/schema\/person\/a5b06fa4e879d8e8e119c6ed3cd630d1\",\"name\":\"Amanda Gushiken\",\"image\":{\"@type\":\"ImageObject\",\"inLanguage\":\"pt-BR\",\"@id\":\"https:\/\/www.suno.com.br\/noticias\/#\/schema\/person\/image\/\",\"url\":\"https:\/\/secure.gravatar.com\/avatar\/ecd84705e6b65e3685ae80d725501fbe?s=96&r=g\",\"contentUrl\":\"https:\/\/secure.gravatar.com\/avatar\/ecd84705e6b65e3685ae80d725501fbe?s=96&r=g\",\"caption\":\"Amanda Gushiken\"},\"description\":\"Amanda Sayuri Gushiken escreve sobre finan\u00e7as e neg\u00f3cios para o portal Suno Not\u00edcias. Antes, trabalhou selecionando not\u00edcias da imprensa para clientes do mercado financeiro. Tamb\u00e9m desenvolveu pesquisa acad\u00eamica pela Universidade Anhembi Morumbi na \u00e1rea de Teorias da Comunica\u00e7\u00e3o e \u00e9 fot\u00f3grafa nas horas vagas.\",\"url\":\"https:\/\/www.suno.com.br\/noticias\/author\/amanda\/\"}]}<\/script>\n<!-- \/ Yoast SEO plugin. -->","yoast_head_json":{"title":"Balan\u00e7a comercial n\u00e3o ter\u00e1 mais proje\u00e7\u00f5es do governo federal","description":"O novo minist\u00e9rio da Economia n\u00e3o far\u00e1 mais proje\u00e7\u00f5es anuais para a balan\u00e7a comercial. Clique para saber mais.","robots":{"index":"index","follow":"follow","max-snippet":"max-snippet:-1","max-image-preview":"max-image-preview:large","max-video-preview":"max-video-preview:-1"},"canonical":"https:\/\/www.suno.com.br\/noticias\/balanca-comercial-projecoes-governo\/","og_locale":"pt_BR","og_type":"article","og_title":"Balan\u00e7a comercial n\u00e3o ter\u00e1 mais proje\u00e7\u00f5es do governo federal","og_description":"O novo minist\u00e9rio da Economia n\u00e3o far\u00e1 mais proje\u00e7\u00f5es anuais para a balan\u00e7a comercial. Clique para saber mais.","og_url":"https:\/\/www.suno.com.br\/noticias\/balanca-comercial-projecoes-governo\/","og_site_name":"Suno Not\u00edcias","article_publisher":"https:\/\/facebook.com\/sunoresearch","og_image":[{"width":1920,"height":960,"url":"https:\/\/files.sunoresearch.com.br\/n\/uploads\/2019\/01\/0e7d29bb-balan\u00e7a-comercial.jpg","type":"image\/jpeg"}],"author":"Amanda Gushiken","twitter_card":"summary_large_image","twitter_creator":"@sunoresearch","twitter_site":"@sunoresearch","twitter_misc":{"Escrito por":"Amanda Gushiken","Est. tempo de leitura":"2 minutos"},"schema":{"@context":"https:\/\/schema.org","@graph":[{"@type":"NewsArticle","@id":"https:\/\/www.suno.com.br\/noticias\/balanca-comercial-projecoes-governo\/#article","isPartOf":{"@id":"https:\/\/www.suno.com.br\/noticias\/balanca-comercial-projecoes-governo\/"},"author":{"name":"Amanda Gushiken","@id":"https:\/\/www.suno.com.br\/noticias\/#\/schema\/person\/a5b06fa4e879d8e8e119c6ed3cd630d1"},"headline":"Balan\u00e7a comercial n\u00e3o ter\u00e1 mais proje\u00e7\u00f5es do governo federal","datePublished":"2019-02-03T17:49:14+00:00","dateModified":"2019-02-04T11:12:08+00:00","mainEntityOfPage":{"@id":"https:\/\/www.suno.com.br\/noticias\/balanca-comercial-projecoes-governo\/"},"wordCount":457,"publisher":{"@id":"https:\/\/www.suno.com.br\/noticias\/#organization"},"image":{"@id":"https:\/\/www.suno.com.br\/noticias\/balanca-comercial-projecoes-governo\/#primaryimage"},"thumbnailUrl":"https:\/\/files.sunoresearch.com.br\/n\/uploads\/2019\/01\/0e7d29bb-balan\u00e7a-comercial-jpg.webp","keywords":["balan\u00e7a comercial","exporta\u00e7\u00f5es","importa\u00e7\u00f5es","Minist\u00e9rio da Economia"],"articleSection":["Economia"],"inLanguage":"pt-BR"},{"@type":"WebPage","@id":"https:\/\/www.suno.com.br\/noticias\/balanca-comercial-projecoes-governo\/","url":"https:\/\/www.suno.com.br\/noticias\/balanca-comercial-projecoes-governo\/","name":"Balan\u00e7a comercial n\u00e3o ter\u00e1 mais proje\u00e7\u00f5es do governo federal","isPartOf":{"@id":"https:\/\/www.suno.com.br\/noticias\/#website"},"primaryImageOfPage":{"@id":"https:\/\/www.suno.com.br\/noticias\/balanca-comercial-projecoes-governo\/#primaryimage"},"image":{"@id":"https:\/\/www.suno.com.br\/noticias\/balanca-comercial-projecoes-governo\/#primaryimage"},"thumbnailUrl":"https:\/\/files.sunoresearch.com.br\/n\/uploads\/2019\/01\/0e7d29bb-balan\u00e7a-comercial-jpg.webp","datePublished":"2019-02-03T17:49:14+00:00","dateModified":"2019-02-04T11:12:08+00:00","description":"O novo minist\u00e9rio da Economia n\u00e3o far\u00e1 mais proje\u00e7\u00f5es anuais para a balan\u00e7a comercial. Clique para saber mais.","breadcrumb":{"@id":"https:\/\/www.suno.com.br\/noticias\/balanca-comercial-projecoes-governo\/#breadcrumb"},"inLanguage":"pt-BR","potentialAction":[{"@type":"ReadAction","target":["https:\/\/www.suno.com.br\/noticias\/balanca-comercial-projecoes-governo\/"]}]},{"@type":"ImageObject","inLanguage":"pt-BR","@id":"https:\/\/www.suno.com.br\/noticias\/balanca-comercial-projecoes-governo\/#primaryimage","url":"https:\/\/files.sunoresearch.com.br\/n\/uploads\/2019\/01\/0e7d29bb-balan\u00e7a-comercial-jpg.webp","contentUrl":"https:\/\/files.sunoresearch.com.br\/n\/uploads\/2019\/01\/0e7d29bb-balan\u00e7a-comercial-jpg.webp","width":1920,"height":960,"caption":"PIB de 2020 crescer\u00e1 2,20%, mas existe risco de baixa, diz Ita\u00fa"},{"@type":"BreadcrumbList","@id":"https:\/\/www.suno.com.br\/noticias\/balanca-comercial-projecoes-governo\/#breadcrumb","itemListElement":[{"@type":"ListItem","position":1,"name":"Not\u00edcias","item":"https:\/\/www.suno.com.br\/noticias\/"},{"@type":"ListItem","position":2,"name":"Economia","item":"https:\/\/www.suno.com.br\/noticias\/economia\/"},{"@type":"ListItem","position":3,"name":"Balan\u00e7a comercial n\u00e3o ter\u00e1 mais proje\u00e7\u00f5es do governo federal"}]},{"@type":"WebSite","@id":"https:\/\/www.suno.com.br\/noticias\/#website","url":"https:\/\/www.suno.com.br\/noticias\/","name":"Suno Not\u00edcias","description":"Seu portal de informa\u00e7\u00e3o sobre o mundo dos investimentos","publisher":{"@id":"https:\/\/www.suno.com.br\/noticias\/#organization"},"potentialAction":[{"@type":"SearchAction","target":{"@type":"EntryPoint","urlTemplate":"https:\/\/www.suno.com.br\/noticias\/?s={search_term_string}"},"query-input":{"@type":"PropertyValueSpecification","valueRequired":true,"valueName":"search_term_string"}}],"inLanguage":"pt-BR"},{"@type":"Organization","@id":"https:\/\/www.suno.com.br\/noticias\/#organization","name":"Suno Not\u00edcias","url":"https:\/\/www.suno.com.br\/noticias\/","logo":{"@type":"ImageObject","inLanguage":"pt-BR","@id":"https:\/\/www.suno.com.br\/noticias\/#\/schema\/logo\/image\/","url":"https:\/\/files.sunoresearch.com.br\/n\/uploads\/2021\/09\/suno-logo.png","contentUrl":"https:\/\/files.sunoresearch.com.br\/n\/uploads\/2021\/09\/suno-logo.png","width":180,"height":180,"caption":"Suno Not\u00edcias"},"image":{"@id":"https:\/\/www.suno.com.br\/noticias\/#\/schema\/logo\/image\/"},"sameAs":["https:\/\/facebook.com\/sunoresearch","https:\/\/x.com\/sunoresearch","https:\/\/www.instagram.com\/suno","https:\/\/www.linkedin.com\/company\/suno-research\/","https:\/\/www.youtube.com\/c\/sunoresearch"]},{"@type":"Person","@id":"https:\/\/www.suno.com.br\/noticias\/#\/schema\/person\/a5b06fa4e879d8e8e119c6ed3cd630d1","name":"Amanda Gushiken","image":{"@type":"ImageObject","inLanguage":"pt-BR","@id":"https:\/\/www.suno.com.br\/noticias\/#\/schema\/person\/image\/","url":"https:\/\/secure.gravatar.com\/avatar\/ecd84705e6b65e3685ae80d725501fbe?s=96&r=g","contentUrl":"https:\/\/secure.gravatar.com\/avatar\/ecd84705e6b65e3685ae80d725501fbe?s=96&r=g","caption":"Amanda Gushiken"},"description":"Amanda Sayuri Gushiken escreve sobre finan\u00e7as e neg\u00f3cios para o portal Suno Not\u00edcias. Antes, trabalhou selecionando not\u00edcias da imprensa para clientes do mercado financeiro. Tamb\u00e9m desenvolveu pesquisa acad\u00eamica pela Universidade Anhembi Morumbi na \u00e1rea de Teorias da Comunica\u00e7\u00e3o e \u00e9 fot\u00f3grafa nas horas vagas.","url":"https:\/\/www.suno.com.br\/noticias\/author\/amanda\/"}]}},"default_loop_html":"<div class=\"cardsPage__listCard__boxs\"><div class=\"cardsPage__listCard__boxs__img\"><a href=\"https:\/\/www.suno.com.br\/noticias\/balanca-comercial-projecoes-governo\/\"><img class=\"mask\" src=\"https:\/\/www.suno.com.br\/noticias\/wp-content\/themes\/suno\/resources\/images\/spotlight\/spotlight1img\/bg-mask.png\" alt=\"Image Mask\"\/><img src=\"https:\/\/files.sunoresearch.com.br\/n\/uploads\/2019\/01\/0e7d29bb-balan\u00e7a-comercial-400x200.webp\" alt=\"Balan\u00e7a comercial n\u00e3o ter\u00e1 mais proje\u00e7\u00f5es do governo federal\"\/><\/a><span class=\"spotlightCategory\"><a href=\"https:\/\/www.suno.com.br\/noticias\/economia\/\">Economia<\/a><\/span><\/div><div class=\"cardsPage__listCard__boxs__content\"><a href=\"https:\/\/www.suno.com.br\/noticias\/balanca-comercial-projecoes-governo\/\"><h2 class=\"content__title\">Balan\u00e7a comercial n\u00e3o ter\u00e1 mais proje\u00e7\u00f5es do governo federal<\/h2><\/a><div class=\"newsContent__article__meta\"><div class=\"newsContent__article__meta__authorBox\"><a href=\"https:\/\/www.suno.com.br\/noticias\/author\/amanda\/\" class=\"authorBox__avatar noMobi\"><img src=\"https:\/\/files.sunoresearch.com.br\/n\/uploads\/2018\/11\/c6ad30be-amanda-150x150.webp\" alt=\"Amanda Gushiken\"><\/a><div class=\"authorBox__name\"><span>por\n\t\t\t<a href=\"https:\/\/www.suno.com.br\/noticias\/author\/amanda\/\"><span itemprop=\"author\">Amanda Gushiken<\/span><\/a><\/span><time datetime=\"2019-02-03T15:49:14-02:00\" itemprop=\"datePublished\">03\/02\/2019 15:49<\/time><\/div><\/div><\/div><\/div><\/div>","single_layout":"posts","amp_enabled":true,"_links":{"self":[{"href":"https:\/\/www.suno.com.br\/noticias\/wp-json\/wp\/v2\/posts\/13981"}],"collection":[{"href":"https:\/\/www.suno.com.br\/noticias\/wp-json\/wp\/v2\/posts"}],"about":[{"href":"https:\/\/www.suno.com.br\/noticias\/wp-json\/wp\/v2\/types\/post"}],"author":[{"embeddable":true,"href":"https:\/\/www.suno.com.br\/noticias\/wp-json\/wp\/v2\/users\/12"}],"replies":[{"embeddable":true,"href":"https:\/\/www.suno.com.br\/noticias\/wp-json\/wp\/v2\/comments?post=13981"}],"version-history":[{"count":0,"href":"https:\/\/www.suno.com.br\/noticias\/wp-json\/wp\/v2\/posts\/13981\/revisions"}],"wp:featuredmedia":[{"embeddable":true,"href":"https:\/\/www.suno.com.br\/noticias\/wp-json\/wp\/v2\/media\/10133"}],"wp:attachment":[{"href":"https:\/\/www.suno.com.br\/noticias\/wp-json\/wp\/v2\/media?parent=13981"}],"wp:term":[{"taxonomy":"category","embeddable":true,"href":"https:\/\/www.suno.com.br\/noticias\/wp-json\/wp\/v2\/categories?post=13981"},{"taxonomy":"post_tag","embeddable":true,"href":"https:\/\/www.suno.com.br\/noticias\/wp-json\/wp\/v2\/tags?post=13981"},{"taxonomy":"suno_strategy","embeddable":true,"href":"https:\/\/www.suno.com.br\/noticias\/wp-json\/wp\/v2\/suno_strategy?post=13981"}],"curies":[{"name":"wp","href":"https:\/\/api.w.org\/{rel}","templated":true}]}}