{"id":139785,"date":"2021-04-15T13:16:06","date_gmt":"2021-04-15T16:16:06","guid":{"rendered":"https:\/\/www.suno.com.br\/noticias\/?p=139785"},"modified":"2021-04-15T13:16:06","modified_gmt":"2021-04-15T16:16:06","slug":"minerva-beef3-zerar-emissoes-liquidas","status":"publish","type":"post","link":"https:\/\/www.suno.com.br\/noticias\/minerva-beef3-zerar-emissoes-liquidas\/","title":{"rendered":"Minerva (BEEF3) quer zerar emiss\u00f5es l\u00edquidas at\u00e9 2035"},"content":{"rendered":"<p>A <a href=\"https:\/\/www.suno.com.br\/acoes\/beef3\/\"><strong>Minerva<\/strong> (BEEF3)<\/a> tra\u00e7ou um plano para zerar suas emiss\u00f5es l\u00edquidas at\u00e9 2035, em sua nova estrat\u00e9gia de sustentabilidade. A informa\u00e7\u00e3o foi revelada em evento nesta quinta-feira (15), em um momento em que as boas pr\u00e1ticas <a href=\"https:\/\/www.suno.com.br\/artigos\/esg\/\">ambientais, sociais e de governan\u00e7a (ESG)<\/a> tem se tornado regra no mercado.<\/p>\t<div class=\"wrapper-featured-image\">\n\t\t<figure class=\"spotlightImg\">\n\n\t\t\t<picture>\n\t\t\t\t<source media=\"(max-width: 768px)\" srcset=\"https:\/\/files.sunoresearch.com.br\/n\/uploads\/2021\/02\/331650bf-whatsapp-image-2021-02-25-at-20.31.54-400x200.webp\">\n\t\t\t\t<img loading=\"lazy\" decoding=\"async\" class=\"newsContent__article__imgCapa lazyloadDisabled \" src=\"https:\/\/files.sunoresearch.com.br\/n\/uploads\/2021\/02\/331650bf-whatsapp-image-2021-02-25-at-20.31.54-800x450.webp\" width=\"800\" height=\"450\" alt=\"Minerva (BEEF3) quer zerar emiss\u00f5es l\u00edquidas at\u00e9 2035\" fetchpriority=high \/>\n\t\t\t<\/picture>\n\n\t\t\t<figcaption class=\"wp-caption-text wp-caption-text--show\">Minerva (BEEF3): Foto: Divulga\u00e7\u00e3o. <\/figcaption>\n\t\t<\/figure>\n\t<\/div>\n\n\n\t<p>\n\t\t<a href=\"https:\/\/lp.suno.com.br\/planilha-controle-gastos\/\" target=\"_blank\" data-element=\"shortcode-suno-banner\" title=\"Banner SUNO, clique e saiba mais\">\n\t\t\t<picture>\n\t\t\t\t<source media=\"(max-width: 500px)\" srcset=\"https:\/\/files.sunoresearch.com.br\/n\/uploads\/2023\/03\/400x300-Planilha-controle-de-gastos.png\">\n\t\t\t\t<img class=\"newsContent__article__imgCapa newsContent__article__imgCapa--banner\"\n\t\t\t\t\tsrc=\"https:\/\/files.sunoresearch.com.br\/n\/uploads\/2023\/03\/1420x240-Planilha-controle-de-gastos.png\"\n\t\t\t\t\tdata-promo-id=\"101751\"\t\t\t\t\t\t\t\t\t\twidth='1420' height='240'\t\t\t\t\talt=\"https:\/\/files.sunoresearch.com.br\/n\/uploads\/2023\/03\/1420x240-Planilha-controle-de-gastos.png\"\n\t\t\t\t>\n\t\t\t<\/picture>\n\t\t<\/a>\n\t<\/p>\n\n\n<p>De acordo com a Minerva, caso a meta seja atingida conforme esperado, a empresa atingir\u00e1 o objetivo 15 anos antes do previsto no <strong>Acordo de Paris<\/strong>.<\/p>\n<p>&#8220;Temos o entendimento de que a corrida para emiss\u00e3o l\u00edquida zero deve ser um esfor\u00e7o coletivo. Estamos envolvidos em parcerias e coaliz\u00f5es com o objetivo de abordar as mudan\u00e7as clim\u00e1ticas e impulsionar a <strong>sustentabilidade<\/strong> do setor&#8221;, disse Taciano Cust\u00f3dio, diretor de sustentabilidade da companhia.<\/p>\n<p><a href=\"https:\/\/lp.suno.com.br\/suno-one\/\">Suno One: acesse gratuitamente eBooks, Minicursos, Artigos e V\u00eddeo Aulas sobre investimentos com um \u00fanico cadastro. Clique para saber mais!<\/a><\/p>\n<p>Em seu plano de longo prazo, a companhia investir\u00e1 at\u00e9 R$ 1,5 bilh\u00e3o em projetos que ajudam a reduzir as emiss\u00f5es em toda a cadeira produtiva. Segundo a Minerva, &#8220;o primeiro compromisso \u00e9 garantir o fim do desmatamento ilegal em toda a cadeia de abastecimento na Am\u00e9rica do Sul&#8221;.<\/p>\n<p>Com ajuda tecnol\u00f3gica e sistemas de monitoramento apurados, a companhia se comprometeu em reduzir em 30% a emiss\u00e3o de gases de efeito estufa at\u00e9 2030, al\u00e9m de manter sua <a href=\"https:\/\/www.suno.com.br\/artigos\/mercado-livre-de-energia\/\">matriz energ\u00e9tica<\/a> carbono neutro com 100% de <strong>energia renov\u00e1vel<\/strong>, meta alcan\u00e7ada no ano passado.<\/p>\n\t<div data-element=\"shortcode-read-more\" class=\"knowMore\">\n\t\t\t\t<span class=\"knowMore__title\">Saiba mais<\/span>\n\t\t\t\t<a class=\"knowMore__link\" href=\"https:\/\/www.suno.com.br\/noticias\/minerva-beef3-marfrig-mrfg3-frigorificos-suspendem-abates\/\">\n\t\t\tMinerva (BEEF3) e Marfrig (MRFG3): Frigor\u00edficos suspendem abates e processamento de carne\t\t<\/a>\n\t<\/div>\n\n\n<p>&#8220;As a\u00e7\u00f5es e compromissos se baseiam em d\u00e9cadas de dilig\u00eancia \u00e0 melhoria dos resultados ambientais e sociais, dentro dos pilares da sustentabilidade da Minerva&#8221;, comenta Cust\u00f3dio.<\/p>\n<h2>Relat\u00f3rio de Sustentabilidade da Minerva mostra redu\u00e7\u00e3o de CO2<\/h2>\n<p>No ano passado, a Minerva lan\u00e7ou sua 10\u00aa edi\u00e7\u00e3o do Relat\u00f3rio de Sustentabilidade. Nele, a empresa disse que removeu em sua opera\u00e7\u00e3o mais de 38 mil toneladas de <strong>CO2<\/strong> equivalente.<\/p>\n\t<p>\n\t\t<a href=\"https:\/\/lp.suno.com.br\/planilha-da-vida-financeira\/\" target=\"_blank\" data-element=\"shortcode-suno-banner\" title=\"Banner SUNO, clique e saiba mais\">\n\t\t\t<picture>\n\t\t\t\t<source media=\"(max-width: 500px)\" srcset=\"https:\/\/files.sunoresearch.com.br\/n\/uploads\/2023\/04\/400x300-Planilha-vida-financeira-true.png\">\n\t\t\t\t<img class=\"newsContent__article__imgCapa newsContent__article__imgCapa--banner\"\n\t\t\t\t\tsrc=\"https:\/\/files.sunoresearch.com.br\/n\/uploads\/2023\/04\/1420x240-Planilha-vida-financeira-true.png\"\n\t\t\t\t\tdata-promo-id=\"106682\"\t\t\t\t\t\t\t\t\t\twidth='1420' height='240'\t\t\t\t\talt=\"https:\/\/files.sunoresearch.com.br\/n\/uploads\/2023\/04\/1420x240-Planilha-vida-financeira-true.png\"\n\t\t\t\t>\n\t\t\t<\/picture>\n\t\t<\/a>\n\t<\/p>\n\n\n<p>A l\u00edder de exporta\u00e7\u00e3o de carne bovina da Am\u00e9rica do Sul tamb\u00e9m zerou a emiss\u00e3o de gases estufa de ecopo 2, atrav\u00e9s da compra de Certificados de Energia Renov\u00e1vel, &#8220;garantindo uma matriz energ\u00e9tica limpa e sustent\u00e1vel&#8221;.<\/p>\n<p>Em 2020, a <strong>Minerva<\/strong> destinou cerca de R$ 43 milh\u00f5es em apoio a iniciativas de combate \u00e0 pandemia do <a href=\"https:\/\/www.suno.com.br\/noticias\/search\/coronav%C3%ADrus\">novo coronav\u00edrus (Covid-19)<\/a> em comunidades que est\u00e1 presente.<\/p>\n\t<p>\n\t\t<a href=\"https:\/\/lp.suno.com.br\/planilha-de-controle-de-investimentos\/\" target=\"_blank\" data-element=\"shortcode-suno-banner\" title=\"Banner SUNO, clique e saiba mais\">\n\t\t\t<picture>\n\t\t\t\t<source media=\"(max-width: 500px)\" srcset=\"https:\/\/files.sunoresearch.com.br\/n\/uploads\/2023\/03\/400x300-Controle-de-Investimentos.png\">\n\t\t\t\t<img class=\"newsContent__article__imgCapa newsContent__article__imgCapa--banner\"\n\t\t\t\t\tsrc=\"https:\/\/files.sunoresearch.com.br\/n\/uploads\/2023\/03\/1420x240-Controle-de-Investimentos.png\"\n\t\t\t\t\tdata-promo-id=\"75934\"\t\t\t\t\t\t\t\t\t\twidth='1420' height='240'\t\t\t\t\talt=\"https:\/\/files.sunoresearch.com.br\/n\/uploads\/2023\/03\/1420x240-Controle-de-Investimentos.png\"\n\t\t\t\t>\n\t\t\t<\/picture>\n\t\t<\/a>\n\t<\/p>\n\n\n","protected":false},"excerpt":{"rendered":"<p>A Minerva (BEEF3) tra\u00e7ou um plano para zerar suas emiss\u00f5es l\u00edquidas at\u00e9 2035, em sua nova estrat\u00e9gia de sustentabilidade. A informa\u00e7\u00e3o foi revelada em evento nesta quinta-feira (15), em um momento em que as boas pr\u00e1ticas ambientais, sociais e de governan\u00e7a (ESG) tem se tornado regra no mercado. Minerva (BEEF3): Foto: Divulga\u00e7\u00e3o. De acordo com [&hellip;]<\/p>\n","protected":false},"author":24,"featured_media":126871,"comment_status":"closed","ping_status":"closed","sticky":false,"template":"","format":"standard","meta":[],"categories":[64],"tags":[75364,2209,563,1117],"suno_strategy":[],"class_list":["post-139785","post","type-post","status-publish","format-standard","has-post-thumbnail","hentry","category-negocios","tag-esg","tag-frigorificos","tag-minerva-beef11-beef3","tag-sustentabilidade"],"yoast_head":"<!-- This site is optimized with the Yoast SEO plugin v24.4 - https:\/\/yoast.com\/wordpress\/plugins\/seo\/ -->\n<title>Minerva (BEEF3) quer zerar emiss\u00f5es l\u00edquidas at\u00e9 2035<\/title>\n<meta name=\"description\" content=\"A Minerva (BEEF3) tra\u00e7ou um plano para zerar suas emiss\u00f5es l\u00edquidas at\u00e9 2035, em sua nova estrat\u00e9gia de sustentabilidade. Saiba mais.\" \/>\n<meta name=\"robots\" content=\"index, follow, max-snippet:-1, max-image-preview:large, max-video-preview:-1\" \/>\n<link rel=\"canonical\" href=\"https:\/\/www.suno.com.br\/noticias\/minerva-beef3-zerar-emissoes-liquidas\/\" \/>\n<meta property=\"og:locale\" content=\"pt_BR\" \/>\n<meta property=\"og:type\" content=\"article\" \/>\n<meta property=\"og:title\" content=\"Minerva (BEEF3) quer zerar emiss\u00f5es l\u00edquidas at\u00e9 2035\" \/>\n<meta property=\"og:description\" content=\"A Minerva (BEEF3) tra\u00e7ou um plano para zerar suas emiss\u00f5es l\u00edquidas at\u00e9 2035, em sua nova estrat\u00e9gia de sustentabilidade. Saiba mais.\" \/>\n<meta property=\"og:url\" content=\"https:\/\/www.suno.com.br\/noticias\/minerva-beef3-zerar-emissoes-liquidas\/\" \/>\n<meta property=\"og:site_name\" content=\"Suno Not\u00edcias\" \/>\n<meta property=\"article:publisher\" content=\"https:\/\/facebook.com\/sunoresearch\" \/>\n<meta property=\"og:image\" content=\"https:\/\/files.sunoresearch.com.br\/n\/uploads\/2021\/02\/331650bf-whatsapp-image-2021-02-25-at-20.31.54.jpeg\" \/>\n\t<meta property=\"og:image:width\" content=\"900\" \/>\n\t<meta property=\"og:image:height\" content=\"600\" \/>\n\t<meta property=\"og:image:type\" content=\"image\/jpeg\" \/>\n<meta name=\"author\" content=\"Jader Lazarini\" \/>\n<meta name=\"twitter:card\" content=\"summary_large_image\" \/>\n<meta name=\"twitter:creator\" content=\"@sunoresearch\" \/>\n<meta name=\"twitter:site\" content=\"@sunoresearch\" \/>\n<meta name=\"twitter:label1\" content=\"Escrito por\" \/>\n\t<meta name=\"twitter:data1\" content=\"Jader Lazarini\" \/>\n\t<meta name=\"twitter:label2\" content=\"Est. tempo de leitura\" \/>\n\t<meta name=\"twitter:data2\" content=\"2 minutos\" \/>\n<script type=\"application\/ld+json\" class=\"yoast-schema-graph\">{\"@context\":\"https:\/\/schema.org\",\"@graph\":[{\"@type\":\"NewsArticle\",\"@id\":\"https:\/\/www.suno.com.br\/noticias\/minerva-beef3-zerar-emissoes-liquidas\/#article\",\"isPartOf\":{\"@id\":\"https:\/\/www.suno.com.br\/noticias\/minerva-beef3-zerar-emissoes-liquidas\/\"},\"author\":{\"name\":\"Jader Lazarini\",\"@id\":\"https:\/\/www.suno.com.br\/noticias\/#\/schema\/person\/918d79de1f0281f01599b93f9ea6e23f\"},\"headline\":\"Minerva (BEEF3) quer zerar emiss\u00f5es l\u00edquidas at\u00e9 2035\",\"datePublished\":\"2021-04-15T16:16:06+00:00\",\"mainEntityOfPage\":{\"@id\":\"https:\/\/www.suno.com.br\/noticias\/minerva-beef3-zerar-emissoes-liquidas\/\"},\"wordCount\":413,\"publisher\":{\"@id\":\"https:\/\/www.suno.com.br\/noticias\/#organization\"},\"image\":{\"@id\":\"https:\/\/www.suno.com.br\/noticias\/minerva-beef3-zerar-emissoes-liquidas\/#primaryimage\"},\"thumbnailUrl\":\"https:\/\/files.sunoresearch.com.br\/n\/uploads\/2021\/02\/331650bf-whatsapp-image-2021-02-25-at-20.31.54-jpeg.webp\",\"keywords\":[\"ESG\",\"frigor\u00edficos\",\"Minerva (BEEF11\/BEEF3)\",\"Sustentabilidade\"],\"articleSection\":[\"Neg\u00f3cios\"],\"inLanguage\":\"pt-BR\"},{\"@type\":\"WebPage\",\"@id\":\"https:\/\/www.suno.com.br\/noticias\/minerva-beef3-zerar-emissoes-liquidas\/\",\"url\":\"https:\/\/www.suno.com.br\/noticias\/minerva-beef3-zerar-emissoes-liquidas\/\",\"name\":\"Minerva (BEEF3) quer zerar emiss\u00f5es l\u00edquidas at\u00e9 2035\",\"isPartOf\":{\"@id\":\"https:\/\/www.suno.com.br\/noticias\/#website\"},\"primaryImageOfPage\":{\"@id\":\"https:\/\/www.suno.com.br\/noticias\/minerva-beef3-zerar-emissoes-liquidas\/#primaryimage\"},\"image\":{\"@id\":\"https:\/\/www.suno.com.br\/noticias\/minerva-beef3-zerar-emissoes-liquidas\/#primaryimage\"},\"thumbnailUrl\":\"https:\/\/files.sunoresearch.com.br\/n\/uploads\/2021\/02\/331650bf-whatsapp-image-2021-02-25-at-20.31.54-jpeg.webp\",\"datePublished\":\"2021-04-15T16:16:06+00:00\",\"description\":\"A Minerva (BEEF3) tra\u00e7ou um plano para zerar suas emiss\u00f5es l\u00edquidas at\u00e9 2035, em sua nova estrat\u00e9gia de sustentabilidade. Saiba mais.\",\"breadcrumb\":{\"@id\":\"https:\/\/www.suno.com.br\/noticias\/minerva-beef3-zerar-emissoes-liquidas\/#breadcrumb\"},\"inLanguage\":\"pt-BR\",\"potentialAction\":[{\"@type\":\"ReadAction\",\"target\":[\"https:\/\/www.suno.com.br\/noticias\/minerva-beef3-zerar-emissoes-liquidas\/\"]}]},{\"@type\":\"ImageObject\",\"inLanguage\":\"pt-BR\",\"@id\":\"https:\/\/www.suno.com.br\/noticias\/minerva-beef3-zerar-emissoes-liquidas\/#primaryimage\",\"url\":\"https:\/\/files.sunoresearch.com.br\/n\/uploads\/2021\/02\/331650bf-whatsapp-image-2021-02-25-at-20.31.54-jpeg.webp\",\"contentUrl\":\"https:\/\/files.sunoresearch.com.br\/n\/uploads\/2021\/02\/331650bf-whatsapp-image-2021-02-25-at-20.31.54-jpeg.webp\",\"width\":900,\"height\":600,\"caption\":\"Minerva (BEEF3): Foto: Divulga\u00e7\u00e3o.\"},{\"@type\":\"BreadcrumbList\",\"@id\":\"https:\/\/www.suno.com.br\/noticias\/minerva-beef3-zerar-emissoes-liquidas\/#breadcrumb\",\"itemListElement\":[{\"@type\":\"ListItem\",\"position\":1,\"name\":\"Not\u00edcias\",\"item\":\"https:\/\/www.suno.com.br\/noticias\/\"},{\"@type\":\"ListItem\",\"position\":2,\"name\":\"Neg\u00f3cios\",\"item\":\"https:\/\/www.suno.com.br\/noticias\/negocios\/\"},{\"@type\":\"ListItem\",\"position\":3,\"name\":\"Minerva (BEEF3) quer zerar emiss\u00f5es l\u00edquidas at\u00e9 2035\"}]},{\"@type\":\"WebSite\",\"@id\":\"https:\/\/www.suno.com.br\/noticias\/#website\",\"url\":\"https:\/\/www.suno.com.br\/noticias\/\",\"name\":\"Suno Not\u00edcias\",\"description\":\"Seu portal de informa\u00e7\u00e3o sobre o mundo dos investimentos\",\"publisher\":{\"@id\":\"https:\/\/www.suno.com.br\/noticias\/#organization\"},\"potentialAction\":[{\"@type\":\"SearchAction\",\"target\":{\"@type\":\"EntryPoint\",\"urlTemplate\":\"https:\/\/www.suno.com.br\/noticias\/?s={search_term_string}\"},\"query-input\":{\"@type\":\"PropertyValueSpecification\",\"valueRequired\":true,\"valueName\":\"search_term_string\"}}],\"inLanguage\":\"pt-BR\"},{\"@type\":\"Organization\",\"@id\":\"https:\/\/www.suno.com.br\/noticias\/#organization\",\"name\":\"Suno Not\u00edcias\",\"url\":\"https:\/\/www.suno.com.br\/noticias\/\",\"logo\":{\"@type\":\"ImageObject\",\"inLanguage\":\"pt-BR\",\"@id\":\"https:\/\/www.suno.com.br\/noticias\/#\/schema\/logo\/image\/\",\"url\":\"https:\/\/files.sunoresearch.com.br\/n\/uploads\/2021\/09\/suno-logo.png\",\"contentUrl\":\"https:\/\/files.sunoresearch.com.br\/n\/uploads\/2021\/09\/suno-logo.png\",\"width\":180,\"height\":180,\"caption\":\"Suno Not\u00edcias\"},\"image\":{\"@id\":\"https:\/\/www.suno.com.br\/noticias\/#\/schema\/logo\/image\/\"},\"sameAs\":[\"https:\/\/facebook.com\/sunoresearch\",\"https:\/\/x.com\/sunoresearch\",\"https:\/\/www.instagram.com\/suno\",\"https:\/\/www.linkedin.com\/company\/suno-research\/\",\"https:\/\/www.youtube.com\/c\/sunoresearch\"]},{\"@type\":\"Person\",\"@id\":\"https:\/\/www.suno.com.br\/noticias\/#\/schema\/person\/918d79de1f0281f01599b93f9ea6e23f\",\"name\":\"Jader Lazarini\",\"image\":{\"@type\":\"ImageObject\",\"inLanguage\":\"pt-BR\",\"@id\":\"https:\/\/www.suno.com.br\/noticias\/#\/schema\/person\/image\/\",\"url\":\"https:\/\/secure.gravatar.com\/avatar\/3c1ad8caa51589841baeb923fcddea97?s=96&r=g\",\"contentUrl\":\"https:\/\/secure.gravatar.com\/avatar\/3c1ad8caa51589841baeb923fcddea97?s=96&r=g\",\"caption\":\"Jader Lazarini\"},\"description\":\"Jader Lazarini escreve sobre investimentos, finan\u00e7as, economia e neg\u00f3cios. \u00c9 bacharel em Rela\u00e7\u00f5es Internacionais e analista CNPI (2619).\",\"url\":\"https:\/\/www.suno.com.br\/noticias\/author\/jader-lazarini\/\"}]}<\/script>\n<!-- \/ Yoast SEO plugin. -->","yoast_head_json":{"title":"Minerva (BEEF3) quer zerar emiss\u00f5es l\u00edquidas at\u00e9 2035","description":"A Minerva (BEEF3) tra\u00e7ou um plano para zerar suas emiss\u00f5es l\u00edquidas at\u00e9 2035, em sua nova estrat\u00e9gia de sustentabilidade. Saiba mais.","robots":{"index":"index","follow":"follow","max-snippet":"max-snippet:-1","max-image-preview":"max-image-preview:large","max-video-preview":"max-video-preview:-1"},"canonical":"https:\/\/www.suno.com.br\/noticias\/minerva-beef3-zerar-emissoes-liquidas\/","og_locale":"pt_BR","og_type":"article","og_title":"Minerva (BEEF3) quer zerar emiss\u00f5es l\u00edquidas at\u00e9 2035","og_description":"A Minerva (BEEF3) tra\u00e7ou um plano para zerar suas emiss\u00f5es l\u00edquidas at\u00e9 2035, em sua nova estrat\u00e9gia de sustentabilidade. Saiba mais.","og_url":"https:\/\/www.suno.com.br\/noticias\/minerva-beef3-zerar-emissoes-liquidas\/","og_site_name":"Suno Not\u00edcias","article_publisher":"https:\/\/facebook.com\/sunoresearch","og_image":[{"width":900,"height":600,"url":"https:\/\/files.sunoresearch.com.br\/n\/uploads\/2021\/02\/331650bf-whatsapp-image-2021-02-25-at-20.31.54.jpeg","type":"image\/jpeg"}],"author":"Jader Lazarini","twitter_card":"summary_large_image","twitter_creator":"@sunoresearch","twitter_site":"@sunoresearch","twitter_misc":{"Escrito por":"Jader Lazarini","Est. tempo de leitura":"2 minutos"},"schema":{"@context":"https:\/\/schema.org","@graph":[{"@type":"NewsArticle","@id":"https:\/\/www.suno.com.br\/noticias\/minerva-beef3-zerar-emissoes-liquidas\/#article","isPartOf":{"@id":"https:\/\/www.suno.com.br\/noticias\/minerva-beef3-zerar-emissoes-liquidas\/"},"author":{"name":"Jader Lazarini","@id":"https:\/\/www.suno.com.br\/noticias\/#\/schema\/person\/918d79de1f0281f01599b93f9ea6e23f"},"headline":"Minerva (BEEF3) quer zerar emiss\u00f5es l\u00edquidas at\u00e9 2035","datePublished":"2021-04-15T16:16:06+00:00","mainEntityOfPage":{"@id":"https:\/\/www.suno.com.br\/noticias\/minerva-beef3-zerar-emissoes-liquidas\/"},"wordCount":413,"publisher":{"@id":"https:\/\/www.suno.com.br\/noticias\/#organization"},"image":{"@id":"https:\/\/www.suno.com.br\/noticias\/minerva-beef3-zerar-emissoes-liquidas\/#primaryimage"},"thumbnailUrl":"https:\/\/files.sunoresearch.com.br\/n\/uploads\/2021\/02\/331650bf-whatsapp-image-2021-02-25-at-20.31.54-jpeg.webp","keywords":["ESG","frigor\u00edficos","Minerva (BEEF11\/BEEF3)","Sustentabilidade"],"articleSection":["Neg\u00f3cios"],"inLanguage":"pt-BR"},{"@type":"WebPage","@id":"https:\/\/www.suno.com.br\/noticias\/minerva-beef3-zerar-emissoes-liquidas\/","url":"https:\/\/www.suno.com.br\/noticias\/minerva-beef3-zerar-emissoes-liquidas\/","name":"Minerva (BEEF3) quer zerar emiss\u00f5es l\u00edquidas at\u00e9 2035","isPartOf":{"@id":"https:\/\/www.suno.com.br\/noticias\/#website"},"primaryImageOfPage":{"@id":"https:\/\/www.suno.com.br\/noticias\/minerva-beef3-zerar-emissoes-liquidas\/#primaryimage"},"image":{"@id":"https:\/\/www.suno.com.br\/noticias\/minerva-beef3-zerar-emissoes-liquidas\/#primaryimage"},"thumbnailUrl":"https:\/\/files.sunoresearch.com.br\/n\/uploads\/2021\/02\/331650bf-whatsapp-image-2021-02-25-at-20.31.54-jpeg.webp","datePublished":"2021-04-15T16:16:06+00:00","description":"A Minerva (BEEF3) tra\u00e7ou um plano para zerar suas emiss\u00f5es l\u00edquidas at\u00e9 2035, em sua nova estrat\u00e9gia de sustentabilidade. Saiba mais.","breadcrumb":{"@id":"https:\/\/www.suno.com.br\/noticias\/minerva-beef3-zerar-emissoes-liquidas\/#breadcrumb"},"inLanguage":"pt-BR","potentialAction":[{"@type":"ReadAction","target":["https:\/\/www.suno.com.br\/noticias\/minerva-beef3-zerar-emissoes-liquidas\/"]}]},{"@type":"ImageObject","inLanguage":"pt-BR","@id":"https:\/\/www.suno.com.br\/noticias\/minerva-beef3-zerar-emissoes-liquidas\/#primaryimage","url":"https:\/\/files.sunoresearch.com.br\/n\/uploads\/2021\/02\/331650bf-whatsapp-image-2021-02-25-at-20.31.54-jpeg.webp","contentUrl":"https:\/\/files.sunoresearch.com.br\/n\/uploads\/2021\/02\/331650bf-whatsapp-image-2021-02-25-at-20.31.54-jpeg.webp","width":900,"height":600,"caption":"Minerva (BEEF3): Foto: Divulga\u00e7\u00e3o."},{"@type":"BreadcrumbList","@id":"https:\/\/www.suno.com.br\/noticias\/minerva-beef3-zerar-emissoes-liquidas\/#breadcrumb","itemListElement":[{"@type":"ListItem","position":1,"name":"Not\u00edcias","item":"https:\/\/www.suno.com.br\/noticias\/"},{"@type":"ListItem","position":2,"name":"Neg\u00f3cios","item":"https:\/\/www.suno.com.br\/noticias\/negocios\/"},{"@type":"ListItem","position":3,"name":"Minerva (BEEF3) quer zerar emiss\u00f5es l\u00edquidas at\u00e9 2035"}]},{"@type":"WebSite","@id":"https:\/\/www.suno.com.br\/noticias\/#website","url":"https:\/\/www.suno.com.br\/noticias\/","name":"Suno Not\u00edcias","description":"Seu portal de informa\u00e7\u00e3o sobre o mundo dos investimentos","publisher":{"@id":"https:\/\/www.suno.com.br\/noticias\/#organization"},"potentialAction":[{"@type":"SearchAction","target":{"@type":"EntryPoint","urlTemplate":"https:\/\/www.suno.com.br\/noticias\/?s={search_term_string}"},"query-input":{"@type":"PropertyValueSpecification","valueRequired":true,"valueName":"search_term_string"}}],"inLanguage":"pt-BR"},{"@type":"Organization","@id":"https:\/\/www.suno.com.br\/noticias\/#organization","name":"Suno Not\u00edcias","url":"https:\/\/www.suno.com.br\/noticias\/","logo":{"@type":"ImageObject","inLanguage":"pt-BR","@id":"https:\/\/www.suno.com.br\/noticias\/#\/schema\/logo\/image\/","url":"https:\/\/files.sunoresearch.com.br\/n\/uploads\/2021\/09\/suno-logo.png","contentUrl":"https:\/\/files.sunoresearch.com.br\/n\/uploads\/2021\/09\/suno-logo.png","width":180,"height":180,"caption":"Suno Not\u00edcias"},"image":{"@id":"https:\/\/www.suno.com.br\/noticias\/#\/schema\/logo\/image\/"},"sameAs":["https:\/\/facebook.com\/sunoresearch","https:\/\/x.com\/sunoresearch","https:\/\/www.instagram.com\/suno","https:\/\/www.linkedin.com\/company\/suno-research\/","https:\/\/www.youtube.com\/c\/sunoresearch"]},{"@type":"Person","@id":"https:\/\/www.suno.com.br\/noticias\/#\/schema\/person\/918d79de1f0281f01599b93f9ea6e23f","name":"Jader Lazarini","image":{"@type":"ImageObject","inLanguage":"pt-BR","@id":"https:\/\/www.suno.com.br\/noticias\/#\/schema\/person\/image\/","url":"https:\/\/secure.gravatar.com\/avatar\/3c1ad8caa51589841baeb923fcddea97?s=96&r=g","contentUrl":"https:\/\/secure.gravatar.com\/avatar\/3c1ad8caa51589841baeb923fcddea97?s=96&r=g","caption":"Jader Lazarini"},"description":"Jader Lazarini escreve sobre investimentos, finan\u00e7as, economia e neg\u00f3cios. \u00c9 bacharel em Rela\u00e7\u00f5es Internacionais e analista CNPI (2619).","url":"https:\/\/www.suno.com.br\/noticias\/author\/jader-lazarini\/"}]}},"default_loop_html":"<div class=\"cardsPage__listCard__boxs\"><div class=\"cardsPage__listCard__boxs__img\"><a href=\"https:\/\/www.suno.com.br\/noticias\/minerva-beef3-zerar-emissoes-liquidas\/\"><img class=\"mask\" src=\"https:\/\/www.suno.com.br\/noticias\/wp-content\/themes\/suno\/resources\/images\/spotlight\/spotlight1img\/bg-mask.png\" alt=\"Image Mask\"\/><img src=\"https:\/\/files.sunoresearch.com.br\/n\/uploads\/2021\/02\/331650bf-whatsapp-image-2021-02-25-at-20.31.54-400x200.webp\" alt=\"Minerva (BEEF3) quer zerar emiss\u00f5es l\u00edquidas at\u00e9 2035\"\/><\/a><span class=\"spotlightCategory\"><a href=\"https:\/\/www.suno.com.br\/noticias\/negocios\/\">Neg\u00f3cios<\/a><\/span><\/div><div class=\"cardsPage__listCard__boxs__content\"><a href=\"https:\/\/www.suno.com.br\/noticias\/minerva-beef3-zerar-emissoes-liquidas\/\"><h2 class=\"content__title\">Minerva (BEEF3) quer zerar emiss\u00f5es l\u00edquidas at\u00e9 2035<\/h2><\/a><div class=\"newsContent__article__meta\"><div class=\"newsContent__article__meta__authorBox\"><a href=\"https:\/\/www.suno.com.br\/noticias\/author\/jader-lazarini\/\" class=\"authorBox__avatar noMobi\"><img src=\"https:\/\/files.sunoresearch.com.br\/n\/uploads\/2021\/01\/178e6598-foto-perfil-2-150x150.jpg\" alt=\"Jader Lazarini\"><\/a><div class=\"authorBox__name\"><span>por\n\t\t\t<a href=\"https:\/\/www.suno.com.br\/noticias\/author\/jader-lazarini\/\"><span itemprop=\"author\">Jader Lazarini<\/span><\/a><\/span><time datetime=\"2021-04-15T13:16:06-03:00\" itemprop=\"datePublished\">15\/04\/2021 13:16<\/time><\/div><\/div><\/div><\/div><\/div>","single_layout":"posts","amp_enabled":true,"_links":{"self":[{"href":"https:\/\/www.suno.com.br\/noticias\/wp-json\/wp\/v2\/posts\/139785"}],"collection":[{"href":"https:\/\/www.suno.com.br\/noticias\/wp-json\/wp\/v2\/posts"}],"about":[{"href":"https:\/\/www.suno.com.br\/noticias\/wp-json\/wp\/v2\/types\/post"}],"author":[{"embeddable":true,"href":"https:\/\/www.suno.com.br\/noticias\/wp-json\/wp\/v2\/users\/24"}],"replies":[{"embeddable":true,"href":"https:\/\/www.suno.com.br\/noticias\/wp-json\/wp\/v2\/comments?post=139785"}],"version-history":[{"count":1,"href":"https:\/\/www.suno.com.br\/noticias\/wp-json\/wp\/v2\/posts\/139785\/revisions"}],"predecessor-version":[{"id":139797,"href":"https:\/\/www.suno.com.br\/noticias\/wp-json\/wp\/v2\/posts\/139785\/revisions\/139797"}],"wp:featuredmedia":[{"embeddable":true,"href":"https:\/\/www.suno.com.br\/noticias\/wp-json\/wp\/v2\/media\/126871"}],"wp:attachment":[{"href":"https:\/\/www.suno.com.br\/noticias\/wp-json\/wp\/v2\/media?parent=139785"}],"wp:term":[{"taxonomy":"category","embeddable":true,"href":"https:\/\/www.suno.com.br\/noticias\/wp-json\/wp\/v2\/categories?post=139785"},{"taxonomy":"post_tag","embeddable":true,"href":"https:\/\/www.suno.com.br\/noticias\/wp-json\/wp\/v2\/tags?post=139785"},{"taxonomy":"suno_strategy","embeddable":true,"href":"https:\/\/www.suno.com.br\/noticias\/wp-json\/wp\/v2\/suno_strategy?post=139785"}],"curies":[{"name":"wp","href":"https:\/\/api.w.org\/{rel}","templated":true}]}}