{"id":139442,"date":"2021-04-14T18:07:57","date_gmt":"2021-04-14T21:07:57","guid":{"rendered":"https:\/\/www.suno.com.br\/noticias\/?p=139442"},"modified":"2021-05-31T00:40:05","modified_gmt":"2021-05-31T03:40:05","slug":"pandemia-afeta-ipos-setor-saude","status":"publish","type":"post","link":"https:\/\/www.suno.com.br\/noticias\/pandemia-afeta-ipos-setor-saude\/","title":{"rendered":"IPOs do setor de sa\u00fade tamb\u00e9m s\u00e3o afetados pela piora da pandemia"},"content":{"rendered":"<p>As a\u00e7\u00f5es das empresas do setor de <strong>sa\u00fade<\/strong> n\u00e3o deixaram de ser afeadas pela piora da pandemia de coronav\u00edrus (Covid-19) no Brasil, e pelo ritmo lento de vacina\u00e7\u00e3o.<\/p>\t<div class=\"wrapper-featured-image\">\n\t\t<figure class=\"spotlightImg\">\n\n\t\t\t<picture>\n\t\t\t\t<source media=\"(max-width: 768px)\" srcset=\"https:\/\/files.sunoresearch.com.br\/n\/uploads\/2021\/03\/a062b825-setor-saude1-400x200.webp\">\n\t\t\t\t<img loading=\"lazy\" decoding=\"async\" class=\"newsContent__article__imgCapa lazyloadDisabled \" src=\"https:\/\/files.sunoresearch.com.br\/n\/uploads\/2021\/03\/a062b825-setor-saude1-800x450.webp\" width=\"800\" height=\"450\" alt=\"IPOs do setor de sa\u00fade tamb\u00e9m s\u00e3o afetados pela piora da pandemia\" fetchpriority=high \/>\n\t\t\t<\/picture>\n\n\t\t\t<figcaption class=\"wp-caption-text wp-caption-text--show\">Banco projeta crescimento s\u00f3lido para Rede D&#039;Or e outras empresas do setor.Foto: Pixabay<\/figcaption>\n\t\t<\/figure>\n\t<\/div>\n\n\n\t<p>\n\t\t<a href=\"https:\/\/lp.suno.com.br\/planilha-controle-gastos\/\" target=\"_blank\" data-element=\"shortcode-suno-banner\" title=\"Banner SUNO, clique e saiba mais\">\n\t\t\t<picture>\n\t\t\t\t<source media=\"(max-width: 500px)\" srcset=\"https:\/\/files.sunoresearch.com.br\/n\/uploads\/2023\/03\/400x300-Planilha-controle-de-gastos.png\">\n\t\t\t\t<img class=\"newsContent__article__imgCapa newsContent__article__imgCapa--banner\"\n\t\t\t\t\tsrc=\"https:\/\/files.sunoresearch.com.br\/n\/uploads\/2023\/03\/1420x240-Planilha-controle-de-gastos.png\"\n\t\t\t\t\tdata-promo-id=\"101751\"\t\t\t\t\t\t\t\t\t\twidth='1420' height='240'\t\t\t\t\talt=\"https:\/\/files.sunoresearch.com.br\/n\/uploads\/2023\/03\/1420x240-Planilha-controle-de-gastos.png\"\n\t\t\t\t>\n\t\t\t<\/picture>\n\t\t<\/a>\n\t<\/p>\n\n\n<p>Se at\u00e9 pouco tempo atr\u00e1s o setor de sa\u00fade era &#8220;queridinho&#8221; do mercado financeiro e uma grande aposta para atual temporada de <a href=\"https:\/\/www.suno.com.br\/artigos\/ipo\/\">ofertas iniciais de a\u00e7\u00f5es (IPO, pela sigla em ingl\u00eas)<\/a>, com a piora da pandemia, em poucos dias, companhias que tinham lan\u00e7ado ofertas bastante ambiciosas tiveram de reduzir estimativas de pre\u00e7os e postergar suas opera\u00e7\u00f5es, refletindo a maior percep\u00e7\u00e3o ao risco em rela\u00e7\u00e3o ao Pa\u00eds.<\/p>\n<p>Embora a situa\u00e7\u00e3o n\u00e3o esteja t\u00e3o dif\u00edcil quanto para neg\u00f3cios de outras \u00e1reas &#8211; um total de 18 empresas simplesmente desistiu de ir \u00e0 <a href=\"https:\/\/www.suno.com.br\/artigos\/bolsa-de-valores\/\">Bolsa<\/a> neste momento, incluindo marcas como <strong>Wine, Kalunga<\/strong> e <strong>Tok &amp; Stok<\/strong> -, os ventos n\u00e3o s\u00e3o mais t\u00e3o favor\u00e1veis para as <strong>empresas de sa\u00fade.<\/strong><\/p>\n<p><a href=\"https:\/\/lp.suno.com.br\/suno-one\/\">Suno One: acesse gratuitamente eBooks, Minicursos, Artigos e V\u00eddeo Aulas sobre investimentos com um \u00fanico cadastro. Clique para saber mais!<\/a><\/p>\n<p>Para conseguir emplacar sua opera\u00e7\u00e3o, na semana passada, a rede de laborat\u00f3rios cl\u00ednicos Diagn\u00f3sticos da Am\u00e9rica &#8211;<a href=\"https:\/\/www.suno.com.br\/acoes\/dasa3\/\"><strong>Dasa (DASA3)<\/strong><\/a> teve de aceitar um desconto em rela\u00e7\u00e3o ao pre\u00e7o desejado.<\/p>\n<p>E a Dasa n\u00e3o foi a \u00fanica a ceder \u00e0 nova realidade da Bolsa. A fabricante de medicamentos<strong> Blau (BLAU3)<\/strong> teve de reduzir o total de a\u00e7\u00f5es a serem vendidas no IPO. Al\u00e9m disso, a companhia adiou o fechamento da opera\u00e7\u00e3o em uma semana, indicando a potenciais investidores que poderia reduzir o pre\u00e7o anteriormente definido como m\u00ednimo em 10%, apurou o Estad\u00e3o.<\/p>\n<p>Nem redes de hospitais est\u00e3o imunes a contratempos. A rede de sa\u00fade <strong>Mater Dei (MATD3),<\/strong> de Belo Horizonte, considera diminuir em at\u00e9 15% o valor inicialmente proposto na oferta, ap\u00f3s press\u00e3o de investidores por descontos.<\/p>\n\t<div data-element=\"shortcode-read-more\" class=\"knowMore\">\n\t\t\t\t<span class=\"knowMore__title\">Leia tamb\u00e9m <\/span>\n\t\t\t\t<a class=\"knowMore__link\" href=\"https:\/\/www.suno.com.br\/noticias\/consolidacao-hapvida-hapv3-dasa-dasa3-e-rede-dor-rdor3\/\">\n\t\t\tHapvida (HAPV3), Dasa (DASA3) e Rede D&#039;Or (RDOR3) lideram corrida de consolida\u00e7\u00e3o\t\t<\/a>\n\t<\/div>\n\n\n<p>Procuradas, Blau e Mater Dei, que definem o valor de suas ofertas amanh\u00e3, n\u00e3o comentaram o tema, por estarem em per\u00edodo de sil\u00eancio.<\/p>\n<h2>Setor de sa\u00fade lidera em total de pedidos de IPOs<\/h2>\n<p>Ainda assim, \u00e9 grande a fila de nomes do setor, que lidera em total de pedidos de <strong>IPOs<\/strong> \u00e0<a href=\"https:\/\/www.suno.com.br\/artigos\/cvm\/\"> Comiss\u00e3o de Valores Mobili\u00e1rios (CVM)<\/a>.<\/p>\n<p>A Kora Sa\u00fade, com sete hospitais no Esp\u00edrito Santo, dois no Tocantins e um no Mato Grosso, prev\u00ea uma arrecada\u00e7\u00e3o de R$ 1,7 bilh\u00e3o na<strong> estreia na B3.<\/strong> A lista ainda inclui o Care Caled\u00f4nia, de Campinas (que projeta levantar R$ 1,1 bilh\u00e3o), a distribuidora de medicamentos e materiais CM Hospitalar (R$ 2 bilh\u00f5es), a farmac\u00eautica Athena e o laborat\u00f3rio Teuto. Para as pr\u00f3ximas semanas haver\u00e1 tamb\u00e9m a oferta subsequente da Hapvida, que ocorre na esteira da fus\u00e3o com a Notredame Interm\u00e9dica.<\/p>\n<p>O setor de sa\u00fade, tradicionalmente, acaba tendo um &#8220;pr\u00eamio&#8221; de pre\u00e7o em rela\u00e7\u00e3o a outros segmentos &#8211; at\u00e9 pelo hist\u00f3rico de bons resultados. A abertura de capital da <a href=\"https:\/\/www.suno.com.br\/acoes\/rdor3\/\">Rede D&#8217;Or (RDOR3), <\/a>em dezembro, movimentou R$ 11 bilh\u00f5es &#8211; uma das maiores da hist\u00f3ria da Bolsa brasileira e com demanda muito acima \u00e0 oferta.<\/p>\n<h2>&#8220;O que est\u00e1 acontecendo \u00e9 c\u00edclico&#8221;<\/h2>\n<p>A exig\u00eancia de descontos tem mais rela\u00e7\u00e3o com o humor do mercado do que com o setor. &#8220;O que est\u00e1 acontecendo \u00e9 c\u00edclico: os investidores est\u00e3o reprecificando riscos. As incertezas, os ru\u00eddos pol\u00edticos, a crise sanit\u00e1ria e o recente aumento dos juros mudam o c\u00e1lculo de quanto vale uma<a href=\"https:\/\/www.suno.com.br\/artigos\/tipos-de-acoes\/\"> nova a\u00e7\u00e3o<\/a> no mercado&#8221;, explica o presidente da corretora BCG Liquidez, Erm\u00ednio Lucci.<\/p>\n<p>Heloise Sanchez, da equipe de an\u00e1lise da Terra Investimentos, refor\u00e7a que as desist\u00eancias refletem as incertezas pol\u00edtico-econ\u00f4micas do Pa\u00eds.<\/p>\n\t<div data-element=\"shortcode-read-more\" class=\"knowMore\">\n\t\t\t\t<span class=\"knowMore__title\">Veja tamb\u00e9m<\/span>\n\t\t\t\t<a class=\"knowMore__link\" href=\"https:\/\/www.suno.com.br\/noticias\/setor-de-saude-compras-verticalizar-ganhar-preco\/\">\n\t\t\tSetor de sa\u00fade acelera compras para verticalizar opera\u00e7\u00f5es e ganhar no pre\u00e7o\t\t<\/a>\n\t<\/div>\n\n\n<p>&#8220;O Pa\u00eds passa por redu\u00e7\u00e3o do aux\u00edlio emergencial, maiores restri\u00e7\u00f5es de lockdown, Or\u00e7amento ainda n\u00e3o aprovado, aumento de infla\u00e7\u00e3o, <a href=\"https:\/\/www.suno.com.br\/artigos\/taxa-selic\/\">alta da Selic<\/a>, d\u00f3lar desvalorizado, entre outros. Tudo isso faz com que as empresas fiquem mais receosas, aguardando maiores desdobramentos para tomada de decis\u00f5es. Com isso, um IPO que parecia bastante vi\u00e1vel h\u00e1 seis meses acaba gerando d\u00favidas da viabilidade no meio de um cen\u00e1rio t\u00e3o incerto.&#8221;<\/p>\n\t<p>\n\t\t<a href=\"https:\/\/lp.suno.com.br\/planilha-da-vida-financeira\/\" target=\"_blank\" data-element=\"shortcode-suno-banner\" title=\"Banner SUNO, clique e saiba mais\">\n\t\t\t<picture>\n\t\t\t\t<source media=\"(max-width: 500px)\" srcset=\"https:\/\/files.sunoresearch.com.br\/n\/uploads\/2023\/04\/400x300-Planilha-vida-financeira-true.png\">\n\t\t\t\t<img class=\"newsContent__article__imgCapa newsContent__article__imgCapa--banner\"\n\t\t\t\t\tsrc=\"https:\/\/files.sunoresearch.com.br\/n\/uploads\/2023\/04\/1420x240-Planilha-vida-financeira-true.png\"\n\t\t\t\t\tdata-promo-id=\"106682\"\t\t\t\t\t\t\t\t\t\twidth='1420' height='240'\t\t\t\t\talt=\"https:\/\/files.sunoresearch.com.br\/n\/uploads\/2023\/04\/1420x240-Planilha-vida-financeira-true.png\"\n\t\t\t\t>\n\t\t\t<\/picture>\n\t\t<\/a>\n\t<\/p>\n\n\n<p>J\u00e1 o \u00a0gerente de pesquisa da corretora Ativa Investimentos, Pedro Serra diz que &#8220;Essa quest\u00e3o de cancelamentos e adiamentos de IPO \u00e9 normal. Costuma acontecer, mesmo no setor de <strong>sa\u00fade,<\/strong> que vive um cen\u00e1rio de crescimento. Vimos um aumento de ofertas de empresas de sa\u00fade e isso acabou dividindo as aten\u00e7\u00f5es dos investidores&#8221;, diz o gerente de pesquisa da corretora Ativa Investimentos, Pedro Serra.<\/p>\n<p><em> Com informa\u00e7\u00f5es do jornal O Estado de S. Paulo e Estad\u00e3o Conte\u00fado<\/em><\/p>\n\t<p>\n\t\t<a href=\"https:\/\/lp.suno.com.br\/planilha-de-controle-de-investimentos\/\" target=\"_blank\" data-element=\"shortcode-suno-banner\" title=\"Banner SUNO, clique e saiba mais\">\n\t\t\t<picture>\n\t\t\t\t<source media=\"(max-width: 500px)\" srcset=\"https:\/\/files.sunoresearch.com.br\/n\/uploads\/2023\/03\/400x300-Controle-de-Investimentos.png\">\n\t\t\t\t<img class=\"newsContent__article__imgCapa newsContent__article__imgCapa--banner\"\n\t\t\t\t\tsrc=\"https:\/\/files.sunoresearch.com.br\/n\/uploads\/2023\/03\/1420x240-Controle-de-Investimentos.png\"\n\t\t\t\t\tdata-promo-id=\"75934\"\t\t\t\t\t\t\t\t\t\twidth='1420' height='240'\t\t\t\t\talt=\"https:\/\/files.sunoresearch.com.br\/n\/uploads\/2023\/03\/1420x240-Controle-de-Investimentos.png\"\n\t\t\t\t>\n\t\t\t<\/picture>\n\t\t<\/a>\n\t<\/p>\n\n\n","protected":false},"excerpt":{"rendered":"<p>As a\u00e7\u00f5es das empresas do setor de sa\u00fade n\u00e3o deixaram de ser afeadas pela piora da pandemia de coronav\u00edrus (Covid-19) no Brasil, e pelo ritmo lento de vacina\u00e7\u00e3o. Banco projeta crescimento s\u00f3lido para Rede D&#039;Or e outras empresas do setor.Foto: Pixabay Se at\u00e9 pouco tempo atr\u00e1s o setor de sa\u00fade era &#8220;queridinho&#8221; do mercado financeiro [&hellip;]<\/p>\n","protected":false},"author":39,"featured_media":130481,"comment_status":"closed","ping_status":"closed","sticky":false,"template":"","format":"standard","meta":[],"categories":[64],"tags":[106070,444,319,105852,105801,105927],"suno_strategy":[],"class_list":["post-139442","post","type-post","status-publish","format-standard","has-post-thumbnail","hentry","category-negocios","tag-blau-farmaceutica-blau3","tag-dasa-dasa3","tag-ipo-oferta-inicial-de-acoes","tag-kora-saude-krsa3","tag-mater-dei-matd3","tag-setor-de-saude"],"yoast_head":"<!-- This site is optimized with the Yoast SEO plugin v24.4 - https:\/\/yoast.com\/wordpress\/plugins\/seo\/ -->\n<title>IPOs do setor de sa\u00fade tamb\u00e9m s\u00e3o afetados pela piora da pandemia<\/title>\n<meta name=\"description\" content=\"As a\u00e7\u00f5es das empresas de sa\u00fade n\u00e3o deixaram de ser afeadas pela piora da pandemia e pelo ritmo lento de vacina\u00e7\u00e3o. Clique e saiba mais!\" \/>\n<meta name=\"robots\" content=\"index, follow, max-snippet:-1, max-image-preview:large, max-video-preview:-1\" \/>\n<link rel=\"canonical\" href=\"https:\/\/www.suno.com.br\/noticias\/pandemia-afeta-ipos-setor-saude\/\" \/>\n<meta property=\"og:locale\" content=\"pt_BR\" \/>\n<meta property=\"og:type\" content=\"article\" \/>\n<meta property=\"og:title\" content=\"IPOs do setor de sa\u00fade tamb\u00e9m s\u00e3o afetados pela piora da pandemia\" \/>\n<meta property=\"og:description\" content=\"As a\u00e7\u00f5es das empresas de sa\u00fade n\u00e3o deixaram de ser afeadas pela piora da pandemia e pelo ritmo lento de vacina\u00e7\u00e3o. Clique e saiba mais!\" \/>\n<meta property=\"og:url\" content=\"https:\/\/www.suno.com.br\/noticias\/pandemia-afeta-ipos-setor-saude\/\" \/>\n<meta property=\"og:site_name\" content=\"Suno Not\u00edcias\" \/>\n<meta property=\"article:publisher\" content=\"https:\/\/facebook.com\/sunoresearch\" \/>\n<meta property=\"og:image\" content=\"https:\/\/files.sunoresearch.com.br\/n\/uploads\/2021\/03\/a062b825-setor-saude1.jpg\" \/>\n\t<meta property=\"og:image:width\" content=\"1200\" \/>\n\t<meta property=\"og:image:height\" content=\"799\" \/>\n\t<meta property=\"og:image:type\" content=\"image\/jpeg\" \/>\n<meta name=\"author\" content=\"Laura Moutinho\" \/>\n<meta name=\"twitter:card\" content=\"summary_large_image\" \/>\n<meta name=\"twitter:creator\" content=\"@sunoresearch\" \/>\n<meta name=\"twitter:site\" content=\"@sunoresearch\" \/>\n<meta name=\"twitter:label1\" content=\"Escrito por\" \/>\n\t<meta name=\"twitter:data1\" content=\"Laura Moutinho\" \/>\n\t<meta name=\"twitter:label2\" content=\"Est. tempo de leitura\" \/>\n\t<meta name=\"twitter:data2\" content=\"4 minutos\" \/>\n<script type=\"application\/ld+json\" class=\"yoast-schema-graph\">{\"@context\":\"https:\/\/schema.org\",\"@graph\":[{\"@type\":\"NewsArticle\",\"@id\":\"https:\/\/www.suno.com.br\/noticias\/pandemia-afeta-ipos-setor-saude\/#article\",\"isPartOf\":{\"@id\":\"https:\/\/www.suno.com.br\/noticias\/pandemia-afeta-ipos-setor-saude\/\"},\"author\":{\"name\":\"Laura Moutinho\",\"@id\":\"https:\/\/www.suno.com.br\/noticias\/#\/schema\/person\/3df0d2808748b74496efe5dbeaef2c72\"},\"headline\":\"IPOs do setor de sa\u00fade tamb\u00e9m s\u00e3o afetados pela piora da pandemia\",\"datePublished\":\"2021-04-14T21:07:57+00:00\",\"dateModified\":\"2021-05-31T03:40:05+00:00\",\"mainEntityOfPage\":{\"@id\":\"https:\/\/www.suno.com.br\/noticias\/pandemia-afeta-ipos-setor-saude\/\"},\"wordCount\":844,\"publisher\":{\"@id\":\"https:\/\/www.suno.com.br\/noticias\/#organization\"},\"image\":{\"@id\":\"https:\/\/www.suno.com.br\/noticias\/pandemia-afeta-ipos-setor-saude\/#primaryimage\"},\"thumbnailUrl\":\"https:\/\/files.sunoresearch.com.br\/n\/uploads\/2021\/03\/a062b825-setor-saude1-jpg.webp\",\"keywords\":[\"Blau Farmac\u00eautica (BLAU3)\",\"Dasa (DASA3)\",\"IPO (Oferta Inicial de A\u00e7\u00f5es)\",\"Kora Sa\u00fade (KRSA3)\",\"Mater Dei (MATD3)\",\"setor de sa\u00fade\"],\"articleSection\":[\"Neg\u00f3cios\"],\"inLanguage\":\"pt-BR\"},{\"@type\":\"WebPage\",\"@id\":\"https:\/\/www.suno.com.br\/noticias\/pandemia-afeta-ipos-setor-saude\/\",\"url\":\"https:\/\/www.suno.com.br\/noticias\/pandemia-afeta-ipos-setor-saude\/\",\"name\":\"IPOs do setor de sa\u00fade tamb\u00e9m s\u00e3o afetados pela piora da pandemia\",\"isPartOf\":{\"@id\":\"https:\/\/www.suno.com.br\/noticias\/#website\"},\"primaryImageOfPage\":{\"@id\":\"https:\/\/www.suno.com.br\/noticias\/pandemia-afeta-ipos-setor-saude\/#primaryimage\"},\"image\":{\"@id\":\"https:\/\/www.suno.com.br\/noticias\/pandemia-afeta-ipos-setor-saude\/#primaryimage\"},\"thumbnailUrl\":\"https:\/\/files.sunoresearch.com.br\/n\/uploads\/2021\/03\/a062b825-setor-saude1-jpg.webp\",\"datePublished\":\"2021-04-14T21:07:57+00:00\",\"dateModified\":\"2021-05-31T03:40:05+00:00\",\"description\":\"As a\u00e7\u00f5es das empresas de sa\u00fade n\u00e3o deixaram de ser afeadas pela piora da pandemia e pelo ritmo lento de vacina\u00e7\u00e3o. Clique e saiba mais!\",\"breadcrumb\":{\"@id\":\"https:\/\/www.suno.com.br\/noticias\/pandemia-afeta-ipos-setor-saude\/#breadcrumb\"},\"inLanguage\":\"pt-BR\",\"potentialAction\":[{\"@type\":\"ReadAction\",\"target\":[\"https:\/\/www.suno.com.br\/noticias\/pandemia-afeta-ipos-setor-saude\/\"]}]},{\"@type\":\"ImageObject\",\"inLanguage\":\"pt-BR\",\"@id\":\"https:\/\/www.suno.com.br\/noticias\/pandemia-afeta-ipos-setor-saude\/#primaryimage\",\"url\":\"https:\/\/files.sunoresearch.com.br\/n\/uploads\/2021\/03\/a062b825-setor-saude1-jpg.webp\",\"contentUrl\":\"https:\/\/files.sunoresearch.com.br\/n\/uploads\/2021\/03\/a062b825-setor-saude1-jpg.webp\",\"width\":1200,\"height\":799,\"caption\":\"Banco projeta crescimento s\u00f3lido para Rede D'Or e outras empresas do setor.Foto: Pixabay\"},{\"@type\":\"BreadcrumbList\",\"@id\":\"https:\/\/www.suno.com.br\/noticias\/pandemia-afeta-ipos-setor-saude\/#breadcrumb\",\"itemListElement\":[{\"@type\":\"ListItem\",\"position\":1,\"name\":\"Not\u00edcias\",\"item\":\"https:\/\/www.suno.com.br\/noticias\/\"},{\"@type\":\"ListItem\",\"position\":2,\"name\":\"Neg\u00f3cios\",\"item\":\"https:\/\/www.suno.com.br\/noticias\/negocios\/\"},{\"@type\":\"ListItem\",\"position\":3,\"name\":\"IPOs do setor de sa\u00fade tamb\u00e9m s\u00e3o afetados pela piora da pandemia\"}]},{\"@type\":\"WebSite\",\"@id\":\"https:\/\/www.suno.com.br\/noticias\/#website\",\"url\":\"https:\/\/www.suno.com.br\/noticias\/\",\"name\":\"Suno Not\u00edcias\",\"description\":\"Seu portal de informa\u00e7\u00e3o sobre o mundo dos investimentos\",\"publisher\":{\"@id\":\"https:\/\/www.suno.com.br\/noticias\/#organization\"},\"potentialAction\":[{\"@type\":\"SearchAction\",\"target\":{\"@type\":\"EntryPoint\",\"urlTemplate\":\"https:\/\/www.suno.com.br\/noticias\/?s={search_term_string}\"},\"query-input\":{\"@type\":\"PropertyValueSpecification\",\"valueRequired\":true,\"valueName\":\"search_term_string\"}}],\"inLanguage\":\"pt-BR\"},{\"@type\":\"Organization\",\"@id\":\"https:\/\/www.suno.com.br\/noticias\/#organization\",\"name\":\"Suno Not\u00edcias\",\"url\":\"https:\/\/www.suno.com.br\/noticias\/\",\"logo\":{\"@type\":\"ImageObject\",\"inLanguage\":\"pt-BR\",\"@id\":\"https:\/\/www.suno.com.br\/noticias\/#\/schema\/logo\/image\/\",\"url\":\"https:\/\/files.sunoresearch.com.br\/n\/uploads\/2021\/09\/suno-logo.png\",\"contentUrl\":\"https:\/\/files.sunoresearch.com.br\/n\/uploads\/2021\/09\/suno-logo.png\",\"width\":180,\"height\":180,\"caption\":\"Suno Not\u00edcias\"},\"image\":{\"@id\":\"https:\/\/www.suno.com.br\/noticias\/#\/schema\/logo\/image\/\"},\"sameAs\":[\"https:\/\/facebook.com\/sunoresearch\",\"https:\/\/x.com\/sunoresearch\",\"https:\/\/www.instagram.com\/suno\",\"https:\/\/www.linkedin.com\/company\/suno-research\/\",\"https:\/\/www.youtube.com\/c\/sunoresearch\"]},{\"@type\":\"Person\",\"@id\":\"https:\/\/www.suno.com.br\/noticias\/#\/schema\/person\/3df0d2808748b74496efe5dbeaef2c72\",\"name\":\"Laura Moutinho\",\"image\":{\"@type\":\"ImageObject\",\"inLanguage\":\"pt-BR\",\"@id\":\"https:\/\/www.suno.com.br\/noticias\/#\/schema\/person\/image\/\",\"url\":\"https:\/\/secure.gravatar.com\/avatar\/7571c7c8ca3a6fca5e41384ece5557ff?s=96&r=g\",\"contentUrl\":\"https:\/\/secure.gravatar.com\/avatar\/7571c7c8ca3a6fca5e41384ece5557ff?s=96&r=g\",\"caption\":\"Laura Moutinho\"},\"description\":\"Estagi\u00e1ria na Suno Not\u00edcias, escreve not\u00edcias que afetam o mercado financeiro. Estuda administra\u00e7\u00e3o na Universidade Presbiteriana Mackenzie.\",\"url\":\"https:\/\/www.suno.com.br\/noticias\/author\/laura-moutinho\/\"}]}<\/script>\n<!-- \/ Yoast SEO plugin. -->","yoast_head_json":{"title":"IPOs do setor de sa\u00fade tamb\u00e9m s\u00e3o afetados pela piora da pandemia","description":"As a\u00e7\u00f5es das empresas de sa\u00fade n\u00e3o deixaram de ser afeadas pela piora da pandemia e pelo ritmo lento de vacina\u00e7\u00e3o. Clique e saiba mais!","robots":{"index":"index","follow":"follow","max-snippet":"max-snippet:-1","max-image-preview":"max-image-preview:large","max-video-preview":"max-video-preview:-1"},"canonical":"https:\/\/www.suno.com.br\/noticias\/pandemia-afeta-ipos-setor-saude\/","og_locale":"pt_BR","og_type":"article","og_title":"IPOs do setor de sa\u00fade tamb\u00e9m s\u00e3o afetados pela piora da pandemia","og_description":"As a\u00e7\u00f5es das empresas de sa\u00fade n\u00e3o deixaram de ser afeadas pela piora da pandemia e pelo ritmo lento de vacina\u00e7\u00e3o. Clique e saiba mais!","og_url":"https:\/\/www.suno.com.br\/noticias\/pandemia-afeta-ipos-setor-saude\/","og_site_name":"Suno Not\u00edcias","article_publisher":"https:\/\/facebook.com\/sunoresearch","og_image":[{"width":1200,"height":799,"url":"https:\/\/files.sunoresearch.com.br\/n\/uploads\/2021\/03\/a062b825-setor-saude1.jpg","type":"image\/jpeg"}],"author":"Laura Moutinho","twitter_card":"summary_large_image","twitter_creator":"@sunoresearch","twitter_site":"@sunoresearch","twitter_misc":{"Escrito por":"Laura Moutinho","Est. tempo de leitura":"4 minutos"},"schema":{"@context":"https:\/\/schema.org","@graph":[{"@type":"NewsArticle","@id":"https:\/\/www.suno.com.br\/noticias\/pandemia-afeta-ipos-setor-saude\/#article","isPartOf":{"@id":"https:\/\/www.suno.com.br\/noticias\/pandemia-afeta-ipos-setor-saude\/"},"author":{"name":"Laura Moutinho","@id":"https:\/\/www.suno.com.br\/noticias\/#\/schema\/person\/3df0d2808748b74496efe5dbeaef2c72"},"headline":"IPOs do setor de sa\u00fade tamb\u00e9m s\u00e3o afetados pela piora da pandemia","datePublished":"2021-04-14T21:07:57+00:00","dateModified":"2021-05-31T03:40:05+00:00","mainEntityOfPage":{"@id":"https:\/\/www.suno.com.br\/noticias\/pandemia-afeta-ipos-setor-saude\/"},"wordCount":844,"publisher":{"@id":"https:\/\/www.suno.com.br\/noticias\/#organization"},"image":{"@id":"https:\/\/www.suno.com.br\/noticias\/pandemia-afeta-ipos-setor-saude\/#primaryimage"},"thumbnailUrl":"https:\/\/files.sunoresearch.com.br\/n\/uploads\/2021\/03\/a062b825-setor-saude1-jpg.webp","keywords":["Blau Farmac\u00eautica (BLAU3)","Dasa (DASA3)","IPO (Oferta Inicial de A\u00e7\u00f5es)","Kora Sa\u00fade (KRSA3)","Mater Dei (MATD3)","setor de sa\u00fade"],"articleSection":["Neg\u00f3cios"],"inLanguage":"pt-BR"},{"@type":"WebPage","@id":"https:\/\/www.suno.com.br\/noticias\/pandemia-afeta-ipos-setor-saude\/","url":"https:\/\/www.suno.com.br\/noticias\/pandemia-afeta-ipos-setor-saude\/","name":"IPOs do setor de sa\u00fade tamb\u00e9m s\u00e3o afetados pela piora da pandemia","isPartOf":{"@id":"https:\/\/www.suno.com.br\/noticias\/#website"},"primaryImageOfPage":{"@id":"https:\/\/www.suno.com.br\/noticias\/pandemia-afeta-ipos-setor-saude\/#primaryimage"},"image":{"@id":"https:\/\/www.suno.com.br\/noticias\/pandemia-afeta-ipos-setor-saude\/#primaryimage"},"thumbnailUrl":"https:\/\/files.sunoresearch.com.br\/n\/uploads\/2021\/03\/a062b825-setor-saude1-jpg.webp","datePublished":"2021-04-14T21:07:57+00:00","dateModified":"2021-05-31T03:40:05+00:00","description":"As a\u00e7\u00f5es das empresas de sa\u00fade n\u00e3o deixaram de ser afeadas pela piora da pandemia e pelo ritmo lento de vacina\u00e7\u00e3o. Clique e saiba mais!","breadcrumb":{"@id":"https:\/\/www.suno.com.br\/noticias\/pandemia-afeta-ipos-setor-saude\/#breadcrumb"},"inLanguage":"pt-BR","potentialAction":[{"@type":"ReadAction","target":["https:\/\/www.suno.com.br\/noticias\/pandemia-afeta-ipos-setor-saude\/"]}]},{"@type":"ImageObject","inLanguage":"pt-BR","@id":"https:\/\/www.suno.com.br\/noticias\/pandemia-afeta-ipos-setor-saude\/#primaryimage","url":"https:\/\/files.sunoresearch.com.br\/n\/uploads\/2021\/03\/a062b825-setor-saude1-jpg.webp","contentUrl":"https:\/\/files.sunoresearch.com.br\/n\/uploads\/2021\/03\/a062b825-setor-saude1-jpg.webp","width":1200,"height":799,"caption":"Banco projeta crescimento s\u00f3lido para Rede D'Or e outras empresas do setor.Foto: Pixabay"},{"@type":"BreadcrumbList","@id":"https:\/\/www.suno.com.br\/noticias\/pandemia-afeta-ipos-setor-saude\/#breadcrumb","itemListElement":[{"@type":"ListItem","position":1,"name":"Not\u00edcias","item":"https:\/\/www.suno.com.br\/noticias\/"},{"@type":"ListItem","position":2,"name":"Neg\u00f3cios","item":"https:\/\/www.suno.com.br\/noticias\/negocios\/"},{"@type":"ListItem","position":3,"name":"IPOs do setor de sa\u00fade tamb\u00e9m s\u00e3o afetados pela piora da pandemia"}]},{"@type":"WebSite","@id":"https:\/\/www.suno.com.br\/noticias\/#website","url":"https:\/\/www.suno.com.br\/noticias\/","name":"Suno Not\u00edcias","description":"Seu portal de informa\u00e7\u00e3o sobre o mundo dos investimentos","publisher":{"@id":"https:\/\/www.suno.com.br\/noticias\/#organization"},"potentialAction":[{"@type":"SearchAction","target":{"@type":"EntryPoint","urlTemplate":"https:\/\/www.suno.com.br\/noticias\/?s={search_term_string}"},"query-input":{"@type":"PropertyValueSpecification","valueRequired":true,"valueName":"search_term_string"}}],"inLanguage":"pt-BR"},{"@type":"Organization","@id":"https:\/\/www.suno.com.br\/noticias\/#organization","name":"Suno Not\u00edcias","url":"https:\/\/www.suno.com.br\/noticias\/","logo":{"@type":"ImageObject","inLanguage":"pt-BR","@id":"https:\/\/www.suno.com.br\/noticias\/#\/schema\/logo\/image\/","url":"https:\/\/files.sunoresearch.com.br\/n\/uploads\/2021\/09\/suno-logo.png","contentUrl":"https:\/\/files.sunoresearch.com.br\/n\/uploads\/2021\/09\/suno-logo.png","width":180,"height":180,"caption":"Suno Not\u00edcias"},"image":{"@id":"https:\/\/www.suno.com.br\/noticias\/#\/schema\/logo\/image\/"},"sameAs":["https:\/\/facebook.com\/sunoresearch","https:\/\/x.com\/sunoresearch","https:\/\/www.instagram.com\/suno","https:\/\/www.linkedin.com\/company\/suno-research\/","https:\/\/www.youtube.com\/c\/sunoresearch"]},{"@type":"Person","@id":"https:\/\/www.suno.com.br\/noticias\/#\/schema\/person\/3df0d2808748b74496efe5dbeaef2c72","name":"Laura Moutinho","image":{"@type":"ImageObject","inLanguage":"pt-BR","@id":"https:\/\/www.suno.com.br\/noticias\/#\/schema\/person\/image\/","url":"https:\/\/secure.gravatar.com\/avatar\/7571c7c8ca3a6fca5e41384ece5557ff?s=96&r=g","contentUrl":"https:\/\/secure.gravatar.com\/avatar\/7571c7c8ca3a6fca5e41384ece5557ff?s=96&r=g","caption":"Laura Moutinho"},"description":"Estagi\u00e1ria na Suno Not\u00edcias, escreve not\u00edcias que afetam o mercado financeiro. Estuda administra\u00e7\u00e3o na Universidade Presbiteriana Mackenzie.","url":"https:\/\/www.suno.com.br\/noticias\/author\/laura-moutinho\/"}]}},"default_loop_html":"<div class=\"cardsPage__listCard__boxs\"><div class=\"cardsPage__listCard__boxs__img\"><a href=\"https:\/\/www.suno.com.br\/noticias\/pandemia-afeta-ipos-setor-saude\/\"><img class=\"mask\" src=\"https:\/\/www.suno.com.br\/noticias\/wp-content\/themes\/suno\/resources\/images\/spotlight\/spotlight1img\/bg-mask.png\" alt=\"Image Mask\"\/><img src=\"https:\/\/files.sunoresearch.com.br\/n\/uploads\/2021\/03\/a062b825-setor-saude1-400x200.webp\" alt=\"IPOs do setor de sa\u00fade tamb\u00e9m s\u00e3o afetados pela piora da pandemia\"\/><\/a><span class=\"spotlightCategory\"><a href=\"https:\/\/www.suno.com.br\/noticias\/negocios\/\">Neg\u00f3cios<\/a><\/span><\/div><div class=\"cardsPage__listCard__boxs__content\"><a href=\"https:\/\/www.suno.com.br\/noticias\/pandemia-afeta-ipos-setor-saude\/\"><h2 class=\"content__title\">IPOs do setor de sa\u00fade tamb\u00e9m s\u00e3o afetados pela piora da pandemia<\/h2><\/a><div class=\"newsContent__article__meta\"><div class=\"newsContent__article__meta__authorBox\"><a href=\"https:\/\/www.suno.com.br\/noticias\/author\/laura-moutinho\/\" class=\"authorBox__avatar noMobi\"><img src=\"https:\/\/files.sunoresearch.com.br\/n\/uploads\/2020\/08\/531ff69d-whatsapp-image-2020-08-03-at-14.54.38-150x150.webp\" alt=\"Laura Moutinho\"><\/a><div class=\"authorBox__name\"><span>por\n\t\t\t<a href=\"https:\/\/www.suno.com.br\/noticias\/author\/laura-moutinho\/\"><span itemprop=\"author\">Laura Moutinho<\/span><\/a><\/span><time datetime=\"2021-04-14T18:07:57-03:00\" itemprop=\"datePublished\">14\/04\/2021 18:07<\/time><\/div><\/div><\/div><\/div><\/div>","single_layout":"posts","amp_enabled":true,"_links":{"self":[{"href":"https:\/\/www.suno.com.br\/noticias\/wp-json\/wp\/v2\/posts\/139442"}],"collection":[{"href":"https:\/\/www.suno.com.br\/noticias\/wp-json\/wp\/v2\/posts"}],"about":[{"href":"https:\/\/www.suno.com.br\/noticias\/wp-json\/wp\/v2\/types\/post"}],"author":[{"embeddable":true,"href":"https:\/\/www.suno.com.br\/noticias\/wp-json\/wp\/v2\/users\/39"}],"replies":[{"embeddable":true,"href":"https:\/\/www.suno.com.br\/noticias\/wp-json\/wp\/v2\/comments?post=139442"}],"version-history":[{"count":2,"href":"https:\/\/www.suno.com.br\/noticias\/wp-json\/wp\/v2\/posts\/139442\/revisions"}],"predecessor-version":[{"id":139567,"href":"https:\/\/www.suno.com.br\/noticias\/wp-json\/wp\/v2\/posts\/139442\/revisions\/139567"}],"wp:featuredmedia":[{"embeddable":true,"href":"https:\/\/www.suno.com.br\/noticias\/wp-json\/wp\/v2\/media\/130481"}],"wp:attachment":[{"href":"https:\/\/www.suno.com.br\/noticias\/wp-json\/wp\/v2\/media?parent=139442"}],"wp:term":[{"taxonomy":"category","embeddable":true,"href":"https:\/\/www.suno.com.br\/noticias\/wp-json\/wp\/v2\/categories?post=139442"},{"taxonomy":"post_tag","embeddable":true,"href":"https:\/\/www.suno.com.br\/noticias\/wp-json\/wp\/v2\/tags?post=139442"},{"taxonomy":"suno_strategy","embeddable":true,"href":"https:\/\/www.suno.com.br\/noticias\/wp-json\/wp\/v2\/suno_strategy?post=139442"}],"curies":[{"name":"wp","href":"https:\/\/api.w.org\/{rel}","templated":true}]}}