{"id":13933,"date":"2019-02-02T17:53:15","date_gmt":"2019-02-02T19:53:15","guid":{"rendered":"https:\/\/www.suno.com.br\/noticias\/?p=13933"},"modified":"2019-02-02T18:20:14","modified_gmt":"2019-02-02T20:20:14","slug":"renan-calheiros-retira-candidatura-presidencia-senado","status":"publish","type":"post","link":"https:\/\/www.suno.com.br\/noticias\/renan-calheiros-retira-candidatura-presidencia-senado\/","title":{"rendered":"Renan Calheiros retira sua candidatura \u00e0 Presid\u00eancia do Senado"},"content":{"rendered":"<p>O senador Renan Calheiros (MDB-AL), retirou sua candidatura \u00e0 Presid\u00eancia do Senado Federal, neste s\u00e1bado (2).<\/p>\t<div class=\"wrapper-featured-image\">\n\t\t<figure class=\"spotlightImg\">\n\n\t\t\t<picture>\n\t\t\t\t<source media=\"(max-width: 768px)\" srcset=\"https:\/\/files.sunoresearch.com.br\/n\/uploads\/2019\/02\/5130260b-renan-calheiros-400x200.webp\">\n\t\t\t\t<img loading=\"lazy\" decoding=\"async\" class=\"newsContent__article__imgCapa lazyloadDisabled newsContent__article__imgCapa--noCaption\" src=\"https:\/\/files.sunoresearch.com.br\/n\/uploads\/2019\/02\/5130260b-renan-calheiros-800x450.webp\" width=\"800\" height=\"450\" alt=\"Renan Calheiros retira sua candidatura \u00e0 Presid\u00eancia do Senado\" fetchpriority=high \/>\n\t\t\t<\/picture>\n\n\t\t\t<figcaption class=\"wp-caption-text wp-caption-text--hide\">Renan Calheiros retira a candidatura \u00e0 Presid\u00eancia do Senado<\/figcaption>\n\t\t<\/figure>\n\t<\/div>\n\n\n<p>A atitude de <strong>Renan Calheiros<\/strong> aconteceu no decorrer da segunda vota\u00e7\u00e3o referente a elei\u00e7\u00e3o para o cargo de <strong>presidente do Senado Federal<\/strong>.<\/p>\n<p>O senador criticou o processo de vota\u00e7\u00e3o para a escolha do representante do Senado.<\/p>\n<p>De acordo com Calheiros, seu principal advers\u00e1rio na concorr\u00eancia pela Presid\u00eancia, Davi Alcolumbre (DEM-AP), &#8220;\u00e9 na verdade um golias&#8221; e &#8220;ja \u00e9&#8221; o novo presidente.<\/p>\n<p>&#8220;Para demonstrar que esse processo n\u00e3o \u00e9 democr\u00e1tico, eu queria lhe dizer que o Davi (Alcolumbre) n\u00e3o \u00e9 Davi. O Davi \u00e9 o Golias. Ele \u00e9 o novo presidente do Senado e eu retiro a minha candidatura, porque n\u00e3o vou me submeter a isso&#8221;, afirmou Renan.<\/p>\n<p>Desta forma, ap\u00f3s a ren\u00fancia restaram cinco candidatos na disputa. S\u00e3o eles:<\/p>\n<ul>\n<li><strong>Davi Alcolumbre (DEM-AP);<\/strong><\/li>\n<li><strong>Fernando Collor (PROS-AL);<\/strong><\/li>\n<li><strong>Jos\u00e9 Reguffe (Sem partido-DF);<\/strong><\/li>\n<li><strong>Angelo Coronel (PSD-BA);<\/strong><\/li>\n<li><strong>Esperidi\u00e3o Amin (PP-SC).\u00a0<\/strong><\/li>\n<\/ul>\n<p>No entanto, at\u00e9 o momento foram registradas quatro ren\u00fancias. S\u00e3o eles:<\/p>\n<ul>\n<li><strong>Alvaro Dias (Podemos-PR);<\/strong><\/li>\n<li><strong>Major Ol\u00edmpio (PSL-SP);<\/strong><\/li>\n<li><strong>Simone Tebet\u00a0(MDB-MS);<\/strong><\/li>\n<li><strong>Renan Calheiros (MDB-AL).<\/strong><\/li>\n<\/ul>\n<p><a href=\"https:\/\/www.suno.com.br\/noticias\/rodrigo-maia-se-reelege-presidente-da-camara-dos-deputados\/\">Saiba mais:\u00a0Rodrigo Maia se reelege presidente da C\u00e2mara dos Deputados<\/a><\/p>\n<h2>Renan Calheiros e Onyx Lorenzoni<\/h2>\n<p>Horas antes da retirada da candidatura, em seu discurso o senador Renan Calheiros direcionou ataques ao ministro da Casa Civil, <strong>Onyx Lorenzoni<\/strong>.<\/p>\n<p>No entanto, Calheiros acusou o ministro de vazar o telefone que receber do presidente Jair Bolsonaro, quando foi confirmada sua candidatura pelo MDB.<\/p>\n<p>\u201cCom que pretens\u00e3o a Casa Civil vazou o telefonema do pr\u00f3prio presidente da Rep\u00fablica. Ser\u00e1 que quem fez isso tem dimens\u00e3o institucional para num momento dif\u00edcil do pa\u00eds favorecer a aprova\u00e7\u00e3o das reformas nesse Senado?\u201d, disse o senador.<\/p>\n<p>Pelo Twitter, Onyx rebateu a fala de Calheiros. Desta forma, rebateu a fala do senador dizendo que <strong>Jair Bolsonaro<\/strong> ligou para todos os candidatos que concorrem ao Senado, &#8220;num gesto de respeito \u00e0 institui\u00e7\u00e3o&#8221;.<\/p>\n<p>Onyx Lorenzoni apoia o principal advers\u00e1rio de Renan, o senador Davi Alcolumbre (DEM-AP).<\/p>\n<h2>Vota\u00e7\u00e3o<\/h2>\n<p>A <strong>vota\u00e7\u00e3o<\/strong> estava marcada para acontecer na \u00faltima sexta-feira (1).<\/p>\n<p>No entanto, o senador <strong>Cid Gomes<\/strong> (PDT-CE) pediu para que a sess\u00e3o foi suspensa devido ao <strong>grande tumulto<\/strong> e as diverg\u00eancias entre os senadores da Casa sobre quem deveria conduzir a elei\u00e7\u00e3o.<\/p>\n<p>Al\u00e9m disso, outro ponto que emplacou fortes discuss\u00f5es entre os senadores foi a forma que seria feita a vota\u00e7\u00e3o. Um grupo defendia a <strong>vota\u00e7\u00e3o aberta<\/strong> e outro a <strong>vota\u00e7\u00e3o secreta<\/strong>, como manda o Regimento Interno do Senado<\/p>\n<p>A proposta do senador foi aprovada ap\u00f3s ser realizada uma vota\u00e7\u00e3o simb\u00f3lica no <strong>Senado Federal<\/strong>. Assim, a\u00a0sess\u00e3o para definir quem assumir\u00e1 a <strong>Presid\u00eancia do Senado<\/strong> acabou sendo\u00a0adiada para este s\u00e1bado.<\/p>\n<h3>Medida do Supremo Tribunal Federal<\/h3>\n<p>O ministro e presidente do <strong>Supremo Tribunal Federal<\/strong> (STF), Dias Toffoli, determinou que a elei\u00e7\u00e3o para a Presid\u00eancia do Senado seja feita por meio de voto secreto.<\/p>\n<p>A decis\u00e3o foi tomada por <strong>Toffoli<\/strong> na madrugada deste s\u00e1bado (2) ap\u00f3s um pedido dos partidos <strong>Solidariedade<\/strong> e <strong>MDB<\/strong>. A elei\u00e7\u00e3o para a <strong>Presid\u00eancia do Senado<\/strong> foi iniciada \u00e0s 11h.<\/p>\n<p><a href=\"https:\/\/www.suno.com.br\/noticias\/toffoli-determinou-votacao-senado-secreta\/\">Saiba mais:\u00a0Toffoli determina que a vota\u00e7\u00e3o da Presid\u00eancia do Senado seja secreta<\/a><\/p>\n<p>Dessa forma, o presidente do STF anulou a vota\u00e7\u00e3o que havia sido realizada pelo senador <strong>Davi Alcolumbre<\/strong> (DEM-AP). No entanto, sem que 28 senadores votassem, o voto aberto venceu por\u00a050 votos a 2 e uma absten\u00e7\u00e3o.<\/p>\n<p>Assim, o ministro decidiu que o senador <strong>Jos\u00e9 Maranh\u00e3o<\/strong> (MDB-PB) seria o respons\u00e1vel pela nova vota\u00e7\u00e3o da sess\u00e3o neste s\u00e1bado. (<em>texto da decis\u00e3o abaixo<\/em>)<\/p>\n<p><em>&#8220;Defiro o pedido, de modo que as elei\u00e7\u00f5es para os membros da Mesa Diretora do Senado Federal sejam realizadas por escrut\u00ednio secreto. Por conseguinte, declaro a nulidade do processo de vota\u00e7\u00e3o da quest\u00e3o de ordem submetida ao Plen\u00e1rio pelo Senador da Rep\u00fablica Davi Alcolumbre, a respeito da forma de vota\u00e7\u00e3o para os cargos da Mesa Diretora. Comunique-se, com urg\u00eancia, por meio expedito, o Senador da Rep\u00fablica Jos\u00e9 Maranh\u00e3o, que, conforme anunciado publicamente, presidir\u00e1 os trabalhos&#8221;<\/em><\/p>\n<h3>Voto a mais<\/h3>\n<p>Uma nova pol\u00eamica foi instalada na elei\u00e7\u00e3o presidencial do Senado. Na vota\u00e7\u00e3o, foram encontrados 82 votos, sendo que existem apenas 81 senadores.<\/p>\n<p>Ap\u00f3s muitas diverg\u00eancias, a vota\u00e7\u00e3o foi cancelada, as c\u00e9dulas destru\u00eddas e o processo foi iniciado novamente.<\/p>\n<p>No decorrer do segundo processo de vota\u00e7\u00e3o, o senador <strong>Renan Calheiros (MDB-AL)<\/strong> retirou sua candidatura e n\u00e3o concorre mais \u00e0 <strong>Presid\u00eancia do Senado Federal<\/strong>.<\/p>\n","protected":false},"excerpt":{"rendered":"<p>O senador Renan Calheiros (MDB-AL), retirou sua candidatura \u00e0 Presid\u00eancia do Senado Federal, neste s\u00e1bado (2). Renan Calheiros retira a candidatura \u00e0 Presid\u00eancia do Senado A atitude de Renan Calheiros aconteceu no decorrer da segunda vota\u00e7\u00e3o referente a elei\u00e7\u00e3o para o cargo de presidente do Senado Federal. O senador criticou o processo de vota\u00e7\u00e3o para [&hellip;]<\/p>\n","protected":false},"author":11,"featured_media":13934,"comment_status":"closed","ping_status":"closed","sticky":false,"template":"","format":"standard","meta":[],"categories":[61],"tags":[1068],"suno_strategy":[],"class_list":["post-13933","post","type-post","status-publish","format-standard","has-post-thumbnail","hentry","category-politica","tag-senado-federal"],"yoast_head":"<!-- This site is optimized with the Yoast SEO plugin v24.4 - https:\/\/yoast.com\/wordpress\/plugins\/seo\/ -->\n<title>Renan Calheiros retira sua candidatura \u00e0 Presid\u00eancia do Senado<\/title>\n<meta name=\"description\" content=\"Renan Calheiros era um dos seis candidatos na disputa pela cadeira; Senado tem segunda vota\u00e7\u00e3o na sess\u00e3o deste s\u00e1bado. Clique para saber mais.\" \/>\n<meta name=\"robots\" content=\"index, follow, max-snippet:-1, max-image-preview:large, max-video-preview:-1\" \/>\n<link rel=\"canonical\" href=\"https:\/\/www.suno.com.br\/noticias\/renan-calheiros-retira-candidatura-presidencia-senado\/\" \/>\n<meta property=\"og:locale\" content=\"pt_BR\" \/>\n<meta property=\"og:type\" content=\"article\" \/>\n<meta property=\"og:title\" content=\"Renan Calheiros retira sua candidatura \u00e0 Presid\u00eancia do Senado\" \/>\n<meta property=\"og:description\" content=\"Renan Calheiros era um dos seis candidatos na disputa pela cadeira; Senado tem segunda vota\u00e7\u00e3o na sess\u00e3o deste s\u00e1bado. Clique para saber mais.\" \/>\n<meta property=\"og:url\" content=\"https:\/\/www.suno.com.br\/noticias\/renan-calheiros-retira-candidatura-presidencia-senado\/\" \/>\n<meta property=\"og:site_name\" content=\"Suno Not\u00edcias\" \/>\n<meta property=\"article:publisher\" content=\"https:\/\/facebook.com\/sunoresearch\" \/>\n<meta property=\"og:image\" content=\"https:\/\/files.sunoresearch.com.br\/n\/uploads\/2019\/02\/5130260b-renan-calheiros-1024x683.jpg\" \/>\n\t<meta property=\"og:image:width\" content=\"1024\" \/>\n\t<meta property=\"og:image:height\" content=\"683\" \/>\n\t<meta property=\"og:image:type\" content=\"image\/jpeg\" \/>\n<meta name=\"author\" content=\"Renan Bandeira\" \/>\n<meta name=\"twitter:card\" content=\"summary_large_image\" \/>\n<meta name=\"twitter:creator\" content=\"@sunoresearch\" \/>\n<meta name=\"twitter:site\" content=\"@sunoresearch\" \/>\n<meta name=\"twitter:label1\" content=\"Escrito por\" \/>\n\t<meta name=\"twitter:data1\" content=\"Renan Bandeira\" \/>\n\t<meta name=\"twitter:label2\" content=\"Est. tempo de leitura\" \/>\n\t<meta name=\"twitter:data2\" content=\"4 minutos\" \/>\n<script type=\"application\/ld+json\" class=\"yoast-schema-graph\">{\"@context\":\"https:\/\/schema.org\",\"@graph\":[{\"@type\":\"NewsArticle\",\"@id\":\"https:\/\/www.suno.com.br\/noticias\/renan-calheiros-retira-candidatura-presidencia-senado\/#article\",\"isPartOf\":{\"@id\":\"https:\/\/www.suno.com.br\/noticias\/renan-calheiros-retira-candidatura-presidencia-senado\/\"},\"author\":{\"name\":\"Renan Bandeira\",\"@id\":\"https:\/\/www.suno.com.br\/noticias\/#\/schema\/person\/fc144a1c6108bd1dcd43784e88a3c138\"},\"headline\":\"Renan Calheiros retira sua candidatura \u00e0 Presid\u00eancia do Senado\",\"datePublished\":\"2019-02-02T19:53:15+00:00\",\"dateModified\":\"2019-02-02T20:20:14+00:00\",\"mainEntityOfPage\":{\"@id\":\"https:\/\/www.suno.com.br\/noticias\/renan-calheiros-retira-candidatura-presidencia-senado\/\"},\"wordCount\":783,\"publisher\":{\"@id\":\"https:\/\/www.suno.com.br\/noticias\/#organization\"},\"image\":{\"@id\":\"https:\/\/www.suno.com.br\/noticias\/renan-calheiros-retira-candidatura-presidencia-senado\/#primaryimage\"},\"thumbnailUrl\":\"https:\/\/files.sunoresearch.com.br\/n\/uploads\/2019\/02\/5130260b-renan-calheiros-scaled.webp\",\"keywords\":[\"Senado Federal\"],\"articleSection\":[\"Pol\u00edtica\"],\"inLanguage\":\"pt-BR\"},{\"@type\":\"WebPage\",\"@id\":\"https:\/\/www.suno.com.br\/noticias\/renan-calheiros-retira-candidatura-presidencia-senado\/\",\"url\":\"https:\/\/www.suno.com.br\/noticias\/renan-calheiros-retira-candidatura-presidencia-senado\/\",\"name\":\"Renan Calheiros retira sua candidatura \u00e0 Presid\u00eancia do Senado\",\"isPartOf\":{\"@id\":\"https:\/\/www.suno.com.br\/noticias\/#website\"},\"primaryImageOfPage\":{\"@id\":\"https:\/\/www.suno.com.br\/noticias\/renan-calheiros-retira-candidatura-presidencia-senado\/#primaryimage\"},\"image\":{\"@id\":\"https:\/\/www.suno.com.br\/noticias\/renan-calheiros-retira-candidatura-presidencia-senado\/#primaryimage\"},\"thumbnailUrl\":\"https:\/\/files.sunoresearch.com.br\/n\/uploads\/2019\/02\/5130260b-renan-calheiros-scaled.webp\",\"datePublished\":\"2019-02-02T19:53:15+00:00\",\"dateModified\":\"2019-02-02T20:20:14+00:00\",\"description\":\"Renan Calheiros era um dos seis candidatos na disputa pela cadeira; Senado tem segunda vota\u00e7\u00e3o na sess\u00e3o deste s\u00e1bado. Clique para saber mais.\",\"breadcrumb\":{\"@id\":\"https:\/\/www.suno.com.br\/noticias\/renan-calheiros-retira-candidatura-presidencia-senado\/#breadcrumb\"},\"inLanguage\":\"pt-BR\",\"potentialAction\":[{\"@type\":\"ReadAction\",\"target\":[\"https:\/\/www.suno.com.br\/noticias\/renan-calheiros-retira-candidatura-presidencia-senado\/\"]}]},{\"@type\":\"ImageObject\",\"inLanguage\":\"pt-BR\",\"@id\":\"https:\/\/www.suno.com.br\/noticias\/renan-calheiros-retira-candidatura-presidencia-senado\/#primaryimage\",\"url\":\"https:\/\/files.sunoresearch.com.br\/n\/uploads\/2019\/02\/5130260b-renan-calheiros-scaled.webp\",\"contentUrl\":\"https:\/\/files.sunoresearch.com.br\/n\/uploads\/2019\/02\/5130260b-renan-calheiros-scaled.webp\",\"width\":2560,\"height\":1707,\"caption\":\"Renan Calheiros retira a candidatura \u00e0 Presid\u00eancia do Senado\"},{\"@type\":\"BreadcrumbList\",\"@id\":\"https:\/\/www.suno.com.br\/noticias\/renan-calheiros-retira-candidatura-presidencia-senado\/#breadcrumb\",\"itemListElement\":[{\"@type\":\"ListItem\",\"position\":1,\"name\":\"Not\u00edcias\",\"item\":\"https:\/\/www.suno.com.br\/noticias\/\"},{\"@type\":\"ListItem\",\"position\":2,\"name\":\"Pol\u00edtica\",\"item\":\"https:\/\/www.suno.com.br\/noticias\/politica\/\"},{\"@type\":\"ListItem\",\"position\":3,\"name\":\"Renan Calheiros retira sua candidatura \u00e0 Presid\u00eancia do Senado\"}]},{\"@type\":\"WebSite\",\"@id\":\"https:\/\/www.suno.com.br\/noticias\/#website\",\"url\":\"https:\/\/www.suno.com.br\/noticias\/\",\"name\":\"Suno Not\u00edcias\",\"description\":\"Seu portal de informa\u00e7\u00e3o sobre o mundo dos investimentos\",\"publisher\":{\"@id\":\"https:\/\/www.suno.com.br\/noticias\/#organization\"},\"potentialAction\":[{\"@type\":\"SearchAction\",\"target\":{\"@type\":\"EntryPoint\",\"urlTemplate\":\"https:\/\/www.suno.com.br\/noticias\/?s={search_term_string}\"},\"query-input\":{\"@type\":\"PropertyValueSpecification\",\"valueRequired\":true,\"valueName\":\"search_term_string\"}}],\"inLanguage\":\"pt-BR\"},{\"@type\":\"Organization\",\"@id\":\"https:\/\/www.suno.com.br\/noticias\/#organization\",\"name\":\"Suno Not\u00edcias\",\"url\":\"https:\/\/www.suno.com.br\/noticias\/\",\"logo\":{\"@type\":\"ImageObject\",\"inLanguage\":\"pt-BR\",\"@id\":\"https:\/\/www.suno.com.br\/noticias\/#\/schema\/logo\/image\/\",\"url\":\"https:\/\/files.sunoresearch.com.br\/n\/uploads\/2021\/09\/suno-logo.png\",\"contentUrl\":\"https:\/\/files.sunoresearch.com.br\/n\/uploads\/2021\/09\/suno-logo.png\",\"width\":180,\"height\":180,\"caption\":\"Suno Not\u00edcias\"},\"image\":{\"@id\":\"https:\/\/www.suno.com.br\/noticias\/#\/schema\/logo\/image\/\"},\"sameAs\":[\"https:\/\/facebook.com\/sunoresearch\",\"https:\/\/x.com\/sunoresearch\",\"https:\/\/www.instagram.com\/suno\",\"https:\/\/www.linkedin.com\/company\/suno-research\/\",\"https:\/\/www.youtube.com\/c\/sunoresearch\"]},{\"@type\":\"Person\",\"@id\":\"https:\/\/www.suno.com.br\/noticias\/#\/schema\/person\/fc144a1c6108bd1dcd43784e88a3c138\",\"name\":\"Renan Bandeira\",\"image\":{\"@type\":\"ImageObject\",\"inLanguage\":\"pt-BR\",\"@id\":\"https:\/\/www.suno.com.br\/noticias\/#\/schema\/person\/image\/\",\"url\":\"https:\/\/secure.gravatar.com\/avatar\/68359cdb608f14f11bbefcb78f3fc747?s=96&r=g\",\"contentUrl\":\"https:\/\/secure.gravatar.com\/avatar\/68359cdb608f14f11bbefcb78f3fc747?s=96&r=g\",\"caption\":\"Renan Bandeira\"},\"description\":\"Renan Bandeira escreve sobre pol\u00edtica e economia para o portal da Suno Research. Antes da Suno, trabalhou em uma rede de televis\u00e3o, onde fazia reportagens sobre os mesmos temas. Estuda na Universidade Metodista de S\u00e3o Paulo.\",\"url\":\"https:\/\/www.suno.com.br\/noticias\/author\/renan-bandeira\/\"}]}<\/script>\n<!-- \/ Yoast SEO plugin. -->","yoast_head_json":{"title":"Renan Calheiros retira sua candidatura \u00e0 Presid\u00eancia do Senado","description":"Renan Calheiros era um dos seis candidatos na disputa pela cadeira; Senado tem segunda vota\u00e7\u00e3o na sess\u00e3o deste s\u00e1bado. Clique para saber mais.","robots":{"index":"index","follow":"follow","max-snippet":"max-snippet:-1","max-image-preview":"max-image-preview:large","max-video-preview":"max-video-preview:-1"},"canonical":"https:\/\/www.suno.com.br\/noticias\/renan-calheiros-retira-candidatura-presidencia-senado\/","og_locale":"pt_BR","og_type":"article","og_title":"Renan Calheiros retira sua candidatura \u00e0 Presid\u00eancia do Senado","og_description":"Renan Calheiros era um dos seis candidatos na disputa pela cadeira; Senado tem segunda vota\u00e7\u00e3o na sess\u00e3o deste s\u00e1bado. Clique para saber mais.","og_url":"https:\/\/www.suno.com.br\/noticias\/renan-calheiros-retira-candidatura-presidencia-senado\/","og_site_name":"Suno Not\u00edcias","article_publisher":"https:\/\/facebook.com\/sunoresearch","og_image":[{"width":1024,"height":683,"url":"https:\/\/files.sunoresearch.com.br\/n\/uploads\/2019\/02\/5130260b-renan-calheiros-1024x683.jpg","type":"image\/jpeg"}],"author":"Renan Bandeira","twitter_card":"summary_large_image","twitter_creator":"@sunoresearch","twitter_site":"@sunoresearch","twitter_misc":{"Escrito por":"Renan Bandeira","Est. tempo de leitura":"4 minutos"},"schema":{"@context":"https:\/\/schema.org","@graph":[{"@type":"NewsArticle","@id":"https:\/\/www.suno.com.br\/noticias\/renan-calheiros-retira-candidatura-presidencia-senado\/#article","isPartOf":{"@id":"https:\/\/www.suno.com.br\/noticias\/renan-calheiros-retira-candidatura-presidencia-senado\/"},"author":{"name":"Renan Bandeira","@id":"https:\/\/www.suno.com.br\/noticias\/#\/schema\/person\/fc144a1c6108bd1dcd43784e88a3c138"},"headline":"Renan Calheiros retira sua candidatura \u00e0 Presid\u00eancia do Senado","datePublished":"2019-02-02T19:53:15+00:00","dateModified":"2019-02-02T20:20:14+00:00","mainEntityOfPage":{"@id":"https:\/\/www.suno.com.br\/noticias\/renan-calheiros-retira-candidatura-presidencia-senado\/"},"wordCount":783,"publisher":{"@id":"https:\/\/www.suno.com.br\/noticias\/#organization"},"image":{"@id":"https:\/\/www.suno.com.br\/noticias\/renan-calheiros-retira-candidatura-presidencia-senado\/#primaryimage"},"thumbnailUrl":"https:\/\/files.sunoresearch.com.br\/n\/uploads\/2019\/02\/5130260b-renan-calheiros-scaled.webp","keywords":["Senado Federal"],"articleSection":["Pol\u00edtica"],"inLanguage":"pt-BR"},{"@type":"WebPage","@id":"https:\/\/www.suno.com.br\/noticias\/renan-calheiros-retira-candidatura-presidencia-senado\/","url":"https:\/\/www.suno.com.br\/noticias\/renan-calheiros-retira-candidatura-presidencia-senado\/","name":"Renan Calheiros retira sua candidatura \u00e0 Presid\u00eancia do Senado","isPartOf":{"@id":"https:\/\/www.suno.com.br\/noticias\/#website"},"primaryImageOfPage":{"@id":"https:\/\/www.suno.com.br\/noticias\/renan-calheiros-retira-candidatura-presidencia-senado\/#primaryimage"},"image":{"@id":"https:\/\/www.suno.com.br\/noticias\/renan-calheiros-retira-candidatura-presidencia-senado\/#primaryimage"},"thumbnailUrl":"https:\/\/files.sunoresearch.com.br\/n\/uploads\/2019\/02\/5130260b-renan-calheiros-scaled.webp","datePublished":"2019-02-02T19:53:15+00:00","dateModified":"2019-02-02T20:20:14+00:00","description":"Renan Calheiros era um dos seis candidatos na disputa pela cadeira; Senado tem segunda vota\u00e7\u00e3o na sess\u00e3o deste s\u00e1bado. Clique para saber mais.","breadcrumb":{"@id":"https:\/\/www.suno.com.br\/noticias\/renan-calheiros-retira-candidatura-presidencia-senado\/#breadcrumb"},"inLanguage":"pt-BR","potentialAction":[{"@type":"ReadAction","target":["https:\/\/www.suno.com.br\/noticias\/renan-calheiros-retira-candidatura-presidencia-senado\/"]}]},{"@type":"ImageObject","inLanguage":"pt-BR","@id":"https:\/\/www.suno.com.br\/noticias\/renan-calheiros-retira-candidatura-presidencia-senado\/#primaryimage","url":"https:\/\/files.sunoresearch.com.br\/n\/uploads\/2019\/02\/5130260b-renan-calheiros-scaled.webp","contentUrl":"https:\/\/files.sunoresearch.com.br\/n\/uploads\/2019\/02\/5130260b-renan-calheiros-scaled.webp","width":2560,"height":1707,"caption":"Renan Calheiros retira a candidatura \u00e0 Presid\u00eancia do Senado"},{"@type":"BreadcrumbList","@id":"https:\/\/www.suno.com.br\/noticias\/renan-calheiros-retira-candidatura-presidencia-senado\/#breadcrumb","itemListElement":[{"@type":"ListItem","position":1,"name":"Not\u00edcias","item":"https:\/\/www.suno.com.br\/noticias\/"},{"@type":"ListItem","position":2,"name":"Pol\u00edtica","item":"https:\/\/www.suno.com.br\/noticias\/politica\/"},{"@type":"ListItem","position":3,"name":"Renan Calheiros retira sua candidatura \u00e0 Presid\u00eancia do Senado"}]},{"@type":"WebSite","@id":"https:\/\/www.suno.com.br\/noticias\/#website","url":"https:\/\/www.suno.com.br\/noticias\/","name":"Suno Not\u00edcias","description":"Seu portal de informa\u00e7\u00e3o sobre o mundo dos investimentos","publisher":{"@id":"https:\/\/www.suno.com.br\/noticias\/#organization"},"potentialAction":[{"@type":"SearchAction","target":{"@type":"EntryPoint","urlTemplate":"https:\/\/www.suno.com.br\/noticias\/?s={search_term_string}"},"query-input":{"@type":"PropertyValueSpecification","valueRequired":true,"valueName":"search_term_string"}}],"inLanguage":"pt-BR"},{"@type":"Organization","@id":"https:\/\/www.suno.com.br\/noticias\/#organization","name":"Suno Not\u00edcias","url":"https:\/\/www.suno.com.br\/noticias\/","logo":{"@type":"ImageObject","inLanguage":"pt-BR","@id":"https:\/\/www.suno.com.br\/noticias\/#\/schema\/logo\/image\/","url":"https:\/\/files.sunoresearch.com.br\/n\/uploads\/2021\/09\/suno-logo.png","contentUrl":"https:\/\/files.sunoresearch.com.br\/n\/uploads\/2021\/09\/suno-logo.png","width":180,"height":180,"caption":"Suno Not\u00edcias"},"image":{"@id":"https:\/\/www.suno.com.br\/noticias\/#\/schema\/logo\/image\/"},"sameAs":["https:\/\/facebook.com\/sunoresearch","https:\/\/x.com\/sunoresearch","https:\/\/www.instagram.com\/suno","https:\/\/www.linkedin.com\/company\/suno-research\/","https:\/\/www.youtube.com\/c\/sunoresearch"]},{"@type":"Person","@id":"https:\/\/www.suno.com.br\/noticias\/#\/schema\/person\/fc144a1c6108bd1dcd43784e88a3c138","name":"Renan Bandeira","image":{"@type":"ImageObject","inLanguage":"pt-BR","@id":"https:\/\/www.suno.com.br\/noticias\/#\/schema\/person\/image\/","url":"https:\/\/secure.gravatar.com\/avatar\/68359cdb608f14f11bbefcb78f3fc747?s=96&r=g","contentUrl":"https:\/\/secure.gravatar.com\/avatar\/68359cdb608f14f11bbefcb78f3fc747?s=96&r=g","caption":"Renan Bandeira"},"description":"Renan Bandeira escreve sobre pol\u00edtica e economia para o portal da Suno Research. Antes da Suno, trabalhou em uma rede de televis\u00e3o, onde fazia reportagens sobre os mesmos temas. Estuda na Universidade Metodista de S\u00e3o Paulo.","url":"https:\/\/www.suno.com.br\/noticias\/author\/renan-bandeira\/"}]}},"default_loop_html":"<div class=\"cardsPage__listCard__boxs\"><div class=\"cardsPage__listCard__boxs__img\"><a href=\"https:\/\/www.suno.com.br\/noticias\/renan-calheiros-retira-candidatura-presidencia-senado\/\"><img class=\"mask\" src=\"https:\/\/www.suno.com.br\/noticias\/wp-content\/themes\/suno\/resources\/images\/spotlight\/spotlight1img\/bg-mask.png\" alt=\"Image Mask\"\/><img src=\"https:\/\/files.sunoresearch.com.br\/n\/uploads\/2019\/02\/5130260b-renan-calheiros-400x200.webp\" alt=\"Renan Calheiros retira sua candidatura \u00e0 Presid\u00eancia do Senado\"\/><\/a><span class=\"spotlightCategory\"><a href=\"https:\/\/www.suno.com.br\/noticias\/politica\/\">Pol\u00edtica<\/a><\/span><\/div><div class=\"cardsPage__listCard__boxs__content\"><a href=\"https:\/\/www.suno.com.br\/noticias\/renan-calheiros-retira-candidatura-presidencia-senado\/\"><h2 class=\"content__title\">Renan Calheiros retira sua candidatura \u00e0 Presid\u00eancia do Senado<\/h2><\/a><div class=\"newsContent__article__meta\"><div class=\"newsContent__article__meta__authorBox\"><a href=\"https:\/\/www.suno.com.br\/noticias\/author\/renan-bandeira\/\" class=\"authorBox__avatar noMobi\"><img src=\"https:\/\/secure.gravatar.com\/avatar\/68359cdb608f14f11bbefcb78f3fc747?s=96&#038;r=g\" alt=\"Renan Bandeira\"><\/a><div class=\"authorBox__name\"><span>por\n\t\t\t<a href=\"https:\/\/www.suno.com.br\/noticias\/author\/renan-bandeira\/\"><span itemprop=\"author\">Renan Bandeira<\/span><\/a><\/span><time datetime=\"2019-02-02T17:53:15-02:00\" itemprop=\"datePublished\">02\/02\/2019 17:53<\/time><\/div><\/div><\/div><\/div><\/div>","single_layout":"posts","amp_enabled":true,"_links":{"self":[{"href":"https:\/\/www.suno.com.br\/noticias\/wp-json\/wp\/v2\/posts\/13933"}],"collection":[{"href":"https:\/\/www.suno.com.br\/noticias\/wp-json\/wp\/v2\/posts"}],"about":[{"href":"https:\/\/www.suno.com.br\/noticias\/wp-json\/wp\/v2\/types\/post"}],"author":[{"embeddable":true,"href":"https:\/\/www.suno.com.br\/noticias\/wp-json\/wp\/v2\/users\/11"}],"replies":[{"embeddable":true,"href":"https:\/\/www.suno.com.br\/noticias\/wp-json\/wp\/v2\/comments?post=13933"}],"version-history":[{"count":0,"href":"https:\/\/www.suno.com.br\/noticias\/wp-json\/wp\/v2\/posts\/13933\/revisions"}],"wp:featuredmedia":[{"embeddable":true,"href":"https:\/\/www.suno.com.br\/noticias\/wp-json\/wp\/v2\/media\/13934"}],"wp:attachment":[{"href":"https:\/\/www.suno.com.br\/noticias\/wp-json\/wp\/v2\/media?parent=13933"}],"wp:term":[{"taxonomy":"category","embeddable":true,"href":"https:\/\/www.suno.com.br\/noticias\/wp-json\/wp\/v2\/categories?post=13933"},{"taxonomy":"post_tag","embeddable":true,"href":"https:\/\/www.suno.com.br\/noticias\/wp-json\/wp\/v2\/tags?post=13933"},{"taxonomy":"suno_strategy","embeddable":true,"href":"https:\/\/www.suno.com.br\/noticias\/wp-json\/wp\/v2\/suno_strategy?post=13933"}],"curies":[{"name":"wp","href":"https:\/\/api.w.org\/{rel}","templated":true}]}}