{"id":139328,"date":"2021-04-14T09:33:17","date_gmt":"2021-04-14T12:33:17","guid":{"rendered":"https:\/\/www.suno.com.br\/noticias\/?p=139328"},"modified":"2021-04-14T09:35:10","modified_gmt":"2021-04-14T12:35:10","slug":"banco-votorantim-desiste-de-realizar-ipo-na-b3","status":"publish","type":"post","link":"https:\/\/www.suno.com.br\/noticias\/banco-votorantim-desiste-de-realizar-ipo-na-b3\/","title":{"rendered":"BV, ex Banco Votorantim, desiste de realizar IPO na B3"},"content":{"rendered":"<p>O <strong>BV<\/strong>, antigo Banco Votorantim, aprovou em assembleia geral nessa ter\u00e7a-feira (13) o cancelamento da sua <a href=\"https:\/\/www.suno.com.br\/artigos\/ipo\/\">oferta p\u00fablica inicial de a\u00e7\u00f5es (IPO)<\/a>, segundo <a href=\"https:\/\/www.suno.com.br\/artigos\/fato-relevante\/\">fato relevante<\/a> divulgado pelo <a href=\"https:\/\/www.suno.com.br\/acoes\/bbas3\/\">Banco do Brasil (BBAS3)<\/a> &#8211; <span data-sheets-value=\"{&quot;1&quot;:2,&quot;2&quot;:&quot;[Baixe o relat\u00f3rio]&quot;}\" data-sheets-userformat=\"{&quot;2&quot;:4481,&quot;3&quot;:{&quot;1&quot;:0},&quot;10&quot;:2,&quot;11&quot;:3,&quot;15&quot;:&quot;Arial&quot;}\" data-sheets-formula=\"=HIPERLINK(R[0]C[-2];R[0]C[-1])\" data-sheets-hyperlink=\"https:\/\/lp.suno.com.br\/lm\/relatorio\/suno-drops-azul\/\"><a class=\"in-cell-link\" href=\"https:\/\/lp.suno.com.br\/lm\/relatorio\/suno-drops-azul\/\" target=\"_blank\" rel=\"noopener noreferrer\">[Baixe o relat\u00f3rio]<\/a><\/span> -, que possui 50% de participa\u00e7\u00e3o na institui\u00e7\u00e3o.<\/p>\t<div class=\"wrapper-featured-image\">\n\t\t<figure class=\"spotlightImg\">\n\n\t\t\t<picture>\n\t\t\t\t<source media=\"(max-width: 768px)\" srcset=\"https:\/\/files.sunoresearch.com.br\/n\/uploads\/2021\/03\/4a67a0ed-b3-1-400x200.webp\">\n\t\t\t\t<img loading=\"lazy\" decoding=\"async\" class=\"newsContent__article__imgCapa lazyloadDisabled \" src=\"https:\/\/files.sunoresearch.com.br\/n\/uploads\/2021\/03\/4a67a0ed-b3-1-800x450.webp\" width=\"800\" height=\"450\" alt=\"BV, ex Banco Votorantim, desiste de realizar IPO na B3\" fetchpriority=high \/>\n\t\t\t<\/picture>\n\n\t\t\t<figcaption class=\"wp-caption-text wp-caption-text--show\">Crescimento dos ETFs  - Foto: Divulga\u00e7\u00e3o<\/figcaption>\n\t\t<\/figure>\n\t<\/div>\n\n\n<p><span style=\"font-weight: 400;\">\t<p>\n\t\t<a href=\"https:\/\/lp.suno.com.br\/planilha-controle-gastos\/\" target=\"_blank\" data-element=\"shortcode-suno-banner\" title=\"Banner SUNO, clique e saiba mais\">\n\t\t\t<picture>\n\t\t\t\t<source media=\"(max-width: 500px)\" srcset=\"https:\/\/files.sunoresearch.com.br\/n\/uploads\/2023\/03\/400x300-Planilha-controle-de-gastos.png\">\n\t\t\t\t<img class=\"newsContent__article__imgCapa newsContent__article__imgCapa--banner\"\n\t\t\t\t\tsrc=\"https:\/\/files.sunoresearch.com.br\/n\/uploads\/2023\/03\/1420x240-Planilha-controle-de-gastos.png\"\n\t\t\t\t\tdata-promo-id=\"101751\"\t\t\t\t\t\t\t\t\t\twidth='1420' height='240'\t\t\t\t\talt=\"https:\/\/files.sunoresearch.com.br\/n\/uploads\/2023\/03\/1420x240-Planilha-controle-de-gastos.png\"\n\t\t\t\t>\n\t\t\t<\/picture>\n\t\t<\/a>\n\t<\/p>\n\n<\/span><\/p>\n<p>No comunicado, <strong>n\u00e3o foi informado o motivo da desist\u00eancia<\/strong>, mas a movimenta\u00e7\u00e3o do BV vem em meio a uma s\u00e9rie de desist\u00eancias de IPOs. Hoje, por exemplo, a Viveo cancelou sua estreia. No come\u00e7o de mar\u00e7o, Blau Farmac\u00eautica e LG Inform\u00e1tica tamb\u00e9m desistiram do processo.<\/p>\n<p>O BV protocolou seu pedido de registro de IPO j\u00e1 h\u00e1 algum tempo, em agosto de 2020, mas desde ent\u00e3o n\u00e3o avan\u00e7ou muito. A institui\u00e7\u00e3o, por exemplo, n\u00e3o chegou a definir um calend\u00e1rio para a oferta ou uma faixa indicativa de pre\u00e7o para as a\u00e7\u00f5es.<\/p>\n<p><a href=\"https:\/\/lp.suno.com.br\/suno-one\/?ppp=noticias\/hospital-care-pedido-ipo-cvm\/\"><b>Suno One: acesse gratuitamente eBooks, Minicursos, Artigos e V\u00eddeo Aulas sobre investimentos com um \u00fanico cadastro. Clique para saber mais!<\/b><\/a><\/p>\n<h2>BV j\u00e1 havia cancelado IPO anteriormente<\/h2>\n<p>Antes disso, em janeiro de 2020, j\u00e1 havia existido uma movimenta\u00e7\u00e3o do tipo, com o BV tendo fechado, inclusive, um sindicato de bancos para a oferta, formado por Ita\u00fa BBA, JP Morgan, Godlman Sachs, Bank of America, UBS e BB Investimentos, postergada por conta do estouro da crise causada pela pandemia da covid-19. O sindicato de bancos da \u00faltima oferta era o mesmo da passada.<\/p>\n<p>O esperado era que a oferta do BV movimentasse cerca de R$ 5 bilh\u00f5es, sendo aproximadamente R$ 1 bilh\u00e3o atrav\u00e9s da oferta prim\u00e1ria e o restante com ofertas secund\u00e1rias do Banco do Brasil e do Grupo Votorantim, que possu\u00ed os 50% restantes da institui\u00e7\u00e3o.<\/p>\n<p><span style=\"font-weight: 400;\">\t<p>\n\t\t<a href=\"https:\/\/lp.suno.com.br\/planilha-da-vida-financeira\/\" target=\"_blank\" data-element=\"shortcode-suno-banner\" title=\"Banner SUNO, clique e saiba mais\">\n\t\t\t<picture>\n\t\t\t\t<source media=\"(max-width: 500px)\" srcset=\"https:\/\/files.sunoresearch.com.br\/n\/uploads\/2023\/04\/400x300-Planilha-vida-financeira-true.png\">\n\t\t\t\t<img class=\"newsContent__article__imgCapa newsContent__article__imgCapa--banner\"\n\t\t\t\t\tsrc=\"https:\/\/files.sunoresearch.com.br\/n\/uploads\/2023\/04\/1420x240-Planilha-vida-financeira-true.png\"\n\t\t\t\t\tdata-promo-id=\"106682\"\t\t\t\t\t\t\t\t\t\twidth='1420' height='240'\t\t\t\t\talt=\"https:\/\/files.sunoresearch.com.br\/n\/uploads\/2023\/04\/1420x240-Planilha-vida-financeira-true.png\"\n\t\t\t\t>\n\t\t\t<\/picture>\n\t\t<\/a>\n\t<\/p>\n\n<\/span><\/p>\n<p>A destina\u00e7\u00e3o dos recursos da oferta prim\u00e1ria n\u00e3o chegou a ser informada, mas se imagina que ela seria destinada a investimentos &#8211; o Grupo Votorantin, no ano passado, decidiu por cortar em cerca de 25% os aportes feitos pelo <strong>BV<\/strong> no ano, de R$ 4 bilh\u00f5es para R$ 3 bilh\u00f5es. A medida visou preservar caixa, por conta da pandemia da covid-19, algo percebido tamb\u00e9m nas demais companhias do grupo.<\/p>\n<p><span style=\"font-weight: 400;\">\t<p>\n\t\t<a href=\"https:\/\/lp.suno.com.br\/planilha-de-controle-de-investimentos\/\" target=\"_blank\" data-element=\"shortcode-suno-banner\" title=\"Banner SUNO, clique e saiba mais\">\n\t\t\t<picture>\n\t\t\t\t<source media=\"(max-width: 500px)\" srcset=\"https:\/\/files.sunoresearch.com.br\/n\/uploads\/2023\/03\/400x300-Controle-de-Investimentos.png\">\n\t\t\t\t<img class=\"newsContent__article__imgCapa newsContent__article__imgCapa--banner\"\n\t\t\t\t\tsrc=\"https:\/\/files.sunoresearch.com.br\/n\/uploads\/2023\/03\/1420x240-Controle-de-Investimentos.png\"\n\t\t\t\t\tdata-promo-id=\"75934\"\t\t\t\t\t\t\t\t\t\twidth='1420' height='240'\t\t\t\t\talt=\"https:\/\/files.sunoresearch.com.br\/n\/uploads\/2023\/03\/1420x240-Controle-de-Investimentos.png\"\n\t\t\t\t>\n\t\t\t<\/picture>\n\t\t<\/a>\n\t<\/p>\n\n <\/span><\/p>\n","protected":false},"excerpt":{"rendered":"<p>O BV, antigo Banco Votorantim, aprovou em assembleia geral nessa ter\u00e7a-feira (13) o cancelamento da sua oferta p\u00fablica inicial de a\u00e7\u00f5es (IPO), segundo fato relevante divulgado pelo Banco do Brasil (BBAS3) &#8211; [Baixe o relat\u00f3rio] -, que possui 50% de participa\u00e7\u00e3o na institui\u00e7\u00e3o. Crescimento dos ETFs &#8211; Foto: Divulga\u00e7\u00e3o No comunicado, n\u00e3o foi informado o [&hellip;]<\/p>\n","protected":false},"author":59,"featured_media":137358,"comment_status":"closed","ping_status":"closed","sticky":false,"template":"","format":"standard","meta":[],"categories":[64],"tags":[2371,1279,319],"suno_strategy":[],"class_list":["post-139328","post","type-post","status-publish","format-standard","has-post-thumbnail","hentry","category-negocios","tag-bv","tag-grupo-votorantim","tag-ipo-oferta-inicial-de-acoes"],"yoast_head":"<!-- This site is optimized with the Yoast SEO plugin v24.4 - https:\/\/yoast.com\/wordpress\/plugins\/seo\/ -->\n<title>BV, ex Banco Votorantim, desiste de realizar IPO na B3<\/title>\n<meta name=\"description\" content=\"O BV, antigo Banco Votorantim, desistiu de realizar seu IPO na B3 em assembleia nesta ter\u00e7a-feira. Clique aqui para saber mais.\" \/>\n<meta name=\"robots\" content=\"index, follow, max-snippet:-1, max-image-preview:large, max-video-preview:-1\" \/>\n<link rel=\"canonical\" href=\"https:\/\/www.suno.com.br\/noticias\/banco-votorantim-desiste-de-realizar-ipo-na-b3\/\" \/>\n<meta property=\"og:locale\" content=\"pt_BR\" \/>\n<meta property=\"og:type\" content=\"article\" \/>\n<meta property=\"og:title\" content=\"BV, ex Banco Votorantim, desiste de realizar IPO na B3\" \/>\n<meta property=\"og:description\" content=\"O BV, antigo Banco Votorantim, desistiu de realizar seu IPO na B3 em assembleia nesta ter\u00e7a-feira. Clique aqui para saber mais.\" \/>\n<meta property=\"og:url\" content=\"https:\/\/www.suno.com.br\/noticias\/banco-votorantim-desiste-de-realizar-ipo-na-b3\/\" \/>\n<meta property=\"og:site_name\" content=\"Suno Not\u00edcias\" \/>\n<meta property=\"article:publisher\" content=\"https:\/\/facebook.com\/sunoresearch\" \/>\n<meta property=\"og:image\" content=\"https:\/\/files.sunoresearch.com.br\/n\/uploads\/2021\/03\/4a67a0ed-b3-1.jpg\" \/>\n\t<meta property=\"og:image:width\" content=\"1200\" \/>\n\t<meta property=\"og:image:height\" content=\"800\" \/>\n\t<meta property=\"og:image:type\" content=\"image\/jpeg\" \/>\n<meta name=\"author\" content=\"Vitor Azevedo\" \/>\n<meta name=\"twitter:card\" content=\"summary_large_image\" \/>\n<meta name=\"twitter:creator\" content=\"@sunoresearch\" \/>\n<meta name=\"twitter:site\" content=\"@sunoresearch\" \/>\n<meta name=\"twitter:label1\" content=\"Escrito por\" \/>\n\t<meta name=\"twitter:data1\" content=\"Vitor Azevedo\" \/>\n\t<meta name=\"twitter:label2\" content=\"Est. tempo de leitura\" \/>\n\t<meta name=\"twitter:data2\" content=\"2 minutos\" \/>\n<script type=\"application\/ld+json\" class=\"yoast-schema-graph\">{\"@context\":\"https:\/\/schema.org\",\"@graph\":[{\"@type\":\"NewsArticle\",\"@id\":\"https:\/\/www.suno.com.br\/noticias\/banco-votorantim-desiste-de-realizar-ipo-na-b3\/#article\",\"isPartOf\":{\"@id\":\"https:\/\/www.suno.com.br\/noticias\/banco-votorantim-desiste-de-realizar-ipo-na-b3\/\"},\"author\":{\"name\":\"Vitor Azevedo\",\"@id\":\"https:\/\/www.suno.com.br\/noticias\/#\/schema\/person\/658d5fbc74d81f265f5df3562d0038ab\"},\"headline\":\"BV, ex Banco Votorantim, desiste de realizar IPO na B3\",\"datePublished\":\"2021-04-14T12:33:17+00:00\",\"dateModified\":\"2021-04-14T12:35:10+00:00\",\"mainEntityOfPage\":{\"@id\":\"https:\/\/www.suno.com.br\/noticias\/banco-votorantim-desiste-de-realizar-ipo-na-b3\/\"},\"wordCount\":384,\"publisher\":{\"@id\":\"https:\/\/www.suno.com.br\/noticias\/#organization\"},\"image\":{\"@id\":\"https:\/\/www.suno.com.br\/noticias\/banco-votorantim-desiste-de-realizar-ipo-na-b3\/#primaryimage\"},\"thumbnailUrl\":\"https:\/\/files.sunoresearch.com.br\/n\/uploads\/2021\/03\/4a67a0ed-b3-1-jpg.webp\",\"keywords\":[\"BV\",\"Grupo Votorantim\",\"IPO (Oferta Inicial de A\u00e7\u00f5es)\"],\"articleSection\":[\"Neg\u00f3cios\"],\"inLanguage\":\"pt-BR\"},{\"@type\":\"WebPage\",\"@id\":\"https:\/\/www.suno.com.br\/noticias\/banco-votorantim-desiste-de-realizar-ipo-na-b3\/\",\"url\":\"https:\/\/www.suno.com.br\/noticias\/banco-votorantim-desiste-de-realizar-ipo-na-b3\/\",\"name\":\"BV, ex Banco Votorantim, desiste de realizar IPO na B3\",\"isPartOf\":{\"@id\":\"https:\/\/www.suno.com.br\/noticias\/#website\"},\"primaryImageOfPage\":{\"@id\":\"https:\/\/www.suno.com.br\/noticias\/banco-votorantim-desiste-de-realizar-ipo-na-b3\/#primaryimage\"},\"image\":{\"@id\":\"https:\/\/www.suno.com.br\/noticias\/banco-votorantim-desiste-de-realizar-ipo-na-b3\/#primaryimage\"},\"thumbnailUrl\":\"https:\/\/files.sunoresearch.com.br\/n\/uploads\/2021\/03\/4a67a0ed-b3-1-jpg.webp\",\"datePublished\":\"2021-04-14T12:33:17+00:00\",\"dateModified\":\"2021-04-14T12:35:10+00:00\",\"description\":\"O BV, antigo Banco Votorantim, desistiu de realizar seu IPO na B3 em assembleia nesta ter\u00e7a-feira. Clique aqui para saber mais.\",\"breadcrumb\":{\"@id\":\"https:\/\/www.suno.com.br\/noticias\/banco-votorantim-desiste-de-realizar-ipo-na-b3\/#breadcrumb\"},\"inLanguage\":\"pt-BR\",\"potentialAction\":[{\"@type\":\"ReadAction\",\"target\":[\"https:\/\/www.suno.com.br\/noticias\/banco-votorantim-desiste-de-realizar-ipo-na-b3\/\"]}]},{\"@type\":\"ImageObject\",\"inLanguage\":\"pt-BR\",\"@id\":\"https:\/\/www.suno.com.br\/noticias\/banco-votorantim-desiste-de-realizar-ipo-na-b3\/#primaryimage\",\"url\":\"https:\/\/files.sunoresearch.com.br\/n\/uploads\/2021\/03\/4a67a0ed-b3-1-jpg.webp\",\"contentUrl\":\"https:\/\/files.sunoresearch.com.br\/n\/uploads\/2021\/03\/4a67a0ed-b3-1-jpg.webp\",\"width\":1200,\"height\":800,\"caption\":\"Crescimento dos ETFs - Foto: Divulga\u00e7\u00e3o\"},{\"@type\":\"BreadcrumbList\",\"@id\":\"https:\/\/www.suno.com.br\/noticias\/banco-votorantim-desiste-de-realizar-ipo-na-b3\/#breadcrumb\",\"itemListElement\":[{\"@type\":\"ListItem\",\"position\":1,\"name\":\"Not\u00edcias\",\"item\":\"https:\/\/www.suno.com.br\/noticias\/\"},{\"@type\":\"ListItem\",\"position\":2,\"name\":\"Neg\u00f3cios\",\"item\":\"https:\/\/www.suno.com.br\/noticias\/negocios\/\"},{\"@type\":\"ListItem\",\"position\":3,\"name\":\"BV, ex Banco Votorantim, desiste de realizar IPO na B3\"}]},{\"@type\":\"WebSite\",\"@id\":\"https:\/\/www.suno.com.br\/noticias\/#website\",\"url\":\"https:\/\/www.suno.com.br\/noticias\/\",\"name\":\"Suno Not\u00edcias\",\"description\":\"Seu portal de informa\u00e7\u00e3o sobre o mundo dos investimentos\",\"publisher\":{\"@id\":\"https:\/\/www.suno.com.br\/noticias\/#organization\"},\"potentialAction\":[{\"@type\":\"SearchAction\",\"target\":{\"@type\":\"EntryPoint\",\"urlTemplate\":\"https:\/\/www.suno.com.br\/noticias\/?s={search_term_string}\"},\"query-input\":{\"@type\":\"PropertyValueSpecification\",\"valueRequired\":true,\"valueName\":\"search_term_string\"}}],\"inLanguage\":\"pt-BR\"},{\"@type\":\"Organization\",\"@id\":\"https:\/\/www.suno.com.br\/noticias\/#organization\",\"name\":\"Suno Not\u00edcias\",\"url\":\"https:\/\/www.suno.com.br\/noticias\/\",\"logo\":{\"@type\":\"ImageObject\",\"inLanguage\":\"pt-BR\",\"@id\":\"https:\/\/www.suno.com.br\/noticias\/#\/schema\/logo\/image\/\",\"url\":\"https:\/\/files.sunoresearch.com.br\/n\/uploads\/2021\/09\/suno-logo.png\",\"contentUrl\":\"https:\/\/files.sunoresearch.com.br\/n\/uploads\/2021\/09\/suno-logo.png\",\"width\":180,\"height\":180,\"caption\":\"Suno Not\u00edcias\"},\"image\":{\"@id\":\"https:\/\/www.suno.com.br\/noticias\/#\/schema\/logo\/image\/\"},\"sameAs\":[\"https:\/\/facebook.com\/sunoresearch\",\"https:\/\/x.com\/sunoresearch\",\"https:\/\/www.instagram.com\/suno\",\"https:\/\/www.linkedin.com\/company\/suno-research\/\",\"https:\/\/www.youtube.com\/c\/sunoresearch\"]},{\"@type\":\"Person\",\"@id\":\"https:\/\/www.suno.com.br\/noticias\/#\/schema\/person\/658d5fbc74d81f265f5df3562d0038ab\",\"name\":\"Vitor Azevedo\",\"image\":{\"@type\":\"ImageObject\",\"inLanguage\":\"pt-BR\",\"@id\":\"https:\/\/www.suno.com.br\/noticias\/#\/schema\/person\/image\/\",\"url\":\"https:\/\/secure.gravatar.com\/avatar\/62b86195291b446fe380824eb28b99a5?s=96&r=g\",\"contentUrl\":\"https:\/\/secure.gravatar.com\/avatar\/62b86195291b446fe380824eb28b99a5?s=96&r=g\",\"caption\":\"Vitor Azevedo\"},\"description\":\"Formado em jornalismo pela Unesp, escreve sobre economia e neg\u00f3cios para a Suno Not\u00edcias.\",\"url\":\"https:\/\/www.suno.com.br\/noticias\/author\/vitor-azevedo\/\"}]}<\/script>\n<!-- \/ Yoast SEO plugin. -->","yoast_head_json":{"title":"BV, ex Banco Votorantim, desiste de realizar IPO na B3","description":"O BV, antigo Banco Votorantim, desistiu de realizar seu IPO na B3 em assembleia nesta ter\u00e7a-feira. Clique aqui para saber mais.","robots":{"index":"index","follow":"follow","max-snippet":"max-snippet:-1","max-image-preview":"max-image-preview:large","max-video-preview":"max-video-preview:-1"},"canonical":"https:\/\/www.suno.com.br\/noticias\/banco-votorantim-desiste-de-realizar-ipo-na-b3\/","og_locale":"pt_BR","og_type":"article","og_title":"BV, ex Banco Votorantim, desiste de realizar IPO na B3","og_description":"O BV, antigo Banco Votorantim, desistiu de realizar seu IPO na B3 em assembleia nesta ter\u00e7a-feira. Clique aqui para saber mais.","og_url":"https:\/\/www.suno.com.br\/noticias\/banco-votorantim-desiste-de-realizar-ipo-na-b3\/","og_site_name":"Suno Not\u00edcias","article_publisher":"https:\/\/facebook.com\/sunoresearch","og_image":[{"width":1200,"height":800,"url":"https:\/\/files.sunoresearch.com.br\/n\/uploads\/2021\/03\/4a67a0ed-b3-1.jpg","type":"image\/jpeg"}],"author":"Vitor Azevedo","twitter_card":"summary_large_image","twitter_creator":"@sunoresearch","twitter_site":"@sunoresearch","twitter_misc":{"Escrito por":"Vitor Azevedo","Est. tempo de leitura":"2 minutos"},"schema":{"@context":"https:\/\/schema.org","@graph":[{"@type":"NewsArticle","@id":"https:\/\/www.suno.com.br\/noticias\/banco-votorantim-desiste-de-realizar-ipo-na-b3\/#article","isPartOf":{"@id":"https:\/\/www.suno.com.br\/noticias\/banco-votorantim-desiste-de-realizar-ipo-na-b3\/"},"author":{"name":"Vitor Azevedo","@id":"https:\/\/www.suno.com.br\/noticias\/#\/schema\/person\/658d5fbc74d81f265f5df3562d0038ab"},"headline":"BV, ex Banco Votorantim, desiste de realizar IPO na B3","datePublished":"2021-04-14T12:33:17+00:00","dateModified":"2021-04-14T12:35:10+00:00","mainEntityOfPage":{"@id":"https:\/\/www.suno.com.br\/noticias\/banco-votorantim-desiste-de-realizar-ipo-na-b3\/"},"wordCount":384,"publisher":{"@id":"https:\/\/www.suno.com.br\/noticias\/#organization"},"image":{"@id":"https:\/\/www.suno.com.br\/noticias\/banco-votorantim-desiste-de-realizar-ipo-na-b3\/#primaryimage"},"thumbnailUrl":"https:\/\/files.sunoresearch.com.br\/n\/uploads\/2021\/03\/4a67a0ed-b3-1-jpg.webp","keywords":["BV","Grupo Votorantim","IPO (Oferta Inicial de A\u00e7\u00f5es)"],"articleSection":["Neg\u00f3cios"],"inLanguage":"pt-BR"},{"@type":"WebPage","@id":"https:\/\/www.suno.com.br\/noticias\/banco-votorantim-desiste-de-realizar-ipo-na-b3\/","url":"https:\/\/www.suno.com.br\/noticias\/banco-votorantim-desiste-de-realizar-ipo-na-b3\/","name":"BV, ex Banco Votorantim, desiste de realizar IPO na B3","isPartOf":{"@id":"https:\/\/www.suno.com.br\/noticias\/#website"},"primaryImageOfPage":{"@id":"https:\/\/www.suno.com.br\/noticias\/banco-votorantim-desiste-de-realizar-ipo-na-b3\/#primaryimage"},"image":{"@id":"https:\/\/www.suno.com.br\/noticias\/banco-votorantim-desiste-de-realizar-ipo-na-b3\/#primaryimage"},"thumbnailUrl":"https:\/\/files.sunoresearch.com.br\/n\/uploads\/2021\/03\/4a67a0ed-b3-1-jpg.webp","datePublished":"2021-04-14T12:33:17+00:00","dateModified":"2021-04-14T12:35:10+00:00","description":"O BV, antigo Banco Votorantim, desistiu de realizar seu IPO na B3 em assembleia nesta ter\u00e7a-feira. Clique aqui para saber mais.","breadcrumb":{"@id":"https:\/\/www.suno.com.br\/noticias\/banco-votorantim-desiste-de-realizar-ipo-na-b3\/#breadcrumb"},"inLanguage":"pt-BR","potentialAction":[{"@type":"ReadAction","target":["https:\/\/www.suno.com.br\/noticias\/banco-votorantim-desiste-de-realizar-ipo-na-b3\/"]}]},{"@type":"ImageObject","inLanguage":"pt-BR","@id":"https:\/\/www.suno.com.br\/noticias\/banco-votorantim-desiste-de-realizar-ipo-na-b3\/#primaryimage","url":"https:\/\/files.sunoresearch.com.br\/n\/uploads\/2021\/03\/4a67a0ed-b3-1-jpg.webp","contentUrl":"https:\/\/files.sunoresearch.com.br\/n\/uploads\/2021\/03\/4a67a0ed-b3-1-jpg.webp","width":1200,"height":800,"caption":"Crescimento dos ETFs - Foto: Divulga\u00e7\u00e3o"},{"@type":"BreadcrumbList","@id":"https:\/\/www.suno.com.br\/noticias\/banco-votorantim-desiste-de-realizar-ipo-na-b3\/#breadcrumb","itemListElement":[{"@type":"ListItem","position":1,"name":"Not\u00edcias","item":"https:\/\/www.suno.com.br\/noticias\/"},{"@type":"ListItem","position":2,"name":"Neg\u00f3cios","item":"https:\/\/www.suno.com.br\/noticias\/negocios\/"},{"@type":"ListItem","position":3,"name":"BV, ex Banco Votorantim, desiste de realizar IPO na B3"}]},{"@type":"WebSite","@id":"https:\/\/www.suno.com.br\/noticias\/#website","url":"https:\/\/www.suno.com.br\/noticias\/","name":"Suno Not\u00edcias","description":"Seu portal de informa\u00e7\u00e3o sobre o mundo dos investimentos","publisher":{"@id":"https:\/\/www.suno.com.br\/noticias\/#organization"},"potentialAction":[{"@type":"SearchAction","target":{"@type":"EntryPoint","urlTemplate":"https:\/\/www.suno.com.br\/noticias\/?s={search_term_string}"},"query-input":{"@type":"PropertyValueSpecification","valueRequired":true,"valueName":"search_term_string"}}],"inLanguage":"pt-BR"},{"@type":"Organization","@id":"https:\/\/www.suno.com.br\/noticias\/#organization","name":"Suno Not\u00edcias","url":"https:\/\/www.suno.com.br\/noticias\/","logo":{"@type":"ImageObject","inLanguage":"pt-BR","@id":"https:\/\/www.suno.com.br\/noticias\/#\/schema\/logo\/image\/","url":"https:\/\/files.sunoresearch.com.br\/n\/uploads\/2021\/09\/suno-logo.png","contentUrl":"https:\/\/files.sunoresearch.com.br\/n\/uploads\/2021\/09\/suno-logo.png","width":180,"height":180,"caption":"Suno Not\u00edcias"},"image":{"@id":"https:\/\/www.suno.com.br\/noticias\/#\/schema\/logo\/image\/"},"sameAs":["https:\/\/facebook.com\/sunoresearch","https:\/\/x.com\/sunoresearch","https:\/\/www.instagram.com\/suno","https:\/\/www.linkedin.com\/company\/suno-research\/","https:\/\/www.youtube.com\/c\/sunoresearch"]},{"@type":"Person","@id":"https:\/\/www.suno.com.br\/noticias\/#\/schema\/person\/658d5fbc74d81f265f5df3562d0038ab","name":"Vitor Azevedo","image":{"@type":"ImageObject","inLanguage":"pt-BR","@id":"https:\/\/www.suno.com.br\/noticias\/#\/schema\/person\/image\/","url":"https:\/\/secure.gravatar.com\/avatar\/62b86195291b446fe380824eb28b99a5?s=96&r=g","contentUrl":"https:\/\/secure.gravatar.com\/avatar\/62b86195291b446fe380824eb28b99a5?s=96&r=g","caption":"Vitor Azevedo"},"description":"Formado em jornalismo pela Unesp, escreve sobre economia e neg\u00f3cios para a Suno Not\u00edcias.","url":"https:\/\/www.suno.com.br\/noticias\/author\/vitor-azevedo\/"}]}},"default_loop_html":"<div class=\"cardsPage__listCard__boxs\"><div class=\"cardsPage__listCard__boxs__img\"><a href=\"https:\/\/www.suno.com.br\/noticias\/banco-votorantim-desiste-de-realizar-ipo-na-b3\/\"><img class=\"mask\" src=\"https:\/\/www.suno.com.br\/noticias\/wp-content\/themes\/suno\/resources\/images\/spotlight\/spotlight1img\/bg-mask.png\" alt=\"Image Mask\"\/><img src=\"https:\/\/files.sunoresearch.com.br\/n\/uploads\/2021\/03\/4a67a0ed-b3-1-400x200.webp\" alt=\"BV, ex Banco Votorantim, desiste de realizar IPO na B3\"\/><\/a><span class=\"spotlightCategory\"><a href=\"https:\/\/www.suno.com.br\/noticias\/negocios\/\">Neg\u00f3cios<\/a><\/span><\/div><div class=\"cardsPage__listCard__boxs__content\"><a href=\"https:\/\/www.suno.com.br\/noticias\/banco-votorantim-desiste-de-realizar-ipo-na-b3\/\"><h2 class=\"content__title\">BV, ex Banco Votorantim, desiste de realizar IPO na B3<\/h2><\/a><div class=\"newsContent__article__meta\"><div class=\"newsContent__article__meta__authorBox\"><a href=\"https:\/\/www.suno.com.br\/noticias\/author\/vitor-azevedo\/\" class=\"authorBox__avatar noMobi\"><img src=\"https:\/\/secure.gravatar.com\/avatar\/62b86195291b446fe380824eb28b99a5?s=96&#038;r=g\" alt=\"Vitor Azevedo\"><\/a><div class=\"authorBox__name\"><span>por\n\t\t\t<a href=\"https:\/\/www.suno.com.br\/noticias\/author\/vitor-azevedo\/\"><span itemprop=\"author\">Vitor Azevedo<\/span><\/a><\/span><time datetime=\"2021-04-14T09:33:17-03:00\" itemprop=\"datePublished\">14\/04\/2021 09:33<\/time><\/div><\/div><\/div><\/div><\/div>","single_layout":"posts","amp_enabled":true,"_links":{"self":[{"href":"https:\/\/www.suno.com.br\/noticias\/wp-json\/wp\/v2\/posts\/139328"}],"collection":[{"href":"https:\/\/www.suno.com.br\/noticias\/wp-json\/wp\/v2\/posts"}],"about":[{"href":"https:\/\/www.suno.com.br\/noticias\/wp-json\/wp\/v2\/types\/post"}],"author":[{"embeddable":true,"href":"https:\/\/www.suno.com.br\/noticias\/wp-json\/wp\/v2\/users\/59"}],"replies":[{"embeddable":true,"href":"https:\/\/www.suno.com.br\/noticias\/wp-json\/wp\/v2\/comments?post=139328"}],"version-history":[{"count":2,"href":"https:\/\/www.suno.com.br\/noticias\/wp-json\/wp\/v2\/posts\/139328\/revisions"}],"predecessor-version":[{"id":139346,"href":"https:\/\/www.suno.com.br\/noticias\/wp-json\/wp\/v2\/posts\/139328\/revisions\/139346"}],"wp:featuredmedia":[{"embeddable":true,"href":"https:\/\/www.suno.com.br\/noticias\/wp-json\/wp\/v2\/media\/137358"}],"wp:attachment":[{"href":"https:\/\/www.suno.com.br\/noticias\/wp-json\/wp\/v2\/media?parent=139328"}],"wp:term":[{"taxonomy":"category","embeddable":true,"href":"https:\/\/www.suno.com.br\/noticias\/wp-json\/wp\/v2\/categories?post=139328"},{"taxonomy":"post_tag","embeddable":true,"href":"https:\/\/www.suno.com.br\/noticias\/wp-json\/wp\/v2\/tags?post=139328"},{"taxonomy":"suno_strategy","embeddable":true,"href":"https:\/\/www.suno.com.br\/noticias\/wp-json\/wp\/v2\/suno_strategy?post=139328"}],"curies":[{"name":"wp","href":"https:\/\/api.w.org\/{rel}","templated":true}]}}