{"id":13932,"date":"2019-02-02T18:59:23","date_gmt":"2019-02-02T20:59:23","guid":{"rendered":"https:\/\/www.suno.com.br\/noticias\/?p=13932"},"modified":"2019-02-02T19:40:35","modified_gmt":"2019-02-02T21:40:35","slug":"davi-alcolumbre-novo-presidente-senado","status":"publish","type":"post","link":"https:\/\/www.suno.com.br\/noticias\/davi-alcolumbre-novo-presidente-senado\/","title":{"rendered":"Com 42 votos, Davi Alcolumbre \u00e9 o novo presidente do Senado Federal"},"content":{"rendered":"<p>Davi Alcolumbre (DEM-AP) \u00e9 eleito o presidente do Senado Federal com 42 votos de um total de 77, neste s\u00e1bado (2). Desta forma, Alcolumbre representar\u00e1 a Casa no bi\u00eanio 2019-20.<\/p>\t<div class=\"wrapper-featured-image\">\n\t\t<figure class=\"spotlightImg\">\n\n\t\t\t<picture>\n\t\t\t\t<source media=\"(max-width: 768px)\" srcset=\"https:\/\/files.sunoresearch.com.br\/n\/uploads\/2019\/02\/24924863-novo-presidente-do-senado-federal-400x200.webp\">\n\t\t\t\t<img loading=\"lazy\" decoding=\"async\" class=\"newsContent__article__imgCapa lazyloadDisabled newsContent__article__imgCapa--noCaption\" src=\"https:\/\/files.sunoresearch.com.br\/n\/uploads\/2019\/02\/24924863-novo-presidente-do-senado-federal-800x450.webp\" width=\"800\" height=\"450\" alt=\"Com 42 votos, Davi Alcolumbre \u00e9 o novo presidente do Senado Federal\" fetchpriority=high \/>\n\t\t\t<\/picture>\n\n\t\t\t<figcaption class=\"wp-caption-text wp-caption-text--hide\">Senado aprova MP Antifraude ap\u00f3s acordo entre governo e oposi\u00e7\u00e3o<\/figcaption>\n\t\t<\/figure>\n\t<\/div>\n\n\n<p>A elei\u00e7\u00e3o que nomeou o novo <strong>presidente do Senado Federal<\/strong>, foi iniciada na \u00faltima sexta-feira (1). No entanto, devido a um s\u00e9rie de diverg\u00eancias e discuss\u00f5es a sess\u00e3o acabou sendo adiada.<\/p>\n<p>Na manh\u00e3 deste s\u00e1bado, ela foi retomada e teve fim por volta das 19h.<\/p>\n<p>S\u00e3o 81 senadores no total, mas quatro deles n\u00e3o compareceram \u00e0 vota\u00e7\u00e3o.<\/p>\n<h2>Discurso de posse<\/h2>\n<p>Durante sua posse como novo presidente do Senado, <strong>Davi Alcolumbre<\/strong>, iniciou seu discurso agradecendo \u201ca Deus a oportunidade de sentar nessa cadeira e assumo o compromisso com o Senado e com o Brasil&#8221;.<\/p>\n<p>O senador ainda agradeceu aos senadores <strong>Alvaro Dias<\/strong>, <strong>Major Ol\u00edmpio<\/strong>, <strong>Tasso Jereissati<\/strong> e <strong>Simone Tebe<\/strong>t que abriram m\u00e3o de suas candidaturas.<\/p>\n<p>Al\u00e9m disso, afirmou que quer &#8220;dividir essa responsabilidade com os 80 senadores que comp\u00f5em essa Casa&#8221;.<\/p>\n<p>De acordo com o novo presidente, a fun\u00e7\u00e3o dos senadores \u00e9 de &#8220;servir o povo brasileiro e n\u00e3o nos servirmos dele&#8221;. Alcolumbre ainda afirmou em seus discurso que o pa\u00eds necessita de &#8220;urgentes reformas&#8221;.<\/p>\n<p>Davi Alcolumbre encerrou seu discurso agradecendo ao povo, a Deus e aos colegas senadores.<\/p>\n<h2>Vota\u00e7\u00e3o e adiamento<\/h2>\n<p>A <strong>vota\u00e7\u00e3o<\/strong> estava marcada para acontecer na \u00faltima sexta-feira (1).<\/p>\n<p>No entanto, o senador <strong>Cid Gomes<\/strong> (PDT-CE) pediu para que a sess\u00e3o foi suspensa devido ao <strong>grande tumulto<\/strong> e as diverg\u00eancias entre os senadores da Casa sobre quem deveria conduzir a elei\u00e7\u00e3o.<\/p>\n<p>Al\u00e9m disso, outro ponto que emplacou fortes discuss\u00f5es entre os senadores foi a forma que seria feita a vota\u00e7\u00e3o. Um grupo defendia a <strong>vota\u00e7\u00e3o aberta<\/strong> e outro a <strong>vota\u00e7\u00e3o secreta<\/strong>, como manda o Regimento Interno do Senado<\/p>\n<p>A proposta do senador foi aprovada ap\u00f3s ser realizada uma vota\u00e7\u00e3o simb\u00f3lica no <strong>Senado Federal<\/strong>. Assim, a\u00a0sess\u00e3o para definir quem assumir\u00e1 a <strong>Presid\u00eancia do Senado<\/strong> acabou sendo\u00a0adiada para este s\u00e1bado.<\/p>\n<p><a href=\"https:\/\/www.suno.com.br\/noticias\/tumulto-senado-voto-aberto-nominal\/\">Saiba mais:\u00a0Com tumulto e sess\u00e3o suspensa, Senado aprova voto aberto e nominal<\/a><\/p>\n<p><a href=\"https:\/\/www.suno.com.br\/noticias\/rodrigo-maia-se-reelege-presidente-da-camara-dos-deputados\/\">Saiba mais:\u00a0Rodrigo Maia se reelege presidente da C\u00e2mara dos Deputados<\/a><\/p>\n<h3>Medida do Supremo Tribunal Federal<\/h3>\n<p>O ministro e presidente do <strong>Supremo Tribunal Federal<\/strong> (STF), Dias Toffoli, determinou que a elei\u00e7\u00e3o para a Presid\u00eancia do Senado seja feita por meio de voto secreto.<\/p>\n<p>A decis\u00e3o foi tomada por <strong>Toffoli<\/strong> na madrugada deste s\u00e1bado (2) ap\u00f3s um pedido dos partidos <strong>Solidariedade<\/strong> e <strong>MDB<\/strong>. A elei\u00e7\u00e3o para a <strong>Presid\u00eancia do Senado<\/strong> foi iniciada \u00e0s 11h.<\/p>\n<p>Dessa forma, o presidente do STF anulou a vota\u00e7\u00e3o que havia sido realizada pelo senador <strong>Davi Alcolumbre<\/strong> (DEM-AP). No entanto, sem que 28 senadores votassem, o voto aberto venceu por\u00a050 votos a 2 e uma absten\u00e7\u00e3o.<\/p>\n<p>Assim, o ministro decidiu que o senador <strong>Jos\u00e9 Maranh\u00e3o<\/strong> (MDB-PB) seria o respons\u00e1vel pela nova vota\u00e7\u00e3o da sess\u00e3o neste s\u00e1bado. (<em>texto da decis\u00e3o abaixo<\/em>)<\/p>\n<p><em>&#8220;Defiro o pedido, de modo que as elei\u00e7\u00f5es para os membros da Mesa Diretora do Senado Federal sejam realizadas por escrut\u00ednio secreto. Por conseguinte, declaro a nulidade do processo de vota\u00e7\u00e3o da quest\u00e3o de ordem submetida ao Plen\u00e1rio pelo Senador da Rep\u00fablica Davi Alcolumbre, a respeito da forma de vota\u00e7\u00e3o para os cargos da Mesa Diretora. Comunique-se, com urg\u00eancia, por meio expedito, o Senador da Rep\u00fablica Jos\u00e9 Maranh\u00e3o, que, conforme anunciado publicamente, presidir\u00e1 os trabalhos&#8221;<\/em><\/p>\n<p>Mesmo com a decis\u00e3o da elei\u00e7\u00e3o ser realizada com votos secretos, muitos senadores discursaram e realizaram o voto aberto.<\/p>\n<h3>Um voto a mais e elei\u00e7\u00e3o anulada<\/h3>\n<p>Uma nova pol\u00eamica foi instalada na elei\u00e7\u00e3o presidencial do Senado. Na vota\u00e7\u00e3o, foi computado um voto a mais na urna.<\/p>\n<p>Ap\u00f3s muitas diverg\u00eancias, a vota\u00e7\u00e3o foi cancelada, as c\u00e9dulas destru\u00eddas e o processo foi iniciado novamente.<\/p>\n<h2>Disputa para o Senado<\/h2>\n<p>At\u00e9 o in\u00edcio das vota\u00e7\u00f5es haviam se candidato \u00e0 <strong>Presid\u00eancia do Senado<\/strong>, os senadores:<\/p>\n<ul>\n<li><strong>\u00c2ngelo Coronel (PSD-BA);<\/strong><\/li>\n<li><strong> Davi Alcolumbre (DEM-AP);<\/strong><\/li>\n<li><strong> Fernando Collor (Pros-AL) ;<\/strong><\/li>\n<li><strong> Esperidi\u00e3o Amin (PP-SC);<\/strong><\/li>\n<li><strong> Renan Calheiros (MDB-AL);<\/strong><\/li>\n<li><strong>Jos\u00e9 Reguffe (sem partido-DF).<\/strong><\/li>\n<\/ul>\n<p>Senadores que desistiram da disputa:<\/p>\n<ul>\n<li><strong>Alvaro Dias (Podemos-PR);<\/strong><\/li>\n<li><strong>Major Ol\u00edmpio (PSL-SP);<\/strong><\/li>\n<li><strong>Simone Tebet\u00a0(MDB-MS).<\/strong><\/li>\n<\/ul>\n<p>A ren\u00fancia dos tr\u00eas senadores tinha como objetivo impedir a elei\u00e7\u00e3o de Renan Calheiros (MDB-AL), que busca ser eleito pela quinta vez presidente do Senado. Com as desist\u00eancias, os senadores buscavam favorecer o principal concorrente de Renan ao cargo, o senador\u00a0Davi Alcolumbre (DEM-AP).<\/p>\n<p>No entanto, em um ato inesperado durante a segunda vota\u00e7\u00e3o, o senador Renan Calheiros (MDB-AL) retirou sua candidatura, indicando que Davi Alcolumbre (DEM-AP) seria o novo presidente.<\/p>\n<p><a href=\"https:\/\/www.suno.com.br\/noticias\/renan-calheiros-retira-candidatura-presidencia-senado\/\">Saiba mais:\u00a0Renan Calheiros retira sua candidatura \u00e0 Presid\u00eancia do Senado<\/a><\/p>\n<p>\u201cPara demonstrar que esse processo n\u00e3o \u00e9 democr\u00e1tico, eu queria lhe dizer que o Davi (Alcolumbre) n\u00e3o \u00e9 Davi. O Davi \u00e9 o Golias. Ele \u00e9 o novo presidente do Senado e eu retiro a minha candidatura, porque n\u00e3o vou me submeter a isso\u201d, declarou Renan.<\/p>\n<h2>Resultado da elei\u00e7\u00e3o<\/h2>\n<ul>\n<li>Davi Alcolumbre (DEM-AP) &#8211; 42 votos;<\/li>\n<li>Espiridi\u00e3o Amin (PP-SC) &#8211; 13 votos;<\/li>\n<li>\u00c2ngelo Coronel (PSD-BA) &#8211; 8 votos;<\/li>\n<li>Jos\u00e9 Reguffe (s\/partido-DF) &#8211; 6 votos;<\/li>\n<li>*Renan Calheiros (MDB-AL) &#8211; 5 votos;<\/li>\n<li>Fernando Collor (PROS-AL) &#8211; 3 votos.<\/li>\n<\/ul>\n<p>*Os votos foram destinados ao senador Renan Calheiros antes que ele retirasse a sua candidatura.<\/p>\n<h2>Novo Senador<\/h2>\n<p>O <strong>novo presidente do Senado<\/strong> Davi Alcolumbre (DEM-AP) ser\u00e1 o sucessor de <strong>Eun\u00edcio Oliveira<\/strong>, na \u00e9poca indicado pelo seu partido PMDB. Oliveira foi o representante da Casa no bi\u00eanio 2017-18.<\/p>\n","protected":false},"excerpt":{"rendered":"<p>Davi Alcolumbre (DEM-AP) \u00e9 eleito o presidente do Senado Federal com 42 votos de um total de 77, neste s\u00e1bado (2). Desta forma, Alcolumbre representar\u00e1 a Casa no bi\u00eanio 2019-20. Senado aprova MP Antifraude ap\u00f3s acordo entre governo e oposi\u00e7\u00e3o A elei\u00e7\u00e3o que nomeou o novo presidente do Senado Federal, foi iniciada na \u00faltima sexta-feira [&hellip;]<\/p>\n","protected":false},"author":11,"featured_media":13942,"comment_status":"closed","ping_status":"closed","sticky":false,"template":"","format":"standard","meta":[],"categories":[61],"tags":[1068],"suno_strategy":[],"class_list":["post-13932","post","type-post","status-publish","format-standard","has-post-thumbnail","hentry","category-politica","tag-senado-federal"],"yoast_head":"<!-- This site is optimized with the Yoast SEO plugin v24.4 - https:\/\/yoast.com\/wordpress\/plugins\/seo\/ -->\n<title>Com 42 votos, Davi Alcolumbre \u00e9 o novo presidente do Senado Federal<\/title>\n<meta name=\"description\" content=\"O novo presidente do Senado Federal representar\u00e1 a Casa no bi\u00eanio 2019-20; Seis senadores concorream a cadeira. Clique para saber mais.\" \/>\n<meta name=\"robots\" content=\"index, follow, max-snippet:-1, max-image-preview:large, max-video-preview:-1\" \/>\n<link rel=\"canonical\" href=\"https:\/\/www.suno.com.br\/noticias\/davi-alcolumbre-novo-presidente-senado\/\" \/>\n<meta property=\"og:locale\" content=\"pt_BR\" \/>\n<meta property=\"og:type\" content=\"article\" \/>\n<meta property=\"og:title\" content=\"Com 42 votos, Davi Alcolumbre \u00e9 o novo presidente do Senado Federal\" \/>\n<meta property=\"og:description\" content=\"O novo presidente do Senado Federal representar\u00e1 a Casa no bi\u00eanio 2019-20; Seis senadores concorream a cadeira. Clique para saber mais.\" \/>\n<meta property=\"og:url\" content=\"https:\/\/www.suno.com.br\/noticias\/davi-alcolumbre-novo-presidente-senado\/\" \/>\n<meta property=\"og:site_name\" content=\"Suno Not\u00edcias\" \/>\n<meta property=\"article:publisher\" content=\"https:\/\/facebook.com\/sunoresearch\" \/>\n<meta property=\"og:image\" content=\"https:\/\/files.sunoresearch.com.br\/n\/uploads\/2019\/02\/24924863-novo-presidente-do-senado-federal.jpg\" \/>\n\t<meta property=\"og:image:width\" content=\"1140\" \/>\n\t<meta property=\"og:image:height\" content=\"760\" \/>\n\t<meta property=\"og:image:type\" content=\"image\/jpeg\" \/>\n<meta name=\"author\" content=\"Renan Bandeira\" \/>\n<meta name=\"twitter:card\" content=\"summary_large_image\" \/>\n<meta name=\"twitter:creator\" content=\"@sunoresearch\" \/>\n<meta name=\"twitter:site\" content=\"@sunoresearch\" \/>\n<meta name=\"twitter:label1\" content=\"Escrito por\" \/>\n\t<meta name=\"twitter:data1\" content=\"Renan Bandeira\" \/>\n\t<meta name=\"twitter:label2\" content=\"Est. tempo de leitura\" \/>\n\t<meta name=\"twitter:data2\" content=\"5 minutos\" \/>\n<script type=\"application\/ld+json\" class=\"yoast-schema-graph\">{\"@context\":\"https:\/\/schema.org\",\"@graph\":[{\"@type\":\"NewsArticle\",\"@id\":\"https:\/\/www.suno.com.br\/noticias\/davi-alcolumbre-novo-presidente-senado\/#article\",\"isPartOf\":{\"@id\":\"https:\/\/www.suno.com.br\/noticias\/davi-alcolumbre-novo-presidente-senado\/\"},\"author\":{\"name\":\"Renan Bandeira\",\"@id\":\"https:\/\/www.suno.com.br\/noticias\/#\/schema\/person\/fc144a1c6108bd1dcd43784e88a3c138\"},\"headline\":\"Com 42 votos, Davi Alcolumbre \u00e9 o novo presidente do Senado Federal\",\"datePublished\":\"2019-02-02T20:59:23+00:00\",\"dateModified\":\"2019-02-02T21:40:35+00:00\",\"mainEntityOfPage\":{\"@id\":\"https:\/\/www.suno.com.br\/noticias\/davi-alcolumbre-novo-presidente-senado\/\"},\"wordCount\":947,\"publisher\":{\"@id\":\"https:\/\/www.suno.com.br\/noticias\/#organization\"},\"image\":{\"@id\":\"https:\/\/www.suno.com.br\/noticias\/davi-alcolumbre-novo-presidente-senado\/#primaryimage\"},\"thumbnailUrl\":\"https:\/\/files.sunoresearch.com.br\/n\/uploads\/2019\/02\/24924863-novo-presidente-do-senado-federal-jpg.webp\",\"keywords\":[\"Senado Federal\"],\"articleSection\":[\"Pol\u00edtica\"],\"inLanguage\":\"pt-BR\"},{\"@type\":\"WebPage\",\"@id\":\"https:\/\/www.suno.com.br\/noticias\/davi-alcolumbre-novo-presidente-senado\/\",\"url\":\"https:\/\/www.suno.com.br\/noticias\/davi-alcolumbre-novo-presidente-senado\/\",\"name\":\"Com 42 votos, Davi Alcolumbre \u00e9 o novo presidente do Senado Federal\",\"isPartOf\":{\"@id\":\"https:\/\/www.suno.com.br\/noticias\/#website\"},\"primaryImageOfPage\":{\"@id\":\"https:\/\/www.suno.com.br\/noticias\/davi-alcolumbre-novo-presidente-senado\/#primaryimage\"},\"image\":{\"@id\":\"https:\/\/www.suno.com.br\/noticias\/davi-alcolumbre-novo-presidente-senado\/#primaryimage\"},\"thumbnailUrl\":\"https:\/\/files.sunoresearch.com.br\/n\/uploads\/2019\/02\/24924863-novo-presidente-do-senado-federal-jpg.webp\",\"datePublished\":\"2019-02-02T20:59:23+00:00\",\"dateModified\":\"2019-02-02T21:40:35+00:00\",\"description\":\"O novo presidente do Senado Federal representar\u00e1 a Casa no bi\u00eanio 2019-20; Seis senadores concorream a cadeira. Clique para saber mais.\",\"breadcrumb\":{\"@id\":\"https:\/\/www.suno.com.br\/noticias\/davi-alcolumbre-novo-presidente-senado\/#breadcrumb\"},\"inLanguage\":\"pt-BR\",\"potentialAction\":[{\"@type\":\"ReadAction\",\"target\":[\"https:\/\/www.suno.com.br\/noticias\/davi-alcolumbre-novo-presidente-senado\/\"]}]},{\"@type\":\"ImageObject\",\"inLanguage\":\"pt-BR\",\"@id\":\"https:\/\/www.suno.com.br\/noticias\/davi-alcolumbre-novo-presidente-senado\/#primaryimage\",\"url\":\"https:\/\/files.sunoresearch.com.br\/n\/uploads\/2019\/02\/24924863-novo-presidente-do-senado-federal-jpg.webp\",\"contentUrl\":\"https:\/\/files.sunoresearch.com.br\/n\/uploads\/2019\/02\/24924863-novo-presidente-do-senado-federal-jpg.webp\",\"width\":1140,\"height\":760,\"caption\":\"Senado aprova MP Antifraude ap\u00f3s acordo entre governo e oposi\u00e7\u00e3o\"},{\"@type\":\"BreadcrumbList\",\"@id\":\"https:\/\/www.suno.com.br\/noticias\/davi-alcolumbre-novo-presidente-senado\/#breadcrumb\",\"itemListElement\":[{\"@type\":\"ListItem\",\"position\":1,\"name\":\"Not\u00edcias\",\"item\":\"https:\/\/www.suno.com.br\/noticias\/\"},{\"@type\":\"ListItem\",\"position\":2,\"name\":\"Pol\u00edtica\",\"item\":\"https:\/\/www.suno.com.br\/noticias\/politica\/\"},{\"@type\":\"ListItem\",\"position\":3,\"name\":\"Com 42 votos, Davi Alcolumbre \u00e9 o novo presidente do Senado Federal\"}]},{\"@type\":\"WebSite\",\"@id\":\"https:\/\/www.suno.com.br\/noticias\/#website\",\"url\":\"https:\/\/www.suno.com.br\/noticias\/\",\"name\":\"Suno Not\u00edcias\",\"description\":\"Seu portal de informa\u00e7\u00e3o sobre o mundo dos investimentos\",\"publisher\":{\"@id\":\"https:\/\/www.suno.com.br\/noticias\/#organization\"},\"potentialAction\":[{\"@type\":\"SearchAction\",\"target\":{\"@type\":\"EntryPoint\",\"urlTemplate\":\"https:\/\/www.suno.com.br\/noticias\/?s={search_term_string}\"},\"query-input\":{\"@type\":\"PropertyValueSpecification\",\"valueRequired\":true,\"valueName\":\"search_term_string\"}}],\"inLanguage\":\"pt-BR\"},{\"@type\":\"Organization\",\"@id\":\"https:\/\/www.suno.com.br\/noticias\/#organization\",\"name\":\"Suno Not\u00edcias\",\"url\":\"https:\/\/www.suno.com.br\/noticias\/\",\"logo\":{\"@type\":\"ImageObject\",\"inLanguage\":\"pt-BR\",\"@id\":\"https:\/\/www.suno.com.br\/noticias\/#\/schema\/logo\/image\/\",\"url\":\"https:\/\/files.sunoresearch.com.br\/n\/uploads\/2021\/09\/suno-logo.png\",\"contentUrl\":\"https:\/\/files.sunoresearch.com.br\/n\/uploads\/2021\/09\/suno-logo.png\",\"width\":180,\"height\":180,\"caption\":\"Suno Not\u00edcias\"},\"image\":{\"@id\":\"https:\/\/www.suno.com.br\/noticias\/#\/schema\/logo\/image\/\"},\"sameAs\":[\"https:\/\/facebook.com\/sunoresearch\",\"https:\/\/x.com\/sunoresearch\",\"https:\/\/www.instagram.com\/suno\",\"https:\/\/www.linkedin.com\/company\/suno-research\/\",\"https:\/\/www.youtube.com\/c\/sunoresearch\"]},{\"@type\":\"Person\",\"@id\":\"https:\/\/www.suno.com.br\/noticias\/#\/schema\/person\/fc144a1c6108bd1dcd43784e88a3c138\",\"name\":\"Renan Bandeira\",\"image\":{\"@type\":\"ImageObject\",\"inLanguage\":\"pt-BR\",\"@id\":\"https:\/\/www.suno.com.br\/noticias\/#\/schema\/person\/image\/\",\"url\":\"https:\/\/secure.gravatar.com\/avatar\/68359cdb608f14f11bbefcb78f3fc747?s=96&r=g\",\"contentUrl\":\"https:\/\/secure.gravatar.com\/avatar\/68359cdb608f14f11bbefcb78f3fc747?s=96&r=g\",\"caption\":\"Renan Bandeira\"},\"description\":\"Renan Bandeira escreve sobre pol\u00edtica e economia para o portal da Suno Research. Antes da Suno, trabalhou em uma rede de televis\u00e3o, onde fazia reportagens sobre os mesmos temas. Estuda na Universidade Metodista de S\u00e3o Paulo.\",\"url\":\"https:\/\/www.suno.com.br\/noticias\/author\/renan-bandeira\/\"}]}<\/script>\n<!-- \/ Yoast SEO plugin. -->","yoast_head_json":{"title":"Com 42 votos, Davi Alcolumbre \u00e9 o novo presidente do Senado Federal","description":"O novo presidente do Senado Federal representar\u00e1 a Casa no bi\u00eanio 2019-20; Seis senadores concorream a cadeira. Clique para saber mais.","robots":{"index":"index","follow":"follow","max-snippet":"max-snippet:-1","max-image-preview":"max-image-preview:large","max-video-preview":"max-video-preview:-1"},"canonical":"https:\/\/www.suno.com.br\/noticias\/davi-alcolumbre-novo-presidente-senado\/","og_locale":"pt_BR","og_type":"article","og_title":"Com 42 votos, Davi Alcolumbre \u00e9 o novo presidente do Senado Federal","og_description":"O novo presidente do Senado Federal representar\u00e1 a Casa no bi\u00eanio 2019-20; Seis senadores concorream a cadeira. Clique para saber mais.","og_url":"https:\/\/www.suno.com.br\/noticias\/davi-alcolumbre-novo-presidente-senado\/","og_site_name":"Suno Not\u00edcias","article_publisher":"https:\/\/facebook.com\/sunoresearch","og_image":[{"width":1140,"height":760,"url":"https:\/\/files.sunoresearch.com.br\/n\/uploads\/2019\/02\/24924863-novo-presidente-do-senado-federal.jpg","type":"image\/jpeg"}],"author":"Renan Bandeira","twitter_card":"summary_large_image","twitter_creator":"@sunoresearch","twitter_site":"@sunoresearch","twitter_misc":{"Escrito por":"Renan Bandeira","Est. tempo de leitura":"5 minutos"},"schema":{"@context":"https:\/\/schema.org","@graph":[{"@type":"NewsArticle","@id":"https:\/\/www.suno.com.br\/noticias\/davi-alcolumbre-novo-presidente-senado\/#article","isPartOf":{"@id":"https:\/\/www.suno.com.br\/noticias\/davi-alcolumbre-novo-presidente-senado\/"},"author":{"name":"Renan Bandeira","@id":"https:\/\/www.suno.com.br\/noticias\/#\/schema\/person\/fc144a1c6108bd1dcd43784e88a3c138"},"headline":"Com 42 votos, Davi Alcolumbre \u00e9 o novo presidente do Senado Federal","datePublished":"2019-02-02T20:59:23+00:00","dateModified":"2019-02-02T21:40:35+00:00","mainEntityOfPage":{"@id":"https:\/\/www.suno.com.br\/noticias\/davi-alcolumbre-novo-presidente-senado\/"},"wordCount":947,"publisher":{"@id":"https:\/\/www.suno.com.br\/noticias\/#organization"},"image":{"@id":"https:\/\/www.suno.com.br\/noticias\/davi-alcolumbre-novo-presidente-senado\/#primaryimage"},"thumbnailUrl":"https:\/\/files.sunoresearch.com.br\/n\/uploads\/2019\/02\/24924863-novo-presidente-do-senado-federal-jpg.webp","keywords":["Senado Federal"],"articleSection":["Pol\u00edtica"],"inLanguage":"pt-BR"},{"@type":"WebPage","@id":"https:\/\/www.suno.com.br\/noticias\/davi-alcolumbre-novo-presidente-senado\/","url":"https:\/\/www.suno.com.br\/noticias\/davi-alcolumbre-novo-presidente-senado\/","name":"Com 42 votos, Davi Alcolumbre \u00e9 o novo presidente do Senado Federal","isPartOf":{"@id":"https:\/\/www.suno.com.br\/noticias\/#website"},"primaryImageOfPage":{"@id":"https:\/\/www.suno.com.br\/noticias\/davi-alcolumbre-novo-presidente-senado\/#primaryimage"},"image":{"@id":"https:\/\/www.suno.com.br\/noticias\/davi-alcolumbre-novo-presidente-senado\/#primaryimage"},"thumbnailUrl":"https:\/\/files.sunoresearch.com.br\/n\/uploads\/2019\/02\/24924863-novo-presidente-do-senado-federal-jpg.webp","datePublished":"2019-02-02T20:59:23+00:00","dateModified":"2019-02-02T21:40:35+00:00","description":"O novo presidente do Senado Federal representar\u00e1 a Casa no bi\u00eanio 2019-20; Seis senadores concorream a cadeira. Clique para saber mais.","breadcrumb":{"@id":"https:\/\/www.suno.com.br\/noticias\/davi-alcolumbre-novo-presidente-senado\/#breadcrumb"},"inLanguage":"pt-BR","potentialAction":[{"@type":"ReadAction","target":["https:\/\/www.suno.com.br\/noticias\/davi-alcolumbre-novo-presidente-senado\/"]}]},{"@type":"ImageObject","inLanguage":"pt-BR","@id":"https:\/\/www.suno.com.br\/noticias\/davi-alcolumbre-novo-presidente-senado\/#primaryimage","url":"https:\/\/files.sunoresearch.com.br\/n\/uploads\/2019\/02\/24924863-novo-presidente-do-senado-federal-jpg.webp","contentUrl":"https:\/\/files.sunoresearch.com.br\/n\/uploads\/2019\/02\/24924863-novo-presidente-do-senado-federal-jpg.webp","width":1140,"height":760,"caption":"Senado aprova MP Antifraude ap\u00f3s acordo entre governo e oposi\u00e7\u00e3o"},{"@type":"BreadcrumbList","@id":"https:\/\/www.suno.com.br\/noticias\/davi-alcolumbre-novo-presidente-senado\/#breadcrumb","itemListElement":[{"@type":"ListItem","position":1,"name":"Not\u00edcias","item":"https:\/\/www.suno.com.br\/noticias\/"},{"@type":"ListItem","position":2,"name":"Pol\u00edtica","item":"https:\/\/www.suno.com.br\/noticias\/politica\/"},{"@type":"ListItem","position":3,"name":"Com 42 votos, Davi Alcolumbre \u00e9 o novo presidente do Senado Federal"}]},{"@type":"WebSite","@id":"https:\/\/www.suno.com.br\/noticias\/#website","url":"https:\/\/www.suno.com.br\/noticias\/","name":"Suno Not\u00edcias","description":"Seu portal de informa\u00e7\u00e3o sobre o mundo dos investimentos","publisher":{"@id":"https:\/\/www.suno.com.br\/noticias\/#organization"},"potentialAction":[{"@type":"SearchAction","target":{"@type":"EntryPoint","urlTemplate":"https:\/\/www.suno.com.br\/noticias\/?s={search_term_string}"},"query-input":{"@type":"PropertyValueSpecification","valueRequired":true,"valueName":"search_term_string"}}],"inLanguage":"pt-BR"},{"@type":"Organization","@id":"https:\/\/www.suno.com.br\/noticias\/#organization","name":"Suno Not\u00edcias","url":"https:\/\/www.suno.com.br\/noticias\/","logo":{"@type":"ImageObject","inLanguage":"pt-BR","@id":"https:\/\/www.suno.com.br\/noticias\/#\/schema\/logo\/image\/","url":"https:\/\/files.sunoresearch.com.br\/n\/uploads\/2021\/09\/suno-logo.png","contentUrl":"https:\/\/files.sunoresearch.com.br\/n\/uploads\/2021\/09\/suno-logo.png","width":180,"height":180,"caption":"Suno Not\u00edcias"},"image":{"@id":"https:\/\/www.suno.com.br\/noticias\/#\/schema\/logo\/image\/"},"sameAs":["https:\/\/facebook.com\/sunoresearch","https:\/\/x.com\/sunoresearch","https:\/\/www.instagram.com\/suno","https:\/\/www.linkedin.com\/company\/suno-research\/","https:\/\/www.youtube.com\/c\/sunoresearch"]},{"@type":"Person","@id":"https:\/\/www.suno.com.br\/noticias\/#\/schema\/person\/fc144a1c6108bd1dcd43784e88a3c138","name":"Renan Bandeira","image":{"@type":"ImageObject","inLanguage":"pt-BR","@id":"https:\/\/www.suno.com.br\/noticias\/#\/schema\/person\/image\/","url":"https:\/\/secure.gravatar.com\/avatar\/68359cdb608f14f11bbefcb78f3fc747?s=96&r=g","contentUrl":"https:\/\/secure.gravatar.com\/avatar\/68359cdb608f14f11bbefcb78f3fc747?s=96&r=g","caption":"Renan Bandeira"},"description":"Renan Bandeira escreve sobre pol\u00edtica e economia para o portal da Suno Research. Antes da Suno, trabalhou em uma rede de televis\u00e3o, onde fazia reportagens sobre os mesmos temas. Estuda na Universidade Metodista de S\u00e3o Paulo.","url":"https:\/\/www.suno.com.br\/noticias\/author\/renan-bandeira\/"}]}},"default_loop_html":"<div class=\"cardsPage__listCard__boxs\"><div class=\"cardsPage__listCard__boxs__img\"><a href=\"https:\/\/www.suno.com.br\/noticias\/davi-alcolumbre-novo-presidente-senado\/\"><img class=\"mask\" src=\"https:\/\/www.suno.com.br\/noticias\/wp-content\/themes\/suno\/resources\/images\/spotlight\/spotlight1img\/bg-mask.png\" alt=\"Image Mask\"\/><img src=\"https:\/\/files.sunoresearch.com.br\/n\/uploads\/2019\/02\/24924863-novo-presidente-do-senado-federal-400x200.webp\" alt=\"Com 42 votos, Davi Alcolumbre \u00e9 o novo presidente do Senado Federal\"\/><\/a><span class=\"spotlightCategory\"><a href=\"https:\/\/www.suno.com.br\/noticias\/politica\/\">Pol\u00edtica<\/a><\/span><\/div><div class=\"cardsPage__listCard__boxs__content\"><a href=\"https:\/\/www.suno.com.br\/noticias\/davi-alcolumbre-novo-presidente-senado\/\"><h2 class=\"content__title\">Com 42 votos, Davi Alcolumbre \u00e9 o novo presidente do Senado Federal<\/h2><\/a><div class=\"newsContent__article__meta\"><div class=\"newsContent__article__meta__authorBox\"><a href=\"https:\/\/www.suno.com.br\/noticias\/author\/renan-bandeira\/\" class=\"authorBox__avatar noMobi\"><img src=\"https:\/\/secure.gravatar.com\/avatar\/68359cdb608f14f11bbefcb78f3fc747?s=96&#038;r=g\" alt=\"Renan Bandeira\"><\/a><div class=\"authorBox__name\"><span>por\n\t\t\t<a href=\"https:\/\/www.suno.com.br\/noticias\/author\/renan-bandeira\/\"><span itemprop=\"author\">Renan Bandeira<\/span><\/a><\/span><time datetime=\"2019-02-02T18:59:23-02:00\" itemprop=\"datePublished\">02\/02\/2019 18:59<\/time><\/div><\/div><\/div><\/div><\/div>","single_layout":"posts","amp_enabled":true,"_links":{"self":[{"href":"https:\/\/www.suno.com.br\/noticias\/wp-json\/wp\/v2\/posts\/13932"}],"collection":[{"href":"https:\/\/www.suno.com.br\/noticias\/wp-json\/wp\/v2\/posts"}],"about":[{"href":"https:\/\/www.suno.com.br\/noticias\/wp-json\/wp\/v2\/types\/post"}],"author":[{"embeddable":true,"href":"https:\/\/www.suno.com.br\/noticias\/wp-json\/wp\/v2\/users\/11"}],"replies":[{"embeddable":true,"href":"https:\/\/www.suno.com.br\/noticias\/wp-json\/wp\/v2\/comments?post=13932"}],"version-history":[{"count":0,"href":"https:\/\/www.suno.com.br\/noticias\/wp-json\/wp\/v2\/posts\/13932\/revisions"}],"wp:featuredmedia":[{"embeddable":true,"href":"https:\/\/www.suno.com.br\/noticias\/wp-json\/wp\/v2\/media\/13942"}],"wp:attachment":[{"href":"https:\/\/www.suno.com.br\/noticias\/wp-json\/wp\/v2\/media?parent=13932"}],"wp:term":[{"taxonomy":"category","embeddable":true,"href":"https:\/\/www.suno.com.br\/noticias\/wp-json\/wp\/v2\/categories?post=13932"},{"taxonomy":"post_tag","embeddable":true,"href":"https:\/\/www.suno.com.br\/noticias\/wp-json\/wp\/v2\/tags?post=13932"},{"taxonomy":"suno_strategy","embeddable":true,"href":"https:\/\/www.suno.com.br\/noticias\/wp-json\/wp\/v2\/suno_strategy?post=13932"}],"curies":[{"name":"wp","href":"https:\/\/api.w.org\/{rel}","templated":true}]}}