{"id":13930,"date":"2019-02-02T16:12:30","date_gmt":"2019-02-02T18:12:30","guid":{"rendered":"https:\/\/www.suno.com.br\/noticias\/?p=13930"},"modified":"2019-02-02T16:12:30","modified_gmt":"2019-02-02T18:12:30","slug":"moodys-rating-embraer-analise-elevacao","status":"publish","type":"post","link":"https:\/\/www.suno.com.br\/noticias\/moodys-rating-embraer-analise-elevacao\/","title":{"rendered":"Moody&#8217;s p\u00f5e rating da Embraer em an\u00e1lise para eleva\u00e7\u00e3o"},"content":{"rendered":"<div class=\"mc-column content-text active-extra-styles active-capital-letter\" data-block-type=\"unstyled\" data-block-weight=\"20\" data-block-id=\"2\">\n<p data-track-category=\"Link no Texto\" data-track-links=\"\">A ag\u00eancia de classifica\u00e7\u00e3o de risco Moody&#8217;s colocou o<a href=\"https:\/\/www.suno.com.br\/artigos\/agencias-de-rating\/\"> rating Ba1 da Embraer<\/a> em revis\u00e3o para eleva\u00e7\u00e3o.<\/p>\t<div class=\"wrapper-featured-image\">\n\t\t<figure class=\"spotlightImg\">\n\n\t\t\t<picture>\n\t\t\t\t<source media=\"(max-width: 768px)\" srcset=\"https:\/\/files.sunoresearch.com.br\/n\/uploads\/2018\/12\/9c147246-embraer-400x200.webp\">\n\t\t\t\t<img loading=\"lazy\" decoding=\"async\" class=\"newsContent__article__imgCapa lazyloadDisabled newsContent__article__imgCapa--noCaption\" src=\"https:\/\/files.sunoresearch.com.br\/n\/uploads\/2018\/12\/9c147246-embraer-800x450.webp\" width=\"800\" height=\"450\" alt=\"Moody&#8217;s p\u00f5e rating da Embraer em an\u00e1lise para eleva\u00e7\u00e3o\" fetchpriority=high \/>\n\t\t\t<\/picture>\n\n\t\t\t<figcaption class=\"wp-caption-text wp-caption-text--hide\">Embraer Boeing<\/figcaption>\n\t\t<\/figure>\n\t<\/div>\n\n<div class=\"mc-column content-text active-extra-styles active-capital-letter\" data-block-type=\"unstyled\" data-block-weight=\"20\" data-block-id=\"2\">\n<p data-track-category=\"Link no Texto\" data-track-links=\"\">A ag\u00eancia de classifica\u00e7\u00e3o de risco Moody&#8217;s colocou o<a href=\"https:\/\/www.suno.com.br\/artigos\/agencias-de-rating\/\"> rating Ba1 da Embraer<\/a> em revis\u00e3o para eleva\u00e7\u00e3o.<\/p>\n<p data-track-category=\"Link no Texto\" data-track-links=\"\">No entanto, a medida da <strong>Moody&#8217;s<\/strong> foi tomada como consequ\u00eancia do acordo entre as fabricantes de aeronaves <strong>Embraer<\/strong> (brasileira) e <strong>Boeing<\/strong> (norte-americana) para a cria\u00e7\u00e3o de uma <strong>joint venture<\/strong>.<\/p>\n<p data-track-category=\"Link no Texto\" data-track-links=\"\">De acordo com a ag\u00eancia, ap\u00f3s isso a alavancagem da brasileira deve recuar significativamente, enquanto a liquidez deve melhorar.<\/p>\n\n<p data-track-category=\"Link no Texto\" data-track-links=\"\"><a href=\"https:\/\/www.suno.com.br\/noticias\/boeing-embraer-emprego\/\">Saiba mais:\u00a0Joint venture da Boeing com a Embraer deve empregar 9.000<\/a><\/p>\n<\/p>\n<h2 data-track-category=\"Link no Texto\">Acordo das a\u00e9reas<\/h2>\n<p>A Embraer anunciou em 24 de janeiro que foram assinados os acordos para venda da divis\u00e3o de <strong>avia\u00e7\u00e3o comercial<\/strong> para a americana Boeing. A fabricante brasileira marcou para 26 de fevereiro a <strong>assembleia de acionistas<\/strong> para aprova\u00e7\u00e3o dos acordos.<\/p>\n<p>Dessa forma, o contrato criar\u00e1 uma parceria estrat\u00e9gica na avia\u00e7\u00e3o comercial. O objetivo \u00e9 promover e desenvolver novos mercados e aplica\u00e7\u00f5es para os <strong>avi\u00f5es<\/strong>.<\/p>\n<p>Al\u00e9m disso, ser\u00e1 criada a nova empresa ser\u00e1 a respons\u00e1vel da comercializa\u00e7\u00e3o do cargueiro <strong>KC-390<\/strong>, fabricado pela <strong>Embraer<\/strong>. No entanto, ser\u00e1 constru\u00edda uma nova linha de montagem do cargueiro nos Estados Unidos e o avi\u00e3o passar\u00e1 a ser comercializado pela <strong>Boeing<\/strong>.<\/p>\n<p>A Embraer\u00a0j\u00e1 havia aprovado os termos do acordo de fus\u00e3o com a Boeing em julho de 2018. O acordo prev\u00ea a cria\u00e7\u00e3o de uma <a href=\"https:\/\/www.suno.com.br\/artigos\/joint-venture\/\">joint venture<\/a>, uma nova empresa de avia\u00e7\u00e3o comercial no Brasil, avaliada em US$ 5,26 bilh\u00f5es.<\/p>\n<p>Inicialmente, quando as duas empresas assinaram um memorando, o valor era estimado em US$ 4,75 bilh\u00f5es. Nos termos do acordo, a fabricante norte-americana de aeronaves deter\u00e1 80% do novo neg\u00f3cio, enquanto a <strong>Embraer<\/strong>, os 20% restantes.<\/p>\n<p>A <strong>Boeing<\/strong> pagar\u00e1 US$ 4,2 bilh\u00f5es (o equivalente a R$ 16,4 bilh\u00f5es), cerca de 10% maior que o inicialmente previsto. Este valor tamb\u00e9m supera em mais de 7% o valor de mercado da fabricante brasileira.<\/p>\n<p>O maior valor de mercado j\u00e1 registrado pela <strong>Embraer<\/strong> foi em novembro de 2015, quando a companhia atingiu R$ 22,39 bilh\u00f5es. Os 20% da fabricante brasileira poder\u00e3o ser vendidos para a Boeing a qualquer momento, por meio de uma op\u00e7\u00e3o de venda.<\/p>\n<h3>Controle da joint venture<\/h3>\n<p>No entanto, a Boeing ter\u00e1 o controle operacional e de gest\u00e3o da nova empresa. Os executivos da <strong>joint<\/strong> <strong>venture<\/strong> responder\u00e3o diretamente ao presidente e CEO da Boeing, Dennis Muilenburg. Todavia, a joint venture, se aprovada, ser\u00e1 liderada por uma equipe de executivos no Brasil.<\/p>\n<p>A <strong>Embraer<\/strong> manter\u00e1 o poder de decis\u00e3o para temas espec\u00edficos que foram definidos em conjunto, como a transfer\u00eancia das opera\u00e7\u00f5es do Brasil. Dessa forma, a empresa espera um resultado de aproximadamente US$ 3 bilh\u00f5es com a opera\u00e7\u00e3o, descontados os custos de separa\u00e7\u00e3o.<\/p>\n<\/div>\n","protected":false},"excerpt":{"rendered":"<p>A ag\u00eancia de classifica\u00e7\u00e3o de risco Moody&#8217;s colocou o rating Ba1 da Embraer em revis\u00e3o para eleva\u00e7\u00e3o. Embraer Boeing A ag\u00eancia de classifica\u00e7\u00e3o de risco Moody&#8217;s colocou o rating Ba1 da Embraer em revis\u00e3o para eleva\u00e7\u00e3o. No entanto, a medida da Moody&#8217;s foi tomada como consequ\u00eancia do acordo entre as fabricantes de aeronaves Embraer (brasileira) [&hellip;]<\/p>\n","protected":false},"author":11,"featured_media":9624,"comment_status":"closed","ping_status":"closed","sticky":false,"template":"","format":"standard","meta":[],"categories":[64],"tags":[828,460],"suno_strategy":[],"class_list":["post-13930","post","type-post","status-publish","format-standard","has-post-thumbnail","hentry","category-negocios","tag-boeing-boei34","tag-embraer-embr3"],"yoast_head":"<!-- This site is optimized with the Yoast SEO plugin v24.4 - https:\/\/yoast.com\/wordpress\/plugins\/seo\/ -->\n<title>Moody&#039;s p\u00f5e rating da Embraer em an\u00e1lise para eleva\u00e7\u00e3o<\/title>\n<meta name=\"description\" content=\"A Moody&#039;s far\u00e1 a an\u00e1lise em decorr\u00eancia do acordo entre Boeing e Embraer; Empresas formaram uma joint venture. Clique para saber mais.\" \/>\n<meta name=\"robots\" content=\"index, follow, max-snippet:-1, max-image-preview:large, max-video-preview:-1\" \/>\n<link rel=\"canonical\" href=\"https:\/\/www.suno.com.br\/noticias\/moodys-rating-embraer-analise-elevacao\/\" \/>\n<meta property=\"og:locale\" content=\"pt_BR\" \/>\n<meta property=\"og:type\" content=\"article\" \/>\n<meta property=\"og:title\" content=\"Moody&#039;s p\u00f5e rating da Embraer em an\u00e1lise para eleva\u00e7\u00e3o\" \/>\n<meta property=\"og:description\" content=\"A Moody&#039;s far\u00e1 a an\u00e1lise em decorr\u00eancia do acordo entre Boeing e Embraer; Empresas formaram uma joint venture. Clique para saber mais.\" \/>\n<meta property=\"og:url\" content=\"https:\/\/www.suno.com.br\/noticias\/moodys-rating-embraer-analise-elevacao\/\" \/>\n<meta property=\"og:site_name\" content=\"Suno Not\u00edcias\" \/>\n<meta property=\"article:publisher\" content=\"https:\/\/facebook.com\/sunoresearch\" \/>\n<meta property=\"og:image\" content=\"https:\/\/files.sunoresearch.com.br\/n\/uploads\/2018\/12\/9c147246-embraer.jpg\" \/>\n\t<meta property=\"og:image:width\" content=\"1140\" \/>\n\t<meta property=\"og:image:height\" content=\"760\" \/>\n\t<meta property=\"og:image:type\" content=\"image\/jpeg\" \/>\n<meta name=\"author\" content=\"Renan Bandeira\" \/>\n<meta name=\"twitter:card\" content=\"summary_large_image\" \/>\n<meta name=\"twitter:creator\" content=\"@sunoresearch\" \/>\n<meta name=\"twitter:site\" content=\"@sunoresearch\" \/>\n<meta name=\"twitter:label1\" content=\"Escrito por\" \/>\n\t<meta name=\"twitter:data1\" content=\"Renan Bandeira\" \/>\n\t<meta name=\"twitter:label2\" content=\"Est. tempo de leitura\" \/>\n\t<meta name=\"twitter:data2\" content=\"2 minutos\" \/>\n<script type=\"application\/ld+json\" class=\"yoast-schema-graph\">{\"@context\":\"https:\/\/schema.org\",\"@graph\":[{\"@type\":\"NewsArticle\",\"@id\":\"https:\/\/www.suno.com.br\/noticias\/moodys-rating-embraer-analise-elevacao\/#article\",\"isPartOf\":{\"@id\":\"https:\/\/www.suno.com.br\/noticias\/moodys-rating-embraer-analise-elevacao\/\"},\"author\":{\"name\":\"Renan Bandeira\",\"@id\":\"https:\/\/www.suno.com.br\/noticias\/#\/schema\/person\/fc144a1c6108bd1dcd43784e88a3c138\"},\"headline\":\"Moody&#8217;s p\u00f5e rating da Embraer em an\u00e1lise para eleva\u00e7\u00e3o\",\"datePublished\":\"2019-02-02T18:12:30+00:00\",\"mainEntityOfPage\":{\"@id\":\"https:\/\/www.suno.com.br\/noticias\/moodys-rating-embraer-analise-elevacao\/\"},\"wordCount\":481,\"publisher\":{\"@id\":\"https:\/\/www.suno.com.br\/noticias\/#organization\"},\"image\":{\"@id\":\"https:\/\/www.suno.com.br\/noticias\/moodys-rating-embraer-analise-elevacao\/#primaryimage\"},\"thumbnailUrl\":\"https:\/\/files.sunoresearch.com.br\/n\/uploads\/2018\/12\/9c147246-embraer-jpg.webp\",\"keywords\":[\"Boeing (BOEI34)\",\"Embraer (EMBR3)\"],\"articleSection\":[\"Neg\u00f3cios\"],\"inLanguage\":\"pt-BR\"},{\"@type\":\"WebPage\",\"@id\":\"https:\/\/www.suno.com.br\/noticias\/moodys-rating-embraer-analise-elevacao\/\",\"url\":\"https:\/\/www.suno.com.br\/noticias\/moodys-rating-embraer-analise-elevacao\/\",\"name\":\"Moody's p\u00f5e rating da Embraer em an\u00e1lise para eleva\u00e7\u00e3o\",\"isPartOf\":{\"@id\":\"https:\/\/www.suno.com.br\/noticias\/#website\"},\"primaryImageOfPage\":{\"@id\":\"https:\/\/www.suno.com.br\/noticias\/moodys-rating-embraer-analise-elevacao\/#primaryimage\"},\"image\":{\"@id\":\"https:\/\/www.suno.com.br\/noticias\/moodys-rating-embraer-analise-elevacao\/#primaryimage\"},\"thumbnailUrl\":\"https:\/\/files.sunoresearch.com.br\/n\/uploads\/2018\/12\/9c147246-embraer-jpg.webp\",\"datePublished\":\"2019-02-02T18:12:30+00:00\",\"description\":\"A Moody's far\u00e1 a an\u00e1lise em decorr\u00eancia do acordo entre Boeing e Embraer; Empresas formaram uma joint venture. Clique para saber mais.\",\"breadcrumb\":{\"@id\":\"https:\/\/www.suno.com.br\/noticias\/moodys-rating-embraer-analise-elevacao\/#breadcrumb\"},\"inLanguage\":\"pt-BR\",\"potentialAction\":[{\"@type\":\"ReadAction\",\"target\":[\"https:\/\/www.suno.com.br\/noticias\/moodys-rating-embraer-analise-elevacao\/\"]}]},{\"@type\":\"ImageObject\",\"inLanguage\":\"pt-BR\",\"@id\":\"https:\/\/www.suno.com.br\/noticias\/moodys-rating-embraer-analise-elevacao\/#primaryimage\",\"url\":\"https:\/\/files.sunoresearch.com.br\/n\/uploads\/2018\/12\/9c147246-embraer-jpg.webp\",\"contentUrl\":\"https:\/\/files.sunoresearch.com.br\/n\/uploads\/2018\/12\/9c147246-embraer-jpg.webp\",\"width\":1140,\"height\":760,\"caption\":\"Embraer Boeing\"},{\"@type\":\"BreadcrumbList\",\"@id\":\"https:\/\/www.suno.com.br\/noticias\/moodys-rating-embraer-analise-elevacao\/#breadcrumb\",\"itemListElement\":[{\"@type\":\"ListItem\",\"position\":1,\"name\":\"Not\u00edcias\",\"item\":\"https:\/\/www.suno.com.br\/noticias\/\"},{\"@type\":\"ListItem\",\"position\":2,\"name\":\"Neg\u00f3cios\",\"item\":\"https:\/\/www.suno.com.br\/noticias\/negocios\/\"},{\"@type\":\"ListItem\",\"position\":3,\"name\":\"Moody&#8217;s p\u00f5e rating da Embraer em an\u00e1lise para eleva\u00e7\u00e3o\"}]},{\"@type\":\"WebSite\",\"@id\":\"https:\/\/www.suno.com.br\/noticias\/#website\",\"url\":\"https:\/\/www.suno.com.br\/noticias\/\",\"name\":\"Suno Not\u00edcias\",\"description\":\"Seu portal de informa\u00e7\u00e3o sobre o mundo dos investimentos\",\"publisher\":{\"@id\":\"https:\/\/www.suno.com.br\/noticias\/#organization\"},\"potentialAction\":[{\"@type\":\"SearchAction\",\"target\":{\"@type\":\"EntryPoint\",\"urlTemplate\":\"https:\/\/www.suno.com.br\/noticias\/?s={search_term_string}\"},\"query-input\":{\"@type\":\"PropertyValueSpecification\",\"valueRequired\":true,\"valueName\":\"search_term_string\"}}],\"inLanguage\":\"pt-BR\"},{\"@type\":\"Organization\",\"@id\":\"https:\/\/www.suno.com.br\/noticias\/#organization\",\"name\":\"Suno Not\u00edcias\",\"url\":\"https:\/\/www.suno.com.br\/noticias\/\",\"logo\":{\"@type\":\"ImageObject\",\"inLanguage\":\"pt-BR\",\"@id\":\"https:\/\/www.suno.com.br\/noticias\/#\/schema\/logo\/image\/\",\"url\":\"https:\/\/files.sunoresearch.com.br\/n\/uploads\/2021\/09\/suno-logo.png\",\"contentUrl\":\"https:\/\/files.sunoresearch.com.br\/n\/uploads\/2021\/09\/suno-logo.png\",\"width\":180,\"height\":180,\"caption\":\"Suno Not\u00edcias\"},\"image\":{\"@id\":\"https:\/\/www.suno.com.br\/noticias\/#\/schema\/logo\/image\/\"},\"sameAs\":[\"https:\/\/facebook.com\/sunoresearch\",\"https:\/\/x.com\/sunoresearch\",\"https:\/\/www.instagram.com\/suno\",\"https:\/\/www.linkedin.com\/company\/suno-research\/\",\"https:\/\/www.youtube.com\/c\/sunoresearch\"]},{\"@type\":\"Person\",\"@id\":\"https:\/\/www.suno.com.br\/noticias\/#\/schema\/person\/fc144a1c6108bd1dcd43784e88a3c138\",\"name\":\"Renan Bandeira\",\"image\":{\"@type\":\"ImageObject\",\"inLanguage\":\"pt-BR\",\"@id\":\"https:\/\/www.suno.com.br\/noticias\/#\/schema\/person\/image\/\",\"url\":\"https:\/\/secure.gravatar.com\/avatar\/68359cdb608f14f11bbefcb78f3fc747?s=96&r=g\",\"contentUrl\":\"https:\/\/secure.gravatar.com\/avatar\/68359cdb608f14f11bbefcb78f3fc747?s=96&r=g\",\"caption\":\"Renan Bandeira\"},\"description\":\"Renan Bandeira escreve sobre pol\u00edtica e economia para o portal da Suno Research. Antes da Suno, trabalhou em uma rede de televis\u00e3o, onde fazia reportagens sobre os mesmos temas. Estuda na Universidade Metodista de S\u00e3o Paulo.\",\"url\":\"https:\/\/www.suno.com.br\/noticias\/author\/renan-bandeira\/\"}]}<\/script>\n<!-- \/ Yoast SEO plugin. -->","yoast_head_json":{"title":"Moody's p\u00f5e rating da Embraer em an\u00e1lise para eleva\u00e7\u00e3o","description":"A Moody's far\u00e1 a an\u00e1lise em decorr\u00eancia do acordo entre Boeing e Embraer; Empresas formaram uma joint venture. Clique para saber mais.","robots":{"index":"index","follow":"follow","max-snippet":"max-snippet:-1","max-image-preview":"max-image-preview:large","max-video-preview":"max-video-preview:-1"},"canonical":"https:\/\/www.suno.com.br\/noticias\/moodys-rating-embraer-analise-elevacao\/","og_locale":"pt_BR","og_type":"article","og_title":"Moody's p\u00f5e rating da Embraer em an\u00e1lise para eleva\u00e7\u00e3o","og_description":"A Moody's far\u00e1 a an\u00e1lise em decorr\u00eancia do acordo entre Boeing e Embraer; Empresas formaram uma joint venture. Clique para saber mais.","og_url":"https:\/\/www.suno.com.br\/noticias\/moodys-rating-embraer-analise-elevacao\/","og_site_name":"Suno Not\u00edcias","article_publisher":"https:\/\/facebook.com\/sunoresearch","og_image":[{"width":1140,"height":760,"url":"https:\/\/files.sunoresearch.com.br\/n\/uploads\/2018\/12\/9c147246-embraer.jpg","type":"image\/jpeg"}],"author":"Renan Bandeira","twitter_card":"summary_large_image","twitter_creator":"@sunoresearch","twitter_site":"@sunoresearch","twitter_misc":{"Escrito por":"Renan Bandeira","Est. tempo de leitura":"2 minutos"},"schema":{"@context":"https:\/\/schema.org","@graph":[{"@type":"NewsArticle","@id":"https:\/\/www.suno.com.br\/noticias\/moodys-rating-embraer-analise-elevacao\/#article","isPartOf":{"@id":"https:\/\/www.suno.com.br\/noticias\/moodys-rating-embraer-analise-elevacao\/"},"author":{"name":"Renan Bandeira","@id":"https:\/\/www.suno.com.br\/noticias\/#\/schema\/person\/fc144a1c6108bd1dcd43784e88a3c138"},"headline":"Moody&#8217;s p\u00f5e rating da Embraer em an\u00e1lise para eleva\u00e7\u00e3o","datePublished":"2019-02-02T18:12:30+00:00","mainEntityOfPage":{"@id":"https:\/\/www.suno.com.br\/noticias\/moodys-rating-embraer-analise-elevacao\/"},"wordCount":481,"publisher":{"@id":"https:\/\/www.suno.com.br\/noticias\/#organization"},"image":{"@id":"https:\/\/www.suno.com.br\/noticias\/moodys-rating-embraer-analise-elevacao\/#primaryimage"},"thumbnailUrl":"https:\/\/files.sunoresearch.com.br\/n\/uploads\/2018\/12\/9c147246-embraer-jpg.webp","keywords":["Boeing (BOEI34)","Embraer (EMBR3)"],"articleSection":["Neg\u00f3cios"],"inLanguage":"pt-BR"},{"@type":"WebPage","@id":"https:\/\/www.suno.com.br\/noticias\/moodys-rating-embraer-analise-elevacao\/","url":"https:\/\/www.suno.com.br\/noticias\/moodys-rating-embraer-analise-elevacao\/","name":"Moody's p\u00f5e rating da Embraer em an\u00e1lise para eleva\u00e7\u00e3o","isPartOf":{"@id":"https:\/\/www.suno.com.br\/noticias\/#website"},"primaryImageOfPage":{"@id":"https:\/\/www.suno.com.br\/noticias\/moodys-rating-embraer-analise-elevacao\/#primaryimage"},"image":{"@id":"https:\/\/www.suno.com.br\/noticias\/moodys-rating-embraer-analise-elevacao\/#primaryimage"},"thumbnailUrl":"https:\/\/files.sunoresearch.com.br\/n\/uploads\/2018\/12\/9c147246-embraer-jpg.webp","datePublished":"2019-02-02T18:12:30+00:00","description":"A Moody's far\u00e1 a an\u00e1lise em decorr\u00eancia do acordo entre Boeing e Embraer; Empresas formaram uma joint venture. Clique para saber mais.","breadcrumb":{"@id":"https:\/\/www.suno.com.br\/noticias\/moodys-rating-embraer-analise-elevacao\/#breadcrumb"},"inLanguage":"pt-BR","potentialAction":[{"@type":"ReadAction","target":["https:\/\/www.suno.com.br\/noticias\/moodys-rating-embraer-analise-elevacao\/"]}]},{"@type":"ImageObject","inLanguage":"pt-BR","@id":"https:\/\/www.suno.com.br\/noticias\/moodys-rating-embraer-analise-elevacao\/#primaryimage","url":"https:\/\/files.sunoresearch.com.br\/n\/uploads\/2018\/12\/9c147246-embraer-jpg.webp","contentUrl":"https:\/\/files.sunoresearch.com.br\/n\/uploads\/2018\/12\/9c147246-embraer-jpg.webp","width":1140,"height":760,"caption":"Embraer Boeing"},{"@type":"BreadcrumbList","@id":"https:\/\/www.suno.com.br\/noticias\/moodys-rating-embraer-analise-elevacao\/#breadcrumb","itemListElement":[{"@type":"ListItem","position":1,"name":"Not\u00edcias","item":"https:\/\/www.suno.com.br\/noticias\/"},{"@type":"ListItem","position":2,"name":"Neg\u00f3cios","item":"https:\/\/www.suno.com.br\/noticias\/negocios\/"},{"@type":"ListItem","position":3,"name":"Moody&#8217;s p\u00f5e rating da Embraer em an\u00e1lise para eleva\u00e7\u00e3o"}]},{"@type":"WebSite","@id":"https:\/\/www.suno.com.br\/noticias\/#website","url":"https:\/\/www.suno.com.br\/noticias\/","name":"Suno Not\u00edcias","description":"Seu portal de informa\u00e7\u00e3o sobre o mundo dos investimentos","publisher":{"@id":"https:\/\/www.suno.com.br\/noticias\/#organization"},"potentialAction":[{"@type":"SearchAction","target":{"@type":"EntryPoint","urlTemplate":"https:\/\/www.suno.com.br\/noticias\/?s={search_term_string}"},"query-input":{"@type":"PropertyValueSpecification","valueRequired":true,"valueName":"search_term_string"}}],"inLanguage":"pt-BR"},{"@type":"Organization","@id":"https:\/\/www.suno.com.br\/noticias\/#organization","name":"Suno Not\u00edcias","url":"https:\/\/www.suno.com.br\/noticias\/","logo":{"@type":"ImageObject","inLanguage":"pt-BR","@id":"https:\/\/www.suno.com.br\/noticias\/#\/schema\/logo\/image\/","url":"https:\/\/files.sunoresearch.com.br\/n\/uploads\/2021\/09\/suno-logo.png","contentUrl":"https:\/\/files.sunoresearch.com.br\/n\/uploads\/2021\/09\/suno-logo.png","width":180,"height":180,"caption":"Suno Not\u00edcias"},"image":{"@id":"https:\/\/www.suno.com.br\/noticias\/#\/schema\/logo\/image\/"},"sameAs":["https:\/\/facebook.com\/sunoresearch","https:\/\/x.com\/sunoresearch","https:\/\/www.instagram.com\/suno","https:\/\/www.linkedin.com\/company\/suno-research\/","https:\/\/www.youtube.com\/c\/sunoresearch"]},{"@type":"Person","@id":"https:\/\/www.suno.com.br\/noticias\/#\/schema\/person\/fc144a1c6108bd1dcd43784e88a3c138","name":"Renan Bandeira","image":{"@type":"ImageObject","inLanguage":"pt-BR","@id":"https:\/\/www.suno.com.br\/noticias\/#\/schema\/person\/image\/","url":"https:\/\/secure.gravatar.com\/avatar\/68359cdb608f14f11bbefcb78f3fc747?s=96&r=g","contentUrl":"https:\/\/secure.gravatar.com\/avatar\/68359cdb608f14f11bbefcb78f3fc747?s=96&r=g","caption":"Renan Bandeira"},"description":"Renan Bandeira escreve sobre pol\u00edtica e economia para o portal da Suno Research. Antes da Suno, trabalhou em uma rede de televis\u00e3o, onde fazia reportagens sobre os mesmos temas. Estuda na Universidade Metodista de S\u00e3o Paulo.","url":"https:\/\/www.suno.com.br\/noticias\/author\/renan-bandeira\/"}]}},"default_loop_html":"<div class=\"cardsPage__listCard__boxs\"><div class=\"cardsPage__listCard__boxs__img\"><a href=\"https:\/\/www.suno.com.br\/noticias\/moodys-rating-embraer-analise-elevacao\/\"><img class=\"mask\" src=\"https:\/\/www.suno.com.br\/noticias\/wp-content\/themes\/suno\/resources\/images\/spotlight\/spotlight1img\/bg-mask.png\" alt=\"Image Mask\"\/><img src=\"https:\/\/files.sunoresearch.com.br\/n\/uploads\/2018\/12\/9c147246-embraer-400x200.webp\" alt=\"Moody&#8217;s p\u00f5e rating da Embraer em an\u00e1lise para eleva\u00e7\u00e3o\"\/><\/a><span class=\"spotlightCategory\"><a href=\"https:\/\/www.suno.com.br\/noticias\/negocios\/\">Neg\u00f3cios<\/a><\/span><\/div><div class=\"cardsPage__listCard__boxs__content\"><a href=\"https:\/\/www.suno.com.br\/noticias\/moodys-rating-embraer-analise-elevacao\/\"><h2 class=\"content__title\">Moody&#8217;s p\u00f5e rating da Embraer em an\u00e1lise para eleva\u00e7\u00e3o<\/h2><\/a><div class=\"newsContent__article__meta\"><div class=\"newsContent__article__meta__authorBox\"><a href=\"https:\/\/www.suno.com.br\/noticias\/author\/renan-bandeira\/\" class=\"authorBox__avatar noMobi\"><img src=\"https:\/\/secure.gravatar.com\/avatar\/68359cdb608f14f11bbefcb78f3fc747?s=96&#038;r=g\" alt=\"Renan Bandeira\"><\/a><div class=\"authorBox__name\"><span>por\n\t\t\t<a href=\"https:\/\/www.suno.com.br\/noticias\/author\/renan-bandeira\/\"><span itemprop=\"author\">Renan Bandeira<\/span><\/a><\/span><time datetime=\"2019-02-02T16:12:30-02:00\" itemprop=\"datePublished\">02\/02\/2019 16:12<\/time><\/div><\/div><\/div><\/div><\/div>","single_layout":"posts","amp_enabled":true,"_links":{"self":[{"href":"https:\/\/www.suno.com.br\/noticias\/wp-json\/wp\/v2\/posts\/13930"}],"collection":[{"href":"https:\/\/www.suno.com.br\/noticias\/wp-json\/wp\/v2\/posts"}],"about":[{"href":"https:\/\/www.suno.com.br\/noticias\/wp-json\/wp\/v2\/types\/post"}],"author":[{"embeddable":true,"href":"https:\/\/www.suno.com.br\/noticias\/wp-json\/wp\/v2\/users\/11"}],"replies":[{"embeddable":true,"href":"https:\/\/www.suno.com.br\/noticias\/wp-json\/wp\/v2\/comments?post=13930"}],"version-history":[{"count":0,"href":"https:\/\/www.suno.com.br\/noticias\/wp-json\/wp\/v2\/posts\/13930\/revisions"}],"wp:featuredmedia":[{"embeddable":true,"href":"https:\/\/www.suno.com.br\/noticias\/wp-json\/wp\/v2\/media\/9624"}],"wp:attachment":[{"href":"https:\/\/www.suno.com.br\/noticias\/wp-json\/wp\/v2\/media?parent=13930"}],"wp:term":[{"taxonomy":"category","embeddable":true,"href":"https:\/\/www.suno.com.br\/noticias\/wp-json\/wp\/v2\/categories?post=13930"},{"taxonomy":"post_tag","embeddable":true,"href":"https:\/\/www.suno.com.br\/noticias\/wp-json\/wp\/v2\/tags?post=13930"},{"taxonomy":"suno_strategy","embeddable":true,"href":"https:\/\/www.suno.com.br\/noticias\/wp-json\/wp\/v2\/suno_strategy?post=13930"}],"curies":[{"name":"wp","href":"https:\/\/api.w.org\/{rel}","templated":true}]}}