{"id":139226,"date":"2021-04-13T19:30:22","date_gmt":"2021-04-13T22:30:22","guid":{"rendered":"https:\/\/www.suno.com.br\/noticias\/?p=139226"},"modified":"2021-04-13T19:30:22","modified_gmt":"2021-04-13T22:30:22","slug":"liminar-efeito-negativo-industria-armas","status":"publish","type":"post","link":"https:\/\/www.suno.com.br\/noticias\/liminar-efeito-negativo-industria-armas\/","title":{"rendered":"Liminar n\u00e3o gera efeito negativo para ind\u00fastria das armas, diz associa\u00e7\u00e3o"},"content":{"rendered":"<p>A ministra do Supremo Tribunal Federal (STF), Rosa Weber, suspendeu na \u00faltima segunda-feira (13) parte dos decretos do presidente Jair Bolsonaro que possu\u00edam o objetivo de desburocratizar e ampliar o acesso a <strong>armas de fogo<\/strong> e muni\u00e7\u00f5es no pa\u00eds. Para a LRCA Defense Consulting, a liminar n\u00e3o gera qualquer impacto negativo para <strong>as ind\u00fastrias brasileiras de armamento leve e muni\u00e7\u00f5es<\/strong>, sob o argumento de que os decretos ainda n\u00e3o estavam vigorando.<\/p>\t<div class=\"wrapper-featured-image\">\n\t\t<figure class=\"spotlightImg\">\n\n\t\t\t<picture>\n\t\t\t\t<source media=\"(max-width: 768px)\" srcset=\"https:\/\/files.sunoresearch.com.br\/n\/uploads\/2021\/04\/f7969976-hand-3052115_1280-400x200.webp\">\n\t\t\t\t<img loading=\"lazy\" decoding=\"async\" class=\"newsContent__article__imgCapa lazyloadDisabled \" src=\"https:\/\/files.sunoresearch.com.br\/n\/uploads\/2021\/04\/f7969976-hand-3052115_1280-800x450.webp\" width=\"800\" height=\"450\" alt=\"Liminar n\u00e3o gera efeito negativo para ind\u00fastria das armas, diz associa\u00e7\u00e3o\" fetchpriority=high \/>\n\t\t\t<\/picture>\n\n\t\t\t<figcaption class=\"wp-caption-text wp-caption-text--show\">Arma. Foto: Pixabay<\/figcaption>\n\t\t<\/figure>\n\t<\/div>\n\n\n\t<p>\n\t\t<a href=\"https:\/\/lp.suno.com.br\/planilha-de-controle-de-investimentos\/\" target=\"_blank\" data-element=\"shortcode-suno-banner\" title=\"Banner SUNO, clique e saiba mais\">\n\t\t\t<picture>\n\t\t\t\t<source media=\"(max-width: 500px)\" srcset=\"https:\/\/files.sunoresearch.com.br\/n\/uploads\/2023\/03\/400x300-Controle-de-Investimentos.png\">\n\t\t\t\t<img class=\"newsContent__article__imgCapa newsContent__article__imgCapa--banner\"\n\t\t\t\t\tsrc=\"https:\/\/files.sunoresearch.com.br\/n\/uploads\/2023\/03\/1420x240-Controle-de-Investimentos.png\"\n\t\t\t\t\tdata-promo-id=\"75934\"\t\t\t\t\t\t\t\t\t\twidth='1420' height='240'\t\t\t\t\talt=\"https:\/\/files.sunoresearch.com.br\/n\/uploads\/2023\/03\/1420x240-Controle-de-Investimentos.png\"\n\t\t\t\t>\n\t\t\t<\/picture>\n\t\t<\/a>\n\t<\/p>\n\n\n<p>De acordo com a associa\u00e7\u00e3o, &#8220;de maneira geral, \u00e9 poss\u00edvel afirmar que a situa\u00e7\u00e3o apenas retroage ao que vigia at\u00e9 ontem, por\u00e9m melhorada pelos dispositivos mantidos, os quais &#8211; estes sim &#8211; poder\u00e3o trazer consequ\u00eancias, mas positivas para essas empresas&#8221; da ind\u00fastria das armas.<\/p>\n<p>A LRCA explica que alguns importantes dispositivos previstos nos referidos decretos n\u00e3o foram atingidos e, portanto, passam a vigorar. Diante disso, confira os principais itens mantidos:<\/p>\n<ul>\n<li>Menos burocracia no procedimento para os CACs: processos eletr\u00f4nicos, atendimento todos os dias, agrupamento de atos administrativos no mesmo processo.<\/li>\n<li>Para auditores, magistrados e promotores: o cumprimento dos requisitos legais e regulamentares necess\u00e1rios ao porte e aquisi\u00e7\u00e3o de armas de fogo poder\u00e1 ser atestado por declara\u00e7\u00e3o da pr\u00f3pria institui\u00e7\u00e3o.<\/li>\n<li>Carregadores deixam de ser PCE (Produtos Controlados pelo Ex\u00e9rcito).<\/li>\n<li>Integrantes das For\u00e7as Armadas, das pol\u00edcias, das guardas municipais e outros relacionados poder\u00e3o adquirir, anualmente, insumos para recarga de at\u00e9 cinco mil cartuchos nos calibres das armas de fogo registradas em seu nome, mediante a apresenta\u00e7\u00e3o do certificado de registro de arma de fogo v\u00e1lido.<\/li>\n<li>Mant\u00e9m a figura do Tiro Recreativo.<\/li>\n<\/ul>\n<p><a href=\"https:\/\/lp.suno.com.br\/suno-one\/\">Suno One: acesse gratuitamente eBooks, Minicursos, Artigos e V\u00eddeo Aulas sobre investimentos com um \u00fanico cadastro. Clique para saber mais!<\/a><\/p>\n<h2>STF suspende decreto que amplia acesso a armas<\/h2>\n<p>A liminar exarada ontem pela ministra Rosa Weber, suspendeu trechos de quatro decretos editados pelo presidente Jair Bolsonaro em fevereiro que flexibilizaram o acesso a armamento e muni\u00e7\u00f5es no pa\u00eds, e que entrariam em vigor hoje.<\/p>\n<p>Segundo a ministra, os decretos est\u00e3o &#8220;j\u00e1 inseridos em pauta do Plen\u00e1rio Virtual para aprecia\u00e7\u00e3o do Colegiado&#8221;.<\/p>\n<p>Na semana passada, o Senado Federal retirou a pauta que anula o decreto e a <a href=\"https:\/\/www.suno.com.br\/acoes\/tasa4\/\"><strong>Taurus<\/strong> (TASA4)<\/a> viu seus pap\u00e9is subirem quase 5%. Portanto, a medida poder\u00e1 impactar as negocia\u00e7\u00f5es da fabricantes de armas hoje.<\/p>\n\t<div data-element=\"shortcode-read-more\" class=\"knowMore\">\n\t\t\t\t<span class=\"knowMore__title\">Veja Tamb\u00e9m<\/span>\n\t\t\t\t<a class=\"knowMore__link\" href=\"https:\/\/www.suno.com.br\/noticias\/arma-taurus-stf-suspende-decretos-bolsonaro\/\">\n\t\t\tSTF suspende decreto que amplia acesso a armas; medida impacta Taurus (TASA4)\t\t<\/a>\n\t<\/div>\n\n\n<p>A decis\u00e3o da Ministra foi motivada por uma a\u00e7\u00e3o direta de <strong>inconstitucionalidade<\/strong> protocolada pelo PSB em fevereiro deste ano, m\u00eas em que os decretos foram editados.<\/p>\n<p>A decis\u00e3o individual est\u00e1 valendo, mas ainda ser\u00e1 julgada definitivamente pelo plen\u00e1rio da Corte. Esses decretos das <strong>armas<\/strong> come\u00e7ariam a valer hoje e por esse motivo Weber resolveu analisar sozinha.<\/p>\n<p>O julgamento ser\u00e1 no plen\u00e1rio virtual e come\u00e7ar\u00e1 na sexta-feira (16). Os ministros ter\u00e3o uma semana para colocar seus votos no sistema eletr\u00f4nico da <strong>Corte<\/strong>, sem necessidade de se reunirem para debater o tema.<\/p>\n<p><span style=\"font-weight: 400;\">\t<p>\n\t\t<a href=\"https:\/\/lp.suno.com.br\/planilha-controle-gastos\/\" target=\"_blank\" data-element=\"shortcode-suno-banner\" title=\"Banner SUNO, clique e saiba mais\">\n\t\t\t<picture>\n\t\t\t\t<source media=\"(max-width: 500px)\" srcset=\"https:\/\/files.sunoresearch.com.br\/n\/uploads\/2023\/03\/400x300-Planilha-controle-de-gastos.png\">\n\t\t\t\t<img class=\"newsContent__article__imgCapa newsContent__article__imgCapa--banner\"\n\t\t\t\t\tsrc=\"https:\/\/files.sunoresearch.com.br\/n\/uploads\/2023\/03\/1420x240-Planilha-controle-de-gastos.png\"\n\t\t\t\t\tdata-promo-id=\"101751\"\t\t\t\t\t\t\t\t\t\twidth='1420' height='240'\t\t\t\t\talt=\"https:\/\/files.sunoresearch.com.br\/n\/uploads\/2023\/03\/1420x240-Planilha-controle-de-gastos.png\"\n\t\t\t\t>\n\t\t\t<\/picture>\n\t\t<\/a>\n\t<\/p>\n\n<\/span><\/p>\n","protected":false},"excerpt":{"rendered":"<p>A ministra do Supremo Tribunal Federal (STF), Rosa Weber, suspendeu na \u00faltima segunda-feira (13) parte dos decretos do presidente Jair Bolsonaro que possu\u00edam o objetivo de desburocratizar e ampliar o acesso a armas de fogo e muni\u00e7\u00f5es no pa\u00eds. Para a LRCA Defense Consulting, a liminar n\u00e3o gera qualquer impacto negativo para as ind\u00fastrias brasileiras [&hellip;]<\/p>\n","protected":false},"author":56,"featured_media":139241,"comment_status":"closed","ping_status":"closed","sticky":false,"template":"","format":"standard","meta":[],"categories":[64],"tags":[981,2213],"suno_strategy":[],"class_list":["post-139226","post","type-post","status-publish","format-standard","has-post-thumbnail","hentry","category-negocios","tag-armas","tag-taurus-armas-tasa3-tasa4"],"yoast_head":"<!-- This site is optimized with the Yoast SEO plugin v24.4 - https:\/\/yoast.com\/wordpress\/plugins\/seo\/ -->\n<title>Liminar n\u00e3o gera efeito negativo para ind\u00fastria das armas, diz associa\u00e7\u00e3o<\/title>\n<meta name=\"description\" content=\"Para a LRCA Defense Consulting, a ind\u00fastria de armas n\u00e3o ser\u00e1 prejudicada pois os decretos ainda n\u00e3o estavam vigorando. Clique aqui para saber mais.\" \/>\n<meta name=\"robots\" content=\"index, follow, max-snippet:-1, max-image-preview:large, max-video-preview:-1\" \/>\n<link rel=\"canonical\" href=\"https:\/\/www.suno.com.br\/noticias\/liminar-efeito-negativo-industria-armas\/\" \/>\n<meta property=\"og:locale\" content=\"pt_BR\" \/>\n<meta property=\"og:type\" content=\"article\" \/>\n<meta property=\"og:title\" content=\"Liminar n\u00e3o gera efeito negativo para ind\u00fastria das armas, diz associa\u00e7\u00e3o\" \/>\n<meta property=\"og:description\" content=\"Para a LRCA Defense Consulting, a ind\u00fastria de armas n\u00e3o ser\u00e1 prejudicada pois os decretos ainda n\u00e3o estavam vigorando. Clique aqui para saber mais.\" \/>\n<meta property=\"og:url\" content=\"https:\/\/www.suno.com.br\/noticias\/liminar-efeito-negativo-industria-armas\/\" \/>\n<meta property=\"og:site_name\" content=\"Suno Not\u00edcias\" \/>\n<meta property=\"article:publisher\" content=\"https:\/\/facebook.com\/sunoresearch\" \/>\n<meta property=\"og:image\" content=\"https:\/\/files.sunoresearch.com.br\/n\/uploads\/2021\/04\/f7969976-hand-3052115_1280.jpg\" \/>\n\t<meta property=\"og:image:width\" content=\"1280\" \/>\n\t<meta property=\"og:image:height\" content=\"876\" \/>\n\t<meta property=\"og:image:type\" content=\"image\/jpeg\" \/>\n<meta name=\"author\" content=\"Rafaela La Regina\" \/>\n<meta name=\"twitter:card\" content=\"summary_large_image\" \/>\n<meta name=\"twitter:creator\" content=\"@sunoresearch\" \/>\n<meta name=\"twitter:site\" content=\"@sunoresearch\" \/>\n<meta name=\"twitter:label1\" content=\"Escrito por\" \/>\n\t<meta name=\"twitter:data1\" content=\"Rafaela La Regina\" \/>\n\t<meta name=\"twitter:label2\" content=\"Est. tempo de leitura\" \/>\n\t<meta name=\"twitter:data2\" content=\"3 minutos\" \/>\n<script type=\"application\/ld+json\" class=\"yoast-schema-graph\">{\"@context\":\"https:\/\/schema.org\",\"@graph\":[{\"@type\":\"NewsArticle\",\"@id\":\"https:\/\/www.suno.com.br\/noticias\/liminar-efeito-negativo-industria-armas\/#article\",\"isPartOf\":{\"@id\":\"https:\/\/www.suno.com.br\/noticias\/liminar-efeito-negativo-industria-armas\/\"},\"author\":{\"name\":\"Rafaela La Regina\",\"@id\":\"https:\/\/www.suno.com.br\/noticias\/#\/schema\/person\/e672ca8cea627fe715fa29bca7da95e0\"},\"headline\":\"Liminar n\u00e3o gera efeito negativo para ind\u00fastria das armas, diz associa\u00e7\u00e3o\",\"datePublished\":\"2021-04-13T22:30:22+00:00\",\"mainEntityOfPage\":{\"@id\":\"https:\/\/www.suno.com.br\/noticias\/liminar-efeito-negativo-industria-armas\/\"},\"wordCount\":526,\"publisher\":{\"@id\":\"https:\/\/www.suno.com.br\/noticias\/#organization\"},\"image\":{\"@id\":\"https:\/\/www.suno.com.br\/noticias\/liminar-efeito-negativo-industria-armas\/#primaryimage\"},\"thumbnailUrl\":\"https:\/\/files.sunoresearch.com.br\/n\/uploads\/2021\/04\/f7969976-hand-3052115_1280-jpg.webp\",\"keywords\":[\"Armas\",\"Taurus Armas (TASA3\/TASA4)\"],\"articleSection\":[\"Neg\u00f3cios\"],\"inLanguage\":\"pt-BR\"},{\"@type\":\"WebPage\",\"@id\":\"https:\/\/www.suno.com.br\/noticias\/liminar-efeito-negativo-industria-armas\/\",\"url\":\"https:\/\/www.suno.com.br\/noticias\/liminar-efeito-negativo-industria-armas\/\",\"name\":\"Liminar n\u00e3o gera efeito negativo para ind\u00fastria das armas, diz associa\u00e7\u00e3o\",\"isPartOf\":{\"@id\":\"https:\/\/www.suno.com.br\/noticias\/#website\"},\"primaryImageOfPage\":{\"@id\":\"https:\/\/www.suno.com.br\/noticias\/liminar-efeito-negativo-industria-armas\/#primaryimage\"},\"image\":{\"@id\":\"https:\/\/www.suno.com.br\/noticias\/liminar-efeito-negativo-industria-armas\/#primaryimage\"},\"thumbnailUrl\":\"https:\/\/files.sunoresearch.com.br\/n\/uploads\/2021\/04\/f7969976-hand-3052115_1280-jpg.webp\",\"datePublished\":\"2021-04-13T22:30:22+00:00\",\"description\":\"Para a LRCA Defense Consulting, a ind\u00fastria de armas n\u00e3o ser\u00e1 prejudicada pois os decretos ainda n\u00e3o estavam vigorando. Clique aqui para saber mais.\",\"breadcrumb\":{\"@id\":\"https:\/\/www.suno.com.br\/noticias\/liminar-efeito-negativo-industria-armas\/#breadcrumb\"},\"inLanguage\":\"pt-BR\",\"potentialAction\":[{\"@type\":\"ReadAction\",\"target\":[\"https:\/\/www.suno.com.br\/noticias\/liminar-efeito-negativo-industria-armas\/\"]}]},{\"@type\":\"ImageObject\",\"inLanguage\":\"pt-BR\",\"@id\":\"https:\/\/www.suno.com.br\/noticias\/liminar-efeito-negativo-industria-armas\/#primaryimage\",\"url\":\"https:\/\/files.sunoresearch.com.br\/n\/uploads\/2021\/04\/f7969976-hand-3052115_1280-jpg.webp\",\"contentUrl\":\"https:\/\/files.sunoresearch.com.br\/n\/uploads\/2021\/04\/f7969976-hand-3052115_1280-jpg.webp\",\"width\":1280,\"height\":876,\"caption\":\"Arma. Foto: Pixabay\"},{\"@type\":\"BreadcrumbList\",\"@id\":\"https:\/\/www.suno.com.br\/noticias\/liminar-efeito-negativo-industria-armas\/#breadcrumb\",\"itemListElement\":[{\"@type\":\"ListItem\",\"position\":1,\"name\":\"Not\u00edcias\",\"item\":\"https:\/\/www.suno.com.br\/noticias\/\"},{\"@type\":\"ListItem\",\"position\":2,\"name\":\"Neg\u00f3cios\",\"item\":\"https:\/\/www.suno.com.br\/noticias\/negocios\/\"},{\"@type\":\"ListItem\",\"position\":3,\"name\":\"Liminar n\u00e3o gera efeito negativo para ind\u00fastria das armas, diz associa\u00e7\u00e3o\"}]},{\"@type\":\"WebSite\",\"@id\":\"https:\/\/www.suno.com.br\/noticias\/#website\",\"url\":\"https:\/\/www.suno.com.br\/noticias\/\",\"name\":\"Suno Not\u00edcias\",\"description\":\"Seu portal de informa\u00e7\u00e3o sobre o mundo dos investimentos\",\"publisher\":{\"@id\":\"https:\/\/www.suno.com.br\/noticias\/#organization\"},\"potentialAction\":[{\"@type\":\"SearchAction\",\"target\":{\"@type\":\"EntryPoint\",\"urlTemplate\":\"https:\/\/www.suno.com.br\/noticias\/?s={search_term_string}\"},\"query-input\":{\"@type\":\"PropertyValueSpecification\",\"valueRequired\":true,\"valueName\":\"search_term_string\"}}],\"inLanguage\":\"pt-BR\"},{\"@type\":\"Organization\",\"@id\":\"https:\/\/www.suno.com.br\/noticias\/#organization\",\"name\":\"Suno Not\u00edcias\",\"url\":\"https:\/\/www.suno.com.br\/noticias\/\",\"logo\":{\"@type\":\"ImageObject\",\"inLanguage\":\"pt-BR\",\"@id\":\"https:\/\/www.suno.com.br\/noticias\/#\/schema\/logo\/image\/\",\"url\":\"https:\/\/files.sunoresearch.com.br\/n\/uploads\/2021\/09\/suno-logo.png\",\"contentUrl\":\"https:\/\/files.sunoresearch.com.br\/n\/uploads\/2021\/09\/suno-logo.png\",\"width\":180,\"height\":180,\"caption\":\"Suno Not\u00edcias\"},\"image\":{\"@id\":\"https:\/\/www.suno.com.br\/noticias\/#\/schema\/logo\/image\/\"},\"sameAs\":[\"https:\/\/facebook.com\/sunoresearch\",\"https:\/\/x.com\/sunoresearch\",\"https:\/\/www.instagram.com\/suno\",\"https:\/\/www.linkedin.com\/company\/suno-research\/\",\"https:\/\/www.youtube.com\/c\/sunoresearch\"]},{\"@type\":\"Person\",\"@id\":\"https:\/\/www.suno.com.br\/noticias\/#\/schema\/person\/e672ca8cea627fe715fa29bca7da95e0\",\"name\":\"Rafaela La Regina\",\"image\":{\"@type\":\"ImageObject\",\"inLanguage\":\"pt-BR\",\"@id\":\"https:\/\/www.suno.com.br\/noticias\/#\/schema\/person\/image\/\",\"url\":\"https:\/\/secure.gravatar.com\/avatar\/d2c75a52d243deb93d0465fdcb21bd37?s=96&r=g\",\"contentUrl\":\"https:\/\/secure.gravatar.com\/avatar\/d2c75a52d243deb93d0465fdcb21bd37?s=96&r=g\",\"caption\":\"Rafaela La Regina\"},\"description\":\"Estagi\u00e1ria no Suno Not\u00edcias. Escreve sobre economia, pol\u00edtica e neg\u00f3cios. Estuda Rela\u00e7\u00f5es Internacionais no IBMEC-SP.\",\"url\":\"https:\/\/www.suno.com.br\/noticias\/author\/rafaela-la-regina\/\"}]}<\/script>\n<!-- \/ Yoast SEO plugin. -->","yoast_head_json":{"title":"Liminar n\u00e3o gera efeito negativo para ind\u00fastria das armas, diz associa\u00e7\u00e3o","description":"Para a LRCA Defense Consulting, a ind\u00fastria de armas n\u00e3o ser\u00e1 prejudicada pois os decretos ainda n\u00e3o estavam vigorando. Clique aqui para saber mais.","robots":{"index":"index","follow":"follow","max-snippet":"max-snippet:-1","max-image-preview":"max-image-preview:large","max-video-preview":"max-video-preview:-1"},"canonical":"https:\/\/www.suno.com.br\/noticias\/liminar-efeito-negativo-industria-armas\/","og_locale":"pt_BR","og_type":"article","og_title":"Liminar n\u00e3o gera efeito negativo para ind\u00fastria das armas, diz associa\u00e7\u00e3o","og_description":"Para a LRCA Defense Consulting, a ind\u00fastria de armas n\u00e3o ser\u00e1 prejudicada pois os decretos ainda n\u00e3o estavam vigorando. Clique aqui para saber mais.","og_url":"https:\/\/www.suno.com.br\/noticias\/liminar-efeito-negativo-industria-armas\/","og_site_name":"Suno Not\u00edcias","article_publisher":"https:\/\/facebook.com\/sunoresearch","og_image":[{"width":1280,"height":876,"url":"https:\/\/files.sunoresearch.com.br\/n\/uploads\/2021\/04\/f7969976-hand-3052115_1280.jpg","type":"image\/jpeg"}],"author":"Rafaela La Regina","twitter_card":"summary_large_image","twitter_creator":"@sunoresearch","twitter_site":"@sunoresearch","twitter_misc":{"Escrito por":"Rafaela La Regina","Est. tempo de leitura":"3 minutos"},"schema":{"@context":"https:\/\/schema.org","@graph":[{"@type":"NewsArticle","@id":"https:\/\/www.suno.com.br\/noticias\/liminar-efeito-negativo-industria-armas\/#article","isPartOf":{"@id":"https:\/\/www.suno.com.br\/noticias\/liminar-efeito-negativo-industria-armas\/"},"author":{"name":"Rafaela La Regina","@id":"https:\/\/www.suno.com.br\/noticias\/#\/schema\/person\/e672ca8cea627fe715fa29bca7da95e0"},"headline":"Liminar n\u00e3o gera efeito negativo para ind\u00fastria das armas, diz associa\u00e7\u00e3o","datePublished":"2021-04-13T22:30:22+00:00","mainEntityOfPage":{"@id":"https:\/\/www.suno.com.br\/noticias\/liminar-efeito-negativo-industria-armas\/"},"wordCount":526,"publisher":{"@id":"https:\/\/www.suno.com.br\/noticias\/#organization"},"image":{"@id":"https:\/\/www.suno.com.br\/noticias\/liminar-efeito-negativo-industria-armas\/#primaryimage"},"thumbnailUrl":"https:\/\/files.sunoresearch.com.br\/n\/uploads\/2021\/04\/f7969976-hand-3052115_1280-jpg.webp","keywords":["Armas","Taurus Armas (TASA3\/TASA4)"],"articleSection":["Neg\u00f3cios"],"inLanguage":"pt-BR"},{"@type":"WebPage","@id":"https:\/\/www.suno.com.br\/noticias\/liminar-efeito-negativo-industria-armas\/","url":"https:\/\/www.suno.com.br\/noticias\/liminar-efeito-negativo-industria-armas\/","name":"Liminar n\u00e3o gera efeito negativo para ind\u00fastria das armas, diz associa\u00e7\u00e3o","isPartOf":{"@id":"https:\/\/www.suno.com.br\/noticias\/#website"},"primaryImageOfPage":{"@id":"https:\/\/www.suno.com.br\/noticias\/liminar-efeito-negativo-industria-armas\/#primaryimage"},"image":{"@id":"https:\/\/www.suno.com.br\/noticias\/liminar-efeito-negativo-industria-armas\/#primaryimage"},"thumbnailUrl":"https:\/\/files.sunoresearch.com.br\/n\/uploads\/2021\/04\/f7969976-hand-3052115_1280-jpg.webp","datePublished":"2021-04-13T22:30:22+00:00","description":"Para a LRCA Defense Consulting, a ind\u00fastria de armas n\u00e3o ser\u00e1 prejudicada pois os decretos ainda n\u00e3o estavam vigorando. Clique aqui para saber mais.","breadcrumb":{"@id":"https:\/\/www.suno.com.br\/noticias\/liminar-efeito-negativo-industria-armas\/#breadcrumb"},"inLanguage":"pt-BR","potentialAction":[{"@type":"ReadAction","target":["https:\/\/www.suno.com.br\/noticias\/liminar-efeito-negativo-industria-armas\/"]}]},{"@type":"ImageObject","inLanguage":"pt-BR","@id":"https:\/\/www.suno.com.br\/noticias\/liminar-efeito-negativo-industria-armas\/#primaryimage","url":"https:\/\/files.sunoresearch.com.br\/n\/uploads\/2021\/04\/f7969976-hand-3052115_1280-jpg.webp","contentUrl":"https:\/\/files.sunoresearch.com.br\/n\/uploads\/2021\/04\/f7969976-hand-3052115_1280-jpg.webp","width":1280,"height":876,"caption":"Arma. Foto: Pixabay"},{"@type":"BreadcrumbList","@id":"https:\/\/www.suno.com.br\/noticias\/liminar-efeito-negativo-industria-armas\/#breadcrumb","itemListElement":[{"@type":"ListItem","position":1,"name":"Not\u00edcias","item":"https:\/\/www.suno.com.br\/noticias\/"},{"@type":"ListItem","position":2,"name":"Neg\u00f3cios","item":"https:\/\/www.suno.com.br\/noticias\/negocios\/"},{"@type":"ListItem","position":3,"name":"Liminar n\u00e3o gera efeito negativo para ind\u00fastria das armas, diz associa\u00e7\u00e3o"}]},{"@type":"WebSite","@id":"https:\/\/www.suno.com.br\/noticias\/#website","url":"https:\/\/www.suno.com.br\/noticias\/","name":"Suno Not\u00edcias","description":"Seu portal de informa\u00e7\u00e3o sobre o mundo dos investimentos","publisher":{"@id":"https:\/\/www.suno.com.br\/noticias\/#organization"},"potentialAction":[{"@type":"SearchAction","target":{"@type":"EntryPoint","urlTemplate":"https:\/\/www.suno.com.br\/noticias\/?s={search_term_string}"},"query-input":{"@type":"PropertyValueSpecification","valueRequired":true,"valueName":"search_term_string"}}],"inLanguage":"pt-BR"},{"@type":"Organization","@id":"https:\/\/www.suno.com.br\/noticias\/#organization","name":"Suno Not\u00edcias","url":"https:\/\/www.suno.com.br\/noticias\/","logo":{"@type":"ImageObject","inLanguage":"pt-BR","@id":"https:\/\/www.suno.com.br\/noticias\/#\/schema\/logo\/image\/","url":"https:\/\/files.sunoresearch.com.br\/n\/uploads\/2021\/09\/suno-logo.png","contentUrl":"https:\/\/files.sunoresearch.com.br\/n\/uploads\/2021\/09\/suno-logo.png","width":180,"height":180,"caption":"Suno Not\u00edcias"},"image":{"@id":"https:\/\/www.suno.com.br\/noticias\/#\/schema\/logo\/image\/"},"sameAs":["https:\/\/facebook.com\/sunoresearch","https:\/\/x.com\/sunoresearch","https:\/\/www.instagram.com\/suno","https:\/\/www.linkedin.com\/company\/suno-research\/","https:\/\/www.youtube.com\/c\/sunoresearch"]},{"@type":"Person","@id":"https:\/\/www.suno.com.br\/noticias\/#\/schema\/person\/e672ca8cea627fe715fa29bca7da95e0","name":"Rafaela La Regina","image":{"@type":"ImageObject","inLanguage":"pt-BR","@id":"https:\/\/www.suno.com.br\/noticias\/#\/schema\/person\/image\/","url":"https:\/\/secure.gravatar.com\/avatar\/d2c75a52d243deb93d0465fdcb21bd37?s=96&r=g","contentUrl":"https:\/\/secure.gravatar.com\/avatar\/d2c75a52d243deb93d0465fdcb21bd37?s=96&r=g","caption":"Rafaela La Regina"},"description":"Estagi\u00e1ria no Suno Not\u00edcias. Escreve sobre economia, pol\u00edtica e neg\u00f3cios. Estuda Rela\u00e7\u00f5es Internacionais no IBMEC-SP.","url":"https:\/\/www.suno.com.br\/noticias\/author\/rafaela-la-regina\/"}]}},"default_loop_html":"<div class=\"cardsPage__listCard__boxs\"><div class=\"cardsPage__listCard__boxs__img\"><a href=\"https:\/\/www.suno.com.br\/noticias\/liminar-efeito-negativo-industria-armas\/\"><img class=\"mask\" src=\"https:\/\/www.suno.com.br\/noticias\/wp-content\/themes\/suno\/resources\/images\/spotlight\/spotlight1img\/bg-mask.png\" alt=\"Image Mask\"\/><img src=\"https:\/\/files.sunoresearch.com.br\/n\/uploads\/2021\/04\/f7969976-hand-3052115_1280-400x200.webp\" alt=\"Liminar n\u00e3o gera efeito negativo para ind\u00fastria das armas, diz associa\u00e7\u00e3o\"\/><\/a><span class=\"spotlightCategory\"><a href=\"https:\/\/www.suno.com.br\/noticias\/negocios\/\">Neg\u00f3cios<\/a><\/span><\/div><div class=\"cardsPage__listCard__boxs__content\"><a href=\"https:\/\/www.suno.com.br\/noticias\/liminar-efeito-negativo-industria-armas\/\"><h2 class=\"content__title\">Liminar n\u00e3o gera efeito negativo para ind\u00fastria das armas, diz associa\u00e7\u00e3o<\/h2><\/a><div class=\"newsContent__article__meta\"><div class=\"newsContent__article__meta__authorBox\"><a href=\"https:\/\/www.suno.com.br\/noticias\/author\/rafaela-la-regina\/\" class=\"authorBox__avatar noMobi\"><img src=\"https:\/\/secure.gravatar.com\/avatar\/d2c75a52d243deb93d0465fdcb21bd37?s=96&#038;r=g\" alt=\"Rafaela La Regina\"><\/a><div class=\"authorBox__name\"><span>por\n\t\t\t<a href=\"https:\/\/www.suno.com.br\/noticias\/author\/rafaela-la-regina\/\"><span itemprop=\"author\">Rafaela La Regina<\/span><\/a><\/span><time datetime=\"2021-04-13T19:30:22-03:00\" itemprop=\"datePublished\">13\/04\/2021 19:30<\/time><\/div><\/div><\/div><\/div><\/div>","single_layout":"posts","amp_enabled":true,"_links":{"self":[{"href":"https:\/\/www.suno.com.br\/noticias\/wp-json\/wp\/v2\/posts\/139226"}],"collection":[{"href":"https:\/\/www.suno.com.br\/noticias\/wp-json\/wp\/v2\/posts"}],"about":[{"href":"https:\/\/www.suno.com.br\/noticias\/wp-json\/wp\/v2\/types\/post"}],"author":[{"embeddable":true,"href":"https:\/\/www.suno.com.br\/noticias\/wp-json\/wp\/v2\/users\/56"}],"replies":[{"embeddable":true,"href":"https:\/\/www.suno.com.br\/noticias\/wp-json\/wp\/v2\/comments?post=139226"}],"version-history":[{"count":1,"href":"https:\/\/www.suno.com.br\/noticias\/wp-json\/wp\/v2\/posts\/139226\/revisions"}],"predecessor-version":[{"id":139242,"href":"https:\/\/www.suno.com.br\/noticias\/wp-json\/wp\/v2\/posts\/139226\/revisions\/139242"}],"wp:featuredmedia":[{"embeddable":true,"href":"https:\/\/www.suno.com.br\/noticias\/wp-json\/wp\/v2\/media\/139241"}],"wp:attachment":[{"href":"https:\/\/www.suno.com.br\/noticias\/wp-json\/wp\/v2\/media?parent=139226"}],"wp:term":[{"taxonomy":"category","embeddable":true,"href":"https:\/\/www.suno.com.br\/noticias\/wp-json\/wp\/v2\/categories?post=139226"},{"taxonomy":"post_tag","embeddable":true,"href":"https:\/\/www.suno.com.br\/noticias\/wp-json\/wp\/v2\/tags?post=139226"},{"taxonomy":"suno_strategy","embeddable":true,"href":"https:\/\/www.suno.com.br\/noticias\/wp-json\/wp\/v2\/suno_strategy?post=139226"}],"curies":[{"name":"wp","href":"https:\/\/api.w.org\/{rel}","templated":true}]}}