{"id":13894,"date":"2019-02-01T21:17:16","date_gmt":"2019-02-01T23:17:16","guid":{"rendered":"https:\/\/www.suno.com.br\/noticias\/?p=13894"},"modified":"2021-06-21T05:22:06","modified_gmt":"2021-06-21T08:22:06","slug":"soja-reduzir-projecao-safra-estados","status":"publish","type":"post","link":"https:\/\/www.suno.com.br\/noticias\/soja-reduzir-projecao-safra-estados\/","title":{"rendered":"Soja: Associa\u00e7\u00e3o volta a reduzir proje\u00e7\u00e3o para safra nos principais estados"},"content":{"rendered":"<p>A Associa\u00e7\u00e3o dos Produtores de Soja e Milho (Aprosoja) diminuiu as expectativas de produ\u00e7\u00e3o nos principais estados.<\/p>\t<div class=\"wrapper-featured-image\">\n\t\t<figure class=\"spotlightImg\">\n\n\t\t\t<picture>\n\t\t\t\t<source media=\"(max-width: 768px)\" srcset=\"https:\/\/files.sunoresearch.com.br\/n\/uploads\/2018\/12\/0e5b23e3-china-400x200.webp\">\n\t\t\t\t<img loading=\"lazy\" decoding=\"async\" class=\"newsContent__article__imgCapa lazyloadDisabled newsContent__article__imgCapa--noCaption\" src=\"https:\/\/files.sunoresearch.com.br\/n\/uploads\/2018\/12\/0e5b23e3-china-jpg.webp\" width=\"800\" height=\"450\" alt=\"Soja: Associa\u00e7\u00e3o volta a reduzir proje\u00e7\u00e3o para safra nos principais estados\" fetchpriority=high \/>\n\t\t\t<\/picture>\n\n\t\t\t<figcaption class=\"wp-caption-text wp-caption-text--hide\">Estados Unidos vendem 1,13 milh\u00e3o de toneladas de soja para China<\/figcaption>\n\t\t<\/figure>\n\t<\/div>\n\n\n<p>De acordo com o relat\u00f3rio divulgados pela <strong>Aprosoja<\/strong>, as estimativas s\u00e3o de que a produ\u00e7\u00e3o de <strong>soja<\/strong>\u00a0caia em 12 estados. As proje\u00e7\u00f5es passaram de 117,3 milh\u00f5es de toneladas para 101 milh\u00f5es.<\/p>\n<p>O principal motivo para a queda \u00e9 a severa <strong>seca<\/strong> que atinge as maiores regi\u00f5es produtoras desde de dezembro.<\/p>\n<p>&#8220;Caso n\u00e3o volte a chover nos pr\u00f3ximos dias, intensificam-se essas perdas. A situa\u00e7\u00e3o \u00e9 um pouco mais grave do que as consultorias est\u00e3o passando&#8221;, afirmou \u00e0 Reuters o presidente da <strong>Aprosoja<\/strong>,\u00a0Bartolomeu Braz.<\/p>\n<p>De acordo com Braz, a previs\u00e3o compreende as safras dos seguintes estados:<\/p>\n<ul>\n<li>Goi\u00e1s<\/li>\n<li>Mato Grosso<\/li>\n<li>Mato Grosso do Sul<\/li>\n<li>Piau\u00ed<\/li>\n<li>Tocantins<\/li>\n<li>Bahia<\/li>\n<li>Maranh\u00e3o<\/li>\n<li>Minas Gerais<\/li>\n<li>S\u00e3o Paulo<\/li>\n<li>Paran\u00e1<\/li>\n<li>Santa Catarina<\/li>\n<li>Rio Grande do Sul<\/li>\n<\/ul>\n<p>Juntos, esses estados produziram 98% da safra 2017\/18.\u00a0 Al\u00e9m disso, Rond\u00f4nia e Par\u00e1 n\u00e3o constam na lista por n\u00e3o terem suas lavouras atingidas pela seca. Somados, os estados produziram 2,6 milh\u00f5es de toneladas na temporada passada.<\/p>\n<h2>Produ\u00e7\u00e3o de soja nos estados<\/h2>\n<p>Entre os estados com piora mais acentuada est\u00e1 o <strong>Paran\u00e1<\/strong>, onde a produ\u00e7\u00e3o cair\u00e1 30% ante a proje\u00e7\u00e3o inicial, para 13,7 milh\u00f5es de toneladas.<\/p>\n<p>Na <strong>Bahia<\/strong>, a previs\u00e3o foi reduzida em 20%, assim como o <strong>Piau\u00ed<\/strong>. J\u00e1 em <strong>Goi\u00e1s<\/strong>, a queda foi de 17% em compara\u00e7\u00e3o com a \u00faltima proje\u00e7\u00e3o.<\/p>\n<p>No <strong>Mato Grosso<\/strong>, maior produtor de soja, as perdas chegaram a 8%, totalizando 29,5 milh\u00f5es de toneladas.<\/p>\n<h2>Outras consultorias<\/h2>\n<p>Tr\u00eas consultorias j\u00e1 rebaixaram as previs\u00f5es para a safra 2018\/2019:<\/p>\n<ul>\n<li><strong>Datagro<\/strong><\/li>\n<li><strong>Associa\u00e7\u00e3o Brasileira das Ind\u00fastrias de \u00d3leos Vegetais (Abiove)<\/strong><\/li>\n<li><strong>Deral<\/strong><\/li>\n<\/ul>\n<p>O\u00a0<strong>clima seco<\/strong> <strong>e quente<\/strong> verificados no m\u00eas de dezembro de 2018 motivou a redu\u00e7\u00e3o das expectativas.<\/p>\n<p><a href=\"https:\/\/www.suno.com.br\/noticias\/consultoria-diminui-previsao-soja\/\">Saiba mais:\u00a0Consultoria diminui previs\u00e3o de safra de soja por causa da seca<\/a><\/p>\n<p>A <strong>Abiove<\/strong> tamb\u00e9m estima que o faturamento com as <strong>exporta\u00e7\u00f5es<\/strong> do complexo de <strong>soja<\/strong> caia de US$ 34,2 bilh\u00f5es para US$ 32,75 bilh\u00f5es em 2019.<\/p>\n<p>&nbsp;<\/p>\n","protected":false},"excerpt":{"rendered":"<p>A Associa\u00e7\u00e3o dos Produtores de Soja e Milho (Aprosoja) diminuiu as expectativas de produ\u00e7\u00e3o nos principais estados. Estados Unidos vendem 1,13 milh\u00e3o de toneladas de soja para China De acordo com o relat\u00f3rio divulgados pela Aprosoja, as estimativas s\u00e3o de que a produ\u00e7\u00e3o de soja\u00a0caia em 12 estados. As proje\u00e7\u00f5es passaram de 117,3 milh\u00f5es de [&hellip;]<\/p>\n","protected":false},"author":14,"featured_media":8760,"comment_status":"closed","ping_status":"closed","sticky":false,"template":"","format":"standard","meta":[],"categories":[60],"tags":[1518,917],"suno_strategy":[],"class_list":["post-13894","post","type-post","status-publish","format-standard","has-post-thumbnail","hentry","category-mercado","tag-banco-safra","tag-soja"],"yoast_head":"<!-- This site is optimized with the Yoast SEO plugin v24.4 - https:\/\/yoast.com\/wordpress\/plugins\/seo\/ -->\n<title>Soja: Associa\u00e7\u00e3o volta a reduzir proje\u00e7\u00e3o para safra nos principais estados<\/title>\n<meta name=\"description\" content=\"As estimativas s\u00e3o de que a produ\u00e7\u00e3o de soja em caia. Os n\u00fameros passaram de 117,3 mi de toneladas para 101 mi. Clique para saber mais.\" \/>\n<meta name=\"robots\" content=\"index, follow, max-snippet:-1, max-image-preview:large, max-video-preview:-1\" \/>\n<link rel=\"canonical\" href=\"https:\/\/www.suno.com.br\/noticias\/soja-reduzir-projecao-safra-estados\/\" \/>\n<meta property=\"og:locale\" content=\"pt_BR\" \/>\n<meta property=\"og:type\" content=\"article\" \/>\n<meta property=\"og:title\" content=\"Soja: Associa\u00e7\u00e3o volta a reduzir proje\u00e7\u00e3o para safra nos principais estados\" \/>\n<meta property=\"og:description\" content=\"As estimativas s\u00e3o de que a produ\u00e7\u00e3o de soja em caia. Os n\u00fameros passaram de 117,3 mi de toneladas para 101 mi. Clique para saber mais.\" \/>\n<meta property=\"og:url\" content=\"https:\/\/www.suno.com.br\/noticias\/soja-reduzir-projecao-safra-estados\/\" \/>\n<meta property=\"og:site_name\" content=\"Suno Not\u00edcias\" \/>\n<meta property=\"article:publisher\" content=\"https:\/\/facebook.com\/sunoresearch\" \/>\n<meta property=\"og:image\" content=\"https:\/\/files.sunoresearch.com.br\/n\/uploads\/2018\/12\/0e5b23e3-china.jpg\" \/>\n\t<meta property=\"og:image:width\" content=\"989\" \/>\n\t<meta property=\"og:image:height\" content=\"419\" \/>\n\t<meta property=\"og:image:type\" content=\"image\/jpeg\" \/>\n<meta name=\"author\" content=\"Renan Dantas\" \/>\n<meta name=\"twitter:card\" content=\"summary_large_image\" \/>\n<meta name=\"twitter:creator\" content=\"@sunoresearch\" \/>\n<meta name=\"twitter:site\" content=\"@sunoresearch\" \/>\n<meta name=\"twitter:label1\" content=\"Escrito por\" \/>\n\t<meta name=\"twitter:data1\" content=\"Renan Dantas\" \/>\n\t<meta name=\"twitter:label2\" content=\"Est. tempo de leitura\" \/>\n\t<meta name=\"twitter:data2\" content=\"2 minutos\" \/>\n<script type=\"application\/ld+json\" class=\"yoast-schema-graph\">{\"@context\":\"https:\/\/schema.org\",\"@graph\":[{\"@type\":\"NewsArticle\",\"@id\":\"https:\/\/www.suno.com.br\/noticias\/soja-reduzir-projecao-safra-estados\/#article\",\"isPartOf\":{\"@id\":\"https:\/\/www.suno.com.br\/noticias\/soja-reduzir-projecao-safra-estados\/\"},\"author\":{\"name\":\"Renan Dantas\",\"@id\":\"https:\/\/www.suno.com.br\/noticias\/#\/schema\/person\/3f7693d5795a3f6d5ce15309ee785699\"},\"headline\":\"Soja: Associa\u00e7\u00e3o volta a reduzir proje\u00e7\u00e3o para safra nos principais estados\",\"datePublished\":\"2019-02-01T23:17:16+00:00\",\"dateModified\":\"2021-06-21T08:22:06+00:00\",\"mainEntityOfPage\":{\"@id\":\"https:\/\/www.suno.com.br\/noticias\/soja-reduzir-projecao-safra-estados\/\"},\"wordCount\":356,\"publisher\":{\"@id\":\"https:\/\/www.suno.com.br\/noticias\/#organization\"},\"image\":{\"@id\":\"https:\/\/www.suno.com.br\/noticias\/soja-reduzir-projecao-safra-estados\/#primaryimage\"},\"thumbnailUrl\":\"https:\/\/files.sunoresearch.com.br\/n\/uploads\/2018\/12\/0e5b23e3-china-jpg.webp\",\"keywords\":[\"Banco Safra\",\"soja\"],\"articleSection\":[\"Mercado\"],\"inLanguage\":\"pt-BR\"},{\"@type\":\"WebPage\",\"@id\":\"https:\/\/www.suno.com.br\/noticias\/soja-reduzir-projecao-safra-estados\/\",\"url\":\"https:\/\/www.suno.com.br\/noticias\/soja-reduzir-projecao-safra-estados\/\",\"name\":\"Soja: Associa\u00e7\u00e3o volta a reduzir proje\u00e7\u00e3o para safra nos principais estados\",\"isPartOf\":{\"@id\":\"https:\/\/www.suno.com.br\/noticias\/#website\"},\"primaryImageOfPage\":{\"@id\":\"https:\/\/www.suno.com.br\/noticias\/soja-reduzir-projecao-safra-estados\/#primaryimage\"},\"image\":{\"@id\":\"https:\/\/www.suno.com.br\/noticias\/soja-reduzir-projecao-safra-estados\/#primaryimage\"},\"thumbnailUrl\":\"https:\/\/files.sunoresearch.com.br\/n\/uploads\/2018\/12\/0e5b23e3-china-jpg.webp\",\"datePublished\":\"2019-02-01T23:17:16+00:00\",\"dateModified\":\"2021-06-21T08:22:06+00:00\",\"description\":\"As estimativas s\u00e3o de que a produ\u00e7\u00e3o de soja em caia. Os n\u00fameros passaram de 117,3 mi de toneladas para 101 mi. Clique para saber mais.\",\"breadcrumb\":{\"@id\":\"https:\/\/www.suno.com.br\/noticias\/soja-reduzir-projecao-safra-estados\/#breadcrumb\"},\"inLanguage\":\"pt-BR\",\"potentialAction\":[{\"@type\":\"ReadAction\",\"target\":[\"https:\/\/www.suno.com.br\/noticias\/soja-reduzir-projecao-safra-estados\/\"]}]},{\"@type\":\"ImageObject\",\"inLanguage\":\"pt-BR\",\"@id\":\"https:\/\/www.suno.com.br\/noticias\/soja-reduzir-projecao-safra-estados\/#primaryimage\",\"url\":\"https:\/\/files.sunoresearch.com.br\/n\/uploads\/2018\/12\/0e5b23e3-china-jpg.webp\",\"contentUrl\":\"https:\/\/files.sunoresearch.com.br\/n\/uploads\/2018\/12\/0e5b23e3-china-jpg.webp\",\"width\":989,\"height\":419,\"caption\":\"Estados Unidos vendem 1,13 milh\u00e3o de toneladas de soja para China\"},{\"@type\":\"BreadcrumbList\",\"@id\":\"https:\/\/www.suno.com.br\/noticias\/soja-reduzir-projecao-safra-estados\/#breadcrumb\",\"itemListElement\":[{\"@type\":\"ListItem\",\"position\":1,\"name\":\"Not\u00edcias\",\"item\":\"https:\/\/www.suno.com.br\/noticias\/\"},{\"@type\":\"ListItem\",\"position\":2,\"name\":\"Mercado\",\"item\":\"https:\/\/www.suno.com.br\/noticias\/mercado\/\"},{\"@type\":\"ListItem\",\"position\":3,\"name\":\"Soja: Associa\u00e7\u00e3o volta a reduzir proje\u00e7\u00e3o para safra nos principais estados\"}]},{\"@type\":\"WebSite\",\"@id\":\"https:\/\/www.suno.com.br\/noticias\/#website\",\"url\":\"https:\/\/www.suno.com.br\/noticias\/\",\"name\":\"Suno Not\u00edcias\",\"description\":\"Seu portal de informa\u00e7\u00e3o sobre o mundo dos investimentos\",\"publisher\":{\"@id\":\"https:\/\/www.suno.com.br\/noticias\/#organization\"},\"potentialAction\":[{\"@type\":\"SearchAction\",\"target\":{\"@type\":\"EntryPoint\",\"urlTemplate\":\"https:\/\/www.suno.com.br\/noticias\/?s={search_term_string}\"},\"query-input\":{\"@type\":\"PropertyValueSpecification\",\"valueRequired\":true,\"valueName\":\"search_term_string\"}}],\"inLanguage\":\"pt-BR\"},{\"@type\":\"Organization\",\"@id\":\"https:\/\/www.suno.com.br\/noticias\/#organization\",\"name\":\"Suno Not\u00edcias\",\"url\":\"https:\/\/www.suno.com.br\/noticias\/\",\"logo\":{\"@type\":\"ImageObject\",\"inLanguage\":\"pt-BR\",\"@id\":\"https:\/\/www.suno.com.br\/noticias\/#\/schema\/logo\/image\/\",\"url\":\"https:\/\/files.sunoresearch.com.br\/n\/uploads\/2021\/09\/suno-logo.png\",\"contentUrl\":\"https:\/\/files.sunoresearch.com.br\/n\/uploads\/2021\/09\/suno-logo.png\",\"width\":180,\"height\":180,\"caption\":\"Suno Not\u00edcias\"},\"image\":{\"@id\":\"https:\/\/www.suno.com.br\/noticias\/#\/schema\/logo\/image\/\"},\"sameAs\":[\"https:\/\/facebook.com\/sunoresearch\",\"https:\/\/x.com\/sunoresearch\",\"https:\/\/www.instagram.com\/suno\",\"https:\/\/www.linkedin.com\/company\/suno-research\/\",\"https:\/\/www.youtube.com\/c\/sunoresearch\"]},{\"@type\":\"Person\",\"@id\":\"https:\/\/www.suno.com.br\/noticias\/#\/schema\/person\/3f7693d5795a3f6d5ce15309ee785699\",\"name\":\"Renan Dantas\",\"image\":{\"@type\":\"ImageObject\",\"inLanguage\":\"pt-BR\",\"@id\":\"https:\/\/www.suno.com.br\/noticias\/#\/schema\/person\/image\/\",\"url\":\"https:\/\/secure.gravatar.com\/avatar\/1787b83e7484a08e51d62ac8b41c8396?s=96&r=g\",\"contentUrl\":\"https:\/\/secure.gravatar.com\/avatar\/1787b83e7484a08e51d62ac8b41c8396?s=96&r=g\",\"caption\":\"Renan Dantas\"},\"description\":\"Escreve sobre pol\u00edtica e mercado financeiro para o portal Suno Not\u00edcias. Antes, atuou na assessoria de comunica\u00e7\u00e3o do Minist\u00e9rio P\u00fablico do Trabalho e na R\u00e1dio Mackenzie, onde apresentava e produzia um programa sobre artistas da m\u00fasica brasileira. \u00c9 estudante na Universidade Presbiteriana Mackenzie.\",\"url\":\"https:\/\/www.suno.com.br\/noticias\/author\/renan-dantas\/\"}]}<\/script>\n<!-- \/ Yoast SEO plugin. -->","yoast_head_json":{"title":"Soja: Associa\u00e7\u00e3o volta a reduzir proje\u00e7\u00e3o para safra nos principais estados","description":"As estimativas s\u00e3o de que a produ\u00e7\u00e3o de soja em caia. Os n\u00fameros passaram de 117,3 mi de toneladas para 101 mi. Clique para saber mais.","robots":{"index":"index","follow":"follow","max-snippet":"max-snippet:-1","max-image-preview":"max-image-preview:large","max-video-preview":"max-video-preview:-1"},"canonical":"https:\/\/www.suno.com.br\/noticias\/soja-reduzir-projecao-safra-estados\/","og_locale":"pt_BR","og_type":"article","og_title":"Soja: Associa\u00e7\u00e3o volta a reduzir proje\u00e7\u00e3o para safra nos principais estados","og_description":"As estimativas s\u00e3o de que a produ\u00e7\u00e3o de soja em caia. Os n\u00fameros passaram de 117,3 mi de toneladas para 101 mi. Clique para saber mais.","og_url":"https:\/\/www.suno.com.br\/noticias\/soja-reduzir-projecao-safra-estados\/","og_site_name":"Suno Not\u00edcias","article_publisher":"https:\/\/facebook.com\/sunoresearch","og_image":[{"width":989,"height":419,"url":"https:\/\/files.sunoresearch.com.br\/n\/uploads\/2018\/12\/0e5b23e3-china.jpg","type":"image\/jpeg"}],"author":"Renan Dantas","twitter_card":"summary_large_image","twitter_creator":"@sunoresearch","twitter_site":"@sunoresearch","twitter_misc":{"Escrito por":"Renan Dantas","Est. tempo de leitura":"2 minutos"},"schema":{"@context":"https:\/\/schema.org","@graph":[{"@type":"NewsArticle","@id":"https:\/\/www.suno.com.br\/noticias\/soja-reduzir-projecao-safra-estados\/#article","isPartOf":{"@id":"https:\/\/www.suno.com.br\/noticias\/soja-reduzir-projecao-safra-estados\/"},"author":{"name":"Renan Dantas","@id":"https:\/\/www.suno.com.br\/noticias\/#\/schema\/person\/3f7693d5795a3f6d5ce15309ee785699"},"headline":"Soja: Associa\u00e7\u00e3o volta a reduzir proje\u00e7\u00e3o para safra nos principais estados","datePublished":"2019-02-01T23:17:16+00:00","dateModified":"2021-06-21T08:22:06+00:00","mainEntityOfPage":{"@id":"https:\/\/www.suno.com.br\/noticias\/soja-reduzir-projecao-safra-estados\/"},"wordCount":356,"publisher":{"@id":"https:\/\/www.suno.com.br\/noticias\/#organization"},"image":{"@id":"https:\/\/www.suno.com.br\/noticias\/soja-reduzir-projecao-safra-estados\/#primaryimage"},"thumbnailUrl":"https:\/\/files.sunoresearch.com.br\/n\/uploads\/2018\/12\/0e5b23e3-china-jpg.webp","keywords":["Banco Safra","soja"],"articleSection":["Mercado"],"inLanguage":"pt-BR"},{"@type":"WebPage","@id":"https:\/\/www.suno.com.br\/noticias\/soja-reduzir-projecao-safra-estados\/","url":"https:\/\/www.suno.com.br\/noticias\/soja-reduzir-projecao-safra-estados\/","name":"Soja: Associa\u00e7\u00e3o volta a reduzir proje\u00e7\u00e3o para safra nos principais estados","isPartOf":{"@id":"https:\/\/www.suno.com.br\/noticias\/#website"},"primaryImageOfPage":{"@id":"https:\/\/www.suno.com.br\/noticias\/soja-reduzir-projecao-safra-estados\/#primaryimage"},"image":{"@id":"https:\/\/www.suno.com.br\/noticias\/soja-reduzir-projecao-safra-estados\/#primaryimage"},"thumbnailUrl":"https:\/\/files.sunoresearch.com.br\/n\/uploads\/2018\/12\/0e5b23e3-china-jpg.webp","datePublished":"2019-02-01T23:17:16+00:00","dateModified":"2021-06-21T08:22:06+00:00","description":"As estimativas s\u00e3o de que a produ\u00e7\u00e3o de soja em caia. Os n\u00fameros passaram de 117,3 mi de toneladas para 101 mi. Clique para saber mais.","breadcrumb":{"@id":"https:\/\/www.suno.com.br\/noticias\/soja-reduzir-projecao-safra-estados\/#breadcrumb"},"inLanguage":"pt-BR","potentialAction":[{"@type":"ReadAction","target":["https:\/\/www.suno.com.br\/noticias\/soja-reduzir-projecao-safra-estados\/"]}]},{"@type":"ImageObject","inLanguage":"pt-BR","@id":"https:\/\/www.suno.com.br\/noticias\/soja-reduzir-projecao-safra-estados\/#primaryimage","url":"https:\/\/files.sunoresearch.com.br\/n\/uploads\/2018\/12\/0e5b23e3-china-jpg.webp","contentUrl":"https:\/\/files.sunoresearch.com.br\/n\/uploads\/2018\/12\/0e5b23e3-china-jpg.webp","width":989,"height":419,"caption":"Estados Unidos vendem 1,13 milh\u00e3o de toneladas de soja para China"},{"@type":"BreadcrumbList","@id":"https:\/\/www.suno.com.br\/noticias\/soja-reduzir-projecao-safra-estados\/#breadcrumb","itemListElement":[{"@type":"ListItem","position":1,"name":"Not\u00edcias","item":"https:\/\/www.suno.com.br\/noticias\/"},{"@type":"ListItem","position":2,"name":"Mercado","item":"https:\/\/www.suno.com.br\/noticias\/mercado\/"},{"@type":"ListItem","position":3,"name":"Soja: Associa\u00e7\u00e3o volta a reduzir proje\u00e7\u00e3o para safra nos principais estados"}]},{"@type":"WebSite","@id":"https:\/\/www.suno.com.br\/noticias\/#website","url":"https:\/\/www.suno.com.br\/noticias\/","name":"Suno Not\u00edcias","description":"Seu portal de informa\u00e7\u00e3o sobre o mundo dos investimentos","publisher":{"@id":"https:\/\/www.suno.com.br\/noticias\/#organization"},"potentialAction":[{"@type":"SearchAction","target":{"@type":"EntryPoint","urlTemplate":"https:\/\/www.suno.com.br\/noticias\/?s={search_term_string}"},"query-input":{"@type":"PropertyValueSpecification","valueRequired":true,"valueName":"search_term_string"}}],"inLanguage":"pt-BR"},{"@type":"Organization","@id":"https:\/\/www.suno.com.br\/noticias\/#organization","name":"Suno Not\u00edcias","url":"https:\/\/www.suno.com.br\/noticias\/","logo":{"@type":"ImageObject","inLanguage":"pt-BR","@id":"https:\/\/www.suno.com.br\/noticias\/#\/schema\/logo\/image\/","url":"https:\/\/files.sunoresearch.com.br\/n\/uploads\/2021\/09\/suno-logo.png","contentUrl":"https:\/\/files.sunoresearch.com.br\/n\/uploads\/2021\/09\/suno-logo.png","width":180,"height":180,"caption":"Suno Not\u00edcias"},"image":{"@id":"https:\/\/www.suno.com.br\/noticias\/#\/schema\/logo\/image\/"},"sameAs":["https:\/\/facebook.com\/sunoresearch","https:\/\/x.com\/sunoresearch","https:\/\/www.instagram.com\/suno","https:\/\/www.linkedin.com\/company\/suno-research\/","https:\/\/www.youtube.com\/c\/sunoresearch"]},{"@type":"Person","@id":"https:\/\/www.suno.com.br\/noticias\/#\/schema\/person\/3f7693d5795a3f6d5ce15309ee785699","name":"Renan Dantas","image":{"@type":"ImageObject","inLanguage":"pt-BR","@id":"https:\/\/www.suno.com.br\/noticias\/#\/schema\/person\/image\/","url":"https:\/\/secure.gravatar.com\/avatar\/1787b83e7484a08e51d62ac8b41c8396?s=96&r=g","contentUrl":"https:\/\/secure.gravatar.com\/avatar\/1787b83e7484a08e51d62ac8b41c8396?s=96&r=g","caption":"Renan Dantas"},"description":"Escreve sobre pol\u00edtica e mercado financeiro para o portal Suno Not\u00edcias. Antes, atuou na assessoria de comunica\u00e7\u00e3o do Minist\u00e9rio P\u00fablico do Trabalho e na R\u00e1dio Mackenzie, onde apresentava e produzia um programa sobre artistas da m\u00fasica brasileira. \u00c9 estudante na Universidade Presbiteriana Mackenzie.","url":"https:\/\/www.suno.com.br\/noticias\/author\/renan-dantas\/"}]}},"default_loop_html":"<div class=\"cardsPage__listCard__boxs\"><div class=\"cardsPage__listCard__boxs__img\"><a href=\"https:\/\/www.suno.com.br\/noticias\/soja-reduzir-projecao-safra-estados\/\"><img class=\"mask\" src=\"https:\/\/www.suno.com.br\/noticias\/wp-content\/themes\/suno\/resources\/images\/spotlight\/spotlight1img\/bg-mask.png\" alt=\"Image Mask\"\/><img src=\"https:\/\/files.sunoresearch.com.br\/n\/uploads\/2018\/12\/0e5b23e3-china-400x200.webp\" alt=\"Soja: Associa\u00e7\u00e3o volta a reduzir proje\u00e7\u00e3o para safra nos principais estados\"\/><\/a><span class=\"spotlightCategory\"><a href=\"https:\/\/www.suno.com.br\/noticias\/mercado\/\">Mercado<\/a><\/span><\/div><div class=\"cardsPage__listCard__boxs__content\"><a href=\"https:\/\/www.suno.com.br\/noticias\/soja-reduzir-projecao-safra-estados\/\"><h2 class=\"content__title\">Soja: Associa\u00e7\u00e3o volta a reduzir proje\u00e7\u00e3o para safra nos principais estados<\/h2><\/a><div class=\"newsContent__article__meta\"><div class=\"newsContent__article__meta__authorBox\"><a href=\"https:\/\/www.suno.com.br\/noticias\/author\/renan-dantas\/\" class=\"authorBox__avatar noMobi\"><img src=\"https:\/\/secure.gravatar.com\/avatar\/1787b83e7484a08e51d62ac8b41c8396?s=96&#038;r=g\" alt=\"Renan Dantas\"><\/a><div class=\"authorBox__name\"><span>por\n\t\t\t<a href=\"https:\/\/www.suno.com.br\/noticias\/author\/renan-dantas\/\"><span itemprop=\"author\">Renan Dantas<\/span><\/a><\/span><time datetime=\"2019-02-01T21:17:16-02:00\" itemprop=\"datePublished\">01\/02\/2019 21:17<\/time><\/div><\/div><\/div><\/div><\/div>","single_layout":"posts","amp_enabled":true,"_links":{"self":[{"href":"https:\/\/www.suno.com.br\/noticias\/wp-json\/wp\/v2\/posts\/13894"}],"collection":[{"href":"https:\/\/www.suno.com.br\/noticias\/wp-json\/wp\/v2\/posts"}],"about":[{"href":"https:\/\/www.suno.com.br\/noticias\/wp-json\/wp\/v2\/types\/post"}],"author":[{"embeddable":true,"href":"https:\/\/www.suno.com.br\/noticias\/wp-json\/wp\/v2\/users\/14"}],"replies":[{"embeddable":true,"href":"https:\/\/www.suno.com.br\/noticias\/wp-json\/wp\/v2\/comments?post=13894"}],"version-history":[{"count":1,"href":"https:\/\/www.suno.com.br\/noticias\/wp-json\/wp\/v2\/posts\/13894\/revisions"}],"predecessor-version":[{"id":159516,"href":"https:\/\/www.suno.com.br\/noticias\/wp-json\/wp\/v2\/posts\/13894\/revisions\/159516"}],"wp:featuredmedia":[{"embeddable":true,"href":"https:\/\/www.suno.com.br\/noticias\/wp-json\/wp\/v2\/media\/8760"}],"wp:attachment":[{"href":"https:\/\/www.suno.com.br\/noticias\/wp-json\/wp\/v2\/media?parent=13894"}],"wp:term":[{"taxonomy":"category","embeddable":true,"href":"https:\/\/www.suno.com.br\/noticias\/wp-json\/wp\/v2\/categories?post=13894"},{"taxonomy":"post_tag","embeddable":true,"href":"https:\/\/www.suno.com.br\/noticias\/wp-json\/wp\/v2\/tags?post=13894"},{"taxonomy":"suno_strategy","embeddable":true,"href":"https:\/\/www.suno.com.br\/noticias\/wp-json\/wp\/v2\/suno_strategy?post=13894"}],"curies":[{"name":"wp","href":"https:\/\/api.w.org\/{rel}","templated":true}]}}