{"id":138722,"date":"2021-04-12T20:04:28","date_gmt":"2021-04-12T23:04:28","guid":{"rendered":"https:\/\/www.suno.com.br\/noticias\/?p=138722"},"modified":"2021-04-13T21:28:19","modified_gmt":"2021-04-14T00:28:19","slug":"oi-oibr3-transformacao-internet","status":"publish","type":"post","link":"https:\/\/www.suno.com.br\/noticias\/oi-oibr3-transformacao-internet\/","title":{"rendered":"Oi (OIBR3) inicia transforma\u00e7\u00e3o e busca conquistar internet em SP"},"content":{"rendered":"<p>O acordo do <a href=\"https:\/\/www.suno.com.br\/acoes\/bpac11\/\">BTG Pactual (BPAC11)<\/a> <a href=\"https:\/\/www.suno.com.br\/noticias\/oi-oibr3-btg-pactual-bpac11-acordo-leilao-fibra\/\">para que o banco possa assumir a gest\u00e3o e expans\u00e3o da rede de fibras<\/a> deve fazer com que a <a href=\"https:\/\/www.suno.com.br\/acoes\/oibr3\/\"><strong>Oi<\/strong> (OIBR3)<\/a> encerre o ciclo de venda de ativos, planejamento que come\u00e7ou ap\u00f3s a recupera\u00e7\u00e3o judicial, em 2016, e se transforme em uma companhia menor em receita e margens, mas com um<a href=\"https:\/\/www.suno.com.br\/artigos\/como-fazer-valuation-empresas\/\"> <em>valuation<\/em> melhor no mercado<\/a>.<\/p>\t<div class=\"wrapper-featured-image\">\n\t\t<figure class=\"spotlightImg\">\n\n\t\t\t<picture>\n\t\t\t\t<source media=\"(max-width: 768px)\" srcset=\"https:\/\/files.sunoresearch.com.br\/n\/uploads\/2021\/03\/b856f141-oi-400x200.webp\">\n\t\t\t\t<img loading=\"lazy\" decoding=\"async\" class=\"newsContent__article__imgCapa lazyloadDisabled \" src=\"https:\/\/files.sunoresearch.com.br\/n\/uploads\/2021\/03\/b856f141-oi-800x450.webp\" width=\"800\" height=\"450\" alt=\"Oi (OIBR3) inicia transforma\u00e7\u00e3o e busca conquistar internet em SP\" fetchpriority=high \/>\n\t\t\t<\/picture>\n\n\t\t\t<figcaption class=\"wp-caption-text wp-caption-text--show\">Oi. Foto: Reprodu\u00e7\u00e3o Facebook<\/figcaption>\n\t\t<\/figure>\n\t<\/div>\n\n\n\t<p>\n\t\t<a href=\"https:\/\/lp.suno.com.br\/planilha-controle-gastos\/\" target=\"_blank\" data-element=\"shortcode-suno-banner\" title=\"Banner SUNO, clique e saiba mais\">\n\t\t\t<picture>\n\t\t\t\t<source media=\"(max-width: 500px)\" srcset=\"https:\/\/files.sunoresearch.com.br\/n\/uploads\/2023\/03\/400x300-Planilha-controle-de-gastos.png\">\n\t\t\t\t<img class=\"newsContent__article__imgCapa newsContent__article__imgCapa--banner\"\n\t\t\t\t\tsrc=\"https:\/\/files.sunoresearch.com.br\/n\/uploads\/2023\/03\/1420x240-Planilha-controle-de-gastos.png\"\n\t\t\t\t\tdata-promo-id=\"101751\"\t\t\t\t\t\t\t\t\t\twidth='1420' height='240'\t\t\t\t\talt=\"https:\/\/files.sunoresearch.com.br\/n\/uploads\/2023\/03\/1420x240-Planilha-controle-de-gastos.png\"\n\t\t\t\t>\n\t\t\t<\/picture>\n\t\t<\/a>\n\t<\/p>\n\n\n<p>De acordo com especialistas ouvidos pelo <strong>SUNO Not\u00edcias<\/strong>, o momento \u00e9 de renascimento na Oi, que dever\u00e1 se transformar em uma companhia de atua\u00e7\u00e3o em outros segmentos, que n\u00e3o o mais famoso, de telefonia m\u00f3vel, principalmente em S\u00e3o Paulo.<\/p>\n<p>&#8220;O acordo com o BTG permitiria a opera\u00e7\u00e3o da Oi no mercado de banda larga via fibra \u00f3ptica (FTTH) e principalmente a sua entrada em S\u00e3o Paulo, o que lhe daria vantagem competitiva no mercado de telecom, tecnologia e m\u00eddia (TMT). No caso do ingresso no mercado de internet fixa paulista, o BTG viu uma oportunidade para a Oi contra os atuais competidores, mesmo em um cen\u00e1rio acirrado&#8221;, disse uma fonte com conhecimento do setor.<\/p>\n<p><a href=\"https:\/\/lp.suno.com.br\/suno-one\/\">Suno One: acesse gratuitamente eBooks, Minicursos, Artigos e V\u00eddeo Aulas sobre investimentos com um \u00fanico cadastro. Clique para saber mais!<\/a><\/p>\n<p>De acordo com a fonte ouvida pelo <strong>SUNO Not\u00edcias<\/strong>, a capacidade de a Oi oferecer internet de alta velocidade em S\u00e3o Paulo deve dar condi\u00e7\u00f5es de a companhia disputar um importante mercado no Pa\u00eds com outros <em>players<\/em>.<br \/>\n\t<p>\n\t\t<a href=\"\" target=\"_blank\" data-element=\"shortcode-suno-banner\" title=\"Banner SUNO, clique e saiba mais\">\n\t\t\t<picture>\n\t\t\t\t<source media=\"(max-width: 500px)\" srcset=\"\">\n\t\t\t\t<img class=\"newsContent__article__imgCapa newsContent__article__imgCapa--banner\"\n\t\t\t\t\tsrc=\"\"\n\t\t\t\t\tdata-promo-id=\"91853\"\t\t\t\t\t\t\t\t\t\t\t\t\t\t\talt=\"\"\n\t\t\t\t>\n\t\t\t<\/picture>\n\t\t<\/a>\n\t<\/p>\n\n<br \/>\n&#8220;Segundo dados do final do ano passado, existem 11,5 milh\u00f5es de assinantes no estado, e apenas 4,2 milh\u00f5es com FTTH (37% do total). Ao oferecer velocidades alt\u00edssimas, a Oi conseguiria captar tanto o mercado de conex\u00f5es de baixa velocidade, quanto aquelas de alta velocidade em grande \u00e1rea do Pa\u00eds e o mercado important\u00edssimo que \u00e9 S\u00e3o Paulo&#8221;, afirmou.<\/p>\n<p>Para Eduardo Tude, presidente da consultoria Teleco, a Oi agora dever\u00e1 deixar de olhar o mercado corporativo.\u00a0&#8220;A Oi ser\u00e1, agora, uma empresa de servi\u00e7os para o cliente final, sem rede&#8221;, disse.<\/p>\n<p>Para Tude, apesar das possibilidades, ainda existem quest\u00f5es regulat\u00f3rias importantes para que a Oi possa se dedicar \u00e0 mudan\u00e7a de servi\u00e7os.<\/p>\n<p>&#8220;Ainda \u00e9 necess\u00e1rio fazer o leil\u00e3o da InfraCo para o qual o BTG tem agora a prefer\u00eancia. Ficam tamb\u00e9m pendentes a aprova\u00e7\u00e3o pela Anatel e Cade da venda da Oi M\u00f3vel e infraCo&#8221;, completou Tude.<\/p>\n<p>A Oi espera a aprova\u00e7\u00e3o pela Ag\u00eancia Nacional de Telecomunica\u00e7\u00f5es (Anatel) e <a href=\"https:\/\/www.suno.com.br\/artigos\/cade\/\">Conselho Administrativo de Defesa Econ\u00f4mica (Cade)<\/a> da venda da Oi M\u00f3vel e InfraCo, a empresa de telefonia deve conseguir operar em segmentos mais limitados, que deve sair ao fim de 2022.<\/p>\n<p>A pr\u00f3pria Oi estima sair da recupera\u00e7\u00e3o judicial no final do ano ap\u00f3s tais aprova\u00e7\u00f5es. Mesmo que ainda seja necess\u00e1rio a finaliza\u00e7\u00e3o dos neg\u00f3cios pelos \u00f3rg\u00e3os competentes, j\u00e1 \u00e9 poss\u00edvel visualizar uma empresa mais leve e competindo com os outros <em>players<\/em> do mercado.<\/p>\n<p>O neg\u00f3cio com o BTG gira em torno de R$ 20 bilh\u00f5es para o<strong><a href=\"https:\/\/www.suno.com.br\/artigos\/enterprise-value-valor-da-firma\/\"> valor de firma (EV)<\/a> <\/strong>da InfraCo, que leva em conta a cota\u00e7\u00e3o das a\u00e7\u00f5es de uma empresa (valor de mercado), juntamente com seus ativos (caixa e patrim\u00f4nio) e passivos (d\u00edvidas), para definir quando a companhia realmente vale.<\/p>\n<p>J\u00e1 o pagamento \u00e0 Oi ficar\u00e1 em torno de R$ 12,923 bilh\u00f5es, divididos em parcelas prim\u00e1ria, secund\u00e1ria e prim\u00e1ria adicional.<\/p>\n<h2>Oi optou por vender ativos para sair da RJ<\/h2>\n<p>Essa transforma\u00e7\u00e3o s\u00f3 foi poss\u00edvel gra\u00e7as as vendas de ativos pela companhia. Em meio ao processo de recupera\u00e7\u00e3o judicial, a Oi optou por vender uma s\u00e9rie de ativos para tentar contornar as d\u00edvidas e voltar a, pelo menos, parte do mercado.<\/p>\n\t<div data-element=\"shortcode-read-more\" class=\"knowMore\">\n\t\t\t\t<span class=\"knowMore__title\">Saiba mais<\/span>\n\t\t\t\t<a class=\"knowMore__link\" href=\"https:\/\/www.suno.com.br\/noticias\/oi-oibr3-infraco-forte-caixa-2024\/\">\n\t\t\tPresidente da Oi (OIBR3) diz que InfraCo vai gerar forte caixa a partir de 2024\t\t<\/a>\n\t<\/div>\n\n\n<p>A empresa dividiu as opera\u00e7\u00f5es em cinco grandes blocos e optou por levar ao mercado as partes de telefonia m\u00f3vel, torres e data centers.<\/p>\n<p>A parte de ativos m\u00f3veis foi vendida a um cons\u00f3rcio composto por Claro, TIM e Vivo por cerca de R$ 16,5 bilh\u00f5es. J\u00e1 o neg\u00f3cio das <a href=\"https:\/\/www.suno.com.br\/noticias\/oi-oibr3-conclui-venda-torres-highline\/\">torres foi entregue \u00e0 Highline<\/a>, enquanto que o data centers<br \/>\ncom foi vendido para Piemonte Holding, representada pelo fundo Titan Venture Capital.<\/p>\n<h2>Empresa dever\u00e1 ter trajet\u00f3ria sustent\u00e1vel<\/h2>\n<p>Esse novo posicionamento da Oi agrada parte do mercado. A companhia dever\u00e1 ser negociada por m\u00faltiplos maiores em rela\u00e7\u00e3o a empresas de telefonia e, por isso, pode gerar um retorno maior aos acionistas.<\/p>\n<p>&#8220;Eles optaram por vender todos os ativos praticamente e optar por se tornar uma empresa de banda larga, de dados, que \u00e9 uma empresa em tese que vai ser negociada a m\u00faltiplos muito maiores. Uma empresa de tele negocia a m\u00faltiplos de quatro ou cinco vezes o Ebtida, j\u00e1 esses business de internet e dados negociam na casa de dez ou 12 vezes Ebtida com crescimento&#8221;, disse a fonte com conhecimento do setor.&#8221;, disse uma fonte com conhecimento do setor ao <strong>SUNO Not\u00edcias<\/strong>.<\/p>\n<p>De acordo com Rodrigo Wainberg, analista de renda vari\u00e1vel da Suno Research, a Oi deve ter uma trajet\u00f3ria sustent\u00e1vel com a nova composi\u00e7\u00e3o da empresa e dever\u00e1 direcionar melhor os recursos ao mercado de internet de fibra.<\/p>\n<p>&#8220;A Oi ter\u00e1 uma trajet\u00f3ria bem mais sustent\u00e1vel para os pr\u00f3ximos anos&#8221;, disse. &#8220;Acho que a \u00faltima etapa \u00e9 a mais importante, a Oi est\u00e1 de parab\u00e9ns, houve uma execu\u00e7\u00e3o muito boa do plano de recupera\u00e7\u00e3o judicial e, agora, a empresa vai poder direcionar os investimentos para expans\u00e3o da fibra, que \u00e9 seu maior ativo, e tamb\u00e9m prestar servi\u00e7os para as concorrentes em telefonia fixa, m\u00f3vel, internet, at\u00e9 porque a fibra pode ser compartilhada, n\u00e3o faz sentido construir cabos paralelos, ent\u00e3o existe acordo para isso e a empresa ter\u00e1 uma rede neutra&#8221;, completou o analista sobre a <strong>Oi<\/strong>.<\/p>\n\t<p>\n\t\t<a href=\"https:\/\/lp.suno.com.br\/planilha-de-controle-de-investimentos\/\" target=\"_blank\" data-element=\"shortcode-suno-banner\" title=\"Banner SUNO, clique e saiba mais\">\n\t\t\t<picture>\n\t\t\t\t<source media=\"(max-width: 500px)\" srcset=\"https:\/\/files.sunoresearch.com.br\/n\/uploads\/2023\/03\/400x300-Controle-de-Investimentos.png\">\n\t\t\t\t<img class=\"newsContent__article__imgCapa newsContent__article__imgCapa--banner\"\n\t\t\t\t\tsrc=\"https:\/\/files.sunoresearch.com.br\/n\/uploads\/2023\/03\/1420x240-Controle-de-Investimentos.png\"\n\t\t\t\t\tdata-promo-id=\"75934\"\t\t\t\t\t\t\t\t\t\twidth='1420' height='240'\t\t\t\t\talt=\"https:\/\/files.sunoresearch.com.br\/n\/uploads\/2023\/03\/1420x240-Controle-de-Investimentos.png\"\n\t\t\t\t>\n\t\t\t<\/picture>\n\t\t<\/a>\n\t<\/p>\n\n\n","protected":false},"excerpt":{"rendered":"<p>O acordo do BTG Pactual (BPAC11) para que o banco possa assumir a gest\u00e3o e expans\u00e3o da rede de fibras deve fazer com que a Oi (OIBR3) encerre o ciclo de venda de ativos, planejamento que come\u00e7ou ap\u00f3s a recupera\u00e7\u00e3o judicial, em 2016, e se transforme em uma companhia menor em receita e margens, mas [&hellip;]<\/p>\n","protected":false},"author":27,"featured_media":138124,"comment_status":"closed","ping_status":"closed","sticky":false,"template":"","format":"standard","meta":[],"categories":[64],"tags":[105815,584,106168],"suno_strategy":[],"class_list":["post-138722","post","type-post","status-publish","format-standard","has-post-thumbnail","hentry","category-negocios","tag-especial","tag-oi-oibr3-oibr4","tag-telefonia"],"yoast_head":"<!-- This site is optimized with the Yoast SEO plugin v24.4 - https:\/\/yoast.com\/wordpress\/plugins\/seo\/ -->\n<title>Oi (OIBR3) inicia transforma\u00e7\u00e3o e busca conquistar internet em SP<\/title>\n<meta name=\"description\" content=\"Segundo fontes ouvidas pelo SUNO Not\u00edcias, a nova Oi dever\u00e1 disputar o mercado de fibra \u00f3tica em S\u00e3o Paulo. Clique para ler mais.\" \/>\n<meta name=\"robots\" content=\"index, follow, max-snippet:-1, max-image-preview:large, max-video-preview:-1\" \/>\n<link rel=\"canonical\" href=\"https:\/\/www.suno.com.br\/noticias\/oi-oibr3-transformacao-internet\/\" \/>\n<meta property=\"og:locale\" content=\"pt_BR\" \/>\n<meta property=\"og:type\" content=\"article\" \/>\n<meta property=\"og:title\" content=\"Oi (OIBR3) inicia transforma\u00e7\u00e3o e busca conquistar internet em SP\" \/>\n<meta property=\"og:description\" content=\"Segundo fontes ouvidas pelo SUNO Not\u00edcias, a nova Oi dever\u00e1 disputar o mercado de fibra \u00f3tica em S\u00e3o Paulo. Clique para ler mais.\" \/>\n<meta property=\"og:url\" content=\"https:\/\/www.suno.com.br\/noticias\/oi-oibr3-transformacao-internet\/\" \/>\n<meta property=\"og:site_name\" content=\"Suno Not\u00edcias\" \/>\n<meta property=\"article:publisher\" content=\"https:\/\/facebook.com\/sunoresearch\" \/>\n<meta property=\"og:image\" content=\"https:\/\/files.sunoresearch.com.br\/n\/uploads\/2021\/03\/b856f141-oi.png\" \/>\n\t<meta property=\"og:image:width\" content=\"1080\" \/>\n\t<meta property=\"og:image:height\" content=\"1080\" \/>\n\t<meta property=\"og:image:type\" content=\"image\/png\" \/>\n<meta name=\"author\" content=\"Vinicius Pereira\" \/>\n<meta name=\"twitter:card\" content=\"summary_large_image\" \/>\n<meta name=\"twitter:creator\" content=\"@https:\/\/twitter.com\/viniciuspjornal\" \/>\n<meta name=\"twitter:site\" content=\"@sunoresearch\" \/>\n<meta name=\"twitter:label1\" content=\"Escrito por\" \/>\n\t<meta name=\"twitter:data1\" content=\"Vinicius Pereira\" \/>\n\t<meta name=\"twitter:label2\" content=\"Est. tempo de leitura\" \/>\n\t<meta name=\"twitter:data2\" content=\"5 minutos\" \/>\n<script type=\"application\/ld+json\" class=\"yoast-schema-graph\">{\"@context\":\"https:\/\/schema.org\",\"@graph\":[{\"@type\":\"NewsArticle\",\"@id\":\"https:\/\/www.suno.com.br\/noticias\/oi-oibr3-transformacao-internet\/#article\",\"isPartOf\":{\"@id\":\"https:\/\/www.suno.com.br\/noticias\/oi-oibr3-transformacao-internet\/\"},\"author\":{\"name\":\"Vinicius Pereira\",\"@id\":\"https:\/\/www.suno.com.br\/noticias\/#\/schema\/person\/a20761b96e4df7eb57f1f9e41be1dbf3\"},\"headline\":\"Oi (OIBR3) inicia transforma\u00e7\u00e3o e busca conquistar internet em SP\",\"datePublished\":\"2021-04-12T23:04:28+00:00\",\"dateModified\":\"2021-04-14T00:28:19+00:00\",\"mainEntityOfPage\":{\"@id\":\"https:\/\/www.suno.com.br\/noticias\/oi-oibr3-transformacao-internet\/\"},\"wordCount\":1017,\"publisher\":{\"@id\":\"https:\/\/www.suno.com.br\/noticias\/#organization\"},\"image\":{\"@id\":\"https:\/\/www.suno.com.br\/noticias\/oi-oibr3-transformacao-internet\/#primaryimage\"},\"thumbnailUrl\":\"https:\/\/files.sunoresearch.com.br\/n\/uploads\/2021\/03\/b856f141-oi-png.webp\",\"keywords\":[\"Especiais\",\"Oi (OIBR3\/OIBR4)\",\"telefonia\"],\"articleSection\":[\"Neg\u00f3cios\"],\"inLanguage\":\"pt-BR\"},{\"@type\":\"WebPage\",\"@id\":\"https:\/\/www.suno.com.br\/noticias\/oi-oibr3-transformacao-internet\/\",\"url\":\"https:\/\/www.suno.com.br\/noticias\/oi-oibr3-transformacao-internet\/\",\"name\":\"Oi (OIBR3) inicia transforma\u00e7\u00e3o e busca conquistar internet em SP\",\"isPartOf\":{\"@id\":\"https:\/\/www.suno.com.br\/noticias\/#website\"},\"primaryImageOfPage\":{\"@id\":\"https:\/\/www.suno.com.br\/noticias\/oi-oibr3-transformacao-internet\/#primaryimage\"},\"image\":{\"@id\":\"https:\/\/www.suno.com.br\/noticias\/oi-oibr3-transformacao-internet\/#primaryimage\"},\"thumbnailUrl\":\"https:\/\/files.sunoresearch.com.br\/n\/uploads\/2021\/03\/b856f141-oi-png.webp\",\"datePublished\":\"2021-04-12T23:04:28+00:00\",\"dateModified\":\"2021-04-14T00:28:19+00:00\",\"description\":\"Segundo fontes ouvidas pelo SUNO Not\u00edcias, a nova Oi dever\u00e1 disputar o mercado de fibra \u00f3tica em S\u00e3o Paulo. Clique para ler mais.\",\"breadcrumb\":{\"@id\":\"https:\/\/www.suno.com.br\/noticias\/oi-oibr3-transformacao-internet\/#breadcrumb\"},\"inLanguage\":\"pt-BR\",\"potentialAction\":[{\"@type\":\"ReadAction\",\"target\":[\"https:\/\/www.suno.com.br\/noticias\/oi-oibr3-transformacao-internet\/\"]}]},{\"@type\":\"ImageObject\",\"inLanguage\":\"pt-BR\",\"@id\":\"https:\/\/www.suno.com.br\/noticias\/oi-oibr3-transformacao-internet\/#primaryimage\",\"url\":\"https:\/\/files.sunoresearch.com.br\/n\/uploads\/2021\/03\/b856f141-oi-png.webp\",\"contentUrl\":\"https:\/\/files.sunoresearch.com.br\/n\/uploads\/2021\/03\/b856f141-oi-png.webp\",\"width\":1080,\"height\":1080,\"caption\":\"Oi. Foto: Reprodu\u00e7\u00e3o Facebook\"},{\"@type\":\"BreadcrumbList\",\"@id\":\"https:\/\/www.suno.com.br\/noticias\/oi-oibr3-transformacao-internet\/#breadcrumb\",\"itemListElement\":[{\"@type\":\"ListItem\",\"position\":1,\"name\":\"Not\u00edcias\",\"item\":\"https:\/\/www.suno.com.br\/noticias\/\"},{\"@type\":\"ListItem\",\"position\":2,\"name\":\"Neg\u00f3cios\",\"item\":\"https:\/\/www.suno.com.br\/noticias\/negocios\/\"},{\"@type\":\"ListItem\",\"position\":3,\"name\":\"Oi (OIBR3) inicia transforma\u00e7\u00e3o e busca conquistar internet em SP\"}]},{\"@type\":\"WebSite\",\"@id\":\"https:\/\/www.suno.com.br\/noticias\/#website\",\"url\":\"https:\/\/www.suno.com.br\/noticias\/\",\"name\":\"Suno Not\u00edcias\",\"description\":\"Seu portal de informa\u00e7\u00e3o sobre o mundo dos investimentos\",\"publisher\":{\"@id\":\"https:\/\/www.suno.com.br\/noticias\/#organization\"},\"potentialAction\":[{\"@type\":\"SearchAction\",\"target\":{\"@type\":\"EntryPoint\",\"urlTemplate\":\"https:\/\/www.suno.com.br\/noticias\/?s={search_term_string}\"},\"query-input\":{\"@type\":\"PropertyValueSpecification\",\"valueRequired\":true,\"valueName\":\"search_term_string\"}}],\"inLanguage\":\"pt-BR\"},{\"@type\":\"Organization\",\"@id\":\"https:\/\/www.suno.com.br\/noticias\/#organization\",\"name\":\"Suno Not\u00edcias\",\"url\":\"https:\/\/www.suno.com.br\/noticias\/\",\"logo\":{\"@type\":\"ImageObject\",\"inLanguage\":\"pt-BR\",\"@id\":\"https:\/\/www.suno.com.br\/noticias\/#\/schema\/logo\/image\/\",\"url\":\"https:\/\/files.sunoresearch.com.br\/n\/uploads\/2021\/09\/suno-logo.png\",\"contentUrl\":\"https:\/\/files.sunoresearch.com.br\/n\/uploads\/2021\/09\/suno-logo.png\",\"width\":180,\"height\":180,\"caption\":\"Suno Not\u00edcias\"},\"image\":{\"@id\":\"https:\/\/www.suno.com.br\/noticias\/#\/schema\/logo\/image\/\"},\"sameAs\":[\"https:\/\/facebook.com\/sunoresearch\",\"https:\/\/x.com\/sunoresearch\",\"https:\/\/www.instagram.com\/suno\",\"https:\/\/www.linkedin.com\/company\/suno-research\/\",\"https:\/\/www.youtube.com\/c\/sunoresearch\"]},{\"@type\":\"Person\",\"@id\":\"https:\/\/www.suno.com.br\/noticias\/#\/schema\/person\/a20761b96e4df7eb57f1f9e41be1dbf3\",\"name\":\"Vinicius Pereira\",\"image\":{\"@type\":\"ImageObject\",\"inLanguage\":\"pt-BR\",\"@id\":\"https:\/\/www.suno.com.br\/noticias\/#\/schema\/person\/image\/\",\"url\":\"https:\/\/secure.gravatar.com\/avatar\/783866b933198f5cc4c5d03fcc8b1301?s=96&r=g\",\"contentUrl\":\"https:\/\/secure.gravatar.com\/avatar\/783866b933198f5cc4c5d03fcc8b1301?s=96&r=g\",\"caption\":\"Vinicius Pereira\"},\"description\":\"Vinicius Pereira foi rep\u00f3rter de economia da Folha de S.Paulo, stringer do jornal no Canad\u00e1 e colaborador de VEJA. J\u00e1 escreveu tamb\u00e9m para BBC Brasil, The Intercept Brasil e UOL. Tem MBA em Informa\u00e7\u00f5es Econ\u00f4mico-Financeiras e Mercado de Capitais pela FIA\/B3.\",\"sameAs\":[\"https:\/\/x.com\/https:\/\/twitter.com\/viniciuspjornal\"],\"url\":\"https:\/\/www.suno.com.br\/noticias\/author\/vinicius-pereira\/\"}]}<\/script>\n<!-- \/ Yoast SEO plugin. -->","yoast_head_json":{"title":"Oi (OIBR3) inicia transforma\u00e7\u00e3o e busca conquistar internet em SP","description":"Segundo fontes ouvidas pelo SUNO Not\u00edcias, a nova Oi dever\u00e1 disputar o mercado de fibra \u00f3tica em S\u00e3o Paulo. Clique para ler mais.","robots":{"index":"index","follow":"follow","max-snippet":"max-snippet:-1","max-image-preview":"max-image-preview:large","max-video-preview":"max-video-preview:-1"},"canonical":"https:\/\/www.suno.com.br\/noticias\/oi-oibr3-transformacao-internet\/","og_locale":"pt_BR","og_type":"article","og_title":"Oi (OIBR3) inicia transforma\u00e7\u00e3o e busca conquistar internet em SP","og_description":"Segundo fontes ouvidas pelo SUNO Not\u00edcias, a nova Oi dever\u00e1 disputar o mercado de fibra \u00f3tica em S\u00e3o Paulo. Clique para ler mais.","og_url":"https:\/\/www.suno.com.br\/noticias\/oi-oibr3-transformacao-internet\/","og_site_name":"Suno Not\u00edcias","article_publisher":"https:\/\/facebook.com\/sunoresearch","og_image":[{"width":1080,"height":1080,"url":"https:\/\/files.sunoresearch.com.br\/n\/uploads\/2021\/03\/b856f141-oi.png","type":"image\/png"}],"author":"Vinicius Pereira","twitter_card":"summary_large_image","twitter_creator":"@https:\/\/twitter.com\/viniciuspjornal","twitter_site":"@sunoresearch","twitter_misc":{"Escrito por":"Vinicius Pereira","Est. tempo de leitura":"5 minutos"},"schema":{"@context":"https:\/\/schema.org","@graph":[{"@type":"NewsArticle","@id":"https:\/\/www.suno.com.br\/noticias\/oi-oibr3-transformacao-internet\/#article","isPartOf":{"@id":"https:\/\/www.suno.com.br\/noticias\/oi-oibr3-transformacao-internet\/"},"author":{"name":"Vinicius Pereira","@id":"https:\/\/www.suno.com.br\/noticias\/#\/schema\/person\/a20761b96e4df7eb57f1f9e41be1dbf3"},"headline":"Oi (OIBR3) inicia transforma\u00e7\u00e3o e busca conquistar internet em SP","datePublished":"2021-04-12T23:04:28+00:00","dateModified":"2021-04-14T00:28:19+00:00","mainEntityOfPage":{"@id":"https:\/\/www.suno.com.br\/noticias\/oi-oibr3-transformacao-internet\/"},"wordCount":1017,"publisher":{"@id":"https:\/\/www.suno.com.br\/noticias\/#organization"},"image":{"@id":"https:\/\/www.suno.com.br\/noticias\/oi-oibr3-transformacao-internet\/#primaryimage"},"thumbnailUrl":"https:\/\/files.sunoresearch.com.br\/n\/uploads\/2021\/03\/b856f141-oi-png.webp","keywords":["Especiais","Oi (OIBR3\/OIBR4)","telefonia"],"articleSection":["Neg\u00f3cios"],"inLanguage":"pt-BR"},{"@type":"WebPage","@id":"https:\/\/www.suno.com.br\/noticias\/oi-oibr3-transformacao-internet\/","url":"https:\/\/www.suno.com.br\/noticias\/oi-oibr3-transformacao-internet\/","name":"Oi (OIBR3) inicia transforma\u00e7\u00e3o e busca conquistar internet em SP","isPartOf":{"@id":"https:\/\/www.suno.com.br\/noticias\/#website"},"primaryImageOfPage":{"@id":"https:\/\/www.suno.com.br\/noticias\/oi-oibr3-transformacao-internet\/#primaryimage"},"image":{"@id":"https:\/\/www.suno.com.br\/noticias\/oi-oibr3-transformacao-internet\/#primaryimage"},"thumbnailUrl":"https:\/\/files.sunoresearch.com.br\/n\/uploads\/2021\/03\/b856f141-oi-png.webp","datePublished":"2021-04-12T23:04:28+00:00","dateModified":"2021-04-14T00:28:19+00:00","description":"Segundo fontes ouvidas pelo SUNO Not\u00edcias, a nova Oi dever\u00e1 disputar o mercado de fibra \u00f3tica em S\u00e3o Paulo. Clique para ler mais.","breadcrumb":{"@id":"https:\/\/www.suno.com.br\/noticias\/oi-oibr3-transformacao-internet\/#breadcrumb"},"inLanguage":"pt-BR","potentialAction":[{"@type":"ReadAction","target":["https:\/\/www.suno.com.br\/noticias\/oi-oibr3-transformacao-internet\/"]}]},{"@type":"ImageObject","inLanguage":"pt-BR","@id":"https:\/\/www.suno.com.br\/noticias\/oi-oibr3-transformacao-internet\/#primaryimage","url":"https:\/\/files.sunoresearch.com.br\/n\/uploads\/2021\/03\/b856f141-oi-png.webp","contentUrl":"https:\/\/files.sunoresearch.com.br\/n\/uploads\/2021\/03\/b856f141-oi-png.webp","width":1080,"height":1080,"caption":"Oi. Foto: Reprodu\u00e7\u00e3o Facebook"},{"@type":"BreadcrumbList","@id":"https:\/\/www.suno.com.br\/noticias\/oi-oibr3-transformacao-internet\/#breadcrumb","itemListElement":[{"@type":"ListItem","position":1,"name":"Not\u00edcias","item":"https:\/\/www.suno.com.br\/noticias\/"},{"@type":"ListItem","position":2,"name":"Neg\u00f3cios","item":"https:\/\/www.suno.com.br\/noticias\/negocios\/"},{"@type":"ListItem","position":3,"name":"Oi (OIBR3) inicia transforma\u00e7\u00e3o e busca conquistar internet em SP"}]},{"@type":"WebSite","@id":"https:\/\/www.suno.com.br\/noticias\/#website","url":"https:\/\/www.suno.com.br\/noticias\/","name":"Suno Not\u00edcias","description":"Seu portal de informa\u00e7\u00e3o sobre o mundo dos investimentos","publisher":{"@id":"https:\/\/www.suno.com.br\/noticias\/#organization"},"potentialAction":[{"@type":"SearchAction","target":{"@type":"EntryPoint","urlTemplate":"https:\/\/www.suno.com.br\/noticias\/?s={search_term_string}"},"query-input":{"@type":"PropertyValueSpecification","valueRequired":true,"valueName":"search_term_string"}}],"inLanguage":"pt-BR"},{"@type":"Organization","@id":"https:\/\/www.suno.com.br\/noticias\/#organization","name":"Suno Not\u00edcias","url":"https:\/\/www.suno.com.br\/noticias\/","logo":{"@type":"ImageObject","inLanguage":"pt-BR","@id":"https:\/\/www.suno.com.br\/noticias\/#\/schema\/logo\/image\/","url":"https:\/\/files.sunoresearch.com.br\/n\/uploads\/2021\/09\/suno-logo.png","contentUrl":"https:\/\/files.sunoresearch.com.br\/n\/uploads\/2021\/09\/suno-logo.png","width":180,"height":180,"caption":"Suno Not\u00edcias"},"image":{"@id":"https:\/\/www.suno.com.br\/noticias\/#\/schema\/logo\/image\/"},"sameAs":["https:\/\/facebook.com\/sunoresearch","https:\/\/x.com\/sunoresearch","https:\/\/www.instagram.com\/suno","https:\/\/www.linkedin.com\/company\/suno-research\/","https:\/\/www.youtube.com\/c\/sunoresearch"]},{"@type":"Person","@id":"https:\/\/www.suno.com.br\/noticias\/#\/schema\/person\/a20761b96e4df7eb57f1f9e41be1dbf3","name":"Vinicius Pereira","image":{"@type":"ImageObject","inLanguage":"pt-BR","@id":"https:\/\/www.suno.com.br\/noticias\/#\/schema\/person\/image\/","url":"https:\/\/secure.gravatar.com\/avatar\/783866b933198f5cc4c5d03fcc8b1301?s=96&r=g","contentUrl":"https:\/\/secure.gravatar.com\/avatar\/783866b933198f5cc4c5d03fcc8b1301?s=96&r=g","caption":"Vinicius Pereira"},"description":"Vinicius Pereira foi rep\u00f3rter de economia da Folha de S.Paulo, stringer do jornal no Canad\u00e1 e colaborador de VEJA. J\u00e1 escreveu tamb\u00e9m para BBC Brasil, The Intercept Brasil e UOL. Tem MBA em Informa\u00e7\u00f5es Econ\u00f4mico-Financeiras e Mercado de Capitais pela FIA\/B3.","sameAs":["https:\/\/x.com\/https:\/\/twitter.com\/viniciuspjornal"],"url":"https:\/\/www.suno.com.br\/noticias\/author\/vinicius-pereira\/"}]}},"default_loop_html":"<div class=\"cardsPage__listCard__boxs\"><div class=\"cardsPage__listCard__boxs__img\"><a href=\"https:\/\/www.suno.com.br\/noticias\/oi-oibr3-transformacao-internet\/\"><img class=\"mask\" src=\"https:\/\/www.suno.com.br\/noticias\/wp-content\/themes\/suno\/resources\/images\/spotlight\/spotlight1img\/bg-mask.png\" alt=\"Image Mask\"\/><img src=\"https:\/\/files.sunoresearch.com.br\/n\/uploads\/2021\/03\/b856f141-oi-400x200.webp\" alt=\"Oi (OIBR3) inicia transforma\u00e7\u00e3o e busca conquistar internet em SP\"\/><\/a><span class=\"spotlightCategory\"><a href=\"https:\/\/www.suno.com.br\/noticias\/negocios\/\">Neg\u00f3cios<\/a><\/span><\/div><div class=\"cardsPage__listCard__boxs__content\"><a href=\"https:\/\/www.suno.com.br\/noticias\/oi-oibr3-transformacao-internet\/\"><h2 class=\"content__title\">Oi (OIBR3) inicia transforma\u00e7\u00e3o e busca conquistar internet em SP<\/h2><\/a><div class=\"newsContent__article__meta\"><div class=\"newsContent__article__meta__authorBox\"><a href=\"https:\/\/www.suno.com.br\/noticias\/author\/vinicius-pereira\/\" class=\"authorBox__avatar noMobi\"><img src=\"https:\/\/files.sunoresearch.com.br\/n\/uploads\/2020\/08\/77510613-whatsapp-image-2020-08-03-at-13.40.40-150x150.webp\" alt=\"Vinicius Pereira\"><\/a><div class=\"authorBox__name\"><span>por\n\t\t\t<a href=\"https:\/\/www.suno.com.br\/noticias\/author\/vinicius-pereira\/\"><span itemprop=\"author\">Vinicius Pereira<\/span><\/a><\/span><time datetime=\"2021-04-12T20:04:28-03:00\" itemprop=\"datePublished\">12\/04\/2021 20:04<\/time><\/div><\/div><\/div><\/div><\/div>","single_layout":"posts","amp_enabled":true,"_links":{"self":[{"href":"https:\/\/www.suno.com.br\/noticias\/wp-json\/wp\/v2\/posts\/138722"}],"collection":[{"href":"https:\/\/www.suno.com.br\/noticias\/wp-json\/wp\/v2\/posts"}],"about":[{"href":"https:\/\/www.suno.com.br\/noticias\/wp-json\/wp\/v2\/types\/post"}],"author":[{"embeddable":true,"href":"https:\/\/www.suno.com.br\/noticias\/wp-json\/wp\/v2\/users\/27"}],"replies":[{"embeddable":true,"href":"https:\/\/www.suno.com.br\/noticias\/wp-json\/wp\/v2\/comments?post=138722"}],"version-history":[{"count":3,"href":"https:\/\/www.suno.com.br\/noticias\/wp-json\/wp\/v2\/posts\/138722\/revisions"}],"predecessor-version":[{"id":139275,"href":"https:\/\/www.suno.com.br\/noticias\/wp-json\/wp\/v2\/posts\/138722\/revisions\/139275"}],"wp:featuredmedia":[{"embeddable":true,"href":"https:\/\/www.suno.com.br\/noticias\/wp-json\/wp\/v2\/media\/138124"}],"wp:attachment":[{"href":"https:\/\/www.suno.com.br\/noticias\/wp-json\/wp\/v2\/media?parent=138722"}],"wp:term":[{"taxonomy":"category","embeddable":true,"href":"https:\/\/www.suno.com.br\/noticias\/wp-json\/wp\/v2\/categories?post=138722"},{"taxonomy":"post_tag","embeddable":true,"href":"https:\/\/www.suno.com.br\/noticias\/wp-json\/wp\/v2\/tags?post=138722"},{"taxonomy":"suno_strategy","embeddable":true,"href":"https:\/\/www.suno.com.br\/noticias\/wp-json\/wp\/v2\/suno_strategy?post=138722"}],"curies":[{"name":"wp","href":"https:\/\/api.w.org\/{rel}","templated":true}]}}