{"id":13870,"date":"2019-02-01T18:33:47","date_gmt":"2019-02-01T20:33:47","guid":{"rendered":"https:\/\/www.suno.com.br\/noticias\/?p=13870"},"modified":"2019-02-01T18:33:47","modified_gmt":"2019-02-01T20:33:47","slug":"justica-adia-assembleia-credores-viracopos","status":"publish","type":"post","link":"https:\/\/www.suno.com.br\/noticias\/justica-adia-assembleia-credores-viracopos\/","title":{"rendered":"Justi\u00e7a adia assembleia de credores de Viracopos"},"content":{"rendered":"<p>A Justi\u00e7a acolheu o pedido da concession\u00e1ria do aeroporto de Viracopos e adiou a assembleia dos credores.<\/p>\t<div class=\"wrapper-featured-image\">\n\t\t<figure class=\"spotlightImg\">\n\n\t\t\t<picture>\n\t\t\t\t<source media=\"(max-width: 768px)\" srcset=\"https:\/\/files.sunoresearch.com.br\/n\/uploads\/2019\/02\/e5452267-aeroporto-de-viracopos-400x200.webp\">\n\t\t\t\t<img loading=\"lazy\" decoding=\"async\" class=\"newsContent__article__imgCapa lazyloadDisabled newsContent__article__imgCapa--noCaption\" src=\"https:\/\/files.sunoresearch.com.br\/n\/uploads\/2019\/02\/e5452267-aeroporto-de-viracopos-800x450.webp\" width=\"800\" height=\"450\" alt=\"Justi\u00e7a adia assembleia de credores de Viracopos\" fetchpriority=high \/>\n\t\t\t<\/picture>\n\n\t\t\t<figcaption class=\"wp-caption-text wp-caption-text--hide\">Aeroporto de Viracopos<\/figcaption>\n\t\t<\/figure>\n\t<\/div>\n\n\n<p>A concession\u00e1ria do aeroporto internacional de <strong>Viracopos,<\/strong> em <strong>Campinas<\/strong> (SP), est\u00e1 em recupera\u00e7\u00e3o judicial desde maio de 2018. A <strong>Aeroportos Brasil Viracopos\u00a0<\/strong><strong>(ABV)<\/strong> tinha pedido \u00e0\u00a0ju\u00edza respons\u00e1vel da <strong>recupera\u00e7\u00e3o judicial<\/strong> o adiamento das assembleias de credores.<\/p>\n<p><a href=\"https:\/\/www.suno.com.br\/noticias\/infraero-sera-fechada-durante-governo-bolsonaro\/\">Saiba mais: Infraero ser\u00e1 fechada durante governo de Bolsonaro, diz secret\u00e1rio\u00a0<\/a><\/p>\n<p>A <strong>assembleia<\/strong> ocorreria originalmente no dia 12 de fevereiro em primeira convoca\u00e7\u00e3o. A segunda chamada seria no dia 26 de fevereiro. As\u00a0novas datas ser\u00e3o respectivamente dia 16 e 30 de maio.<\/p>\n<p>A <strong>ABV<\/strong> argumentou seu pedido salientando como as conversas com os <strong>credores<\/strong> ainda est\u00e3o em andamento. Da mesma forma, segundo a <strong>concession\u00e1ria,<\/strong> estariam avan\u00e7ando as negocia\u00e7\u00f5es com <strong>\u00f3rg\u00e3os p\u00fablicos.<\/strong><\/p>\n<p>&#8220;N\u00e3o tendo sido ainda poss\u00edvel chegar a um consenso quanto ao<br \/>\nplano de recupera\u00e7\u00e3o judicial pass\u00edvel de aprova\u00e7\u00e3o em <strong>assembleia<\/strong> geral de credores\u201d, indica o pleito encaminhado \u00e0 ju\u00edza Tha\u00eds Miglioran\u00e7a Munhoz da 8\u00aa Vara C\u00edvel do foro central da comarca de <strong>Campinas.<\/strong><\/p>\n<p><a href=\"https:\/\/www.suno.com.br\/noticias\/governo-bolsonaro-quer-privatizar-aeroportos-e-extinguir-a-infraero-em-tres-anos\/\">Saiba mais:\u00a0Governo Bolsonaro quer privatizar aeroportos e extinguir a Infraero em tr\u00eas anos\u00a0<\/a><\/p>\n<p>Al\u00e9m disso, a <strong>concession\u00e1ria<\/strong> salientou que o cons\u00f3rcio formado pela operadora de aeroportos <strong>Zurich<\/strong> e pela gestora <strong>IG4 Capital<\/strong> manifestou seu interesse em assumir o <strong>aeroporto.<\/strong> As duas empresas apresentaram uma carta de inten\u00e7\u00f5es em dezembro no \u00e2mbito do processo de <strong>recupera\u00e7\u00e3o judicial<\/strong> da <strong>ABV.<\/strong> Entretanto, a proposta vinculante dever\u00e1 ser elaborada somente no final de mar\u00e7o, ap\u00f3s a conclus\u00e3o de uma <strong>auditoria.<\/strong><\/p>\n<div class=\"mc-column content-text active-extra-styles \" data-block-type=\"unstyled\" data-block-weight=\"50\" data-block-id=\"5\">\n<p class=\"content-text__container \" data-track-category=\"Link no Texto\" data-track-links=\"\">Segundo a <strong>Aeroportos Brasil,<\/strong> a <strong>Zurich<\/strong> e a <strong>IG4<\/strong> podem aumentar a proposta e apresentar uma &#8220;solu\u00e7\u00e3o de mercado&#8221; para a d\u00edvida do <strong>aeroporto.<\/strong> Al\u00e9m disso, outros grupos podem apresentar propostas.<\/p>\n<h2 data-track-category=\"Link no Texto\">Concession\u00e1ria endividada<\/h2>\n<\/div>\n<p>A <strong>ABV<\/strong> tem uma d\u00edvida de R$ 2,88 bilh\u00f5es, dos quais R$ 2,71 bilh\u00f5es com credores financeiros. Segundo a consultoria <strong>Deloitte,<\/strong> que atua como\u00a0administradora judicial, a <strong>ABV<\/strong> soma um passivo concursal de aproximadamente R$ 7,5 bilh\u00f5es. Desse montante, R$ 4,6 bilh\u00f5es s\u00e3o de d\u00edvidas com a <strong>Ag\u00eancia Nacional de Avia\u00e7\u00e3o Civil\u00a0(ANAC)<\/strong> e R$ 2,1 bilh\u00f5es com o <strong>Banco Nacional de Desenvolvimento Econ\u00f4mico e Social<\/strong> <strong>(BNDES).<\/strong> Entretanto, a ABV contesta a d\u00edvida com a ANAC por causa de supostos\u00a0desequil\u00edbrios do contrato de concess\u00e3o.<\/p>\n<div class=\"mc-column content-text active-extra-styles \" data-block-type=\"unstyled\" data-block-weight=\"49\" data-block-id=\"18\">\n<p class=\"content-text__container \" data-track-category=\"Link no Texto\" data-track-links=\"\">O aeroporto de <strong>Viracopos<\/strong> \u00e9 de propriedade mista. A <strong>INFRAEREO<\/strong> det\u00e9m 49% das a\u00e7\u00f5es, enquanto os outros 51% s\u00e3o divididos entre a <strong>UTC Participa\u00e7\u00f5es<\/strong> (45%), <strong>Triunfo Participa\u00e7\u00f5es<\/strong> (45%) e <strong>Egis<\/strong> (10%). Essas tr\u00eas empresas comp\u00f5em a <strong>concession\u00e1ria.<\/strong><\/p>\n<\/div>\n<div class=\"row medium-uncollapsed content-media content-photo\" data-block-type=\"backstage-photo\" data-block-id=\"19\">\n<div class=\"mc-column content-media__container\">\n<div class=\"progressive-img can-open-lightbox\" data-min-size=\"1008x631\" data-min-size-url=\"https:\/\/s2.glbimg.com\/BLCkl5Y30HevbKT4fwVcL2805N4=\/0x0:1700x1065\/1008x0\/smart\/filters:strip_icc()\/i.s3.glbimg.com\/v1\/AUTH_59edd422c0c84a879bd37670ae4f538a\/internal_photos\/bs\/2018\/r\/p\/wQz31KQP2sIEe3hsuOEQ\/viracopos.jpg\" data-max-size=\"1600x1002\" data-max-size-url=\"https:\/\/s2.glbimg.com\/kdqxLEBppC6t93KMcQcX0eW7fZ0=\/0x0:1700x1065\/1600x0\/smart\/filters:strip_icc()\/i.s3.glbimg.com\/v1\/AUTH_59edd422c0c84a879bd37670ae4f538a\/internal_photos\/bs\/2018\/r\/p\/wQz31KQP2sIEe3hsuOEQ\/viracopos.jpg\" data-media-index=\"2\"><\/div>\n<\/div>\n<\/div>\n","protected":false},"excerpt":{"rendered":"<p>A Justi\u00e7a acolheu o pedido da concession\u00e1ria do aeroporto de Viracopos e adiou a assembleia dos credores. Aeroporto de Viracopos A concession\u00e1ria do aeroporto internacional de Viracopos, em Campinas (SP), est\u00e1 em recupera\u00e7\u00e3o judicial desde maio de 2018. A Aeroportos Brasil Viracopos\u00a0(ABV) tinha pedido \u00e0\u00a0ju\u00edza respons\u00e1vel da recupera\u00e7\u00e3o judicial o adiamento das assembleias de credores. [&hellip;]<\/p>\n","protected":false},"author":9,"featured_media":13876,"comment_status":"closed","ping_status":"closed","sticky":false,"template":"","format":"standard","meta":[],"categories":[64],"tags":[],"suno_strategy":[],"class_list":["post-13870","post","type-post","status-publish","format-standard","has-post-thumbnail","hentry","category-negocios"],"yoast_head":"<!-- This site is optimized with the Yoast SEO plugin v24.4 - https:\/\/yoast.com\/wordpress\/plugins\/seo\/ -->\n<title>Justi\u00e7a adia assembleia de credores de Viracopos<\/title>\n<meta name=\"description\" content=\"A Justi\u00e7a acolheu o pedido da concession\u00e1ria do aeroporto de Viracopos e adiou a assembleia dos credores.\u00a0Clique aqui para saber mais.\" \/>\n<meta name=\"robots\" content=\"index, follow, max-snippet:-1, max-image-preview:large, max-video-preview:-1\" \/>\n<link rel=\"canonical\" href=\"https:\/\/www.suno.com.br\/noticias\/justica-adia-assembleia-credores-viracopos\/\" \/>\n<meta property=\"og:locale\" content=\"pt_BR\" \/>\n<meta property=\"og:type\" content=\"article\" \/>\n<meta property=\"og:title\" content=\"Justi\u00e7a adia assembleia de credores de Viracopos\" \/>\n<meta property=\"og:description\" content=\"A Justi\u00e7a acolheu o pedido da concession\u00e1ria do aeroporto de Viracopos e adiou a assembleia dos credores.\u00a0Clique aqui para saber mais.\" \/>\n<meta property=\"og:url\" content=\"https:\/\/www.suno.com.br\/noticias\/justica-adia-assembleia-credores-viracopos\/\" \/>\n<meta property=\"og:site_name\" content=\"Suno Not\u00edcias\" \/>\n<meta property=\"article:publisher\" content=\"https:\/\/facebook.com\/sunoresearch\" \/>\n<meta property=\"og:image\" content=\"https:\/\/files.sunoresearch.com.br\/n\/uploads\/2019\/02\/e5452267-aeroporto-de-viracopos.jpg\" \/>\n\t<meta property=\"og:image:width\" content=\"1500\" \/>\n\t<meta property=\"og:image:height\" content=\"1000\" \/>\n\t<meta property=\"og:image:type\" content=\"image\/jpeg\" \/>\n<meta name=\"author\" content=\"Carlo Cauti\" \/>\n<meta name=\"twitter:card\" content=\"summary_large_image\" \/>\n<meta name=\"twitter:creator\" content=\"@sunoresearch\" \/>\n<meta name=\"twitter:site\" content=\"@sunoresearch\" \/>\n<meta name=\"twitter:label1\" content=\"Escrito por\" \/>\n\t<meta name=\"twitter:data1\" content=\"Carlo Cauti\" \/>\n\t<meta name=\"twitter:label2\" content=\"Est. tempo de leitura\" \/>\n\t<meta name=\"twitter:data2\" content=\"2 minutos\" \/>\n<script type=\"application\/ld+json\" class=\"yoast-schema-graph\">{\"@context\":\"https:\/\/schema.org\",\"@graph\":[{\"@type\":\"NewsArticle\",\"@id\":\"https:\/\/www.suno.com.br\/noticias\/justica-adia-assembleia-credores-viracopos\/#article\",\"isPartOf\":{\"@id\":\"https:\/\/www.suno.com.br\/noticias\/justica-adia-assembleia-credores-viracopos\/\"},\"author\":{\"name\":\"Carlo Cauti\",\"@id\":\"https:\/\/www.suno.com.br\/noticias\/#\/schema\/person\/e6e0f723cc177805027f4566c1d5e0c8\"},\"headline\":\"Justi\u00e7a adia assembleia de credores de Viracopos\",\"datePublished\":\"2019-02-01T20:33:47+00:00\",\"mainEntityOfPage\":{\"@id\":\"https:\/\/www.suno.com.br\/noticias\/justica-adia-assembleia-credores-viracopos\/\"},\"wordCount\":450,\"publisher\":{\"@id\":\"https:\/\/www.suno.com.br\/noticias\/#organization\"},\"image\":{\"@id\":\"https:\/\/www.suno.com.br\/noticias\/justica-adia-assembleia-credores-viracopos\/#primaryimage\"},\"thumbnailUrl\":\"https:\/\/files.sunoresearch.com.br\/n\/uploads\/2019\/02\/e5452267-aeroporto-de-viracopos-jpg.webp\",\"articleSection\":[\"Neg\u00f3cios\"],\"inLanguage\":\"pt-BR\"},{\"@type\":\"WebPage\",\"@id\":\"https:\/\/www.suno.com.br\/noticias\/justica-adia-assembleia-credores-viracopos\/\",\"url\":\"https:\/\/www.suno.com.br\/noticias\/justica-adia-assembleia-credores-viracopos\/\",\"name\":\"Justi\u00e7a adia assembleia de credores de Viracopos\",\"isPartOf\":{\"@id\":\"https:\/\/www.suno.com.br\/noticias\/#website\"},\"primaryImageOfPage\":{\"@id\":\"https:\/\/www.suno.com.br\/noticias\/justica-adia-assembleia-credores-viracopos\/#primaryimage\"},\"image\":{\"@id\":\"https:\/\/www.suno.com.br\/noticias\/justica-adia-assembleia-credores-viracopos\/#primaryimage\"},\"thumbnailUrl\":\"https:\/\/files.sunoresearch.com.br\/n\/uploads\/2019\/02\/e5452267-aeroporto-de-viracopos-jpg.webp\",\"datePublished\":\"2019-02-01T20:33:47+00:00\",\"description\":\"A Justi\u00e7a acolheu o pedido da concession\u00e1ria do aeroporto de Viracopos e adiou a assembleia dos credores.\u00a0Clique aqui para saber mais.\",\"breadcrumb\":{\"@id\":\"https:\/\/www.suno.com.br\/noticias\/justica-adia-assembleia-credores-viracopos\/#breadcrumb\"},\"inLanguage\":\"pt-BR\",\"potentialAction\":[{\"@type\":\"ReadAction\",\"target\":[\"https:\/\/www.suno.com.br\/noticias\/justica-adia-assembleia-credores-viracopos\/\"]}]},{\"@type\":\"ImageObject\",\"inLanguage\":\"pt-BR\",\"@id\":\"https:\/\/www.suno.com.br\/noticias\/justica-adia-assembleia-credores-viracopos\/#primaryimage\",\"url\":\"https:\/\/files.sunoresearch.com.br\/n\/uploads\/2019\/02\/e5452267-aeroporto-de-viracopos-jpg.webp\",\"contentUrl\":\"https:\/\/files.sunoresearch.com.br\/n\/uploads\/2019\/02\/e5452267-aeroporto-de-viracopos-jpg.webp\",\"width\":1500,\"height\":1000,\"caption\":\"Aeroporto de Viracopos\"},{\"@type\":\"BreadcrumbList\",\"@id\":\"https:\/\/www.suno.com.br\/noticias\/justica-adia-assembleia-credores-viracopos\/#breadcrumb\",\"itemListElement\":[{\"@type\":\"ListItem\",\"position\":1,\"name\":\"Not\u00edcias\",\"item\":\"https:\/\/www.suno.com.br\/noticias\/\"},{\"@type\":\"ListItem\",\"position\":2,\"name\":\"Neg\u00f3cios\",\"item\":\"https:\/\/www.suno.com.br\/noticias\/negocios\/\"},{\"@type\":\"ListItem\",\"position\":3,\"name\":\"Justi\u00e7a adia assembleia de credores de Viracopos\"}]},{\"@type\":\"WebSite\",\"@id\":\"https:\/\/www.suno.com.br\/noticias\/#website\",\"url\":\"https:\/\/www.suno.com.br\/noticias\/\",\"name\":\"Suno Not\u00edcias\",\"description\":\"Seu portal de informa\u00e7\u00e3o sobre o mundo dos investimentos\",\"publisher\":{\"@id\":\"https:\/\/www.suno.com.br\/noticias\/#organization\"},\"potentialAction\":[{\"@type\":\"SearchAction\",\"target\":{\"@type\":\"EntryPoint\",\"urlTemplate\":\"https:\/\/www.suno.com.br\/noticias\/?s={search_term_string}\"},\"query-input\":{\"@type\":\"PropertyValueSpecification\",\"valueRequired\":true,\"valueName\":\"search_term_string\"}}],\"inLanguage\":\"pt-BR\"},{\"@type\":\"Organization\",\"@id\":\"https:\/\/www.suno.com.br\/noticias\/#organization\",\"name\":\"Suno Not\u00edcias\",\"url\":\"https:\/\/www.suno.com.br\/noticias\/\",\"logo\":{\"@type\":\"ImageObject\",\"inLanguage\":\"pt-BR\",\"@id\":\"https:\/\/www.suno.com.br\/noticias\/#\/schema\/logo\/image\/\",\"url\":\"https:\/\/files.sunoresearch.com.br\/n\/uploads\/2021\/09\/suno-logo.png\",\"contentUrl\":\"https:\/\/files.sunoresearch.com.br\/n\/uploads\/2021\/09\/suno-logo.png\",\"width\":180,\"height\":180,\"caption\":\"Suno Not\u00edcias\"},\"image\":{\"@id\":\"https:\/\/www.suno.com.br\/noticias\/#\/schema\/logo\/image\/\"},\"sameAs\":[\"https:\/\/facebook.com\/sunoresearch\",\"https:\/\/x.com\/sunoresearch\",\"https:\/\/www.instagram.com\/suno\",\"https:\/\/www.linkedin.com\/company\/suno-research\/\",\"https:\/\/www.youtube.com\/c\/sunoresearch\"]},{\"@type\":\"Person\",\"@id\":\"https:\/\/www.suno.com.br\/noticias\/#\/schema\/person\/e6e0f723cc177805027f4566c1d5e0c8\",\"name\":\"Carlo Cauti\",\"image\":{\"@type\":\"ImageObject\",\"inLanguage\":\"pt-BR\",\"@id\":\"https:\/\/www.suno.com.br\/noticias\/#\/schema\/person\/image\/\",\"url\":\"https:\/\/secure.gravatar.com\/avatar\/3ada9e0bd164c23abd4792a9606d583c?s=96&r=g\",\"contentUrl\":\"https:\/\/secure.gravatar.com\/avatar\/3ada9e0bd164c23abd4792a9606d583c?s=96&r=g\",\"caption\":\"Carlo Cauti\"},\"description\":\"Editor multim\u00eddia do SUNO Not\u00edcias. Italiano, formado em Ci\u00eancias Pol\u00edticas pela universidade LUISS G. Carli de Roma e mestre cum laude em Rela\u00e7\u00f5es Internacionais, Jornalismo Internacional e de Guerra e em Economia Internacional. Concluiu tamb\u00e9m um MBA em Finan\u00e7as na B3. No Brasil, teve passagem por ve\u00edculos como Estad\u00e3o, Globo, Veja e EXAME. e nas ag\u00eancias de not\u00edcias italianas ANSA e NOVA.\",\"url\":\"https:\/\/www.suno.com.br\/noticias\/author\/carlo-cauti\/\"}]}<\/script>\n<!-- \/ Yoast SEO plugin. -->","yoast_head_json":{"title":"Justi\u00e7a adia assembleia de credores de Viracopos","description":"A Justi\u00e7a acolheu o pedido da concession\u00e1ria do aeroporto de Viracopos e adiou a assembleia dos credores.\u00a0Clique aqui para saber mais.","robots":{"index":"index","follow":"follow","max-snippet":"max-snippet:-1","max-image-preview":"max-image-preview:large","max-video-preview":"max-video-preview:-1"},"canonical":"https:\/\/www.suno.com.br\/noticias\/justica-adia-assembleia-credores-viracopos\/","og_locale":"pt_BR","og_type":"article","og_title":"Justi\u00e7a adia assembleia de credores de Viracopos","og_description":"A Justi\u00e7a acolheu o pedido da concession\u00e1ria do aeroporto de Viracopos e adiou a assembleia dos credores.\u00a0Clique aqui para saber mais.","og_url":"https:\/\/www.suno.com.br\/noticias\/justica-adia-assembleia-credores-viracopos\/","og_site_name":"Suno Not\u00edcias","article_publisher":"https:\/\/facebook.com\/sunoresearch","og_image":[{"width":1500,"height":1000,"url":"https:\/\/files.sunoresearch.com.br\/n\/uploads\/2019\/02\/e5452267-aeroporto-de-viracopos.jpg","type":"image\/jpeg"}],"author":"Carlo Cauti","twitter_card":"summary_large_image","twitter_creator":"@sunoresearch","twitter_site":"@sunoresearch","twitter_misc":{"Escrito por":"Carlo Cauti","Est. tempo de leitura":"2 minutos"},"schema":{"@context":"https:\/\/schema.org","@graph":[{"@type":"NewsArticle","@id":"https:\/\/www.suno.com.br\/noticias\/justica-adia-assembleia-credores-viracopos\/#article","isPartOf":{"@id":"https:\/\/www.suno.com.br\/noticias\/justica-adia-assembleia-credores-viracopos\/"},"author":{"name":"Carlo Cauti","@id":"https:\/\/www.suno.com.br\/noticias\/#\/schema\/person\/e6e0f723cc177805027f4566c1d5e0c8"},"headline":"Justi\u00e7a adia assembleia de credores de Viracopos","datePublished":"2019-02-01T20:33:47+00:00","mainEntityOfPage":{"@id":"https:\/\/www.suno.com.br\/noticias\/justica-adia-assembleia-credores-viracopos\/"},"wordCount":450,"publisher":{"@id":"https:\/\/www.suno.com.br\/noticias\/#organization"},"image":{"@id":"https:\/\/www.suno.com.br\/noticias\/justica-adia-assembleia-credores-viracopos\/#primaryimage"},"thumbnailUrl":"https:\/\/files.sunoresearch.com.br\/n\/uploads\/2019\/02\/e5452267-aeroporto-de-viracopos-jpg.webp","articleSection":["Neg\u00f3cios"],"inLanguage":"pt-BR"},{"@type":"WebPage","@id":"https:\/\/www.suno.com.br\/noticias\/justica-adia-assembleia-credores-viracopos\/","url":"https:\/\/www.suno.com.br\/noticias\/justica-adia-assembleia-credores-viracopos\/","name":"Justi\u00e7a adia assembleia de credores de Viracopos","isPartOf":{"@id":"https:\/\/www.suno.com.br\/noticias\/#website"},"primaryImageOfPage":{"@id":"https:\/\/www.suno.com.br\/noticias\/justica-adia-assembleia-credores-viracopos\/#primaryimage"},"image":{"@id":"https:\/\/www.suno.com.br\/noticias\/justica-adia-assembleia-credores-viracopos\/#primaryimage"},"thumbnailUrl":"https:\/\/files.sunoresearch.com.br\/n\/uploads\/2019\/02\/e5452267-aeroporto-de-viracopos-jpg.webp","datePublished":"2019-02-01T20:33:47+00:00","description":"A Justi\u00e7a acolheu o pedido da concession\u00e1ria do aeroporto de Viracopos e adiou a assembleia dos credores.\u00a0Clique aqui para saber mais.","breadcrumb":{"@id":"https:\/\/www.suno.com.br\/noticias\/justica-adia-assembleia-credores-viracopos\/#breadcrumb"},"inLanguage":"pt-BR","potentialAction":[{"@type":"ReadAction","target":["https:\/\/www.suno.com.br\/noticias\/justica-adia-assembleia-credores-viracopos\/"]}]},{"@type":"ImageObject","inLanguage":"pt-BR","@id":"https:\/\/www.suno.com.br\/noticias\/justica-adia-assembleia-credores-viracopos\/#primaryimage","url":"https:\/\/files.sunoresearch.com.br\/n\/uploads\/2019\/02\/e5452267-aeroporto-de-viracopos-jpg.webp","contentUrl":"https:\/\/files.sunoresearch.com.br\/n\/uploads\/2019\/02\/e5452267-aeroporto-de-viracopos-jpg.webp","width":1500,"height":1000,"caption":"Aeroporto de Viracopos"},{"@type":"BreadcrumbList","@id":"https:\/\/www.suno.com.br\/noticias\/justica-adia-assembleia-credores-viracopos\/#breadcrumb","itemListElement":[{"@type":"ListItem","position":1,"name":"Not\u00edcias","item":"https:\/\/www.suno.com.br\/noticias\/"},{"@type":"ListItem","position":2,"name":"Neg\u00f3cios","item":"https:\/\/www.suno.com.br\/noticias\/negocios\/"},{"@type":"ListItem","position":3,"name":"Justi\u00e7a adia assembleia de credores de Viracopos"}]},{"@type":"WebSite","@id":"https:\/\/www.suno.com.br\/noticias\/#website","url":"https:\/\/www.suno.com.br\/noticias\/","name":"Suno Not\u00edcias","description":"Seu portal de informa\u00e7\u00e3o sobre o mundo dos investimentos","publisher":{"@id":"https:\/\/www.suno.com.br\/noticias\/#organization"},"potentialAction":[{"@type":"SearchAction","target":{"@type":"EntryPoint","urlTemplate":"https:\/\/www.suno.com.br\/noticias\/?s={search_term_string}"},"query-input":{"@type":"PropertyValueSpecification","valueRequired":true,"valueName":"search_term_string"}}],"inLanguage":"pt-BR"},{"@type":"Organization","@id":"https:\/\/www.suno.com.br\/noticias\/#organization","name":"Suno Not\u00edcias","url":"https:\/\/www.suno.com.br\/noticias\/","logo":{"@type":"ImageObject","inLanguage":"pt-BR","@id":"https:\/\/www.suno.com.br\/noticias\/#\/schema\/logo\/image\/","url":"https:\/\/files.sunoresearch.com.br\/n\/uploads\/2021\/09\/suno-logo.png","contentUrl":"https:\/\/files.sunoresearch.com.br\/n\/uploads\/2021\/09\/suno-logo.png","width":180,"height":180,"caption":"Suno Not\u00edcias"},"image":{"@id":"https:\/\/www.suno.com.br\/noticias\/#\/schema\/logo\/image\/"},"sameAs":["https:\/\/facebook.com\/sunoresearch","https:\/\/x.com\/sunoresearch","https:\/\/www.instagram.com\/suno","https:\/\/www.linkedin.com\/company\/suno-research\/","https:\/\/www.youtube.com\/c\/sunoresearch"]},{"@type":"Person","@id":"https:\/\/www.suno.com.br\/noticias\/#\/schema\/person\/e6e0f723cc177805027f4566c1d5e0c8","name":"Carlo Cauti","image":{"@type":"ImageObject","inLanguage":"pt-BR","@id":"https:\/\/www.suno.com.br\/noticias\/#\/schema\/person\/image\/","url":"https:\/\/secure.gravatar.com\/avatar\/3ada9e0bd164c23abd4792a9606d583c?s=96&r=g","contentUrl":"https:\/\/secure.gravatar.com\/avatar\/3ada9e0bd164c23abd4792a9606d583c?s=96&r=g","caption":"Carlo Cauti"},"description":"Editor multim\u00eddia do SUNO Not\u00edcias. Italiano, formado em Ci\u00eancias Pol\u00edticas pela universidade LUISS G. Carli de Roma e mestre cum laude em Rela\u00e7\u00f5es Internacionais, Jornalismo Internacional e de Guerra e em Economia Internacional. Concluiu tamb\u00e9m um MBA em Finan\u00e7as na B3. No Brasil, teve passagem por ve\u00edculos como Estad\u00e3o, Globo, Veja e EXAME. e nas ag\u00eancias de not\u00edcias italianas ANSA e NOVA.","url":"https:\/\/www.suno.com.br\/noticias\/author\/carlo-cauti\/"}]}},"default_loop_html":"<div class=\"cardsPage__listCard__boxs\"><div class=\"cardsPage__listCard__boxs__img\"><a href=\"https:\/\/www.suno.com.br\/noticias\/justica-adia-assembleia-credores-viracopos\/\"><img class=\"mask\" src=\"https:\/\/www.suno.com.br\/noticias\/wp-content\/themes\/suno\/resources\/images\/spotlight\/spotlight1img\/bg-mask.png\" alt=\"Image Mask\"\/><img src=\"https:\/\/files.sunoresearch.com.br\/n\/uploads\/2019\/02\/e5452267-aeroporto-de-viracopos-400x200.webp\" alt=\"Justi\u00e7a adia assembleia de credores de Viracopos\"\/><\/a><span class=\"spotlightCategory\"><a href=\"https:\/\/www.suno.com.br\/noticias\/negocios\/\">Neg\u00f3cios<\/a><\/span><\/div><div class=\"cardsPage__listCard__boxs__content\"><a href=\"https:\/\/www.suno.com.br\/noticias\/justica-adia-assembleia-credores-viracopos\/\"><h2 class=\"content__title\">Justi\u00e7a adia assembleia de credores de Viracopos<\/h2><\/a><div class=\"newsContent__article__meta\"><div class=\"newsContent__article__meta__authorBox\"><a href=\"https:\/\/www.suno.com.br\/noticias\/author\/carlo-cauti\/\" class=\"authorBox__avatar noMobi\"><img src=\"https:\/\/files.sunoresearch.com.br\/n\/uploads\/2020\/08\/e3745f9a-perfil-carlo-cauti-150x150.webp\" alt=\"Carlo Cauti\"><\/a><div class=\"authorBox__name\"><span>por\n\t\t\t<a href=\"https:\/\/www.suno.com.br\/noticias\/author\/carlo-cauti\/\"><span itemprop=\"author\">Carlo Cauti<\/span><\/a><\/span><time datetime=\"2019-02-01T18:33:47-02:00\" itemprop=\"datePublished\">01\/02\/2019 18:33<\/time><\/div><\/div><\/div><\/div><\/div>","single_layout":"posts","amp_enabled":true,"_links":{"self":[{"href":"https:\/\/www.suno.com.br\/noticias\/wp-json\/wp\/v2\/posts\/13870"}],"collection":[{"href":"https:\/\/www.suno.com.br\/noticias\/wp-json\/wp\/v2\/posts"}],"about":[{"href":"https:\/\/www.suno.com.br\/noticias\/wp-json\/wp\/v2\/types\/post"}],"author":[{"embeddable":true,"href":"https:\/\/www.suno.com.br\/noticias\/wp-json\/wp\/v2\/users\/9"}],"replies":[{"embeddable":true,"href":"https:\/\/www.suno.com.br\/noticias\/wp-json\/wp\/v2\/comments?post=13870"}],"version-history":[{"count":0,"href":"https:\/\/www.suno.com.br\/noticias\/wp-json\/wp\/v2\/posts\/13870\/revisions"}],"wp:featuredmedia":[{"embeddable":true,"href":"https:\/\/www.suno.com.br\/noticias\/wp-json\/wp\/v2\/media\/13876"}],"wp:attachment":[{"href":"https:\/\/www.suno.com.br\/noticias\/wp-json\/wp\/v2\/media?parent=13870"}],"wp:term":[{"taxonomy":"category","embeddable":true,"href":"https:\/\/www.suno.com.br\/noticias\/wp-json\/wp\/v2\/categories?post=13870"},{"taxonomy":"post_tag","embeddable":true,"href":"https:\/\/www.suno.com.br\/noticias\/wp-json\/wp\/v2\/tags?post=13870"},{"taxonomy":"suno_strategy","embeddable":true,"href":"https:\/\/www.suno.com.br\/noticias\/wp-json\/wp\/v2\/suno_strategy?post=13870"}],"curies":[{"name":"wp","href":"https:\/\/api.w.org\/{rel}","templated":true}]}}