{"id":13857,"date":"2019-02-01T17:30:29","date_gmt":"2019-02-01T19:30:29","guid":{"rendered":"https:\/\/www.suno.com.br\/noticias\/?p=13857"},"modified":"2019-02-01T18:14:10","modified_gmt":"2019-02-01T20:14:10","slug":"stf-nega-flavio-bolsonaro-anular","status":"publish","type":"post","link":"https:\/\/www.suno.com.br\/noticias\/stf-nega-flavio-bolsonaro-anular\/","title":{"rendered":"STF nega pedido de Fl\u00e1vio Bolsonaro para anular provas de investiga\u00e7\u00e3o"},"content":{"rendered":"<p>O ministro Marco Aur\u00e9lio, do Supremo Tribunal Federal (STF), negou nesta sexta (1\u00ba) o pedido feito pelo senador eleito Fl\u00e1vio Bolsonaro para que as investiga\u00e7\u00f5es a respeito de movimenta\u00e7\u00f5es suspeitas na conta de seu ex-assessor, Fabr\u00edcio Queiroz, tivessem as provas anuladas. A alega\u00e7\u00e3o foi de que as evid\u00eancias deveriam ter tramitado na corte.<\/p>\t<div class=\"wrapper-featured-image\">\n\t\t<figure class=\"spotlightImg\">\n\n\t\t\t<picture>\n\t\t\t\t<source media=\"(max-width: 768px)\" srcset=\"https:\/\/files.sunoresearch.com.br\/n\/uploads\/2018\/12\/032046a0-marco-aurelio-mello-400x200.webp\">\n\t\t\t\t<img loading=\"lazy\" decoding=\"async\" class=\"newsContent__article__imgCapa lazyloadDisabled newsContent__article__imgCapa--noCaption\" src=\"https:\/\/files.sunoresearch.com.br\/n\/uploads\/2018\/12\/032046a0-marco-aurelio-mello-jpg.webp\" width=\"800\" height=\"450\" alt=\"STF nega pedido de Fl\u00e1vio Bolsonaro para anular provas de investiga\u00e7\u00e3o\" fetchpriority=high \/>\n\t\t\t<\/picture>\n\n\t\t\t<figcaption class=\"wp-caption-text wp-caption-text--hide\">Marco Aurelio Mello<\/figcaption>\n\t\t<\/figure>\n\t<\/div>\n\n\n<p><strong>Marco Aur\u00e9lio<\/strong> arquivou o pedido sem julg\u00e1-lo. Na pr\u00e1tica, isso permitir\u00e1 a continuidade das investiga\u00e7\u00f5es sobre <strong>Fabr\u00edcio Queiroz<\/strong> e <strong>Fl\u00e1vio Bolsonaro<\/strong> na primeira inst\u00e2ncia da Justi\u00e7a do Rio de Janeiro.<\/p>\n<p><a href=\"https:\/\/www.suno.com.br\/noticias\/caso-flavio-bolsonaro-crise-governo\/\">Saiba mais: Caso Fl\u00e1vio Bolsonaro n\u00e3o \u00e9 crise de governo, diz fonte em Davos<\/a><\/p>\n<p>O senador, que tomou posse nesta sexta, diz que respeita a decis\u00e3o do ministro. &#8220;N\u00e3o vim pedir foro privilegiado&#8221;, declarou.<\/p>\n<p>A investiga\u00e7\u00e3o teve in\u00edcio com a detec\u00e7\u00e3o de movimenta\u00e7\u00f5es at\u00edpicas na conta de assessores da Assembleia Legislativa do Rio. O apontamento estava num relat\u00f3rio do Conselho de Controle de Atividades Financeiras (Coaf). E entre os mencionados no documento, <strong>Fabr\u00edcio Queiroz<\/strong>, ex-assessor de <strong>Fl\u00e1vio Bolsonaro.<\/strong><\/p>\n<p><a href=\"https:\/\/www.suno.com.br\/noticias\/flavio-bolsonaro-suspeito-comandar-milicia\/\">Saiba mais: Fl\u00e1vio Bolsonaro empregou familiares de suspeito de comandar mil\u00edcia<\/a><\/p>\n<p>O senador argumentou que era alvo de investiga\u00e7\u00e3o, ainda que o Minist\u00e9rio P\u00fablico do Rio n\u00e3o tivesse o inclu\u00eddo formalmente no grupo de suspeitos. O filho do <a href=\"https:\/\/www.suno.com.br\/artigos\/o-que-esperar-do-proximo-governo\/\">presidente <strong>Jair Bolsonaro<\/strong><\/a>, ent\u00e3o, solicitou ao <strong>STF<\/strong> que a apura\u00e7\u00e3o fosse para a Suprema Corte em raz\u00e3o de sua prerrogativa de foro, j\u00e1 que havia sido eleito senador, mas n\u00e3o empossado ainda. Se isso fosse feito, as provas captadas na primeira inst\u00e2ncia seriam anuladas.<\/p>\n<h2>O caso Fl\u00e1vio Bolsonaro<\/h2>\n<p>Al\u00e9m dos repasses a Queiroz, <strong>Fl\u00e1vio Bolsonaro<\/strong>\u00a0est\u00e1 envolvido com o recebimento de 48 dep\u00f3sitos de R$ 2 mil cada, feitos entre junho e julho de 2017. Os repasses totalizam R$ 96 mil, segundo relat\u00f3rio do <strong>Coaf<\/strong>, divulgado pela TV Globo. Os dep\u00f3sitos foram realizados na conta do filho mais velho do presidente numa mesma ag\u00eancia banc\u00e1ria da Alerj, durante cinco dias.<\/p>\n<p>O <strong>Coaf<\/strong> detectou os dep\u00f3sitos na conta de <strong>Fl\u00e1vio Bolsonaro<\/strong> por terem sido feitos fracionadamente. Isso colocava a suspeita de que se tentava esconder a origem do dinheiro. Em entrevista \u00e0 TV Record, o senador eleito disse que os repasses s\u00e3o resultado da venda de um im\u00f3vel. O comprador, <strong>F\u00e1bio Guerra<\/strong>, afirmou \u00e0 Folha de S.Paulo ter dado R$ 100 mil em dinheiro vivo a Fl\u00e1vio, como parte do pagamento. As datas dos dep\u00f3sitos, entretanto, diferem das que constam na escritura da venda do im\u00f3vel.<\/p>\n","protected":false},"excerpt":{"rendered":"<p>O ministro Marco Aur\u00e9lio, do Supremo Tribunal Federal (STF), negou nesta sexta (1\u00ba) o pedido feito pelo senador eleito Fl\u00e1vio Bolsonaro para que as investiga\u00e7\u00f5es a respeito de movimenta\u00e7\u00f5es suspeitas na conta de seu ex-assessor, Fabr\u00edcio Queiroz, tivessem as provas anuladas. A alega\u00e7\u00e3o foi de que as evid\u00eancias deveriam ter tramitado na corte. Marco Aurelio [&hellip;]<\/p>\n","protected":false},"author":13,"featured_media":9458,"comment_status":"closed","ping_status":"closed","sticky":false,"template":"","format":"standard","meta":[],"categories":[61],"tags":[836,719],"suno_strategy":[],"class_list":["post-13857","post","type-post","status-publish","format-standard","has-post-thumbnail","hentry","category-politica","tag-coaf","tag-jair-bolsonaro"],"yoast_head":"<!-- This site is optimized with the Yoast SEO plugin v24.4 - https:\/\/yoast.com\/wordpress\/plugins\/seo\/ -->\n<title>STF nega pedido de Fl\u00e1vio Bolsonaro para anular provas de investiga\u00e7\u00e3o<\/title>\n<meta name=\"description\" content=\"Marco Aur\u00e9lio, STF, negou nesta sexta pedido feito por Fl\u00e1vio Bolsonaro para anular provas das investiga\u00e7\u00f5es sobre Queiroz. Clique e saiba+\" \/>\n<meta name=\"robots\" content=\"index, follow, max-snippet:-1, max-image-preview:large, max-video-preview:-1\" \/>\n<link rel=\"canonical\" href=\"https:\/\/www.suno.com.br\/noticias\/stf-nega-flavio-bolsonaro-anular\/\" \/>\n<meta property=\"og:locale\" content=\"pt_BR\" \/>\n<meta property=\"og:type\" content=\"article\" \/>\n<meta property=\"og:title\" content=\"STF nega pedido de Fl\u00e1vio Bolsonaro para anular provas de investiga\u00e7\u00e3o\" \/>\n<meta property=\"og:description\" content=\"Marco Aur\u00e9lio, STF, negou nesta sexta pedido feito por Fl\u00e1vio Bolsonaro para anular provas das investiga\u00e7\u00f5es sobre Queiroz. Clique e saiba+\" \/>\n<meta property=\"og:url\" content=\"https:\/\/www.suno.com.br\/noticias\/stf-nega-flavio-bolsonaro-anular\/\" \/>\n<meta property=\"og:site_name\" content=\"Suno Not\u00edcias\" \/>\n<meta property=\"article:publisher\" content=\"https:\/\/facebook.com\/sunoresearch\" \/>\n<meta property=\"og:image\" content=\"https:\/\/files.sunoresearch.com.br\/n\/uploads\/2018\/12\/032046a0-marco-aurelio-mello.jpg\" \/>\n\t<meta property=\"og:image:width\" content=\"620\" \/>\n\t<meta property=\"og:image:height\" content=\"430\" \/>\n\t<meta property=\"og:image:type\" content=\"image\/jpeg\" \/>\n<meta name=\"author\" content=\"Guilherme Caetano\" \/>\n<meta name=\"twitter:card\" content=\"summary_large_image\" \/>\n<meta name=\"twitter:creator\" content=\"@sunoresearch\" \/>\n<meta name=\"twitter:site\" content=\"@sunoresearch\" \/>\n<meta name=\"twitter:label1\" content=\"Escrito por\" \/>\n\t<meta name=\"twitter:data1\" content=\"Guilherme Caetano\" \/>\n\t<meta name=\"twitter:label2\" content=\"Est. tempo de leitura\" \/>\n\t<meta name=\"twitter:data2\" content=\"2 minutos\" \/>\n<script type=\"application\/ld+json\" class=\"yoast-schema-graph\">{\"@context\":\"https:\/\/schema.org\",\"@graph\":[{\"@type\":\"NewsArticle\",\"@id\":\"https:\/\/www.suno.com.br\/noticias\/stf-nega-flavio-bolsonaro-anular\/#article\",\"isPartOf\":{\"@id\":\"https:\/\/www.suno.com.br\/noticias\/stf-nega-flavio-bolsonaro-anular\/\"},\"author\":{\"name\":\"Guilherme Caetano\",\"@id\":\"https:\/\/www.suno.com.br\/noticias\/#\/schema\/person\/0d0c9687cd2f600c564f25980c140de9\"},\"headline\":\"STF nega pedido de Fl\u00e1vio Bolsonaro para anular provas de investiga\u00e7\u00e3o\",\"datePublished\":\"2019-02-01T19:30:29+00:00\",\"dateModified\":\"2019-02-01T20:14:10+00:00\",\"mainEntityOfPage\":{\"@id\":\"https:\/\/www.suno.com.br\/noticias\/stf-nega-flavio-bolsonaro-anular\/\"},\"wordCount\":454,\"publisher\":{\"@id\":\"https:\/\/www.suno.com.br\/noticias\/#organization\"},\"image\":{\"@id\":\"https:\/\/www.suno.com.br\/noticias\/stf-nega-flavio-bolsonaro-anular\/#primaryimage\"},\"thumbnailUrl\":\"https:\/\/files.sunoresearch.com.br\/n\/uploads\/2018\/12\/032046a0-marco-aurelio-mello-jpg.webp\",\"keywords\":[\"COAF\",\"Jair Bolsonaro\"],\"articleSection\":[\"Pol\u00edtica\"],\"inLanguage\":\"pt-BR\"},{\"@type\":\"WebPage\",\"@id\":\"https:\/\/www.suno.com.br\/noticias\/stf-nega-flavio-bolsonaro-anular\/\",\"url\":\"https:\/\/www.suno.com.br\/noticias\/stf-nega-flavio-bolsonaro-anular\/\",\"name\":\"STF nega pedido de Fl\u00e1vio Bolsonaro para anular provas de investiga\u00e7\u00e3o\",\"isPartOf\":{\"@id\":\"https:\/\/www.suno.com.br\/noticias\/#website\"},\"primaryImageOfPage\":{\"@id\":\"https:\/\/www.suno.com.br\/noticias\/stf-nega-flavio-bolsonaro-anular\/#primaryimage\"},\"image\":{\"@id\":\"https:\/\/www.suno.com.br\/noticias\/stf-nega-flavio-bolsonaro-anular\/#primaryimage\"},\"thumbnailUrl\":\"https:\/\/files.sunoresearch.com.br\/n\/uploads\/2018\/12\/032046a0-marco-aurelio-mello-jpg.webp\",\"datePublished\":\"2019-02-01T19:30:29+00:00\",\"dateModified\":\"2019-02-01T20:14:10+00:00\",\"description\":\"Marco Aur\u00e9lio, STF, negou nesta sexta pedido feito por Fl\u00e1vio Bolsonaro para anular provas das investiga\u00e7\u00f5es sobre Queiroz. Clique e saiba+\",\"breadcrumb\":{\"@id\":\"https:\/\/www.suno.com.br\/noticias\/stf-nega-flavio-bolsonaro-anular\/#breadcrumb\"},\"inLanguage\":\"pt-BR\",\"potentialAction\":[{\"@type\":\"ReadAction\",\"target\":[\"https:\/\/www.suno.com.br\/noticias\/stf-nega-flavio-bolsonaro-anular\/\"]}]},{\"@type\":\"ImageObject\",\"inLanguage\":\"pt-BR\",\"@id\":\"https:\/\/www.suno.com.br\/noticias\/stf-nega-flavio-bolsonaro-anular\/#primaryimage\",\"url\":\"https:\/\/files.sunoresearch.com.br\/n\/uploads\/2018\/12\/032046a0-marco-aurelio-mello-jpg.webp\",\"contentUrl\":\"https:\/\/files.sunoresearch.com.br\/n\/uploads\/2018\/12\/032046a0-marco-aurelio-mello-jpg.webp\",\"width\":620,\"height\":430,\"caption\":\"Marco Aurelio Mello\"},{\"@type\":\"BreadcrumbList\",\"@id\":\"https:\/\/www.suno.com.br\/noticias\/stf-nega-flavio-bolsonaro-anular\/#breadcrumb\",\"itemListElement\":[{\"@type\":\"ListItem\",\"position\":1,\"name\":\"Not\u00edcias\",\"item\":\"https:\/\/www.suno.com.br\/noticias\/\"},{\"@type\":\"ListItem\",\"position\":2,\"name\":\"Pol\u00edtica\",\"item\":\"https:\/\/www.suno.com.br\/noticias\/politica\/\"},{\"@type\":\"ListItem\",\"position\":3,\"name\":\"STF nega pedido de Fl\u00e1vio Bolsonaro para anular provas de investiga\u00e7\u00e3o\"}]},{\"@type\":\"WebSite\",\"@id\":\"https:\/\/www.suno.com.br\/noticias\/#website\",\"url\":\"https:\/\/www.suno.com.br\/noticias\/\",\"name\":\"Suno Not\u00edcias\",\"description\":\"Seu portal de informa\u00e7\u00e3o sobre o mundo dos investimentos\",\"publisher\":{\"@id\":\"https:\/\/www.suno.com.br\/noticias\/#organization\"},\"potentialAction\":[{\"@type\":\"SearchAction\",\"target\":{\"@type\":\"EntryPoint\",\"urlTemplate\":\"https:\/\/www.suno.com.br\/noticias\/?s={search_term_string}\"},\"query-input\":{\"@type\":\"PropertyValueSpecification\",\"valueRequired\":true,\"valueName\":\"search_term_string\"}}],\"inLanguage\":\"pt-BR\"},{\"@type\":\"Organization\",\"@id\":\"https:\/\/www.suno.com.br\/noticias\/#organization\",\"name\":\"Suno Not\u00edcias\",\"url\":\"https:\/\/www.suno.com.br\/noticias\/\",\"logo\":{\"@type\":\"ImageObject\",\"inLanguage\":\"pt-BR\",\"@id\":\"https:\/\/www.suno.com.br\/noticias\/#\/schema\/logo\/image\/\",\"url\":\"https:\/\/files.sunoresearch.com.br\/n\/uploads\/2021\/09\/suno-logo.png\",\"contentUrl\":\"https:\/\/files.sunoresearch.com.br\/n\/uploads\/2021\/09\/suno-logo.png\",\"width\":180,\"height\":180,\"caption\":\"Suno Not\u00edcias\"},\"image\":{\"@id\":\"https:\/\/www.suno.com.br\/noticias\/#\/schema\/logo\/image\/\"},\"sameAs\":[\"https:\/\/facebook.com\/sunoresearch\",\"https:\/\/x.com\/sunoresearch\",\"https:\/\/www.instagram.com\/suno\",\"https:\/\/www.linkedin.com\/company\/suno-research\/\",\"https:\/\/www.youtube.com\/c\/sunoresearch\"]},{\"@type\":\"Person\",\"@id\":\"https:\/\/www.suno.com.br\/noticias\/#\/schema\/person\/0d0c9687cd2f600c564f25980c140de9\",\"name\":\"Guilherme Caetano\",\"image\":{\"@type\":\"ImageObject\",\"inLanguage\":\"pt-BR\",\"@id\":\"https:\/\/www.suno.com.br\/noticias\/#\/schema\/person\/image\/\",\"url\":\"https:\/\/secure.gravatar.com\/avatar\/e48357351a01702a0d19307070e081bf?s=96&r=g\",\"contentUrl\":\"https:\/\/secure.gravatar.com\/avatar\/e48357351a01702a0d19307070e081bf?s=96&r=g\",\"caption\":\"Guilherme Caetano\"},\"description\":\"Formado em jornalismo pela Escola de Comunica\u00e7\u00f5es e Artes da USP, Guilherme Caetano escreve para o portal de not\u00edcias da Suno Research. Passou pelas reda\u00e7\u00f5es da Folha de S.Paulo e da revista \u00c9poca.\",\"url\":\"https:\/\/www.suno.com.br\/noticias\/author\/guilherme-caetano\/\"}]}<\/script>\n<!-- \/ Yoast SEO plugin. -->","yoast_head_json":{"title":"STF nega pedido de Fl\u00e1vio Bolsonaro para anular provas de investiga\u00e7\u00e3o","description":"Marco Aur\u00e9lio, STF, negou nesta sexta pedido feito por Fl\u00e1vio Bolsonaro para anular provas das investiga\u00e7\u00f5es sobre Queiroz. Clique e saiba+","robots":{"index":"index","follow":"follow","max-snippet":"max-snippet:-1","max-image-preview":"max-image-preview:large","max-video-preview":"max-video-preview:-1"},"canonical":"https:\/\/www.suno.com.br\/noticias\/stf-nega-flavio-bolsonaro-anular\/","og_locale":"pt_BR","og_type":"article","og_title":"STF nega pedido de Fl\u00e1vio Bolsonaro para anular provas de investiga\u00e7\u00e3o","og_description":"Marco Aur\u00e9lio, STF, negou nesta sexta pedido feito por Fl\u00e1vio Bolsonaro para anular provas das investiga\u00e7\u00f5es sobre Queiroz. Clique e saiba+","og_url":"https:\/\/www.suno.com.br\/noticias\/stf-nega-flavio-bolsonaro-anular\/","og_site_name":"Suno Not\u00edcias","article_publisher":"https:\/\/facebook.com\/sunoresearch","og_image":[{"width":620,"height":430,"url":"https:\/\/files.sunoresearch.com.br\/n\/uploads\/2018\/12\/032046a0-marco-aurelio-mello.jpg","type":"image\/jpeg"}],"author":"Guilherme Caetano","twitter_card":"summary_large_image","twitter_creator":"@sunoresearch","twitter_site":"@sunoresearch","twitter_misc":{"Escrito por":"Guilherme Caetano","Est. tempo de leitura":"2 minutos"},"schema":{"@context":"https:\/\/schema.org","@graph":[{"@type":"NewsArticle","@id":"https:\/\/www.suno.com.br\/noticias\/stf-nega-flavio-bolsonaro-anular\/#article","isPartOf":{"@id":"https:\/\/www.suno.com.br\/noticias\/stf-nega-flavio-bolsonaro-anular\/"},"author":{"name":"Guilherme Caetano","@id":"https:\/\/www.suno.com.br\/noticias\/#\/schema\/person\/0d0c9687cd2f600c564f25980c140de9"},"headline":"STF nega pedido de Fl\u00e1vio Bolsonaro para anular provas de investiga\u00e7\u00e3o","datePublished":"2019-02-01T19:30:29+00:00","dateModified":"2019-02-01T20:14:10+00:00","mainEntityOfPage":{"@id":"https:\/\/www.suno.com.br\/noticias\/stf-nega-flavio-bolsonaro-anular\/"},"wordCount":454,"publisher":{"@id":"https:\/\/www.suno.com.br\/noticias\/#organization"},"image":{"@id":"https:\/\/www.suno.com.br\/noticias\/stf-nega-flavio-bolsonaro-anular\/#primaryimage"},"thumbnailUrl":"https:\/\/files.sunoresearch.com.br\/n\/uploads\/2018\/12\/032046a0-marco-aurelio-mello-jpg.webp","keywords":["COAF","Jair Bolsonaro"],"articleSection":["Pol\u00edtica"],"inLanguage":"pt-BR"},{"@type":"WebPage","@id":"https:\/\/www.suno.com.br\/noticias\/stf-nega-flavio-bolsonaro-anular\/","url":"https:\/\/www.suno.com.br\/noticias\/stf-nega-flavio-bolsonaro-anular\/","name":"STF nega pedido de Fl\u00e1vio Bolsonaro para anular provas de investiga\u00e7\u00e3o","isPartOf":{"@id":"https:\/\/www.suno.com.br\/noticias\/#website"},"primaryImageOfPage":{"@id":"https:\/\/www.suno.com.br\/noticias\/stf-nega-flavio-bolsonaro-anular\/#primaryimage"},"image":{"@id":"https:\/\/www.suno.com.br\/noticias\/stf-nega-flavio-bolsonaro-anular\/#primaryimage"},"thumbnailUrl":"https:\/\/files.sunoresearch.com.br\/n\/uploads\/2018\/12\/032046a0-marco-aurelio-mello-jpg.webp","datePublished":"2019-02-01T19:30:29+00:00","dateModified":"2019-02-01T20:14:10+00:00","description":"Marco Aur\u00e9lio, STF, negou nesta sexta pedido feito por Fl\u00e1vio Bolsonaro para anular provas das investiga\u00e7\u00f5es sobre Queiroz. Clique e saiba+","breadcrumb":{"@id":"https:\/\/www.suno.com.br\/noticias\/stf-nega-flavio-bolsonaro-anular\/#breadcrumb"},"inLanguage":"pt-BR","potentialAction":[{"@type":"ReadAction","target":["https:\/\/www.suno.com.br\/noticias\/stf-nega-flavio-bolsonaro-anular\/"]}]},{"@type":"ImageObject","inLanguage":"pt-BR","@id":"https:\/\/www.suno.com.br\/noticias\/stf-nega-flavio-bolsonaro-anular\/#primaryimage","url":"https:\/\/files.sunoresearch.com.br\/n\/uploads\/2018\/12\/032046a0-marco-aurelio-mello-jpg.webp","contentUrl":"https:\/\/files.sunoresearch.com.br\/n\/uploads\/2018\/12\/032046a0-marco-aurelio-mello-jpg.webp","width":620,"height":430,"caption":"Marco Aurelio Mello"},{"@type":"BreadcrumbList","@id":"https:\/\/www.suno.com.br\/noticias\/stf-nega-flavio-bolsonaro-anular\/#breadcrumb","itemListElement":[{"@type":"ListItem","position":1,"name":"Not\u00edcias","item":"https:\/\/www.suno.com.br\/noticias\/"},{"@type":"ListItem","position":2,"name":"Pol\u00edtica","item":"https:\/\/www.suno.com.br\/noticias\/politica\/"},{"@type":"ListItem","position":3,"name":"STF nega pedido de Fl\u00e1vio Bolsonaro para anular provas de investiga\u00e7\u00e3o"}]},{"@type":"WebSite","@id":"https:\/\/www.suno.com.br\/noticias\/#website","url":"https:\/\/www.suno.com.br\/noticias\/","name":"Suno Not\u00edcias","description":"Seu portal de informa\u00e7\u00e3o sobre o mundo dos investimentos","publisher":{"@id":"https:\/\/www.suno.com.br\/noticias\/#organization"},"potentialAction":[{"@type":"SearchAction","target":{"@type":"EntryPoint","urlTemplate":"https:\/\/www.suno.com.br\/noticias\/?s={search_term_string}"},"query-input":{"@type":"PropertyValueSpecification","valueRequired":true,"valueName":"search_term_string"}}],"inLanguage":"pt-BR"},{"@type":"Organization","@id":"https:\/\/www.suno.com.br\/noticias\/#organization","name":"Suno Not\u00edcias","url":"https:\/\/www.suno.com.br\/noticias\/","logo":{"@type":"ImageObject","inLanguage":"pt-BR","@id":"https:\/\/www.suno.com.br\/noticias\/#\/schema\/logo\/image\/","url":"https:\/\/files.sunoresearch.com.br\/n\/uploads\/2021\/09\/suno-logo.png","contentUrl":"https:\/\/files.sunoresearch.com.br\/n\/uploads\/2021\/09\/suno-logo.png","width":180,"height":180,"caption":"Suno Not\u00edcias"},"image":{"@id":"https:\/\/www.suno.com.br\/noticias\/#\/schema\/logo\/image\/"},"sameAs":["https:\/\/facebook.com\/sunoresearch","https:\/\/x.com\/sunoresearch","https:\/\/www.instagram.com\/suno","https:\/\/www.linkedin.com\/company\/suno-research\/","https:\/\/www.youtube.com\/c\/sunoresearch"]},{"@type":"Person","@id":"https:\/\/www.suno.com.br\/noticias\/#\/schema\/person\/0d0c9687cd2f600c564f25980c140de9","name":"Guilherme Caetano","image":{"@type":"ImageObject","inLanguage":"pt-BR","@id":"https:\/\/www.suno.com.br\/noticias\/#\/schema\/person\/image\/","url":"https:\/\/secure.gravatar.com\/avatar\/e48357351a01702a0d19307070e081bf?s=96&r=g","contentUrl":"https:\/\/secure.gravatar.com\/avatar\/e48357351a01702a0d19307070e081bf?s=96&r=g","caption":"Guilherme Caetano"},"description":"Formado em jornalismo pela Escola de Comunica\u00e7\u00f5es e Artes da USP, Guilherme Caetano escreve para o portal de not\u00edcias da Suno Research. Passou pelas reda\u00e7\u00f5es da Folha de S.Paulo e da revista \u00c9poca.","url":"https:\/\/www.suno.com.br\/noticias\/author\/guilherme-caetano\/"}]}},"default_loop_html":"<div class=\"cardsPage__listCard__boxs\"><div class=\"cardsPage__listCard__boxs__img\"><a href=\"https:\/\/www.suno.com.br\/noticias\/stf-nega-flavio-bolsonaro-anular\/\"><img class=\"mask\" src=\"https:\/\/www.suno.com.br\/noticias\/wp-content\/themes\/suno\/resources\/images\/spotlight\/spotlight1img\/bg-mask.png\" alt=\"Image Mask\"\/><img src=\"https:\/\/files.sunoresearch.com.br\/n\/uploads\/2018\/12\/032046a0-marco-aurelio-mello-400x200.webp\" alt=\"STF nega pedido de Fl\u00e1vio Bolsonaro para anular provas de investiga\u00e7\u00e3o\"\/><\/a><span class=\"spotlightCategory\"><a href=\"https:\/\/www.suno.com.br\/noticias\/politica\/\">Pol\u00edtica<\/a><\/span><\/div><div class=\"cardsPage__listCard__boxs__content\"><a href=\"https:\/\/www.suno.com.br\/noticias\/stf-nega-flavio-bolsonaro-anular\/\"><h2 class=\"content__title\">STF nega pedido de Fl\u00e1vio Bolsonaro para anular provas de investiga\u00e7\u00e3o<\/h2><\/a><div class=\"newsContent__article__meta\"><div class=\"newsContent__article__meta__authorBox\"><a href=\"https:\/\/www.suno.com.br\/noticias\/author\/guilherme-caetano\/\" class=\"authorBox__avatar noMobi\"><img src=\"https:\/\/secure.gravatar.com\/avatar\/e48357351a01702a0d19307070e081bf?s=96&#038;r=g\" alt=\"Guilherme Caetano\"><\/a><div class=\"authorBox__name\"><span>por\n\t\t\t<a href=\"https:\/\/www.suno.com.br\/noticias\/author\/guilherme-caetano\/\"><span itemprop=\"author\">Guilherme Caetano<\/span><\/a><\/span><time datetime=\"2019-02-01T17:30:29-02:00\" itemprop=\"datePublished\">01\/02\/2019 17:30<\/time><\/div><\/div><\/div><\/div><\/div>","single_layout":"posts","amp_enabled":true,"_links":{"self":[{"href":"https:\/\/www.suno.com.br\/noticias\/wp-json\/wp\/v2\/posts\/13857"}],"collection":[{"href":"https:\/\/www.suno.com.br\/noticias\/wp-json\/wp\/v2\/posts"}],"about":[{"href":"https:\/\/www.suno.com.br\/noticias\/wp-json\/wp\/v2\/types\/post"}],"author":[{"embeddable":true,"href":"https:\/\/www.suno.com.br\/noticias\/wp-json\/wp\/v2\/users\/13"}],"replies":[{"embeddable":true,"href":"https:\/\/www.suno.com.br\/noticias\/wp-json\/wp\/v2\/comments?post=13857"}],"version-history":[{"count":0,"href":"https:\/\/www.suno.com.br\/noticias\/wp-json\/wp\/v2\/posts\/13857\/revisions"}],"wp:featuredmedia":[{"embeddable":true,"href":"https:\/\/www.suno.com.br\/noticias\/wp-json\/wp\/v2\/media\/9458"}],"wp:attachment":[{"href":"https:\/\/www.suno.com.br\/noticias\/wp-json\/wp\/v2\/media?parent=13857"}],"wp:term":[{"taxonomy":"category","embeddable":true,"href":"https:\/\/www.suno.com.br\/noticias\/wp-json\/wp\/v2\/categories?post=13857"},{"taxonomy":"post_tag","embeddable":true,"href":"https:\/\/www.suno.com.br\/noticias\/wp-json\/wp\/v2\/tags?post=13857"},{"taxonomy":"suno_strategy","embeddable":true,"href":"https:\/\/www.suno.com.br\/noticias\/wp-json\/wp\/v2\/suno_strategy?post=13857"}],"curies":[{"name":"wp","href":"https:\/\/api.w.org\/{rel}","templated":true}]}}