{"id":138259,"date":"2021-04-09T11:35:35","date_gmt":"2021-04-09T14:35:35","guid":{"rendered":"https:\/\/www.suno.com.br\/noticias\/?p=138259"},"modified":"2021-05-10T14:02:41","modified_gmt":"2021-05-10T17:02:41","slug":"azul-azul4-trafego-cai-15-em-marco-na-comparacao-com-fevereiro","status":"publish","type":"post","link":"https:\/\/www.suno.com.br\/noticias\/azul-azul4-trafego-cai-15-em-marco-na-comparacao-com-fevereiro\/","title":{"rendered":"Azul (AZUL4): tr\u00e1fego cai 15% em mar\u00e7o na compara\u00e7\u00e3o com fevereiro"},"content":{"rendered":"<p>A <a href=\"https:\/\/www.suno.com.br\/acoes\/azul4\/\"><strong>Azul<\/strong> (AZUL4)<\/a> viu seu tr\u00e1fego de passageiros no cen\u00e1rio dom\u00e9stico, e tamb\u00e9m no internacional, cair com o avan\u00e7o da covid-19 no pa\u00eds. Em mar\u00e7o, o tr\u00e1fego de passageiros (RPK) em viagens locais ficou em 1,453 milh\u00e3o, ante 1,67 milh\u00e3o em fevereiro, varia\u00e7\u00e3o de cerca de 15%.<\/p>\t<div class=\"wrapper-featured-image\">\n\t\t<figure class=\"spotlightImg\">\n\n\t\t\t<picture>\n\t\t\t\t<source media=\"(max-width: 768px)\" srcset=\"https:\/\/files.sunoresearch.com.br\/n\/uploads\/2021\/03\/5af25cd0-a320neoazul_foto_luisneves31-400x200.webp\">\n\t\t\t\t<img loading=\"lazy\" decoding=\"async\" class=\"newsContent__article__imgCapa lazyloadDisabled \" src=\"https:\/\/files.sunoresearch.com.br\/n\/uploads\/2021\/03\/5af25cd0-a320neoazul_foto_luisneves31-800x450.webp\" width=\"800\" height=\"450\" alt=\"Azul (AZUL4): tr\u00e1fego cai 15% em mar\u00e7o na compara\u00e7\u00e3o com fevereiro\" fetchpriority=high \/>\n\t\t\t<\/picture>\n\n\t\t\t<figcaption class=\"wp-caption-text wp-caption-text--show\">Azul (AZUL4) - Avi\u00e3o A320 Neo. Foto: Divulga\u00e7\u00e3o Luis Neves<\/figcaption>\n\t\t<\/figure>\n\t<\/div>\n\n\n<p><span style=\"font-weight: 400;\">\t<p>\n\t\t<a href=\"https:\/\/lp.suno.com.br\/planilha-controle-gastos\/\" target=\"_blank\" data-element=\"shortcode-suno-banner\" title=\"Banner SUNO, clique e saiba mais\">\n\t\t\t<picture>\n\t\t\t\t<source media=\"(max-width: 500px)\" srcset=\"https:\/\/files.sunoresearch.com.br\/n\/uploads\/2023\/03\/400x300-Planilha-controle-de-gastos.png\">\n\t\t\t\t<img class=\"newsContent__article__imgCapa newsContent__article__imgCapa--banner\"\n\t\t\t\t\tsrc=\"https:\/\/files.sunoresearch.com.br\/n\/uploads\/2023\/03\/1420x240-Planilha-controle-de-gastos.png\"\n\t\t\t\t\tdata-promo-id=\"101751\"\t\t\t\t\t\t\t\t\t\twidth='1420' height='240'\t\t\t\t\talt=\"https:\/\/files.sunoresearch.com.br\/n\/uploads\/2023\/03\/1420x240-Planilha-controle-de-gastos.png\"\n\t\t\t\t>\n\t\t\t<\/picture>\n\t\t<\/a>\n\t<\/p>\n\n<\/span><\/p>\n<p>Na<strong> base anual, por\u00e9m, a demanda aumentou<\/strong>, com a Azul registrando procura 11,2% maior do que o 1,3 milh\u00e3o registrado no terceiro m\u00eas de 2020, sinalizando que os impactos da pandemia da covid-19, mesmo com a situa\u00e7\u00e3o do Brasil estando pior do que nunca, diminu\u00edram.<\/p>\n<p>No <strong>lado da oferta<\/strong>, a compara\u00e7\u00e3o com fevereiro tamb\u00e9m mostra queda, contudo menor: saindo de 2,1 milh\u00f5es em fevereiro para 2,028, de apenas 3%. Na base anual, houve avan\u00e7o de 15,4%.<\/p>\n<p><a href=\"https:\/\/lp.suno.com.br\/suno-one\/?ppp=noticias\/hospital-care-pedido-ipo-cvm\/\"><b>Suno One: acesse gratuitamente eBooks, Minicursos, Artigos e V\u00eddeo Aulas sobre investimentos com um \u00fanico cadastro. Clique para saber mais!<\/b><\/a><\/p>\n<p>&#8220;Em mar\u00e7o, ajustamos proativamente nossa capacidade em resposta \u00e0 segunda onda da pandemia no Brasil. Embora a demanda tenha sido impactada pelas medidas de quarentena implementadas em todo o pa\u00eds, a for\u00e7a e a conectividade de nossa malha, em conjunto com a flexibilidade da nossa frota, resultaram em um crescimento de 11% da demanda dom\u00e9stica em compara\u00e7\u00e3o a mar\u00e7o de 2020&#8221; afirmou a Azul em coment\u00e1rio.<\/p>\n<p>A diferen\u00e7a entre o recuo da demanda e o da oferta, todavia, resultaram em uma taxas de ocupa\u00e7\u00e3o menor. Em mar\u00e7o, esse n\u00famero foi de 57,3%, em fevereiro, era de 65,7%. Na compara\u00e7\u00e3o com a ocupa\u00e7\u00e3o de 2020, a discrep\u00e2ncia \u00e9 ainda maior: no ano passado, a Azul mantinha cerca de70% dos lugares em seus voos ocupados.<\/p>\n<p>Nas viagens internacionais, que est\u00e3o praticamente zeradas, houve avan\u00e7o. Em mar\u00e7o, foram 35 mil assentos oferecidos, ante 22 mil em fevereiro. A demanda tamb\u00e9m cresceu, saindo de 33 mil para 61 mil.<\/p>\n<p><span style=\"font-weight: 400;\">\t<p>\n\t\t<a href=\"https:\/\/lp.suno.com.br\/planilha-da-vida-financeira\/\" target=\"_blank\" data-element=\"shortcode-suno-banner\" title=\"Banner SUNO, clique e saiba mais\">\n\t\t\t<picture>\n\t\t\t\t<source media=\"(max-width: 500px)\" srcset=\"https:\/\/files.sunoresearch.com.br\/n\/uploads\/2023\/04\/400x300-Planilha-vida-financeira-true.png\">\n\t\t\t\t<img class=\"newsContent__article__imgCapa newsContent__article__imgCapa--banner\"\n\t\t\t\t\tsrc=\"https:\/\/files.sunoresearch.com.br\/n\/uploads\/2023\/04\/1420x240-Planilha-vida-financeira-true.png\"\n\t\t\t\t\tdata-promo-id=\"106682\"\t\t\t\t\t\t\t\t\t\twidth='1420' height='240'\t\t\t\t\talt=\"https:\/\/files.sunoresearch.com.br\/n\/uploads\/2023\/04\/1420x240-Planilha-vida-financeira-true.png\"\n\t\t\t\t>\n\t\t\t<\/picture>\n\t\t<\/a>\n\t<\/p>\n\n<\/span><\/p>\n<p>Os n\u00fameros internacionais da Azul, entretanto, ainda s\u00e3o muito menores do que aquilo registrado antes da pandemia: em fevereiro de 2020 foram 633 mil assentos ofertados, com uma demanda de 793 mil.<\/p>\n<h2>Guide comenta resultados da Azul<\/h2>\n<p>Em nota, a Guide Investimentos afirmou que &#8220;o crescimento na oferta e demanda por assentos no m\u00eas de mar\u00e7o na compara\u00e7\u00e3o com o mesmo m\u00eas do ano passado deve ser visto como uma boa not\u00edcia&#8221;.<\/p>\n<p>Para os analistas, apesar do agravamento da pandemia nesse per\u00edodo no Brasil, a<strong> Azul<\/strong> segue com modelo de neg\u00f3cio muito resiliente, com a <a href=\"https:\/\/www.suno.com.br\/acoes\/goll4\/\">Gol (GOLL4)<\/a>, sua principal concorrente, apresentando quedas maiores de oferta e demanda no mesmo per\u00edodo.<\/p>\n<p><span style=\"font-weight: 400;\">\t<p>\n\t\t<a href=\"https:\/\/lp.suno.com.br\/planilha-de-controle-de-investimentos\/\" target=\"_blank\" data-element=\"shortcode-suno-banner\" title=\"Banner SUNO, clique e saiba mais\">\n\t\t\t<picture>\n\t\t\t\t<source media=\"(max-width: 500px)\" srcset=\"https:\/\/files.sunoresearch.com.br\/n\/uploads\/2023\/03\/400x300-Controle-de-Investimentos.png\">\n\t\t\t\t<img class=\"newsContent__article__imgCapa newsContent__article__imgCapa--banner\"\n\t\t\t\t\tsrc=\"https:\/\/files.sunoresearch.com.br\/n\/uploads\/2023\/03\/1420x240-Controle-de-Investimentos.png\"\n\t\t\t\t\tdata-promo-id=\"75934\"\t\t\t\t\t\t\t\t\t\twidth='1420' height='240'\t\t\t\t\talt=\"https:\/\/files.sunoresearch.com.br\/n\/uploads\/2023\/03\/1420x240-Controle-de-Investimentos.png\"\n\t\t\t\t>\n\t\t\t<\/picture>\n\t\t<\/a>\n\t<\/p>\n\n<\/span><\/p>\n","protected":false},"excerpt":{"rendered":"<p>A Azul (AZUL4) viu seu tr\u00e1fego de passageiros no cen\u00e1rio dom\u00e9stico, e tamb\u00e9m no internacional, cair com o avan\u00e7o da covid-19 no pa\u00eds. Em mar\u00e7o, o tr\u00e1fego de passageiros (RPK) em viagens locais ficou em 1,453 milh\u00e3o, ante 1,67 milh\u00e3o em fevereiro, varia\u00e7\u00e3o de cerca de 15%. Azul (AZUL4) &#8211; Avi\u00e3o A320 Neo. Foto: Divulga\u00e7\u00e3o [&hellip;]<\/p>\n","protected":false},"author":59,"featured_media":130155,"comment_status":"closed","ping_status":"closed","sticky":false,"template":"","format":"standard","meta":[],"categories":[64],"tags":[106932,489],"suno_strategy":[],"class_list":["post-138259","post","type-post","status-publish","format-standard","has-post-thumbnail","hentry","category-negocios","tag-azul-azul4","tag-gol-linhas-aereas-goll11-goll4"],"yoast_head":"<!-- This site is optimized with the Yoast SEO plugin v24.4 - https:\/\/yoast.com\/wordpress\/plugins\/seo\/ -->\n<title>Azul (AZUL4): tr\u00e1fego cai 15% em mar\u00e7o na compara\u00e7\u00e3o com fevereiro<\/title>\n<meta name=\"description\" content=\"A Azul divulgou nesta sexta-feira o seu tr\u00e1fego a\u00e9reo de mar\u00e7o, que caiu na base mensal por conta da pandemia. Clique aqui para saber mais.\" \/>\n<meta name=\"robots\" content=\"index, follow, max-snippet:-1, max-image-preview:large, max-video-preview:-1\" \/>\n<link rel=\"canonical\" href=\"https:\/\/www.suno.com.br\/noticias\/azul-azul4-trafego-cai-15-em-marco-na-comparacao-com-fevereiro\/\" \/>\n<meta property=\"og:locale\" content=\"pt_BR\" \/>\n<meta property=\"og:type\" content=\"article\" \/>\n<meta property=\"og:title\" content=\"Azul (AZUL4): tr\u00e1fego cai 15% em mar\u00e7o na compara\u00e7\u00e3o com fevereiro\" \/>\n<meta property=\"og:description\" content=\"A Azul divulgou nesta sexta-feira o seu tr\u00e1fego a\u00e9reo de mar\u00e7o, que caiu na base mensal por conta da pandemia. Clique aqui para saber mais.\" \/>\n<meta property=\"og:url\" content=\"https:\/\/www.suno.com.br\/noticias\/azul-azul4-trafego-cai-15-em-marco-na-comparacao-com-fevereiro\/\" \/>\n<meta property=\"og:site_name\" content=\"Suno Not\u00edcias\" \/>\n<meta property=\"article:publisher\" content=\"https:\/\/facebook.com\/sunoresearch\" \/>\n<meta property=\"og:image\" content=\"https:\/\/files.sunoresearch.com.br\/n\/uploads\/2021\/03\/5af25cd0-a320neoazul_foto_luisneves31.jpg\" \/>\n\t<meta property=\"og:image:width\" content=\"1200\" \/>\n\t<meta property=\"og:image:height\" content=\"800\" \/>\n\t<meta property=\"og:image:type\" content=\"image\/jpeg\" \/>\n<meta name=\"author\" content=\"Vitor Azevedo\" \/>\n<meta name=\"twitter:card\" content=\"summary_large_image\" \/>\n<meta name=\"twitter:creator\" content=\"@sunoresearch\" \/>\n<meta name=\"twitter:site\" content=\"@sunoresearch\" \/>\n<meta name=\"twitter:label1\" content=\"Escrito por\" \/>\n\t<meta name=\"twitter:data1\" content=\"Vitor Azevedo\" \/>\n\t<meta name=\"twitter:label2\" content=\"Est. tempo de leitura\" \/>\n\t<meta name=\"twitter:data2\" content=\"2 minutos\" \/>\n<script type=\"application\/ld+json\" class=\"yoast-schema-graph\">{\"@context\":\"https:\/\/schema.org\",\"@graph\":[{\"@type\":\"NewsArticle\",\"@id\":\"https:\/\/www.suno.com.br\/noticias\/azul-azul4-trafego-cai-15-em-marco-na-comparacao-com-fevereiro\/#article\",\"isPartOf\":{\"@id\":\"https:\/\/www.suno.com.br\/noticias\/azul-azul4-trafego-cai-15-em-marco-na-comparacao-com-fevereiro\/\"},\"author\":{\"name\":\"Vitor Azevedo\",\"@id\":\"https:\/\/www.suno.com.br\/noticias\/#\/schema\/person\/658d5fbc74d81f265f5df3562d0038ab\"},\"headline\":\"Azul (AZUL4): tr\u00e1fego cai 15% em mar\u00e7o na compara\u00e7\u00e3o com fevereiro\",\"datePublished\":\"2021-04-09T14:35:35+00:00\",\"dateModified\":\"2021-05-10T17:02:41+00:00\",\"mainEntityOfPage\":{\"@id\":\"https:\/\/www.suno.com.br\/noticias\/azul-azul4-trafego-cai-15-em-marco-na-comparacao-com-fevereiro\/\"},\"wordCount\":455,\"publisher\":{\"@id\":\"https:\/\/www.suno.com.br\/noticias\/#organization\"},\"image\":{\"@id\":\"https:\/\/www.suno.com.br\/noticias\/azul-azul4-trafego-cai-15-em-marco-na-comparacao-com-fevereiro\/#primaryimage\"},\"thumbnailUrl\":\"https:\/\/files.sunoresearch.com.br\/n\/uploads\/2021\/03\/5af25cd0-a320neoazul_foto_luisneves31-jpg.webp\",\"keywords\":[\"Azul (AZUL4)\",\"Gol Linhas A\u00e9reas (GOLL11\/GOLL4)\"],\"articleSection\":[\"Neg\u00f3cios\"],\"inLanguage\":\"pt-BR\"},{\"@type\":\"WebPage\",\"@id\":\"https:\/\/www.suno.com.br\/noticias\/azul-azul4-trafego-cai-15-em-marco-na-comparacao-com-fevereiro\/\",\"url\":\"https:\/\/www.suno.com.br\/noticias\/azul-azul4-trafego-cai-15-em-marco-na-comparacao-com-fevereiro\/\",\"name\":\"Azul (AZUL4): tr\u00e1fego cai 15% em mar\u00e7o na compara\u00e7\u00e3o com fevereiro\",\"isPartOf\":{\"@id\":\"https:\/\/www.suno.com.br\/noticias\/#website\"},\"primaryImageOfPage\":{\"@id\":\"https:\/\/www.suno.com.br\/noticias\/azul-azul4-trafego-cai-15-em-marco-na-comparacao-com-fevereiro\/#primaryimage\"},\"image\":{\"@id\":\"https:\/\/www.suno.com.br\/noticias\/azul-azul4-trafego-cai-15-em-marco-na-comparacao-com-fevereiro\/#primaryimage\"},\"thumbnailUrl\":\"https:\/\/files.sunoresearch.com.br\/n\/uploads\/2021\/03\/5af25cd0-a320neoazul_foto_luisneves31-jpg.webp\",\"datePublished\":\"2021-04-09T14:35:35+00:00\",\"dateModified\":\"2021-05-10T17:02:41+00:00\",\"description\":\"A Azul divulgou nesta sexta-feira o seu tr\u00e1fego a\u00e9reo de mar\u00e7o, que caiu na base mensal por conta da pandemia. Clique aqui para saber mais.\",\"breadcrumb\":{\"@id\":\"https:\/\/www.suno.com.br\/noticias\/azul-azul4-trafego-cai-15-em-marco-na-comparacao-com-fevereiro\/#breadcrumb\"},\"inLanguage\":\"pt-BR\",\"potentialAction\":[{\"@type\":\"ReadAction\",\"target\":[\"https:\/\/www.suno.com.br\/noticias\/azul-azul4-trafego-cai-15-em-marco-na-comparacao-com-fevereiro\/\"]}]},{\"@type\":\"ImageObject\",\"inLanguage\":\"pt-BR\",\"@id\":\"https:\/\/www.suno.com.br\/noticias\/azul-azul4-trafego-cai-15-em-marco-na-comparacao-com-fevereiro\/#primaryimage\",\"url\":\"https:\/\/files.sunoresearch.com.br\/n\/uploads\/2021\/03\/5af25cd0-a320neoazul_foto_luisneves31-jpg.webp\",\"contentUrl\":\"https:\/\/files.sunoresearch.com.br\/n\/uploads\/2021\/03\/5af25cd0-a320neoazul_foto_luisneves31-jpg.webp\",\"width\":1200,\"height\":800,\"caption\":\"Azul (AZUL4) - Avi\u00e3o A320 Neo. Foto: Divulga\u00e7\u00e3o Luis Neves\"},{\"@type\":\"BreadcrumbList\",\"@id\":\"https:\/\/www.suno.com.br\/noticias\/azul-azul4-trafego-cai-15-em-marco-na-comparacao-com-fevereiro\/#breadcrumb\",\"itemListElement\":[{\"@type\":\"ListItem\",\"position\":1,\"name\":\"Not\u00edcias\",\"item\":\"https:\/\/www.suno.com.br\/noticias\/\"},{\"@type\":\"ListItem\",\"position\":2,\"name\":\"Neg\u00f3cios\",\"item\":\"https:\/\/www.suno.com.br\/noticias\/negocios\/\"},{\"@type\":\"ListItem\",\"position\":3,\"name\":\"Azul (AZUL4): tr\u00e1fego cai 15% em mar\u00e7o na compara\u00e7\u00e3o com fevereiro\"}]},{\"@type\":\"WebSite\",\"@id\":\"https:\/\/www.suno.com.br\/noticias\/#website\",\"url\":\"https:\/\/www.suno.com.br\/noticias\/\",\"name\":\"Suno Not\u00edcias\",\"description\":\"Seu portal de informa\u00e7\u00e3o sobre o mundo dos investimentos\",\"publisher\":{\"@id\":\"https:\/\/www.suno.com.br\/noticias\/#organization\"},\"potentialAction\":[{\"@type\":\"SearchAction\",\"target\":{\"@type\":\"EntryPoint\",\"urlTemplate\":\"https:\/\/www.suno.com.br\/noticias\/?s={search_term_string}\"},\"query-input\":{\"@type\":\"PropertyValueSpecification\",\"valueRequired\":true,\"valueName\":\"search_term_string\"}}],\"inLanguage\":\"pt-BR\"},{\"@type\":\"Organization\",\"@id\":\"https:\/\/www.suno.com.br\/noticias\/#organization\",\"name\":\"Suno Not\u00edcias\",\"url\":\"https:\/\/www.suno.com.br\/noticias\/\",\"logo\":{\"@type\":\"ImageObject\",\"inLanguage\":\"pt-BR\",\"@id\":\"https:\/\/www.suno.com.br\/noticias\/#\/schema\/logo\/image\/\",\"url\":\"https:\/\/files.sunoresearch.com.br\/n\/uploads\/2021\/09\/suno-logo.png\",\"contentUrl\":\"https:\/\/files.sunoresearch.com.br\/n\/uploads\/2021\/09\/suno-logo.png\",\"width\":180,\"height\":180,\"caption\":\"Suno Not\u00edcias\"},\"image\":{\"@id\":\"https:\/\/www.suno.com.br\/noticias\/#\/schema\/logo\/image\/\"},\"sameAs\":[\"https:\/\/facebook.com\/sunoresearch\",\"https:\/\/x.com\/sunoresearch\",\"https:\/\/www.instagram.com\/suno\",\"https:\/\/www.linkedin.com\/company\/suno-research\/\",\"https:\/\/www.youtube.com\/c\/sunoresearch\"]},{\"@type\":\"Person\",\"@id\":\"https:\/\/www.suno.com.br\/noticias\/#\/schema\/person\/658d5fbc74d81f265f5df3562d0038ab\",\"name\":\"Vitor Azevedo\",\"image\":{\"@type\":\"ImageObject\",\"inLanguage\":\"pt-BR\",\"@id\":\"https:\/\/www.suno.com.br\/noticias\/#\/schema\/person\/image\/\",\"url\":\"https:\/\/secure.gravatar.com\/avatar\/62b86195291b446fe380824eb28b99a5?s=96&r=g\",\"contentUrl\":\"https:\/\/secure.gravatar.com\/avatar\/62b86195291b446fe380824eb28b99a5?s=96&r=g\",\"caption\":\"Vitor Azevedo\"},\"description\":\"Formado em jornalismo pela Unesp, escreve sobre economia e neg\u00f3cios para a Suno Not\u00edcias.\",\"url\":\"https:\/\/www.suno.com.br\/noticias\/author\/vitor-azevedo\/\"}]}<\/script>\n<!-- \/ Yoast SEO plugin. -->","yoast_head_json":{"title":"Azul (AZUL4): tr\u00e1fego cai 15% em mar\u00e7o na compara\u00e7\u00e3o com fevereiro","description":"A Azul divulgou nesta sexta-feira o seu tr\u00e1fego a\u00e9reo de mar\u00e7o, que caiu na base mensal por conta da pandemia. Clique aqui para saber mais.","robots":{"index":"index","follow":"follow","max-snippet":"max-snippet:-1","max-image-preview":"max-image-preview:large","max-video-preview":"max-video-preview:-1"},"canonical":"https:\/\/www.suno.com.br\/noticias\/azul-azul4-trafego-cai-15-em-marco-na-comparacao-com-fevereiro\/","og_locale":"pt_BR","og_type":"article","og_title":"Azul (AZUL4): tr\u00e1fego cai 15% em mar\u00e7o na compara\u00e7\u00e3o com fevereiro","og_description":"A Azul divulgou nesta sexta-feira o seu tr\u00e1fego a\u00e9reo de mar\u00e7o, que caiu na base mensal por conta da pandemia. Clique aqui para saber mais.","og_url":"https:\/\/www.suno.com.br\/noticias\/azul-azul4-trafego-cai-15-em-marco-na-comparacao-com-fevereiro\/","og_site_name":"Suno Not\u00edcias","article_publisher":"https:\/\/facebook.com\/sunoresearch","og_image":[{"width":1200,"height":800,"url":"https:\/\/files.sunoresearch.com.br\/n\/uploads\/2021\/03\/5af25cd0-a320neoazul_foto_luisneves31.jpg","type":"image\/jpeg"}],"author":"Vitor Azevedo","twitter_card":"summary_large_image","twitter_creator":"@sunoresearch","twitter_site":"@sunoresearch","twitter_misc":{"Escrito por":"Vitor Azevedo","Est. tempo de leitura":"2 minutos"},"schema":{"@context":"https:\/\/schema.org","@graph":[{"@type":"NewsArticle","@id":"https:\/\/www.suno.com.br\/noticias\/azul-azul4-trafego-cai-15-em-marco-na-comparacao-com-fevereiro\/#article","isPartOf":{"@id":"https:\/\/www.suno.com.br\/noticias\/azul-azul4-trafego-cai-15-em-marco-na-comparacao-com-fevereiro\/"},"author":{"name":"Vitor Azevedo","@id":"https:\/\/www.suno.com.br\/noticias\/#\/schema\/person\/658d5fbc74d81f265f5df3562d0038ab"},"headline":"Azul (AZUL4): tr\u00e1fego cai 15% em mar\u00e7o na compara\u00e7\u00e3o com fevereiro","datePublished":"2021-04-09T14:35:35+00:00","dateModified":"2021-05-10T17:02:41+00:00","mainEntityOfPage":{"@id":"https:\/\/www.suno.com.br\/noticias\/azul-azul4-trafego-cai-15-em-marco-na-comparacao-com-fevereiro\/"},"wordCount":455,"publisher":{"@id":"https:\/\/www.suno.com.br\/noticias\/#organization"},"image":{"@id":"https:\/\/www.suno.com.br\/noticias\/azul-azul4-trafego-cai-15-em-marco-na-comparacao-com-fevereiro\/#primaryimage"},"thumbnailUrl":"https:\/\/files.sunoresearch.com.br\/n\/uploads\/2021\/03\/5af25cd0-a320neoazul_foto_luisneves31-jpg.webp","keywords":["Azul (AZUL4)","Gol Linhas A\u00e9reas (GOLL11\/GOLL4)"],"articleSection":["Neg\u00f3cios"],"inLanguage":"pt-BR"},{"@type":"WebPage","@id":"https:\/\/www.suno.com.br\/noticias\/azul-azul4-trafego-cai-15-em-marco-na-comparacao-com-fevereiro\/","url":"https:\/\/www.suno.com.br\/noticias\/azul-azul4-trafego-cai-15-em-marco-na-comparacao-com-fevereiro\/","name":"Azul (AZUL4): tr\u00e1fego cai 15% em mar\u00e7o na compara\u00e7\u00e3o com fevereiro","isPartOf":{"@id":"https:\/\/www.suno.com.br\/noticias\/#website"},"primaryImageOfPage":{"@id":"https:\/\/www.suno.com.br\/noticias\/azul-azul4-trafego-cai-15-em-marco-na-comparacao-com-fevereiro\/#primaryimage"},"image":{"@id":"https:\/\/www.suno.com.br\/noticias\/azul-azul4-trafego-cai-15-em-marco-na-comparacao-com-fevereiro\/#primaryimage"},"thumbnailUrl":"https:\/\/files.sunoresearch.com.br\/n\/uploads\/2021\/03\/5af25cd0-a320neoazul_foto_luisneves31-jpg.webp","datePublished":"2021-04-09T14:35:35+00:00","dateModified":"2021-05-10T17:02:41+00:00","description":"A Azul divulgou nesta sexta-feira o seu tr\u00e1fego a\u00e9reo de mar\u00e7o, que caiu na base mensal por conta da pandemia. Clique aqui para saber mais.","breadcrumb":{"@id":"https:\/\/www.suno.com.br\/noticias\/azul-azul4-trafego-cai-15-em-marco-na-comparacao-com-fevereiro\/#breadcrumb"},"inLanguage":"pt-BR","potentialAction":[{"@type":"ReadAction","target":["https:\/\/www.suno.com.br\/noticias\/azul-azul4-trafego-cai-15-em-marco-na-comparacao-com-fevereiro\/"]}]},{"@type":"ImageObject","inLanguage":"pt-BR","@id":"https:\/\/www.suno.com.br\/noticias\/azul-azul4-trafego-cai-15-em-marco-na-comparacao-com-fevereiro\/#primaryimage","url":"https:\/\/files.sunoresearch.com.br\/n\/uploads\/2021\/03\/5af25cd0-a320neoazul_foto_luisneves31-jpg.webp","contentUrl":"https:\/\/files.sunoresearch.com.br\/n\/uploads\/2021\/03\/5af25cd0-a320neoazul_foto_luisneves31-jpg.webp","width":1200,"height":800,"caption":"Azul (AZUL4) - Avi\u00e3o A320 Neo. Foto: Divulga\u00e7\u00e3o Luis Neves"},{"@type":"BreadcrumbList","@id":"https:\/\/www.suno.com.br\/noticias\/azul-azul4-trafego-cai-15-em-marco-na-comparacao-com-fevereiro\/#breadcrumb","itemListElement":[{"@type":"ListItem","position":1,"name":"Not\u00edcias","item":"https:\/\/www.suno.com.br\/noticias\/"},{"@type":"ListItem","position":2,"name":"Neg\u00f3cios","item":"https:\/\/www.suno.com.br\/noticias\/negocios\/"},{"@type":"ListItem","position":3,"name":"Azul (AZUL4): tr\u00e1fego cai 15% em mar\u00e7o na compara\u00e7\u00e3o com fevereiro"}]},{"@type":"WebSite","@id":"https:\/\/www.suno.com.br\/noticias\/#website","url":"https:\/\/www.suno.com.br\/noticias\/","name":"Suno Not\u00edcias","description":"Seu portal de informa\u00e7\u00e3o sobre o mundo dos investimentos","publisher":{"@id":"https:\/\/www.suno.com.br\/noticias\/#organization"},"potentialAction":[{"@type":"SearchAction","target":{"@type":"EntryPoint","urlTemplate":"https:\/\/www.suno.com.br\/noticias\/?s={search_term_string}"},"query-input":{"@type":"PropertyValueSpecification","valueRequired":true,"valueName":"search_term_string"}}],"inLanguage":"pt-BR"},{"@type":"Organization","@id":"https:\/\/www.suno.com.br\/noticias\/#organization","name":"Suno Not\u00edcias","url":"https:\/\/www.suno.com.br\/noticias\/","logo":{"@type":"ImageObject","inLanguage":"pt-BR","@id":"https:\/\/www.suno.com.br\/noticias\/#\/schema\/logo\/image\/","url":"https:\/\/files.sunoresearch.com.br\/n\/uploads\/2021\/09\/suno-logo.png","contentUrl":"https:\/\/files.sunoresearch.com.br\/n\/uploads\/2021\/09\/suno-logo.png","width":180,"height":180,"caption":"Suno Not\u00edcias"},"image":{"@id":"https:\/\/www.suno.com.br\/noticias\/#\/schema\/logo\/image\/"},"sameAs":["https:\/\/facebook.com\/sunoresearch","https:\/\/x.com\/sunoresearch","https:\/\/www.instagram.com\/suno","https:\/\/www.linkedin.com\/company\/suno-research\/","https:\/\/www.youtube.com\/c\/sunoresearch"]},{"@type":"Person","@id":"https:\/\/www.suno.com.br\/noticias\/#\/schema\/person\/658d5fbc74d81f265f5df3562d0038ab","name":"Vitor Azevedo","image":{"@type":"ImageObject","inLanguage":"pt-BR","@id":"https:\/\/www.suno.com.br\/noticias\/#\/schema\/person\/image\/","url":"https:\/\/secure.gravatar.com\/avatar\/62b86195291b446fe380824eb28b99a5?s=96&r=g","contentUrl":"https:\/\/secure.gravatar.com\/avatar\/62b86195291b446fe380824eb28b99a5?s=96&r=g","caption":"Vitor Azevedo"},"description":"Formado em jornalismo pela Unesp, escreve sobre economia e neg\u00f3cios para a Suno Not\u00edcias.","url":"https:\/\/www.suno.com.br\/noticias\/author\/vitor-azevedo\/"}]}},"default_loop_html":"<div class=\"cardsPage__listCard__boxs\"><div class=\"cardsPage__listCard__boxs__img\"><a href=\"https:\/\/www.suno.com.br\/noticias\/azul-azul4-trafego-cai-15-em-marco-na-comparacao-com-fevereiro\/\"><img class=\"mask\" src=\"https:\/\/www.suno.com.br\/noticias\/wp-content\/themes\/suno\/resources\/images\/spotlight\/spotlight1img\/bg-mask.png\" alt=\"Image Mask\"\/><img src=\"https:\/\/files.sunoresearch.com.br\/n\/uploads\/2021\/03\/5af25cd0-a320neoazul_foto_luisneves31-400x200.webp\" alt=\"Azul (AZUL4): tr\u00e1fego cai 15% em mar\u00e7o na compara\u00e7\u00e3o com fevereiro\"\/><\/a><span class=\"spotlightCategory\"><a href=\"https:\/\/www.suno.com.br\/noticias\/negocios\/\">Neg\u00f3cios<\/a><\/span><\/div><div class=\"cardsPage__listCard__boxs__content\"><a href=\"https:\/\/www.suno.com.br\/noticias\/azul-azul4-trafego-cai-15-em-marco-na-comparacao-com-fevereiro\/\"><h2 class=\"content__title\">Azul (AZUL4): tr\u00e1fego cai 15% em mar\u00e7o na compara\u00e7\u00e3o com fevereiro<\/h2><\/a><div class=\"newsContent__article__meta\"><div class=\"newsContent__article__meta__authorBox\"><a href=\"https:\/\/www.suno.com.br\/noticias\/author\/vitor-azevedo\/\" class=\"authorBox__avatar noMobi\"><img src=\"https:\/\/secure.gravatar.com\/avatar\/62b86195291b446fe380824eb28b99a5?s=96&#038;r=g\" alt=\"Vitor Azevedo\"><\/a><div class=\"authorBox__name\"><span>por\n\t\t\t<a href=\"https:\/\/www.suno.com.br\/noticias\/author\/vitor-azevedo\/\"><span itemprop=\"author\">Vitor Azevedo<\/span><\/a><\/span><time datetime=\"2021-04-09T11:35:35-03:00\" itemprop=\"datePublished\">09\/04\/2021 11:35<\/time><\/div><\/div><\/div><\/div><\/div>","single_layout":"posts","amp_enabled":true,"_links":{"self":[{"href":"https:\/\/www.suno.com.br\/noticias\/wp-json\/wp\/v2\/posts\/138259"}],"collection":[{"href":"https:\/\/www.suno.com.br\/noticias\/wp-json\/wp\/v2\/posts"}],"about":[{"href":"https:\/\/www.suno.com.br\/noticias\/wp-json\/wp\/v2\/types\/post"}],"author":[{"embeddable":true,"href":"https:\/\/www.suno.com.br\/noticias\/wp-json\/wp\/v2\/users\/59"}],"replies":[{"embeddable":true,"href":"https:\/\/www.suno.com.br\/noticias\/wp-json\/wp\/v2\/comments?post=138259"}],"version-history":[{"count":1,"href":"https:\/\/www.suno.com.br\/noticias\/wp-json\/wp\/v2\/posts\/138259\/revisions"}],"predecessor-version":[{"id":138265,"href":"https:\/\/www.suno.com.br\/noticias\/wp-json\/wp\/v2\/posts\/138259\/revisions\/138265"}],"wp:featuredmedia":[{"embeddable":true,"href":"https:\/\/www.suno.com.br\/noticias\/wp-json\/wp\/v2\/media\/130155"}],"wp:attachment":[{"href":"https:\/\/www.suno.com.br\/noticias\/wp-json\/wp\/v2\/media?parent=138259"}],"wp:term":[{"taxonomy":"category","embeddable":true,"href":"https:\/\/www.suno.com.br\/noticias\/wp-json\/wp\/v2\/categories?post=138259"},{"taxonomy":"post_tag","embeddable":true,"href":"https:\/\/www.suno.com.br\/noticias\/wp-json\/wp\/v2\/tags?post=138259"},{"taxonomy":"suno_strategy","embeddable":true,"href":"https:\/\/www.suno.com.br\/noticias\/wp-json\/wp\/v2\/suno_strategy?post=138259"}],"curies":[{"name":"wp","href":"https:\/\/api.w.org\/{rel}","templated":true}]}}