{"id":13824,"date":"2019-02-01T13:47:27","date_gmt":"2019-02-01T15:47:27","guid":{"rendered":"https:\/\/www.suno.com.br\/noticias\/?p=13824"},"modified":"2019-02-01T13:47:27","modified_gmt":"2019-02-01T15:47:27","slug":"carrefour-unidade-ecommerce-alimentos","status":"publish","type":"post","link":"https:\/\/www.suno.com.br\/noticias\/carrefour-unidade-ecommerce-alimentos\/","title":{"rendered":"Carrefour anuncia nova unidade com foco no e-commerce de alimentos"},"content":{"rendered":"<p>O <a href=\"https:\/\/www.suno.com.br\/artigos\/crfb3-vale-pena-participar-do-ipo-do-carrefour\/\">Carrefour Brasil (CRFB3)<\/a> anunciou nesta sexta (1\u00ba) a cria\u00e7\u00e3o do Carrefour eBusiness Brasil (CeBB), sua nova unidade de neg\u00f3cios. A empresa visa tamb\u00e9m iniciativas que incluam parcerias com startups.<\/p>\t<div class=\"wrapper-featured-image\">\n\t\t<figure class=\"spotlightImg\">\n\n\t\t\t<picture>\n\t\t\t\t<source media=\"(max-width: 768px)\" srcset=\"https:\/\/files.sunoresearch.com.br\/n\/uploads\/2018\/09\/073e3b0c-carrefour-400x200.webp\">\n\t\t\t\t<img loading=\"lazy\" decoding=\"async\" class=\"newsContent__article__imgCapa lazyloadDisabled newsContent__article__imgCapa--noCaption\" src=\"https:\/\/files.sunoresearch.com.br\/n\/uploads\/2018\/09\/073e3b0c-carrefour-800x450.webp\" width=\"800\" height=\"450\" alt=\"Carrefour anuncia nova unidade com foco no e-commerce de alimentos\" fetchpriority=high \/>\n\t\t\t<\/picture>\n\n\t\t\t<figcaption class=\"wp-caption-text wp-caption-text--hide\">Carrefour vende filial chinesa por 620 milh\u00f5es de euros ao Suning.com<\/figcaption>\n\t\t<\/figure>\n\t<\/div>\n\n\n<p>Segundo o <strong>Carrefour<\/strong>, o movimento \u00e9 voltado para acelerar a transforma\u00e7\u00e3o digital e &#8220;alcan\u00e7ar o objetivo de se tornar l\u00edder de mercado no segmento de e-commerce de alimentos&#8221;. A nova unidade ser\u00e1 liderada por <strong>Paula Cardoso<\/strong>.<\/p>\n<p><a href=\"https:\/\/www.suno.com.br\/noticias\/carrefour-vendas-consolidadas-4-trimestre\/\">Saiba mais: Carrefour Brasil atinge R$ 15,8 bi em vendas consolidadas no 4\u00ba trimestre<\/a><\/p>\n<p>Ela atuou como CEO do <strong>Carrefour<\/strong> Solu\u00e7\u00f5es Financeiras (CSF) durante os \u00faltimos seis anos. Em 2018, esteve \u00e0 frente tamb\u00e9m da Transforma\u00e7\u00e3o Digital do <strong>Carrefour Brasil<\/strong>. Agora, com a cria\u00e7\u00e3o do CeBB, Cardoso estar\u00e1 dedicada somente ao eBusiness. Al\u00e9m disso, passar\u00e1 a integrar o Conselho de Administra\u00e7\u00e3o do CSF.<\/p>\n<p>Para o antigo cargo de Paula Cardoso, o <strong>Carrefour<\/strong> anunciou a nomea\u00e7\u00e3o de <strong>Carlos Mauad<\/strong>. Com &#8220;s\u00f3lida experi\u00eancia no mercado financeiro, em solu\u00e7\u00f5es de pagamento e em estrutura\u00e7\u00e3o de produtos financeiros e aquisi\u00e7\u00f5es de clientes, segundo a empresa, Mauad atuou anteriormente como diretor comercial da Smiles S.A.<\/p>\n<p><a href=\"https:\/\/www.suno.com.br\/noticias\/carrefour-investira-bilhao-brasil\/\">Saiba mais: Carrefour investir\u00e1 R$ 1,8 bilh\u00e3o no Brasil em 2019<\/a><\/p>\n<p>&#8220;Acelerar nossa jornada digital \u00e9 pe\u00e7a fundamental do plano de transforma\u00e7\u00e3o do Grupo, e nessa linha o <strong>Carrefour Brasil<\/strong> estabeleceu a meta de assumir a lideran\u00e7a no e-commerce de alimentos no Brasil no m\u00e9dio prazo&#8221;, declarou <strong>No\u00ebl Prioux<\/strong>, CEO do grupo no Brasil. &#8220;A cria\u00e7\u00e3o do Carrefour eBusiness Brasil e a nomea\u00e7\u00e3o da Paula Cardoso para lider\u00e1-lo s\u00e3o sinais claros do nosso compromisso em construir uma s\u00f3lida plataforma de e-commerce como parte da nossa estrat\u00e9gia omnicanal&#8221;.<\/p>\n<p>Analistas do <strong>BTG Pactual<\/strong> analisaram a cria\u00e7\u00e3o da nova unidade como um refor\u00e7o no foco da companhia no digital. &#8220;O an\u00fancio refor\u00e7a o foco do <strong>Carrefour<\/strong> na estrat\u00e9gia de transforma\u00e7\u00e3o digital, alavancada pela extensa base de lojas f\u00edsicas e pelo modelo multicanal, assim como pelas estrat\u00e9gias comerciais e log\u00edsticas unificadas&#8221;, escreveram os analistas Fabio Monteiro e Luiz Guanais.<\/p>\n","protected":false},"excerpt":{"rendered":"<p>O Carrefour Brasil (CRFB3) anunciou nesta sexta (1\u00ba) a cria\u00e7\u00e3o do Carrefour eBusiness Brasil (CeBB), sua nova unidade de neg\u00f3cios. A empresa visa tamb\u00e9m iniciativas que incluam parcerias com startups. Carrefour vende filial chinesa por 620 milh\u00f5es de euros ao Suning.com Segundo o Carrefour, o movimento \u00e9 voltado para acelerar a transforma\u00e7\u00e3o digital e &#8220;alcan\u00e7ar [&hellip;]<\/p>\n","protected":false},"author":13,"featured_media":4286,"comment_status":"closed","ping_status":"closed","sticky":false,"template":"","format":"standard","meta":[],"categories":[64],"tags":[405,708],"suno_strategy":[],"class_list":["post-13824","post","type-post","status-publish","format-standard","has-post-thumbnail","hentry","category-negocios","tag-carrefour-crfb3","tag-startups"],"yoast_head":"<!-- This site is optimized with the Yoast SEO plugin v24.4 - https:\/\/yoast.com\/wordpress\/plugins\/seo\/ -->\n<title>Carrefour anuncia nova unidade com foco no e-commerce de alimentos<\/title>\n<meta name=\"description\" content=\"O Carrefour Brasil anunciou nesta sexta (1\u00ba) a cria\u00e7\u00e3o do Carrefour eBusiness Brasil (CeBB), sua nova unidade de neg\u00f3cios. Clique e saiba+\" \/>\n<meta name=\"robots\" content=\"index, follow, max-snippet:-1, max-image-preview:large, max-video-preview:-1\" \/>\n<link rel=\"canonical\" href=\"https:\/\/www.suno.com.br\/noticias\/carrefour-unidade-ecommerce-alimentos\/\" \/>\n<meta property=\"og:locale\" content=\"pt_BR\" \/>\n<meta property=\"og:type\" content=\"article\" \/>\n<meta property=\"og:title\" content=\"Carrefour anuncia nova unidade com foco no e-commerce de alimentos\" \/>\n<meta property=\"og:description\" content=\"O Carrefour Brasil anunciou nesta sexta (1\u00ba) a cria\u00e7\u00e3o do Carrefour eBusiness Brasil (CeBB), sua nova unidade de neg\u00f3cios. Clique e saiba+\" \/>\n<meta property=\"og:url\" content=\"https:\/\/www.suno.com.br\/noticias\/carrefour-unidade-ecommerce-alimentos\/\" \/>\n<meta property=\"og:site_name\" content=\"Suno Not\u00edcias\" \/>\n<meta property=\"article:publisher\" content=\"https:\/\/facebook.com\/sunoresearch\" \/>\n<meta property=\"og:image\" content=\"https:\/\/files.sunoresearch.com.br\/n\/uploads\/2018\/09\/073e3b0c-carrefour.jpg\" \/>\n\t<meta property=\"og:image:width\" content=\"2560\" \/>\n\t<meta property=\"og:image:height\" content=\"1707\" \/>\n\t<meta property=\"og:image:type\" content=\"image\/jpeg\" \/>\n<meta name=\"author\" content=\"Guilherme Caetano\" \/>\n<meta name=\"twitter:card\" content=\"summary_large_image\" \/>\n<meta name=\"twitter:creator\" content=\"@sunoresearch\" \/>\n<meta name=\"twitter:site\" content=\"@sunoresearch\" \/>\n<meta name=\"twitter:label1\" content=\"Escrito por\" \/>\n\t<meta name=\"twitter:data1\" content=\"Guilherme Caetano\" \/>\n\t<meta name=\"twitter:label2\" content=\"Est. tempo de leitura\" \/>\n\t<meta name=\"twitter:data2\" content=\"2 minutos\" \/>\n<script type=\"application\/ld+json\" class=\"yoast-schema-graph\">{\"@context\":\"https:\/\/schema.org\",\"@graph\":[{\"@type\":\"NewsArticle\",\"@id\":\"https:\/\/www.suno.com.br\/noticias\/carrefour-unidade-ecommerce-alimentos\/#article\",\"isPartOf\":{\"@id\":\"https:\/\/www.suno.com.br\/noticias\/carrefour-unidade-ecommerce-alimentos\/\"},\"author\":{\"name\":\"Guilherme Caetano\",\"@id\":\"https:\/\/www.suno.com.br\/noticias\/#\/schema\/person\/0d0c9687cd2f600c564f25980c140de9\"},\"headline\":\"Carrefour anuncia nova unidade com foco no e-commerce de alimentos\",\"datePublished\":\"2019-02-01T15:47:27+00:00\",\"mainEntityOfPage\":{\"@id\":\"https:\/\/www.suno.com.br\/noticias\/carrefour-unidade-ecommerce-alimentos\/\"},\"wordCount\":362,\"publisher\":{\"@id\":\"https:\/\/www.suno.com.br\/noticias\/#organization\"},\"image\":{\"@id\":\"https:\/\/www.suno.com.br\/noticias\/carrefour-unidade-ecommerce-alimentos\/#primaryimage\"},\"thumbnailUrl\":\"https:\/\/files.sunoresearch.com.br\/n\/uploads\/2018\/09\/073e3b0c-carrefour-jpg.webp\",\"keywords\":[\"Carrefour (CRFB3)\",\"startups\"],\"articleSection\":[\"Neg\u00f3cios\"],\"inLanguage\":\"pt-BR\"},{\"@type\":\"WebPage\",\"@id\":\"https:\/\/www.suno.com.br\/noticias\/carrefour-unidade-ecommerce-alimentos\/\",\"url\":\"https:\/\/www.suno.com.br\/noticias\/carrefour-unidade-ecommerce-alimentos\/\",\"name\":\"Carrefour anuncia nova unidade com foco no e-commerce de alimentos\",\"isPartOf\":{\"@id\":\"https:\/\/www.suno.com.br\/noticias\/#website\"},\"primaryImageOfPage\":{\"@id\":\"https:\/\/www.suno.com.br\/noticias\/carrefour-unidade-ecommerce-alimentos\/#primaryimage\"},\"image\":{\"@id\":\"https:\/\/www.suno.com.br\/noticias\/carrefour-unidade-ecommerce-alimentos\/#primaryimage\"},\"thumbnailUrl\":\"https:\/\/files.sunoresearch.com.br\/n\/uploads\/2018\/09\/073e3b0c-carrefour-jpg.webp\",\"datePublished\":\"2019-02-01T15:47:27+00:00\",\"description\":\"O Carrefour Brasil anunciou nesta sexta (1\u00ba) a cria\u00e7\u00e3o do Carrefour eBusiness Brasil (CeBB), sua nova unidade de neg\u00f3cios. Clique e saiba+\",\"breadcrumb\":{\"@id\":\"https:\/\/www.suno.com.br\/noticias\/carrefour-unidade-ecommerce-alimentos\/#breadcrumb\"},\"inLanguage\":\"pt-BR\",\"potentialAction\":[{\"@type\":\"ReadAction\",\"target\":[\"https:\/\/www.suno.com.br\/noticias\/carrefour-unidade-ecommerce-alimentos\/\"]}]},{\"@type\":\"ImageObject\",\"inLanguage\":\"pt-BR\",\"@id\":\"https:\/\/www.suno.com.br\/noticias\/carrefour-unidade-ecommerce-alimentos\/#primaryimage\",\"url\":\"https:\/\/files.sunoresearch.com.br\/n\/uploads\/2018\/09\/073e3b0c-carrefour-jpg.webp\",\"contentUrl\":\"https:\/\/files.sunoresearch.com.br\/n\/uploads\/2018\/09\/073e3b0c-carrefour-jpg.webp\",\"width\":2560,\"height\":1707,\"caption\":\"Carrefour vende filial chinesa por 620 milh\u00f5es de euros ao Suning.com\"},{\"@type\":\"BreadcrumbList\",\"@id\":\"https:\/\/www.suno.com.br\/noticias\/carrefour-unidade-ecommerce-alimentos\/#breadcrumb\",\"itemListElement\":[{\"@type\":\"ListItem\",\"position\":1,\"name\":\"Not\u00edcias\",\"item\":\"https:\/\/www.suno.com.br\/noticias\/\"},{\"@type\":\"ListItem\",\"position\":2,\"name\":\"Neg\u00f3cios\",\"item\":\"https:\/\/www.suno.com.br\/noticias\/negocios\/\"},{\"@type\":\"ListItem\",\"position\":3,\"name\":\"Carrefour anuncia nova unidade com foco no e-commerce de alimentos\"}]},{\"@type\":\"WebSite\",\"@id\":\"https:\/\/www.suno.com.br\/noticias\/#website\",\"url\":\"https:\/\/www.suno.com.br\/noticias\/\",\"name\":\"Suno Not\u00edcias\",\"description\":\"Seu portal de informa\u00e7\u00e3o sobre o mundo dos investimentos\",\"publisher\":{\"@id\":\"https:\/\/www.suno.com.br\/noticias\/#organization\"},\"potentialAction\":[{\"@type\":\"SearchAction\",\"target\":{\"@type\":\"EntryPoint\",\"urlTemplate\":\"https:\/\/www.suno.com.br\/noticias\/?s={search_term_string}\"},\"query-input\":{\"@type\":\"PropertyValueSpecification\",\"valueRequired\":true,\"valueName\":\"search_term_string\"}}],\"inLanguage\":\"pt-BR\"},{\"@type\":\"Organization\",\"@id\":\"https:\/\/www.suno.com.br\/noticias\/#organization\",\"name\":\"Suno Not\u00edcias\",\"url\":\"https:\/\/www.suno.com.br\/noticias\/\",\"logo\":{\"@type\":\"ImageObject\",\"inLanguage\":\"pt-BR\",\"@id\":\"https:\/\/www.suno.com.br\/noticias\/#\/schema\/logo\/image\/\",\"url\":\"https:\/\/files.sunoresearch.com.br\/n\/uploads\/2021\/09\/suno-logo.png\",\"contentUrl\":\"https:\/\/files.sunoresearch.com.br\/n\/uploads\/2021\/09\/suno-logo.png\",\"width\":180,\"height\":180,\"caption\":\"Suno Not\u00edcias\"},\"image\":{\"@id\":\"https:\/\/www.suno.com.br\/noticias\/#\/schema\/logo\/image\/\"},\"sameAs\":[\"https:\/\/facebook.com\/sunoresearch\",\"https:\/\/x.com\/sunoresearch\",\"https:\/\/www.instagram.com\/suno\",\"https:\/\/www.linkedin.com\/company\/suno-research\/\",\"https:\/\/www.youtube.com\/c\/sunoresearch\"]},{\"@type\":\"Person\",\"@id\":\"https:\/\/www.suno.com.br\/noticias\/#\/schema\/person\/0d0c9687cd2f600c564f25980c140de9\",\"name\":\"Guilherme Caetano\",\"image\":{\"@type\":\"ImageObject\",\"inLanguage\":\"pt-BR\",\"@id\":\"https:\/\/www.suno.com.br\/noticias\/#\/schema\/person\/image\/\",\"url\":\"https:\/\/secure.gravatar.com\/avatar\/e48357351a01702a0d19307070e081bf?s=96&r=g\",\"contentUrl\":\"https:\/\/secure.gravatar.com\/avatar\/e48357351a01702a0d19307070e081bf?s=96&r=g\",\"caption\":\"Guilherme Caetano\"},\"description\":\"Formado em jornalismo pela Escola de Comunica\u00e7\u00f5es e Artes da USP, Guilherme Caetano escreve para o portal de not\u00edcias da Suno Research. Passou pelas reda\u00e7\u00f5es da Folha de S.Paulo e da revista \u00c9poca.\",\"url\":\"https:\/\/www.suno.com.br\/noticias\/author\/guilherme-caetano\/\"}]}<\/script>\n<!-- \/ Yoast SEO plugin. -->","yoast_head_json":{"title":"Carrefour anuncia nova unidade com foco no e-commerce de alimentos","description":"O Carrefour Brasil anunciou nesta sexta (1\u00ba) a cria\u00e7\u00e3o do Carrefour eBusiness Brasil (CeBB), sua nova unidade de neg\u00f3cios. Clique e saiba+","robots":{"index":"index","follow":"follow","max-snippet":"max-snippet:-1","max-image-preview":"max-image-preview:large","max-video-preview":"max-video-preview:-1"},"canonical":"https:\/\/www.suno.com.br\/noticias\/carrefour-unidade-ecommerce-alimentos\/","og_locale":"pt_BR","og_type":"article","og_title":"Carrefour anuncia nova unidade com foco no e-commerce de alimentos","og_description":"O Carrefour Brasil anunciou nesta sexta (1\u00ba) a cria\u00e7\u00e3o do Carrefour eBusiness Brasil (CeBB), sua nova unidade de neg\u00f3cios. Clique e saiba+","og_url":"https:\/\/www.suno.com.br\/noticias\/carrefour-unidade-ecommerce-alimentos\/","og_site_name":"Suno Not\u00edcias","article_publisher":"https:\/\/facebook.com\/sunoresearch","og_image":[{"width":2560,"height":1707,"url":"https:\/\/files.sunoresearch.com.br\/n\/uploads\/2018\/09\/073e3b0c-carrefour.jpg","type":"image\/jpeg"}],"author":"Guilherme Caetano","twitter_card":"summary_large_image","twitter_creator":"@sunoresearch","twitter_site":"@sunoresearch","twitter_misc":{"Escrito por":"Guilherme Caetano","Est. tempo de leitura":"2 minutos"},"schema":{"@context":"https:\/\/schema.org","@graph":[{"@type":"NewsArticle","@id":"https:\/\/www.suno.com.br\/noticias\/carrefour-unidade-ecommerce-alimentos\/#article","isPartOf":{"@id":"https:\/\/www.suno.com.br\/noticias\/carrefour-unidade-ecommerce-alimentos\/"},"author":{"name":"Guilherme Caetano","@id":"https:\/\/www.suno.com.br\/noticias\/#\/schema\/person\/0d0c9687cd2f600c564f25980c140de9"},"headline":"Carrefour anuncia nova unidade com foco no e-commerce de alimentos","datePublished":"2019-02-01T15:47:27+00:00","mainEntityOfPage":{"@id":"https:\/\/www.suno.com.br\/noticias\/carrefour-unidade-ecommerce-alimentos\/"},"wordCount":362,"publisher":{"@id":"https:\/\/www.suno.com.br\/noticias\/#organization"},"image":{"@id":"https:\/\/www.suno.com.br\/noticias\/carrefour-unidade-ecommerce-alimentos\/#primaryimage"},"thumbnailUrl":"https:\/\/files.sunoresearch.com.br\/n\/uploads\/2018\/09\/073e3b0c-carrefour-jpg.webp","keywords":["Carrefour (CRFB3)","startups"],"articleSection":["Neg\u00f3cios"],"inLanguage":"pt-BR"},{"@type":"WebPage","@id":"https:\/\/www.suno.com.br\/noticias\/carrefour-unidade-ecommerce-alimentos\/","url":"https:\/\/www.suno.com.br\/noticias\/carrefour-unidade-ecommerce-alimentos\/","name":"Carrefour anuncia nova unidade com foco no e-commerce de alimentos","isPartOf":{"@id":"https:\/\/www.suno.com.br\/noticias\/#website"},"primaryImageOfPage":{"@id":"https:\/\/www.suno.com.br\/noticias\/carrefour-unidade-ecommerce-alimentos\/#primaryimage"},"image":{"@id":"https:\/\/www.suno.com.br\/noticias\/carrefour-unidade-ecommerce-alimentos\/#primaryimage"},"thumbnailUrl":"https:\/\/files.sunoresearch.com.br\/n\/uploads\/2018\/09\/073e3b0c-carrefour-jpg.webp","datePublished":"2019-02-01T15:47:27+00:00","description":"O Carrefour Brasil anunciou nesta sexta (1\u00ba) a cria\u00e7\u00e3o do Carrefour eBusiness Brasil (CeBB), sua nova unidade de neg\u00f3cios. Clique e saiba+","breadcrumb":{"@id":"https:\/\/www.suno.com.br\/noticias\/carrefour-unidade-ecommerce-alimentos\/#breadcrumb"},"inLanguage":"pt-BR","potentialAction":[{"@type":"ReadAction","target":["https:\/\/www.suno.com.br\/noticias\/carrefour-unidade-ecommerce-alimentos\/"]}]},{"@type":"ImageObject","inLanguage":"pt-BR","@id":"https:\/\/www.suno.com.br\/noticias\/carrefour-unidade-ecommerce-alimentos\/#primaryimage","url":"https:\/\/files.sunoresearch.com.br\/n\/uploads\/2018\/09\/073e3b0c-carrefour-jpg.webp","contentUrl":"https:\/\/files.sunoresearch.com.br\/n\/uploads\/2018\/09\/073e3b0c-carrefour-jpg.webp","width":2560,"height":1707,"caption":"Carrefour vende filial chinesa por 620 milh\u00f5es de euros ao Suning.com"},{"@type":"BreadcrumbList","@id":"https:\/\/www.suno.com.br\/noticias\/carrefour-unidade-ecommerce-alimentos\/#breadcrumb","itemListElement":[{"@type":"ListItem","position":1,"name":"Not\u00edcias","item":"https:\/\/www.suno.com.br\/noticias\/"},{"@type":"ListItem","position":2,"name":"Neg\u00f3cios","item":"https:\/\/www.suno.com.br\/noticias\/negocios\/"},{"@type":"ListItem","position":3,"name":"Carrefour anuncia nova unidade com foco no e-commerce de alimentos"}]},{"@type":"WebSite","@id":"https:\/\/www.suno.com.br\/noticias\/#website","url":"https:\/\/www.suno.com.br\/noticias\/","name":"Suno Not\u00edcias","description":"Seu portal de informa\u00e7\u00e3o sobre o mundo dos investimentos","publisher":{"@id":"https:\/\/www.suno.com.br\/noticias\/#organization"},"potentialAction":[{"@type":"SearchAction","target":{"@type":"EntryPoint","urlTemplate":"https:\/\/www.suno.com.br\/noticias\/?s={search_term_string}"},"query-input":{"@type":"PropertyValueSpecification","valueRequired":true,"valueName":"search_term_string"}}],"inLanguage":"pt-BR"},{"@type":"Organization","@id":"https:\/\/www.suno.com.br\/noticias\/#organization","name":"Suno Not\u00edcias","url":"https:\/\/www.suno.com.br\/noticias\/","logo":{"@type":"ImageObject","inLanguage":"pt-BR","@id":"https:\/\/www.suno.com.br\/noticias\/#\/schema\/logo\/image\/","url":"https:\/\/files.sunoresearch.com.br\/n\/uploads\/2021\/09\/suno-logo.png","contentUrl":"https:\/\/files.sunoresearch.com.br\/n\/uploads\/2021\/09\/suno-logo.png","width":180,"height":180,"caption":"Suno Not\u00edcias"},"image":{"@id":"https:\/\/www.suno.com.br\/noticias\/#\/schema\/logo\/image\/"},"sameAs":["https:\/\/facebook.com\/sunoresearch","https:\/\/x.com\/sunoresearch","https:\/\/www.instagram.com\/suno","https:\/\/www.linkedin.com\/company\/suno-research\/","https:\/\/www.youtube.com\/c\/sunoresearch"]},{"@type":"Person","@id":"https:\/\/www.suno.com.br\/noticias\/#\/schema\/person\/0d0c9687cd2f600c564f25980c140de9","name":"Guilherme Caetano","image":{"@type":"ImageObject","inLanguage":"pt-BR","@id":"https:\/\/www.suno.com.br\/noticias\/#\/schema\/person\/image\/","url":"https:\/\/secure.gravatar.com\/avatar\/e48357351a01702a0d19307070e081bf?s=96&r=g","contentUrl":"https:\/\/secure.gravatar.com\/avatar\/e48357351a01702a0d19307070e081bf?s=96&r=g","caption":"Guilherme Caetano"},"description":"Formado em jornalismo pela Escola de Comunica\u00e7\u00f5es e Artes da USP, Guilherme Caetano escreve para o portal de not\u00edcias da Suno Research. Passou pelas reda\u00e7\u00f5es da Folha de S.Paulo e da revista \u00c9poca.","url":"https:\/\/www.suno.com.br\/noticias\/author\/guilherme-caetano\/"}]}},"default_loop_html":"<div class=\"cardsPage__listCard__boxs\"><div class=\"cardsPage__listCard__boxs__img\"><a href=\"https:\/\/www.suno.com.br\/noticias\/carrefour-unidade-ecommerce-alimentos\/\"><img class=\"mask\" src=\"https:\/\/www.suno.com.br\/noticias\/wp-content\/themes\/suno\/resources\/images\/spotlight\/spotlight1img\/bg-mask.png\" alt=\"Image Mask\"\/><img src=\"https:\/\/files.sunoresearch.com.br\/n\/uploads\/2018\/09\/073e3b0c-carrefour-400x200.webp\" alt=\"Carrefour anuncia nova unidade com foco no e-commerce de alimentos\"\/><\/a><span class=\"spotlightCategory\"><a href=\"https:\/\/www.suno.com.br\/noticias\/negocios\/\">Neg\u00f3cios<\/a><\/span><\/div><div class=\"cardsPage__listCard__boxs__content\"><a href=\"https:\/\/www.suno.com.br\/noticias\/carrefour-unidade-ecommerce-alimentos\/\"><h2 class=\"content__title\">Carrefour anuncia nova unidade com foco no e-commerce de alimentos<\/h2><\/a><div class=\"newsContent__article__meta\"><div class=\"newsContent__article__meta__authorBox\"><a href=\"https:\/\/www.suno.com.br\/noticias\/author\/guilherme-caetano\/\" class=\"authorBox__avatar noMobi\"><img src=\"https:\/\/secure.gravatar.com\/avatar\/e48357351a01702a0d19307070e081bf?s=96&#038;r=g\" alt=\"Guilherme Caetano\"><\/a><div class=\"authorBox__name\"><span>por\n\t\t\t<a href=\"https:\/\/www.suno.com.br\/noticias\/author\/guilherme-caetano\/\"><span itemprop=\"author\">Guilherme Caetano<\/span><\/a><\/span><time datetime=\"2019-02-01T13:47:27-02:00\" itemprop=\"datePublished\">01\/02\/2019 13:47<\/time><\/div><\/div><\/div><\/div><\/div>","single_layout":"posts","amp_enabled":true,"_links":{"self":[{"href":"https:\/\/www.suno.com.br\/noticias\/wp-json\/wp\/v2\/posts\/13824"}],"collection":[{"href":"https:\/\/www.suno.com.br\/noticias\/wp-json\/wp\/v2\/posts"}],"about":[{"href":"https:\/\/www.suno.com.br\/noticias\/wp-json\/wp\/v2\/types\/post"}],"author":[{"embeddable":true,"href":"https:\/\/www.suno.com.br\/noticias\/wp-json\/wp\/v2\/users\/13"}],"replies":[{"embeddable":true,"href":"https:\/\/www.suno.com.br\/noticias\/wp-json\/wp\/v2\/comments?post=13824"}],"version-history":[{"count":0,"href":"https:\/\/www.suno.com.br\/noticias\/wp-json\/wp\/v2\/posts\/13824\/revisions"}],"wp:featuredmedia":[{"embeddable":true,"href":"https:\/\/www.suno.com.br\/noticias\/wp-json\/wp\/v2\/media\/4286"}],"wp:attachment":[{"href":"https:\/\/www.suno.com.br\/noticias\/wp-json\/wp\/v2\/media?parent=13824"}],"wp:term":[{"taxonomy":"category","embeddable":true,"href":"https:\/\/www.suno.com.br\/noticias\/wp-json\/wp\/v2\/categories?post=13824"},{"taxonomy":"post_tag","embeddable":true,"href":"https:\/\/www.suno.com.br\/noticias\/wp-json\/wp\/v2\/tags?post=13824"},{"taxonomy":"suno_strategy","embeddable":true,"href":"https:\/\/www.suno.com.br\/noticias\/wp-json\/wp\/v2\/suno_strategy?post=13824"}],"curies":[{"name":"wp","href":"https:\/\/api.w.org\/{rel}","templated":true}]}}