{"id":138200,"date":"2021-04-09T10:16:34","date_gmt":"2021-04-09T13:16:34","guid":{"rendered":"https:\/\/www.suno.com.br\/noticias\/?p=138200"},"modified":"2021-04-09T10:23:46","modified_gmt":"2021-04-09T13:23:46","slug":"stf-obriga-senado-a-implementar-cpi-da-covid","status":"publish","type":"post","link":"https:\/\/www.suno.com.br\/noticias\/stf-obriga-senado-a-implementar-cpi-da-covid\/","title":{"rendered":"Supremo Tribunal Federal (STF) determina que Senado instaure CPI da Covid"},"content":{"rendered":"<p>O ministro Lu\u00eds Roberto Barroso, do Supremo Tribunal Federal (STF), determinou nesta quinta-feira (8) que o presidente do Senado, Rodrigo Pacheco (DEM), instaure a <strong>CPI da Covid<\/strong>. Parte das informa\u00e7\u00f5es s\u00e3o do jornal Estad\u00e3o.<\/p>\t<div class=\"wrapper-featured-image\">\n\t\t<figure class=\"spotlightImg\">\n\n\t\t\t<picture>\n\t\t\t\t<source media=\"(max-width: 768px)\" srcset=\"https:\/\/files.sunoresearch.com.br\/n\/uploads\/2021\/04\/19f86a4d-barroso-400x200.jpg\">\n\t\t\t\t<img loading=\"lazy\" decoding=\"async\" class=\"newsContent__article__imgCapa lazyloadDisabled \" src=\"https:\/\/files.sunoresearch.com.br\/n\/uploads\/2021\/04\/19f86a4d-barroso-800x450.jpg\" width=\"800\" height=\"450\" alt=\"Supremo Tribunal Federal (STF) determina que Senado instaure CPI da Covid\" fetchpriority=high \/>\n\t\t\t<\/picture>\n\n\t\t\t<figcaption class=\"wp-caption-text wp-caption-text--show\">Foto: Marcello Casal Jr \/ Ag\u00eancia Brasil<\/figcaption>\n\t\t<\/figure>\n\t<\/div>\n\n\n<p><span style=\"font-weight: 400;\">\t<p>\n\t\t<a href=\"https:\/\/lp.suno.com.br\/planilha-controle-gastos\/\" target=\"_blank\" data-element=\"shortcode-suno-banner\" title=\"Banner SUNO, clique e saiba mais\">\n\t\t\t<picture>\n\t\t\t\t<source media=\"(max-width: 500px)\" srcset=\"https:\/\/files.sunoresearch.com.br\/n\/uploads\/2023\/03\/400x300-Planilha-controle-de-gastos.png\">\n\t\t\t\t<img class=\"newsContent__article__imgCapa newsContent__article__imgCapa--banner\"\n\t\t\t\t\tsrc=\"https:\/\/files.sunoresearch.com.br\/n\/uploads\/2023\/03\/1420x240-Planilha-controle-de-gastos.png\"\n\t\t\t\t\tdata-promo-id=\"101751\"\t\t\t\t\t\t\t\t\t\twidth='1420' height='240'\t\t\t\t\talt=\"https:\/\/files.sunoresearch.com.br\/n\/uploads\/2023\/03\/1420x240-Planilha-controle-de-gastos.png\"\n\t\t\t\t>\n\t\t\t<\/picture>\n\t\t<\/a>\n\t<\/p>\n\n<\/span><\/p>\n<p>A decis\u00e3o foi <strong>vista com um rev\u00e9s ao Pal\u00e1cio do Planalto<\/strong>, uma vez que a comiss\u00e3o ir\u00e1 investigar a atua\u00e7\u00e3o do Governo Federal frente \u00e0 pandemia, incluindo a\u00e7\u00f5es e omiss\u00f5es, e pode convocar autoridades a prestar depoimentos. A CPI da Covid-19 pode aprofundar o desgaste de Jair Bolsonaro em um momento em que sua popularidade j\u00e1 cai por conta do agravamento da pandemia.<\/p>\n<p>A decis\u00e3o de Barroso <strong>atende a pedido formulado pelos senadores<\/strong> Alessandro Vieira e Jorge Kajuru, os dois do Cidadania, que contestaram a postura de Rodrigo Pacheco, que segurou o pedido de investiga\u00e7\u00e3o por 63 dias &#8211; argumentando que a CPI s\u00f3 traria mais caos ao pa\u00eds.<\/p>\n<p><a href=\"https:\/\/lp.suno.com.br\/suno-one\/?ppp=noticias\/hospital-care-pedido-ipo-cvm\/\"><b>Suno One: acesse gratuitamente eBooks, Minicursos, Artigos e V\u00eddeo Aulas sobre investimentos com um \u00fanico cadastro. Clique para saber mais!<\/b><\/a><\/p>\n<h2>Ministro do STF avisou presidente do Senado sobre decis\u00e3o sobre CPI da Covid-19<\/h2>\n<p>Barroso, segundo coment\u00e1rios, chegou a avisar Pacheco sobre o teor da sua decis\u00e3o e sobre a implementa\u00e7\u00e3o da CPI da Covid-19, afirmando que ele poderia tomar a dianteira e instaurar o processo por si s\u00f3. Pacheco, por\u00e9m, recusou.<\/p>\n<p>&#8220;Sustentam que a conduta omissiva do Presidente do Senado afronta a previs\u00e3o do art. 58, \u00a7 3\u00ba, da Constitui\u00e7\u00e3o e viola direito l\u00edquido e certo dos impetrantes e dos demais signat\u00e1rios do requerimento. Mencionam precedentes desta Corte nos quais se reconhece a exist\u00eancia de direito das minorias parlamentares \u00e0 instala\u00e7\u00e3o de CPIs independentemente de delibera\u00e7\u00e3o plen\u00e1ria, sempre que preenchidos os seus requisitos constitucionais&#8221;, afirma o documento da decis\u00e3o.<\/p>\n<p><span style=\"font-weight: 400;\">\t<p>\n\t\t<a href=\"https:\/\/lp.suno.com.br\/planilha-da-vida-financeira\/\" target=\"_blank\" data-element=\"shortcode-suno-banner\" title=\"Banner SUNO, clique e saiba mais\">\n\t\t\t<picture>\n\t\t\t\t<source media=\"(max-width: 500px)\" srcset=\"https:\/\/files.sunoresearch.com.br\/n\/uploads\/2023\/04\/400x300-Planilha-vida-financeira-true.png\">\n\t\t\t\t<img class=\"newsContent__article__imgCapa newsContent__article__imgCapa--banner\"\n\t\t\t\t\tsrc=\"https:\/\/files.sunoresearch.com.br\/n\/uploads\/2023\/04\/1420x240-Planilha-vida-financeira-true.png\"\n\t\t\t\t\tdata-promo-id=\"106682\"\t\t\t\t\t\t\t\t\t\twidth='1420' height='240'\t\t\t\t\talt=\"https:\/\/files.sunoresearch.com.br\/n\/uploads\/2023\/04\/1420x240-Planilha-vida-financeira-true.png\"\n\t\t\t\t>\n\t\t\t<\/picture>\n\t\t<\/a>\n\t<\/p>\n\n<\/span><\/p>\n<p>O artigo 58 da constitui\u00e7\u00e3o define as comiss\u00f5es de inqu\u00e9rito podem ser criadas mediante requerimento de um ter\u00e7o dos membros da casa &#8220;para apura\u00e7\u00e3o de fato determinado e por prazo certo&#8221;, sendo as conclus\u00f5es encaminhadas ao Minist\u00e9rio P\u00fablico, que responsabiliza os infratores.<\/p>\n<p>Barroso afirmou ainda que a demora \u00e9 um perigo, uma vez que a apura\u00e7\u00e3o de fatos que podem ter agravado a pandemia \u00e9 &#8220;raz\u00e3o de urg\u00eancia&#8221;, ou at\u00e9 mesmo, por se tratar da maior crise sanit\u00e1ria dos \u00faltimos tempos, de &#8220;car\u00e1ter priorit\u00e1rio&#8221;, em suas palavras.<\/p>\n<p>O ministro submeteu a liminar para an\u00e1lise da corte do STF, que deve ser feita a partir do dia 16 de abril. Antes da <strong>CPI da Covid<\/strong>, o STF j\u00e1 havia optado por abrir um inqu\u00e9rito para a investiga\u00e7\u00e3o da atua\u00e7\u00e3o do ex-ministro da Sa\u00fade Eduardo Pazuello.<\/p>\n<h2>Jair Bolsonaro comenta decis\u00e3o de Barroso<\/h2>\n<p>O presidente da Rep\u00fablica, Jair Bolsonaro, comentou hoje pela manh\u00e3, no Twitter, a decis\u00e3o do STF, afirmando que falta moral ao ministro Luis Roberto Barroso.<\/p>\n<blockquote class=\"twitter-tweet\">\n<p dir=\"ltr\" lang=\"pt\">&#8211; A CPI que Barroso ordenou instaurar, de forma monocr\u00e1tica, na verdade, \u00e9 para apurar apenas a\u00e7\u00f5es do governo federal.<\/p>\n<p>&#8211; N\u00e3o poder\u00e1 investigar nenhum governador, que porventura tenha desviado recursos federais do combate \u00e0 pandemia.<br \/>\n(Segue) <a href=\"https:\/\/t.co\/mIL4NnR20S\">pic.twitter.com\/mIL4NnR20S<\/a><\/p>\n<p>\u2014 Jair M. Bolsonaro (@jairbolsonaro) <a href=\"https:\/\/twitter.com\/jairbolsonaro\/status\/1380499600851804160?ref_src=twsrc%5Etfw\">April 9, 2021<\/a><\/p><\/blockquote>\n<p><script async src=\"https:\/\/platform.twitter.com\/widgets.js\" charset=\"utf-8\"><\/script><br \/>\n&#8220;Pelo que me parece, falta coragem moral para Barroso e sobra ativismo judicial. Falta coragem moral e sobra impr\u00f3pria milit\u00e2ncia pol\u00edtica&#8221;, comentou sobre a CPI da Covid.<\/p>\n<p><span style=\"font-weight: 400;\">\t<p>\n\t\t<a href=\"https:\/\/lp.suno.com.br\/planilha-de-controle-de-investimentos\/\" target=\"_blank\" data-element=\"shortcode-suno-banner\" title=\"Banner SUNO, clique e saiba mais\">\n\t\t\t<picture>\n\t\t\t\t<source media=\"(max-width: 500px)\" srcset=\"https:\/\/files.sunoresearch.com.br\/n\/uploads\/2023\/03\/400x300-Controle-de-Investimentos.png\">\n\t\t\t\t<img class=\"newsContent__article__imgCapa newsContent__article__imgCapa--banner\"\n\t\t\t\t\tsrc=\"https:\/\/files.sunoresearch.com.br\/n\/uploads\/2023\/03\/1420x240-Controle-de-Investimentos.png\"\n\t\t\t\t\tdata-promo-id=\"75934\"\t\t\t\t\t\t\t\t\t\twidth='1420' height='240'\t\t\t\t\talt=\"https:\/\/files.sunoresearch.com.br\/n\/uploads\/2023\/03\/1420x240-Controle-de-Investimentos.png\"\n\t\t\t\t>\n\t\t\t<\/picture>\n\t\t<\/a>\n\t<\/p>\n\n<\/span><\/p>\n","protected":false},"excerpt":{"rendered":"<p>O ministro Lu\u00eds Roberto Barroso, do Supremo Tribunal Federal (STF), determinou nesta quinta-feira (8) que o presidente do Senado, Rodrigo Pacheco (DEM), instaure a CPI da Covid. Parte das informa\u00e7\u00f5es s\u00e3o do jornal Estad\u00e3o. Foto: Marcello Casal Jr \/ Ag\u00eancia Brasil A decis\u00e3o foi vista com um rev\u00e9s ao Pal\u00e1cio do Planalto, uma vez que [&hellip;]<\/p>\n","protected":false},"author":59,"featured_media":138218,"comment_status":"closed","ping_status":"closed","sticky":false,"template":"","format":"standard","meta":[],"categories":[61],"tags":[5255,719,785],"suno_strategy":[],"class_list":["post-138200","post","type-post","status-publish","format-standard","has-post-thumbnail","hentry","category-politica","tag-covid-19","tag-jair-bolsonaro","tag-supremo-tribunal-federal-stf"],"yoast_head":"<!-- This site is optimized with the Yoast SEO plugin v24.4 - https:\/\/yoast.com\/wordpress\/plugins\/seo\/ -->\n<title>STF determina que Senado instaure CPI da Covid<\/title>\n<meta name=\"description\" content=\"O ministro do STF Lu\u00eds Roberto Barroso determinou que o Senado deve abrir a CPI da Covid-19 nesta quinta; Clique aqui para saber mais.\" \/>\n<meta name=\"robots\" content=\"index, follow, max-snippet:-1, max-image-preview:large, max-video-preview:-1\" \/>\n<link rel=\"canonical\" href=\"https:\/\/www.suno.com.br\/noticias\/stf-obriga-senado-a-implementar-cpi-da-covid\/\" \/>\n<meta property=\"og:locale\" content=\"pt_BR\" \/>\n<meta property=\"og:type\" content=\"article\" \/>\n<meta property=\"og:title\" content=\"STF determina que Senado instaure CPI da Covid\" \/>\n<meta property=\"og:description\" content=\"O ministro do STF Lu\u00eds Roberto Barroso determinou que o Senado deve abrir a CPI da Covid-19 nesta quinta; Clique aqui para saber mais.\" \/>\n<meta property=\"og:url\" content=\"https:\/\/www.suno.com.br\/noticias\/stf-obriga-senado-a-implementar-cpi-da-covid\/\" \/>\n<meta property=\"og:site_name\" content=\"Suno Not\u00edcias\" \/>\n<meta property=\"article:publisher\" content=\"https:\/\/facebook.com\/sunoresearch\" \/>\n<meta property=\"og:image\" content=\"https:\/\/files.sunoresearch.com.br\/n\/uploads\/2021\/04\/19f86a4d-barroso-scaled.jpg\" \/>\n\t<meta property=\"og:image:width\" content=\"2560\" \/>\n\t<meta property=\"og:image:height\" content=\"1707\" \/>\n\t<meta property=\"og:image:type\" content=\"image\/jpeg\" \/>\n<meta name=\"author\" content=\"Vitor Azevedo\" \/>\n<meta name=\"twitter:card\" content=\"summary_large_image\" \/>\n<meta name=\"twitter:creator\" content=\"@sunoresearch\" \/>\n<meta name=\"twitter:site\" content=\"@sunoresearch\" \/>\n<meta name=\"twitter:label1\" content=\"Escrito por\" \/>\n\t<meta name=\"twitter:data1\" content=\"Vitor Azevedo\" \/>\n\t<meta name=\"twitter:label2\" content=\"Est. tempo de leitura\" \/>\n\t<meta name=\"twitter:data2\" content=\"3 minutos\" \/>\n<script type=\"application\/ld+json\" class=\"yoast-schema-graph\">{\"@context\":\"https:\/\/schema.org\",\"@graph\":[{\"@type\":\"NewsArticle\",\"@id\":\"https:\/\/www.suno.com.br\/noticias\/stf-obriga-senado-a-implementar-cpi-da-covid\/#article\",\"isPartOf\":{\"@id\":\"https:\/\/www.suno.com.br\/noticias\/stf-obriga-senado-a-implementar-cpi-da-covid\/\"},\"author\":{\"name\":\"Vitor Azevedo\",\"@id\":\"https:\/\/www.suno.com.br\/noticias\/#\/schema\/person\/658d5fbc74d81f265f5df3562d0038ab\"},\"headline\":\"Supremo Tribunal Federal (STF) determina que Senado instaure CPI da Covid\",\"datePublished\":\"2021-04-09T13:16:34+00:00\",\"dateModified\":\"2021-04-09T13:23:46+00:00\",\"mainEntityOfPage\":{\"@id\":\"https:\/\/www.suno.com.br\/noticias\/stf-obriga-senado-a-implementar-cpi-da-covid\/\"},\"wordCount\":586,\"publisher\":{\"@id\":\"https:\/\/www.suno.com.br\/noticias\/#organization\"},\"image\":{\"@id\":\"https:\/\/www.suno.com.br\/noticias\/stf-obriga-senado-a-implementar-cpi-da-covid\/#primaryimage\"},\"thumbnailUrl\":\"https:\/\/files.sunoresearch.com.br\/n\/uploads\/2021\/04\/19f86a4d-barroso-scaled.jpg\",\"keywords\":[\"covid-19\",\"Jair Bolsonaro\",\"Supremo Tribunal Federal (STF)\"],\"articleSection\":[\"Pol\u00edtica\"],\"inLanguage\":\"pt-BR\"},{\"@type\":\"WebPage\",\"@id\":\"https:\/\/www.suno.com.br\/noticias\/stf-obriga-senado-a-implementar-cpi-da-covid\/\",\"url\":\"https:\/\/www.suno.com.br\/noticias\/stf-obriga-senado-a-implementar-cpi-da-covid\/\",\"name\":\"STF determina que Senado instaure CPI da Covid\",\"isPartOf\":{\"@id\":\"https:\/\/www.suno.com.br\/noticias\/#website\"},\"primaryImageOfPage\":{\"@id\":\"https:\/\/www.suno.com.br\/noticias\/stf-obriga-senado-a-implementar-cpi-da-covid\/#primaryimage\"},\"image\":{\"@id\":\"https:\/\/www.suno.com.br\/noticias\/stf-obriga-senado-a-implementar-cpi-da-covid\/#primaryimage\"},\"thumbnailUrl\":\"https:\/\/files.sunoresearch.com.br\/n\/uploads\/2021\/04\/19f86a4d-barroso-scaled.jpg\",\"datePublished\":\"2021-04-09T13:16:34+00:00\",\"dateModified\":\"2021-04-09T13:23:46+00:00\",\"description\":\"O ministro do STF Lu\u00eds Roberto Barroso determinou que o Senado deve abrir a CPI da Covid-19 nesta quinta; Clique aqui para saber mais.\",\"breadcrumb\":{\"@id\":\"https:\/\/www.suno.com.br\/noticias\/stf-obriga-senado-a-implementar-cpi-da-covid\/#breadcrumb\"},\"inLanguage\":\"pt-BR\",\"potentialAction\":[{\"@type\":\"ReadAction\",\"target\":[\"https:\/\/www.suno.com.br\/noticias\/stf-obriga-senado-a-implementar-cpi-da-covid\/\"]}]},{\"@type\":\"ImageObject\",\"inLanguage\":\"pt-BR\",\"@id\":\"https:\/\/www.suno.com.br\/noticias\/stf-obriga-senado-a-implementar-cpi-da-covid\/#primaryimage\",\"url\":\"https:\/\/files.sunoresearch.com.br\/n\/uploads\/2021\/04\/19f86a4d-barroso-scaled.jpg\",\"contentUrl\":\"https:\/\/files.sunoresearch.com.br\/n\/uploads\/2021\/04\/19f86a4d-barroso-scaled.jpg\",\"width\":2560,\"height\":1707,\"caption\":\"Foto: Marcello Casal Jr \/ Ag\u00eancia Brasil\"},{\"@type\":\"BreadcrumbList\",\"@id\":\"https:\/\/www.suno.com.br\/noticias\/stf-obriga-senado-a-implementar-cpi-da-covid\/#breadcrumb\",\"itemListElement\":[{\"@type\":\"ListItem\",\"position\":1,\"name\":\"Not\u00edcias\",\"item\":\"https:\/\/www.suno.com.br\/noticias\/\"},{\"@type\":\"ListItem\",\"position\":2,\"name\":\"Pol\u00edtica\",\"item\":\"https:\/\/www.suno.com.br\/noticias\/politica\/\"},{\"@type\":\"ListItem\",\"position\":3,\"name\":\"Supremo Tribunal Federal (STF) determina que Senado instaure CPI da Covid\"}]},{\"@type\":\"WebSite\",\"@id\":\"https:\/\/www.suno.com.br\/noticias\/#website\",\"url\":\"https:\/\/www.suno.com.br\/noticias\/\",\"name\":\"Suno Not\u00edcias\",\"description\":\"Seu portal de informa\u00e7\u00e3o sobre o mundo dos investimentos\",\"publisher\":{\"@id\":\"https:\/\/www.suno.com.br\/noticias\/#organization\"},\"potentialAction\":[{\"@type\":\"SearchAction\",\"target\":{\"@type\":\"EntryPoint\",\"urlTemplate\":\"https:\/\/www.suno.com.br\/noticias\/?s={search_term_string}\"},\"query-input\":{\"@type\":\"PropertyValueSpecification\",\"valueRequired\":true,\"valueName\":\"search_term_string\"}}],\"inLanguage\":\"pt-BR\"},{\"@type\":\"Organization\",\"@id\":\"https:\/\/www.suno.com.br\/noticias\/#organization\",\"name\":\"Suno Not\u00edcias\",\"url\":\"https:\/\/www.suno.com.br\/noticias\/\",\"logo\":{\"@type\":\"ImageObject\",\"inLanguage\":\"pt-BR\",\"@id\":\"https:\/\/www.suno.com.br\/noticias\/#\/schema\/logo\/image\/\",\"url\":\"https:\/\/files.sunoresearch.com.br\/n\/uploads\/2021\/09\/suno-logo.png\",\"contentUrl\":\"https:\/\/files.sunoresearch.com.br\/n\/uploads\/2021\/09\/suno-logo.png\",\"width\":180,\"height\":180,\"caption\":\"Suno Not\u00edcias\"},\"image\":{\"@id\":\"https:\/\/www.suno.com.br\/noticias\/#\/schema\/logo\/image\/\"},\"sameAs\":[\"https:\/\/facebook.com\/sunoresearch\",\"https:\/\/x.com\/sunoresearch\",\"https:\/\/www.instagram.com\/suno\",\"https:\/\/www.linkedin.com\/company\/suno-research\/\",\"https:\/\/www.youtube.com\/c\/sunoresearch\"]},{\"@type\":\"Person\",\"@id\":\"https:\/\/www.suno.com.br\/noticias\/#\/schema\/person\/658d5fbc74d81f265f5df3562d0038ab\",\"name\":\"Vitor Azevedo\",\"image\":{\"@type\":\"ImageObject\",\"inLanguage\":\"pt-BR\",\"@id\":\"https:\/\/www.suno.com.br\/noticias\/#\/schema\/person\/image\/\",\"url\":\"https:\/\/secure.gravatar.com\/avatar\/62b86195291b446fe380824eb28b99a5?s=96&r=g\",\"contentUrl\":\"https:\/\/secure.gravatar.com\/avatar\/62b86195291b446fe380824eb28b99a5?s=96&r=g\",\"caption\":\"Vitor Azevedo\"},\"description\":\"Formado em jornalismo pela Unesp, escreve sobre economia e neg\u00f3cios para a Suno Not\u00edcias.\",\"url\":\"https:\/\/www.suno.com.br\/noticias\/author\/vitor-azevedo\/\"}]}<\/script>\n<!-- \/ Yoast SEO plugin. -->","yoast_head_json":{"title":"STF determina que Senado instaure CPI da Covid","description":"O ministro do STF Lu\u00eds Roberto Barroso determinou que o Senado deve abrir a CPI da Covid-19 nesta quinta; Clique aqui para saber mais.","robots":{"index":"index","follow":"follow","max-snippet":"max-snippet:-1","max-image-preview":"max-image-preview:large","max-video-preview":"max-video-preview:-1"},"canonical":"https:\/\/www.suno.com.br\/noticias\/stf-obriga-senado-a-implementar-cpi-da-covid\/","og_locale":"pt_BR","og_type":"article","og_title":"STF determina que Senado instaure CPI da Covid","og_description":"O ministro do STF Lu\u00eds Roberto Barroso determinou que o Senado deve abrir a CPI da Covid-19 nesta quinta; Clique aqui para saber mais.","og_url":"https:\/\/www.suno.com.br\/noticias\/stf-obriga-senado-a-implementar-cpi-da-covid\/","og_site_name":"Suno Not\u00edcias","article_publisher":"https:\/\/facebook.com\/sunoresearch","og_image":[{"width":2560,"height":1707,"url":"https:\/\/files.sunoresearch.com.br\/n\/uploads\/2021\/04\/19f86a4d-barroso-scaled.jpg","type":"image\/jpeg"}],"author":"Vitor Azevedo","twitter_card":"summary_large_image","twitter_creator":"@sunoresearch","twitter_site":"@sunoresearch","twitter_misc":{"Escrito por":"Vitor Azevedo","Est. tempo de leitura":"3 minutos"},"schema":{"@context":"https:\/\/schema.org","@graph":[{"@type":"NewsArticle","@id":"https:\/\/www.suno.com.br\/noticias\/stf-obriga-senado-a-implementar-cpi-da-covid\/#article","isPartOf":{"@id":"https:\/\/www.suno.com.br\/noticias\/stf-obriga-senado-a-implementar-cpi-da-covid\/"},"author":{"name":"Vitor Azevedo","@id":"https:\/\/www.suno.com.br\/noticias\/#\/schema\/person\/658d5fbc74d81f265f5df3562d0038ab"},"headline":"Supremo Tribunal Federal (STF) determina que Senado instaure CPI da Covid","datePublished":"2021-04-09T13:16:34+00:00","dateModified":"2021-04-09T13:23:46+00:00","mainEntityOfPage":{"@id":"https:\/\/www.suno.com.br\/noticias\/stf-obriga-senado-a-implementar-cpi-da-covid\/"},"wordCount":586,"publisher":{"@id":"https:\/\/www.suno.com.br\/noticias\/#organization"},"image":{"@id":"https:\/\/www.suno.com.br\/noticias\/stf-obriga-senado-a-implementar-cpi-da-covid\/#primaryimage"},"thumbnailUrl":"https:\/\/files.sunoresearch.com.br\/n\/uploads\/2021\/04\/19f86a4d-barroso-scaled.jpg","keywords":["covid-19","Jair Bolsonaro","Supremo Tribunal Federal (STF)"],"articleSection":["Pol\u00edtica"],"inLanguage":"pt-BR"},{"@type":"WebPage","@id":"https:\/\/www.suno.com.br\/noticias\/stf-obriga-senado-a-implementar-cpi-da-covid\/","url":"https:\/\/www.suno.com.br\/noticias\/stf-obriga-senado-a-implementar-cpi-da-covid\/","name":"STF determina que Senado instaure CPI da Covid","isPartOf":{"@id":"https:\/\/www.suno.com.br\/noticias\/#website"},"primaryImageOfPage":{"@id":"https:\/\/www.suno.com.br\/noticias\/stf-obriga-senado-a-implementar-cpi-da-covid\/#primaryimage"},"image":{"@id":"https:\/\/www.suno.com.br\/noticias\/stf-obriga-senado-a-implementar-cpi-da-covid\/#primaryimage"},"thumbnailUrl":"https:\/\/files.sunoresearch.com.br\/n\/uploads\/2021\/04\/19f86a4d-barroso-scaled.jpg","datePublished":"2021-04-09T13:16:34+00:00","dateModified":"2021-04-09T13:23:46+00:00","description":"O ministro do STF Lu\u00eds Roberto Barroso determinou que o Senado deve abrir a CPI da Covid-19 nesta quinta; Clique aqui para saber mais.","breadcrumb":{"@id":"https:\/\/www.suno.com.br\/noticias\/stf-obriga-senado-a-implementar-cpi-da-covid\/#breadcrumb"},"inLanguage":"pt-BR","potentialAction":[{"@type":"ReadAction","target":["https:\/\/www.suno.com.br\/noticias\/stf-obriga-senado-a-implementar-cpi-da-covid\/"]}]},{"@type":"ImageObject","inLanguage":"pt-BR","@id":"https:\/\/www.suno.com.br\/noticias\/stf-obriga-senado-a-implementar-cpi-da-covid\/#primaryimage","url":"https:\/\/files.sunoresearch.com.br\/n\/uploads\/2021\/04\/19f86a4d-barroso-scaled.jpg","contentUrl":"https:\/\/files.sunoresearch.com.br\/n\/uploads\/2021\/04\/19f86a4d-barroso-scaled.jpg","width":2560,"height":1707,"caption":"Foto: Marcello Casal Jr \/ Ag\u00eancia Brasil"},{"@type":"BreadcrumbList","@id":"https:\/\/www.suno.com.br\/noticias\/stf-obriga-senado-a-implementar-cpi-da-covid\/#breadcrumb","itemListElement":[{"@type":"ListItem","position":1,"name":"Not\u00edcias","item":"https:\/\/www.suno.com.br\/noticias\/"},{"@type":"ListItem","position":2,"name":"Pol\u00edtica","item":"https:\/\/www.suno.com.br\/noticias\/politica\/"},{"@type":"ListItem","position":3,"name":"Supremo Tribunal Federal (STF) determina que Senado instaure CPI da Covid"}]},{"@type":"WebSite","@id":"https:\/\/www.suno.com.br\/noticias\/#website","url":"https:\/\/www.suno.com.br\/noticias\/","name":"Suno Not\u00edcias","description":"Seu portal de informa\u00e7\u00e3o sobre o mundo dos investimentos","publisher":{"@id":"https:\/\/www.suno.com.br\/noticias\/#organization"},"potentialAction":[{"@type":"SearchAction","target":{"@type":"EntryPoint","urlTemplate":"https:\/\/www.suno.com.br\/noticias\/?s={search_term_string}"},"query-input":{"@type":"PropertyValueSpecification","valueRequired":true,"valueName":"search_term_string"}}],"inLanguage":"pt-BR"},{"@type":"Organization","@id":"https:\/\/www.suno.com.br\/noticias\/#organization","name":"Suno Not\u00edcias","url":"https:\/\/www.suno.com.br\/noticias\/","logo":{"@type":"ImageObject","inLanguage":"pt-BR","@id":"https:\/\/www.suno.com.br\/noticias\/#\/schema\/logo\/image\/","url":"https:\/\/files.sunoresearch.com.br\/n\/uploads\/2021\/09\/suno-logo.png","contentUrl":"https:\/\/files.sunoresearch.com.br\/n\/uploads\/2021\/09\/suno-logo.png","width":180,"height":180,"caption":"Suno Not\u00edcias"},"image":{"@id":"https:\/\/www.suno.com.br\/noticias\/#\/schema\/logo\/image\/"},"sameAs":["https:\/\/facebook.com\/sunoresearch","https:\/\/x.com\/sunoresearch","https:\/\/www.instagram.com\/suno","https:\/\/www.linkedin.com\/company\/suno-research\/","https:\/\/www.youtube.com\/c\/sunoresearch"]},{"@type":"Person","@id":"https:\/\/www.suno.com.br\/noticias\/#\/schema\/person\/658d5fbc74d81f265f5df3562d0038ab","name":"Vitor Azevedo","image":{"@type":"ImageObject","inLanguage":"pt-BR","@id":"https:\/\/www.suno.com.br\/noticias\/#\/schema\/person\/image\/","url":"https:\/\/secure.gravatar.com\/avatar\/62b86195291b446fe380824eb28b99a5?s=96&r=g","contentUrl":"https:\/\/secure.gravatar.com\/avatar\/62b86195291b446fe380824eb28b99a5?s=96&r=g","caption":"Vitor Azevedo"},"description":"Formado em jornalismo pela Unesp, escreve sobre economia e neg\u00f3cios para a Suno Not\u00edcias.","url":"https:\/\/www.suno.com.br\/noticias\/author\/vitor-azevedo\/"}]}},"default_loop_html":"<div class=\"cardsPage__listCard__boxs\"><div class=\"cardsPage__listCard__boxs__img\"><a href=\"https:\/\/www.suno.com.br\/noticias\/stf-obriga-senado-a-implementar-cpi-da-covid\/\"><img class=\"mask\" src=\"https:\/\/www.suno.com.br\/noticias\/wp-content\/themes\/suno\/resources\/images\/spotlight\/spotlight1img\/bg-mask.png\" alt=\"Image Mask\"\/><img src=\"https:\/\/files.sunoresearch.com.br\/n\/uploads\/2021\/04\/19f86a4d-barroso-400x200.jpg\" alt=\"Supremo Tribunal Federal (STF) determina que Senado instaure CPI da Covid\"\/><\/a><span class=\"spotlightCategory\"><a href=\"https:\/\/www.suno.com.br\/noticias\/politica\/\">Pol\u00edtica<\/a><\/span><\/div><div class=\"cardsPage__listCard__boxs__content\"><a href=\"https:\/\/www.suno.com.br\/noticias\/stf-obriga-senado-a-implementar-cpi-da-covid\/\"><h2 class=\"content__title\">Supremo Tribunal Federal (STF) determina que Senado instaure CPI da Covid<\/h2><\/a><div class=\"newsContent__article__meta\"><div class=\"newsContent__article__meta__authorBox\"><a href=\"https:\/\/www.suno.com.br\/noticias\/author\/vitor-azevedo\/\" class=\"authorBox__avatar noMobi\"><img src=\"https:\/\/secure.gravatar.com\/avatar\/62b86195291b446fe380824eb28b99a5?s=96&#038;r=g\" alt=\"Vitor Azevedo\"><\/a><div class=\"authorBox__name\"><span>por\n\t\t\t<a href=\"https:\/\/www.suno.com.br\/noticias\/author\/vitor-azevedo\/\"><span itemprop=\"author\">Vitor Azevedo<\/span><\/a><\/span><time datetime=\"2021-04-09T10:16:34-03:00\" itemprop=\"datePublished\">09\/04\/2021 10:16<\/time><\/div><\/div><\/div><\/div><\/div>","single_layout":"posts","amp_enabled":true,"_links":{"self":[{"href":"https:\/\/www.suno.com.br\/noticias\/wp-json\/wp\/v2\/posts\/138200"}],"collection":[{"href":"https:\/\/www.suno.com.br\/noticias\/wp-json\/wp\/v2\/posts"}],"about":[{"href":"https:\/\/www.suno.com.br\/noticias\/wp-json\/wp\/v2\/types\/post"}],"author":[{"embeddable":true,"href":"https:\/\/www.suno.com.br\/noticias\/wp-json\/wp\/v2\/users\/59"}],"replies":[{"embeddable":true,"href":"https:\/\/www.suno.com.br\/noticias\/wp-json\/wp\/v2\/comments?post=138200"}],"version-history":[{"count":4,"href":"https:\/\/www.suno.com.br\/noticias\/wp-json\/wp\/v2\/posts\/138200\/revisions"}],"predecessor-version":[{"id":138240,"href":"https:\/\/www.suno.com.br\/noticias\/wp-json\/wp\/v2\/posts\/138200\/revisions\/138240"}],"wp:featuredmedia":[{"embeddable":true,"href":"https:\/\/www.suno.com.br\/noticias\/wp-json\/wp\/v2\/media\/138218"}],"wp:attachment":[{"href":"https:\/\/www.suno.com.br\/noticias\/wp-json\/wp\/v2\/media?parent=138200"}],"wp:term":[{"taxonomy":"category","embeddable":true,"href":"https:\/\/www.suno.com.br\/noticias\/wp-json\/wp\/v2\/categories?post=138200"},{"taxonomy":"post_tag","embeddable":true,"href":"https:\/\/www.suno.com.br\/noticias\/wp-json\/wp\/v2\/tags?post=138200"},{"taxonomy":"suno_strategy","embeddable":true,"href":"https:\/\/www.suno.com.br\/noticias\/wp-json\/wp\/v2\/suno_strategy?post=138200"}],"curies":[{"name":"wp","href":"https:\/\/api.w.org\/{rel}","templated":true}]}}