{"id":138109,"date":"2021-04-09T09:46:30","date_gmt":"2021-04-09T12:46:30","guid":{"rendered":"https:\/\/www.suno.com.br\/noticias\/?p=138109"},"modified":"2021-05-12T12:51:36","modified_gmt":"2021-05-12T15:51:36","slug":"inter-suno-parceria-fundos-imobiliarios","status":"publish","type":"post","link":"https:\/\/www.suno.com.br\/noticias\/inter-suno-parceria-fundos-imobiliarios\/","title":{"rendered":"Inter vai distribuir fundos imobili\u00e1rios da Suno Asset; parceria prev\u00ea fundo ESG"},"content":{"rendered":"<p>O <a href=\"https:\/\/www.suno.com.br\/?utm_source=adwords&amp;utm_medium=ppc&amp;utm_campaign=11.b.da.0.search&amp;utm_content=11.b.da.0.search.suno_research&amp;utm_term=%2Bsuno%20%2Bresearch&amp;hsa_acc=4823779633&amp;hsa_cam=10739739292&amp;hsa_grp=105408172505&amp;hsa_ad=500693124155&amp;hsa_src=g&amp;hsa_tgt=kwd-308568824878&amp;hsa_kw=%2Bsuno%20%2Bresearch&amp;hsa_mt=b&amp;hsa_net=adwords&amp;hsa_ver=3&amp;gclid=CjwKCAjw07qDBhBxEiwA6pPbHj0wE_-3rgGFqXS8xzaHst9NS1peEYCRCFA2QDwyHKobPYxdZT9K8hoC3iMQAvD_BwE\">Grupo Suno<\/a> e a <strong>Inter<\/strong> Invest firmaram uma parceria no setor de fundos imobili\u00e1rios. O acordo prev\u00ea que a Inter Invest distribuir\u00e1 os\u00a0<a href=\"https:\/\/www.suno.com.br\/artigos\/c\/fundos-imobiliarios\/\">fundos imobili\u00e1rios<\/a> geridos pela gestora Suno Asset durante os pr\u00f3ximos 12 meses. Al\u00e9m disso, as duas institui\u00e7\u00f5es v\u00e3o criar conjuntamente um fundo imobili\u00e1rio com padr\u00e3o ESG (com crit\u00e9rios ambientais, sociais e de governan\u00e7a).<\/p>\t<div class=\"wrapper-featured-image\">\n\t\t<figure class=\"spotlightImg\">\n\n\t\t\t<picture>\n\t\t\t\t<source media=\"(max-width: 768px)\" srcset=\"https:\/\/files.sunoresearch.com.br\/n\/uploads\/2021\/04\/1784ff8a-fundos-imobiliarios-inter-suno-400x200.webp\">\n\t\t\t\t<img loading=\"lazy\" decoding=\"async\" class=\"newsContent__article__imgCapa lazyloadDisabled \" src=\"https:\/\/files.sunoresearch.com.br\/n\/uploads\/2021\/04\/1784ff8a-fundos-imobiliarios-inter-suno-jpg.webp\" width=\"800\" height=\"450\" alt=\"Inter vai distribuir fundos imobili\u00e1rios da Suno Asset; parceria prev\u00ea fundo ESG\" fetchpriority=high \/>\n\t\t\t<\/picture>\n\n\t\t\t<figcaption class=\"wp-caption-text wp-caption-text--show\">Foto: Pixabay<\/figcaption>\n\t\t<\/figure>\n\t<\/div>\n\n\n\t<p>\n\t\t<a href=\"https:\/\/lp.suno.com.br\/planilha-controle-gastos\/\" target=\"_blank\" data-element=\"shortcode-suno-banner\" title=\"Banner SUNO, clique e saiba mais\">\n\t\t\t<picture>\n\t\t\t\t<source media=\"(max-width: 500px)\" srcset=\"https:\/\/files.sunoresearch.com.br\/n\/uploads\/2023\/03\/400x300-Planilha-controle-de-gastos.png\">\n\t\t\t\t<img class=\"newsContent__article__imgCapa newsContent__article__imgCapa--banner\"\n\t\t\t\t\tsrc=\"https:\/\/files.sunoresearch.com.br\/n\/uploads\/2023\/03\/1420x240-Planilha-controle-de-gastos.png\"\n\t\t\t\t\tdata-promo-id=\"101751\"\t\t\t\t\t\t\t\t\t\twidth='1420' height='240'\t\t\t\t\talt=\"https:\/\/files.sunoresearch.com.br\/n\/uploads\/2023\/03\/1420x240-Planilha-controle-de-gastos.png\"\n\t\t\t\t>\n\t\t\t<\/picture>\n\t\t<\/a>\n\t<\/p>\n\n\n<p>Segundo comunicado divulgado ao mercado, o objetivo da parceria \u00e9 facilitar o acesso dos investidores a fundos imobili\u00e1rios com taxas mais baixas. &#8220;\u00c9 preciso unir for\u00e7as para quebrar o oligop\u00f3lio de distribui\u00e7\u00e3o de produtos financeiros no Brasil e levar o que existe de melhor para o varejo com taxas justas\u201d destaca Felipe Bottino, head da Inter Invest.<\/p>\n<p>Ele se refere ao fato de que muitas corretoras rejeitam participar da distribui\u00e7\u00e3o de fundos quando n\u00e3o fizeram parte da coordena\u00e7\u00e3o da oferta p\u00fablica, ou quando consideram as taxas baixas.<\/p>\n<p><a href=\"https:\/\/lp.suno.com.br\/suno-one\/\">Suno One: acesse gratuitamente eBooks, Minicursos, Artigos e V\u00eddeo Aulas sobre investimentos com um \u00fanico cadastro. Clique para saber mais!<\/a><\/p>\n<p>\u201cMuitas emiss\u00f5es de fundos imobili\u00e1rios t\u00eam vindo ao mercado com custos que chegam a 5% do valor total. \u00c9 poss\u00edvel fazer bons produtos com taxas em torno da metade desse valor. O pior \u00e9 que, na maioria das vezes, o investidor nem sabe quanto est\u00e1 pagando\u201d, diz Vitor Duarte, diretor de Gest\u00e3o da Suno Asset.<\/p>\n<p>A Inter Invest n\u00e3o ter\u00e1 exclusividade na distribui\u00e7\u00e3o dos fundos imobili\u00e1rios da Suno Asset.<\/p>\n<h2>Inter e Suno querem lan\u00e7ar fundo imobili\u00e1rio com ESG<\/h2>\n<p>O fundo imobili\u00e1rio com ESG da Inter e da Suno deve ser lan\u00e7ado no terceiro trimestre deste ano. As empresas pretendem lan\u00e7ar um FII para captar R$ 1 bilh\u00e3o para investir em energia renov\u00e1vel e reflorestamento. Esse fundo imobili\u00e1rio <a href=\"https:\/\/www.suno.com.br\/artigos\/esg\/#:~:text=O%20ESG%2C%20a%20sigla%20em,de%20consumo%20focadas%20em%20sustentabilidade.\">ESG<\/a> ser\u00e1 gerido pela Suno Asset.<\/p>\n<p>Segundo comunicado conjunto, o\u00a0fundo ter\u00e1 taxas combinadas equivalentes \u00e0 metade das praticadas pelos grandes players atualmente.<\/p>\n\t<p>\n\t\t<a href=\"https:\/\/lp.suno.com.br\/planilha-da-vida-financeira\/\" target=\"_blank\" data-element=\"shortcode-suno-banner\" title=\"Banner SUNO, clique e saiba mais\">\n\t\t\t<picture>\n\t\t\t\t<source media=\"(max-width: 500px)\" srcset=\"https:\/\/files.sunoresearch.com.br\/n\/uploads\/2023\/04\/400x300-Planilha-vida-financeira-true.png\">\n\t\t\t\t<img class=\"newsContent__article__imgCapa newsContent__article__imgCapa--banner\"\n\t\t\t\t\tsrc=\"https:\/\/files.sunoresearch.com.br\/n\/uploads\/2023\/04\/1420x240-Planilha-vida-financeira-true.png\"\n\t\t\t\t\tdata-promo-id=\"106682\"\t\t\t\t\t\t\t\t\t\twidth='1420' height='240'\t\t\t\t\talt=\"https:\/\/files.sunoresearch.com.br\/n\/uploads\/2023\/04\/1420x240-Planilha-vida-financeira-true.png\"\n\t\t\t\t>\n\t\t\t<\/picture>\n\t\t<\/a>\n\t<\/p>\n\n\n<h2>O in\u00edcio da parceria da Suno e da Inter Invest<\/h2>\n<p>A ideia de uma parceria entre as duas casas aconteceu depois de a Inter Invest lan\u00e7ar o programa de cashbacks de ofertas p\u00fablicas, no in\u00edcio deste m\u00eas.<\/p>\n<p>De acordo com comunicado das empresas, Tiago Reis, fundador do Grupo Suno, e Felipe Bottino, da <strong>Inter<\/strong> Invest, perceberam similaridades entre os prop\u00f3sitos das duas empresas e o interesse de ter uma ind\u00fastria de FIIs mais transparente e eficiente.<\/p>\n<p><em>O Suno Not\u00edcias, a Suno Asset e a Suno Research s\u00e3o empresas do Grupo Suno e atuam de forma independente. A Suno honra seu compromisso com a transpar\u00eancia e a busca por informa\u00e7\u00f5es id\u00f4neas e fidedignas. Neste sentido entendemos como relevante dar total transpar\u00eancia ao mercado sobre os interesses financeiros e comerciais da Suno. Ressaltamos que a comunica\u00e7\u00e3o n\u00e3o \u00e9 uma recomenda\u00e7\u00e3o de investimento.<\/em><\/p>\n\t<p>\n\t\t<a href=\"https:\/\/lp.suno.com.br\/planilha-de-controle-de-investimentos\/\" target=\"_blank\" data-element=\"shortcode-suno-banner\" title=\"Banner SUNO, clique e saiba mais\">\n\t\t\t<picture>\n\t\t\t\t<source media=\"(max-width: 500px)\" srcset=\"https:\/\/files.sunoresearch.com.br\/n\/uploads\/2023\/03\/400x300-Controle-de-Investimentos.png\">\n\t\t\t\t<img class=\"newsContent__article__imgCapa newsContent__article__imgCapa--banner\"\n\t\t\t\t\tsrc=\"https:\/\/files.sunoresearch.com.br\/n\/uploads\/2023\/03\/1420x240-Controle-de-Investimentos.png\"\n\t\t\t\t\tdata-promo-id=\"75934\"\t\t\t\t\t\t\t\t\t\twidth='1420' height='240'\t\t\t\t\talt=\"https:\/\/files.sunoresearch.com.br\/n\/uploads\/2023\/03\/1420x240-Controle-de-Investimentos.png\"\n\t\t\t\t>\n\t\t\t<\/picture>\n\t\t<\/a>\n\t<\/p>\n\n\n","protected":false},"excerpt":{"rendered":"<p>O Grupo Suno e a Inter Invest firmaram uma parceria no setor de fundos imobili\u00e1rios. O acordo prev\u00ea que a Inter Invest distribuir\u00e1 os\u00a0fundos imobili\u00e1rios geridos pela gestora Suno Asset durante os pr\u00f3ximos 12 meses. Al\u00e9m disso, as duas institui\u00e7\u00f5es v\u00e3o criar conjuntamente um fundo imobili\u00e1rio com padr\u00e3o ESG (com crit\u00e9rios ambientais, sociais e de [&hellip;]<\/p>\n","protected":false},"author":43,"featured_media":138214,"comment_status":"closed","ping_status":"closed","sticky":false,"template":"","format":"standard","meta":[],"categories":[60],"tags":[315,106071,105966],"suno_strategy":[],"class_list":["post-138109","post","type-post","status-publish","format-standard","has-post-thumbnail","hentry","category-mercado","tag-fundos-imobiliarios-fiis","tag-grupo-suno","tag-suno-asset"],"yoast_head":"<!-- This site is optimized with the Yoast SEO plugin v24.4 - https:\/\/yoast.com\/wordpress\/plugins\/seo\/ -->\n<title>Inter distribuir\u00e1 fundos imobili\u00e1rios da Suno; parceria inclui fundo ESG<\/title>\n<meta name=\"description\" content=\"O Grupo Suno e o Inter Invest se uniram para levar mais efici\u00eancia e transpar\u00eancia ao mercado de fundos imobili\u00e1rios. Clique aqui e saiba mais\" \/>\n<meta name=\"robots\" content=\"index, follow, max-snippet:-1, max-image-preview:large, max-video-preview:-1\" \/>\n<link rel=\"canonical\" href=\"https:\/\/www.suno.com.br\/noticias\/inter-suno-parceria-fundos-imobiliarios\/\" \/>\n<meta property=\"og:locale\" content=\"pt_BR\" \/>\n<meta property=\"og:type\" content=\"article\" \/>\n<meta property=\"og:title\" content=\"Inter distribuir\u00e1 fundos imobili\u00e1rios da Suno; parceria inclui fundo ESG\" \/>\n<meta property=\"og:description\" content=\"O Grupo Suno e o Inter Invest se uniram para levar mais efici\u00eancia e transpar\u00eancia ao mercado de fundos imobili\u00e1rios. Clique aqui e saiba mais\" \/>\n<meta property=\"og:url\" content=\"https:\/\/www.suno.com.br\/noticias\/inter-suno-parceria-fundos-imobiliarios\/\" \/>\n<meta property=\"og:site_name\" content=\"Suno Not\u00edcias\" \/>\n<meta property=\"article:publisher\" content=\"https:\/\/facebook.com\/sunoresearch\" \/>\n<meta property=\"article:author\" content=\"https:\/\/www.facebook.com\/sunonoticias\/\" \/>\n<meta property=\"og:image\" content=\"https:\/\/files.sunoresearch.com.br\/n\/uploads\/2021\/04\/1784ff8a-fundos-imobiliarios-inter-suno.jpg\" \/>\n\t<meta property=\"og:image:width\" content=\"426\" \/>\n\t<meta property=\"og:image:height\" content=\"640\" \/>\n\t<meta property=\"og:image:type\" content=\"image\/jpeg\" \/>\n<meta name=\"author\" content=\"Reda\u00e7\u00e3o Suno Not\u00edcias\" \/>\n<meta name=\"twitter:card\" content=\"summary_large_image\" \/>\n<meta name=\"twitter:creator\" content=\"@https:\/\/twitter.com\/sunoresearch\" \/>\n<meta name=\"twitter:site\" content=\"@sunoresearch\" \/>\n<meta name=\"twitter:label1\" content=\"Escrito por\" \/>\n\t<meta name=\"twitter:data1\" content=\"Reda\u00e7\u00e3o Suno Not\u00edcias\" \/>\n\t<meta name=\"twitter:label2\" content=\"Est. tempo de leitura\" \/>\n\t<meta name=\"twitter:data2\" content=\"2 minutos\" \/>\n<script type=\"application\/ld+json\" class=\"yoast-schema-graph\">{\"@context\":\"https:\/\/schema.org\",\"@graph\":[{\"@type\":\"NewsArticle\",\"@id\":\"https:\/\/www.suno.com.br\/noticias\/inter-suno-parceria-fundos-imobiliarios\/#article\",\"isPartOf\":{\"@id\":\"https:\/\/www.suno.com.br\/noticias\/inter-suno-parceria-fundos-imobiliarios\/\"},\"author\":{\"name\":\"Reda\u00e7\u00e3o Suno Not\u00edcias\",\"@id\":\"https:\/\/www.suno.com.br\/noticias\/#\/schema\/person\/c1b1bd3727fa852bd045e9dbff3673ea\"},\"headline\":\"Inter vai distribuir fundos imobili\u00e1rios da Suno Asset; parceria prev\u00ea fundo ESG\",\"datePublished\":\"2021-04-09T12:46:30+00:00\",\"dateModified\":\"2021-05-12T15:51:36+00:00\",\"mainEntityOfPage\":{\"@id\":\"https:\/\/www.suno.com.br\/noticias\/inter-suno-parceria-fundos-imobiliarios\/\"},\"wordCount\":508,\"publisher\":{\"@id\":\"https:\/\/www.suno.com.br\/noticias\/#organization\"},\"image\":{\"@id\":\"https:\/\/www.suno.com.br\/noticias\/inter-suno-parceria-fundos-imobiliarios\/#primaryimage\"},\"thumbnailUrl\":\"https:\/\/files.sunoresearch.com.br\/n\/uploads\/2021\/04\/1784ff8a-fundos-imobiliarios-inter-suno-jpg.webp\",\"keywords\":[\"Fundos Imobili\u00e1rios (FIIs)\",\"Grupo Suno\",\"Suno Asset\"],\"articleSection\":[\"Mercado\"],\"inLanguage\":\"pt-BR\"},{\"@type\":\"WebPage\",\"@id\":\"https:\/\/www.suno.com.br\/noticias\/inter-suno-parceria-fundos-imobiliarios\/\",\"url\":\"https:\/\/www.suno.com.br\/noticias\/inter-suno-parceria-fundos-imobiliarios\/\",\"name\":\"Inter distribuir\u00e1 fundos imobili\u00e1rios da Suno; parceria inclui fundo ESG\",\"isPartOf\":{\"@id\":\"https:\/\/www.suno.com.br\/noticias\/#website\"},\"primaryImageOfPage\":{\"@id\":\"https:\/\/www.suno.com.br\/noticias\/inter-suno-parceria-fundos-imobiliarios\/#primaryimage\"},\"image\":{\"@id\":\"https:\/\/www.suno.com.br\/noticias\/inter-suno-parceria-fundos-imobiliarios\/#primaryimage\"},\"thumbnailUrl\":\"https:\/\/files.sunoresearch.com.br\/n\/uploads\/2021\/04\/1784ff8a-fundos-imobiliarios-inter-suno-jpg.webp\",\"datePublished\":\"2021-04-09T12:46:30+00:00\",\"dateModified\":\"2021-05-12T15:51:36+00:00\",\"description\":\"O Grupo Suno e o Inter Invest se uniram para levar mais efici\u00eancia e transpar\u00eancia ao mercado de fundos imobili\u00e1rios. Clique aqui e saiba mais\",\"breadcrumb\":{\"@id\":\"https:\/\/www.suno.com.br\/noticias\/inter-suno-parceria-fundos-imobiliarios\/#breadcrumb\"},\"inLanguage\":\"pt-BR\",\"potentialAction\":[{\"@type\":\"ReadAction\",\"target\":[\"https:\/\/www.suno.com.br\/noticias\/inter-suno-parceria-fundos-imobiliarios\/\"]}]},{\"@type\":\"ImageObject\",\"inLanguage\":\"pt-BR\",\"@id\":\"https:\/\/www.suno.com.br\/noticias\/inter-suno-parceria-fundos-imobiliarios\/#primaryimage\",\"url\":\"https:\/\/files.sunoresearch.com.br\/n\/uploads\/2021\/04\/1784ff8a-fundos-imobiliarios-inter-suno-jpg.webp\",\"contentUrl\":\"https:\/\/files.sunoresearch.com.br\/n\/uploads\/2021\/04\/1784ff8a-fundos-imobiliarios-inter-suno-jpg.webp\",\"width\":426,\"height\":640,\"caption\":\"Foto: Pixabay\"},{\"@type\":\"BreadcrumbList\",\"@id\":\"https:\/\/www.suno.com.br\/noticias\/inter-suno-parceria-fundos-imobiliarios\/#breadcrumb\",\"itemListElement\":[{\"@type\":\"ListItem\",\"position\":1,\"name\":\"Not\u00edcias\",\"item\":\"https:\/\/www.suno.com.br\/noticias\/\"},{\"@type\":\"ListItem\",\"position\":2,\"name\":\"Mercado\",\"item\":\"https:\/\/www.suno.com.br\/noticias\/mercado\/\"},{\"@type\":\"ListItem\",\"position\":3,\"name\":\"Inter vai distribuir fundos imobili\u00e1rios da Suno Asset; parceria prev\u00ea fundo ESG\"}]},{\"@type\":\"WebSite\",\"@id\":\"https:\/\/www.suno.com.br\/noticias\/#website\",\"url\":\"https:\/\/www.suno.com.br\/noticias\/\",\"name\":\"Suno Not\u00edcias\",\"description\":\"Seu portal de informa\u00e7\u00e3o sobre o mundo dos investimentos\",\"publisher\":{\"@id\":\"https:\/\/www.suno.com.br\/noticias\/#organization\"},\"potentialAction\":[{\"@type\":\"SearchAction\",\"target\":{\"@type\":\"EntryPoint\",\"urlTemplate\":\"https:\/\/www.suno.com.br\/noticias\/?s={search_term_string}\"},\"query-input\":{\"@type\":\"PropertyValueSpecification\",\"valueRequired\":true,\"valueName\":\"search_term_string\"}}],\"inLanguage\":\"pt-BR\"},{\"@type\":\"Organization\",\"@id\":\"https:\/\/www.suno.com.br\/noticias\/#organization\",\"name\":\"Suno Not\u00edcias\",\"url\":\"https:\/\/www.suno.com.br\/noticias\/\",\"logo\":{\"@type\":\"ImageObject\",\"inLanguage\":\"pt-BR\",\"@id\":\"https:\/\/www.suno.com.br\/noticias\/#\/schema\/logo\/image\/\",\"url\":\"https:\/\/files.sunoresearch.com.br\/n\/uploads\/2021\/09\/suno-logo.png\",\"contentUrl\":\"https:\/\/files.sunoresearch.com.br\/n\/uploads\/2021\/09\/suno-logo.png\",\"width\":180,\"height\":180,\"caption\":\"Suno Not\u00edcias\"},\"image\":{\"@id\":\"https:\/\/www.suno.com.br\/noticias\/#\/schema\/logo\/image\/\"},\"sameAs\":[\"https:\/\/facebook.com\/sunoresearch\",\"https:\/\/x.com\/sunoresearch\",\"https:\/\/www.instagram.com\/suno\",\"https:\/\/www.linkedin.com\/company\/suno-research\/\",\"https:\/\/www.youtube.com\/c\/sunoresearch\"]},{\"@type\":\"Person\",\"@id\":\"https:\/\/www.suno.com.br\/noticias\/#\/schema\/person\/c1b1bd3727fa852bd045e9dbff3673ea\",\"name\":\"Reda\u00e7\u00e3o Suno Not\u00edcias\",\"image\":{\"@type\":\"ImageObject\",\"inLanguage\":\"pt-BR\",\"@id\":\"https:\/\/www.suno.com.br\/noticias\/#\/schema\/person\/image\/\",\"url\":\"https:\/\/secure.gravatar.com\/avatar\/b8104b9b5a71985d5238ee59fbe418af?s=96&r=g\",\"contentUrl\":\"https:\/\/secure.gravatar.com\/avatar\/b8104b9b5a71985d5238ee59fbe418af?s=96&r=g\",\"caption\":\"Reda\u00e7\u00e3o Suno Not\u00edcias\"},\"description\":\"O Suno Not\u00edcias \u00e9 um portal de informa\u00e7\u00f5es sobre Mercado Financeiro, Pol\u00edtica, Neg\u00f3cios, Economia e Finan\u00e7as Pessoais.\",\"sameAs\":[\"https:\/\/www.suno.com.br\/noticias\",\"https:\/\/www.facebook.com\/sunonoticias\/\",\"https:\/\/www.instagram.com\/sunonoticias\/\",\"https:\/\/x.com\/https:\/\/twitter.com\/sunoresearch\",\"https:\/\/www.youtube.com\/sunonoticias\"],\"url\":\"https:\/\/www.suno.com.br\/noticias\/author\/redacao-suno\/\"}]}<\/script>\n<!-- \/ Yoast SEO plugin. -->","yoast_head_json":{"title":"Inter distribuir\u00e1 fundos imobili\u00e1rios da Suno; parceria inclui fundo ESG","description":"O Grupo Suno e o Inter Invest se uniram para levar mais efici\u00eancia e transpar\u00eancia ao mercado de fundos imobili\u00e1rios. Clique aqui e saiba mais","robots":{"index":"index","follow":"follow","max-snippet":"max-snippet:-1","max-image-preview":"max-image-preview:large","max-video-preview":"max-video-preview:-1"},"canonical":"https:\/\/www.suno.com.br\/noticias\/inter-suno-parceria-fundos-imobiliarios\/","og_locale":"pt_BR","og_type":"article","og_title":"Inter distribuir\u00e1 fundos imobili\u00e1rios da Suno; parceria inclui fundo ESG","og_description":"O Grupo Suno e o Inter Invest se uniram para levar mais efici\u00eancia e transpar\u00eancia ao mercado de fundos imobili\u00e1rios. Clique aqui e saiba mais","og_url":"https:\/\/www.suno.com.br\/noticias\/inter-suno-parceria-fundos-imobiliarios\/","og_site_name":"Suno Not\u00edcias","article_publisher":"https:\/\/facebook.com\/sunoresearch","article_author":"https:\/\/www.facebook.com\/sunonoticias\/","og_image":[{"width":426,"height":640,"url":"https:\/\/files.sunoresearch.com.br\/n\/uploads\/2021\/04\/1784ff8a-fundos-imobiliarios-inter-suno.jpg","type":"image\/jpeg"}],"author":"Reda\u00e7\u00e3o Suno Not\u00edcias","twitter_card":"summary_large_image","twitter_creator":"@https:\/\/twitter.com\/sunoresearch","twitter_site":"@sunoresearch","twitter_misc":{"Escrito por":"Reda\u00e7\u00e3o Suno Not\u00edcias","Est. tempo de leitura":"2 minutos"},"schema":{"@context":"https:\/\/schema.org","@graph":[{"@type":"NewsArticle","@id":"https:\/\/www.suno.com.br\/noticias\/inter-suno-parceria-fundos-imobiliarios\/#article","isPartOf":{"@id":"https:\/\/www.suno.com.br\/noticias\/inter-suno-parceria-fundos-imobiliarios\/"},"author":{"name":"Reda\u00e7\u00e3o Suno Not\u00edcias","@id":"https:\/\/www.suno.com.br\/noticias\/#\/schema\/person\/c1b1bd3727fa852bd045e9dbff3673ea"},"headline":"Inter vai distribuir fundos imobili\u00e1rios da Suno Asset; parceria prev\u00ea fundo ESG","datePublished":"2021-04-09T12:46:30+00:00","dateModified":"2021-05-12T15:51:36+00:00","mainEntityOfPage":{"@id":"https:\/\/www.suno.com.br\/noticias\/inter-suno-parceria-fundos-imobiliarios\/"},"wordCount":508,"publisher":{"@id":"https:\/\/www.suno.com.br\/noticias\/#organization"},"image":{"@id":"https:\/\/www.suno.com.br\/noticias\/inter-suno-parceria-fundos-imobiliarios\/#primaryimage"},"thumbnailUrl":"https:\/\/files.sunoresearch.com.br\/n\/uploads\/2021\/04\/1784ff8a-fundos-imobiliarios-inter-suno-jpg.webp","keywords":["Fundos Imobili\u00e1rios (FIIs)","Grupo Suno","Suno Asset"],"articleSection":["Mercado"],"inLanguage":"pt-BR"},{"@type":"WebPage","@id":"https:\/\/www.suno.com.br\/noticias\/inter-suno-parceria-fundos-imobiliarios\/","url":"https:\/\/www.suno.com.br\/noticias\/inter-suno-parceria-fundos-imobiliarios\/","name":"Inter distribuir\u00e1 fundos imobili\u00e1rios da Suno; parceria inclui fundo ESG","isPartOf":{"@id":"https:\/\/www.suno.com.br\/noticias\/#website"},"primaryImageOfPage":{"@id":"https:\/\/www.suno.com.br\/noticias\/inter-suno-parceria-fundos-imobiliarios\/#primaryimage"},"image":{"@id":"https:\/\/www.suno.com.br\/noticias\/inter-suno-parceria-fundos-imobiliarios\/#primaryimage"},"thumbnailUrl":"https:\/\/files.sunoresearch.com.br\/n\/uploads\/2021\/04\/1784ff8a-fundos-imobiliarios-inter-suno-jpg.webp","datePublished":"2021-04-09T12:46:30+00:00","dateModified":"2021-05-12T15:51:36+00:00","description":"O Grupo Suno e o Inter Invest se uniram para levar mais efici\u00eancia e transpar\u00eancia ao mercado de fundos imobili\u00e1rios. Clique aqui e saiba mais","breadcrumb":{"@id":"https:\/\/www.suno.com.br\/noticias\/inter-suno-parceria-fundos-imobiliarios\/#breadcrumb"},"inLanguage":"pt-BR","potentialAction":[{"@type":"ReadAction","target":["https:\/\/www.suno.com.br\/noticias\/inter-suno-parceria-fundos-imobiliarios\/"]}]},{"@type":"ImageObject","inLanguage":"pt-BR","@id":"https:\/\/www.suno.com.br\/noticias\/inter-suno-parceria-fundos-imobiliarios\/#primaryimage","url":"https:\/\/files.sunoresearch.com.br\/n\/uploads\/2021\/04\/1784ff8a-fundos-imobiliarios-inter-suno-jpg.webp","contentUrl":"https:\/\/files.sunoresearch.com.br\/n\/uploads\/2021\/04\/1784ff8a-fundos-imobiliarios-inter-suno-jpg.webp","width":426,"height":640,"caption":"Foto: Pixabay"},{"@type":"BreadcrumbList","@id":"https:\/\/www.suno.com.br\/noticias\/inter-suno-parceria-fundos-imobiliarios\/#breadcrumb","itemListElement":[{"@type":"ListItem","position":1,"name":"Not\u00edcias","item":"https:\/\/www.suno.com.br\/noticias\/"},{"@type":"ListItem","position":2,"name":"Mercado","item":"https:\/\/www.suno.com.br\/noticias\/mercado\/"},{"@type":"ListItem","position":3,"name":"Inter vai distribuir fundos imobili\u00e1rios da Suno Asset; parceria prev\u00ea fundo ESG"}]},{"@type":"WebSite","@id":"https:\/\/www.suno.com.br\/noticias\/#website","url":"https:\/\/www.suno.com.br\/noticias\/","name":"Suno Not\u00edcias","description":"Seu portal de informa\u00e7\u00e3o sobre o mundo dos investimentos","publisher":{"@id":"https:\/\/www.suno.com.br\/noticias\/#organization"},"potentialAction":[{"@type":"SearchAction","target":{"@type":"EntryPoint","urlTemplate":"https:\/\/www.suno.com.br\/noticias\/?s={search_term_string}"},"query-input":{"@type":"PropertyValueSpecification","valueRequired":true,"valueName":"search_term_string"}}],"inLanguage":"pt-BR"},{"@type":"Organization","@id":"https:\/\/www.suno.com.br\/noticias\/#organization","name":"Suno Not\u00edcias","url":"https:\/\/www.suno.com.br\/noticias\/","logo":{"@type":"ImageObject","inLanguage":"pt-BR","@id":"https:\/\/www.suno.com.br\/noticias\/#\/schema\/logo\/image\/","url":"https:\/\/files.sunoresearch.com.br\/n\/uploads\/2021\/09\/suno-logo.png","contentUrl":"https:\/\/files.sunoresearch.com.br\/n\/uploads\/2021\/09\/suno-logo.png","width":180,"height":180,"caption":"Suno Not\u00edcias"},"image":{"@id":"https:\/\/www.suno.com.br\/noticias\/#\/schema\/logo\/image\/"},"sameAs":["https:\/\/facebook.com\/sunoresearch","https:\/\/x.com\/sunoresearch","https:\/\/www.instagram.com\/suno","https:\/\/www.linkedin.com\/company\/suno-research\/","https:\/\/www.youtube.com\/c\/sunoresearch"]},{"@type":"Person","@id":"https:\/\/www.suno.com.br\/noticias\/#\/schema\/person\/c1b1bd3727fa852bd045e9dbff3673ea","name":"Reda\u00e7\u00e3o Suno Not\u00edcias","image":{"@type":"ImageObject","inLanguage":"pt-BR","@id":"https:\/\/www.suno.com.br\/noticias\/#\/schema\/person\/image\/","url":"https:\/\/secure.gravatar.com\/avatar\/b8104b9b5a71985d5238ee59fbe418af?s=96&r=g","contentUrl":"https:\/\/secure.gravatar.com\/avatar\/b8104b9b5a71985d5238ee59fbe418af?s=96&r=g","caption":"Reda\u00e7\u00e3o Suno Not\u00edcias"},"description":"O Suno Not\u00edcias \u00e9 um portal de informa\u00e7\u00f5es sobre Mercado Financeiro, Pol\u00edtica, Neg\u00f3cios, Economia e Finan\u00e7as Pessoais.","sameAs":["https:\/\/www.suno.com.br\/noticias","https:\/\/www.facebook.com\/sunonoticias\/","https:\/\/www.instagram.com\/sunonoticias\/","https:\/\/x.com\/https:\/\/twitter.com\/sunoresearch","https:\/\/www.youtube.com\/sunonoticias"],"url":"https:\/\/www.suno.com.br\/noticias\/author\/redacao-suno\/"}]}},"default_loop_html":"<div class=\"cardsPage__listCard__boxs\"><div class=\"cardsPage__listCard__boxs__img\"><a href=\"https:\/\/www.suno.com.br\/noticias\/inter-suno-parceria-fundos-imobiliarios\/\"><img class=\"mask\" src=\"https:\/\/www.suno.com.br\/noticias\/wp-content\/themes\/suno\/resources\/images\/spotlight\/spotlight1img\/bg-mask.png\" alt=\"Image Mask\"\/><img src=\"https:\/\/files.sunoresearch.com.br\/n\/uploads\/2021\/04\/1784ff8a-fundos-imobiliarios-inter-suno-400x200.webp\" alt=\"Inter vai distribuir fundos imobili\u00e1rios da Suno Asset; parceria prev\u00ea fundo ESG\"\/><\/a><span class=\"spotlightCategory\"><a href=\"https:\/\/www.suno.com.br\/noticias\/mercado\/\">Mercado<\/a><\/span><\/div><div class=\"cardsPage__listCard__boxs__content\"><a href=\"https:\/\/www.suno.com.br\/noticias\/inter-suno-parceria-fundos-imobiliarios\/\"><h2 class=\"content__title\">Inter vai distribuir fundos imobili\u00e1rios da Suno Asset; parceria prev\u00ea fundo ESG<\/h2><\/a><div class=\"newsContent__article__meta\"><div class=\"newsContent__article__meta__authorBox\"><a href=\"https:\/\/www.suno.com.br\/noticias\/author\/redacao-suno\/\" class=\"authorBox__avatar noMobi\"><img src=\"https:\/\/files.sunoresearch.com.br\/n\/uploads\/2020\/08\/0ace682d-redacao-1-150x150.webp\" alt=\"Reda\u00e7\u00e3o Suno Not\u00edcias\"><\/a><div class=\"authorBox__name\"><span>por\n\t\t\t<a href=\"https:\/\/www.suno.com.br\/noticias\/author\/redacao-suno\/\"><span itemprop=\"author\">Reda\u00e7\u00e3o Suno Not\u00edcias<\/span><\/a><\/span><time datetime=\"2021-04-09T09:46:30-03:00\" itemprop=\"datePublished\">09\/04\/2021 09:46<\/time><\/div><\/div><\/div><\/div><\/div>","single_layout":"posts","amp_enabled":true,"_links":{"self":[{"href":"https:\/\/www.suno.com.br\/noticias\/wp-json\/wp\/v2\/posts\/138109"}],"collection":[{"href":"https:\/\/www.suno.com.br\/noticias\/wp-json\/wp\/v2\/posts"}],"about":[{"href":"https:\/\/www.suno.com.br\/noticias\/wp-json\/wp\/v2\/types\/post"}],"author":[{"embeddable":true,"href":"https:\/\/www.suno.com.br\/noticias\/wp-json\/wp\/v2\/users\/43"}],"replies":[{"embeddable":true,"href":"https:\/\/www.suno.com.br\/noticias\/wp-json\/wp\/v2\/comments?post=138109"}],"version-history":[{"count":4,"href":"https:\/\/www.suno.com.br\/noticias\/wp-json\/wp\/v2\/posts\/138109\/revisions"}],"predecessor-version":[{"id":138216,"href":"https:\/\/www.suno.com.br\/noticias\/wp-json\/wp\/v2\/posts\/138109\/revisions\/138216"}],"wp:featuredmedia":[{"embeddable":true,"href":"https:\/\/www.suno.com.br\/noticias\/wp-json\/wp\/v2\/media\/138214"}],"wp:attachment":[{"href":"https:\/\/www.suno.com.br\/noticias\/wp-json\/wp\/v2\/media?parent=138109"}],"wp:term":[{"taxonomy":"category","embeddable":true,"href":"https:\/\/www.suno.com.br\/noticias\/wp-json\/wp\/v2\/categories?post=138109"},{"taxonomy":"post_tag","embeddable":true,"href":"https:\/\/www.suno.com.br\/noticias\/wp-json\/wp\/v2\/tags?post=138109"},{"taxonomy":"suno_strategy","embeddable":true,"href":"https:\/\/www.suno.com.br\/noticias\/wp-json\/wp\/v2\/suno_strategy?post=138109"}],"curies":[{"name":"wp","href":"https:\/\/api.w.org\/{rel}","templated":true}]}}