{"id":138031,"date":"2021-04-08T16:58:12","date_gmt":"2021-04-08T19:58:12","guid":{"rendered":"https:\/\/www.suno.com.br\/noticias\/?p=138031"},"modified":"2021-04-08T16:58:12","modified_gmt":"2021-04-08T19:58:12","slug":"embarer-embr3-dispara-potencial-acordo-aerea-indiana","status":"publish","type":"post","link":"https:\/\/www.suno.com.br\/noticias\/embarer-embr3-dispara-potencial-acordo-aerea-indiana\/","title":{"rendered":"Embraer (EMBR3) dispara turbinada por vacina\u00e7\u00e3o e potencial acordo com a\u00e9rea indiana"},"content":{"rendered":"<p>As a\u00e7\u00f5es da <a href=\"https:\/\/www.suno.com.br\/acoes\/embr3\"><strong>Embraer <\/strong>(EMBR3)<\/a> registravam forte alta no preg\u00e3o desta quinta-feira (8) com o mercado precificando o avan\u00e7o no ritmo de vacina\u00e7\u00e3o e atento \u00e0 not\u00edcias de que a fabricante de avi\u00f5es estaria em negocia\u00e7\u00f5es com a companhia indiana Trujet.<\/p>\t<div class=\"wrapper-featured-image\">\n\t\t<figure class=\"spotlightImg\">\n\n\t\t\t<picture>\n\t\t\t\t<source media=\"(max-width: 768px)\" srcset=\"https:\/\/files.sunoresearch.com.br\/n\/uploads\/2021\/03\/8e68829d-embraer-comercial-400x200.webp\">\n\t\t\t\t<img loading=\"lazy\" decoding=\"async\" class=\"newsContent__article__imgCapa lazyloadDisabled \" src=\"https:\/\/files.sunoresearch.com.br\/n\/uploads\/2021\/03\/8e68829d-embraer-comercial-800x450.webp\" width=\"800\" height=\"450\" alt=\"Embraer (EMBR3) dispara turbinada por vacina\u00e7\u00e3o e potencial acordo com a\u00e9rea indiana\" fetchpriority=high \/>\n\t\t\t<\/picture>\n\n\t\t\t<figcaption class=\"wp-caption-text wp-caption-text--show\">Embraer (EMBR3): como \u201ctarifa\u00e7o\u201d de Trump impacta a empresa? Foto: Divulga\u00e7\u00e3o<\/figcaption>\n\t\t<\/figure>\n\t<\/div>\n\n\n\t<p>\n\t\t<a href=\"https:\/\/lp.suno.com.br\/planilha-controle-gastos\/\" target=\"_blank\" data-element=\"shortcode-suno-banner\" title=\"Banner SUNO, clique e saiba mais\">\n\t\t\t<picture>\n\t\t\t\t<source media=\"(max-width: 500px)\" srcset=\"https:\/\/files.sunoresearch.com.br\/n\/uploads\/2023\/03\/400x300-Planilha-controle-de-gastos.png\">\n\t\t\t\t<img class=\"newsContent__article__imgCapa newsContent__article__imgCapa--banner\"\n\t\t\t\t\tsrc=\"https:\/\/files.sunoresearch.com.br\/n\/uploads\/2023\/03\/1420x240-Planilha-controle-de-gastos.png\"\n\t\t\t\t\tdata-promo-id=\"101751\"\t\t\t\t\t\t\t\t\t\twidth='1420' height='240'\t\t\t\t\talt=\"https:\/\/files.sunoresearch.com.br\/n\/uploads\/2023\/03\/1420x240-Planilha-controle-de-gastos.png\"\n\t\t\t\t>\n\t\t\t<\/picture>\n\t\t<\/a>\n\t<\/p>\n\n\n<p>Por volta das 16h32, pouco antes do fechamento do mercado, os pap\u00e9is da Embraer dispararam 8,46%, para R$ 16,03, liderando as altas do <strong>Ibovespa hoje<\/strong>.<\/p>\n<p>O movimento ocorre &#8220;por conta de uma expectativa em rela\u00e7\u00e3o a acelera\u00e7\u00e3o da vacina\u00e7\u00e3o, e repercutindo a not\u00edcia de que existem negocia\u00e7\u00f5es avan\u00e7adas entre a fabricante de avi\u00f5es e a companhia indiana Trujet, que est\u00e1 com um plano ambicioso de expandir de sua frota ao redor do mundo&#8221;, disse a <strong>Ativa Investimentos<\/strong> em nota.<\/p>\n<p><a href=\"https:\/\/lp.suno.com.br\/suno-one\/?ppp=noticias\/embraer-embr3-resiliencia-guide\/\">Suno One: acesse gratuitamente eBooks, Minicursos, Artigos e V\u00eddeo Aulas sobre investimentos com um \u00fanico cadastro. Clique para saber mais!<\/a><\/p>\n<p>De acordo com informa\u00e7\u00f5es do site indiano <em>Money Control<\/em>, a companhia a\u00e9rea <strong>Trujet <\/strong>estaria negociando com a Embraer e a rival Airbus uma compra de 54 aeronaves, de cada. A expectativa \u00e9 de que o acordo seja assinado no final deste m\u00eas.<\/p>\n<p>\u201cA Embraer fornecer\u00e1 tr\u00eas aeronaves a cada dois meses. Pelo acordo com a Airbus, chegar\u00e1 uma aeronave a cada 1,5 m\u00eas, ou no m\u00e1ximo nove avi\u00f5es por ano. Ent\u00e3o, pode demorar cerca de seis anos para o pedido da Airbus ser entregue, menor para a Embraer &#8220;, disse Laxmi Prasad, empres\u00e1rio investidor da Trujet, ao <em>Money Control<\/em>.<\/p>\n\t<div data-element=\"shortcode-read-more\" class=\"knowMore\">\n\t\t\t\t<span class=\"knowMore__title\">Leia mais<\/span>\n\t\t\t\t<a class=\"knowMore__link\" href=\"https:\/\/www.suno.com.br\/noticias\/embraer-reabastecimento-voo-kc-390-millennium\/\">\n\t\t\tEmbraer conclui reabastecimento em voo entre duas aeronaves KC-390 Millennium\t\t<\/a>\n\t<\/div>\n\n\n<p>Al\u00e9m disso, impulsionam as a\u00e7\u00f5es da Embraer a acelera\u00e7\u00e3o da vacina\u00e7\u00e3o nos Estados Unidos e, embora mais reduzida, no Brasil e na Europa.<\/p>\n<h2>Embraer quer ser maior do que antes da covid-19 em 3 anos<\/h2>\n<p>Em entrevista ao jornal <em>Valor Econ\u00f4mico<\/em>, Francisco Gomes Neto, presidente da Embraer, disse que a companhia pretende ser maior, em receita, do que era antes da crise e do fim da parceria com a Boeing em um prazo de tr\u00eas a quatro anos.<\/p>\n\t<p>\n\t\t<a href=\"https:\/\/lp.suno.com.br\/planilha-da-vida-financeira\/\" target=\"_blank\" data-element=\"shortcode-suno-banner\" title=\"Banner SUNO, clique e saiba mais\">\n\t\t\t<picture>\n\t\t\t\t<source media=\"(max-width: 500px)\" srcset=\"https:\/\/files.sunoresearch.com.br\/n\/uploads\/2023\/04\/400x300-Planilha-vida-financeira-true.png\">\n\t\t\t\t<img class=\"newsContent__article__imgCapa newsContent__article__imgCapa--banner\"\n\t\t\t\t\tsrc=\"https:\/\/files.sunoresearch.com.br\/n\/uploads\/2023\/04\/1420x240-Planilha-vida-financeira-true.png\"\n\t\t\t\t\tdata-promo-id=\"106682\"\t\t\t\t\t\t\t\t\t\twidth='1420' height='240'\t\t\t\t\talt=\"https:\/\/files.sunoresearch.com.br\/n\/uploads\/2023\/04\/1420x240-Planilha-vida-financeira-true.png\"\n\t\t\t\t>\n\t\t\t<\/picture>\n\t\t<\/a>\n\t<\/p>\n\n\n<p>\u201cFizemos a li\u00e7\u00e3o de casa. Estamos muito confiantes nesse planejamento\u201d, afirmou o presidente da <strong>Embraer<\/strong> \u00e0 publica\u00e7\u00e3o. A expectativa da companhia de avi\u00f5es, que se baseia no portf\u00f3lio atual e n\u00e3o considera potenciais parcerias, \u00e9 retomar os n\u00edveis de receita pr\u00e9-pandemia em 2023.<\/p>\n<p><span data-sheets-value=\"{&quot;1&quot;:2,&quot;2&quot;:&quot;&quot;}\" data-sheets-userformat=\"{&quot;2&quot;:513,&quot;3&quot;:{&quot;1&quot;:0},&quot;12&quot;:0}\">\t<p>\n\t\t<a href=\"https:\/\/lp.suno.com.br\/planilha-de-controle-de-investimentos\/\" target=\"_blank\" data-element=\"shortcode-suno-banner\" title=\"Banner SUNO, clique e saiba mais\">\n\t\t\t<picture>\n\t\t\t\t<source media=\"(max-width: 500px)\" srcset=\"https:\/\/files.sunoresearch.com.br\/n\/uploads\/2023\/03\/400x300-Controle-de-Investimentos.png\">\n\t\t\t\t<img class=\"newsContent__article__imgCapa newsContent__article__imgCapa--banner\"\n\t\t\t\t\tsrc=\"https:\/\/files.sunoresearch.com.br\/n\/uploads\/2023\/03\/1420x240-Controle-de-Investimentos.png\"\n\t\t\t\t\tdata-promo-id=\"75934\"\t\t\t\t\t\t\t\t\t\twidth='1420' height='240'\t\t\t\t\talt=\"https:\/\/files.sunoresearch.com.br\/n\/uploads\/2023\/03\/1420x240-Controle-de-Investimentos.png\"\n\t\t\t\t>\n\t\t\t<\/picture>\n\t\t<\/a>\n\t<\/p>\n\n<\/span><\/p>\n","protected":false},"excerpt":{"rendered":"<p>As a\u00e7\u00f5es da Embraer (EMBR3) registravam forte alta no preg\u00e3o desta quinta-feira (8) com o mercado precificando o avan\u00e7o no ritmo de vacina\u00e7\u00e3o e atento \u00e0 not\u00edcias de que a fabricante de avi\u00f5es estaria em negocia\u00e7\u00f5es com a companhia indiana Trujet. Embraer (EMBR3): como \u201ctarifa\u00e7o\u201d de Trump impacta a empresa? Foto: Divulga\u00e7\u00e3o Por volta das [&hellip;]<\/p>\n","protected":false},"author":35,"featured_media":130239,"comment_status":"closed","ping_status":"closed","sticky":false,"template":"","format":"standard","meta":[],"categories":[64],"tags":[1594,460,105816],"suno_strategy":[],"class_list":["post-138031","post","type-post","status-publish","format-standard","has-post-thumbnail","hentry","category-negocios","tag-companhias-aereas","tag-embraer-embr3","tag-especialistas"],"yoast_head":"<!-- This site is optimized with the Yoast SEO plugin v24.4 - https:\/\/yoast.com\/wordpress\/plugins\/seo\/ -->\n<title>Embraer (EMBR3) dispara com potencial acordo com a\u00e9rea indiana<\/title>\n<meta name=\"description\" content=\"As a\u00e7\u00f5es da Embraer (EMBR3) registravam forte alta com o avan\u00e7o na vacina\u00e7\u00e3o e o poss\u00edvel acordo com a companhia indiana Trujet.\" \/>\n<meta name=\"robots\" content=\"index, follow, max-snippet:-1, max-image-preview:large, max-video-preview:-1\" \/>\n<link rel=\"canonical\" href=\"https:\/\/www.suno.com.br\/noticias\/embarer-embr3-dispara-potencial-acordo-aerea-indiana\/\" \/>\n<meta property=\"og:locale\" content=\"pt_BR\" \/>\n<meta property=\"og:type\" content=\"article\" \/>\n<meta property=\"og:title\" content=\"Embraer (EMBR3) dispara com potencial acordo com a\u00e9rea indiana\" \/>\n<meta property=\"og:description\" content=\"As a\u00e7\u00f5es da Embraer (EMBR3) registravam forte alta com o avan\u00e7o na vacina\u00e7\u00e3o e o poss\u00edvel acordo com a companhia indiana Trujet.\" \/>\n<meta property=\"og:url\" content=\"https:\/\/www.suno.com.br\/noticias\/embarer-embr3-dispara-potencial-acordo-aerea-indiana\/\" \/>\n<meta property=\"og:site_name\" content=\"Suno Not\u00edcias\" \/>\n<meta property=\"article:publisher\" content=\"https:\/\/facebook.com\/sunoresearch\" \/>\n<meta property=\"og:image\" content=\"https:\/\/files.sunoresearch.com.br\/n\/uploads\/2021\/03\/8e68829d-embraer-comercial.jpg\" \/>\n\t<meta property=\"og:image:width\" content=\"1200\" \/>\n\t<meta property=\"og:image:height\" content=\"800\" \/>\n\t<meta property=\"og:image:type\" content=\"image\/jpeg\" \/>\n<meta name=\"author\" content=\"Arthur Guimar\u00e3es\" \/>\n<meta name=\"twitter:card\" content=\"summary_large_image\" \/>\n<meta name=\"twitter:creator\" content=\"@sunoresearch\" \/>\n<meta name=\"twitter:site\" content=\"@sunoresearch\" \/>\n<meta name=\"twitter:label1\" content=\"Escrito por\" \/>\n\t<meta name=\"twitter:data1\" content=\"Arthur Guimar\u00e3es\" \/>\n\t<meta name=\"twitter:label2\" content=\"Est. tempo de leitura\" \/>\n\t<meta name=\"twitter:data2\" content=\"2 minutos\" \/>\n<script type=\"application\/ld+json\" class=\"yoast-schema-graph\">{\"@context\":\"https:\/\/schema.org\",\"@graph\":[{\"@type\":\"NewsArticle\",\"@id\":\"https:\/\/www.suno.com.br\/noticias\/embarer-embr3-dispara-potencial-acordo-aerea-indiana\/#article\",\"isPartOf\":{\"@id\":\"https:\/\/www.suno.com.br\/noticias\/embarer-embr3-dispara-potencial-acordo-aerea-indiana\/\"},\"author\":{\"name\":\"Arthur Guimar\u00e3es\",\"@id\":\"https:\/\/www.suno.com.br\/noticias\/#\/schema\/person\/053a750a709a263919a20f976caae91c\"},\"headline\":\"Embraer (EMBR3) dispara turbinada por vacina\u00e7\u00e3o e potencial acordo com a\u00e9rea indiana\",\"datePublished\":\"2021-04-08T19:58:12+00:00\",\"mainEntityOfPage\":{\"@id\":\"https:\/\/www.suno.com.br\/noticias\/embarer-embr3-dispara-potencial-acordo-aerea-indiana\/\"},\"wordCount\":416,\"publisher\":{\"@id\":\"https:\/\/www.suno.com.br\/noticias\/#organization\"},\"image\":{\"@id\":\"https:\/\/www.suno.com.br\/noticias\/embarer-embr3-dispara-potencial-acordo-aerea-indiana\/#primaryimage\"},\"thumbnailUrl\":\"https:\/\/files.sunoresearch.com.br\/n\/uploads\/2021\/03\/8e68829d-embraer-comercial-jpg.webp\",\"keywords\":[\"companhias a\u00e9reas\",\"Embraer (EMBR3)\",\"Especialistas\"],\"articleSection\":[\"Neg\u00f3cios\"],\"inLanguage\":\"pt-BR\"},{\"@type\":\"WebPage\",\"@id\":\"https:\/\/www.suno.com.br\/noticias\/embarer-embr3-dispara-potencial-acordo-aerea-indiana\/\",\"url\":\"https:\/\/www.suno.com.br\/noticias\/embarer-embr3-dispara-potencial-acordo-aerea-indiana\/\",\"name\":\"Embraer (EMBR3) dispara com potencial acordo com a\u00e9rea indiana\",\"isPartOf\":{\"@id\":\"https:\/\/www.suno.com.br\/noticias\/#website\"},\"primaryImageOfPage\":{\"@id\":\"https:\/\/www.suno.com.br\/noticias\/embarer-embr3-dispara-potencial-acordo-aerea-indiana\/#primaryimage\"},\"image\":{\"@id\":\"https:\/\/www.suno.com.br\/noticias\/embarer-embr3-dispara-potencial-acordo-aerea-indiana\/#primaryimage\"},\"thumbnailUrl\":\"https:\/\/files.sunoresearch.com.br\/n\/uploads\/2021\/03\/8e68829d-embraer-comercial-jpg.webp\",\"datePublished\":\"2021-04-08T19:58:12+00:00\",\"description\":\"As a\u00e7\u00f5es da Embraer (EMBR3) registravam forte alta com o avan\u00e7o na vacina\u00e7\u00e3o e o poss\u00edvel acordo com a companhia indiana Trujet.\",\"breadcrumb\":{\"@id\":\"https:\/\/www.suno.com.br\/noticias\/embarer-embr3-dispara-potencial-acordo-aerea-indiana\/#breadcrumb\"},\"inLanguage\":\"pt-BR\",\"potentialAction\":[{\"@type\":\"ReadAction\",\"target\":[\"https:\/\/www.suno.com.br\/noticias\/embarer-embr3-dispara-potencial-acordo-aerea-indiana\/\"]}]},{\"@type\":\"ImageObject\",\"inLanguage\":\"pt-BR\",\"@id\":\"https:\/\/www.suno.com.br\/noticias\/embarer-embr3-dispara-potencial-acordo-aerea-indiana\/#primaryimage\",\"url\":\"https:\/\/files.sunoresearch.com.br\/n\/uploads\/2021\/03\/8e68829d-embraer-comercial-jpg.webp\",\"contentUrl\":\"https:\/\/files.sunoresearch.com.br\/n\/uploads\/2021\/03\/8e68829d-embraer-comercial-jpg.webp\",\"width\":1200,\"height\":800,\"caption\":\"Embraer (EMBR3): como \u201ctarifa\u00e7o\u201d de Trump impacta a empresa? Foto: Divulga\u00e7\u00e3o\"},{\"@type\":\"BreadcrumbList\",\"@id\":\"https:\/\/www.suno.com.br\/noticias\/embarer-embr3-dispara-potencial-acordo-aerea-indiana\/#breadcrumb\",\"itemListElement\":[{\"@type\":\"ListItem\",\"position\":1,\"name\":\"Not\u00edcias\",\"item\":\"https:\/\/www.suno.com.br\/noticias\/\"},{\"@type\":\"ListItem\",\"position\":2,\"name\":\"Neg\u00f3cios\",\"item\":\"https:\/\/www.suno.com.br\/noticias\/negocios\/\"},{\"@type\":\"ListItem\",\"position\":3,\"name\":\"Embraer (EMBR3) dispara turbinada por vacina\u00e7\u00e3o e potencial acordo com a\u00e9rea indiana\"}]},{\"@type\":\"WebSite\",\"@id\":\"https:\/\/www.suno.com.br\/noticias\/#website\",\"url\":\"https:\/\/www.suno.com.br\/noticias\/\",\"name\":\"Suno Not\u00edcias\",\"description\":\"Seu portal de informa\u00e7\u00e3o sobre o mundo dos investimentos\",\"publisher\":{\"@id\":\"https:\/\/www.suno.com.br\/noticias\/#organization\"},\"potentialAction\":[{\"@type\":\"SearchAction\",\"target\":{\"@type\":\"EntryPoint\",\"urlTemplate\":\"https:\/\/www.suno.com.br\/noticias\/?s={search_term_string}\"},\"query-input\":{\"@type\":\"PropertyValueSpecification\",\"valueRequired\":true,\"valueName\":\"search_term_string\"}}],\"inLanguage\":\"pt-BR\"},{\"@type\":\"Organization\",\"@id\":\"https:\/\/www.suno.com.br\/noticias\/#organization\",\"name\":\"Suno Not\u00edcias\",\"url\":\"https:\/\/www.suno.com.br\/noticias\/\",\"logo\":{\"@type\":\"ImageObject\",\"inLanguage\":\"pt-BR\",\"@id\":\"https:\/\/www.suno.com.br\/noticias\/#\/schema\/logo\/image\/\",\"url\":\"https:\/\/files.sunoresearch.com.br\/n\/uploads\/2021\/09\/suno-logo.png\",\"contentUrl\":\"https:\/\/files.sunoresearch.com.br\/n\/uploads\/2021\/09\/suno-logo.png\",\"width\":180,\"height\":180,\"caption\":\"Suno Not\u00edcias\"},\"image\":{\"@id\":\"https:\/\/www.suno.com.br\/noticias\/#\/schema\/logo\/image\/\"},\"sameAs\":[\"https:\/\/facebook.com\/sunoresearch\",\"https:\/\/x.com\/sunoresearch\",\"https:\/\/www.instagram.com\/suno\",\"https:\/\/www.linkedin.com\/company\/suno-research\/\",\"https:\/\/www.youtube.com\/c\/sunoresearch\"]},{\"@type\":\"Person\",\"@id\":\"https:\/\/www.suno.com.br\/noticias\/#\/schema\/person\/053a750a709a263919a20f976caae91c\",\"name\":\"Arthur Guimar\u00e3es\",\"image\":{\"@type\":\"ImageObject\",\"inLanguage\":\"pt-BR\",\"@id\":\"https:\/\/www.suno.com.br\/noticias\/#\/schema\/person\/image\/\",\"url\":\"https:\/\/secure.gravatar.com\/avatar\/1affd86a11209ae09eb6dd3bcad3e96c?s=96&r=g\",\"contentUrl\":\"https:\/\/secure.gravatar.com\/avatar\/1affd86a11209ae09eb6dd3bcad3e96c?s=96&r=g\",\"caption\":\"Arthur Guimar\u00e3es\"},\"description\":\"Arthur Guimar\u00e3es escreve sobre pol\u00edtica, economia e neg\u00f3cios para o portal de not\u00edcias da Suno Research. Atualmente, \u00e9 estudante de jornalismo pela Faculdade C\u00e1sper L\u00edbero.\",\"url\":\"https:\/\/www.suno.com.br\/noticias\/author\/arthur-guimaraes\/\"}]}<\/script>\n<!-- \/ Yoast SEO plugin. -->","yoast_head_json":{"title":"Embraer (EMBR3) dispara com potencial acordo com a\u00e9rea indiana","description":"As a\u00e7\u00f5es da Embraer (EMBR3) registravam forte alta com o avan\u00e7o na vacina\u00e7\u00e3o e o poss\u00edvel acordo com a companhia indiana Trujet.","robots":{"index":"index","follow":"follow","max-snippet":"max-snippet:-1","max-image-preview":"max-image-preview:large","max-video-preview":"max-video-preview:-1"},"canonical":"https:\/\/www.suno.com.br\/noticias\/embarer-embr3-dispara-potencial-acordo-aerea-indiana\/","og_locale":"pt_BR","og_type":"article","og_title":"Embraer (EMBR3) dispara com potencial acordo com a\u00e9rea indiana","og_description":"As a\u00e7\u00f5es da Embraer (EMBR3) registravam forte alta com o avan\u00e7o na vacina\u00e7\u00e3o e o poss\u00edvel acordo com a companhia indiana Trujet.","og_url":"https:\/\/www.suno.com.br\/noticias\/embarer-embr3-dispara-potencial-acordo-aerea-indiana\/","og_site_name":"Suno Not\u00edcias","article_publisher":"https:\/\/facebook.com\/sunoresearch","og_image":[{"width":1200,"height":800,"url":"https:\/\/files.sunoresearch.com.br\/n\/uploads\/2021\/03\/8e68829d-embraer-comercial.jpg","type":"image\/jpeg"}],"author":"Arthur Guimar\u00e3es","twitter_card":"summary_large_image","twitter_creator":"@sunoresearch","twitter_site":"@sunoresearch","twitter_misc":{"Escrito por":"Arthur Guimar\u00e3es","Est. tempo de leitura":"2 minutos"},"schema":{"@context":"https:\/\/schema.org","@graph":[{"@type":"NewsArticle","@id":"https:\/\/www.suno.com.br\/noticias\/embarer-embr3-dispara-potencial-acordo-aerea-indiana\/#article","isPartOf":{"@id":"https:\/\/www.suno.com.br\/noticias\/embarer-embr3-dispara-potencial-acordo-aerea-indiana\/"},"author":{"name":"Arthur Guimar\u00e3es","@id":"https:\/\/www.suno.com.br\/noticias\/#\/schema\/person\/053a750a709a263919a20f976caae91c"},"headline":"Embraer (EMBR3) dispara turbinada por vacina\u00e7\u00e3o e potencial acordo com a\u00e9rea indiana","datePublished":"2021-04-08T19:58:12+00:00","mainEntityOfPage":{"@id":"https:\/\/www.suno.com.br\/noticias\/embarer-embr3-dispara-potencial-acordo-aerea-indiana\/"},"wordCount":416,"publisher":{"@id":"https:\/\/www.suno.com.br\/noticias\/#organization"},"image":{"@id":"https:\/\/www.suno.com.br\/noticias\/embarer-embr3-dispara-potencial-acordo-aerea-indiana\/#primaryimage"},"thumbnailUrl":"https:\/\/files.sunoresearch.com.br\/n\/uploads\/2021\/03\/8e68829d-embraer-comercial-jpg.webp","keywords":["companhias a\u00e9reas","Embraer (EMBR3)","Especialistas"],"articleSection":["Neg\u00f3cios"],"inLanguage":"pt-BR"},{"@type":"WebPage","@id":"https:\/\/www.suno.com.br\/noticias\/embarer-embr3-dispara-potencial-acordo-aerea-indiana\/","url":"https:\/\/www.suno.com.br\/noticias\/embarer-embr3-dispara-potencial-acordo-aerea-indiana\/","name":"Embraer (EMBR3) dispara com potencial acordo com a\u00e9rea indiana","isPartOf":{"@id":"https:\/\/www.suno.com.br\/noticias\/#website"},"primaryImageOfPage":{"@id":"https:\/\/www.suno.com.br\/noticias\/embarer-embr3-dispara-potencial-acordo-aerea-indiana\/#primaryimage"},"image":{"@id":"https:\/\/www.suno.com.br\/noticias\/embarer-embr3-dispara-potencial-acordo-aerea-indiana\/#primaryimage"},"thumbnailUrl":"https:\/\/files.sunoresearch.com.br\/n\/uploads\/2021\/03\/8e68829d-embraer-comercial-jpg.webp","datePublished":"2021-04-08T19:58:12+00:00","description":"As a\u00e7\u00f5es da Embraer (EMBR3) registravam forte alta com o avan\u00e7o na vacina\u00e7\u00e3o e o poss\u00edvel acordo com a companhia indiana Trujet.","breadcrumb":{"@id":"https:\/\/www.suno.com.br\/noticias\/embarer-embr3-dispara-potencial-acordo-aerea-indiana\/#breadcrumb"},"inLanguage":"pt-BR","potentialAction":[{"@type":"ReadAction","target":["https:\/\/www.suno.com.br\/noticias\/embarer-embr3-dispara-potencial-acordo-aerea-indiana\/"]}]},{"@type":"ImageObject","inLanguage":"pt-BR","@id":"https:\/\/www.suno.com.br\/noticias\/embarer-embr3-dispara-potencial-acordo-aerea-indiana\/#primaryimage","url":"https:\/\/files.sunoresearch.com.br\/n\/uploads\/2021\/03\/8e68829d-embraer-comercial-jpg.webp","contentUrl":"https:\/\/files.sunoresearch.com.br\/n\/uploads\/2021\/03\/8e68829d-embraer-comercial-jpg.webp","width":1200,"height":800,"caption":"Embraer (EMBR3): como \u201ctarifa\u00e7o\u201d de Trump impacta a empresa? Foto: Divulga\u00e7\u00e3o"},{"@type":"BreadcrumbList","@id":"https:\/\/www.suno.com.br\/noticias\/embarer-embr3-dispara-potencial-acordo-aerea-indiana\/#breadcrumb","itemListElement":[{"@type":"ListItem","position":1,"name":"Not\u00edcias","item":"https:\/\/www.suno.com.br\/noticias\/"},{"@type":"ListItem","position":2,"name":"Neg\u00f3cios","item":"https:\/\/www.suno.com.br\/noticias\/negocios\/"},{"@type":"ListItem","position":3,"name":"Embraer (EMBR3) dispara turbinada por vacina\u00e7\u00e3o e potencial acordo com a\u00e9rea indiana"}]},{"@type":"WebSite","@id":"https:\/\/www.suno.com.br\/noticias\/#website","url":"https:\/\/www.suno.com.br\/noticias\/","name":"Suno Not\u00edcias","description":"Seu portal de informa\u00e7\u00e3o sobre o mundo dos investimentos","publisher":{"@id":"https:\/\/www.suno.com.br\/noticias\/#organization"},"potentialAction":[{"@type":"SearchAction","target":{"@type":"EntryPoint","urlTemplate":"https:\/\/www.suno.com.br\/noticias\/?s={search_term_string}"},"query-input":{"@type":"PropertyValueSpecification","valueRequired":true,"valueName":"search_term_string"}}],"inLanguage":"pt-BR"},{"@type":"Organization","@id":"https:\/\/www.suno.com.br\/noticias\/#organization","name":"Suno Not\u00edcias","url":"https:\/\/www.suno.com.br\/noticias\/","logo":{"@type":"ImageObject","inLanguage":"pt-BR","@id":"https:\/\/www.suno.com.br\/noticias\/#\/schema\/logo\/image\/","url":"https:\/\/files.sunoresearch.com.br\/n\/uploads\/2021\/09\/suno-logo.png","contentUrl":"https:\/\/files.sunoresearch.com.br\/n\/uploads\/2021\/09\/suno-logo.png","width":180,"height":180,"caption":"Suno Not\u00edcias"},"image":{"@id":"https:\/\/www.suno.com.br\/noticias\/#\/schema\/logo\/image\/"},"sameAs":["https:\/\/facebook.com\/sunoresearch","https:\/\/x.com\/sunoresearch","https:\/\/www.instagram.com\/suno","https:\/\/www.linkedin.com\/company\/suno-research\/","https:\/\/www.youtube.com\/c\/sunoresearch"]},{"@type":"Person","@id":"https:\/\/www.suno.com.br\/noticias\/#\/schema\/person\/053a750a709a263919a20f976caae91c","name":"Arthur Guimar\u00e3es","image":{"@type":"ImageObject","inLanguage":"pt-BR","@id":"https:\/\/www.suno.com.br\/noticias\/#\/schema\/person\/image\/","url":"https:\/\/secure.gravatar.com\/avatar\/1affd86a11209ae09eb6dd3bcad3e96c?s=96&r=g","contentUrl":"https:\/\/secure.gravatar.com\/avatar\/1affd86a11209ae09eb6dd3bcad3e96c?s=96&r=g","caption":"Arthur Guimar\u00e3es"},"description":"Arthur Guimar\u00e3es escreve sobre pol\u00edtica, economia e neg\u00f3cios para o portal de not\u00edcias da Suno Research. Atualmente, \u00e9 estudante de jornalismo pela Faculdade C\u00e1sper L\u00edbero.","url":"https:\/\/www.suno.com.br\/noticias\/author\/arthur-guimaraes\/"}]}},"default_loop_html":"<div class=\"cardsPage__listCard__boxs\"><div class=\"cardsPage__listCard__boxs__img\"><a href=\"https:\/\/www.suno.com.br\/noticias\/embarer-embr3-dispara-potencial-acordo-aerea-indiana\/\"><img class=\"mask\" src=\"https:\/\/www.suno.com.br\/noticias\/wp-content\/themes\/suno\/resources\/images\/spotlight\/spotlight1img\/bg-mask.png\" alt=\"Image Mask\"\/><img src=\"https:\/\/files.sunoresearch.com.br\/n\/uploads\/2021\/03\/8e68829d-embraer-comercial-400x200.webp\" alt=\"Embraer (EMBR3) dispara turbinada por vacina\u00e7\u00e3o e potencial acordo com a\u00e9rea indiana\"\/><\/a><span class=\"spotlightCategory\"><a href=\"https:\/\/www.suno.com.br\/noticias\/negocios\/\">Neg\u00f3cios<\/a><\/span><\/div><div class=\"cardsPage__listCard__boxs__content\"><a href=\"https:\/\/www.suno.com.br\/noticias\/embarer-embr3-dispara-potencial-acordo-aerea-indiana\/\"><h2 class=\"content__title\">Embraer (EMBR3) dispara turbinada por vacina\u00e7\u00e3o e potencial acordo com a\u00e9rea indiana<\/h2><\/a><div class=\"newsContent__article__meta\"><div class=\"newsContent__article__meta__authorBox\"><a href=\"https:\/\/www.suno.com.br\/noticias\/author\/arthur-guimaraes\/\" class=\"authorBox__avatar noMobi\"><img src=\"https:\/\/files.sunoresearch.com.br\/n\/uploads\/2020\/02\/dfb40897-eu-150x150.webp\" alt=\"Arthur Guimar\u00e3es\"><\/a><div class=\"authorBox__name\"><span>por\n\t\t\t<a href=\"https:\/\/www.suno.com.br\/noticias\/author\/arthur-guimaraes\/\"><span itemprop=\"author\">Arthur Guimar\u00e3es<\/span><\/a><\/span><time datetime=\"2021-04-08T16:58:12-03:00\" itemprop=\"datePublished\">08\/04\/2021 16:58<\/time><\/div><\/div><\/div><\/div><\/div>","single_layout":"posts","amp_enabled":true,"_links":{"self":[{"href":"https:\/\/www.suno.com.br\/noticias\/wp-json\/wp\/v2\/posts\/138031"}],"collection":[{"href":"https:\/\/www.suno.com.br\/noticias\/wp-json\/wp\/v2\/posts"}],"about":[{"href":"https:\/\/www.suno.com.br\/noticias\/wp-json\/wp\/v2\/types\/post"}],"author":[{"embeddable":true,"href":"https:\/\/www.suno.com.br\/noticias\/wp-json\/wp\/v2\/users\/35"}],"replies":[{"embeddable":true,"href":"https:\/\/www.suno.com.br\/noticias\/wp-json\/wp\/v2\/comments?post=138031"}],"version-history":[{"count":3,"href":"https:\/\/www.suno.com.br\/noticias\/wp-json\/wp\/v2\/posts\/138031\/revisions"}],"predecessor-version":[{"id":138047,"href":"https:\/\/www.suno.com.br\/noticias\/wp-json\/wp\/v2\/posts\/138031\/revisions\/138047"}],"wp:featuredmedia":[{"embeddable":true,"href":"https:\/\/www.suno.com.br\/noticias\/wp-json\/wp\/v2\/media\/130239"}],"wp:attachment":[{"href":"https:\/\/www.suno.com.br\/noticias\/wp-json\/wp\/v2\/media?parent=138031"}],"wp:term":[{"taxonomy":"category","embeddable":true,"href":"https:\/\/www.suno.com.br\/noticias\/wp-json\/wp\/v2\/categories?post=138031"},{"taxonomy":"post_tag","embeddable":true,"href":"https:\/\/www.suno.com.br\/noticias\/wp-json\/wp\/v2\/tags?post=138031"},{"taxonomy":"suno_strategy","embeddable":true,"href":"https:\/\/www.suno.com.br\/noticias\/wp-json\/wp\/v2\/suno_strategy?post=138031"}],"curies":[{"name":"wp","href":"https:\/\/api.w.org\/{rel}","templated":true}]}}