{"id":138011,"date":"2021-04-08T16:25:55","date_gmt":"2021-04-08T19:25:55","guid":{"rendered":"https:\/\/www.suno.com.br\/noticias\/?p=138011"},"modified":"2021-04-08T16:25:55","modified_gmt":"2021-04-08T19:25:55","slug":"care11-fundo-imobiliarip-cemiterio-dividendos","status":"publish","type":"post","link":"https:\/\/www.suno.com.br\/noticias\/care11-fundo-imobiliarip-cemiterio-dividendos\/","title":{"rendered":"CARE11: FII de cemit\u00e9rio volta a distribuir dividendos em abril"},"content":{"rendered":"<p>O <a href=\"https:\/\/www.suno.com.br\/artigos\/c\/fundos-imobiliarios\/\">fundo imobili\u00e1rio<\/a> Brazilian Graveyard and Death Care Services (<strong>CARE11<\/strong>), primeiro fundo do Brasil especializado em ativos de cemit\u00e9rio, jazigos e servi\u00e7os funer\u00e1rios, voltou a distribuir dividendos neste m\u00eas frente aos resultados do Grupo Cortel, maior operador de cemit\u00e9rios do Pa\u00eds. A informa\u00e7\u00e3o foi divulgada nesta quinta-feira (8) via comunicado de imprensa.<\/p>\t<div class=\"wrapper-featured-image\">\n\t\t<figure class=\"spotlightImg\">\n\n\t\t\t<picture>\n\t\t\t\t<source media=\"(max-width: 768px)\" srcset=\"https:\/\/files.sunoresearch.com.br\/n\/uploads\/2021\/04\/cb2f0f85-bereavement-1239415_1280-400x200.webp\">\n\t\t\t\t<img loading=\"lazy\" decoding=\"async\" class=\"newsContent__article__imgCapa lazyloadDisabled \" src=\"https:\/\/files.sunoresearch.com.br\/n\/uploads\/2021\/04\/cb2f0f85-bereavement-1239415_1280-800x450.webp\" width=\"800\" height=\"450\" alt=\"CARE11: FII de cemit\u00e9rio volta a distribuir dividendos em abril\" fetchpriority=high \/>\n\t\t\t<\/picture>\n\n\t\t\t<figcaption class=\"wp-caption-text wp-caption-text--show\">Foto: Shutterbug\/Pixabay<\/figcaption>\n\t\t<\/figure>\n\t<\/div>\n\n\n\t<p>\n\t\t<a href=\"https:\/\/lp.suno.com.br\/planilha-controle-gastos\/\" target=\"_blank\" data-element=\"shortcode-suno-banner\" title=\"Banner SUNO, clique e saiba mais\">\n\t\t\t<picture>\n\t\t\t\t<source media=\"(max-width: 500px)\" srcset=\"https:\/\/files.sunoresearch.com.br\/n\/uploads\/2023\/03\/400x300-Planilha-controle-de-gastos.png\">\n\t\t\t\t<img class=\"newsContent__article__imgCapa newsContent__article__imgCapa--banner\"\n\t\t\t\t\tsrc=\"https:\/\/files.sunoresearch.com.br\/n\/uploads\/2023\/03\/1420x240-Planilha-controle-de-gastos.png\"\n\t\t\t\t\tdata-promo-id=\"101751\"\t\t\t\t\t\t\t\t\t\twidth='1420' height='240'\t\t\t\t\talt=\"https:\/\/files.sunoresearch.com.br\/n\/uploads\/2023\/03\/1420x240-Planilha-controle-de-gastos.png\"\n\t\t\t\t>\n\t\t\t<\/picture>\n\t\t<\/a>\n\t<\/p>\n\n\n<p>O CARE11 distribuir\u00e1 R$ 250 mil em <a href=\"https:\/\/www.suno.com.br\/dividendos\/\">dividendos<\/a>, no pr\u00f3ximo dia 15 de abril. O valor por cota \u00e9 de pouco mais que R$ 0,0013, e o \u00faltimo dia de negocia\u00e7\u00e3o com direito ao provento foi na quarta-feira (7).<\/p>\n<p>Segundo o <strong>fundo imobili\u00e1rio<\/strong>, o resultado &#8220;\u00e9 advindo das opera\u00e7\u00f5es de uma das suas principais investidas, a <strong>CortelHolding<\/strong>&#8220;.<\/p>\n<p><a href=\"https:\/\/lp.suno.com.br\/suno-one\/\">Suno One: acesse gratuitamente eBooks, Minicursos, Artigos e V\u00eddeo Aulas sobre investimentos com um \u00fanico cadastro. Clique para saber mais!<\/a><\/p>\n<p>At\u00e9 agosto de 2020 o fundo pagou R$ 2,1 milh\u00f5es em rendimentos aos cotistas a partir de ganhos de capital advindos da<a href=\"https:\/\/www.suno.com.br\/artigos\/tipos-de-acoes\/\"> venda de a\u00e7\u00f5es<\/a> da Cortel Holding, que valorizaram 42% em compara\u00e7\u00e3o ao valor que o <strong>FII<\/strong> pagou pelos pap\u00e9is em 2018.<\/p>\n<p>A retomada da distribui\u00e7\u00e3o pelo fundo imobili\u00e1rio acontece ap\u00f3s a interrup\u00e7\u00e3o do pagamento no segundo semestre de 2020 quando a Cortel estudava<strong> abrir seu capital<\/strong> (IPO, na sigla em ingl\u00eas) na Bolsa de Valores de S\u00e3o Paulo (B3).<\/p>\n<h2>Cortel protocola pedido de IPO<\/h2>\n<p>A <strong>C<\/strong><strong>ortel<\/strong> Holding, que possui atua\u00e7\u00e3o na cadeia de atendimento do setor de luto, protocolou em meados de novembro do ano passado, na Comiss\u00e3o de Valores Mobili\u00e1rios (CVM) seu pedido para registro de <a href=\"https:\/\/www.suno.com.br\/artigos\/ipo\/\">oferta p\u00fablica inicial de a\u00e7\u00f5es (IPO<\/a>, na sigla em ingl\u00eas).<\/p>\n<p>Conforme prospecto preliminar, o grupo Cortel visa uma oferta p\u00fablica de distribui\u00e7\u00e3o <strong>prim\u00e1ria<\/strong>, quando os recursos v\u00e3o para o caixa da empresa; e <strong>secund\u00e1ria<\/strong>, aquela na qual os acionistas vendem fatias de suas participa\u00e7\u00f5es na companhia.<\/p>\n<p>A Cortel informou que pretende utilizar os recursos l\u00edquidos captados por meio da oferta para a aquisi\u00e7\u00e3o de outras empresas do mesmo setor de atua\u00e7\u00e3o.<\/p>\n\t<div data-element=\"shortcode-read-more\" class=\"knowMore\">\n\t\t\t\t<span class=\"knowMore__title\">Saiba mais<\/span>\n\t\t\t\t<a class=\"knowMore__link\" href=\"https:\/\/www.suno.com.br\/noticias\/empresas-servicos-funerarios-cortel-ipo\/\">\n\t\t\tEmpresa de servi\u00e7os funer\u00e1rios Cortel protocola pedido de IPO\t\t<\/a>\n\t<\/div>\n\n\n<p>&#8220;O foco da companhia est\u00e1 na aquisi\u00e7\u00e3o de ativos em regi\u00f5es com baixo atendimento profissional de cemit\u00e9rios e servi\u00e7os funer\u00e1rios, em cidades com popula\u00e7\u00e3o acima de 500 mil habitantes e com PIB per capita elevado em rela\u00e7\u00e3o \u00e0 m\u00e9dia brasileira&#8221;, salientou a Cortel.<\/p>\n<p>A opera\u00e7\u00e3o ser\u00e1 realizada no Brasil sob coordena\u00e7\u00e3o da <strong>XP<\/strong> (o Coordenador L\u00edder e Agente Estabilizador).<\/p>\n<h2>Sobre o CARE11<\/h2>\n<p>O FII \u00e9 gerido pela Zion Invest, que por sua vez \u00e9 pioneira na cria\u00e7\u00e3o de fundos imobili\u00e1rios \u00a0dedicados \u00e0 consolida\u00e7\u00e3o do setor de cemit\u00e9rios e servi\u00e7os funer\u00e1rios no Brasil.<\/p>\n<p>O fundo imobili\u00e1rio tem tem participa\u00e7\u00e3o em 13 cemit\u00e9rios em sete estados brasileiros e mais de 5,8 mil jazigos em cemit\u00e9rios privados de alto padr\u00e3o em Minas Gerais e S\u00e3o Paulo.<\/p>\n\t<p>\n\t\t<a href=\"https:\/\/lp.suno.com.br\/planilha-da-vida-financeira\/\" target=\"_blank\" data-element=\"shortcode-suno-banner\" title=\"Banner SUNO, clique e saiba mais\">\n\t\t\t<picture>\n\t\t\t\t<source media=\"(max-width: 500px)\" srcset=\"https:\/\/files.sunoresearch.com.br\/n\/uploads\/2023\/04\/400x300-Planilha-vida-financeira-true.png\">\n\t\t\t\t<img class=\"newsContent__article__imgCapa newsContent__article__imgCapa--banner\"\n\t\t\t\t\tsrc=\"https:\/\/files.sunoresearch.com.br\/n\/uploads\/2023\/04\/1420x240-Planilha-vida-financeira-true.png\"\n\t\t\t\t\tdata-promo-id=\"106682\"\t\t\t\t\t\t\t\t\t\twidth='1420' height='240'\t\t\t\t\talt=\"https:\/\/files.sunoresearch.com.br\/n\/uploads\/2023\/04\/1420x240-Planilha-vida-financeira-true.png\"\n\t\t\t\t>\n\t\t\t<\/picture>\n\t\t<\/a>\n\t<\/p>\n\n\n<p>Por volta das 16h15 desta quinta-feira, a cota do <strong>CARE11<\/strong> operava em alta de 7,55%, valendo R$ 0,58.<\/p>\n\t<p>\n\t\t<a href=\"https:\/\/lp.suno.com.br\/planilha-de-controle-de-investimentos\/\" target=\"_blank\" data-element=\"shortcode-suno-banner\" title=\"Banner SUNO, clique e saiba mais\">\n\t\t\t<picture>\n\t\t\t\t<source media=\"(max-width: 500px)\" srcset=\"https:\/\/files.sunoresearch.com.br\/n\/uploads\/2023\/03\/400x300-Controle-de-Investimentos.png\">\n\t\t\t\t<img class=\"newsContent__article__imgCapa newsContent__article__imgCapa--banner\"\n\t\t\t\t\tsrc=\"https:\/\/files.sunoresearch.com.br\/n\/uploads\/2023\/03\/1420x240-Controle-de-Investimentos.png\"\n\t\t\t\t\tdata-promo-id=\"75934\"\t\t\t\t\t\t\t\t\t\twidth='1420' height='240'\t\t\t\t\talt=\"https:\/\/files.sunoresearch.com.br\/n\/uploads\/2023\/03\/1420x240-Controle-de-Investimentos.png\"\n\t\t\t\t>\n\t\t\t<\/picture>\n\t\t<\/a>\n\t<\/p>\n\n\n","protected":false},"excerpt":{"rendered":"<p>O fundo imobili\u00e1rio Brazilian Graveyard and Death Care Services (CARE11), primeiro fundo do Brasil especializado em ativos de cemit\u00e9rio, jazigos e servi\u00e7os funer\u00e1rios, voltou a distribuir dividendos neste m\u00eas frente aos resultados do Grupo Cortel, maior operador de cemit\u00e9rios do Pa\u00eds. A informa\u00e7\u00e3o foi divulgada nesta quinta-feira (8) via comunicado de imprensa. Foto: Shutterbug\/Pixabay O [&hellip;]<\/p>\n","protected":false},"author":39,"featured_media":138023,"comment_status":"closed","ping_status":"closed","sticky":false,"template":"","format":"standard","meta":[],"categories":[66,64],"tags":[105942,295,315],"suno_strategy":[],"class_list":["post-138011","post","type-post","status-publish","format-standard","has-post-thumbnail","hentry","category-fiis","category-negocios","tag-care11","tag-dividendos","tag-fundos-imobiliarios-fiis"],"yoast_head":"<!-- This site is optimized with the Yoast SEO plugin v24.4 - https:\/\/yoast.com\/wordpress\/plugins\/seo\/ -->\n<title>CARE11: FII de cemit\u00e9rio volta a distribuir dividendos em abril<\/title>\n<meta name=\"description\" content=\"O FII CARE11 voltou a distribuir dividendos frente aos resultados do Grupo Cortel, maior operador de cemit\u00e9rios do Pa\u00eds. Clique e saiba mais!\" \/>\n<meta name=\"robots\" content=\"index, follow, max-snippet:-1, max-image-preview:large, max-video-preview:-1\" \/>\n<link rel=\"canonical\" href=\"https:\/\/www.suno.com.br\/noticias\/care11-fundo-imobiliarip-cemiterio-dividendos\/\" \/>\n<meta property=\"og:locale\" content=\"pt_BR\" \/>\n<meta property=\"og:type\" content=\"article\" \/>\n<meta property=\"og:title\" content=\"CARE11: FII de cemit\u00e9rio volta a distribuir dividendos em abril\" \/>\n<meta property=\"og:description\" content=\"O FII CARE11 voltou a distribuir dividendos frente aos resultados do Grupo Cortel, maior operador de cemit\u00e9rios do Pa\u00eds. Clique e saiba mais!\" \/>\n<meta property=\"og:url\" content=\"https:\/\/www.suno.com.br\/noticias\/care11-fundo-imobiliarip-cemiterio-dividendos\/\" \/>\n<meta property=\"og:site_name\" content=\"Suno Not\u00edcias\" \/>\n<meta property=\"article:publisher\" content=\"https:\/\/facebook.com\/sunoresearch\" \/>\n<meta property=\"og:image\" content=\"https:\/\/files.sunoresearch.com.br\/n\/uploads\/2021\/04\/cb2f0f85-bereavement-1239415_1280.jpg\" \/>\n\t<meta property=\"og:image:width\" content=\"1280\" \/>\n\t<meta property=\"og:image:height\" content=\"960\" \/>\n\t<meta property=\"og:image:type\" content=\"image\/jpeg\" \/>\n<meta name=\"author\" content=\"Laura Moutinho\" \/>\n<meta name=\"twitter:card\" content=\"summary_large_image\" \/>\n<meta name=\"twitter:creator\" content=\"@sunoresearch\" \/>\n<meta name=\"twitter:site\" content=\"@sunoresearch\" \/>\n<meta name=\"twitter:label1\" content=\"Escrito por\" \/>\n\t<meta name=\"twitter:data1\" content=\"Laura Moutinho\" \/>\n\t<meta name=\"twitter:label2\" content=\"Est. tempo de leitura\" \/>\n\t<meta name=\"twitter:data2\" content=\"3 minutos\" \/>\n<script type=\"application\/ld+json\" class=\"yoast-schema-graph\">{\"@context\":\"https:\/\/schema.org\",\"@graph\":[{\"@type\":\"NewsArticle\",\"@id\":\"https:\/\/www.suno.com.br\/noticias\/care11-fundo-imobiliarip-cemiterio-dividendos\/#article\",\"isPartOf\":{\"@id\":\"https:\/\/www.suno.com.br\/noticias\/care11-fundo-imobiliarip-cemiterio-dividendos\/\"},\"author\":{\"name\":\"Laura Moutinho\",\"@id\":\"https:\/\/www.suno.com.br\/noticias\/#\/schema\/person\/3df0d2808748b74496efe5dbeaef2c72\"},\"headline\":\"CARE11: FII de cemit\u00e9rio volta a distribuir dividendos em abril\",\"datePublished\":\"2021-04-08T19:25:55+00:00\",\"mainEntityOfPage\":{\"@id\":\"https:\/\/www.suno.com.br\/noticias\/care11-fundo-imobiliarip-cemiterio-dividendos\/\"},\"wordCount\":528,\"publisher\":{\"@id\":\"https:\/\/www.suno.com.br\/noticias\/#organization\"},\"image\":{\"@id\":\"https:\/\/www.suno.com.br\/noticias\/care11-fundo-imobiliarip-cemiterio-dividendos\/#primaryimage\"},\"thumbnailUrl\":\"https:\/\/files.sunoresearch.com.br\/n\/uploads\/2021\/04\/cb2f0f85-bereavement-1239415_1280-jpg.webp\",\"keywords\":[\"CARE11\",\"dividendos\",\"Fundos Imobili\u00e1rios (FIIs)\"],\"articleSection\":[\"FIIs\",\"Neg\u00f3cios\"],\"inLanguage\":\"pt-BR\"},{\"@type\":\"WebPage\",\"@id\":\"https:\/\/www.suno.com.br\/noticias\/care11-fundo-imobiliarip-cemiterio-dividendos\/\",\"url\":\"https:\/\/www.suno.com.br\/noticias\/care11-fundo-imobiliarip-cemiterio-dividendos\/\",\"name\":\"CARE11: FII de cemit\u00e9rio volta a distribuir dividendos em abril\",\"isPartOf\":{\"@id\":\"https:\/\/www.suno.com.br\/noticias\/#website\"},\"primaryImageOfPage\":{\"@id\":\"https:\/\/www.suno.com.br\/noticias\/care11-fundo-imobiliarip-cemiterio-dividendos\/#primaryimage\"},\"image\":{\"@id\":\"https:\/\/www.suno.com.br\/noticias\/care11-fundo-imobiliarip-cemiterio-dividendos\/#primaryimage\"},\"thumbnailUrl\":\"https:\/\/files.sunoresearch.com.br\/n\/uploads\/2021\/04\/cb2f0f85-bereavement-1239415_1280-jpg.webp\",\"datePublished\":\"2021-04-08T19:25:55+00:00\",\"description\":\"O FII CARE11 voltou a distribuir dividendos frente aos resultados do Grupo Cortel, maior operador de cemit\u00e9rios do Pa\u00eds. Clique e saiba mais!\",\"breadcrumb\":{\"@id\":\"https:\/\/www.suno.com.br\/noticias\/care11-fundo-imobiliarip-cemiterio-dividendos\/#breadcrumb\"},\"inLanguage\":\"pt-BR\",\"potentialAction\":[{\"@type\":\"ReadAction\",\"target\":[\"https:\/\/www.suno.com.br\/noticias\/care11-fundo-imobiliarip-cemiterio-dividendos\/\"]}]},{\"@type\":\"ImageObject\",\"inLanguage\":\"pt-BR\",\"@id\":\"https:\/\/www.suno.com.br\/noticias\/care11-fundo-imobiliarip-cemiterio-dividendos\/#primaryimage\",\"url\":\"https:\/\/files.sunoresearch.com.br\/n\/uploads\/2021\/04\/cb2f0f85-bereavement-1239415_1280-jpg.webp\",\"contentUrl\":\"https:\/\/files.sunoresearch.com.br\/n\/uploads\/2021\/04\/cb2f0f85-bereavement-1239415_1280-jpg.webp\",\"width\":1280,\"height\":960,\"caption\":\"Foto: Shutterbug\/Pixabay\"},{\"@type\":\"BreadcrumbList\",\"@id\":\"https:\/\/www.suno.com.br\/noticias\/care11-fundo-imobiliarip-cemiterio-dividendos\/#breadcrumb\",\"itemListElement\":[{\"@type\":\"ListItem\",\"position\":1,\"name\":\"Not\u00edcias\",\"item\":\"https:\/\/www.suno.com.br\/noticias\/\"},{\"@type\":\"ListItem\",\"position\":2,\"name\":\"FIIs\",\"item\":\"https:\/\/www.suno.com.br\/noticias\/fiis\/\"},{\"@type\":\"ListItem\",\"position\":3,\"name\":\"CARE11: FII de cemit\u00e9rio volta a distribuir dividendos em abril\"}]},{\"@type\":\"WebSite\",\"@id\":\"https:\/\/www.suno.com.br\/noticias\/#website\",\"url\":\"https:\/\/www.suno.com.br\/noticias\/\",\"name\":\"Suno Not\u00edcias\",\"description\":\"Seu portal de informa\u00e7\u00e3o sobre o mundo dos investimentos\",\"publisher\":{\"@id\":\"https:\/\/www.suno.com.br\/noticias\/#organization\"},\"potentialAction\":[{\"@type\":\"SearchAction\",\"target\":{\"@type\":\"EntryPoint\",\"urlTemplate\":\"https:\/\/www.suno.com.br\/noticias\/?s={search_term_string}\"},\"query-input\":{\"@type\":\"PropertyValueSpecification\",\"valueRequired\":true,\"valueName\":\"search_term_string\"}}],\"inLanguage\":\"pt-BR\"},{\"@type\":\"Organization\",\"@id\":\"https:\/\/www.suno.com.br\/noticias\/#organization\",\"name\":\"Suno Not\u00edcias\",\"url\":\"https:\/\/www.suno.com.br\/noticias\/\",\"logo\":{\"@type\":\"ImageObject\",\"inLanguage\":\"pt-BR\",\"@id\":\"https:\/\/www.suno.com.br\/noticias\/#\/schema\/logo\/image\/\",\"url\":\"https:\/\/files.sunoresearch.com.br\/n\/uploads\/2021\/09\/suno-logo.png\",\"contentUrl\":\"https:\/\/files.sunoresearch.com.br\/n\/uploads\/2021\/09\/suno-logo.png\",\"width\":180,\"height\":180,\"caption\":\"Suno Not\u00edcias\"},\"image\":{\"@id\":\"https:\/\/www.suno.com.br\/noticias\/#\/schema\/logo\/image\/\"},\"sameAs\":[\"https:\/\/facebook.com\/sunoresearch\",\"https:\/\/x.com\/sunoresearch\",\"https:\/\/www.instagram.com\/suno\",\"https:\/\/www.linkedin.com\/company\/suno-research\/\",\"https:\/\/www.youtube.com\/c\/sunoresearch\"]},{\"@type\":\"Person\",\"@id\":\"https:\/\/www.suno.com.br\/noticias\/#\/schema\/person\/3df0d2808748b74496efe5dbeaef2c72\",\"name\":\"Laura Moutinho\",\"image\":{\"@type\":\"ImageObject\",\"inLanguage\":\"pt-BR\",\"@id\":\"https:\/\/www.suno.com.br\/noticias\/#\/schema\/person\/image\/\",\"url\":\"https:\/\/secure.gravatar.com\/avatar\/7571c7c8ca3a6fca5e41384ece5557ff?s=96&r=g\",\"contentUrl\":\"https:\/\/secure.gravatar.com\/avatar\/7571c7c8ca3a6fca5e41384ece5557ff?s=96&r=g\",\"caption\":\"Laura Moutinho\"},\"description\":\"Estagi\u00e1ria na Suno Not\u00edcias, escreve not\u00edcias que afetam o mercado financeiro. Estuda administra\u00e7\u00e3o na Universidade Presbiteriana Mackenzie.\",\"url\":\"https:\/\/www.suno.com.br\/noticias\/author\/laura-moutinho\/\"}]}<\/script>\n<!-- \/ Yoast SEO plugin. -->","yoast_head_json":{"title":"CARE11: FII de cemit\u00e9rio volta a distribuir dividendos em abril","description":"O FII CARE11 voltou a distribuir dividendos frente aos resultados do Grupo Cortel, maior operador de cemit\u00e9rios do Pa\u00eds. Clique e saiba mais!","robots":{"index":"index","follow":"follow","max-snippet":"max-snippet:-1","max-image-preview":"max-image-preview:large","max-video-preview":"max-video-preview:-1"},"canonical":"https:\/\/www.suno.com.br\/noticias\/care11-fundo-imobiliarip-cemiterio-dividendos\/","og_locale":"pt_BR","og_type":"article","og_title":"CARE11: FII de cemit\u00e9rio volta a distribuir dividendos em abril","og_description":"O FII CARE11 voltou a distribuir dividendos frente aos resultados do Grupo Cortel, maior operador de cemit\u00e9rios do Pa\u00eds. Clique e saiba mais!","og_url":"https:\/\/www.suno.com.br\/noticias\/care11-fundo-imobiliarip-cemiterio-dividendos\/","og_site_name":"Suno Not\u00edcias","article_publisher":"https:\/\/facebook.com\/sunoresearch","og_image":[{"width":1280,"height":960,"url":"https:\/\/files.sunoresearch.com.br\/n\/uploads\/2021\/04\/cb2f0f85-bereavement-1239415_1280.jpg","type":"image\/jpeg"}],"author":"Laura Moutinho","twitter_card":"summary_large_image","twitter_creator":"@sunoresearch","twitter_site":"@sunoresearch","twitter_misc":{"Escrito por":"Laura Moutinho","Est. tempo de leitura":"3 minutos"},"schema":{"@context":"https:\/\/schema.org","@graph":[{"@type":"NewsArticle","@id":"https:\/\/www.suno.com.br\/noticias\/care11-fundo-imobiliarip-cemiterio-dividendos\/#article","isPartOf":{"@id":"https:\/\/www.suno.com.br\/noticias\/care11-fundo-imobiliarip-cemiterio-dividendos\/"},"author":{"name":"Laura Moutinho","@id":"https:\/\/www.suno.com.br\/noticias\/#\/schema\/person\/3df0d2808748b74496efe5dbeaef2c72"},"headline":"CARE11: FII de cemit\u00e9rio volta a distribuir dividendos em abril","datePublished":"2021-04-08T19:25:55+00:00","mainEntityOfPage":{"@id":"https:\/\/www.suno.com.br\/noticias\/care11-fundo-imobiliarip-cemiterio-dividendos\/"},"wordCount":528,"publisher":{"@id":"https:\/\/www.suno.com.br\/noticias\/#organization"},"image":{"@id":"https:\/\/www.suno.com.br\/noticias\/care11-fundo-imobiliarip-cemiterio-dividendos\/#primaryimage"},"thumbnailUrl":"https:\/\/files.sunoresearch.com.br\/n\/uploads\/2021\/04\/cb2f0f85-bereavement-1239415_1280-jpg.webp","keywords":["CARE11","dividendos","Fundos Imobili\u00e1rios (FIIs)"],"articleSection":["FIIs","Neg\u00f3cios"],"inLanguage":"pt-BR"},{"@type":"WebPage","@id":"https:\/\/www.suno.com.br\/noticias\/care11-fundo-imobiliarip-cemiterio-dividendos\/","url":"https:\/\/www.suno.com.br\/noticias\/care11-fundo-imobiliarip-cemiterio-dividendos\/","name":"CARE11: FII de cemit\u00e9rio volta a distribuir dividendos em abril","isPartOf":{"@id":"https:\/\/www.suno.com.br\/noticias\/#website"},"primaryImageOfPage":{"@id":"https:\/\/www.suno.com.br\/noticias\/care11-fundo-imobiliarip-cemiterio-dividendos\/#primaryimage"},"image":{"@id":"https:\/\/www.suno.com.br\/noticias\/care11-fundo-imobiliarip-cemiterio-dividendos\/#primaryimage"},"thumbnailUrl":"https:\/\/files.sunoresearch.com.br\/n\/uploads\/2021\/04\/cb2f0f85-bereavement-1239415_1280-jpg.webp","datePublished":"2021-04-08T19:25:55+00:00","description":"O FII CARE11 voltou a distribuir dividendos frente aos resultados do Grupo Cortel, maior operador de cemit\u00e9rios do Pa\u00eds. Clique e saiba mais!","breadcrumb":{"@id":"https:\/\/www.suno.com.br\/noticias\/care11-fundo-imobiliarip-cemiterio-dividendos\/#breadcrumb"},"inLanguage":"pt-BR","potentialAction":[{"@type":"ReadAction","target":["https:\/\/www.suno.com.br\/noticias\/care11-fundo-imobiliarip-cemiterio-dividendos\/"]}]},{"@type":"ImageObject","inLanguage":"pt-BR","@id":"https:\/\/www.suno.com.br\/noticias\/care11-fundo-imobiliarip-cemiterio-dividendos\/#primaryimage","url":"https:\/\/files.sunoresearch.com.br\/n\/uploads\/2021\/04\/cb2f0f85-bereavement-1239415_1280-jpg.webp","contentUrl":"https:\/\/files.sunoresearch.com.br\/n\/uploads\/2021\/04\/cb2f0f85-bereavement-1239415_1280-jpg.webp","width":1280,"height":960,"caption":"Foto: Shutterbug\/Pixabay"},{"@type":"BreadcrumbList","@id":"https:\/\/www.suno.com.br\/noticias\/care11-fundo-imobiliarip-cemiterio-dividendos\/#breadcrumb","itemListElement":[{"@type":"ListItem","position":1,"name":"Not\u00edcias","item":"https:\/\/www.suno.com.br\/noticias\/"},{"@type":"ListItem","position":2,"name":"FIIs","item":"https:\/\/www.suno.com.br\/noticias\/fiis\/"},{"@type":"ListItem","position":3,"name":"CARE11: FII de cemit\u00e9rio volta a distribuir dividendos em abril"}]},{"@type":"WebSite","@id":"https:\/\/www.suno.com.br\/noticias\/#website","url":"https:\/\/www.suno.com.br\/noticias\/","name":"Suno Not\u00edcias","description":"Seu portal de informa\u00e7\u00e3o sobre o mundo dos investimentos","publisher":{"@id":"https:\/\/www.suno.com.br\/noticias\/#organization"},"potentialAction":[{"@type":"SearchAction","target":{"@type":"EntryPoint","urlTemplate":"https:\/\/www.suno.com.br\/noticias\/?s={search_term_string}"},"query-input":{"@type":"PropertyValueSpecification","valueRequired":true,"valueName":"search_term_string"}}],"inLanguage":"pt-BR"},{"@type":"Organization","@id":"https:\/\/www.suno.com.br\/noticias\/#organization","name":"Suno Not\u00edcias","url":"https:\/\/www.suno.com.br\/noticias\/","logo":{"@type":"ImageObject","inLanguage":"pt-BR","@id":"https:\/\/www.suno.com.br\/noticias\/#\/schema\/logo\/image\/","url":"https:\/\/files.sunoresearch.com.br\/n\/uploads\/2021\/09\/suno-logo.png","contentUrl":"https:\/\/files.sunoresearch.com.br\/n\/uploads\/2021\/09\/suno-logo.png","width":180,"height":180,"caption":"Suno Not\u00edcias"},"image":{"@id":"https:\/\/www.suno.com.br\/noticias\/#\/schema\/logo\/image\/"},"sameAs":["https:\/\/facebook.com\/sunoresearch","https:\/\/x.com\/sunoresearch","https:\/\/www.instagram.com\/suno","https:\/\/www.linkedin.com\/company\/suno-research\/","https:\/\/www.youtube.com\/c\/sunoresearch"]},{"@type":"Person","@id":"https:\/\/www.suno.com.br\/noticias\/#\/schema\/person\/3df0d2808748b74496efe5dbeaef2c72","name":"Laura Moutinho","image":{"@type":"ImageObject","inLanguage":"pt-BR","@id":"https:\/\/www.suno.com.br\/noticias\/#\/schema\/person\/image\/","url":"https:\/\/secure.gravatar.com\/avatar\/7571c7c8ca3a6fca5e41384ece5557ff?s=96&r=g","contentUrl":"https:\/\/secure.gravatar.com\/avatar\/7571c7c8ca3a6fca5e41384ece5557ff?s=96&r=g","caption":"Laura Moutinho"},"description":"Estagi\u00e1ria na Suno Not\u00edcias, escreve not\u00edcias que afetam o mercado financeiro. Estuda administra\u00e7\u00e3o na Universidade Presbiteriana Mackenzie.","url":"https:\/\/www.suno.com.br\/noticias\/author\/laura-moutinho\/"}]}},"default_loop_html":"<div class=\"cardsPage__listCard__boxs\"><div class=\"cardsPage__listCard__boxs__img\"><a href=\"https:\/\/www.suno.com.br\/noticias\/care11-fundo-imobiliarip-cemiterio-dividendos\/\"><img class=\"mask\" src=\"https:\/\/www.suno.com.br\/noticias\/wp-content\/themes\/suno\/resources\/images\/spotlight\/spotlight1img\/bg-mask.png\" alt=\"Image Mask\"\/><img src=\"https:\/\/files.sunoresearch.com.br\/n\/uploads\/2021\/04\/cb2f0f85-bereavement-1239415_1280-400x200.webp\" alt=\"CARE11: FII de cemit\u00e9rio volta a distribuir dividendos em abril\"\/><\/a><span class=\"spotlightCategory\"><a href=\"https:\/\/www.suno.com.br\/noticias\/fiis\/\">FIIs<\/a><\/span><\/div><div class=\"cardsPage__listCard__boxs__content\"><a href=\"https:\/\/www.suno.com.br\/noticias\/care11-fundo-imobiliarip-cemiterio-dividendos\/\"><h2 class=\"content__title\">CARE11: FII de cemit\u00e9rio volta a distribuir dividendos em abril<\/h2><\/a><div class=\"newsContent__article__meta\"><div class=\"newsContent__article__meta__authorBox\"><a href=\"https:\/\/www.suno.com.br\/noticias\/author\/laura-moutinho\/\" class=\"authorBox__avatar noMobi\"><img src=\"https:\/\/files.sunoresearch.com.br\/n\/uploads\/2020\/08\/531ff69d-whatsapp-image-2020-08-03-at-14.54.38-150x150.webp\" alt=\"Laura Moutinho\"><\/a><div class=\"authorBox__name\"><span>por\n\t\t\t<a href=\"https:\/\/www.suno.com.br\/noticias\/author\/laura-moutinho\/\"><span itemprop=\"author\">Laura Moutinho<\/span><\/a><\/span><time datetime=\"2021-04-08T16:25:55-03:00\" itemprop=\"datePublished\">08\/04\/2021 16:25<\/time><\/div><\/div><\/div><\/div><\/div>","single_layout":"posts","amp_enabled":true,"_links":{"self":[{"href":"https:\/\/www.suno.com.br\/noticias\/wp-json\/wp\/v2\/posts\/138011"}],"collection":[{"href":"https:\/\/www.suno.com.br\/noticias\/wp-json\/wp\/v2\/posts"}],"about":[{"href":"https:\/\/www.suno.com.br\/noticias\/wp-json\/wp\/v2\/types\/post"}],"author":[{"embeddable":true,"href":"https:\/\/www.suno.com.br\/noticias\/wp-json\/wp\/v2\/users\/39"}],"replies":[{"embeddable":true,"href":"https:\/\/www.suno.com.br\/noticias\/wp-json\/wp\/v2\/comments?post=138011"}],"version-history":[{"count":2,"href":"https:\/\/www.suno.com.br\/noticias\/wp-json\/wp\/v2\/posts\/138011\/revisions"}],"predecessor-version":[{"id":138034,"href":"https:\/\/www.suno.com.br\/noticias\/wp-json\/wp\/v2\/posts\/138011\/revisions\/138034"}],"wp:featuredmedia":[{"embeddable":true,"href":"https:\/\/www.suno.com.br\/noticias\/wp-json\/wp\/v2\/media\/138023"}],"wp:attachment":[{"href":"https:\/\/www.suno.com.br\/noticias\/wp-json\/wp\/v2\/media?parent=138011"}],"wp:term":[{"taxonomy":"category","embeddable":true,"href":"https:\/\/www.suno.com.br\/noticias\/wp-json\/wp\/v2\/categories?post=138011"},{"taxonomy":"post_tag","embeddable":true,"href":"https:\/\/www.suno.com.br\/noticias\/wp-json\/wp\/v2\/tags?post=138011"},{"taxonomy":"suno_strategy","embeddable":true,"href":"https:\/\/www.suno.com.br\/noticias\/wp-json\/wp\/v2\/suno_strategy?post=138011"}],"curies":[{"name":"wp","href":"https:\/\/api.w.org\/{rel}","templated":true}]}}