{"id":13798,"date":"2019-02-01T11:14:45","date_gmt":"2019-02-01T13:14:45","guid":{"rendered":"https:\/\/www.suno.com.br\/noticias\/?p=13798"},"modified":"2019-02-01T11:18:04","modified_gmt":"2019-02-01T13:18:04","slug":"localiza-aprova-r33-por-acao-em-oferta-publica-primaria","status":"publish","type":"post","link":"https:\/\/www.suno.com.br\/noticias\/localiza-aprova-r33-por-acao-em-oferta-publica-primaria\/","title":{"rendered":"Localiza aprova R$33 por a\u00e7\u00e3o em oferta p\u00fablica prim\u00e1ria"},"content":{"rendered":"<p>A <a href=\"https:\/\/www.suno.com.br\/artigos\/faturamento-localiza\/\">Localiza<\/a> informou nesta quinta-feira (31) que aprovou o valor de R$ 33 por a\u00e7\u00e3o para a <a href=\"https:\/\/www.suno.com.br\/artigos\/ipo\/\">oferta p\u00fablica prim\u00e1ria.<\/a><\/p>\t<div class=\"wrapper-featured-image\">\n\t\t<figure class=\"spotlightImg\">\n\n\t\t\t<picture>\n\t\t\t\t<source media=\"(max-width: 768px)\" srcset=\"https:\/\/files.sunoresearch.com.br\/n\/uploads\/2019\/02\/9fdb7b72-localiza-400x200.webp\">\n\t\t\t\t<img loading=\"lazy\" decoding=\"async\" class=\"newsContent__article__imgCapa lazyloadDisabled newsContent__article__imgCapa--noCaption\" src=\"https:\/\/files.sunoresearch.com.br\/n\/uploads\/2019\/02\/9fdb7b72-localiza-800x450.webp\" width=\"800\" height=\"450\" alt=\"Localiza aprova R$33 por a\u00e7\u00e3o em oferta p\u00fablica prim\u00e1ria\" fetchpriority=high \/>\n\t\t\t<\/picture>\n\n\t\t\t<figcaption class=\"wp-caption-text wp-caption-text--hide\">Localiza (RENT3)<\/figcaption>\n\t\t<\/figure>\n\t<\/div>\n\n\n<p>O conselho de administra\u00e7\u00e3o da <strong>locadora<\/strong> de ve\u00edculos aprovou o pre\u00e7o por a\u00e7\u00e3o para a <strong>oferta p\u00fablica prim\u00e1ria.<\/strong> A opera\u00e7\u00e3o deveria movimentar cerca de R$ 1,82 bilh\u00e3o.\u00a0A previs\u00e3o inicial era de somente R$ 1,4 bilh\u00e3o. As <strong>a\u00e7\u00f5es<\/strong> da <strong>Localiza<\/strong> (RENT3) encerraram a cota\u00e7\u00e3o na <strong>Bolsa de Valores<\/strong> a R$ 33,30.<\/p>\n<p><a href=\"https:\/\/www.suno.com.br\/artigos\/faturamento-localiza\/\">Saiba mais:\u00a0Faturamento Localiza: Saiba Mais Sobre A Gigante Que Vem Surpreendendo O Mercado\u00a0\u00a0<\/a><\/p>\n<p>Comparada ao tamanho da <strong>locadora,<\/strong> a oferta \u00e9 pequena. A <strong>Localiza<\/strong> vale atualmente R$ 20,8 bilh\u00f5es. Nos \u00faltimos anos a empresa vem demostrando sinais positivos de crescimento. E, nos \u00faltimos 12 meses, suas <strong>a\u00e7\u00f5es<\/strong> se valorizaram 30%.<\/p>\n<p>A <strong>locadora<\/strong> usar\u00e1 os recursos da <strong>oferta p\u00fablica prim\u00e1ria\u00a0<\/strong>para uma s\u00e9rie de projetos de reorganiza\u00e7\u00e3o interna. Entre eles, apoiar o plano de expans\u00e3o por meio de <strong>investimentos<\/strong> em frota, <strong>inova\u00e7\u00f5es<\/strong> e melhorias operacionais, al\u00e9m de refor\u00e7ar <strong><a href=\"https:\/\/www.suno.com.br\/artigos\/capital-giro\/\">capital de giro<\/a>.<\/strong><\/p>\n<p>De acordo com a <strong>locadora,<\/strong> os coordenadores da oferta s\u00e3o os bancos <strong>BTG Pactual, Ita\u00fa BBA, Bank of America Merrill Lynch e JP Morgan<\/strong>.<\/p>\n<p><a href=\"https:\/\/www.suno.com.br\/noticias\/localiza-anuncia-oferta-de-acoes-para-levantar-r-14-bilhao\/\">Saiba mais: Localiza anuncia oferta de a\u00e7\u00f5es para levantar R$ 1,4 bilh\u00e3o\u00a0<\/a><\/p>\n<h2>Opera\u00e7\u00e3o necess\u00e1ria<\/h2>\n<p>Em comunicado, a <strong>Localiza<\/strong> informou que\u00a0utilizar\u00e1 os recursos para \u201csuportar a expans\u00e3o dos neg\u00f3cios e de suas <strong>subsidi\u00e1rias,<\/strong> por meio de investimentos na frota, em inova\u00e7\u00f5es e em <strong>melhorias operacionais\u201d,<\/strong> al\u00e9m de \u201crefor\u00e7ar o <strong>capital de giro<\/strong>, visando fazer frente a aumentos de demanda nos segmentos de atua\u00e7\u00e3o da companhia e de suas subsidi\u00e1rias\u201d.<\/p>\n<p>Um dos motivos levaram a <strong>Localiza<\/strong> a agir \u00e9 que sua principal concorrente, a <strong>Unidas,<\/strong> est\u00e1 capitalizada ap\u00f3s <strong>follow on<\/strong> realizado em dezembro. Outra raz\u00e3o \u00e9 que o valor das a\u00e7\u00f5es da Localiza est\u00e1 pr\u00f3ximo do seu n\u00edvel m\u00e1ximo. Uma situa\u00e7\u00e3o que pode levar a <strong>locadora<\/strong>\u00a0 a aproveitar o momento.<\/p>\n<p>O <strong>conselho de administra\u00e7\u00e3o<\/strong> da <strong>Localiza<\/strong> tinha aprovado no dia 19 de janeiro a realiza\u00e7\u00e3o da <strong>oferta p\u00fablica prim\u00e1ria<\/strong>.\u00a0A distribui\u00e7\u00e3o inicial de papeis da locadora era prevista em 46 milh\u00f5es de <strong>a\u00e7\u00f5es<\/strong> ordin\u00e1rias. Entretanto, a emiss\u00e3o envolver\u00e1 55,2 milh\u00f5es de <strong>t\u00edtulos.<\/strong> Na pr\u00f3xima segunda-feira (4) iniciar\u00e3o as\u00a0negocia\u00e7\u00f5es com as novas a\u00e7\u00f5es.<\/p>\n<p>At\u00e9 o final de 2018, a presid\u00eancia da <strong>Localiza<\/strong> era ocupada pelo empres\u00e1rio <strong>Salim Mattar.<\/strong> Entretanto, deixou o cargo para assumir a secretaria-geral de Desestatiza\u00e7\u00e3o e Desimobiliza\u00e7\u00e3o do <strong>governo<\/strong> do presidente <strong>Jair Bolsonaro.<\/strong> Mattar foi substitu\u00eddo por <strong>Oscar Bernardes.<\/strong> Ele \u00e9 membro independente do conselho de administra\u00e7\u00e3o da Localiza desde 2017.<\/p>\n","protected":false},"excerpt":{"rendered":"<p>A Localiza informou nesta quinta-feira (31) que aprovou o valor de R$ 33 por a\u00e7\u00e3o para a oferta p\u00fablica prim\u00e1ria. Localiza (RENT3) O conselho de administra\u00e7\u00e3o da locadora de ve\u00edculos aprovou o pre\u00e7o por a\u00e7\u00e3o para a oferta p\u00fablica prim\u00e1ria. A opera\u00e7\u00e3o deveria movimentar cerca de R$ 1,82 bilh\u00e3o.\u00a0A previs\u00e3o inicial era de somente R$ [&hellip;]<\/p>\n","protected":false},"author":9,"featured_media":13803,"comment_status":"closed","ping_status":"closed","sticky":false,"template":"","format":"standard","meta":[],"categories":[60],"tags":[286,309,1061],"suno_strategy":[],"class_list":["post-13798","post","type-post","status-publish","format-standard","has-post-thumbnail","hentry","category-mercado","tag-acoes","tag-bolsa-de-valores","tag-unidas-lcam3"],"yoast_head":"<!-- This site is optimized with the Yoast SEO plugin v24.4 - https:\/\/yoast.com\/wordpress\/plugins\/seo\/ -->\n<title>Localiza aprova R$33 por a\u00e7\u00e3o em oferta p\u00fablica prim\u00e1ria<\/title>\n<meta name=\"description\" content=\"A Localiza informou nesta quinta-feira (31) que aprovou o valor de R$ 33 por a\u00e7\u00e3o para a oferta p\u00fablica prim\u00e1ria. Clique aqui para saber mais.\" \/>\n<meta name=\"robots\" content=\"index, follow, max-snippet:-1, max-image-preview:large, max-video-preview:-1\" \/>\n<link rel=\"canonical\" href=\"https:\/\/www.suno.com.br\/noticias\/localiza-aprova-r33-por-acao-em-oferta-publica-primaria\/\" \/>\n<meta property=\"og:locale\" content=\"pt_BR\" \/>\n<meta property=\"og:type\" content=\"article\" \/>\n<meta property=\"og:title\" content=\"Localiza aprova R$33 por a\u00e7\u00e3o em oferta p\u00fablica prim\u00e1ria\" \/>\n<meta property=\"og:description\" content=\"A Localiza informou nesta quinta-feira (31) que aprovou o valor de R$ 33 por a\u00e7\u00e3o para a oferta p\u00fablica prim\u00e1ria. Clique aqui para saber mais.\" \/>\n<meta property=\"og:url\" content=\"https:\/\/www.suno.com.br\/noticias\/localiza-aprova-r33-por-acao-em-oferta-publica-primaria\/\" \/>\n<meta property=\"og:site_name\" content=\"Suno Not\u00edcias\" \/>\n<meta property=\"article:publisher\" content=\"https:\/\/facebook.com\/sunoresearch\" \/>\n<meta property=\"og:image\" content=\"https:\/\/files.sunoresearch.com.br\/n\/uploads\/2019\/02\/9fdb7b72-localiza.jpg\" \/>\n\t<meta property=\"og:image:width\" content=\"1600\" \/>\n\t<meta property=\"og:image:height\" content=\"1028\" \/>\n\t<meta property=\"og:image:type\" content=\"image\/jpeg\" \/>\n<meta name=\"author\" content=\"Carlo Cauti\" \/>\n<meta name=\"twitter:card\" content=\"summary_large_image\" \/>\n<meta name=\"twitter:creator\" content=\"@sunoresearch\" \/>\n<meta name=\"twitter:site\" content=\"@sunoresearch\" \/>\n<meta name=\"twitter:label1\" content=\"Escrito por\" \/>\n\t<meta name=\"twitter:data1\" content=\"Carlo Cauti\" \/>\n\t<meta name=\"twitter:label2\" content=\"Est. tempo de leitura\" \/>\n\t<meta name=\"twitter:data2\" content=\"2 minutos\" \/>\n<script type=\"application\/ld+json\" class=\"yoast-schema-graph\">{\"@context\":\"https:\/\/schema.org\",\"@graph\":[{\"@type\":\"NewsArticle\",\"@id\":\"https:\/\/www.suno.com.br\/noticias\/localiza-aprova-r33-por-acao-em-oferta-publica-primaria\/#article\",\"isPartOf\":{\"@id\":\"https:\/\/www.suno.com.br\/noticias\/localiza-aprova-r33-por-acao-em-oferta-publica-primaria\/\"},\"author\":{\"name\":\"Carlo Cauti\",\"@id\":\"https:\/\/www.suno.com.br\/noticias\/#\/schema\/person\/e6e0f723cc177805027f4566c1d5e0c8\"},\"headline\":\"Localiza aprova R$33 por a\u00e7\u00e3o em oferta p\u00fablica prim\u00e1ria\",\"datePublished\":\"2019-02-01T13:14:45+00:00\",\"dateModified\":\"2019-02-01T13:18:04+00:00\",\"mainEntityOfPage\":{\"@id\":\"https:\/\/www.suno.com.br\/noticias\/localiza-aprova-r33-por-acao-em-oferta-publica-primaria\/\"},\"wordCount\":468,\"publisher\":{\"@id\":\"https:\/\/www.suno.com.br\/noticias\/#organization\"},\"image\":{\"@id\":\"https:\/\/www.suno.com.br\/noticias\/localiza-aprova-r33-por-acao-em-oferta-publica-primaria\/#primaryimage\"},\"thumbnailUrl\":\"https:\/\/files.sunoresearch.com.br\/n\/uploads\/2019\/02\/9fdb7b72-localiza-jpg.webp\",\"keywords\":[\"A\u00e7\u00f5es\",\"Bolsa de Valores\",\"Unidas (LCAM3)\"],\"articleSection\":[\"Mercado\"],\"inLanguage\":\"pt-BR\"},{\"@type\":\"WebPage\",\"@id\":\"https:\/\/www.suno.com.br\/noticias\/localiza-aprova-r33-por-acao-em-oferta-publica-primaria\/\",\"url\":\"https:\/\/www.suno.com.br\/noticias\/localiza-aprova-r33-por-acao-em-oferta-publica-primaria\/\",\"name\":\"Localiza aprova R$33 por a\u00e7\u00e3o em oferta p\u00fablica prim\u00e1ria\",\"isPartOf\":{\"@id\":\"https:\/\/www.suno.com.br\/noticias\/#website\"},\"primaryImageOfPage\":{\"@id\":\"https:\/\/www.suno.com.br\/noticias\/localiza-aprova-r33-por-acao-em-oferta-publica-primaria\/#primaryimage\"},\"image\":{\"@id\":\"https:\/\/www.suno.com.br\/noticias\/localiza-aprova-r33-por-acao-em-oferta-publica-primaria\/#primaryimage\"},\"thumbnailUrl\":\"https:\/\/files.sunoresearch.com.br\/n\/uploads\/2019\/02\/9fdb7b72-localiza-jpg.webp\",\"datePublished\":\"2019-02-01T13:14:45+00:00\",\"dateModified\":\"2019-02-01T13:18:04+00:00\",\"description\":\"A Localiza informou nesta quinta-feira (31) que aprovou o valor de R$ 33 por a\u00e7\u00e3o para a oferta p\u00fablica prim\u00e1ria. Clique aqui para saber mais.\",\"breadcrumb\":{\"@id\":\"https:\/\/www.suno.com.br\/noticias\/localiza-aprova-r33-por-acao-em-oferta-publica-primaria\/#breadcrumb\"},\"inLanguage\":\"pt-BR\",\"potentialAction\":[{\"@type\":\"ReadAction\",\"target\":[\"https:\/\/www.suno.com.br\/noticias\/localiza-aprova-r33-por-acao-em-oferta-publica-primaria\/\"]}]},{\"@type\":\"ImageObject\",\"inLanguage\":\"pt-BR\",\"@id\":\"https:\/\/www.suno.com.br\/noticias\/localiza-aprova-r33-por-acao-em-oferta-publica-primaria\/#primaryimage\",\"url\":\"https:\/\/files.sunoresearch.com.br\/n\/uploads\/2019\/02\/9fdb7b72-localiza-jpg.webp\",\"contentUrl\":\"https:\/\/files.sunoresearch.com.br\/n\/uploads\/2019\/02\/9fdb7b72-localiza-jpg.webp\",\"width\":1600,\"height\":1028,\"caption\":\"Localiza (RENT3)\"},{\"@type\":\"BreadcrumbList\",\"@id\":\"https:\/\/www.suno.com.br\/noticias\/localiza-aprova-r33-por-acao-em-oferta-publica-primaria\/#breadcrumb\",\"itemListElement\":[{\"@type\":\"ListItem\",\"position\":1,\"name\":\"Not\u00edcias\",\"item\":\"https:\/\/www.suno.com.br\/noticias\/\"},{\"@type\":\"ListItem\",\"position\":2,\"name\":\"Mercado\",\"item\":\"https:\/\/www.suno.com.br\/noticias\/mercado\/\"},{\"@type\":\"ListItem\",\"position\":3,\"name\":\"Localiza aprova R$33 por a\u00e7\u00e3o em oferta p\u00fablica prim\u00e1ria\"}]},{\"@type\":\"WebSite\",\"@id\":\"https:\/\/www.suno.com.br\/noticias\/#website\",\"url\":\"https:\/\/www.suno.com.br\/noticias\/\",\"name\":\"Suno Not\u00edcias\",\"description\":\"Seu portal de informa\u00e7\u00e3o sobre o mundo dos investimentos\",\"publisher\":{\"@id\":\"https:\/\/www.suno.com.br\/noticias\/#organization\"},\"potentialAction\":[{\"@type\":\"SearchAction\",\"target\":{\"@type\":\"EntryPoint\",\"urlTemplate\":\"https:\/\/www.suno.com.br\/noticias\/?s={search_term_string}\"},\"query-input\":{\"@type\":\"PropertyValueSpecification\",\"valueRequired\":true,\"valueName\":\"search_term_string\"}}],\"inLanguage\":\"pt-BR\"},{\"@type\":\"Organization\",\"@id\":\"https:\/\/www.suno.com.br\/noticias\/#organization\",\"name\":\"Suno Not\u00edcias\",\"url\":\"https:\/\/www.suno.com.br\/noticias\/\",\"logo\":{\"@type\":\"ImageObject\",\"inLanguage\":\"pt-BR\",\"@id\":\"https:\/\/www.suno.com.br\/noticias\/#\/schema\/logo\/image\/\",\"url\":\"https:\/\/files.sunoresearch.com.br\/n\/uploads\/2021\/09\/suno-logo.png\",\"contentUrl\":\"https:\/\/files.sunoresearch.com.br\/n\/uploads\/2021\/09\/suno-logo.png\",\"width\":180,\"height\":180,\"caption\":\"Suno Not\u00edcias\"},\"image\":{\"@id\":\"https:\/\/www.suno.com.br\/noticias\/#\/schema\/logo\/image\/\"},\"sameAs\":[\"https:\/\/facebook.com\/sunoresearch\",\"https:\/\/x.com\/sunoresearch\",\"https:\/\/www.instagram.com\/suno\",\"https:\/\/www.linkedin.com\/company\/suno-research\/\",\"https:\/\/www.youtube.com\/c\/sunoresearch\"]},{\"@type\":\"Person\",\"@id\":\"https:\/\/www.suno.com.br\/noticias\/#\/schema\/person\/e6e0f723cc177805027f4566c1d5e0c8\",\"name\":\"Carlo Cauti\",\"image\":{\"@type\":\"ImageObject\",\"inLanguage\":\"pt-BR\",\"@id\":\"https:\/\/www.suno.com.br\/noticias\/#\/schema\/person\/image\/\",\"url\":\"https:\/\/secure.gravatar.com\/avatar\/3ada9e0bd164c23abd4792a9606d583c?s=96&r=g\",\"contentUrl\":\"https:\/\/secure.gravatar.com\/avatar\/3ada9e0bd164c23abd4792a9606d583c?s=96&r=g\",\"caption\":\"Carlo Cauti\"},\"description\":\"Editor multim\u00eddia do SUNO Not\u00edcias. Italiano, formado em Ci\u00eancias Pol\u00edticas pela universidade LUISS G. Carli de Roma e mestre cum laude em Rela\u00e7\u00f5es Internacionais, Jornalismo Internacional e de Guerra e em Economia Internacional. Concluiu tamb\u00e9m um MBA em Finan\u00e7as na B3. No Brasil, teve passagem por ve\u00edculos como Estad\u00e3o, Globo, Veja e EXAME. e nas ag\u00eancias de not\u00edcias italianas ANSA e NOVA.\",\"url\":\"https:\/\/www.suno.com.br\/noticias\/author\/carlo-cauti\/\"}]}<\/script>\n<!-- \/ Yoast SEO plugin. -->","yoast_head_json":{"title":"Localiza aprova R$33 por a\u00e7\u00e3o em oferta p\u00fablica prim\u00e1ria","description":"A Localiza informou nesta quinta-feira (31) que aprovou o valor de R$ 33 por a\u00e7\u00e3o para a oferta p\u00fablica prim\u00e1ria. Clique aqui para saber mais.","robots":{"index":"index","follow":"follow","max-snippet":"max-snippet:-1","max-image-preview":"max-image-preview:large","max-video-preview":"max-video-preview:-1"},"canonical":"https:\/\/www.suno.com.br\/noticias\/localiza-aprova-r33-por-acao-em-oferta-publica-primaria\/","og_locale":"pt_BR","og_type":"article","og_title":"Localiza aprova R$33 por a\u00e7\u00e3o em oferta p\u00fablica prim\u00e1ria","og_description":"A Localiza informou nesta quinta-feira (31) que aprovou o valor de R$ 33 por a\u00e7\u00e3o para a oferta p\u00fablica prim\u00e1ria. Clique aqui para saber mais.","og_url":"https:\/\/www.suno.com.br\/noticias\/localiza-aprova-r33-por-acao-em-oferta-publica-primaria\/","og_site_name":"Suno Not\u00edcias","article_publisher":"https:\/\/facebook.com\/sunoresearch","og_image":[{"width":1600,"height":1028,"url":"https:\/\/files.sunoresearch.com.br\/n\/uploads\/2019\/02\/9fdb7b72-localiza.jpg","type":"image\/jpeg"}],"author":"Carlo Cauti","twitter_card":"summary_large_image","twitter_creator":"@sunoresearch","twitter_site":"@sunoresearch","twitter_misc":{"Escrito por":"Carlo Cauti","Est. tempo de leitura":"2 minutos"},"schema":{"@context":"https:\/\/schema.org","@graph":[{"@type":"NewsArticle","@id":"https:\/\/www.suno.com.br\/noticias\/localiza-aprova-r33-por-acao-em-oferta-publica-primaria\/#article","isPartOf":{"@id":"https:\/\/www.suno.com.br\/noticias\/localiza-aprova-r33-por-acao-em-oferta-publica-primaria\/"},"author":{"name":"Carlo Cauti","@id":"https:\/\/www.suno.com.br\/noticias\/#\/schema\/person\/e6e0f723cc177805027f4566c1d5e0c8"},"headline":"Localiza aprova R$33 por a\u00e7\u00e3o em oferta p\u00fablica prim\u00e1ria","datePublished":"2019-02-01T13:14:45+00:00","dateModified":"2019-02-01T13:18:04+00:00","mainEntityOfPage":{"@id":"https:\/\/www.suno.com.br\/noticias\/localiza-aprova-r33-por-acao-em-oferta-publica-primaria\/"},"wordCount":468,"publisher":{"@id":"https:\/\/www.suno.com.br\/noticias\/#organization"},"image":{"@id":"https:\/\/www.suno.com.br\/noticias\/localiza-aprova-r33-por-acao-em-oferta-publica-primaria\/#primaryimage"},"thumbnailUrl":"https:\/\/files.sunoresearch.com.br\/n\/uploads\/2019\/02\/9fdb7b72-localiza-jpg.webp","keywords":["A\u00e7\u00f5es","Bolsa de Valores","Unidas (LCAM3)"],"articleSection":["Mercado"],"inLanguage":"pt-BR"},{"@type":"WebPage","@id":"https:\/\/www.suno.com.br\/noticias\/localiza-aprova-r33-por-acao-em-oferta-publica-primaria\/","url":"https:\/\/www.suno.com.br\/noticias\/localiza-aprova-r33-por-acao-em-oferta-publica-primaria\/","name":"Localiza aprova R$33 por a\u00e7\u00e3o em oferta p\u00fablica prim\u00e1ria","isPartOf":{"@id":"https:\/\/www.suno.com.br\/noticias\/#website"},"primaryImageOfPage":{"@id":"https:\/\/www.suno.com.br\/noticias\/localiza-aprova-r33-por-acao-em-oferta-publica-primaria\/#primaryimage"},"image":{"@id":"https:\/\/www.suno.com.br\/noticias\/localiza-aprova-r33-por-acao-em-oferta-publica-primaria\/#primaryimage"},"thumbnailUrl":"https:\/\/files.sunoresearch.com.br\/n\/uploads\/2019\/02\/9fdb7b72-localiza-jpg.webp","datePublished":"2019-02-01T13:14:45+00:00","dateModified":"2019-02-01T13:18:04+00:00","description":"A Localiza informou nesta quinta-feira (31) que aprovou o valor de R$ 33 por a\u00e7\u00e3o para a oferta p\u00fablica prim\u00e1ria. Clique aqui para saber mais.","breadcrumb":{"@id":"https:\/\/www.suno.com.br\/noticias\/localiza-aprova-r33-por-acao-em-oferta-publica-primaria\/#breadcrumb"},"inLanguage":"pt-BR","potentialAction":[{"@type":"ReadAction","target":["https:\/\/www.suno.com.br\/noticias\/localiza-aprova-r33-por-acao-em-oferta-publica-primaria\/"]}]},{"@type":"ImageObject","inLanguage":"pt-BR","@id":"https:\/\/www.suno.com.br\/noticias\/localiza-aprova-r33-por-acao-em-oferta-publica-primaria\/#primaryimage","url":"https:\/\/files.sunoresearch.com.br\/n\/uploads\/2019\/02\/9fdb7b72-localiza-jpg.webp","contentUrl":"https:\/\/files.sunoresearch.com.br\/n\/uploads\/2019\/02\/9fdb7b72-localiza-jpg.webp","width":1600,"height":1028,"caption":"Localiza (RENT3)"},{"@type":"BreadcrumbList","@id":"https:\/\/www.suno.com.br\/noticias\/localiza-aprova-r33-por-acao-em-oferta-publica-primaria\/#breadcrumb","itemListElement":[{"@type":"ListItem","position":1,"name":"Not\u00edcias","item":"https:\/\/www.suno.com.br\/noticias\/"},{"@type":"ListItem","position":2,"name":"Mercado","item":"https:\/\/www.suno.com.br\/noticias\/mercado\/"},{"@type":"ListItem","position":3,"name":"Localiza aprova R$33 por a\u00e7\u00e3o em oferta p\u00fablica prim\u00e1ria"}]},{"@type":"WebSite","@id":"https:\/\/www.suno.com.br\/noticias\/#website","url":"https:\/\/www.suno.com.br\/noticias\/","name":"Suno Not\u00edcias","description":"Seu portal de informa\u00e7\u00e3o sobre o mundo dos investimentos","publisher":{"@id":"https:\/\/www.suno.com.br\/noticias\/#organization"},"potentialAction":[{"@type":"SearchAction","target":{"@type":"EntryPoint","urlTemplate":"https:\/\/www.suno.com.br\/noticias\/?s={search_term_string}"},"query-input":{"@type":"PropertyValueSpecification","valueRequired":true,"valueName":"search_term_string"}}],"inLanguage":"pt-BR"},{"@type":"Organization","@id":"https:\/\/www.suno.com.br\/noticias\/#organization","name":"Suno Not\u00edcias","url":"https:\/\/www.suno.com.br\/noticias\/","logo":{"@type":"ImageObject","inLanguage":"pt-BR","@id":"https:\/\/www.suno.com.br\/noticias\/#\/schema\/logo\/image\/","url":"https:\/\/files.sunoresearch.com.br\/n\/uploads\/2021\/09\/suno-logo.png","contentUrl":"https:\/\/files.sunoresearch.com.br\/n\/uploads\/2021\/09\/suno-logo.png","width":180,"height":180,"caption":"Suno Not\u00edcias"},"image":{"@id":"https:\/\/www.suno.com.br\/noticias\/#\/schema\/logo\/image\/"},"sameAs":["https:\/\/facebook.com\/sunoresearch","https:\/\/x.com\/sunoresearch","https:\/\/www.instagram.com\/suno","https:\/\/www.linkedin.com\/company\/suno-research\/","https:\/\/www.youtube.com\/c\/sunoresearch"]},{"@type":"Person","@id":"https:\/\/www.suno.com.br\/noticias\/#\/schema\/person\/e6e0f723cc177805027f4566c1d5e0c8","name":"Carlo Cauti","image":{"@type":"ImageObject","inLanguage":"pt-BR","@id":"https:\/\/www.suno.com.br\/noticias\/#\/schema\/person\/image\/","url":"https:\/\/secure.gravatar.com\/avatar\/3ada9e0bd164c23abd4792a9606d583c?s=96&r=g","contentUrl":"https:\/\/secure.gravatar.com\/avatar\/3ada9e0bd164c23abd4792a9606d583c?s=96&r=g","caption":"Carlo Cauti"},"description":"Editor multim\u00eddia do SUNO Not\u00edcias. Italiano, formado em Ci\u00eancias Pol\u00edticas pela universidade LUISS G. Carli de Roma e mestre cum laude em Rela\u00e7\u00f5es Internacionais, Jornalismo Internacional e de Guerra e em Economia Internacional. Concluiu tamb\u00e9m um MBA em Finan\u00e7as na B3. No Brasil, teve passagem por ve\u00edculos como Estad\u00e3o, Globo, Veja e EXAME. e nas ag\u00eancias de not\u00edcias italianas ANSA e NOVA.","url":"https:\/\/www.suno.com.br\/noticias\/author\/carlo-cauti\/"}]}},"default_loop_html":"<div class=\"cardsPage__listCard__boxs\"><div class=\"cardsPage__listCard__boxs__img\"><a href=\"https:\/\/www.suno.com.br\/noticias\/localiza-aprova-r33-por-acao-em-oferta-publica-primaria\/\"><img class=\"mask\" src=\"https:\/\/www.suno.com.br\/noticias\/wp-content\/themes\/suno\/resources\/images\/spotlight\/spotlight1img\/bg-mask.png\" alt=\"Image Mask\"\/><img src=\"https:\/\/files.sunoresearch.com.br\/n\/uploads\/2019\/02\/9fdb7b72-localiza-400x200.webp\" alt=\"Localiza aprova R$33 por a\u00e7\u00e3o em oferta p\u00fablica prim\u00e1ria\"\/><\/a><span class=\"spotlightCategory\"><a href=\"https:\/\/www.suno.com.br\/noticias\/mercado\/\">Mercado<\/a><\/span><\/div><div class=\"cardsPage__listCard__boxs__content\"><a href=\"https:\/\/www.suno.com.br\/noticias\/localiza-aprova-r33-por-acao-em-oferta-publica-primaria\/\"><h2 class=\"content__title\">Localiza aprova R$33 por a\u00e7\u00e3o em oferta p\u00fablica prim\u00e1ria<\/h2><\/a><div class=\"newsContent__article__meta\"><div class=\"newsContent__article__meta__authorBox\"><a href=\"https:\/\/www.suno.com.br\/noticias\/author\/carlo-cauti\/\" class=\"authorBox__avatar noMobi\"><img src=\"https:\/\/files.sunoresearch.com.br\/n\/uploads\/2020\/08\/e3745f9a-perfil-carlo-cauti-150x150.webp\" alt=\"Carlo Cauti\"><\/a><div class=\"authorBox__name\"><span>por\n\t\t\t<a href=\"https:\/\/www.suno.com.br\/noticias\/author\/carlo-cauti\/\"><span itemprop=\"author\">Carlo Cauti<\/span><\/a><\/span><time datetime=\"2019-02-01T11:14:45-02:00\" itemprop=\"datePublished\">01\/02\/2019 11:14<\/time><\/div><\/div><\/div><\/div><\/div>","single_layout":"posts","amp_enabled":true,"_links":{"self":[{"href":"https:\/\/www.suno.com.br\/noticias\/wp-json\/wp\/v2\/posts\/13798"}],"collection":[{"href":"https:\/\/www.suno.com.br\/noticias\/wp-json\/wp\/v2\/posts"}],"about":[{"href":"https:\/\/www.suno.com.br\/noticias\/wp-json\/wp\/v2\/types\/post"}],"author":[{"embeddable":true,"href":"https:\/\/www.suno.com.br\/noticias\/wp-json\/wp\/v2\/users\/9"}],"replies":[{"embeddable":true,"href":"https:\/\/www.suno.com.br\/noticias\/wp-json\/wp\/v2\/comments?post=13798"}],"version-history":[{"count":0,"href":"https:\/\/www.suno.com.br\/noticias\/wp-json\/wp\/v2\/posts\/13798\/revisions"}],"wp:featuredmedia":[{"embeddable":true,"href":"https:\/\/www.suno.com.br\/noticias\/wp-json\/wp\/v2\/media\/13803"}],"wp:attachment":[{"href":"https:\/\/www.suno.com.br\/noticias\/wp-json\/wp\/v2\/media?parent=13798"}],"wp:term":[{"taxonomy":"category","embeddable":true,"href":"https:\/\/www.suno.com.br\/noticias\/wp-json\/wp\/v2\/categories?post=13798"},{"taxonomy":"post_tag","embeddable":true,"href":"https:\/\/www.suno.com.br\/noticias\/wp-json\/wp\/v2\/tags?post=13798"},{"taxonomy":"suno_strategy","embeddable":true,"href":"https:\/\/www.suno.com.br\/noticias\/wp-json\/wp\/v2\/suno_strategy?post=13798"}],"curies":[{"name":"wp","href":"https:\/\/api.w.org\/{rel}","templated":true}]}}