{"id":137939,"date":"2021-04-08T13:28:26","date_gmt":"2021-04-08T16:28:26","guid":{"rendered":"https:\/\/www.suno.com.br\/noticias\/?p=137939"},"modified":"2021-04-08T13:28:26","modified_gmt":"2021-04-08T16:28:26","slug":"allied-tecnologia-adia-precificacao-de-ipo-e-reduz-volume-de-acoes","status":"publish","type":"post","link":"https:\/\/www.suno.com.br\/noticias\/allied-tecnologia-adia-precificacao-de-ipo-e-reduz-volume-de-acoes\/","title":{"rendered":"Allied Tecnologia adia precifica\u00e7\u00e3o de IPO e reduz volume de a\u00e7\u00f5es"},"content":{"rendered":"<p>A<strong> Allied<\/strong> Tecnologia deveria ter precificado sua <a href=\"https:\/\/www.suno.com.br\/artigos\/ipo\/\">oferta p\u00fablica inicial de a\u00e7\u00f5es (IPO)<\/a> nesta quarta-feira (7), mas adiou a opera\u00e7\u00e3o para hoje. Al\u00e9m disso, a companhia anunciou tamb\u00e9m que reduziu o volume da oferta e a faixa indicativa de pre\u00e7o.<\/p>\t<div class=\"wrapper-featured-image\">\n\t\t<figure class=\"spotlightImg\">\n\n\t\t\t<picture>\n\t\t\t\t<source media=\"(max-width: 768px)\" srcset=\"https:\/\/files.sunoresearch.com.br\/n\/uploads\/2021\/04\/3db5c793-allied-400x200.webp\">\n\t\t\t\t<img loading=\"lazy\" decoding=\"async\" class=\"newsContent__article__imgCapa lazyloadDisabled \" src=\"https:\/\/files.sunoresearch.com.br\/n\/uploads\/2021\/04\/3db5c793-allied-800x450.webp\" width=\"800\" height=\"450\" alt=\"Allied Tecnologia adia precifica\u00e7\u00e3o de IPO e reduz volume de a\u00e7\u00f5es\" fetchpriority=high \/>\n\t\t\t<\/picture>\n\n\t\t\t<figcaption class=\"wp-caption-text wp-caption-text--show\">Foto: Reprodu\u00e7\u00e3o Facebook<\/figcaption>\n\t\t<\/figure>\n\t<\/div>\n\n\n<p><span style=\"font-weight: 400;\">\t<p>\n\t\t<a href=\"https:\/\/lp.suno.com.br\/planilha-controle-gastos\/\" target=\"_blank\" data-element=\"shortcode-suno-banner\" title=\"Banner SUNO, clique e saiba mais\">\n\t\t\t<picture>\n\t\t\t\t<source media=\"(max-width: 500px)\" srcset=\"https:\/\/files.sunoresearch.com.br\/n\/uploads\/2023\/03\/400x300-Planilha-controle-de-gastos.png\">\n\t\t\t\t<img class=\"newsContent__article__imgCapa newsContent__article__imgCapa--banner\"\n\t\t\t\t\tsrc=\"https:\/\/files.sunoresearch.com.br\/n\/uploads\/2023\/03\/1420x240-Planilha-controle-de-gastos.png\"\n\t\t\t\t\tdata-promo-id=\"101751\"\t\t\t\t\t\t\t\t\t\twidth='1420' height='240'\t\t\t\t\talt=\"https:\/\/files.sunoresearch.com.br\/n\/uploads\/2023\/03\/1420x240-Planilha-controle-de-gastos.png\"\n\t\t\t\t>\n\t\t\t<\/picture>\n\t\t<\/a>\n\t<\/p>\n\n<\/span><\/p>\n<p>Anteriormente, seriam ofertadas dez milh\u00f5es de a\u00e7\u00f5es de forma prim\u00e1ria, com a Allied emitindo pap\u00e9is e guardando capital em caixa, e cinco milh\u00f5es de forma secund\u00e1ria, com acionistas vendendo parte de suas fatias. Agora, por\u00e9m, <strong>a tranche secund\u00e1ria caiu<\/strong> para 476,2 mil a\u00e7\u00f5es.<\/p>\n<p>A <strong>faixa indicativa, por sua vez, saiu<\/strong> de R$ 20 a R$ 26 para R$ 17 a R$ 19.<\/p>\n<p><a href=\"https:\/\/lp.suno.com.br\/suno-one\/?ppp=noticias\/hospital-care-pedido-ipo-cvm\/\"><b>Suno One: acesse gratuitamente eBooks, Minicursos, Artigos e V\u00eddeo Aulas sobre investimentos com um \u00fanico cadastro. Clique para saber mais!<\/b><\/a><\/p>\n<p>Houve ainda altera\u00e7\u00e3o na descri\u00e7\u00e3o dos destina\u00e7\u00e3o dos recursos da oferta, que agora fica em 77% para aquisi\u00e7\u00f5es, 13% para financiamento de carteira de servi\u00e7os financeiros e 10% para o investimentos em sistemas e plataformas de tecnologia. Anteriormente, a distribui\u00e7\u00e3o ficava, seguindo a mesma ordem, em 40%, 10% e 6,7%. A companhia esperava ainda balancear sua estrutura de capital, o que foi retirado do texto.<\/p>\n<p>A Allied Tecnologia n\u00e3o justificou a movimenta\u00e7\u00e3o, mas a altera\u00e7\u00e3o vem em meio a uma s\u00e9rie de cancelamentos e altera\u00e7\u00f5es de IPOs. Apenas nos \u00faltimos dias, a Blau Farmac\u00eautica (BLAU3) alterou o seu cronograma e a LG Inform\u00e1tica (GENT3) optou por interromper o processo.<\/p>\n<p>Al\u00e9m disso, a Dasa, por exemplo, viu a sua preficifa\u00e7\u00e3o ficar bem aqu\u00e9m do esperado, isso mesmo ap\u00f3s abaixar a sua faixa indicativa de pre\u00e7o.<\/p>\n<p><span style=\"font-weight: 400;\">\t<p>\n\t\t<a href=\"https:\/\/lp.suno.com.br\/planilha-da-vida-financeira\/\" target=\"_blank\" data-element=\"shortcode-suno-banner\" title=\"Banner SUNO, clique e saiba mais\">\n\t\t\t<picture>\n\t\t\t\t<source media=\"(max-width: 500px)\" srcset=\"https:\/\/files.sunoresearch.com.br\/n\/uploads\/2023\/04\/400x300-Planilha-vida-financeira-true.png\">\n\t\t\t\t<img class=\"newsContent__article__imgCapa newsContent__article__imgCapa--banner\"\n\t\t\t\t\tsrc=\"https:\/\/files.sunoresearch.com.br\/n\/uploads\/2023\/04\/1420x240-Planilha-vida-financeira-true.png\"\n\t\t\t\t\tdata-promo-id=\"106682\"\t\t\t\t\t\t\t\t\t\twidth='1420' height='240'\t\t\t\t\talt=\"https:\/\/files.sunoresearch.com.br\/n\/uploads\/2023\/04\/1420x240-Planilha-vida-financeira-true.png\"\n\t\t\t\t>\n\t\t\t<\/picture>\n\t\t<\/a>\n\t<\/p>\n\n<\/span><\/p>\n<h2>Allied Tecnologia postergou IPO no ano passado<\/h2>\n<p>Essa n\u00e3o foi a primeira vez que a Allied teve problemas em meio a um processo de IPO. A companhia, em 2020, recuou em outubro durante a mesma movimenta\u00e7\u00e3o e a interrompeu.<\/p>\n<p>A empresa, que \u00e9 representante e revendedora no Brasil de marcas de eletr\u00f4nicos como a Apple, a LG, a HP e a Samsung, queria, no ano passado, levantar cerca de R$ 1,4 bilh\u00e3o.<\/p>\n<p>Desta vez, a oferta foi bem menos ambiciosa. A <strong>Allied<\/strong> deve levantar, com a nova mudan\u00e7a, cerca de R$ 190 milh\u00f5es de forma prim\u00e1ria e R$ 9,04 milh\u00f5es de forma secund\u00e1ria, isso considerando o teto da nova faixa.<\/p>\n<p><span style=\"font-weight: 400;\">\t<p>\n\t\t<a href=\"https:\/\/lp.suno.com.br\/planilha-de-controle-de-investimentos\/\" target=\"_blank\" data-element=\"shortcode-suno-banner\" title=\"Banner SUNO, clique e saiba mais\">\n\t\t\t<picture>\n\t\t\t\t<source media=\"(max-width: 500px)\" srcset=\"https:\/\/files.sunoresearch.com.br\/n\/uploads\/2023\/03\/400x300-Controle-de-Investimentos.png\">\n\t\t\t\t<img class=\"newsContent__article__imgCapa newsContent__article__imgCapa--banner\"\n\t\t\t\t\tsrc=\"https:\/\/files.sunoresearch.com.br\/n\/uploads\/2023\/03\/1420x240-Controle-de-Investimentos.png\"\n\t\t\t\t\tdata-promo-id=\"75934\"\t\t\t\t\t\t\t\t\t\twidth='1420' height='240'\t\t\t\t\talt=\"https:\/\/files.sunoresearch.com.br\/n\/uploads\/2023\/03\/1420x240-Controle-de-Investimentos.png\"\n\t\t\t\t>\n\t\t\t<\/picture>\n\t\t<\/a>\n\t<\/p>\n\n<\/span><\/p>\n","protected":false},"excerpt":{"rendered":"<p>A Allied Tecnologia deveria ter precificado sua oferta p\u00fablica inicial de a\u00e7\u00f5es (IPO) nesta quarta-feira (7), mas adiou a opera\u00e7\u00e3o para hoje. Al\u00e9m disso, a companhia anunciou tamb\u00e9m que reduziu o volume da oferta e a faixa indicativa de pre\u00e7o. Foto: Reprodu\u00e7\u00e3o Facebook Anteriormente, seriam ofertadas dez milh\u00f5es de a\u00e7\u00f5es de forma prim\u00e1ria, com a [&hellip;]<\/p>\n","protected":false},"author":59,"featured_media":137958,"comment_status":"closed","ping_status":"closed","sticky":false,"template":"","format":"standard","meta":[],"categories":[64],"tags":[106150],"suno_strategy":[],"class_list":["post-137939","post","type-post","status-publish","format-standard","has-post-thumbnail","hentry","category-negocios","tag-allied-alld3"],"yoast_head":"<!-- This site is optimized with the Yoast SEO plugin v24.4 - https:\/\/yoast.com\/wordpress\/plugins\/seo\/ -->\n<title>Allied Tecnologia adia precifica\u00e7\u00e3o de IPO e reduz volume de a\u00e7\u00f5es<\/title>\n<meta name=\"robots\" content=\"index, follow, max-snippet:-1, max-image-preview:large, max-video-preview:-1\" \/>\n<link rel=\"canonical\" href=\"https:\/\/www.suno.com.br\/noticias\/allied-tecnologia-adia-precificacao-de-ipo-e-reduz-volume-de-acoes\/\" \/>\n<meta property=\"og:locale\" content=\"pt_BR\" \/>\n<meta property=\"og:type\" content=\"article\" \/>\n<meta property=\"og:title\" content=\"Allied Tecnologia adia precifica\u00e7\u00e3o de IPO e reduz volume de a\u00e7\u00f5es\" \/>\n<meta property=\"og:description\" content=\"A Allied Tecnologia deveria ter precificado sua oferta p\u00fablica inicial de a\u00e7\u00f5es (IPO) nesta quarta-feira (7), mas adiou a opera\u00e7\u00e3o para hoje. Al\u00e9m disso, a companhia anunciou tamb\u00e9m que reduziu o volume da oferta e a faixa indicativa de pre\u00e7o. Foto: Reprodu\u00e7\u00e3o Facebook Anteriormente, seriam ofertadas dez milh\u00f5es de a\u00e7\u00f5es de forma prim\u00e1ria, com a [&hellip;]\" \/>\n<meta property=\"og:url\" content=\"https:\/\/www.suno.com.br\/noticias\/allied-tecnologia-adia-precificacao-de-ipo-e-reduz-volume-de-acoes\/\" \/>\n<meta property=\"og:site_name\" content=\"Suno Not\u00edcias\" \/>\n<meta property=\"article:publisher\" content=\"https:\/\/facebook.com\/sunoresearch\" \/>\n<meta property=\"og:image\" content=\"https:\/\/files.sunoresearch.com.br\/n\/uploads\/2021\/04\/3db5c793-allied.png\" \/>\n\t<meta property=\"og:image:width\" content=\"1000\" \/>\n\t<meta property=\"og:image:height\" content=\"1000\" \/>\n\t<meta property=\"og:image:type\" content=\"image\/png\" \/>\n<meta name=\"author\" content=\"Vitor Azevedo\" \/>\n<meta name=\"twitter:card\" content=\"summary_large_image\" \/>\n<meta name=\"twitter:creator\" content=\"@sunoresearch\" \/>\n<meta name=\"twitter:site\" content=\"@sunoresearch\" \/>\n<meta name=\"twitter:label1\" content=\"Escrito por\" \/>\n\t<meta name=\"twitter:data1\" content=\"Vitor Azevedo\" \/>\n\t<meta name=\"twitter:label2\" content=\"Est. tempo de leitura\" \/>\n\t<meta name=\"twitter:data2\" content=\"2 minutos\" \/>\n<script type=\"application\/ld+json\" class=\"yoast-schema-graph\">{\"@context\":\"https:\/\/schema.org\",\"@graph\":[{\"@type\":\"NewsArticle\",\"@id\":\"https:\/\/www.suno.com.br\/noticias\/allied-tecnologia-adia-precificacao-de-ipo-e-reduz-volume-de-acoes\/#article\",\"isPartOf\":{\"@id\":\"https:\/\/www.suno.com.br\/noticias\/allied-tecnologia-adia-precificacao-de-ipo-e-reduz-volume-de-acoes\/\"},\"author\":{\"name\":\"Vitor Azevedo\",\"@id\":\"https:\/\/www.suno.com.br\/noticias\/#\/schema\/person\/658d5fbc74d81f265f5df3562d0038ab\"},\"headline\":\"Allied Tecnologia adia precifica\u00e7\u00e3o de IPO e reduz volume de a\u00e7\u00f5es\",\"datePublished\":\"2021-04-08T16:28:26+00:00\",\"mainEntityOfPage\":{\"@id\":\"https:\/\/www.suno.com.br\/noticias\/allied-tecnologia-adia-precificacao-de-ipo-e-reduz-volume-de-acoes\/\"},\"wordCount\":414,\"publisher\":{\"@id\":\"https:\/\/www.suno.com.br\/noticias\/#organization\"},\"image\":{\"@id\":\"https:\/\/www.suno.com.br\/noticias\/allied-tecnologia-adia-precificacao-de-ipo-e-reduz-volume-de-acoes\/#primaryimage\"},\"thumbnailUrl\":\"https:\/\/files.sunoresearch.com.br\/n\/uploads\/2021\/04\/3db5c793-allied-png.webp\",\"keywords\":[\"Allied (ALLD3)\"],\"articleSection\":[\"Neg\u00f3cios\"],\"inLanguage\":\"pt-BR\"},{\"@type\":\"WebPage\",\"@id\":\"https:\/\/www.suno.com.br\/noticias\/allied-tecnologia-adia-precificacao-de-ipo-e-reduz-volume-de-acoes\/\",\"url\":\"https:\/\/www.suno.com.br\/noticias\/allied-tecnologia-adia-precificacao-de-ipo-e-reduz-volume-de-acoes\/\",\"name\":\"Allied Tecnologia adia precifica\u00e7\u00e3o de IPO e reduz volume de a\u00e7\u00f5es\",\"isPartOf\":{\"@id\":\"https:\/\/www.suno.com.br\/noticias\/#website\"},\"primaryImageOfPage\":{\"@id\":\"https:\/\/www.suno.com.br\/noticias\/allied-tecnologia-adia-precificacao-de-ipo-e-reduz-volume-de-acoes\/#primaryimage\"},\"image\":{\"@id\":\"https:\/\/www.suno.com.br\/noticias\/allied-tecnologia-adia-precificacao-de-ipo-e-reduz-volume-de-acoes\/#primaryimage\"},\"thumbnailUrl\":\"https:\/\/files.sunoresearch.com.br\/n\/uploads\/2021\/04\/3db5c793-allied-png.webp\",\"datePublished\":\"2021-04-08T16:28:26+00:00\",\"breadcrumb\":{\"@id\":\"https:\/\/www.suno.com.br\/noticias\/allied-tecnologia-adia-precificacao-de-ipo-e-reduz-volume-de-acoes\/#breadcrumb\"},\"inLanguage\":\"pt-BR\",\"potentialAction\":[{\"@type\":\"ReadAction\",\"target\":[\"https:\/\/www.suno.com.br\/noticias\/allied-tecnologia-adia-precificacao-de-ipo-e-reduz-volume-de-acoes\/\"]}]},{\"@type\":\"ImageObject\",\"inLanguage\":\"pt-BR\",\"@id\":\"https:\/\/www.suno.com.br\/noticias\/allied-tecnologia-adia-precificacao-de-ipo-e-reduz-volume-de-acoes\/#primaryimage\",\"url\":\"https:\/\/files.sunoresearch.com.br\/n\/uploads\/2021\/04\/3db5c793-allied-png.webp\",\"contentUrl\":\"https:\/\/files.sunoresearch.com.br\/n\/uploads\/2021\/04\/3db5c793-allied-png.webp\",\"width\":1000,\"height\":1000,\"caption\":\"Foto: Reprodu\u00e7\u00e3o Facebook\"},{\"@type\":\"BreadcrumbList\",\"@id\":\"https:\/\/www.suno.com.br\/noticias\/allied-tecnologia-adia-precificacao-de-ipo-e-reduz-volume-de-acoes\/#breadcrumb\",\"itemListElement\":[{\"@type\":\"ListItem\",\"position\":1,\"name\":\"Not\u00edcias\",\"item\":\"https:\/\/www.suno.com.br\/noticias\/\"},{\"@type\":\"ListItem\",\"position\":2,\"name\":\"Neg\u00f3cios\",\"item\":\"https:\/\/www.suno.com.br\/noticias\/negocios\/\"},{\"@type\":\"ListItem\",\"position\":3,\"name\":\"Allied Tecnologia adia precifica\u00e7\u00e3o de IPO e reduz volume de a\u00e7\u00f5es\"}]},{\"@type\":\"WebSite\",\"@id\":\"https:\/\/www.suno.com.br\/noticias\/#website\",\"url\":\"https:\/\/www.suno.com.br\/noticias\/\",\"name\":\"Suno Not\u00edcias\",\"description\":\"Seu portal de informa\u00e7\u00e3o sobre o mundo dos investimentos\",\"publisher\":{\"@id\":\"https:\/\/www.suno.com.br\/noticias\/#organization\"},\"potentialAction\":[{\"@type\":\"SearchAction\",\"target\":{\"@type\":\"EntryPoint\",\"urlTemplate\":\"https:\/\/www.suno.com.br\/noticias\/?s={search_term_string}\"},\"query-input\":{\"@type\":\"PropertyValueSpecification\",\"valueRequired\":true,\"valueName\":\"search_term_string\"}}],\"inLanguage\":\"pt-BR\"},{\"@type\":\"Organization\",\"@id\":\"https:\/\/www.suno.com.br\/noticias\/#organization\",\"name\":\"Suno Not\u00edcias\",\"url\":\"https:\/\/www.suno.com.br\/noticias\/\",\"logo\":{\"@type\":\"ImageObject\",\"inLanguage\":\"pt-BR\",\"@id\":\"https:\/\/www.suno.com.br\/noticias\/#\/schema\/logo\/image\/\",\"url\":\"https:\/\/files.sunoresearch.com.br\/n\/uploads\/2021\/09\/suno-logo.png\",\"contentUrl\":\"https:\/\/files.sunoresearch.com.br\/n\/uploads\/2021\/09\/suno-logo.png\",\"width\":180,\"height\":180,\"caption\":\"Suno Not\u00edcias\"},\"image\":{\"@id\":\"https:\/\/www.suno.com.br\/noticias\/#\/schema\/logo\/image\/\"},\"sameAs\":[\"https:\/\/facebook.com\/sunoresearch\",\"https:\/\/x.com\/sunoresearch\",\"https:\/\/www.instagram.com\/suno\",\"https:\/\/www.linkedin.com\/company\/suno-research\/\",\"https:\/\/www.youtube.com\/c\/sunoresearch\"]},{\"@type\":\"Person\",\"@id\":\"https:\/\/www.suno.com.br\/noticias\/#\/schema\/person\/658d5fbc74d81f265f5df3562d0038ab\",\"name\":\"Vitor Azevedo\",\"image\":{\"@type\":\"ImageObject\",\"inLanguage\":\"pt-BR\",\"@id\":\"https:\/\/www.suno.com.br\/noticias\/#\/schema\/person\/image\/\",\"url\":\"https:\/\/secure.gravatar.com\/avatar\/62b86195291b446fe380824eb28b99a5?s=96&r=g\",\"contentUrl\":\"https:\/\/secure.gravatar.com\/avatar\/62b86195291b446fe380824eb28b99a5?s=96&r=g\",\"caption\":\"Vitor Azevedo\"},\"description\":\"Formado em jornalismo pela Unesp, escreve sobre economia e neg\u00f3cios para a Suno Not\u00edcias.\",\"url\":\"https:\/\/www.suno.com.br\/noticias\/author\/vitor-azevedo\/\"}]}<\/script>\n<!-- \/ Yoast SEO plugin. -->","yoast_head_json":{"title":"Allied Tecnologia adia precifica\u00e7\u00e3o de IPO e reduz volume de a\u00e7\u00f5es","robots":{"index":"index","follow":"follow","max-snippet":"max-snippet:-1","max-image-preview":"max-image-preview:large","max-video-preview":"max-video-preview:-1"},"canonical":"https:\/\/www.suno.com.br\/noticias\/allied-tecnologia-adia-precificacao-de-ipo-e-reduz-volume-de-acoes\/","og_locale":"pt_BR","og_type":"article","og_title":"Allied Tecnologia adia precifica\u00e7\u00e3o de IPO e reduz volume de a\u00e7\u00f5es","og_description":"A Allied Tecnologia deveria ter precificado sua oferta p\u00fablica inicial de a\u00e7\u00f5es (IPO) nesta quarta-feira (7), mas adiou a opera\u00e7\u00e3o para hoje. Al\u00e9m disso, a companhia anunciou tamb\u00e9m que reduziu o volume da oferta e a faixa indicativa de pre\u00e7o. Foto: Reprodu\u00e7\u00e3o Facebook Anteriormente, seriam ofertadas dez milh\u00f5es de a\u00e7\u00f5es de forma prim\u00e1ria, com a [&hellip;]","og_url":"https:\/\/www.suno.com.br\/noticias\/allied-tecnologia-adia-precificacao-de-ipo-e-reduz-volume-de-acoes\/","og_site_name":"Suno Not\u00edcias","article_publisher":"https:\/\/facebook.com\/sunoresearch","og_image":[{"width":1000,"height":1000,"url":"https:\/\/files.sunoresearch.com.br\/n\/uploads\/2021\/04\/3db5c793-allied.png","type":"image\/png"}],"author":"Vitor Azevedo","twitter_card":"summary_large_image","twitter_creator":"@sunoresearch","twitter_site":"@sunoresearch","twitter_misc":{"Escrito por":"Vitor Azevedo","Est. tempo de leitura":"2 minutos"},"schema":{"@context":"https:\/\/schema.org","@graph":[{"@type":"NewsArticle","@id":"https:\/\/www.suno.com.br\/noticias\/allied-tecnologia-adia-precificacao-de-ipo-e-reduz-volume-de-acoes\/#article","isPartOf":{"@id":"https:\/\/www.suno.com.br\/noticias\/allied-tecnologia-adia-precificacao-de-ipo-e-reduz-volume-de-acoes\/"},"author":{"name":"Vitor Azevedo","@id":"https:\/\/www.suno.com.br\/noticias\/#\/schema\/person\/658d5fbc74d81f265f5df3562d0038ab"},"headline":"Allied Tecnologia adia precifica\u00e7\u00e3o de IPO e reduz volume de a\u00e7\u00f5es","datePublished":"2021-04-08T16:28:26+00:00","mainEntityOfPage":{"@id":"https:\/\/www.suno.com.br\/noticias\/allied-tecnologia-adia-precificacao-de-ipo-e-reduz-volume-de-acoes\/"},"wordCount":414,"publisher":{"@id":"https:\/\/www.suno.com.br\/noticias\/#organization"},"image":{"@id":"https:\/\/www.suno.com.br\/noticias\/allied-tecnologia-adia-precificacao-de-ipo-e-reduz-volume-de-acoes\/#primaryimage"},"thumbnailUrl":"https:\/\/files.sunoresearch.com.br\/n\/uploads\/2021\/04\/3db5c793-allied-png.webp","keywords":["Allied (ALLD3)"],"articleSection":["Neg\u00f3cios"],"inLanguage":"pt-BR"},{"@type":"WebPage","@id":"https:\/\/www.suno.com.br\/noticias\/allied-tecnologia-adia-precificacao-de-ipo-e-reduz-volume-de-acoes\/","url":"https:\/\/www.suno.com.br\/noticias\/allied-tecnologia-adia-precificacao-de-ipo-e-reduz-volume-de-acoes\/","name":"Allied Tecnologia adia precifica\u00e7\u00e3o de IPO e reduz volume de a\u00e7\u00f5es","isPartOf":{"@id":"https:\/\/www.suno.com.br\/noticias\/#website"},"primaryImageOfPage":{"@id":"https:\/\/www.suno.com.br\/noticias\/allied-tecnologia-adia-precificacao-de-ipo-e-reduz-volume-de-acoes\/#primaryimage"},"image":{"@id":"https:\/\/www.suno.com.br\/noticias\/allied-tecnologia-adia-precificacao-de-ipo-e-reduz-volume-de-acoes\/#primaryimage"},"thumbnailUrl":"https:\/\/files.sunoresearch.com.br\/n\/uploads\/2021\/04\/3db5c793-allied-png.webp","datePublished":"2021-04-08T16:28:26+00:00","breadcrumb":{"@id":"https:\/\/www.suno.com.br\/noticias\/allied-tecnologia-adia-precificacao-de-ipo-e-reduz-volume-de-acoes\/#breadcrumb"},"inLanguage":"pt-BR","potentialAction":[{"@type":"ReadAction","target":["https:\/\/www.suno.com.br\/noticias\/allied-tecnologia-adia-precificacao-de-ipo-e-reduz-volume-de-acoes\/"]}]},{"@type":"ImageObject","inLanguage":"pt-BR","@id":"https:\/\/www.suno.com.br\/noticias\/allied-tecnologia-adia-precificacao-de-ipo-e-reduz-volume-de-acoes\/#primaryimage","url":"https:\/\/files.sunoresearch.com.br\/n\/uploads\/2021\/04\/3db5c793-allied-png.webp","contentUrl":"https:\/\/files.sunoresearch.com.br\/n\/uploads\/2021\/04\/3db5c793-allied-png.webp","width":1000,"height":1000,"caption":"Foto: Reprodu\u00e7\u00e3o Facebook"},{"@type":"BreadcrumbList","@id":"https:\/\/www.suno.com.br\/noticias\/allied-tecnologia-adia-precificacao-de-ipo-e-reduz-volume-de-acoes\/#breadcrumb","itemListElement":[{"@type":"ListItem","position":1,"name":"Not\u00edcias","item":"https:\/\/www.suno.com.br\/noticias\/"},{"@type":"ListItem","position":2,"name":"Neg\u00f3cios","item":"https:\/\/www.suno.com.br\/noticias\/negocios\/"},{"@type":"ListItem","position":3,"name":"Allied Tecnologia adia precifica\u00e7\u00e3o de IPO e reduz volume de a\u00e7\u00f5es"}]},{"@type":"WebSite","@id":"https:\/\/www.suno.com.br\/noticias\/#website","url":"https:\/\/www.suno.com.br\/noticias\/","name":"Suno Not\u00edcias","description":"Seu portal de informa\u00e7\u00e3o sobre o mundo dos investimentos","publisher":{"@id":"https:\/\/www.suno.com.br\/noticias\/#organization"},"potentialAction":[{"@type":"SearchAction","target":{"@type":"EntryPoint","urlTemplate":"https:\/\/www.suno.com.br\/noticias\/?s={search_term_string}"},"query-input":{"@type":"PropertyValueSpecification","valueRequired":true,"valueName":"search_term_string"}}],"inLanguage":"pt-BR"},{"@type":"Organization","@id":"https:\/\/www.suno.com.br\/noticias\/#organization","name":"Suno Not\u00edcias","url":"https:\/\/www.suno.com.br\/noticias\/","logo":{"@type":"ImageObject","inLanguage":"pt-BR","@id":"https:\/\/www.suno.com.br\/noticias\/#\/schema\/logo\/image\/","url":"https:\/\/files.sunoresearch.com.br\/n\/uploads\/2021\/09\/suno-logo.png","contentUrl":"https:\/\/files.sunoresearch.com.br\/n\/uploads\/2021\/09\/suno-logo.png","width":180,"height":180,"caption":"Suno Not\u00edcias"},"image":{"@id":"https:\/\/www.suno.com.br\/noticias\/#\/schema\/logo\/image\/"},"sameAs":["https:\/\/facebook.com\/sunoresearch","https:\/\/x.com\/sunoresearch","https:\/\/www.instagram.com\/suno","https:\/\/www.linkedin.com\/company\/suno-research\/","https:\/\/www.youtube.com\/c\/sunoresearch"]},{"@type":"Person","@id":"https:\/\/www.suno.com.br\/noticias\/#\/schema\/person\/658d5fbc74d81f265f5df3562d0038ab","name":"Vitor Azevedo","image":{"@type":"ImageObject","inLanguage":"pt-BR","@id":"https:\/\/www.suno.com.br\/noticias\/#\/schema\/person\/image\/","url":"https:\/\/secure.gravatar.com\/avatar\/62b86195291b446fe380824eb28b99a5?s=96&r=g","contentUrl":"https:\/\/secure.gravatar.com\/avatar\/62b86195291b446fe380824eb28b99a5?s=96&r=g","caption":"Vitor Azevedo"},"description":"Formado em jornalismo pela Unesp, escreve sobre economia e neg\u00f3cios para a Suno Not\u00edcias.","url":"https:\/\/www.suno.com.br\/noticias\/author\/vitor-azevedo\/"}]}},"default_loop_html":"<div class=\"cardsPage__listCard__boxs\"><div class=\"cardsPage__listCard__boxs__img\"><a href=\"https:\/\/www.suno.com.br\/noticias\/allied-tecnologia-adia-precificacao-de-ipo-e-reduz-volume-de-acoes\/\"><img class=\"mask\" src=\"https:\/\/www.suno.com.br\/noticias\/wp-content\/themes\/suno\/resources\/images\/spotlight\/spotlight1img\/bg-mask.png\" alt=\"Image Mask\"\/><img src=\"https:\/\/files.sunoresearch.com.br\/n\/uploads\/2021\/04\/3db5c793-allied-400x200.webp\" alt=\"Allied Tecnologia adia precifica\u00e7\u00e3o de IPO e reduz volume de a\u00e7\u00f5es\"\/><\/a><span class=\"spotlightCategory\"><a href=\"https:\/\/www.suno.com.br\/noticias\/negocios\/\">Neg\u00f3cios<\/a><\/span><\/div><div class=\"cardsPage__listCard__boxs__content\"><a href=\"https:\/\/www.suno.com.br\/noticias\/allied-tecnologia-adia-precificacao-de-ipo-e-reduz-volume-de-acoes\/\"><h2 class=\"content__title\">Allied Tecnologia adia precifica\u00e7\u00e3o de IPO e reduz volume de a\u00e7\u00f5es<\/h2><\/a><div class=\"newsContent__article__meta\"><div class=\"newsContent__article__meta__authorBox\"><a href=\"https:\/\/www.suno.com.br\/noticias\/author\/vitor-azevedo\/\" class=\"authorBox__avatar noMobi\"><img src=\"https:\/\/secure.gravatar.com\/avatar\/62b86195291b446fe380824eb28b99a5?s=96&#038;r=g\" alt=\"Vitor Azevedo\"><\/a><div class=\"authorBox__name\"><span>por\n\t\t\t<a href=\"https:\/\/www.suno.com.br\/noticias\/author\/vitor-azevedo\/\"><span itemprop=\"author\">Vitor Azevedo<\/span><\/a><\/span><time datetime=\"2021-04-08T13:28:26-03:00\" itemprop=\"datePublished\">08\/04\/2021 13:28<\/time><\/div><\/div><\/div><\/div><\/div>","single_layout":"posts","amp_enabled":true,"_links":{"self":[{"href":"https:\/\/www.suno.com.br\/noticias\/wp-json\/wp\/v2\/posts\/137939"}],"collection":[{"href":"https:\/\/www.suno.com.br\/noticias\/wp-json\/wp\/v2\/posts"}],"about":[{"href":"https:\/\/www.suno.com.br\/noticias\/wp-json\/wp\/v2\/types\/post"}],"author":[{"embeddable":true,"href":"https:\/\/www.suno.com.br\/noticias\/wp-json\/wp\/v2\/users\/59"}],"replies":[{"embeddable":true,"href":"https:\/\/www.suno.com.br\/noticias\/wp-json\/wp\/v2\/comments?post=137939"}],"version-history":[{"count":1,"href":"https:\/\/www.suno.com.br\/noticias\/wp-json\/wp\/v2\/posts\/137939\/revisions"}],"predecessor-version":[{"id":137959,"href":"https:\/\/www.suno.com.br\/noticias\/wp-json\/wp\/v2\/posts\/137939\/revisions\/137959"}],"wp:featuredmedia":[{"embeddable":true,"href":"https:\/\/www.suno.com.br\/noticias\/wp-json\/wp\/v2\/media\/137958"}],"wp:attachment":[{"href":"https:\/\/www.suno.com.br\/noticias\/wp-json\/wp\/v2\/media?parent=137939"}],"wp:term":[{"taxonomy":"category","embeddable":true,"href":"https:\/\/www.suno.com.br\/noticias\/wp-json\/wp\/v2\/categories?post=137939"},{"taxonomy":"post_tag","embeddable":true,"href":"https:\/\/www.suno.com.br\/noticias\/wp-json\/wp\/v2\/tags?post=137939"},{"taxonomy":"suno_strategy","embeddable":true,"href":"https:\/\/www.suno.com.br\/noticias\/wp-json\/wp\/v2\/suno_strategy?post=137939"}],"curies":[{"name":"wp","href":"https:\/\/api.w.org\/{rel}","templated":true}]}}