{"id":13788,"date":"2019-02-01T10:45:23","date_gmt":"2019-02-01T12:45:23","guid":{"rendered":"https:\/\/www.suno.com.br\/noticias\/?p=13788"},"modified":"2021-02-18T17:54:08","modified_gmt":"2021-02-18T20:54:08","slug":"embraer-pedido-jatos-e175","status":"publish","type":"post","link":"https:\/\/www.suno.com.br\/noticias\/embraer-pedido-jatos-e175\/","title":{"rendered":"Embraer recebe pedido de nove jatos E175 da SkyWest"},"content":{"rendered":"<p>A Embraer anunciou nesta sexta-feira (1) a assinatura de um contrato para nove jatos E175.<\/p>\t<div class=\"wrapper-featured-image\">\n\t\t<figure class=\"spotlightImg\">\n\n\t\t\t<picture>\n\t\t\t\t<source media=\"(max-width: 768px)\" srcset=\"https:\/\/files.sunoresearch.com.br\/n\/uploads\/2019\/02\/eedb0d13-embraer-e175-400x200.webp\">\n\t\t\t\t<img loading=\"lazy\" decoding=\"async\" class=\"newsContent__article__imgCapa lazyloadDisabled newsContent__article__imgCapa--noCaption\" src=\"https:\/\/files.sunoresearch.com.br\/n\/uploads\/2019\/02\/eedb0d13-embraer-e175-800x450.webp\" width=\"800\" height=\"450\" alt=\"Embraer recebe pedido de nove jatos E175 da SkyWest\" fetchpriority=high \/>\n\t\t\t<\/picture>\n\n\t\t\t<figcaption class=\"wp-caption-text wp-caption-text--hide\">Embraer investir\u00e1 US$ 30 milh\u00f5es em unidade no interior de S\u00e3o Paulo<\/figcaption>\n\t\t<\/figure>\n\t<\/div>\n\n\n<p>A <strong>Embraer<\/strong> produzir\u00e1 os avi\u00f5es para a\u00a0companhia a\u00e9rea regional dos Estados Unidos <strong>SkyWest.<\/strong> O pedido de jatos <strong>E175<\/strong> tem um valor de US$ 422 milh\u00f5es. Ele foi inclu\u00eddo na carteira de pedidos firmes\u00a0<strong>(backlog)<\/strong> do quarto trimestre de 2018, com entregas previstas para come\u00e7ar em 2019.<\/p>\n<p><a href=\"https:\/\/www.suno.com.br\/noticias\/embraer-lanca-nova-linha-de-jatos\/\">Saiba mais:\u00a0Embraer lan\u00e7a nova linha de jatos\u00a0<\/a><\/p>\n<p>Segundo o comunicado da fabricante brasileira<strong>,<\/strong> a compra prev\u00ea que as <strong>aeronaves<\/strong> sejam configuradas com 76 assentos.<\/p>\n<p><a href=\"https:\/\/www.suno.com.br\/noticias\/embraer-vende-jatos-para-republic-airways\/\">Saiba mais: Embraer vende 100 jatos E175 para Republic Airways por US$ 4,69 bi\u00a0<\/a><\/p>\n<p>O n\u00famero de <strong>jatos E175<\/strong> encomendados pela <strong>SkyWest<\/strong> desde 2013 chegou a 158 gra\u00e7as a esse pedido. A SkyWest opera por meio de parcerias com a <strong>United Airlines, Delta, American Airlines<\/strong> e <strong>Alaska Airlines.<\/strong><\/p>\n<p><a href=\"https:\/\/www.suno.com.br\/noticias\/fusao-parceria-embraer-boeing-relembre\/\">Saiba mais: A fus\u00e3o de Embraer e Boeing: relembre o caso desde o in\u00edcio\u00a0<\/a><\/p>\n<p>No total, a <strong>Embraer<\/strong> vendeu mais de 565 <strong>avi\u00f5es<\/strong> desse modelo para todas as companhias a\u00e9reas dos <strong>Estados Unidos.<\/strong> O c\u00e1lculo leva em conta as encomendas registradas desde o in\u00edcio de 2013.<\/p>\n<p>No total, a carteira de pedidos do modelo <strong>E175<\/strong> soma 603 pedidos, dos quais 92 deles ainda a entregar. Esse tipo de <strong>avi\u00e3o<\/strong> \u00e9 o respons\u00e1vel por mais de 80% de todos os pedidos neste segmento de jatos de 70 a 76 assentos.<\/p>\n<p><a href=\"https:\/\/www.suno.com.br\/noticias\/embraer-vende-21-aeronaves-azul\/\">Saiba mais: Por US$ 1,4 bi Embraer vende 21 aeronaves para a Azul\u00a0<\/a><\/p>\n<p>\u201cEstamos extremamente orgulhosos com o apoio cont\u00ednuo da SkyWest ao programa <strong>E-Jets<\/strong> e com o fato de o <strong>E175<\/strong> apresentar um desempenho superior na <strong>Am\u00e9rica do Norte.<\/strong> Sem d\u00favida, o E175 se tornou a refer\u00eancia do mercado de avia\u00e7\u00e3o regional nos Estados Unidos\u201d, informou em comunicado Charlie Hillis, diretor de vendas e marketing para Am\u00e9rica do Norte da <strong>Embraer<\/strong> Avia\u00e7\u00e3o Comercial, \u201cDesde 2013, a <strong>SkyWest<\/strong> encomendou um total de 158 jatos E175, incluindo essas nove unidades, com objetivo de ampliar continuamente sua grande frota de aeronaves Embraer\u201d.<\/p>\n<p>&nbsp;<\/p>\n","protected":false},"excerpt":{"rendered":"<p>A Embraer anunciou nesta sexta-feira (1) a assinatura de um contrato para nove jatos E175. Embraer investir\u00e1 US$ 30 milh\u00f5es em unidade no interior de S\u00e3o Paulo A Embraer produzir\u00e1 os avi\u00f5es para a\u00a0companhia a\u00e9rea regional dos Estados Unidos SkyWest. O pedido de jatos E175 tem um valor de US$ 422 milh\u00f5es. Ele foi inclu\u00eddo [&hellip;]<\/p>\n","protected":false},"author":9,"featured_media":13794,"comment_status":"closed","ping_status":"closed","sticky":false,"template":"","format":"standard","meta":[],"categories":[60],"tags":[460,793],"suno_strategy":[],"class_list":["post-13788","post","type-post","status-publish","format-standard","has-post-thumbnail","hentry","category-mercado","tag-embraer-embr3","tag-estados-unidos-eua"],"yoast_head":"<!-- This site is optimized with the Yoast SEO plugin v24.4 - https:\/\/yoast.com\/wordpress\/plugins\/seo\/ -->\n<title>Embraer recebe pedido de nove jatos E175 da SkyWest<\/title>\n<meta name=\"description\" content=\"A Embraer anunciou nesta sexta-feira (1) a assinatura de um contrato para nove jatos E175. Clique aqui para saber mais.\" \/>\n<meta name=\"robots\" content=\"index, follow, max-snippet:-1, max-image-preview:large, max-video-preview:-1\" \/>\n<link rel=\"canonical\" href=\"https:\/\/www.suno.com.br\/noticias\/embraer-pedido-jatos-e175\/\" \/>\n<meta property=\"og:locale\" content=\"pt_BR\" \/>\n<meta property=\"og:type\" content=\"article\" \/>\n<meta property=\"og:title\" content=\"Embraer recebe pedido de nove jatos E175 da SkyWest\" \/>\n<meta property=\"og:description\" content=\"A Embraer anunciou nesta sexta-feira (1) a assinatura de um contrato para nove jatos E175. Clique aqui para saber mais.\" \/>\n<meta property=\"og:url\" content=\"https:\/\/www.suno.com.br\/noticias\/embraer-pedido-jatos-e175\/\" \/>\n<meta property=\"og:site_name\" content=\"Suno Not\u00edcias\" \/>\n<meta property=\"article:publisher\" content=\"https:\/\/facebook.com\/sunoresearch\" \/>\n<meta property=\"og:image\" content=\"https:\/\/files.sunoresearch.com.br\/n\/uploads\/2019\/02\/eedb0d13-embraer-e175.jpg\" \/>\n\t<meta property=\"og:image:width\" content=\"875\" \/>\n\t<meta property=\"og:image:height\" content=\"583\" \/>\n\t<meta property=\"og:image:type\" content=\"image\/jpeg\" \/>\n<meta name=\"author\" content=\"Carlo Cauti\" \/>\n<meta name=\"twitter:card\" content=\"summary_large_image\" \/>\n<meta name=\"twitter:creator\" content=\"@sunoresearch\" \/>\n<meta name=\"twitter:site\" content=\"@sunoresearch\" \/>\n<meta name=\"twitter:label1\" content=\"Escrito por\" \/>\n\t<meta name=\"twitter:data1\" content=\"Carlo Cauti\" \/>\n\t<meta name=\"twitter:label2\" content=\"Est. tempo de leitura\" \/>\n\t<meta name=\"twitter:data2\" content=\"2 minutos\" \/>\n<script type=\"application\/ld+json\" class=\"yoast-schema-graph\">{\"@context\":\"https:\/\/schema.org\",\"@graph\":[{\"@type\":\"NewsArticle\",\"@id\":\"https:\/\/www.suno.com.br\/noticias\/embraer-pedido-jatos-e175\/#article\",\"isPartOf\":{\"@id\":\"https:\/\/www.suno.com.br\/noticias\/embraer-pedido-jatos-e175\/\"},\"author\":{\"name\":\"Carlo Cauti\",\"@id\":\"https:\/\/www.suno.com.br\/noticias\/#\/schema\/person\/e6e0f723cc177805027f4566c1d5e0c8\"},\"headline\":\"Embraer recebe pedido de nove jatos E175 da SkyWest\",\"datePublished\":\"2019-02-01T12:45:23+00:00\",\"dateModified\":\"2021-02-18T20:54:08+00:00\",\"mainEntityOfPage\":{\"@id\":\"https:\/\/www.suno.com.br\/noticias\/embraer-pedido-jatos-e175\/\"},\"wordCount\":336,\"publisher\":{\"@id\":\"https:\/\/www.suno.com.br\/noticias\/#organization\"},\"image\":{\"@id\":\"https:\/\/www.suno.com.br\/noticias\/embraer-pedido-jatos-e175\/#primaryimage\"},\"thumbnailUrl\":\"https:\/\/files.sunoresearch.com.br\/n\/uploads\/2019\/02\/eedb0d13-embraer-e175-jpg.webp\",\"keywords\":[\"Embraer (EMBR3)\",\"Estados Unidos (EUA)\"],\"articleSection\":[\"Mercado\"],\"inLanguage\":\"pt-BR\"},{\"@type\":\"WebPage\",\"@id\":\"https:\/\/www.suno.com.br\/noticias\/embraer-pedido-jatos-e175\/\",\"url\":\"https:\/\/www.suno.com.br\/noticias\/embraer-pedido-jatos-e175\/\",\"name\":\"Embraer recebe pedido de nove jatos E175 da SkyWest\",\"isPartOf\":{\"@id\":\"https:\/\/www.suno.com.br\/noticias\/#website\"},\"primaryImageOfPage\":{\"@id\":\"https:\/\/www.suno.com.br\/noticias\/embraer-pedido-jatos-e175\/#primaryimage\"},\"image\":{\"@id\":\"https:\/\/www.suno.com.br\/noticias\/embraer-pedido-jatos-e175\/#primaryimage\"},\"thumbnailUrl\":\"https:\/\/files.sunoresearch.com.br\/n\/uploads\/2019\/02\/eedb0d13-embraer-e175-jpg.webp\",\"datePublished\":\"2019-02-01T12:45:23+00:00\",\"dateModified\":\"2021-02-18T20:54:08+00:00\",\"description\":\"A Embraer anunciou nesta sexta-feira (1) a assinatura de um contrato para nove jatos E175. Clique aqui para saber mais.\",\"breadcrumb\":{\"@id\":\"https:\/\/www.suno.com.br\/noticias\/embraer-pedido-jatos-e175\/#breadcrumb\"},\"inLanguage\":\"pt-BR\",\"potentialAction\":[{\"@type\":\"ReadAction\",\"target\":[\"https:\/\/www.suno.com.br\/noticias\/embraer-pedido-jatos-e175\/\"]}]},{\"@type\":\"ImageObject\",\"inLanguage\":\"pt-BR\",\"@id\":\"https:\/\/www.suno.com.br\/noticias\/embraer-pedido-jatos-e175\/#primaryimage\",\"url\":\"https:\/\/files.sunoresearch.com.br\/n\/uploads\/2019\/02\/eedb0d13-embraer-e175-jpg.webp\",\"contentUrl\":\"https:\/\/files.sunoresearch.com.br\/n\/uploads\/2019\/02\/eedb0d13-embraer-e175-jpg.webp\",\"width\":875,\"height\":583,\"caption\":\"Embraer investir\u00e1 US$ 30 milh\u00f5es em unidade no interior de S\u00e3o Paulo\"},{\"@type\":\"BreadcrumbList\",\"@id\":\"https:\/\/www.suno.com.br\/noticias\/embraer-pedido-jatos-e175\/#breadcrumb\",\"itemListElement\":[{\"@type\":\"ListItem\",\"position\":1,\"name\":\"Not\u00edcias\",\"item\":\"https:\/\/www.suno.com.br\/noticias\/\"},{\"@type\":\"ListItem\",\"position\":2,\"name\":\"Mercado\",\"item\":\"https:\/\/www.suno.com.br\/noticias\/mercado\/\"},{\"@type\":\"ListItem\",\"position\":3,\"name\":\"Embraer recebe pedido de nove jatos E175 da SkyWest\"}]},{\"@type\":\"WebSite\",\"@id\":\"https:\/\/www.suno.com.br\/noticias\/#website\",\"url\":\"https:\/\/www.suno.com.br\/noticias\/\",\"name\":\"Suno Not\u00edcias\",\"description\":\"Seu portal de informa\u00e7\u00e3o sobre o mundo dos investimentos\",\"publisher\":{\"@id\":\"https:\/\/www.suno.com.br\/noticias\/#organization\"},\"potentialAction\":[{\"@type\":\"SearchAction\",\"target\":{\"@type\":\"EntryPoint\",\"urlTemplate\":\"https:\/\/www.suno.com.br\/noticias\/?s={search_term_string}\"},\"query-input\":{\"@type\":\"PropertyValueSpecification\",\"valueRequired\":true,\"valueName\":\"search_term_string\"}}],\"inLanguage\":\"pt-BR\"},{\"@type\":\"Organization\",\"@id\":\"https:\/\/www.suno.com.br\/noticias\/#organization\",\"name\":\"Suno Not\u00edcias\",\"url\":\"https:\/\/www.suno.com.br\/noticias\/\",\"logo\":{\"@type\":\"ImageObject\",\"inLanguage\":\"pt-BR\",\"@id\":\"https:\/\/www.suno.com.br\/noticias\/#\/schema\/logo\/image\/\",\"url\":\"https:\/\/files.sunoresearch.com.br\/n\/uploads\/2021\/09\/suno-logo.png\",\"contentUrl\":\"https:\/\/files.sunoresearch.com.br\/n\/uploads\/2021\/09\/suno-logo.png\",\"width\":180,\"height\":180,\"caption\":\"Suno Not\u00edcias\"},\"image\":{\"@id\":\"https:\/\/www.suno.com.br\/noticias\/#\/schema\/logo\/image\/\"},\"sameAs\":[\"https:\/\/facebook.com\/sunoresearch\",\"https:\/\/x.com\/sunoresearch\",\"https:\/\/www.instagram.com\/suno\",\"https:\/\/www.linkedin.com\/company\/suno-research\/\",\"https:\/\/www.youtube.com\/c\/sunoresearch\"]},{\"@type\":\"Person\",\"@id\":\"https:\/\/www.suno.com.br\/noticias\/#\/schema\/person\/e6e0f723cc177805027f4566c1d5e0c8\",\"name\":\"Carlo Cauti\",\"image\":{\"@type\":\"ImageObject\",\"inLanguage\":\"pt-BR\",\"@id\":\"https:\/\/www.suno.com.br\/noticias\/#\/schema\/person\/image\/\",\"url\":\"https:\/\/secure.gravatar.com\/avatar\/3ada9e0bd164c23abd4792a9606d583c?s=96&r=g\",\"contentUrl\":\"https:\/\/secure.gravatar.com\/avatar\/3ada9e0bd164c23abd4792a9606d583c?s=96&r=g\",\"caption\":\"Carlo Cauti\"},\"description\":\"Editor multim\u00eddia do SUNO Not\u00edcias. Italiano, formado em Ci\u00eancias Pol\u00edticas pela universidade LUISS G. Carli de Roma e mestre cum laude em Rela\u00e7\u00f5es Internacionais, Jornalismo Internacional e de Guerra e em Economia Internacional. Concluiu tamb\u00e9m um MBA em Finan\u00e7as na B3. No Brasil, teve passagem por ve\u00edculos como Estad\u00e3o, Globo, Veja e EXAME. e nas ag\u00eancias de not\u00edcias italianas ANSA e NOVA.\",\"url\":\"https:\/\/www.suno.com.br\/noticias\/author\/carlo-cauti\/\"}]}<\/script>\n<!-- \/ Yoast SEO plugin. -->","yoast_head_json":{"title":"Embraer recebe pedido de nove jatos E175 da SkyWest","description":"A Embraer anunciou nesta sexta-feira (1) a assinatura de um contrato para nove jatos E175. Clique aqui para saber mais.","robots":{"index":"index","follow":"follow","max-snippet":"max-snippet:-1","max-image-preview":"max-image-preview:large","max-video-preview":"max-video-preview:-1"},"canonical":"https:\/\/www.suno.com.br\/noticias\/embraer-pedido-jatos-e175\/","og_locale":"pt_BR","og_type":"article","og_title":"Embraer recebe pedido de nove jatos E175 da SkyWest","og_description":"A Embraer anunciou nesta sexta-feira (1) a assinatura de um contrato para nove jatos E175. Clique aqui para saber mais.","og_url":"https:\/\/www.suno.com.br\/noticias\/embraer-pedido-jatos-e175\/","og_site_name":"Suno Not\u00edcias","article_publisher":"https:\/\/facebook.com\/sunoresearch","og_image":[{"width":875,"height":583,"url":"https:\/\/files.sunoresearch.com.br\/n\/uploads\/2019\/02\/eedb0d13-embraer-e175.jpg","type":"image\/jpeg"}],"author":"Carlo Cauti","twitter_card":"summary_large_image","twitter_creator":"@sunoresearch","twitter_site":"@sunoresearch","twitter_misc":{"Escrito por":"Carlo Cauti","Est. tempo de leitura":"2 minutos"},"schema":{"@context":"https:\/\/schema.org","@graph":[{"@type":"NewsArticle","@id":"https:\/\/www.suno.com.br\/noticias\/embraer-pedido-jatos-e175\/#article","isPartOf":{"@id":"https:\/\/www.suno.com.br\/noticias\/embraer-pedido-jatos-e175\/"},"author":{"name":"Carlo Cauti","@id":"https:\/\/www.suno.com.br\/noticias\/#\/schema\/person\/e6e0f723cc177805027f4566c1d5e0c8"},"headline":"Embraer recebe pedido de nove jatos E175 da SkyWest","datePublished":"2019-02-01T12:45:23+00:00","dateModified":"2021-02-18T20:54:08+00:00","mainEntityOfPage":{"@id":"https:\/\/www.suno.com.br\/noticias\/embraer-pedido-jatos-e175\/"},"wordCount":336,"publisher":{"@id":"https:\/\/www.suno.com.br\/noticias\/#organization"},"image":{"@id":"https:\/\/www.suno.com.br\/noticias\/embraer-pedido-jatos-e175\/#primaryimage"},"thumbnailUrl":"https:\/\/files.sunoresearch.com.br\/n\/uploads\/2019\/02\/eedb0d13-embraer-e175-jpg.webp","keywords":["Embraer (EMBR3)","Estados Unidos (EUA)"],"articleSection":["Mercado"],"inLanguage":"pt-BR"},{"@type":"WebPage","@id":"https:\/\/www.suno.com.br\/noticias\/embraer-pedido-jatos-e175\/","url":"https:\/\/www.suno.com.br\/noticias\/embraer-pedido-jatos-e175\/","name":"Embraer recebe pedido de nove jatos E175 da SkyWest","isPartOf":{"@id":"https:\/\/www.suno.com.br\/noticias\/#website"},"primaryImageOfPage":{"@id":"https:\/\/www.suno.com.br\/noticias\/embraer-pedido-jatos-e175\/#primaryimage"},"image":{"@id":"https:\/\/www.suno.com.br\/noticias\/embraer-pedido-jatos-e175\/#primaryimage"},"thumbnailUrl":"https:\/\/files.sunoresearch.com.br\/n\/uploads\/2019\/02\/eedb0d13-embraer-e175-jpg.webp","datePublished":"2019-02-01T12:45:23+00:00","dateModified":"2021-02-18T20:54:08+00:00","description":"A Embraer anunciou nesta sexta-feira (1) a assinatura de um contrato para nove jatos E175. Clique aqui para saber mais.","breadcrumb":{"@id":"https:\/\/www.suno.com.br\/noticias\/embraer-pedido-jatos-e175\/#breadcrumb"},"inLanguage":"pt-BR","potentialAction":[{"@type":"ReadAction","target":["https:\/\/www.suno.com.br\/noticias\/embraer-pedido-jatos-e175\/"]}]},{"@type":"ImageObject","inLanguage":"pt-BR","@id":"https:\/\/www.suno.com.br\/noticias\/embraer-pedido-jatos-e175\/#primaryimage","url":"https:\/\/files.sunoresearch.com.br\/n\/uploads\/2019\/02\/eedb0d13-embraer-e175-jpg.webp","contentUrl":"https:\/\/files.sunoresearch.com.br\/n\/uploads\/2019\/02\/eedb0d13-embraer-e175-jpg.webp","width":875,"height":583,"caption":"Embraer investir\u00e1 US$ 30 milh\u00f5es em unidade no interior de S\u00e3o Paulo"},{"@type":"BreadcrumbList","@id":"https:\/\/www.suno.com.br\/noticias\/embraer-pedido-jatos-e175\/#breadcrumb","itemListElement":[{"@type":"ListItem","position":1,"name":"Not\u00edcias","item":"https:\/\/www.suno.com.br\/noticias\/"},{"@type":"ListItem","position":2,"name":"Mercado","item":"https:\/\/www.suno.com.br\/noticias\/mercado\/"},{"@type":"ListItem","position":3,"name":"Embraer recebe pedido de nove jatos E175 da SkyWest"}]},{"@type":"WebSite","@id":"https:\/\/www.suno.com.br\/noticias\/#website","url":"https:\/\/www.suno.com.br\/noticias\/","name":"Suno Not\u00edcias","description":"Seu portal de informa\u00e7\u00e3o sobre o mundo dos investimentos","publisher":{"@id":"https:\/\/www.suno.com.br\/noticias\/#organization"},"potentialAction":[{"@type":"SearchAction","target":{"@type":"EntryPoint","urlTemplate":"https:\/\/www.suno.com.br\/noticias\/?s={search_term_string}"},"query-input":{"@type":"PropertyValueSpecification","valueRequired":true,"valueName":"search_term_string"}}],"inLanguage":"pt-BR"},{"@type":"Organization","@id":"https:\/\/www.suno.com.br\/noticias\/#organization","name":"Suno Not\u00edcias","url":"https:\/\/www.suno.com.br\/noticias\/","logo":{"@type":"ImageObject","inLanguage":"pt-BR","@id":"https:\/\/www.suno.com.br\/noticias\/#\/schema\/logo\/image\/","url":"https:\/\/files.sunoresearch.com.br\/n\/uploads\/2021\/09\/suno-logo.png","contentUrl":"https:\/\/files.sunoresearch.com.br\/n\/uploads\/2021\/09\/suno-logo.png","width":180,"height":180,"caption":"Suno Not\u00edcias"},"image":{"@id":"https:\/\/www.suno.com.br\/noticias\/#\/schema\/logo\/image\/"},"sameAs":["https:\/\/facebook.com\/sunoresearch","https:\/\/x.com\/sunoresearch","https:\/\/www.instagram.com\/suno","https:\/\/www.linkedin.com\/company\/suno-research\/","https:\/\/www.youtube.com\/c\/sunoresearch"]},{"@type":"Person","@id":"https:\/\/www.suno.com.br\/noticias\/#\/schema\/person\/e6e0f723cc177805027f4566c1d5e0c8","name":"Carlo Cauti","image":{"@type":"ImageObject","inLanguage":"pt-BR","@id":"https:\/\/www.suno.com.br\/noticias\/#\/schema\/person\/image\/","url":"https:\/\/secure.gravatar.com\/avatar\/3ada9e0bd164c23abd4792a9606d583c?s=96&r=g","contentUrl":"https:\/\/secure.gravatar.com\/avatar\/3ada9e0bd164c23abd4792a9606d583c?s=96&r=g","caption":"Carlo Cauti"},"description":"Editor multim\u00eddia do SUNO Not\u00edcias. Italiano, formado em Ci\u00eancias Pol\u00edticas pela universidade LUISS G. Carli de Roma e mestre cum laude em Rela\u00e7\u00f5es Internacionais, Jornalismo Internacional e de Guerra e em Economia Internacional. Concluiu tamb\u00e9m um MBA em Finan\u00e7as na B3. No Brasil, teve passagem por ve\u00edculos como Estad\u00e3o, Globo, Veja e EXAME. e nas ag\u00eancias de not\u00edcias italianas ANSA e NOVA.","url":"https:\/\/www.suno.com.br\/noticias\/author\/carlo-cauti\/"}]}},"default_loop_html":"<div class=\"cardsPage__listCard__boxs\"><div class=\"cardsPage__listCard__boxs__img\"><a href=\"https:\/\/www.suno.com.br\/noticias\/embraer-pedido-jatos-e175\/\"><img class=\"mask\" src=\"https:\/\/www.suno.com.br\/noticias\/wp-content\/themes\/suno\/resources\/images\/spotlight\/spotlight1img\/bg-mask.png\" alt=\"Image Mask\"\/><img src=\"https:\/\/files.sunoresearch.com.br\/n\/uploads\/2019\/02\/eedb0d13-embraer-e175-400x200.webp\" alt=\"Embraer recebe pedido de nove jatos E175 da SkyWest\"\/><\/a><span class=\"spotlightCategory\"><a href=\"https:\/\/www.suno.com.br\/noticias\/mercado\/\">Mercado<\/a><\/span><\/div><div class=\"cardsPage__listCard__boxs__content\"><a href=\"https:\/\/www.suno.com.br\/noticias\/embraer-pedido-jatos-e175\/\"><h2 class=\"content__title\">Embraer recebe pedido de nove jatos E175 da SkyWest<\/h2><\/a><div class=\"newsContent__article__meta\"><div class=\"newsContent__article__meta__authorBox\"><a href=\"https:\/\/www.suno.com.br\/noticias\/author\/carlo-cauti\/\" class=\"authorBox__avatar noMobi\"><img src=\"https:\/\/files.sunoresearch.com.br\/n\/uploads\/2020\/08\/e3745f9a-perfil-carlo-cauti-150x150.webp\" alt=\"Carlo Cauti\"><\/a><div class=\"authorBox__name\"><span>por\n\t\t\t<a href=\"https:\/\/www.suno.com.br\/noticias\/author\/carlo-cauti\/\"><span itemprop=\"author\">Carlo Cauti<\/span><\/a><\/span><time datetime=\"2019-02-01T10:45:23-02:00\" itemprop=\"datePublished\">01\/02\/2019 10:45<\/time><\/div><\/div><\/div><\/div><\/div>","single_layout":"posts","amp_enabled":true,"_links":{"self":[{"href":"https:\/\/www.suno.com.br\/noticias\/wp-json\/wp\/v2\/posts\/13788"}],"collection":[{"href":"https:\/\/www.suno.com.br\/noticias\/wp-json\/wp\/v2\/posts"}],"about":[{"href":"https:\/\/www.suno.com.br\/noticias\/wp-json\/wp\/v2\/types\/post"}],"author":[{"embeddable":true,"href":"https:\/\/www.suno.com.br\/noticias\/wp-json\/wp\/v2\/users\/9"}],"replies":[{"embeddable":true,"href":"https:\/\/www.suno.com.br\/noticias\/wp-json\/wp\/v2\/comments?post=13788"}],"version-history":[{"count":0,"href":"https:\/\/www.suno.com.br\/noticias\/wp-json\/wp\/v2\/posts\/13788\/revisions"}],"wp:featuredmedia":[{"embeddable":true,"href":"https:\/\/www.suno.com.br\/noticias\/wp-json\/wp\/v2\/media\/13794"}],"wp:attachment":[{"href":"https:\/\/www.suno.com.br\/noticias\/wp-json\/wp\/v2\/media?parent=13788"}],"wp:term":[{"taxonomy":"category","embeddable":true,"href":"https:\/\/www.suno.com.br\/noticias\/wp-json\/wp\/v2\/categories?post=13788"},{"taxonomy":"post_tag","embeddable":true,"href":"https:\/\/www.suno.com.br\/noticias\/wp-json\/wp\/v2\/tags?post=13788"},{"taxonomy":"suno_strategy","embeddable":true,"href":"https:\/\/www.suno.com.br\/noticias\/wp-json\/wp\/v2\/suno_strategy?post=13788"}],"curies":[{"name":"wp","href":"https:\/\/api.w.org\/{rel}","templated":true}]}}