{"id":137824,"date":"2021-04-08T09:16:03","date_gmt":"2021-04-08T12:16:03","guid":{"rendered":"https:\/\/www.suno.com.br\/noticias\/?p=137824"},"modified":"2021-05-30T19:15:59","modified_gmt":"2021-05-30T22:15:59","slug":"jantar-de-bolsonaro-com-executivos-aclamado-pandemia","status":"publish","type":"post","link":"https:\/\/www.suno.com.br\/noticias\/jantar-de-bolsonaro-com-executivos-aclamado-pandemia\/","title":{"rendered":"Em jantar de Bolsonaro, executivos adotaram tom amig\u00e1vel, segundo jornal"},"content":{"rendered":"<p>O jantar promovido ontem pelo presidente <strong>Jair Bolsonaro<\/strong> com os executivos brasileiros teve um clima otimista mesmo em meio ao agravamento da pandemia no Pa\u00eds, e empres\u00e1rios que participaram disseram que Bolsonaro foi aplaudido. Entre muitas empresas estavam representadas no jantar a <a href=\"https:\/\/www.suno.com.br\/acoes\/hapv3\/\">Hapvida (HAPV3)<\/a>, <a href=\"https:\/\/www.suno.com.br\/acoes\/bbdc4\/\">Bradesco (BBDC4)<\/a> e o<a href=\"https:\/\/www.suno.com.br\/acoes\/bpac11\/\"> BTG Pactual (BPAC11)<\/a>.<\/p>\t<div class=\"wrapper-featured-image\">\n\t\t<figure class=\"spotlightImg\">\n\n\t\t\t<picture>\n\t\t\t\t<source media=\"(max-width: 768px)\" srcset=\"https:\/\/files.sunoresearch.com.br\/n\/uploads\/2021\/04\/27800f42-aguas-brasileiras1_mcamgo_abr_220320211818-14-400x200.webp\">\n\t\t\t\t<img loading=\"lazy\" decoding=\"async\" class=\"newsContent__article__imgCapa lazyloadDisabled \" src=\"https:\/\/files.sunoresearch.com.br\/n\/uploads\/2021\/04\/27800f42-aguas-brasileiras1_mcamgo_abr_220320211818-14-800x450.webp\" width=\"800\" height=\"450\" alt=\"Em jantar de Bolsonaro, executivos adotaram tom amig\u00e1vel, segundo jornal\" fetchpriority=high \/>\n\t\t\t<\/picture>\n\n\t\t\t<figcaption class=\"wp-caption-text wp-caption-text--show\">Jair Bolsonaro. Foto: Marcelo Camargo\/Ag\u00eancia Brasil<\/figcaption>\n\t\t<\/figure>\n\t<\/div>\n\n\n\t<p>\n\t\t<a href=\"https:\/\/lp.suno.com.br\/planilha-de-controle-de-investimentos\/\" target=\"_blank\" data-element=\"shortcode-suno-banner\" title=\"Banner SUNO, clique e saiba mais\">\n\t\t\t<picture>\n\t\t\t\t<source media=\"(max-width: 500px)\" srcset=\"https:\/\/files.sunoresearch.com.br\/n\/uploads\/2023\/03\/400x300-Controle-de-Investimentos.png\">\n\t\t\t\t<img class=\"newsContent__article__imgCapa newsContent__article__imgCapa--banner\"\n\t\t\t\t\tsrc=\"https:\/\/files.sunoresearch.com.br\/n\/uploads\/2023\/03\/1420x240-Controle-de-Investimentos.png\"\n\t\t\t\t\tdata-promo-id=\"75934\"\t\t\t\t\t\t\t\t\t\twidth='1420' height='240'\t\t\t\t\talt=\"https:\/\/files.sunoresearch.com.br\/n\/uploads\/2023\/03\/1420x240-Controle-de-Investimentos.png\"\n\t\t\t\t>\n\t\t\t<\/picture>\n\t\t<\/a>\n\t<\/p>\n\n\n<p>A carta assinada por centenas de empres\u00e1rios e banqueiros cobrando medidas mais efetivas no<strong> combate \u00e0 pandemia<\/strong> do coronav\u00edrus n\u00e3o foi discutida no jantar de Bolsonaro. Segundo o jornal <em>Folha de S.Paulo<\/em>, um dos executivos presentes disse que o presidente est\u00e1 fazendo o m\u00e1ximo poss\u00edvel para garantir a <strong>vacina\u00e7\u00e3o<\/strong> na popula\u00e7\u00e3o brasileira. Al\u00e9m disso, em seu discurso o mandat\u00e1rio ressaltou que o Brasil \u00e9 um dos poucos pa\u00edses no mundo que fabrica a vacina contra covid-19.<\/p>\n<p><a href=\"https:\/\/lp.suno.com.br\/suno-one\/\">Suno One: acesse gratuitamente eBooks, Minicursos, Artigos e V\u00eddeo Aulas sobre investimentos com um \u00fanico cadastro. Clique para saber mais!<\/a><\/p>\n<p>O jantar em que Bolsonaro foi aclamado por empresas devido as medidas que o mesmo disse ser efetivas aconteceu ontem, no terceiro pior dia da pandemia. O Brasil registrou 3.733 mortes por covid-19 em 24 horas e passou da marca total de 340 mil \u00f3bitos, segundo dados do cons\u00f3rcio da imprensa.<\/p>\n<h2>Jantar de Bolsonaro conta com a presen\u00e7a de grandes empres\u00e1rios e comitiva presidencial<\/h2>\n<p>A comitiva presidencial teve a presen\u00e7a do Ministro da Economia,<a href=\"https:\/\/www.suno.com.br\/tudo-sobre\/paulo-guedes\/\"> Paulo Guedes<\/a>, da Infraestrutura, <strong>Tarc\u00edsio de Freitas<\/strong>, da Sa\u00fade,<strong> Marcelo Queiroga<\/strong>, e da Comunica\u00e7\u00e3o,<strong> F\u00e1bio Faria<\/strong>. Al\u00e9m do presidente do Banco Central, <a href=\"https:\/\/www.suno.com.br\/tudo-sobre\/roberto-campos-neto\/\">Roberto Campos Neto<\/a> e do chefe do Gabinete de Seguran\u00e7a Institucional, general <strong>Augusto Heleno<\/strong>.<\/p>\n\t<div data-element=\"shortcode-read-more\" class=\"knowMore\">\n\t\t\t\t<span class=\"knowMore__title\">Saiba Mais<\/span>\n\t\t\t\t<a class=\"knowMore__link\" href=\"https:\/\/www.suno.com.br\/noticias\/vacinas-compras-iniciativa-privada-camara\/\">\n\t\t\tVacinas: Empresas est\u00e3o mais pr\u00f3ximas de comprar imunizante\t\t<\/a>\n\t<\/div>\n\n\n<p>Confira a lista de outras empresas que estiveram presentes:<\/p>\n<ul>\n<li>EMS &#8211; Carlos Sanchez;<\/li>\n<li><a href=\"https:\/\/www.suno.com.br\/acoes\/mrve3\/\">MRV (MRV3)<\/a> &#8211; Rubens Menin;<\/li>\n<li>Polishop &#8211; Jo\u00e3o Apolinaro;<\/li>\n<li>Habib&#8217;s &#8211; Alberto Saraiva;<\/li>\n<li><a href=\"https:\/\/www.suno.com.br\/acoes\/guar3\/\">Guararapes (GUAR3)<\/a> &#8211; Fl\u00e1vio Rocha;<\/li>\n<li>Alpha &#8211; Jo\u00e3o Camargo;<\/li>\n<li>Band &#8211; Jo\u00e3o Carlos Saad;<\/li>\n<li>F5 Securities &#8211; Alberto Leite;<\/li>\n<li>Hospital Albert Einstei &#8211; Claudio Lottenberg;<\/li>\n<li>Mapfre &#8211; Felipe Nascimento;<\/li>\n<li>Fiesp &#8211; Paulo Skaf;<\/li>\n<li>Granja Faria &#8211; Ricardo Faria;<\/li>\n<li>Jovem Pan &#8211; Tutinha Carvalho;<\/li>\n<li>SBT &#8211; Jos\u00e9 Roberto Maciel<\/li>\n<li><a href=\"https:\/\/www.suno.com.br\/acoes\/mult3\/\">Multiplan (MULT3)<\/a> &#8211; Jos\u00e9 Isaac Peres;<\/li>\n<li>Banco Safra &#8211; David Safra;<\/li>\n<li><a href=\"https:\/\/www.suno.com.br\/acoes\/csan3\">Cosan (CSAN3)<\/a> &#8211; Rubens Ometto<\/li>\n<\/ul>\n<p>Estava previsto para o jantar cerca de 25 convidados, fora comitiva presidencial, e n\u00e3o teve presen\u00e7a feminina. Os celulares segundo a imprensa n\u00e3o eram permitidos.<\/p>\n<p>Na sa\u00edda do j<strong>antar de Bolsonaro<\/strong>, Guedes disse aos jornalistas que a economia brasileira est\u00e1 se reerguendo, mas ressaltou que \u00e9 preciso avan\u00e7ar na vacina\u00e7\u00e3o em massa no pa\u00eds para sustentar o crescimento.<\/p>\n<p><span style=\"font-weight: 400;\">\t<p>\n\t\t<a href=\"https:\/\/lp.suno.com.br\/planilha-controle-gastos\/\" target=\"_blank\" data-element=\"shortcode-suno-banner\" title=\"Banner SUNO, clique e saiba mais\">\n\t\t\t<picture>\n\t\t\t\t<source media=\"(max-width: 500px)\" srcset=\"https:\/\/files.sunoresearch.com.br\/n\/uploads\/2023\/03\/400x300-Planilha-controle-de-gastos.png\">\n\t\t\t\t<img class=\"newsContent__article__imgCapa newsContent__article__imgCapa--banner\"\n\t\t\t\t\tsrc=\"https:\/\/files.sunoresearch.com.br\/n\/uploads\/2023\/03\/1420x240-Planilha-controle-de-gastos.png\"\n\t\t\t\t\tdata-promo-id=\"101751\"\t\t\t\t\t\t\t\t\t\twidth='1420' height='240'\t\t\t\t\talt=\"https:\/\/files.sunoresearch.com.br\/n\/uploads\/2023\/03\/1420x240-Planilha-controle-de-gastos.png\"\n\t\t\t\t>\n\t\t\t<\/picture>\n\t\t<\/a>\n\t<\/p>\n\n<\/span><\/p>\n","protected":false},"excerpt":{"rendered":"<p>O jantar promovido ontem pelo presidente Jair Bolsonaro com os executivos brasileiros teve um clima otimista mesmo em meio ao agravamento da pandemia no Pa\u00eds, e empres\u00e1rios que participaram disseram que Bolsonaro foi aplaudido. Entre muitas empresas estavam representadas no jantar a Hapvida (HAPV3), Bradesco (BBDC4) e o BTG Pactual (BPAC11). Jair Bolsonaro. Foto: Marcelo [&hellip;]<\/p>\n","protected":false},"author":15,"featured_media":137602,"comment_status":"closed","ping_status":"closed","sticky":false,"template":"","format":"standard","meta":[],"categories":[61],"tags":[392,399,497,719],"suno_strategy":[],"class_list":["post-137824","post","type-post","status-publish","format-standard","has-post-thumbnail","hentry","category-politica","tag-bradesco-bbdc3-bbdc4","tag-btg-pactual-bpac11-bpac3-bpac5","tag-hapvida-hapv3","tag-jair-bolsonaro"],"yoast_head":"<!-- This site is optimized with the Yoast SEO plugin v24.4 - https:\/\/yoast.com\/wordpress\/plugins\/seo\/ -->\n<title>Em jantar de Bolsonaro, executivos adotaram tom amig\u00e1vel, diz jornal<\/title>\n<meta name=\"description\" content=\"O jantar de Bolsonaro com os principais empres\u00e1rios do Brasil teve um clima otimista. Para saber mais sobre a reuni\u00e3o, clique aqui e confira\" \/>\n<meta name=\"robots\" content=\"index, follow, max-snippet:-1, max-image-preview:large, max-video-preview:-1\" \/>\n<link rel=\"canonical\" href=\"https:\/\/www.suno.com.br\/noticias\/jantar-de-bolsonaro-com-executivos-aclamado-pandemia\/\" \/>\n<meta property=\"og:locale\" content=\"pt_BR\" \/>\n<meta property=\"og:type\" content=\"article\" \/>\n<meta property=\"og:title\" content=\"Em jantar de Bolsonaro, executivos adotaram tom amig\u00e1vel, diz jornal\" \/>\n<meta property=\"og:description\" content=\"O jantar de Bolsonaro com os principais empres\u00e1rios do Brasil teve um clima otimista. Para saber mais sobre a reuni\u00e3o, clique aqui e confira\" \/>\n<meta property=\"og:url\" content=\"https:\/\/www.suno.com.br\/noticias\/jantar-de-bolsonaro-com-executivos-aclamado-pandemia\/\" \/>\n<meta property=\"og:site_name\" content=\"Suno Not\u00edcias\" \/>\n<meta property=\"article:publisher\" content=\"https:\/\/facebook.com\/sunoresearch\" \/>\n<meta property=\"og:image\" content=\"https:\/\/files.sunoresearch.com.br\/n\/uploads\/2021\/04\/27800f42-aguas-brasileiras1_mcamgo_abr_220320211818-14.jpg\" \/>\n\t<meta property=\"og:image:width\" content=\"1024\" \/>\n\t<meta property=\"og:image:height\" content=\"768\" \/>\n\t<meta property=\"og:image:type\" content=\"image\/jpeg\" \/>\n<meta name=\"author\" content=\"Poliana Santos\" \/>\n<meta name=\"twitter:card\" content=\"summary_large_image\" \/>\n<meta name=\"twitter:creator\" content=\"@sunoresearch\" \/>\n<meta name=\"twitter:site\" content=\"@sunoresearch\" \/>\n<meta name=\"twitter:label1\" content=\"Escrito por\" \/>\n\t<meta name=\"twitter:data1\" content=\"Poliana Santos\" \/>\n\t<meta name=\"twitter:label2\" content=\"Est. tempo de leitura\" \/>\n\t<meta name=\"twitter:data2\" content=\"2 minutos\" \/>\n<script type=\"application\/ld+json\" class=\"yoast-schema-graph\">{\"@context\":\"https:\/\/schema.org\",\"@graph\":[{\"@type\":\"NewsArticle\",\"@id\":\"https:\/\/www.suno.com.br\/noticias\/jantar-de-bolsonaro-com-executivos-aclamado-pandemia\/#article\",\"isPartOf\":{\"@id\":\"https:\/\/www.suno.com.br\/noticias\/jantar-de-bolsonaro-com-executivos-aclamado-pandemia\/\"},\"author\":{\"name\":\"Poliana Santos\",\"@id\":\"https:\/\/www.suno.com.br\/noticias\/#\/schema\/person\/02ec1f752758247878a2bf4abee1aeda\"},\"headline\":\"Em jantar de Bolsonaro, executivos adotaram tom amig\u00e1vel, segundo jornal\",\"datePublished\":\"2021-04-08T12:16:03+00:00\",\"dateModified\":\"2021-05-30T22:15:59+00:00\",\"mainEntityOfPage\":{\"@id\":\"https:\/\/www.suno.com.br\/noticias\/jantar-de-bolsonaro-com-executivos-aclamado-pandemia\/\"},\"wordCount\":458,\"publisher\":{\"@id\":\"https:\/\/www.suno.com.br\/noticias\/#organization\"},\"image\":{\"@id\":\"https:\/\/www.suno.com.br\/noticias\/jantar-de-bolsonaro-com-executivos-aclamado-pandemia\/#primaryimage\"},\"thumbnailUrl\":\"https:\/\/files.sunoresearch.com.br\/n\/uploads\/2021\/04\/27800f42-aguas-brasileiras1_mcamgo_abr_220320211818-14-jpg.webp\",\"keywords\":[\"Bradesco (BBDC3\/BBDC4)\",\"BTG Pactual (BPAC11\/BPAC3\/BPAC5)\",\"Hapvida (HAPV3)\",\"Jair Bolsonaro\"],\"articleSection\":[\"Pol\u00edtica\"],\"inLanguage\":\"pt-BR\"},{\"@type\":\"WebPage\",\"@id\":\"https:\/\/www.suno.com.br\/noticias\/jantar-de-bolsonaro-com-executivos-aclamado-pandemia\/\",\"url\":\"https:\/\/www.suno.com.br\/noticias\/jantar-de-bolsonaro-com-executivos-aclamado-pandemia\/\",\"name\":\"Em jantar de Bolsonaro, executivos adotaram tom amig\u00e1vel, diz jornal\",\"isPartOf\":{\"@id\":\"https:\/\/www.suno.com.br\/noticias\/#website\"},\"primaryImageOfPage\":{\"@id\":\"https:\/\/www.suno.com.br\/noticias\/jantar-de-bolsonaro-com-executivos-aclamado-pandemia\/#primaryimage\"},\"image\":{\"@id\":\"https:\/\/www.suno.com.br\/noticias\/jantar-de-bolsonaro-com-executivos-aclamado-pandemia\/#primaryimage\"},\"thumbnailUrl\":\"https:\/\/files.sunoresearch.com.br\/n\/uploads\/2021\/04\/27800f42-aguas-brasileiras1_mcamgo_abr_220320211818-14-jpg.webp\",\"datePublished\":\"2021-04-08T12:16:03+00:00\",\"dateModified\":\"2021-05-30T22:15:59+00:00\",\"description\":\"O jantar de Bolsonaro com os principais empres\u00e1rios do Brasil teve um clima otimista. Para saber mais sobre a reuni\u00e3o, clique aqui e confira\",\"breadcrumb\":{\"@id\":\"https:\/\/www.suno.com.br\/noticias\/jantar-de-bolsonaro-com-executivos-aclamado-pandemia\/#breadcrumb\"},\"inLanguage\":\"pt-BR\",\"potentialAction\":[{\"@type\":\"ReadAction\",\"target\":[\"https:\/\/www.suno.com.br\/noticias\/jantar-de-bolsonaro-com-executivos-aclamado-pandemia\/\"]}]},{\"@type\":\"ImageObject\",\"inLanguage\":\"pt-BR\",\"@id\":\"https:\/\/www.suno.com.br\/noticias\/jantar-de-bolsonaro-com-executivos-aclamado-pandemia\/#primaryimage\",\"url\":\"https:\/\/files.sunoresearch.com.br\/n\/uploads\/2021\/04\/27800f42-aguas-brasileiras1_mcamgo_abr_220320211818-14-jpg.webp\",\"contentUrl\":\"https:\/\/files.sunoresearch.com.br\/n\/uploads\/2021\/04\/27800f42-aguas-brasileiras1_mcamgo_abr_220320211818-14-jpg.webp\",\"width\":1024,\"height\":768,\"caption\":\"Jair Bolsonaro. Foto: Marcelo Camargo\/Ag\u00eancia Brasil\"},{\"@type\":\"BreadcrumbList\",\"@id\":\"https:\/\/www.suno.com.br\/noticias\/jantar-de-bolsonaro-com-executivos-aclamado-pandemia\/#breadcrumb\",\"itemListElement\":[{\"@type\":\"ListItem\",\"position\":1,\"name\":\"Not\u00edcias\",\"item\":\"https:\/\/www.suno.com.br\/noticias\/\"},{\"@type\":\"ListItem\",\"position\":2,\"name\":\"Pol\u00edtica\",\"item\":\"https:\/\/www.suno.com.br\/noticias\/politica\/\"},{\"@type\":\"ListItem\",\"position\":3,\"name\":\"Em jantar de Bolsonaro, executivos adotaram tom amig\u00e1vel, segundo jornal\"}]},{\"@type\":\"WebSite\",\"@id\":\"https:\/\/www.suno.com.br\/noticias\/#website\",\"url\":\"https:\/\/www.suno.com.br\/noticias\/\",\"name\":\"Suno Not\u00edcias\",\"description\":\"Seu portal de informa\u00e7\u00e3o sobre o mundo dos investimentos\",\"publisher\":{\"@id\":\"https:\/\/www.suno.com.br\/noticias\/#organization\"},\"potentialAction\":[{\"@type\":\"SearchAction\",\"target\":{\"@type\":\"EntryPoint\",\"urlTemplate\":\"https:\/\/www.suno.com.br\/noticias\/?s={search_term_string}\"},\"query-input\":{\"@type\":\"PropertyValueSpecification\",\"valueRequired\":true,\"valueName\":\"search_term_string\"}}],\"inLanguage\":\"pt-BR\"},{\"@type\":\"Organization\",\"@id\":\"https:\/\/www.suno.com.br\/noticias\/#organization\",\"name\":\"Suno Not\u00edcias\",\"url\":\"https:\/\/www.suno.com.br\/noticias\/\",\"logo\":{\"@type\":\"ImageObject\",\"inLanguage\":\"pt-BR\",\"@id\":\"https:\/\/www.suno.com.br\/noticias\/#\/schema\/logo\/image\/\",\"url\":\"https:\/\/files.sunoresearch.com.br\/n\/uploads\/2021\/09\/suno-logo.png\",\"contentUrl\":\"https:\/\/files.sunoresearch.com.br\/n\/uploads\/2021\/09\/suno-logo.png\",\"width\":180,\"height\":180,\"caption\":\"Suno Not\u00edcias\"},\"image\":{\"@id\":\"https:\/\/www.suno.com.br\/noticias\/#\/schema\/logo\/image\/\"},\"sameAs\":[\"https:\/\/facebook.com\/sunoresearch\",\"https:\/\/x.com\/sunoresearch\",\"https:\/\/www.instagram.com\/suno\",\"https:\/\/www.linkedin.com\/company\/suno-research\/\",\"https:\/\/www.youtube.com\/c\/sunoresearch\"]},{\"@type\":\"Person\",\"@id\":\"https:\/\/www.suno.com.br\/noticias\/#\/schema\/person\/02ec1f752758247878a2bf4abee1aeda\",\"name\":\"Poliana Santos\",\"image\":{\"@type\":\"ImageObject\",\"inLanguage\":\"pt-BR\",\"@id\":\"https:\/\/www.suno.com.br\/noticias\/#\/schema\/person\/image\/\",\"url\":\"https:\/\/secure.gravatar.com\/avatar\/0645bd32f23d87b2130f2b2dff1d3f8d?s=96&r=g\",\"contentUrl\":\"https:\/\/secure.gravatar.com\/avatar\/0645bd32f23d87b2130f2b2dff1d3f8d?s=96&r=g\",\"caption\":\"Poliana Santos\"},\"description\":\"Rep\u00f3rter no Suno Not\u00edcias, com cobertura em mercado financeiro, economia, finan\u00e7as pessoais, renda fixa e varejo. Jornalista formada pela Faculdade C\u00e1sper L\u00edbero e possui passagem na R\u00e1dio Gazeta AM com a produ\u00e7\u00e3o de conte\u00fado sobre economia, pol\u00edtica, sa\u00fade, moda e m\u00fasica. Possui certificado de conclus\u00e3o do curso de An\u00e1lise de Balan\u00e7os pela Funda\u00e7\u00e3o Bradesco, Agenda Brasil pela FAAP, Educa\u00e7\u00e3o Pol\u00edtica por Alexandre Garcia e do Tesouro Direto e Mercado de A\u00e7\u00f5es pela B3.\",\"url\":\"https:\/\/www.suno.com.br\/noticias\/author\/poliana-santos\/\"}]}<\/script>\n<!-- \/ Yoast SEO plugin. -->","yoast_head_json":{"title":"Em jantar de Bolsonaro, executivos adotaram tom amig\u00e1vel, diz jornal","description":"O jantar de Bolsonaro com os principais empres\u00e1rios do Brasil teve um clima otimista. Para saber mais sobre a reuni\u00e3o, clique aqui e confira","robots":{"index":"index","follow":"follow","max-snippet":"max-snippet:-1","max-image-preview":"max-image-preview:large","max-video-preview":"max-video-preview:-1"},"canonical":"https:\/\/www.suno.com.br\/noticias\/jantar-de-bolsonaro-com-executivos-aclamado-pandemia\/","og_locale":"pt_BR","og_type":"article","og_title":"Em jantar de Bolsonaro, executivos adotaram tom amig\u00e1vel, diz jornal","og_description":"O jantar de Bolsonaro com os principais empres\u00e1rios do Brasil teve um clima otimista. Para saber mais sobre a reuni\u00e3o, clique aqui e confira","og_url":"https:\/\/www.suno.com.br\/noticias\/jantar-de-bolsonaro-com-executivos-aclamado-pandemia\/","og_site_name":"Suno Not\u00edcias","article_publisher":"https:\/\/facebook.com\/sunoresearch","og_image":[{"width":1024,"height":768,"url":"https:\/\/files.sunoresearch.com.br\/n\/uploads\/2021\/04\/27800f42-aguas-brasileiras1_mcamgo_abr_220320211818-14.jpg","type":"image\/jpeg"}],"author":"Poliana Santos","twitter_card":"summary_large_image","twitter_creator":"@sunoresearch","twitter_site":"@sunoresearch","twitter_misc":{"Escrito por":"Poliana Santos","Est. tempo de leitura":"2 minutos"},"schema":{"@context":"https:\/\/schema.org","@graph":[{"@type":"NewsArticle","@id":"https:\/\/www.suno.com.br\/noticias\/jantar-de-bolsonaro-com-executivos-aclamado-pandemia\/#article","isPartOf":{"@id":"https:\/\/www.suno.com.br\/noticias\/jantar-de-bolsonaro-com-executivos-aclamado-pandemia\/"},"author":{"name":"Poliana Santos","@id":"https:\/\/www.suno.com.br\/noticias\/#\/schema\/person\/02ec1f752758247878a2bf4abee1aeda"},"headline":"Em jantar de Bolsonaro, executivos adotaram tom amig\u00e1vel, segundo jornal","datePublished":"2021-04-08T12:16:03+00:00","dateModified":"2021-05-30T22:15:59+00:00","mainEntityOfPage":{"@id":"https:\/\/www.suno.com.br\/noticias\/jantar-de-bolsonaro-com-executivos-aclamado-pandemia\/"},"wordCount":458,"publisher":{"@id":"https:\/\/www.suno.com.br\/noticias\/#organization"},"image":{"@id":"https:\/\/www.suno.com.br\/noticias\/jantar-de-bolsonaro-com-executivos-aclamado-pandemia\/#primaryimage"},"thumbnailUrl":"https:\/\/files.sunoresearch.com.br\/n\/uploads\/2021\/04\/27800f42-aguas-brasileiras1_mcamgo_abr_220320211818-14-jpg.webp","keywords":["Bradesco (BBDC3\/BBDC4)","BTG Pactual (BPAC11\/BPAC3\/BPAC5)","Hapvida (HAPV3)","Jair Bolsonaro"],"articleSection":["Pol\u00edtica"],"inLanguage":"pt-BR"},{"@type":"WebPage","@id":"https:\/\/www.suno.com.br\/noticias\/jantar-de-bolsonaro-com-executivos-aclamado-pandemia\/","url":"https:\/\/www.suno.com.br\/noticias\/jantar-de-bolsonaro-com-executivos-aclamado-pandemia\/","name":"Em jantar de Bolsonaro, executivos adotaram tom amig\u00e1vel, diz jornal","isPartOf":{"@id":"https:\/\/www.suno.com.br\/noticias\/#website"},"primaryImageOfPage":{"@id":"https:\/\/www.suno.com.br\/noticias\/jantar-de-bolsonaro-com-executivos-aclamado-pandemia\/#primaryimage"},"image":{"@id":"https:\/\/www.suno.com.br\/noticias\/jantar-de-bolsonaro-com-executivos-aclamado-pandemia\/#primaryimage"},"thumbnailUrl":"https:\/\/files.sunoresearch.com.br\/n\/uploads\/2021\/04\/27800f42-aguas-brasileiras1_mcamgo_abr_220320211818-14-jpg.webp","datePublished":"2021-04-08T12:16:03+00:00","dateModified":"2021-05-30T22:15:59+00:00","description":"O jantar de Bolsonaro com os principais empres\u00e1rios do Brasil teve um clima otimista. Para saber mais sobre a reuni\u00e3o, clique aqui e confira","breadcrumb":{"@id":"https:\/\/www.suno.com.br\/noticias\/jantar-de-bolsonaro-com-executivos-aclamado-pandemia\/#breadcrumb"},"inLanguage":"pt-BR","potentialAction":[{"@type":"ReadAction","target":["https:\/\/www.suno.com.br\/noticias\/jantar-de-bolsonaro-com-executivos-aclamado-pandemia\/"]}]},{"@type":"ImageObject","inLanguage":"pt-BR","@id":"https:\/\/www.suno.com.br\/noticias\/jantar-de-bolsonaro-com-executivos-aclamado-pandemia\/#primaryimage","url":"https:\/\/files.sunoresearch.com.br\/n\/uploads\/2021\/04\/27800f42-aguas-brasileiras1_mcamgo_abr_220320211818-14-jpg.webp","contentUrl":"https:\/\/files.sunoresearch.com.br\/n\/uploads\/2021\/04\/27800f42-aguas-brasileiras1_mcamgo_abr_220320211818-14-jpg.webp","width":1024,"height":768,"caption":"Jair Bolsonaro. Foto: Marcelo Camargo\/Ag\u00eancia Brasil"},{"@type":"BreadcrumbList","@id":"https:\/\/www.suno.com.br\/noticias\/jantar-de-bolsonaro-com-executivos-aclamado-pandemia\/#breadcrumb","itemListElement":[{"@type":"ListItem","position":1,"name":"Not\u00edcias","item":"https:\/\/www.suno.com.br\/noticias\/"},{"@type":"ListItem","position":2,"name":"Pol\u00edtica","item":"https:\/\/www.suno.com.br\/noticias\/politica\/"},{"@type":"ListItem","position":3,"name":"Em jantar de Bolsonaro, executivos adotaram tom amig\u00e1vel, segundo jornal"}]},{"@type":"WebSite","@id":"https:\/\/www.suno.com.br\/noticias\/#website","url":"https:\/\/www.suno.com.br\/noticias\/","name":"Suno Not\u00edcias","description":"Seu portal de informa\u00e7\u00e3o sobre o mundo dos investimentos","publisher":{"@id":"https:\/\/www.suno.com.br\/noticias\/#organization"},"potentialAction":[{"@type":"SearchAction","target":{"@type":"EntryPoint","urlTemplate":"https:\/\/www.suno.com.br\/noticias\/?s={search_term_string}"},"query-input":{"@type":"PropertyValueSpecification","valueRequired":true,"valueName":"search_term_string"}}],"inLanguage":"pt-BR"},{"@type":"Organization","@id":"https:\/\/www.suno.com.br\/noticias\/#organization","name":"Suno Not\u00edcias","url":"https:\/\/www.suno.com.br\/noticias\/","logo":{"@type":"ImageObject","inLanguage":"pt-BR","@id":"https:\/\/www.suno.com.br\/noticias\/#\/schema\/logo\/image\/","url":"https:\/\/files.sunoresearch.com.br\/n\/uploads\/2021\/09\/suno-logo.png","contentUrl":"https:\/\/files.sunoresearch.com.br\/n\/uploads\/2021\/09\/suno-logo.png","width":180,"height":180,"caption":"Suno Not\u00edcias"},"image":{"@id":"https:\/\/www.suno.com.br\/noticias\/#\/schema\/logo\/image\/"},"sameAs":["https:\/\/facebook.com\/sunoresearch","https:\/\/x.com\/sunoresearch","https:\/\/www.instagram.com\/suno","https:\/\/www.linkedin.com\/company\/suno-research\/","https:\/\/www.youtube.com\/c\/sunoresearch"]},{"@type":"Person","@id":"https:\/\/www.suno.com.br\/noticias\/#\/schema\/person\/02ec1f752758247878a2bf4abee1aeda","name":"Poliana Santos","image":{"@type":"ImageObject","inLanguage":"pt-BR","@id":"https:\/\/www.suno.com.br\/noticias\/#\/schema\/person\/image\/","url":"https:\/\/secure.gravatar.com\/avatar\/0645bd32f23d87b2130f2b2dff1d3f8d?s=96&r=g","contentUrl":"https:\/\/secure.gravatar.com\/avatar\/0645bd32f23d87b2130f2b2dff1d3f8d?s=96&r=g","caption":"Poliana Santos"},"description":"Rep\u00f3rter no Suno Not\u00edcias, com cobertura em mercado financeiro, economia, finan\u00e7as pessoais, renda fixa e varejo. Jornalista formada pela Faculdade C\u00e1sper L\u00edbero e possui passagem na R\u00e1dio Gazeta AM com a produ\u00e7\u00e3o de conte\u00fado sobre economia, pol\u00edtica, sa\u00fade, moda e m\u00fasica. Possui certificado de conclus\u00e3o do curso de An\u00e1lise de Balan\u00e7os pela Funda\u00e7\u00e3o Bradesco, Agenda Brasil pela FAAP, Educa\u00e7\u00e3o Pol\u00edtica por Alexandre Garcia e do Tesouro Direto e Mercado de A\u00e7\u00f5es pela B3.","url":"https:\/\/www.suno.com.br\/noticias\/author\/poliana-santos\/"}]}},"default_loop_html":"<div class=\"cardsPage__listCard__boxs\"><div class=\"cardsPage__listCard__boxs__img\"><a href=\"https:\/\/www.suno.com.br\/noticias\/jantar-de-bolsonaro-com-executivos-aclamado-pandemia\/\"><img class=\"mask\" src=\"https:\/\/www.suno.com.br\/noticias\/wp-content\/themes\/suno\/resources\/images\/spotlight\/spotlight1img\/bg-mask.png\" alt=\"Image Mask\"\/><img src=\"https:\/\/files.sunoresearch.com.br\/n\/uploads\/2021\/04\/27800f42-aguas-brasileiras1_mcamgo_abr_220320211818-14-400x200.webp\" alt=\"Em jantar de Bolsonaro, executivos adotaram tom amig\u00e1vel, segundo jornal\"\/><\/a><span class=\"spotlightCategory\"><a href=\"https:\/\/www.suno.com.br\/noticias\/politica\/\">Pol\u00edtica<\/a><\/span><\/div><div class=\"cardsPage__listCard__boxs__content\"><a href=\"https:\/\/www.suno.com.br\/noticias\/jantar-de-bolsonaro-com-executivos-aclamado-pandemia\/\"><h2 class=\"content__title\">Em jantar de Bolsonaro, executivos adotaram tom amig\u00e1vel, segundo jornal<\/h2><\/a><div class=\"newsContent__article__meta\"><div class=\"newsContent__article__meta__authorBox\"><a href=\"https:\/\/www.suno.com.br\/noticias\/author\/poliana-santos\/\" class=\"authorBox__avatar noMobi\"><img src=\"https:\/\/files.sunoresearch.com.br\/n\/uploads\/2020\/08\/7ef34026-whatsapp-image-2020-08-03-at-12.37.57-150x150.webp\" alt=\"Poliana Santos\"><\/a><div class=\"authorBox__name\"><span>por\n\t\t\t<a href=\"https:\/\/www.suno.com.br\/noticias\/author\/poliana-santos\/\"><span itemprop=\"author\">Poliana Santos<\/span><\/a><\/span><time datetime=\"2021-04-08T09:16:03-03:00\" itemprop=\"datePublished\">08\/04\/2021 09:16<\/time><\/div><\/div><\/div><\/div><\/div>","single_layout":"posts","amp_enabled":true,"_links":{"self":[{"href":"https:\/\/www.suno.com.br\/noticias\/wp-json\/wp\/v2\/posts\/137824"}],"collection":[{"href":"https:\/\/www.suno.com.br\/noticias\/wp-json\/wp\/v2\/posts"}],"about":[{"href":"https:\/\/www.suno.com.br\/noticias\/wp-json\/wp\/v2\/types\/post"}],"author":[{"embeddable":true,"href":"https:\/\/www.suno.com.br\/noticias\/wp-json\/wp\/v2\/users\/15"}],"replies":[{"embeddable":true,"href":"https:\/\/www.suno.com.br\/noticias\/wp-json\/wp\/v2\/comments?post=137824"}],"version-history":[{"count":3,"href":"https:\/\/www.suno.com.br\/noticias\/wp-json\/wp\/v2\/posts\/137824\/revisions"}],"predecessor-version":[{"id":137984,"href":"https:\/\/www.suno.com.br\/noticias\/wp-json\/wp\/v2\/posts\/137824\/revisions\/137984"}],"wp:featuredmedia":[{"embeddable":true,"href":"https:\/\/www.suno.com.br\/noticias\/wp-json\/wp\/v2\/media\/137602"}],"wp:attachment":[{"href":"https:\/\/www.suno.com.br\/noticias\/wp-json\/wp\/v2\/media?parent=137824"}],"wp:term":[{"taxonomy":"category","embeddable":true,"href":"https:\/\/www.suno.com.br\/noticias\/wp-json\/wp\/v2\/categories?post=137824"},{"taxonomy":"post_tag","embeddable":true,"href":"https:\/\/www.suno.com.br\/noticias\/wp-json\/wp\/v2\/tags?post=137824"},{"taxonomy":"suno_strategy","embeddable":true,"href":"https:\/\/www.suno.com.br\/noticias\/wp-json\/wp\/v2\/suno_strategy?post=137824"}],"curies":[{"name":"wp","href":"https:\/\/api.w.org\/{rel}","templated":true}]}}