{"id":137774,"date":"2021-04-07T19:54:04","date_gmt":"2021-04-07T22:54:04","guid":{"rendered":"https:\/\/www.suno.com.br\/noticias\/?p=137774"},"modified":"2021-04-07T19:54:04","modified_gmt":"2021-04-07T22:54:04","slug":"braskem-brkm5-odebrecht-conversas-possiveis-compradores","status":"publish","type":"post","link":"https:\/\/www.suno.com.br\/noticias\/braskem-brkm5-odebrecht-conversas-possiveis-compradores\/","title":{"rendered":"Braskem (BRKM5): Odebrecht inicia conversas com poss\u00edveis compradores, diz jornal"},"content":{"rendered":"<p>Nesta ter\u00e7a-feira (6), a Novonor, antiga Odebrecht, teria come\u00e7ado a negociar com potenciais compradores da sua participa\u00e7\u00e3o de 38,3% na petroqu\u00edmica <a href=\"https:\/\/www.suno.com.br\/acoes\/brkm5\"><strong>Braskem<\/strong> (BRKM5),\u00a0<\/a>segundo fontes informaram ao jornal<em> Valor Econ\u00f4mico<\/em>, nesta quarta-feira (7).<\/p>\t<div class=\"wrapper-featured-image\">\n\t\t<figure class=\"spotlightImg\">\n\n\t\t\t<picture>\n\t\t\t\t<source media=\"(max-width: 768px)\" srcset=\"https:\/\/files.sunoresearch.com.br\/n\/uploads\/2021\/04\/54276408-braskem-400x200.webp\">\n\t\t\t\t<img loading=\"lazy\" decoding=\"async\" class=\"newsContent__article__imgCapa lazyloadDisabled \" src=\"https:\/\/files.sunoresearch.com.br\/n\/uploads\/2021\/04\/54276408-braskem-800x450.webp\" width=\"800\" height=\"450\" alt=\"Braskem (BRKM5): Odebrecht inicia conversas com poss\u00edveis compradores, diz jornal\" fetchpriority=high \/>\n\t\t\t<\/picture>\n\n\t\t\t<figcaption class=\"wp-caption-text wp-caption-text--show\">Braskem. Foto: Reprodu\u00e7\u00e3o Facebook<\/figcaption>\n\t\t<\/figure>\n\t<\/div>\n\n\n\t<p>\n\t\t<a href=\"https:\/\/lp.suno.com.br\/planilha-controle-gastos\/\" target=\"_blank\" data-element=\"shortcode-suno-banner\" title=\"Banner SUNO, clique e saiba mais\">\n\t\t\t<picture>\n\t\t\t\t<source media=\"(max-width: 500px)\" srcset=\"https:\/\/files.sunoresearch.com.br\/n\/uploads\/2023\/03\/400x300-Planilha-controle-de-gastos.png\">\n\t\t\t\t<img class=\"newsContent__article__imgCapa newsContent__article__imgCapa--banner\"\n\t\t\t\t\tsrc=\"https:\/\/files.sunoresearch.com.br\/n\/uploads\/2023\/03\/1420x240-Planilha-controle-de-gastos.png\"\n\t\t\t\t\tdata-promo-id=\"101751\"\t\t\t\t\t\t\t\t\t\twidth='1420' height='240'\t\t\t\t\talt=\"https:\/\/files.sunoresearch.com.br\/n\/uploads\/2023\/03\/1420x240-Planilha-controle-de-gastos.png\"\n\t\t\t\t>\n\t\t\t<\/picture>\n\t\t<\/a>\n\t<\/p>\n\n\n<p>De acordo com as pessoas pr\u00f3ximas ao grupo, a <strong>Odebrecht<\/strong> espera estra mais pr\u00f3xima de um acordo formal sobre a venda da sua fatia na Braskem at\u00e9 o final de 2021, ao passo que o fechamento \u00e9 esperado para acontecer no ano que vem.<\/p>\n<p>Atualmente a companhia estaria conversando com diversos potenciais compradores, com experi\u00eancias no setor. Segundo as fontes, ser\u00e3o buscados compradores dos Estados Unidos, Oriente M\u00e9dio, Europa, China, Jap\u00e3o e Sudeste Asi\u00e1tico.<\/p>\n<p><a href=\"https:\/\/lp.suno.com.br\/suno-one\/\"> Suno One: acesse gratuitamente eBooks, Minicursos, Artigos e V\u00eddeo Aulas sobre investimentos com um \u00fanico cadastro. Clique para saber mais!<\/a><\/p>\n<p>A venda da fatia na Braskem \u00e9 parte do plano de\u00a0<a href=\"https:\/\/www.suno.com.br\/artigos\/recuperacao-judicial\/\"><strong>recupera\u00e7\u00e3o judicial<\/strong><\/a> da empreiteira, que tem at\u00e9 julho de 2023 para concretizar a opera\u00e7\u00e3o. A companhia mandatou o Morgan Stanley a reiniciar o processo de venda em agosto. <a href=\"https:\/\/www.suno.com.br\/noticias\/braskem-odebretch-processo-venda\/\">Clique aqui e veja mais sobre o assunto.<\/a><\/p>\n<p>Al\u00e9m disso, a <a href=\"https:\/\/www.suno.com.br\/acoes\/petr4\/\"><strong>Petrobras<\/strong> (PETR4)<\/a> tamb\u00e9m intenciona vender sua parte na petroqu\u00edmica. A <strong>estatal<\/strong> conta com 36,1% do capital social da Braskem, o que a torna a segunda maior acionista na companhia.<\/p>\n<h4>Veja tamb\u00e9m:<\/h4>\n<h2>Braskem investe R$ 430 milh\u00f5es na manuten\u00e7\u00e3o de suas unidades do Grande ABC<\/h2>\n<p>A petroqu\u00edmica paralisou, desde a \u00faltima segunda-feira (5) uma parte de sua opera\u00e7\u00e3o no Polo Petroqu\u00edmico do Grande ABC (SP). O objetivo \u00e9 fazer a manuten\u00e7\u00e3o da planta de\u00a0Qu\u00edmicos e Polietilenos (Q3 CK, Q3 IN e PE7).<\/p>\n<p>A Braskem informou que a medida estava sendo planejada h\u00e1 cerca de dois anos e que investir\u00e1 mais de R$ 430 milh\u00f5es em cerca de 40 projetos de melhorias e manuten\u00e7\u00e3o do complexo.<\/p>\n\t<div data-element=\"shortcode-read-more\" class=\"knowMore\">\n\t\t\t\t<span class=\"knowMore__title\">Leia tamb\u00e9m<\/span>\n\t\t\t\t<a class=\"knowMore__link\" href=\"https:\/\/www.suno.com.br\/noticias\/braskem-brkm5-apolice-300-mi-maceio\/\">\n\t\t\tBraskem (BRKM5) negocia  com seguradoras ap\u00f3lice de US$ 300 milh\u00f5es para problema de Alagoas\t\t<\/a>\n\t<\/div>\n\n\n<p>A petroqu\u00edmica diz que nesse per\u00edodo modernizar\u00e1 o sistema el\u00e9trico que atende \u00e0 central petroqu\u00edmica Q 3 CK. O projeto prev\u00ea a troca de turbinas \u00e0 base de vapor por motores el\u00e9tricos de alto rendimento, suportados por uma nova unidade de cogera\u00e7\u00e3o de energia alimentada por g\u00e1s residual do processo de produ\u00e7\u00e3o petroqu\u00edmica.<\/p>\n\t<p>\n\t\t<a href=\"https:\/\/lp.suno.com.br\/planilha-da-vida-financeira\/\" target=\"_blank\" data-element=\"shortcode-suno-banner\" title=\"Banner SUNO, clique e saiba mais\">\n\t\t\t<picture>\n\t\t\t\t<source media=\"(max-width: 500px)\" srcset=\"https:\/\/files.sunoresearch.com.br\/n\/uploads\/2023\/04\/400x300-Planilha-vida-financeira-true.png\">\n\t\t\t\t<img class=\"newsContent__article__imgCapa newsContent__article__imgCapa--banner\"\n\t\t\t\t\tsrc=\"https:\/\/files.sunoresearch.com.br\/n\/uploads\/2023\/04\/1420x240-Planilha-vida-financeira-true.png\"\n\t\t\t\t\tdata-promo-id=\"106682\"\t\t\t\t\t\t\t\t\t\twidth='1420' height='240'\t\t\t\t\talt=\"https:\/\/files.sunoresearch.com.br\/n\/uploads\/2023\/04\/1420x240-Planilha-vida-financeira-true.png\"\n\t\t\t\t>\n\t\t\t<\/picture>\n\t\t<\/a>\n\t<\/p>\n\n\n<p>Segundo a empresa, essa mudan\u00e7a estrutural permitir\u00e1 que o processo produtivo da f\u00e1brica se torne energeticamente mais eficiente, com redu\u00e7\u00e3o no consumo de energia estimada ao equivalente gasto por uma cidade com um milh\u00e3o de habitantes.<\/p>\n<p>A <strong>Braskem<\/strong> afirma que para n\u00e3o causar impactos no fornecimento de produtos, planejou o aumento de seu estoque.<\/p>\n\t<p>\n\t\t<a href=\"https:\/\/lp.suno.com.br\/planilha-de-controle-de-investimentos\/\" target=\"_blank\" data-element=\"shortcode-suno-banner\" title=\"Banner SUNO, clique e saiba mais\">\n\t\t\t<picture>\n\t\t\t\t<source media=\"(max-width: 500px)\" srcset=\"https:\/\/files.sunoresearch.com.br\/n\/uploads\/2023\/03\/400x300-Controle-de-Investimentos.png\">\n\t\t\t\t<img class=\"newsContent__article__imgCapa newsContent__article__imgCapa--banner\"\n\t\t\t\t\tsrc=\"https:\/\/files.sunoresearch.com.br\/n\/uploads\/2023\/03\/1420x240-Controle-de-Investimentos.png\"\n\t\t\t\t\tdata-promo-id=\"75934\"\t\t\t\t\t\t\t\t\t\twidth='1420' height='240'\t\t\t\t\talt=\"https:\/\/files.sunoresearch.com.br\/n\/uploads\/2023\/03\/1420x240-Controle-de-Investimentos.png\"\n\t\t\t\t>\n\t\t\t<\/picture>\n\t\t<\/a>\n\t<\/p>\n\n\n","protected":false},"excerpt":{"rendered":"<p>Nesta ter\u00e7a-feira (6), a Novonor, antiga Odebrecht, teria come\u00e7ado a negociar com potenciais compradores da sua participa\u00e7\u00e3o de 38,3% na petroqu\u00edmica Braskem (BRKM5),\u00a0segundo fontes informaram ao jornal Valor Econ\u00f4mico, nesta quarta-feira (7). Braskem. Foto: Reprodu\u00e7\u00e3o Facebook De acordo com as pessoas pr\u00f3ximas ao grupo, a Odebrecht espera estra mais pr\u00f3xima de um acordo formal sobre [&hellip;]<\/p>\n","protected":false},"author":39,"featured_media":137780,"comment_status":"closed","ping_status":"closed","sticky":false,"template":"","format":"standard","meta":[],"categories":[64],"tags":[395,783],"suno_strategy":[],"class_list":["post-137774","post","type-post","status-publish","format-standard","has-post-thumbnail","hentry","category-negocios","tag-braskem-brkm3-brkm5-brkm6","tag-odebrecht"],"yoast_head":"<!-- This site is optimized with the Yoast SEO plugin v24.4 - https:\/\/yoast.com\/wordpress\/plugins\/seo\/ -->\n<title>Braskem: Odebrecht inicia conversas com poss\u00edveis compradores<\/title>\n<meta name=\"description\" content=\"A Odebrecht teria come\u00e7ado a negociar com potenciais compradores da sua participa\u00e7\u00e3o de 38,3% na Braskem (BRKM5). Clique aqui e saiba mais!\" \/>\n<meta name=\"robots\" content=\"index, follow, max-snippet:-1, max-image-preview:large, max-video-preview:-1\" \/>\n<link rel=\"canonical\" href=\"https:\/\/www.suno.com.br\/noticias\/braskem-brkm5-odebrecht-conversas-possiveis-compradores\/\" \/>\n<meta property=\"og:locale\" content=\"pt_BR\" \/>\n<meta property=\"og:type\" content=\"article\" \/>\n<meta property=\"og:title\" content=\"Braskem: Odebrecht inicia conversas com poss\u00edveis compradores\" \/>\n<meta property=\"og:description\" content=\"A Odebrecht teria come\u00e7ado a negociar com potenciais compradores da sua participa\u00e7\u00e3o de 38,3% na Braskem (BRKM5). Clique aqui e saiba mais!\" \/>\n<meta property=\"og:url\" content=\"https:\/\/www.suno.com.br\/noticias\/braskem-brkm5-odebrecht-conversas-possiveis-compradores\/\" \/>\n<meta property=\"og:site_name\" content=\"Suno Not\u00edcias\" \/>\n<meta property=\"article:publisher\" content=\"https:\/\/facebook.com\/sunoresearch\" \/>\n<meta property=\"og:image\" content=\"https:\/\/files.sunoresearch.com.br\/n\/uploads\/2021\/04\/54276408-braskem.jpg\" \/>\n\t<meta property=\"og:image:width\" content=\"1200\" \/>\n\t<meta property=\"og:image:height\" content=\"800\" \/>\n\t<meta property=\"og:image:type\" content=\"image\/jpeg\" \/>\n<meta name=\"author\" content=\"Laura Moutinho\" \/>\n<meta name=\"twitter:card\" content=\"summary_large_image\" \/>\n<meta name=\"twitter:creator\" content=\"@sunoresearch\" \/>\n<meta name=\"twitter:site\" content=\"@sunoresearch\" \/>\n<meta name=\"twitter:label1\" content=\"Escrito por\" \/>\n\t<meta name=\"twitter:data1\" content=\"Laura Moutinho\" \/>\n\t<meta name=\"twitter:label2\" content=\"Est. tempo de leitura\" \/>\n\t<meta name=\"twitter:data2\" content=\"2 minutos\" \/>\n<script type=\"application\/ld+json\" class=\"yoast-schema-graph\">{\"@context\":\"https:\/\/schema.org\",\"@graph\":[{\"@type\":\"NewsArticle\",\"@id\":\"https:\/\/www.suno.com.br\/noticias\/braskem-brkm5-odebrecht-conversas-possiveis-compradores\/#article\",\"isPartOf\":{\"@id\":\"https:\/\/www.suno.com.br\/noticias\/braskem-brkm5-odebrecht-conversas-possiveis-compradores\/\"},\"author\":{\"name\":\"Laura Moutinho\",\"@id\":\"https:\/\/www.suno.com.br\/noticias\/#\/schema\/person\/3df0d2808748b74496efe5dbeaef2c72\"},\"headline\":\"Braskem (BRKM5): Odebrecht inicia conversas com poss\u00edveis compradores, diz jornal\",\"datePublished\":\"2021-04-07T22:54:04+00:00\",\"mainEntityOfPage\":{\"@id\":\"https:\/\/www.suno.com.br\/noticias\/braskem-brkm5-odebrecht-conversas-possiveis-compradores\/\"},\"wordCount\":453,\"publisher\":{\"@id\":\"https:\/\/www.suno.com.br\/noticias\/#organization\"},\"image\":{\"@id\":\"https:\/\/www.suno.com.br\/noticias\/braskem-brkm5-odebrecht-conversas-possiveis-compradores\/#primaryimage\"},\"thumbnailUrl\":\"https:\/\/files.sunoresearch.com.br\/n\/uploads\/2021\/04\/54276408-braskem-jpg.webp\",\"keywords\":[\"Braskem (BRKM3\/BRKM5\/BRKM6)\",\"Odebrecht\"],\"articleSection\":[\"Neg\u00f3cios\"],\"inLanguage\":\"pt-BR\"},{\"@type\":\"WebPage\",\"@id\":\"https:\/\/www.suno.com.br\/noticias\/braskem-brkm5-odebrecht-conversas-possiveis-compradores\/\",\"url\":\"https:\/\/www.suno.com.br\/noticias\/braskem-brkm5-odebrecht-conversas-possiveis-compradores\/\",\"name\":\"Braskem: Odebrecht inicia conversas com poss\u00edveis compradores\",\"isPartOf\":{\"@id\":\"https:\/\/www.suno.com.br\/noticias\/#website\"},\"primaryImageOfPage\":{\"@id\":\"https:\/\/www.suno.com.br\/noticias\/braskem-brkm5-odebrecht-conversas-possiveis-compradores\/#primaryimage\"},\"image\":{\"@id\":\"https:\/\/www.suno.com.br\/noticias\/braskem-brkm5-odebrecht-conversas-possiveis-compradores\/#primaryimage\"},\"thumbnailUrl\":\"https:\/\/files.sunoresearch.com.br\/n\/uploads\/2021\/04\/54276408-braskem-jpg.webp\",\"datePublished\":\"2021-04-07T22:54:04+00:00\",\"description\":\"A Odebrecht teria come\u00e7ado a negociar com potenciais compradores da sua participa\u00e7\u00e3o de 38,3% na Braskem (BRKM5). Clique aqui e saiba mais!\",\"breadcrumb\":{\"@id\":\"https:\/\/www.suno.com.br\/noticias\/braskem-brkm5-odebrecht-conversas-possiveis-compradores\/#breadcrumb\"},\"inLanguage\":\"pt-BR\",\"potentialAction\":[{\"@type\":\"ReadAction\",\"target\":[\"https:\/\/www.suno.com.br\/noticias\/braskem-brkm5-odebrecht-conversas-possiveis-compradores\/\"]}]},{\"@type\":\"ImageObject\",\"inLanguage\":\"pt-BR\",\"@id\":\"https:\/\/www.suno.com.br\/noticias\/braskem-brkm5-odebrecht-conversas-possiveis-compradores\/#primaryimage\",\"url\":\"https:\/\/files.sunoresearch.com.br\/n\/uploads\/2021\/04\/54276408-braskem-jpg.webp\",\"contentUrl\":\"https:\/\/files.sunoresearch.com.br\/n\/uploads\/2021\/04\/54276408-braskem-jpg.webp\",\"width\":1200,\"height\":800,\"caption\":\"Braskem. Foto: Reprodu\u00e7\u00e3o Facebook\"},{\"@type\":\"BreadcrumbList\",\"@id\":\"https:\/\/www.suno.com.br\/noticias\/braskem-brkm5-odebrecht-conversas-possiveis-compradores\/#breadcrumb\",\"itemListElement\":[{\"@type\":\"ListItem\",\"position\":1,\"name\":\"Not\u00edcias\",\"item\":\"https:\/\/www.suno.com.br\/noticias\/\"},{\"@type\":\"ListItem\",\"position\":2,\"name\":\"Neg\u00f3cios\",\"item\":\"https:\/\/www.suno.com.br\/noticias\/negocios\/\"},{\"@type\":\"ListItem\",\"position\":3,\"name\":\"Braskem (BRKM5): Odebrecht inicia conversas com poss\u00edveis compradores, diz jornal\"}]},{\"@type\":\"WebSite\",\"@id\":\"https:\/\/www.suno.com.br\/noticias\/#website\",\"url\":\"https:\/\/www.suno.com.br\/noticias\/\",\"name\":\"Suno Not\u00edcias\",\"description\":\"Seu portal de informa\u00e7\u00e3o sobre o mundo dos investimentos\",\"publisher\":{\"@id\":\"https:\/\/www.suno.com.br\/noticias\/#organization\"},\"potentialAction\":[{\"@type\":\"SearchAction\",\"target\":{\"@type\":\"EntryPoint\",\"urlTemplate\":\"https:\/\/www.suno.com.br\/noticias\/?s={search_term_string}\"},\"query-input\":{\"@type\":\"PropertyValueSpecification\",\"valueRequired\":true,\"valueName\":\"search_term_string\"}}],\"inLanguage\":\"pt-BR\"},{\"@type\":\"Organization\",\"@id\":\"https:\/\/www.suno.com.br\/noticias\/#organization\",\"name\":\"Suno Not\u00edcias\",\"url\":\"https:\/\/www.suno.com.br\/noticias\/\",\"logo\":{\"@type\":\"ImageObject\",\"inLanguage\":\"pt-BR\",\"@id\":\"https:\/\/www.suno.com.br\/noticias\/#\/schema\/logo\/image\/\",\"url\":\"https:\/\/files.sunoresearch.com.br\/n\/uploads\/2021\/09\/suno-logo.png\",\"contentUrl\":\"https:\/\/files.sunoresearch.com.br\/n\/uploads\/2021\/09\/suno-logo.png\",\"width\":180,\"height\":180,\"caption\":\"Suno Not\u00edcias\"},\"image\":{\"@id\":\"https:\/\/www.suno.com.br\/noticias\/#\/schema\/logo\/image\/\"},\"sameAs\":[\"https:\/\/facebook.com\/sunoresearch\",\"https:\/\/x.com\/sunoresearch\",\"https:\/\/www.instagram.com\/suno\",\"https:\/\/www.linkedin.com\/company\/suno-research\/\",\"https:\/\/www.youtube.com\/c\/sunoresearch\"]},{\"@type\":\"Person\",\"@id\":\"https:\/\/www.suno.com.br\/noticias\/#\/schema\/person\/3df0d2808748b74496efe5dbeaef2c72\",\"name\":\"Laura Moutinho\",\"image\":{\"@type\":\"ImageObject\",\"inLanguage\":\"pt-BR\",\"@id\":\"https:\/\/www.suno.com.br\/noticias\/#\/schema\/person\/image\/\",\"url\":\"https:\/\/secure.gravatar.com\/avatar\/7571c7c8ca3a6fca5e41384ece5557ff?s=96&r=g\",\"contentUrl\":\"https:\/\/secure.gravatar.com\/avatar\/7571c7c8ca3a6fca5e41384ece5557ff?s=96&r=g\",\"caption\":\"Laura Moutinho\"},\"description\":\"Estagi\u00e1ria na Suno Not\u00edcias, escreve not\u00edcias que afetam o mercado financeiro. Estuda administra\u00e7\u00e3o na Universidade Presbiteriana Mackenzie.\",\"url\":\"https:\/\/www.suno.com.br\/noticias\/author\/laura-moutinho\/\"}]}<\/script>\n<!-- \/ Yoast SEO plugin. -->","yoast_head_json":{"title":"Braskem: Odebrecht inicia conversas com poss\u00edveis compradores","description":"A Odebrecht teria come\u00e7ado a negociar com potenciais compradores da sua participa\u00e7\u00e3o de 38,3% na Braskem (BRKM5). Clique aqui e saiba mais!","robots":{"index":"index","follow":"follow","max-snippet":"max-snippet:-1","max-image-preview":"max-image-preview:large","max-video-preview":"max-video-preview:-1"},"canonical":"https:\/\/www.suno.com.br\/noticias\/braskem-brkm5-odebrecht-conversas-possiveis-compradores\/","og_locale":"pt_BR","og_type":"article","og_title":"Braskem: Odebrecht inicia conversas com poss\u00edveis compradores","og_description":"A Odebrecht teria come\u00e7ado a negociar com potenciais compradores da sua participa\u00e7\u00e3o de 38,3% na Braskem (BRKM5). Clique aqui e saiba mais!","og_url":"https:\/\/www.suno.com.br\/noticias\/braskem-brkm5-odebrecht-conversas-possiveis-compradores\/","og_site_name":"Suno Not\u00edcias","article_publisher":"https:\/\/facebook.com\/sunoresearch","og_image":[{"width":1200,"height":800,"url":"https:\/\/files.sunoresearch.com.br\/n\/uploads\/2021\/04\/54276408-braskem.jpg","type":"image\/jpeg"}],"author":"Laura Moutinho","twitter_card":"summary_large_image","twitter_creator":"@sunoresearch","twitter_site":"@sunoresearch","twitter_misc":{"Escrito por":"Laura Moutinho","Est. tempo de leitura":"2 minutos"},"schema":{"@context":"https:\/\/schema.org","@graph":[{"@type":"NewsArticle","@id":"https:\/\/www.suno.com.br\/noticias\/braskem-brkm5-odebrecht-conversas-possiveis-compradores\/#article","isPartOf":{"@id":"https:\/\/www.suno.com.br\/noticias\/braskem-brkm5-odebrecht-conversas-possiveis-compradores\/"},"author":{"name":"Laura Moutinho","@id":"https:\/\/www.suno.com.br\/noticias\/#\/schema\/person\/3df0d2808748b74496efe5dbeaef2c72"},"headline":"Braskem (BRKM5): Odebrecht inicia conversas com poss\u00edveis compradores, diz jornal","datePublished":"2021-04-07T22:54:04+00:00","mainEntityOfPage":{"@id":"https:\/\/www.suno.com.br\/noticias\/braskem-brkm5-odebrecht-conversas-possiveis-compradores\/"},"wordCount":453,"publisher":{"@id":"https:\/\/www.suno.com.br\/noticias\/#organization"},"image":{"@id":"https:\/\/www.suno.com.br\/noticias\/braskem-brkm5-odebrecht-conversas-possiveis-compradores\/#primaryimage"},"thumbnailUrl":"https:\/\/files.sunoresearch.com.br\/n\/uploads\/2021\/04\/54276408-braskem-jpg.webp","keywords":["Braskem (BRKM3\/BRKM5\/BRKM6)","Odebrecht"],"articleSection":["Neg\u00f3cios"],"inLanguage":"pt-BR"},{"@type":"WebPage","@id":"https:\/\/www.suno.com.br\/noticias\/braskem-brkm5-odebrecht-conversas-possiveis-compradores\/","url":"https:\/\/www.suno.com.br\/noticias\/braskem-brkm5-odebrecht-conversas-possiveis-compradores\/","name":"Braskem: Odebrecht inicia conversas com poss\u00edveis compradores","isPartOf":{"@id":"https:\/\/www.suno.com.br\/noticias\/#website"},"primaryImageOfPage":{"@id":"https:\/\/www.suno.com.br\/noticias\/braskem-brkm5-odebrecht-conversas-possiveis-compradores\/#primaryimage"},"image":{"@id":"https:\/\/www.suno.com.br\/noticias\/braskem-brkm5-odebrecht-conversas-possiveis-compradores\/#primaryimage"},"thumbnailUrl":"https:\/\/files.sunoresearch.com.br\/n\/uploads\/2021\/04\/54276408-braskem-jpg.webp","datePublished":"2021-04-07T22:54:04+00:00","description":"A Odebrecht teria come\u00e7ado a negociar com potenciais compradores da sua participa\u00e7\u00e3o de 38,3% na Braskem (BRKM5). Clique aqui e saiba mais!","breadcrumb":{"@id":"https:\/\/www.suno.com.br\/noticias\/braskem-brkm5-odebrecht-conversas-possiveis-compradores\/#breadcrumb"},"inLanguage":"pt-BR","potentialAction":[{"@type":"ReadAction","target":["https:\/\/www.suno.com.br\/noticias\/braskem-brkm5-odebrecht-conversas-possiveis-compradores\/"]}]},{"@type":"ImageObject","inLanguage":"pt-BR","@id":"https:\/\/www.suno.com.br\/noticias\/braskem-brkm5-odebrecht-conversas-possiveis-compradores\/#primaryimage","url":"https:\/\/files.sunoresearch.com.br\/n\/uploads\/2021\/04\/54276408-braskem-jpg.webp","contentUrl":"https:\/\/files.sunoresearch.com.br\/n\/uploads\/2021\/04\/54276408-braskem-jpg.webp","width":1200,"height":800,"caption":"Braskem. Foto: Reprodu\u00e7\u00e3o Facebook"},{"@type":"BreadcrumbList","@id":"https:\/\/www.suno.com.br\/noticias\/braskem-brkm5-odebrecht-conversas-possiveis-compradores\/#breadcrumb","itemListElement":[{"@type":"ListItem","position":1,"name":"Not\u00edcias","item":"https:\/\/www.suno.com.br\/noticias\/"},{"@type":"ListItem","position":2,"name":"Neg\u00f3cios","item":"https:\/\/www.suno.com.br\/noticias\/negocios\/"},{"@type":"ListItem","position":3,"name":"Braskem (BRKM5): Odebrecht inicia conversas com poss\u00edveis compradores, diz jornal"}]},{"@type":"WebSite","@id":"https:\/\/www.suno.com.br\/noticias\/#website","url":"https:\/\/www.suno.com.br\/noticias\/","name":"Suno Not\u00edcias","description":"Seu portal de informa\u00e7\u00e3o sobre o mundo dos investimentos","publisher":{"@id":"https:\/\/www.suno.com.br\/noticias\/#organization"},"potentialAction":[{"@type":"SearchAction","target":{"@type":"EntryPoint","urlTemplate":"https:\/\/www.suno.com.br\/noticias\/?s={search_term_string}"},"query-input":{"@type":"PropertyValueSpecification","valueRequired":true,"valueName":"search_term_string"}}],"inLanguage":"pt-BR"},{"@type":"Organization","@id":"https:\/\/www.suno.com.br\/noticias\/#organization","name":"Suno Not\u00edcias","url":"https:\/\/www.suno.com.br\/noticias\/","logo":{"@type":"ImageObject","inLanguage":"pt-BR","@id":"https:\/\/www.suno.com.br\/noticias\/#\/schema\/logo\/image\/","url":"https:\/\/files.sunoresearch.com.br\/n\/uploads\/2021\/09\/suno-logo.png","contentUrl":"https:\/\/files.sunoresearch.com.br\/n\/uploads\/2021\/09\/suno-logo.png","width":180,"height":180,"caption":"Suno Not\u00edcias"},"image":{"@id":"https:\/\/www.suno.com.br\/noticias\/#\/schema\/logo\/image\/"},"sameAs":["https:\/\/facebook.com\/sunoresearch","https:\/\/x.com\/sunoresearch","https:\/\/www.instagram.com\/suno","https:\/\/www.linkedin.com\/company\/suno-research\/","https:\/\/www.youtube.com\/c\/sunoresearch"]},{"@type":"Person","@id":"https:\/\/www.suno.com.br\/noticias\/#\/schema\/person\/3df0d2808748b74496efe5dbeaef2c72","name":"Laura Moutinho","image":{"@type":"ImageObject","inLanguage":"pt-BR","@id":"https:\/\/www.suno.com.br\/noticias\/#\/schema\/person\/image\/","url":"https:\/\/secure.gravatar.com\/avatar\/7571c7c8ca3a6fca5e41384ece5557ff?s=96&r=g","contentUrl":"https:\/\/secure.gravatar.com\/avatar\/7571c7c8ca3a6fca5e41384ece5557ff?s=96&r=g","caption":"Laura Moutinho"},"description":"Estagi\u00e1ria na Suno Not\u00edcias, escreve not\u00edcias que afetam o mercado financeiro. Estuda administra\u00e7\u00e3o na Universidade Presbiteriana Mackenzie.","url":"https:\/\/www.suno.com.br\/noticias\/author\/laura-moutinho\/"}]}},"default_loop_html":"<div class=\"cardsPage__listCard__boxs\"><div class=\"cardsPage__listCard__boxs__img\"><a href=\"https:\/\/www.suno.com.br\/noticias\/braskem-brkm5-odebrecht-conversas-possiveis-compradores\/\"><img class=\"mask\" src=\"https:\/\/www.suno.com.br\/noticias\/wp-content\/themes\/suno\/resources\/images\/spotlight\/spotlight1img\/bg-mask.png\" alt=\"Image Mask\"\/><img src=\"https:\/\/files.sunoresearch.com.br\/n\/uploads\/2021\/04\/54276408-braskem-400x200.webp\" alt=\"Braskem (BRKM5): Odebrecht inicia conversas com poss\u00edveis compradores, diz jornal\"\/><\/a><span class=\"spotlightCategory\"><a href=\"https:\/\/www.suno.com.br\/noticias\/negocios\/\">Neg\u00f3cios<\/a><\/span><\/div><div class=\"cardsPage__listCard__boxs__content\"><a href=\"https:\/\/www.suno.com.br\/noticias\/braskem-brkm5-odebrecht-conversas-possiveis-compradores\/\"><h2 class=\"content__title\">Braskem (BRKM5): Odebrecht inicia conversas com poss\u00edveis compradores, diz jornal<\/h2><\/a><div class=\"newsContent__article__meta\"><div class=\"newsContent__article__meta__authorBox\"><a href=\"https:\/\/www.suno.com.br\/noticias\/author\/laura-moutinho\/\" class=\"authorBox__avatar noMobi\"><img src=\"https:\/\/files.sunoresearch.com.br\/n\/uploads\/2020\/08\/531ff69d-whatsapp-image-2020-08-03-at-14.54.38-150x150.webp\" alt=\"Laura Moutinho\"><\/a><div class=\"authorBox__name\"><span>por\n\t\t\t<a href=\"https:\/\/www.suno.com.br\/noticias\/author\/laura-moutinho\/\"><span itemprop=\"author\">Laura Moutinho<\/span><\/a><\/span><time datetime=\"2021-04-07T19:54:04-03:00\" itemprop=\"datePublished\">07\/04\/2021 19:54<\/time><\/div><\/div><\/div><\/div><\/div>","single_layout":"posts","amp_enabled":true,"_links":{"self":[{"href":"https:\/\/www.suno.com.br\/noticias\/wp-json\/wp\/v2\/posts\/137774"}],"collection":[{"href":"https:\/\/www.suno.com.br\/noticias\/wp-json\/wp\/v2\/posts"}],"about":[{"href":"https:\/\/www.suno.com.br\/noticias\/wp-json\/wp\/v2\/types\/post"}],"author":[{"embeddable":true,"href":"https:\/\/www.suno.com.br\/noticias\/wp-json\/wp\/v2\/users\/39"}],"replies":[{"embeddable":true,"href":"https:\/\/www.suno.com.br\/noticias\/wp-json\/wp\/v2\/comments?post=137774"}],"version-history":[{"count":3,"href":"https:\/\/www.suno.com.br\/noticias\/wp-json\/wp\/v2\/posts\/137774\/revisions"}],"predecessor-version":[{"id":137782,"href":"https:\/\/www.suno.com.br\/noticias\/wp-json\/wp\/v2\/posts\/137774\/revisions\/137782"}],"wp:featuredmedia":[{"embeddable":true,"href":"https:\/\/www.suno.com.br\/noticias\/wp-json\/wp\/v2\/media\/137780"}],"wp:attachment":[{"href":"https:\/\/www.suno.com.br\/noticias\/wp-json\/wp\/v2\/media?parent=137774"}],"wp:term":[{"taxonomy":"category","embeddable":true,"href":"https:\/\/www.suno.com.br\/noticias\/wp-json\/wp\/v2\/categories?post=137774"},{"taxonomy":"post_tag","embeddable":true,"href":"https:\/\/www.suno.com.br\/noticias\/wp-json\/wp\/v2\/tags?post=137774"},{"taxonomy":"suno_strategy","embeddable":true,"href":"https:\/\/www.suno.com.br\/noticias\/wp-json\/wp\/v2\/suno_strategy?post=137774"}],"curies":[{"name":"wp","href":"https:\/\/api.w.org\/{rel}","templated":true}]}}