{"id":13775,"date":"2019-02-01T10:07:42","date_gmt":"2019-02-01T12:07:42","guid":{"rendered":"https:\/\/www.suno.com.br\/noticias\/?p=13775"},"modified":"2019-02-01T10:08:38","modified_gmt":"2019-02-01T12:08:38","slug":"ibge-producao-industrial-cresceu-11-em-2018","status":"publish","type":"post","link":"https:\/\/www.suno.com.br\/noticias\/ibge-producao-industrial-cresceu-11-em-2018\/","title":{"rendered":"IBGE: produ\u00e7\u00e3o industrial cresceu 1,1% em 2018"},"content":{"rendered":"<p>A <a href=\"https:\/\/www.suno.com.br\/artigos\/fatores-producao\/\">produ\u00e7\u00e3o industrial<\/a> cresceu 1,1% em 2018, registrando um aumento de 0,2% em dezembro do ano passado.<\/p>\t<div class=\"wrapper-featured-image\">\n\t\t<figure class=\"spotlightImg\">\n\n\t\t\t<picture>\n\t\t\t\t<source media=\"(max-width: 768px)\" srcset=\"https:\/\/files.sunoresearch.com.br\/n\/uploads\/2018\/11\/04dfaa4b-ind\u00fastria-400x200.webp\">\n\t\t\t\t<img loading=\"lazy\" decoding=\"async\" class=\"newsContent__article__imgCapa lazyloadDisabled newsContent__article__imgCapa--noCaption\" src=\"https:\/\/files.sunoresearch.com.br\/n\/uploads\/2018\/11\/04dfaa4b-ind\u00fastria-800x450.webp\" width=\"800\" height=\"450\" alt=\"IBGE: produ\u00e7\u00e3o industrial cresceu 1,1% em 2018\" fetchpriority=high \/>\n\t\t\t<\/picture>\n\n\t\t\t<figcaption class=\"wp-caption-text wp-caption-text--hide\">Ind\u00fastria - Produ\u00e7\u00e3o Industrial<\/figcaption>\n\t\t<\/figure>\n\t<\/div>\n\n\n<p>O <strong>Instituto Brasileiro de Geografia e Estat\u00edstica (IBGE)<\/strong> divulgou nesta sexta-feira (1) os resultados da <strong>produ\u00e7\u00e3o industrial.<\/strong> Os dados fazem parte da <strong>Pesquisa Industrial Mensal \u2013 Produ\u00e7\u00e3o F\u00edsica<\/strong> (<strong>PIM-PF<\/strong>). Entretanto, mesmo com um <strong>crescimento<\/strong> em 2018, a produ\u00e7\u00e3o industria aparece uma desacelera\u00e7\u00e3o significativa frente a 2017, quando o crescimento tinha sido de 2,5%.<\/p>\n<p>&#8220;No acumulado dos \u00faltimos doze meses (1,1%), a ind\u00fastria permaneceu com perda de ritmo frente aos resultados de julho (3,3%), agosto (3,1%), setembro (2,7%), outubro (2,3%) e novembro (1,8%)&#8221;, informou o <strong>IBGE.<\/strong><\/p>\n<p>Al\u00e9m disso, em compara\u00e7\u00e3o\u00a0com dezembro de 2017 a ind\u00fastria registrou queda de 3,6%. Esse resultado confirma como a recupera\u00e7\u00e3o do setor segue em ritmo lento.<\/p>\n<p>Na an\u00e1lise setorial, 13 dos 26 <strong>ramos industriais<\/strong> pesquisados registraram queda em 2018. Por outro lado, houve alta em 50,9% dos 805 produtos pesquisados.<\/p>\n<p><a href=\"https:\/\/www.suno.com.br\/noticias\/producao-industrial-pior-resultado-novembro\/\">Saiba mais: Produ\u00e7\u00e3o industrial registra pior resultado em novembro desde 2015\u00a0<\/a><\/p>\n<p>Segundo o <strong>IBGE,<\/strong> os piores resultados em 2018 para a <strong>ind\u00fastria<\/strong> foram de:<\/p>\n<ul>\n<li>produtos aliment\u00edcios (-5,1%)<\/li>\n<li>confec\u00e7\u00e3o de artigos do vestu\u00e1rio e acess\u00f3rios (-3,3%)<\/li>\n<li>couro, artigos para viagem e cal\u00e7ados (-2,3%)<\/li>\n<\/ul>\n<p>Por outro lado, o resultados positivos vieram do aumento da produ\u00e7\u00e3o de:<\/p>\n<ul>\n<li>ve\u00edculos automotores, reboques e carrocerias (12,6%)<\/li>\n<li>metalurgia (4,0%)<\/li>\n<li>celulose, papel e produtos de papel (4,9%)<\/li>\n<li>ind\u00fastrias extrativas (1,3%)<\/li>\n<li>m\u00e1quinas e equipamentos (3,4%)<\/li>\n<li>produtos farmacoqu\u00edmicos e farmac\u00eauticos (6,1%)<\/li>\n<\/ul>\n<p>As categorias econ\u00f4micas que registraram melhores resultados foram os <strong>bens de consumo dur\u00e1veis<\/strong> (7,6%) e <strong>bens de capital<\/strong> (7,4%). Os bens de consumo dur\u00e1veis foram impulsionados pela amplia\u00e7\u00e3o na produ\u00e7\u00e3o de autom\u00f3veis (10,8%) e eletrodom\u00e9sticos da \u201clinha marrom\u201d (4,4%). Por sua vez, a produ\u00e7\u00e3o de bens de capital cresceu gra\u00e7as ao aumento da produ\u00e7\u00e3o de equipamentos de transporte (13,8%) e constru\u00e7\u00e3o (25,2%).<\/p>\n<p>Por sua vez, o setor de <strong>bens intermedi\u00e1rios<\/strong> registrou uma alta de apenas 0,4%. Por outro lado, o segmento de bens de consumo semi e n\u00e3o-dur\u00e1veis registrou queda de 0,3%.<\/p>\n<p><a href=\"https:\/\/www.suno.com.br\/noticias\/fgv-confianca-industria-maior-agosto\/\">Saiba mais: FGV: \u00cdndice de Confian\u00e7a da Ind\u00fastria \u00e9 o maior desde agosto de 2018\u00a0<\/a><\/p>\n<h2>Recupera\u00e7\u00e3o continua lenta<\/h2>\n<p>Os dados da <strong>produ\u00e7\u00e3o industrial<\/strong> mostram um crescimento lento, alinhado com o restante da economia brasileira. Entretanto, a confian\u00e7a dos empres\u00e1rios parece ter voltado a subir.<\/p>\n<p>Por exemplo, <strong>\u00cdndice de Confian\u00e7a da Ind\u00fastria<\/strong> <strong>(ICI)<\/strong> da <strong>Funda\u00e7\u00e3o Get\u00falio Vargas (FGV)<\/strong> atingiu em janeiro o maior n\u00edvel desde agosto de 2018.<\/p>\n<p>Por sua vez, o \u00edndice de inten\u00e7\u00e3o de <strong>investimentos<\/strong> da <strong>ind\u00fastria<\/strong> atingiu o maior n\u00edvel desde abril de 2014. Esse indicador \u00e9 calculado pela <strong>Confedera\u00e7\u00e3o Nacional da Ind\u00fastria<\/strong> (<strong>CNI<\/strong>).<\/p>\n<p>O <strong>Boletim Focus<\/strong>, pesquisa semanal divulgada pelo Banco Central indicou como a previs\u00e3o de crescimento da <strong>produ\u00e7\u00e3o industrial<\/strong> \u00e9 de 3,04% em 2019. Por outro lado, as expectativas para o <a href=\"https:\/\/www.suno.com.br\/artigos\/pib-produto-interno-bruto\/\"><strong>Produto Interno Bruto<\/strong> (<strong>PIB<\/strong>)<\/a> s\u00e3o de um avan\u00e7o de 2,5%.<\/p>\n","protected":false},"excerpt":{"rendered":"<p>A produ\u00e7\u00e3o industrial cresceu 1,1% em 2018, registrando um aumento de 0,2% em dezembro do ano passado. Ind\u00fastria &#8211; Produ\u00e7\u00e3o Industrial O Instituto Brasileiro de Geografia e Estat\u00edstica (IBGE) divulgou nesta sexta-feira (1) os resultados da produ\u00e7\u00e3o industrial. Os dados fazem parte da Pesquisa Industrial Mensal \u2013 Produ\u00e7\u00e3o F\u00edsica (PIM-PF). Entretanto, mesmo com um crescimento [&hellip;]<\/p>\n","protected":false},"author":9,"featured_media":7213,"comment_status":"closed","ping_status":"closed","sticky":false,"template":"","format":"standard","meta":[],"categories":[60],"tags":[821,820],"suno_strategy":[],"class_list":["post-13775","post","type-post","status-publish","format-standard","has-post-thumbnail","hentry","category-mercado","tag-ibge","tag-producao-industrial"],"yoast_head":"<!-- This site is optimized with the Yoast SEO plugin v24.4 - https:\/\/yoast.com\/wordpress\/plugins\/seo\/ -->\n<title>Produ\u00e7\u00e3o industrial cresceu 1,1% em 2018, informa o IBGE<\/title>\n<meta name=\"description\" content=\"A produ\u00e7\u00e3o industrial cresceu 1,1% em 2018, registrando um aumento de 0,2% em dezembro do ano passado. Clique aqui para saber mais.\" \/>\n<meta name=\"robots\" content=\"index, follow, max-snippet:-1, max-image-preview:large, max-video-preview:-1\" \/>\n<link rel=\"canonical\" href=\"https:\/\/www.suno.com.br\/noticias\/ibge-producao-industrial-cresceu-11-em-2018\/\" \/>\n<meta property=\"og:locale\" content=\"pt_BR\" \/>\n<meta property=\"og:type\" content=\"article\" \/>\n<meta property=\"og:title\" content=\"Produ\u00e7\u00e3o industrial cresceu 1,1% em 2018, informa o IBGE\" \/>\n<meta property=\"og:description\" content=\"A produ\u00e7\u00e3o industrial cresceu 1,1% em 2018, registrando um aumento de 0,2% em dezembro do ano passado. Clique aqui para saber mais.\" \/>\n<meta property=\"og:url\" content=\"https:\/\/www.suno.com.br\/noticias\/ibge-producao-industrial-cresceu-11-em-2018\/\" \/>\n<meta property=\"og:site_name\" content=\"Suno Not\u00edcias\" \/>\n<meta property=\"article:publisher\" content=\"https:\/\/facebook.com\/sunoresearch\" \/>\n<meta property=\"og:image\" content=\"https:\/\/files.sunoresearch.com.br\/n\/uploads\/2018\/11\/04dfaa4b-ind\u00fastria.jpg\" \/>\n\t<meta property=\"og:image:width\" content=\"1140\" \/>\n\t<meta property=\"og:image:height\" content=\"760\" \/>\n\t<meta property=\"og:image:type\" content=\"image\/jpeg\" \/>\n<meta name=\"author\" content=\"Carlo Cauti\" \/>\n<meta name=\"twitter:card\" content=\"summary_large_image\" \/>\n<meta name=\"twitter:creator\" content=\"@sunoresearch\" \/>\n<meta name=\"twitter:site\" content=\"@sunoresearch\" \/>\n<meta name=\"twitter:label1\" content=\"Escrito por\" \/>\n\t<meta name=\"twitter:data1\" content=\"Carlo Cauti\" \/>\n\t<meta name=\"twitter:label2\" content=\"Est. tempo de leitura\" \/>\n\t<meta name=\"twitter:data2\" content=\"2 minutos\" \/>\n<script type=\"application\/ld+json\" class=\"yoast-schema-graph\">{\"@context\":\"https:\/\/schema.org\",\"@graph\":[{\"@type\":\"NewsArticle\",\"@id\":\"https:\/\/www.suno.com.br\/noticias\/ibge-producao-industrial-cresceu-11-em-2018\/#article\",\"isPartOf\":{\"@id\":\"https:\/\/www.suno.com.br\/noticias\/ibge-producao-industrial-cresceu-11-em-2018\/\"},\"author\":{\"name\":\"Carlo Cauti\",\"@id\":\"https:\/\/www.suno.com.br\/noticias\/#\/schema\/person\/e6e0f723cc177805027f4566c1d5e0c8\"},\"headline\":\"IBGE: produ\u00e7\u00e3o industrial cresceu 1,1% em 2018\",\"datePublished\":\"2019-02-01T12:07:42+00:00\",\"dateModified\":\"2019-02-01T12:08:38+00:00\",\"mainEntityOfPage\":{\"@id\":\"https:\/\/www.suno.com.br\/noticias\/ibge-producao-industrial-cresceu-11-em-2018\/\"},\"wordCount\":481,\"publisher\":{\"@id\":\"https:\/\/www.suno.com.br\/noticias\/#organization\"},\"image\":{\"@id\":\"https:\/\/www.suno.com.br\/noticias\/ibge-producao-industrial-cresceu-11-em-2018\/#primaryimage\"},\"thumbnailUrl\":\"https:\/\/files.sunoresearch.com.br\/n\/uploads\/2018\/11\/04dfaa4b-ind\u00fastria-jpg.webp\",\"keywords\":[\"IBGE\",\"produ\u00e7\u00e3o industrial\"],\"articleSection\":[\"Mercado\"],\"inLanguage\":\"pt-BR\"},{\"@type\":\"WebPage\",\"@id\":\"https:\/\/www.suno.com.br\/noticias\/ibge-producao-industrial-cresceu-11-em-2018\/\",\"url\":\"https:\/\/www.suno.com.br\/noticias\/ibge-producao-industrial-cresceu-11-em-2018\/\",\"name\":\"Produ\u00e7\u00e3o industrial cresceu 1,1% em 2018, informa o IBGE\",\"isPartOf\":{\"@id\":\"https:\/\/www.suno.com.br\/noticias\/#website\"},\"primaryImageOfPage\":{\"@id\":\"https:\/\/www.suno.com.br\/noticias\/ibge-producao-industrial-cresceu-11-em-2018\/#primaryimage\"},\"image\":{\"@id\":\"https:\/\/www.suno.com.br\/noticias\/ibge-producao-industrial-cresceu-11-em-2018\/#primaryimage\"},\"thumbnailUrl\":\"https:\/\/files.sunoresearch.com.br\/n\/uploads\/2018\/11\/04dfaa4b-ind\u00fastria-jpg.webp\",\"datePublished\":\"2019-02-01T12:07:42+00:00\",\"dateModified\":\"2019-02-01T12:08:38+00:00\",\"description\":\"A produ\u00e7\u00e3o industrial cresceu 1,1% em 2018, registrando um aumento de 0,2% em dezembro do ano passado. Clique aqui para saber mais.\",\"breadcrumb\":{\"@id\":\"https:\/\/www.suno.com.br\/noticias\/ibge-producao-industrial-cresceu-11-em-2018\/#breadcrumb\"},\"inLanguage\":\"pt-BR\",\"potentialAction\":[{\"@type\":\"ReadAction\",\"target\":[\"https:\/\/www.suno.com.br\/noticias\/ibge-producao-industrial-cresceu-11-em-2018\/\"]}]},{\"@type\":\"ImageObject\",\"inLanguage\":\"pt-BR\",\"@id\":\"https:\/\/www.suno.com.br\/noticias\/ibge-producao-industrial-cresceu-11-em-2018\/#primaryimage\",\"url\":\"https:\/\/files.sunoresearch.com.br\/n\/uploads\/2018\/11\/04dfaa4b-ind\u00fastria-jpg.webp\",\"contentUrl\":\"https:\/\/files.sunoresearch.com.br\/n\/uploads\/2018\/11\/04dfaa4b-ind\u00fastria-jpg.webp\",\"width\":1140,\"height\":760,\"caption\":\"Ind\u00fastria - Produ\u00e7\u00e3o Industrial\"},{\"@type\":\"BreadcrumbList\",\"@id\":\"https:\/\/www.suno.com.br\/noticias\/ibge-producao-industrial-cresceu-11-em-2018\/#breadcrumb\",\"itemListElement\":[{\"@type\":\"ListItem\",\"position\":1,\"name\":\"Not\u00edcias\",\"item\":\"https:\/\/www.suno.com.br\/noticias\/\"},{\"@type\":\"ListItem\",\"position\":2,\"name\":\"Mercado\",\"item\":\"https:\/\/www.suno.com.br\/noticias\/mercado\/\"},{\"@type\":\"ListItem\",\"position\":3,\"name\":\"IBGE: produ\u00e7\u00e3o industrial cresceu 1,1% em 2018\"}]},{\"@type\":\"WebSite\",\"@id\":\"https:\/\/www.suno.com.br\/noticias\/#website\",\"url\":\"https:\/\/www.suno.com.br\/noticias\/\",\"name\":\"Suno Not\u00edcias\",\"description\":\"Seu portal de informa\u00e7\u00e3o sobre o mundo dos investimentos\",\"publisher\":{\"@id\":\"https:\/\/www.suno.com.br\/noticias\/#organization\"},\"potentialAction\":[{\"@type\":\"SearchAction\",\"target\":{\"@type\":\"EntryPoint\",\"urlTemplate\":\"https:\/\/www.suno.com.br\/noticias\/?s={search_term_string}\"},\"query-input\":{\"@type\":\"PropertyValueSpecification\",\"valueRequired\":true,\"valueName\":\"search_term_string\"}}],\"inLanguage\":\"pt-BR\"},{\"@type\":\"Organization\",\"@id\":\"https:\/\/www.suno.com.br\/noticias\/#organization\",\"name\":\"Suno Not\u00edcias\",\"url\":\"https:\/\/www.suno.com.br\/noticias\/\",\"logo\":{\"@type\":\"ImageObject\",\"inLanguage\":\"pt-BR\",\"@id\":\"https:\/\/www.suno.com.br\/noticias\/#\/schema\/logo\/image\/\",\"url\":\"https:\/\/files.sunoresearch.com.br\/n\/uploads\/2021\/09\/suno-logo.png\",\"contentUrl\":\"https:\/\/files.sunoresearch.com.br\/n\/uploads\/2021\/09\/suno-logo.png\",\"width\":180,\"height\":180,\"caption\":\"Suno Not\u00edcias\"},\"image\":{\"@id\":\"https:\/\/www.suno.com.br\/noticias\/#\/schema\/logo\/image\/\"},\"sameAs\":[\"https:\/\/facebook.com\/sunoresearch\",\"https:\/\/x.com\/sunoresearch\",\"https:\/\/www.instagram.com\/suno\",\"https:\/\/www.linkedin.com\/company\/suno-research\/\",\"https:\/\/www.youtube.com\/c\/sunoresearch\"]},{\"@type\":\"Person\",\"@id\":\"https:\/\/www.suno.com.br\/noticias\/#\/schema\/person\/e6e0f723cc177805027f4566c1d5e0c8\",\"name\":\"Carlo Cauti\",\"image\":{\"@type\":\"ImageObject\",\"inLanguage\":\"pt-BR\",\"@id\":\"https:\/\/www.suno.com.br\/noticias\/#\/schema\/person\/image\/\",\"url\":\"https:\/\/secure.gravatar.com\/avatar\/3ada9e0bd164c23abd4792a9606d583c?s=96&r=g\",\"contentUrl\":\"https:\/\/secure.gravatar.com\/avatar\/3ada9e0bd164c23abd4792a9606d583c?s=96&r=g\",\"caption\":\"Carlo Cauti\"},\"description\":\"Editor multim\u00eddia do SUNO Not\u00edcias. Italiano, formado em Ci\u00eancias Pol\u00edticas pela universidade LUISS G. Carli de Roma e mestre cum laude em Rela\u00e7\u00f5es Internacionais, Jornalismo Internacional e de Guerra e em Economia Internacional. Concluiu tamb\u00e9m um MBA em Finan\u00e7as na B3. No Brasil, teve passagem por ve\u00edculos como Estad\u00e3o, Globo, Veja e EXAME. e nas ag\u00eancias de not\u00edcias italianas ANSA e NOVA.\",\"url\":\"https:\/\/www.suno.com.br\/noticias\/author\/carlo-cauti\/\"}]}<\/script>\n<!-- \/ Yoast SEO plugin. -->","yoast_head_json":{"title":"Produ\u00e7\u00e3o industrial cresceu 1,1% em 2018, informa o IBGE","description":"A produ\u00e7\u00e3o industrial cresceu 1,1% em 2018, registrando um aumento de 0,2% em dezembro do ano passado. Clique aqui para saber mais.","robots":{"index":"index","follow":"follow","max-snippet":"max-snippet:-1","max-image-preview":"max-image-preview:large","max-video-preview":"max-video-preview:-1"},"canonical":"https:\/\/www.suno.com.br\/noticias\/ibge-producao-industrial-cresceu-11-em-2018\/","og_locale":"pt_BR","og_type":"article","og_title":"Produ\u00e7\u00e3o industrial cresceu 1,1% em 2018, informa o IBGE","og_description":"A produ\u00e7\u00e3o industrial cresceu 1,1% em 2018, registrando um aumento de 0,2% em dezembro do ano passado. Clique aqui para saber mais.","og_url":"https:\/\/www.suno.com.br\/noticias\/ibge-producao-industrial-cresceu-11-em-2018\/","og_site_name":"Suno Not\u00edcias","article_publisher":"https:\/\/facebook.com\/sunoresearch","og_image":[{"width":1140,"height":760,"url":"https:\/\/files.sunoresearch.com.br\/n\/uploads\/2018\/11\/04dfaa4b-ind\u00fastria.jpg","type":"image\/jpeg"}],"author":"Carlo Cauti","twitter_card":"summary_large_image","twitter_creator":"@sunoresearch","twitter_site":"@sunoresearch","twitter_misc":{"Escrito por":"Carlo Cauti","Est. tempo de leitura":"2 minutos"},"schema":{"@context":"https:\/\/schema.org","@graph":[{"@type":"NewsArticle","@id":"https:\/\/www.suno.com.br\/noticias\/ibge-producao-industrial-cresceu-11-em-2018\/#article","isPartOf":{"@id":"https:\/\/www.suno.com.br\/noticias\/ibge-producao-industrial-cresceu-11-em-2018\/"},"author":{"name":"Carlo Cauti","@id":"https:\/\/www.suno.com.br\/noticias\/#\/schema\/person\/e6e0f723cc177805027f4566c1d5e0c8"},"headline":"IBGE: produ\u00e7\u00e3o industrial cresceu 1,1% em 2018","datePublished":"2019-02-01T12:07:42+00:00","dateModified":"2019-02-01T12:08:38+00:00","mainEntityOfPage":{"@id":"https:\/\/www.suno.com.br\/noticias\/ibge-producao-industrial-cresceu-11-em-2018\/"},"wordCount":481,"publisher":{"@id":"https:\/\/www.suno.com.br\/noticias\/#organization"},"image":{"@id":"https:\/\/www.suno.com.br\/noticias\/ibge-producao-industrial-cresceu-11-em-2018\/#primaryimage"},"thumbnailUrl":"https:\/\/files.sunoresearch.com.br\/n\/uploads\/2018\/11\/04dfaa4b-ind\u00fastria-jpg.webp","keywords":["IBGE","produ\u00e7\u00e3o industrial"],"articleSection":["Mercado"],"inLanguage":"pt-BR"},{"@type":"WebPage","@id":"https:\/\/www.suno.com.br\/noticias\/ibge-producao-industrial-cresceu-11-em-2018\/","url":"https:\/\/www.suno.com.br\/noticias\/ibge-producao-industrial-cresceu-11-em-2018\/","name":"Produ\u00e7\u00e3o industrial cresceu 1,1% em 2018, informa o IBGE","isPartOf":{"@id":"https:\/\/www.suno.com.br\/noticias\/#website"},"primaryImageOfPage":{"@id":"https:\/\/www.suno.com.br\/noticias\/ibge-producao-industrial-cresceu-11-em-2018\/#primaryimage"},"image":{"@id":"https:\/\/www.suno.com.br\/noticias\/ibge-producao-industrial-cresceu-11-em-2018\/#primaryimage"},"thumbnailUrl":"https:\/\/files.sunoresearch.com.br\/n\/uploads\/2018\/11\/04dfaa4b-ind\u00fastria-jpg.webp","datePublished":"2019-02-01T12:07:42+00:00","dateModified":"2019-02-01T12:08:38+00:00","description":"A produ\u00e7\u00e3o industrial cresceu 1,1% em 2018, registrando um aumento de 0,2% em dezembro do ano passado. Clique aqui para saber mais.","breadcrumb":{"@id":"https:\/\/www.suno.com.br\/noticias\/ibge-producao-industrial-cresceu-11-em-2018\/#breadcrumb"},"inLanguage":"pt-BR","potentialAction":[{"@type":"ReadAction","target":["https:\/\/www.suno.com.br\/noticias\/ibge-producao-industrial-cresceu-11-em-2018\/"]}]},{"@type":"ImageObject","inLanguage":"pt-BR","@id":"https:\/\/www.suno.com.br\/noticias\/ibge-producao-industrial-cresceu-11-em-2018\/#primaryimage","url":"https:\/\/files.sunoresearch.com.br\/n\/uploads\/2018\/11\/04dfaa4b-ind\u00fastria-jpg.webp","contentUrl":"https:\/\/files.sunoresearch.com.br\/n\/uploads\/2018\/11\/04dfaa4b-ind\u00fastria-jpg.webp","width":1140,"height":760,"caption":"Ind\u00fastria - Produ\u00e7\u00e3o Industrial"},{"@type":"BreadcrumbList","@id":"https:\/\/www.suno.com.br\/noticias\/ibge-producao-industrial-cresceu-11-em-2018\/#breadcrumb","itemListElement":[{"@type":"ListItem","position":1,"name":"Not\u00edcias","item":"https:\/\/www.suno.com.br\/noticias\/"},{"@type":"ListItem","position":2,"name":"Mercado","item":"https:\/\/www.suno.com.br\/noticias\/mercado\/"},{"@type":"ListItem","position":3,"name":"IBGE: produ\u00e7\u00e3o industrial cresceu 1,1% em 2018"}]},{"@type":"WebSite","@id":"https:\/\/www.suno.com.br\/noticias\/#website","url":"https:\/\/www.suno.com.br\/noticias\/","name":"Suno Not\u00edcias","description":"Seu portal de informa\u00e7\u00e3o sobre o mundo dos investimentos","publisher":{"@id":"https:\/\/www.suno.com.br\/noticias\/#organization"},"potentialAction":[{"@type":"SearchAction","target":{"@type":"EntryPoint","urlTemplate":"https:\/\/www.suno.com.br\/noticias\/?s={search_term_string}"},"query-input":{"@type":"PropertyValueSpecification","valueRequired":true,"valueName":"search_term_string"}}],"inLanguage":"pt-BR"},{"@type":"Organization","@id":"https:\/\/www.suno.com.br\/noticias\/#organization","name":"Suno Not\u00edcias","url":"https:\/\/www.suno.com.br\/noticias\/","logo":{"@type":"ImageObject","inLanguage":"pt-BR","@id":"https:\/\/www.suno.com.br\/noticias\/#\/schema\/logo\/image\/","url":"https:\/\/files.sunoresearch.com.br\/n\/uploads\/2021\/09\/suno-logo.png","contentUrl":"https:\/\/files.sunoresearch.com.br\/n\/uploads\/2021\/09\/suno-logo.png","width":180,"height":180,"caption":"Suno Not\u00edcias"},"image":{"@id":"https:\/\/www.suno.com.br\/noticias\/#\/schema\/logo\/image\/"},"sameAs":["https:\/\/facebook.com\/sunoresearch","https:\/\/x.com\/sunoresearch","https:\/\/www.instagram.com\/suno","https:\/\/www.linkedin.com\/company\/suno-research\/","https:\/\/www.youtube.com\/c\/sunoresearch"]},{"@type":"Person","@id":"https:\/\/www.suno.com.br\/noticias\/#\/schema\/person\/e6e0f723cc177805027f4566c1d5e0c8","name":"Carlo Cauti","image":{"@type":"ImageObject","inLanguage":"pt-BR","@id":"https:\/\/www.suno.com.br\/noticias\/#\/schema\/person\/image\/","url":"https:\/\/secure.gravatar.com\/avatar\/3ada9e0bd164c23abd4792a9606d583c?s=96&r=g","contentUrl":"https:\/\/secure.gravatar.com\/avatar\/3ada9e0bd164c23abd4792a9606d583c?s=96&r=g","caption":"Carlo Cauti"},"description":"Editor multim\u00eddia do SUNO Not\u00edcias. Italiano, formado em Ci\u00eancias Pol\u00edticas pela universidade LUISS G. Carli de Roma e mestre cum laude em Rela\u00e7\u00f5es Internacionais, Jornalismo Internacional e de Guerra e em Economia Internacional. Concluiu tamb\u00e9m um MBA em Finan\u00e7as na B3. No Brasil, teve passagem por ve\u00edculos como Estad\u00e3o, Globo, Veja e EXAME. e nas ag\u00eancias de not\u00edcias italianas ANSA e NOVA.","url":"https:\/\/www.suno.com.br\/noticias\/author\/carlo-cauti\/"}]}},"default_loop_html":"<div class=\"cardsPage__listCard__boxs\"><div class=\"cardsPage__listCard__boxs__img\"><a href=\"https:\/\/www.suno.com.br\/noticias\/ibge-producao-industrial-cresceu-11-em-2018\/\"><img class=\"mask\" src=\"https:\/\/www.suno.com.br\/noticias\/wp-content\/themes\/suno\/resources\/images\/spotlight\/spotlight1img\/bg-mask.png\" alt=\"Image Mask\"\/><img src=\"https:\/\/files.sunoresearch.com.br\/n\/uploads\/2018\/11\/04dfaa4b-ind\u00fastria-400x200.webp\" alt=\"IBGE: produ\u00e7\u00e3o industrial cresceu 1,1% em 2018\"\/><\/a><span class=\"spotlightCategory\"><a href=\"https:\/\/www.suno.com.br\/noticias\/mercado\/\">Mercado<\/a><\/span><\/div><div class=\"cardsPage__listCard__boxs__content\"><a href=\"https:\/\/www.suno.com.br\/noticias\/ibge-producao-industrial-cresceu-11-em-2018\/\"><h2 class=\"content__title\">IBGE: produ\u00e7\u00e3o industrial cresceu 1,1% em 2018<\/h2><\/a><div class=\"newsContent__article__meta\"><div class=\"newsContent__article__meta__authorBox\"><a href=\"https:\/\/www.suno.com.br\/noticias\/author\/carlo-cauti\/\" class=\"authorBox__avatar noMobi\"><img src=\"https:\/\/files.sunoresearch.com.br\/n\/uploads\/2020\/08\/e3745f9a-perfil-carlo-cauti-150x150.webp\" alt=\"Carlo Cauti\"><\/a><div class=\"authorBox__name\"><span>por\n\t\t\t<a href=\"https:\/\/www.suno.com.br\/noticias\/author\/carlo-cauti\/\"><span itemprop=\"author\">Carlo Cauti<\/span><\/a><\/span><time datetime=\"2019-02-01T10:07:42-02:00\" itemprop=\"datePublished\">01\/02\/2019 10:07<\/time><\/div><\/div><\/div><\/div><\/div>","single_layout":"posts","amp_enabled":true,"_links":{"self":[{"href":"https:\/\/www.suno.com.br\/noticias\/wp-json\/wp\/v2\/posts\/13775"}],"collection":[{"href":"https:\/\/www.suno.com.br\/noticias\/wp-json\/wp\/v2\/posts"}],"about":[{"href":"https:\/\/www.suno.com.br\/noticias\/wp-json\/wp\/v2\/types\/post"}],"author":[{"embeddable":true,"href":"https:\/\/www.suno.com.br\/noticias\/wp-json\/wp\/v2\/users\/9"}],"replies":[{"embeddable":true,"href":"https:\/\/www.suno.com.br\/noticias\/wp-json\/wp\/v2\/comments?post=13775"}],"version-history":[{"count":0,"href":"https:\/\/www.suno.com.br\/noticias\/wp-json\/wp\/v2\/posts\/13775\/revisions"}],"wp:featuredmedia":[{"embeddable":true,"href":"https:\/\/www.suno.com.br\/noticias\/wp-json\/wp\/v2\/media\/7213"}],"wp:attachment":[{"href":"https:\/\/www.suno.com.br\/noticias\/wp-json\/wp\/v2\/media?parent=13775"}],"wp:term":[{"taxonomy":"category","embeddable":true,"href":"https:\/\/www.suno.com.br\/noticias\/wp-json\/wp\/v2\/categories?post=13775"},{"taxonomy":"post_tag","embeddable":true,"href":"https:\/\/www.suno.com.br\/noticias\/wp-json\/wp\/v2\/tags?post=13775"},{"taxonomy":"suno_strategy","embeddable":true,"href":"https:\/\/www.suno.com.br\/noticias\/wp-json\/wp\/v2\/suno_strategy?post=13775"}],"curies":[{"name":"wp","href":"https:\/\/api.w.org\/{rel}","templated":true}]}}