{"id":137519,"date":"2021-04-07T10:22:49","date_gmt":"2021-04-07T13:22:49","guid":{"rendered":"https:\/\/www.suno.com.br\/noticias\/?p=137519"},"modified":"2021-04-07T10:29:10","modified_gmt":"2021-04-07T13:29:10","slug":"boom-nos-eua-deve-durar-ate-2023-preve-jamie-dimon-ceo-do-jpmorgan","status":"publish","type":"post","link":"https:\/\/www.suno.com.br\/noticias\/boom-nos-eua-deve-durar-ate-2023-preve-jamie-dimon-ceo-do-jpmorgan\/","title":{"rendered":"Boom nos EUA deve durar at\u00e9 2023, prev\u00ea Jamie Dimon, CEO do JPMorgan"},"content":{"rendered":"<p>Em sua carta anual aos acionistas do JPMorgan, <strong><a href=\"https:\/\/www.suno.com.br\/tudo-sobre\/jamie-dimon\/\">Jamie Dimon<\/a><\/strong>, <a href=\"https:\/\/www.suno.com.br\/artigos\/ceo\/\">diretor-executivo (CEO)<\/a> do banco, afirmou estar otimista com o crescimento da economia americana, parcialmente por conta da resposta do governo do pa\u00eds \u00e0 crise gerada pela pandemia da covid-19.<\/p>\t<div class=\"wrapper-featured-image\">\n\t\t<figure class=\"spotlightImg\">\n\n\t\t\t<picture>\n\t\t\t\t<source media=\"(max-width: 768px)\" srcset=\"https:\/\/files.sunoresearch.com.br\/n\/uploads\/2021\/04\/e6fbadce-linkedin-400x200.webp\">\n\t\t\t\t<img loading=\"lazy\" decoding=\"async\" class=\"newsContent__article__imgCapa lazyloadDisabled \" src=\"https:\/\/files.sunoresearch.com.br\/n\/uploads\/2021\/04\/e6fbadce-linkedin-800x450.webp\" width=\"800\" height=\"450\" alt=\"Boom nos EUA deve durar at\u00e9 2023, prev\u00ea Jamie Dimon, CEO do JPMorgan\" fetchpriority=high \/>\n\t\t\t<\/picture>\n\n\t\t\t<figcaption class=\"wp-caption-text wp-caption-text--show\">Foto: Reprodu\u00e7\u00e3o LinkedIn<\/figcaption>\n\t\t<\/figure>\n\t<\/div>\n\n\n<p><span style=\"font-weight: 400;\">\t<p>\n\t\t<a href=\"https:\/\/lp.suno.com.br\/planilha-controle-gastos\/\" target=\"_blank\" data-element=\"shortcode-suno-banner\" title=\"Banner SUNO, clique e saiba mais\">\n\t\t\t<picture>\n\t\t\t\t<source media=\"(max-width: 500px)\" srcset=\"https:\/\/files.sunoresearch.com.br\/n\/uploads\/2023\/03\/400x300-Planilha-controle-de-gastos.png\">\n\t\t\t\t<img class=\"newsContent__article__imgCapa newsContent__article__imgCapa--banner\"\n\t\t\t\t\tsrc=\"https:\/\/files.sunoresearch.com.br\/n\/uploads\/2023\/03\/1420x240-Planilha-controle-de-gastos.png\"\n\t\t\t\t\tdata-promo-id=\"101751\"\t\t\t\t\t\t\t\t\t\twidth='1420' height='240'\t\t\t\t\talt=\"https:\/\/files.sunoresearch.com.br\/n\/uploads\/2023\/03\/1420x240-Planilha-controle-de-gastos.png\"\n\t\t\t\t>\n\t\t\t<\/picture>\n\t\t<\/a>\n\t<\/p>\n\n<\/span><\/p>\n<p>Para Jamie Dimon, apesar do aumento dos gastos e do d\u00e9ficit dos Estados Unidos, o combo formado pelos est\u00edmulos, o pacote de infraestrutura, a vacina bem-sucedida e a euforia do fim da pandemia devem <strong>levar o pa\u00eds a um <a href=\"https:\/\/www.suno.com.br\/artigos\/boom-economico\/\"><em>boom <\/em>econ\u00f4mico<\/a>\u00a0<\/strong>que deve ir &#8220;facilmente&#8221; at\u00e9 2023.<\/p>\n<p>Segundo o CEO do JPMorgan, que auxiliou o banco durante a crise de 2008 e foi parte do grupo que transformou a institui\u00e7\u00e3o na maior gestora de ativos dos Estados Unidos, a resposta do governo americano desta vez <strong>foi muito maior do que na <a href=\"https:\/\/www.suno.com.br\/artigos\/crise-do-subprime\/\">\u00e9poca dos<em> subprimes<\/em><\/a><\/strong>.<\/p>\n<p><a href=\"https:\/\/lp.suno.com.br\/suno-one\/?ppp=noticias\/hospital-care-pedido-ipo-cvm\/\"><b>Suno One: acesse gratuitamente eBooks, Minicursos, Artigos e V\u00eddeo Aulas sobre investimentos com um \u00fanico cadastro. Clique para saber mais!<\/b><\/a><\/p>\n<p>Jamie Dimon afirma, por\u00e9m, que o tamanho do <em>boom<\/em> ir\u00e1 demorar a ser mensurado, pois a qualidade dos gastos do governo s\u00f3 poder\u00e1 ser avaliada no longo prazo. &#8220;Alocado com sabedoria, o dinheiro criar\u00e1 mais oportunidades econ\u00f4micas para todos&#8221;, afirma.<\/p>\n<p>O CEO do JPMorgan avalia que o atual cen\u00e1rio do <strong>mercado de a\u00e7\u00f5es<\/strong> se encontra supervalorizado, mas que isso \u00e9 justificado pela precifica\u00e7\u00e3o do crescimento econ\u00f4mico futuro e pelo excesso de poupan\u00e7a que chega at\u00e9 \u00e0s bolsas de valores.<\/p>\n<p>Ao mesmo tempo, ele aponta que \u00e9 necess\u00e1rio avaliar o pre\u00e7o da d\u00edvida dos EUA, que estaria, por enquanto, excessivamente cara. Esse exagero, para Jamie Dimon, se deve primeiro \u00e0 enorme oferta da d\u00edvida, que precisa ser absorvida (o que leva o governo a elevar o que paga) e \u00e0 possibilidade de que a infla\u00e7\u00e3o n\u00e3o seja um problema tempor\u00e1rio.<\/p>\n<p><span style=\"font-weight: 400;\">\t<p>\n\t\t<a href=\"https:\/\/lp.suno.com.br\/planilha-da-vida-financeira\/\" target=\"_blank\" data-element=\"shortcode-suno-banner\" title=\"Banner SUNO, clique e saiba mais\">\n\t\t\t<picture>\n\t\t\t\t<source media=\"(max-width: 500px)\" srcset=\"https:\/\/files.sunoresearch.com.br\/n\/uploads\/2023\/04\/400x300-Planilha-vida-financeira-true.png\">\n\t\t\t\t<img class=\"newsContent__article__imgCapa newsContent__article__imgCapa--banner\"\n\t\t\t\t\tsrc=\"https:\/\/files.sunoresearch.com.br\/n\/uploads\/2023\/04\/1420x240-Planilha-vida-financeira-true.png\"\n\t\t\t\t\tdata-promo-id=\"106682\"\t\t\t\t\t\t\t\t\t\twidth='1420' height='240'\t\t\t\t\talt=\"https:\/\/files.sunoresearch.com.br\/n\/uploads\/2023\/04\/1420x240-Planilha-vida-financeira-true.png\"\n\t\t\t\t>\n\t\t\t<\/picture>\n\t\t<\/a>\n\t<\/p>\n\n<\/span><\/p>\n<h2>Para Jamie Dimon, EUA tem hist\u00f3rico em superar dificuldades mas precisa se unir<\/h2>\n<p>Esse problema, por\u00e9m, j\u00e1 teria sido enfrentado pelos Estados Unidos, que t\u00eam um hist\u00f3rico de superar seus desafios. &#8220;Em cada caso, o poder e a resili\u00eancia da Am\u00e9rica fortaleceram nossa posi\u00e7\u00e3o no mundo, especialmente em rela\u00e7\u00e3o aos nossos principais concorrentes. Mas desta vez pode ser diferente&#8221;, afirma.<\/p>\n<p>Segundo<strong> Jamie Dimon<\/strong>, os rivais dos Estados Unidos pontuam que o pa\u00eds agora \u00e9 uma na\u00e7\u00e3o dilacerada pela divis\u00e3o pol\u00edtica, racial e de renda e que \u00e9 incapaz de coordenar seus esfor\u00e7os de maneira coerente. &#8220;Precisamos ir al\u00e9m de nossas diferen\u00e7as e interesses pr\u00f3prios e agir pelo bem maior&#8221;, finaliza.<\/p>\n<p><span style=\"font-weight: 400;\">\t<p>\n\t\t<a href=\"https:\/\/lp.suno.com.br\/planilha-de-controle-de-investimentos\/\" target=\"_blank\" data-element=\"shortcode-suno-banner\" title=\"Banner SUNO, clique e saiba mais\">\n\t\t\t<picture>\n\t\t\t\t<source media=\"(max-width: 500px)\" srcset=\"https:\/\/files.sunoresearch.com.br\/n\/uploads\/2023\/03\/400x300-Controle-de-Investimentos.png\">\n\t\t\t\t<img class=\"newsContent__article__imgCapa newsContent__article__imgCapa--banner\"\n\t\t\t\t\tsrc=\"https:\/\/files.sunoresearch.com.br\/n\/uploads\/2023\/03\/1420x240-Controle-de-Investimentos.png\"\n\t\t\t\t\tdata-promo-id=\"75934\"\t\t\t\t\t\t\t\t\t\twidth='1420' height='240'\t\t\t\t\talt=\"https:\/\/files.sunoresearch.com.br\/n\/uploads\/2023\/03\/1420x240-Controle-de-Investimentos.png\"\n\t\t\t\t>\n\t\t\t<\/picture>\n\t\t<\/a>\n\t<\/p>\n\n<\/span><\/p>\n","protected":false},"excerpt":{"rendered":"<p>Em sua carta anual aos acionistas do JPMorgan, Jamie Dimon, diretor-executivo (CEO) do banco, afirmou estar otimista com o crescimento da economia americana, parcialmente por conta da resposta do governo do pa\u00eds \u00e0 crise gerada pela pandemia da covid-19. Foto: Reprodu\u00e7\u00e3o LinkedIn Para Jamie Dimon, apesar do aumento dos gastos e do d\u00e9ficit dos Estados [&hellip;]<\/p>\n","protected":false},"author":59,"featured_media":137558,"comment_status":"closed","ping_status":"closed","sticky":false,"template":"","format":"standard","meta":[],"categories":[63],"tags":[1168],"suno_strategy":[],"class_list":["post-137519","post","type-post","status-publish","format-standard","has-post-thumbnail","hentry","category-internacional","tag-jp-morgan-jpmc34"],"yoast_head":"<!-- This site is optimized with the Yoast SEO plugin v24.4 - https:\/\/yoast.com\/wordpress\/plugins\/seo\/ -->\n<title>Boom nos EUA deve durar at\u00e9 2023, prev\u00ea Jamie Dimon, do JPMorgan<\/title>\n<meta name=\"description\" content=\"Em carta anual aos acionistas, o CEO do JPMorgan Jamie Dimon diz estar otimista para com a economia americana. Clique aqui para saber mais.\" \/>\n<meta name=\"robots\" content=\"index, follow, max-snippet:-1, max-image-preview:large, max-video-preview:-1\" \/>\n<link rel=\"canonical\" href=\"https:\/\/www.suno.com.br\/noticias\/boom-nos-eua-deve-durar-ate-2023-preve-jamie-dimon-ceo-do-jpmorgan\/\" \/>\n<meta property=\"og:locale\" content=\"pt_BR\" \/>\n<meta property=\"og:type\" content=\"article\" \/>\n<meta property=\"og:title\" content=\"Boom nos EUA deve durar at\u00e9 2023, prev\u00ea Jamie Dimon, do JPMorgan\" \/>\n<meta property=\"og:description\" content=\"Em carta anual aos acionistas, o CEO do JPMorgan Jamie Dimon diz estar otimista para com a economia americana. Clique aqui para saber mais.\" \/>\n<meta property=\"og:url\" content=\"https:\/\/www.suno.com.br\/noticias\/boom-nos-eua-deve-durar-ate-2023-preve-jamie-dimon-ceo-do-jpmorgan\/\" \/>\n<meta property=\"og:site_name\" content=\"Suno Not\u00edcias\" \/>\n<meta property=\"article:publisher\" content=\"https:\/\/facebook.com\/sunoresearch\" \/>\n<meta property=\"og:image\" content=\"https:\/\/files.sunoresearch.com.br\/n\/uploads\/2021\/04\/e6fbadce-linkedin.jpg\" \/>\n\t<meta property=\"og:image:width\" content=\"800\" \/>\n\t<meta property=\"og:image:height\" content=\"536\" \/>\n\t<meta property=\"og:image:type\" content=\"image\/jpeg\" \/>\n<meta name=\"author\" content=\"Vitor Azevedo\" \/>\n<meta name=\"twitter:card\" content=\"summary_large_image\" \/>\n<meta name=\"twitter:creator\" content=\"@sunoresearch\" \/>\n<meta name=\"twitter:site\" content=\"@sunoresearch\" \/>\n<meta name=\"twitter:label1\" content=\"Escrito por\" \/>\n\t<meta name=\"twitter:data1\" content=\"Vitor Azevedo\" \/>\n\t<meta name=\"twitter:label2\" content=\"Est. tempo de leitura\" \/>\n\t<meta name=\"twitter:data2\" content=\"2 minutos\" \/>\n<script type=\"application\/ld+json\" class=\"yoast-schema-graph\">{\"@context\":\"https:\/\/schema.org\",\"@graph\":[{\"@type\":\"NewsArticle\",\"@id\":\"https:\/\/www.suno.com.br\/noticias\/boom-nos-eua-deve-durar-ate-2023-preve-jamie-dimon-ceo-do-jpmorgan\/#article\",\"isPartOf\":{\"@id\":\"https:\/\/www.suno.com.br\/noticias\/boom-nos-eua-deve-durar-ate-2023-preve-jamie-dimon-ceo-do-jpmorgan\/\"},\"author\":{\"name\":\"Vitor Azevedo\",\"@id\":\"https:\/\/www.suno.com.br\/noticias\/#\/schema\/person\/658d5fbc74d81f265f5df3562d0038ab\"},\"headline\":\"Boom nos EUA deve durar at\u00e9 2023, prev\u00ea Jamie Dimon, CEO do JPMorgan\",\"datePublished\":\"2021-04-07T13:22:49+00:00\",\"dateModified\":\"2021-04-07T13:29:10+00:00\",\"mainEntityOfPage\":{\"@id\":\"https:\/\/www.suno.com.br\/noticias\/boom-nos-eua-deve-durar-ate-2023-preve-jamie-dimon-ceo-do-jpmorgan\/\"},\"wordCount\":451,\"publisher\":{\"@id\":\"https:\/\/www.suno.com.br\/noticias\/#organization\"},\"image\":{\"@id\":\"https:\/\/www.suno.com.br\/noticias\/boom-nos-eua-deve-durar-ate-2023-preve-jamie-dimon-ceo-do-jpmorgan\/#primaryimage\"},\"thumbnailUrl\":\"https:\/\/files.sunoresearch.com.br\/n\/uploads\/2021\/04\/e6fbadce-linkedin-jpg.webp\",\"keywords\":[\"J.P. Morgan (JPMC34)\"],\"articleSection\":[\"Internacional\"],\"inLanguage\":\"pt-BR\"},{\"@type\":\"WebPage\",\"@id\":\"https:\/\/www.suno.com.br\/noticias\/boom-nos-eua-deve-durar-ate-2023-preve-jamie-dimon-ceo-do-jpmorgan\/\",\"url\":\"https:\/\/www.suno.com.br\/noticias\/boom-nos-eua-deve-durar-ate-2023-preve-jamie-dimon-ceo-do-jpmorgan\/\",\"name\":\"Boom nos EUA deve durar at\u00e9 2023, prev\u00ea Jamie Dimon, do JPMorgan\",\"isPartOf\":{\"@id\":\"https:\/\/www.suno.com.br\/noticias\/#website\"},\"primaryImageOfPage\":{\"@id\":\"https:\/\/www.suno.com.br\/noticias\/boom-nos-eua-deve-durar-ate-2023-preve-jamie-dimon-ceo-do-jpmorgan\/#primaryimage\"},\"image\":{\"@id\":\"https:\/\/www.suno.com.br\/noticias\/boom-nos-eua-deve-durar-ate-2023-preve-jamie-dimon-ceo-do-jpmorgan\/#primaryimage\"},\"thumbnailUrl\":\"https:\/\/files.sunoresearch.com.br\/n\/uploads\/2021\/04\/e6fbadce-linkedin-jpg.webp\",\"datePublished\":\"2021-04-07T13:22:49+00:00\",\"dateModified\":\"2021-04-07T13:29:10+00:00\",\"description\":\"Em carta anual aos acionistas, o CEO do JPMorgan Jamie Dimon diz estar otimista para com a economia americana. Clique aqui para saber mais.\",\"breadcrumb\":{\"@id\":\"https:\/\/www.suno.com.br\/noticias\/boom-nos-eua-deve-durar-ate-2023-preve-jamie-dimon-ceo-do-jpmorgan\/#breadcrumb\"},\"inLanguage\":\"pt-BR\",\"potentialAction\":[{\"@type\":\"ReadAction\",\"target\":[\"https:\/\/www.suno.com.br\/noticias\/boom-nos-eua-deve-durar-ate-2023-preve-jamie-dimon-ceo-do-jpmorgan\/\"]}]},{\"@type\":\"ImageObject\",\"inLanguage\":\"pt-BR\",\"@id\":\"https:\/\/www.suno.com.br\/noticias\/boom-nos-eua-deve-durar-ate-2023-preve-jamie-dimon-ceo-do-jpmorgan\/#primaryimage\",\"url\":\"https:\/\/files.sunoresearch.com.br\/n\/uploads\/2021\/04\/e6fbadce-linkedin-jpg.webp\",\"contentUrl\":\"https:\/\/files.sunoresearch.com.br\/n\/uploads\/2021\/04\/e6fbadce-linkedin-jpg.webp\",\"width\":800,\"height\":536,\"caption\":\"Foto: Reprodu\u00e7\u00e3o LinkedIn\"},{\"@type\":\"BreadcrumbList\",\"@id\":\"https:\/\/www.suno.com.br\/noticias\/boom-nos-eua-deve-durar-ate-2023-preve-jamie-dimon-ceo-do-jpmorgan\/#breadcrumb\",\"itemListElement\":[{\"@type\":\"ListItem\",\"position\":1,\"name\":\"Not\u00edcias\",\"item\":\"https:\/\/www.suno.com.br\/noticias\/\"},{\"@type\":\"ListItem\",\"position\":2,\"name\":\"Internacional\",\"item\":\"https:\/\/www.suno.com.br\/noticias\/internacional\/\"},{\"@type\":\"ListItem\",\"position\":3,\"name\":\"Boom nos EUA deve durar at\u00e9 2023, prev\u00ea Jamie Dimon, CEO do JPMorgan\"}]},{\"@type\":\"WebSite\",\"@id\":\"https:\/\/www.suno.com.br\/noticias\/#website\",\"url\":\"https:\/\/www.suno.com.br\/noticias\/\",\"name\":\"Suno Not\u00edcias\",\"description\":\"Seu portal de informa\u00e7\u00e3o sobre o mundo dos investimentos\",\"publisher\":{\"@id\":\"https:\/\/www.suno.com.br\/noticias\/#organization\"},\"potentialAction\":[{\"@type\":\"SearchAction\",\"target\":{\"@type\":\"EntryPoint\",\"urlTemplate\":\"https:\/\/www.suno.com.br\/noticias\/?s={search_term_string}\"},\"query-input\":{\"@type\":\"PropertyValueSpecification\",\"valueRequired\":true,\"valueName\":\"search_term_string\"}}],\"inLanguage\":\"pt-BR\"},{\"@type\":\"Organization\",\"@id\":\"https:\/\/www.suno.com.br\/noticias\/#organization\",\"name\":\"Suno Not\u00edcias\",\"url\":\"https:\/\/www.suno.com.br\/noticias\/\",\"logo\":{\"@type\":\"ImageObject\",\"inLanguage\":\"pt-BR\",\"@id\":\"https:\/\/www.suno.com.br\/noticias\/#\/schema\/logo\/image\/\",\"url\":\"https:\/\/files.sunoresearch.com.br\/n\/uploads\/2021\/09\/suno-logo.png\",\"contentUrl\":\"https:\/\/files.sunoresearch.com.br\/n\/uploads\/2021\/09\/suno-logo.png\",\"width\":180,\"height\":180,\"caption\":\"Suno Not\u00edcias\"},\"image\":{\"@id\":\"https:\/\/www.suno.com.br\/noticias\/#\/schema\/logo\/image\/\"},\"sameAs\":[\"https:\/\/facebook.com\/sunoresearch\",\"https:\/\/x.com\/sunoresearch\",\"https:\/\/www.instagram.com\/suno\",\"https:\/\/www.linkedin.com\/company\/suno-research\/\",\"https:\/\/www.youtube.com\/c\/sunoresearch\"]},{\"@type\":\"Person\",\"@id\":\"https:\/\/www.suno.com.br\/noticias\/#\/schema\/person\/658d5fbc74d81f265f5df3562d0038ab\",\"name\":\"Vitor Azevedo\",\"image\":{\"@type\":\"ImageObject\",\"inLanguage\":\"pt-BR\",\"@id\":\"https:\/\/www.suno.com.br\/noticias\/#\/schema\/person\/image\/\",\"url\":\"https:\/\/secure.gravatar.com\/avatar\/62b86195291b446fe380824eb28b99a5?s=96&r=g\",\"contentUrl\":\"https:\/\/secure.gravatar.com\/avatar\/62b86195291b446fe380824eb28b99a5?s=96&r=g\",\"caption\":\"Vitor Azevedo\"},\"description\":\"Formado em jornalismo pela Unesp, escreve sobre economia e neg\u00f3cios para a Suno Not\u00edcias.\",\"url\":\"https:\/\/www.suno.com.br\/noticias\/author\/vitor-azevedo\/\"}]}<\/script>\n<!-- \/ Yoast SEO plugin. -->","yoast_head_json":{"title":"Boom nos EUA deve durar at\u00e9 2023, prev\u00ea Jamie Dimon, do JPMorgan","description":"Em carta anual aos acionistas, o CEO do JPMorgan Jamie Dimon diz estar otimista para com a economia americana. Clique aqui para saber mais.","robots":{"index":"index","follow":"follow","max-snippet":"max-snippet:-1","max-image-preview":"max-image-preview:large","max-video-preview":"max-video-preview:-1"},"canonical":"https:\/\/www.suno.com.br\/noticias\/boom-nos-eua-deve-durar-ate-2023-preve-jamie-dimon-ceo-do-jpmorgan\/","og_locale":"pt_BR","og_type":"article","og_title":"Boom nos EUA deve durar at\u00e9 2023, prev\u00ea Jamie Dimon, do JPMorgan","og_description":"Em carta anual aos acionistas, o CEO do JPMorgan Jamie Dimon diz estar otimista para com a economia americana. Clique aqui para saber mais.","og_url":"https:\/\/www.suno.com.br\/noticias\/boom-nos-eua-deve-durar-ate-2023-preve-jamie-dimon-ceo-do-jpmorgan\/","og_site_name":"Suno Not\u00edcias","article_publisher":"https:\/\/facebook.com\/sunoresearch","og_image":[{"width":800,"height":536,"url":"https:\/\/files.sunoresearch.com.br\/n\/uploads\/2021\/04\/e6fbadce-linkedin.jpg","type":"image\/jpeg"}],"author":"Vitor Azevedo","twitter_card":"summary_large_image","twitter_creator":"@sunoresearch","twitter_site":"@sunoresearch","twitter_misc":{"Escrito por":"Vitor Azevedo","Est. tempo de leitura":"2 minutos"},"schema":{"@context":"https:\/\/schema.org","@graph":[{"@type":"NewsArticle","@id":"https:\/\/www.suno.com.br\/noticias\/boom-nos-eua-deve-durar-ate-2023-preve-jamie-dimon-ceo-do-jpmorgan\/#article","isPartOf":{"@id":"https:\/\/www.suno.com.br\/noticias\/boom-nos-eua-deve-durar-ate-2023-preve-jamie-dimon-ceo-do-jpmorgan\/"},"author":{"name":"Vitor Azevedo","@id":"https:\/\/www.suno.com.br\/noticias\/#\/schema\/person\/658d5fbc74d81f265f5df3562d0038ab"},"headline":"Boom nos EUA deve durar at\u00e9 2023, prev\u00ea Jamie Dimon, CEO do JPMorgan","datePublished":"2021-04-07T13:22:49+00:00","dateModified":"2021-04-07T13:29:10+00:00","mainEntityOfPage":{"@id":"https:\/\/www.suno.com.br\/noticias\/boom-nos-eua-deve-durar-ate-2023-preve-jamie-dimon-ceo-do-jpmorgan\/"},"wordCount":451,"publisher":{"@id":"https:\/\/www.suno.com.br\/noticias\/#organization"},"image":{"@id":"https:\/\/www.suno.com.br\/noticias\/boom-nos-eua-deve-durar-ate-2023-preve-jamie-dimon-ceo-do-jpmorgan\/#primaryimage"},"thumbnailUrl":"https:\/\/files.sunoresearch.com.br\/n\/uploads\/2021\/04\/e6fbadce-linkedin-jpg.webp","keywords":["J.P. Morgan (JPMC34)"],"articleSection":["Internacional"],"inLanguage":"pt-BR"},{"@type":"WebPage","@id":"https:\/\/www.suno.com.br\/noticias\/boom-nos-eua-deve-durar-ate-2023-preve-jamie-dimon-ceo-do-jpmorgan\/","url":"https:\/\/www.suno.com.br\/noticias\/boom-nos-eua-deve-durar-ate-2023-preve-jamie-dimon-ceo-do-jpmorgan\/","name":"Boom nos EUA deve durar at\u00e9 2023, prev\u00ea Jamie Dimon, do JPMorgan","isPartOf":{"@id":"https:\/\/www.suno.com.br\/noticias\/#website"},"primaryImageOfPage":{"@id":"https:\/\/www.suno.com.br\/noticias\/boom-nos-eua-deve-durar-ate-2023-preve-jamie-dimon-ceo-do-jpmorgan\/#primaryimage"},"image":{"@id":"https:\/\/www.suno.com.br\/noticias\/boom-nos-eua-deve-durar-ate-2023-preve-jamie-dimon-ceo-do-jpmorgan\/#primaryimage"},"thumbnailUrl":"https:\/\/files.sunoresearch.com.br\/n\/uploads\/2021\/04\/e6fbadce-linkedin-jpg.webp","datePublished":"2021-04-07T13:22:49+00:00","dateModified":"2021-04-07T13:29:10+00:00","description":"Em carta anual aos acionistas, o CEO do JPMorgan Jamie Dimon diz estar otimista para com a economia americana. Clique aqui para saber mais.","breadcrumb":{"@id":"https:\/\/www.suno.com.br\/noticias\/boom-nos-eua-deve-durar-ate-2023-preve-jamie-dimon-ceo-do-jpmorgan\/#breadcrumb"},"inLanguage":"pt-BR","potentialAction":[{"@type":"ReadAction","target":["https:\/\/www.suno.com.br\/noticias\/boom-nos-eua-deve-durar-ate-2023-preve-jamie-dimon-ceo-do-jpmorgan\/"]}]},{"@type":"ImageObject","inLanguage":"pt-BR","@id":"https:\/\/www.suno.com.br\/noticias\/boom-nos-eua-deve-durar-ate-2023-preve-jamie-dimon-ceo-do-jpmorgan\/#primaryimage","url":"https:\/\/files.sunoresearch.com.br\/n\/uploads\/2021\/04\/e6fbadce-linkedin-jpg.webp","contentUrl":"https:\/\/files.sunoresearch.com.br\/n\/uploads\/2021\/04\/e6fbadce-linkedin-jpg.webp","width":800,"height":536,"caption":"Foto: Reprodu\u00e7\u00e3o LinkedIn"},{"@type":"BreadcrumbList","@id":"https:\/\/www.suno.com.br\/noticias\/boom-nos-eua-deve-durar-ate-2023-preve-jamie-dimon-ceo-do-jpmorgan\/#breadcrumb","itemListElement":[{"@type":"ListItem","position":1,"name":"Not\u00edcias","item":"https:\/\/www.suno.com.br\/noticias\/"},{"@type":"ListItem","position":2,"name":"Internacional","item":"https:\/\/www.suno.com.br\/noticias\/internacional\/"},{"@type":"ListItem","position":3,"name":"Boom nos EUA deve durar at\u00e9 2023, prev\u00ea Jamie Dimon, CEO do JPMorgan"}]},{"@type":"WebSite","@id":"https:\/\/www.suno.com.br\/noticias\/#website","url":"https:\/\/www.suno.com.br\/noticias\/","name":"Suno Not\u00edcias","description":"Seu portal de informa\u00e7\u00e3o sobre o mundo dos investimentos","publisher":{"@id":"https:\/\/www.suno.com.br\/noticias\/#organization"},"potentialAction":[{"@type":"SearchAction","target":{"@type":"EntryPoint","urlTemplate":"https:\/\/www.suno.com.br\/noticias\/?s={search_term_string}"},"query-input":{"@type":"PropertyValueSpecification","valueRequired":true,"valueName":"search_term_string"}}],"inLanguage":"pt-BR"},{"@type":"Organization","@id":"https:\/\/www.suno.com.br\/noticias\/#organization","name":"Suno Not\u00edcias","url":"https:\/\/www.suno.com.br\/noticias\/","logo":{"@type":"ImageObject","inLanguage":"pt-BR","@id":"https:\/\/www.suno.com.br\/noticias\/#\/schema\/logo\/image\/","url":"https:\/\/files.sunoresearch.com.br\/n\/uploads\/2021\/09\/suno-logo.png","contentUrl":"https:\/\/files.sunoresearch.com.br\/n\/uploads\/2021\/09\/suno-logo.png","width":180,"height":180,"caption":"Suno Not\u00edcias"},"image":{"@id":"https:\/\/www.suno.com.br\/noticias\/#\/schema\/logo\/image\/"},"sameAs":["https:\/\/facebook.com\/sunoresearch","https:\/\/x.com\/sunoresearch","https:\/\/www.instagram.com\/suno","https:\/\/www.linkedin.com\/company\/suno-research\/","https:\/\/www.youtube.com\/c\/sunoresearch"]},{"@type":"Person","@id":"https:\/\/www.suno.com.br\/noticias\/#\/schema\/person\/658d5fbc74d81f265f5df3562d0038ab","name":"Vitor Azevedo","image":{"@type":"ImageObject","inLanguage":"pt-BR","@id":"https:\/\/www.suno.com.br\/noticias\/#\/schema\/person\/image\/","url":"https:\/\/secure.gravatar.com\/avatar\/62b86195291b446fe380824eb28b99a5?s=96&r=g","contentUrl":"https:\/\/secure.gravatar.com\/avatar\/62b86195291b446fe380824eb28b99a5?s=96&r=g","caption":"Vitor Azevedo"},"description":"Formado em jornalismo pela Unesp, escreve sobre economia e neg\u00f3cios para a Suno Not\u00edcias.","url":"https:\/\/www.suno.com.br\/noticias\/author\/vitor-azevedo\/"}]}},"default_loop_html":"<div class=\"cardsPage__listCard__boxs\"><div class=\"cardsPage__listCard__boxs__img\"><a href=\"https:\/\/www.suno.com.br\/noticias\/boom-nos-eua-deve-durar-ate-2023-preve-jamie-dimon-ceo-do-jpmorgan\/\"><img class=\"mask\" src=\"https:\/\/www.suno.com.br\/noticias\/wp-content\/themes\/suno\/resources\/images\/spotlight\/spotlight1img\/bg-mask.png\" alt=\"Image Mask\"\/><img src=\"https:\/\/files.sunoresearch.com.br\/n\/uploads\/2021\/04\/e6fbadce-linkedin-400x200.webp\" alt=\"Boom nos EUA deve durar at\u00e9 2023, prev\u00ea Jamie Dimon, CEO do JPMorgan\"\/><\/a><span class=\"spotlightCategory\"><a href=\"https:\/\/www.suno.com.br\/noticias\/internacional\/\">Internacional<\/a><\/span><\/div><div class=\"cardsPage__listCard__boxs__content\"><a href=\"https:\/\/www.suno.com.br\/noticias\/boom-nos-eua-deve-durar-ate-2023-preve-jamie-dimon-ceo-do-jpmorgan\/\"><h2 class=\"content__title\">Boom nos EUA deve durar at\u00e9 2023, prev\u00ea Jamie Dimon, CEO do JPMorgan<\/h2><\/a><div class=\"newsContent__article__meta\"><div class=\"newsContent__article__meta__authorBox\"><a href=\"https:\/\/www.suno.com.br\/noticias\/author\/vitor-azevedo\/\" class=\"authorBox__avatar noMobi\"><img src=\"https:\/\/secure.gravatar.com\/avatar\/62b86195291b446fe380824eb28b99a5?s=96&#038;r=g\" alt=\"Vitor Azevedo\"><\/a><div class=\"authorBox__name\"><span>por\n\t\t\t<a href=\"https:\/\/www.suno.com.br\/noticias\/author\/vitor-azevedo\/\"><span itemprop=\"author\">Vitor Azevedo<\/span><\/a><\/span><time datetime=\"2021-04-07T10:22:49-03:00\" itemprop=\"datePublished\">07\/04\/2021 10:22<\/time><\/div><\/div><\/div><\/div><\/div>","single_layout":"posts","amp_enabled":true,"_links":{"self":[{"href":"https:\/\/www.suno.com.br\/noticias\/wp-json\/wp\/v2\/posts\/137519"}],"collection":[{"href":"https:\/\/www.suno.com.br\/noticias\/wp-json\/wp\/v2\/posts"}],"about":[{"href":"https:\/\/www.suno.com.br\/noticias\/wp-json\/wp\/v2\/types\/post"}],"author":[{"embeddable":true,"href":"https:\/\/www.suno.com.br\/noticias\/wp-json\/wp\/v2\/users\/59"}],"replies":[{"embeddable":true,"href":"https:\/\/www.suno.com.br\/noticias\/wp-json\/wp\/v2\/comments?post=137519"}],"version-history":[{"count":4,"href":"https:\/\/www.suno.com.br\/noticias\/wp-json\/wp\/v2\/posts\/137519\/revisions"}],"predecessor-version":[{"id":137557,"href":"https:\/\/www.suno.com.br\/noticias\/wp-json\/wp\/v2\/posts\/137519\/revisions\/137557"}],"wp:featuredmedia":[{"embeddable":true,"href":"https:\/\/www.suno.com.br\/noticias\/wp-json\/wp\/v2\/media\/137558"}],"wp:attachment":[{"href":"https:\/\/www.suno.com.br\/noticias\/wp-json\/wp\/v2\/media?parent=137519"}],"wp:term":[{"taxonomy":"category","embeddable":true,"href":"https:\/\/www.suno.com.br\/noticias\/wp-json\/wp\/v2\/categories?post=137519"},{"taxonomy":"post_tag","embeddable":true,"href":"https:\/\/www.suno.com.br\/noticias\/wp-json\/wp\/v2\/tags?post=137519"},{"taxonomy":"suno_strategy","embeddable":true,"href":"https:\/\/www.suno.com.br\/noticias\/wp-json\/wp\/v2\/suno_strategy?post=137519"}],"curies":[{"name":"wp","href":"https:\/\/api.w.org\/{rel}","templated":true}]}}