{"id":13736,"date":"2019-01-31T19:17:31","date_gmt":"2019-01-31T21:17:31","guid":{"rendered":"https:\/\/www.suno.com.br\/noticias\/?p=13736"},"modified":"2019-02-07T19:16:01","modified_gmt":"2019-02-07T21:16:01","slug":"cafe-brasil-fatura-exportacoes","status":"publish","type":"post","link":"https:\/\/www.suno.com.br\/noticias\/cafe-brasil-fatura-exportacoes\/","title":{"rendered":"Caf\u00e9: Brasil fatura US$ 5,1 bilh\u00f5es com exporta\u00e7\u00f5es em 2018"},"content":{"rendered":"<p>O Brasil faturou em exporta\u00e7\u00f5es com o caf\u00e9 US$ 5,1 bilh\u00f5es em 2018.<\/p>\t<div class=\"wrapper-featured-image\">\n\t\t<figure class=\"spotlightImg\">\n\n\t\t\t<picture>\n\t\t\t\t<source media=\"(max-width: 768px)\" srcset=\"https:\/\/files.sunoresearch.com.br\/n\/uploads\/2019\/01\/51530580-caf\u00e9-400x200.webp\">\n\t\t\t\t<img loading=\"lazy\" decoding=\"async\" class=\"newsContent__article__imgCapa lazyloadDisabled newsContent__article__imgCapa--noCaption\" src=\"https:\/\/files.sunoresearch.com.br\/n\/uploads\/2019\/01\/51530580-caf\u00e9-800x450.webp\" width=\"800\" height=\"450\" alt=\"Caf\u00e9: Brasil fatura US$ 5,1 bilh\u00f5es com exporta\u00e7\u00f5es em 2018\" fetchpriority=high \/>\n\t\t\t<\/picture>\n\n\t\t\t<figcaption class=\"wp-caption-text wp-caption-text--hide\">Caf\u00e9 especial do Brasil perde espa\u00e7o nos EUA ap\u00f3s tarifa\u00e7o.<\/figcaption>\n\t\t<\/figure>\n\t<\/div>\n\n\n<p>No ano passado, o Pa\u00eds<strong> exportou<\/strong> 35,2 milh\u00f5es de sacas de 60 quilogramas de <strong>caf\u00e9 verde<\/strong>, sol\u00favel, torrado e mo\u00eddo, aumento de 13,9% em rela\u00e7\u00e3o a 2017.<\/p>\n<p><a href=\"https:\/\/www.suno.com.br\/noticias\/araujo-criacao-departamento-agronegocio-itamaraty\/\">Saiba mais: Ara\u00fajo anuncia cria\u00e7\u00e3o de Departamento do Agroneg\u00f3cio no Itamaraty<\/a><\/p>\n<p>Em entrevista para o jornal Not\u00edcias Agr\u00edcolas, o presidente do <strong>Conselho dos Exportadores de Caf\u00e9 do Brasil (Cecaf\u00e9)<\/strong>, Nelson Carvalhaes, disse que a receita com as <strong>exporta\u00e7\u00f5es<\/strong> dos diferentes tipos de <strong>caf\u00e9<\/strong> chegou a US$ 5,1 bilh\u00f5es.<\/p>\n<p>No entanto, o valor \u00e9 3,0% menor que 2017 por conta da queda do pre\u00e7o m\u00e9dio da saca, 14,9% mais baixo do que em 2017.<\/p>\n<p>O aumento das\u00a0<strong>exporta\u00e7\u00f5es<\/strong>\u00a0do produto para a <strong>China<\/strong> impulsionaram as vendas. O pa\u00eds asi\u00e1tico elevou as compras do <strong>caf\u00e9<\/strong> brasileiro em 150%, importando quase 163 mil sacas.<\/p>\n<p>J\u00e1 em mercados consolidados, como Estados Unidos, B\u00e9lgica, Jap\u00e3o e Reino Unido, as <strong>exporta\u00e7\u00f5es<\/strong> continuaram firmes.<\/p>\n<p><a href=\"https:\/\/www.suno.com.br\/noticias\/exportacoes-agronegocio-batem-recorde-ultrapassam\/\">Saiba mais: Exporta\u00e7\u00f5es do agroneg\u00f3cio batem recorde e ultrapassam US$ 100 bi<\/a><\/p>\n<p>Carvalhaes disse que para 2019 o cen\u00e1rio \u00e9 otimista, com previs\u00e3o de crescimento nos mercados asi\u00e1ticos.<\/p>\n<p>O Brasil produziu 53,73 milh\u00f5es de sacas de 60 quilogramas em 2017, quebra de 7,1% em rela\u00e7\u00e3o a 2016. Os n\u00fameros s\u00e3o da <strong>Organiza\u00e7\u00e3o Internacional do Caf\u00e9<\/strong>.<\/p>\n<p>Al\u00e9m disso, o Pa\u00eds \u00e9 o principal produtor mundial de <strong>caf\u00e9<\/strong>. Em segundo lugar vem o Vietn\u00e3, com uma larga diferen\u00e7a de 29,5 milh\u00f5es de sacas em rela\u00e7\u00e3o ao Brasil.<\/p>\n<h2>Soja<\/h2>\n<p>Por outro lado, a <strong>soja brasileira<\/strong> vem enfrentando quedas nas estimativas de <strong>exporta\u00e7\u00e3o.<\/strong><\/p>\n<p>Tr\u00eas consultorias j\u00e1 rebaixaram as previs\u00f5es para a safra 2018\/2019:<\/p>\n<ul>\n<li><strong>Datagro<\/strong><\/li>\n<li><strong>Associa\u00e7\u00e3o Brasileira das Ind\u00fastrias de \u00d3leos Vegetais (Abiove)<\/strong><\/li>\n<li><strong>Deral<\/strong><\/li>\n<\/ul>\n<p>O\u00a0<strong>clima seco<\/strong> <strong>e quente<\/strong> verificados no m\u00eas de dezembro de 2018 motivou a redu\u00e7\u00e3o das expectativas.<\/p>\n<p><a href=\"https:\/\/www.suno.com.br\/noticias\/consultoria-diminui-previsao-soja\/\">Saiba mais:\u00a0Consultoria diminui previs\u00e3o de safra de soja por causa da seca<\/a><\/p>\n<p>A <strong>Abiove<\/strong> tamb\u00e9m estima que o faturamento com as <strong>exporta\u00e7\u00f5es<\/strong> do complexo de soja caia de US$ 34,2 bilh\u00f5es para US$ 32,75 bilh\u00f5es em 2019.<\/p>\n<p>No caso do <strong>caf\u00e9<\/strong>, o <strong>clima seco<\/strong> quebrou a safra de 2017 no Espirito Santo, um dos maiores produtores do Pa\u00eds. Por\u00e9m, o <strong>Brasil<\/strong> conseguiu se recuperar da queda.<\/p>\n","protected":false},"excerpt":{"rendered":"<p>O Brasil faturou em exporta\u00e7\u00f5es com o caf\u00e9 US$ 5,1 bilh\u00f5es em 2018. Caf\u00e9 especial do Brasil perde espa\u00e7o nos EUA ap\u00f3s tarifa\u00e7o. No ano passado, o Pa\u00eds exportou 35,2 milh\u00f5es de sacas de 60 quilogramas de caf\u00e9 verde, sol\u00favel, torrado e mo\u00eddo, aumento de 13,9% em rela\u00e7\u00e3o a 2017. Saiba mais: Ara\u00fajo anuncia cria\u00e7\u00e3o [&hellip;]<\/p>\n","protected":false},"author":14,"featured_media":11485,"comment_status":"closed","ping_status":"closed","sticky":false,"template":"","format":"standard","meta":[],"categories":[64],"tags":[1059,707,917],"suno_strategy":[],"class_list":["post-13736","post","type-post","status-publish","format-standard","has-post-thumbnail","hentry","category-negocios","tag-cafe","tag-exportacoes","tag-soja"],"yoast_head":"<!-- This site is optimized with the Yoast SEO plugin v24.4 - https:\/\/yoast.com\/wordpress\/plugins\/seo\/ -->\n<title>Caf\u00e9: Brasil fatura US$ 5,1 milh\u00f5es com exporta\u00e7\u00f5es em 2018<\/title>\n<meta name=\"description\" content=\"O das valor expota\u00e7\u00f5es de caf\u00e9 \u00e9 3,0% menor que 2017 por conta da queda do pre\u00e7o m\u00e9dio da saca, 14,9% mais baixo do que em 2017. Leia mais.\" \/>\n<meta name=\"robots\" content=\"index, follow, max-snippet:-1, max-image-preview:large, max-video-preview:-1\" \/>\n<link rel=\"canonical\" href=\"https:\/\/www.suno.com.br\/noticias\/cafe-brasil-fatura-exportacoes\/\" \/>\n<meta property=\"og:locale\" content=\"pt_BR\" \/>\n<meta property=\"og:type\" content=\"article\" \/>\n<meta property=\"og:title\" content=\"Caf\u00e9: Brasil fatura US$ 5,1 milh\u00f5es com exporta\u00e7\u00f5es em 2018\" \/>\n<meta property=\"og:description\" content=\"O das valor expota\u00e7\u00f5es de caf\u00e9 \u00e9 3,0% menor que 2017 por conta da queda do pre\u00e7o m\u00e9dio da saca, 14,9% mais baixo do que em 2017. Leia mais.\" \/>\n<meta property=\"og:url\" content=\"https:\/\/www.suno.com.br\/noticias\/cafe-brasil-fatura-exportacoes\/\" \/>\n<meta property=\"og:site_name\" content=\"Suno Not\u00edcias\" \/>\n<meta property=\"article:publisher\" content=\"https:\/\/facebook.com\/sunoresearch\" \/>\n<meta property=\"og:image\" content=\"https:\/\/files.sunoresearch.com.br\/n\/uploads\/2019\/01\/51530580-caf\u00e9.jpg\" \/>\n\t<meta property=\"og:image:width\" content=\"1140\" \/>\n\t<meta property=\"og:image:height\" content=\"760\" \/>\n\t<meta property=\"og:image:type\" content=\"image\/jpeg\" \/>\n<meta name=\"author\" content=\"Renan Dantas\" \/>\n<meta name=\"twitter:card\" content=\"summary_large_image\" \/>\n<meta name=\"twitter:creator\" content=\"@sunoresearch\" \/>\n<meta name=\"twitter:site\" content=\"@sunoresearch\" \/>\n<meta name=\"twitter:label1\" content=\"Escrito por\" \/>\n\t<meta name=\"twitter:data1\" content=\"Renan Dantas\" \/>\n\t<meta name=\"twitter:label2\" content=\"Est. tempo de leitura\" \/>\n\t<meta name=\"twitter:data2\" content=\"2 minutos\" \/>\n<script type=\"application\/ld+json\" class=\"yoast-schema-graph\">{\"@context\":\"https:\/\/schema.org\",\"@graph\":[{\"@type\":\"NewsArticle\",\"@id\":\"https:\/\/www.suno.com.br\/noticias\/cafe-brasil-fatura-exportacoes\/#article\",\"isPartOf\":{\"@id\":\"https:\/\/www.suno.com.br\/noticias\/cafe-brasil-fatura-exportacoes\/\"},\"author\":{\"name\":\"Renan Dantas\",\"@id\":\"https:\/\/www.suno.com.br\/noticias\/#\/schema\/person\/3f7693d5795a3f6d5ce15309ee785699\"},\"headline\":\"Caf\u00e9: Brasil fatura US$ 5,1 bilh\u00f5es com exporta\u00e7\u00f5es em 2018\",\"datePublished\":\"2019-01-31T21:17:31+00:00\",\"dateModified\":\"2019-02-07T21:16:01+00:00\",\"mainEntityOfPage\":{\"@id\":\"https:\/\/www.suno.com.br\/noticias\/cafe-brasil-fatura-exportacoes\/\"},\"wordCount\":391,\"publisher\":{\"@id\":\"https:\/\/www.suno.com.br\/noticias\/#organization\"},\"image\":{\"@id\":\"https:\/\/www.suno.com.br\/noticias\/cafe-brasil-fatura-exportacoes\/#primaryimage\"},\"thumbnailUrl\":\"https:\/\/files.sunoresearch.com.br\/n\/uploads\/2019\/01\/51530580-caf\u00e9-jpg.webp\",\"keywords\":[\"caf\u00e9\",\"exporta\u00e7\u00f5es\",\"soja\"],\"articleSection\":[\"Neg\u00f3cios\"],\"inLanguage\":\"pt-BR\"},{\"@type\":\"WebPage\",\"@id\":\"https:\/\/www.suno.com.br\/noticias\/cafe-brasil-fatura-exportacoes\/\",\"url\":\"https:\/\/www.suno.com.br\/noticias\/cafe-brasil-fatura-exportacoes\/\",\"name\":\"Caf\u00e9: Brasil fatura US$ 5,1 milh\u00f5es com exporta\u00e7\u00f5es em 2018\",\"isPartOf\":{\"@id\":\"https:\/\/www.suno.com.br\/noticias\/#website\"},\"primaryImageOfPage\":{\"@id\":\"https:\/\/www.suno.com.br\/noticias\/cafe-brasil-fatura-exportacoes\/#primaryimage\"},\"image\":{\"@id\":\"https:\/\/www.suno.com.br\/noticias\/cafe-brasil-fatura-exportacoes\/#primaryimage\"},\"thumbnailUrl\":\"https:\/\/files.sunoresearch.com.br\/n\/uploads\/2019\/01\/51530580-caf\u00e9-jpg.webp\",\"datePublished\":\"2019-01-31T21:17:31+00:00\",\"dateModified\":\"2019-02-07T21:16:01+00:00\",\"description\":\"O das valor expota\u00e7\u00f5es de caf\u00e9 \u00e9 3,0% menor que 2017 por conta da queda do pre\u00e7o m\u00e9dio da saca, 14,9% mais baixo do que em 2017. Leia mais.\",\"breadcrumb\":{\"@id\":\"https:\/\/www.suno.com.br\/noticias\/cafe-brasil-fatura-exportacoes\/#breadcrumb\"},\"inLanguage\":\"pt-BR\",\"potentialAction\":[{\"@type\":\"ReadAction\",\"target\":[\"https:\/\/www.suno.com.br\/noticias\/cafe-brasil-fatura-exportacoes\/\"]}]},{\"@type\":\"ImageObject\",\"inLanguage\":\"pt-BR\",\"@id\":\"https:\/\/www.suno.com.br\/noticias\/cafe-brasil-fatura-exportacoes\/#primaryimage\",\"url\":\"https:\/\/files.sunoresearch.com.br\/n\/uploads\/2019\/01\/51530580-caf\u00e9-jpg.webp\",\"contentUrl\":\"https:\/\/files.sunoresearch.com.br\/n\/uploads\/2019\/01\/51530580-caf\u00e9-jpg.webp\",\"width\":1140,\"height\":760,\"caption\":\"Caf\u00e9 especial do Brasil perde espa\u00e7o nos EUA ap\u00f3s tarifa\u00e7o.\"},{\"@type\":\"BreadcrumbList\",\"@id\":\"https:\/\/www.suno.com.br\/noticias\/cafe-brasil-fatura-exportacoes\/#breadcrumb\",\"itemListElement\":[{\"@type\":\"ListItem\",\"position\":1,\"name\":\"Not\u00edcias\",\"item\":\"https:\/\/www.suno.com.br\/noticias\/\"},{\"@type\":\"ListItem\",\"position\":2,\"name\":\"Neg\u00f3cios\",\"item\":\"https:\/\/www.suno.com.br\/noticias\/negocios\/\"},{\"@type\":\"ListItem\",\"position\":3,\"name\":\"Caf\u00e9: Brasil fatura US$ 5,1 bilh\u00f5es com exporta\u00e7\u00f5es em 2018\"}]},{\"@type\":\"WebSite\",\"@id\":\"https:\/\/www.suno.com.br\/noticias\/#website\",\"url\":\"https:\/\/www.suno.com.br\/noticias\/\",\"name\":\"Suno Not\u00edcias\",\"description\":\"Seu portal de informa\u00e7\u00e3o sobre o mundo dos investimentos\",\"publisher\":{\"@id\":\"https:\/\/www.suno.com.br\/noticias\/#organization\"},\"potentialAction\":[{\"@type\":\"SearchAction\",\"target\":{\"@type\":\"EntryPoint\",\"urlTemplate\":\"https:\/\/www.suno.com.br\/noticias\/?s={search_term_string}\"},\"query-input\":{\"@type\":\"PropertyValueSpecification\",\"valueRequired\":true,\"valueName\":\"search_term_string\"}}],\"inLanguage\":\"pt-BR\"},{\"@type\":\"Organization\",\"@id\":\"https:\/\/www.suno.com.br\/noticias\/#organization\",\"name\":\"Suno Not\u00edcias\",\"url\":\"https:\/\/www.suno.com.br\/noticias\/\",\"logo\":{\"@type\":\"ImageObject\",\"inLanguage\":\"pt-BR\",\"@id\":\"https:\/\/www.suno.com.br\/noticias\/#\/schema\/logo\/image\/\",\"url\":\"https:\/\/files.sunoresearch.com.br\/n\/uploads\/2021\/09\/suno-logo.png\",\"contentUrl\":\"https:\/\/files.sunoresearch.com.br\/n\/uploads\/2021\/09\/suno-logo.png\",\"width\":180,\"height\":180,\"caption\":\"Suno Not\u00edcias\"},\"image\":{\"@id\":\"https:\/\/www.suno.com.br\/noticias\/#\/schema\/logo\/image\/\"},\"sameAs\":[\"https:\/\/facebook.com\/sunoresearch\",\"https:\/\/x.com\/sunoresearch\",\"https:\/\/www.instagram.com\/suno\",\"https:\/\/www.linkedin.com\/company\/suno-research\/\",\"https:\/\/www.youtube.com\/c\/sunoresearch\"]},{\"@type\":\"Person\",\"@id\":\"https:\/\/www.suno.com.br\/noticias\/#\/schema\/person\/3f7693d5795a3f6d5ce15309ee785699\",\"name\":\"Renan Dantas\",\"image\":{\"@type\":\"ImageObject\",\"inLanguage\":\"pt-BR\",\"@id\":\"https:\/\/www.suno.com.br\/noticias\/#\/schema\/person\/image\/\",\"url\":\"https:\/\/secure.gravatar.com\/avatar\/1787b83e7484a08e51d62ac8b41c8396?s=96&r=g\",\"contentUrl\":\"https:\/\/secure.gravatar.com\/avatar\/1787b83e7484a08e51d62ac8b41c8396?s=96&r=g\",\"caption\":\"Renan Dantas\"},\"description\":\"Escreve sobre pol\u00edtica e mercado financeiro para o portal Suno Not\u00edcias. Antes, atuou na assessoria de comunica\u00e7\u00e3o do Minist\u00e9rio P\u00fablico do Trabalho e na R\u00e1dio Mackenzie, onde apresentava e produzia um programa sobre artistas da m\u00fasica brasileira. \u00c9 estudante na Universidade Presbiteriana Mackenzie.\",\"url\":\"https:\/\/www.suno.com.br\/noticias\/author\/renan-dantas\/\"}]}<\/script>\n<!-- \/ Yoast SEO plugin. -->","yoast_head_json":{"title":"Caf\u00e9: Brasil fatura US$ 5,1 milh\u00f5es com exporta\u00e7\u00f5es em 2018","description":"O das valor expota\u00e7\u00f5es de caf\u00e9 \u00e9 3,0% menor que 2017 por conta da queda do pre\u00e7o m\u00e9dio da saca, 14,9% mais baixo do que em 2017. Leia mais.","robots":{"index":"index","follow":"follow","max-snippet":"max-snippet:-1","max-image-preview":"max-image-preview:large","max-video-preview":"max-video-preview:-1"},"canonical":"https:\/\/www.suno.com.br\/noticias\/cafe-brasil-fatura-exportacoes\/","og_locale":"pt_BR","og_type":"article","og_title":"Caf\u00e9: Brasil fatura US$ 5,1 milh\u00f5es com exporta\u00e7\u00f5es em 2018","og_description":"O das valor expota\u00e7\u00f5es de caf\u00e9 \u00e9 3,0% menor que 2017 por conta da queda do pre\u00e7o m\u00e9dio da saca, 14,9% mais baixo do que em 2017. Leia mais.","og_url":"https:\/\/www.suno.com.br\/noticias\/cafe-brasil-fatura-exportacoes\/","og_site_name":"Suno Not\u00edcias","article_publisher":"https:\/\/facebook.com\/sunoresearch","og_image":[{"width":1140,"height":760,"url":"https:\/\/files.sunoresearch.com.br\/n\/uploads\/2019\/01\/51530580-caf\u00e9.jpg","type":"image\/jpeg"}],"author":"Renan Dantas","twitter_card":"summary_large_image","twitter_creator":"@sunoresearch","twitter_site":"@sunoresearch","twitter_misc":{"Escrito por":"Renan Dantas","Est. tempo de leitura":"2 minutos"},"schema":{"@context":"https:\/\/schema.org","@graph":[{"@type":"NewsArticle","@id":"https:\/\/www.suno.com.br\/noticias\/cafe-brasil-fatura-exportacoes\/#article","isPartOf":{"@id":"https:\/\/www.suno.com.br\/noticias\/cafe-brasil-fatura-exportacoes\/"},"author":{"name":"Renan Dantas","@id":"https:\/\/www.suno.com.br\/noticias\/#\/schema\/person\/3f7693d5795a3f6d5ce15309ee785699"},"headline":"Caf\u00e9: Brasil fatura US$ 5,1 bilh\u00f5es com exporta\u00e7\u00f5es em 2018","datePublished":"2019-01-31T21:17:31+00:00","dateModified":"2019-02-07T21:16:01+00:00","mainEntityOfPage":{"@id":"https:\/\/www.suno.com.br\/noticias\/cafe-brasil-fatura-exportacoes\/"},"wordCount":391,"publisher":{"@id":"https:\/\/www.suno.com.br\/noticias\/#organization"},"image":{"@id":"https:\/\/www.suno.com.br\/noticias\/cafe-brasil-fatura-exportacoes\/#primaryimage"},"thumbnailUrl":"https:\/\/files.sunoresearch.com.br\/n\/uploads\/2019\/01\/51530580-caf\u00e9-jpg.webp","keywords":["caf\u00e9","exporta\u00e7\u00f5es","soja"],"articleSection":["Neg\u00f3cios"],"inLanguage":"pt-BR"},{"@type":"WebPage","@id":"https:\/\/www.suno.com.br\/noticias\/cafe-brasil-fatura-exportacoes\/","url":"https:\/\/www.suno.com.br\/noticias\/cafe-brasil-fatura-exportacoes\/","name":"Caf\u00e9: Brasil fatura US$ 5,1 milh\u00f5es com exporta\u00e7\u00f5es em 2018","isPartOf":{"@id":"https:\/\/www.suno.com.br\/noticias\/#website"},"primaryImageOfPage":{"@id":"https:\/\/www.suno.com.br\/noticias\/cafe-brasil-fatura-exportacoes\/#primaryimage"},"image":{"@id":"https:\/\/www.suno.com.br\/noticias\/cafe-brasil-fatura-exportacoes\/#primaryimage"},"thumbnailUrl":"https:\/\/files.sunoresearch.com.br\/n\/uploads\/2019\/01\/51530580-caf\u00e9-jpg.webp","datePublished":"2019-01-31T21:17:31+00:00","dateModified":"2019-02-07T21:16:01+00:00","description":"O das valor expota\u00e7\u00f5es de caf\u00e9 \u00e9 3,0% menor que 2017 por conta da queda do pre\u00e7o m\u00e9dio da saca, 14,9% mais baixo do que em 2017. Leia mais.","breadcrumb":{"@id":"https:\/\/www.suno.com.br\/noticias\/cafe-brasil-fatura-exportacoes\/#breadcrumb"},"inLanguage":"pt-BR","potentialAction":[{"@type":"ReadAction","target":["https:\/\/www.suno.com.br\/noticias\/cafe-brasil-fatura-exportacoes\/"]}]},{"@type":"ImageObject","inLanguage":"pt-BR","@id":"https:\/\/www.suno.com.br\/noticias\/cafe-brasil-fatura-exportacoes\/#primaryimage","url":"https:\/\/files.sunoresearch.com.br\/n\/uploads\/2019\/01\/51530580-caf\u00e9-jpg.webp","contentUrl":"https:\/\/files.sunoresearch.com.br\/n\/uploads\/2019\/01\/51530580-caf\u00e9-jpg.webp","width":1140,"height":760,"caption":"Caf\u00e9 especial do Brasil perde espa\u00e7o nos EUA ap\u00f3s tarifa\u00e7o."},{"@type":"BreadcrumbList","@id":"https:\/\/www.suno.com.br\/noticias\/cafe-brasil-fatura-exportacoes\/#breadcrumb","itemListElement":[{"@type":"ListItem","position":1,"name":"Not\u00edcias","item":"https:\/\/www.suno.com.br\/noticias\/"},{"@type":"ListItem","position":2,"name":"Neg\u00f3cios","item":"https:\/\/www.suno.com.br\/noticias\/negocios\/"},{"@type":"ListItem","position":3,"name":"Caf\u00e9: Brasil fatura US$ 5,1 bilh\u00f5es com exporta\u00e7\u00f5es em 2018"}]},{"@type":"WebSite","@id":"https:\/\/www.suno.com.br\/noticias\/#website","url":"https:\/\/www.suno.com.br\/noticias\/","name":"Suno Not\u00edcias","description":"Seu portal de informa\u00e7\u00e3o sobre o mundo dos investimentos","publisher":{"@id":"https:\/\/www.suno.com.br\/noticias\/#organization"},"potentialAction":[{"@type":"SearchAction","target":{"@type":"EntryPoint","urlTemplate":"https:\/\/www.suno.com.br\/noticias\/?s={search_term_string}"},"query-input":{"@type":"PropertyValueSpecification","valueRequired":true,"valueName":"search_term_string"}}],"inLanguage":"pt-BR"},{"@type":"Organization","@id":"https:\/\/www.suno.com.br\/noticias\/#organization","name":"Suno Not\u00edcias","url":"https:\/\/www.suno.com.br\/noticias\/","logo":{"@type":"ImageObject","inLanguage":"pt-BR","@id":"https:\/\/www.suno.com.br\/noticias\/#\/schema\/logo\/image\/","url":"https:\/\/files.sunoresearch.com.br\/n\/uploads\/2021\/09\/suno-logo.png","contentUrl":"https:\/\/files.sunoresearch.com.br\/n\/uploads\/2021\/09\/suno-logo.png","width":180,"height":180,"caption":"Suno Not\u00edcias"},"image":{"@id":"https:\/\/www.suno.com.br\/noticias\/#\/schema\/logo\/image\/"},"sameAs":["https:\/\/facebook.com\/sunoresearch","https:\/\/x.com\/sunoresearch","https:\/\/www.instagram.com\/suno","https:\/\/www.linkedin.com\/company\/suno-research\/","https:\/\/www.youtube.com\/c\/sunoresearch"]},{"@type":"Person","@id":"https:\/\/www.suno.com.br\/noticias\/#\/schema\/person\/3f7693d5795a3f6d5ce15309ee785699","name":"Renan Dantas","image":{"@type":"ImageObject","inLanguage":"pt-BR","@id":"https:\/\/www.suno.com.br\/noticias\/#\/schema\/person\/image\/","url":"https:\/\/secure.gravatar.com\/avatar\/1787b83e7484a08e51d62ac8b41c8396?s=96&r=g","contentUrl":"https:\/\/secure.gravatar.com\/avatar\/1787b83e7484a08e51d62ac8b41c8396?s=96&r=g","caption":"Renan Dantas"},"description":"Escreve sobre pol\u00edtica e mercado financeiro para o portal Suno Not\u00edcias. Antes, atuou na assessoria de comunica\u00e7\u00e3o do Minist\u00e9rio P\u00fablico do Trabalho e na R\u00e1dio Mackenzie, onde apresentava e produzia um programa sobre artistas da m\u00fasica brasileira. \u00c9 estudante na Universidade Presbiteriana Mackenzie.","url":"https:\/\/www.suno.com.br\/noticias\/author\/renan-dantas\/"}]}},"default_loop_html":"<div class=\"cardsPage__listCard__boxs\"><div class=\"cardsPage__listCard__boxs__img\"><a href=\"https:\/\/www.suno.com.br\/noticias\/cafe-brasil-fatura-exportacoes\/\"><img class=\"mask\" src=\"https:\/\/www.suno.com.br\/noticias\/wp-content\/themes\/suno\/resources\/images\/spotlight\/spotlight1img\/bg-mask.png\" alt=\"Image Mask\"\/><img src=\"https:\/\/files.sunoresearch.com.br\/n\/uploads\/2019\/01\/51530580-caf\u00e9-400x200.webp\" alt=\"Caf\u00e9: Brasil fatura US$ 5,1 bilh\u00f5es com exporta\u00e7\u00f5es em 2018\"\/><\/a><span class=\"spotlightCategory\"><a href=\"https:\/\/www.suno.com.br\/noticias\/negocios\/\">Neg\u00f3cios<\/a><\/span><\/div><div class=\"cardsPage__listCard__boxs__content\"><a href=\"https:\/\/www.suno.com.br\/noticias\/cafe-brasil-fatura-exportacoes\/\"><h2 class=\"content__title\">Caf\u00e9: Brasil fatura US$ 5,1 bilh\u00f5es com exporta\u00e7\u00f5es em 2018<\/h2><\/a><div class=\"newsContent__article__meta\"><div class=\"newsContent__article__meta__authorBox\"><a href=\"https:\/\/www.suno.com.br\/noticias\/author\/renan-dantas\/\" class=\"authorBox__avatar noMobi\"><img src=\"https:\/\/secure.gravatar.com\/avatar\/1787b83e7484a08e51d62ac8b41c8396?s=96&#038;r=g\" alt=\"Renan Dantas\"><\/a><div class=\"authorBox__name\"><span>por\n\t\t\t<a href=\"https:\/\/www.suno.com.br\/noticias\/author\/renan-dantas\/\"><span itemprop=\"author\">Renan Dantas<\/span><\/a><\/span><time datetime=\"2019-01-31T19:17:31-02:00\" itemprop=\"datePublished\">31\/01\/2019 19:17<\/time><\/div><\/div><\/div><\/div><\/div>","single_layout":"posts","amp_enabled":true,"_links":{"self":[{"href":"https:\/\/www.suno.com.br\/noticias\/wp-json\/wp\/v2\/posts\/13736"}],"collection":[{"href":"https:\/\/www.suno.com.br\/noticias\/wp-json\/wp\/v2\/posts"}],"about":[{"href":"https:\/\/www.suno.com.br\/noticias\/wp-json\/wp\/v2\/types\/post"}],"author":[{"embeddable":true,"href":"https:\/\/www.suno.com.br\/noticias\/wp-json\/wp\/v2\/users\/14"}],"replies":[{"embeddable":true,"href":"https:\/\/www.suno.com.br\/noticias\/wp-json\/wp\/v2\/comments?post=13736"}],"version-history":[{"count":0,"href":"https:\/\/www.suno.com.br\/noticias\/wp-json\/wp\/v2\/posts\/13736\/revisions"}],"wp:featuredmedia":[{"embeddable":true,"href":"https:\/\/www.suno.com.br\/noticias\/wp-json\/wp\/v2\/media\/11485"}],"wp:attachment":[{"href":"https:\/\/www.suno.com.br\/noticias\/wp-json\/wp\/v2\/media?parent=13736"}],"wp:term":[{"taxonomy":"category","embeddable":true,"href":"https:\/\/www.suno.com.br\/noticias\/wp-json\/wp\/v2\/categories?post=13736"},{"taxonomy":"post_tag","embeddable":true,"href":"https:\/\/www.suno.com.br\/noticias\/wp-json\/wp\/v2\/tags?post=13736"},{"taxonomy":"suno_strategy","embeddable":true,"href":"https:\/\/www.suno.com.br\/noticias\/wp-json\/wp\/v2\/suno_strategy?post=13736"}],"curies":[{"name":"wp","href":"https:\/\/api.w.org\/{rel}","templated":true}]}}