{"id":13726,"date":"2019-01-31T18:46:32","date_gmt":"2019-01-31T20:46:32","guid":{"rendered":"https:\/\/www.suno.com.br\/noticias\/?p=13726"},"modified":"2021-08-03T14:54:16","modified_gmt":"2021-08-03T17:54:16","slug":"puxado-bradesco-ibovespa-bater-98-mil","status":"publish","type":"post","link":"https:\/\/www.suno.com.br\/noticias\/puxado-bradesco-ibovespa-bater-98-mil\/","title":{"rendered":"Puxado pelo Bradesco Ibovespa chegou a bater os 98 mil pontos"},"content":{"rendered":"<p>O Ibovespa, principal \u00edndice da Bolsa de Valores de S\u00e3o Paulo (B3), fechou esta quinta-feira (31) em alta.<\/p>\t<div class=\"wrapper-featured-image\">\n\t\t<figure class=\"spotlightImg\">\n\n\t\t\t<picture>\n\t\t\t\t<source media=\"(max-width: 768px)\" srcset=\"https:\/\/files.sunoresearch.com.br\/n\/uploads\/2018\/10\/0ccfc4a8-ibovespa-400x200.webp\">\n\t\t\t\t<img loading=\"lazy\" decoding=\"async\" class=\"newsContent__article__imgCapa lazyloadDisabled newsContent__article__imgCapa--noCaption\" src=\"https:\/\/files.sunoresearch.com.br\/n\/uploads\/2018\/10\/0ccfc4a8-ibovespa-800x450.webp\" width=\"800\" height=\"450\" alt=\"Puxado pelo Bradesco Ibovespa chegou a bater os 98 mil pontos\" fetchpriority=high \/>\n\t\t\t<\/picture>\n\n\t\t\t<figcaption class=\"wp-caption-text wp-caption-text--hide\">O Ibovespa abriu em queda nesta quarta-feira (17), ap\u00f3s o feriado de Carnaval, seguindo as bolsas mundiais. <\/figcaption>\n\t\t<\/figure>\n\t<\/div>\n\n\n<p>No entanto, o <strong>Ibovespa<\/strong>, que foi puxado pelas a\u00e7\u00f5es do <strong>Bradesco<\/strong>, fechou o preg\u00e3o com uma alta de 0,41% somando 97.393,74 pontos.<\/p>\n<p>Durante o dia, o \u00edndice <strong>chegou a bater a marca dos 98 mil pontos<\/strong>, mas n\u00e3o conseguiu se manter at\u00e9 o fechamento do dia.<\/p>\n<p>Desta forma, a m\u00ednima do dia ficou apenas no in\u00edcio da sess\u00e3o onde foram registrados 96.996,45 pontos. Por volta das 15h20 o \u00edndice bateu a marca dos 98 mil ficando com\u00a098.405,21 pontos.<\/p>\n<p>A\u00e7\u00f5es que movimentaram o mercado hoje:<\/p>\n<ul>\n<li><strong>A\u00e7\u00f5es Bradesco;<\/strong><\/li>\n<li><strong>A\u00e7\u00f5es Vale<\/strong><\/li>\n<li><strong>Guerra comercial.<\/strong><\/li>\n<\/ul>\n<h2>A\u00e7\u00f5es do Bradesco<\/h2>\n<p>As a\u00e7\u00f5es do <strong>Bradesco (BBDC4)<\/strong> trabalharam em alta durante toda a sess\u00e3o e guinou a Ibovespa para que fechasse em alta.<\/p>\n<p>A alta dos pap\u00e9is vieram ap\u00f3s o an\u00fancio do fechamento o banco divulgar nesta quinta-feira (31) o <strong>lucro l\u00edquido<\/strong>\u00a0recorrente de R$ 21,564 bilh\u00f5es no ano de 2018. Desta forma, houve uma alta de 19,9% na\u00a0compara\u00e7\u00e3o anual.<\/p>\n<p>No<strong> quarto trimestre de 2018<\/strong>, o lucro l\u00edquido recorrente do <strong>Bradesco<\/strong> foi de R$ 5,83 bilh\u00f5es, equivalente a uma alta de 1,4% em rela\u00e7\u00e3oao trimestre anterior.<\/p>\n<p><a href=\"https:\/\/www.suno.com.br\/noticias\/bradesco-lucro-financiamentos\/\">Saiba mais:\u00a0Bradesco lucra R$ 21,564 bilh\u00f5es e mira financiamentos em 2019<\/a><\/p>\n<p>De acordo com relat\u00f3rio,\u00a0a institui\u00e7\u00e3o financeira destacou que as evolu\u00e7\u00f5es do <strong>lucro,<\/strong> tanto no comparativo trimestral como no anual,\u00a0refletem o desempenho do resultado operacional.<\/p>\n<p>Tal resultado foi impulsionado pela performance da<strong> margem financeira<\/strong> e as despesas com <a href=\"https:\/\/conecta.suno.com.br\/pergunta\/bancos-variacao-da-pdd-influencia-no-lucro\/\">Provis\u00f5es de Devedores Duvidosos<\/a> (PDD).<\/p>\n<p>Al\u00e9m disso, o <strong>Bradesco<\/strong> mencionou que o \u201c<strong>desempenho positivo<\/strong>\u201d vieram das receitas de presta\u00e7\u00e3o de servi\u00e7os como:<\/p>\n<ul>\n<li>Seguros;<\/li>\n<li>Previd\u00eancia;<\/li>\n<li>Capitaliza\u00e7\u00e3o.<\/li>\n<\/ul>\n<h2>A\u00e7\u00f5es da Vale<\/h2>\n<p>Os pap\u00e9is da mineradora recuaram novamente neste preg\u00e3o, mesmo depois da perda hist\u00f3rica de 24,5% na \u00faltima segunda-feira (28).<\/p>\n<p>Ap\u00f3s a trag\u00e9dia de <strong>Brumadinho (MG)<\/strong>, onde uma barragem de rejeitos da <strong>Vale<\/strong> rompeu e devastou a cidade, os investidores ficam atentos e avaliam os impactos potenciais do acidente.<\/p>\n<p>Desta forma, a empresa adiou a divulga\u00e7\u00e3o de seu balan\u00e7o do 4\u00ba trimestre para de 13 de fevereiro para 27 de mar\u00e7o.<\/p>\n<p>Al\u00e9m disso, a\u00a0mineradora teve mais de R$ 800 milh\u00f5es bloqueados pela <strong>Justi\u00e7a do Trabalho de Minas Gerais<\/strong>, a pedido do Minist\u00e9rio P\u00fablico do Trabalho (MPT), nesta quinta-feira (31).<\/p>\n<p><a href=\"https:\/\/www.suno.com.br\/noticias\/vale-800-milhoes-bloqueados-justica-trabalho\/\">Saiba mais:\u00a0Vale tem R$ 800 milh\u00f5es bloqueados pela Justi\u00e7a do Trabalho<\/a><\/p>\n<p>Desta forma, a <strong>Vale<\/strong> soma mais de R$ 12 bilh\u00f5es em <strong>recursos bloqueados<\/strong>.<\/p>\n<p>At\u00e9 o momento, os n\u00fameros da trag\u00e9dia s\u00e3o os seguintes:<\/p>\n<ul>\n<li><strong>Mortos: 99 (desses 57 foram identificados);<\/strong><\/li>\n<li><strong>Desaparecidos: 257;<\/strong><\/li>\n<li><strong>Desalojados: 176;<\/strong><\/li>\n<li><strong>Pessoas localizadas: 395.<\/strong><\/li>\n<\/ul>\n<h2>Guerra comercial<\/h2>\n<p>Uma nova rodada de negocia\u00e7\u00f5es com o objetivo de acabar com a <a href=\"https:\/\/www.suno.com.br\/artigos\/guerra-comercial\/\">guerra comercial<\/a> teve in\u00edcio na \u00faltima quarta-feira (30). No entanto, as negocia\u00e7\u00f5es se estenderam at\u00e9 esta quinta-feira (31).<\/p>\n<p>O representante de Com\u00e9rcio Exterior dos <strong>EUA<\/strong>, Robert Lighthizer, recebeu o vice-primeiro-ministro da <strong>China<\/strong>, Liu He.<\/p>\n<p>Lighthizer e Liu s\u00e3o os chefes das respectivas delega\u00e7\u00f5es que iniciaram o di\u00e1logo em <strong>Washington<\/strong>.<\/p>\n<p><a href=\"https:\/\/www.suno.com.br\/noticias\/acordo-comercial-acontecera-pequim-mercados\/\">Saiba mais: Acordo comercial acontecer\u00e1 se Pequim abrir seus mercados, diz Trump<\/a><\/p>\n<p><a href=\"https:\/\/www.suno.com.br\/noticias\/china-eua-guerra-comercial-negociacoes\/\">Saiba mais:\u00a0China e EUA tem nova rodada de negocia\u00e7\u00f5es da guerra comercial<\/a><\/p>\n<p>Entretanto, o presidente dos <strong>Estados Unidos<\/strong>, <strong>Donald Trump<\/strong>, afirmou pelo Twitter, que n\u00e3o far\u00e1 um acordo comercial com a China, caso Pequim n\u00e3o abra para os EUA seus mercados de servi\u00e7os:<\/p>\n<ul>\n<li><strong>Financeiros;<\/strong><\/li>\n<li><strong>Industriais;<\/strong><\/li>\n<li><strong>Agricultura;<\/strong><\/li>\n<li><strong>Outros setores.<\/strong><\/li>\n<\/ul>\n<p>&#8220;Esperamos que a China abra seus mercados n\u00e3o apenas para os servi\u00e7os financeiros, que \u00e9 o que eles est\u00e3o fazendo agora, mas tamb\u00e9m para nossos fabricantes, produtores e outros neg\u00f3cios e ind\u00fastrias dos EUA. Sem isso, um acordo seria inaceit\u00e1vel!&#8221;, afirmou <strong>Donald Trump<\/strong> pelo <strong>Twitter<\/strong> em rela\u00e7\u00e3o ao <strong>acordo\u00a0comercial<\/strong> com a <strong>China<\/strong>.<\/p>\n<p dir=\"ltr\" lang=\"en\">Looking for China to open their Markets not only to Financial Services, which they are now doing, but also to our Manufacturing, Farmers and other U.S. businesses and industries. Without this a deal would be unacceptable!<\/p>\n<p>\u2014 Donald J. Trump (@realDonaldTrump) <a href=\"https:\/\/twitter.com\/realDonaldTrump\/status\/1090987128480301056?ref_src=twsrc%5Etfw\">31 de janeiro de 2019<\/a><\/p>\n<p><script async src=\"https:\/\/platform.twitter.com\/widgets.js\" charset=\"utf-8\"><\/script><\/p>\n<h2>Bolsas internacionais<\/h2>\n<ul>\n<li>Nasdaq (Estados Unidos): alta de +1,10%;<\/li>\n<li>FTSE 100 (Reino Unido): alta de +0,39%;<\/li>\n<li>Nikkei (Jap\u00e3o): alta de 1,06%;<\/li>\n<li>CAC40 (Fran\u00e7a): alta de +0,36%;<\/li>\n<\/ul>\n<h2>A\u00e7\u00f5es em destaque<\/h2>\n<ul>\n<li>PETR4: queda de -0,16% (R$25,58);<\/li>\n<li>VALE3: queda de -2,36% (R$ 45,50);<\/li>\n<li>ITUB4: alta de +1,73% (R$ 38,78);<\/li>\n<li>BBDC4: alta de +5,65% (R$ 45,26).<\/li>\n<\/ul>\n<h2>Maiores altas do Ibovespa<\/h2>\n<ul>\n<li>BBDC4: alta de +5,65% (R$ 45,26);<\/li>\n<li>VVAR3: alta de +3,99% (R$ 6,00);<\/li>\n<li>BTOW3: alta de +3,91% (R$50,00);<\/li>\n<li>BBDC3: ALTA DE +3,71% (R$40,26).<\/li>\n<\/ul>\n<h2>Maiores quedas do Ibovespa<\/h2>\n<ul>\n<li>ESTC3: queda de -4,31% (R$ 31,10)<\/li>\n<li>KROT3: queda de -4,27% (R$ 11,43)<\/li>\n<li>GGBR4: queda de -3,1% (R$ 15,65)<\/li>\n<li>ECOR3: queda de -3,06% (R$ 11,39)<\/li>\n<\/ul>\n<p>No acumulado do m\u00eas de janeiro, o <strong>Ibovespa<\/strong> registrou uma alta de 10,82%.<\/p>\n","protected":false},"excerpt":{"rendered":"<p>O Ibovespa, principal \u00edndice da Bolsa de Valores de S\u00e3o Paulo (B3), fechou esta quinta-feira (31) em alta. O Ibovespa abriu em queda nesta quarta-feira (17), ap\u00f3s o feriado de Carnaval, seguindo as bolsas mundiais. No entanto, o Ibovespa, que foi puxado pelas a\u00e7\u00f5es do Bradesco, fechou o preg\u00e3o com uma alta de 0,41% somando [&hellip;]<\/p>\n","protected":false},"author":11,"featured_media":4617,"comment_status":"closed","ping_status":"closed","sticky":false,"template":"","format":"standard","meta":[],"categories":[60],"tags":[286,711,724,793,980,721,676],"suno_strategy":[],"class_list":["post-13726","post","type-post","status-publish","format-standard","has-post-thumbnail","hentry","category-mercado","tag-acoes","tag-china","tag-donald-trump","tag-estados-unidos-eua","tag-guerra-comercial","tag-ibovespa","tag-vale-vale3"],"yoast_head":"<!-- This site is optimized with the Yoast SEO plugin v24.4 - https:\/\/yoast.com\/wordpress\/plugins\/seo\/ -->\n<title>Puxado pelo Bradesco Ibovespa chegou a bater os 98 mil pontos<\/title>\n<meta name=\"description\" content=\"O Ibovespa tem alta acumulada de 10,82% no m\u00eas de janeiro; A\u00e7\u00f5es do Bradesco sobrem 5,65% nesta sess\u00e3o. Clique para saber mais.\" \/>\n<meta name=\"robots\" content=\"index, follow, max-snippet:-1, max-image-preview:large, max-video-preview:-1\" \/>\n<link rel=\"canonical\" href=\"https:\/\/www.suno.com.br\/noticias\/puxado-bradesco-ibovespa-bater-98-mil\/\" \/>\n<meta property=\"og:locale\" content=\"pt_BR\" \/>\n<meta property=\"og:type\" content=\"article\" \/>\n<meta property=\"og:title\" content=\"Puxado pelo Bradesco Ibovespa chegou a bater os 98 mil pontos\" \/>\n<meta property=\"og:description\" content=\"O Ibovespa tem alta acumulada de 10,82% no m\u00eas de janeiro; A\u00e7\u00f5es do Bradesco sobrem 5,65% nesta sess\u00e3o. Clique para saber mais.\" \/>\n<meta property=\"og:url\" content=\"https:\/\/www.suno.com.br\/noticias\/puxado-bradesco-ibovespa-bater-98-mil\/\" \/>\n<meta property=\"og:site_name\" content=\"Suno Not\u00edcias\" \/>\n<meta property=\"article:publisher\" content=\"https:\/\/facebook.com\/sunoresearch\" \/>\n<meta property=\"og:image\" content=\"https:\/\/files.sunoresearch.com.br\/n\/uploads\/2018\/10\/0ccfc4a8-ibovespa.jpg\" \/>\n\t<meta property=\"og:image:width\" content=\"1920\" \/>\n\t<meta property=\"og:image:height\" content=\"1440\" \/>\n\t<meta property=\"og:image:type\" content=\"image\/jpeg\" \/>\n<meta name=\"author\" content=\"Renan Bandeira\" \/>\n<meta name=\"twitter:card\" content=\"summary_large_image\" \/>\n<meta name=\"twitter:creator\" content=\"@sunoresearch\" \/>\n<meta name=\"twitter:site\" content=\"@sunoresearch\" \/>\n<meta name=\"twitter:label1\" content=\"Escrito por\" \/>\n\t<meta name=\"twitter:data1\" content=\"Renan Bandeira\" \/>\n\t<meta name=\"twitter:label2\" content=\"Est. tempo de leitura\" \/>\n\t<meta name=\"twitter:data2\" content=\"4 minutos\" \/>\n<script type=\"application\/ld+json\" class=\"yoast-schema-graph\">{\"@context\":\"https:\/\/schema.org\",\"@graph\":[{\"@type\":\"NewsArticle\",\"@id\":\"https:\/\/www.suno.com.br\/noticias\/puxado-bradesco-ibovespa-bater-98-mil\/#article\",\"isPartOf\":{\"@id\":\"https:\/\/www.suno.com.br\/noticias\/puxado-bradesco-ibovespa-bater-98-mil\/\"},\"author\":{\"name\":\"Renan Bandeira\",\"@id\":\"https:\/\/www.suno.com.br\/noticias\/#\/schema\/person\/fc144a1c6108bd1dcd43784e88a3c138\"},\"headline\":\"Puxado pelo Bradesco Ibovespa chegou a bater os 98 mil pontos\",\"datePublished\":\"2019-01-31T20:46:32+00:00\",\"dateModified\":\"2021-08-03T17:54:16+00:00\",\"mainEntityOfPage\":{\"@id\":\"https:\/\/www.suno.com.br\/noticias\/puxado-bradesco-ibovespa-bater-98-mil\/\"},\"wordCount\":793,\"publisher\":{\"@id\":\"https:\/\/www.suno.com.br\/noticias\/#organization\"},\"image\":{\"@id\":\"https:\/\/www.suno.com.br\/noticias\/puxado-bradesco-ibovespa-bater-98-mil\/#primaryimage\"},\"thumbnailUrl\":\"https:\/\/files.sunoresearch.com.br\/n\/uploads\/2018\/10\/0ccfc4a8-ibovespa-jpg.webp\",\"keywords\":[\"A\u00e7\u00f5es\",\"China\",\"Donald Trump\",\"Estados Unidos (EUA)\",\"guerra comercial\",\"Ibovespa\",\"Vale (VALE3)\"],\"articleSection\":[\"Mercado\"],\"inLanguage\":\"pt-BR\"},{\"@type\":\"WebPage\",\"@id\":\"https:\/\/www.suno.com.br\/noticias\/puxado-bradesco-ibovespa-bater-98-mil\/\",\"url\":\"https:\/\/www.suno.com.br\/noticias\/puxado-bradesco-ibovespa-bater-98-mil\/\",\"name\":\"Puxado pelo Bradesco Ibovespa chegou a bater os 98 mil pontos\",\"isPartOf\":{\"@id\":\"https:\/\/www.suno.com.br\/noticias\/#website\"},\"primaryImageOfPage\":{\"@id\":\"https:\/\/www.suno.com.br\/noticias\/puxado-bradesco-ibovespa-bater-98-mil\/#primaryimage\"},\"image\":{\"@id\":\"https:\/\/www.suno.com.br\/noticias\/puxado-bradesco-ibovespa-bater-98-mil\/#primaryimage\"},\"thumbnailUrl\":\"https:\/\/files.sunoresearch.com.br\/n\/uploads\/2018\/10\/0ccfc4a8-ibovespa-jpg.webp\",\"datePublished\":\"2019-01-31T20:46:32+00:00\",\"dateModified\":\"2021-08-03T17:54:16+00:00\",\"description\":\"O Ibovespa tem alta acumulada de 10,82% no m\u00eas de janeiro; A\u00e7\u00f5es do Bradesco sobrem 5,65% nesta sess\u00e3o. Clique para saber mais.\",\"breadcrumb\":{\"@id\":\"https:\/\/www.suno.com.br\/noticias\/puxado-bradesco-ibovespa-bater-98-mil\/#breadcrumb\"},\"inLanguage\":\"pt-BR\",\"potentialAction\":[{\"@type\":\"ReadAction\",\"target\":[\"https:\/\/www.suno.com.br\/noticias\/puxado-bradesco-ibovespa-bater-98-mil\/\"]}]},{\"@type\":\"ImageObject\",\"inLanguage\":\"pt-BR\",\"@id\":\"https:\/\/www.suno.com.br\/noticias\/puxado-bradesco-ibovespa-bater-98-mil\/#primaryimage\",\"url\":\"https:\/\/files.sunoresearch.com.br\/n\/uploads\/2018\/10\/0ccfc4a8-ibovespa-jpg.webp\",\"contentUrl\":\"https:\/\/files.sunoresearch.com.br\/n\/uploads\/2018\/10\/0ccfc4a8-ibovespa-jpg.webp\",\"width\":1920,\"height\":1440,\"caption\":\"O Ibovespa abriu em queda nesta quarta-feira (17), ap\u00f3s o feriado de Carnaval, seguindo as bolsas mundiais.\"},{\"@type\":\"BreadcrumbList\",\"@id\":\"https:\/\/www.suno.com.br\/noticias\/puxado-bradesco-ibovespa-bater-98-mil\/#breadcrumb\",\"itemListElement\":[{\"@type\":\"ListItem\",\"position\":1,\"name\":\"Not\u00edcias\",\"item\":\"https:\/\/www.suno.com.br\/noticias\/\"},{\"@type\":\"ListItem\",\"position\":2,\"name\":\"Mercado\",\"item\":\"https:\/\/www.suno.com.br\/noticias\/mercado\/\"},{\"@type\":\"ListItem\",\"position\":3,\"name\":\"Puxado pelo Bradesco Ibovespa chegou a bater os 98 mil pontos\"}]},{\"@type\":\"WebSite\",\"@id\":\"https:\/\/www.suno.com.br\/noticias\/#website\",\"url\":\"https:\/\/www.suno.com.br\/noticias\/\",\"name\":\"Suno Not\u00edcias\",\"description\":\"Seu portal de informa\u00e7\u00e3o sobre o mundo dos investimentos\",\"publisher\":{\"@id\":\"https:\/\/www.suno.com.br\/noticias\/#organization\"},\"potentialAction\":[{\"@type\":\"SearchAction\",\"target\":{\"@type\":\"EntryPoint\",\"urlTemplate\":\"https:\/\/www.suno.com.br\/noticias\/?s={search_term_string}\"},\"query-input\":{\"@type\":\"PropertyValueSpecification\",\"valueRequired\":true,\"valueName\":\"search_term_string\"}}],\"inLanguage\":\"pt-BR\"},{\"@type\":\"Organization\",\"@id\":\"https:\/\/www.suno.com.br\/noticias\/#organization\",\"name\":\"Suno Not\u00edcias\",\"url\":\"https:\/\/www.suno.com.br\/noticias\/\",\"logo\":{\"@type\":\"ImageObject\",\"inLanguage\":\"pt-BR\",\"@id\":\"https:\/\/www.suno.com.br\/noticias\/#\/schema\/logo\/image\/\",\"url\":\"https:\/\/files.sunoresearch.com.br\/n\/uploads\/2021\/09\/suno-logo.png\",\"contentUrl\":\"https:\/\/files.sunoresearch.com.br\/n\/uploads\/2021\/09\/suno-logo.png\",\"width\":180,\"height\":180,\"caption\":\"Suno Not\u00edcias\"},\"image\":{\"@id\":\"https:\/\/www.suno.com.br\/noticias\/#\/schema\/logo\/image\/\"},\"sameAs\":[\"https:\/\/facebook.com\/sunoresearch\",\"https:\/\/x.com\/sunoresearch\",\"https:\/\/www.instagram.com\/suno\",\"https:\/\/www.linkedin.com\/company\/suno-research\/\",\"https:\/\/www.youtube.com\/c\/sunoresearch\"]},{\"@type\":\"Person\",\"@id\":\"https:\/\/www.suno.com.br\/noticias\/#\/schema\/person\/fc144a1c6108bd1dcd43784e88a3c138\",\"name\":\"Renan Bandeira\",\"image\":{\"@type\":\"ImageObject\",\"inLanguage\":\"pt-BR\",\"@id\":\"https:\/\/www.suno.com.br\/noticias\/#\/schema\/person\/image\/\",\"url\":\"https:\/\/secure.gravatar.com\/avatar\/68359cdb608f14f11bbefcb78f3fc747?s=96&r=g\",\"contentUrl\":\"https:\/\/secure.gravatar.com\/avatar\/68359cdb608f14f11bbefcb78f3fc747?s=96&r=g\",\"caption\":\"Renan Bandeira\"},\"description\":\"Renan Bandeira escreve sobre pol\u00edtica e economia para o portal da Suno Research. Antes da Suno, trabalhou em uma rede de televis\u00e3o, onde fazia reportagens sobre os mesmos temas. Estuda na Universidade Metodista de S\u00e3o Paulo.\",\"url\":\"https:\/\/www.suno.com.br\/noticias\/author\/renan-bandeira\/\"}]}<\/script>\n<!-- \/ Yoast SEO plugin. -->","yoast_head_json":{"title":"Puxado pelo Bradesco Ibovespa chegou a bater os 98 mil pontos","description":"O Ibovespa tem alta acumulada de 10,82% no m\u00eas de janeiro; A\u00e7\u00f5es do Bradesco sobrem 5,65% nesta sess\u00e3o. Clique para saber mais.","robots":{"index":"index","follow":"follow","max-snippet":"max-snippet:-1","max-image-preview":"max-image-preview:large","max-video-preview":"max-video-preview:-1"},"canonical":"https:\/\/www.suno.com.br\/noticias\/puxado-bradesco-ibovespa-bater-98-mil\/","og_locale":"pt_BR","og_type":"article","og_title":"Puxado pelo Bradesco Ibovespa chegou a bater os 98 mil pontos","og_description":"O Ibovespa tem alta acumulada de 10,82% no m\u00eas de janeiro; A\u00e7\u00f5es do Bradesco sobrem 5,65% nesta sess\u00e3o. Clique para saber mais.","og_url":"https:\/\/www.suno.com.br\/noticias\/puxado-bradesco-ibovespa-bater-98-mil\/","og_site_name":"Suno Not\u00edcias","article_publisher":"https:\/\/facebook.com\/sunoresearch","og_image":[{"width":1920,"height":1440,"url":"https:\/\/files.sunoresearch.com.br\/n\/uploads\/2018\/10\/0ccfc4a8-ibovespa.jpg","type":"image\/jpeg"}],"author":"Renan Bandeira","twitter_card":"summary_large_image","twitter_creator":"@sunoresearch","twitter_site":"@sunoresearch","twitter_misc":{"Escrito por":"Renan Bandeira","Est. tempo de leitura":"4 minutos"},"schema":{"@context":"https:\/\/schema.org","@graph":[{"@type":"NewsArticle","@id":"https:\/\/www.suno.com.br\/noticias\/puxado-bradesco-ibovespa-bater-98-mil\/#article","isPartOf":{"@id":"https:\/\/www.suno.com.br\/noticias\/puxado-bradesco-ibovespa-bater-98-mil\/"},"author":{"name":"Renan Bandeira","@id":"https:\/\/www.suno.com.br\/noticias\/#\/schema\/person\/fc144a1c6108bd1dcd43784e88a3c138"},"headline":"Puxado pelo Bradesco Ibovespa chegou a bater os 98 mil pontos","datePublished":"2019-01-31T20:46:32+00:00","dateModified":"2021-08-03T17:54:16+00:00","mainEntityOfPage":{"@id":"https:\/\/www.suno.com.br\/noticias\/puxado-bradesco-ibovespa-bater-98-mil\/"},"wordCount":793,"publisher":{"@id":"https:\/\/www.suno.com.br\/noticias\/#organization"},"image":{"@id":"https:\/\/www.suno.com.br\/noticias\/puxado-bradesco-ibovespa-bater-98-mil\/#primaryimage"},"thumbnailUrl":"https:\/\/files.sunoresearch.com.br\/n\/uploads\/2018\/10\/0ccfc4a8-ibovespa-jpg.webp","keywords":["A\u00e7\u00f5es","China","Donald Trump","Estados Unidos (EUA)","guerra comercial","Ibovespa","Vale (VALE3)"],"articleSection":["Mercado"],"inLanguage":"pt-BR"},{"@type":"WebPage","@id":"https:\/\/www.suno.com.br\/noticias\/puxado-bradesco-ibovespa-bater-98-mil\/","url":"https:\/\/www.suno.com.br\/noticias\/puxado-bradesco-ibovespa-bater-98-mil\/","name":"Puxado pelo Bradesco Ibovespa chegou a bater os 98 mil pontos","isPartOf":{"@id":"https:\/\/www.suno.com.br\/noticias\/#website"},"primaryImageOfPage":{"@id":"https:\/\/www.suno.com.br\/noticias\/puxado-bradesco-ibovespa-bater-98-mil\/#primaryimage"},"image":{"@id":"https:\/\/www.suno.com.br\/noticias\/puxado-bradesco-ibovespa-bater-98-mil\/#primaryimage"},"thumbnailUrl":"https:\/\/files.sunoresearch.com.br\/n\/uploads\/2018\/10\/0ccfc4a8-ibovespa-jpg.webp","datePublished":"2019-01-31T20:46:32+00:00","dateModified":"2021-08-03T17:54:16+00:00","description":"O Ibovespa tem alta acumulada de 10,82% no m\u00eas de janeiro; A\u00e7\u00f5es do Bradesco sobrem 5,65% nesta sess\u00e3o. Clique para saber mais.","breadcrumb":{"@id":"https:\/\/www.suno.com.br\/noticias\/puxado-bradesco-ibovespa-bater-98-mil\/#breadcrumb"},"inLanguage":"pt-BR","potentialAction":[{"@type":"ReadAction","target":["https:\/\/www.suno.com.br\/noticias\/puxado-bradesco-ibovespa-bater-98-mil\/"]}]},{"@type":"ImageObject","inLanguage":"pt-BR","@id":"https:\/\/www.suno.com.br\/noticias\/puxado-bradesco-ibovespa-bater-98-mil\/#primaryimage","url":"https:\/\/files.sunoresearch.com.br\/n\/uploads\/2018\/10\/0ccfc4a8-ibovespa-jpg.webp","contentUrl":"https:\/\/files.sunoresearch.com.br\/n\/uploads\/2018\/10\/0ccfc4a8-ibovespa-jpg.webp","width":1920,"height":1440,"caption":"O Ibovespa abriu em queda nesta quarta-feira (17), ap\u00f3s o feriado de Carnaval, seguindo as bolsas mundiais."},{"@type":"BreadcrumbList","@id":"https:\/\/www.suno.com.br\/noticias\/puxado-bradesco-ibovespa-bater-98-mil\/#breadcrumb","itemListElement":[{"@type":"ListItem","position":1,"name":"Not\u00edcias","item":"https:\/\/www.suno.com.br\/noticias\/"},{"@type":"ListItem","position":2,"name":"Mercado","item":"https:\/\/www.suno.com.br\/noticias\/mercado\/"},{"@type":"ListItem","position":3,"name":"Puxado pelo Bradesco Ibovespa chegou a bater os 98 mil pontos"}]},{"@type":"WebSite","@id":"https:\/\/www.suno.com.br\/noticias\/#website","url":"https:\/\/www.suno.com.br\/noticias\/","name":"Suno Not\u00edcias","description":"Seu portal de informa\u00e7\u00e3o sobre o mundo dos investimentos","publisher":{"@id":"https:\/\/www.suno.com.br\/noticias\/#organization"},"potentialAction":[{"@type":"SearchAction","target":{"@type":"EntryPoint","urlTemplate":"https:\/\/www.suno.com.br\/noticias\/?s={search_term_string}"},"query-input":{"@type":"PropertyValueSpecification","valueRequired":true,"valueName":"search_term_string"}}],"inLanguage":"pt-BR"},{"@type":"Organization","@id":"https:\/\/www.suno.com.br\/noticias\/#organization","name":"Suno Not\u00edcias","url":"https:\/\/www.suno.com.br\/noticias\/","logo":{"@type":"ImageObject","inLanguage":"pt-BR","@id":"https:\/\/www.suno.com.br\/noticias\/#\/schema\/logo\/image\/","url":"https:\/\/files.sunoresearch.com.br\/n\/uploads\/2021\/09\/suno-logo.png","contentUrl":"https:\/\/files.sunoresearch.com.br\/n\/uploads\/2021\/09\/suno-logo.png","width":180,"height":180,"caption":"Suno Not\u00edcias"},"image":{"@id":"https:\/\/www.suno.com.br\/noticias\/#\/schema\/logo\/image\/"},"sameAs":["https:\/\/facebook.com\/sunoresearch","https:\/\/x.com\/sunoresearch","https:\/\/www.instagram.com\/suno","https:\/\/www.linkedin.com\/company\/suno-research\/","https:\/\/www.youtube.com\/c\/sunoresearch"]},{"@type":"Person","@id":"https:\/\/www.suno.com.br\/noticias\/#\/schema\/person\/fc144a1c6108bd1dcd43784e88a3c138","name":"Renan Bandeira","image":{"@type":"ImageObject","inLanguage":"pt-BR","@id":"https:\/\/www.suno.com.br\/noticias\/#\/schema\/person\/image\/","url":"https:\/\/secure.gravatar.com\/avatar\/68359cdb608f14f11bbefcb78f3fc747?s=96&r=g","contentUrl":"https:\/\/secure.gravatar.com\/avatar\/68359cdb608f14f11bbefcb78f3fc747?s=96&r=g","caption":"Renan Bandeira"},"description":"Renan Bandeira escreve sobre pol\u00edtica e economia para o portal da Suno Research. Antes da Suno, trabalhou em uma rede de televis\u00e3o, onde fazia reportagens sobre os mesmos temas. Estuda na Universidade Metodista de S\u00e3o Paulo.","url":"https:\/\/www.suno.com.br\/noticias\/author\/renan-bandeira\/"}]}},"default_loop_html":"<div class=\"cardsPage__listCard__boxs\"><div class=\"cardsPage__listCard__boxs__img\"><a href=\"https:\/\/www.suno.com.br\/noticias\/puxado-bradesco-ibovespa-bater-98-mil\/\"><img class=\"mask\" src=\"https:\/\/www.suno.com.br\/noticias\/wp-content\/themes\/suno\/resources\/images\/spotlight\/spotlight1img\/bg-mask.png\" alt=\"Image Mask\"\/><img src=\"https:\/\/files.sunoresearch.com.br\/n\/uploads\/2018\/10\/0ccfc4a8-ibovespa-400x200.webp\" alt=\"Puxado pelo Bradesco Ibovespa chegou a bater os 98 mil pontos\"\/><\/a><span class=\"spotlightCategory\"><a href=\"https:\/\/www.suno.com.br\/noticias\/mercado\/\">Mercado<\/a><\/span><\/div><div class=\"cardsPage__listCard__boxs__content\"><a href=\"https:\/\/www.suno.com.br\/noticias\/puxado-bradesco-ibovespa-bater-98-mil\/\"><h2 class=\"content__title\">Puxado pelo Bradesco Ibovespa chegou a bater os 98 mil pontos<\/h2><\/a><div class=\"newsContent__article__meta\"><div class=\"newsContent__article__meta__authorBox\"><a href=\"https:\/\/www.suno.com.br\/noticias\/author\/renan-bandeira\/\" class=\"authorBox__avatar noMobi\"><img src=\"https:\/\/secure.gravatar.com\/avatar\/68359cdb608f14f11bbefcb78f3fc747?s=96&#038;r=g\" alt=\"Renan Bandeira\"><\/a><div class=\"authorBox__name\"><span>por\n\t\t\t<a href=\"https:\/\/www.suno.com.br\/noticias\/author\/renan-bandeira\/\"><span itemprop=\"author\">Renan Bandeira<\/span><\/a><\/span><time datetime=\"2019-01-31T18:46:32-02:00\" itemprop=\"datePublished\">31\/01\/2019 18:46<\/time><\/div><\/div><\/div><\/div><\/div>","single_layout":"posts","amp_enabled":true,"_links":{"self":[{"href":"https:\/\/www.suno.com.br\/noticias\/wp-json\/wp\/v2\/posts\/13726"}],"collection":[{"href":"https:\/\/www.suno.com.br\/noticias\/wp-json\/wp\/v2\/posts"}],"about":[{"href":"https:\/\/www.suno.com.br\/noticias\/wp-json\/wp\/v2\/types\/post"}],"author":[{"embeddable":true,"href":"https:\/\/www.suno.com.br\/noticias\/wp-json\/wp\/v2\/users\/11"}],"replies":[{"embeddable":true,"href":"https:\/\/www.suno.com.br\/noticias\/wp-json\/wp\/v2\/comments?post=13726"}],"version-history":[{"count":1,"href":"https:\/\/www.suno.com.br\/noticias\/wp-json\/wp\/v2\/posts\/13726\/revisions"}],"predecessor-version":[{"id":171849,"href":"https:\/\/www.suno.com.br\/noticias\/wp-json\/wp\/v2\/posts\/13726\/revisions\/171849"}],"wp:featuredmedia":[{"embeddable":true,"href":"https:\/\/www.suno.com.br\/noticias\/wp-json\/wp\/v2\/media\/4617"}],"wp:attachment":[{"href":"https:\/\/www.suno.com.br\/noticias\/wp-json\/wp\/v2\/media?parent=13726"}],"wp:term":[{"taxonomy":"category","embeddable":true,"href":"https:\/\/www.suno.com.br\/noticias\/wp-json\/wp\/v2\/categories?post=13726"},{"taxonomy":"post_tag","embeddable":true,"href":"https:\/\/www.suno.com.br\/noticias\/wp-json\/wp\/v2\/tags?post=13726"},{"taxonomy":"suno_strategy","embeddable":true,"href":"https:\/\/www.suno.com.br\/noticias\/wp-json\/wp\/v2\/suno_strategy?post=13726"}],"curies":[{"name":"wp","href":"https:\/\/api.w.org\/{rel}","templated":true}]}}