{"id":137003,"date":"2021-04-05T18:10:16","date_gmt":"2021-04-05T21:10:16","guid":{"rendered":"https:\/\/www.suno.com.br\/noticias\/?p=137003"},"modified":"2021-06-13T23:25:44","modified_gmt":"2021-06-14T02:25:44","slug":"yellen-g-20-imposto-corporativo-minimo-global","status":"publish","type":"post","link":"https:\/\/www.suno.com.br\/noticias\/yellen-g-20-imposto-corporativo-minimo-global\/","title":{"rendered":"Yellen diz estar trabalhando com G-20 por imposto corporativo m\u00ednimo global"},"content":{"rendered":"<p>A secret\u00e1ria do Tesouro dos Estados Unidos, <strong>Janet Yellen,<\/strong> declarou nesta segunda-feira (5) estar trabalhando com o G-20 por um imposto corporativo m\u00ednimo global.<\/p>\t<div class=\"wrapper-featured-image\">\n\t\t<figure class=\"spotlightImg\">\n\n\t\t\t<picture>\n\t\t\t\t<source media=\"(max-width: 768px)\" srcset=\"https:\/\/files.sunoresearch.com.br\/n\/uploads\/2020\/11\/2889e435-8655576585_5e848845e2_b-400x200.webp\">\n\t\t\t\t<img loading=\"lazy\" decoding=\"async\" class=\"newsContent__article__imgCapa lazyloadDisabled \" src=\"https:\/\/files.sunoresearch.com.br\/n\/uploads\/2020\/11\/2889e435-8655576585_5e848845e2_b-800x450.webp\" width=\"800\" height=\"450\" alt=\"Yellen diz estar trabalhando com G-20 por imposto corporativo m\u00ednimo global\" fetchpriority=high \/>\n\t\t\t<\/picture>\n\n\t\t\t<figcaption class=\"wp-caption-text wp-caption-text--show\">Janet Yellen. Foto: International Monetary Fund, Stephen Jaffe<\/figcaption>\n\t\t<\/figure>\n\t<\/div>\n\n\n\t<p>\n\t\t<a href=\"https:\/\/lp.suno.com.br\/planilha-de-controle-de-investimentos\/\" target=\"_blank\" data-element=\"shortcode-suno-banner\" title=\"Banner SUNO, clique e saiba mais\">\n\t\t\t<picture>\n\t\t\t\t<source media=\"(max-width: 500px)\" srcset=\"https:\/\/files.sunoresearch.com.br\/n\/uploads\/2023\/03\/400x300-Controle-de-Investimentos.png\">\n\t\t\t\t<img class=\"newsContent__article__imgCapa newsContent__article__imgCapa--banner\"\n\t\t\t\t\tsrc=\"https:\/\/files.sunoresearch.com.br\/n\/uploads\/2023\/03\/1420x240-Controle-de-Investimentos.png\"\n\t\t\t\t\tdata-promo-id=\"75934\"\t\t\t\t\t\t\t\t\t\twidth='1420' height='240'\t\t\t\t\talt=\"https:\/\/files.sunoresearch.com.br\/n\/uploads\/2023\/03\/1420x240-Controle-de-Investimentos.png\"\n\t\t\t\t>\n\t\t\t<\/picture>\n\t\t<\/a>\n\t<\/p>\n\n\n<p>O an\u00fancio de Yellen ocorre cinco dias\u00a0ap\u00f3s o presidente dos Estados Unidos, <a href=\"https:\/\/www.suno.com.br\/noticias\/joe-biden-conheca-o-novo-presidente-dos-estados-unidos\/\">Joe<strong> Biden<\/strong><\/a>, propor eleva\u00e7\u00e3o de impostos cobrados sobre grandes empresas para financiar um pacote de fomento \u00e0 infraestrutura.<\/p>\n<p><iframe loading=\"lazy\" title=\"\ud83d\udd34Vale (VALE3) faz recompra de a\u00e7\u00f5es, BTG Pactual (BPAC11) primeiro fundo de Bitcoin brasileiro\" width=\"1080\" height=\"608\" src=\"https:\/\/www.youtube.com\/embed\/LKbgKvP3zI0?feature=oembed&#038;enablejsapi=1&#038;origin=https:\/\/www.suno.com.br\" frameborder=\"0\" allow=\"accelerometer; autoplay; clipboard-write; encrypted-media; gyroscope; picture-in-picture\" allowfullscreen><\/iframe><\/p>\n<p>Em evento do Conselho de Chicago para Assuntos Globais, a secret\u00e1ria explicou que a medida tem como objetivo resistir a uma \u201cguerra tribut\u00e1ria\u201d, em meio \u00e0 possibilidade de migra\u00e7\u00e3o de empresas dos EUA caso ocorra a aprova\u00e7\u00e3o da proposta de mais impostos.<\/p>\n<p><a href=\"https:\/\/lp.suno.com.br\/suno-one\/\">Suno One: acesse gratuitamente eBooks, Minicursos, Artigos e V\u00eddeo Aulas sobre investimentos com um \u00fanico cadastro. Clique para saber mais!<\/a><\/p>\n<p>\u201cPrecisamos trabalhar em conjunto contra as press\u00f5es da competi\u00e7\u00e3o tribut\u00e1ria. Juntos, podemos ter um imposto m\u00ednimo global sobre corpora\u00e7\u00f5es, para garantir que a economia mundial prospere com base em um jogo moralmente nivelado, que estimule a inova\u00e7\u00e3o e o crescimento\u201d, disse.<\/p>\n<p>\u201cTrata-se de garantir que os governos tenham sistemas tribut\u00e1rios que gerem receita o suficiente para investir em bens p\u00fablicos e responder \u00e0s crises. E garantir que todos os cidad\u00e3os compartilhem de forma justa o fardo de financiar o governo\u201d, concluiu.<\/p>\n<h2>Yellen diz duvidar &#8216;fortemente&#8217; que est\u00edmulos causar\u00e3o press\u00e3o inflacion\u00e1ria<\/h2>\n\t<p>\n\t\t<a href=\"https:\/\/lp.suno.com.br\/planilha-da-vida-financeira\/\" target=\"_blank\" data-element=\"shortcode-suno-banner\" title=\"Banner SUNO, clique e saiba mais\">\n\t\t\t<picture>\n\t\t\t\t<source media=\"(max-width: 500px)\" srcset=\"https:\/\/files.sunoresearch.com.br\/n\/uploads\/2023\/04\/400x300-Planilha-vida-financeira-true.png\">\n\t\t\t\t<img class=\"newsContent__article__imgCapa newsContent__article__imgCapa--banner\"\n\t\t\t\t\tsrc=\"https:\/\/files.sunoresearch.com.br\/n\/uploads\/2023\/04\/1420x240-Planilha-vida-financeira-true.png\"\n\t\t\t\t\tdata-promo-id=\"106682\"\t\t\t\t\t\t\t\t\t\twidth='1420' height='240'\t\t\t\t\talt=\"https:\/\/files.sunoresearch.com.br\/n\/uploads\/2023\/04\/1420x240-Planilha-vida-financeira-true.png\"\n\t\t\t\t>\n\t\t\t<\/picture>\n\t\t<\/a>\n\t<\/p>\n\n\n<p>Al\u00e9m disso, nesta segunda-feira Yellen disse duvidar &#8220;fortemente&#8221; que o pacote de infraestrutura proposto pelo presidente norte-americano, Joe Biden, levar\u00e1 a uma press\u00e3o inflacion\u00e1ria no pa\u00eds.<\/p>\n<p>A secret\u00e1ria argumentou que o ambiente de taxas de juro baixas e mercado de trabalho fraco por conta da pandemia do coronav\u00edrus (covid-19) d\u00e3o espa\u00e7o para os EUA suportarem os est\u00edmulos sem impacto significativo na infla\u00e7\u00e3o.<\/p>\n<p>A continuidade da pol\u00edtica fiscal altamente expansionista da Casa Branca tem levantado, entre agentes do mercado, preocupa\u00e7\u00f5es sobre o impacto na infla\u00e7\u00e3o americana.<\/p>\n<p>Como resultado,<a href=\"https:\/\/www.suno.com.br\/artigos\/juros\/\"> a curva de juros<\/a> dos Treasuries vivem uma escalada, sobretudo na ponta longa, precificando alta de pre\u00e7os.<\/p>\n\t<div data-element=\"shortcode-read-more\" class=\"knowMore\">\n\t\t\t\t<span class=\"knowMore__title\">Leia tamb\u00e9m<\/span>\n\t\t\t\t<a class=\"knowMore__link\" href=\"https:\/\/www.suno.com.br\/noticias\/biden-propoe-nvestimento-infraestrutura-alta-imposto\/\">\n\t\t\tBiden prop\u00f5e US$ 2 tri em investimento \u00e0 infraestrutura e alta de imposto\t\t<\/a>\n\t<\/div>\n\n\n<p>Al\u00e9m do plano voltado \u00e0 infraestrutura, que ainda precisa de aval do Congresso, Biden j\u00e1 lan\u00e7ou um pacote fiscal de US$ 1,9 trilh\u00e3o &#8211; este em vigor ap\u00f3s chancela do Parlamento.<\/p>\n<p>Caso os pacotes de est\u00edmulos se tornem inflacion\u00e1rios, disse <strong>Yellen<\/strong>, os EUA t\u00eam instrumentos para lidar com uma eventual alta indesejada no n\u00edvel de pre\u00e7os.<\/p>\n<p><em>Com informa\u00e7\u00f5es do Estad\u00e3o Conte\u00fado<\/em><\/p>\n\t<p>\n\t\t<a href=\"https:\/\/lp.suno.com.br\/planilha-de-controle-de-investimentos\/\" target=\"_blank\" data-element=\"shortcode-suno-banner\" title=\"Banner SUNO, clique e saiba mais\">\n\t\t\t<picture>\n\t\t\t\t<source media=\"(max-width: 500px)\" srcset=\"https:\/\/files.sunoresearch.com.br\/n\/uploads\/2023\/03\/400x300-Controle-de-Investimentos.png\">\n\t\t\t\t<img class=\"newsContent__article__imgCapa newsContent__article__imgCapa--banner\"\n\t\t\t\t\tsrc=\"https:\/\/files.sunoresearch.com.br\/n\/uploads\/2023\/03\/1420x240-Controle-de-Investimentos.png\"\n\t\t\t\t\tdata-promo-id=\"75934\"\t\t\t\t\t\t\t\t\t\twidth='1420' height='240'\t\t\t\t\talt=\"https:\/\/files.sunoresearch.com.br\/n\/uploads\/2023\/03\/1420x240-Controle-de-Investimentos.png\"\n\t\t\t\t>\n\t\t\t<\/picture>\n\t\t<\/a>\n\t<\/p>\n\n\n","protected":false},"excerpt":{"rendered":"<p>A secret\u00e1ria do Tesouro dos Estados Unidos, Janet Yellen, declarou nesta segunda-feira (5) estar trabalhando com o G-20 por um imposto corporativo m\u00ednimo global. Janet Yellen. Foto: International Monetary Fund, Stephen Jaffe O an\u00fancio de Yellen ocorre cinco dias\u00a0ap\u00f3s o presidente dos Estados Unidos, Joe Biden, propor eleva\u00e7\u00e3o de impostos cobrados sobre grandes empresas para [&hellip;]<\/p>\n","protected":false},"author":56,"featured_media":102462,"comment_status":"closed","ping_status":"closed","sticky":false,"template":"","format":"standard","meta":[],"categories":[63],"tags":[793,105308,73481,105707],"suno_strategy":[],"class_list":["post-137003","post","type-post","status-publish","format-standard","has-post-thumbnail","hentry","category-internacional","tag-estados-unidos-eua","tag-janet-yellen","tag-joe-biden","tag-pacote-de-estimulos"],"yoast_head":"<!-- This site is optimized with the Yoast SEO plugin v24.4 - https:\/\/yoast.com\/wordpress\/plugins\/seo\/ -->\n<title>Yellen diz estar trabalhando com G-20 por imposto corporativo m\u00ednimo global<\/title>\n<meta name=\"description\" content=\"\u201cPrecisamos trabalhar em conjunto contra as press\u00f5es da competi\u00e7\u00e3o tribut\u00e1ria&quot;, disse Yellen. Clique aqui para saber mais.\" \/>\n<meta name=\"robots\" content=\"index, follow, max-snippet:-1, max-image-preview:large, max-video-preview:-1\" \/>\n<link rel=\"canonical\" href=\"https:\/\/www.suno.com.br\/noticias\/yellen-g-20-imposto-corporativo-minimo-global\/\" \/>\n<meta property=\"og:locale\" content=\"pt_BR\" \/>\n<meta property=\"og:type\" content=\"article\" \/>\n<meta property=\"og:title\" content=\"Yellen diz estar trabalhando com G-20 por imposto corporativo m\u00ednimo global\" \/>\n<meta property=\"og:description\" content=\"\u201cPrecisamos trabalhar em conjunto contra as press\u00f5es da competi\u00e7\u00e3o tribut\u00e1ria&quot;, disse Yellen. Clique aqui para saber mais.\" \/>\n<meta property=\"og:url\" content=\"https:\/\/www.suno.com.br\/noticias\/yellen-g-20-imposto-corporativo-minimo-global\/\" \/>\n<meta property=\"og:site_name\" content=\"Suno Not\u00edcias\" \/>\n<meta property=\"article:publisher\" content=\"https:\/\/facebook.com\/sunoresearch\" \/>\n<meta property=\"og:image\" content=\"https:\/\/files.sunoresearch.com.br\/n\/uploads\/2020\/11\/2889e435-8655576585_5e848845e2_b.jpg\" \/>\n\t<meta property=\"og:image:width\" content=\"1024\" \/>\n\t<meta property=\"og:image:height\" content=\"683\" \/>\n\t<meta property=\"og:image:type\" content=\"image\/jpeg\" \/>\n<meta name=\"author\" content=\"Rafaela La Regina\" \/>\n<meta name=\"twitter:card\" content=\"summary_large_image\" \/>\n<meta name=\"twitter:creator\" content=\"@sunoresearch\" \/>\n<meta name=\"twitter:site\" content=\"@sunoresearch\" \/>\n<meta name=\"twitter:label1\" content=\"Escrito por\" \/>\n\t<meta name=\"twitter:data1\" content=\"Rafaela La Regina\" \/>\n\t<meta name=\"twitter:label2\" content=\"Est. tempo de leitura\" \/>\n\t<meta name=\"twitter:data2\" content=\"2 minutos\" \/>\n<script type=\"application\/ld+json\" class=\"yoast-schema-graph\">{\"@context\":\"https:\/\/schema.org\",\"@graph\":[{\"@type\":\"NewsArticle\",\"@id\":\"https:\/\/www.suno.com.br\/noticias\/yellen-g-20-imposto-corporativo-minimo-global\/#article\",\"isPartOf\":{\"@id\":\"https:\/\/www.suno.com.br\/noticias\/yellen-g-20-imposto-corporativo-minimo-global\/\"},\"author\":{\"name\":\"Rafaela La Regina\",\"@id\":\"https:\/\/www.suno.com.br\/noticias\/#\/schema\/person\/e672ca8cea627fe715fa29bca7da95e0\"},\"headline\":\"Yellen diz estar trabalhando com G-20 por imposto corporativo m\u00ednimo global\",\"datePublished\":\"2021-04-05T21:10:16+00:00\",\"dateModified\":\"2021-06-14T02:25:44+00:00\",\"mainEntityOfPage\":{\"@id\":\"https:\/\/www.suno.com.br\/noticias\/yellen-g-20-imposto-corporativo-minimo-global\/\"},\"wordCount\":453,\"publisher\":{\"@id\":\"https:\/\/www.suno.com.br\/noticias\/#organization\"},\"image\":{\"@id\":\"https:\/\/www.suno.com.br\/noticias\/yellen-g-20-imposto-corporativo-minimo-global\/#primaryimage\"},\"thumbnailUrl\":\"https:\/\/files.sunoresearch.com.br\/n\/uploads\/2020\/11\/2889e435-8655576585_5e848845e2_b-jpg.webp\",\"keywords\":[\"Estados Unidos (EUA)\",\"Janet Yellen\",\"Joe Biden\",\"pacote de est\u00edmulos\"],\"articleSection\":[\"Internacional\"],\"inLanguage\":\"pt-BR\"},{\"@type\":\"WebPage\",\"@id\":\"https:\/\/www.suno.com.br\/noticias\/yellen-g-20-imposto-corporativo-minimo-global\/\",\"url\":\"https:\/\/www.suno.com.br\/noticias\/yellen-g-20-imposto-corporativo-minimo-global\/\",\"name\":\"Yellen diz estar trabalhando com G-20 por imposto corporativo m\u00ednimo global\",\"isPartOf\":{\"@id\":\"https:\/\/www.suno.com.br\/noticias\/#website\"},\"primaryImageOfPage\":{\"@id\":\"https:\/\/www.suno.com.br\/noticias\/yellen-g-20-imposto-corporativo-minimo-global\/#primaryimage\"},\"image\":{\"@id\":\"https:\/\/www.suno.com.br\/noticias\/yellen-g-20-imposto-corporativo-minimo-global\/#primaryimage\"},\"thumbnailUrl\":\"https:\/\/files.sunoresearch.com.br\/n\/uploads\/2020\/11\/2889e435-8655576585_5e848845e2_b-jpg.webp\",\"datePublished\":\"2021-04-05T21:10:16+00:00\",\"dateModified\":\"2021-06-14T02:25:44+00:00\",\"description\":\"\u201cPrecisamos trabalhar em conjunto contra as press\u00f5es da competi\u00e7\u00e3o tribut\u00e1ria\\\", disse Yellen. Clique aqui para saber mais.\",\"breadcrumb\":{\"@id\":\"https:\/\/www.suno.com.br\/noticias\/yellen-g-20-imposto-corporativo-minimo-global\/#breadcrumb\"},\"inLanguage\":\"pt-BR\",\"potentialAction\":[{\"@type\":\"ReadAction\",\"target\":[\"https:\/\/www.suno.com.br\/noticias\/yellen-g-20-imposto-corporativo-minimo-global\/\"]}]},{\"@type\":\"ImageObject\",\"inLanguage\":\"pt-BR\",\"@id\":\"https:\/\/www.suno.com.br\/noticias\/yellen-g-20-imposto-corporativo-minimo-global\/#primaryimage\",\"url\":\"https:\/\/files.sunoresearch.com.br\/n\/uploads\/2020\/11\/2889e435-8655576585_5e848845e2_b-jpg.webp\",\"contentUrl\":\"https:\/\/files.sunoresearch.com.br\/n\/uploads\/2020\/11\/2889e435-8655576585_5e848845e2_b-jpg.webp\",\"width\":1024,\"height\":683,\"caption\":\"Janet Yellen. Foto: International Monetary Fund, Stephen Jaffe\"},{\"@type\":\"BreadcrumbList\",\"@id\":\"https:\/\/www.suno.com.br\/noticias\/yellen-g-20-imposto-corporativo-minimo-global\/#breadcrumb\",\"itemListElement\":[{\"@type\":\"ListItem\",\"position\":1,\"name\":\"Not\u00edcias\",\"item\":\"https:\/\/www.suno.com.br\/noticias\/\"},{\"@type\":\"ListItem\",\"position\":2,\"name\":\"Internacional\",\"item\":\"https:\/\/www.suno.com.br\/noticias\/internacional\/\"},{\"@type\":\"ListItem\",\"position\":3,\"name\":\"Yellen diz estar trabalhando com G-20 por imposto corporativo m\u00ednimo global\"}]},{\"@type\":\"WebSite\",\"@id\":\"https:\/\/www.suno.com.br\/noticias\/#website\",\"url\":\"https:\/\/www.suno.com.br\/noticias\/\",\"name\":\"Suno Not\u00edcias\",\"description\":\"Seu portal de informa\u00e7\u00e3o sobre o mundo dos investimentos\",\"publisher\":{\"@id\":\"https:\/\/www.suno.com.br\/noticias\/#organization\"},\"potentialAction\":[{\"@type\":\"SearchAction\",\"target\":{\"@type\":\"EntryPoint\",\"urlTemplate\":\"https:\/\/www.suno.com.br\/noticias\/?s={search_term_string}\"},\"query-input\":{\"@type\":\"PropertyValueSpecification\",\"valueRequired\":true,\"valueName\":\"search_term_string\"}}],\"inLanguage\":\"pt-BR\"},{\"@type\":\"Organization\",\"@id\":\"https:\/\/www.suno.com.br\/noticias\/#organization\",\"name\":\"Suno Not\u00edcias\",\"url\":\"https:\/\/www.suno.com.br\/noticias\/\",\"logo\":{\"@type\":\"ImageObject\",\"inLanguage\":\"pt-BR\",\"@id\":\"https:\/\/www.suno.com.br\/noticias\/#\/schema\/logo\/image\/\",\"url\":\"https:\/\/files.sunoresearch.com.br\/n\/uploads\/2021\/09\/suno-logo.png\",\"contentUrl\":\"https:\/\/files.sunoresearch.com.br\/n\/uploads\/2021\/09\/suno-logo.png\",\"width\":180,\"height\":180,\"caption\":\"Suno Not\u00edcias\"},\"image\":{\"@id\":\"https:\/\/www.suno.com.br\/noticias\/#\/schema\/logo\/image\/\"},\"sameAs\":[\"https:\/\/facebook.com\/sunoresearch\",\"https:\/\/x.com\/sunoresearch\",\"https:\/\/www.instagram.com\/suno\",\"https:\/\/www.linkedin.com\/company\/suno-research\/\",\"https:\/\/www.youtube.com\/c\/sunoresearch\"]},{\"@type\":\"Person\",\"@id\":\"https:\/\/www.suno.com.br\/noticias\/#\/schema\/person\/e672ca8cea627fe715fa29bca7da95e0\",\"name\":\"Rafaela La Regina\",\"image\":{\"@type\":\"ImageObject\",\"inLanguage\":\"pt-BR\",\"@id\":\"https:\/\/www.suno.com.br\/noticias\/#\/schema\/person\/image\/\",\"url\":\"https:\/\/secure.gravatar.com\/avatar\/d2c75a52d243deb93d0465fdcb21bd37?s=96&r=g\",\"contentUrl\":\"https:\/\/secure.gravatar.com\/avatar\/d2c75a52d243deb93d0465fdcb21bd37?s=96&r=g\",\"caption\":\"Rafaela La Regina\"},\"description\":\"Estagi\u00e1ria no Suno Not\u00edcias. Escreve sobre economia, pol\u00edtica e neg\u00f3cios. Estuda Rela\u00e7\u00f5es Internacionais no IBMEC-SP.\",\"url\":\"https:\/\/www.suno.com.br\/noticias\/author\/rafaela-la-regina\/\"}]}<\/script>\n<!-- \/ Yoast SEO plugin. -->","yoast_head_json":{"title":"Yellen diz estar trabalhando com G-20 por imposto corporativo m\u00ednimo global","description":"\u201cPrecisamos trabalhar em conjunto contra as press\u00f5es da competi\u00e7\u00e3o tribut\u00e1ria\", disse Yellen. Clique aqui para saber mais.","robots":{"index":"index","follow":"follow","max-snippet":"max-snippet:-1","max-image-preview":"max-image-preview:large","max-video-preview":"max-video-preview:-1"},"canonical":"https:\/\/www.suno.com.br\/noticias\/yellen-g-20-imposto-corporativo-minimo-global\/","og_locale":"pt_BR","og_type":"article","og_title":"Yellen diz estar trabalhando com G-20 por imposto corporativo m\u00ednimo global","og_description":"\u201cPrecisamos trabalhar em conjunto contra as press\u00f5es da competi\u00e7\u00e3o tribut\u00e1ria\", disse Yellen. Clique aqui para saber mais.","og_url":"https:\/\/www.suno.com.br\/noticias\/yellen-g-20-imposto-corporativo-minimo-global\/","og_site_name":"Suno Not\u00edcias","article_publisher":"https:\/\/facebook.com\/sunoresearch","og_image":[{"width":1024,"height":683,"url":"https:\/\/files.sunoresearch.com.br\/n\/uploads\/2020\/11\/2889e435-8655576585_5e848845e2_b.jpg","type":"image\/jpeg"}],"author":"Rafaela La Regina","twitter_card":"summary_large_image","twitter_creator":"@sunoresearch","twitter_site":"@sunoresearch","twitter_misc":{"Escrito por":"Rafaela La Regina","Est. tempo de leitura":"2 minutos"},"schema":{"@context":"https:\/\/schema.org","@graph":[{"@type":"NewsArticle","@id":"https:\/\/www.suno.com.br\/noticias\/yellen-g-20-imposto-corporativo-minimo-global\/#article","isPartOf":{"@id":"https:\/\/www.suno.com.br\/noticias\/yellen-g-20-imposto-corporativo-minimo-global\/"},"author":{"name":"Rafaela La Regina","@id":"https:\/\/www.suno.com.br\/noticias\/#\/schema\/person\/e672ca8cea627fe715fa29bca7da95e0"},"headline":"Yellen diz estar trabalhando com G-20 por imposto corporativo m\u00ednimo global","datePublished":"2021-04-05T21:10:16+00:00","dateModified":"2021-06-14T02:25:44+00:00","mainEntityOfPage":{"@id":"https:\/\/www.suno.com.br\/noticias\/yellen-g-20-imposto-corporativo-minimo-global\/"},"wordCount":453,"publisher":{"@id":"https:\/\/www.suno.com.br\/noticias\/#organization"},"image":{"@id":"https:\/\/www.suno.com.br\/noticias\/yellen-g-20-imposto-corporativo-minimo-global\/#primaryimage"},"thumbnailUrl":"https:\/\/files.sunoresearch.com.br\/n\/uploads\/2020\/11\/2889e435-8655576585_5e848845e2_b-jpg.webp","keywords":["Estados Unidos (EUA)","Janet Yellen","Joe Biden","pacote de est\u00edmulos"],"articleSection":["Internacional"],"inLanguage":"pt-BR"},{"@type":"WebPage","@id":"https:\/\/www.suno.com.br\/noticias\/yellen-g-20-imposto-corporativo-minimo-global\/","url":"https:\/\/www.suno.com.br\/noticias\/yellen-g-20-imposto-corporativo-minimo-global\/","name":"Yellen diz estar trabalhando com G-20 por imposto corporativo m\u00ednimo global","isPartOf":{"@id":"https:\/\/www.suno.com.br\/noticias\/#website"},"primaryImageOfPage":{"@id":"https:\/\/www.suno.com.br\/noticias\/yellen-g-20-imposto-corporativo-minimo-global\/#primaryimage"},"image":{"@id":"https:\/\/www.suno.com.br\/noticias\/yellen-g-20-imposto-corporativo-minimo-global\/#primaryimage"},"thumbnailUrl":"https:\/\/files.sunoresearch.com.br\/n\/uploads\/2020\/11\/2889e435-8655576585_5e848845e2_b-jpg.webp","datePublished":"2021-04-05T21:10:16+00:00","dateModified":"2021-06-14T02:25:44+00:00","description":"\u201cPrecisamos trabalhar em conjunto contra as press\u00f5es da competi\u00e7\u00e3o tribut\u00e1ria\", disse Yellen. Clique aqui para saber mais.","breadcrumb":{"@id":"https:\/\/www.suno.com.br\/noticias\/yellen-g-20-imposto-corporativo-minimo-global\/#breadcrumb"},"inLanguage":"pt-BR","potentialAction":[{"@type":"ReadAction","target":["https:\/\/www.suno.com.br\/noticias\/yellen-g-20-imposto-corporativo-minimo-global\/"]}]},{"@type":"ImageObject","inLanguage":"pt-BR","@id":"https:\/\/www.suno.com.br\/noticias\/yellen-g-20-imposto-corporativo-minimo-global\/#primaryimage","url":"https:\/\/files.sunoresearch.com.br\/n\/uploads\/2020\/11\/2889e435-8655576585_5e848845e2_b-jpg.webp","contentUrl":"https:\/\/files.sunoresearch.com.br\/n\/uploads\/2020\/11\/2889e435-8655576585_5e848845e2_b-jpg.webp","width":1024,"height":683,"caption":"Janet Yellen. Foto: International Monetary Fund, Stephen Jaffe"},{"@type":"BreadcrumbList","@id":"https:\/\/www.suno.com.br\/noticias\/yellen-g-20-imposto-corporativo-minimo-global\/#breadcrumb","itemListElement":[{"@type":"ListItem","position":1,"name":"Not\u00edcias","item":"https:\/\/www.suno.com.br\/noticias\/"},{"@type":"ListItem","position":2,"name":"Internacional","item":"https:\/\/www.suno.com.br\/noticias\/internacional\/"},{"@type":"ListItem","position":3,"name":"Yellen diz estar trabalhando com G-20 por imposto corporativo m\u00ednimo global"}]},{"@type":"WebSite","@id":"https:\/\/www.suno.com.br\/noticias\/#website","url":"https:\/\/www.suno.com.br\/noticias\/","name":"Suno Not\u00edcias","description":"Seu portal de informa\u00e7\u00e3o sobre o mundo dos investimentos","publisher":{"@id":"https:\/\/www.suno.com.br\/noticias\/#organization"},"potentialAction":[{"@type":"SearchAction","target":{"@type":"EntryPoint","urlTemplate":"https:\/\/www.suno.com.br\/noticias\/?s={search_term_string}"},"query-input":{"@type":"PropertyValueSpecification","valueRequired":true,"valueName":"search_term_string"}}],"inLanguage":"pt-BR"},{"@type":"Organization","@id":"https:\/\/www.suno.com.br\/noticias\/#organization","name":"Suno Not\u00edcias","url":"https:\/\/www.suno.com.br\/noticias\/","logo":{"@type":"ImageObject","inLanguage":"pt-BR","@id":"https:\/\/www.suno.com.br\/noticias\/#\/schema\/logo\/image\/","url":"https:\/\/files.sunoresearch.com.br\/n\/uploads\/2021\/09\/suno-logo.png","contentUrl":"https:\/\/files.sunoresearch.com.br\/n\/uploads\/2021\/09\/suno-logo.png","width":180,"height":180,"caption":"Suno Not\u00edcias"},"image":{"@id":"https:\/\/www.suno.com.br\/noticias\/#\/schema\/logo\/image\/"},"sameAs":["https:\/\/facebook.com\/sunoresearch","https:\/\/x.com\/sunoresearch","https:\/\/www.instagram.com\/suno","https:\/\/www.linkedin.com\/company\/suno-research\/","https:\/\/www.youtube.com\/c\/sunoresearch"]},{"@type":"Person","@id":"https:\/\/www.suno.com.br\/noticias\/#\/schema\/person\/e672ca8cea627fe715fa29bca7da95e0","name":"Rafaela La Regina","image":{"@type":"ImageObject","inLanguage":"pt-BR","@id":"https:\/\/www.suno.com.br\/noticias\/#\/schema\/person\/image\/","url":"https:\/\/secure.gravatar.com\/avatar\/d2c75a52d243deb93d0465fdcb21bd37?s=96&r=g","contentUrl":"https:\/\/secure.gravatar.com\/avatar\/d2c75a52d243deb93d0465fdcb21bd37?s=96&r=g","caption":"Rafaela La Regina"},"description":"Estagi\u00e1ria no Suno Not\u00edcias. Escreve sobre economia, pol\u00edtica e neg\u00f3cios. Estuda Rela\u00e7\u00f5es Internacionais no IBMEC-SP.","url":"https:\/\/www.suno.com.br\/noticias\/author\/rafaela-la-regina\/"}]}},"default_loop_html":"<div class=\"cardsPage__listCard__boxs\"><div class=\"cardsPage__listCard__boxs__img\"><a href=\"https:\/\/www.suno.com.br\/noticias\/yellen-g-20-imposto-corporativo-minimo-global\/\"><img class=\"mask\" src=\"https:\/\/www.suno.com.br\/noticias\/wp-content\/themes\/suno\/resources\/images\/spotlight\/spotlight1img\/bg-mask.png\" alt=\"Image Mask\"\/><img src=\"https:\/\/files.sunoresearch.com.br\/n\/uploads\/2020\/11\/2889e435-8655576585_5e848845e2_b-400x200.webp\" alt=\"Yellen diz estar trabalhando com G-20 por imposto corporativo m\u00ednimo global\"\/><\/a><span class=\"spotlightCategory\"><a href=\"https:\/\/www.suno.com.br\/noticias\/internacional\/\">Internacional<\/a><\/span><\/div><div class=\"cardsPage__listCard__boxs__content\"><a href=\"https:\/\/www.suno.com.br\/noticias\/yellen-g-20-imposto-corporativo-minimo-global\/\"><h2 class=\"content__title\">Yellen diz estar trabalhando com G-20 por imposto corporativo m\u00ednimo global<\/h2><\/a><div class=\"newsContent__article__meta\"><div class=\"newsContent__article__meta__authorBox\"><a href=\"https:\/\/www.suno.com.br\/noticias\/author\/rafaela-la-regina\/\" class=\"authorBox__avatar noMobi\"><img src=\"https:\/\/secure.gravatar.com\/avatar\/d2c75a52d243deb93d0465fdcb21bd37?s=96&#038;r=g\" alt=\"Rafaela La Regina\"><\/a><div class=\"authorBox__name\"><span>por\n\t\t\t<a href=\"https:\/\/www.suno.com.br\/noticias\/author\/rafaela-la-regina\/\"><span itemprop=\"author\">Rafaela La Regina<\/span><\/a><\/span><time datetime=\"2021-04-05T18:10:16-03:00\" itemprop=\"datePublished\">05\/04\/2021 18:10<\/time><\/div><\/div><\/div><\/div><\/div>","single_layout":"posts","amp_enabled":true,"_links":{"self":[{"href":"https:\/\/www.suno.com.br\/noticias\/wp-json\/wp\/v2\/posts\/137003"}],"collection":[{"href":"https:\/\/www.suno.com.br\/noticias\/wp-json\/wp\/v2\/posts"}],"about":[{"href":"https:\/\/www.suno.com.br\/noticias\/wp-json\/wp\/v2\/types\/post"}],"author":[{"embeddable":true,"href":"https:\/\/www.suno.com.br\/noticias\/wp-json\/wp\/v2\/users\/56"}],"replies":[{"embeddable":true,"href":"https:\/\/www.suno.com.br\/noticias\/wp-json\/wp\/v2\/comments?post=137003"}],"version-history":[{"count":4,"href":"https:\/\/www.suno.com.br\/noticias\/wp-json\/wp\/v2\/posts\/137003\/revisions"}],"predecessor-version":[{"id":150853,"href":"https:\/\/www.suno.com.br\/noticias\/wp-json\/wp\/v2\/posts\/137003\/revisions\/150853"}],"wp:featuredmedia":[{"embeddable":true,"href":"https:\/\/www.suno.com.br\/noticias\/wp-json\/wp\/v2\/media\/102462"}],"wp:attachment":[{"href":"https:\/\/www.suno.com.br\/noticias\/wp-json\/wp\/v2\/media?parent=137003"}],"wp:term":[{"taxonomy":"category","embeddable":true,"href":"https:\/\/www.suno.com.br\/noticias\/wp-json\/wp\/v2\/categories?post=137003"},{"taxonomy":"post_tag","embeddable":true,"href":"https:\/\/www.suno.com.br\/noticias\/wp-json\/wp\/v2\/tags?post=137003"},{"taxonomy":"suno_strategy","embeddable":true,"href":"https:\/\/www.suno.com.br\/noticias\/wp-json\/wp\/v2\/suno_strategy?post=137003"}],"curies":[{"name":"wp","href":"https:\/\/api.w.org\/{rel}","templated":true}]}}