{"id":13696,"date":"2019-01-31T16:33:18","date_gmt":"2019-01-31T18:33:18","guid":{"rendered":"https:\/\/www.suno.com.br\/noticias\/?p=13696"},"modified":"2019-02-04T12:18:08","modified_gmt":"2019-02-04T14:18:08","slug":"moodys-riscos-elevados-vale-brumadinho","status":"publish","type":"post","link":"https:\/\/www.suno.com.br\/noticias\/moodys-riscos-elevados-vale-brumadinho\/","title":{"rendered":"Moody\u2019s: riscos elevados para a Vale por Brumadinho"},"content":{"rendered":"<p>Para a Moody\u2019s existem riscos elevados para a <a href=\"https:\/\/www.youtube.com\/watch?v=FCfhfOQaKS0\">Vale<\/a> ap\u00f3s o desastre de Brumadinho (MG).<\/p>\t<div class=\"wrapper-featured-image\">\n\t\t<figure class=\"spotlightImg\">\n\n\t\t\t<picture>\n\t\t\t\t<source media=\"(max-width: 768px)\" srcset=\"https:\/\/files.sunoresearch.com.br\/n\/uploads\/2019\/01\/20456859-moody\u00b4s-400x200.webp\">\n\t\t\t\t<img loading=\"lazy\" decoding=\"async\" class=\"newsContent__article__imgCapa lazyloadDisabled newsContent__article__imgCapa--noCaption\" src=\"https:\/\/files.sunoresearch.com.br\/n\/uploads\/2019\/01\/20456859-moody\u00b4s-800x450.webp\" width=\"800\" height=\"450\" alt=\"Moody\u2019s: riscos elevados para a Vale por Brumadinho\" fetchpriority=high \/>\n\t\t\t<\/picture>\n\n\t\t\t<figcaption class=\"wp-caption-text wp-caption-text--hide\">Moody&#039;s (foto: divulga\u00e7\u00e3o)<\/figcaption>\n\t\t<\/figure>\n\t<\/div>\n\n\n<p>A <a href=\"https:\/\/www.suno.com.br\/artigos\/agencias-de-rating\/\">ag\u00eancia de classifica\u00e7\u00e3o de risco<\/a> norte-americana salientou que h\u00e1 uma s\u00e9rie de <strong>riscos<\/strong> para a <strong>Vale.<\/strong> Segundo a <strong>Moody\u00b4s,<\/strong> esses s\u00e3o de\u00a0natureza ambiental, administrativa, criminal e civil, al\u00e9m da quest\u00e3o da reputa\u00e7\u00e3o da mineradora.<\/p>\n<p><a href=\"https:\/\/www.suno.com.br\/noticias\/sp-vale-em-observacao-poderia-rebaixada\">Saiba mais: S&amp;P: Vale em observa\u00e7\u00e3o e poderia ser rebaixada\u00a0<\/a><\/p>\n<p>A avalia\u00e7\u00e3o da <strong>Moody\u00b4s<\/strong> ocorre mesmo sem ter total conhecimento da extens\u00e3o dos danos do rompimento da barragem em <strong>Brumadinho.<\/strong> Em sua avalia\u00e7\u00e3o a ag\u00eancia salientou que a Mina de C\u00f3rrego do Feij\u00e3o representava menos de 2% da capacidade total de produ\u00e7\u00e3o de min\u00e9rio de ferro da <strong>Vale.<\/strong> Al\u00e9m disso, aparentemente o dano ambiental seria menor do que o ocorrido ap\u00f3s o rompimento da <strong>barragem<\/strong> em <strong>Mariana<\/strong> (MG), em 2015. Entretanto, o impacto social seria\u00a0muito mais grave, com pelo menos 99 mortes e 259 desaparecidos.<\/p>\n<p>A <strong>Moody\u2019s<\/strong> lembrou que a <strong>Justi\u00e7a<\/strong> j\u00e1 bloqueou R$ 11,8 bilh\u00f5es nas contas da <strong>Vale<\/strong> por causa do desastre. Al\u00e9m disso, a <strong>mineradora<\/strong> foi multada pelo <strong>Ibama<\/strong> e pelo\u00a0governo de <strong>Minas Gerais<\/strong> em R$ 350 milh\u00f5es.<\/p>\n<p><a href=\"https:\/\/lp.suno.com.br\/vale-brumadinho-noticias\/\">Saiba mais: VALE3: An\u00e1lise sobre suas a\u00e7\u00f5es ap\u00f3s o acidente em Brumadinho<\/a><\/p>\n<p>\u201cAs penalidades financeiras relacionadas ao rompimento da barragem podem ser ainda maiores do que as da <strong>Samarco,<\/strong> com base no n\u00famero de mortes<br \/>\ne tamb\u00e9m por j\u00e1 ter ocorrido o caso Samarco\u201d, informou a <strong>Moody\u00b4s<\/strong>.<\/p>\n<p>A ag\u00eancia salientou as medidas financeiras j\u00e1 tomadas pela <strong>Vale<\/strong> diante da trag\u00e9dia. Entre elas, est\u00e3o:<\/p>\n<ul>\n<li>suspens\u00e3o do pagamento de dividendos,<\/li>\n<li>suspens\u00e3o de programas de recompra de a\u00e7\u00f5es<\/li>\n<li>suspens\u00e3o de pagamento de b\u00f4nus a executivos,<\/li>\n<li>cria\u00e7\u00e3o de um caixa emergencial de US$ 6,1 bilh\u00f5es at\u00e9 setembro de 2018.<\/li>\n<\/ul>\n<p>\u201cQuaisquer potenciais passivos e san\u00e7\u00f5es contra a <strong>Vale<\/strong> e seus executivos, juntamente com outros custos decorrentes do desastre de <strong>Brumadinho,<\/strong> afetar\u00e3o a liquidez da companhia e sua capacidade de atender suas\u00a0 necessidades financeiras sem comprometer a capacidade de opera\u00e7\u00e3o&#8221;, informou a <strong>Moody\u00b4s.<\/strong><\/p>\n<p>A<strong> Moody\u2019s<\/strong> colocou na \u00faltima ter\u00e7a-feira (31) o rating da Vale em revis\u00e3o\u00a0 para poss\u00edvel rebaixamento. As notas interessadas para essa revis\u00e3o s\u00e3o o rating de emissor \u201cBaa3\u201d em escala global e a nota \u201cAaa.br\u201d em escala nacional.<\/p>\n<h2>Outros desastres<\/h2>\n<p>Al\u00e9m do desastre da <strong>Vale<\/strong> em <strong>Brumadinho,<\/strong> outros acidentes que atingiram a cadeia de fornecimento global levaram a cota\u00e7\u00e3o do <strong>min\u00e9rio de ferro<\/strong> a subir. Entre eles,\u00a0um inc\u00eandio em uma instala\u00e7\u00e3o portu\u00e1ria pelo <strong>Rio Tinto Group<\/strong> no in\u00edcio deste m\u00eas. Al\u00e9m disso, em novembro houve um descarrilamento de trem que atingiu as opera\u00e7\u00f5es da <strong>BHP Group<\/strong>.<\/p>\n<h2>O desastre de Brumadinho<\/h2>\n<p>A Barragem 1 de rejeitos da mina de C\u00f3rrego do Feij\u00e3o estourou na \u00faltima sexta-feira (25). A mina, localizada na \u00e1rea metropolitana de <strong>Belo Horizonte,<\/strong> \u00e9 de propriedade da <strong>Vale<\/strong>.<\/p>\n<p><a href=\"https:\/\/www.suno.com.br\/noticias\/fitch-rebaixa-nota-credito-vale\/\">Saiba mais:\u00a0Fitch rebaixa nota de cr\u00e9dito da Vale de BBB+ para BBB-\u00a0<\/a><\/p>\n<p>Segundo o <strong>Corpo de Bombeiros,<\/strong>\u00a0ao menos 99 pessoas morreram e 259 est\u00e3o desaparecidas.<\/p>\n<p>O acidente gerou uma avalanche de lama, que liberou em torno de 13 milh\u00f5es de metros c\u00fabicos (m\u00b3) de rejeitos. A lama destruiu parte do centro administrativo da empresa em <strong>Brumadinho,<\/strong> e arrastou casas e at\u00e9 uma ponte.<\/p>\n<p>A <strong>barragem<\/strong> rompida faz parte do complexo de Paraopeba. A mina \u00e9 respons\u00e1vel por 7,3 milh\u00f5es de toneladas de <strong>min\u00e9rio<\/strong>\u00a0<strong>de ferro<\/strong> do terceiro trimestre de 2018. O volume corresponde a 6,2% da produ\u00e7\u00e3o total de min\u00e9rio de ferro da <strong>Vale.<\/strong><\/p>\n<p>Esse \u00e9 o segundo desastre com barragem em que a Vale se envolve em\u00a0tr\u00eas anos. Em 2015 ocorreu a trag\u00e9dia de <strong>Mariana,<\/strong> com o rompimento da barragem da <strong>Samarco.<\/strong> Naquele desastre morreram 19 pessoas e a lama destruiu centenas de casas e constru\u00e7\u00f5es.<\/p>\n<p>A Samarco \u00e9 controlada pela <strong>Vale<\/strong> e pela mineradora anglo-australiana <strong>BHP Billiton,<\/strong> cada uma com 50% das a\u00e7\u00f5es. As duas empresas se tornaram alvo de a\u00e7\u00f5es na Justi\u00e7a por conta do desastre. As pessoas afetadas ainda esperam por repara\u00e7\u00e3o.<\/p>\n<p>A <strong>Vale<\/strong> informou em nota o in\u00edcio de uma sindic\u00e2ncia interna para apurar as causas do rompimento da barragem. \u201cOs resultados preliminares foram compartilhados hoje com as autoridades federais e estaduais que est\u00e3o acompanhando o caso\u201d, informou a <strong>mineradora<\/strong> no documento.<\/p>\n<p>Dois engenheiros terceirizados da <strong>Vale\u00a0<\/strong>foram presos na \u00faltima ter\u00e7a-feira em <strong>S\u00e3o Paulo<\/strong>. Os t\u00e9cnicos estavam envolvidos com o projeto da <strong>barragem<\/strong> que se rompeu em <strong>Brumadinho<\/strong> e s\u00e3o suspeitos de fraudarem laudos. Essas irregularidades atestaram a estabilidade da mina <strong>C\u00f3rrego do Feij\u00e3o<\/strong> e permitiram assim as opera\u00e7\u00f5es no local.<\/p>\n<p>Al\u00e9m dos dois engenheiros tamb\u00e9m foram presos outros tr\u00eas funcion\u00e1rios da <strong>Vale.<\/strong> Todos eram diretamente envolvidos e respons\u00e1veis pela <strong>barragem.<\/strong> Os mandados s\u00e3o de pris\u00e3o tempor\u00e1ria, t\u00eam validade de 30 dias e foram expedidos pela justi\u00e7a de <strong>Minas Gerais.<\/strong><\/p>\n<p>Foram tamb\u00e9m cumpridos sete mandados de busca e apreens\u00e3o em <strong>Belo Horizonte<\/strong> e em <strong>S\u00e3o Paulo.<\/strong> Os investigadores procuraram provas na sede de uma <strong>consultoria<\/strong> que atuou para a <strong>Vale.<\/strong><\/p>\n<p>&nbsp;<\/p>\n","protected":false},"excerpt":{"rendered":"<p>Para a Moody\u2019s existem riscos elevados para a Vale ap\u00f3s o desastre de Brumadinho (MG). Moody&#039;s (foto: divulga\u00e7\u00e3o) A ag\u00eancia de classifica\u00e7\u00e3o de risco norte-americana salientou que h\u00e1 uma s\u00e9rie de riscos para a Vale. Segundo a Moody\u00b4s, esses s\u00e3o de\u00a0natureza ambiental, administrativa, criminal e civil, al\u00e9m da quest\u00e3o da reputa\u00e7\u00e3o da mineradora. Saiba mais: [&hellip;]<\/p>\n","protected":false},"author":9,"featured_media":13704,"comment_status":"closed","ping_status":"closed","sticky":false,"template":"","format":"standard","meta":[],"categories":[60],"tags":[1032,825,963,676],"suno_strategy":[],"class_list":["post-13696","post","type-post","status-publish","format-standard","has-post-thumbnail","hentry","category-mercado","tag-brumadinho","tag-minerio-de-ferro","tag-moodys","tag-vale-vale3"],"yoast_head":"<!-- This site is optimized with the Yoast SEO plugin v24.4 - https:\/\/yoast.com\/wordpress\/plugins\/seo\/ -->\n<title>Moody\u2019s: riscos elevados para Vale por Brumadinho<\/title>\n<meta name=\"description\" content=\"Para a Moody\u2019s existem riscos s\u00e3o elevados para a Vale ap\u00f3s o desastre de Brumadinho (MG). Clique aqui para saber mais.\" \/>\n<meta name=\"robots\" content=\"index, follow, max-snippet:-1, max-image-preview:large, max-video-preview:-1\" \/>\n<link rel=\"canonical\" href=\"https:\/\/www.suno.com.br\/noticias\/moodys-riscos-elevados-vale-brumadinho\/\" \/>\n<meta property=\"og:locale\" content=\"pt_BR\" \/>\n<meta property=\"og:type\" content=\"article\" \/>\n<meta property=\"og:title\" content=\"Moody\u2019s: riscos elevados para Vale por Brumadinho\" \/>\n<meta property=\"og:description\" content=\"Para a Moody\u2019s existem riscos s\u00e3o elevados para a Vale ap\u00f3s o desastre de Brumadinho (MG). Clique aqui para saber mais.\" \/>\n<meta property=\"og:url\" content=\"https:\/\/www.suno.com.br\/noticias\/moodys-riscos-elevados-vale-brumadinho\/\" \/>\n<meta property=\"og:site_name\" content=\"Suno Not\u00edcias\" \/>\n<meta property=\"article:publisher\" content=\"https:\/\/facebook.com\/sunoresearch\" \/>\n<meta property=\"og:image\" content=\"https:\/\/files.sunoresearch.com.br\/n\/uploads\/2019\/01\/20456859-moody\u00b4s.jpg\" \/>\n\t<meta property=\"og:image:width\" content=\"1910\" \/>\n\t<meta property=\"og:image:height\" content=\"1000\" \/>\n\t<meta property=\"og:image:type\" content=\"image\/jpeg\" \/>\n<meta name=\"author\" content=\"Carlo Cauti\" \/>\n<meta name=\"twitter:card\" content=\"summary_large_image\" \/>\n<meta name=\"twitter:creator\" content=\"@sunoresearch\" \/>\n<meta name=\"twitter:site\" content=\"@sunoresearch\" \/>\n<meta name=\"twitter:label1\" content=\"Escrito por\" \/>\n\t<meta name=\"twitter:data1\" content=\"Carlo Cauti\" \/>\n\t<meta name=\"twitter:label2\" content=\"Est. tempo de leitura\" \/>\n\t<meta name=\"twitter:data2\" content=\"4 minutos\" \/>\n<script type=\"application\/ld+json\" class=\"yoast-schema-graph\">{\"@context\":\"https:\/\/schema.org\",\"@graph\":[{\"@type\":\"NewsArticle\",\"@id\":\"https:\/\/www.suno.com.br\/noticias\/moodys-riscos-elevados-vale-brumadinho\/#article\",\"isPartOf\":{\"@id\":\"https:\/\/www.suno.com.br\/noticias\/moodys-riscos-elevados-vale-brumadinho\/\"},\"author\":{\"name\":\"Carlo Cauti\",\"@id\":\"https:\/\/www.suno.com.br\/noticias\/#\/schema\/person\/e6e0f723cc177805027f4566c1d5e0c8\"},\"headline\":\"Moody\u2019s: riscos elevados para a Vale por Brumadinho\",\"datePublished\":\"2019-01-31T18:33:18+00:00\",\"dateModified\":\"2019-02-04T14:18:08+00:00\",\"mainEntityOfPage\":{\"@id\":\"https:\/\/www.suno.com.br\/noticias\/moodys-riscos-elevados-vale-brumadinho\/\"},\"wordCount\":893,\"publisher\":{\"@id\":\"https:\/\/www.suno.com.br\/noticias\/#organization\"},\"image\":{\"@id\":\"https:\/\/www.suno.com.br\/noticias\/moodys-riscos-elevados-vale-brumadinho\/#primaryimage\"},\"thumbnailUrl\":\"https:\/\/files.sunoresearch.com.br\/n\/uploads\/2019\/01\/20456859-moody\u00b4s-jpg.webp\",\"keywords\":[\"Brumadinho\",\"min\u00e9rio de ferro\",\"Moody's\",\"Vale (VALE3)\"],\"articleSection\":[\"Mercado\"],\"inLanguage\":\"pt-BR\"},{\"@type\":\"WebPage\",\"@id\":\"https:\/\/www.suno.com.br\/noticias\/moodys-riscos-elevados-vale-brumadinho\/\",\"url\":\"https:\/\/www.suno.com.br\/noticias\/moodys-riscos-elevados-vale-brumadinho\/\",\"name\":\"Moody\u2019s: riscos elevados para Vale por Brumadinho\",\"isPartOf\":{\"@id\":\"https:\/\/www.suno.com.br\/noticias\/#website\"},\"primaryImageOfPage\":{\"@id\":\"https:\/\/www.suno.com.br\/noticias\/moodys-riscos-elevados-vale-brumadinho\/#primaryimage\"},\"image\":{\"@id\":\"https:\/\/www.suno.com.br\/noticias\/moodys-riscos-elevados-vale-brumadinho\/#primaryimage\"},\"thumbnailUrl\":\"https:\/\/files.sunoresearch.com.br\/n\/uploads\/2019\/01\/20456859-moody\u00b4s-jpg.webp\",\"datePublished\":\"2019-01-31T18:33:18+00:00\",\"dateModified\":\"2019-02-04T14:18:08+00:00\",\"description\":\"Para a Moody\u2019s existem riscos s\u00e3o elevados para a Vale ap\u00f3s o desastre de Brumadinho (MG). Clique aqui para saber mais.\",\"breadcrumb\":{\"@id\":\"https:\/\/www.suno.com.br\/noticias\/moodys-riscos-elevados-vale-brumadinho\/#breadcrumb\"},\"inLanguage\":\"pt-BR\",\"potentialAction\":[{\"@type\":\"ReadAction\",\"target\":[\"https:\/\/www.suno.com.br\/noticias\/moodys-riscos-elevados-vale-brumadinho\/\"]}]},{\"@type\":\"ImageObject\",\"inLanguage\":\"pt-BR\",\"@id\":\"https:\/\/www.suno.com.br\/noticias\/moodys-riscos-elevados-vale-brumadinho\/#primaryimage\",\"url\":\"https:\/\/files.sunoresearch.com.br\/n\/uploads\/2019\/01\/20456859-moody\u00b4s-jpg.webp\",\"contentUrl\":\"https:\/\/files.sunoresearch.com.br\/n\/uploads\/2019\/01\/20456859-moody\u00b4s-jpg.webp\",\"width\":1910,\"height\":1000,\"caption\":\"Moody's (foto: divulga\u00e7\u00e3o)\"},{\"@type\":\"BreadcrumbList\",\"@id\":\"https:\/\/www.suno.com.br\/noticias\/moodys-riscos-elevados-vale-brumadinho\/#breadcrumb\",\"itemListElement\":[{\"@type\":\"ListItem\",\"position\":1,\"name\":\"Not\u00edcias\",\"item\":\"https:\/\/www.suno.com.br\/noticias\/\"},{\"@type\":\"ListItem\",\"position\":2,\"name\":\"Mercado\",\"item\":\"https:\/\/www.suno.com.br\/noticias\/mercado\/\"},{\"@type\":\"ListItem\",\"position\":3,\"name\":\"Moody\u2019s: riscos elevados para a Vale por Brumadinho\"}]},{\"@type\":\"WebSite\",\"@id\":\"https:\/\/www.suno.com.br\/noticias\/#website\",\"url\":\"https:\/\/www.suno.com.br\/noticias\/\",\"name\":\"Suno Not\u00edcias\",\"description\":\"Seu portal de informa\u00e7\u00e3o sobre o mundo dos investimentos\",\"publisher\":{\"@id\":\"https:\/\/www.suno.com.br\/noticias\/#organization\"},\"potentialAction\":[{\"@type\":\"SearchAction\",\"target\":{\"@type\":\"EntryPoint\",\"urlTemplate\":\"https:\/\/www.suno.com.br\/noticias\/?s={search_term_string}\"},\"query-input\":{\"@type\":\"PropertyValueSpecification\",\"valueRequired\":true,\"valueName\":\"search_term_string\"}}],\"inLanguage\":\"pt-BR\"},{\"@type\":\"Organization\",\"@id\":\"https:\/\/www.suno.com.br\/noticias\/#organization\",\"name\":\"Suno Not\u00edcias\",\"url\":\"https:\/\/www.suno.com.br\/noticias\/\",\"logo\":{\"@type\":\"ImageObject\",\"inLanguage\":\"pt-BR\",\"@id\":\"https:\/\/www.suno.com.br\/noticias\/#\/schema\/logo\/image\/\",\"url\":\"https:\/\/files.sunoresearch.com.br\/n\/uploads\/2021\/09\/suno-logo.png\",\"contentUrl\":\"https:\/\/files.sunoresearch.com.br\/n\/uploads\/2021\/09\/suno-logo.png\",\"width\":180,\"height\":180,\"caption\":\"Suno Not\u00edcias\"},\"image\":{\"@id\":\"https:\/\/www.suno.com.br\/noticias\/#\/schema\/logo\/image\/\"},\"sameAs\":[\"https:\/\/facebook.com\/sunoresearch\",\"https:\/\/x.com\/sunoresearch\",\"https:\/\/www.instagram.com\/suno\",\"https:\/\/www.linkedin.com\/company\/suno-research\/\",\"https:\/\/www.youtube.com\/c\/sunoresearch\"]},{\"@type\":\"Person\",\"@id\":\"https:\/\/www.suno.com.br\/noticias\/#\/schema\/person\/e6e0f723cc177805027f4566c1d5e0c8\",\"name\":\"Carlo Cauti\",\"image\":{\"@type\":\"ImageObject\",\"inLanguage\":\"pt-BR\",\"@id\":\"https:\/\/www.suno.com.br\/noticias\/#\/schema\/person\/image\/\",\"url\":\"https:\/\/secure.gravatar.com\/avatar\/3ada9e0bd164c23abd4792a9606d583c?s=96&r=g\",\"contentUrl\":\"https:\/\/secure.gravatar.com\/avatar\/3ada9e0bd164c23abd4792a9606d583c?s=96&r=g\",\"caption\":\"Carlo Cauti\"},\"description\":\"Editor multim\u00eddia do SUNO Not\u00edcias. Italiano, formado em Ci\u00eancias Pol\u00edticas pela universidade LUISS G. Carli de Roma e mestre cum laude em Rela\u00e7\u00f5es Internacionais, Jornalismo Internacional e de Guerra e em Economia Internacional. Concluiu tamb\u00e9m um MBA em Finan\u00e7as na B3. No Brasil, teve passagem por ve\u00edculos como Estad\u00e3o, Globo, Veja e EXAME. e nas ag\u00eancias de not\u00edcias italianas ANSA e NOVA.\",\"url\":\"https:\/\/www.suno.com.br\/noticias\/author\/carlo-cauti\/\"}]}<\/script>\n<!-- \/ Yoast SEO plugin. -->","yoast_head_json":{"title":"Moody\u2019s: riscos elevados para Vale por Brumadinho","description":"Para a Moody\u2019s existem riscos s\u00e3o elevados para a Vale ap\u00f3s o desastre de Brumadinho (MG). Clique aqui para saber mais.","robots":{"index":"index","follow":"follow","max-snippet":"max-snippet:-1","max-image-preview":"max-image-preview:large","max-video-preview":"max-video-preview:-1"},"canonical":"https:\/\/www.suno.com.br\/noticias\/moodys-riscos-elevados-vale-brumadinho\/","og_locale":"pt_BR","og_type":"article","og_title":"Moody\u2019s: riscos elevados para Vale por Brumadinho","og_description":"Para a Moody\u2019s existem riscos s\u00e3o elevados para a Vale ap\u00f3s o desastre de Brumadinho (MG). Clique aqui para saber mais.","og_url":"https:\/\/www.suno.com.br\/noticias\/moodys-riscos-elevados-vale-brumadinho\/","og_site_name":"Suno Not\u00edcias","article_publisher":"https:\/\/facebook.com\/sunoresearch","og_image":[{"width":1910,"height":1000,"url":"https:\/\/files.sunoresearch.com.br\/n\/uploads\/2019\/01\/20456859-moody\u00b4s.jpg","type":"image\/jpeg"}],"author":"Carlo Cauti","twitter_card":"summary_large_image","twitter_creator":"@sunoresearch","twitter_site":"@sunoresearch","twitter_misc":{"Escrito por":"Carlo Cauti","Est. tempo de leitura":"4 minutos"},"schema":{"@context":"https:\/\/schema.org","@graph":[{"@type":"NewsArticle","@id":"https:\/\/www.suno.com.br\/noticias\/moodys-riscos-elevados-vale-brumadinho\/#article","isPartOf":{"@id":"https:\/\/www.suno.com.br\/noticias\/moodys-riscos-elevados-vale-brumadinho\/"},"author":{"name":"Carlo Cauti","@id":"https:\/\/www.suno.com.br\/noticias\/#\/schema\/person\/e6e0f723cc177805027f4566c1d5e0c8"},"headline":"Moody\u2019s: riscos elevados para a Vale por Brumadinho","datePublished":"2019-01-31T18:33:18+00:00","dateModified":"2019-02-04T14:18:08+00:00","mainEntityOfPage":{"@id":"https:\/\/www.suno.com.br\/noticias\/moodys-riscos-elevados-vale-brumadinho\/"},"wordCount":893,"publisher":{"@id":"https:\/\/www.suno.com.br\/noticias\/#organization"},"image":{"@id":"https:\/\/www.suno.com.br\/noticias\/moodys-riscos-elevados-vale-brumadinho\/#primaryimage"},"thumbnailUrl":"https:\/\/files.sunoresearch.com.br\/n\/uploads\/2019\/01\/20456859-moody\u00b4s-jpg.webp","keywords":["Brumadinho","min\u00e9rio de ferro","Moody's","Vale (VALE3)"],"articleSection":["Mercado"],"inLanguage":"pt-BR"},{"@type":"WebPage","@id":"https:\/\/www.suno.com.br\/noticias\/moodys-riscos-elevados-vale-brumadinho\/","url":"https:\/\/www.suno.com.br\/noticias\/moodys-riscos-elevados-vale-brumadinho\/","name":"Moody\u2019s: riscos elevados para Vale por Brumadinho","isPartOf":{"@id":"https:\/\/www.suno.com.br\/noticias\/#website"},"primaryImageOfPage":{"@id":"https:\/\/www.suno.com.br\/noticias\/moodys-riscos-elevados-vale-brumadinho\/#primaryimage"},"image":{"@id":"https:\/\/www.suno.com.br\/noticias\/moodys-riscos-elevados-vale-brumadinho\/#primaryimage"},"thumbnailUrl":"https:\/\/files.sunoresearch.com.br\/n\/uploads\/2019\/01\/20456859-moody\u00b4s-jpg.webp","datePublished":"2019-01-31T18:33:18+00:00","dateModified":"2019-02-04T14:18:08+00:00","description":"Para a Moody\u2019s existem riscos s\u00e3o elevados para a Vale ap\u00f3s o desastre de Brumadinho (MG). Clique aqui para saber mais.","breadcrumb":{"@id":"https:\/\/www.suno.com.br\/noticias\/moodys-riscos-elevados-vale-brumadinho\/#breadcrumb"},"inLanguage":"pt-BR","potentialAction":[{"@type":"ReadAction","target":["https:\/\/www.suno.com.br\/noticias\/moodys-riscos-elevados-vale-brumadinho\/"]}]},{"@type":"ImageObject","inLanguage":"pt-BR","@id":"https:\/\/www.suno.com.br\/noticias\/moodys-riscos-elevados-vale-brumadinho\/#primaryimage","url":"https:\/\/files.sunoresearch.com.br\/n\/uploads\/2019\/01\/20456859-moody\u00b4s-jpg.webp","contentUrl":"https:\/\/files.sunoresearch.com.br\/n\/uploads\/2019\/01\/20456859-moody\u00b4s-jpg.webp","width":1910,"height":1000,"caption":"Moody's (foto: divulga\u00e7\u00e3o)"},{"@type":"BreadcrumbList","@id":"https:\/\/www.suno.com.br\/noticias\/moodys-riscos-elevados-vale-brumadinho\/#breadcrumb","itemListElement":[{"@type":"ListItem","position":1,"name":"Not\u00edcias","item":"https:\/\/www.suno.com.br\/noticias\/"},{"@type":"ListItem","position":2,"name":"Mercado","item":"https:\/\/www.suno.com.br\/noticias\/mercado\/"},{"@type":"ListItem","position":3,"name":"Moody\u2019s: riscos elevados para a Vale por Brumadinho"}]},{"@type":"WebSite","@id":"https:\/\/www.suno.com.br\/noticias\/#website","url":"https:\/\/www.suno.com.br\/noticias\/","name":"Suno Not\u00edcias","description":"Seu portal de informa\u00e7\u00e3o sobre o mundo dos investimentos","publisher":{"@id":"https:\/\/www.suno.com.br\/noticias\/#organization"},"potentialAction":[{"@type":"SearchAction","target":{"@type":"EntryPoint","urlTemplate":"https:\/\/www.suno.com.br\/noticias\/?s={search_term_string}"},"query-input":{"@type":"PropertyValueSpecification","valueRequired":true,"valueName":"search_term_string"}}],"inLanguage":"pt-BR"},{"@type":"Organization","@id":"https:\/\/www.suno.com.br\/noticias\/#organization","name":"Suno Not\u00edcias","url":"https:\/\/www.suno.com.br\/noticias\/","logo":{"@type":"ImageObject","inLanguage":"pt-BR","@id":"https:\/\/www.suno.com.br\/noticias\/#\/schema\/logo\/image\/","url":"https:\/\/files.sunoresearch.com.br\/n\/uploads\/2021\/09\/suno-logo.png","contentUrl":"https:\/\/files.sunoresearch.com.br\/n\/uploads\/2021\/09\/suno-logo.png","width":180,"height":180,"caption":"Suno Not\u00edcias"},"image":{"@id":"https:\/\/www.suno.com.br\/noticias\/#\/schema\/logo\/image\/"},"sameAs":["https:\/\/facebook.com\/sunoresearch","https:\/\/x.com\/sunoresearch","https:\/\/www.instagram.com\/suno","https:\/\/www.linkedin.com\/company\/suno-research\/","https:\/\/www.youtube.com\/c\/sunoresearch"]},{"@type":"Person","@id":"https:\/\/www.suno.com.br\/noticias\/#\/schema\/person\/e6e0f723cc177805027f4566c1d5e0c8","name":"Carlo Cauti","image":{"@type":"ImageObject","inLanguage":"pt-BR","@id":"https:\/\/www.suno.com.br\/noticias\/#\/schema\/person\/image\/","url":"https:\/\/secure.gravatar.com\/avatar\/3ada9e0bd164c23abd4792a9606d583c?s=96&r=g","contentUrl":"https:\/\/secure.gravatar.com\/avatar\/3ada9e0bd164c23abd4792a9606d583c?s=96&r=g","caption":"Carlo Cauti"},"description":"Editor multim\u00eddia do SUNO Not\u00edcias. Italiano, formado em Ci\u00eancias Pol\u00edticas pela universidade LUISS G. Carli de Roma e mestre cum laude em Rela\u00e7\u00f5es Internacionais, Jornalismo Internacional e de Guerra e em Economia Internacional. Concluiu tamb\u00e9m um MBA em Finan\u00e7as na B3. No Brasil, teve passagem por ve\u00edculos como Estad\u00e3o, Globo, Veja e EXAME. e nas ag\u00eancias de not\u00edcias italianas ANSA e NOVA.","url":"https:\/\/www.suno.com.br\/noticias\/author\/carlo-cauti\/"}]}},"default_loop_html":"<div class=\"cardsPage__listCard__boxs\"><div class=\"cardsPage__listCard__boxs__img\"><a href=\"https:\/\/www.suno.com.br\/noticias\/moodys-riscos-elevados-vale-brumadinho\/\"><img class=\"mask\" src=\"https:\/\/www.suno.com.br\/noticias\/wp-content\/themes\/suno\/resources\/images\/spotlight\/spotlight1img\/bg-mask.png\" alt=\"Image Mask\"\/><img src=\"https:\/\/files.sunoresearch.com.br\/n\/uploads\/2019\/01\/20456859-moody\u00b4s-400x200.webp\" alt=\"Moody\u2019s: riscos elevados para a Vale por Brumadinho\"\/><\/a><span class=\"spotlightCategory\"><a href=\"https:\/\/www.suno.com.br\/noticias\/mercado\/\">Mercado<\/a><\/span><\/div><div class=\"cardsPage__listCard__boxs__content\"><a href=\"https:\/\/www.suno.com.br\/noticias\/moodys-riscos-elevados-vale-brumadinho\/\"><h2 class=\"content__title\">Moody\u2019s: riscos elevados para a Vale por Brumadinho<\/h2><\/a><div class=\"newsContent__article__meta\"><div class=\"newsContent__article__meta__authorBox\"><a href=\"https:\/\/www.suno.com.br\/noticias\/author\/carlo-cauti\/\" class=\"authorBox__avatar noMobi\"><img src=\"https:\/\/files.sunoresearch.com.br\/n\/uploads\/2020\/08\/e3745f9a-perfil-carlo-cauti-150x150.webp\" alt=\"Carlo Cauti\"><\/a><div class=\"authorBox__name\"><span>por\n\t\t\t<a href=\"https:\/\/www.suno.com.br\/noticias\/author\/carlo-cauti\/\"><span itemprop=\"author\">Carlo Cauti<\/span><\/a><\/span><time datetime=\"2019-01-31T16:33:18-02:00\" itemprop=\"datePublished\">31\/01\/2019 16:33<\/time><\/div><\/div><\/div><\/div><\/div>","single_layout":"posts","amp_enabled":true,"_links":{"self":[{"href":"https:\/\/www.suno.com.br\/noticias\/wp-json\/wp\/v2\/posts\/13696"}],"collection":[{"href":"https:\/\/www.suno.com.br\/noticias\/wp-json\/wp\/v2\/posts"}],"about":[{"href":"https:\/\/www.suno.com.br\/noticias\/wp-json\/wp\/v2\/types\/post"}],"author":[{"embeddable":true,"href":"https:\/\/www.suno.com.br\/noticias\/wp-json\/wp\/v2\/users\/9"}],"replies":[{"embeddable":true,"href":"https:\/\/www.suno.com.br\/noticias\/wp-json\/wp\/v2\/comments?post=13696"}],"version-history":[{"count":0,"href":"https:\/\/www.suno.com.br\/noticias\/wp-json\/wp\/v2\/posts\/13696\/revisions"}],"wp:featuredmedia":[{"embeddable":true,"href":"https:\/\/www.suno.com.br\/noticias\/wp-json\/wp\/v2\/media\/13704"}],"wp:attachment":[{"href":"https:\/\/www.suno.com.br\/noticias\/wp-json\/wp\/v2\/media?parent=13696"}],"wp:term":[{"taxonomy":"category","embeddable":true,"href":"https:\/\/www.suno.com.br\/noticias\/wp-json\/wp\/v2\/categories?post=13696"},{"taxonomy":"post_tag","embeddable":true,"href":"https:\/\/www.suno.com.br\/noticias\/wp-json\/wp\/v2\/tags?post=13696"},{"taxonomy":"suno_strategy","embeddable":true,"href":"https:\/\/www.suno.com.br\/noticias\/wp-json\/wp\/v2\/suno_strategy?post=13696"}],"curies":[{"name":"wp","href":"https:\/\/api.w.org\/{rel}","templated":true}]}}