{"id":136943,"date":"2021-04-05T15:05:09","date_gmt":"2021-04-05T18:05:09","guid":{"rendered":"https:\/\/www.suno.com.br\/noticias\/?p=136943"},"modified":"2021-04-05T15:05:09","modified_gmt":"2021-04-05T18:05:09","slug":"novo-presidente-banco-do-brasil-bbsa3-alinhamento-bolsonaro","status":"publish","type":"post","link":"https:\/\/www.suno.com.br\/noticias\/novo-presidente-banco-do-brasil-bbsa3-alinhamento-bolsonaro\/","title":{"rendered":"Novo presidente do Banco do Brasil (BBSA3) explicita alinhamento a Bolsonaro, diz jornal"},"content":{"rendered":"<p>Ap\u00f3s ter assumido na \u00faltima semana o cargo de presidente do <a href=\"https:\/\/www.suno.com.br\/acoes\/bbas3\/\"><strong>Banco do Brasil<\/strong> (BBAS3)<\/a>, Fausto de Andrade Ribeiro, enviou nesta segunda-feira (5) uma mensagem aos funcion\u00e1rios da empresa, conforme informou o &#8220;Estado de S. Paulo&#8221;.<\/p>\t<div class=\"wrapper-featured-image\">\n\t\t<figure class=\"spotlightImg\">\n\n\t\t\t<picture>\n\t\t\t\t<source media=\"(max-width: 768px)\" srcset=\"https:\/\/files.sunoresearch.com.br\/n\/uploads\/2021\/04\/3f25fa02-1094943-mccar_abr_edit_20101706417-400x200.webp\">\n\t\t\t\t<img loading=\"lazy\" decoding=\"async\" class=\"newsContent__article__imgCapa lazyloadDisabled \" src=\"https:\/\/files.sunoresearch.com.br\/n\/uploads\/2021\/04\/3f25fa02-1094943-mccar_abr_edit_20101706417-800x450.webp\" width=\"800\" height=\"450\" alt=\"Novo presidente do Banco do Brasil (BBSA3) explicita alinhamento a Bolsonaro, diz jornal\" fetchpriority=high \/>\n\t\t\t<\/picture>\n\n\t\t\t<figcaption class=\"wp-caption-text wp-caption-text--show\">Banco do Brasil (BBAS3).  Foto: Marcelo Camargo Ag\u00eancia Brasil<\/figcaption>\n\t\t<\/figure>\n\t<\/div>\n\n\n\t<p>\n\t\t<a href=\"https:\/\/lp.suno.com.br\/planilha-de-controle-de-investimentos\/\" target=\"_blank\" data-element=\"shortcode-suno-banner\" title=\"Banner SUNO, clique e saiba mais\">\n\t\t\t<picture>\n\t\t\t\t<source media=\"(max-width: 500px)\" srcset=\"https:\/\/files.sunoresearch.com.br\/n\/uploads\/2023\/03\/400x300-Controle-de-Investimentos.png\">\n\t\t\t\t<img class=\"newsContent__article__imgCapa newsContent__article__imgCapa--banner\"\n\t\t\t\t\tsrc=\"https:\/\/files.sunoresearch.com.br\/n\/uploads\/2023\/03\/1420x240-Controle-de-Investimentos.png\"\n\t\t\t\t\tdata-promo-id=\"75934\"\t\t\t\t\t\t\t\t\t\twidth='1420' height='240'\t\t\t\t\talt=\"https:\/\/files.sunoresearch.com.br\/n\/uploads\/2023\/03\/1420x240-Controle-de-Investimentos.png\"\n\t\t\t\t>\n\t\t\t<\/picture>\n\t\t<\/a>\n\t<\/p>\n\n\n<p>De acordo com a carta obtida pelo jornal, o novo presidente do Banco do Brasil prometeu &#8220;austeridade&#8221; nas despesas e continuidade \u00e0 agenda de venda e de reorganiza\u00e7\u00e3o societ\u00e1ria de neg\u00f3cios secund\u00e1rios. Al\u00e9m disso, demonstrou alinhamento ao presidente <strong>Jair Bolsonaro<\/strong>, contr\u00e1rio \u00e0 privatiza\u00e7\u00e3o da institui\u00e7\u00e3o.<\/p>\n<p>Apesar de n\u00e3o citar explicitamente, o jornal aponta que a leitura foi a de que Ribeiro \u00e9 contra a privatiza\u00e7\u00e3o do banco, tal como Bolsonaro.<\/p>\n<p><a href=\"https:\/\/lp.suno.com.br\/suno-one\/\">Suno One: acesse gratuitamente eBooks, Minicursos, Artigos e V\u00eddeo Aulas sobre investimentos com um \u00fanico cadastro. Clique para saber mais!<\/a><\/p>\n<p>&#8220;O Banco do Brasil \u00e9 de mercado e \u00e9 do Brasil&#8221;, disse Ribeiro. &#8220;\u00c9 de mercado, est\u00e1 listado em Bolsa, tem que ser lucrativo, competitivo e eficiente ao atender mais de 65 milh\u00f5es de clientes no Brasil e no Exterior; e \u00e9 do Brasil, porque cada brasileiro \u00e9 um s\u00f3cio desse Banco, que nos faz ser historicamente compromissados com o desenvolvimento econ\u00f4mico e social do Pa\u00eds.&#8221;<\/p>\n<p>Na carta, o novo presidente do BB refor\u00e7ou seu compromisso de conduzir o banco com &#8220;retornos adequados&#8221; aos acionistas e &#8220;atuando de forma integrada e sin\u00e9rgica com as diretrizes do seu controlador, o governo federal&#8221;.<\/p>\n<p>&#8220;\u00c9 inegoci\u00e1vel buscar efici\u00eancia, lucros crescentes, rentabilidade compat\u00edvel com as principais institui\u00e7\u00f5es financeiras&#8221;, completou.<\/p>\n<h2>Banco do Brasil: Em carta de ren\u00fancia, Monforte alega &#8216;restri\u00e7\u00e3o inaceit\u00e1vel&#8217;<\/h2>\n<p>Ap\u00f3s a carta de ren\u00fancia entregue pelo ex-presidente do conselho de administra\u00e7\u00e3o do <strong>Banco do Brasil<\/strong>, H\u00e9lio Magalh\u00e3es, o conselheiro independente Jos\u00e9 Guimar\u00e3es Monforte decidiu tamb\u00e9m enviar \u00e0 institui\u00e7\u00e3o sua carta de ren\u00fancia.<\/p>\n<p>A s\u00e9rie de ren\u00fancias vem na esteira da nomea\u00e7\u00e3o de Fausto Ribeiro para a presid\u00eancia do <strong>Banco do Brasil<\/strong>, no lugar de <strong>Andr\u00e9 Brand\u00e3o<\/strong>, que entrou em rota de colis\u00e3o com o Pal\u00e1cio do Planalto ap\u00f3s lan\u00e7ar plano de enxugamento da institui\u00e7\u00e3o.<\/p>\n\t<div data-element=\"shortcode-read-more\" class=\"knowMore\">\n\t\t\t\t<span class=\"knowMore__title\">Saiba Mais<\/span>\n\t\t\t\t<a class=\"knowMore__link\" href=\"https:\/\/www.suno.com.br\/noticias\/banco-do-brasil-bbsa3-carta-monforte-renuncia\/\">\n\t\t\tBanco do Brasil (BBAS3): Em carta de ren\u00fancia, Monforte alega &#039;restri\u00e7\u00e3o inaceit\u00e1vel&#039;\t\t<\/a>\n\t<\/div>\n\n\n<p>&#8220;As circunst\u00e2ncias, representadas por restri\u00e7\u00e3o inaceit\u00e1vel a atos da administra\u00e7\u00e3o, emergiram e impedem efetivar medidas que visam realizar avan\u00e7os na dire\u00e7\u00e3o de ganhos de efici\u00eancia&#8221;, afirma <strong>Monforte<\/strong> em trecho da sua carta de ren\u00fancia. &#8220;Acredito tamb\u00e9m que o processo de sucess\u00e3o na lideran\u00e7a de empresas, principalmente as de capital aberto, n\u00e3o deve ser feita somente porque se det\u00e9m o poder para faz\u00ea-las.&#8221;<\/p>\n<p>Monforte ocupou a posi\u00e7\u00e3o por pouco mais de um ano. Brand\u00e3o, que deixou o posto em mar\u00e7o, esteve \u00e0 frente do BB por aproximadamente seis meses.<\/p>\n<p>(Com informa\u00e7\u00f5es do Estad\u00e3o Conte\u00fado)<\/p>\n<p><span style=\"font-weight: 400;\">\t<p>\n\t\t<a href=\"https:\/\/lp.suno.com.br\/planilha-controle-gastos\/\" target=\"_blank\" data-element=\"shortcode-suno-banner\" title=\"Banner SUNO, clique e saiba mais\">\n\t\t\t<picture>\n\t\t\t\t<source media=\"(max-width: 500px)\" srcset=\"https:\/\/files.sunoresearch.com.br\/n\/uploads\/2023\/03\/400x300-Planilha-controle-de-gastos.png\">\n\t\t\t\t<img class=\"newsContent__article__imgCapa newsContent__article__imgCapa--banner\"\n\t\t\t\t\tsrc=\"https:\/\/files.sunoresearch.com.br\/n\/uploads\/2023\/03\/1420x240-Planilha-controle-de-gastos.png\"\n\t\t\t\t\tdata-promo-id=\"101751\"\t\t\t\t\t\t\t\t\t\twidth='1420' height='240'\t\t\t\t\talt=\"https:\/\/files.sunoresearch.com.br\/n\/uploads\/2023\/03\/1420x240-Planilha-controle-de-gastos.png\"\n\t\t\t\t>\n\t\t\t<\/picture>\n\t\t<\/a>\n\t<\/p>\n\n<\/span><\/p>\n","protected":false},"excerpt":{"rendered":"<p>Ap\u00f3s ter assumido na \u00faltima semana o cargo de presidente do Banco do Brasil (BBAS3), Fausto de Andrade Ribeiro, enviou nesta segunda-feira (5) uma mensagem aos funcion\u00e1rios da empresa, conforme informou o &#8220;Estado de S. Paulo&#8221;. Banco do Brasil (BBAS3). Foto: Marcelo Camargo Ag\u00eancia Brasil De acordo com a carta obtida pelo jornal, o novo [&hellip;]<\/p>\n","protected":false},"author":56,"featured_media":136960,"comment_status":"closed","ping_status":"closed","sticky":false,"template":"","format":"standard","meta":[],"categories":[64],"tags":[732],"suno_strategy":[],"class_list":["post-136943","post","type-post","status-publish","format-standard","has-post-thumbnail","hentry","category-negocios","tag-banco-do-brasil-bbas3"],"yoast_head":"<!-- This site is optimized with the Yoast SEO plugin v24.4 - https:\/\/yoast.com\/wordpress\/plugins\/seo\/ -->\n<title>Novo presidente do Banco do Brasil (BBSA3) explicita alinhamento a Bolsonaro<\/title>\n<meta name=\"description\" content=\"O novo presidente do Banco do Brasil, Fausto de Andrade Ribeiro, tamb\u00e9m prometeu &quot;austeridade&quot; nas despesas. Clique aqui para saber mais.\" \/>\n<meta name=\"robots\" content=\"index, follow, max-snippet:-1, max-image-preview:large, max-video-preview:-1\" \/>\n<link rel=\"canonical\" href=\"https:\/\/www.suno.com.br\/noticias\/novo-presidente-banco-do-brasil-bbsa3-alinhamento-bolsonaro\/\" \/>\n<meta property=\"og:locale\" content=\"pt_BR\" \/>\n<meta property=\"og:type\" content=\"article\" \/>\n<meta property=\"og:title\" content=\"Novo presidente do Banco do Brasil (BBSA3) explicita alinhamento a Bolsonaro\" \/>\n<meta property=\"og:description\" content=\"O novo presidente do Banco do Brasil, Fausto de Andrade Ribeiro, tamb\u00e9m prometeu &quot;austeridade&quot; nas despesas. Clique aqui para saber mais.\" \/>\n<meta property=\"og:url\" content=\"https:\/\/www.suno.com.br\/noticias\/novo-presidente-banco-do-brasil-bbsa3-alinhamento-bolsonaro\/\" \/>\n<meta property=\"og:site_name\" content=\"Suno Not\u00edcias\" \/>\n<meta property=\"article:publisher\" content=\"https:\/\/facebook.com\/sunoresearch\" \/>\n<meta property=\"og:image\" content=\"https:\/\/files.sunoresearch.com.br\/n\/uploads\/2021\/04\/3f25fa02-1094943-mccar_abr_edit_20101706417.jpg\" \/>\n\t<meta property=\"og:image:width\" content=\"1024\" \/>\n\t<meta property=\"og:image:height\" content=\"768\" \/>\n\t<meta property=\"og:image:type\" content=\"image\/jpeg\" \/>\n<meta name=\"author\" content=\"Rafaela La Regina\" \/>\n<meta name=\"twitter:card\" content=\"summary_large_image\" \/>\n<meta name=\"twitter:creator\" content=\"@sunoresearch\" \/>\n<meta name=\"twitter:site\" content=\"@sunoresearch\" \/>\n<meta name=\"twitter:label1\" content=\"Escrito por\" \/>\n\t<meta name=\"twitter:data1\" content=\"Rafaela La Regina\" \/>\n\t<meta name=\"twitter:label2\" content=\"Est. tempo de leitura\" \/>\n\t<meta name=\"twitter:data2\" content=\"2 minutos\" \/>\n<script type=\"application\/ld+json\" class=\"yoast-schema-graph\">{\"@context\":\"https:\/\/schema.org\",\"@graph\":[{\"@type\":\"NewsArticle\",\"@id\":\"https:\/\/www.suno.com.br\/noticias\/novo-presidente-banco-do-brasil-bbsa3-alinhamento-bolsonaro\/#article\",\"isPartOf\":{\"@id\":\"https:\/\/www.suno.com.br\/noticias\/novo-presidente-banco-do-brasil-bbsa3-alinhamento-bolsonaro\/\"},\"author\":{\"name\":\"Rafaela La Regina\",\"@id\":\"https:\/\/www.suno.com.br\/noticias\/#\/schema\/person\/e672ca8cea627fe715fa29bca7da95e0\"},\"headline\":\"Novo presidente do Banco do Brasil (BBSA3) explicita alinhamento a Bolsonaro, diz jornal\",\"datePublished\":\"2021-04-05T18:05:09+00:00\",\"mainEntityOfPage\":{\"@id\":\"https:\/\/www.suno.com.br\/noticias\/novo-presidente-banco-do-brasil-bbsa3-alinhamento-bolsonaro\/\"},\"wordCount\":498,\"publisher\":{\"@id\":\"https:\/\/www.suno.com.br\/noticias\/#organization\"},\"image\":{\"@id\":\"https:\/\/www.suno.com.br\/noticias\/novo-presidente-banco-do-brasil-bbsa3-alinhamento-bolsonaro\/#primaryimage\"},\"thumbnailUrl\":\"https:\/\/files.sunoresearch.com.br\/n\/uploads\/2021\/04\/3f25fa02-1094943-mccar_abr_edit_20101706417-jpg.webp\",\"keywords\":[\"Banco do Brasil (BBAS3)\"],\"articleSection\":[\"Neg\u00f3cios\"],\"inLanguage\":\"pt-BR\"},{\"@type\":\"WebPage\",\"@id\":\"https:\/\/www.suno.com.br\/noticias\/novo-presidente-banco-do-brasil-bbsa3-alinhamento-bolsonaro\/\",\"url\":\"https:\/\/www.suno.com.br\/noticias\/novo-presidente-banco-do-brasil-bbsa3-alinhamento-bolsonaro\/\",\"name\":\"Novo presidente do Banco do Brasil (BBSA3) explicita alinhamento a Bolsonaro\",\"isPartOf\":{\"@id\":\"https:\/\/www.suno.com.br\/noticias\/#website\"},\"primaryImageOfPage\":{\"@id\":\"https:\/\/www.suno.com.br\/noticias\/novo-presidente-banco-do-brasil-bbsa3-alinhamento-bolsonaro\/#primaryimage\"},\"image\":{\"@id\":\"https:\/\/www.suno.com.br\/noticias\/novo-presidente-banco-do-brasil-bbsa3-alinhamento-bolsonaro\/#primaryimage\"},\"thumbnailUrl\":\"https:\/\/files.sunoresearch.com.br\/n\/uploads\/2021\/04\/3f25fa02-1094943-mccar_abr_edit_20101706417-jpg.webp\",\"datePublished\":\"2021-04-05T18:05:09+00:00\",\"description\":\"O novo presidente do Banco do Brasil, Fausto de Andrade Ribeiro, tamb\u00e9m prometeu \\\"austeridade\\\" nas despesas. Clique aqui para saber mais.\",\"breadcrumb\":{\"@id\":\"https:\/\/www.suno.com.br\/noticias\/novo-presidente-banco-do-brasil-bbsa3-alinhamento-bolsonaro\/#breadcrumb\"},\"inLanguage\":\"pt-BR\",\"potentialAction\":[{\"@type\":\"ReadAction\",\"target\":[\"https:\/\/www.suno.com.br\/noticias\/novo-presidente-banco-do-brasil-bbsa3-alinhamento-bolsonaro\/\"]}]},{\"@type\":\"ImageObject\",\"inLanguage\":\"pt-BR\",\"@id\":\"https:\/\/www.suno.com.br\/noticias\/novo-presidente-banco-do-brasil-bbsa3-alinhamento-bolsonaro\/#primaryimage\",\"url\":\"https:\/\/files.sunoresearch.com.br\/n\/uploads\/2021\/04\/3f25fa02-1094943-mccar_abr_edit_20101706417-jpg.webp\",\"contentUrl\":\"https:\/\/files.sunoresearch.com.br\/n\/uploads\/2021\/04\/3f25fa02-1094943-mccar_abr_edit_20101706417-jpg.webp\",\"width\":1024,\"height\":768,\"caption\":\"Banco do Brasil (BBAS3). Foto: Marcelo Camargo Ag\u00eancia Brasil\"},{\"@type\":\"BreadcrumbList\",\"@id\":\"https:\/\/www.suno.com.br\/noticias\/novo-presidente-banco-do-brasil-bbsa3-alinhamento-bolsonaro\/#breadcrumb\",\"itemListElement\":[{\"@type\":\"ListItem\",\"position\":1,\"name\":\"Not\u00edcias\",\"item\":\"https:\/\/www.suno.com.br\/noticias\/\"},{\"@type\":\"ListItem\",\"position\":2,\"name\":\"Neg\u00f3cios\",\"item\":\"https:\/\/www.suno.com.br\/noticias\/negocios\/\"},{\"@type\":\"ListItem\",\"position\":3,\"name\":\"Novo presidente do Banco do Brasil (BBSA3) explicita alinhamento a Bolsonaro, diz jornal\"}]},{\"@type\":\"WebSite\",\"@id\":\"https:\/\/www.suno.com.br\/noticias\/#website\",\"url\":\"https:\/\/www.suno.com.br\/noticias\/\",\"name\":\"Suno Not\u00edcias\",\"description\":\"Seu portal de informa\u00e7\u00e3o sobre o mundo dos investimentos\",\"publisher\":{\"@id\":\"https:\/\/www.suno.com.br\/noticias\/#organization\"},\"potentialAction\":[{\"@type\":\"SearchAction\",\"target\":{\"@type\":\"EntryPoint\",\"urlTemplate\":\"https:\/\/www.suno.com.br\/noticias\/?s={search_term_string}\"},\"query-input\":{\"@type\":\"PropertyValueSpecification\",\"valueRequired\":true,\"valueName\":\"search_term_string\"}}],\"inLanguage\":\"pt-BR\"},{\"@type\":\"Organization\",\"@id\":\"https:\/\/www.suno.com.br\/noticias\/#organization\",\"name\":\"Suno Not\u00edcias\",\"url\":\"https:\/\/www.suno.com.br\/noticias\/\",\"logo\":{\"@type\":\"ImageObject\",\"inLanguage\":\"pt-BR\",\"@id\":\"https:\/\/www.suno.com.br\/noticias\/#\/schema\/logo\/image\/\",\"url\":\"https:\/\/files.sunoresearch.com.br\/n\/uploads\/2021\/09\/suno-logo.png\",\"contentUrl\":\"https:\/\/files.sunoresearch.com.br\/n\/uploads\/2021\/09\/suno-logo.png\",\"width\":180,\"height\":180,\"caption\":\"Suno Not\u00edcias\"},\"image\":{\"@id\":\"https:\/\/www.suno.com.br\/noticias\/#\/schema\/logo\/image\/\"},\"sameAs\":[\"https:\/\/facebook.com\/sunoresearch\",\"https:\/\/x.com\/sunoresearch\",\"https:\/\/www.instagram.com\/suno\",\"https:\/\/www.linkedin.com\/company\/suno-research\/\",\"https:\/\/www.youtube.com\/c\/sunoresearch\"]},{\"@type\":\"Person\",\"@id\":\"https:\/\/www.suno.com.br\/noticias\/#\/schema\/person\/e672ca8cea627fe715fa29bca7da95e0\",\"name\":\"Rafaela La Regina\",\"image\":{\"@type\":\"ImageObject\",\"inLanguage\":\"pt-BR\",\"@id\":\"https:\/\/www.suno.com.br\/noticias\/#\/schema\/person\/image\/\",\"url\":\"https:\/\/secure.gravatar.com\/avatar\/d2c75a52d243deb93d0465fdcb21bd37?s=96&r=g\",\"contentUrl\":\"https:\/\/secure.gravatar.com\/avatar\/d2c75a52d243deb93d0465fdcb21bd37?s=96&r=g\",\"caption\":\"Rafaela La Regina\"},\"description\":\"Estagi\u00e1ria no Suno Not\u00edcias. Escreve sobre economia, pol\u00edtica e neg\u00f3cios. Estuda Rela\u00e7\u00f5es Internacionais no IBMEC-SP.\",\"url\":\"https:\/\/www.suno.com.br\/noticias\/author\/rafaela-la-regina\/\"}]}<\/script>\n<!-- \/ Yoast SEO plugin. -->","yoast_head_json":{"title":"Novo presidente do Banco do Brasil (BBSA3) explicita alinhamento a Bolsonaro","description":"O novo presidente do Banco do Brasil, Fausto de Andrade Ribeiro, tamb\u00e9m prometeu \"austeridade\" nas despesas. Clique aqui para saber mais.","robots":{"index":"index","follow":"follow","max-snippet":"max-snippet:-1","max-image-preview":"max-image-preview:large","max-video-preview":"max-video-preview:-1"},"canonical":"https:\/\/www.suno.com.br\/noticias\/novo-presidente-banco-do-brasil-bbsa3-alinhamento-bolsonaro\/","og_locale":"pt_BR","og_type":"article","og_title":"Novo presidente do Banco do Brasil (BBSA3) explicita alinhamento a Bolsonaro","og_description":"O novo presidente do Banco do Brasil, Fausto de Andrade Ribeiro, tamb\u00e9m prometeu \"austeridade\" nas despesas. Clique aqui para saber mais.","og_url":"https:\/\/www.suno.com.br\/noticias\/novo-presidente-banco-do-brasil-bbsa3-alinhamento-bolsonaro\/","og_site_name":"Suno Not\u00edcias","article_publisher":"https:\/\/facebook.com\/sunoresearch","og_image":[{"width":1024,"height":768,"url":"https:\/\/files.sunoresearch.com.br\/n\/uploads\/2021\/04\/3f25fa02-1094943-mccar_abr_edit_20101706417.jpg","type":"image\/jpeg"}],"author":"Rafaela La Regina","twitter_card":"summary_large_image","twitter_creator":"@sunoresearch","twitter_site":"@sunoresearch","twitter_misc":{"Escrito por":"Rafaela La Regina","Est. tempo de leitura":"2 minutos"},"schema":{"@context":"https:\/\/schema.org","@graph":[{"@type":"NewsArticle","@id":"https:\/\/www.suno.com.br\/noticias\/novo-presidente-banco-do-brasil-bbsa3-alinhamento-bolsonaro\/#article","isPartOf":{"@id":"https:\/\/www.suno.com.br\/noticias\/novo-presidente-banco-do-brasil-bbsa3-alinhamento-bolsonaro\/"},"author":{"name":"Rafaela La Regina","@id":"https:\/\/www.suno.com.br\/noticias\/#\/schema\/person\/e672ca8cea627fe715fa29bca7da95e0"},"headline":"Novo presidente do Banco do Brasil (BBSA3) explicita alinhamento a Bolsonaro, diz jornal","datePublished":"2021-04-05T18:05:09+00:00","mainEntityOfPage":{"@id":"https:\/\/www.suno.com.br\/noticias\/novo-presidente-banco-do-brasil-bbsa3-alinhamento-bolsonaro\/"},"wordCount":498,"publisher":{"@id":"https:\/\/www.suno.com.br\/noticias\/#organization"},"image":{"@id":"https:\/\/www.suno.com.br\/noticias\/novo-presidente-banco-do-brasil-bbsa3-alinhamento-bolsonaro\/#primaryimage"},"thumbnailUrl":"https:\/\/files.sunoresearch.com.br\/n\/uploads\/2021\/04\/3f25fa02-1094943-mccar_abr_edit_20101706417-jpg.webp","keywords":["Banco do Brasil (BBAS3)"],"articleSection":["Neg\u00f3cios"],"inLanguage":"pt-BR"},{"@type":"WebPage","@id":"https:\/\/www.suno.com.br\/noticias\/novo-presidente-banco-do-brasil-bbsa3-alinhamento-bolsonaro\/","url":"https:\/\/www.suno.com.br\/noticias\/novo-presidente-banco-do-brasil-bbsa3-alinhamento-bolsonaro\/","name":"Novo presidente do Banco do Brasil (BBSA3) explicita alinhamento a Bolsonaro","isPartOf":{"@id":"https:\/\/www.suno.com.br\/noticias\/#website"},"primaryImageOfPage":{"@id":"https:\/\/www.suno.com.br\/noticias\/novo-presidente-banco-do-brasil-bbsa3-alinhamento-bolsonaro\/#primaryimage"},"image":{"@id":"https:\/\/www.suno.com.br\/noticias\/novo-presidente-banco-do-brasil-bbsa3-alinhamento-bolsonaro\/#primaryimage"},"thumbnailUrl":"https:\/\/files.sunoresearch.com.br\/n\/uploads\/2021\/04\/3f25fa02-1094943-mccar_abr_edit_20101706417-jpg.webp","datePublished":"2021-04-05T18:05:09+00:00","description":"O novo presidente do Banco do Brasil, Fausto de Andrade Ribeiro, tamb\u00e9m prometeu \"austeridade\" nas despesas. Clique aqui para saber mais.","breadcrumb":{"@id":"https:\/\/www.suno.com.br\/noticias\/novo-presidente-banco-do-brasil-bbsa3-alinhamento-bolsonaro\/#breadcrumb"},"inLanguage":"pt-BR","potentialAction":[{"@type":"ReadAction","target":["https:\/\/www.suno.com.br\/noticias\/novo-presidente-banco-do-brasil-bbsa3-alinhamento-bolsonaro\/"]}]},{"@type":"ImageObject","inLanguage":"pt-BR","@id":"https:\/\/www.suno.com.br\/noticias\/novo-presidente-banco-do-brasil-bbsa3-alinhamento-bolsonaro\/#primaryimage","url":"https:\/\/files.sunoresearch.com.br\/n\/uploads\/2021\/04\/3f25fa02-1094943-mccar_abr_edit_20101706417-jpg.webp","contentUrl":"https:\/\/files.sunoresearch.com.br\/n\/uploads\/2021\/04\/3f25fa02-1094943-mccar_abr_edit_20101706417-jpg.webp","width":1024,"height":768,"caption":"Banco do Brasil (BBAS3). Foto: Marcelo Camargo Ag\u00eancia Brasil"},{"@type":"BreadcrumbList","@id":"https:\/\/www.suno.com.br\/noticias\/novo-presidente-banco-do-brasil-bbsa3-alinhamento-bolsonaro\/#breadcrumb","itemListElement":[{"@type":"ListItem","position":1,"name":"Not\u00edcias","item":"https:\/\/www.suno.com.br\/noticias\/"},{"@type":"ListItem","position":2,"name":"Neg\u00f3cios","item":"https:\/\/www.suno.com.br\/noticias\/negocios\/"},{"@type":"ListItem","position":3,"name":"Novo presidente do Banco do Brasil (BBSA3) explicita alinhamento a Bolsonaro, diz jornal"}]},{"@type":"WebSite","@id":"https:\/\/www.suno.com.br\/noticias\/#website","url":"https:\/\/www.suno.com.br\/noticias\/","name":"Suno Not\u00edcias","description":"Seu portal de informa\u00e7\u00e3o sobre o mundo dos investimentos","publisher":{"@id":"https:\/\/www.suno.com.br\/noticias\/#organization"},"potentialAction":[{"@type":"SearchAction","target":{"@type":"EntryPoint","urlTemplate":"https:\/\/www.suno.com.br\/noticias\/?s={search_term_string}"},"query-input":{"@type":"PropertyValueSpecification","valueRequired":true,"valueName":"search_term_string"}}],"inLanguage":"pt-BR"},{"@type":"Organization","@id":"https:\/\/www.suno.com.br\/noticias\/#organization","name":"Suno Not\u00edcias","url":"https:\/\/www.suno.com.br\/noticias\/","logo":{"@type":"ImageObject","inLanguage":"pt-BR","@id":"https:\/\/www.suno.com.br\/noticias\/#\/schema\/logo\/image\/","url":"https:\/\/files.sunoresearch.com.br\/n\/uploads\/2021\/09\/suno-logo.png","contentUrl":"https:\/\/files.sunoresearch.com.br\/n\/uploads\/2021\/09\/suno-logo.png","width":180,"height":180,"caption":"Suno Not\u00edcias"},"image":{"@id":"https:\/\/www.suno.com.br\/noticias\/#\/schema\/logo\/image\/"},"sameAs":["https:\/\/facebook.com\/sunoresearch","https:\/\/x.com\/sunoresearch","https:\/\/www.instagram.com\/suno","https:\/\/www.linkedin.com\/company\/suno-research\/","https:\/\/www.youtube.com\/c\/sunoresearch"]},{"@type":"Person","@id":"https:\/\/www.suno.com.br\/noticias\/#\/schema\/person\/e672ca8cea627fe715fa29bca7da95e0","name":"Rafaela La Regina","image":{"@type":"ImageObject","inLanguage":"pt-BR","@id":"https:\/\/www.suno.com.br\/noticias\/#\/schema\/person\/image\/","url":"https:\/\/secure.gravatar.com\/avatar\/d2c75a52d243deb93d0465fdcb21bd37?s=96&r=g","contentUrl":"https:\/\/secure.gravatar.com\/avatar\/d2c75a52d243deb93d0465fdcb21bd37?s=96&r=g","caption":"Rafaela La Regina"},"description":"Estagi\u00e1ria no Suno Not\u00edcias. Escreve sobre economia, pol\u00edtica e neg\u00f3cios. Estuda Rela\u00e7\u00f5es Internacionais no IBMEC-SP.","url":"https:\/\/www.suno.com.br\/noticias\/author\/rafaela-la-regina\/"}]}},"default_loop_html":"<div class=\"cardsPage__listCard__boxs\"><div class=\"cardsPage__listCard__boxs__img\"><a href=\"https:\/\/www.suno.com.br\/noticias\/novo-presidente-banco-do-brasil-bbsa3-alinhamento-bolsonaro\/\"><img class=\"mask\" src=\"https:\/\/www.suno.com.br\/noticias\/wp-content\/themes\/suno\/resources\/images\/spotlight\/spotlight1img\/bg-mask.png\" alt=\"Image Mask\"\/><img src=\"https:\/\/files.sunoresearch.com.br\/n\/uploads\/2021\/04\/3f25fa02-1094943-mccar_abr_edit_20101706417-400x200.webp\" alt=\"Novo presidente do Banco do Brasil (BBSA3) explicita alinhamento a Bolsonaro, diz jornal\"\/><\/a><span class=\"spotlightCategory\"><a href=\"https:\/\/www.suno.com.br\/noticias\/negocios\/\">Neg\u00f3cios<\/a><\/span><\/div><div class=\"cardsPage__listCard__boxs__content\"><a href=\"https:\/\/www.suno.com.br\/noticias\/novo-presidente-banco-do-brasil-bbsa3-alinhamento-bolsonaro\/\"><h2 class=\"content__title\">Novo presidente do Banco do Brasil (BBSA3) explicita alinhamento a Bolsonaro, diz jornal<\/h2><\/a><div class=\"newsContent__article__meta\"><div class=\"newsContent__article__meta__authorBox\"><a href=\"https:\/\/www.suno.com.br\/noticias\/author\/rafaela-la-regina\/\" class=\"authorBox__avatar noMobi\"><img src=\"https:\/\/secure.gravatar.com\/avatar\/d2c75a52d243deb93d0465fdcb21bd37?s=96&#038;r=g\" alt=\"Rafaela La Regina\"><\/a><div class=\"authorBox__name\"><span>por\n\t\t\t<a href=\"https:\/\/www.suno.com.br\/noticias\/author\/rafaela-la-regina\/\"><span itemprop=\"author\">Rafaela La Regina<\/span><\/a><\/span><time datetime=\"2021-04-05T15:05:09-03:00\" itemprop=\"datePublished\">05\/04\/2021 15:05<\/time><\/div><\/div><\/div><\/div><\/div>","single_layout":"posts","amp_enabled":true,"_links":{"self":[{"href":"https:\/\/www.suno.com.br\/noticias\/wp-json\/wp\/v2\/posts\/136943"}],"collection":[{"href":"https:\/\/www.suno.com.br\/noticias\/wp-json\/wp\/v2\/posts"}],"about":[{"href":"https:\/\/www.suno.com.br\/noticias\/wp-json\/wp\/v2\/types\/post"}],"author":[{"embeddable":true,"href":"https:\/\/www.suno.com.br\/noticias\/wp-json\/wp\/v2\/users\/56"}],"replies":[{"embeddable":true,"href":"https:\/\/www.suno.com.br\/noticias\/wp-json\/wp\/v2\/comments?post=136943"}],"version-history":[{"count":1,"href":"https:\/\/www.suno.com.br\/noticias\/wp-json\/wp\/v2\/posts\/136943\/revisions"}],"predecessor-version":[{"id":136962,"href":"https:\/\/www.suno.com.br\/noticias\/wp-json\/wp\/v2\/posts\/136943\/revisions\/136962"}],"wp:featuredmedia":[{"embeddable":true,"href":"https:\/\/www.suno.com.br\/noticias\/wp-json\/wp\/v2\/media\/136960"}],"wp:attachment":[{"href":"https:\/\/www.suno.com.br\/noticias\/wp-json\/wp\/v2\/media?parent=136943"}],"wp:term":[{"taxonomy":"category","embeddable":true,"href":"https:\/\/www.suno.com.br\/noticias\/wp-json\/wp\/v2\/categories?post=136943"},{"taxonomy":"post_tag","embeddable":true,"href":"https:\/\/www.suno.com.br\/noticias\/wp-json\/wp\/v2\/tags?post=136943"},{"taxonomy":"suno_strategy","embeddable":true,"href":"https:\/\/www.suno.com.br\/noticias\/wp-json\/wp\/v2\/suno_strategy?post=136943"}],"curies":[{"name":"wp","href":"https:\/\/api.w.org\/{rel}","templated":true}]}}