{"id":136942,"date":"2021-04-05T17:38:40","date_gmt":"2021-04-05T20:38:40","guid":{"rendered":"https:\/\/www.suno.com.br\/noticias\/?p=136942"},"modified":"2021-04-05T17:38:40","modified_gmt":"2021-04-05T20:38:40","slug":"ceos-globais-negocios-normalidade-2022","status":"publish","type":"post","link":"https:\/\/www.suno.com.br\/noticias\/ceos-globais-negocios-normalidade-2022\/","title":{"rendered":"45% dos CEOs globais enxergam retorno \u00e0 normalidade nos neg\u00f3cios apenas em 2022"},"content":{"rendered":"<p>Uma pesquisa feita pela consultoria KPMG aponta que 45% dos<a href=\"https:\/\/www.suno.com.br\/artigos\/ceo\/\"> CEOs globais<\/a> enxergam um retorno \u00e0 <strong>normalidade nos neg\u00f3cios<\/strong> apenas em 2022 e apenas 31% acreditam que essa volta acontecer\u00e1 ainda neste ano.<\/p>\t<div class=\"wrapper-featured-image\">\n\t\t<figure class=\"spotlightImg\">\n\n\t\t\t<picture>\n\t\t\t\t<source media=\"(max-width: 768px)\" srcset=\"https:\/\/files.sunoresearch.com.br\/n\/uploads\/2021\/04\/c8386da1-business-3641668_1280-400x200.webp\">\n\t\t\t\t<img loading=\"lazy\" decoding=\"async\" class=\"newsContent__article__imgCapa lazyloadDisabled \" src=\"https:\/\/files.sunoresearch.com.br\/n\/uploads\/2021\/04\/c8386da1-business-3641668_1280-800x450.webp\" width=\"800\" height=\"450\" alt=\"45% dos CEOs globais enxergam retorno \u00e0 normalidade nos neg\u00f3cios apenas em 2022\" fetchpriority=high \/>\n\t\t\t<\/picture>\n\n\t\t\t<figcaption class=\"wp-caption-text wp-caption-text--show\">Foto: Pixabay<\/figcaption>\n\t\t<\/figure>\n\t<\/div>\n\n\n\t<p>\n\t\t<a href=\"https:\/\/lp.suno.com.br\/planilha-de-controle-de-investimentos\/\" target=\"_blank\" data-element=\"shortcode-suno-banner\" title=\"Banner SUNO, clique e saiba mais\">\n\t\t\t<picture>\n\t\t\t\t<source media=\"(max-width: 500px)\" srcset=\"https:\/\/files.sunoresearch.com.br\/n\/uploads\/2023\/03\/400x300-Controle-de-Investimentos.png\">\n\t\t\t\t<img class=\"newsContent__article__imgCapa newsContent__article__imgCapa--banner\"\n\t\t\t\t\tsrc=\"https:\/\/files.sunoresearch.com.br\/n\/uploads\/2023\/03\/1420x240-Controle-de-Investimentos.png\"\n\t\t\t\t\tdata-promo-id=\"75934\"\t\t\t\t\t\t\t\t\t\twidth='1420' height='240'\t\t\t\t\talt=\"https:\/\/files.sunoresearch.com.br\/n\/uploads\/2023\/03\/1420x240-Controle-de-Investimentos.png\"\n\t\t\t\t>\n\t\t\t<\/picture>\n\t\t<\/a>\n\t<\/p>\n\n\n<p>Mais do que isso, 24% n\u00e3o esperam mais por essa normalidade nos neg\u00f3cios e afirmam que suas empresas e opera\u00e7\u00f5es mudaram para sempre com a pandemia do coronav\u00edrus (covid-19).<\/p>\n<p>O levantamento foi feito com 500 executivos de empresas com receita anual superior a US$ 10 bilh\u00f5es, entre os dias 29 de janeiro e 4 de mar\u00e7o, nos seguintes pa\u00edses:<\/p>\n<p><a href=\"https:\/\/lp.suno.com.br\/suno-one\/\">Suno One: acesse gratuitamente eBooks, Minicursos, Artigos e V\u00eddeo Aulas sobre investimentos com um \u00fanico cadastro. Clique para saber mais!<\/a><\/p>\n<ul>\n<li>Austr\u00e1lia,<\/li>\n<li>Canad\u00e1,<\/li>\n<li>China,<\/li>\n<li>Fran\u00e7a,<\/li>\n<li>Alemanha,<\/li>\n<li>\u00cdndia,<\/li>\n<li>It\u00e1lia,<\/li>\n<li>Jap\u00e3o,<\/li>\n<li>Espanha,<\/li>\n<li>Reino Unido,<\/li>\n<li>Estados Unidos<\/li>\n<\/ul>\n<p>&#8220;A pesquisa evidencia que os neg\u00f3cios nunca mais ser\u00e3o os mesmos em fun\u00e7\u00e3o da pandemia. Sairemos dela com aprendizados importantes para o futuro das empresas, das pessoas, da sociedade e do meio ambiente&#8221;, diz Charles Krieck, presidente da KPMG no Brasil e na Am\u00e9rica do Sul, em nota.<\/p>\n<p>&#8220;O futuro das empresas depender\u00e1 de iniciativas de neg\u00f3cios mais anal\u00edticas e tecnol\u00f3gicas, integradas com uma governan\u00e7a atenta aos aspectos econ\u00f4micos, sociais e ambientais.&#8221;<\/p>\n<p>Os dados mostram que mais da metade, 55%, temem que nem todos seus funcion\u00e1rios tenham acesso a uma vacina contra a covid-19, o que poder\u00e1 colocar alguns mercados e opera\u00e7\u00f5es em desvantagem.<\/p>\n<p>A maioria dos executivos entrevistados, 90%, vai solicitar aos empregados notifiquem a empresa quando forem vacinados. Outro ponto relevante \u00e9 que 61% das empresas v\u00e3o esperar uma imuniza\u00e7\u00e3o do pa\u00eds antes de pedir o retorno aos escrit\u00f3rios.<\/p>\n<p><b>Confian\u00e7a na recupera\u00e7\u00e3o<\/b><\/p>\n\t<p>\n\t\t<a href=\"https:\/\/lp.suno.com.br\/planilha-da-vida-financeira\/\" target=\"_blank\" data-element=\"shortcode-suno-banner\" title=\"Banner SUNO, clique e saiba mais\">\n\t\t\t<picture>\n\t\t\t\t<source media=\"(max-width: 500px)\" srcset=\"https:\/\/files.sunoresearch.com.br\/n\/uploads\/2023\/04\/400x300-Planilha-vida-financeira-true.png\">\n\t\t\t\t<img class=\"newsContent__article__imgCapa newsContent__article__imgCapa--banner\"\n\t\t\t\t\tsrc=\"https:\/\/files.sunoresearch.com.br\/n\/uploads\/2023\/04\/1420x240-Planilha-vida-financeira-true.png\"\n\t\t\t\t\tdata-promo-id=\"106682\"\t\t\t\t\t\t\t\t\t\twidth='1420' height='240'\t\t\t\t\talt=\"https:\/\/files.sunoresearch.com.br\/n\/uploads\/2023\/04\/1420x240-Planilha-vida-financeira-true.png\"\n\t\t\t\t>\n\t\t\t<\/picture>\n\t\t<\/a>\n\t<\/p>\n\n\n<p>A confian\u00e7a dos CEOs no crescimento de suas empresas, setores e pa\u00edses no horizonte de tr\u00eas anos \u00e9 elevada. No entanto, as perspectivas para a economia global s\u00e3o baixas.<\/p>\n\t<div data-element=\"shortcode-read-more\" class=\"knowMore\">\n\t\t\t\t<span class=\"knowMore__title\">Leia tamb\u00e9m<\/span>\n\t\t\t\t<a class=\"knowMore__link\" href=\"https:\/\/www.suno.com.br\/noticias\/biden-propoe-nvestimento-infraestrutura-alta-imposto\/\">\n\t\t\tBiden prop\u00f5e US$ 2 tri em investimento \u00e0 infraestrutura e alta de imposto\t\t<\/a>\n\t<\/div>\n\n\n<p>De acordo com a pesquisa, as perspectivas dos entrevistados para o crescimento de suas empresas nesse per\u00edodo s\u00e3o:<\/p>\n<ul>\n<li>22% muito confiantes,<\/li>\n<li>66% confiantes,<\/li>\n<li>11% neutros,<\/li>\n<li>1% n\u00e3o muito confiantes<\/li>\n<\/ul>\n<p>Sobre crescimento do setor, as perspectivas s\u00e3o: 23% muito confiantes, 67% confiantes, 8% neutros, 2% n\u00e3o muito confiantes.<\/p>\n<p>Em rela\u00e7\u00e3o \u00e0s perspectivas de crescimento de seus pa\u00edses, as respostas s\u00e3o:<\/p>\n<ul>\n<li>19% muito confiantes,<\/li>\n<li>65% confiantes,<\/li>\n<li>11% neutros,<\/li>\n<li>5% n\u00e3o muito confiantes.<\/li>\n<\/ul>\n<p>Sobre perspectivas de <strong>crescimento da economia global,<\/strong> os dados s\u00e3o: 13% muito confiantes, 30% confiantes, 14% neutros, 39% n\u00e3o muito confiantes e 4% nada confiantes.<\/p>\n<p><em>Com informa\u00e7\u00f5es do Estad\u00e3o Conte\u00fado<\/em><\/p>\n\t<p>\n\t\t<a href=\"https:\/\/lp.suno.com.br\/planilha-de-controle-de-investimentos\/\" target=\"_blank\" data-element=\"shortcode-suno-banner\" title=\"Banner SUNO, clique e saiba mais\">\n\t\t\t<picture>\n\t\t\t\t<source media=\"(max-width: 500px)\" srcset=\"https:\/\/files.sunoresearch.com.br\/n\/uploads\/2023\/03\/400x300-Controle-de-Investimentos.png\">\n\t\t\t\t<img class=\"newsContent__article__imgCapa newsContent__article__imgCapa--banner\"\n\t\t\t\t\tsrc=\"https:\/\/files.sunoresearch.com.br\/n\/uploads\/2023\/03\/1420x240-Controle-de-Investimentos.png\"\n\t\t\t\t\tdata-promo-id=\"75934\"\t\t\t\t\t\t\t\t\t\twidth='1420' height='240'\t\t\t\t\talt=\"https:\/\/files.sunoresearch.com.br\/n\/uploads\/2023\/03\/1420x240-Controle-de-Investimentos.png\"\n\t\t\t\t>\n\t\t\t<\/picture>\n\t\t<\/a>\n\t<\/p>\n\n\n","protected":false},"excerpt":{"rendered":"<p>Uma pesquisa feita pela consultoria KPMG aponta que 45% dos CEOs globais enxergam um retorno \u00e0 normalidade nos neg\u00f3cios apenas em 2022 e apenas 31% acreditam que essa volta acontecer\u00e1 ainda neste ano. Foto: Pixabay Mais do que isso, 24% n\u00e3o esperam mais por essa normalidade nos neg\u00f3cios e afirmam que suas empresas e opera\u00e7\u00f5es [&hellip;]<\/p>\n","protected":false},"author":56,"featured_media":137015,"comment_status":"closed","ping_status":"closed","sticky":false,"template":"","format":"standard","meta":[],"categories":[62],"tags":[93040],"suno_strategy":[],"class_list":["post-136942","post","type-post","status-publish","format-standard","has-post-thumbnail","hentry","category-economia","tag-economia-global"],"yoast_head":"<!-- This site is optimized with the Yoast SEO plugin v24.4 - https:\/\/yoast.com\/wordpress\/plugins\/seo\/ -->\n<title>45% dos CEOs globais enxergam retorno \u00e0 normalidade nos neg\u00f3cios apenas em 2022<\/title>\n<meta name=\"description\" content=\"Al\u00e9m disso, apenas 31% acreditam que essa volta dos neg\u00f3cioss acontecer\u00e1 ainda neste ano. Clique aqui para saber mais.\" \/>\n<meta name=\"robots\" content=\"index, follow, max-snippet:-1, max-image-preview:large, max-video-preview:-1\" \/>\n<link rel=\"canonical\" href=\"https:\/\/www.suno.com.br\/noticias\/ceos-globais-negocios-normalidade-2022\/\" \/>\n<meta property=\"og:locale\" content=\"pt_BR\" \/>\n<meta property=\"og:type\" content=\"article\" \/>\n<meta property=\"og:title\" content=\"45% dos CEOs globais enxergam retorno \u00e0 normalidade nos neg\u00f3cios apenas em 2022\" \/>\n<meta property=\"og:description\" content=\"Al\u00e9m disso, apenas 31% acreditam que essa volta dos neg\u00f3cioss acontecer\u00e1 ainda neste ano. Clique aqui para saber mais.\" \/>\n<meta property=\"og:url\" content=\"https:\/\/www.suno.com.br\/noticias\/ceos-globais-negocios-normalidade-2022\/\" \/>\n<meta property=\"og:site_name\" content=\"Suno Not\u00edcias\" \/>\n<meta property=\"article:publisher\" content=\"https:\/\/facebook.com\/sunoresearch\" \/>\n<meta property=\"og:image\" content=\"https:\/\/files.sunoresearch.com.br\/n\/uploads\/2021\/04\/c8386da1-business-3641668_1280.jpg\" \/>\n\t<meta property=\"og:image:width\" content=\"1280\" \/>\n\t<meta property=\"og:image:height\" content=\"853\" \/>\n\t<meta property=\"og:image:type\" content=\"image\/jpeg\" \/>\n<meta name=\"author\" content=\"Rafaela La Regina\" \/>\n<meta name=\"twitter:card\" content=\"summary_large_image\" \/>\n<meta name=\"twitter:creator\" content=\"@sunoresearch\" \/>\n<meta name=\"twitter:site\" content=\"@sunoresearch\" \/>\n<meta name=\"twitter:label1\" content=\"Escrito por\" \/>\n\t<meta name=\"twitter:data1\" content=\"Rafaela La Regina\" \/>\n\t<meta name=\"twitter:label2\" content=\"Est. tempo de leitura\" \/>\n\t<meta name=\"twitter:data2\" content=\"2 minutos\" \/>\n<script type=\"application\/ld+json\" class=\"yoast-schema-graph\">{\"@context\":\"https:\/\/schema.org\",\"@graph\":[{\"@type\":\"NewsArticle\",\"@id\":\"https:\/\/www.suno.com.br\/noticias\/ceos-globais-negocios-normalidade-2022\/#article\",\"isPartOf\":{\"@id\":\"https:\/\/www.suno.com.br\/noticias\/ceos-globais-negocios-normalidade-2022\/\"},\"author\":{\"name\":\"Rafaela La Regina\",\"@id\":\"https:\/\/www.suno.com.br\/noticias\/#\/schema\/person\/e672ca8cea627fe715fa29bca7da95e0\"},\"headline\":\"45% dos CEOs globais enxergam retorno \u00e0 normalidade nos neg\u00f3cios apenas em 2022\",\"datePublished\":\"2021-04-05T20:38:40+00:00\",\"mainEntityOfPage\":{\"@id\":\"https:\/\/www.suno.com.br\/noticias\/ceos-globais-negocios-normalidade-2022\/\"},\"wordCount\":443,\"publisher\":{\"@id\":\"https:\/\/www.suno.com.br\/noticias\/#organization\"},\"image\":{\"@id\":\"https:\/\/www.suno.com.br\/noticias\/ceos-globais-negocios-normalidade-2022\/#primaryimage\"},\"thumbnailUrl\":\"https:\/\/files.sunoresearch.com.br\/n\/uploads\/2021\/04\/c8386da1-business-3641668_1280-jpg.webp\",\"keywords\":[\"economia global\"],\"articleSection\":[\"Economia\"],\"inLanguage\":\"pt-BR\"},{\"@type\":\"WebPage\",\"@id\":\"https:\/\/www.suno.com.br\/noticias\/ceos-globais-negocios-normalidade-2022\/\",\"url\":\"https:\/\/www.suno.com.br\/noticias\/ceos-globais-negocios-normalidade-2022\/\",\"name\":\"45% dos CEOs globais enxergam retorno \u00e0 normalidade nos neg\u00f3cios apenas em 2022\",\"isPartOf\":{\"@id\":\"https:\/\/www.suno.com.br\/noticias\/#website\"},\"primaryImageOfPage\":{\"@id\":\"https:\/\/www.suno.com.br\/noticias\/ceos-globais-negocios-normalidade-2022\/#primaryimage\"},\"image\":{\"@id\":\"https:\/\/www.suno.com.br\/noticias\/ceos-globais-negocios-normalidade-2022\/#primaryimage\"},\"thumbnailUrl\":\"https:\/\/files.sunoresearch.com.br\/n\/uploads\/2021\/04\/c8386da1-business-3641668_1280-jpg.webp\",\"datePublished\":\"2021-04-05T20:38:40+00:00\",\"description\":\"Al\u00e9m disso, apenas 31% acreditam que essa volta dos neg\u00f3cioss acontecer\u00e1 ainda neste ano. Clique aqui para saber mais.\",\"breadcrumb\":{\"@id\":\"https:\/\/www.suno.com.br\/noticias\/ceos-globais-negocios-normalidade-2022\/#breadcrumb\"},\"inLanguage\":\"pt-BR\",\"potentialAction\":[{\"@type\":\"ReadAction\",\"target\":[\"https:\/\/www.suno.com.br\/noticias\/ceos-globais-negocios-normalidade-2022\/\"]}]},{\"@type\":\"ImageObject\",\"inLanguage\":\"pt-BR\",\"@id\":\"https:\/\/www.suno.com.br\/noticias\/ceos-globais-negocios-normalidade-2022\/#primaryimage\",\"url\":\"https:\/\/files.sunoresearch.com.br\/n\/uploads\/2021\/04\/c8386da1-business-3641668_1280-jpg.webp\",\"contentUrl\":\"https:\/\/files.sunoresearch.com.br\/n\/uploads\/2021\/04\/c8386da1-business-3641668_1280-jpg.webp\",\"width\":1280,\"height\":853,\"caption\":\"Foto: Pixabay\"},{\"@type\":\"BreadcrumbList\",\"@id\":\"https:\/\/www.suno.com.br\/noticias\/ceos-globais-negocios-normalidade-2022\/#breadcrumb\",\"itemListElement\":[{\"@type\":\"ListItem\",\"position\":1,\"name\":\"Not\u00edcias\",\"item\":\"https:\/\/www.suno.com.br\/noticias\/\"},{\"@type\":\"ListItem\",\"position\":2,\"name\":\"Economia\",\"item\":\"https:\/\/www.suno.com.br\/noticias\/economia\/\"},{\"@type\":\"ListItem\",\"position\":3,\"name\":\"45% dos CEOs globais enxergam retorno \u00e0 normalidade nos neg\u00f3cios apenas em 2022\"}]},{\"@type\":\"WebSite\",\"@id\":\"https:\/\/www.suno.com.br\/noticias\/#website\",\"url\":\"https:\/\/www.suno.com.br\/noticias\/\",\"name\":\"Suno Not\u00edcias\",\"description\":\"Seu portal de informa\u00e7\u00e3o sobre o mundo dos investimentos\",\"publisher\":{\"@id\":\"https:\/\/www.suno.com.br\/noticias\/#organization\"},\"potentialAction\":[{\"@type\":\"SearchAction\",\"target\":{\"@type\":\"EntryPoint\",\"urlTemplate\":\"https:\/\/www.suno.com.br\/noticias\/?s={search_term_string}\"},\"query-input\":{\"@type\":\"PropertyValueSpecification\",\"valueRequired\":true,\"valueName\":\"search_term_string\"}}],\"inLanguage\":\"pt-BR\"},{\"@type\":\"Organization\",\"@id\":\"https:\/\/www.suno.com.br\/noticias\/#organization\",\"name\":\"Suno Not\u00edcias\",\"url\":\"https:\/\/www.suno.com.br\/noticias\/\",\"logo\":{\"@type\":\"ImageObject\",\"inLanguage\":\"pt-BR\",\"@id\":\"https:\/\/www.suno.com.br\/noticias\/#\/schema\/logo\/image\/\",\"url\":\"https:\/\/files.sunoresearch.com.br\/n\/uploads\/2021\/09\/suno-logo.png\",\"contentUrl\":\"https:\/\/files.sunoresearch.com.br\/n\/uploads\/2021\/09\/suno-logo.png\",\"width\":180,\"height\":180,\"caption\":\"Suno Not\u00edcias\"},\"image\":{\"@id\":\"https:\/\/www.suno.com.br\/noticias\/#\/schema\/logo\/image\/\"},\"sameAs\":[\"https:\/\/facebook.com\/sunoresearch\",\"https:\/\/x.com\/sunoresearch\",\"https:\/\/www.instagram.com\/suno\",\"https:\/\/www.linkedin.com\/company\/suno-research\/\",\"https:\/\/www.youtube.com\/c\/sunoresearch\"]},{\"@type\":\"Person\",\"@id\":\"https:\/\/www.suno.com.br\/noticias\/#\/schema\/person\/e672ca8cea627fe715fa29bca7da95e0\",\"name\":\"Rafaela La Regina\",\"image\":{\"@type\":\"ImageObject\",\"inLanguage\":\"pt-BR\",\"@id\":\"https:\/\/www.suno.com.br\/noticias\/#\/schema\/person\/image\/\",\"url\":\"https:\/\/secure.gravatar.com\/avatar\/d2c75a52d243deb93d0465fdcb21bd37?s=96&r=g\",\"contentUrl\":\"https:\/\/secure.gravatar.com\/avatar\/d2c75a52d243deb93d0465fdcb21bd37?s=96&r=g\",\"caption\":\"Rafaela La Regina\"},\"description\":\"Estagi\u00e1ria no Suno Not\u00edcias. Escreve sobre economia, pol\u00edtica e neg\u00f3cios. Estuda Rela\u00e7\u00f5es Internacionais no IBMEC-SP.\",\"url\":\"https:\/\/www.suno.com.br\/noticias\/author\/rafaela-la-regina\/\"}]}<\/script>\n<!-- \/ Yoast SEO plugin. -->","yoast_head_json":{"title":"45% dos CEOs globais enxergam retorno \u00e0 normalidade nos neg\u00f3cios apenas em 2022","description":"Al\u00e9m disso, apenas 31% acreditam que essa volta dos neg\u00f3cioss acontecer\u00e1 ainda neste ano. Clique aqui para saber mais.","robots":{"index":"index","follow":"follow","max-snippet":"max-snippet:-1","max-image-preview":"max-image-preview:large","max-video-preview":"max-video-preview:-1"},"canonical":"https:\/\/www.suno.com.br\/noticias\/ceos-globais-negocios-normalidade-2022\/","og_locale":"pt_BR","og_type":"article","og_title":"45% dos CEOs globais enxergam retorno \u00e0 normalidade nos neg\u00f3cios apenas em 2022","og_description":"Al\u00e9m disso, apenas 31% acreditam que essa volta dos neg\u00f3cioss acontecer\u00e1 ainda neste ano. Clique aqui para saber mais.","og_url":"https:\/\/www.suno.com.br\/noticias\/ceos-globais-negocios-normalidade-2022\/","og_site_name":"Suno Not\u00edcias","article_publisher":"https:\/\/facebook.com\/sunoresearch","og_image":[{"width":1280,"height":853,"url":"https:\/\/files.sunoresearch.com.br\/n\/uploads\/2021\/04\/c8386da1-business-3641668_1280.jpg","type":"image\/jpeg"}],"author":"Rafaela La Regina","twitter_card":"summary_large_image","twitter_creator":"@sunoresearch","twitter_site":"@sunoresearch","twitter_misc":{"Escrito por":"Rafaela La Regina","Est. tempo de leitura":"2 minutos"},"schema":{"@context":"https:\/\/schema.org","@graph":[{"@type":"NewsArticle","@id":"https:\/\/www.suno.com.br\/noticias\/ceos-globais-negocios-normalidade-2022\/#article","isPartOf":{"@id":"https:\/\/www.suno.com.br\/noticias\/ceos-globais-negocios-normalidade-2022\/"},"author":{"name":"Rafaela La Regina","@id":"https:\/\/www.suno.com.br\/noticias\/#\/schema\/person\/e672ca8cea627fe715fa29bca7da95e0"},"headline":"45% dos CEOs globais enxergam retorno \u00e0 normalidade nos neg\u00f3cios apenas em 2022","datePublished":"2021-04-05T20:38:40+00:00","mainEntityOfPage":{"@id":"https:\/\/www.suno.com.br\/noticias\/ceos-globais-negocios-normalidade-2022\/"},"wordCount":443,"publisher":{"@id":"https:\/\/www.suno.com.br\/noticias\/#organization"},"image":{"@id":"https:\/\/www.suno.com.br\/noticias\/ceos-globais-negocios-normalidade-2022\/#primaryimage"},"thumbnailUrl":"https:\/\/files.sunoresearch.com.br\/n\/uploads\/2021\/04\/c8386da1-business-3641668_1280-jpg.webp","keywords":["economia global"],"articleSection":["Economia"],"inLanguage":"pt-BR"},{"@type":"WebPage","@id":"https:\/\/www.suno.com.br\/noticias\/ceos-globais-negocios-normalidade-2022\/","url":"https:\/\/www.suno.com.br\/noticias\/ceos-globais-negocios-normalidade-2022\/","name":"45% dos CEOs globais enxergam retorno \u00e0 normalidade nos neg\u00f3cios apenas em 2022","isPartOf":{"@id":"https:\/\/www.suno.com.br\/noticias\/#website"},"primaryImageOfPage":{"@id":"https:\/\/www.suno.com.br\/noticias\/ceos-globais-negocios-normalidade-2022\/#primaryimage"},"image":{"@id":"https:\/\/www.suno.com.br\/noticias\/ceos-globais-negocios-normalidade-2022\/#primaryimage"},"thumbnailUrl":"https:\/\/files.sunoresearch.com.br\/n\/uploads\/2021\/04\/c8386da1-business-3641668_1280-jpg.webp","datePublished":"2021-04-05T20:38:40+00:00","description":"Al\u00e9m disso, apenas 31% acreditam que essa volta dos neg\u00f3cioss acontecer\u00e1 ainda neste ano. Clique aqui para saber mais.","breadcrumb":{"@id":"https:\/\/www.suno.com.br\/noticias\/ceos-globais-negocios-normalidade-2022\/#breadcrumb"},"inLanguage":"pt-BR","potentialAction":[{"@type":"ReadAction","target":["https:\/\/www.suno.com.br\/noticias\/ceos-globais-negocios-normalidade-2022\/"]}]},{"@type":"ImageObject","inLanguage":"pt-BR","@id":"https:\/\/www.suno.com.br\/noticias\/ceos-globais-negocios-normalidade-2022\/#primaryimage","url":"https:\/\/files.sunoresearch.com.br\/n\/uploads\/2021\/04\/c8386da1-business-3641668_1280-jpg.webp","contentUrl":"https:\/\/files.sunoresearch.com.br\/n\/uploads\/2021\/04\/c8386da1-business-3641668_1280-jpg.webp","width":1280,"height":853,"caption":"Foto: Pixabay"},{"@type":"BreadcrumbList","@id":"https:\/\/www.suno.com.br\/noticias\/ceos-globais-negocios-normalidade-2022\/#breadcrumb","itemListElement":[{"@type":"ListItem","position":1,"name":"Not\u00edcias","item":"https:\/\/www.suno.com.br\/noticias\/"},{"@type":"ListItem","position":2,"name":"Economia","item":"https:\/\/www.suno.com.br\/noticias\/economia\/"},{"@type":"ListItem","position":3,"name":"45% dos CEOs globais enxergam retorno \u00e0 normalidade nos neg\u00f3cios apenas em 2022"}]},{"@type":"WebSite","@id":"https:\/\/www.suno.com.br\/noticias\/#website","url":"https:\/\/www.suno.com.br\/noticias\/","name":"Suno Not\u00edcias","description":"Seu portal de informa\u00e7\u00e3o sobre o mundo dos investimentos","publisher":{"@id":"https:\/\/www.suno.com.br\/noticias\/#organization"},"potentialAction":[{"@type":"SearchAction","target":{"@type":"EntryPoint","urlTemplate":"https:\/\/www.suno.com.br\/noticias\/?s={search_term_string}"},"query-input":{"@type":"PropertyValueSpecification","valueRequired":true,"valueName":"search_term_string"}}],"inLanguage":"pt-BR"},{"@type":"Organization","@id":"https:\/\/www.suno.com.br\/noticias\/#organization","name":"Suno Not\u00edcias","url":"https:\/\/www.suno.com.br\/noticias\/","logo":{"@type":"ImageObject","inLanguage":"pt-BR","@id":"https:\/\/www.suno.com.br\/noticias\/#\/schema\/logo\/image\/","url":"https:\/\/files.sunoresearch.com.br\/n\/uploads\/2021\/09\/suno-logo.png","contentUrl":"https:\/\/files.sunoresearch.com.br\/n\/uploads\/2021\/09\/suno-logo.png","width":180,"height":180,"caption":"Suno Not\u00edcias"},"image":{"@id":"https:\/\/www.suno.com.br\/noticias\/#\/schema\/logo\/image\/"},"sameAs":["https:\/\/facebook.com\/sunoresearch","https:\/\/x.com\/sunoresearch","https:\/\/www.instagram.com\/suno","https:\/\/www.linkedin.com\/company\/suno-research\/","https:\/\/www.youtube.com\/c\/sunoresearch"]},{"@type":"Person","@id":"https:\/\/www.suno.com.br\/noticias\/#\/schema\/person\/e672ca8cea627fe715fa29bca7da95e0","name":"Rafaela La Regina","image":{"@type":"ImageObject","inLanguage":"pt-BR","@id":"https:\/\/www.suno.com.br\/noticias\/#\/schema\/person\/image\/","url":"https:\/\/secure.gravatar.com\/avatar\/d2c75a52d243deb93d0465fdcb21bd37?s=96&r=g","contentUrl":"https:\/\/secure.gravatar.com\/avatar\/d2c75a52d243deb93d0465fdcb21bd37?s=96&r=g","caption":"Rafaela La Regina"},"description":"Estagi\u00e1ria no Suno Not\u00edcias. Escreve sobre economia, pol\u00edtica e neg\u00f3cios. Estuda Rela\u00e7\u00f5es Internacionais no IBMEC-SP.","url":"https:\/\/www.suno.com.br\/noticias\/author\/rafaela-la-regina\/"}]}},"default_loop_html":"<div class=\"cardsPage__listCard__boxs\"><div class=\"cardsPage__listCard__boxs__img\"><a href=\"https:\/\/www.suno.com.br\/noticias\/ceos-globais-negocios-normalidade-2022\/\"><img class=\"mask\" src=\"https:\/\/www.suno.com.br\/noticias\/wp-content\/themes\/suno\/resources\/images\/spotlight\/spotlight1img\/bg-mask.png\" alt=\"Image Mask\"\/><img src=\"https:\/\/files.sunoresearch.com.br\/n\/uploads\/2021\/04\/c8386da1-business-3641668_1280-400x200.webp\" alt=\"45% dos CEOs globais enxergam retorno \u00e0 normalidade nos neg\u00f3cios apenas em 2022\"\/><\/a><span class=\"spotlightCategory\"><a href=\"https:\/\/www.suno.com.br\/noticias\/economia\/\">Economia<\/a><\/span><\/div><div class=\"cardsPage__listCard__boxs__content\"><a href=\"https:\/\/www.suno.com.br\/noticias\/ceos-globais-negocios-normalidade-2022\/\"><h2 class=\"content__title\">45% dos CEOs globais enxergam retorno \u00e0 normalidade nos neg\u00f3cios apenas em 2022<\/h2><\/a><div class=\"newsContent__article__meta\"><div class=\"newsContent__article__meta__authorBox\"><a href=\"https:\/\/www.suno.com.br\/noticias\/author\/rafaela-la-regina\/\" class=\"authorBox__avatar noMobi\"><img src=\"https:\/\/secure.gravatar.com\/avatar\/d2c75a52d243deb93d0465fdcb21bd37?s=96&#038;r=g\" alt=\"Rafaela La Regina\"><\/a><div class=\"authorBox__name\"><span>por\n\t\t\t<a href=\"https:\/\/www.suno.com.br\/noticias\/author\/rafaela-la-regina\/\"><span itemprop=\"author\">Rafaela La Regina<\/span><\/a><\/span><time datetime=\"2021-04-05T17:38:40-03:00\" itemprop=\"datePublished\">05\/04\/2021 17:38<\/time><\/div><\/div><\/div><\/div><\/div>","single_layout":"posts","amp_enabled":true,"_links":{"self":[{"href":"https:\/\/www.suno.com.br\/noticias\/wp-json\/wp\/v2\/posts\/136942"}],"collection":[{"href":"https:\/\/www.suno.com.br\/noticias\/wp-json\/wp\/v2\/posts"}],"about":[{"href":"https:\/\/www.suno.com.br\/noticias\/wp-json\/wp\/v2\/types\/post"}],"author":[{"embeddable":true,"href":"https:\/\/www.suno.com.br\/noticias\/wp-json\/wp\/v2\/users\/56"}],"replies":[{"embeddable":true,"href":"https:\/\/www.suno.com.br\/noticias\/wp-json\/wp\/v2\/comments?post=136942"}],"version-history":[{"count":2,"href":"https:\/\/www.suno.com.br\/noticias\/wp-json\/wp\/v2\/posts\/136942\/revisions"}],"predecessor-version":[{"id":137016,"href":"https:\/\/www.suno.com.br\/noticias\/wp-json\/wp\/v2\/posts\/136942\/revisions\/137016"}],"wp:featuredmedia":[{"embeddable":true,"href":"https:\/\/www.suno.com.br\/noticias\/wp-json\/wp\/v2\/media\/137015"}],"wp:attachment":[{"href":"https:\/\/www.suno.com.br\/noticias\/wp-json\/wp\/v2\/media?parent=136942"}],"wp:term":[{"taxonomy":"category","embeddable":true,"href":"https:\/\/www.suno.com.br\/noticias\/wp-json\/wp\/v2\/categories?post=136942"},{"taxonomy":"post_tag","embeddable":true,"href":"https:\/\/www.suno.com.br\/noticias\/wp-json\/wp\/v2\/tags?post=136942"},{"taxonomy":"suno_strategy","embeddable":true,"href":"https:\/\/www.suno.com.br\/noticias\/wp-json\/wp\/v2\/suno_strategy?post=136942"}],"curies":[{"name":"wp","href":"https:\/\/api.w.org\/{rel}","templated":true}]}}