{"id":13694,"date":"2019-01-31T16:36:56","date_gmt":"2019-01-31T18:36:56","guid":{"rendered":"https:\/\/www.suno.com.br\/noticias\/?p=13694"},"modified":"2019-01-31T19:24:13","modified_gmt":"2019-01-31T21:24:13","slug":"odebrecht-vender-rota-bandeiras","status":"publish","type":"post","link":"https:\/\/www.suno.com.br\/noticias\/odebrecht-vender-rota-bandeiras\/","title":{"rendered":"Odebrecht Rodovias confirma venda de 85% da Rota das Bandeiras"},"content":{"rendered":"<p>A\u00a0 Rodovias confirmou nesta quinta-feira (31) que vai vender 85% da participa\u00e7\u00e3o na Concession\u00e1ria <strong>Rota das Bandeiras<\/strong>.<\/p>\t<div class=\"wrapper-featured-image\">\n\t\t<figure class=\"spotlightImg\">\n\n\t\t\t<picture>\n\t\t\t\t<source media=\"(max-width: 768px)\" srcset=\"https:\/\/files.sunoresearch.com.br\/n\/uploads\/2019\/01\/fea13c25-odebrecht-400x200.webp\">\n\t\t\t\t<img loading=\"lazy\" decoding=\"async\" class=\"newsContent__article__imgCapa lazyloadDisabled newsContent__article__imgCapa--noCaption\" src=\"https:\/\/files.sunoresearch.com.br\/n\/uploads\/2019\/01\/fea13c25-odebrecht-800x450.webp\" width=\"800\" height=\"450\" alt=\"Odebrecht Rodovias confirma venda de 85% da Rota das Bandeiras\" fetchpriority=high \/>\n\t\t\t<\/picture>\n\n\t\t\t<figcaption class=\"wp-caption-text wp-caption-text--hide\"><\/figcaption>\n\t\t<\/figure>\n\t<\/div>\n\n\n<p>De acordo com a <strong>Odebrecht Rodovias<\/strong>, a conclus\u00e3o do neg\u00f3cio precisa do aval do <strong>Conselho Administrativo de Defesa Econ\u00f4mica (Cade)<\/strong> e da <strong>Ag\u00eancia de Transporte do estado de S\u00e3o Paulo (Artesp)<\/strong>.<\/p>\n<p><a href=\"https:\/\/www.suno.com.br\/noticias\/odebrecht-pagara-r-1619-milhoes-para-eletrobras-apos-acordo-de-leniencia\/\">Saiba mais: Odebrecht pagar\u00e1 R$ 161,9 milh\u00f5es para Eletrobras ap\u00f3s acordo de leni\u00eancia<\/a><\/p>\n<p>A <strong>Concession\u00e1ria Rota das Bandeiras<\/strong> \u00e9 respons\u00e1vel pela administra\u00e7\u00e3o de 297 quil\u00f4metros de rodovias do <strong>Corredor Dom Pedro<\/strong>, no interior de S\u00e3o Paulo.<\/p>\n<p>Al\u00e9m disso, a <strong>Odebrecht<\/strong> informa em nota que o processo de venda ser\u00e1 conclu\u00eddo depois que os termos assinados pelo <strong>Fundo de Investimentos SCP<\/strong> 1335 se concretizarem.<\/p>\n<p>No entanto, a empresa n\u00e3o confirmou os valores da transa\u00e7\u00e3o.<\/p>\n<h2>Artesp<\/h2>\n<p>Em nota, a ag\u00eancia destaca que j\u00e1 tinha conhecimento da venda. Por\u00e9m, a concession\u00e1ria necessita protocolar o pedido junto \u00e0 ag\u00eancia.<\/p>\n<p>&#8220;Esse \u00e9 um processo comum no \u00e2mbito das concess\u00f5es&#8221;, informa o texto. De acordo com assessoria da <strong>Artesp<\/strong>, depois que todo os tr\u00e2mites legais forem seguidos, a venda deve ser conclu\u00edda em 45 dias.<\/p>\n<h2>Corredor Dom Pedro<\/h2>\n<p>Fundada em 2009, a <strong>Rota das Bandeiras<\/strong> \u00e9 respons\u00e1vel pelas seguintes:<\/p>\n<ul>\n<li>Rodovias Dom Pedro I (SP-065)<\/li>\n<li>Zeferino Vaz (SP-332)<\/li>\n<li>Const\u00e2ncio Cintra (SP-360)<\/li>\n<li>Romildo Prado (SP-063)<\/li>\n<li>Anel Vi\u00e1rio Prefeito Jos\u00e9 Roberto Magalh\u00e3es Teixeira (SP-083)<\/li>\n<\/ul>\n<p>No mesmo ano, a concession\u00e1ria <strong>Rota da Bandeira<\/strong> assumiu a concess\u00e3o do Corredor Dom Pedro por um prazo de 30 anos. Eram previstos investimentos de R$ 3,5 bilh\u00f5es em obras de manuten\u00e7\u00e3o, recupera\u00e7\u00e3o e moderniza\u00e7\u00e3o.<\/p>\n<p>Al\u00e9m disso, o <strong>Corredor Dom Pedro<\/strong> tem import\u00e2ncia estrat\u00e9gica para o escoamento da produ\u00e7\u00e3o nacional, ligando a regi\u00e3o de Campinas com o Vale do Para\u00edba, Litoral Norte e o Circuito das Frutas.<\/p>\n<p><a href=\"https:\/\/www.suno.com.br\/noticias\/maiores-bancos-brasil-credito-sp\/\">Saiba mais: Maiores bancos do Brasil aumentar\u00e3o cr\u00e9dito em R$ 500 bi, segundo S&amp;P<\/a><\/p>\n<p>A Rota das Bandeiras, cuja a <strong>Odebrecht<\/strong> ainda mant\u00eam participa\u00e7\u00e3o, possui 17 cidades em sua \u00e1rea de concess\u00e3o:<\/p>\n<ul>\n<li>Artur Nogueira<\/li>\n<li>Atibaia<\/li>\n<li>Bom Jesus dos Perd\u00f5es<\/li>\n<li>Campinas<\/li>\n<li>Conchal<\/li>\n<li>Cosm\u00f3polis<\/li>\n<li>Engenheiro Coelho<\/li>\n<li>Igarat\u00e1<\/li>\n<li>Itatiba<\/li>\n<li>Jacarei<\/li>\n<li>Jarinu<\/li>\n<li>Jundia\u00ed<\/li>\n<li>Louveira<\/li>\n<li>Mogi Gua\u00e7u<\/li>\n<li>Nazar\u00e9 Paulista<\/li>\n<li>Paul\u00ednia<\/li>\n<li>Valinhos.<\/li>\n<\/ul>\n","protected":false},"excerpt":{"rendered":"<p>A\u00a0 Rodovias confirmou nesta quinta-feira (31) que vai vender 85% da participa\u00e7\u00e3o na Concession\u00e1ria Rota das Bandeiras. De acordo com a Odebrecht Rodovias, a conclus\u00e3o do neg\u00f3cio precisa do aval do Conselho Administrativo de Defesa Econ\u00f4mica (Cade) e da Ag\u00eancia de Transporte do estado de S\u00e3o Paulo (Artesp). Saiba mais: Odebrecht pagar\u00e1 R$ 161,9 milh\u00f5es [&hellip;]<\/p>\n","protected":false},"author":14,"featured_media":13707,"comment_status":"closed","ping_status":"closed","sticky":false,"template":"","format":"standard","meta":[],"categories":[64],"tags":[783],"suno_strategy":[],"class_list":["post-13694","post","type-post","status-publish","format-standard","has-post-thumbnail","hentry","category-negocios","tag-odebrecht"],"yoast_head":"<!-- This site is optimized with the Yoast SEO plugin v24.4 - https:\/\/yoast.com\/wordpress\/plugins\/seo\/ -->\n<title>Odebrecht Rodovias confirma venda de 85% da Rota das Bandeiras<\/title>\n<meta name=\"description\" content=\"A conclus\u00e3o do neg\u00f3cio envolvendo a Odebrecht precisa do aval do Cade e da Artesp. Os valores n\u00e3o foram revelados. Clique para saber mais.\" \/>\n<meta name=\"robots\" content=\"index, follow, max-snippet:-1, max-image-preview:large, max-video-preview:-1\" \/>\n<link rel=\"canonical\" href=\"https:\/\/www.suno.com.br\/noticias\/odebrecht-vender-rota-bandeiras\/\" \/>\n<meta property=\"og:locale\" content=\"pt_BR\" \/>\n<meta property=\"og:type\" content=\"article\" \/>\n<meta property=\"og:title\" content=\"Odebrecht Rodovias confirma venda de 85% da Rota das Bandeiras\" \/>\n<meta property=\"og:description\" content=\"A conclus\u00e3o do neg\u00f3cio envolvendo a Odebrecht precisa do aval do Cade e da Artesp. Os valores n\u00e3o foram revelados. Clique para saber mais.\" \/>\n<meta property=\"og:url\" content=\"https:\/\/www.suno.com.br\/noticias\/odebrecht-vender-rota-bandeiras\/\" \/>\n<meta property=\"og:site_name\" content=\"Suno Not\u00edcias\" \/>\n<meta property=\"article:publisher\" content=\"https:\/\/facebook.com\/sunoresearch\" \/>\n<meta property=\"og:image\" content=\"https:\/\/files.sunoresearch.com.br\/n\/uploads\/2019\/01\/fea13c25-odebrecht.jpg\" \/>\n\t<meta property=\"og:image:width\" content=\"975\" \/>\n\t<meta property=\"og:image:height\" content=\"659\" \/>\n\t<meta property=\"og:image:type\" content=\"image\/jpeg\" \/>\n<meta name=\"author\" content=\"Renan Dantas\" \/>\n<meta name=\"twitter:card\" content=\"summary_large_image\" \/>\n<meta name=\"twitter:creator\" content=\"@sunoresearch\" \/>\n<meta name=\"twitter:site\" content=\"@sunoresearch\" \/>\n<meta name=\"twitter:label1\" content=\"Escrito por\" \/>\n\t<meta name=\"twitter:data1\" content=\"Renan Dantas\" \/>\n\t<meta name=\"twitter:label2\" content=\"Est. tempo de leitura\" \/>\n\t<meta name=\"twitter:data2\" content=\"2 minutos\" \/>\n<script type=\"application\/ld+json\" class=\"yoast-schema-graph\">{\"@context\":\"https:\/\/schema.org\",\"@graph\":[{\"@type\":\"NewsArticle\",\"@id\":\"https:\/\/www.suno.com.br\/noticias\/odebrecht-vender-rota-bandeiras\/#article\",\"isPartOf\":{\"@id\":\"https:\/\/www.suno.com.br\/noticias\/odebrecht-vender-rota-bandeiras\/\"},\"author\":{\"name\":\"Renan Dantas\",\"@id\":\"https:\/\/www.suno.com.br\/noticias\/#\/schema\/person\/3f7693d5795a3f6d5ce15309ee785699\"},\"headline\":\"Odebrecht Rodovias confirma venda de 85% da Rota das Bandeiras\",\"datePublished\":\"2019-01-31T18:36:56+00:00\",\"dateModified\":\"2019-01-31T21:24:13+00:00\",\"mainEntityOfPage\":{\"@id\":\"https:\/\/www.suno.com.br\/noticias\/odebrecht-vender-rota-bandeiras\/\"},\"wordCount\":383,\"publisher\":{\"@id\":\"https:\/\/www.suno.com.br\/noticias\/#organization\"},\"image\":{\"@id\":\"https:\/\/www.suno.com.br\/noticias\/odebrecht-vender-rota-bandeiras\/#primaryimage\"},\"thumbnailUrl\":\"https:\/\/files.sunoresearch.com.br\/n\/uploads\/2019\/01\/fea13c25-odebrecht-jpg.webp\",\"keywords\":[\"Odebrecht\"],\"articleSection\":[\"Neg\u00f3cios\"],\"inLanguage\":\"pt-BR\"},{\"@type\":\"WebPage\",\"@id\":\"https:\/\/www.suno.com.br\/noticias\/odebrecht-vender-rota-bandeiras\/\",\"url\":\"https:\/\/www.suno.com.br\/noticias\/odebrecht-vender-rota-bandeiras\/\",\"name\":\"Odebrecht Rodovias confirma venda de 85% da Rota das Bandeiras\",\"isPartOf\":{\"@id\":\"https:\/\/www.suno.com.br\/noticias\/#website\"},\"primaryImageOfPage\":{\"@id\":\"https:\/\/www.suno.com.br\/noticias\/odebrecht-vender-rota-bandeiras\/#primaryimage\"},\"image\":{\"@id\":\"https:\/\/www.suno.com.br\/noticias\/odebrecht-vender-rota-bandeiras\/#primaryimage\"},\"thumbnailUrl\":\"https:\/\/files.sunoresearch.com.br\/n\/uploads\/2019\/01\/fea13c25-odebrecht-jpg.webp\",\"datePublished\":\"2019-01-31T18:36:56+00:00\",\"dateModified\":\"2019-01-31T21:24:13+00:00\",\"description\":\"A conclus\u00e3o do neg\u00f3cio envolvendo a Odebrecht precisa do aval do Cade e da Artesp. Os valores n\u00e3o foram revelados. Clique para saber mais.\",\"breadcrumb\":{\"@id\":\"https:\/\/www.suno.com.br\/noticias\/odebrecht-vender-rota-bandeiras\/#breadcrumb\"},\"inLanguage\":\"pt-BR\",\"potentialAction\":[{\"@type\":\"ReadAction\",\"target\":[\"https:\/\/www.suno.com.br\/noticias\/odebrecht-vender-rota-bandeiras\/\"]}]},{\"@type\":\"ImageObject\",\"inLanguage\":\"pt-BR\",\"@id\":\"https:\/\/www.suno.com.br\/noticias\/odebrecht-vender-rota-bandeiras\/#primaryimage\",\"url\":\"https:\/\/files.sunoresearch.com.br\/n\/uploads\/2019\/01\/fea13c25-odebrecht-jpg.webp\",\"contentUrl\":\"https:\/\/files.sunoresearch.com.br\/n\/uploads\/2019\/01\/fea13c25-odebrecht-jpg.webp\",\"width\":975,\"height\":659},{\"@type\":\"BreadcrumbList\",\"@id\":\"https:\/\/www.suno.com.br\/noticias\/odebrecht-vender-rota-bandeiras\/#breadcrumb\",\"itemListElement\":[{\"@type\":\"ListItem\",\"position\":1,\"name\":\"Not\u00edcias\",\"item\":\"https:\/\/www.suno.com.br\/noticias\/\"},{\"@type\":\"ListItem\",\"position\":2,\"name\":\"Neg\u00f3cios\",\"item\":\"https:\/\/www.suno.com.br\/noticias\/negocios\/\"},{\"@type\":\"ListItem\",\"position\":3,\"name\":\"Odebrecht Rodovias confirma venda de 85% da Rota das Bandeiras\"}]},{\"@type\":\"WebSite\",\"@id\":\"https:\/\/www.suno.com.br\/noticias\/#website\",\"url\":\"https:\/\/www.suno.com.br\/noticias\/\",\"name\":\"Suno Not\u00edcias\",\"description\":\"Seu portal de informa\u00e7\u00e3o sobre o mundo dos investimentos\",\"publisher\":{\"@id\":\"https:\/\/www.suno.com.br\/noticias\/#organization\"},\"potentialAction\":[{\"@type\":\"SearchAction\",\"target\":{\"@type\":\"EntryPoint\",\"urlTemplate\":\"https:\/\/www.suno.com.br\/noticias\/?s={search_term_string}\"},\"query-input\":{\"@type\":\"PropertyValueSpecification\",\"valueRequired\":true,\"valueName\":\"search_term_string\"}}],\"inLanguage\":\"pt-BR\"},{\"@type\":\"Organization\",\"@id\":\"https:\/\/www.suno.com.br\/noticias\/#organization\",\"name\":\"Suno Not\u00edcias\",\"url\":\"https:\/\/www.suno.com.br\/noticias\/\",\"logo\":{\"@type\":\"ImageObject\",\"inLanguage\":\"pt-BR\",\"@id\":\"https:\/\/www.suno.com.br\/noticias\/#\/schema\/logo\/image\/\",\"url\":\"https:\/\/files.sunoresearch.com.br\/n\/uploads\/2021\/09\/suno-logo.png\",\"contentUrl\":\"https:\/\/files.sunoresearch.com.br\/n\/uploads\/2021\/09\/suno-logo.png\",\"width\":180,\"height\":180,\"caption\":\"Suno Not\u00edcias\"},\"image\":{\"@id\":\"https:\/\/www.suno.com.br\/noticias\/#\/schema\/logo\/image\/\"},\"sameAs\":[\"https:\/\/facebook.com\/sunoresearch\",\"https:\/\/x.com\/sunoresearch\",\"https:\/\/www.instagram.com\/suno\",\"https:\/\/www.linkedin.com\/company\/suno-research\/\",\"https:\/\/www.youtube.com\/c\/sunoresearch\"]},{\"@type\":\"Person\",\"@id\":\"https:\/\/www.suno.com.br\/noticias\/#\/schema\/person\/3f7693d5795a3f6d5ce15309ee785699\",\"name\":\"Renan Dantas\",\"image\":{\"@type\":\"ImageObject\",\"inLanguage\":\"pt-BR\",\"@id\":\"https:\/\/www.suno.com.br\/noticias\/#\/schema\/person\/image\/\",\"url\":\"https:\/\/secure.gravatar.com\/avatar\/1787b83e7484a08e51d62ac8b41c8396?s=96&r=g\",\"contentUrl\":\"https:\/\/secure.gravatar.com\/avatar\/1787b83e7484a08e51d62ac8b41c8396?s=96&r=g\",\"caption\":\"Renan Dantas\"},\"description\":\"Escreve sobre pol\u00edtica e mercado financeiro para o portal Suno Not\u00edcias. Antes, atuou na assessoria de comunica\u00e7\u00e3o do Minist\u00e9rio P\u00fablico do Trabalho e na R\u00e1dio Mackenzie, onde apresentava e produzia um programa sobre artistas da m\u00fasica brasileira. \u00c9 estudante na Universidade Presbiteriana Mackenzie.\",\"url\":\"https:\/\/www.suno.com.br\/noticias\/author\/renan-dantas\/\"}]}<\/script>\n<!-- \/ Yoast SEO plugin. -->","yoast_head_json":{"title":"Odebrecht Rodovias confirma venda de 85% da Rota das Bandeiras","description":"A conclus\u00e3o do neg\u00f3cio envolvendo a Odebrecht precisa do aval do Cade e da Artesp. Os valores n\u00e3o foram revelados. Clique para saber mais.","robots":{"index":"index","follow":"follow","max-snippet":"max-snippet:-1","max-image-preview":"max-image-preview:large","max-video-preview":"max-video-preview:-1"},"canonical":"https:\/\/www.suno.com.br\/noticias\/odebrecht-vender-rota-bandeiras\/","og_locale":"pt_BR","og_type":"article","og_title":"Odebrecht Rodovias confirma venda de 85% da Rota das Bandeiras","og_description":"A conclus\u00e3o do neg\u00f3cio envolvendo a Odebrecht precisa do aval do Cade e da Artesp. Os valores n\u00e3o foram revelados. Clique para saber mais.","og_url":"https:\/\/www.suno.com.br\/noticias\/odebrecht-vender-rota-bandeiras\/","og_site_name":"Suno Not\u00edcias","article_publisher":"https:\/\/facebook.com\/sunoresearch","og_image":[{"width":975,"height":659,"url":"https:\/\/files.sunoresearch.com.br\/n\/uploads\/2019\/01\/fea13c25-odebrecht.jpg","type":"image\/jpeg"}],"author":"Renan Dantas","twitter_card":"summary_large_image","twitter_creator":"@sunoresearch","twitter_site":"@sunoresearch","twitter_misc":{"Escrito por":"Renan Dantas","Est. tempo de leitura":"2 minutos"},"schema":{"@context":"https:\/\/schema.org","@graph":[{"@type":"NewsArticle","@id":"https:\/\/www.suno.com.br\/noticias\/odebrecht-vender-rota-bandeiras\/#article","isPartOf":{"@id":"https:\/\/www.suno.com.br\/noticias\/odebrecht-vender-rota-bandeiras\/"},"author":{"name":"Renan Dantas","@id":"https:\/\/www.suno.com.br\/noticias\/#\/schema\/person\/3f7693d5795a3f6d5ce15309ee785699"},"headline":"Odebrecht Rodovias confirma venda de 85% da Rota das Bandeiras","datePublished":"2019-01-31T18:36:56+00:00","dateModified":"2019-01-31T21:24:13+00:00","mainEntityOfPage":{"@id":"https:\/\/www.suno.com.br\/noticias\/odebrecht-vender-rota-bandeiras\/"},"wordCount":383,"publisher":{"@id":"https:\/\/www.suno.com.br\/noticias\/#organization"},"image":{"@id":"https:\/\/www.suno.com.br\/noticias\/odebrecht-vender-rota-bandeiras\/#primaryimage"},"thumbnailUrl":"https:\/\/files.sunoresearch.com.br\/n\/uploads\/2019\/01\/fea13c25-odebrecht-jpg.webp","keywords":["Odebrecht"],"articleSection":["Neg\u00f3cios"],"inLanguage":"pt-BR"},{"@type":"WebPage","@id":"https:\/\/www.suno.com.br\/noticias\/odebrecht-vender-rota-bandeiras\/","url":"https:\/\/www.suno.com.br\/noticias\/odebrecht-vender-rota-bandeiras\/","name":"Odebrecht Rodovias confirma venda de 85% da Rota das Bandeiras","isPartOf":{"@id":"https:\/\/www.suno.com.br\/noticias\/#website"},"primaryImageOfPage":{"@id":"https:\/\/www.suno.com.br\/noticias\/odebrecht-vender-rota-bandeiras\/#primaryimage"},"image":{"@id":"https:\/\/www.suno.com.br\/noticias\/odebrecht-vender-rota-bandeiras\/#primaryimage"},"thumbnailUrl":"https:\/\/files.sunoresearch.com.br\/n\/uploads\/2019\/01\/fea13c25-odebrecht-jpg.webp","datePublished":"2019-01-31T18:36:56+00:00","dateModified":"2019-01-31T21:24:13+00:00","description":"A conclus\u00e3o do neg\u00f3cio envolvendo a Odebrecht precisa do aval do Cade e da Artesp. Os valores n\u00e3o foram revelados. Clique para saber mais.","breadcrumb":{"@id":"https:\/\/www.suno.com.br\/noticias\/odebrecht-vender-rota-bandeiras\/#breadcrumb"},"inLanguage":"pt-BR","potentialAction":[{"@type":"ReadAction","target":["https:\/\/www.suno.com.br\/noticias\/odebrecht-vender-rota-bandeiras\/"]}]},{"@type":"ImageObject","inLanguage":"pt-BR","@id":"https:\/\/www.suno.com.br\/noticias\/odebrecht-vender-rota-bandeiras\/#primaryimage","url":"https:\/\/files.sunoresearch.com.br\/n\/uploads\/2019\/01\/fea13c25-odebrecht-jpg.webp","contentUrl":"https:\/\/files.sunoresearch.com.br\/n\/uploads\/2019\/01\/fea13c25-odebrecht-jpg.webp","width":975,"height":659},{"@type":"BreadcrumbList","@id":"https:\/\/www.suno.com.br\/noticias\/odebrecht-vender-rota-bandeiras\/#breadcrumb","itemListElement":[{"@type":"ListItem","position":1,"name":"Not\u00edcias","item":"https:\/\/www.suno.com.br\/noticias\/"},{"@type":"ListItem","position":2,"name":"Neg\u00f3cios","item":"https:\/\/www.suno.com.br\/noticias\/negocios\/"},{"@type":"ListItem","position":3,"name":"Odebrecht Rodovias confirma venda de 85% da Rota das Bandeiras"}]},{"@type":"WebSite","@id":"https:\/\/www.suno.com.br\/noticias\/#website","url":"https:\/\/www.suno.com.br\/noticias\/","name":"Suno Not\u00edcias","description":"Seu portal de informa\u00e7\u00e3o sobre o mundo dos investimentos","publisher":{"@id":"https:\/\/www.suno.com.br\/noticias\/#organization"},"potentialAction":[{"@type":"SearchAction","target":{"@type":"EntryPoint","urlTemplate":"https:\/\/www.suno.com.br\/noticias\/?s={search_term_string}"},"query-input":{"@type":"PropertyValueSpecification","valueRequired":true,"valueName":"search_term_string"}}],"inLanguage":"pt-BR"},{"@type":"Organization","@id":"https:\/\/www.suno.com.br\/noticias\/#organization","name":"Suno Not\u00edcias","url":"https:\/\/www.suno.com.br\/noticias\/","logo":{"@type":"ImageObject","inLanguage":"pt-BR","@id":"https:\/\/www.suno.com.br\/noticias\/#\/schema\/logo\/image\/","url":"https:\/\/files.sunoresearch.com.br\/n\/uploads\/2021\/09\/suno-logo.png","contentUrl":"https:\/\/files.sunoresearch.com.br\/n\/uploads\/2021\/09\/suno-logo.png","width":180,"height":180,"caption":"Suno Not\u00edcias"},"image":{"@id":"https:\/\/www.suno.com.br\/noticias\/#\/schema\/logo\/image\/"},"sameAs":["https:\/\/facebook.com\/sunoresearch","https:\/\/x.com\/sunoresearch","https:\/\/www.instagram.com\/suno","https:\/\/www.linkedin.com\/company\/suno-research\/","https:\/\/www.youtube.com\/c\/sunoresearch"]},{"@type":"Person","@id":"https:\/\/www.suno.com.br\/noticias\/#\/schema\/person\/3f7693d5795a3f6d5ce15309ee785699","name":"Renan Dantas","image":{"@type":"ImageObject","inLanguage":"pt-BR","@id":"https:\/\/www.suno.com.br\/noticias\/#\/schema\/person\/image\/","url":"https:\/\/secure.gravatar.com\/avatar\/1787b83e7484a08e51d62ac8b41c8396?s=96&r=g","contentUrl":"https:\/\/secure.gravatar.com\/avatar\/1787b83e7484a08e51d62ac8b41c8396?s=96&r=g","caption":"Renan Dantas"},"description":"Escreve sobre pol\u00edtica e mercado financeiro para o portal Suno Not\u00edcias. Antes, atuou na assessoria de comunica\u00e7\u00e3o do Minist\u00e9rio P\u00fablico do Trabalho e na R\u00e1dio Mackenzie, onde apresentava e produzia um programa sobre artistas da m\u00fasica brasileira. \u00c9 estudante na Universidade Presbiteriana Mackenzie.","url":"https:\/\/www.suno.com.br\/noticias\/author\/renan-dantas\/"}]}},"default_loop_html":"<div class=\"cardsPage__listCard__boxs\"><div class=\"cardsPage__listCard__boxs__img\"><a href=\"https:\/\/www.suno.com.br\/noticias\/odebrecht-vender-rota-bandeiras\/\"><img class=\"mask\" src=\"https:\/\/www.suno.com.br\/noticias\/wp-content\/themes\/suno\/resources\/images\/spotlight\/spotlight1img\/bg-mask.png\" alt=\"Image Mask\"\/><img src=\"https:\/\/files.sunoresearch.com.br\/n\/uploads\/2019\/01\/fea13c25-odebrecht-400x200.webp\" alt=\"Odebrecht Rodovias confirma venda de 85% da Rota das Bandeiras\"\/><\/a><span class=\"spotlightCategory\"><a href=\"https:\/\/www.suno.com.br\/noticias\/negocios\/\">Neg\u00f3cios<\/a><\/span><\/div><div class=\"cardsPage__listCard__boxs__content\"><a href=\"https:\/\/www.suno.com.br\/noticias\/odebrecht-vender-rota-bandeiras\/\"><h2 class=\"content__title\">Odebrecht Rodovias confirma venda de 85% da Rota das Bandeiras<\/h2><\/a><div class=\"newsContent__article__meta\"><div class=\"newsContent__article__meta__authorBox\"><a href=\"https:\/\/www.suno.com.br\/noticias\/author\/renan-dantas\/\" class=\"authorBox__avatar noMobi\"><img src=\"https:\/\/secure.gravatar.com\/avatar\/1787b83e7484a08e51d62ac8b41c8396?s=96&#038;r=g\" alt=\"Renan Dantas\"><\/a><div class=\"authorBox__name\"><span>por\n\t\t\t<a href=\"https:\/\/www.suno.com.br\/noticias\/author\/renan-dantas\/\"><span itemprop=\"author\">Renan Dantas<\/span><\/a><\/span><time datetime=\"2019-01-31T16:36:56-02:00\" itemprop=\"datePublished\">31\/01\/2019 16:36<\/time><\/div><\/div><\/div><\/div><\/div>","single_layout":"posts","amp_enabled":true,"_links":{"self":[{"href":"https:\/\/www.suno.com.br\/noticias\/wp-json\/wp\/v2\/posts\/13694"}],"collection":[{"href":"https:\/\/www.suno.com.br\/noticias\/wp-json\/wp\/v2\/posts"}],"about":[{"href":"https:\/\/www.suno.com.br\/noticias\/wp-json\/wp\/v2\/types\/post"}],"author":[{"embeddable":true,"href":"https:\/\/www.suno.com.br\/noticias\/wp-json\/wp\/v2\/users\/14"}],"replies":[{"embeddable":true,"href":"https:\/\/www.suno.com.br\/noticias\/wp-json\/wp\/v2\/comments?post=13694"}],"version-history":[{"count":0,"href":"https:\/\/www.suno.com.br\/noticias\/wp-json\/wp\/v2\/posts\/13694\/revisions"}],"wp:featuredmedia":[{"embeddable":true,"href":"https:\/\/www.suno.com.br\/noticias\/wp-json\/wp\/v2\/media\/13707"}],"wp:attachment":[{"href":"https:\/\/www.suno.com.br\/noticias\/wp-json\/wp\/v2\/media?parent=13694"}],"wp:term":[{"taxonomy":"category","embeddable":true,"href":"https:\/\/www.suno.com.br\/noticias\/wp-json\/wp\/v2\/categories?post=13694"},{"taxonomy":"post_tag","embeddable":true,"href":"https:\/\/www.suno.com.br\/noticias\/wp-json\/wp\/v2\/tags?post=13694"},{"taxonomy":"suno_strategy","embeddable":true,"href":"https:\/\/www.suno.com.br\/noticias\/wp-json\/wp\/v2\/suno_strategy?post=13694"}],"curies":[{"name":"wp","href":"https:\/\/api.w.org\/{rel}","templated":true}]}}