{"id":13690,"date":"2019-01-31T15:58:35","date_gmt":"2019-01-31T17:58:35","guid":{"rendered":"https:\/\/www.suno.com.br\/noticias\/?p=13690"},"modified":"2019-01-31T15:58:35","modified_gmt":"2019-01-31T17:58:35","slug":"vale-800-milhoes-bloqueados-justica-trabalho","status":"publish","type":"post","link":"https:\/\/www.suno.com.br\/noticias\/vale-800-milhoes-bloqueados-justica-trabalho\/","title":{"rendered":"Vale tem R$ 800 milh\u00f5es bloqueados pela Justi\u00e7a do Trabalho"},"content":{"rendered":"<p>A mineradora Vale teve mais de R$ 800 milh\u00f5es bloqueados pela Justi\u00e7a do Trabalho de Minas Gerais, a pedido do Minist\u00e9rio P\u00fablico do Trabalho (MPT).<\/p>\t<div class=\"wrapper-featured-image\">\n\t\t<figure class=\"spotlightImg\">\n\n\t\t\t<picture>\n\t\t\t\t<source media=\"(max-width: 768px)\" srcset=\"https:\/\/files.sunoresearch.com.br\/n\/uploads\/2019\/01\/c16184b1-vale-400x200.webp\">\n\t\t\t\t<img loading=\"lazy\" decoding=\"async\" class=\"newsContent__article__imgCapa lazyloadDisabled newsContent__article__imgCapa--noCaption\" src=\"https:\/\/files.sunoresearch.com.br\/n\/uploads\/2019\/01\/c16184b1-vale-800x450.webp\" width=\"800\" height=\"450\" alt=\"Vale tem R$ 800 milh\u00f5es bloqueados pela Justi\u00e7a do Trabalho\" fetchpriority=high \/>\n\t\t\t<\/picture>\n\n\t\t\t<figcaption class=\"wp-caption-text wp-caption-text--hide\">\u00c1rea afetada pelo rompimento da barragem da Vale em Brumadinho. (divulga\u00e7\u00e3o)<\/figcaption>\n\t\t<\/figure>\n\t<\/div>\n\n\n<p>Desta forma, com a decis\u00e3o da \u00faltima quarta-feira (30) que foi divulgada na manh\u00e3 desta quinta-feira (31), a <strong>Vale<\/strong> soma mais de R$ 12 bilh\u00f5es em <strong>recursos bloqueados<\/strong>.<\/p>\n<p>De acordo com a decis\u00e3o, o bloqueio de recursos foi feito como uma garantia de pagamento das indeniza\u00e7\u00f5es trabalhistas referente ao <strong>acidente de Brumadinho (MG)<\/strong>.<\/p>\n<p>No entanto, j\u00e1 haviam sido bloqueados outros R$ 800 milh\u00f5es das contas da Vale. Al\u00e9m disso, o pedido tamb\u00e9m foi feito pela\u00a0<strong>Justi\u00e7a do Trabalho<\/strong> a pedido do <strong>Minist\u00e9rio P\u00fablico do Trabalho<\/strong>.<\/p>\n<p><a href=\"https:\/\/www.suno.com.br\/noticias\/escritorio-entra-acao-vale\/\">Saiba mais:\u00a0Escrit\u00f3rio americano entra com a\u00e7\u00e3o contra a Vale<\/a><\/p>\n<p><a href=\"https:\/\/www.suno.com.br\/noticias\/hidreletrica-suspende-operacoes-desastre-vale\/\">Saiba mais:\u00a0Hidrel\u00e9trica de Retiro Baixo suspende opera\u00e7\u00f5es ap\u00f3s desastre da Vale<\/a><\/p>\n<p>A trag\u00e9dia que aconteceu ap\u00f3s o rompimento da barragem de rejeitos da Vale, pode chegar a cerca de 350 trabalhadores mortos. De acordo com a procurada-chefe do MTP, Adriana Augusta Souza, as a\u00e7\u00f5es da Justi\u00e7a do Trabalho s\u00e3o formas de proteger os trabalhadores e suas fam\u00edlias.<\/p>\n<p>\u201cAs a\u00e7\u00f5es coletivas s\u00e3o o caminho mais curto para a prote\u00e7\u00e3o de trabalhadores e fam\u00edlias de v\u00edtimas, por meio delas, uma \u00fanica decis\u00e3o beneficia todo o grupo de trabalhadores afetados&#8221;, afirmou a procuradora-chefe.<\/p>\n<p>Conforme Adriana Augusta &#8220;essa resposta r\u00e1pida da Justi\u00e7a do Trabalho de Minas Gerais aos pedidos apresentados do <strong>MPT<\/strong>, com certeza, \u00e9 decisiva para alcan\u00e7armos a celeridade que as a\u00e7\u00f5es de socorro \u00e0s v\u00edtimas da trag\u00e9dia demandam&#8221;.<\/p>\n<h2>Acidente Brumadinho (MG)<\/h2>\n<p>O rompimento da barragem da Vale em <strong>Brumadinho<\/strong>, Minas Gerais, aconteceu na \u00faltima sexta-feira (25).<\/p>\n<p>Desta forma, um &#8220;mar de lama&#8221; se formou destruindo toda a cidade, deixando at\u00e9 o momento:<\/p>\n<ul>\n<li><strong>Mortos: 99 (desses 57 foram identificados);<\/strong><\/li>\n<li><strong>Desaparecidos: 257;<\/strong><\/li>\n<li><strong>Desalojados: 176;<\/strong><\/li>\n<li><strong>Pessoas localizadas: 395.<\/strong><\/li>\n<\/ul>\n<h2>Recursos bloqueados da Vale<\/h2>\n<p>Al\u00e9m disso, antes da decis\u00e3o tomada pela Justi\u00e7a do Trabalho nesta semana, a <strong>mineradora<\/strong> j\u00e1 possu\u00eda R$ 11,8 bilh\u00f5es bloqueados. Todavia, o objetivo \u00e9 garantir a recupera\u00e7\u00e3o dos danos causados pelo rompimento da barragem de rejeitos.<\/p>\n<p><a href=\"https:\/\/www.suno.com.br\/noticias\/concorrente-vale-sobe-ny\/\">Saiba mais:\u00a0Concorrente sobe mais de 17% em NY com corte de produ\u00e7\u00e3o da Vale<\/a><\/p>\n<p>No entanto, al\u00e9m dos <strong>recursos bloqueados<\/strong>, a <strong>Vale<\/strong> foi multada em um valor aproximado de R$350 milh\u00f5es pelo <strong>Ibama<\/strong>, <strong>governo<\/strong> de Minas Gerais e a Universidade Federal de <strong>Minas Gerais<\/strong>, por conta do desastre.<\/p>\n","protected":false},"excerpt":{"rendered":"<p>A mineradora Vale teve mais de R$ 800 milh\u00f5es bloqueados pela Justi\u00e7a do Trabalho de Minas Gerais, a pedido do Minist\u00e9rio P\u00fablico do Trabalho (MPT). \u00c1rea afetada pelo rompimento da barragem da Vale em Brumadinho. (divulga\u00e7\u00e3o) Desta forma, com a decis\u00e3o da \u00faltima quarta-feira (30) que foi divulgada na manh\u00e3 desta quinta-feira (31), a Vale [&hellip;]<\/p>\n","protected":false},"author":11,"featured_media":13697,"comment_status":"closed","ping_status":"closed","sticky":false,"template":"","format":"standard","meta":[],"categories":[61],"tags":[676],"suno_strategy":[],"class_list":["post-13690","post","type-post","status-publish","format-standard","has-post-thumbnail","hentry","category-politica","tag-vale-vale3"],"yoast_head":"<!-- This site is optimized with the Yoast SEO plugin v24.4 - https:\/\/yoast.com\/wordpress\/plugins\/seo\/ -->\n<title>Vale tem R$ 800 milh\u00f5es bloqueados pela Justi\u00e7a do Trabalho<\/title>\n<meta name=\"description\" content=\"Vale foi multada em R$ 350 mi pelo Ibama, governo de Minas Gerais e UFMG; Empresa soma R$ 12 bi bloqueados. Clique para saber mais.\" \/>\n<meta name=\"robots\" content=\"index, follow, max-snippet:-1, max-image-preview:large, max-video-preview:-1\" \/>\n<link rel=\"canonical\" href=\"https:\/\/www.suno.com.br\/noticias\/vale-800-milhoes-bloqueados-justica-trabalho\/\" \/>\n<meta property=\"og:locale\" content=\"pt_BR\" \/>\n<meta property=\"og:type\" content=\"article\" \/>\n<meta property=\"og:title\" content=\"Vale tem R$ 800 milh\u00f5es bloqueados pela Justi\u00e7a do Trabalho\" \/>\n<meta property=\"og:description\" content=\"Vale foi multada em R$ 350 mi pelo Ibama, governo de Minas Gerais e UFMG; Empresa soma R$ 12 bi bloqueados. Clique para saber mais.\" \/>\n<meta property=\"og:url\" content=\"https:\/\/www.suno.com.br\/noticias\/vale-800-milhoes-bloqueados-justica-trabalho\/\" \/>\n<meta property=\"og:site_name\" content=\"Suno Not\u00edcias\" \/>\n<meta property=\"article:publisher\" content=\"https:\/\/facebook.com\/sunoresearch\" \/>\n<meta property=\"og:image\" content=\"https:\/\/files.sunoresearch.com.br\/n\/uploads\/2019\/01\/c16184b1-vale.jpg\" \/>\n\t<meta property=\"og:image:width\" content=\"1140\" \/>\n\t<meta property=\"og:image:height\" content=\"760\" \/>\n\t<meta property=\"og:image:type\" content=\"image\/jpeg\" \/>\n<meta name=\"author\" content=\"Renan Bandeira\" \/>\n<meta name=\"twitter:card\" content=\"summary_large_image\" \/>\n<meta name=\"twitter:creator\" content=\"@sunoresearch\" \/>\n<meta name=\"twitter:site\" content=\"@sunoresearch\" \/>\n<meta name=\"twitter:label1\" content=\"Escrito por\" \/>\n\t<meta name=\"twitter:data1\" content=\"Renan Bandeira\" \/>\n\t<meta name=\"twitter:label2\" content=\"Est. tempo de leitura\" \/>\n\t<meta name=\"twitter:data2\" content=\"2 minutos\" \/>\n<script type=\"application\/ld+json\" class=\"yoast-schema-graph\">{\"@context\":\"https:\/\/schema.org\",\"@graph\":[{\"@type\":\"NewsArticle\",\"@id\":\"https:\/\/www.suno.com.br\/noticias\/vale-800-milhoes-bloqueados-justica-trabalho\/#article\",\"isPartOf\":{\"@id\":\"https:\/\/www.suno.com.br\/noticias\/vale-800-milhoes-bloqueados-justica-trabalho\/\"},\"author\":{\"name\":\"Renan Bandeira\",\"@id\":\"https:\/\/www.suno.com.br\/noticias\/#\/schema\/person\/fc144a1c6108bd1dcd43784e88a3c138\"},\"headline\":\"Vale tem R$ 800 milh\u00f5es bloqueados pela Justi\u00e7a do Trabalho\",\"datePublished\":\"2019-01-31T17:58:35+00:00\",\"mainEntityOfPage\":{\"@id\":\"https:\/\/www.suno.com.br\/noticias\/vale-800-milhoes-bloqueados-justica-trabalho\/\"},\"wordCount\":424,\"publisher\":{\"@id\":\"https:\/\/www.suno.com.br\/noticias\/#organization\"},\"image\":{\"@id\":\"https:\/\/www.suno.com.br\/noticias\/vale-800-milhoes-bloqueados-justica-trabalho\/#primaryimage\"},\"thumbnailUrl\":\"https:\/\/files.sunoresearch.com.br\/n\/uploads\/2019\/01\/c16184b1-vale.jpg\",\"keywords\":[\"Vale (VALE3)\"],\"articleSection\":[\"Pol\u00edtica\"],\"inLanguage\":\"pt-BR\"},{\"@type\":\"WebPage\",\"@id\":\"https:\/\/www.suno.com.br\/noticias\/vale-800-milhoes-bloqueados-justica-trabalho\/\",\"url\":\"https:\/\/www.suno.com.br\/noticias\/vale-800-milhoes-bloqueados-justica-trabalho\/\",\"name\":\"Vale tem R$ 800 milh\u00f5es bloqueados pela Justi\u00e7a do Trabalho\",\"isPartOf\":{\"@id\":\"https:\/\/www.suno.com.br\/noticias\/#website\"},\"primaryImageOfPage\":{\"@id\":\"https:\/\/www.suno.com.br\/noticias\/vale-800-milhoes-bloqueados-justica-trabalho\/#primaryimage\"},\"image\":{\"@id\":\"https:\/\/www.suno.com.br\/noticias\/vale-800-milhoes-bloqueados-justica-trabalho\/#primaryimage\"},\"thumbnailUrl\":\"https:\/\/files.sunoresearch.com.br\/n\/uploads\/2019\/01\/c16184b1-vale.jpg\",\"datePublished\":\"2019-01-31T17:58:35+00:00\",\"description\":\"Vale foi multada em R$ 350 mi pelo Ibama, governo de Minas Gerais e UFMG; Empresa soma R$ 12 bi bloqueados. Clique para saber mais.\",\"breadcrumb\":{\"@id\":\"https:\/\/www.suno.com.br\/noticias\/vale-800-milhoes-bloqueados-justica-trabalho\/#breadcrumb\"},\"inLanguage\":\"pt-BR\",\"potentialAction\":[{\"@type\":\"ReadAction\",\"target\":[\"https:\/\/www.suno.com.br\/noticias\/vale-800-milhoes-bloqueados-justica-trabalho\/\"]}]},{\"@type\":\"ImageObject\",\"inLanguage\":\"pt-BR\",\"@id\":\"https:\/\/www.suno.com.br\/noticias\/vale-800-milhoes-bloqueados-justica-trabalho\/#primaryimage\",\"url\":\"https:\/\/files.sunoresearch.com.br\/n\/uploads\/2019\/01\/c16184b1-vale.jpg\",\"contentUrl\":\"https:\/\/files.sunoresearch.com.br\/n\/uploads\/2019\/01\/c16184b1-vale.jpg\",\"width\":1140,\"height\":760,\"caption\":\"\u00c1rea afetada pelo rompimento da barragem da Vale em Brumadinho. (divulga\u00e7\u00e3o)\"},{\"@type\":\"BreadcrumbList\",\"@id\":\"https:\/\/www.suno.com.br\/noticias\/vale-800-milhoes-bloqueados-justica-trabalho\/#breadcrumb\",\"itemListElement\":[{\"@type\":\"ListItem\",\"position\":1,\"name\":\"Not\u00edcias\",\"item\":\"https:\/\/www.suno.com.br\/noticias\/\"},{\"@type\":\"ListItem\",\"position\":2,\"name\":\"Pol\u00edtica\",\"item\":\"https:\/\/www.suno.com.br\/noticias\/politica\/\"},{\"@type\":\"ListItem\",\"position\":3,\"name\":\"Vale tem R$ 800 milh\u00f5es bloqueados pela Justi\u00e7a do Trabalho\"}]},{\"@type\":\"WebSite\",\"@id\":\"https:\/\/www.suno.com.br\/noticias\/#website\",\"url\":\"https:\/\/www.suno.com.br\/noticias\/\",\"name\":\"Suno Not\u00edcias\",\"description\":\"Seu portal de informa\u00e7\u00e3o sobre o mundo dos investimentos\",\"publisher\":{\"@id\":\"https:\/\/www.suno.com.br\/noticias\/#organization\"},\"potentialAction\":[{\"@type\":\"SearchAction\",\"target\":{\"@type\":\"EntryPoint\",\"urlTemplate\":\"https:\/\/www.suno.com.br\/noticias\/?s={search_term_string}\"},\"query-input\":{\"@type\":\"PropertyValueSpecification\",\"valueRequired\":true,\"valueName\":\"search_term_string\"}}],\"inLanguage\":\"pt-BR\"},{\"@type\":\"Organization\",\"@id\":\"https:\/\/www.suno.com.br\/noticias\/#organization\",\"name\":\"Suno Not\u00edcias\",\"url\":\"https:\/\/www.suno.com.br\/noticias\/\",\"logo\":{\"@type\":\"ImageObject\",\"inLanguage\":\"pt-BR\",\"@id\":\"https:\/\/www.suno.com.br\/noticias\/#\/schema\/logo\/image\/\",\"url\":\"https:\/\/files.sunoresearch.com.br\/n\/uploads\/2021\/09\/suno-logo.png\",\"contentUrl\":\"https:\/\/files.sunoresearch.com.br\/n\/uploads\/2021\/09\/suno-logo.png\",\"width\":180,\"height\":180,\"caption\":\"Suno Not\u00edcias\"},\"image\":{\"@id\":\"https:\/\/www.suno.com.br\/noticias\/#\/schema\/logo\/image\/\"},\"sameAs\":[\"https:\/\/facebook.com\/sunoresearch\",\"https:\/\/x.com\/sunoresearch\",\"https:\/\/www.instagram.com\/suno\",\"https:\/\/www.linkedin.com\/company\/suno-research\/\",\"https:\/\/www.youtube.com\/c\/sunoresearch\"]},{\"@type\":\"Person\",\"@id\":\"https:\/\/www.suno.com.br\/noticias\/#\/schema\/person\/fc144a1c6108bd1dcd43784e88a3c138\",\"name\":\"Renan Bandeira\",\"image\":{\"@type\":\"ImageObject\",\"inLanguage\":\"pt-BR\",\"@id\":\"https:\/\/www.suno.com.br\/noticias\/#\/schema\/person\/image\/\",\"url\":\"https:\/\/secure.gravatar.com\/avatar\/68359cdb608f14f11bbefcb78f3fc747?s=96&r=g\",\"contentUrl\":\"https:\/\/secure.gravatar.com\/avatar\/68359cdb608f14f11bbefcb78f3fc747?s=96&r=g\",\"caption\":\"Renan Bandeira\"},\"description\":\"Renan Bandeira escreve sobre pol\u00edtica e economia para o portal da Suno Research. Antes da Suno, trabalhou em uma rede de televis\u00e3o, onde fazia reportagens sobre os mesmos temas. Estuda na Universidade Metodista de S\u00e3o Paulo.\",\"url\":\"https:\/\/www.suno.com.br\/noticias\/author\/renan-bandeira\/\"}]}<\/script>\n<!-- \/ Yoast SEO plugin. -->","yoast_head_json":{"title":"Vale tem R$ 800 milh\u00f5es bloqueados pela Justi\u00e7a do Trabalho","description":"Vale foi multada em R$ 350 mi pelo Ibama, governo de Minas Gerais e UFMG; Empresa soma R$ 12 bi bloqueados. Clique para saber mais.","robots":{"index":"index","follow":"follow","max-snippet":"max-snippet:-1","max-image-preview":"max-image-preview:large","max-video-preview":"max-video-preview:-1"},"canonical":"https:\/\/www.suno.com.br\/noticias\/vale-800-milhoes-bloqueados-justica-trabalho\/","og_locale":"pt_BR","og_type":"article","og_title":"Vale tem R$ 800 milh\u00f5es bloqueados pela Justi\u00e7a do Trabalho","og_description":"Vale foi multada em R$ 350 mi pelo Ibama, governo de Minas Gerais e UFMG; Empresa soma R$ 12 bi bloqueados. Clique para saber mais.","og_url":"https:\/\/www.suno.com.br\/noticias\/vale-800-milhoes-bloqueados-justica-trabalho\/","og_site_name":"Suno Not\u00edcias","article_publisher":"https:\/\/facebook.com\/sunoresearch","og_image":[{"width":1140,"height":760,"url":"https:\/\/files.sunoresearch.com.br\/n\/uploads\/2019\/01\/c16184b1-vale.jpg","type":"image\/jpeg"}],"author":"Renan Bandeira","twitter_card":"summary_large_image","twitter_creator":"@sunoresearch","twitter_site":"@sunoresearch","twitter_misc":{"Escrito por":"Renan Bandeira","Est. tempo de leitura":"2 minutos"},"schema":{"@context":"https:\/\/schema.org","@graph":[{"@type":"NewsArticle","@id":"https:\/\/www.suno.com.br\/noticias\/vale-800-milhoes-bloqueados-justica-trabalho\/#article","isPartOf":{"@id":"https:\/\/www.suno.com.br\/noticias\/vale-800-milhoes-bloqueados-justica-trabalho\/"},"author":{"name":"Renan Bandeira","@id":"https:\/\/www.suno.com.br\/noticias\/#\/schema\/person\/fc144a1c6108bd1dcd43784e88a3c138"},"headline":"Vale tem R$ 800 milh\u00f5es bloqueados pela Justi\u00e7a do Trabalho","datePublished":"2019-01-31T17:58:35+00:00","mainEntityOfPage":{"@id":"https:\/\/www.suno.com.br\/noticias\/vale-800-milhoes-bloqueados-justica-trabalho\/"},"wordCount":424,"publisher":{"@id":"https:\/\/www.suno.com.br\/noticias\/#organization"},"image":{"@id":"https:\/\/www.suno.com.br\/noticias\/vale-800-milhoes-bloqueados-justica-trabalho\/#primaryimage"},"thumbnailUrl":"https:\/\/files.sunoresearch.com.br\/n\/uploads\/2019\/01\/c16184b1-vale.jpg","keywords":["Vale (VALE3)"],"articleSection":["Pol\u00edtica"],"inLanguage":"pt-BR"},{"@type":"WebPage","@id":"https:\/\/www.suno.com.br\/noticias\/vale-800-milhoes-bloqueados-justica-trabalho\/","url":"https:\/\/www.suno.com.br\/noticias\/vale-800-milhoes-bloqueados-justica-trabalho\/","name":"Vale tem R$ 800 milh\u00f5es bloqueados pela Justi\u00e7a do Trabalho","isPartOf":{"@id":"https:\/\/www.suno.com.br\/noticias\/#website"},"primaryImageOfPage":{"@id":"https:\/\/www.suno.com.br\/noticias\/vale-800-milhoes-bloqueados-justica-trabalho\/#primaryimage"},"image":{"@id":"https:\/\/www.suno.com.br\/noticias\/vale-800-milhoes-bloqueados-justica-trabalho\/#primaryimage"},"thumbnailUrl":"https:\/\/files.sunoresearch.com.br\/n\/uploads\/2019\/01\/c16184b1-vale.jpg","datePublished":"2019-01-31T17:58:35+00:00","description":"Vale foi multada em R$ 350 mi pelo Ibama, governo de Minas Gerais e UFMG; Empresa soma R$ 12 bi bloqueados. Clique para saber mais.","breadcrumb":{"@id":"https:\/\/www.suno.com.br\/noticias\/vale-800-milhoes-bloqueados-justica-trabalho\/#breadcrumb"},"inLanguage":"pt-BR","potentialAction":[{"@type":"ReadAction","target":["https:\/\/www.suno.com.br\/noticias\/vale-800-milhoes-bloqueados-justica-trabalho\/"]}]},{"@type":"ImageObject","inLanguage":"pt-BR","@id":"https:\/\/www.suno.com.br\/noticias\/vale-800-milhoes-bloqueados-justica-trabalho\/#primaryimage","url":"https:\/\/files.sunoresearch.com.br\/n\/uploads\/2019\/01\/c16184b1-vale.jpg","contentUrl":"https:\/\/files.sunoresearch.com.br\/n\/uploads\/2019\/01\/c16184b1-vale.jpg","width":1140,"height":760,"caption":"\u00c1rea afetada pelo rompimento da barragem da Vale em Brumadinho. (divulga\u00e7\u00e3o)"},{"@type":"BreadcrumbList","@id":"https:\/\/www.suno.com.br\/noticias\/vale-800-milhoes-bloqueados-justica-trabalho\/#breadcrumb","itemListElement":[{"@type":"ListItem","position":1,"name":"Not\u00edcias","item":"https:\/\/www.suno.com.br\/noticias\/"},{"@type":"ListItem","position":2,"name":"Pol\u00edtica","item":"https:\/\/www.suno.com.br\/noticias\/politica\/"},{"@type":"ListItem","position":3,"name":"Vale tem R$ 800 milh\u00f5es bloqueados pela Justi\u00e7a do Trabalho"}]},{"@type":"WebSite","@id":"https:\/\/www.suno.com.br\/noticias\/#website","url":"https:\/\/www.suno.com.br\/noticias\/","name":"Suno Not\u00edcias","description":"Seu portal de informa\u00e7\u00e3o sobre o mundo dos investimentos","publisher":{"@id":"https:\/\/www.suno.com.br\/noticias\/#organization"},"potentialAction":[{"@type":"SearchAction","target":{"@type":"EntryPoint","urlTemplate":"https:\/\/www.suno.com.br\/noticias\/?s={search_term_string}"},"query-input":{"@type":"PropertyValueSpecification","valueRequired":true,"valueName":"search_term_string"}}],"inLanguage":"pt-BR"},{"@type":"Organization","@id":"https:\/\/www.suno.com.br\/noticias\/#organization","name":"Suno Not\u00edcias","url":"https:\/\/www.suno.com.br\/noticias\/","logo":{"@type":"ImageObject","inLanguage":"pt-BR","@id":"https:\/\/www.suno.com.br\/noticias\/#\/schema\/logo\/image\/","url":"https:\/\/files.sunoresearch.com.br\/n\/uploads\/2021\/09\/suno-logo.png","contentUrl":"https:\/\/files.sunoresearch.com.br\/n\/uploads\/2021\/09\/suno-logo.png","width":180,"height":180,"caption":"Suno Not\u00edcias"},"image":{"@id":"https:\/\/www.suno.com.br\/noticias\/#\/schema\/logo\/image\/"},"sameAs":["https:\/\/facebook.com\/sunoresearch","https:\/\/x.com\/sunoresearch","https:\/\/www.instagram.com\/suno","https:\/\/www.linkedin.com\/company\/suno-research\/","https:\/\/www.youtube.com\/c\/sunoresearch"]},{"@type":"Person","@id":"https:\/\/www.suno.com.br\/noticias\/#\/schema\/person\/fc144a1c6108bd1dcd43784e88a3c138","name":"Renan Bandeira","image":{"@type":"ImageObject","inLanguage":"pt-BR","@id":"https:\/\/www.suno.com.br\/noticias\/#\/schema\/person\/image\/","url":"https:\/\/secure.gravatar.com\/avatar\/68359cdb608f14f11bbefcb78f3fc747?s=96&r=g","contentUrl":"https:\/\/secure.gravatar.com\/avatar\/68359cdb608f14f11bbefcb78f3fc747?s=96&r=g","caption":"Renan Bandeira"},"description":"Renan Bandeira escreve sobre pol\u00edtica e economia para o portal da Suno Research. Antes da Suno, trabalhou em uma rede de televis\u00e3o, onde fazia reportagens sobre os mesmos temas. Estuda na Universidade Metodista de S\u00e3o Paulo.","url":"https:\/\/www.suno.com.br\/noticias\/author\/renan-bandeira\/"}]}},"default_loop_html":"<div class=\"cardsPage__listCard__boxs\"><div class=\"cardsPage__listCard__boxs__img\"><a href=\"https:\/\/www.suno.com.br\/noticias\/vale-800-milhoes-bloqueados-justica-trabalho\/\"><img class=\"mask\" src=\"https:\/\/www.suno.com.br\/noticias\/wp-content\/themes\/suno\/resources\/images\/spotlight\/spotlight1img\/bg-mask.png\" alt=\"Image Mask\"\/><img src=\"https:\/\/files.sunoresearch.com.br\/n\/uploads\/2019\/01\/c16184b1-vale-400x200.webp\" alt=\"Vale tem R$ 800 milh\u00f5es bloqueados pela Justi\u00e7a do Trabalho\"\/><\/a><span class=\"spotlightCategory\"><a href=\"https:\/\/www.suno.com.br\/noticias\/politica\/\">Pol\u00edtica<\/a><\/span><\/div><div class=\"cardsPage__listCard__boxs__content\"><a href=\"https:\/\/www.suno.com.br\/noticias\/vale-800-milhoes-bloqueados-justica-trabalho\/\"><h2 class=\"content__title\">Vale tem R$ 800 milh\u00f5es bloqueados pela Justi\u00e7a do Trabalho<\/h2><\/a><div class=\"newsContent__article__meta\"><div class=\"newsContent__article__meta__authorBox\"><a href=\"https:\/\/www.suno.com.br\/noticias\/author\/renan-bandeira\/\" class=\"authorBox__avatar noMobi\"><img src=\"https:\/\/secure.gravatar.com\/avatar\/68359cdb608f14f11bbefcb78f3fc747?s=96&#038;r=g\" alt=\"Renan Bandeira\"><\/a><div class=\"authorBox__name\"><span>por\n\t\t\t<a href=\"https:\/\/www.suno.com.br\/noticias\/author\/renan-bandeira\/\"><span itemprop=\"author\">Renan Bandeira<\/span><\/a><\/span><time datetime=\"2019-01-31T15:58:35-02:00\" itemprop=\"datePublished\">31\/01\/2019 15:58<\/time><\/div><\/div><\/div><\/div><\/div>","single_layout":"posts","amp_enabled":true,"_links":{"self":[{"href":"https:\/\/www.suno.com.br\/noticias\/wp-json\/wp\/v2\/posts\/13690"}],"collection":[{"href":"https:\/\/www.suno.com.br\/noticias\/wp-json\/wp\/v2\/posts"}],"about":[{"href":"https:\/\/www.suno.com.br\/noticias\/wp-json\/wp\/v2\/types\/post"}],"author":[{"embeddable":true,"href":"https:\/\/www.suno.com.br\/noticias\/wp-json\/wp\/v2\/users\/11"}],"replies":[{"embeddable":true,"href":"https:\/\/www.suno.com.br\/noticias\/wp-json\/wp\/v2\/comments?post=13690"}],"version-history":[{"count":0,"href":"https:\/\/www.suno.com.br\/noticias\/wp-json\/wp\/v2\/posts\/13690\/revisions"}],"wp:featuredmedia":[{"embeddable":true,"href":"https:\/\/www.suno.com.br\/noticias\/wp-json\/wp\/v2\/media\/13697"}],"wp:attachment":[{"href":"https:\/\/www.suno.com.br\/noticias\/wp-json\/wp\/v2\/media?parent=13690"}],"wp:term":[{"taxonomy":"category","embeddable":true,"href":"https:\/\/www.suno.com.br\/noticias\/wp-json\/wp\/v2\/categories?post=13690"},{"taxonomy":"post_tag","embeddable":true,"href":"https:\/\/www.suno.com.br\/noticias\/wp-json\/wp\/v2\/tags?post=13690"},{"taxonomy":"suno_strategy","embeddable":true,"href":"https:\/\/www.suno.com.br\/noticias\/wp-json\/wp\/v2\/suno_strategy?post=13690"}],"curies":[{"name":"wp","href":"https:\/\/api.w.org\/{rel}","templated":true}]}}