{"id":136779,"date":"2021-04-03T15:30:15","date_gmt":"2021-04-03T18:30:15","guid":{"rendered":"https:\/\/www.suno.com.br\/noticias\/?p=136779"},"modified":"2021-05-10T22:40:57","modified_gmt":"2021-05-11T01:40:57","slug":"ibovespa-equatorial-eqtl3-ccr-ccro3-e-braskem-brkm5-lideram-altas-da-semana","status":"publish","type":"post","link":"https:\/\/www.suno.com.br\/noticias\/ibovespa-equatorial-eqtl3-ccr-ccro3-e-braskem-brkm5-lideram-altas-da-semana\/","title":{"rendered":"Ibovespa: Equatorial (EQTL3), CCR (CCRO3) e Braskem (BRKM5) lideram altas da semana"},"content":{"rendered":"<p>O <strong><a href=\"https:\/\/www.suno.com.br\/artigos\/ibovespa\/\">Ibovespa<\/a><\/strong> fechou a semana no verde, subindo, por\u00e9m, apenas 0,58%, menos do que os pares americanos, com o S&amp;P 500, por exemplo, avan\u00e7ando 1,28%. Entre as principais altas do \u00edndice, n\u00e3o houve padr\u00f5es ou destaque para um setor espec\u00edfico, com cada avan\u00e7o sendo explicado por diferentes motivos.<\/p>\t<div class=\"wrapper-featured-image\">\n\t\t<figure class=\"spotlightImg\">\n\n\t\t\t<picture>\n\t\t\t\t<source media=\"(max-width: 768px)\" srcset=\"https:\/\/files.sunoresearch.com.br\/n\/uploads\/2021\/03\/e8c8f49a-equatorial-4-400x200.webp\">\n\t\t\t\t<img loading=\"lazy\" decoding=\"async\" class=\"newsContent__article__imgCapa lazyloadDisabled \" src=\"https:\/\/files.sunoresearch.com.br\/n\/uploads\/2021\/03\/e8c8f49a-equatorial-4-800x450.webp\" width=\"800\" height=\"450\" alt=\"Ibovespa: Equatorial (EQTL3), CCR (CCRO3) e Braskem (BRKM5) lideram altas da semana\" fetchpriority=high \/>\n\t\t\t<\/picture>\n\n\t\t\t<figcaption class=\"wp-caption-text wp-caption-text--show\">Equatorial (EQTL3). Foto: Divulga\u00e7\u00e3o<\/figcaption>\n\t\t<\/figure>\n\t<\/div>\n\n\n<p><span style=\"font-weight: 400;\">\t<p>\n\t\t<a href=\"https:\/\/lp.suno.com.br\/planilha-controle-gastos\/\" target=\"_blank\" data-element=\"shortcode-suno-banner\" title=\"Banner SUNO, clique e saiba mais\">\n\t\t\t<picture>\n\t\t\t\t<source media=\"(max-width: 500px)\" srcset=\"https:\/\/files.sunoresearch.com.br\/n\/uploads\/2023\/03\/400x300-Planilha-controle-de-gastos.png\">\n\t\t\t\t<img class=\"newsContent__article__imgCapa newsContent__article__imgCapa--banner\"\n\t\t\t\t\tsrc=\"https:\/\/files.sunoresearch.com.br\/n\/uploads\/2023\/03\/1420x240-Planilha-controle-de-gastos.png\"\n\t\t\t\t\tdata-promo-id=\"101751\"\t\t\t\t\t\t\t\t\t\twidth='1420' height='240'\t\t\t\t\talt=\"https:\/\/files.sunoresearch.com.br\/n\/uploads\/2023\/03\/1420x240-Planilha-controle-de-gastos.png\"\n\t\t\t\t>\n\t\t\t<\/picture>\n\t\t<\/a>\n\t<\/p>\n\n<\/span><\/p>\n<p><a href=\"https:\/\/www.suno.com.br\/acoes\/eqtl3\/\">Equatorial (EQTL3)<\/a>, <a href=\"https:\/\/www.suno.com.br\/acoes\/ccro3\/\">CCR (CCRO3)<\/a>, <a href=\"https:\/\/www.suno.com.br\/acoes\/brkm5\/\">Braskem (BRKM5)<\/a>,<a href=\"https:\/\/www.suno.com.br\/acoes\/lcam3\/\">\u00a0Locamerica (LCAM3)<\/a> e <a href=\"https:\/\/www.suno.com.br\/acoes\/mrfg3\/\">Marfrig (MRFG3)<\/a> formam a lista das cinco companhias com as a\u00e7\u00f5es que mais subiram na semana.<\/p>\n<p>Confira quanto cada a\u00e7\u00e3o avan\u00e7ou na semana que marcou o fim de mar\u00e7o e o come\u00e7o de abril:<\/p>\n<ul>\n<li>Equatorial: 10,43%<\/li>\n<li>CCR: 7,58%<\/li>\n<li>Braskem: 6,99%<\/li>\n<li>Unidas: 6,46%<\/li>\n<li>Marfrig: 6,18%<\/li>\n<\/ul>\n<p><a href=\"https:\/\/lp.suno.com.br\/suno-one\/?ppp=noticias\/hospital-care-pedido-ipo-cvm\/\"><b>Suno One: acesse gratuitamente eBooks, Minicursos, Artigos e V\u00eddeo Aulas sobre investimentos com um \u00fanico cadastro. Clique para saber mais!<\/b><\/a><\/p>\n<p>O\u00a0<strong>SUNO Not\u00edcias<\/strong> compilou as informa\u00e7\u00f5es que mais influenciaram nas principais altas da semana do Ibovespa.<\/p>\n<h2>Equatorial comprou distribuidora CEEE-D<\/h2>\n<p>A <strong>Equatorial venceu na quarta<\/strong> (31) o leil\u00e3o de privatiza\u00e7\u00e3o da distribuidora de energia ga\u00facha, a CEED-D, e, com isso, ficou em primeiro lugar entre as principais altas do Ibovespa.<\/p>\n<p>A companhia ganhou a disputa com uma proposta de R$ 100 mil pelo ativo. O pre\u00e7o baixo se explica, por\u00e9m, pela grave crise financeira pela qual a companhia se encontra.<\/p>\n<p>Em sua justificativa para vender a CEEE-D, o governo ga\u00facho informou que um levantamento feito pelo Banco Nacional de Desenvolvimento Econ\u00f4mico e Social (BNDES) apontou que seria necess\u00e1rio um aporte de R$ 2,8 bilh\u00f5es no empreendimento.<\/p>\n<p>No dia em que a aquisi\u00e7\u00e3o foi fechada, a a\u00e7\u00e3o da Equatorial subiu mais de 5%.\u00a0 A compra surpreendeu porque o mercado acreditava que a CPFL acabaria ficando com o ativo, uma vez que j\u00e1 tem a concess\u00e3o da RGE Sul e que seria a empresa que melhor conseguiria sinergias no caso da aquisi\u00e7\u00e3o.<\/p>\n<p><span style=\"font-weight: 400;\">\t<p>\n\t\t<a href=\"https:\/\/lp.suno.com.br\/planilha-da-vida-financeira\/\" target=\"_blank\" data-element=\"shortcode-suno-banner\" title=\"Banner SUNO, clique e saiba mais\">\n\t\t\t<picture>\n\t\t\t\t<source media=\"(max-width: 500px)\" srcset=\"https:\/\/files.sunoresearch.com.br\/n\/uploads\/2023\/04\/400x300-Planilha-vida-financeira-true.png\">\n\t\t\t\t<img class=\"newsContent__article__imgCapa newsContent__article__imgCapa--banner\"\n\t\t\t\t\tsrc=\"https:\/\/files.sunoresearch.com.br\/n\/uploads\/2023\/04\/1420x240-Planilha-vida-financeira-true.png\"\n\t\t\t\t\tdata-promo-id=\"106682\"\t\t\t\t\t\t\t\t\t\twidth='1420' height='240'\t\t\t\t\talt=\"https:\/\/files.sunoresearch.com.br\/n\/uploads\/2023\/04\/1420x240-Planilha-vida-financeira-true.png\"\n\t\t\t\t>\n\t\t\t<\/picture>\n\t\t<\/a>\n\t<\/p>\n\n<\/span><\/p>\n<h2>CCR fechou contrato para estudos de expans\u00e3o de linhas do metr\u00f4<\/h2>\n<p>Na ter\u00e7a-feira (30), a <strong>CCR<\/strong> comunicou ao mercado que firmou com o Estado de S\u00e3o Paulo acordo para a realiza\u00e7\u00e3o de estudos para a expans\u00e3o da linha 5 e da linha 17 do metr\u00f4 da capital.<\/p>\n<h2>Braskem avan\u00e7a ap\u00f3s decis\u00e3o da Opep<\/h2>\n<p>A Braskem avan\u00e7ou nessa semana, na esteira da decis\u00e3o da Organiza\u00e7\u00e3o dos Pa\u00edses Exportadores de Petr\u00f3leo de aumentar a produ\u00e7\u00e3o de petr\u00f3leo de forma progressiva.<\/p>\n<p>A interpreta\u00e7\u00e3o do mercado \u00e9 que a decis\u00e3o deve ajudar no spread do setor petroqu\u00edmico: com a Braskem gastando menos para comprar petr\u00f3leo e conseguindo uma maior margem na venda de suas resinas.<\/p>\n<h2>Unidas \u00e9 a quarta maior alta do Ibovespa na semana<\/h2>\n<p>A Unidas fecha a lista das cinco maiores altas do Ibovespa na semana, se recuperando parcialmente da queda que acumula desde meados de janeiro &#8211; apesar de estar ainda cerca de 20% descontada do pre\u00e7o de ent\u00e3o.<\/p>\n<p>Nesta semana, a \u00c1gora Investimentos afirmou acreditar que as companhias de loca\u00e7\u00e3o de autom\u00f3veis podem subir consideravelmente, por estarem muito desvalorizadas. Para a Unidas, a corretora v\u00ea um potencial de alta de at\u00e9 72%.<\/p>\n<h2>Marfrig fecha lista de maiores altas do Ibovespa<\/h2>\n<p>A Marfrig vem em \u00faltimo lugar entre as principais altas do Ibovespa na semana. Nesta semana, a XP Investimentos, em relat\u00f3rio, elevou o pre\u00e7o-alvo da a\u00e7\u00e3o para R$ 24.<\/p>\n<p>O relat\u00f3rio acabou impulsionando as a\u00e7\u00f5es no <strong>Ibovespa<\/strong>: a XP afirma que enxerga um potencial de alta de 37% para o frigor\u00edfico, por conta do desempenho mais forte no quarto trimestre e pelas perspectivas para a empresa em 2021 &#8211; que deve ver o bom momento na Am\u00e9rica do Norte diminuir os impactos negativos da Am\u00e9rica do Sul.<\/p>\n<p><span style=\"font-weight: 400;\">\t<p>\n\t\t<a href=\"https:\/\/lp.suno.com.br\/planilha-de-controle-de-investimentos\/\" target=\"_blank\" data-element=\"shortcode-suno-banner\" title=\"Banner SUNO, clique e saiba mais\">\n\t\t\t<picture>\n\t\t\t\t<source media=\"(max-width: 500px)\" srcset=\"https:\/\/files.sunoresearch.com.br\/n\/uploads\/2023\/03\/400x300-Controle-de-Investimentos.png\">\n\t\t\t\t<img class=\"newsContent__article__imgCapa newsContent__article__imgCapa--banner\"\n\t\t\t\t\tsrc=\"https:\/\/files.sunoresearch.com.br\/n\/uploads\/2023\/03\/1420x240-Controle-de-Investimentos.png\"\n\t\t\t\t\tdata-promo-id=\"75934\"\t\t\t\t\t\t\t\t\t\twidth='1420' height='240'\t\t\t\t\talt=\"https:\/\/files.sunoresearch.com.br\/n\/uploads\/2023\/03\/1420x240-Controle-de-Investimentos.png\"\n\t\t\t\t>\n\t\t\t<\/picture>\n\t\t<\/a>\n\t<\/p>\n\n<\/span><\/p>\n","protected":false},"excerpt":{"rendered":"<p>O Ibovespa fechou a semana no verde, subindo, por\u00e9m, apenas 0,58%, menos do que os pares americanos, com o S&amp;P 500, por exemplo, avan\u00e7ando 1,28%. Entre as principais altas do \u00edndice, n\u00e3o houve padr\u00f5es ou destaque para um setor espec\u00edfico, com cada avan\u00e7o sendo explicado por diferentes motivos. Equatorial (EQTL3). Foto: Divulga\u00e7\u00e3o Equatorial (EQTL3), CCR [&hellip;]<\/p>\n","protected":false},"author":59,"featured_media":130250,"comment_status":"closed","ping_status":"closed","sticky":false,"template":"","format":"standard","meta":[],"categories":[64],"tags":[395,407,105039,721,552,1061],"suno_strategy":[],"class_list":["post-136779","post","type-post","status-publish","format-standard","has-post-thumbnail","hentry","category-negocios","tag-braskem-brkm3-brkm5-brkm6","tag-ccr-ccro3","tag-equatorial-eqtl3","tag-ibovespa","tag-marfrig-mrfg3","tag-unidas-lcam3"],"yoast_head":"<!-- This site is optimized with the Yoast SEO plugin v24.4 - https:\/\/yoast.com\/wordpress\/plugins\/seo\/ -->\n<title>Equatorial (EQTL3), Braskem (BRKM5) e CCR lideram altas do Ibovespa<\/title>\n<meta name=\"description\" content=\"O Ibovespa fechou a semana subindo pouco mas algumas empresas tiveram fortes altas, fugindo do \u00edndice. Clique aqui para saber mais.\" \/>\n<meta name=\"robots\" content=\"index, follow, max-snippet:-1, max-image-preview:large, max-video-preview:-1\" \/>\n<link rel=\"canonical\" href=\"https:\/\/www.suno.com.br\/noticias\/ibovespa-equatorial-eqtl3-ccr-ccro3-e-braskem-brkm5-lideram-altas-da-semana\/\" \/>\n<meta property=\"og:locale\" content=\"pt_BR\" \/>\n<meta property=\"og:type\" content=\"article\" \/>\n<meta property=\"og:title\" content=\"Equatorial (EQTL3), Braskem (BRKM5) e CCR lideram altas do Ibovespa\" \/>\n<meta property=\"og:description\" content=\"O Ibovespa fechou a semana subindo pouco mas algumas empresas tiveram fortes altas, fugindo do \u00edndice. Clique aqui para saber mais.\" \/>\n<meta property=\"og:url\" content=\"https:\/\/www.suno.com.br\/noticias\/ibovespa-equatorial-eqtl3-ccr-ccro3-e-braskem-brkm5-lideram-altas-da-semana\/\" \/>\n<meta property=\"og:site_name\" content=\"Suno Not\u00edcias\" \/>\n<meta property=\"article:publisher\" content=\"https:\/\/facebook.com\/sunoresearch\" \/>\n<meta property=\"og:image\" content=\"https:\/\/files.sunoresearch.com.br\/n\/uploads\/2021\/03\/e8c8f49a-equatorial-4.jpg\" \/>\n\t<meta property=\"og:image:width\" content=\"1200\" \/>\n\t<meta property=\"og:image:height\" content=\"801\" \/>\n\t<meta property=\"og:image:type\" content=\"image\/jpeg\" \/>\n<meta name=\"author\" content=\"Vitor Azevedo\" \/>\n<meta name=\"twitter:card\" content=\"summary_large_image\" \/>\n<meta name=\"twitter:creator\" content=\"@sunoresearch\" \/>\n<meta name=\"twitter:site\" content=\"@sunoresearch\" \/>\n<meta name=\"twitter:label1\" content=\"Escrito por\" \/>\n\t<meta name=\"twitter:data1\" content=\"Vitor Azevedo\" \/>\n\t<meta name=\"twitter:label2\" content=\"Est. tempo de leitura\" \/>\n\t<meta name=\"twitter:data2\" content=\"3 minutos\" \/>\n<script type=\"application\/ld+json\" class=\"yoast-schema-graph\">{\"@context\":\"https:\/\/schema.org\",\"@graph\":[{\"@type\":\"NewsArticle\",\"@id\":\"https:\/\/www.suno.com.br\/noticias\/ibovespa-equatorial-eqtl3-ccr-ccro3-e-braskem-brkm5-lideram-altas-da-semana\/#article\",\"isPartOf\":{\"@id\":\"https:\/\/www.suno.com.br\/noticias\/ibovespa-equatorial-eqtl3-ccr-ccro3-e-braskem-brkm5-lideram-altas-da-semana\/\"},\"author\":{\"name\":\"Vitor Azevedo\",\"@id\":\"https:\/\/www.suno.com.br\/noticias\/#\/schema\/person\/658d5fbc74d81f265f5df3562d0038ab\"},\"headline\":\"Ibovespa: Equatorial (EQTL3), CCR (CCRO3) e Braskem (BRKM5) lideram altas da semana\",\"datePublished\":\"2021-04-03T18:30:15+00:00\",\"dateModified\":\"2021-05-11T01:40:57+00:00\",\"mainEntityOfPage\":{\"@id\":\"https:\/\/www.suno.com.br\/noticias\/ibovespa-equatorial-eqtl3-ccr-ccro3-e-braskem-brkm5-lideram-altas-da-semana\/\"},\"wordCount\":637,\"publisher\":{\"@id\":\"https:\/\/www.suno.com.br\/noticias\/#organization\"},\"image\":{\"@id\":\"https:\/\/www.suno.com.br\/noticias\/ibovespa-equatorial-eqtl3-ccr-ccro3-e-braskem-brkm5-lideram-altas-da-semana\/#primaryimage\"},\"thumbnailUrl\":\"https:\/\/files.sunoresearch.com.br\/n\/uploads\/2021\/03\/e8c8f49a-equatorial-4-jpg.webp\",\"keywords\":[\"Braskem (BRKM3\/BRKM5\/BRKM6)\",\"CCR (CCRO3)\",\"Equatorial (EQTL3)\",\"Ibovespa\",\"Marfrig (MRFG3)\",\"Unidas (LCAM3)\"],\"articleSection\":[\"Neg\u00f3cios\"],\"inLanguage\":\"pt-BR\"},{\"@type\":\"WebPage\",\"@id\":\"https:\/\/www.suno.com.br\/noticias\/ibovespa-equatorial-eqtl3-ccr-ccro3-e-braskem-brkm5-lideram-altas-da-semana\/\",\"url\":\"https:\/\/www.suno.com.br\/noticias\/ibovespa-equatorial-eqtl3-ccr-ccro3-e-braskem-brkm5-lideram-altas-da-semana\/\",\"name\":\"Equatorial (EQTL3), Braskem (BRKM5) e CCR lideram altas do Ibovespa\",\"isPartOf\":{\"@id\":\"https:\/\/www.suno.com.br\/noticias\/#website\"},\"primaryImageOfPage\":{\"@id\":\"https:\/\/www.suno.com.br\/noticias\/ibovespa-equatorial-eqtl3-ccr-ccro3-e-braskem-brkm5-lideram-altas-da-semana\/#primaryimage\"},\"image\":{\"@id\":\"https:\/\/www.suno.com.br\/noticias\/ibovespa-equatorial-eqtl3-ccr-ccro3-e-braskem-brkm5-lideram-altas-da-semana\/#primaryimage\"},\"thumbnailUrl\":\"https:\/\/files.sunoresearch.com.br\/n\/uploads\/2021\/03\/e8c8f49a-equatorial-4-jpg.webp\",\"datePublished\":\"2021-04-03T18:30:15+00:00\",\"dateModified\":\"2021-05-11T01:40:57+00:00\",\"description\":\"O Ibovespa fechou a semana subindo pouco mas algumas empresas tiveram fortes altas, fugindo do \u00edndice. Clique aqui para saber mais.\",\"breadcrumb\":{\"@id\":\"https:\/\/www.suno.com.br\/noticias\/ibovespa-equatorial-eqtl3-ccr-ccro3-e-braskem-brkm5-lideram-altas-da-semana\/#breadcrumb\"},\"inLanguage\":\"pt-BR\",\"potentialAction\":[{\"@type\":\"ReadAction\",\"target\":[\"https:\/\/www.suno.com.br\/noticias\/ibovespa-equatorial-eqtl3-ccr-ccro3-e-braskem-brkm5-lideram-altas-da-semana\/\"]}]},{\"@type\":\"ImageObject\",\"inLanguage\":\"pt-BR\",\"@id\":\"https:\/\/www.suno.com.br\/noticias\/ibovespa-equatorial-eqtl3-ccr-ccro3-e-braskem-brkm5-lideram-altas-da-semana\/#primaryimage\",\"url\":\"https:\/\/files.sunoresearch.com.br\/n\/uploads\/2021\/03\/e8c8f49a-equatorial-4-jpg.webp\",\"contentUrl\":\"https:\/\/files.sunoresearch.com.br\/n\/uploads\/2021\/03\/e8c8f49a-equatorial-4-jpg.webp\",\"width\":1200,\"height\":801,\"caption\":\"Equatorial (EQTL3). Foto: Divulga\u00e7\u00e3o\"},{\"@type\":\"BreadcrumbList\",\"@id\":\"https:\/\/www.suno.com.br\/noticias\/ibovespa-equatorial-eqtl3-ccr-ccro3-e-braskem-brkm5-lideram-altas-da-semana\/#breadcrumb\",\"itemListElement\":[{\"@type\":\"ListItem\",\"position\":1,\"name\":\"Not\u00edcias\",\"item\":\"https:\/\/www.suno.com.br\/noticias\/\"},{\"@type\":\"ListItem\",\"position\":2,\"name\":\"Neg\u00f3cios\",\"item\":\"https:\/\/www.suno.com.br\/noticias\/negocios\/\"},{\"@type\":\"ListItem\",\"position\":3,\"name\":\"Ibovespa: Equatorial (EQTL3), CCR (CCRO3) e Braskem (BRKM5) lideram altas da semana\"}]},{\"@type\":\"WebSite\",\"@id\":\"https:\/\/www.suno.com.br\/noticias\/#website\",\"url\":\"https:\/\/www.suno.com.br\/noticias\/\",\"name\":\"Suno Not\u00edcias\",\"description\":\"Seu portal de informa\u00e7\u00e3o sobre o mundo dos investimentos\",\"publisher\":{\"@id\":\"https:\/\/www.suno.com.br\/noticias\/#organization\"},\"potentialAction\":[{\"@type\":\"SearchAction\",\"target\":{\"@type\":\"EntryPoint\",\"urlTemplate\":\"https:\/\/www.suno.com.br\/noticias\/?s={search_term_string}\"},\"query-input\":{\"@type\":\"PropertyValueSpecification\",\"valueRequired\":true,\"valueName\":\"search_term_string\"}}],\"inLanguage\":\"pt-BR\"},{\"@type\":\"Organization\",\"@id\":\"https:\/\/www.suno.com.br\/noticias\/#organization\",\"name\":\"Suno Not\u00edcias\",\"url\":\"https:\/\/www.suno.com.br\/noticias\/\",\"logo\":{\"@type\":\"ImageObject\",\"inLanguage\":\"pt-BR\",\"@id\":\"https:\/\/www.suno.com.br\/noticias\/#\/schema\/logo\/image\/\",\"url\":\"https:\/\/files.sunoresearch.com.br\/n\/uploads\/2021\/09\/suno-logo.png\",\"contentUrl\":\"https:\/\/files.sunoresearch.com.br\/n\/uploads\/2021\/09\/suno-logo.png\",\"width\":180,\"height\":180,\"caption\":\"Suno Not\u00edcias\"},\"image\":{\"@id\":\"https:\/\/www.suno.com.br\/noticias\/#\/schema\/logo\/image\/\"},\"sameAs\":[\"https:\/\/facebook.com\/sunoresearch\",\"https:\/\/x.com\/sunoresearch\",\"https:\/\/www.instagram.com\/suno\",\"https:\/\/www.linkedin.com\/company\/suno-research\/\",\"https:\/\/www.youtube.com\/c\/sunoresearch\"]},{\"@type\":\"Person\",\"@id\":\"https:\/\/www.suno.com.br\/noticias\/#\/schema\/person\/658d5fbc74d81f265f5df3562d0038ab\",\"name\":\"Vitor Azevedo\",\"image\":{\"@type\":\"ImageObject\",\"inLanguage\":\"pt-BR\",\"@id\":\"https:\/\/www.suno.com.br\/noticias\/#\/schema\/person\/image\/\",\"url\":\"https:\/\/secure.gravatar.com\/avatar\/62b86195291b446fe380824eb28b99a5?s=96&r=g\",\"contentUrl\":\"https:\/\/secure.gravatar.com\/avatar\/62b86195291b446fe380824eb28b99a5?s=96&r=g\",\"caption\":\"Vitor Azevedo\"},\"description\":\"Formado em jornalismo pela Unesp, escreve sobre economia e neg\u00f3cios para a Suno Not\u00edcias.\",\"url\":\"https:\/\/www.suno.com.br\/noticias\/author\/vitor-azevedo\/\"}]}<\/script>\n<!-- \/ Yoast SEO plugin. -->","yoast_head_json":{"title":"Equatorial (EQTL3), Braskem (BRKM5) e CCR lideram altas do Ibovespa","description":"O Ibovespa fechou a semana subindo pouco mas algumas empresas tiveram fortes altas, fugindo do \u00edndice. Clique aqui para saber mais.","robots":{"index":"index","follow":"follow","max-snippet":"max-snippet:-1","max-image-preview":"max-image-preview:large","max-video-preview":"max-video-preview:-1"},"canonical":"https:\/\/www.suno.com.br\/noticias\/ibovespa-equatorial-eqtl3-ccr-ccro3-e-braskem-brkm5-lideram-altas-da-semana\/","og_locale":"pt_BR","og_type":"article","og_title":"Equatorial (EQTL3), Braskem (BRKM5) e CCR lideram altas do Ibovespa","og_description":"O Ibovespa fechou a semana subindo pouco mas algumas empresas tiveram fortes altas, fugindo do \u00edndice. Clique aqui para saber mais.","og_url":"https:\/\/www.suno.com.br\/noticias\/ibovespa-equatorial-eqtl3-ccr-ccro3-e-braskem-brkm5-lideram-altas-da-semana\/","og_site_name":"Suno Not\u00edcias","article_publisher":"https:\/\/facebook.com\/sunoresearch","og_image":[{"width":1200,"height":801,"url":"https:\/\/files.sunoresearch.com.br\/n\/uploads\/2021\/03\/e8c8f49a-equatorial-4.jpg","type":"image\/jpeg"}],"author":"Vitor Azevedo","twitter_card":"summary_large_image","twitter_creator":"@sunoresearch","twitter_site":"@sunoresearch","twitter_misc":{"Escrito por":"Vitor Azevedo","Est. tempo de leitura":"3 minutos"},"schema":{"@context":"https:\/\/schema.org","@graph":[{"@type":"NewsArticle","@id":"https:\/\/www.suno.com.br\/noticias\/ibovespa-equatorial-eqtl3-ccr-ccro3-e-braskem-brkm5-lideram-altas-da-semana\/#article","isPartOf":{"@id":"https:\/\/www.suno.com.br\/noticias\/ibovespa-equatorial-eqtl3-ccr-ccro3-e-braskem-brkm5-lideram-altas-da-semana\/"},"author":{"name":"Vitor Azevedo","@id":"https:\/\/www.suno.com.br\/noticias\/#\/schema\/person\/658d5fbc74d81f265f5df3562d0038ab"},"headline":"Ibovespa: Equatorial (EQTL3), CCR (CCRO3) e Braskem (BRKM5) lideram altas da semana","datePublished":"2021-04-03T18:30:15+00:00","dateModified":"2021-05-11T01:40:57+00:00","mainEntityOfPage":{"@id":"https:\/\/www.suno.com.br\/noticias\/ibovespa-equatorial-eqtl3-ccr-ccro3-e-braskem-brkm5-lideram-altas-da-semana\/"},"wordCount":637,"publisher":{"@id":"https:\/\/www.suno.com.br\/noticias\/#organization"},"image":{"@id":"https:\/\/www.suno.com.br\/noticias\/ibovespa-equatorial-eqtl3-ccr-ccro3-e-braskem-brkm5-lideram-altas-da-semana\/#primaryimage"},"thumbnailUrl":"https:\/\/files.sunoresearch.com.br\/n\/uploads\/2021\/03\/e8c8f49a-equatorial-4-jpg.webp","keywords":["Braskem (BRKM3\/BRKM5\/BRKM6)","CCR (CCRO3)","Equatorial (EQTL3)","Ibovespa","Marfrig (MRFG3)","Unidas (LCAM3)"],"articleSection":["Neg\u00f3cios"],"inLanguage":"pt-BR"},{"@type":"WebPage","@id":"https:\/\/www.suno.com.br\/noticias\/ibovespa-equatorial-eqtl3-ccr-ccro3-e-braskem-brkm5-lideram-altas-da-semana\/","url":"https:\/\/www.suno.com.br\/noticias\/ibovespa-equatorial-eqtl3-ccr-ccro3-e-braskem-brkm5-lideram-altas-da-semana\/","name":"Equatorial (EQTL3), Braskem (BRKM5) e CCR lideram altas do Ibovespa","isPartOf":{"@id":"https:\/\/www.suno.com.br\/noticias\/#website"},"primaryImageOfPage":{"@id":"https:\/\/www.suno.com.br\/noticias\/ibovespa-equatorial-eqtl3-ccr-ccro3-e-braskem-brkm5-lideram-altas-da-semana\/#primaryimage"},"image":{"@id":"https:\/\/www.suno.com.br\/noticias\/ibovespa-equatorial-eqtl3-ccr-ccro3-e-braskem-brkm5-lideram-altas-da-semana\/#primaryimage"},"thumbnailUrl":"https:\/\/files.sunoresearch.com.br\/n\/uploads\/2021\/03\/e8c8f49a-equatorial-4-jpg.webp","datePublished":"2021-04-03T18:30:15+00:00","dateModified":"2021-05-11T01:40:57+00:00","description":"O Ibovespa fechou a semana subindo pouco mas algumas empresas tiveram fortes altas, fugindo do \u00edndice. Clique aqui para saber mais.","breadcrumb":{"@id":"https:\/\/www.suno.com.br\/noticias\/ibovespa-equatorial-eqtl3-ccr-ccro3-e-braskem-brkm5-lideram-altas-da-semana\/#breadcrumb"},"inLanguage":"pt-BR","potentialAction":[{"@type":"ReadAction","target":["https:\/\/www.suno.com.br\/noticias\/ibovespa-equatorial-eqtl3-ccr-ccro3-e-braskem-brkm5-lideram-altas-da-semana\/"]}]},{"@type":"ImageObject","inLanguage":"pt-BR","@id":"https:\/\/www.suno.com.br\/noticias\/ibovespa-equatorial-eqtl3-ccr-ccro3-e-braskem-brkm5-lideram-altas-da-semana\/#primaryimage","url":"https:\/\/files.sunoresearch.com.br\/n\/uploads\/2021\/03\/e8c8f49a-equatorial-4-jpg.webp","contentUrl":"https:\/\/files.sunoresearch.com.br\/n\/uploads\/2021\/03\/e8c8f49a-equatorial-4-jpg.webp","width":1200,"height":801,"caption":"Equatorial (EQTL3). Foto: Divulga\u00e7\u00e3o"},{"@type":"BreadcrumbList","@id":"https:\/\/www.suno.com.br\/noticias\/ibovespa-equatorial-eqtl3-ccr-ccro3-e-braskem-brkm5-lideram-altas-da-semana\/#breadcrumb","itemListElement":[{"@type":"ListItem","position":1,"name":"Not\u00edcias","item":"https:\/\/www.suno.com.br\/noticias\/"},{"@type":"ListItem","position":2,"name":"Neg\u00f3cios","item":"https:\/\/www.suno.com.br\/noticias\/negocios\/"},{"@type":"ListItem","position":3,"name":"Ibovespa: Equatorial (EQTL3), CCR (CCRO3) e Braskem (BRKM5) lideram altas da semana"}]},{"@type":"WebSite","@id":"https:\/\/www.suno.com.br\/noticias\/#website","url":"https:\/\/www.suno.com.br\/noticias\/","name":"Suno Not\u00edcias","description":"Seu portal de informa\u00e7\u00e3o sobre o mundo dos investimentos","publisher":{"@id":"https:\/\/www.suno.com.br\/noticias\/#organization"},"potentialAction":[{"@type":"SearchAction","target":{"@type":"EntryPoint","urlTemplate":"https:\/\/www.suno.com.br\/noticias\/?s={search_term_string}"},"query-input":{"@type":"PropertyValueSpecification","valueRequired":true,"valueName":"search_term_string"}}],"inLanguage":"pt-BR"},{"@type":"Organization","@id":"https:\/\/www.suno.com.br\/noticias\/#organization","name":"Suno Not\u00edcias","url":"https:\/\/www.suno.com.br\/noticias\/","logo":{"@type":"ImageObject","inLanguage":"pt-BR","@id":"https:\/\/www.suno.com.br\/noticias\/#\/schema\/logo\/image\/","url":"https:\/\/files.sunoresearch.com.br\/n\/uploads\/2021\/09\/suno-logo.png","contentUrl":"https:\/\/files.sunoresearch.com.br\/n\/uploads\/2021\/09\/suno-logo.png","width":180,"height":180,"caption":"Suno Not\u00edcias"},"image":{"@id":"https:\/\/www.suno.com.br\/noticias\/#\/schema\/logo\/image\/"},"sameAs":["https:\/\/facebook.com\/sunoresearch","https:\/\/x.com\/sunoresearch","https:\/\/www.instagram.com\/suno","https:\/\/www.linkedin.com\/company\/suno-research\/","https:\/\/www.youtube.com\/c\/sunoresearch"]},{"@type":"Person","@id":"https:\/\/www.suno.com.br\/noticias\/#\/schema\/person\/658d5fbc74d81f265f5df3562d0038ab","name":"Vitor Azevedo","image":{"@type":"ImageObject","inLanguage":"pt-BR","@id":"https:\/\/www.suno.com.br\/noticias\/#\/schema\/person\/image\/","url":"https:\/\/secure.gravatar.com\/avatar\/62b86195291b446fe380824eb28b99a5?s=96&r=g","contentUrl":"https:\/\/secure.gravatar.com\/avatar\/62b86195291b446fe380824eb28b99a5?s=96&r=g","caption":"Vitor Azevedo"},"description":"Formado em jornalismo pela Unesp, escreve sobre economia e neg\u00f3cios para a Suno Not\u00edcias.","url":"https:\/\/www.suno.com.br\/noticias\/author\/vitor-azevedo\/"}]}},"default_loop_html":"<div class=\"cardsPage__listCard__boxs\"><div class=\"cardsPage__listCard__boxs__img\"><a href=\"https:\/\/www.suno.com.br\/noticias\/ibovespa-equatorial-eqtl3-ccr-ccro3-e-braskem-brkm5-lideram-altas-da-semana\/\"><img class=\"mask\" src=\"https:\/\/www.suno.com.br\/noticias\/wp-content\/themes\/suno\/resources\/images\/spotlight\/spotlight1img\/bg-mask.png\" alt=\"Image Mask\"\/><img src=\"https:\/\/files.sunoresearch.com.br\/n\/uploads\/2021\/03\/e8c8f49a-equatorial-4-400x200.webp\" alt=\"Ibovespa: Equatorial (EQTL3), CCR (CCRO3) e Braskem (BRKM5) lideram altas da semana\"\/><\/a><span class=\"spotlightCategory\"><a href=\"https:\/\/www.suno.com.br\/noticias\/negocios\/\">Neg\u00f3cios<\/a><\/span><\/div><div class=\"cardsPage__listCard__boxs__content\"><a href=\"https:\/\/www.suno.com.br\/noticias\/ibovespa-equatorial-eqtl3-ccr-ccro3-e-braskem-brkm5-lideram-altas-da-semana\/\"><h2 class=\"content__title\">Ibovespa: Equatorial (EQTL3), CCR (CCRO3) e Braskem (BRKM5) lideram altas da semana<\/h2><\/a><div class=\"newsContent__article__meta\"><div class=\"newsContent__article__meta__authorBox\"><a href=\"https:\/\/www.suno.com.br\/noticias\/author\/vitor-azevedo\/\" class=\"authorBox__avatar noMobi\"><img src=\"https:\/\/secure.gravatar.com\/avatar\/62b86195291b446fe380824eb28b99a5?s=96&#038;r=g\" alt=\"Vitor Azevedo\"><\/a><div class=\"authorBox__name\"><span>por\n\t\t\t<a href=\"https:\/\/www.suno.com.br\/noticias\/author\/vitor-azevedo\/\"><span itemprop=\"author\">Vitor Azevedo<\/span><\/a><\/span><time datetime=\"2021-04-03T15:30:15-03:00\" itemprop=\"datePublished\">03\/04\/2021 15:30<\/time><\/div><\/div><\/div><\/div><\/div>","single_layout":"posts","amp_enabled":true,"_links":{"self":[{"href":"https:\/\/www.suno.com.br\/noticias\/wp-json\/wp\/v2\/posts\/136779"}],"collection":[{"href":"https:\/\/www.suno.com.br\/noticias\/wp-json\/wp\/v2\/posts"}],"about":[{"href":"https:\/\/www.suno.com.br\/noticias\/wp-json\/wp\/v2\/types\/post"}],"author":[{"embeddable":true,"href":"https:\/\/www.suno.com.br\/noticias\/wp-json\/wp\/v2\/users\/59"}],"replies":[{"embeddable":true,"href":"https:\/\/www.suno.com.br\/noticias\/wp-json\/wp\/v2\/comments?post=136779"}],"version-history":[{"count":1,"href":"https:\/\/www.suno.com.br\/noticias\/wp-json\/wp\/v2\/posts\/136779\/revisions"}],"predecessor-version":[{"id":136790,"href":"https:\/\/www.suno.com.br\/noticias\/wp-json\/wp\/v2\/posts\/136779\/revisions\/136790"}],"wp:featuredmedia":[{"embeddable":true,"href":"https:\/\/www.suno.com.br\/noticias\/wp-json\/wp\/v2\/media\/130250"}],"wp:attachment":[{"href":"https:\/\/www.suno.com.br\/noticias\/wp-json\/wp\/v2\/media?parent=136779"}],"wp:term":[{"taxonomy":"category","embeddable":true,"href":"https:\/\/www.suno.com.br\/noticias\/wp-json\/wp\/v2\/categories?post=136779"},{"taxonomy":"post_tag","embeddable":true,"href":"https:\/\/www.suno.com.br\/noticias\/wp-json\/wp\/v2\/tags?post=136779"},{"taxonomy":"suno_strategy","embeddable":true,"href":"https:\/\/www.suno.com.br\/noticias\/wp-json\/wp\/v2\/suno_strategy?post=136779"}],"curies":[{"name":"wp","href":"https:\/\/api.w.org\/{rel}","templated":true}]}}