{"id":136711,"date":"2021-04-02T18:58:08","date_gmt":"2021-04-02T21:58:08","guid":{"rendered":"https:\/\/www.suno.com.br\/noticias\/?p=136711"},"modified":"2021-04-02T18:58:08","modified_gmt":"2021-04-02T21:58:08","slug":"banco-do-brasil-bbsa3-carta-monforte-renuncia","status":"publish","type":"post","link":"https:\/\/www.suno.com.br\/noticias\/banco-do-brasil-bbsa3-carta-monforte-renuncia\/","title":{"rendered":"Banco do Brasil (BBAS3): Em carta de ren\u00fancia, Monforte alega &#8216;restri\u00e7\u00e3o inaceit\u00e1vel&#8217;"},"content":{"rendered":"<p>Ap\u00f3s a carta de ren\u00fancia entregue pelo ex-presidente do conselho de administra\u00e7\u00e3o do <a href=\"https:\/\/www.suno.com.br\/acoes\/bbas3\/\"><strong>Banco do Brasil<\/strong> (BBAS3)<\/a>, H\u00e9lio Magalh\u00e3es, o conselheiro independente Jos\u00e9 Guimar\u00e3es Monforte decidiu tamb\u00e9m enviar \u00e0 institui\u00e7\u00e3o sua carta de ren\u00fancia.<\/p>\t<div class=\"wrapper-featured-image\">\n\t\t<figure class=\"spotlightImg\">\n\n\t\t\t<picture>\n\t\t\t\t<source media=\"(max-width: 768px)\" srcset=\"https:\/\/files.sunoresearch.com.br\/n\/uploads\/2021\/04\/5cd8ddab-banco-do-brasil-agencia-brasil-400x200.webp\">\n\t\t\t\t<img loading=\"lazy\" decoding=\"async\" class=\"newsContent__article__imgCapa lazyloadDisabled \" src=\"https:\/\/files.sunoresearch.com.br\/n\/uploads\/2021\/04\/5cd8ddab-banco-do-brasil-agencia-brasil-800x450.webp\" width=\"800\" height=\"450\" alt=\"Banco do Brasil (BBAS3): Em carta de ren\u00fancia, Monforte alega &#8216;restri\u00e7\u00e3o inaceit\u00e1vel&#8217;\" fetchpriority=high \/>\n\t\t\t<\/picture>\n\n\t\t\t<figcaption class=\"wp-caption-text wp-caption-text--show\">Banco do Brasil. Foto: Marcelo Camargo. Ag\u00eancia Brasil<\/figcaption>\n\t\t<\/figure>\n\t<\/div>\n\n\n\t<p>\n\t\t<a href=\"https:\/\/lp.suno.com.br\/planilha-de-controle-de-investimentos\/\" target=\"_blank\" data-element=\"shortcode-suno-banner\" title=\"Banner SUNO, clique e saiba mais\">\n\t\t\t<picture>\n\t\t\t\t<source media=\"(max-width: 500px)\" srcset=\"https:\/\/files.sunoresearch.com.br\/n\/uploads\/2023\/03\/400x300-Controle-de-Investimentos.png\">\n\t\t\t\t<img class=\"newsContent__article__imgCapa newsContent__article__imgCapa--banner\"\n\t\t\t\t\tsrc=\"https:\/\/files.sunoresearch.com.br\/n\/uploads\/2023\/03\/1420x240-Controle-de-Investimentos.png\"\n\t\t\t\t\tdata-promo-id=\"75934\"\t\t\t\t\t\t\t\t\t\twidth='1420' height='240'\t\t\t\t\talt=\"https:\/\/files.sunoresearch.com.br\/n\/uploads\/2023\/03\/1420x240-Controle-de-Investimentos.png\"\n\t\t\t\t>\n\t\t\t<\/picture>\n\t\t<\/a>\n\t<\/p>\n\n\n<p>A s\u00e9rie de ren\u00fancias vem na esteira da nomea\u00e7\u00e3o de Fausto Ribeiro para a presid\u00eancia do <strong>Banco do Brasil<\/strong>, no lugar de <strong>Andr\u00e9 Brand\u00e3o<\/strong>, que entrou em rota de colis\u00e3o com o Pal\u00e1cio do Planalto ap\u00f3s lan\u00e7ar plano de enxugamento da institui\u00e7\u00e3o.<\/p>\n<p><a href=\"https:\/\/lp.suno.com.br\/suno-one\/\">Suno One: acesse gratuitamente eBooks, Minicursos, Artigos e V\u00eddeo Aulas sobre investimentos com um \u00fanico cadastro. Clique para saber mais!<\/a><\/p>\n<p>&#8220;As circunst\u00e2ncias, representadas por restri\u00e7\u00e3o inaceit\u00e1vel a atos da administra\u00e7\u00e3o, emergiram e impedem efetivar medidas que visam realizar avan\u00e7os na dire\u00e7\u00e3o de ganhos de efici\u00eancia&#8221;, afirma <strong>Monforte<\/strong> em trecho da sua carta de ren\u00fancia. &#8220;Acredito tamb\u00e9m que o processo de sucess\u00e3o na lideran\u00e7a de empresas, principalmente as de capital aberto, n\u00e3o deve ser feita somente porque se det\u00e9m o poder para faz\u00ea-las.&#8221;<\/p>\n<p>Monforte ocupou a posi\u00e7\u00e3o por pouco mais de um ano. Brand\u00e3o, que deixou o posto em mar\u00e7o, esteve \u00e0 frente do BB por aproximadamente seis meses.<\/p>\n<h2>Interfer\u00eancia de Bolsonaro no Banco do Brasil \u00e9 &#8216;retrocesso&#8217;, escreveu Monforte<\/h2>\n<p>O plano, que previa o fechamento de diversas <strong>ag\u00eancias<\/strong> e a redu\u00e7\u00e3o da for\u00e7a de trabalho por meio de um plano de demiss\u00e3o volunt\u00e1ria, havia sido anunciado em janeiro e foi bem recebido no mercado, que interpretou a movimenta\u00e7\u00e3o como um alinhamento da institui\u00e7\u00e3o bicenten\u00e1ria ao modelo de gest\u00e3o empregado nas grandes institui\u00e7\u00f5es privadas para fazer frente ao cen\u00e1rio competitivo que se desenha com a entrada das <a href=\"https:\/\/www.suno.com.br\/artigos\/fintechs\/\">fintechs<\/a> na disputa pela clientela. Mas, desagradou o presidente da Rep\u00fablica, Jair Bolsonaro, e culminou na debandada de executivos.<\/p>\n<p>&#8220;Tenho participado h\u00e1 alguns anos de tormentosa jornada na busca da evolu\u00e7\u00e3o da governan\u00e7a das empresas estatais. Muitos avan\u00e7os foram conquistados, n\u00e3o todos os pretendidos, mas conviver com retrocesso estabelece o limite que estou disposto a aceitar&#8221;, acrescentou Monforte, na carta, datada tamb\u00e9m de 1\u00ba de abril.<\/p>\n\t<div data-element=\"shortcode-read-more\" class=\"knowMore\">\n\t\t\t\t<span class=\"knowMore__title\">Saiba Mais<\/span>\n\t\t\t\t<a class=\"knowMore__link\" href=\"https:\/\/www.suno.com.br\/noticias\/banco-do-brasil-bbsa3-saida-luiz-santos-conselheiro\/\">\n\t\t\tBanco do Brasil (BBAS3): Ap\u00f3s sa\u00edda de conselheiros, Luiz Santos retira candidatura\t\t<\/a>\n\t<\/div>\n\n\n<p>Em sua carta de ren\u00fancia, o presidente do colegiado, <strong>H\u00e9lio Magalh\u00e3es<\/strong> disse ter tomado a decis\u00e3o em raz\u00e3o do &#8220;reiterado descaso com que o acionista majorit\u00e1rio vem tratando n\u00e3o apenas esta prestigiada institui\u00e7\u00e3o, mas tamb\u00e9m outras importantes estatais de capital aberto e seus principais administradores&#8221;.<\/p>\n<p>Magalh\u00e3es protestou ainda contra o rito de escolha do novo presidente do <strong>Banco do Brasil<\/strong>, &#8220;o qual simplesmente n\u00e3o considera o desej\u00e1vel crivo deste conselho, vez que baseado em legisla\u00e7\u00e3o anacr\u00f4nica e contr\u00e1ria \u00e0s melhores pr\u00e1ticas de governan\u00e7a em n\u00edvel global&#8221;.<\/p>\n<p>(Com informa\u00e7\u00f5es do Estad\u00e3o Conte\u00fado)<\/p>\n<p><span style=\"font-weight: 400;\">\t<p>\n\t\t<a href=\"https:\/\/lp.suno.com.br\/planilha-controle-gastos\/\" target=\"_blank\" data-element=\"shortcode-suno-banner\" title=\"Banner SUNO, clique e saiba mais\">\n\t\t\t<picture>\n\t\t\t\t<source media=\"(max-width: 500px)\" srcset=\"https:\/\/files.sunoresearch.com.br\/n\/uploads\/2023\/03\/400x300-Planilha-controle-de-gastos.png\">\n\t\t\t\t<img class=\"newsContent__article__imgCapa newsContent__article__imgCapa--banner\"\n\t\t\t\t\tsrc=\"https:\/\/files.sunoresearch.com.br\/n\/uploads\/2023\/03\/1420x240-Planilha-controle-de-gastos.png\"\n\t\t\t\t\tdata-promo-id=\"101751\"\t\t\t\t\t\t\t\t\t\twidth='1420' height='240'\t\t\t\t\talt=\"https:\/\/files.sunoresearch.com.br\/n\/uploads\/2023\/03\/1420x240-Planilha-controle-de-gastos.png\"\n\t\t\t\t>\n\t\t\t<\/picture>\n\t\t<\/a>\n\t<\/p>\n\n<\/span><\/p>\n","protected":false},"excerpt":{"rendered":"<p>Ap\u00f3s a carta de ren\u00fancia entregue pelo ex-presidente do conselho de administra\u00e7\u00e3o do Banco do Brasil (BBAS3), H\u00e9lio Magalh\u00e3es, o conselheiro independente Jos\u00e9 Guimar\u00e3es Monforte decidiu tamb\u00e9m enviar \u00e0 institui\u00e7\u00e3o sua carta de ren\u00fancia. Banco do Brasil. Foto: Marcelo Camargo. Ag\u00eancia Brasil A s\u00e9rie de ren\u00fancias vem na esteira da nomea\u00e7\u00e3o de Fausto Ribeiro para [&hellip;]<\/p>\n","protected":false},"author":15,"featured_media":136751,"comment_status":"closed","ping_status":"closed","sticky":false,"template":"","format":"standard","meta":[],"categories":[64],"tags":[732],"suno_strategy":[],"class_list":["post-136711","post","type-post","status-publish","format-standard","has-post-thumbnail","hentry","category-negocios","tag-banco-do-brasil-bbas3"],"yoast_head":"<!-- This site is optimized with the Yoast SEO plugin v24.4 - https:\/\/yoast.com\/wordpress\/plugins\/seo\/ -->\n<title>Banco do Brasil (BBAS3): Em carta, Monforte alega &#039;restri\u00e7\u00e3o inaceit\u00e1vel&#039;<\/title>\n<meta name=\"description\" content=\"O conselheiro independente Jos\u00e9 Guimar\u00e3es Monforte enviou ao Banco do Brasil (BBAS3) sua carta de ren\u00fancia. Clique aqui e saiba mais.\" \/>\n<meta name=\"robots\" content=\"index, follow, max-snippet:-1, max-image-preview:large, max-video-preview:-1\" \/>\n<link rel=\"canonical\" href=\"https:\/\/www.suno.com.br\/noticias\/banco-do-brasil-bbsa3-carta-monforte-renuncia\/\" \/>\n<meta property=\"og:locale\" content=\"pt_BR\" \/>\n<meta property=\"og:type\" content=\"article\" \/>\n<meta property=\"og:title\" content=\"Banco do Brasil (BBAS3): Em carta, Monforte alega &#039;restri\u00e7\u00e3o inaceit\u00e1vel&#039;\" \/>\n<meta property=\"og:description\" content=\"O conselheiro independente Jos\u00e9 Guimar\u00e3es Monforte enviou ao Banco do Brasil (BBAS3) sua carta de ren\u00fancia. Clique aqui e saiba mais.\" \/>\n<meta property=\"og:url\" content=\"https:\/\/www.suno.com.br\/noticias\/banco-do-brasil-bbsa3-carta-monforte-renuncia\/\" \/>\n<meta property=\"og:site_name\" content=\"Suno Not\u00edcias\" \/>\n<meta property=\"article:publisher\" content=\"https:\/\/facebook.com\/sunoresearch\" \/>\n<meta property=\"og:image\" content=\"https:\/\/files.sunoresearch.com.br\/n\/uploads\/2021\/04\/5cd8ddab-banco-do-brasil-agencia-brasil.jpg\" \/>\n\t<meta property=\"og:image:width\" content=\"1170\" \/>\n\t<meta property=\"og:image:height\" content=\"700\" \/>\n\t<meta property=\"og:image:type\" content=\"image\/jpeg\" \/>\n<meta name=\"author\" content=\"Poliana Santos\" \/>\n<meta name=\"twitter:card\" content=\"summary_large_image\" \/>\n<meta name=\"twitter:creator\" content=\"@sunoresearch\" \/>\n<meta name=\"twitter:site\" content=\"@sunoresearch\" \/>\n<meta name=\"twitter:label1\" content=\"Escrito por\" \/>\n\t<meta name=\"twitter:data1\" content=\"Poliana Santos\" \/>\n\t<meta name=\"twitter:label2\" content=\"Est. tempo de leitura\" \/>\n\t<meta name=\"twitter:data2\" content=\"3 minutos\" \/>\n<script type=\"application\/ld+json\" class=\"yoast-schema-graph\">{\"@context\":\"https:\/\/schema.org\",\"@graph\":[{\"@type\":\"NewsArticle\",\"@id\":\"https:\/\/www.suno.com.br\/noticias\/banco-do-brasil-bbsa3-carta-monforte-renuncia\/#article\",\"isPartOf\":{\"@id\":\"https:\/\/www.suno.com.br\/noticias\/banco-do-brasil-bbsa3-carta-monforte-renuncia\/\"},\"author\":{\"name\":\"Poliana Santos\",\"@id\":\"https:\/\/www.suno.com.br\/noticias\/#\/schema\/person\/02ec1f752758247878a2bf4abee1aeda\"},\"headline\":\"Banco do Brasil (BBAS3): Em carta de ren\u00fancia, Monforte alega &#8216;restri\u00e7\u00e3o inaceit\u00e1vel&#8217;\",\"datePublished\":\"2021-04-02T21:58:08+00:00\",\"mainEntityOfPage\":{\"@id\":\"https:\/\/www.suno.com.br\/noticias\/banco-do-brasil-bbsa3-carta-monforte-renuncia\/\"},\"wordCount\":519,\"publisher\":{\"@id\":\"https:\/\/www.suno.com.br\/noticias\/#organization\"},\"image\":{\"@id\":\"https:\/\/www.suno.com.br\/noticias\/banco-do-brasil-bbsa3-carta-monforte-renuncia\/#primaryimage\"},\"thumbnailUrl\":\"https:\/\/files.sunoresearch.com.br\/n\/uploads\/2021\/04\/5cd8ddab-banco-do-brasil-agencia-brasil-jpg.webp\",\"keywords\":[\"Banco do Brasil (BBAS3)\"],\"articleSection\":[\"Neg\u00f3cios\"],\"inLanguage\":\"pt-BR\"},{\"@type\":\"WebPage\",\"@id\":\"https:\/\/www.suno.com.br\/noticias\/banco-do-brasil-bbsa3-carta-monforte-renuncia\/\",\"url\":\"https:\/\/www.suno.com.br\/noticias\/banco-do-brasil-bbsa3-carta-monforte-renuncia\/\",\"name\":\"Banco do Brasil (BBAS3): Em carta, Monforte alega 'restri\u00e7\u00e3o inaceit\u00e1vel'\",\"isPartOf\":{\"@id\":\"https:\/\/www.suno.com.br\/noticias\/#website\"},\"primaryImageOfPage\":{\"@id\":\"https:\/\/www.suno.com.br\/noticias\/banco-do-brasil-bbsa3-carta-monforte-renuncia\/#primaryimage\"},\"image\":{\"@id\":\"https:\/\/www.suno.com.br\/noticias\/banco-do-brasil-bbsa3-carta-monforte-renuncia\/#primaryimage\"},\"thumbnailUrl\":\"https:\/\/files.sunoresearch.com.br\/n\/uploads\/2021\/04\/5cd8ddab-banco-do-brasil-agencia-brasil-jpg.webp\",\"datePublished\":\"2021-04-02T21:58:08+00:00\",\"description\":\"O conselheiro independente Jos\u00e9 Guimar\u00e3es Monforte enviou ao Banco do Brasil (BBAS3) sua carta de ren\u00fancia. Clique aqui e saiba mais.\",\"breadcrumb\":{\"@id\":\"https:\/\/www.suno.com.br\/noticias\/banco-do-brasil-bbsa3-carta-monforte-renuncia\/#breadcrumb\"},\"inLanguage\":\"pt-BR\",\"potentialAction\":[{\"@type\":\"ReadAction\",\"target\":[\"https:\/\/www.suno.com.br\/noticias\/banco-do-brasil-bbsa3-carta-monforte-renuncia\/\"]}]},{\"@type\":\"ImageObject\",\"inLanguage\":\"pt-BR\",\"@id\":\"https:\/\/www.suno.com.br\/noticias\/banco-do-brasil-bbsa3-carta-monforte-renuncia\/#primaryimage\",\"url\":\"https:\/\/files.sunoresearch.com.br\/n\/uploads\/2021\/04\/5cd8ddab-banco-do-brasil-agencia-brasil-jpg.webp\",\"contentUrl\":\"https:\/\/files.sunoresearch.com.br\/n\/uploads\/2021\/04\/5cd8ddab-banco-do-brasil-agencia-brasil-jpg.webp\",\"width\":1170,\"height\":700,\"caption\":\"Banco do Brasil. Foto: Marcelo Camargo. Ag\u00eancia Brasil\"},{\"@type\":\"BreadcrumbList\",\"@id\":\"https:\/\/www.suno.com.br\/noticias\/banco-do-brasil-bbsa3-carta-monforte-renuncia\/#breadcrumb\",\"itemListElement\":[{\"@type\":\"ListItem\",\"position\":1,\"name\":\"Not\u00edcias\",\"item\":\"https:\/\/www.suno.com.br\/noticias\/\"},{\"@type\":\"ListItem\",\"position\":2,\"name\":\"Neg\u00f3cios\",\"item\":\"https:\/\/www.suno.com.br\/noticias\/negocios\/\"},{\"@type\":\"ListItem\",\"position\":3,\"name\":\"Banco do Brasil (BBAS3): Em carta de ren\u00fancia, Monforte alega &#8216;restri\u00e7\u00e3o inaceit\u00e1vel&#8217;\"}]},{\"@type\":\"WebSite\",\"@id\":\"https:\/\/www.suno.com.br\/noticias\/#website\",\"url\":\"https:\/\/www.suno.com.br\/noticias\/\",\"name\":\"Suno Not\u00edcias\",\"description\":\"Seu portal de informa\u00e7\u00e3o sobre o mundo dos investimentos\",\"publisher\":{\"@id\":\"https:\/\/www.suno.com.br\/noticias\/#organization\"},\"potentialAction\":[{\"@type\":\"SearchAction\",\"target\":{\"@type\":\"EntryPoint\",\"urlTemplate\":\"https:\/\/www.suno.com.br\/noticias\/?s={search_term_string}\"},\"query-input\":{\"@type\":\"PropertyValueSpecification\",\"valueRequired\":true,\"valueName\":\"search_term_string\"}}],\"inLanguage\":\"pt-BR\"},{\"@type\":\"Organization\",\"@id\":\"https:\/\/www.suno.com.br\/noticias\/#organization\",\"name\":\"Suno Not\u00edcias\",\"url\":\"https:\/\/www.suno.com.br\/noticias\/\",\"logo\":{\"@type\":\"ImageObject\",\"inLanguage\":\"pt-BR\",\"@id\":\"https:\/\/www.suno.com.br\/noticias\/#\/schema\/logo\/image\/\",\"url\":\"https:\/\/files.sunoresearch.com.br\/n\/uploads\/2021\/09\/suno-logo.png\",\"contentUrl\":\"https:\/\/files.sunoresearch.com.br\/n\/uploads\/2021\/09\/suno-logo.png\",\"width\":180,\"height\":180,\"caption\":\"Suno Not\u00edcias\"},\"image\":{\"@id\":\"https:\/\/www.suno.com.br\/noticias\/#\/schema\/logo\/image\/\"},\"sameAs\":[\"https:\/\/facebook.com\/sunoresearch\",\"https:\/\/x.com\/sunoresearch\",\"https:\/\/www.instagram.com\/suno\",\"https:\/\/www.linkedin.com\/company\/suno-research\/\",\"https:\/\/www.youtube.com\/c\/sunoresearch\"]},{\"@type\":\"Person\",\"@id\":\"https:\/\/www.suno.com.br\/noticias\/#\/schema\/person\/02ec1f752758247878a2bf4abee1aeda\",\"name\":\"Poliana Santos\",\"image\":{\"@type\":\"ImageObject\",\"inLanguage\":\"pt-BR\",\"@id\":\"https:\/\/www.suno.com.br\/noticias\/#\/schema\/person\/image\/\",\"url\":\"https:\/\/secure.gravatar.com\/avatar\/0645bd32f23d87b2130f2b2dff1d3f8d?s=96&r=g\",\"contentUrl\":\"https:\/\/secure.gravatar.com\/avatar\/0645bd32f23d87b2130f2b2dff1d3f8d?s=96&r=g\",\"caption\":\"Poliana Santos\"},\"description\":\"Rep\u00f3rter no Suno Not\u00edcias, com cobertura em mercado financeiro, economia, finan\u00e7as pessoais, renda fixa e varejo. Jornalista formada pela Faculdade C\u00e1sper L\u00edbero e possui passagem na R\u00e1dio Gazeta AM com a produ\u00e7\u00e3o de conte\u00fado sobre economia, pol\u00edtica, sa\u00fade, moda e m\u00fasica. Possui certificado de conclus\u00e3o do curso de An\u00e1lise de Balan\u00e7os pela Funda\u00e7\u00e3o Bradesco, Agenda Brasil pela FAAP, Educa\u00e7\u00e3o Pol\u00edtica por Alexandre Garcia e do Tesouro Direto e Mercado de A\u00e7\u00f5es pela B3.\",\"url\":\"https:\/\/www.suno.com.br\/noticias\/author\/poliana-santos\/\"}]}<\/script>\n<!-- \/ Yoast SEO plugin. -->","yoast_head_json":{"title":"Banco do Brasil (BBAS3): Em carta, Monforte alega 'restri\u00e7\u00e3o inaceit\u00e1vel'","description":"O conselheiro independente Jos\u00e9 Guimar\u00e3es Monforte enviou ao Banco do Brasil (BBAS3) sua carta de ren\u00fancia. Clique aqui e saiba mais.","robots":{"index":"index","follow":"follow","max-snippet":"max-snippet:-1","max-image-preview":"max-image-preview:large","max-video-preview":"max-video-preview:-1"},"canonical":"https:\/\/www.suno.com.br\/noticias\/banco-do-brasil-bbsa3-carta-monforte-renuncia\/","og_locale":"pt_BR","og_type":"article","og_title":"Banco do Brasil (BBAS3): Em carta, Monforte alega 'restri\u00e7\u00e3o inaceit\u00e1vel'","og_description":"O conselheiro independente Jos\u00e9 Guimar\u00e3es Monforte enviou ao Banco do Brasil (BBAS3) sua carta de ren\u00fancia. Clique aqui e saiba mais.","og_url":"https:\/\/www.suno.com.br\/noticias\/banco-do-brasil-bbsa3-carta-monforte-renuncia\/","og_site_name":"Suno Not\u00edcias","article_publisher":"https:\/\/facebook.com\/sunoresearch","og_image":[{"width":1170,"height":700,"url":"https:\/\/files.sunoresearch.com.br\/n\/uploads\/2021\/04\/5cd8ddab-banco-do-brasil-agencia-brasil.jpg","type":"image\/jpeg"}],"author":"Poliana Santos","twitter_card":"summary_large_image","twitter_creator":"@sunoresearch","twitter_site":"@sunoresearch","twitter_misc":{"Escrito por":"Poliana Santos","Est. tempo de leitura":"3 minutos"},"schema":{"@context":"https:\/\/schema.org","@graph":[{"@type":"NewsArticle","@id":"https:\/\/www.suno.com.br\/noticias\/banco-do-brasil-bbsa3-carta-monforte-renuncia\/#article","isPartOf":{"@id":"https:\/\/www.suno.com.br\/noticias\/banco-do-brasil-bbsa3-carta-monforte-renuncia\/"},"author":{"name":"Poliana Santos","@id":"https:\/\/www.suno.com.br\/noticias\/#\/schema\/person\/02ec1f752758247878a2bf4abee1aeda"},"headline":"Banco do Brasil (BBAS3): Em carta de ren\u00fancia, Monforte alega &#8216;restri\u00e7\u00e3o inaceit\u00e1vel&#8217;","datePublished":"2021-04-02T21:58:08+00:00","mainEntityOfPage":{"@id":"https:\/\/www.suno.com.br\/noticias\/banco-do-brasil-bbsa3-carta-monforte-renuncia\/"},"wordCount":519,"publisher":{"@id":"https:\/\/www.suno.com.br\/noticias\/#organization"},"image":{"@id":"https:\/\/www.suno.com.br\/noticias\/banco-do-brasil-bbsa3-carta-monforte-renuncia\/#primaryimage"},"thumbnailUrl":"https:\/\/files.sunoresearch.com.br\/n\/uploads\/2021\/04\/5cd8ddab-banco-do-brasil-agencia-brasil-jpg.webp","keywords":["Banco do Brasil (BBAS3)"],"articleSection":["Neg\u00f3cios"],"inLanguage":"pt-BR"},{"@type":"WebPage","@id":"https:\/\/www.suno.com.br\/noticias\/banco-do-brasil-bbsa3-carta-monforte-renuncia\/","url":"https:\/\/www.suno.com.br\/noticias\/banco-do-brasil-bbsa3-carta-monforte-renuncia\/","name":"Banco do Brasil (BBAS3): Em carta, Monforte alega 'restri\u00e7\u00e3o inaceit\u00e1vel'","isPartOf":{"@id":"https:\/\/www.suno.com.br\/noticias\/#website"},"primaryImageOfPage":{"@id":"https:\/\/www.suno.com.br\/noticias\/banco-do-brasil-bbsa3-carta-monforte-renuncia\/#primaryimage"},"image":{"@id":"https:\/\/www.suno.com.br\/noticias\/banco-do-brasil-bbsa3-carta-monforte-renuncia\/#primaryimage"},"thumbnailUrl":"https:\/\/files.sunoresearch.com.br\/n\/uploads\/2021\/04\/5cd8ddab-banco-do-brasil-agencia-brasil-jpg.webp","datePublished":"2021-04-02T21:58:08+00:00","description":"O conselheiro independente Jos\u00e9 Guimar\u00e3es Monforte enviou ao Banco do Brasil (BBAS3) sua carta de ren\u00fancia. Clique aqui e saiba mais.","breadcrumb":{"@id":"https:\/\/www.suno.com.br\/noticias\/banco-do-brasil-bbsa3-carta-monforte-renuncia\/#breadcrumb"},"inLanguage":"pt-BR","potentialAction":[{"@type":"ReadAction","target":["https:\/\/www.suno.com.br\/noticias\/banco-do-brasil-bbsa3-carta-monforte-renuncia\/"]}]},{"@type":"ImageObject","inLanguage":"pt-BR","@id":"https:\/\/www.suno.com.br\/noticias\/banco-do-brasil-bbsa3-carta-monforte-renuncia\/#primaryimage","url":"https:\/\/files.sunoresearch.com.br\/n\/uploads\/2021\/04\/5cd8ddab-banco-do-brasil-agencia-brasil-jpg.webp","contentUrl":"https:\/\/files.sunoresearch.com.br\/n\/uploads\/2021\/04\/5cd8ddab-banco-do-brasil-agencia-brasil-jpg.webp","width":1170,"height":700,"caption":"Banco do Brasil. Foto: Marcelo Camargo. Ag\u00eancia Brasil"},{"@type":"BreadcrumbList","@id":"https:\/\/www.suno.com.br\/noticias\/banco-do-brasil-bbsa3-carta-monforte-renuncia\/#breadcrumb","itemListElement":[{"@type":"ListItem","position":1,"name":"Not\u00edcias","item":"https:\/\/www.suno.com.br\/noticias\/"},{"@type":"ListItem","position":2,"name":"Neg\u00f3cios","item":"https:\/\/www.suno.com.br\/noticias\/negocios\/"},{"@type":"ListItem","position":3,"name":"Banco do Brasil (BBAS3): Em carta de ren\u00fancia, Monforte alega &#8216;restri\u00e7\u00e3o inaceit\u00e1vel&#8217;"}]},{"@type":"WebSite","@id":"https:\/\/www.suno.com.br\/noticias\/#website","url":"https:\/\/www.suno.com.br\/noticias\/","name":"Suno Not\u00edcias","description":"Seu portal de informa\u00e7\u00e3o sobre o mundo dos investimentos","publisher":{"@id":"https:\/\/www.suno.com.br\/noticias\/#organization"},"potentialAction":[{"@type":"SearchAction","target":{"@type":"EntryPoint","urlTemplate":"https:\/\/www.suno.com.br\/noticias\/?s={search_term_string}"},"query-input":{"@type":"PropertyValueSpecification","valueRequired":true,"valueName":"search_term_string"}}],"inLanguage":"pt-BR"},{"@type":"Organization","@id":"https:\/\/www.suno.com.br\/noticias\/#organization","name":"Suno Not\u00edcias","url":"https:\/\/www.suno.com.br\/noticias\/","logo":{"@type":"ImageObject","inLanguage":"pt-BR","@id":"https:\/\/www.suno.com.br\/noticias\/#\/schema\/logo\/image\/","url":"https:\/\/files.sunoresearch.com.br\/n\/uploads\/2021\/09\/suno-logo.png","contentUrl":"https:\/\/files.sunoresearch.com.br\/n\/uploads\/2021\/09\/suno-logo.png","width":180,"height":180,"caption":"Suno Not\u00edcias"},"image":{"@id":"https:\/\/www.suno.com.br\/noticias\/#\/schema\/logo\/image\/"},"sameAs":["https:\/\/facebook.com\/sunoresearch","https:\/\/x.com\/sunoresearch","https:\/\/www.instagram.com\/suno","https:\/\/www.linkedin.com\/company\/suno-research\/","https:\/\/www.youtube.com\/c\/sunoresearch"]},{"@type":"Person","@id":"https:\/\/www.suno.com.br\/noticias\/#\/schema\/person\/02ec1f752758247878a2bf4abee1aeda","name":"Poliana Santos","image":{"@type":"ImageObject","inLanguage":"pt-BR","@id":"https:\/\/www.suno.com.br\/noticias\/#\/schema\/person\/image\/","url":"https:\/\/secure.gravatar.com\/avatar\/0645bd32f23d87b2130f2b2dff1d3f8d?s=96&r=g","contentUrl":"https:\/\/secure.gravatar.com\/avatar\/0645bd32f23d87b2130f2b2dff1d3f8d?s=96&r=g","caption":"Poliana Santos"},"description":"Rep\u00f3rter no Suno Not\u00edcias, com cobertura em mercado financeiro, economia, finan\u00e7as pessoais, renda fixa e varejo. Jornalista formada pela Faculdade C\u00e1sper L\u00edbero e possui passagem na R\u00e1dio Gazeta AM com a produ\u00e7\u00e3o de conte\u00fado sobre economia, pol\u00edtica, sa\u00fade, moda e m\u00fasica. Possui certificado de conclus\u00e3o do curso de An\u00e1lise de Balan\u00e7os pela Funda\u00e7\u00e3o Bradesco, Agenda Brasil pela FAAP, Educa\u00e7\u00e3o Pol\u00edtica por Alexandre Garcia e do Tesouro Direto e Mercado de A\u00e7\u00f5es pela B3.","url":"https:\/\/www.suno.com.br\/noticias\/author\/poliana-santos\/"}]}},"default_loop_html":"<div class=\"cardsPage__listCard__boxs\"><div class=\"cardsPage__listCard__boxs__img\"><a href=\"https:\/\/www.suno.com.br\/noticias\/banco-do-brasil-bbsa3-carta-monforte-renuncia\/\"><img class=\"mask\" src=\"https:\/\/www.suno.com.br\/noticias\/wp-content\/themes\/suno\/resources\/images\/spotlight\/spotlight1img\/bg-mask.png\" alt=\"Image Mask\"\/><img src=\"https:\/\/files.sunoresearch.com.br\/n\/uploads\/2021\/04\/5cd8ddab-banco-do-brasil-agencia-brasil-400x200.webp\" alt=\"Banco do Brasil (BBAS3): Em carta de ren\u00fancia, Monforte alega &#8216;restri\u00e7\u00e3o inaceit\u00e1vel&#8217;\"\/><\/a><span class=\"spotlightCategory\"><a href=\"https:\/\/www.suno.com.br\/noticias\/negocios\/\">Neg\u00f3cios<\/a><\/span><\/div><div class=\"cardsPage__listCard__boxs__content\"><a href=\"https:\/\/www.suno.com.br\/noticias\/banco-do-brasil-bbsa3-carta-monforte-renuncia\/\"><h2 class=\"content__title\">Banco do Brasil (BBAS3): Em carta de ren\u00fancia, Monforte alega &#8216;restri\u00e7\u00e3o inaceit\u00e1vel&#8217;<\/h2><\/a><div class=\"newsContent__article__meta\"><div class=\"newsContent__article__meta__authorBox\"><a href=\"https:\/\/www.suno.com.br\/noticias\/author\/poliana-santos\/\" class=\"authorBox__avatar noMobi\"><img src=\"https:\/\/files.sunoresearch.com.br\/n\/uploads\/2020\/08\/7ef34026-whatsapp-image-2020-08-03-at-12.37.57-150x150.webp\" alt=\"Poliana Santos\"><\/a><div class=\"authorBox__name\"><span>por\n\t\t\t<a href=\"https:\/\/www.suno.com.br\/noticias\/author\/poliana-santos\/\"><span itemprop=\"author\">Poliana Santos<\/span><\/a><\/span><time datetime=\"2021-04-02T18:58:08-03:00\" itemprop=\"datePublished\">02\/04\/2021 18:58<\/time><\/div><\/div><\/div><\/div><\/div>","single_layout":"posts","amp_enabled":true,"_links":{"self":[{"href":"https:\/\/www.suno.com.br\/noticias\/wp-json\/wp\/v2\/posts\/136711"}],"collection":[{"href":"https:\/\/www.suno.com.br\/noticias\/wp-json\/wp\/v2\/posts"}],"about":[{"href":"https:\/\/www.suno.com.br\/noticias\/wp-json\/wp\/v2\/types\/post"}],"author":[{"embeddable":true,"href":"https:\/\/www.suno.com.br\/noticias\/wp-json\/wp\/v2\/users\/15"}],"replies":[{"embeddable":true,"href":"https:\/\/www.suno.com.br\/noticias\/wp-json\/wp\/v2\/comments?post=136711"}],"version-history":[{"count":3,"href":"https:\/\/www.suno.com.br\/noticias\/wp-json\/wp\/v2\/posts\/136711\/revisions"}],"predecessor-version":[{"id":136753,"href":"https:\/\/www.suno.com.br\/noticias\/wp-json\/wp\/v2\/posts\/136711\/revisions\/136753"}],"wp:featuredmedia":[{"embeddable":true,"href":"https:\/\/www.suno.com.br\/noticias\/wp-json\/wp\/v2\/media\/136751"}],"wp:attachment":[{"href":"https:\/\/www.suno.com.br\/noticias\/wp-json\/wp\/v2\/media?parent=136711"}],"wp:term":[{"taxonomy":"category","embeddable":true,"href":"https:\/\/www.suno.com.br\/noticias\/wp-json\/wp\/v2\/categories?post=136711"},{"taxonomy":"post_tag","embeddable":true,"href":"https:\/\/www.suno.com.br\/noticias\/wp-json\/wp\/v2\/tags?post=136711"},{"taxonomy":"suno_strategy","embeddable":true,"href":"https:\/\/www.suno.com.br\/noticias\/wp-json\/wp\/v2\/suno_strategy?post=136711"}],"curies":[{"name":"wp","href":"https:\/\/api.w.org\/{rel}","templated":true}]}}