{"id":136701,"date":"2021-04-02T13:22:29","date_gmt":"2021-04-02T16:22:29","guid":{"rendered":"https:\/\/www.suno.com.br\/noticias\/?p=136701"},"modified":"2021-04-02T13:22:29","modified_gmt":"2021-04-02T16:22:29","slug":"petrobras-petr4-refinaria-tcu","status":"publish","type":"post","link":"https:\/\/www.suno.com.br\/noticias\/petrobras-petr4-refinaria-tcu\/","title":{"rendered":"Petrobras (PETR4): TCU v\u00ea pre\u00e7o baixo e amea\u00e7a suspender venda de refinaria"},"content":{"rendered":"<p>O ministro do Tribunal de Contas da Uni\u00e3o (TCU), Walton Alencar, pediu que sua equipe t\u00e9cnica apresente um parecer para decidir se suspende ou n\u00e3o a privatiza\u00e7\u00e3o da Renfinaria (Rlam), na Bahia. A decis\u00e3o veio uma semana depois de a<a href=\"https:\/\/www.suno.com.br\/acoes\/petr4\/\"><strong> Petrobras<\/strong> (PETR4)<\/a> assinar contrato com o novo dono &#8211; o fundo de investimento Mubadala, dos Emirados \u00c1rabes. O receio do TCU \u00e9 que a Rlam tenha sido vendida por um pre\u00e7o inferior ao seu valor de mercado.<\/p>\t<div class=\"wrapper-featured-image\">\n\t\t<figure class=\"spotlightImg\">\n\n\t\t\t<picture>\n\t\t\t\t<source media=\"(max-width: 768px)\" srcset=\"https:\/\/files.sunoresearch.com.br\/n\/uploads\/2021\/03\/f6e5887c-whatsapp-image-2021-03-31-at-14.08.06-400x200.webp\">\n\t\t\t\t<img loading=\"lazy\" decoding=\"async\" class=\"newsContent__article__imgCapa lazyloadDisabled \" src=\"https:\/\/files.sunoresearch.com.br\/n\/uploads\/2021\/03\/f6e5887c-whatsapp-image-2021-03-31-at-14.08.06-800x450.webp\" width=\"800\" height=\"450\" alt=\"Petrobras (PETR4): TCU v\u00ea pre\u00e7o baixo e amea\u00e7a suspender venda de refinaria\" fetchpriority=high \/>\n\t\t\t<\/picture>\n\n\t\t\t<figcaption class=\"wp-caption-text wp-caption-text--show\">Petrobras (PETR4), Eletrobras (ELET3) e Natura (NTCO3) agitam o mercado financeiro. Foto: Divulga\u00e7\u00e3o<\/figcaption>\n\t\t<\/figure>\n\t<\/div>\n\n\n\t<p>\n\t\t<a href=\"https:\/\/lp.suno.com.br\/planilha-de-controle-de-investimentos\/\" target=\"_blank\" data-element=\"shortcode-suno-banner\" title=\"Banner SUNO, clique e saiba mais\">\n\t\t\t<picture>\n\t\t\t\t<source media=\"(max-width: 500px)\" srcset=\"https:\/\/files.sunoresearch.com.br\/n\/uploads\/2023\/03\/400x300-Controle-de-Investimentos.png\">\n\t\t\t\t<img class=\"newsContent__article__imgCapa newsContent__article__imgCapa--banner\"\n\t\t\t\t\tsrc=\"https:\/\/files.sunoresearch.com.br\/n\/uploads\/2023\/03\/1420x240-Controle-de-Investimentos.png\"\n\t\t\t\t\tdata-promo-id=\"75934\"\t\t\t\t\t\t\t\t\t\twidth='1420' height='240'\t\t\t\t\talt=\"https:\/\/files.sunoresearch.com.br\/n\/uploads\/2023\/03\/1420x240-Controle-de-Investimentos.png\"\n\t\t\t\t>\n\t\t\t<\/picture>\n\t\t<\/a>\n\t<\/p>\n\n\n<p>O contrato de venda da refinaria para o <strong>Mubadala<\/strong> foi assinado no \u00faltimo dia 24, logo ap\u00f3s o conselho de administra\u00e7\u00e3o da Petrobras aprovar a conclus\u00e3o do neg\u00f3cio. O fundo \u00e1rabe vai pagar US$ 1,65 bilh\u00e3o (cerca de R$ 9,43 bilh\u00f5es) pela refinaria. Mas, segundo o ministro do TCU, a pr\u00f3pria <strong>Petrobras<\/strong> havia definido um pre\u00e7o de US$ 3,04 bilh\u00f5es como refer\u00eancia no processo de aliena\u00e7\u00e3o do ativo.<\/p>\n<p><a href=\"https:\/\/lp.suno.com.br\/suno-one\/\">Suno One: acesse gratuitamente eBooks, Minicursos, Artigos e V\u00eddeo Aulas sobre investimentos com um \u00fanico cadastro. Clique para saber mais!<\/a><\/p>\n<p>No c\u00e1lculo deste valor, a empresa j\u00e1 considerou a evolu\u00e7\u00e3o da pandemia de covid-19, no ano passado, num cen\u00e1rio denominado &#8220;base&#8221;, no qual s\u00e3o aplicadas &#8220;metodologia e premissas t\u00e9cnicas e econ\u00f4micas mais robustas, criteriosas e sem vi\u00e9s pessimista ou otimista&#8221;, de acordo com o <strong>Tribunal<\/strong>.<\/p>\n<p>Diante da diferen\u00e7a entre o valor fechado com o Mubadala e o pre\u00e7o usado como refer\u00eancia pela Petrobras, o subprocurador-geral do TCU,<strong> Lucas Rocha Furtado<\/strong>, alertou o ministro sobre a venda da Rlam &#8220;a pre\u00e7os abaixo do seu valor de mercado&#8221;. Alencar \u00e9 o relator do processo de fiscaliza\u00e7\u00e3o da privatiza\u00e7\u00e3o das refinarias estatais.<\/p>\n<p>Em seu comunicado no plen\u00e1rio, na sess\u00e3o da \u00faltima quarta-feira, o ministro citou o risco de o neg\u00f3cio ser conclu\u00eddo antes que o TCU apresente seu posicionamento. Disse ainda j\u00e1 ter recebido todas as informa\u00e7\u00f5es necess\u00e1rias da Petrobras para concluir sua avalia\u00e7\u00e3o. E deu um prazo de cinco dias \u00fateis \u00e0 sua equipe t\u00e9cnica para que apresente um parecer.<\/p>\n<p>A vis\u00e3o de Alencar \u00e9 que poss\u00edveis irregularidades na aliena\u00e7\u00e3o da refinaria podem gerar &#8220;preju\u00edzo ao interesse p\u00fablico&#8221;. Podem tamb\u00e9m, avalia, comprometer o processo de venda de outras f\u00e1bricas produtoras de combust\u00edveis que pertencem \u00e0 estatal.<\/p>\n<h2>Petrobras tem mais sete refinarias na lista de vendas<\/h2>\n<p>A <strong>Rlam<\/strong> foi a primeira refinaria a ser vendida pela Petrobras. H\u00e1 ainda outras sete na lista de privatiza\u00e7\u00f5es. O motivo da aliena\u00e7\u00e3o, segundo a empresa, \u00e9 realocar o investimento para setores considerados estrat\u00e9gicos, como o <strong>pr\u00e9-sal<\/strong>. A empresa fala ainda que conseguir\u00e1 reduzir a d\u00edvida com esse dinheiro e que, com a iniciativa privada no segmento de refino, o governo n\u00e3o vai poder intervir nos pre\u00e7os dos combust\u00edveis.<\/p>\n<p>Desde que as negocia\u00e7\u00f5es com o <strong>Mubadala<\/strong> foram conclu\u00eddas, o neg\u00f3cio tem sido questionado pelo mercado. O Instituto de Estudos Estrat\u00e9gicos de Petr\u00f3leo, G\u00e1s Natural e Biocombust\u00edveis (Ineep) estimou a Rlam em US$ 3 bilh\u00f5es, quase o dobro do que vai ser pago pelo fundo. O valor de US$ 1,65 bilh\u00e3o est\u00e1 35% abaixo do limite inferior projetado pelo banco <a href=\"https:\/\/www.suno.com.br\/acoes\/bpac11\/\">BTG Pactual (BPAC11)<\/a>. J\u00e1 a XP Investimentos avaliou que, com esse dinheiro, a Petrobras vai conseguir atingir uma parcela muito pequena das suas metas financeiras.<\/p>\n\t<div data-element=\"shortcode-read-more\" class=\"knowMore\">\n\t\t\t\t<span class=\"knowMore__title\">Veja Tamb\u00e9m<\/span>\n\t\t\t\t<a class=\"knowMore__link\" href=\"https:\/\/www.suno.com.br\/noticias\/petrobras-petr4-vendas-diesel\/\">\n\t\t\tPetrobras (PETR4): vendas de diesel avan\u00e7am 35%, e vendas de Diesel S-10 batem recorde\t\t<\/a>\n\t<\/div>\n\n\n<p>Em resposta, a <strong>Petrobras<\/strong> reiterou que a venda da Rlam ao Mubadala j\u00e1 foi conclu\u00edda. Disse ainda que o desinvestimento &#8220;vem sendo acompanhado com proximidade pela equipe t\u00e9cnica do <strong>Tribunal de Contas<\/strong> desde o in\u00edcio, por meio de processo de fiscaliza\u00e7\u00e3o espec\u00edfico&#8221;. E acrescentou que todas as informa\u00e7\u00f5es sobre as fases das licita\u00e7\u00f5es s\u00e3o compartilhadas &#8220;de forma cont\u00ednua e diligente com o \u00f3rg\u00e3o de controle&#8221;.<\/p>\n<p>As cr\u00edticas levaram o atual presidente da <strong>Petrobras<\/strong>, Roberto Castello Branco, a distribuir uma carta aos funcion\u00e1rios, na \u00faltima segunda-feira. A poucos dias de deixar o cargo, o executivo argumentou, no comunicado interno, que &#8220;n\u00e3o houve pressa exagerada, n\u00e3o houve aprova\u00e7\u00e3o ao apagar das luzes da atual administra\u00e7\u00e3o&#8221; na assinatura do contrato com o fundo de investimento.<\/p>\n<p>(Com informa\u00e7\u00f5es do Estad\u00e3o Conte\u00fado)<\/p>\n<p><span style=\"font-weight: 400;\">\t<p>\n\t\t<a href=\"https:\/\/lp.suno.com.br\/planilha-controle-gastos\/\" target=\"_blank\" data-element=\"shortcode-suno-banner\" title=\"Banner SUNO, clique e saiba mais\">\n\t\t\t<picture>\n\t\t\t\t<source media=\"(max-width: 500px)\" srcset=\"https:\/\/files.sunoresearch.com.br\/n\/uploads\/2023\/03\/400x300-Planilha-controle-de-gastos.png\">\n\t\t\t\t<img class=\"newsContent__article__imgCapa newsContent__article__imgCapa--banner\"\n\t\t\t\t\tsrc=\"https:\/\/files.sunoresearch.com.br\/n\/uploads\/2023\/03\/1420x240-Planilha-controle-de-gastos.png\"\n\t\t\t\t\tdata-promo-id=\"101751\"\t\t\t\t\t\t\t\t\t\twidth='1420' height='240'\t\t\t\t\talt=\"https:\/\/files.sunoresearch.com.br\/n\/uploads\/2023\/03\/1420x240-Planilha-controle-de-gastos.png\"\n\t\t\t\t>\n\t\t\t<\/picture>\n\t\t<\/a>\n\t<\/p>\n\n<\/span><\/p>\n","protected":false},"excerpt":{"rendered":"<p>O ministro do Tribunal de Contas da Uni\u00e3o (TCU), Walton Alencar, pediu que sua equipe t\u00e9cnica apresente um parecer para decidir se suspende ou n\u00e3o a privatiza\u00e7\u00e3o da Renfinaria (Rlam), na Bahia. A decis\u00e3o veio uma semana depois de a Petrobras (PETR4) assinar contrato com o novo dono &#8211; o fundo de investimento Mubadala, dos [&hellip;]<\/p>\n","protected":false},"author":15,"featured_media":136132,"comment_status":"closed","ping_status":"closed","sticky":false,"template":"","format":"standard","meta":[],"categories":[64],"tags":[595,1335],"suno_strategy":[],"class_list":["post-136701","post","type-post","status-publish","format-standard","has-post-thumbnail","hentry","category-negocios","tag-petrobras-petr4","tag-refinarias"],"yoast_head":"<!-- This site is optimized with the Yoast SEO plugin v24.4 - https:\/\/yoast.com\/wordpress\/plugins\/seo\/ -->\n<title>Petrobras (PETR4): TCU amea\u00e7a suspender venda de refinaria<\/title>\n<meta name=\"description\" content=\"O receio do TCU \u00e9 que a Rlam tenha sido vendida pela Petrobras (PETR4) por um pre\u00e7o inferior ao seu valor de mercado. Clique aqui e saiba mais\" \/>\n<meta name=\"robots\" content=\"index, follow, max-snippet:-1, max-image-preview:large, max-video-preview:-1\" \/>\n<link rel=\"canonical\" href=\"https:\/\/www.suno.com.br\/noticias\/petrobras-petr4-refinaria-tcu\/\" \/>\n<meta property=\"og:locale\" content=\"pt_BR\" \/>\n<meta property=\"og:type\" content=\"article\" \/>\n<meta property=\"og:title\" content=\"Petrobras (PETR4): TCU amea\u00e7a suspender venda de refinaria\" \/>\n<meta property=\"og:description\" content=\"O receio do TCU \u00e9 que a Rlam tenha sido vendida pela Petrobras (PETR4) por um pre\u00e7o inferior ao seu valor de mercado. Clique aqui e saiba mais\" \/>\n<meta property=\"og:url\" content=\"https:\/\/www.suno.com.br\/noticias\/petrobras-petr4-refinaria-tcu\/\" \/>\n<meta property=\"og:site_name\" content=\"Suno Not\u00edcias\" \/>\n<meta property=\"article:publisher\" content=\"https:\/\/facebook.com\/sunoresearch\" \/>\n<meta property=\"og:image\" content=\"https:\/\/files.sunoresearch.com.br\/n\/uploads\/2021\/03\/f6e5887c-whatsapp-image-2021-03-31-at-14.08.06.jpeg\" \/>\n\t<meta property=\"og:image:width\" content=\"1280\" \/>\n\t<meta property=\"og:image:height\" content=\"853\" \/>\n\t<meta property=\"og:image:type\" content=\"image\/jpeg\" \/>\n<meta name=\"author\" content=\"Poliana Santos\" \/>\n<meta name=\"twitter:card\" content=\"summary_large_image\" \/>\n<meta name=\"twitter:creator\" content=\"@sunoresearch\" \/>\n<meta name=\"twitter:site\" content=\"@sunoresearch\" \/>\n<meta name=\"twitter:label1\" content=\"Escrito por\" \/>\n\t<meta name=\"twitter:data1\" content=\"Poliana Santos\" \/>\n\t<meta name=\"twitter:label2\" content=\"Est. tempo de leitura\" \/>\n\t<meta name=\"twitter:data2\" content=\"4 minutos\" \/>\n<script type=\"application\/ld+json\" class=\"yoast-schema-graph\">{\"@context\":\"https:\/\/schema.org\",\"@graph\":[{\"@type\":\"NewsArticle\",\"@id\":\"https:\/\/www.suno.com.br\/noticias\/petrobras-petr4-refinaria-tcu\/#article\",\"isPartOf\":{\"@id\":\"https:\/\/www.suno.com.br\/noticias\/petrobras-petr4-refinaria-tcu\/\"},\"author\":{\"name\":\"Poliana Santos\",\"@id\":\"https:\/\/www.suno.com.br\/noticias\/#\/schema\/person\/02ec1f752758247878a2bf4abee1aeda\"},\"headline\":\"Petrobras (PETR4): TCU v\u00ea pre\u00e7o baixo e amea\u00e7a suspender venda de refinaria\",\"datePublished\":\"2021-04-02T16:22:29+00:00\",\"mainEntityOfPage\":{\"@id\":\"https:\/\/www.suno.com.br\/noticias\/petrobras-petr4-refinaria-tcu\/\"},\"wordCount\":747,\"publisher\":{\"@id\":\"https:\/\/www.suno.com.br\/noticias\/#organization\"},\"image\":{\"@id\":\"https:\/\/www.suno.com.br\/noticias\/petrobras-petr4-refinaria-tcu\/#primaryimage\"},\"thumbnailUrl\":\"https:\/\/files.sunoresearch.com.br\/n\/uploads\/2021\/03\/f6e5887c-whatsapp-image-2021-03-31-at-14.08.06-jpeg.webp\",\"keywords\":[\"Petrobras (PETR4)\",\"Refinarias\"],\"articleSection\":[\"Neg\u00f3cios\"],\"inLanguage\":\"pt-BR\"},{\"@type\":\"WebPage\",\"@id\":\"https:\/\/www.suno.com.br\/noticias\/petrobras-petr4-refinaria-tcu\/\",\"url\":\"https:\/\/www.suno.com.br\/noticias\/petrobras-petr4-refinaria-tcu\/\",\"name\":\"Petrobras (PETR4): TCU amea\u00e7a suspender venda de refinaria\",\"isPartOf\":{\"@id\":\"https:\/\/www.suno.com.br\/noticias\/#website\"},\"primaryImageOfPage\":{\"@id\":\"https:\/\/www.suno.com.br\/noticias\/petrobras-petr4-refinaria-tcu\/#primaryimage\"},\"image\":{\"@id\":\"https:\/\/www.suno.com.br\/noticias\/petrobras-petr4-refinaria-tcu\/#primaryimage\"},\"thumbnailUrl\":\"https:\/\/files.sunoresearch.com.br\/n\/uploads\/2021\/03\/f6e5887c-whatsapp-image-2021-03-31-at-14.08.06-jpeg.webp\",\"datePublished\":\"2021-04-02T16:22:29+00:00\",\"description\":\"O receio do TCU \u00e9 que a Rlam tenha sido vendida pela Petrobras (PETR4) por um pre\u00e7o inferior ao seu valor de mercado. Clique aqui e saiba mais\",\"breadcrumb\":{\"@id\":\"https:\/\/www.suno.com.br\/noticias\/petrobras-petr4-refinaria-tcu\/#breadcrumb\"},\"inLanguage\":\"pt-BR\",\"potentialAction\":[{\"@type\":\"ReadAction\",\"target\":[\"https:\/\/www.suno.com.br\/noticias\/petrobras-petr4-refinaria-tcu\/\"]}]},{\"@type\":\"ImageObject\",\"inLanguage\":\"pt-BR\",\"@id\":\"https:\/\/www.suno.com.br\/noticias\/petrobras-petr4-refinaria-tcu\/#primaryimage\",\"url\":\"https:\/\/files.sunoresearch.com.br\/n\/uploads\/2021\/03\/f6e5887c-whatsapp-image-2021-03-31-at-14.08.06-jpeg.webp\",\"contentUrl\":\"https:\/\/files.sunoresearch.com.br\/n\/uploads\/2021\/03\/f6e5887c-whatsapp-image-2021-03-31-at-14.08.06-jpeg.webp\",\"width\":1280,\"height\":853,\"caption\":\"Petrobras (PETR4), Eletrobras (ELET3) e Natura (NTCO3) agitam o mercado financeiro. Foto: Divulga\u00e7\u00e3o\"},{\"@type\":\"BreadcrumbList\",\"@id\":\"https:\/\/www.suno.com.br\/noticias\/petrobras-petr4-refinaria-tcu\/#breadcrumb\",\"itemListElement\":[{\"@type\":\"ListItem\",\"position\":1,\"name\":\"Not\u00edcias\",\"item\":\"https:\/\/www.suno.com.br\/noticias\/\"},{\"@type\":\"ListItem\",\"position\":2,\"name\":\"Neg\u00f3cios\",\"item\":\"https:\/\/www.suno.com.br\/noticias\/negocios\/\"},{\"@type\":\"ListItem\",\"position\":3,\"name\":\"Petrobras (PETR4): TCU v\u00ea pre\u00e7o baixo e amea\u00e7a suspender venda de refinaria\"}]},{\"@type\":\"WebSite\",\"@id\":\"https:\/\/www.suno.com.br\/noticias\/#website\",\"url\":\"https:\/\/www.suno.com.br\/noticias\/\",\"name\":\"Suno Not\u00edcias\",\"description\":\"Seu portal de informa\u00e7\u00e3o sobre o mundo dos investimentos\",\"publisher\":{\"@id\":\"https:\/\/www.suno.com.br\/noticias\/#organization\"},\"potentialAction\":[{\"@type\":\"SearchAction\",\"target\":{\"@type\":\"EntryPoint\",\"urlTemplate\":\"https:\/\/www.suno.com.br\/noticias\/?s={search_term_string}\"},\"query-input\":{\"@type\":\"PropertyValueSpecification\",\"valueRequired\":true,\"valueName\":\"search_term_string\"}}],\"inLanguage\":\"pt-BR\"},{\"@type\":\"Organization\",\"@id\":\"https:\/\/www.suno.com.br\/noticias\/#organization\",\"name\":\"Suno Not\u00edcias\",\"url\":\"https:\/\/www.suno.com.br\/noticias\/\",\"logo\":{\"@type\":\"ImageObject\",\"inLanguage\":\"pt-BR\",\"@id\":\"https:\/\/www.suno.com.br\/noticias\/#\/schema\/logo\/image\/\",\"url\":\"https:\/\/files.sunoresearch.com.br\/n\/uploads\/2021\/09\/suno-logo.png\",\"contentUrl\":\"https:\/\/files.sunoresearch.com.br\/n\/uploads\/2021\/09\/suno-logo.png\",\"width\":180,\"height\":180,\"caption\":\"Suno Not\u00edcias\"},\"image\":{\"@id\":\"https:\/\/www.suno.com.br\/noticias\/#\/schema\/logo\/image\/\"},\"sameAs\":[\"https:\/\/facebook.com\/sunoresearch\",\"https:\/\/x.com\/sunoresearch\",\"https:\/\/www.instagram.com\/suno\",\"https:\/\/www.linkedin.com\/company\/suno-research\/\",\"https:\/\/www.youtube.com\/c\/sunoresearch\"]},{\"@type\":\"Person\",\"@id\":\"https:\/\/www.suno.com.br\/noticias\/#\/schema\/person\/02ec1f752758247878a2bf4abee1aeda\",\"name\":\"Poliana Santos\",\"image\":{\"@type\":\"ImageObject\",\"inLanguage\":\"pt-BR\",\"@id\":\"https:\/\/www.suno.com.br\/noticias\/#\/schema\/person\/image\/\",\"url\":\"https:\/\/secure.gravatar.com\/avatar\/0645bd32f23d87b2130f2b2dff1d3f8d?s=96&r=g\",\"contentUrl\":\"https:\/\/secure.gravatar.com\/avatar\/0645bd32f23d87b2130f2b2dff1d3f8d?s=96&r=g\",\"caption\":\"Poliana Santos\"},\"description\":\"Rep\u00f3rter no Suno Not\u00edcias, com cobertura em mercado financeiro, economia, finan\u00e7as pessoais, renda fixa e varejo. Jornalista formada pela Faculdade C\u00e1sper L\u00edbero e possui passagem na R\u00e1dio Gazeta AM com a produ\u00e7\u00e3o de conte\u00fado sobre economia, pol\u00edtica, sa\u00fade, moda e m\u00fasica. Possui certificado de conclus\u00e3o do curso de An\u00e1lise de Balan\u00e7os pela Funda\u00e7\u00e3o Bradesco, Agenda Brasil pela FAAP, Educa\u00e7\u00e3o Pol\u00edtica por Alexandre Garcia e do Tesouro Direto e Mercado de A\u00e7\u00f5es pela B3.\",\"url\":\"https:\/\/www.suno.com.br\/noticias\/author\/poliana-santos\/\"}]}<\/script>\n<!-- \/ Yoast SEO plugin. -->","yoast_head_json":{"title":"Petrobras (PETR4): TCU amea\u00e7a suspender venda de refinaria","description":"O receio do TCU \u00e9 que a Rlam tenha sido vendida pela Petrobras (PETR4) por um pre\u00e7o inferior ao seu valor de mercado. Clique aqui e saiba mais","robots":{"index":"index","follow":"follow","max-snippet":"max-snippet:-1","max-image-preview":"max-image-preview:large","max-video-preview":"max-video-preview:-1"},"canonical":"https:\/\/www.suno.com.br\/noticias\/petrobras-petr4-refinaria-tcu\/","og_locale":"pt_BR","og_type":"article","og_title":"Petrobras (PETR4): TCU amea\u00e7a suspender venda de refinaria","og_description":"O receio do TCU \u00e9 que a Rlam tenha sido vendida pela Petrobras (PETR4) por um pre\u00e7o inferior ao seu valor de mercado. Clique aqui e saiba mais","og_url":"https:\/\/www.suno.com.br\/noticias\/petrobras-petr4-refinaria-tcu\/","og_site_name":"Suno Not\u00edcias","article_publisher":"https:\/\/facebook.com\/sunoresearch","og_image":[{"width":1280,"height":853,"url":"https:\/\/files.sunoresearch.com.br\/n\/uploads\/2021\/03\/f6e5887c-whatsapp-image-2021-03-31-at-14.08.06.jpeg","type":"image\/jpeg"}],"author":"Poliana Santos","twitter_card":"summary_large_image","twitter_creator":"@sunoresearch","twitter_site":"@sunoresearch","twitter_misc":{"Escrito por":"Poliana Santos","Est. tempo de leitura":"4 minutos"},"schema":{"@context":"https:\/\/schema.org","@graph":[{"@type":"NewsArticle","@id":"https:\/\/www.suno.com.br\/noticias\/petrobras-petr4-refinaria-tcu\/#article","isPartOf":{"@id":"https:\/\/www.suno.com.br\/noticias\/petrobras-petr4-refinaria-tcu\/"},"author":{"name":"Poliana Santos","@id":"https:\/\/www.suno.com.br\/noticias\/#\/schema\/person\/02ec1f752758247878a2bf4abee1aeda"},"headline":"Petrobras (PETR4): TCU v\u00ea pre\u00e7o baixo e amea\u00e7a suspender venda de refinaria","datePublished":"2021-04-02T16:22:29+00:00","mainEntityOfPage":{"@id":"https:\/\/www.suno.com.br\/noticias\/petrobras-petr4-refinaria-tcu\/"},"wordCount":747,"publisher":{"@id":"https:\/\/www.suno.com.br\/noticias\/#organization"},"image":{"@id":"https:\/\/www.suno.com.br\/noticias\/petrobras-petr4-refinaria-tcu\/#primaryimage"},"thumbnailUrl":"https:\/\/files.sunoresearch.com.br\/n\/uploads\/2021\/03\/f6e5887c-whatsapp-image-2021-03-31-at-14.08.06-jpeg.webp","keywords":["Petrobras (PETR4)","Refinarias"],"articleSection":["Neg\u00f3cios"],"inLanguage":"pt-BR"},{"@type":"WebPage","@id":"https:\/\/www.suno.com.br\/noticias\/petrobras-petr4-refinaria-tcu\/","url":"https:\/\/www.suno.com.br\/noticias\/petrobras-petr4-refinaria-tcu\/","name":"Petrobras (PETR4): TCU amea\u00e7a suspender venda de refinaria","isPartOf":{"@id":"https:\/\/www.suno.com.br\/noticias\/#website"},"primaryImageOfPage":{"@id":"https:\/\/www.suno.com.br\/noticias\/petrobras-petr4-refinaria-tcu\/#primaryimage"},"image":{"@id":"https:\/\/www.suno.com.br\/noticias\/petrobras-petr4-refinaria-tcu\/#primaryimage"},"thumbnailUrl":"https:\/\/files.sunoresearch.com.br\/n\/uploads\/2021\/03\/f6e5887c-whatsapp-image-2021-03-31-at-14.08.06-jpeg.webp","datePublished":"2021-04-02T16:22:29+00:00","description":"O receio do TCU \u00e9 que a Rlam tenha sido vendida pela Petrobras (PETR4) por um pre\u00e7o inferior ao seu valor de mercado. Clique aqui e saiba mais","breadcrumb":{"@id":"https:\/\/www.suno.com.br\/noticias\/petrobras-petr4-refinaria-tcu\/#breadcrumb"},"inLanguage":"pt-BR","potentialAction":[{"@type":"ReadAction","target":["https:\/\/www.suno.com.br\/noticias\/petrobras-petr4-refinaria-tcu\/"]}]},{"@type":"ImageObject","inLanguage":"pt-BR","@id":"https:\/\/www.suno.com.br\/noticias\/petrobras-petr4-refinaria-tcu\/#primaryimage","url":"https:\/\/files.sunoresearch.com.br\/n\/uploads\/2021\/03\/f6e5887c-whatsapp-image-2021-03-31-at-14.08.06-jpeg.webp","contentUrl":"https:\/\/files.sunoresearch.com.br\/n\/uploads\/2021\/03\/f6e5887c-whatsapp-image-2021-03-31-at-14.08.06-jpeg.webp","width":1280,"height":853,"caption":"Petrobras (PETR4), Eletrobras (ELET3) e Natura (NTCO3) agitam o mercado financeiro. Foto: Divulga\u00e7\u00e3o"},{"@type":"BreadcrumbList","@id":"https:\/\/www.suno.com.br\/noticias\/petrobras-petr4-refinaria-tcu\/#breadcrumb","itemListElement":[{"@type":"ListItem","position":1,"name":"Not\u00edcias","item":"https:\/\/www.suno.com.br\/noticias\/"},{"@type":"ListItem","position":2,"name":"Neg\u00f3cios","item":"https:\/\/www.suno.com.br\/noticias\/negocios\/"},{"@type":"ListItem","position":3,"name":"Petrobras (PETR4): TCU v\u00ea pre\u00e7o baixo e amea\u00e7a suspender venda de refinaria"}]},{"@type":"WebSite","@id":"https:\/\/www.suno.com.br\/noticias\/#website","url":"https:\/\/www.suno.com.br\/noticias\/","name":"Suno Not\u00edcias","description":"Seu portal de informa\u00e7\u00e3o sobre o mundo dos investimentos","publisher":{"@id":"https:\/\/www.suno.com.br\/noticias\/#organization"},"potentialAction":[{"@type":"SearchAction","target":{"@type":"EntryPoint","urlTemplate":"https:\/\/www.suno.com.br\/noticias\/?s={search_term_string}"},"query-input":{"@type":"PropertyValueSpecification","valueRequired":true,"valueName":"search_term_string"}}],"inLanguage":"pt-BR"},{"@type":"Organization","@id":"https:\/\/www.suno.com.br\/noticias\/#organization","name":"Suno Not\u00edcias","url":"https:\/\/www.suno.com.br\/noticias\/","logo":{"@type":"ImageObject","inLanguage":"pt-BR","@id":"https:\/\/www.suno.com.br\/noticias\/#\/schema\/logo\/image\/","url":"https:\/\/files.sunoresearch.com.br\/n\/uploads\/2021\/09\/suno-logo.png","contentUrl":"https:\/\/files.sunoresearch.com.br\/n\/uploads\/2021\/09\/suno-logo.png","width":180,"height":180,"caption":"Suno Not\u00edcias"},"image":{"@id":"https:\/\/www.suno.com.br\/noticias\/#\/schema\/logo\/image\/"},"sameAs":["https:\/\/facebook.com\/sunoresearch","https:\/\/x.com\/sunoresearch","https:\/\/www.instagram.com\/suno","https:\/\/www.linkedin.com\/company\/suno-research\/","https:\/\/www.youtube.com\/c\/sunoresearch"]},{"@type":"Person","@id":"https:\/\/www.suno.com.br\/noticias\/#\/schema\/person\/02ec1f752758247878a2bf4abee1aeda","name":"Poliana Santos","image":{"@type":"ImageObject","inLanguage":"pt-BR","@id":"https:\/\/www.suno.com.br\/noticias\/#\/schema\/person\/image\/","url":"https:\/\/secure.gravatar.com\/avatar\/0645bd32f23d87b2130f2b2dff1d3f8d?s=96&r=g","contentUrl":"https:\/\/secure.gravatar.com\/avatar\/0645bd32f23d87b2130f2b2dff1d3f8d?s=96&r=g","caption":"Poliana Santos"},"description":"Rep\u00f3rter no Suno Not\u00edcias, com cobertura em mercado financeiro, economia, finan\u00e7as pessoais, renda fixa e varejo. Jornalista formada pela Faculdade C\u00e1sper L\u00edbero e possui passagem na R\u00e1dio Gazeta AM com a produ\u00e7\u00e3o de conte\u00fado sobre economia, pol\u00edtica, sa\u00fade, moda e m\u00fasica. Possui certificado de conclus\u00e3o do curso de An\u00e1lise de Balan\u00e7os pela Funda\u00e7\u00e3o Bradesco, Agenda Brasil pela FAAP, Educa\u00e7\u00e3o Pol\u00edtica por Alexandre Garcia e do Tesouro Direto e Mercado de A\u00e7\u00f5es pela B3.","url":"https:\/\/www.suno.com.br\/noticias\/author\/poliana-santos\/"}]}},"default_loop_html":"<div class=\"cardsPage__listCard__boxs\"><div class=\"cardsPage__listCard__boxs__img\"><a href=\"https:\/\/www.suno.com.br\/noticias\/petrobras-petr4-refinaria-tcu\/\"><img class=\"mask\" src=\"https:\/\/www.suno.com.br\/noticias\/wp-content\/themes\/suno\/resources\/images\/spotlight\/spotlight1img\/bg-mask.png\" alt=\"Image Mask\"\/><img src=\"https:\/\/files.sunoresearch.com.br\/n\/uploads\/2021\/03\/f6e5887c-whatsapp-image-2021-03-31-at-14.08.06-400x200.webp\" alt=\"Petrobras (PETR4): TCU v\u00ea pre\u00e7o baixo e amea\u00e7a suspender venda de refinaria\"\/><\/a><span class=\"spotlightCategory\"><a href=\"https:\/\/www.suno.com.br\/noticias\/negocios\/\">Neg\u00f3cios<\/a><\/span><\/div><div class=\"cardsPage__listCard__boxs__content\"><a href=\"https:\/\/www.suno.com.br\/noticias\/petrobras-petr4-refinaria-tcu\/\"><h2 class=\"content__title\">Petrobras (PETR4): TCU v\u00ea pre\u00e7o baixo e amea\u00e7a suspender venda de refinaria<\/h2><\/a><div class=\"newsContent__article__meta\"><div class=\"newsContent__article__meta__authorBox\"><a href=\"https:\/\/www.suno.com.br\/noticias\/author\/poliana-santos\/\" class=\"authorBox__avatar noMobi\"><img src=\"https:\/\/files.sunoresearch.com.br\/n\/uploads\/2020\/08\/7ef34026-whatsapp-image-2020-08-03-at-12.37.57-150x150.webp\" alt=\"Poliana Santos\"><\/a><div class=\"authorBox__name\"><span>por\n\t\t\t<a href=\"https:\/\/www.suno.com.br\/noticias\/author\/poliana-santos\/\"><span itemprop=\"author\">Poliana Santos<\/span><\/a><\/span><time datetime=\"2021-04-02T13:22:29-03:00\" itemprop=\"datePublished\">02\/04\/2021 13:22<\/time><\/div><\/div><\/div><\/div><\/div>","single_layout":"posts","amp_enabled":true,"_links":{"self":[{"href":"https:\/\/www.suno.com.br\/noticias\/wp-json\/wp\/v2\/posts\/136701"}],"collection":[{"href":"https:\/\/www.suno.com.br\/noticias\/wp-json\/wp\/v2\/posts"}],"about":[{"href":"https:\/\/www.suno.com.br\/noticias\/wp-json\/wp\/v2\/types\/post"}],"author":[{"embeddable":true,"href":"https:\/\/www.suno.com.br\/noticias\/wp-json\/wp\/v2\/users\/15"}],"replies":[{"embeddable":true,"href":"https:\/\/www.suno.com.br\/noticias\/wp-json\/wp\/v2\/comments?post=136701"}],"version-history":[{"count":3,"href":"https:\/\/www.suno.com.br\/noticias\/wp-json\/wp\/v2\/posts\/136701\/revisions"}],"predecessor-version":[{"id":136723,"href":"https:\/\/www.suno.com.br\/noticias\/wp-json\/wp\/v2\/posts\/136701\/revisions\/136723"}],"wp:featuredmedia":[{"embeddable":true,"href":"https:\/\/www.suno.com.br\/noticias\/wp-json\/wp\/v2\/media\/136132"}],"wp:attachment":[{"href":"https:\/\/www.suno.com.br\/noticias\/wp-json\/wp\/v2\/media?parent=136701"}],"wp:term":[{"taxonomy":"category","embeddable":true,"href":"https:\/\/www.suno.com.br\/noticias\/wp-json\/wp\/v2\/categories?post=136701"},{"taxonomy":"post_tag","embeddable":true,"href":"https:\/\/www.suno.com.br\/noticias\/wp-json\/wp\/v2\/tags?post=136701"},{"taxonomy":"suno_strategy","embeddable":true,"href":"https:\/\/www.suno.com.br\/noticias\/wp-json\/wp\/v2\/suno_strategy?post=136701"}],"curies":[{"name":"wp","href":"https:\/\/api.w.org\/{rel}","templated":true}]}}