{"id":136547,"date":"2021-04-01T16:53:19","date_gmt":"2021-04-01T19:53:19","guid":{"rendered":"https:\/\/www.suno.com.br\/noticias\/?p=136547"},"modified":"2021-04-01T17:34:04","modified_gmt":"2021-04-01T20:34:04","slug":"m-dias-branco-mdia3-tem-resultado-fraco-com-estrategia-comercial-controversa","status":"publish","type":"post","link":"https:\/\/www.suno.com.br\/noticias\/m-dias-branco-mdia3-tem-resultado-fraco-com-estrategia-comercial-controversa\/","title":{"rendered":"M. Dias Branco (MDIA3) tem resultado fraco com &#8216;estrat\u00e9gia comercial controversa&#8217;"},"content":{"rendered":"<p>A <a href=\"https:\/\/www.suno.com.br\/acoes\/mdia3\/\"><strong>M. Dias Branco<\/strong> (MDIA3)<\/a> reportou na \u00faltima quarta-feira (1) uma queda no lucro l\u00edquido do quarto trimestre de 2020 de 21,1%, para R$ 209,0 milh\u00f5es, interrompendo uma sequ\u00eancia de quatro altas trimestrais consecutivas. Para o <a href=\"https:\/\/www.suno.com.br\/acoes\/bpac11\/\">BTG Pactual (BPAC11)<\/a>, o resultado ressalta &#8220;o qu\u00e3o dif\u00edcil a vida ainda pode ser em 2021&#8221;.<\/p>\t<div class=\"wrapper-featured-image\">\n\t\t<figure class=\"spotlightImg\">\n\n\t\t\t<picture>\n\t\t\t\t<source media=\"(max-width: 768px)\" srcset=\"https:\/\/files.sunoresearch.com.br\/n\/uploads\/2021\/04\/ca82b015-m-dias-branco-aeea9e57-5d93-434b-a919-cb5bcecb9d8d-400x200.webp\">\n\t\t\t\t<img loading=\"lazy\" decoding=\"async\" class=\"newsContent__article__imgCapa lazyloadDisabled \" src=\"https:\/\/files.sunoresearch.com.br\/n\/uploads\/2021\/04\/ca82b015-m-dias-branco-aeea9e57-5d93-434b-a919-cb5bcecb9d8d-800x450.webp\" width=\"800\" height=\"450\" alt=\"M. Dias Branco (MDIA3) tem resultado fraco com &#8216;estrat\u00e9gia comercial controversa&#8217;\" fetchpriority=high \/>\n\t\t\t<\/picture>\n\n\t\t\t<figcaption class=\"wp-caption-text wp-caption-text--show\">M. Dias Branco. Foto: Reprodu\u00e7\u00e3o Site<\/figcaption>\n\t\t<\/figure>\n\t<\/div>\n\n\n\t<p>\n\t\t<a href=\"https:\/\/lp.suno.com.br\/planilha-controle-gastos\/\" target=\"_blank\" data-element=\"shortcode-suno-banner\" title=\"Banner SUNO, clique e saiba mais\">\n\t\t\t<picture>\n\t\t\t\t<source media=\"(max-width: 500px)\" srcset=\"https:\/\/files.sunoresearch.com.br\/n\/uploads\/2023\/03\/400x300-Planilha-controle-de-gastos.png\">\n\t\t\t\t<img class=\"newsContent__article__imgCapa newsContent__article__imgCapa--banner\"\n\t\t\t\t\tsrc=\"https:\/\/files.sunoresearch.com.br\/n\/uploads\/2023\/03\/1420x240-Planilha-controle-de-gastos.png\"\n\t\t\t\t\tdata-promo-id=\"101751\"\t\t\t\t\t\t\t\t\t\twidth='1420' height='240'\t\t\t\t\talt=\"https:\/\/files.sunoresearch.com.br\/n\/uploads\/2023\/03\/1420x240-Planilha-controle-de-gastos.png\"\n\t\t\t\t>\n\t\t\t<\/picture>\n\t\t<\/a>\n\t<\/p>\n\n\n<p>A vendas da M. Dias Branco subiram leve 0,4%, alcan\u00e7ando R$ 1,702 bilh\u00e3o ante R$ 1,694 bilh\u00e3o do quarto trimestre de 2019, enquanto a m\u00e9dia de pre\u00e7os mais elevada &#8220;fez pouco para evitar a imensa queda de 9,1% da margem bruta, a menor j\u00e1 registrada em custos mais elevados de mat\u00e9ria-prima e desalavancagem operacional&#8221;, destacaram os analistas do banco.<\/p>\n<p>O <a href=\"https:\/\/www.suno.com.br\/artigos\/ebitda\/\">Ebitda (lucro antes de juros, impostos, deprecia\u00e7\u00f5es e amortiza\u00e7\u00f5es)<\/a> da companhia ficou em R$ 192,2 milh\u00f5es, recuo de 33,5% frente aos R$ 289,2 milh\u00f5es do quarto trimestre do ano anterior.<\/p>\n<p><a href=\"https:\/\/lp.suno.com.br\/suno-one\/\"> Suno One: acesse gratuitamente eBooks, Minicursos, Artigos e V\u00eddeo Aulas sobre investimentos com um \u00fanico cadastro. Clique para saber mais!<\/a><\/p>\n<p>Os volumes da M. Dias Branco encolheram 15%, com recuo em todas as categorias principais, com a empresa &#8220;claramente&#8221; tentando recompor as margens por meio de um aumento m\u00e9dio de pre\u00e7o, observou o <strong>BTG Pactual<\/strong>.<\/p>\n\t<div data-element=\"shortcode-read-more\" class=\"knowMore\">\n\t\t\t\t<span class=\"knowMore__title\">Leia mais<\/span>\n\t\t\t\t<a class=\"knowMore__link\" href=\"https:\/\/www.suno.com.br\/noticias\/m-dias-branco-mdia3-prejuizo-4t20\/\">\n\t\t\tM. Dias Branco (MDIA3) interrompe ciclo de altas e tem queda no lucro\t\t<\/a>\n\t<\/div>\n\n\n<p>&#8220;O mais intrigante para n\u00f3s \u00e9 que a M. Dias Branco est\u00e1 empurrando os pre\u00e7os muito \u00e0 frente da concorr\u00eancia, apesar de ser verticalmente integrada e manter v\u00e1rios meses de estoque de mat\u00e9ria-prima&#8221;, destacou o banco. &#8220;Tamb\u00e9m acreditamos que a maior exposi\u00e7\u00e3o da companhia \u00e0 regi\u00e3o nordeste, onde o impacto da ajuda financeira do governo \u00e9 indiscutivelmente maior, poderia explicar a maior elasticidade de pre\u00e7o.&#8221;<\/p>\n<h2>BTG tem cautela com M. Dias Branco<\/h2>\n<p>Segundo relat\u00f3rio, o BTG Pactual acredita que a companhia, bem como o resto da ind\u00fastria, deve ser capaz de for\u00e7ar os pre\u00e7os para cima nos primeiros meses de 2021, compensando a infla\u00e7\u00e3o de commodities, aliada ao c\u00e2mbio.<\/p>\n\t<p>\n\t\t<a href=\"https:\/\/lp.suno.com.br\/planilha-da-vida-financeira\/\" target=\"_blank\" data-element=\"shortcode-suno-banner\" title=\"Banner SUNO, clique e saiba mais\">\n\t\t\t<picture>\n\t\t\t\t<source media=\"(max-width: 500px)\" srcset=\"https:\/\/files.sunoresearch.com.br\/n\/uploads\/2023\/04\/400x300-Planilha-vida-financeira-true.png\">\n\t\t\t\t<img class=\"newsContent__article__imgCapa newsContent__article__imgCapa--banner\"\n\t\t\t\t\tsrc=\"https:\/\/files.sunoresearch.com.br\/n\/uploads\/2023\/04\/1420x240-Planilha-vida-financeira-true.png\"\n\t\t\t\t\tdata-promo-id=\"106682\"\t\t\t\t\t\t\t\t\t\twidth='1420' height='240'\t\t\t\t\talt=\"https:\/\/files.sunoresearch.com.br\/n\/uploads\/2023\/04\/1420x240-Planilha-vida-financeira-true.png\"\n\t\t\t\t>\n\t\t\t<\/picture>\n\t\t<\/a>\n\t<\/p>\n\n\n<p>Apesar disso, na an\u00e1lise do banco, deve demorar alguns trimestres para haver uma recupera\u00e7\u00e3o das margens, ainda com &#8220;forte dose de press\u00e3o de volume&#8221;.<\/p>\n<p>&#8220;Com uma estrat\u00e9gia comercial controversa em andamento, um macro mais dif\u00edcil e baixa visibilidade nas margens de longo prazo, permanecemos cautelosos com as a\u00e7\u00f5es [da <strong>M. Dias Branco<\/strong>]&#8221;.<\/p>\n\t<p>\n\t\t<a href=\"https:\/\/lp.suno.com.br\/planilha-de-controle-de-investimentos\/\" target=\"_blank\" data-element=\"shortcode-suno-banner\" title=\"Banner SUNO, clique e saiba mais\">\n\t\t\t<picture>\n\t\t\t\t<source media=\"(max-width: 500px)\" srcset=\"https:\/\/files.sunoresearch.com.br\/n\/uploads\/2023\/03\/400x300-Controle-de-Investimentos.png\">\n\t\t\t\t<img class=\"newsContent__article__imgCapa newsContent__article__imgCapa--banner\"\n\t\t\t\t\tsrc=\"https:\/\/files.sunoresearch.com.br\/n\/uploads\/2023\/03\/1420x240-Controle-de-Investimentos.png\"\n\t\t\t\t\tdata-promo-id=\"75934\"\t\t\t\t\t\t\t\t\t\twidth='1420' height='240'\t\t\t\t\talt=\"https:\/\/files.sunoresearch.com.br\/n\/uploads\/2023\/03\/1420x240-Controle-de-Investimentos.png\"\n\t\t\t\t>\n\t\t\t<\/picture>\n\t\t<\/a>\n\t<\/p>\n\n\n","protected":false},"excerpt":{"rendered":"<p>A M. Dias Branco (MDIA3) reportou na \u00faltima quarta-feira (1) uma queda no lucro l\u00edquido do quarto trimestre de 2020 de 21,1%, para R$ 209,0 milh\u00f5es, interrompendo uma sequ\u00eancia de quatro altas trimestrais consecutivas. Para o BTG Pactual (BPAC11), o resultado ressalta &#8220;o qu\u00e3o dif\u00edcil a vida ainda pode ser em 2021&#8221;. M. Dias Branco. [&hellip;]<\/p>\n","protected":false},"author":35,"featured_media":136566,"comment_status":"closed","ping_status":"closed","sticky":false,"template":"","format":"standard","meta":[],"categories":[64],"tags":[1029,399,105816,546],"suno_strategy":[],"class_list":["post-136547","post","type-post","status-publish","format-standard","has-post-thumbnail","hentry","category-negocios","tag-balancos-trimestrais","tag-btg-pactual-bpac11-bpac3-bpac5","tag-especialistas","tag-m-dias-branco-mdia3"],"yoast_head":"<!-- This site is optimized with the Yoast SEO plugin v24.4 - https:\/\/yoast.com\/wordpress\/plugins\/seo\/ -->\n<title>M. Dias Branco (MDIA3) tem resultado fraco com &#039;estrat\u00e9gia controversa&#039;<\/title>\n<meta name=\"description\" content=\"A M. Dias Branco (MDIA3) reportou uma queda no lucro l\u00edquido do 4\u00ba trimestre de 2020 de 21,1%, para R$ 209,0 milh\u00f5es. Clique para saber mais.\" \/>\n<meta name=\"robots\" content=\"index, follow, max-snippet:-1, max-image-preview:large, max-video-preview:-1\" \/>\n<link rel=\"canonical\" href=\"https:\/\/www.suno.com.br\/noticias\/m-dias-branco-mdia3-tem-resultado-fraco-com-estrategia-comercial-controversa\/\" \/>\n<meta property=\"og:locale\" content=\"pt_BR\" \/>\n<meta property=\"og:type\" content=\"article\" \/>\n<meta property=\"og:title\" content=\"M. Dias Branco (MDIA3) tem resultado fraco com &#039;estrat\u00e9gia controversa&#039;\" \/>\n<meta property=\"og:description\" content=\"A M. Dias Branco (MDIA3) reportou uma queda no lucro l\u00edquido do 4\u00ba trimestre de 2020 de 21,1%, para R$ 209,0 milh\u00f5es. Clique para saber mais.\" \/>\n<meta property=\"og:url\" content=\"https:\/\/www.suno.com.br\/noticias\/m-dias-branco-mdia3-tem-resultado-fraco-com-estrategia-comercial-controversa\/\" \/>\n<meta property=\"og:site_name\" content=\"Suno Not\u00edcias\" \/>\n<meta property=\"article:publisher\" content=\"https:\/\/facebook.com\/sunoresearch\" \/>\n<meta property=\"og:image\" content=\"https:\/\/files.sunoresearch.com.br\/n\/uploads\/2021\/04\/ca82b015-m-dias-branco-aeea9e57-5d93-434b-a919-cb5bcecb9d8d.jpeg\" \/>\n\t<meta property=\"og:image:width\" content=\"1280\" \/>\n\t<meta property=\"og:image:height\" content=\"720\" \/>\n\t<meta property=\"og:image:type\" content=\"image\/jpeg\" \/>\n<meta name=\"author\" content=\"Arthur Guimar\u00e3es\" \/>\n<meta name=\"twitter:card\" content=\"summary_large_image\" \/>\n<meta name=\"twitter:creator\" content=\"@sunoresearch\" \/>\n<meta name=\"twitter:site\" content=\"@sunoresearch\" \/>\n<meta name=\"twitter:label1\" content=\"Escrito por\" \/>\n\t<meta name=\"twitter:data1\" content=\"Arthur Guimar\u00e3es\" \/>\n\t<meta name=\"twitter:label2\" content=\"Est. tempo de leitura\" \/>\n\t<meta name=\"twitter:data2\" content=\"2 minutos\" \/>\n<script type=\"application\/ld+json\" class=\"yoast-schema-graph\">{\"@context\":\"https:\/\/schema.org\",\"@graph\":[{\"@type\":\"NewsArticle\",\"@id\":\"https:\/\/www.suno.com.br\/noticias\/m-dias-branco-mdia3-tem-resultado-fraco-com-estrategia-comercial-controversa\/#article\",\"isPartOf\":{\"@id\":\"https:\/\/www.suno.com.br\/noticias\/m-dias-branco-mdia3-tem-resultado-fraco-com-estrategia-comercial-controversa\/\"},\"author\":{\"name\":\"Arthur Guimar\u00e3es\",\"@id\":\"https:\/\/www.suno.com.br\/noticias\/#\/schema\/person\/053a750a709a263919a20f976caae91c\"},\"headline\":\"M. Dias Branco (MDIA3) tem resultado fraco com &#8216;estrat\u00e9gia comercial controversa&#8217;\",\"datePublished\":\"2021-04-01T19:53:19+00:00\",\"dateModified\":\"2021-04-01T20:34:04+00:00\",\"mainEntityOfPage\":{\"@id\":\"https:\/\/www.suno.com.br\/noticias\/m-dias-branco-mdia3-tem-resultado-fraco-com-estrategia-comercial-controversa\/\"},\"wordCount\":406,\"publisher\":{\"@id\":\"https:\/\/www.suno.com.br\/noticias\/#organization\"},\"image\":{\"@id\":\"https:\/\/www.suno.com.br\/noticias\/m-dias-branco-mdia3-tem-resultado-fraco-com-estrategia-comercial-controversa\/#primaryimage\"},\"thumbnailUrl\":\"https:\/\/files.sunoresearch.com.br\/n\/uploads\/2021\/04\/ca82b015-m-dias-branco-aeea9e57-5d93-434b-a919-cb5bcecb9d8d-jpeg.webp\",\"keywords\":[\"balan\u00e7os trimestrais\",\"BTG Pactual (BPAC11\/BPAC3\/BPAC5)\",\"Especialistas\",\"M.Dias Branco (MDIA3)\"],\"articleSection\":[\"Neg\u00f3cios\"],\"inLanguage\":\"pt-BR\"},{\"@type\":\"WebPage\",\"@id\":\"https:\/\/www.suno.com.br\/noticias\/m-dias-branco-mdia3-tem-resultado-fraco-com-estrategia-comercial-controversa\/\",\"url\":\"https:\/\/www.suno.com.br\/noticias\/m-dias-branco-mdia3-tem-resultado-fraco-com-estrategia-comercial-controversa\/\",\"name\":\"M. Dias Branco (MDIA3) tem resultado fraco com 'estrat\u00e9gia controversa'\",\"isPartOf\":{\"@id\":\"https:\/\/www.suno.com.br\/noticias\/#website\"},\"primaryImageOfPage\":{\"@id\":\"https:\/\/www.suno.com.br\/noticias\/m-dias-branco-mdia3-tem-resultado-fraco-com-estrategia-comercial-controversa\/#primaryimage\"},\"image\":{\"@id\":\"https:\/\/www.suno.com.br\/noticias\/m-dias-branco-mdia3-tem-resultado-fraco-com-estrategia-comercial-controversa\/#primaryimage\"},\"thumbnailUrl\":\"https:\/\/files.sunoresearch.com.br\/n\/uploads\/2021\/04\/ca82b015-m-dias-branco-aeea9e57-5d93-434b-a919-cb5bcecb9d8d-jpeg.webp\",\"datePublished\":\"2021-04-01T19:53:19+00:00\",\"dateModified\":\"2021-04-01T20:34:04+00:00\",\"description\":\"A M. Dias Branco (MDIA3) reportou uma queda no lucro l\u00edquido do 4\u00ba trimestre de 2020 de 21,1%, para R$ 209,0 milh\u00f5es. Clique para saber mais.\",\"breadcrumb\":{\"@id\":\"https:\/\/www.suno.com.br\/noticias\/m-dias-branco-mdia3-tem-resultado-fraco-com-estrategia-comercial-controversa\/#breadcrumb\"},\"inLanguage\":\"pt-BR\",\"potentialAction\":[{\"@type\":\"ReadAction\",\"target\":[\"https:\/\/www.suno.com.br\/noticias\/m-dias-branco-mdia3-tem-resultado-fraco-com-estrategia-comercial-controversa\/\"]}]},{\"@type\":\"ImageObject\",\"inLanguage\":\"pt-BR\",\"@id\":\"https:\/\/www.suno.com.br\/noticias\/m-dias-branco-mdia3-tem-resultado-fraco-com-estrategia-comercial-controversa\/#primaryimage\",\"url\":\"https:\/\/files.sunoresearch.com.br\/n\/uploads\/2021\/04\/ca82b015-m-dias-branco-aeea9e57-5d93-434b-a919-cb5bcecb9d8d-jpeg.webp\",\"contentUrl\":\"https:\/\/files.sunoresearch.com.br\/n\/uploads\/2021\/04\/ca82b015-m-dias-branco-aeea9e57-5d93-434b-a919-cb5bcecb9d8d-jpeg.webp\",\"width\":1280,\"height\":720,\"caption\":\"M. Dias Branco. Foto: Reprodu\u00e7\u00e3o Site\"},{\"@type\":\"BreadcrumbList\",\"@id\":\"https:\/\/www.suno.com.br\/noticias\/m-dias-branco-mdia3-tem-resultado-fraco-com-estrategia-comercial-controversa\/#breadcrumb\",\"itemListElement\":[{\"@type\":\"ListItem\",\"position\":1,\"name\":\"Not\u00edcias\",\"item\":\"https:\/\/www.suno.com.br\/noticias\/\"},{\"@type\":\"ListItem\",\"position\":2,\"name\":\"Neg\u00f3cios\",\"item\":\"https:\/\/www.suno.com.br\/noticias\/negocios\/\"},{\"@type\":\"ListItem\",\"position\":3,\"name\":\"M. Dias Branco (MDIA3) tem resultado fraco com &#8216;estrat\u00e9gia comercial controversa&#8217;\"}]},{\"@type\":\"WebSite\",\"@id\":\"https:\/\/www.suno.com.br\/noticias\/#website\",\"url\":\"https:\/\/www.suno.com.br\/noticias\/\",\"name\":\"Suno Not\u00edcias\",\"description\":\"Seu portal de informa\u00e7\u00e3o sobre o mundo dos investimentos\",\"publisher\":{\"@id\":\"https:\/\/www.suno.com.br\/noticias\/#organization\"},\"potentialAction\":[{\"@type\":\"SearchAction\",\"target\":{\"@type\":\"EntryPoint\",\"urlTemplate\":\"https:\/\/www.suno.com.br\/noticias\/?s={search_term_string}\"},\"query-input\":{\"@type\":\"PropertyValueSpecification\",\"valueRequired\":true,\"valueName\":\"search_term_string\"}}],\"inLanguage\":\"pt-BR\"},{\"@type\":\"Organization\",\"@id\":\"https:\/\/www.suno.com.br\/noticias\/#organization\",\"name\":\"Suno Not\u00edcias\",\"url\":\"https:\/\/www.suno.com.br\/noticias\/\",\"logo\":{\"@type\":\"ImageObject\",\"inLanguage\":\"pt-BR\",\"@id\":\"https:\/\/www.suno.com.br\/noticias\/#\/schema\/logo\/image\/\",\"url\":\"https:\/\/files.sunoresearch.com.br\/n\/uploads\/2021\/09\/suno-logo.png\",\"contentUrl\":\"https:\/\/files.sunoresearch.com.br\/n\/uploads\/2021\/09\/suno-logo.png\",\"width\":180,\"height\":180,\"caption\":\"Suno Not\u00edcias\"},\"image\":{\"@id\":\"https:\/\/www.suno.com.br\/noticias\/#\/schema\/logo\/image\/\"},\"sameAs\":[\"https:\/\/facebook.com\/sunoresearch\",\"https:\/\/x.com\/sunoresearch\",\"https:\/\/www.instagram.com\/suno\",\"https:\/\/www.linkedin.com\/company\/suno-research\/\",\"https:\/\/www.youtube.com\/c\/sunoresearch\"]},{\"@type\":\"Person\",\"@id\":\"https:\/\/www.suno.com.br\/noticias\/#\/schema\/person\/053a750a709a263919a20f976caae91c\",\"name\":\"Arthur Guimar\u00e3es\",\"image\":{\"@type\":\"ImageObject\",\"inLanguage\":\"pt-BR\",\"@id\":\"https:\/\/www.suno.com.br\/noticias\/#\/schema\/person\/image\/\",\"url\":\"https:\/\/secure.gravatar.com\/avatar\/1affd86a11209ae09eb6dd3bcad3e96c?s=96&r=g\",\"contentUrl\":\"https:\/\/secure.gravatar.com\/avatar\/1affd86a11209ae09eb6dd3bcad3e96c?s=96&r=g\",\"caption\":\"Arthur Guimar\u00e3es\"},\"description\":\"Arthur Guimar\u00e3es escreve sobre pol\u00edtica, economia e neg\u00f3cios para o portal de not\u00edcias da Suno Research. Atualmente, \u00e9 estudante de jornalismo pela Faculdade C\u00e1sper L\u00edbero.\",\"url\":\"https:\/\/www.suno.com.br\/noticias\/author\/arthur-guimaraes\/\"}]}<\/script>\n<!-- \/ Yoast SEO plugin. -->","yoast_head_json":{"title":"M. Dias Branco (MDIA3) tem resultado fraco com 'estrat\u00e9gia controversa'","description":"A M. Dias Branco (MDIA3) reportou uma queda no lucro l\u00edquido do 4\u00ba trimestre de 2020 de 21,1%, para R$ 209,0 milh\u00f5es. Clique para saber mais.","robots":{"index":"index","follow":"follow","max-snippet":"max-snippet:-1","max-image-preview":"max-image-preview:large","max-video-preview":"max-video-preview:-1"},"canonical":"https:\/\/www.suno.com.br\/noticias\/m-dias-branco-mdia3-tem-resultado-fraco-com-estrategia-comercial-controversa\/","og_locale":"pt_BR","og_type":"article","og_title":"M. Dias Branco (MDIA3) tem resultado fraco com 'estrat\u00e9gia controversa'","og_description":"A M. Dias Branco (MDIA3) reportou uma queda no lucro l\u00edquido do 4\u00ba trimestre de 2020 de 21,1%, para R$ 209,0 milh\u00f5es. Clique para saber mais.","og_url":"https:\/\/www.suno.com.br\/noticias\/m-dias-branco-mdia3-tem-resultado-fraco-com-estrategia-comercial-controversa\/","og_site_name":"Suno Not\u00edcias","article_publisher":"https:\/\/facebook.com\/sunoresearch","og_image":[{"width":1280,"height":720,"url":"https:\/\/files.sunoresearch.com.br\/n\/uploads\/2021\/04\/ca82b015-m-dias-branco-aeea9e57-5d93-434b-a919-cb5bcecb9d8d.jpeg","type":"image\/jpeg"}],"author":"Arthur Guimar\u00e3es","twitter_card":"summary_large_image","twitter_creator":"@sunoresearch","twitter_site":"@sunoresearch","twitter_misc":{"Escrito por":"Arthur Guimar\u00e3es","Est. tempo de leitura":"2 minutos"},"schema":{"@context":"https:\/\/schema.org","@graph":[{"@type":"NewsArticle","@id":"https:\/\/www.suno.com.br\/noticias\/m-dias-branco-mdia3-tem-resultado-fraco-com-estrategia-comercial-controversa\/#article","isPartOf":{"@id":"https:\/\/www.suno.com.br\/noticias\/m-dias-branco-mdia3-tem-resultado-fraco-com-estrategia-comercial-controversa\/"},"author":{"name":"Arthur Guimar\u00e3es","@id":"https:\/\/www.suno.com.br\/noticias\/#\/schema\/person\/053a750a709a263919a20f976caae91c"},"headline":"M. Dias Branco (MDIA3) tem resultado fraco com &#8216;estrat\u00e9gia comercial controversa&#8217;","datePublished":"2021-04-01T19:53:19+00:00","dateModified":"2021-04-01T20:34:04+00:00","mainEntityOfPage":{"@id":"https:\/\/www.suno.com.br\/noticias\/m-dias-branco-mdia3-tem-resultado-fraco-com-estrategia-comercial-controversa\/"},"wordCount":406,"publisher":{"@id":"https:\/\/www.suno.com.br\/noticias\/#organization"},"image":{"@id":"https:\/\/www.suno.com.br\/noticias\/m-dias-branco-mdia3-tem-resultado-fraco-com-estrategia-comercial-controversa\/#primaryimage"},"thumbnailUrl":"https:\/\/files.sunoresearch.com.br\/n\/uploads\/2021\/04\/ca82b015-m-dias-branco-aeea9e57-5d93-434b-a919-cb5bcecb9d8d-jpeg.webp","keywords":["balan\u00e7os trimestrais","BTG Pactual (BPAC11\/BPAC3\/BPAC5)","Especialistas","M.Dias Branco (MDIA3)"],"articleSection":["Neg\u00f3cios"],"inLanguage":"pt-BR"},{"@type":"WebPage","@id":"https:\/\/www.suno.com.br\/noticias\/m-dias-branco-mdia3-tem-resultado-fraco-com-estrategia-comercial-controversa\/","url":"https:\/\/www.suno.com.br\/noticias\/m-dias-branco-mdia3-tem-resultado-fraco-com-estrategia-comercial-controversa\/","name":"M. Dias Branco (MDIA3) tem resultado fraco com 'estrat\u00e9gia controversa'","isPartOf":{"@id":"https:\/\/www.suno.com.br\/noticias\/#website"},"primaryImageOfPage":{"@id":"https:\/\/www.suno.com.br\/noticias\/m-dias-branco-mdia3-tem-resultado-fraco-com-estrategia-comercial-controversa\/#primaryimage"},"image":{"@id":"https:\/\/www.suno.com.br\/noticias\/m-dias-branco-mdia3-tem-resultado-fraco-com-estrategia-comercial-controversa\/#primaryimage"},"thumbnailUrl":"https:\/\/files.sunoresearch.com.br\/n\/uploads\/2021\/04\/ca82b015-m-dias-branco-aeea9e57-5d93-434b-a919-cb5bcecb9d8d-jpeg.webp","datePublished":"2021-04-01T19:53:19+00:00","dateModified":"2021-04-01T20:34:04+00:00","description":"A M. Dias Branco (MDIA3) reportou uma queda no lucro l\u00edquido do 4\u00ba trimestre de 2020 de 21,1%, para R$ 209,0 milh\u00f5es. Clique para saber mais.","breadcrumb":{"@id":"https:\/\/www.suno.com.br\/noticias\/m-dias-branco-mdia3-tem-resultado-fraco-com-estrategia-comercial-controversa\/#breadcrumb"},"inLanguage":"pt-BR","potentialAction":[{"@type":"ReadAction","target":["https:\/\/www.suno.com.br\/noticias\/m-dias-branco-mdia3-tem-resultado-fraco-com-estrategia-comercial-controversa\/"]}]},{"@type":"ImageObject","inLanguage":"pt-BR","@id":"https:\/\/www.suno.com.br\/noticias\/m-dias-branco-mdia3-tem-resultado-fraco-com-estrategia-comercial-controversa\/#primaryimage","url":"https:\/\/files.sunoresearch.com.br\/n\/uploads\/2021\/04\/ca82b015-m-dias-branco-aeea9e57-5d93-434b-a919-cb5bcecb9d8d-jpeg.webp","contentUrl":"https:\/\/files.sunoresearch.com.br\/n\/uploads\/2021\/04\/ca82b015-m-dias-branco-aeea9e57-5d93-434b-a919-cb5bcecb9d8d-jpeg.webp","width":1280,"height":720,"caption":"M. Dias Branco. Foto: Reprodu\u00e7\u00e3o Site"},{"@type":"BreadcrumbList","@id":"https:\/\/www.suno.com.br\/noticias\/m-dias-branco-mdia3-tem-resultado-fraco-com-estrategia-comercial-controversa\/#breadcrumb","itemListElement":[{"@type":"ListItem","position":1,"name":"Not\u00edcias","item":"https:\/\/www.suno.com.br\/noticias\/"},{"@type":"ListItem","position":2,"name":"Neg\u00f3cios","item":"https:\/\/www.suno.com.br\/noticias\/negocios\/"},{"@type":"ListItem","position":3,"name":"M. Dias Branco (MDIA3) tem resultado fraco com &#8216;estrat\u00e9gia comercial controversa&#8217;"}]},{"@type":"WebSite","@id":"https:\/\/www.suno.com.br\/noticias\/#website","url":"https:\/\/www.suno.com.br\/noticias\/","name":"Suno Not\u00edcias","description":"Seu portal de informa\u00e7\u00e3o sobre o mundo dos investimentos","publisher":{"@id":"https:\/\/www.suno.com.br\/noticias\/#organization"},"potentialAction":[{"@type":"SearchAction","target":{"@type":"EntryPoint","urlTemplate":"https:\/\/www.suno.com.br\/noticias\/?s={search_term_string}"},"query-input":{"@type":"PropertyValueSpecification","valueRequired":true,"valueName":"search_term_string"}}],"inLanguage":"pt-BR"},{"@type":"Organization","@id":"https:\/\/www.suno.com.br\/noticias\/#organization","name":"Suno Not\u00edcias","url":"https:\/\/www.suno.com.br\/noticias\/","logo":{"@type":"ImageObject","inLanguage":"pt-BR","@id":"https:\/\/www.suno.com.br\/noticias\/#\/schema\/logo\/image\/","url":"https:\/\/files.sunoresearch.com.br\/n\/uploads\/2021\/09\/suno-logo.png","contentUrl":"https:\/\/files.sunoresearch.com.br\/n\/uploads\/2021\/09\/suno-logo.png","width":180,"height":180,"caption":"Suno Not\u00edcias"},"image":{"@id":"https:\/\/www.suno.com.br\/noticias\/#\/schema\/logo\/image\/"},"sameAs":["https:\/\/facebook.com\/sunoresearch","https:\/\/x.com\/sunoresearch","https:\/\/www.instagram.com\/suno","https:\/\/www.linkedin.com\/company\/suno-research\/","https:\/\/www.youtube.com\/c\/sunoresearch"]},{"@type":"Person","@id":"https:\/\/www.suno.com.br\/noticias\/#\/schema\/person\/053a750a709a263919a20f976caae91c","name":"Arthur Guimar\u00e3es","image":{"@type":"ImageObject","inLanguage":"pt-BR","@id":"https:\/\/www.suno.com.br\/noticias\/#\/schema\/person\/image\/","url":"https:\/\/secure.gravatar.com\/avatar\/1affd86a11209ae09eb6dd3bcad3e96c?s=96&r=g","contentUrl":"https:\/\/secure.gravatar.com\/avatar\/1affd86a11209ae09eb6dd3bcad3e96c?s=96&r=g","caption":"Arthur Guimar\u00e3es"},"description":"Arthur Guimar\u00e3es escreve sobre pol\u00edtica, economia e neg\u00f3cios para o portal de not\u00edcias da Suno Research. Atualmente, \u00e9 estudante de jornalismo pela Faculdade C\u00e1sper L\u00edbero.","url":"https:\/\/www.suno.com.br\/noticias\/author\/arthur-guimaraes\/"}]}},"default_loop_html":"<div class=\"cardsPage__listCard__boxs\"><div class=\"cardsPage__listCard__boxs__img\"><a href=\"https:\/\/www.suno.com.br\/noticias\/m-dias-branco-mdia3-tem-resultado-fraco-com-estrategia-comercial-controversa\/\"><img class=\"mask\" src=\"https:\/\/www.suno.com.br\/noticias\/wp-content\/themes\/suno\/resources\/images\/spotlight\/spotlight1img\/bg-mask.png\" alt=\"Image Mask\"\/><img src=\"https:\/\/files.sunoresearch.com.br\/n\/uploads\/2021\/04\/ca82b015-m-dias-branco-aeea9e57-5d93-434b-a919-cb5bcecb9d8d-400x200.webp\" alt=\"M. Dias Branco (MDIA3) tem resultado fraco com &#8216;estrat\u00e9gia comercial controversa&#8217;\"\/><\/a><span class=\"spotlightCategory\"><a href=\"https:\/\/www.suno.com.br\/noticias\/negocios\/\">Neg\u00f3cios<\/a><\/span><\/div><div class=\"cardsPage__listCard__boxs__content\"><a href=\"https:\/\/www.suno.com.br\/noticias\/m-dias-branco-mdia3-tem-resultado-fraco-com-estrategia-comercial-controversa\/\"><h2 class=\"content__title\">M. Dias Branco (MDIA3) tem resultado fraco com &#8216;estrat\u00e9gia comercial controversa&#8217;<\/h2><\/a><div class=\"newsContent__article__meta\"><div class=\"newsContent__article__meta__authorBox\"><a href=\"https:\/\/www.suno.com.br\/noticias\/author\/arthur-guimaraes\/\" class=\"authorBox__avatar noMobi\"><img src=\"https:\/\/files.sunoresearch.com.br\/n\/uploads\/2020\/02\/dfb40897-eu-150x150.webp\" alt=\"Arthur Guimar\u00e3es\"><\/a><div class=\"authorBox__name\"><span>por\n\t\t\t<a href=\"https:\/\/www.suno.com.br\/noticias\/author\/arthur-guimaraes\/\"><span itemprop=\"author\">Arthur Guimar\u00e3es<\/span><\/a><\/span><time datetime=\"2021-04-01T16:53:19-03:00\" itemprop=\"datePublished\">01\/04\/2021 16:53<\/time><\/div><\/div><\/div><\/div><\/div>","single_layout":"posts","amp_enabled":true,"_links":{"self":[{"href":"https:\/\/www.suno.com.br\/noticias\/wp-json\/wp\/v2\/posts\/136547"}],"collection":[{"href":"https:\/\/www.suno.com.br\/noticias\/wp-json\/wp\/v2\/posts"}],"about":[{"href":"https:\/\/www.suno.com.br\/noticias\/wp-json\/wp\/v2\/types\/post"}],"author":[{"embeddable":true,"href":"https:\/\/www.suno.com.br\/noticias\/wp-json\/wp\/v2\/users\/35"}],"replies":[{"embeddable":true,"href":"https:\/\/www.suno.com.br\/noticias\/wp-json\/wp\/v2\/comments?post=136547"}],"version-history":[{"count":2,"href":"https:\/\/www.suno.com.br\/noticias\/wp-json\/wp\/v2\/posts\/136547\/revisions"}],"predecessor-version":[{"id":136573,"href":"https:\/\/www.suno.com.br\/noticias\/wp-json\/wp\/v2\/posts\/136547\/revisions\/136573"}],"wp:featuredmedia":[{"embeddable":true,"href":"https:\/\/www.suno.com.br\/noticias\/wp-json\/wp\/v2\/media\/136566"}],"wp:attachment":[{"href":"https:\/\/www.suno.com.br\/noticias\/wp-json\/wp\/v2\/media?parent=136547"}],"wp:term":[{"taxonomy":"category","embeddable":true,"href":"https:\/\/www.suno.com.br\/noticias\/wp-json\/wp\/v2\/categories?post=136547"},{"taxonomy":"post_tag","embeddable":true,"href":"https:\/\/www.suno.com.br\/noticias\/wp-json\/wp\/v2\/tags?post=136547"},{"taxonomy":"suno_strategy","embeddable":true,"href":"https:\/\/www.suno.com.br\/noticias\/wp-json\/wp\/v2\/suno_strategy?post=136547"}],"curies":[{"name":"wp","href":"https:\/\/api.w.org\/{rel}","templated":true}]}}