{"id":136497,"date":"2021-04-01T15:40:27","date_gmt":"2021-04-01T18:40:27","guid":{"rendered":"https:\/\/www.suno.com.br\/noticias\/?p=136497"},"modified":"2021-04-01T15:40:27","modified_gmt":"2021-04-01T18:40:27","slug":"ambev-abev3-bem-posicionada-nao-sente-falta-garrafas","status":"publish","type":"post","link":"https:\/\/www.suno.com.br\/noticias\/ambev-abev3-bem-posicionada-nao-sente-falta-garrafas\/","title":{"rendered":"Ao contr\u00e1rio de Heineken, Ambev (ABEV3) est\u00e1 bem posicionada e n\u00e3o sente falta de garrafas"},"content":{"rendered":"<p>O aumento no consumo de bebidas durante a epidemia de covid-19 no Brasil tem causado dores de cabe\u00e7a para as fabricantes devido \u00e0 escassez de garrafas de vidro no mercado. Segundo relat\u00f3rio do Credit Suisse, Heineken e Petr\u00f3polis est\u00e3o entre as mais afetadas, enquanto a <a href=\"https:\/\/www.suno.com.br\/acoes\/abev3\/\"><strong>Ambev<\/strong> (ABEV3)<\/a> &#8220;quase n\u00e3o foi impactada&#8221;.<\/p>\t<div class=\"wrapper-featured-image\">\n\t\t<figure class=\"spotlightImg\">\n\n\t\t\t<picture>\n\t\t\t\t<source media=\"(max-width: 768px)\" srcset=\"https:\/\/files.sunoresearch.com.br\/n\/uploads\/2021\/04\/76b27078-bottle-caps-1866945_1280-400x200.webp\">\n\t\t\t\t<img loading=\"lazy\" decoding=\"async\" class=\"newsContent__article__imgCapa lazyloadDisabled \" src=\"https:\/\/files.sunoresearch.com.br\/n\/uploads\/2021\/04\/76b27078-bottle-caps-1866945_1280-800x450.webp\" width=\"800\" height=\"450\" alt=\"Ao contr\u00e1rio de Heineken, Ambev (ABEV3) est\u00e1 bem posicionada e n\u00e3o sente falta de garrafas\" fetchpriority=high \/>\n\t\t\t<\/picture>\n\n\t\t\t<figcaption class=\"wp-caption-text wp-caption-text--show\">Setor de bebidas. Foto: Pixabay<\/figcaption>\n\t\t<\/figure>\n\t<\/div>\n\n\n\t<p>\n\t\t<a href=\"https:\/\/lp.suno.com.br\/planilha-controle-gastos\/\" target=\"_blank\" data-element=\"shortcode-suno-banner\" title=\"Banner SUNO, clique e saiba mais\">\n\t\t\t<picture>\n\t\t\t\t<source media=\"(max-width: 500px)\" srcset=\"https:\/\/files.sunoresearch.com.br\/n\/uploads\/2023\/03\/400x300-Planilha-controle-de-gastos.png\">\n\t\t\t\t<img class=\"newsContent__article__imgCapa newsContent__article__imgCapa--banner\"\n\t\t\t\t\tsrc=\"https:\/\/files.sunoresearch.com.br\/n\/uploads\/2023\/03\/1420x240-Planilha-controle-de-gastos.png\"\n\t\t\t\t\tdata-promo-id=\"101751\"\t\t\t\t\t\t\t\t\t\twidth='1420' height='240'\t\t\t\t\talt=\"https:\/\/files.sunoresearch.com.br\/n\/uploads\/2023\/03\/1420x240-Planilha-controle-de-gastos.png\"\n\t\t\t\t>\n\t\t\t<\/picture>\n\t\t<\/a>\n\t<\/p>\n\n\n<p>Em relat\u00f3rio desta semana, os analistas do <strong>Credit Suisse<\/strong> Marcella Recchia e Henrique Rocha expuseram o problema da falta de garrafas e o efeito da situa\u00e7\u00e3o para a Ambev.<strong><br \/>\n<\/strong><\/p>\n<p>De acordo com a an\u00e1lise do banco, as embalagens continuam sendo muito procuradas pela <strong>ind\u00fastria de cerveja<\/strong> no Pa\u00eds, devido ao crescimento do consumo dom\u00e9stico. As produtoras n\u00e3o foram capazes de &#8220;construir estoques de garrafas de vidro, o que levou as restri\u00e7\u00f5es de capacidade a continuar no in\u00edcio de 2021.&#8221;<\/p>\n<p><a href=\"https:\/\/lp.suno.com.br\/suno-one\/\">Suno One: acesse gratuitamente eBooks, Minicursos, Artigos e V\u00eddeo Aulas sobre investimentos com um \u00fanico cadastro. Clique para saber mais!<\/a><\/p>\n<p>A intensidade da crise, no entanto, deve ser mais reduzida por conta da de 6% a 7% na produ\u00e7\u00e3o nacional no final do ano passado.<\/p>\n<p>Mesmo assim, a situa\u00e7\u00e3o s\u00f3 deve se normalizar em 2023, quando se espera um novo incremento, de 8% a 10%, na produ\u00e7\u00e3o. &#8220;Em \u00faltima an\u00e1lise, as importa\u00e7\u00f5es t\u00eam sido uma solu\u00e7\u00e3o alternativa.&#8221;<\/p>\n<h2>Ambev n\u00e3o sente impacto. J\u00e1 Heineken&#8230;<\/h2>\n<p>A Ambev, fabricante l\u00edder no setor de bebidas brasileiro, &#8220;quase&#8221; n\u00e3o sofreu os impactos da escassez de imagens. Segundo o Credit Suisse, a nhia se beneficiou da &#8220;integra\u00e7\u00e3o vertical (aproximadamente 44% das necessidades de garrafas de vidro fornecidas internamente em 2020) e de contratos s\u00f3lidos com grandes fornecedores&#8221;.<\/p>\n\t<div data-element=\"shortcode-read-more\" class=\"knowMore\">\n\t\t\t\t<span class=\"knowMore__title\">Leia mais<\/span>\n\t\t\t\t<a class=\"knowMore__link\" href=\"https:\/\/www.suno.com.br\/noticias\/ambev-abev3-oxigenio-doar-producao-utis-sp\/\">\n\t\t\tAmbev (ABEV3) construir\u00e1 usina de oxig\u00eanio e doar\u00e1 produ\u00e7\u00e3o para UTIs de SP\t\t<\/a>\n\t<\/div>\n\n\n<p>Enquanto isso, as rivais <strong>Heineken<\/strong> e Petr\u00f3polis se mostraram as mais afetadas. A primeira administrou parcialmente o problema, observou o banco, importando de 25% a 30% dos produtos em 2020 a pre\u00e7os 40% acima dos dom\u00e9sticos.<\/p>\n<p>A <strong>Petr\u00f3polis<\/strong>, por sua vez, foi a mais impactada. A escassez levou a empresa a desviar a produ\u00e7\u00e3o para latas de alum\u00ednio.<\/p>\n\t<p>\n\t\t<a href=\"https:\/\/lp.suno.com.br\/planilha-da-vida-financeira\/\" target=\"_blank\" data-element=\"shortcode-suno-banner\" title=\"Banner SUNO, clique e saiba mais\">\n\t\t\t<picture>\n\t\t\t\t<source media=\"(max-width: 500px)\" srcset=\"https:\/\/files.sunoresearch.com.br\/n\/uploads\/2023\/04\/400x300-Planilha-vida-financeira-true.png\">\n\t\t\t\t<img class=\"newsContent__article__imgCapa newsContent__article__imgCapa--banner\"\n\t\t\t\t\tsrc=\"https:\/\/files.sunoresearch.com.br\/n\/uploads\/2023\/04\/1420x240-Planilha-vida-financeira-true.png\"\n\t\t\t\t\tdata-promo-id=\"106682\"\t\t\t\t\t\t\t\t\t\twidth='1420' height='240'\t\t\t\t\talt=\"https:\/\/files.sunoresearch.com.br\/n\/uploads\/2023\/04\/1420x240-Planilha-vida-financeira-true.png\"\n\t\t\t\t>\n\t\t\t<\/picture>\n\t\t<\/a>\n\t<\/p>\n\n\n<p>&#8220;Acreditamos que isso corrobora nossa avalia\u00e7\u00e3o de que a <strong>Ambev<\/strong> est\u00e1 melhor posicionada no setor para lidar com o ambiente restrito de fornecimento de embalagens. Dessa forma, a empresa deve continuar se beneficiando da integra\u00e7\u00e3o vertical com suas pr\u00f3prias f\u00e1bricas de latas de alum\u00ednio e garrafas de vidro&#8221;, completou o Credit Suisse.<\/p>\n\t<p>\n\t\t<a href=\"https:\/\/lp.suno.com.br\/planilha-de-controle-de-investimentos\/\" target=\"_blank\" data-element=\"shortcode-suno-banner\" title=\"Banner SUNO, clique e saiba mais\">\n\t\t\t<picture>\n\t\t\t\t<source media=\"(max-width: 500px)\" srcset=\"https:\/\/files.sunoresearch.com.br\/n\/uploads\/2023\/03\/400x300-Controle-de-Investimentos.png\">\n\t\t\t\t<img class=\"newsContent__article__imgCapa newsContent__article__imgCapa--banner\"\n\t\t\t\t\tsrc=\"https:\/\/files.sunoresearch.com.br\/n\/uploads\/2023\/03\/1420x240-Controle-de-Investimentos.png\"\n\t\t\t\t\tdata-promo-id=\"75934\"\t\t\t\t\t\t\t\t\t\twidth='1420' height='240'\t\t\t\t\talt=\"https:\/\/files.sunoresearch.com.br\/n\/uploads\/2023\/03\/1420x240-Controle-de-Investimentos.png\"\n\t\t\t\t>\n\t\t\t<\/picture>\n\t\t<\/a>\n\t<\/p>\n\n\n","protected":false},"excerpt":{"rendered":"<p>O aumento no consumo de bebidas durante a epidemia de covid-19 no Brasil tem causado dores de cabe\u00e7a para as fabricantes devido \u00e0 escassez de garrafas de vidro no mercado. Segundo relat\u00f3rio do Credit Suisse, Heineken e Petr\u00f3polis est\u00e3o entre as mais afetadas, enquanto a Ambev (ABEV3) &#8220;quase n\u00e3o foi impactada&#8221;. Setor de bebidas. Foto: [&hellip;]<\/p>\n","protected":false},"author":35,"featured_media":136529,"comment_status":"closed","ping_status":"closed","sticky":false,"template":"","format":"standard","meta":[],"categories":[64],"tags":[359,1788,105816,1778,106134],"suno_strategy":[],"class_list":["post-136497","post","type-post","status-publish","format-standard","has-post-thumbnail","hentry","category-negocios","tag-ambev-abev3","tag-credit-suisse-c1su34","tag-especialistas","tag-heineken","tag-petropolis"],"yoast_head":"<!-- This site is optimized with the Yoast SEO plugin v24.4 - https:\/\/yoast.com\/wordpress\/plugins\/seo\/ -->\n<title>Ambev (ABEV3) est\u00e1 bem posicionada e n\u00e3o sente falta de garrafas<\/title>\n<meta name=\"description\" content=\"Segundo Credit Suisse, Heineken est\u00e1 entre as mais afetadas pela falta de garrafas, enquanto a Ambev (ABEV3) &quot;quase n\u00e3o foi impactada&quot;.\" \/>\n<meta name=\"robots\" content=\"index, follow, max-snippet:-1, max-image-preview:large, max-video-preview:-1\" \/>\n<link rel=\"canonical\" href=\"https:\/\/www.suno.com.br\/noticias\/ambev-abev3-bem-posicionada-nao-sente-falta-garrafas\/\" \/>\n<meta property=\"og:locale\" content=\"pt_BR\" \/>\n<meta property=\"og:type\" content=\"article\" \/>\n<meta property=\"og:title\" content=\"Ambev (ABEV3) est\u00e1 bem posicionada e n\u00e3o sente falta de garrafas\" \/>\n<meta property=\"og:description\" content=\"Segundo Credit Suisse, Heineken est\u00e1 entre as mais afetadas pela falta de garrafas, enquanto a Ambev (ABEV3) &quot;quase n\u00e3o foi impactada&quot;.\" \/>\n<meta property=\"og:url\" content=\"https:\/\/www.suno.com.br\/noticias\/ambev-abev3-bem-posicionada-nao-sente-falta-garrafas\/\" \/>\n<meta property=\"og:site_name\" content=\"Suno Not\u00edcias\" \/>\n<meta property=\"article:publisher\" content=\"https:\/\/facebook.com\/sunoresearch\" \/>\n<meta property=\"og:image\" content=\"https:\/\/files.sunoresearch.com.br\/n\/uploads\/2021\/04\/76b27078-bottle-caps-1866945_1280.jpg\" \/>\n\t<meta property=\"og:image:width\" content=\"1280\" \/>\n\t<meta property=\"og:image:height\" content=\"853\" \/>\n\t<meta property=\"og:image:type\" content=\"image\/jpeg\" \/>\n<meta name=\"author\" content=\"Arthur Guimar\u00e3es\" \/>\n<meta name=\"twitter:card\" content=\"summary_large_image\" \/>\n<meta name=\"twitter:creator\" content=\"@sunoresearch\" \/>\n<meta name=\"twitter:site\" content=\"@sunoresearch\" \/>\n<meta name=\"twitter:label1\" content=\"Escrito por\" \/>\n\t<meta name=\"twitter:data1\" content=\"Arthur Guimar\u00e3es\" \/>\n\t<meta name=\"twitter:label2\" content=\"Est. tempo de leitura\" \/>\n\t<meta name=\"twitter:data2\" content=\"2 minutos\" \/>\n<script type=\"application\/ld+json\" class=\"yoast-schema-graph\">{\"@context\":\"https:\/\/schema.org\",\"@graph\":[{\"@type\":\"NewsArticle\",\"@id\":\"https:\/\/www.suno.com.br\/noticias\/ambev-abev3-bem-posicionada-nao-sente-falta-garrafas\/#article\",\"isPartOf\":{\"@id\":\"https:\/\/www.suno.com.br\/noticias\/ambev-abev3-bem-posicionada-nao-sente-falta-garrafas\/\"},\"author\":{\"name\":\"Arthur Guimar\u00e3es\",\"@id\":\"https:\/\/www.suno.com.br\/noticias\/#\/schema\/person\/053a750a709a263919a20f976caae91c\"},\"headline\":\"Ao contr\u00e1rio de Heineken, Ambev (ABEV3) est\u00e1 bem posicionada e n\u00e3o sente falta de garrafas\",\"datePublished\":\"2021-04-01T18:40:27+00:00\",\"mainEntityOfPage\":{\"@id\":\"https:\/\/www.suno.com.br\/noticias\/ambev-abev3-bem-posicionada-nao-sente-falta-garrafas\/\"},\"wordCount\":429,\"publisher\":{\"@id\":\"https:\/\/www.suno.com.br\/noticias\/#organization\"},\"image\":{\"@id\":\"https:\/\/www.suno.com.br\/noticias\/ambev-abev3-bem-posicionada-nao-sente-falta-garrafas\/#primaryimage\"},\"thumbnailUrl\":\"https:\/\/files.sunoresearch.com.br\/n\/uploads\/2021\/04\/76b27078-bottle-caps-1866945_1280-jpg.webp\",\"keywords\":[\"AMBEV (ABEV3)\",\"Credit Suisse (C1SU34)\",\"Especialistas\",\"Heineken\",\"Petr\u00f3polis\"],\"articleSection\":[\"Neg\u00f3cios\"],\"inLanguage\":\"pt-BR\"},{\"@type\":\"WebPage\",\"@id\":\"https:\/\/www.suno.com.br\/noticias\/ambev-abev3-bem-posicionada-nao-sente-falta-garrafas\/\",\"url\":\"https:\/\/www.suno.com.br\/noticias\/ambev-abev3-bem-posicionada-nao-sente-falta-garrafas\/\",\"name\":\"Ambev (ABEV3) est\u00e1 bem posicionada e n\u00e3o sente falta de garrafas\",\"isPartOf\":{\"@id\":\"https:\/\/www.suno.com.br\/noticias\/#website\"},\"primaryImageOfPage\":{\"@id\":\"https:\/\/www.suno.com.br\/noticias\/ambev-abev3-bem-posicionada-nao-sente-falta-garrafas\/#primaryimage\"},\"image\":{\"@id\":\"https:\/\/www.suno.com.br\/noticias\/ambev-abev3-bem-posicionada-nao-sente-falta-garrafas\/#primaryimage\"},\"thumbnailUrl\":\"https:\/\/files.sunoresearch.com.br\/n\/uploads\/2021\/04\/76b27078-bottle-caps-1866945_1280-jpg.webp\",\"datePublished\":\"2021-04-01T18:40:27+00:00\",\"description\":\"Segundo Credit Suisse, Heineken est\u00e1 entre as mais afetadas pela falta de garrafas, enquanto a Ambev (ABEV3) \\\"quase n\u00e3o foi impactada\\\".\",\"breadcrumb\":{\"@id\":\"https:\/\/www.suno.com.br\/noticias\/ambev-abev3-bem-posicionada-nao-sente-falta-garrafas\/#breadcrumb\"},\"inLanguage\":\"pt-BR\",\"potentialAction\":[{\"@type\":\"ReadAction\",\"target\":[\"https:\/\/www.suno.com.br\/noticias\/ambev-abev3-bem-posicionada-nao-sente-falta-garrafas\/\"]}]},{\"@type\":\"ImageObject\",\"inLanguage\":\"pt-BR\",\"@id\":\"https:\/\/www.suno.com.br\/noticias\/ambev-abev3-bem-posicionada-nao-sente-falta-garrafas\/#primaryimage\",\"url\":\"https:\/\/files.sunoresearch.com.br\/n\/uploads\/2021\/04\/76b27078-bottle-caps-1866945_1280-jpg.webp\",\"contentUrl\":\"https:\/\/files.sunoresearch.com.br\/n\/uploads\/2021\/04\/76b27078-bottle-caps-1866945_1280-jpg.webp\",\"width\":1280,\"height\":853,\"caption\":\"Setor de bebidas. Foto: Pixabay\"},{\"@type\":\"BreadcrumbList\",\"@id\":\"https:\/\/www.suno.com.br\/noticias\/ambev-abev3-bem-posicionada-nao-sente-falta-garrafas\/#breadcrumb\",\"itemListElement\":[{\"@type\":\"ListItem\",\"position\":1,\"name\":\"Not\u00edcias\",\"item\":\"https:\/\/www.suno.com.br\/noticias\/\"},{\"@type\":\"ListItem\",\"position\":2,\"name\":\"Neg\u00f3cios\",\"item\":\"https:\/\/www.suno.com.br\/noticias\/negocios\/\"},{\"@type\":\"ListItem\",\"position\":3,\"name\":\"Ao contr\u00e1rio de Heineken, Ambev (ABEV3) est\u00e1 bem posicionada e n\u00e3o sente falta de garrafas\"}]},{\"@type\":\"WebSite\",\"@id\":\"https:\/\/www.suno.com.br\/noticias\/#website\",\"url\":\"https:\/\/www.suno.com.br\/noticias\/\",\"name\":\"Suno Not\u00edcias\",\"description\":\"Seu portal de informa\u00e7\u00e3o sobre o mundo dos investimentos\",\"publisher\":{\"@id\":\"https:\/\/www.suno.com.br\/noticias\/#organization\"},\"potentialAction\":[{\"@type\":\"SearchAction\",\"target\":{\"@type\":\"EntryPoint\",\"urlTemplate\":\"https:\/\/www.suno.com.br\/noticias\/?s={search_term_string}\"},\"query-input\":{\"@type\":\"PropertyValueSpecification\",\"valueRequired\":true,\"valueName\":\"search_term_string\"}}],\"inLanguage\":\"pt-BR\"},{\"@type\":\"Organization\",\"@id\":\"https:\/\/www.suno.com.br\/noticias\/#organization\",\"name\":\"Suno Not\u00edcias\",\"url\":\"https:\/\/www.suno.com.br\/noticias\/\",\"logo\":{\"@type\":\"ImageObject\",\"inLanguage\":\"pt-BR\",\"@id\":\"https:\/\/www.suno.com.br\/noticias\/#\/schema\/logo\/image\/\",\"url\":\"https:\/\/files.sunoresearch.com.br\/n\/uploads\/2021\/09\/suno-logo.png\",\"contentUrl\":\"https:\/\/files.sunoresearch.com.br\/n\/uploads\/2021\/09\/suno-logo.png\",\"width\":180,\"height\":180,\"caption\":\"Suno Not\u00edcias\"},\"image\":{\"@id\":\"https:\/\/www.suno.com.br\/noticias\/#\/schema\/logo\/image\/\"},\"sameAs\":[\"https:\/\/facebook.com\/sunoresearch\",\"https:\/\/x.com\/sunoresearch\",\"https:\/\/www.instagram.com\/suno\",\"https:\/\/www.linkedin.com\/company\/suno-research\/\",\"https:\/\/www.youtube.com\/c\/sunoresearch\"]},{\"@type\":\"Person\",\"@id\":\"https:\/\/www.suno.com.br\/noticias\/#\/schema\/person\/053a750a709a263919a20f976caae91c\",\"name\":\"Arthur Guimar\u00e3es\",\"image\":{\"@type\":\"ImageObject\",\"inLanguage\":\"pt-BR\",\"@id\":\"https:\/\/www.suno.com.br\/noticias\/#\/schema\/person\/image\/\",\"url\":\"https:\/\/secure.gravatar.com\/avatar\/1affd86a11209ae09eb6dd3bcad3e96c?s=96&r=g\",\"contentUrl\":\"https:\/\/secure.gravatar.com\/avatar\/1affd86a11209ae09eb6dd3bcad3e96c?s=96&r=g\",\"caption\":\"Arthur Guimar\u00e3es\"},\"description\":\"Arthur Guimar\u00e3es escreve sobre pol\u00edtica, economia e neg\u00f3cios para o portal de not\u00edcias da Suno Research. Atualmente, \u00e9 estudante de jornalismo pela Faculdade C\u00e1sper L\u00edbero.\",\"url\":\"https:\/\/www.suno.com.br\/noticias\/author\/arthur-guimaraes\/\"}]}<\/script>\n<!-- \/ Yoast SEO plugin. -->","yoast_head_json":{"title":"Ambev (ABEV3) est\u00e1 bem posicionada e n\u00e3o sente falta de garrafas","description":"Segundo Credit Suisse, Heineken est\u00e1 entre as mais afetadas pela falta de garrafas, enquanto a Ambev (ABEV3) \"quase n\u00e3o foi impactada\".","robots":{"index":"index","follow":"follow","max-snippet":"max-snippet:-1","max-image-preview":"max-image-preview:large","max-video-preview":"max-video-preview:-1"},"canonical":"https:\/\/www.suno.com.br\/noticias\/ambev-abev3-bem-posicionada-nao-sente-falta-garrafas\/","og_locale":"pt_BR","og_type":"article","og_title":"Ambev (ABEV3) est\u00e1 bem posicionada e n\u00e3o sente falta de garrafas","og_description":"Segundo Credit Suisse, Heineken est\u00e1 entre as mais afetadas pela falta de garrafas, enquanto a Ambev (ABEV3) \"quase n\u00e3o foi impactada\".","og_url":"https:\/\/www.suno.com.br\/noticias\/ambev-abev3-bem-posicionada-nao-sente-falta-garrafas\/","og_site_name":"Suno Not\u00edcias","article_publisher":"https:\/\/facebook.com\/sunoresearch","og_image":[{"width":1280,"height":853,"url":"https:\/\/files.sunoresearch.com.br\/n\/uploads\/2021\/04\/76b27078-bottle-caps-1866945_1280.jpg","type":"image\/jpeg"}],"author":"Arthur Guimar\u00e3es","twitter_card":"summary_large_image","twitter_creator":"@sunoresearch","twitter_site":"@sunoresearch","twitter_misc":{"Escrito por":"Arthur Guimar\u00e3es","Est. tempo de leitura":"2 minutos"},"schema":{"@context":"https:\/\/schema.org","@graph":[{"@type":"NewsArticle","@id":"https:\/\/www.suno.com.br\/noticias\/ambev-abev3-bem-posicionada-nao-sente-falta-garrafas\/#article","isPartOf":{"@id":"https:\/\/www.suno.com.br\/noticias\/ambev-abev3-bem-posicionada-nao-sente-falta-garrafas\/"},"author":{"name":"Arthur Guimar\u00e3es","@id":"https:\/\/www.suno.com.br\/noticias\/#\/schema\/person\/053a750a709a263919a20f976caae91c"},"headline":"Ao contr\u00e1rio de Heineken, Ambev (ABEV3) est\u00e1 bem posicionada e n\u00e3o sente falta de garrafas","datePublished":"2021-04-01T18:40:27+00:00","mainEntityOfPage":{"@id":"https:\/\/www.suno.com.br\/noticias\/ambev-abev3-bem-posicionada-nao-sente-falta-garrafas\/"},"wordCount":429,"publisher":{"@id":"https:\/\/www.suno.com.br\/noticias\/#organization"},"image":{"@id":"https:\/\/www.suno.com.br\/noticias\/ambev-abev3-bem-posicionada-nao-sente-falta-garrafas\/#primaryimage"},"thumbnailUrl":"https:\/\/files.sunoresearch.com.br\/n\/uploads\/2021\/04\/76b27078-bottle-caps-1866945_1280-jpg.webp","keywords":["AMBEV (ABEV3)","Credit Suisse (C1SU34)","Especialistas","Heineken","Petr\u00f3polis"],"articleSection":["Neg\u00f3cios"],"inLanguage":"pt-BR"},{"@type":"WebPage","@id":"https:\/\/www.suno.com.br\/noticias\/ambev-abev3-bem-posicionada-nao-sente-falta-garrafas\/","url":"https:\/\/www.suno.com.br\/noticias\/ambev-abev3-bem-posicionada-nao-sente-falta-garrafas\/","name":"Ambev (ABEV3) est\u00e1 bem posicionada e n\u00e3o sente falta de garrafas","isPartOf":{"@id":"https:\/\/www.suno.com.br\/noticias\/#website"},"primaryImageOfPage":{"@id":"https:\/\/www.suno.com.br\/noticias\/ambev-abev3-bem-posicionada-nao-sente-falta-garrafas\/#primaryimage"},"image":{"@id":"https:\/\/www.suno.com.br\/noticias\/ambev-abev3-bem-posicionada-nao-sente-falta-garrafas\/#primaryimage"},"thumbnailUrl":"https:\/\/files.sunoresearch.com.br\/n\/uploads\/2021\/04\/76b27078-bottle-caps-1866945_1280-jpg.webp","datePublished":"2021-04-01T18:40:27+00:00","description":"Segundo Credit Suisse, Heineken est\u00e1 entre as mais afetadas pela falta de garrafas, enquanto a Ambev (ABEV3) \"quase n\u00e3o foi impactada\".","breadcrumb":{"@id":"https:\/\/www.suno.com.br\/noticias\/ambev-abev3-bem-posicionada-nao-sente-falta-garrafas\/#breadcrumb"},"inLanguage":"pt-BR","potentialAction":[{"@type":"ReadAction","target":["https:\/\/www.suno.com.br\/noticias\/ambev-abev3-bem-posicionada-nao-sente-falta-garrafas\/"]}]},{"@type":"ImageObject","inLanguage":"pt-BR","@id":"https:\/\/www.suno.com.br\/noticias\/ambev-abev3-bem-posicionada-nao-sente-falta-garrafas\/#primaryimage","url":"https:\/\/files.sunoresearch.com.br\/n\/uploads\/2021\/04\/76b27078-bottle-caps-1866945_1280-jpg.webp","contentUrl":"https:\/\/files.sunoresearch.com.br\/n\/uploads\/2021\/04\/76b27078-bottle-caps-1866945_1280-jpg.webp","width":1280,"height":853,"caption":"Setor de bebidas. Foto: Pixabay"},{"@type":"BreadcrumbList","@id":"https:\/\/www.suno.com.br\/noticias\/ambev-abev3-bem-posicionada-nao-sente-falta-garrafas\/#breadcrumb","itemListElement":[{"@type":"ListItem","position":1,"name":"Not\u00edcias","item":"https:\/\/www.suno.com.br\/noticias\/"},{"@type":"ListItem","position":2,"name":"Neg\u00f3cios","item":"https:\/\/www.suno.com.br\/noticias\/negocios\/"},{"@type":"ListItem","position":3,"name":"Ao contr\u00e1rio de Heineken, Ambev (ABEV3) est\u00e1 bem posicionada e n\u00e3o sente falta de garrafas"}]},{"@type":"WebSite","@id":"https:\/\/www.suno.com.br\/noticias\/#website","url":"https:\/\/www.suno.com.br\/noticias\/","name":"Suno Not\u00edcias","description":"Seu portal de informa\u00e7\u00e3o sobre o mundo dos investimentos","publisher":{"@id":"https:\/\/www.suno.com.br\/noticias\/#organization"},"potentialAction":[{"@type":"SearchAction","target":{"@type":"EntryPoint","urlTemplate":"https:\/\/www.suno.com.br\/noticias\/?s={search_term_string}"},"query-input":{"@type":"PropertyValueSpecification","valueRequired":true,"valueName":"search_term_string"}}],"inLanguage":"pt-BR"},{"@type":"Organization","@id":"https:\/\/www.suno.com.br\/noticias\/#organization","name":"Suno Not\u00edcias","url":"https:\/\/www.suno.com.br\/noticias\/","logo":{"@type":"ImageObject","inLanguage":"pt-BR","@id":"https:\/\/www.suno.com.br\/noticias\/#\/schema\/logo\/image\/","url":"https:\/\/files.sunoresearch.com.br\/n\/uploads\/2021\/09\/suno-logo.png","contentUrl":"https:\/\/files.sunoresearch.com.br\/n\/uploads\/2021\/09\/suno-logo.png","width":180,"height":180,"caption":"Suno Not\u00edcias"},"image":{"@id":"https:\/\/www.suno.com.br\/noticias\/#\/schema\/logo\/image\/"},"sameAs":["https:\/\/facebook.com\/sunoresearch","https:\/\/x.com\/sunoresearch","https:\/\/www.instagram.com\/suno","https:\/\/www.linkedin.com\/company\/suno-research\/","https:\/\/www.youtube.com\/c\/sunoresearch"]},{"@type":"Person","@id":"https:\/\/www.suno.com.br\/noticias\/#\/schema\/person\/053a750a709a263919a20f976caae91c","name":"Arthur Guimar\u00e3es","image":{"@type":"ImageObject","inLanguage":"pt-BR","@id":"https:\/\/www.suno.com.br\/noticias\/#\/schema\/person\/image\/","url":"https:\/\/secure.gravatar.com\/avatar\/1affd86a11209ae09eb6dd3bcad3e96c?s=96&r=g","contentUrl":"https:\/\/secure.gravatar.com\/avatar\/1affd86a11209ae09eb6dd3bcad3e96c?s=96&r=g","caption":"Arthur Guimar\u00e3es"},"description":"Arthur Guimar\u00e3es escreve sobre pol\u00edtica, economia e neg\u00f3cios para o portal de not\u00edcias da Suno Research. Atualmente, \u00e9 estudante de jornalismo pela Faculdade C\u00e1sper L\u00edbero.","url":"https:\/\/www.suno.com.br\/noticias\/author\/arthur-guimaraes\/"}]}},"default_loop_html":"<div class=\"cardsPage__listCard__boxs\"><div class=\"cardsPage__listCard__boxs__img\"><a href=\"https:\/\/www.suno.com.br\/noticias\/ambev-abev3-bem-posicionada-nao-sente-falta-garrafas\/\"><img class=\"mask\" src=\"https:\/\/www.suno.com.br\/noticias\/wp-content\/themes\/suno\/resources\/images\/spotlight\/spotlight1img\/bg-mask.png\" alt=\"Image Mask\"\/><img src=\"https:\/\/files.sunoresearch.com.br\/n\/uploads\/2021\/04\/76b27078-bottle-caps-1866945_1280-400x200.webp\" alt=\"Ao contr\u00e1rio de Heineken, Ambev (ABEV3) est\u00e1 bem posicionada e n\u00e3o sente falta de garrafas\"\/><\/a><span class=\"spotlightCategory\"><a href=\"https:\/\/www.suno.com.br\/noticias\/negocios\/\">Neg\u00f3cios<\/a><\/span><\/div><div class=\"cardsPage__listCard__boxs__content\"><a href=\"https:\/\/www.suno.com.br\/noticias\/ambev-abev3-bem-posicionada-nao-sente-falta-garrafas\/\"><h2 class=\"content__title\">Ao contr\u00e1rio de Heineken, Ambev (ABEV3) est\u00e1 bem posicionada e n\u00e3o sente falta de garrafas<\/h2><\/a><div class=\"newsContent__article__meta\"><div class=\"newsContent__article__meta__authorBox\"><a href=\"https:\/\/www.suno.com.br\/noticias\/author\/arthur-guimaraes\/\" class=\"authorBox__avatar noMobi\"><img src=\"https:\/\/files.sunoresearch.com.br\/n\/uploads\/2020\/02\/dfb40897-eu-150x150.webp\" alt=\"Arthur Guimar\u00e3es\"><\/a><div class=\"authorBox__name\"><span>por\n\t\t\t<a href=\"https:\/\/www.suno.com.br\/noticias\/author\/arthur-guimaraes\/\"><span itemprop=\"author\">Arthur Guimar\u00e3es<\/span><\/a><\/span><time datetime=\"2021-04-01T15:40:27-03:00\" itemprop=\"datePublished\">01\/04\/2021 15:40<\/time><\/div><\/div><\/div><\/div><\/div>","single_layout":"posts","amp_enabled":true,"_links":{"self":[{"href":"https:\/\/www.suno.com.br\/noticias\/wp-json\/wp\/v2\/posts\/136497"}],"collection":[{"href":"https:\/\/www.suno.com.br\/noticias\/wp-json\/wp\/v2\/posts"}],"about":[{"href":"https:\/\/www.suno.com.br\/noticias\/wp-json\/wp\/v2\/types\/post"}],"author":[{"embeddable":true,"href":"https:\/\/www.suno.com.br\/noticias\/wp-json\/wp\/v2\/users\/35"}],"replies":[{"embeddable":true,"href":"https:\/\/www.suno.com.br\/noticias\/wp-json\/wp\/v2\/comments?post=136497"}],"version-history":[{"count":1,"href":"https:\/\/www.suno.com.br\/noticias\/wp-json\/wp\/v2\/posts\/136497\/revisions"}],"predecessor-version":[{"id":136530,"href":"https:\/\/www.suno.com.br\/noticias\/wp-json\/wp\/v2\/posts\/136497\/revisions\/136530"}],"wp:featuredmedia":[{"embeddable":true,"href":"https:\/\/www.suno.com.br\/noticias\/wp-json\/wp\/v2\/media\/136529"}],"wp:attachment":[{"href":"https:\/\/www.suno.com.br\/noticias\/wp-json\/wp\/v2\/media?parent=136497"}],"wp:term":[{"taxonomy":"category","embeddable":true,"href":"https:\/\/www.suno.com.br\/noticias\/wp-json\/wp\/v2\/categories?post=136497"},{"taxonomy":"post_tag","embeddable":true,"href":"https:\/\/www.suno.com.br\/noticias\/wp-json\/wp\/v2\/tags?post=136497"},{"taxonomy":"suno_strategy","embeddable":true,"href":"https:\/\/www.suno.com.br\/noticias\/wp-json\/wp\/v2\/suno_strategy?post=136497"}],"curies":[{"name":"wp","href":"https:\/\/api.w.org\/{rel}","templated":true}]}}